{"id":3504,"date":"2022-12-05T11:30:00","date_gmt":"2022-12-05T10:30:00","guid":{"rendered":"https:\/\/pans.krosno.pl\/fundusze-zewnetrzne\/?p=3504"},"modified":"2022-12-09T11:44:20","modified_gmt":"2022-12-09T10:44:20","slug":"ogloszenie-o-naborze-do-w-szkoleniu-dla-nauczycieli-wychowania-fizycznego-dot-podnoszenia-kompetencji-dydaktycznych-w-zakresie-zimowych-dyscyplin-sportowych-dla-osob-z-niepelnosprawnoscia","status":"publish","type":"post","link":"https:\/\/pans.krosno.pl\/fundusze-zewnetrzne\/ogloszenie-o-naborze-do-w-szkoleniu-dla-nauczycieli-wychowania-fizycznego-dot-podnoszenia-kompetencji-dydaktycznych-w-zakresie-zimowych-dyscyplin-sportowych-dla-osob-z-niepelnosprawnoscia\/","title":{"rendered":"Og\u0142oszenie o naborze do w szkoleniu dla nauczycieli wychowania fizycznego dot. podnoszenia kompetencji dydaktycznych w zakresie zimowych dyscyplin sportowych dla os\u00f3b z niepe\u0142nosprawno\u015bci\u0105"},"content":{"rendered":"\n<p>Karpacka Pa\u0144stwowa Uczelnia w Kro\u015bnie w zwi\u0105zku realizacj\u0105 projektu pn. \u201eUczelnia bez barier \u2013 w kierunku edukacji w\u0142\u0105czaj\u0105cej\u201d nr POWR.03.05.00-00-A079\/20, wsp\u00f3\u0142finansowanego ze \u015brodk\u00f3w Unii Europejskiej w ramach Europejskiego Funduszu Spo\u0142ecznego og\u0142asza nab\u00f3r do udzia\u0142u w szkoleniu dla nauczycieli wychowania fizycznego dot. podnoszenia kompetencji dydaktycznych w zakresie zimowych dyscyplin sportowych dla os\u00f3b z niepe\u0142nosprawno\u015bci\u0105<\/p>\n\n\n\n<p>Liczba miejsc: 6<\/p>\n\n\n\n<p>Termin szkolenia: 16-18.12.2022 r.<\/p>\n\n\n\n<p>Miejsce szkolenia: Pensjonat Dziubas Bia\u0142ka Tatrza\u0144ska (ul. \u015arodkowa 224, 34-405 Bia\u0142ka Tatrza\u0144ska)<\/p>\n\n\n\n<p>Tematyka: zagadnienia dotycz\u0105ce specyficznych potrzeb student\u00f3w\/ek z niepe\u0142nosprawno\u015bciami w zakresie zaj\u0119\u0107 wychowania fizycznego w dyscyplinach zimowych. Po zako\u0144czeniu szkolenia uczestnicy\/-czki nab\u0119d\u0105 kompetencje w zakresie umiej\u0119tno\u015bci dostosowania zaj\u0119\u0107 wychowania fizycznego w dyscyplinach zimowych do potrzeb student\u00f3w\/-ek z niepe\u0142nosprawno\u015bciami, a tak\u017ce umiej\u0119tno\u015bci praktycznego wykorzystania metod komunikacji oraz egzekwowania nabytych przez student\u00f3w\/tki umiej\u0119tno\u015bci.<\/p>\n\n\n\n<p>Uzupe\u0142nione i podpisane dokumenty \u2013 wg wzor\u00f3w stanowi\u0105cych za\u0142\u0105czniki do Regulaminu rekrutacji<br>i uczestnictwa w projekcie \u201eUczelnia bez barier \u2013 w kierunku edukacji w\u0142\u0105czaj\u0105cej\u201d, wprowadzonego Zarz\u0105dzeniem Nr 26\/21 Rektora Karpackiej Pa\u0144stwowej Uczelni w Kro\u015bnie z dnia 14 czerwca 2021 r.:<\/p>\n\n\n\n<ol class=\"wp-block-list\" type=\"1\"><li>o\u015bwiadczenie Uczestnika projektu,<\/li><li>deklaracja Uczestnika projektu,<\/li><li>karta zg\u0142oszenia uczestnictwa we wsparciu.<\/li><\/ol>\n\n\n\n<p>nale\u017cy sk\u0142ada\u0107 w Biurze Projektu \u2013 Karpacka Pa\u0144stwowa Uczelnia w Kro\u015bnie, 38-400 Krosno, Rynek 1 \u2013 rektorat, pok\u00f3j nr 11 do 9 grudnia 2022 r. do godz. 14.00.<\/p>\n\n\n\n<p><strong>UCZESTNICY PROJEKTU SK\u0141ADAJ\u0104 WY\u0141\u0104CZNIE KART\u0118 ZG\u0141OSZENIA UCZESTNICTWA WE WSPARCIU.<\/strong><\/p>\n\n\n\n<p>O udziale we wsparciu zdecyduj\u0105 wzgl\u0119dy formalne tj. z\u0142o\u017cenie kompletnych dokument\u00f3w w podanym terminie, a w przypadku wi\u0119kszej ilo\u015bci Kandydat\u00f3w ni\u017c miejsc \u2013 kolejno\u015b\u0107 zg\u0142osze\u0144.<\/p>\n\n\n\n<p>Decyzj\u0119 o zakwalifikowaniu uczestnika\/-czki podejmie Komisja rekrutacyjna.<\/p>\n\n\n\n<p>W przypadku pyta\u0144 lub w\u0105tpliwo\u015bci prosz\u0119 o kontakt z Biurem Projektu:<\/p>\n\n\n\n<p>mgr Izabela Steliga-Lepucka, e-mail: izabela.steliga@pans.krosno.pl, tel. 13 43\u00a0755 17.<\/p>\n\n\n\n<p><\/p>\n\n\n\n<div class=\"wp-block-file\"><a id=\"wp-block-file--media-3beff6b6-e082-4bae-b4cc-908cf9c8d41d\" href=\"https:\/\/pans.krosno.pl\/fundusze-zewnetrzne\/wp-content\/uploads\/sites\/14\/2022\/12\/ogloszenie_szkolenie-WF-zimowy.pdf\">ogloszenie_szkolenie-WF-zimowy<\/a><a href=\"https:\/\/pans.krosno.pl\/fundusze-zewnetrzne\/wp-content\/uploads\/sites\/14\/2022\/12\/ogloszenie_szkolenie-WF-zimowy.pdf\" class=\"wp-block-file__button\" download aria-describedby=\"wp-block-file--media-3beff6b6-e082-4bae-b4cc-908cf9c8d41d\">Pobierz<\/a><\/div>\n\n\n\n<div class=\"wp-block-file\"><a id=\"wp-block-file--media-36a82d6e-0bee-4566-80e8-379be6df1c34\" href=\"https:\/\/pans.krosno.pl\/fundusze-zewnetrzne\/wp-content\/uploads\/sites\/14\/2022\/12\/zal.-1-oswiadczenie-uczestnika-szkolenie-WF-19.10.2021.docx\">zal.-1-oswiadczenie-uczestnika-szkolenie-WF-19.10.2021<\/a><a href=\"https:\/\/pans.krosno.pl\/fundusze-zewnetrzne\/wp-content\/uploads\/sites\/14\/2022\/12\/zal.-1-oswiadczenie-uczestnika-szkolenie-WF-19.10.2021.docx\" class=\"wp-block-file__button\" download aria-describedby=\"wp-block-file--media-36a82d6e-0bee-4566-80e8-379be6df1c34\">Pobierz<\/a><\/div>\n\n\n\n<div class=\"wp-block-file\"><a id=\"wp-block-file--media-462020f7-833e-4f86-91e6-151a140999c9\" href=\"https:\/\/pans.krosno.pl\/fundusze-zewnetrzne\/wp-content\/uploads\/sites\/14\/2022\/12\/zal.-2-deklaracja-uczestnika-1.docx\">zal.-2-deklaracja-uczestnika-1<\/a><a href=\"https:\/\/pans.krosno.pl\/fundusze-zewnetrzne\/wp-content\/uploads\/sites\/14\/2022\/12\/zal.-2-deklaracja-uczestnika-1.docx\" class=\"wp-block-file__button\" download aria-describedby=\"wp-block-file--media-462020f7-833e-4f86-91e6-151a140999c9\">Pobierz<\/a><\/div>\n\n\n\n<div class=\"wp-block-file\"><a id=\"wp-block-file--media-af628a19-046d-4937-898a-15ded6bdbe54\" href=\"https:\/\/pans.krosno.pl\/fundusze-zewnetrzne\/wp-content\/uploads\/sites\/14\/2022\/12\/zal.3-Karta_zgloszenia-szkolenie-WF-15.12.2022.docx\">zal.3-Karta_zgloszenia-szkolenie-WF-15.12.2022<\/a><a href=\"https:\/\/pans.krosno.pl\/fundusze-zewnetrzne\/wp-content\/uploads\/sites\/14\/2022\/12\/zal.3-Karta_zgloszenia-szkolenie-WF-15.12.2022.docx\" class=\"wp-block-file__button\" download aria-describedby=\"wp-block-file--media-af628a19-046d-4937-898a-15ded6bdbe54\">Pobierz<\/a><\/div>\n","protected":false},"excerpt":{"rendered":"<p>Karpacka Pa\u0144stwowa Uczelnia w Kro\u015bnie w zwi\u0105zku realizacj\u0105 projektu pn. \u201eUczelnia bez barier \u2013 w kierunku edukacji w\u0142\u0105czaj\u0105cej\u201d nr POWR.03.05.00-00-A079\/20, wsp\u00f3\u0142finansowanego ze \u015brodk\u00f3w Unii Europejskiej w ramach Europejskiego Funduszu Spo\u0142ecznego og\u0142asza nab\u00f3r do udzia\u0142u w szkoleniu dla nauczycieli wychowania fizycznego dot. podnoszenia kompetencji dydaktycznych w zakresie zimowych dyscyplin sportowych dla [\u2026] <\/p>\n<div class=\"clear\"><\/div>\n<p><a class=\"more_link clearfix\" href=\"https:\/\/pans.krosno.pl\/fundusze-zewnetrzne\/ogloszenie-o-naborze-do-w-szkoleniu-dla-nauczycieli-wychowania-fizycznego-dot-podnoszenia-kompetencji-dydaktycznych-w-zakresie-zimowych-dyscyplin-sportowych-dla-osob-z-niepelnosprawnoscia\/\" rel=\"nofollow\">Read More<\/a><\/p>\n","protected":false},"author":53,"featured_media":0,"comment_status":"open","ping_status":"open","sticky":false,"template":"","format":"standard","meta":{"ngg_post_thumbnail":0,"footnotes":""},"categories":[1,11],"tags":[],"class_list":["post-3504","post","type-post","status-publish","format-standard","hentry","category-bez-kategorii","category-uczelnia-bez-barier"],"yoast_head":"<!-- This site is optimized with the Yoast SEO Premium plugin v27.4 (Yoast SEO v27.4) - https:\/\/yoast.com\/product\/yoast-seo-premium-wordpress\/ -->\n<title>Og\u0142oszenie o naborze do w szkoleniu dla nauczycieli wychowania fizycznego dot. podnoszenia kompetencji dydaktycznych w zakresie zimowych dyscyplin sportowych dla os\u00f3b z niepe\u0142nosprawno\u015bci\u0105 - Fundusze zewn\u0119trzne PANS w Kro\u015bnie<\/title>\n<meta name=\"robots\" content=\"index, follow, max-snippet:-1, max-image-preview:large, max-video-preview:-1\" \/>\n<link rel=\"canonical\" href=\"https:\/\/pans.krosno.pl\/fundusze-zewnetrzne\/ogloszenie-o-naborze-do-w-szkoleniu-dla-nauczycieli-wychowania-fizycznego-dot-podnoszenia-kompetencji-dydaktycznych-w-zakresie-zimowych-dyscyplin-sportowych-dla-osob-z-niepelnosprawnoscia\/\" \/>\n<meta property=\"og:locale\" content=\"pl_PL\" \/>\n<meta property=\"og:type\" content=\"article\" \/>\n<meta property=\"og:title\" content=\"Og\u0142oszenie o naborze do w szkoleniu dla nauczycieli wychowania fizycznego dot. podnoszenia kompetencji dydaktycznych w zakresie zimowych dyscyplin sportowych dla os\u00f3b z niepe\u0142nosprawno\u015bci\u0105\" \/>\n<meta property=\"og:description\" content=\"Karpacka Pa\u0144stwowa Uczelnia w Kro\u015bnie w zwi\u0105zku realizacj\u0105 projektu pn. \u201eUczelnia bez barier \u2013 w kierunku edukacji w\u0142\u0105czaj\u0105cej\u201d nr POWR.03.05.00-00-A079\/20, wsp\u00f3\u0142finansowanego ze \u015brodk\u00f3w Unii Europejskiej w ramach Europejskiego Funduszu Spo\u0142ecznego og\u0142asza nab\u00f3r do udzia\u0142u w szkoleniu dla nauczycieli wychowania fizycznego dot. podnoszenia kompetencji dydaktycznych w zakresie zimowych dyscyplin sportowych dla [\u2026] Read More\" \/>\n<meta property=\"og:url\" content=\"https:\/\/pans.krosno.pl\/fundusze-zewnetrzne\/ogloszenie-o-naborze-do-w-szkoleniu-dla-nauczycieli-wychowania-fizycznego-dot-podnoszenia-kompetencji-dydaktycznych-w-zakresie-zimowych-dyscyplin-sportowych-dla-osob-z-niepelnosprawnoscia\/\" \/>\n<meta property=\"og:site_name\" content=\"Fundusze zewn\u0119trzne PANS w Kro\u015bnie\" \/>\n<meta property=\"article:published_time\" content=\"2022-12-05T10:30:00+00:00\" \/>\n<meta property=\"article:modified_time\" content=\"2022-12-09T10:44:20+00:00\" \/>\n<meta name=\"author\" content=\"izabelazajdel\" \/>\n<meta name=\"twitter:card\" content=\"summary_large_image\" \/>\n<meta name=\"twitter:label1\" content=\"Napisane przez\" \/>\n\t<meta name=\"twitter:data1\" content=\"izabelazajdel\" \/>\n\t<meta name=\"twitter:label2\" content=\"Szacowany czas czytania\" \/>\n\t<meta name=\"twitter:data2\" content=\"2 minuty\" \/>\n<script type=\"application\/ld+json\" class=\"yoast-schema-graph\">{\"@context\":\"https:\\\/\\\/schema.org\",\"@graph\":[{\"@type\":\"Article\",\"@id\":\"https:\\\/\\\/pans.krosno.pl\\\/fundusze-zewnetrzne\\\/ogloszenie-o-naborze-do-w-szkoleniu-dla-nauczycieli-wychowania-fizycznego-dot-podnoszenia-kompetencji-dydaktycznych-w-zakresie-zimowych-dyscyplin-sportowych-dla-osob-z-niepelnosprawnoscia\\\/#article\",\"isPartOf\":{\"@id\":\"https:\\\/\\\/pans.krosno.pl\\\/fundusze-zewnetrzne\\\/ogloszenie-o-naborze-do-w-szkoleniu-dla-nauczycieli-wychowania-fizycznego-dot-podnoszenia-kompetencji-dydaktycznych-w-zakresie-zimowych-dyscyplin-sportowych-dla-osob-z-niepelnosprawnoscia\\\/\"},\"author\":{\"name\":\"izabelazajdel\",\"@id\":\"https:\\\/\\\/pans.krosno.pl\\\/fundusze-zewnetrzne\\\/#\\\/schema\\\/person\\\/b577b3ee7557d4a78bd4d0eb553b20da\"},\"headline\":\"Og\u0142oszenie o naborze do w szkoleniu dla nauczycieli wychowania fizycznego dot. podnoszenia kompetencji dydaktycznych w zakresie zimowych dyscyplin sportowych dla os\u00f3b z niepe\u0142nosprawno\u015bci\u0105\",\"datePublished\":\"2022-12-05T10:30:00+00:00\",\"dateModified\":\"2022-12-09T10:44:20+00:00\",\"mainEntityOfPage\":{\"@id\":\"https:\\\/\\\/pans.krosno.pl\\\/fundusze-zewnetrzne\\\/ogloszenie-o-naborze-do-w-szkoleniu-dla-nauczycieli-wychowania-fizycznego-dot-podnoszenia-kompetencji-dydaktycznych-w-zakresie-zimowych-dyscyplin-sportowych-dla-osob-z-niepelnosprawnoscia\\\/\"},\"wordCount\":359,\"commentCount\":0,\"publisher\":{\"@id\":\"https:\\\/\\\/pans.krosno.pl\\\/fundusze-zewnetrzne\\\/#organization\"},\"articleSection\":{\"1\":\"Uczelnia Bez Barier\"},\"inLanguage\":\"pl-PL\",\"potentialAction\":[{\"@type\":\"CommentAction\",\"name\":\"Comment\",\"target\":[\"https:\\\/\\\/pans.krosno.pl\\\/fundusze-zewnetrzne\\\/ogloszenie-o-naborze-do-w-szkoleniu-dla-nauczycieli-wychowania-fizycznego-dot-podnoszenia-kompetencji-dydaktycznych-w-zakresie-zimowych-dyscyplin-sportowych-dla-osob-z-niepelnosprawnoscia\\\/#respond\"]}]},{\"@type\":\"WebPage\",\"@id\":\"https:\\\/\\\/pans.krosno.pl\\\/fundusze-zewnetrzne\\\/ogloszenie-o-naborze-do-w-szkoleniu-dla-nauczycieli-wychowania-fizycznego-dot-podnoszenia-kompetencji-dydaktycznych-w-zakresie-zimowych-dyscyplin-sportowych-dla-osob-z-niepelnosprawnoscia\\\/\",\"url\":\"https:\\\/\\\/pans.krosno.pl\\\/fundusze-zewnetrzne\\\/ogloszenie-o-naborze-do-w-szkoleniu-dla-nauczycieli-wychowania-fizycznego-dot-podnoszenia-kompetencji-dydaktycznych-w-zakresie-zimowych-dyscyplin-sportowych-dla-osob-z-niepelnosprawnoscia\\\/\",\"name\":\"Og\u0142oszenie o naborze do w szkoleniu dla nauczycieli wychowania fizycznego dot. podnoszenia kompetencji dydaktycznych w zakresie zimowych dyscyplin sportowych dla os\u00f3b z niepe\u0142nosprawno\u015bci\u0105 - Fundusze zewn\u0119trzne PANS w Kro\u015bnie\",\"isPartOf\":{\"@id\":\"https:\\\/\\\/pans.krosno.pl\\\/fundusze-zewnetrzne\\\/#website\"},\"datePublished\":\"2022-12-05T10:30:00+00:00\",\"dateModified\":\"2022-12-09T10:44:20+00:00\",\"breadcrumb\":{\"@id\":\"https:\\\/\\\/pans.krosno.pl\\\/fundusze-zewnetrzne\\\/ogloszenie-o-naborze-do-w-szkoleniu-dla-nauczycieli-wychowania-fizycznego-dot-podnoszenia-kompetencji-dydaktycznych-w-zakresie-zimowych-dyscyplin-sportowych-dla-osob-z-niepelnosprawnoscia\\\/#breadcrumb\"},\"inLanguage\":\"pl-PL\",\"potentialAction\":[{\"@type\":\"ReadAction\",\"target\":[\"https:\\\/\\\/pans.krosno.pl\\\/fundusze-zewnetrzne\\\/ogloszenie-o-naborze-do-w-szkoleniu-dla-nauczycieli-wychowania-fizycznego-dot-podnoszenia-kompetencji-dydaktycznych-w-zakresie-zimowych-dyscyplin-sportowych-dla-osob-z-niepelnosprawnoscia\\\/\"]}]},{\"@type\":\"BreadcrumbList\",\"@id\":\"https:\\\/\\\/pans.krosno.pl\\\/fundusze-zewnetrzne\\\/ogloszenie-o-naborze-do-w-szkoleniu-dla-nauczycieli-wychowania-fizycznego-dot-podnoszenia-kompetencji-dydaktycznych-w-zakresie-zimowych-dyscyplin-sportowych-dla-osob-z-niepelnosprawnoscia\\\/#breadcrumb\",\"itemListElement\":[{\"@type\":\"ListItem\",\"position\":1,\"name\":\"Strona g\u0142\u00f3wna\",\"item\":\"https:\\\/\\\/pans.krosno.pl\\\/fundusze-zewnetrzne\\\/\"},{\"@type\":\"ListItem\",\"position\":2,\"name\":\"Og\u0142oszenie o naborze do w szkoleniu dla nauczycieli wychowania fizycznego dot. podnoszenia kompetencji dydaktycznych w zakresie zimowych dyscyplin sportowych dla os\u00f3b z niepe\u0142nosprawno\u015bci\u0105\"}]},{\"@type\":\"WebSite\",\"@id\":\"https:\\\/\\\/pans.krosno.pl\\\/fundusze-zewnetrzne\\\/#website\",\"url\":\"https:\\\/\\\/pans.krosno.pl\\\/fundusze-zewnetrzne\\\/\",\"name\":\"Fundusze zewn\u0119trzne PANS w Kro\u015bnie\",\"description\":\"Fundusze zewn\u0119trzne  - Pa\u0144stwowa Akademia Nauk Stosowanych\",\"publisher\":{\"@id\":\"https:\\\/\\\/pans.krosno.pl\\\/fundusze-zewnetrzne\\\/#organization\"},\"potentialAction\":[{\"@type\":\"SearchAction\",\"target\":{\"@type\":\"EntryPoint\",\"urlTemplate\":\"https:\\\/\\\/pans.krosno.pl\\\/fundusze-zewnetrzne\\\/?s={search_term_string}\"},\"query-input\":{\"@type\":\"PropertyValueSpecification\",\"valueRequired\":true,\"valueName\":\"search_term_string\"}}],\"inLanguage\":\"pl-PL\"},{\"@type\":\"Organization\",\"@id\":\"https:\\\/\\\/pans.krosno.pl\\\/fundusze-zewnetrzne\\\/#organization\",\"name\":\"Fundusze zewn\u0119trzne PANS w Kro\u015bnie\",\"url\":\"https:\\\/\\\/pans.krosno.pl\\\/fundusze-zewnetrzne\\\/\",\"logo\":{\"@type\":\"ImageObject\",\"inLanguage\":\"pl-PL\",\"@id\":\"https:\\\/\\\/pans.krosno.pl\\\/fundusze-zewnetrzne\\\/#\\\/schema\\\/logo\\\/image\\\/\",\"url\":\"https:\\\/\\\/pans.krosno.pl\\\/fundusze-zewnetrzne\\\/wp-content\\\/uploads\\\/sites\\\/14\\\/2023\\\/01\\\/Logo-PANS-2022-pelne.png\",\"contentUrl\":\"https:\\\/\\\/pans.krosno.pl\\\/fundusze-zewnetrzne\\\/wp-content\\\/uploads\\\/sites\\\/14\\\/2023\\\/01\\\/Logo-PANS-2022-pelne.png\",\"width\":3096,\"height\":696,\"caption\":\"Fundusze zewn\u0119trzne PANS w Kro\u015bnie\"},\"image\":{\"@id\":\"https:\\\/\\\/pans.krosno.pl\\\/fundusze-zewnetrzne\\\/#\\\/schema\\\/logo\\\/image\\\/\"}},{\"@type\":\"Person\",\"@id\":\"https:\\\/\\\/pans.krosno.pl\\\/fundusze-zewnetrzne\\\/#\\\/schema\\\/person\\\/b577b3ee7557d4a78bd4d0eb553b20da\",\"name\":\"izabelazajdel\",\"image\":{\"@type\":\"ImageObject\",\"inLanguage\":\"pl-PL\",\"@id\":\"https:\\\/\\\/secure.gravatar.com\\\/avatar\\\/cc22649c0597a3f633569b360a16edbf32f0de4d8b8549b4773001c03da05b8e?s=96&d=mm&r=g\",\"url\":\"https:\\\/\\\/secure.gravatar.com\\\/avatar\\\/cc22649c0597a3f633569b360a16edbf32f0de4d8b8549b4773001c03da05b8e?s=96&d=mm&r=g\",\"contentUrl\":\"https:\\\/\\\/secure.gravatar.com\\\/avatar\\\/cc22649c0597a3f633569b360a16edbf32f0de4d8b8549b4773001c03da05b8e?s=96&d=mm&r=g\",\"caption\":\"izabelazajdel\"},\"url\":\"https:\\\/\\\/pans.krosno.pl\\\/fundusze-zewnetrzne\\\/author\\\/izabelazajdel\\\/\"}]}<\/script>\n<!-- \/ Yoast SEO Premium plugin. -->","yoast_head_json":{"title":"Og\u0142oszenie o naborze do w szkoleniu dla nauczycieli wychowania fizycznego dot. podnoszenia kompetencji dydaktycznych w zakresie zimowych dyscyplin sportowych dla os\u00f3b z niepe\u0142nosprawno\u015bci\u0105 - Fundusze zewn\u0119trzne PANS w Kro\u015bnie","robots":{"index":"index","follow":"follow","max-snippet":"max-snippet:-1","max-image-preview":"max-image-preview:large","max-video-preview":"max-video-preview:-1"},"canonical":"https:\/\/pans.krosno.pl\/fundusze-zewnetrzne\/ogloszenie-o-naborze-do-w-szkoleniu-dla-nauczycieli-wychowania-fizycznego-dot-podnoszenia-kompetencji-dydaktycznych-w-zakresie-zimowych-dyscyplin-sportowych-dla-osob-z-niepelnosprawnoscia\/","og_locale":"pl_PL","og_type":"article","og_title":"Og\u0142oszenie o naborze do w szkoleniu dla nauczycieli wychowania fizycznego dot. podnoszenia kompetencji dydaktycznych w zakresie zimowych dyscyplin sportowych dla os\u00f3b z niepe\u0142nosprawno\u015bci\u0105","og_description":"Karpacka Pa\u0144stwowa Uczelnia w Kro\u015bnie w zwi\u0105zku realizacj\u0105 projektu pn. \u201eUczelnia bez barier \u2013 w kierunku edukacji w\u0142\u0105czaj\u0105cej\u201d nr POWR.03.05.00-00-A079\/20, wsp\u00f3\u0142finansowanego ze \u015brodk\u00f3w Unii Europejskiej w ramach Europejskiego Funduszu Spo\u0142ecznego og\u0142asza nab\u00f3r do udzia\u0142u w szkoleniu dla nauczycieli wychowania fizycznego dot. podnoszenia kompetencji dydaktycznych w zakresie zimowych dyscyplin sportowych dla [\u2026] Read More","og_url":"https:\/\/pans.krosno.pl\/fundusze-zewnetrzne\/ogloszenie-o-naborze-do-w-szkoleniu-dla-nauczycieli-wychowania-fizycznego-dot-podnoszenia-kompetencji-dydaktycznych-w-zakresie-zimowych-dyscyplin-sportowych-dla-osob-z-niepelnosprawnoscia\/","og_site_name":"Fundusze zewn\u0119trzne PANS w Kro\u015bnie","article_published_time":"2022-12-05T10:30:00+00:00","article_modified_time":"2022-12-09T10:44:20+00:00","author":"izabelazajdel","twitter_card":"summary_large_image","twitter_misc":{"Napisane przez":"izabelazajdel","Szacowany czas czytania":"2 minuty"},"schema":{"@context":"https:\/\/schema.org","@graph":[{"@type":"Article","@id":"https:\/\/pans.krosno.pl\/fundusze-zewnetrzne\/ogloszenie-o-naborze-do-w-szkoleniu-dla-nauczycieli-wychowania-fizycznego-dot-podnoszenia-kompetencji-dydaktycznych-w-zakresie-zimowych-dyscyplin-sportowych-dla-osob-z-niepelnosprawnoscia\/#article","isPartOf":{"@id":"https:\/\/pans.krosno.pl\/fundusze-zewnetrzne\/ogloszenie-o-naborze-do-w-szkoleniu-dla-nauczycieli-wychowania-fizycznego-dot-podnoszenia-kompetencji-dydaktycznych-w-zakresie-zimowych-dyscyplin-sportowych-dla-osob-z-niepelnosprawnoscia\/"},"author":{"name":"izabelazajdel","@id":"https:\/\/pans.krosno.pl\/fundusze-zewnetrzne\/#\/schema\/person\/b577b3ee7557d4a78bd4d0eb553b20da"},"headline":"Og\u0142oszenie o naborze do w szkoleniu dla nauczycieli wychowania fizycznego dot. podnoszenia kompetencji dydaktycznych w zakresie zimowych dyscyplin sportowych dla os\u00f3b z niepe\u0142nosprawno\u015bci\u0105","datePublished":"2022-12-05T10:30:00+00:00","dateModified":"2022-12-09T10:44:20+00:00","mainEntityOfPage":{"@id":"https:\/\/pans.krosno.pl\/fundusze-zewnetrzne\/ogloszenie-o-naborze-do-w-szkoleniu-dla-nauczycieli-wychowania-fizycznego-dot-podnoszenia-kompetencji-dydaktycznych-w-zakresie-zimowych-dyscyplin-sportowych-dla-osob-z-niepelnosprawnoscia\/"},"wordCount":359,"commentCount":0,"publisher":{"@id":"https:\/\/pans.krosno.pl\/fundusze-zewnetrzne\/#organization"},"articleSection":{"1":"Uczelnia Bez Barier"},"inLanguage":"pl-PL","potentialAction":[{"@type":"CommentAction","name":"Comment","target":["https:\/\/pans.krosno.pl\/fundusze-zewnetrzne\/ogloszenie-o-naborze-do-w-szkoleniu-dla-nauczycieli-wychowania-fizycznego-dot-podnoszenia-kompetencji-dydaktycznych-w-zakresie-zimowych-dyscyplin-sportowych-dla-osob-z-niepelnosprawnoscia\/#respond"]}]},{"@type":"WebPage","@id":"https:\/\/pans.krosno.pl\/fundusze-zewnetrzne\/ogloszenie-o-naborze-do-w-szkoleniu-dla-nauczycieli-wychowania-fizycznego-dot-podnoszenia-kompetencji-dydaktycznych-w-zakresie-zimowych-dyscyplin-sportowych-dla-osob-z-niepelnosprawnoscia\/","url":"https:\/\/pans.krosno.pl\/fundusze-zewnetrzne\/ogloszenie-o-naborze-do-w-szkoleniu-dla-nauczycieli-wychowania-fizycznego-dot-podnoszenia-kompetencji-dydaktycznych-w-zakresie-zimowych-dyscyplin-sportowych-dla-osob-z-niepelnosprawnoscia\/","name":"Og\u0142oszenie o naborze do w szkoleniu dla nauczycieli wychowania fizycznego dot. podnoszenia kompetencji dydaktycznych w zakresie zimowych dyscyplin sportowych dla os\u00f3b z niepe\u0142nosprawno\u015bci\u0105 - Fundusze zewn\u0119trzne PANS w Kro\u015bnie","isPartOf":{"@id":"https:\/\/pans.krosno.pl\/fundusze-zewnetrzne\/#website"},"datePublished":"2022-12-05T10:30:00+00:00","dateModified":"2022-12-09T10:44:20+00:00","breadcrumb":{"@id":"https:\/\/pans.krosno.pl\/fundusze-zewnetrzne\/ogloszenie-o-naborze-do-w-szkoleniu-dla-nauczycieli-wychowania-fizycznego-dot-podnoszenia-kompetencji-dydaktycznych-w-zakresie-zimowych-dyscyplin-sportowych-dla-osob-z-niepelnosprawnoscia\/#breadcrumb"},"inLanguage":"pl-PL","potentialAction":[{"@type":"ReadAction","target":["https:\/\/pans.krosno.pl\/fundusze-zewnetrzne\/ogloszenie-o-naborze-do-w-szkoleniu-dla-nauczycieli-wychowania-fizycznego-dot-podnoszenia-kompetencji-dydaktycznych-w-zakresie-zimowych-dyscyplin-sportowych-dla-osob-z-niepelnosprawnoscia\/"]}]},{"@type":"BreadcrumbList","@id":"https:\/\/pans.krosno.pl\/fundusze-zewnetrzne\/ogloszenie-o-naborze-do-w-szkoleniu-dla-nauczycieli-wychowania-fizycznego-dot-podnoszenia-kompetencji-dydaktycznych-w-zakresie-zimowych-dyscyplin-sportowych-dla-osob-z-niepelnosprawnoscia\/#breadcrumb","itemListElement":[{"@type":"ListItem","position":1,"name":"Strona g\u0142\u00f3wna","item":"https:\/\/pans.krosno.pl\/fundusze-zewnetrzne\/"},{"@type":"ListItem","position":2,"name":"Og\u0142oszenie o naborze do w szkoleniu dla nauczycieli wychowania fizycznego dot. podnoszenia kompetencji dydaktycznych w zakresie zimowych dyscyplin sportowych dla os\u00f3b z niepe\u0142nosprawno\u015bci\u0105"}]},{"@type":"WebSite","@id":"https:\/\/pans.krosno.pl\/fundusze-zewnetrzne\/#website","url":"https:\/\/pans.krosno.pl\/fundusze-zewnetrzne\/","name":"Fundusze zewn\u0119trzne PANS w Kro\u015bnie","description":"Fundusze zewn\u0119trzne  - Pa\u0144stwowa Akademia Nauk Stosowanych","publisher":{"@id":"https:\/\/pans.krosno.pl\/fundusze-zewnetrzne\/#organization"},"potentialAction":[{"@type":"SearchAction","target":{"@type":"EntryPoint","urlTemplate":"https:\/\/pans.krosno.pl\/fundusze-zewnetrzne\/?s={search_term_string}"},"query-input":{"@type":"PropertyValueSpecification","valueRequired":true,"valueName":"search_term_string"}}],"inLanguage":"pl-PL"},{"@type":"Organization","@id":"https:\/\/pans.krosno.pl\/fundusze-zewnetrzne\/#organization","name":"Fundusze zewn\u0119trzne PANS w Kro\u015bnie","url":"https:\/\/pans.krosno.pl\/fundusze-zewnetrzne\/","logo":{"@type":"ImageObject","inLanguage":"pl-PL","@id":"https:\/\/pans.krosno.pl\/fundusze-zewnetrzne\/#\/schema\/logo\/image\/","url":"https:\/\/pans.krosno.pl\/fundusze-zewnetrzne\/wp-content\/uploads\/sites\/14\/2023\/01\/Logo-PANS-2022-pelne.png","contentUrl":"https:\/\/pans.krosno.pl\/fundusze-zewnetrzne\/wp-content\/uploads\/sites\/14\/2023\/01\/Logo-PANS-2022-pelne.png","width":3096,"height":696,"caption":"Fundusze zewn\u0119trzne PANS w Kro\u015bnie"},"image":{"@id":"https:\/\/pans.krosno.pl\/fundusze-zewnetrzne\/#\/schema\/logo\/image\/"}},{"@type":"Person","@id":"https:\/\/pans.krosno.pl\/fundusze-zewnetrzne\/#\/schema\/person\/b577b3ee7557d4a78bd4d0eb553b20da","name":"izabelazajdel","image":{"@type":"ImageObject","inLanguage":"pl-PL","@id":"https:\/\/secure.gravatar.com\/avatar\/cc22649c0597a3f633569b360a16edbf32f0de4d8b8549b4773001c03da05b8e?s=96&d=mm&r=g","url":"https:\/\/secure.gravatar.com\/avatar\/cc22649c0597a3f633569b360a16edbf32f0de4d8b8549b4773001c03da05b8e?s=96&d=mm&r=g","contentUrl":"https:\/\/secure.gravatar.com\/avatar\/cc22649c0597a3f633569b360a16edbf32f0de4d8b8549b4773001c03da05b8e?s=96&d=mm&r=g","caption":"izabelazajdel"},"url":"https:\/\/pans.krosno.pl\/fundusze-zewnetrzne\/author\/izabelazajdel\/"}]}},"_links":{"self":[{"href":"https:\/\/pans.krosno.pl\/fundusze-zewnetrzne\/wp-json\/wp\/v2\/posts\/3504","targetHints":{"allow":["GET"]}}],"collection":[{"href":"https:\/\/pans.krosno.pl\/fundusze-zewnetrzne\/wp-json\/wp\/v2\/posts"}],"about":[{"href":"https:\/\/pans.krosno.pl\/fundusze-zewnetrzne\/wp-json\/wp\/v2\/types\/post"}],"author":[{"embeddable":true,"href":"https:\/\/pans.krosno.pl\/fundusze-zewnetrzne\/wp-json\/wp\/v2\/users\/53"}],"replies":[{"embeddable":true,"href":"https:\/\/pans.krosno.pl\/fundusze-zewnetrzne\/wp-json\/wp\/v2\/comments?post=3504"}],"version-history":[{"count":1,"href":"https:\/\/pans.krosno.pl\/fundusze-zewnetrzne\/wp-json\/wp\/v2\/posts\/3504\/revisions"}],"predecessor-version":[{"id":3513,"href":"https:\/\/pans.krosno.pl\/fundusze-zewnetrzne\/wp-json\/wp\/v2\/posts\/3504\/revisions\/3513"}],"wp:attachment":[{"href":"https:\/\/pans.krosno.pl\/fundusze-zewnetrzne\/wp-json\/wp\/v2\/media?parent=3504"}],"wp:term":[{"taxonomy":"category","embeddable":true,"href":"https:\/\/pans.krosno.pl\/fundusze-zewnetrzne\/wp-json\/wp\/v2\/categories?post=3504"},{"taxonomy":"post_tag","embeddable":true,"href":"https:\/\/pans.krosno.pl\/fundusze-zewnetrzne\/wp-json\/wp\/v2\/tags?post=3504"}],"curies":[{"name":"wp","href":"https:\/\/api.w.org\/{rel}","templated":true}]}}