{"id":3398,"date":"2022-10-03T13:17:00","date_gmt":"2022-10-03T11:17:00","guid":{"rendered":"https:\/\/pans.krosno.pl\/fundusze-zewnetrzne\/?p=3398"},"modified":"2022-10-05T13:17:58","modified_gmt":"2022-10-05T11:17:58","slug":"centrum-wsparcia-bon-wraca-po-wakacyjnej-przerwie-3","status":"publish","type":"post","link":"https:\/\/pans.krosno.pl\/fundusze-zewnetrzne\/centrum-wsparcia-bon-wraca-po-wakacyjnej-przerwie-3\/","title":{"rendered":"Centrum Wsparcia BON wraca po wakacyjnej przerwie"},"content":{"rendered":"\n<p><strong>W dniu 3 pa\u017adziernika 2022 r. po wakacyjnej przerwie wznawiamy dzia\u0142alno\u015b\u0107 Centrum Wsparcia BON.<\/strong><\/p>\n\n\n\n<p>Centrum Wsparcia BON powsta\u0142o, aby zapewni\u0107 studentom, w tym studentom z niepe\u0142nosprawno\u015bciami szeroki zakres wsparcia.<\/p>\n\n\n\n<p>Centrum b\u0119dzie funkcjonowa\u0107 od wrze\u015bnia 2021 do czerwca 2022 w spos\u00f3b ci\u0105g\u0142y i b\u0119dzie oferowa\u0107 cotygodniowe konsultacje w ramach wsparcia psychologicznego, edukacyjnego (m. in. dostosowanie sposobu organizacji i w\u0142a\u015bciwej realizacji procesu dydaktycznego studenta ze wzgl\u0119du na stan zdrowia przy jednoczesnym utrzymaniu obowi\u0105zuj\u0105cych standard\u00f3w kszta\u0142cenia), prawnego i ekonomicznego (m. in. w zakresie doradztwa zawodowego, przedsi\u0119biorczo\u015bci i finans\u00f3w). Wsparcie b\u0119dzie realizowane przez posiadaj\u0105cych odpowiednie kwalifikacje i kompetencje specjalist\u00f3w.<\/p>\n\n\n\n<p><strong>Centrum Wsparcia znajduje si\u0119 w budynku Kampusu Humanistycznego przy ul. Kazimierza Wielkiego 6, pok. nr 10.<\/strong><\/p>\n\n\n\n<p>Harmonogramy na kolejne miesi\u0105ce b\u0119d\u0105 publikowane w zak\u0142adce \u201eHarmonogram wsparcia\u201d.<\/p>\n\n\n\n<p>Zapraszamy serdecznie wszystkich student\u00f3w do korzystania z Centrum Wsparcia BON.<\/p>\n","protected":false},"excerpt":{"rendered":"<p>W dniu 3 pa\u017adziernika 2022 r. po wakacyjnej przerwie wznawiamy dzia\u0142alno\u015b\u0107 Centrum Wsparcia BON. Centrum Wsparcia BON powsta\u0142o, aby zapewni\u0107 studentom, w tym studentom z niepe\u0142nosprawno\u015bciami szeroki zakres wsparcia. Centrum b\u0119dzie funkcjonowa\u0107 od wrze\u015bnia 2021 do czerwca 2022 w spos\u00f3b ci\u0105g\u0142y i b\u0119dzie oferowa\u0107 cotygodniowe konsultacje w ramach wsparcia psychologicznego, [\u2026] <\/p>\n<div class=\"clear\"><\/div>\n<p><a class=\"more_link clearfix\" href=\"https:\/\/pans.krosno.pl\/fundusze-zewnetrzne\/centrum-wsparcia-bon-wraca-po-wakacyjnej-przerwie-3\/\" rel=\"nofollow\">Read More<\/a><\/p>\n","protected":false},"author":53,"featured_media":0,"comment_status":"open","ping_status":"open","sticky":false,"template":"","format":"standard","meta":{"ngg_post_thumbnail":0,"footnotes":""},"categories":[11],"tags":[],"class_list":["post-3398","post","type-post","status-publish","format-standard","hentry","category-uczelnia-bez-barier"],"yoast_head":"<!-- This site is optimized with the Yoast SEO Premium plugin v27.4 (Yoast SEO v27.4) - https:\/\/yoast.com\/product\/yoast-seo-premium-wordpress\/ -->\n<title>Centrum Wsparcia BON wraca po wakacyjnej przerwie - Fundusze zewn\u0119trzne PANS w Kro\u015bnie<\/title>\n<meta name=\"robots\" content=\"index, follow, max-snippet:-1, max-image-preview:large, max-video-preview:-1\" \/>\n<link rel=\"canonical\" href=\"https:\/\/pans.krosno.pl\/fundusze-zewnetrzne\/centrum-wsparcia-bon-wraca-po-wakacyjnej-przerwie-3\/\" \/>\n<meta property=\"og:locale\" content=\"pl_PL\" \/>\n<meta property=\"og:type\" content=\"article\" \/>\n<meta property=\"og:title\" content=\"Centrum Wsparcia BON wraca po wakacyjnej przerwie\" \/>\n<meta property=\"og:description\" content=\"W dniu 3 pa\u017adziernika 2022 r. po wakacyjnej przerwie wznawiamy dzia\u0142alno\u015b\u0107 Centrum Wsparcia BON. Centrum Wsparcia BON powsta\u0142o, aby zapewni\u0107 studentom, w tym studentom z niepe\u0142nosprawno\u015bciami szeroki zakres wsparcia. Centrum b\u0119dzie funkcjonowa\u0107 od wrze\u015bnia 2021 do czerwca 2022 w spos\u00f3b ci\u0105g\u0142y i b\u0119dzie oferowa\u0107 cotygodniowe konsultacje w ramach wsparcia psychologicznego, [\u2026] Read More\" \/>\n<meta property=\"og:url\" content=\"https:\/\/pans.krosno.pl\/fundusze-zewnetrzne\/centrum-wsparcia-bon-wraca-po-wakacyjnej-przerwie-3\/\" \/>\n<meta property=\"og:site_name\" content=\"Fundusze zewn\u0119trzne PANS w Kro\u015bnie\" \/>\n<meta property=\"article:published_time\" content=\"2022-10-03T11:17:00+00:00\" \/>\n<meta property=\"article:modified_time\" content=\"2022-10-05T11:17:58+00:00\" \/>\n<meta name=\"author\" content=\"izabelazajdel\" \/>\n<meta name=\"twitter:card\" content=\"summary_large_image\" \/>\n<meta name=\"twitter:label1\" content=\"Napisane przez\" \/>\n\t<meta name=\"twitter:data1\" content=\"izabelazajdel\" \/>\n\t<meta name=\"twitter:label2\" content=\"Szacowany czas czytania\" \/>\n\t<meta name=\"twitter:data2\" content=\"1 minuta\" \/>\n<script type=\"application\/ld+json\" class=\"yoast-schema-graph\">{\"@context\":\"https:\\\/\\\/schema.org\",\"@graph\":[{\"@type\":\"Article\",\"@id\":\"https:\\\/\\\/pans.krosno.pl\\\/fundusze-zewnetrzne\\\/centrum-wsparcia-bon-wraca-po-wakacyjnej-przerwie-3\\\/#article\",\"isPartOf\":{\"@id\":\"https:\\\/\\\/pans.krosno.pl\\\/fundusze-zewnetrzne\\\/centrum-wsparcia-bon-wraca-po-wakacyjnej-przerwie-3\\\/\"},\"author\":{\"name\":\"izabelazajdel\",\"@id\":\"https:\\\/\\\/pans.krosno.pl\\\/fundusze-zewnetrzne\\\/#\\\/schema\\\/person\\\/b577b3ee7557d4a78bd4d0eb553b20da\"},\"headline\":\"Centrum Wsparcia BON wraca po wakacyjnej przerwie\",\"datePublished\":\"2022-10-03T11:17:00+00:00\",\"dateModified\":\"2022-10-05T11:17:58+00:00\",\"mainEntityOfPage\":{\"@id\":\"https:\\\/\\\/pans.krosno.pl\\\/fundusze-zewnetrzne\\\/centrum-wsparcia-bon-wraca-po-wakacyjnej-przerwie-3\\\/\"},\"wordCount\":160,\"commentCount\":0,\"publisher\":{\"@id\":\"https:\\\/\\\/pans.krosno.pl\\\/fundusze-zewnetrzne\\\/#organization\"},\"articleSection\":[\"Uczelnia Bez Barier\"],\"inLanguage\":\"pl-PL\",\"potentialAction\":[{\"@type\":\"CommentAction\",\"name\":\"Comment\",\"target\":[\"https:\\\/\\\/pans.krosno.pl\\\/fundusze-zewnetrzne\\\/centrum-wsparcia-bon-wraca-po-wakacyjnej-przerwie-3\\\/#respond\"]}]},{\"@type\":\"WebPage\",\"@id\":\"https:\\\/\\\/pans.krosno.pl\\\/fundusze-zewnetrzne\\\/centrum-wsparcia-bon-wraca-po-wakacyjnej-przerwie-3\\\/\",\"url\":\"https:\\\/\\\/pans.krosno.pl\\\/fundusze-zewnetrzne\\\/centrum-wsparcia-bon-wraca-po-wakacyjnej-przerwie-3\\\/\",\"name\":\"Centrum Wsparcia BON wraca po wakacyjnej przerwie - Fundusze zewn\u0119trzne PANS w Kro\u015bnie\",\"isPartOf\":{\"@id\":\"https:\\\/\\\/pans.krosno.pl\\\/fundusze-zewnetrzne\\\/#website\"},\"datePublished\":\"2022-10-03T11:17:00+00:00\",\"dateModified\":\"2022-10-05T11:17:58+00:00\",\"breadcrumb\":{\"@id\":\"https:\\\/\\\/pans.krosno.pl\\\/fundusze-zewnetrzne\\\/centrum-wsparcia-bon-wraca-po-wakacyjnej-przerwie-3\\\/#breadcrumb\"},\"inLanguage\":\"pl-PL\",\"potentialAction\":[{\"@type\":\"ReadAction\",\"target\":[\"https:\\\/\\\/pans.krosno.pl\\\/fundusze-zewnetrzne\\\/centrum-wsparcia-bon-wraca-po-wakacyjnej-przerwie-3\\\/\"]}]},{\"@type\":\"BreadcrumbList\",\"@id\":\"https:\\\/\\\/pans.krosno.pl\\\/fundusze-zewnetrzne\\\/centrum-wsparcia-bon-wraca-po-wakacyjnej-przerwie-3\\\/#breadcrumb\",\"itemListElement\":[{\"@type\":\"ListItem\",\"position\":1,\"name\":\"Strona g\u0142\u00f3wna\",\"item\":\"https:\\\/\\\/pans.krosno.pl\\\/fundusze-zewnetrzne\\\/\"},{\"@type\":\"ListItem\",\"position\":2,\"name\":\"Centrum Wsparcia BON wraca po wakacyjnej przerwie\"}]},{\"@type\":\"WebSite\",\"@id\":\"https:\\\/\\\/pans.krosno.pl\\\/fundusze-zewnetrzne\\\/#website\",\"url\":\"https:\\\/\\\/pans.krosno.pl\\\/fundusze-zewnetrzne\\\/\",\"name\":\"Fundusze zewn\u0119trzne PANS w Kro\u015bnie\",\"description\":\"Fundusze zewn\u0119trzne  - Pa\u0144stwowa Akademia Nauk Stosowanych\",\"publisher\":{\"@id\":\"https:\\\/\\\/pans.krosno.pl\\\/fundusze-zewnetrzne\\\/#organization\"},\"potentialAction\":[{\"@type\":\"SearchAction\",\"target\":{\"@type\":\"EntryPoint\",\"urlTemplate\":\"https:\\\/\\\/pans.krosno.pl\\\/fundusze-zewnetrzne\\\/?s={search_term_string}\"},\"query-input\":{\"@type\":\"PropertyValueSpecification\",\"valueRequired\":true,\"valueName\":\"search_term_string\"}}],\"inLanguage\":\"pl-PL\"},{\"@type\":\"Organization\",\"@id\":\"https:\\\/\\\/pans.krosno.pl\\\/fundusze-zewnetrzne\\\/#organization\",\"name\":\"Fundusze zewn\u0119trzne PANS w Kro\u015bnie\",\"url\":\"https:\\\/\\\/pans.krosno.pl\\\/fundusze-zewnetrzne\\\/\",\"logo\":{\"@type\":\"ImageObject\",\"inLanguage\":\"pl-PL\",\"@id\":\"https:\\\/\\\/pans.krosno.pl\\\/fundusze-zewnetrzne\\\/#\\\/schema\\\/logo\\\/image\\\/\",\"url\":\"https:\\\/\\\/pans.krosno.pl\\\/fundusze-zewnetrzne\\\/wp-content\\\/uploads\\\/sites\\\/14\\\/2023\\\/01\\\/Logo-PANS-2022-pelne.png\",\"contentUrl\":\"https:\\\/\\\/pans.krosno.pl\\\/fundusze-zewnetrzne\\\/wp-content\\\/uploads\\\/sites\\\/14\\\/2023\\\/01\\\/Logo-PANS-2022-pelne.png\",\"width\":3096,\"height\":696,\"caption\":\"Fundusze zewn\u0119trzne PANS w Kro\u015bnie\"},\"image\":{\"@id\":\"https:\\\/\\\/pans.krosno.pl\\\/fundusze-zewnetrzne\\\/#\\\/schema\\\/logo\\\/image\\\/\"}},{\"@type\":\"Person\",\"@id\":\"https:\\\/\\\/pans.krosno.pl\\\/fundusze-zewnetrzne\\\/#\\\/schema\\\/person\\\/b577b3ee7557d4a78bd4d0eb553b20da\",\"name\":\"izabelazajdel\",\"image\":{\"@type\":\"ImageObject\",\"inLanguage\":\"pl-PL\",\"@id\":\"https:\\\/\\\/secure.gravatar.com\\\/avatar\\\/cc22649c0597a3f633569b360a16edbf32f0de4d8b8549b4773001c03da05b8e?s=96&d=mm&r=g\",\"url\":\"https:\\\/\\\/secure.gravatar.com\\\/avatar\\\/cc22649c0597a3f633569b360a16edbf32f0de4d8b8549b4773001c03da05b8e?s=96&d=mm&r=g\",\"contentUrl\":\"https:\\\/\\\/secure.gravatar.com\\\/avatar\\\/cc22649c0597a3f633569b360a16edbf32f0de4d8b8549b4773001c03da05b8e?s=96&d=mm&r=g\",\"caption\":\"izabelazajdel\"},\"url\":\"https:\\\/\\\/pans.krosno.pl\\\/fundusze-zewnetrzne\\\/author\\\/izabelazajdel\\\/\"}]}<\/script>\n<!-- \/ Yoast SEO Premium plugin. -->","yoast_head_json":{"title":"Centrum Wsparcia BON wraca po wakacyjnej przerwie - Fundusze zewn\u0119trzne PANS w Kro\u015bnie","robots":{"index":"index","follow":"follow","max-snippet":"max-snippet:-1","max-image-preview":"max-image-preview:large","max-video-preview":"max-video-preview:-1"},"canonical":"https:\/\/pans.krosno.pl\/fundusze-zewnetrzne\/centrum-wsparcia-bon-wraca-po-wakacyjnej-przerwie-3\/","og_locale":"pl_PL","og_type":"article","og_title":"Centrum Wsparcia BON wraca po wakacyjnej przerwie","og_description":"W dniu 3 pa\u017adziernika 2022 r. po wakacyjnej przerwie wznawiamy dzia\u0142alno\u015b\u0107 Centrum Wsparcia BON. Centrum Wsparcia BON powsta\u0142o, aby zapewni\u0107 studentom, w tym studentom z niepe\u0142nosprawno\u015bciami szeroki zakres wsparcia. Centrum b\u0119dzie funkcjonowa\u0107 od wrze\u015bnia 2021 do czerwca 2022 w spos\u00f3b ci\u0105g\u0142y i b\u0119dzie oferowa\u0107 cotygodniowe konsultacje w ramach wsparcia psychologicznego, [\u2026] Read More","og_url":"https:\/\/pans.krosno.pl\/fundusze-zewnetrzne\/centrum-wsparcia-bon-wraca-po-wakacyjnej-przerwie-3\/","og_site_name":"Fundusze zewn\u0119trzne PANS w Kro\u015bnie","article_published_time":"2022-10-03T11:17:00+00:00","article_modified_time":"2022-10-05T11:17:58+00:00","author":"izabelazajdel","twitter_card":"summary_large_image","twitter_misc":{"Napisane przez":"izabelazajdel","Szacowany czas czytania":"1 minuta"},"schema":{"@context":"https:\/\/schema.org","@graph":[{"@type":"Article","@id":"https:\/\/pans.krosno.pl\/fundusze-zewnetrzne\/centrum-wsparcia-bon-wraca-po-wakacyjnej-przerwie-3\/#article","isPartOf":{"@id":"https:\/\/pans.krosno.pl\/fundusze-zewnetrzne\/centrum-wsparcia-bon-wraca-po-wakacyjnej-przerwie-3\/"},"author":{"name":"izabelazajdel","@id":"https:\/\/pans.krosno.pl\/fundusze-zewnetrzne\/#\/schema\/person\/b577b3ee7557d4a78bd4d0eb553b20da"},"headline":"Centrum Wsparcia BON wraca po wakacyjnej przerwie","datePublished":"2022-10-03T11:17:00+00:00","dateModified":"2022-10-05T11:17:58+00:00","mainEntityOfPage":{"@id":"https:\/\/pans.krosno.pl\/fundusze-zewnetrzne\/centrum-wsparcia-bon-wraca-po-wakacyjnej-przerwie-3\/"},"wordCount":160,"commentCount":0,"publisher":{"@id":"https:\/\/pans.krosno.pl\/fundusze-zewnetrzne\/#organization"},"articleSection":["Uczelnia Bez Barier"],"inLanguage":"pl-PL","potentialAction":[{"@type":"CommentAction","name":"Comment","target":["https:\/\/pans.krosno.pl\/fundusze-zewnetrzne\/centrum-wsparcia-bon-wraca-po-wakacyjnej-przerwie-3\/#respond"]}]},{"@type":"WebPage","@id":"https:\/\/pans.krosno.pl\/fundusze-zewnetrzne\/centrum-wsparcia-bon-wraca-po-wakacyjnej-przerwie-3\/","url":"https:\/\/pans.krosno.pl\/fundusze-zewnetrzne\/centrum-wsparcia-bon-wraca-po-wakacyjnej-przerwie-3\/","name":"Centrum Wsparcia BON wraca po wakacyjnej przerwie - Fundusze zewn\u0119trzne PANS w Kro\u015bnie","isPartOf":{"@id":"https:\/\/pans.krosno.pl\/fundusze-zewnetrzne\/#website"},"datePublished":"2022-10-03T11:17:00+00:00","dateModified":"2022-10-05T11:17:58+00:00","breadcrumb":{"@id":"https:\/\/pans.krosno.pl\/fundusze-zewnetrzne\/centrum-wsparcia-bon-wraca-po-wakacyjnej-przerwie-3\/#breadcrumb"},"inLanguage":"pl-PL","potentialAction":[{"@type":"ReadAction","target":["https:\/\/pans.krosno.pl\/fundusze-zewnetrzne\/centrum-wsparcia-bon-wraca-po-wakacyjnej-przerwie-3\/"]}]},{"@type":"BreadcrumbList","@id":"https:\/\/pans.krosno.pl\/fundusze-zewnetrzne\/centrum-wsparcia-bon-wraca-po-wakacyjnej-przerwie-3\/#breadcrumb","itemListElement":[{"@type":"ListItem","position":1,"name":"Strona g\u0142\u00f3wna","item":"https:\/\/pans.krosno.pl\/fundusze-zewnetrzne\/"},{"@type":"ListItem","position":2,"name":"Centrum Wsparcia BON wraca po wakacyjnej przerwie"}]},{"@type":"WebSite","@id":"https:\/\/pans.krosno.pl\/fundusze-zewnetrzne\/#website","url":"https:\/\/pans.krosno.pl\/fundusze-zewnetrzne\/","name":"Fundusze zewn\u0119trzne PANS w Kro\u015bnie","description":"Fundusze zewn\u0119trzne  - Pa\u0144stwowa Akademia Nauk Stosowanych","publisher":{"@id":"https:\/\/pans.krosno.pl\/fundusze-zewnetrzne\/#organization"},"potentialAction":[{"@type":"SearchAction","target":{"@type":"EntryPoint","urlTemplate":"https:\/\/pans.krosno.pl\/fundusze-zewnetrzne\/?s={search_term_string}"},"query-input":{"@type":"PropertyValueSpecification","valueRequired":true,"valueName":"search_term_string"}}],"inLanguage":"pl-PL"},{"@type":"Organization","@id":"https:\/\/pans.krosno.pl\/fundusze-zewnetrzne\/#organization","name":"Fundusze zewn\u0119trzne PANS w Kro\u015bnie","url":"https:\/\/pans.krosno.pl\/fundusze-zewnetrzne\/","logo":{"@type":"ImageObject","inLanguage":"pl-PL","@id":"https:\/\/pans.krosno.pl\/fundusze-zewnetrzne\/#\/schema\/logo\/image\/","url":"https:\/\/pans.krosno.pl\/fundusze-zewnetrzne\/wp-content\/uploads\/sites\/14\/2023\/01\/Logo-PANS-2022-pelne.png","contentUrl":"https:\/\/pans.krosno.pl\/fundusze-zewnetrzne\/wp-content\/uploads\/sites\/14\/2023\/01\/Logo-PANS-2022-pelne.png","width":3096,"height":696,"caption":"Fundusze zewn\u0119trzne PANS w Kro\u015bnie"},"image":{"@id":"https:\/\/pans.krosno.pl\/fundusze-zewnetrzne\/#\/schema\/logo\/image\/"}},{"@type":"Person","@id":"https:\/\/pans.krosno.pl\/fundusze-zewnetrzne\/#\/schema\/person\/b577b3ee7557d4a78bd4d0eb553b20da","name":"izabelazajdel","image":{"@type":"ImageObject","inLanguage":"pl-PL","@id":"https:\/\/secure.gravatar.com\/avatar\/cc22649c0597a3f633569b360a16edbf32f0de4d8b8549b4773001c03da05b8e?s=96&d=mm&r=g","url":"https:\/\/secure.gravatar.com\/avatar\/cc22649c0597a3f633569b360a16edbf32f0de4d8b8549b4773001c03da05b8e?s=96&d=mm&r=g","contentUrl":"https:\/\/secure.gravatar.com\/avatar\/cc22649c0597a3f633569b360a16edbf32f0de4d8b8549b4773001c03da05b8e?s=96&d=mm&r=g","caption":"izabelazajdel"},"url":"https:\/\/pans.krosno.pl\/fundusze-zewnetrzne\/author\/izabelazajdel\/"}]}},"_links":{"self":[{"href":"https:\/\/pans.krosno.pl\/fundusze-zewnetrzne\/wp-json\/wp\/v2\/posts\/3398","targetHints":{"allow":["GET"]}}],"collection":[{"href":"https:\/\/pans.krosno.pl\/fundusze-zewnetrzne\/wp-json\/wp\/v2\/posts"}],"about":[{"href":"https:\/\/pans.krosno.pl\/fundusze-zewnetrzne\/wp-json\/wp\/v2\/types\/post"}],"author":[{"embeddable":true,"href":"https:\/\/pans.krosno.pl\/fundusze-zewnetrzne\/wp-json\/wp\/v2\/users\/53"}],"replies":[{"embeddable":true,"href":"https:\/\/pans.krosno.pl\/fundusze-zewnetrzne\/wp-json\/wp\/v2\/comments?post=3398"}],"version-history":[{"count":1,"href":"https:\/\/pans.krosno.pl\/fundusze-zewnetrzne\/wp-json\/wp\/v2\/posts\/3398\/revisions"}],"predecessor-version":[{"id":3399,"href":"https:\/\/pans.krosno.pl\/fundusze-zewnetrzne\/wp-json\/wp\/v2\/posts\/3398\/revisions\/3399"}],"wp:attachment":[{"href":"https:\/\/pans.krosno.pl\/fundusze-zewnetrzne\/wp-json\/wp\/v2\/media?parent=3398"}],"wp:term":[{"taxonomy":"category","embeddable":true,"href":"https:\/\/pans.krosno.pl\/fundusze-zewnetrzne\/wp-json\/wp\/v2\/categories?post=3398"},{"taxonomy":"post_tag","embeddable":true,"href":"https:\/\/pans.krosno.pl\/fundusze-zewnetrzne\/wp-json\/wp\/v2\/tags?post=3398"}],"curies":[{"name":"wp","href":"https:\/\/api.w.org\/{rel}","templated":true}]}}