{"id":308,"date":"2018-05-13T16:15:00","date_gmt":"2018-05-13T14:15:00","guid":{"rendered":"https:\/\/pans.krosno.pl\/fundusze-europejskie-kursy\/?p=308"},"modified":"2020-05-13T16:17:21","modified_gmt":"2020-05-13T14:17:21","slug":"targi-pracy-pracodawcy-z-regionu-w-pwsz-w-krosnie","status":"publish","type":"post","link":"https:\/\/pans.krosno.pl\/fundusze-zewnetrzne\/targi-pracy-pracodawcy-z-regionu-w-pwsz-w-krosnie\/","title":{"rendered":"Targi Pracy &#8211; pracodawcy z regionu w PWSZ w Kro\u015bnie"},"content":{"rendered":"\n<p>W dniu 23 marca 2018 roku w Kampusie Techniczno-Sportowym PWSZ w Kro\u015bnie odby\u0142y si\u0119 Targi Pracy organizowane przez Biuro Karier PWSZ w Kro\u015bnie oraz Wojew\u00f3dzk\u0105 Komend\u0119 Ochotniczych Hufc\u00f3w Pracy w Rzeszowie, CEiPM OHP w Kro\u015bnie w ramach projektu pn. &#8222;Zaplanuj swoj\u0105 przysz\u0142o\u015b\u0107 z Akademickim Biurem Karier w PWSZ w Kro\u015bnie&#8221; wsp\u00f3\u0142finansowanego ze \u015brodk\u00f3w Europejskiego Funduszu Spo\u0142ecznego w ramach Programu Operacyjnego Wiedza Edukacja Rozw\u00f3j.<\/p>\n\n\n\n<figure class=\"wp-block-image size-large\"><img loading=\"lazy\" decoding=\"async\" width=\"960\" height=\"679\" src=\"https:\/\/pans.krosno.pl\/fundusze-europejskie-kursy\/wp-content\/uploads\/sites\/14\/2020\/05\/baner_targi_pracy_2018a.jpg\" alt=\"\" class=\"wp-image-314\" srcset=\"https:\/\/pans.krosno.pl\/fundusze-zewnetrzne\/wp-content\/uploads\/sites\/14\/2020\/05\/baner_targi_pracy_2018a.jpg 960w, https:\/\/pans.krosno.pl\/fundusze-zewnetrzne\/wp-content\/uploads\/sites\/14\/2020\/05\/baner_targi_pracy_2018a-300x212.jpg 300w, https:\/\/pans.krosno.pl\/fundusze-zewnetrzne\/wp-content\/uploads\/sites\/14\/2020\/05\/baner_targi_pracy_2018a-768x543.jpg 768w, https:\/\/pans.krosno.pl\/fundusze-zewnetrzne\/wp-content\/uploads\/sites\/14\/2020\/05\/baner_targi_pracy_2018a-800x566.jpg 800w, https:\/\/pans.krosno.pl\/fundusze-zewnetrzne\/wp-content\/uploads\/sites\/14\/2020\/05\/baner_targi_pracy_2018a-580x410.jpg 580w\" sizes=\"auto, (max-width: 960px) 100vw, 960px\" \/><\/figure>\n\n\n\n<p>Tegoroczna edycja Targ\u00f3w zgromadzi\u0142a ponad czterdziestu wystawc\u00f3w, w tym najwi\u0119ksze firmy z naszego regionu i oko\u0142o tysi\u0105ca uczestnik\u00f3w, absolwent\u00f3w i student\u00f3w PWSZ w Kro\u015bnie, uczni\u00f3w szk\u00f3\u0142 ponadgimnazjalnych oraz os\u00f3b poszukuj\u0105cych pracy.<\/p>\n\n\n\n<p>Patronat honorowy nad wydarzeniem obj\u0119li Piotr Przytocki, Prezydent Miasta Krosna oraz prof. dr hab. Grzegorz Przebinda, Rektor PWSZ w Kro\u015bnie.<\/p>\n\n\n\n<figure class=\"wp-block-image size-large\"><img loading=\"lazy\" decoding=\"async\" width=\"960\" height=\"640\" src=\"https:\/\/pans.krosno.pl\/fundusze-europejskie-kursy\/wp-content\/uploads\/sites\/14\/2020\/05\/dsc_7697.jpg\" alt=\"\" class=\"wp-image-313\" srcset=\"https:\/\/pans.krosno.pl\/fundusze-zewnetrzne\/wp-content\/uploads\/sites\/14\/2020\/05\/dsc_7697.jpg 960w, https:\/\/pans.krosno.pl\/fundusze-zewnetrzne\/wp-content\/uploads\/sites\/14\/2020\/05\/dsc_7697-300x200.jpg 300w, https:\/\/pans.krosno.pl\/fundusze-zewnetrzne\/wp-content\/uploads\/sites\/14\/2020\/05\/dsc_7697-768x512.jpg 768w, https:\/\/pans.krosno.pl\/fundusze-zewnetrzne\/wp-content\/uploads\/sites\/14\/2020\/05\/dsc_7697-800x533.jpg 800w, https:\/\/pans.krosno.pl\/fundusze-zewnetrzne\/wp-content\/uploads\/sites\/14\/2020\/05\/dsc_7697-580x387.jpg 580w\" sizes=\"auto, (max-width: 960px) 100vw, 960px\" \/><\/figure>\n\n\n\n<p>Kilkadziesi\u0105t ofert pracy, praktyk i sta\u017cy, warsztaty oraz wyk\u0142ady to bogata oferta, kt\u00f3ra przygotowana zosta\u0142a dla zwiedzaj\u0105cych Targi. Uczestnicy warsztat\u00f3w mogli dowiedzie\u0107 si\u0119 wi\u0119cej o rekrutacji prowadzonej w Grupie Nowy Styl oraz o mo\u017cliwo\u015bciach rekrutacyjnych do Stra\u017cy Granicznej. Doradcy zawodowi i pracodawcy przeprowadzili szkolenia pn.&#8221;Kapita\u0142 Kariery&#8221; we wsp\u00f3\u0142pracy z Centrum Informacji i Planowania Kariery Zawodowej Wojew\u00f3dzkiego Urz\u0119du Pracy w Rzeszowie Oddzia\u0142 Zamiejscowy w Kro\u015bnie,&nbsp;&#8222;Jak kszta\u0142towa\u0107 swoj\u0105 \u015bcie\u017ck\u0119 zawodow\u0105? Tw\u00f3j nowy styl w poszukiwaniu pracy&#8221; we wsp\u00f3\u0142pracy z Grup\u0105 Nowy Styl,&nbsp;&#8222;Student na wolnym rynku pracy&#8221; we wsp\u00f3\u0142pracy z Kro\u015bnie\u0144skim Zrzeszeniem Kupc\u00f3w, Przedsi\u0119biorc\u00f3w i Gastronomik\u00f3w w Kro\u015bnie.<\/p>\n\n\n\n<figure class=\"wp-block-image size-large\"><img loading=\"lazy\" decoding=\"async\" width=\"960\" height=\"640\" src=\"https:\/\/pans.krosno.pl\/fundusze-europejskie-kursy\/wp-content\/uploads\/sites\/14\/2020\/05\/29512168_1648763628493067_6144760574900363619_n.jpg\" alt=\"\" class=\"wp-image-312\" srcset=\"https:\/\/pans.krosno.pl\/fundusze-zewnetrzne\/wp-content\/uploads\/sites\/14\/2020\/05\/29512168_1648763628493067_6144760574900363619_n.jpg 960w, https:\/\/pans.krosno.pl\/fundusze-zewnetrzne\/wp-content\/uploads\/sites\/14\/2020\/05\/29512168_1648763628493067_6144760574900363619_n-300x200.jpg 300w, https:\/\/pans.krosno.pl\/fundusze-zewnetrzne\/wp-content\/uploads\/sites\/14\/2020\/05\/29512168_1648763628493067_6144760574900363619_n-768x512.jpg 768w, https:\/\/pans.krosno.pl\/fundusze-zewnetrzne\/wp-content\/uploads\/sites\/14\/2020\/05\/29512168_1648763628493067_6144760574900363619_n-800x533.jpg 800w, https:\/\/pans.krosno.pl\/fundusze-zewnetrzne\/wp-content\/uploads\/sites\/14\/2020\/05\/29512168_1648763628493067_6144760574900363619_n-580x387.jpg 580w\" sizes=\"auto, (max-width: 960px) 100vw, 960px\" \/><\/figure>\n\n\n\n<p>Osoby odwiedzaj\u0105ce Targi mia\u0142y mo\u017cliwo\u015b\u0107 uzyskania informacji od pracownik\u00f3w ZUS, Pa\u0144stwowej Inspekcji Pracy, PUP oraz WUP CIiPKZ w Kro\u015bnie nt. dzia\u0142alno\u015bci gospodarczej, zawierania um\u00f3w o prac\u0119 oraz jak napisa\u0107 CV i przygotowa\u0107 si\u0119 do rozmowy kwalifikacyjnej.<\/p>\n\n\n\n<figure class=\"wp-block-image size-large\"><img loading=\"lazy\" decoding=\"async\" width=\"960\" height=\"640\" src=\"https:\/\/pans.krosno.pl\/fundusze-europejskie-kursy\/wp-content\/uploads\/sites\/14\/2020\/05\/29542466_1648765005159596_3616570024400363763_n.jpg\" alt=\"\" class=\"wp-image-311\" srcset=\"https:\/\/pans.krosno.pl\/fundusze-zewnetrzne\/wp-content\/uploads\/sites\/14\/2020\/05\/29542466_1648765005159596_3616570024400363763_n.jpg 960w, https:\/\/pans.krosno.pl\/fundusze-zewnetrzne\/wp-content\/uploads\/sites\/14\/2020\/05\/29542466_1648765005159596_3616570024400363763_n-300x200.jpg 300w, https:\/\/pans.krosno.pl\/fundusze-zewnetrzne\/wp-content\/uploads\/sites\/14\/2020\/05\/29542466_1648765005159596_3616570024400363763_n-768x512.jpg 768w, https:\/\/pans.krosno.pl\/fundusze-zewnetrzne\/wp-content\/uploads\/sites\/14\/2020\/05\/29542466_1648765005159596_3616570024400363763_n-800x533.jpg 800w, https:\/\/pans.krosno.pl\/fundusze-zewnetrzne\/wp-content\/uploads\/sites\/14\/2020\/05\/29542466_1648765005159596_3616570024400363763_n-580x387.jpg 580w\" sizes=\"auto, (max-width: 960px) 100vw, 960px\" \/><\/figure>\n\n\n\n<figure class=\"wp-block-image size-large\"><img loading=\"lazy\" decoding=\"async\" width=\"960\" height=\"640\" src=\"https:\/\/pans.krosno.pl\/fundusze-europejskie-kursy\/wp-content\/uploads\/sites\/14\/2020\/05\/dsc_8232.jpg\" alt=\"\" class=\"wp-image-310\" srcset=\"https:\/\/pans.krosno.pl\/fundusze-zewnetrzne\/wp-content\/uploads\/sites\/14\/2020\/05\/dsc_8232.jpg 960w, https:\/\/pans.krosno.pl\/fundusze-zewnetrzne\/wp-content\/uploads\/sites\/14\/2020\/05\/dsc_8232-300x200.jpg 300w, https:\/\/pans.krosno.pl\/fundusze-zewnetrzne\/wp-content\/uploads\/sites\/14\/2020\/05\/dsc_8232-768x512.jpg 768w, https:\/\/pans.krosno.pl\/fundusze-zewnetrzne\/wp-content\/uploads\/sites\/14\/2020\/05\/dsc_8232-800x533.jpg 800w, https:\/\/pans.krosno.pl\/fundusze-zewnetrzne\/wp-content\/uploads\/sites\/14\/2020\/05\/dsc_8232-580x387.jpg 580w\" sizes=\"auto, (max-width: 960px) 100vw, 960px\" \/><\/figure>\n\n\n\n<figure class=\"wp-block-image size-large\"><img loading=\"lazy\" decoding=\"async\" width=\"960\" height=\"640\" src=\"https:\/\/pans.krosno.pl\/fundusze-europejskie-kursy\/wp-content\/uploads\/sites\/14\/2020\/05\/dsc_8254.jpg\" alt=\"\" class=\"wp-image-309\" srcset=\"https:\/\/pans.krosno.pl\/fundusze-zewnetrzne\/wp-content\/uploads\/sites\/14\/2020\/05\/dsc_8254.jpg 960w, https:\/\/pans.krosno.pl\/fundusze-zewnetrzne\/wp-content\/uploads\/sites\/14\/2020\/05\/dsc_8254-300x200.jpg 300w, https:\/\/pans.krosno.pl\/fundusze-zewnetrzne\/wp-content\/uploads\/sites\/14\/2020\/05\/dsc_8254-768x512.jpg 768w, https:\/\/pans.krosno.pl\/fundusze-zewnetrzne\/wp-content\/uploads\/sites\/14\/2020\/05\/dsc_8254-800x533.jpg 800w, https:\/\/pans.krosno.pl\/fundusze-zewnetrzne\/wp-content\/uploads\/sites\/14\/2020\/05\/dsc_8254-580x387.jpg 580w\" sizes=\"auto, (max-width: 960px) 100vw, 960px\" \/><\/figure>\n\n\n\n<p>G\u0142\u00f3wnym celem Targ\u00f3w jest pomoc m\u0142odzie\u017cy w wej\u015bciu na rynek pracy, w poszukiwaniu zatrudnienia wraz z mo\u017cliwo\u015bci\u0105 bezpo\u015bredniego znalezienia pracy. Udzia\u0142 w warsztatach tematycznych by\u0142 dla uczestnik\u00f3w okazj\u0105 do doskonalenia umiej\u0119tno\u015bci poruszania si\u0119 po wsp\u00f3\u0142czesnym rynku pracy. Ich uczestnicy dowiedzieli si\u0119 o potrzebie kszta\u0142cenia przez ca\u0142e \u017cycie oraz o konieczno\u015bci szybkiego przekwalifikowania si\u0119, zgodnie ze zmieniaj\u0105cym si\u0119 zapotrzebowaniem wsp\u00f3\u0142czesnego rynku pracy.<\/p>\n\n\n\n<p>Targi Pracy z roku na rok ciesz\u0105 si\u0119 coraz wi\u0119kszym zainteresowaniem, zar\u00f3wno w\u015br\u00f3d odwiedzaj\u0105cych, jak i pracodawc\u00f3w, co wskazuje na potrzeb\u0119 ich organizacji.<\/p>\n","protected":false},"excerpt":{"rendered":"<p>W dniu 23 marca 2018 roku w Kampusie Techniczno-Sportowym PWSZ w Kro\u015bnie odby\u0142y si\u0119 Targi Pracy organizowane przez Biuro Karier PWSZ w Kro\u015bnie oraz Wojew\u00f3dzk\u0105 Komend\u0119 Ochotniczych Hufc\u00f3w Pracy w Rzeszowie, CEiPM OHP w Kro\u015bnie w ramach projektu pn. &#8222;Zaplanuj swoj\u0105 przysz\u0142o\u015b\u0107 z Akademickim Biurem Karier w PWSZ w Kro\u015bnie&#8221; [\u2026] <\/p>\n<div class=\"clear\"><\/div>\n<p><a class=\"more_link clearfix\" href=\"https:\/\/pans.krosno.pl\/fundusze-zewnetrzne\/targi-pracy-pracodawcy-z-regionu-w-pwsz-w-krosnie\/\" rel=\"nofollow\">Read More<\/a><\/p>\n","protected":false},"author":27,"featured_media":315,"comment_status":"open","ping_status":"open","sticky":false,"template":"","format":"standard","meta":{"ngg_post_thumbnail":0,"footnotes":""},"categories":[6],"tags":[],"class_list":["post-308","post","type-post","status-publish","format-standard","has-post-thumbnail","hentry","category-biuro-karier"],"yoast_head":"<!-- This site is optimized with the Yoast SEO Premium plugin v27.4 (Yoast SEO v27.4) - https:\/\/yoast.com\/product\/yoast-seo-premium-wordpress\/ -->\n<title>Targi Pracy - pracodawcy z regionu w PWSZ w Kro\u015bnie - Fundusze zewn\u0119trzne PANS w Kro\u015bnie<\/title>\n<meta name=\"robots\" content=\"index, follow, max-snippet:-1, max-image-preview:large, max-video-preview:-1\" \/>\n<link rel=\"canonical\" href=\"https:\/\/pans.krosno.pl\/fundusze-zewnetrzne\/targi-pracy-pracodawcy-z-regionu-w-pwsz-w-krosnie\/\" \/>\n<meta property=\"og:locale\" content=\"pl_PL\" \/>\n<meta property=\"og:type\" content=\"article\" \/>\n<meta property=\"og:title\" content=\"Targi Pracy - pracodawcy z regionu w PWSZ w Kro\u015bnie\" \/>\n<meta property=\"og:description\" content=\"W dniu 23 marca 2018 roku w Kampusie Techniczno-Sportowym PWSZ w Kro\u015bnie odby\u0142y si\u0119 Targi Pracy organizowane przez Biuro Karier PWSZ w Kro\u015bnie oraz Wojew\u00f3dzk\u0105 Komend\u0119 Ochotniczych Hufc\u00f3w Pracy w Rzeszowie, CEiPM OHP w Kro\u015bnie w ramach projektu pn. &#8222;Zaplanuj swoj\u0105 przysz\u0142o\u015b\u0107 z Akademickim Biurem Karier w PWSZ w Kro\u015bnie&#8221; [\u2026] Read More\" \/>\n<meta property=\"og:url\" content=\"https:\/\/pans.krosno.pl\/fundusze-zewnetrzne\/targi-pracy-pracodawcy-z-regionu-w-pwsz-w-krosnie\/\" \/>\n<meta property=\"og:site_name\" content=\"Fundusze zewn\u0119trzne PANS w Kro\u015bnie\" \/>\n<meta property=\"article:published_time\" content=\"2018-05-13T14:15:00+00:00\" \/>\n<meta property=\"article:modified_time\" content=\"2020-05-13T14:17:21+00:00\" \/>\n<meta property=\"og:image\" content=\"https:\/\/pans.krosno.pl\/wp-content\/uploads\/sites\/14\/2020\/05\/baner_targi_pracy_2018a-1.jpg\" \/>\n\t<meta property=\"og:image:width\" content=\"960\" \/>\n\t<meta property=\"og:image:height\" content=\"679\" \/>\n\t<meta property=\"og:image:type\" content=\"image\/jpeg\" \/>\n<meta name=\"author\" content=\"maciejpolchlopek\" \/>\n<meta name=\"twitter:card\" content=\"summary_large_image\" \/>\n<meta name=\"twitter:label1\" content=\"Napisane przez\" \/>\n\t<meta name=\"twitter:data1\" content=\"maciejpolchlopek\" \/>\n\t<meta name=\"twitter:label2\" content=\"Szacowany czas czytania\" \/>\n\t<meta name=\"twitter:data2\" content=\"2 minuty\" \/>\n<script type=\"application\/ld+json\" class=\"yoast-schema-graph\">{\"@context\":\"https:\\\/\\\/schema.org\",\"@graph\":[{\"@type\":\"Article\",\"@id\":\"https:\\\/\\\/pans.krosno.pl\\\/fundusze-zewnetrzne\\\/targi-pracy-pracodawcy-z-regionu-w-pwsz-w-krosnie\\\/#article\",\"isPartOf\":{\"@id\":\"https:\\\/\\\/pans.krosno.pl\\\/fundusze-zewnetrzne\\\/targi-pracy-pracodawcy-z-regionu-w-pwsz-w-krosnie\\\/\"},\"author\":{\"name\":\"maciejpolchlopek\",\"@id\":\"https:\\\/\\\/pans.krosno.pl\\\/fundusze-zewnetrzne\\\/#\\\/schema\\\/person\\\/c1c9d6d593d357f87d9a7d7e44daa34e\"},\"headline\":\"Targi Pracy &#8211; pracodawcy z regionu w PWSZ w Kro\u015bnie\",\"datePublished\":\"2018-05-13T14:15:00+00:00\",\"dateModified\":\"2020-05-13T14:17:21+00:00\",\"mainEntityOfPage\":{\"@id\":\"https:\\\/\\\/pans.krosno.pl\\\/fundusze-zewnetrzne\\\/targi-pracy-pracodawcy-z-regionu-w-pwsz-w-krosnie\\\/\"},\"wordCount\":429,\"commentCount\":0,\"publisher\":{\"@id\":\"https:\\\/\\\/pans.krosno.pl\\\/fundusze-zewnetrzne\\\/#organization\"},\"image\":{\"@id\":\"https:\\\/\\\/pans.krosno.pl\\\/fundusze-zewnetrzne\\\/targi-pracy-pracodawcy-z-regionu-w-pwsz-w-krosnie\\\/#primaryimage\"},\"thumbnailUrl\":\"https:\\\/\\\/pans.krosno.pl\\\/fundusze-zewnetrzne\\\/wp-content\\\/uploads\\\/sites\\\/14\\\/2020\\\/05\\\/baner_targi_pracy_2018a-1.jpg\",\"articleSection\":[\"Biuro karier\"],\"inLanguage\":\"pl-PL\",\"potentialAction\":[{\"@type\":\"CommentAction\",\"name\":\"Comment\",\"target\":[\"https:\\\/\\\/pans.krosno.pl\\\/fundusze-zewnetrzne\\\/targi-pracy-pracodawcy-z-regionu-w-pwsz-w-krosnie\\\/#respond\"]}]},{\"@type\":\"WebPage\",\"@id\":\"https:\\\/\\\/pans.krosno.pl\\\/fundusze-zewnetrzne\\\/targi-pracy-pracodawcy-z-regionu-w-pwsz-w-krosnie\\\/\",\"url\":\"https:\\\/\\\/pans.krosno.pl\\\/fundusze-zewnetrzne\\\/targi-pracy-pracodawcy-z-regionu-w-pwsz-w-krosnie\\\/\",\"name\":\"Targi Pracy - pracodawcy z regionu w PWSZ w Kro\u015bnie - Fundusze zewn\u0119trzne PANS w Kro\u015bnie\",\"isPartOf\":{\"@id\":\"https:\\\/\\\/pans.krosno.pl\\\/fundusze-zewnetrzne\\\/#website\"},\"primaryImageOfPage\":{\"@id\":\"https:\\\/\\\/pans.krosno.pl\\\/fundusze-zewnetrzne\\\/targi-pracy-pracodawcy-z-regionu-w-pwsz-w-krosnie\\\/#primaryimage\"},\"image\":{\"@id\":\"https:\\\/\\\/pans.krosno.pl\\\/fundusze-zewnetrzne\\\/targi-pracy-pracodawcy-z-regionu-w-pwsz-w-krosnie\\\/#primaryimage\"},\"thumbnailUrl\":\"https:\\\/\\\/pans.krosno.pl\\\/fundusze-zewnetrzne\\\/wp-content\\\/uploads\\\/sites\\\/14\\\/2020\\\/05\\\/baner_targi_pracy_2018a-1.jpg\",\"datePublished\":\"2018-05-13T14:15:00+00:00\",\"dateModified\":\"2020-05-13T14:17:21+00:00\",\"breadcrumb\":{\"@id\":\"https:\\\/\\\/pans.krosno.pl\\\/fundusze-zewnetrzne\\\/targi-pracy-pracodawcy-z-regionu-w-pwsz-w-krosnie\\\/#breadcrumb\"},\"inLanguage\":\"pl-PL\",\"potentialAction\":[{\"@type\":\"ReadAction\",\"target\":[\"https:\\\/\\\/pans.krosno.pl\\\/fundusze-zewnetrzne\\\/targi-pracy-pracodawcy-z-regionu-w-pwsz-w-krosnie\\\/\"]}]},{\"@type\":\"ImageObject\",\"inLanguage\":\"pl-PL\",\"@id\":\"https:\\\/\\\/pans.krosno.pl\\\/fundusze-zewnetrzne\\\/targi-pracy-pracodawcy-z-regionu-w-pwsz-w-krosnie\\\/#primaryimage\",\"url\":\"https:\\\/\\\/pans.krosno.pl\\\/fundusze-zewnetrzne\\\/wp-content\\\/uploads\\\/sites\\\/14\\\/2020\\\/05\\\/baner_targi_pracy_2018a-1.jpg\",\"contentUrl\":\"https:\\\/\\\/pans.krosno.pl\\\/fundusze-zewnetrzne\\\/wp-content\\\/uploads\\\/sites\\\/14\\\/2020\\\/05\\\/baner_targi_pracy_2018a-1.jpg\",\"width\":960,\"height\":679},{\"@type\":\"BreadcrumbList\",\"@id\":\"https:\\\/\\\/pans.krosno.pl\\\/fundusze-zewnetrzne\\\/targi-pracy-pracodawcy-z-regionu-w-pwsz-w-krosnie\\\/#breadcrumb\",\"itemListElement\":[{\"@type\":\"ListItem\",\"position\":1,\"name\":\"Strona g\u0142\u00f3wna\",\"item\":\"https:\\\/\\\/pans.krosno.pl\\\/fundusze-zewnetrzne\\\/\"},{\"@type\":\"ListItem\",\"position\":2,\"name\":\"Targi Pracy &#8211; pracodawcy z regionu w PWSZ w Kro\u015bnie\"}]},{\"@type\":\"WebSite\",\"@id\":\"https:\\\/\\\/pans.krosno.pl\\\/fundusze-zewnetrzne\\\/#website\",\"url\":\"https:\\\/\\\/pans.krosno.pl\\\/fundusze-zewnetrzne\\\/\",\"name\":\"Fundusze zewn\u0119trzne PANS w Kro\u015bnie\",\"description\":\"Fundusze zewn\u0119trzne  - Pa\u0144stwowa Akademia Nauk Stosowanych\",\"publisher\":{\"@id\":\"https:\\\/\\\/pans.krosno.pl\\\/fundusze-zewnetrzne\\\/#organization\"},\"potentialAction\":[{\"@type\":\"SearchAction\",\"target\":{\"@type\":\"EntryPoint\",\"urlTemplate\":\"https:\\\/\\\/pans.krosno.pl\\\/fundusze-zewnetrzne\\\/?s={search_term_string}\"},\"query-input\":{\"@type\":\"PropertyValueSpecification\",\"valueRequired\":true,\"valueName\":\"search_term_string\"}}],\"inLanguage\":\"pl-PL\"},{\"@type\":\"Organization\",\"@id\":\"https:\\\/\\\/pans.krosno.pl\\\/fundusze-zewnetrzne\\\/#organization\",\"name\":\"Fundusze zewn\u0119trzne PANS w Kro\u015bnie\",\"url\":\"https:\\\/\\\/pans.krosno.pl\\\/fundusze-zewnetrzne\\\/\",\"logo\":{\"@type\":\"ImageObject\",\"inLanguage\":\"pl-PL\",\"@id\":\"https:\\\/\\\/pans.krosno.pl\\\/fundusze-zewnetrzne\\\/#\\\/schema\\\/logo\\\/image\\\/\",\"url\":\"https:\\\/\\\/pans.krosno.pl\\\/fundusze-zewnetrzne\\\/wp-content\\\/uploads\\\/sites\\\/14\\\/2023\\\/01\\\/Logo-PANS-2022-pelne.png\",\"contentUrl\":\"https:\\\/\\\/pans.krosno.pl\\\/fundusze-zewnetrzne\\\/wp-content\\\/uploads\\\/sites\\\/14\\\/2023\\\/01\\\/Logo-PANS-2022-pelne.png\",\"width\":3096,\"height\":696,\"caption\":\"Fundusze zewn\u0119trzne PANS w Kro\u015bnie\"},\"image\":{\"@id\":\"https:\\\/\\\/pans.krosno.pl\\\/fundusze-zewnetrzne\\\/#\\\/schema\\\/logo\\\/image\\\/\"}},{\"@type\":\"Person\",\"@id\":\"https:\\\/\\\/pans.krosno.pl\\\/fundusze-zewnetrzne\\\/#\\\/schema\\\/person\\\/c1c9d6d593d357f87d9a7d7e44daa34e\",\"name\":\"maciejpolchlopek\",\"image\":{\"@type\":\"ImageObject\",\"inLanguage\":\"pl-PL\",\"@id\":\"https:\\\/\\\/secure.gravatar.com\\\/avatar\\\/2fadd549eeed4871c9aa96e96d8519cac8006657ce091e11a5f0ba8a8f5dca66?s=96&d=mm&r=g\",\"url\":\"https:\\\/\\\/secure.gravatar.com\\\/avatar\\\/2fadd549eeed4871c9aa96e96d8519cac8006657ce091e11a5f0ba8a8f5dca66?s=96&d=mm&r=g\",\"contentUrl\":\"https:\\\/\\\/secure.gravatar.com\\\/avatar\\\/2fadd549eeed4871c9aa96e96d8519cac8006657ce091e11a5f0ba8a8f5dca66?s=96&d=mm&r=g\",\"caption\":\"maciejpolchlopek\"},\"url\":\"https:\\\/\\\/pans.krosno.pl\\\/fundusze-zewnetrzne\\\/author\\\/maciejpolchlopek\\\/\"}]}<\/script>\n<!-- \/ Yoast SEO Premium plugin. -->","yoast_head_json":{"title":"Targi Pracy - pracodawcy z regionu w PWSZ w Kro\u015bnie - Fundusze zewn\u0119trzne PANS w Kro\u015bnie","robots":{"index":"index","follow":"follow","max-snippet":"max-snippet:-1","max-image-preview":"max-image-preview:large","max-video-preview":"max-video-preview:-1"},"canonical":"https:\/\/pans.krosno.pl\/fundusze-zewnetrzne\/targi-pracy-pracodawcy-z-regionu-w-pwsz-w-krosnie\/","og_locale":"pl_PL","og_type":"article","og_title":"Targi Pracy - pracodawcy z regionu w PWSZ w Kro\u015bnie","og_description":"W dniu 23 marca 2018 roku w Kampusie Techniczno-Sportowym PWSZ w Kro\u015bnie odby\u0142y si\u0119 Targi Pracy organizowane przez Biuro Karier PWSZ w Kro\u015bnie oraz Wojew\u00f3dzk\u0105 Komend\u0119 Ochotniczych Hufc\u00f3w Pracy w Rzeszowie, CEiPM OHP w Kro\u015bnie w ramach projektu pn. &#8222;Zaplanuj swoj\u0105 przysz\u0142o\u015b\u0107 z Akademickim Biurem Karier w PWSZ w Kro\u015bnie&#8221; [\u2026] Read More","og_url":"https:\/\/pans.krosno.pl\/fundusze-zewnetrzne\/targi-pracy-pracodawcy-z-regionu-w-pwsz-w-krosnie\/","og_site_name":"Fundusze zewn\u0119trzne PANS w Kro\u015bnie","article_published_time":"2018-05-13T14:15:00+00:00","article_modified_time":"2020-05-13T14:17:21+00:00","og_image":[{"width":960,"height":679,"url":"https:\/\/pans.krosno.pl\/wp-content\/uploads\/sites\/14\/2020\/05\/baner_targi_pracy_2018a-1.jpg","type":"image\/jpeg"}],"author":"maciejpolchlopek","twitter_card":"summary_large_image","twitter_misc":{"Napisane przez":"maciejpolchlopek","Szacowany czas czytania":"2 minuty"},"schema":{"@context":"https:\/\/schema.org","@graph":[{"@type":"Article","@id":"https:\/\/pans.krosno.pl\/fundusze-zewnetrzne\/targi-pracy-pracodawcy-z-regionu-w-pwsz-w-krosnie\/#article","isPartOf":{"@id":"https:\/\/pans.krosno.pl\/fundusze-zewnetrzne\/targi-pracy-pracodawcy-z-regionu-w-pwsz-w-krosnie\/"},"author":{"name":"maciejpolchlopek","@id":"https:\/\/pans.krosno.pl\/fundusze-zewnetrzne\/#\/schema\/person\/c1c9d6d593d357f87d9a7d7e44daa34e"},"headline":"Targi Pracy &#8211; pracodawcy z regionu w PWSZ w Kro\u015bnie","datePublished":"2018-05-13T14:15:00+00:00","dateModified":"2020-05-13T14:17:21+00:00","mainEntityOfPage":{"@id":"https:\/\/pans.krosno.pl\/fundusze-zewnetrzne\/targi-pracy-pracodawcy-z-regionu-w-pwsz-w-krosnie\/"},"wordCount":429,"commentCount":0,"publisher":{"@id":"https:\/\/pans.krosno.pl\/fundusze-zewnetrzne\/#organization"},"image":{"@id":"https:\/\/pans.krosno.pl\/fundusze-zewnetrzne\/targi-pracy-pracodawcy-z-regionu-w-pwsz-w-krosnie\/#primaryimage"},"thumbnailUrl":"https:\/\/pans.krosno.pl\/fundusze-zewnetrzne\/wp-content\/uploads\/sites\/14\/2020\/05\/baner_targi_pracy_2018a-1.jpg","articleSection":["Biuro karier"],"inLanguage":"pl-PL","potentialAction":[{"@type":"CommentAction","name":"Comment","target":["https:\/\/pans.krosno.pl\/fundusze-zewnetrzne\/targi-pracy-pracodawcy-z-regionu-w-pwsz-w-krosnie\/#respond"]}]},{"@type":"WebPage","@id":"https:\/\/pans.krosno.pl\/fundusze-zewnetrzne\/targi-pracy-pracodawcy-z-regionu-w-pwsz-w-krosnie\/","url":"https:\/\/pans.krosno.pl\/fundusze-zewnetrzne\/targi-pracy-pracodawcy-z-regionu-w-pwsz-w-krosnie\/","name":"Targi Pracy - pracodawcy z regionu w PWSZ w Kro\u015bnie - Fundusze zewn\u0119trzne PANS w Kro\u015bnie","isPartOf":{"@id":"https:\/\/pans.krosno.pl\/fundusze-zewnetrzne\/#website"},"primaryImageOfPage":{"@id":"https:\/\/pans.krosno.pl\/fundusze-zewnetrzne\/targi-pracy-pracodawcy-z-regionu-w-pwsz-w-krosnie\/#primaryimage"},"image":{"@id":"https:\/\/pans.krosno.pl\/fundusze-zewnetrzne\/targi-pracy-pracodawcy-z-regionu-w-pwsz-w-krosnie\/#primaryimage"},"thumbnailUrl":"https:\/\/pans.krosno.pl\/fundusze-zewnetrzne\/wp-content\/uploads\/sites\/14\/2020\/05\/baner_targi_pracy_2018a-1.jpg","datePublished":"2018-05-13T14:15:00+00:00","dateModified":"2020-05-13T14:17:21+00:00","breadcrumb":{"@id":"https:\/\/pans.krosno.pl\/fundusze-zewnetrzne\/targi-pracy-pracodawcy-z-regionu-w-pwsz-w-krosnie\/#breadcrumb"},"inLanguage":"pl-PL","potentialAction":[{"@type":"ReadAction","target":["https:\/\/pans.krosno.pl\/fundusze-zewnetrzne\/targi-pracy-pracodawcy-z-regionu-w-pwsz-w-krosnie\/"]}]},{"@type":"ImageObject","inLanguage":"pl-PL","@id":"https:\/\/pans.krosno.pl\/fundusze-zewnetrzne\/targi-pracy-pracodawcy-z-regionu-w-pwsz-w-krosnie\/#primaryimage","url":"https:\/\/pans.krosno.pl\/fundusze-zewnetrzne\/wp-content\/uploads\/sites\/14\/2020\/05\/baner_targi_pracy_2018a-1.jpg","contentUrl":"https:\/\/pans.krosno.pl\/fundusze-zewnetrzne\/wp-content\/uploads\/sites\/14\/2020\/05\/baner_targi_pracy_2018a-1.jpg","width":960,"height":679},{"@type":"BreadcrumbList","@id":"https:\/\/pans.krosno.pl\/fundusze-zewnetrzne\/targi-pracy-pracodawcy-z-regionu-w-pwsz-w-krosnie\/#breadcrumb","itemListElement":[{"@type":"ListItem","position":1,"name":"Strona g\u0142\u00f3wna","item":"https:\/\/pans.krosno.pl\/fundusze-zewnetrzne\/"},{"@type":"ListItem","position":2,"name":"Targi Pracy &#8211; pracodawcy z regionu w PWSZ w Kro\u015bnie"}]},{"@type":"WebSite","@id":"https:\/\/pans.krosno.pl\/fundusze-zewnetrzne\/#website","url":"https:\/\/pans.krosno.pl\/fundusze-zewnetrzne\/","name":"Fundusze zewn\u0119trzne PANS w Kro\u015bnie","description":"Fundusze zewn\u0119trzne  - Pa\u0144stwowa Akademia Nauk Stosowanych","publisher":{"@id":"https:\/\/pans.krosno.pl\/fundusze-zewnetrzne\/#organization"},"potentialAction":[{"@type":"SearchAction","target":{"@type":"EntryPoint","urlTemplate":"https:\/\/pans.krosno.pl\/fundusze-zewnetrzne\/?s={search_term_string}"},"query-input":{"@type":"PropertyValueSpecification","valueRequired":true,"valueName":"search_term_string"}}],"inLanguage":"pl-PL"},{"@type":"Organization","@id":"https:\/\/pans.krosno.pl\/fundusze-zewnetrzne\/#organization","name":"Fundusze zewn\u0119trzne PANS w Kro\u015bnie","url":"https:\/\/pans.krosno.pl\/fundusze-zewnetrzne\/","logo":{"@type":"ImageObject","inLanguage":"pl-PL","@id":"https:\/\/pans.krosno.pl\/fundusze-zewnetrzne\/#\/schema\/logo\/image\/","url":"https:\/\/pans.krosno.pl\/fundusze-zewnetrzne\/wp-content\/uploads\/sites\/14\/2023\/01\/Logo-PANS-2022-pelne.png","contentUrl":"https:\/\/pans.krosno.pl\/fundusze-zewnetrzne\/wp-content\/uploads\/sites\/14\/2023\/01\/Logo-PANS-2022-pelne.png","width":3096,"height":696,"caption":"Fundusze zewn\u0119trzne PANS w Kro\u015bnie"},"image":{"@id":"https:\/\/pans.krosno.pl\/fundusze-zewnetrzne\/#\/schema\/logo\/image\/"}},{"@type":"Person","@id":"https:\/\/pans.krosno.pl\/fundusze-zewnetrzne\/#\/schema\/person\/c1c9d6d593d357f87d9a7d7e44daa34e","name":"maciejpolchlopek","image":{"@type":"ImageObject","inLanguage":"pl-PL","@id":"https:\/\/secure.gravatar.com\/avatar\/2fadd549eeed4871c9aa96e96d8519cac8006657ce091e11a5f0ba8a8f5dca66?s=96&d=mm&r=g","url":"https:\/\/secure.gravatar.com\/avatar\/2fadd549eeed4871c9aa96e96d8519cac8006657ce091e11a5f0ba8a8f5dca66?s=96&d=mm&r=g","contentUrl":"https:\/\/secure.gravatar.com\/avatar\/2fadd549eeed4871c9aa96e96d8519cac8006657ce091e11a5f0ba8a8f5dca66?s=96&d=mm&r=g","caption":"maciejpolchlopek"},"url":"https:\/\/pans.krosno.pl\/fundusze-zewnetrzne\/author\/maciejpolchlopek\/"}]}},"_links":{"self":[{"href":"https:\/\/pans.krosno.pl\/fundusze-zewnetrzne\/wp-json\/wp\/v2\/posts\/308","targetHints":{"allow":["GET"]}}],"collection":[{"href":"https:\/\/pans.krosno.pl\/fundusze-zewnetrzne\/wp-json\/wp\/v2\/posts"}],"about":[{"href":"https:\/\/pans.krosno.pl\/fundusze-zewnetrzne\/wp-json\/wp\/v2\/types\/post"}],"author":[{"embeddable":true,"href":"https:\/\/pans.krosno.pl\/fundusze-zewnetrzne\/wp-json\/wp\/v2\/users\/27"}],"replies":[{"embeddable":true,"href":"https:\/\/pans.krosno.pl\/fundusze-zewnetrzne\/wp-json\/wp\/v2\/comments?post=308"}],"version-history":[{"count":1,"href":"https:\/\/pans.krosno.pl\/fundusze-zewnetrzne\/wp-json\/wp\/v2\/posts\/308\/revisions"}],"predecessor-version":[{"id":316,"href":"https:\/\/pans.krosno.pl\/fundusze-zewnetrzne\/wp-json\/wp\/v2\/posts\/308\/revisions\/316"}],"wp:featuredmedia":[{"embeddable":true,"href":"https:\/\/pans.krosno.pl\/fundusze-zewnetrzne\/wp-json\/wp\/v2\/media\/315"}],"wp:attachment":[{"href":"https:\/\/pans.krosno.pl\/fundusze-zewnetrzne\/wp-json\/wp\/v2\/media?parent=308"}],"wp:term":[{"taxonomy":"category","embeddable":true,"href":"https:\/\/pans.krosno.pl\/fundusze-zewnetrzne\/wp-json\/wp\/v2\/categories?post=308"},{"taxonomy":"post_tag","embeddable":true,"href":"https:\/\/pans.krosno.pl\/fundusze-zewnetrzne\/wp-json\/wp\/v2\/tags?post=308"}],"curies":[{"name":"wp","href":"https:\/\/api.w.org\/{rel}","templated":true}]}}