{"id":291,"date":"2019-03-14T16:12:00","date_gmt":"2019-03-14T15:12:00","guid":{"rendered":"https:\/\/pans.krosno.pl\/fundusze-europejskie-kursy\/?p=291"},"modified":"2020-05-13T16:12:59","modified_gmt":"2020-05-13T14:12:59","slug":"targi-pracy-w-pwsz-w-krosnie-w-dniu-22-marca-2019-r","status":"publish","type":"post","link":"https:\/\/pans.krosno.pl\/fundusze-zewnetrzne\/targi-pracy-w-pwsz-w-krosnie-w-dniu-22-marca-2019-r\/","title":{"rendered":"Targi Pracy w PWSZ w Kro\u015bnie w dniu 22 marca 2019 r."},"content":{"rendered":"\n<p>Targi Pracy organizowane s\u0105 przez Biuro Karier PWSZ w Kro\u015bnie oraz Wojew\u00f3dzk\u0105 Komend\u0119 Ochotniczych Hufc\u00f3w Pracy w Rzeszowie, CEiPM OHP w Kro\u015bnie w ramach projektu pn. &#8222;Zaplanuj swoj\u0105 przysz\u0142o\u015b\u0107 z Akademickim Biurem Karier w PWSZ w Kro\u015bnie nr POWR.03.01.00-00-B039\/17 wsp\u00f3\u0142finansowany ze \u015brodk\u00f3w Europejskiego Funduszu Spo\u0142ecznego w ramach Programu Operacyjnego Wiedza Edukacja Rozw\u00f3j.<\/p>\n\n\n\n<p>Uczestnictwo w Targach Pracy w PWSZ w Kro\u015bnie to niepowtarzalna okazja do zapoznania si\u0119 z aktualn\u0105 sytuacj\u0105 na lokalnym rynku pracy oraz z szerok\u0105 baz\u0105 ofert pracy, praktyk i sta\u017cy oferowanych przez wystawc\u00f3w.&nbsp;<\/p>\n\n\n\n<p>W tegorocznej edycji Targ\u00f3w udzia\u0142 zapowiedzia\u0142o ponad 40 wystawc\u00f3w, w tym najwi\u0119ksze firmy z regionu.<\/p>\n\n\n\n<figure class=\"wp-block-image size-large\"><img loading=\"lazy\" decoding=\"async\" width=\"530\" height=\"740\" src=\"https:\/\/pans.krosno.pl\/fundusze-europejskie-kursy\/wp-content\/uploads\/sites\/14\/2020\/05\/targi_pracy_2019_3_2.jpg\" alt=\"\" class=\"wp-image-292\" srcset=\"https:\/\/pans.krosno.pl\/fundusze-zewnetrzne\/wp-content\/uploads\/sites\/14\/2020\/05\/targi_pracy_2019_3_2.jpg 530w, https:\/\/pans.krosno.pl\/fundusze-zewnetrzne\/wp-content\/uploads\/sites\/14\/2020\/05\/targi_pracy_2019_3_2-215x300.jpg 215w\" sizes=\"auto, (max-width: 530px) 100vw, 530px\" \/><\/figure>\n\n\n\n<p>&nbsp;Osoby odwiedzaj\u0105ce Targi b\u0119d\u0105 mia\u0142y mo\u017cliwo\u015b\u0107 uzyskania informacji dotycz\u0105cych otworzenia w\u0142asnej dzia\u0142alno\u015bci gospodarczej, pozyskania wsparcia finansowego oraz merytorycznego. Pomog\u0105 w tym wystawcy, pracownicy Zak\u0142adu Ubezpiecze\u0144 Spo\u0142ecznych, Pa\u0144stwowej Inspekcji Pracy, Powiatowego Urz\u0119du Pracy w Kro\u015bnie oraz Wojew\u00f3dzkiego Urz\u0119du Pracy w Rzeszowie.&nbsp;Obecni na Targach doradcy zawodowi udziel\u0105 informacji o tym, jak dobrze zaprezentowa\u0107 si\u0119 na rozmowie kwalifikacyjnej, b\u0119d\u0105 s\u0142u\u017cyli wsparciem w przygotowaniu \u017cyciorysu i listu motywacyjnego. Pomog\u0105 r\u00f3wnie\u017c w wyborze odpowiedniej pracy, zgodnej z umiej\u0119tno\u015bciami i zainteresowaniami. Doradca EURES przedstawi ofert\u0119 bezpiecznych wyjazd\u00f3w do pracy za granic\u0119.&nbsp;Doradcy zawodowi i pracodawcy przeprowadz\u0105 szkolenia dla uczestnik\u00f3w\/uczestniczek projektu pn.&#8221;Kapita\u0142 Kariery&#8221; we wsp\u00f3\u0142pracy z Centrum Informacji i Planowania Kariery Zawodowej Wojew\u00f3dzkiego Urz\u0119du Pracy w Rzeszowie Oddzia\u0142 Zamiejscowy w Kro\u015bnie, &#8222;Budowanie marki osobistej&#8221; we wsp\u00f3\u0142pracy z Eba Sp. z o.o., &#8222;Student na wolnym rynku pracy&#8221; we wsp\u00f3\u0142pracy z Kro\u015bnie\u0144skim Zrzeszeniem Kupc\u00f3w, Przedsi\u0119biorc\u00f3w i Gastronomik\u00f3w w Kro\u015bnie.&nbsp;Serdecznie zapraszamy!&nbsp;<\/p>\n","protected":false},"excerpt":{"rendered":"<p>Targi Pracy organizowane s\u0105 przez Biuro Karier PWSZ w Kro\u015bnie oraz Wojew\u00f3dzk\u0105 Komend\u0119 Ochotniczych Hufc\u00f3w Pracy w Rzeszowie, CEiPM OHP w Kro\u015bnie w ramach projektu pn. &#8222;Zaplanuj swoj\u0105 przysz\u0142o\u015b\u0107 z Akademickim Biurem Karier w PWSZ w Kro\u015bnie nr POWR.03.01.00-00-B039\/17 wsp\u00f3\u0142finansowany ze \u015brodk\u00f3w Europejskiego Funduszu Spo\u0142ecznego w ramach Programu Operacyjnego Wiedza [\u2026] <\/p>\n<div class=\"clear\"><\/div>\n<p><a class=\"more_link clearfix\" href=\"https:\/\/pans.krosno.pl\/fundusze-zewnetrzne\/targi-pracy-w-pwsz-w-krosnie-w-dniu-22-marca-2019-r\/\" rel=\"nofollow\">Read More<\/a><\/p>\n","protected":false},"author":27,"featured_media":292,"comment_status":"open","ping_status":"open","sticky":false,"template":"","format":"standard","meta":{"ngg_post_thumbnail":0,"footnotes":""},"categories":[6],"tags":[],"class_list":["post-291","post","type-post","status-publish","format-standard","has-post-thumbnail","hentry","category-biuro-karier"],"yoast_head":"<!-- This site is optimized with the Yoast SEO Premium plugin v27.4 (Yoast SEO v27.4) - https:\/\/yoast.com\/product\/yoast-seo-premium-wordpress\/ -->\n<title>Targi Pracy w PWSZ w Kro\u015bnie w dniu 22 marca 2019 r. - Fundusze zewn\u0119trzne PANS w Kro\u015bnie<\/title>\n<meta name=\"robots\" content=\"index, follow, max-snippet:-1, max-image-preview:large, max-video-preview:-1\" \/>\n<link rel=\"canonical\" href=\"https:\/\/pans.krosno.pl\/fundusze-zewnetrzne\/targi-pracy-w-pwsz-w-krosnie-w-dniu-22-marca-2019-r\/\" \/>\n<meta property=\"og:locale\" content=\"pl_PL\" \/>\n<meta property=\"og:type\" content=\"article\" \/>\n<meta property=\"og:title\" content=\"Targi Pracy w PWSZ w Kro\u015bnie w dniu 22 marca 2019 r.\" \/>\n<meta property=\"og:description\" content=\"Targi Pracy organizowane s\u0105 przez Biuro Karier PWSZ w Kro\u015bnie oraz Wojew\u00f3dzk\u0105 Komend\u0119 Ochotniczych Hufc\u00f3w Pracy w Rzeszowie, CEiPM OHP w Kro\u015bnie w ramach projektu pn. &#8222;Zaplanuj swoj\u0105 przysz\u0142o\u015b\u0107 z Akademickim Biurem Karier w PWSZ w Kro\u015bnie nr POWR.03.01.00-00-B039\/17 wsp\u00f3\u0142finansowany ze \u015brodk\u00f3w Europejskiego Funduszu Spo\u0142ecznego w ramach Programu Operacyjnego Wiedza [\u2026] Read More\" \/>\n<meta property=\"og:url\" content=\"https:\/\/pans.krosno.pl\/fundusze-zewnetrzne\/targi-pracy-w-pwsz-w-krosnie-w-dniu-22-marca-2019-r\/\" \/>\n<meta property=\"og:site_name\" content=\"Fundusze zewn\u0119trzne PANS w Kro\u015bnie\" \/>\n<meta property=\"article:published_time\" content=\"2019-03-14T15:12:00+00:00\" \/>\n<meta property=\"article:modified_time\" content=\"2020-05-13T14:12:59+00:00\" \/>\n<meta property=\"og:image\" content=\"https:\/\/pans.krosno.pl\/wp-content\/uploads\/sites\/14\/2020\/05\/targi_pracy_2019_3_2.jpg\" \/>\n\t<meta property=\"og:image:width\" content=\"530\" \/>\n\t<meta property=\"og:image:height\" content=\"740\" \/>\n\t<meta property=\"og:image:type\" content=\"image\/jpeg\" \/>\n<meta name=\"author\" content=\"maciejpolchlopek\" \/>\n<meta name=\"twitter:card\" content=\"summary_large_image\" \/>\n<meta name=\"twitter:label1\" content=\"Napisane przez\" \/>\n\t<meta name=\"twitter:data1\" content=\"maciejpolchlopek\" \/>\n\t<meta name=\"twitter:label2\" content=\"Szacowany czas czytania\" \/>\n\t<meta name=\"twitter:data2\" content=\"2 minuty\" \/>\n<script type=\"application\/ld+json\" class=\"yoast-schema-graph\">{\"@context\":\"https:\\\/\\\/schema.org\",\"@graph\":[{\"@type\":\"Article\",\"@id\":\"https:\\\/\\\/pans.krosno.pl\\\/fundusze-zewnetrzne\\\/targi-pracy-w-pwsz-w-krosnie-w-dniu-22-marca-2019-r\\\/#article\",\"isPartOf\":{\"@id\":\"https:\\\/\\\/pans.krosno.pl\\\/fundusze-zewnetrzne\\\/targi-pracy-w-pwsz-w-krosnie-w-dniu-22-marca-2019-r\\\/\"},\"author\":{\"name\":\"maciejpolchlopek\",\"@id\":\"https:\\\/\\\/pans.krosno.pl\\\/fundusze-zewnetrzne\\\/#\\\/schema\\\/person\\\/c1c9d6d593d357f87d9a7d7e44daa34e\"},\"headline\":\"Targi Pracy w PWSZ w Kro\u015bnie w dniu 22 marca 2019 r.\",\"datePublished\":\"2019-03-14T15:12:00+00:00\",\"dateModified\":\"2020-05-13T14:12:59+00:00\",\"mainEntityOfPage\":{\"@id\":\"https:\\\/\\\/pans.krosno.pl\\\/fundusze-zewnetrzne\\\/targi-pracy-w-pwsz-w-krosnie-w-dniu-22-marca-2019-r\\\/\"},\"wordCount\":317,\"commentCount\":0,\"publisher\":{\"@id\":\"https:\\\/\\\/pans.krosno.pl\\\/fundusze-zewnetrzne\\\/#organization\"},\"image\":{\"@id\":\"https:\\\/\\\/pans.krosno.pl\\\/fundusze-zewnetrzne\\\/targi-pracy-w-pwsz-w-krosnie-w-dniu-22-marca-2019-r\\\/#primaryimage\"},\"thumbnailUrl\":\"https:\\\/\\\/pans.krosno.pl\\\/fundusze-zewnetrzne\\\/wp-content\\\/uploads\\\/sites\\\/14\\\/2020\\\/05\\\/targi_pracy_2019_3_2.jpg\",\"articleSection\":[\"Biuro karier\"],\"inLanguage\":\"pl-PL\",\"potentialAction\":[{\"@type\":\"CommentAction\",\"name\":\"Comment\",\"target\":[\"https:\\\/\\\/pans.krosno.pl\\\/fundusze-zewnetrzne\\\/targi-pracy-w-pwsz-w-krosnie-w-dniu-22-marca-2019-r\\\/#respond\"]}]},{\"@type\":\"WebPage\",\"@id\":\"https:\\\/\\\/pans.krosno.pl\\\/fundusze-zewnetrzne\\\/targi-pracy-w-pwsz-w-krosnie-w-dniu-22-marca-2019-r\\\/\",\"url\":\"https:\\\/\\\/pans.krosno.pl\\\/fundusze-zewnetrzne\\\/targi-pracy-w-pwsz-w-krosnie-w-dniu-22-marca-2019-r\\\/\",\"name\":\"Targi Pracy w PWSZ w Kro\u015bnie w dniu 22 marca 2019 r. - Fundusze zewn\u0119trzne PANS w Kro\u015bnie\",\"isPartOf\":{\"@id\":\"https:\\\/\\\/pans.krosno.pl\\\/fundusze-zewnetrzne\\\/#website\"},\"primaryImageOfPage\":{\"@id\":\"https:\\\/\\\/pans.krosno.pl\\\/fundusze-zewnetrzne\\\/targi-pracy-w-pwsz-w-krosnie-w-dniu-22-marca-2019-r\\\/#primaryimage\"},\"image\":{\"@id\":\"https:\\\/\\\/pans.krosno.pl\\\/fundusze-zewnetrzne\\\/targi-pracy-w-pwsz-w-krosnie-w-dniu-22-marca-2019-r\\\/#primaryimage\"},\"thumbnailUrl\":\"https:\\\/\\\/pans.krosno.pl\\\/fundusze-zewnetrzne\\\/wp-content\\\/uploads\\\/sites\\\/14\\\/2020\\\/05\\\/targi_pracy_2019_3_2.jpg\",\"datePublished\":\"2019-03-14T15:12:00+00:00\",\"dateModified\":\"2020-05-13T14:12:59+00:00\",\"breadcrumb\":{\"@id\":\"https:\\\/\\\/pans.krosno.pl\\\/fundusze-zewnetrzne\\\/targi-pracy-w-pwsz-w-krosnie-w-dniu-22-marca-2019-r\\\/#breadcrumb\"},\"inLanguage\":\"pl-PL\",\"potentialAction\":[{\"@type\":\"ReadAction\",\"target\":[\"https:\\\/\\\/pans.krosno.pl\\\/fundusze-zewnetrzne\\\/targi-pracy-w-pwsz-w-krosnie-w-dniu-22-marca-2019-r\\\/\"]}]},{\"@type\":\"ImageObject\",\"inLanguage\":\"pl-PL\",\"@id\":\"https:\\\/\\\/pans.krosno.pl\\\/fundusze-zewnetrzne\\\/targi-pracy-w-pwsz-w-krosnie-w-dniu-22-marca-2019-r\\\/#primaryimage\",\"url\":\"https:\\\/\\\/pans.krosno.pl\\\/fundusze-zewnetrzne\\\/wp-content\\\/uploads\\\/sites\\\/14\\\/2020\\\/05\\\/targi_pracy_2019_3_2.jpg\",\"contentUrl\":\"https:\\\/\\\/pans.krosno.pl\\\/fundusze-zewnetrzne\\\/wp-content\\\/uploads\\\/sites\\\/14\\\/2020\\\/05\\\/targi_pracy_2019_3_2.jpg\",\"width\":530,\"height\":740},{\"@type\":\"BreadcrumbList\",\"@id\":\"https:\\\/\\\/pans.krosno.pl\\\/fundusze-zewnetrzne\\\/targi-pracy-w-pwsz-w-krosnie-w-dniu-22-marca-2019-r\\\/#breadcrumb\",\"itemListElement\":[{\"@type\":\"ListItem\",\"position\":1,\"name\":\"Strona g\u0142\u00f3wna\",\"item\":\"https:\\\/\\\/pans.krosno.pl\\\/fundusze-zewnetrzne\\\/\"},{\"@type\":\"ListItem\",\"position\":2,\"name\":\"Targi Pracy w PWSZ w Kro\u015bnie w dniu 22 marca 2019 r.\"}]},{\"@type\":\"WebSite\",\"@id\":\"https:\\\/\\\/pans.krosno.pl\\\/fundusze-zewnetrzne\\\/#website\",\"url\":\"https:\\\/\\\/pans.krosno.pl\\\/fundusze-zewnetrzne\\\/\",\"name\":\"Fundusze zewn\u0119trzne PANS w Kro\u015bnie\",\"description\":\"Fundusze zewn\u0119trzne  - Pa\u0144stwowa Akademia Nauk Stosowanych\",\"publisher\":{\"@id\":\"https:\\\/\\\/pans.krosno.pl\\\/fundusze-zewnetrzne\\\/#organization\"},\"potentialAction\":[{\"@type\":\"SearchAction\",\"target\":{\"@type\":\"EntryPoint\",\"urlTemplate\":\"https:\\\/\\\/pans.krosno.pl\\\/fundusze-zewnetrzne\\\/?s={search_term_string}\"},\"query-input\":{\"@type\":\"PropertyValueSpecification\",\"valueRequired\":true,\"valueName\":\"search_term_string\"}}],\"inLanguage\":\"pl-PL\"},{\"@type\":\"Organization\",\"@id\":\"https:\\\/\\\/pans.krosno.pl\\\/fundusze-zewnetrzne\\\/#organization\",\"name\":\"Fundusze zewn\u0119trzne PANS w Kro\u015bnie\",\"url\":\"https:\\\/\\\/pans.krosno.pl\\\/fundusze-zewnetrzne\\\/\",\"logo\":{\"@type\":\"ImageObject\",\"inLanguage\":\"pl-PL\",\"@id\":\"https:\\\/\\\/pans.krosno.pl\\\/fundusze-zewnetrzne\\\/#\\\/schema\\\/logo\\\/image\\\/\",\"url\":\"https:\\\/\\\/pans.krosno.pl\\\/fundusze-zewnetrzne\\\/wp-content\\\/uploads\\\/sites\\\/14\\\/2023\\\/01\\\/Logo-PANS-2022-pelne.png\",\"contentUrl\":\"https:\\\/\\\/pans.krosno.pl\\\/fundusze-zewnetrzne\\\/wp-content\\\/uploads\\\/sites\\\/14\\\/2023\\\/01\\\/Logo-PANS-2022-pelne.png\",\"width\":3096,\"height\":696,\"caption\":\"Fundusze zewn\u0119trzne PANS w Kro\u015bnie\"},\"image\":{\"@id\":\"https:\\\/\\\/pans.krosno.pl\\\/fundusze-zewnetrzne\\\/#\\\/schema\\\/logo\\\/image\\\/\"}},{\"@type\":\"Person\",\"@id\":\"https:\\\/\\\/pans.krosno.pl\\\/fundusze-zewnetrzne\\\/#\\\/schema\\\/person\\\/c1c9d6d593d357f87d9a7d7e44daa34e\",\"name\":\"maciejpolchlopek\",\"image\":{\"@type\":\"ImageObject\",\"inLanguage\":\"pl-PL\",\"@id\":\"https:\\\/\\\/secure.gravatar.com\\\/avatar\\\/2fadd549eeed4871c9aa96e96d8519cac8006657ce091e11a5f0ba8a8f5dca66?s=96&d=mm&r=g\",\"url\":\"https:\\\/\\\/secure.gravatar.com\\\/avatar\\\/2fadd549eeed4871c9aa96e96d8519cac8006657ce091e11a5f0ba8a8f5dca66?s=96&d=mm&r=g\",\"contentUrl\":\"https:\\\/\\\/secure.gravatar.com\\\/avatar\\\/2fadd549eeed4871c9aa96e96d8519cac8006657ce091e11a5f0ba8a8f5dca66?s=96&d=mm&r=g\",\"caption\":\"maciejpolchlopek\"},\"url\":\"https:\\\/\\\/pans.krosno.pl\\\/fundusze-zewnetrzne\\\/author\\\/maciejpolchlopek\\\/\"}]}<\/script>\n<!-- \/ Yoast SEO Premium plugin. -->","yoast_head_json":{"title":"Targi Pracy w PWSZ w Kro\u015bnie w dniu 22 marca 2019 r. - Fundusze zewn\u0119trzne PANS w Kro\u015bnie","robots":{"index":"index","follow":"follow","max-snippet":"max-snippet:-1","max-image-preview":"max-image-preview:large","max-video-preview":"max-video-preview:-1"},"canonical":"https:\/\/pans.krosno.pl\/fundusze-zewnetrzne\/targi-pracy-w-pwsz-w-krosnie-w-dniu-22-marca-2019-r\/","og_locale":"pl_PL","og_type":"article","og_title":"Targi Pracy w PWSZ w Kro\u015bnie w dniu 22 marca 2019 r.","og_description":"Targi Pracy organizowane s\u0105 przez Biuro Karier PWSZ w Kro\u015bnie oraz Wojew\u00f3dzk\u0105 Komend\u0119 Ochotniczych Hufc\u00f3w Pracy w Rzeszowie, CEiPM OHP w Kro\u015bnie w ramach projektu pn. &#8222;Zaplanuj swoj\u0105 przysz\u0142o\u015b\u0107 z Akademickim Biurem Karier w PWSZ w Kro\u015bnie nr POWR.03.01.00-00-B039\/17 wsp\u00f3\u0142finansowany ze \u015brodk\u00f3w Europejskiego Funduszu Spo\u0142ecznego w ramach Programu Operacyjnego Wiedza [\u2026] Read More","og_url":"https:\/\/pans.krosno.pl\/fundusze-zewnetrzne\/targi-pracy-w-pwsz-w-krosnie-w-dniu-22-marca-2019-r\/","og_site_name":"Fundusze zewn\u0119trzne PANS w Kro\u015bnie","article_published_time":"2019-03-14T15:12:00+00:00","article_modified_time":"2020-05-13T14:12:59+00:00","og_image":[{"width":530,"height":740,"url":"https:\/\/pans.krosno.pl\/wp-content\/uploads\/sites\/14\/2020\/05\/targi_pracy_2019_3_2.jpg","type":"image\/jpeg"}],"author":"maciejpolchlopek","twitter_card":"summary_large_image","twitter_misc":{"Napisane przez":"maciejpolchlopek","Szacowany czas czytania":"2 minuty"},"schema":{"@context":"https:\/\/schema.org","@graph":[{"@type":"Article","@id":"https:\/\/pans.krosno.pl\/fundusze-zewnetrzne\/targi-pracy-w-pwsz-w-krosnie-w-dniu-22-marca-2019-r\/#article","isPartOf":{"@id":"https:\/\/pans.krosno.pl\/fundusze-zewnetrzne\/targi-pracy-w-pwsz-w-krosnie-w-dniu-22-marca-2019-r\/"},"author":{"name":"maciejpolchlopek","@id":"https:\/\/pans.krosno.pl\/fundusze-zewnetrzne\/#\/schema\/person\/c1c9d6d593d357f87d9a7d7e44daa34e"},"headline":"Targi Pracy w PWSZ w Kro\u015bnie w dniu 22 marca 2019 r.","datePublished":"2019-03-14T15:12:00+00:00","dateModified":"2020-05-13T14:12:59+00:00","mainEntityOfPage":{"@id":"https:\/\/pans.krosno.pl\/fundusze-zewnetrzne\/targi-pracy-w-pwsz-w-krosnie-w-dniu-22-marca-2019-r\/"},"wordCount":317,"commentCount":0,"publisher":{"@id":"https:\/\/pans.krosno.pl\/fundusze-zewnetrzne\/#organization"},"image":{"@id":"https:\/\/pans.krosno.pl\/fundusze-zewnetrzne\/targi-pracy-w-pwsz-w-krosnie-w-dniu-22-marca-2019-r\/#primaryimage"},"thumbnailUrl":"https:\/\/pans.krosno.pl\/fundusze-zewnetrzne\/wp-content\/uploads\/sites\/14\/2020\/05\/targi_pracy_2019_3_2.jpg","articleSection":["Biuro karier"],"inLanguage":"pl-PL","potentialAction":[{"@type":"CommentAction","name":"Comment","target":["https:\/\/pans.krosno.pl\/fundusze-zewnetrzne\/targi-pracy-w-pwsz-w-krosnie-w-dniu-22-marca-2019-r\/#respond"]}]},{"@type":"WebPage","@id":"https:\/\/pans.krosno.pl\/fundusze-zewnetrzne\/targi-pracy-w-pwsz-w-krosnie-w-dniu-22-marca-2019-r\/","url":"https:\/\/pans.krosno.pl\/fundusze-zewnetrzne\/targi-pracy-w-pwsz-w-krosnie-w-dniu-22-marca-2019-r\/","name":"Targi Pracy w PWSZ w Kro\u015bnie w dniu 22 marca 2019 r. - Fundusze zewn\u0119trzne PANS w Kro\u015bnie","isPartOf":{"@id":"https:\/\/pans.krosno.pl\/fundusze-zewnetrzne\/#website"},"primaryImageOfPage":{"@id":"https:\/\/pans.krosno.pl\/fundusze-zewnetrzne\/targi-pracy-w-pwsz-w-krosnie-w-dniu-22-marca-2019-r\/#primaryimage"},"image":{"@id":"https:\/\/pans.krosno.pl\/fundusze-zewnetrzne\/targi-pracy-w-pwsz-w-krosnie-w-dniu-22-marca-2019-r\/#primaryimage"},"thumbnailUrl":"https:\/\/pans.krosno.pl\/fundusze-zewnetrzne\/wp-content\/uploads\/sites\/14\/2020\/05\/targi_pracy_2019_3_2.jpg","datePublished":"2019-03-14T15:12:00+00:00","dateModified":"2020-05-13T14:12:59+00:00","breadcrumb":{"@id":"https:\/\/pans.krosno.pl\/fundusze-zewnetrzne\/targi-pracy-w-pwsz-w-krosnie-w-dniu-22-marca-2019-r\/#breadcrumb"},"inLanguage":"pl-PL","potentialAction":[{"@type":"ReadAction","target":["https:\/\/pans.krosno.pl\/fundusze-zewnetrzne\/targi-pracy-w-pwsz-w-krosnie-w-dniu-22-marca-2019-r\/"]}]},{"@type":"ImageObject","inLanguage":"pl-PL","@id":"https:\/\/pans.krosno.pl\/fundusze-zewnetrzne\/targi-pracy-w-pwsz-w-krosnie-w-dniu-22-marca-2019-r\/#primaryimage","url":"https:\/\/pans.krosno.pl\/fundusze-zewnetrzne\/wp-content\/uploads\/sites\/14\/2020\/05\/targi_pracy_2019_3_2.jpg","contentUrl":"https:\/\/pans.krosno.pl\/fundusze-zewnetrzne\/wp-content\/uploads\/sites\/14\/2020\/05\/targi_pracy_2019_3_2.jpg","width":530,"height":740},{"@type":"BreadcrumbList","@id":"https:\/\/pans.krosno.pl\/fundusze-zewnetrzne\/targi-pracy-w-pwsz-w-krosnie-w-dniu-22-marca-2019-r\/#breadcrumb","itemListElement":[{"@type":"ListItem","position":1,"name":"Strona g\u0142\u00f3wna","item":"https:\/\/pans.krosno.pl\/fundusze-zewnetrzne\/"},{"@type":"ListItem","position":2,"name":"Targi Pracy w PWSZ w Kro\u015bnie w dniu 22 marca 2019 r."}]},{"@type":"WebSite","@id":"https:\/\/pans.krosno.pl\/fundusze-zewnetrzne\/#website","url":"https:\/\/pans.krosno.pl\/fundusze-zewnetrzne\/","name":"Fundusze zewn\u0119trzne PANS w Kro\u015bnie","description":"Fundusze zewn\u0119trzne  - Pa\u0144stwowa Akademia Nauk Stosowanych","publisher":{"@id":"https:\/\/pans.krosno.pl\/fundusze-zewnetrzne\/#organization"},"potentialAction":[{"@type":"SearchAction","target":{"@type":"EntryPoint","urlTemplate":"https:\/\/pans.krosno.pl\/fundusze-zewnetrzne\/?s={search_term_string}"},"query-input":{"@type":"PropertyValueSpecification","valueRequired":true,"valueName":"search_term_string"}}],"inLanguage":"pl-PL"},{"@type":"Organization","@id":"https:\/\/pans.krosno.pl\/fundusze-zewnetrzne\/#organization","name":"Fundusze zewn\u0119trzne PANS w Kro\u015bnie","url":"https:\/\/pans.krosno.pl\/fundusze-zewnetrzne\/","logo":{"@type":"ImageObject","inLanguage":"pl-PL","@id":"https:\/\/pans.krosno.pl\/fundusze-zewnetrzne\/#\/schema\/logo\/image\/","url":"https:\/\/pans.krosno.pl\/fundusze-zewnetrzne\/wp-content\/uploads\/sites\/14\/2023\/01\/Logo-PANS-2022-pelne.png","contentUrl":"https:\/\/pans.krosno.pl\/fundusze-zewnetrzne\/wp-content\/uploads\/sites\/14\/2023\/01\/Logo-PANS-2022-pelne.png","width":3096,"height":696,"caption":"Fundusze zewn\u0119trzne PANS w Kro\u015bnie"},"image":{"@id":"https:\/\/pans.krosno.pl\/fundusze-zewnetrzne\/#\/schema\/logo\/image\/"}},{"@type":"Person","@id":"https:\/\/pans.krosno.pl\/fundusze-zewnetrzne\/#\/schema\/person\/c1c9d6d593d357f87d9a7d7e44daa34e","name":"maciejpolchlopek","image":{"@type":"ImageObject","inLanguage":"pl-PL","@id":"https:\/\/secure.gravatar.com\/avatar\/2fadd549eeed4871c9aa96e96d8519cac8006657ce091e11a5f0ba8a8f5dca66?s=96&d=mm&r=g","url":"https:\/\/secure.gravatar.com\/avatar\/2fadd549eeed4871c9aa96e96d8519cac8006657ce091e11a5f0ba8a8f5dca66?s=96&d=mm&r=g","contentUrl":"https:\/\/secure.gravatar.com\/avatar\/2fadd549eeed4871c9aa96e96d8519cac8006657ce091e11a5f0ba8a8f5dca66?s=96&d=mm&r=g","caption":"maciejpolchlopek"},"url":"https:\/\/pans.krosno.pl\/fundusze-zewnetrzne\/author\/maciejpolchlopek\/"}]}},"_links":{"self":[{"href":"https:\/\/pans.krosno.pl\/fundusze-zewnetrzne\/wp-json\/wp\/v2\/posts\/291","targetHints":{"allow":["GET"]}}],"collection":[{"href":"https:\/\/pans.krosno.pl\/fundusze-zewnetrzne\/wp-json\/wp\/v2\/posts"}],"about":[{"href":"https:\/\/pans.krosno.pl\/fundusze-zewnetrzne\/wp-json\/wp\/v2\/types\/post"}],"author":[{"embeddable":true,"href":"https:\/\/pans.krosno.pl\/fundusze-zewnetrzne\/wp-json\/wp\/v2\/users\/27"}],"replies":[{"embeddable":true,"href":"https:\/\/pans.krosno.pl\/fundusze-zewnetrzne\/wp-json\/wp\/v2\/comments?post=291"}],"version-history":[{"count":1,"href":"https:\/\/pans.krosno.pl\/fundusze-zewnetrzne\/wp-json\/wp\/v2\/posts\/291\/revisions"}],"predecessor-version":[{"id":293,"href":"https:\/\/pans.krosno.pl\/fundusze-zewnetrzne\/wp-json\/wp\/v2\/posts\/291\/revisions\/293"}],"wp:featuredmedia":[{"embeddable":true,"href":"https:\/\/pans.krosno.pl\/fundusze-zewnetrzne\/wp-json\/wp\/v2\/media\/292"}],"wp:attachment":[{"href":"https:\/\/pans.krosno.pl\/fundusze-zewnetrzne\/wp-json\/wp\/v2\/media?parent=291"}],"wp:term":[{"taxonomy":"category","embeddable":true,"href":"https:\/\/pans.krosno.pl\/fundusze-zewnetrzne\/wp-json\/wp\/v2\/categories?post=291"},{"taxonomy":"post_tag","embeddable":true,"href":"https:\/\/pans.krosno.pl\/fundusze-zewnetrzne\/wp-json\/wp\/v2\/tags?post=291"}],"curies":[{"name":"wp","href":"https:\/\/api.w.org\/{rel}","templated":true}]}}