{"id":285,"date":"2019-03-29T16:10:00","date_gmt":"2019-03-29T15:10:00","guid":{"rendered":"https:\/\/pans.krosno.pl\/fundusze-europejskie-kursy\/?p=285"},"modified":"2020-05-13T16:11:47","modified_gmt":"2020-05-13T14:11:47","slug":"podsumowanie-targow-pracy-w-pwsz-w-krosnie","status":"publish","type":"post","link":"https:\/\/pans.krosno.pl\/fundusze-zewnetrzne\/podsumowanie-targow-pracy-w-pwsz-w-krosnie\/","title":{"rendered":"Podsumowanie Targ\u00f3w Pracy w PWSZ w Kro\u015bnie"},"content":{"rendered":"\n<p>Targi zorganizowane zosta\u0142y przez Biuro Karier PWSZ w Kro\u015bnie oraz Wojew\u00f3dzk\u0105 Komend\u0119 Ochotniczych Hufc\u00f3w Pracy w Rzeszowie, CEiPM OHP w Kro\u015bnie.&nbsp;Tegoroczna edycja Targ\u00f3w Pracy, zgromadzi\u0142a, najwi\u0119cej jak do tej pory, bo 46 wystawc\u00f3w i rekordow\u0105 liczb\u0119 uczestnik\u00f3w, kt\u00f3r\u0105 szacujemy na ponad 1000 os\u00f3b, w tym absolwent\u00f3w, student\u00f3w PWSZ w Kro\u015bnie, uczni\u00f3w szk\u00f3\u0142 ponadgimnazjalnych oraz os\u00f3b poszukuj\u0105cych pracy.<\/p>\n\n\n\n<figure class=\"wp-block-image size-large\"><img loading=\"lazy\" decoding=\"async\" width=\"960\" height=\"640\" src=\"https:\/\/pans.krosno.pl\/fundusze-europejskie-kursy\/wp-content\/uploads\/sites\/14\/2020\/05\/dsc_7860.jpg\" alt=\"\" class=\"wp-image-288\" srcset=\"https:\/\/pans.krosno.pl\/fundusze-zewnetrzne\/wp-content\/uploads\/sites\/14\/2020\/05\/dsc_7860.jpg 960w, https:\/\/pans.krosno.pl\/fundusze-zewnetrzne\/wp-content\/uploads\/sites\/14\/2020\/05\/dsc_7860-300x200.jpg 300w, https:\/\/pans.krosno.pl\/fundusze-zewnetrzne\/wp-content\/uploads\/sites\/14\/2020\/05\/dsc_7860-768x512.jpg 768w, https:\/\/pans.krosno.pl\/fundusze-zewnetrzne\/wp-content\/uploads\/sites\/14\/2020\/05\/dsc_7860-800x533.jpg 800w, https:\/\/pans.krosno.pl\/fundusze-zewnetrzne\/wp-content\/uploads\/sites\/14\/2020\/05\/dsc_7860-580x387.jpg 580w\" sizes=\"auto, (max-width: 960px) 100vw, 960px\" \/><\/figure>\n\n\n\n<p>Na Targach go\u015bcili\u015bmy pracodawc\u00f3w krajowych jak i zagranicznych, w tym najwi\u0119ksze firmy z naszego regionu. Wystawcy reprezentowali bran\u017ce: elektroniczn\u0105, IT, finansow\u0105, przemys\u0142ow\u0105, produkcyjn\u0105, gastronomiczn\u0105, lotnicz\u0105, meblarsk\u0105, ubezpieczeniow\u0105, motoryzacyjn\u0105, metalow\u0105, ochrony zdrowia i wiele innych. Zg\u0142oszono r\u00f3wnie\u017c oferty pracy za granic\u0105, w tym r\u00f3wnie\u017c pracy sezonowej w Niemczech, Holandii, Francji czy Wielkiej Brytanii.<\/p>\n\n\n\n<figure class=\"wp-block-image size-large\"><img loading=\"lazy\" decoding=\"async\" width=\"960\" height=\"640\" src=\"https:\/\/pans.krosno.pl\/fundusze-europejskie-kursy\/wp-content\/uploads\/sites\/14\/2020\/05\/dsc_7777.jpg\" alt=\"\" class=\"wp-image-286\" srcset=\"https:\/\/pans.krosno.pl\/fundusze-zewnetrzne\/wp-content\/uploads\/sites\/14\/2020\/05\/dsc_7777.jpg 960w, https:\/\/pans.krosno.pl\/fundusze-zewnetrzne\/wp-content\/uploads\/sites\/14\/2020\/05\/dsc_7777-300x200.jpg 300w, https:\/\/pans.krosno.pl\/fundusze-zewnetrzne\/wp-content\/uploads\/sites\/14\/2020\/05\/dsc_7777-768x512.jpg 768w, https:\/\/pans.krosno.pl\/fundusze-zewnetrzne\/wp-content\/uploads\/sites\/14\/2020\/05\/dsc_7777-800x533.jpg 800w, https:\/\/pans.krosno.pl\/fundusze-zewnetrzne\/wp-content\/uploads\/sites\/14\/2020\/05\/dsc_7777-580x387.jpg 580w\" sizes=\"auto, (max-width: 960px) 100vw, 960px\" \/><\/figure>\n\n\n\n<p>Osoby zainteresowane prac\u0105 w s\u0142u\u017cbach mundurowych mog\u0142y spotka\u0107 si\u0119 z ekspertami z Wojskowej Komendy Uzupe\u0142nie\u0144 w Ja\u015ble, Bieszczadzkiego Oddzia\u0142u Stra\u017cy Granicznej, czy Miejskiej Komendy Policji w Kro\u015bnie.<\/p>\n\n\n\n<p>Uczestnicy\/uczestniczki Targ\u00f3w Pracy w PWSZ w Kro\u015bnie mieli mo\u017cliwo\u015b\u0107 pozostawienia swojego CV na wybranych stoiskach wystawienniczych, zapoznania si\u0119 z aktualnymi ofertami pracy, praktyk i sta\u017cy, nawi\u0105zania pierwszych kontakt\u00f3w z potencjalnymi pracodawcami oraz poznania wymaga\u0144 stawianych kandydatom w procesach rekrutacyjnych.<\/p>\n\n\n\n<figure class=\"wp-block-image size-large\"><img loading=\"lazy\" decoding=\"async\" width=\"960\" height=\"640\" src=\"https:\/\/pans.krosno.pl\/fundusze-europejskie-kursy\/wp-content\/uploads\/sites\/14\/2020\/05\/dsc_7762.jpg\" alt=\"\" class=\"wp-image-287\" srcset=\"https:\/\/pans.krosno.pl\/fundusze-zewnetrzne\/wp-content\/uploads\/sites\/14\/2020\/05\/dsc_7762.jpg 960w, https:\/\/pans.krosno.pl\/fundusze-zewnetrzne\/wp-content\/uploads\/sites\/14\/2020\/05\/dsc_7762-300x200.jpg 300w, https:\/\/pans.krosno.pl\/fundusze-zewnetrzne\/wp-content\/uploads\/sites\/14\/2020\/05\/dsc_7762-768x512.jpg 768w, https:\/\/pans.krosno.pl\/fundusze-zewnetrzne\/wp-content\/uploads\/sites\/14\/2020\/05\/dsc_7762-800x533.jpg 800w, https:\/\/pans.krosno.pl\/fundusze-zewnetrzne\/wp-content\/uploads\/sites\/14\/2020\/05\/dsc_7762-580x387.jpg 580w\" sizes=\"auto, (max-width: 960px) 100vw, 960px\" \/><\/figure>\n\n\n\n<p>Organizatorzy przygotowali r\u00f3wnie\u017c szerok\u0105 ofert\u0119 warsztat\u00f3w i szkole\u0144 dla uczestnik\u00f3w\/uczestniczek projektu pn. &#8222;Zaplanuj swoj\u0105 przysz\u0142o\u015b\u0107 z Akademickim Biurem Karier w PWSZ w Kro\u015bnie&#8221; m. in. &#8222;Kapita\u0142 kariery&#8221;, &#8222;Budowanie marki osobistej&#8221; czy &#8222;Student na rynku pracy&#8221;. Udzia\u0142 w warsztatach tematycznych by\u0142 dla uczestnik\u00f3w\/uczestniczek projektu okazj\u0105 do doskonalenia umiej\u0119tno\u015bci poruszania si\u0119 po wsp\u00f3\u0142czesnym rynku pracy.<\/p>\n\n\n\n<p>Osoby odwiedzaj\u0105ce Targi mia\u0142y mo\u017cliwo\u015b\u0107 uzyskania informacji od pracownik\u00f3w ZUS, Pa\u0144stwowej Inspekcji Pracy, PUP oraz WUP CIiPKZ w Kro\u015bnie nt. dzia\u0142alno\u015bci gospodarczej, zawierania um\u00f3w o prac\u0119 oraz jak napisa\u0107 CV i przygotowa\u0107 si\u0119 do rozmowy kwalifikacyjnej.<\/p>\n\n\n\n<p>G\u0142\u00f3wnym celem organizowanych Targ\u00f3w pracy w PWSZ w Kro\u015bnie jest pomoc studentom w wej\u015bciu na rynek pracy, wraz z mo\u017cliwo\u015bci\u0105 bezpo\u015bredniego znalezienia pracy oraz u\u0142atwienia studentom pierwszego kontaktu z pracodawc\u0105.<\/p>\n\n\n\n<p>Targi Pracy w PWSZ w Kro\u015bnie z roku na rok ciesz\u0105 si\u0119 coraz wi\u0119kszym zainteresowaniem, zar\u00f3wno w\u015br\u00f3d odwiedzaj\u0105cych, jak i pracodawc\u00f3w, co wskazuje na potrzeb\u0119 ich organizacji.<\/p>\n\n\n\n<p>Wszystkim wystawcom oraz odwiedzaj\u0105cym Targi dzi\u0119kujemy za uczestnictwo oraz stworzenie tak niepowtarzalnego wydarzenia. Zapraszamy ju\u017c za rok!!!<\/p>\n","protected":false},"excerpt":{"rendered":"<p>Targi zorganizowane zosta\u0142y przez Biuro Karier PWSZ w Kro\u015bnie oraz Wojew\u00f3dzk\u0105 Komend\u0119 Ochotniczych Hufc\u00f3w Pracy w Rzeszowie, CEiPM OHP w Kro\u015bnie.&nbsp;Tegoroczna edycja Targ\u00f3w Pracy, zgromadzi\u0142a, najwi\u0119cej jak do tej pory, bo 46 wystawc\u00f3w i rekordow\u0105 liczb\u0119 uczestnik\u00f3w, kt\u00f3r\u0105 szacujemy na ponad 1000 os\u00f3b, w tym absolwent\u00f3w, student\u00f3w PWSZ w Kro\u015bnie, [\u2026] <\/p>\n<div class=\"clear\"><\/div>\n<p><a class=\"more_link clearfix\" href=\"https:\/\/pans.krosno.pl\/fundusze-zewnetrzne\/podsumowanie-targow-pracy-w-pwsz-w-krosnie\/\" rel=\"nofollow\">Read More<\/a><\/p>\n","protected":false},"author":27,"featured_media":289,"comment_status":"open","ping_status":"open","sticky":false,"template":"","format":"standard","meta":{"ngg_post_thumbnail":0,"footnotes":""},"categories":[6],"tags":[],"class_list":["post-285","post","type-post","status-publish","format-standard","has-post-thumbnail","hentry","category-biuro-karier"],"yoast_head":"<!-- This site is optimized with the Yoast SEO Premium plugin v27.4 (Yoast SEO v27.4) - https:\/\/yoast.com\/product\/yoast-seo-premium-wordpress\/ -->\n<title>Podsumowanie Targ\u00f3w Pracy w PWSZ w Kro\u015bnie - Fundusze zewn\u0119trzne PANS w Kro\u015bnie<\/title>\n<meta name=\"robots\" content=\"index, follow, max-snippet:-1, max-image-preview:large, max-video-preview:-1\" \/>\n<link rel=\"canonical\" href=\"https:\/\/pans.krosno.pl\/fundusze-zewnetrzne\/podsumowanie-targow-pracy-w-pwsz-w-krosnie\/\" \/>\n<meta property=\"og:locale\" content=\"pl_PL\" \/>\n<meta property=\"og:type\" content=\"article\" \/>\n<meta property=\"og:title\" content=\"Podsumowanie Targ\u00f3w Pracy w PWSZ w Kro\u015bnie\" \/>\n<meta property=\"og:description\" content=\"Targi zorganizowane zosta\u0142y przez Biuro Karier PWSZ w Kro\u015bnie oraz Wojew\u00f3dzk\u0105 Komend\u0119 Ochotniczych Hufc\u00f3w Pracy w Rzeszowie, CEiPM OHP w Kro\u015bnie.&nbsp;Tegoroczna edycja Targ\u00f3w Pracy, zgromadzi\u0142a, najwi\u0119cej jak do tej pory, bo 46 wystawc\u00f3w i rekordow\u0105 liczb\u0119 uczestnik\u00f3w, kt\u00f3r\u0105 szacujemy na ponad 1000 os\u00f3b, w tym absolwent\u00f3w, student\u00f3w PWSZ w Kro\u015bnie, [\u2026] Read More\" \/>\n<meta property=\"og:url\" content=\"https:\/\/pans.krosno.pl\/fundusze-zewnetrzne\/podsumowanie-targow-pracy-w-pwsz-w-krosnie\/\" \/>\n<meta property=\"og:site_name\" content=\"Fundusze zewn\u0119trzne PANS w Kro\u015bnie\" \/>\n<meta property=\"article:published_time\" content=\"2019-03-29T15:10:00+00:00\" \/>\n<meta property=\"article:modified_time\" content=\"2020-05-13T14:11:47+00:00\" \/>\n<meta property=\"og:image\" content=\"https:\/\/pans.krosno.pl\/wp-content\/uploads\/sites\/14\/2020\/05\/dsc_7762-1.jpg\" \/>\n\t<meta property=\"og:image:width\" content=\"960\" \/>\n\t<meta property=\"og:image:height\" content=\"640\" \/>\n\t<meta property=\"og:image:type\" content=\"image\/jpeg\" \/>\n<meta name=\"author\" content=\"maciejpolchlopek\" \/>\n<meta name=\"twitter:card\" content=\"summary_large_image\" \/>\n<meta name=\"twitter:label1\" content=\"Napisane przez\" \/>\n\t<meta name=\"twitter:data1\" content=\"maciejpolchlopek\" \/>\n\t<meta name=\"twitter:label2\" content=\"Szacowany czas czytania\" \/>\n\t<meta name=\"twitter:data2\" content=\"2 minuty\" \/>\n<script type=\"application\/ld+json\" class=\"yoast-schema-graph\">{\"@context\":\"https:\\\/\\\/schema.org\",\"@graph\":[{\"@type\":\"Article\",\"@id\":\"https:\\\/\\\/pans.krosno.pl\\\/fundusze-zewnetrzne\\\/podsumowanie-targow-pracy-w-pwsz-w-krosnie\\\/#article\",\"isPartOf\":{\"@id\":\"https:\\\/\\\/pans.krosno.pl\\\/fundusze-zewnetrzne\\\/podsumowanie-targow-pracy-w-pwsz-w-krosnie\\\/\"},\"author\":{\"name\":\"maciejpolchlopek\",\"@id\":\"https:\\\/\\\/pans.krosno.pl\\\/fundusze-zewnetrzne\\\/#\\\/schema\\\/person\\\/c1c9d6d593d357f87d9a7d7e44daa34e\"},\"headline\":\"Podsumowanie Targ\u00f3w Pracy w PWSZ w Kro\u015bnie\",\"datePublished\":\"2019-03-29T15:10:00+00:00\",\"dateModified\":\"2020-05-13T14:11:47+00:00\",\"mainEntityOfPage\":{\"@id\":\"https:\\\/\\\/pans.krosno.pl\\\/fundusze-zewnetrzne\\\/podsumowanie-targow-pracy-w-pwsz-w-krosnie\\\/\"},\"wordCount\":426,\"commentCount\":0,\"publisher\":{\"@id\":\"https:\\\/\\\/pans.krosno.pl\\\/fundusze-zewnetrzne\\\/#organization\"},\"image\":{\"@id\":\"https:\\\/\\\/pans.krosno.pl\\\/fundusze-zewnetrzne\\\/podsumowanie-targow-pracy-w-pwsz-w-krosnie\\\/#primaryimage\"},\"thumbnailUrl\":\"https:\\\/\\\/pans.krosno.pl\\\/fundusze-zewnetrzne\\\/wp-content\\\/uploads\\\/sites\\\/14\\\/2020\\\/05\\\/dsc_7762-1.jpg\",\"articleSection\":[\"Biuro karier\"],\"inLanguage\":\"pl-PL\",\"potentialAction\":[{\"@type\":\"CommentAction\",\"name\":\"Comment\",\"target\":[\"https:\\\/\\\/pans.krosno.pl\\\/fundusze-zewnetrzne\\\/podsumowanie-targow-pracy-w-pwsz-w-krosnie\\\/#respond\"]}]},{\"@type\":\"WebPage\",\"@id\":\"https:\\\/\\\/pans.krosno.pl\\\/fundusze-zewnetrzne\\\/podsumowanie-targow-pracy-w-pwsz-w-krosnie\\\/\",\"url\":\"https:\\\/\\\/pans.krosno.pl\\\/fundusze-zewnetrzne\\\/podsumowanie-targow-pracy-w-pwsz-w-krosnie\\\/\",\"name\":\"Podsumowanie Targ\u00f3w Pracy w PWSZ w Kro\u015bnie - Fundusze zewn\u0119trzne PANS w Kro\u015bnie\",\"isPartOf\":{\"@id\":\"https:\\\/\\\/pans.krosno.pl\\\/fundusze-zewnetrzne\\\/#website\"},\"primaryImageOfPage\":{\"@id\":\"https:\\\/\\\/pans.krosno.pl\\\/fundusze-zewnetrzne\\\/podsumowanie-targow-pracy-w-pwsz-w-krosnie\\\/#primaryimage\"},\"image\":{\"@id\":\"https:\\\/\\\/pans.krosno.pl\\\/fundusze-zewnetrzne\\\/podsumowanie-targow-pracy-w-pwsz-w-krosnie\\\/#primaryimage\"},\"thumbnailUrl\":\"https:\\\/\\\/pans.krosno.pl\\\/fundusze-zewnetrzne\\\/wp-content\\\/uploads\\\/sites\\\/14\\\/2020\\\/05\\\/dsc_7762-1.jpg\",\"datePublished\":\"2019-03-29T15:10:00+00:00\",\"dateModified\":\"2020-05-13T14:11:47+00:00\",\"breadcrumb\":{\"@id\":\"https:\\\/\\\/pans.krosno.pl\\\/fundusze-zewnetrzne\\\/podsumowanie-targow-pracy-w-pwsz-w-krosnie\\\/#breadcrumb\"},\"inLanguage\":\"pl-PL\",\"potentialAction\":[{\"@type\":\"ReadAction\",\"target\":[\"https:\\\/\\\/pans.krosno.pl\\\/fundusze-zewnetrzne\\\/podsumowanie-targow-pracy-w-pwsz-w-krosnie\\\/\"]}]},{\"@type\":\"ImageObject\",\"inLanguage\":\"pl-PL\",\"@id\":\"https:\\\/\\\/pans.krosno.pl\\\/fundusze-zewnetrzne\\\/podsumowanie-targow-pracy-w-pwsz-w-krosnie\\\/#primaryimage\",\"url\":\"https:\\\/\\\/pans.krosno.pl\\\/fundusze-zewnetrzne\\\/wp-content\\\/uploads\\\/sites\\\/14\\\/2020\\\/05\\\/dsc_7762-1.jpg\",\"contentUrl\":\"https:\\\/\\\/pans.krosno.pl\\\/fundusze-zewnetrzne\\\/wp-content\\\/uploads\\\/sites\\\/14\\\/2020\\\/05\\\/dsc_7762-1.jpg\",\"width\":960,\"height\":640},{\"@type\":\"BreadcrumbList\",\"@id\":\"https:\\\/\\\/pans.krosno.pl\\\/fundusze-zewnetrzne\\\/podsumowanie-targow-pracy-w-pwsz-w-krosnie\\\/#breadcrumb\",\"itemListElement\":[{\"@type\":\"ListItem\",\"position\":1,\"name\":\"Strona g\u0142\u00f3wna\",\"item\":\"https:\\\/\\\/pans.krosno.pl\\\/fundusze-zewnetrzne\\\/\"},{\"@type\":\"ListItem\",\"position\":2,\"name\":\"Podsumowanie Targ\u00f3w Pracy w PWSZ w Kro\u015bnie\"}]},{\"@type\":\"WebSite\",\"@id\":\"https:\\\/\\\/pans.krosno.pl\\\/fundusze-zewnetrzne\\\/#website\",\"url\":\"https:\\\/\\\/pans.krosno.pl\\\/fundusze-zewnetrzne\\\/\",\"name\":\"Fundusze zewn\u0119trzne PANS w Kro\u015bnie\",\"description\":\"Fundusze zewn\u0119trzne  - Pa\u0144stwowa Akademia Nauk Stosowanych\",\"publisher\":{\"@id\":\"https:\\\/\\\/pans.krosno.pl\\\/fundusze-zewnetrzne\\\/#organization\"},\"potentialAction\":[{\"@type\":\"SearchAction\",\"target\":{\"@type\":\"EntryPoint\",\"urlTemplate\":\"https:\\\/\\\/pans.krosno.pl\\\/fundusze-zewnetrzne\\\/?s={search_term_string}\"},\"query-input\":{\"@type\":\"PropertyValueSpecification\",\"valueRequired\":true,\"valueName\":\"search_term_string\"}}],\"inLanguage\":\"pl-PL\"},{\"@type\":\"Organization\",\"@id\":\"https:\\\/\\\/pans.krosno.pl\\\/fundusze-zewnetrzne\\\/#organization\",\"name\":\"Fundusze zewn\u0119trzne PANS w Kro\u015bnie\",\"url\":\"https:\\\/\\\/pans.krosno.pl\\\/fundusze-zewnetrzne\\\/\",\"logo\":{\"@type\":\"ImageObject\",\"inLanguage\":\"pl-PL\",\"@id\":\"https:\\\/\\\/pans.krosno.pl\\\/fundusze-zewnetrzne\\\/#\\\/schema\\\/logo\\\/image\\\/\",\"url\":\"https:\\\/\\\/pans.krosno.pl\\\/fundusze-zewnetrzne\\\/wp-content\\\/uploads\\\/sites\\\/14\\\/2023\\\/01\\\/Logo-PANS-2022-pelne.png\",\"contentUrl\":\"https:\\\/\\\/pans.krosno.pl\\\/fundusze-zewnetrzne\\\/wp-content\\\/uploads\\\/sites\\\/14\\\/2023\\\/01\\\/Logo-PANS-2022-pelne.png\",\"width\":3096,\"height\":696,\"caption\":\"Fundusze zewn\u0119trzne PANS w Kro\u015bnie\"},\"image\":{\"@id\":\"https:\\\/\\\/pans.krosno.pl\\\/fundusze-zewnetrzne\\\/#\\\/schema\\\/logo\\\/image\\\/\"}},{\"@type\":\"Person\",\"@id\":\"https:\\\/\\\/pans.krosno.pl\\\/fundusze-zewnetrzne\\\/#\\\/schema\\\/person\\\/c1c9d6d593d357f87d9a7d7e44daa34e\",\"name\":\"maciejpolchlopek\",\"image\":{\"@type\":\"ImageObject\",\"inLanguage\":\"pl-PL\",\"@id\":\"https:\\\/\\\/secure.gravatar.com\\\/avatar\\\/2fadd549eeed4871c9aa96e96d8519cac8006657ce091e11a5f0ba8a8f5dca66?s=96&d=mm&r=g\",\"url\":\"https:\\\/\\\/secure.gravatar.com\\\/avatar\\\/2fadd549eeed4871c9aa96e96d8519cac8006657ce091e11a5f0ba8a8f5dca66?s=96&d=mm&r=g\",\"contentUrl\":\"https:\\\/\\\/secure.gravatar.com\\\/avatar\\\/2fadd549eeed4871c9aa96e96d8519cac8006657ce091e11a5f0ba8a8f5dca66?s=96&d=mm&r=g\",\"caption\":\"maciejpolchlopek\"},\"url\":\"https:\\\/\\\/pans.krosno.pl\\\/fundusze-zewnetrzne\\\/author\\\/maciejpolchlopek\\\/\"}]}<\/script>\n<!-- \/ Yoast SEO Premium plugin. -->","yoast_head_json":{"title":"Podsumowanie Targ\u00f3w Pracy w PWSZ w Kro\u015bnie - Fundusze zewn\u0119trzne PANS w Kro\u015bnie","robots":{"index":"index","follow":"follow","max-snippet":"max-snippet:-1","max-image-preview":"max-image-preview:large","max-video-preview":"max-video-preview:-1"},"canonical":"https:\/\/pans.krosno.pl\/fundusze-zewnetrzne\/podsumowanie-targow-pracy-w-pwsz-w-krosnie\/","og_locale":"pl_PL","og_type":"article","og_title":"Podsumowanie Targ\u00f3w Pracy w PWSZ w Kro\u015bnie","og_description":"Targi zorganizowane zosta\u0142y przez Biuro Karier PWSZ w Kro\u015bnie oraz Wojew\u00f3dzk\u0105 Komend\u0119 Ochotniczych Hufc\u00f3w Pracy w Rzeszowie, CEiPM OHP w Kro\u015bnie.&nbsp;Tegoroczna edycja Targ\u00f3w Pracy, zgromadzi\u0142a, najwi\u0119cej jak do tej pory, bo 46 wystawc\u00f3w i rekordow\u0105 liczb\u0119 uczestnik\u00f3w, kt\u00f3r\u0105 szacujemy na ponad 1000 os\u00f3b, w tym absolwent\u00f3w, student\u00f3w PWSZ w Kro\u015bnie, [\u2026] Read More","og_url":"https:\/\/pans.krosno.pl\/fundusze-zewnetrzne\/podsumowanie-targow-pracy-w-pwsz-w-krosnie\/","og_site_name":"Fundusze zewn\u0119trzne PANS w Kro\u015bnie","article_published_time":"2019-03-29T15:10:00+00:00","article_modified_time":"2020-05-13T14:11:47+00:00","og_image":[{"width":960,"height":640,"url":"https:\/\/pans.krosno.pl\/wp-content\/uploads\/sites\/14\/2020\/05\/dsc_7762-1.jpg","type":"image\/jpeg"}],"author":"maciejpolchlopek","twitter_card":"summary_large_image","twitter_misc":{"Napisane przez":"maciejpolchlopek","Szacowany czas czytania":"2 minuty"},"schema":{"@context":"https:\/\/schema.org","@graph":[{"@type":"Article","@id":"https:\/\/pans.krosno.pl\/fundusze-zewnetrzne\/podsumowanie-targow-pracy-w-pwsz-w-krosnie\/#article","isPartOf":{"@id":"https:\/\/pans.krosno.pl\/fundusze-zewnetrzne\/podsumowanie-targow-pracy-w-pwsz-w-krosnie\/"},"author":{"name":"maciejpolchlopek","@id":"https:\/\/pans.krosno.pl\/fundusze-zewnetrzne\/#\/schema\/person\/c1c9d6d593d357f87d9a7d7e44daa34e"},"headline":"Podsumowanie Targ\u00f3w Pracy w PWSZ w Kro\u015bnie","datePublished":"2019-03-29T15:10:00+00:00","dateModified":"2020-05-13T14:11:47+00:00","mainEntityOfPage":{"@id":"https:\/\/pans.krosno.pl\/fundusze-zewnetrzne\/podsumowanie-targow-pracy-w-pwsz-w-krosnie\/"},"wordCount":426,"commentCount":0,"publisher":{"@id":"https:\/\/pans.krosno.pl\/fundusze-zewnetrzne\/#organization"},"image":{"@id":"https:\/\/pans.krosno.pl\/fundusze-zewnetrzne\/podsumowanie-targow-pracy-w-pwsz-w-krosnie\/#primaryimage"},"thumbnailUrl":"https:\/\/pans.krosno.pl\/fundusze-zewnetrzne\/wp-content\/uploads\/sites\/14\/2020\/05\/dsc_7762-1.jpg","articleSection":["Biuro karier"],"inLanguage":"pl-PL","potentialAction":[{"@type":"CommentAction","name":"Comment","target":["https:\/\/pans.krosno.pl\/fundusze-zewnetrzne\/podsumowanie-targow-pracy-w-pwsz-w-krosnie\/#respond"]}]},{"@type":"WebPage","@id":"https:\/\/pans.krosno.pl\/fundusze-zewnetrzne\/podsumowanie-targow-pracy-w-pwsz-w-krosnie\/","url":"https:\/\/pans.krosno.pl\/fundusze-zewnetrzne\/podsumowanie-targow-pracy-w-pwsz-w-krosnie\/","name":"Podsumowanie Targ\u00f3w Pracy w PWSZ w Kro\u015bnie - Fundusze zewn\u0119trzne PANS w Kro\u015bnie","isPartOf":{"@id":"https:\/\/pans.krosno.pl\/fundusze-zewnetrzne\/#website"},"primaryImageOfPage":{"@id":"https:\/\/pans.krosno.pl\/fundusze-zewnetrzne\/podsumowanie-targow-pracy-w-pwsz-w-krosnie\/#primaryimage"},"image":{"@id":"https:\/\/pans.krosno.pl\/fundusze-zewnetrzne\/podsumowanie-targow-pracy-w-pwsz-w-krosnie\/#primaryimage"},"thumbnailUrl":"https:\/\/pans.krosno.pl\/fundusze-zewnetrzne\/wp-content\/uploads\/sites\/14\/2020\/05\/dsc_7762-1.jpg","datePublished":"2019-03-29T15:10:00+00:00","dateModified":"2020-05-13T14:11:47+00:00","breadcrumb":{"@id":"https:\/\/pans.krosno.pl\/fundusze-zewnetrzne\/podsumowanie-targow-pracy-w-pwsz-w-krosnie\/#breadcrumb"},"inLanguage":"pl-PL","potentialAction":[{"@type":"ReadAction","target":["https:\/\/pans.krosno.pl\/fundusze-zewnetrzne\/podsumowanie-targow-pracy-w-pwsz-w-krosnie\/"]}]},{"@type":"ImageObject","inLanguage":"pl-PL","@id":"https:\/\/pans.krosno.pl\/fundusze-zewnetrzne\/podsumowanie-targow-pracy-w-pwsz-w-krosnie\/#primaryimage","url":"https:\/\/pans.krosno.pl\/fundusze-zewnetrzne\/wp-content\/uploads\/sites\/14\/2020\/05\/dsc_7762-1.jpg","contentUrl":"https:\/\/pans.krosno.pl\/fundusze-zewnetrzne\/wp-content\/uploads\/sites\/14\/2020\/05\/dsc_7762-1.jpg","width":960,"height":640},{"@type":"BreadcrumbList","@id":"https:\/\/pans.krosno.pl\/fundusze-zewnetrzne\/podsumowanie-targow-pracy-w-pwsz-w-krosnie\/#breadcrumb","itemListElement":[{"@type":"ListItem","position":1,"name":"Strona g\u0142\u00f3wna","item":"https:\/\/pans.krosno.pl\/fundusze-zewnetrzne\/"},{"@type":"ListItem","position":2,"name":"Podsumowanie Targ\u00f3w Pracy w PWSZ w Kro\u015bnie"}]},{"@type":"WebSite","@id":"https:\/\/pans.krosno.pl\/fundusze-zewnetrzne\/#website","url":"https:\/\/pans.krosno.pl\/fundusze-zewnetrzne\/","name":"Fundusze zewn\u0119trzne PANS w Kro\u015bnie","description":"Fundusze zewn\u0119trzne  - Pa\u0144stwowa Akademia Nauk Stosowanych","publisher":{"@id":"https:\/\/pans.krosno.pl\/fundusze-zewnetrzne\/#organization"},"potentialAction":[{"@type":"SearchAction","target":{"@type":"EntryPoint","urlTemplate":"https:\/\/pans.krosno.pl\/fundusze-zewnetrzne\/?s={search_term_string}"},"query-input":{"@type":"PropertyValueSpecification","valueRequired":true,"valueName":"search_term_string"}}],"inLanguage":"pl-PL"},{"@type":"Organization","@id":"https:\/\/pans.krosno.pl\/fundusze-zewnetrzne\/#organization","name":"Fundusze zewn\u0119trzne PANS w Kro\u015bnie","url":"https:\/\/pans.krosno.pl\/fundusze-zewnetrzne\/","logo":{"@type":"ImageObject","inLanguage":"pl-PL","@id":"https:\/\/pans.krosno.pl\/fundusze-zewnetrzne\/#\/schema\/logo\/image\/","url":"https:\/\/pans.krosno.pl\/fundusze-zewnetrzne\/wp-content\/uploads\/sites\/14\/2023\/01\/Logo-PANS-2022-pelne.png","contentUrl":"https:\/\/pans.krosno.pl\/fundusze-zewnetrzne\/wp-content\/uploads\/sites\/14\/2023\/01\/Logo-PANS-2022-pelne.png","width":3096,"height":696,"caption":"Fundusze zewn\u0119trzne PANS w Kro\u015bnie"},"image":{"@id":"https:\/\/pans.krosno.pl\/fundusze-zewnetrzne\/#\/schema\/logo\/image\/"}},{"@type":"Person","@id":"https:\/\/pans.krosno.pl\/fundusze-zewnetrzne\/#\/schema\/person\/c1c9d6d593d357f87d9a7d7e44daa34e","name":"maciejpolchlopek","image":{"@type":"ImageObject","inLanguage":"pl-PL","@id":"https:\/\/secure.gravatar.com\/avatar\/2fadd549eeed4871c9aa96e96d8519cac8006657ce091e11a5f0ba8a8f5dca66?s=96&d=mm&r=g","url":"https:\/\/secure.gravatar.com\/avatar\/2fadd549eeed4871c9aa96e96d8519cac8006657ce091e11a5f0ba8a8f5dca66?s=96&d=mm&r=g","contentUrl":"https:\/\/secure.gravatar.com\/avatar\/2fadd549eeed4871c9aa96e96d8519cac8006657ce091e11a5f0ba8a8f5dca66?s=96&d=mm&r=g","caption":"maciejpolchlopek"},"url":"https:\/\/pans.krosno.pl\/fundusze-zewnetrzne\/author\/maciejpolchlopek\/"}]}},"_links":{"self":[{"href":"https:\/\/pans.krosno.pl\/fundusze-zewnetrzne\/wp-json\/wp\/v2\/posts\/285","targetHints":{"allow":["GET"]}}],"collection":[{"href":"https:\/\/pans.krosno.pl\/fundusze-zewnetrzne\/wp-json\/wp\/v2\/posts"}],"about":[{"href":"https:\/\/pans.krosno.pl\/fundusze-zewnetrzne\/wp-json\/wp\/v2\/types\/post"}],"author":[{"embeddable":true,"href":"https:\/\/pans.krosno.pl\/fundusze-zewnetrzne\/wp-json\/wp\/v2\/users\/27"}],"replies":[{"embeddable":true,"href":"https:\/\/pans.krosno.pl\/fundusze-zewnetrzne\/wp-json\/wp\/v2\/comments?post=285"}],"version-history":[{"count":1,"href":"https:\/\/pans.krosno.pl\/fundusze-zewnetrzne\/wp-json\/wp\/v2\/posts\/285\/revisions"}],"predecessor-version":[{"id":290,"href":"https:\/\/pans.krosno.pl\/fundusze-zewnetrzne\/wp-json\/wp\/v2\/posts\/285\/revisions\/290"}],"wp:featuredmedia":[{"embeddable":true,"href":"https:\/\/pans.krosno.pl\/fundusze-zewnetrzne\/wp-json\/wp\/v2\/media\/289"}],"wp:attachment":[{"href":"https:\/\/pans.krosno.pl\/fundusze-zewnetrzne\/wp-json\/wp\/v2\/media?parent=285"}],"wp:term":[{"taxonomy":"category","embeddable":true,"href":"https:\/\/pans.krosno.pl\/fundusze-zewnetrzne\/wp-json\/wp\/v2\/categories?post=285"},{"taxonomy":"post_tag","embeddable":true,"href":"https:\/\/pans.krosno.pl\/fundusze-zewnetrzne\/wp-json\/wp\/v2\/tags?post=285"}],"curies":[{"name":"wp","href":"https:\/\/api.w.org\/{rel}","templated":true}]}}