{"id":2774,"date":"2022-02-07T12:14:50","date_gmt":"2022-02-07T11:14:50","guid":{"rendered":"https:\/\/pans.krosno.pl\/fundusze-zewnetrzne\/?p=2774"},"modified":"2022-02-07T12:15:29","modified_gmt":"2022-02-07T11:15:29","slug":"ogloszenie-o-naborze-do-udzialu-w-cyklu-szkolen-z-zakresu-pracy-ze-studentami-z-zaburzeniami-psychicznymi-dla-pracownikow-kpu-w-krosnie-ktorzy-brali-udzial-w-szkoleniu-podstawowym-w-zakresie","status":"publish","type":"post","link":"https:\/\/pans.krosno.pl\/fundusze-zewnetrzne\/ogloszenie-o-naborze-do-udzialu-w-cyklu-szkolen-z-zakresu-pracy-ze-studentami-z-zaburzeniami-psychicznymi-dla-pracownikow-kpu-w-krosnie-ktorzy-brali-udzial-w-szkoleniu-podstawowym-w-zakresie\/","title":{"rendered":"Og\u0142oszenie o naborze do udzia\u0142u w cyklu szkole\u0144 z zakresu pracy ze studentami z zaburzeniami psychicznymi dla pracownik\u00f3w KPU w Kro\u015bnie, kt\u00f3rzy brali udzia\u0142 w \u201eSzkoleniu podstawowym w zakresie komunikacji i form wsparcia edukacyjnego student\u00f3w z zaburzeniami psychicznymi\u201d"},"content":{"rendered":"\n<p>Karpacka Pa\u0144stwowa Uczelnia w Kro\u015bnie w zwi\u0105zku realizacj\u0105 projektu pn. \u201eUczelnia bez barier \u2013 w kierunku edukacji w\u0142\u0105czaj\u0105cej\u201d nr POWR.03.05.00-00-A079\/20, wsp\u00f3\u0142finansowanego ze \u015brodk\u00f3w Unii Europejskiej w ramach Europejskiego Funduszu Spo\u0142ecznego og\u0142asza nab\u00f3r do udzia\u0142u w cyklu szkole\u0144 z zakresu pracy ze studentami z zaburzeniami psychicznymi dla pracownik\u00f3w KPU w Kro\u015bnie, kt\u00f3rzy brali udzia\u0142 w \u201eSzkoleniu podstawowym w zakresie komunikacji i form wsparcia edukacyjnego student\u00f3w z zaburzeniami psychicznymi\u201d.<\/p>\n\n\n\n<p>Na cykl szkole\u0144 sk\u0142adaj\u0105 si\u0119 nast\u0119puj\u0105ce szkolenia:<\/p>\n\n\n\n<ol class=\"wp-block-list\"><li>Szkolenie \u201eWsparcie edukacyjne osoby z zaburzeniami psychicznymi\u201d,<\/li><li>Szkolenie \u201eOdr\u00f3\u017cnianie zaburze\u0144 psychicznych od agresji i roszczeniowo\u015bci\u201d,<\/li><li>Szkolenie \u201eTechniki radzenia sobie z w\u0142asnymi, negatywnymi emocjami w trudnych sytuacjach wynikaj\u0105cych z kontaktu ze studentami z zaburzeniami psychicznymi\u201d,<\/li><li>Szkolenie \u201eKontakt ze studentami z zaburzeniami ze spektrum autyzmu(ASD)\u201d.<\/li><\/ol>\n\n\n\n<p>Liczba miejsc: 15<\/p>\n\n\n\n<p>Termin realizacji cyklu szkole\u0144: 25.02.2022r. oraz 3.03.2022 r.<\/p>\n\n\n\n<p>Miejsce realizacji cyklu szkole\u0144: szkolenie w formie zdalnej na platformie Google Meet<\/p>\n\n\n\n<p>T<strong>ematyka:<\/strong><\/p>\n\n\n\n<ol class=\"wp-block-list\"><li>Szkolenie \u201eWsparcie edukacyjne osoby z zaburzeniami psychicznymi\u201d \u2013 zagadnienia dotycz\u0105ce trudno\u015bci edukacyjnych os\u00f3b z zaburzeniami psychicznymi oraz mo\u017cliwo\u015bci ich wspierania i dostosowania metod do specyficznych potrzeb wynikaj\u0105cych z poszczeg\u00f3lnych rodzaj\u00f3w zaburze\u0144 psychicznych;<\/li><li>Szkolenie \u201eOdr\u00f3\u017cnianie zaburze\u0144 psychicznych od agresji i roszczeniowo\u015bci\u201d \u2013 zagadnienia dotycz\u0105ce rozr\u00f3\u017cniania agresji i roszczeniowo\u015bci od zachowa\u0144 wynikaj\u0105cych z zaburze\u0144 psychicznych, a tak\u017ce sposob\u00f3w reagowania na postawy roszczeniowe i agresywne ze strony student\u00f3w;<\/li><li>Szkolenie \u201eTechniki radzenia sobie z w\u0142asnymi, negatywnymi emocjami w trudnych sytuacjach wynikaj\u0105cych z kontaktu ze studentami z zaburzeniami psychicznymi\u201d \u2013 zagadnienia dotycz\u0105ce radzenia sobie z trudnymi sytuacjami, technik behawioralno-poznawczych ograniczaj\u0105cych stres w trudnych sytuacjach, diagnozy 4 negatywnych strategii reagowania w trudnej sytuacji, rozwijania umiej\u0119tno\u015bci stosowania 5 pozytywnych strategii u\u0142atwiaj\u0105cych kontrol\u0119 emocji w trudnej sytuacji., sposob\u00f3w radzenia sobie z napi\u0119ciem fizycznym i emocjonalnym, a tak\u017ce sposob\u00f3w radzenia sobie ze stresem;<\/li><li>Szkolenie \u201eKontakt ze studentami z zaburzeniami ze spektrum autyzmu(ASD)\u201d \u2013 zagadnienia dotycz\u0105ce charakterystyki zaburze\u0144 ze spektrum autyzmu, specyfiki funkcjonowania student\u00f3w ze Spektrum Zaburze\u0144 Autystycznych oraz komunikowaniem si\u0119 z osobami Spektrum Zaburze\u0144 Autystycznych.<\/li><\/ol>\n\n\n\n<p>Uzupe\u0142nione i podpisane dokumenty \u2013 wg wzor\u00f3w stanowi\u0105cych za\u0142\u0105czniki do Regulaminu rekrutacji<br>i uczestnictwa w projekcie \u201eUczelnia bez barier \u2013 w kierunku edukacji w\u0142\u0105czaj\u0105cej\u201d, wprowadzonego Zarz\u0105dzeniem Nr 26\/21 Rektora Karpackiej Pa\u0144stwowej Uczelni w Kro\u015bnie z dnia 14 czerwca 2021 r.:<\/p>\n\n\n\n<ol class=\"wp-block-list\" type=\"1\"><li>o\u015bwiadczenie Uczestnika projektu,<\/li><li>deklaracja Uczestnika projektu,<\/li><li>karta zg\u0142oszenia uczestnictwa we wsparciu.<\/li><\/ol>\n\n\n\n<p>nale\u017cy sk\u0142ada\u0107 w Biurze Projektu \u2013 Karpacka Pa\u0144stwowa Uczelnia w Kro\u015bnie, 38-400 Krosno, Rynek 1 \u2013 rektorat, pok\u00f3j nr 11 do 16 lutego 2022 r. do godz. 14.00.<\/p>\n\n\n\n<p><strong>UCZESTNICY PROJEKTU SK\u0141ADAJ\u0104 WY\u0141\u0104CZNIE KART\u0118 ZG\u0141OSZENIA UCZESTNICTWA WE WSPARCIU.<\/strong><\/p>\n\n\n\n<p>O udziale we wsparciu zdecyduj\u0105 wzgl\u0119dy formalne tj. z\u0142o\u017cenie kompletnych dokument\u00f3w w podanym terminie, a w przypadku wi\u0119kszej ilo\u015bci Kandydat\u00f3w ni\u017c miejsc \u2013 kolejno\u015b\u0107 zg\u0142osze\u0144.<\/p>\n\n\n\n<p>Decyzj\u0119 o zakwalifikowaniu uczestnika\/-czki podejmie Komisja rekrutacyjna.<\/p>\n\n\n\n<p>W przypadku pyta\u0144 lub w\u0105tpliwo\u015bci prosz\u0119 o kontakt z Biurem Projektu:<\/p>\n\n\n\n<p>mgr Izabela Steliga-Lepucka, e-mail: izabela.steliga@pans.krosno.pl, tel. 13 43&nbsp;755 17.<\/p>\n\n\n\n<div class=\"wp-block-file\"><a href=\"https:\/\/pans.krosno.pl\/fundusze-zewnetrzne\/wp-content\/uploads\/sites\/14\/2022\/02\/ogloszenie_cykl-szkolen-studenci-z-zniepelnosprawnosciami-1.pdf\">ogloszenie_cykl-szkolen-studenci-z-zniepelnosprawnosciami-1<\/a><a href=\"https:\/\/pans.krosno.pl\/fundusze-zewnetrzne\/wp-content\/uploads\/sites\/14\/2022\/02\/ogloszenie_cykl-szkolen-studenci-z-zniepelnosprawnosciami-1.pdf\" class=\"wp-block-file__button\" download>Pobierz<\/a><\/div>\n\n\n\n<div class=\"wp-block-file\"><a href=\"https:\/\/pans.krosno.pl\/fundusze-zewnetrzne\/wp-content\/uploads\/sites\/14\/2022\/02\/zal.-1-oswiadczenie-uczestnika-cykl-szkolen-studenci-z-niepelnosprawnosciami-1.pdf\">zal.-1-oswiadczenie-uczestnika-cykl-szkolen-studenci-z-niepelnosprawnosciami-1<\/a><a href=\"https:\/\/pans.krosno.pl\/fundusze-zewnetrzne\/wp-content\/uploads\/sites\/14\/2022\/02\/zal.-1-oswiadczenie-uczestnika-cykl-szkolen-studenci-z-niepelnosprawnosciami-1.pdf\" class=\"wp-block-file__button\" download>Pobierz<\/a><\/div>\n\n\n\n<div class=\"wp-block-file\"><a href=\"https:\/\/pans.krosno.pl\/fundusze-zewnetrzne\/wp-content\/uploads\/sites\/14\/2022\/02\/zal.-2-deklaracja-uczestnika-1.docx\">zal.-2-deklaracja-uczestnika-1<\/a><a href=\"https:\/\/pans.krosno.pl\/fundusze-zewnetrzne\/wp-content\/uploads\/sites\/14\/2022\/02\/zal.-2-deklaracja-uczestnika-1.docx\" class=\"wp-block-file__button\" download>Pobierz<\/a><\/div>\n\n\n\n<div class=\"wp-block-file\"><a href=\"https:\/\/pans.krosno.pl\/fundusze-zewnetrzne\/wp-content\/uploads\/sites\/14\/2022\/02\/zal.3-Karta_zgloszenia-cykl-szkolen-studenci-z-niepelnosprawnosciami-1.docx\">zal.3-Karta_zgloszenia-cykl-szkolen-studenci-z-niepelnosprawnosciami-1<\/a><a href=\"https:\/\/pans.krosno.pl\/fundusze-zewnetrzne\/wp-content\/uploads\/sites\/14\/2022\/02\/zal.3-Karta_zgloszenia-cykl-szkolen-studenci-z-niepelnosprawnosciami-1.docx\" class=\"wp-block-file__button\" download>Pobierz<\/a><\/div>\n","protected":false},"excerpt":{"rendered":"<p>Karpacka Pa\u0144stwowa Uczelnia w Kro\u015bnie w zwi\u0105zku realizacj\u0105 projektu pn. \u201eUczelnia bez barier \u2013 w kierunku edukacji w\u0142\u0105czaj\u0105cej\u201d nr POWR.03.05.00-00-A079\/20, wsp\u00f3\u0142finansowanego ze \u015brodk\u00f3w Unii Europejskiej w ramach Europejskiego Funduszu Spo\u0142ecznego og\u0142asza nab\u00f3r do udzia\u0142u w cyklu szkole\u0144 z zakresu pracy ze studentami z zaburzeniami psychicznymi dla pracownik\u00f3w KPU w Kro\u015bnie, [\u2026] <\/p>\n<div class=\"clear\"><\/div>\n<p><a class=\"more_link clearfix\" href=\"https:\/\/pans.krosno.pl\/fundusze-zewnetrzne\/ogloszenie-o-naborze-do-udzialu-w-cyklu-szkolen-z-zakresu-pracy-ze-studentami-z-zaburzeniami-psychicznymi-dla-pracownikow-kpu-w-krosnie-ktorzy-brali-udzial-w-szkoleniu-podstawowym-w-zakresie\/\" rel=\"nofollow\">Read More<\/a><\/p>\n","protected":false},"author":53,"featured_media":0,"comment_status":"open","ping_status":"open","sticky":false,"template":"","format":"standard","meta":{"ngg_post_thumbnail":0,"footnotes":""},"categories":[11],"tags":[],"class_list":["post-2774","post","type-post","status-publish","format-standard","hentry","category-uczelnia-bez-barier"],"yoast_head":"<!-- This site is optimized with the Yoast SEO Premium plugin v27.4 (Yoast SEO v27.4) - https:\/\/yoast.com\/product\/yoast-seo-premium-wordpress\/ -->\n<title>Og\u0142oszenie o naborze do udzia\u0142u w cyklu szkole\u0144 z zakresu pracy ze studentami z zaburzeniami psychicznymi dla pracownik\u00f3w KPU w Kro\u015bnie, kt\u00f3rzy brali udzia\u0142 w \u201eSzkoleniu podstawowym w zakresie komunikacji i form wsparcia edukacyjnego student\u00f3w z zaburzeniami psychicznymi\u201d - Fundusze zewn\u0119trzne PANS w Kro\u015bnie<\/title>\n<meta name=\"robots\" content=\"index, follow, max-snippet:-1, max-image-preview:large, max-video-preview:-1\" \/>\n<link rel=\"canonical\" href=\"https:\/\/pans.krosno.pl\/fundusze-zewnetrzne\/ogloszenie-o-naborze-do-udzialu-w-cyklu-szkolen-z-zakresu-pracy-ze-studentami-z-zaburzeniami-psychicznymi-dla-pracownikow-kpu-w-krosnie-ktorzy-brali-udzial-w-szkoleniu-podstawowym-w-zakresie\/\" \/>\n<meta property=\"og:locale\" content=\"pl_PL\" \/>\n<meta property=\"og:type\" content=\"article\" \/>\n<meta property=\"og:title\" content=\"Og\u0142oszenie o naborze do udzia\u0142u w cyklu szkole\u0144 z zakresu pracy ze studentami z zaburzeniami psychicznymi dla pracownik\u00f3w KPU w Kro\u015bnie, kt\u00f3rzy brali udzia\u0142 w \u201eSzkoleniu podstawowym w zakresie komunikacji i form wsparcia edukacyjnego student\u00f3w z zaburzeniami psychicznymi\u201d\" \/>\n<meta property=\"og:description\" content=\"Karpacka Pa\u0144stwowa Uczelnia w Kro\u015bnie w zwi\u0105zku realizacj\u0105 projektu pn. \u201eUczelnia bez barier \u2013 w kierunku edukacji w\u0142\u0105czaj\u0105cej\u201d nr POWR.03.05.00-00-A079\/20, wsp\u00f3\u0142finansowanego ze \u015brodk\u00f3w Unii Europejskiej w ramach Europejskiego Funduszu Spo\u0142ecznego og\u0142asza nab\u00f3r do udzia\u0142u w cyklu szkole\u0144 z zakresu pracy ze studentami z zaburzeniami psychicznymi dla pracownik\u00f3w KPU w Kro\u015bnie, [\u2026] Read More\" \/>\n<meta property=\"og:url\" content=\"https:\/\/pans.krosno.pl\/fundusze-zewnetrzne\/ogloszenie-o-naborze-do-udzialu-w-cyklu-szkolen-z-zakresu-pracy-ze-studentami-z-zaburzeniami-psychicznymi-dla-pracownikow-kpu-w-krosnie-ktorzy-brali-udzial-w-szkoleniu-podstawowym-w-zakresie\/\" \/>\n<meta property=\"og:site_name\" content=\"Fundusze zewn\u0119trzne PANS w Kro\u015bnie\" \/>\n<meta property=\"article:published_time\" content=\"2022-02-07T11:14:50+00:00\" \/>\n<meta property=\"article:modified_time\" content=\"2022-02-07T11:15:29+00:00\" \/>\n<meta name=\"author\" content=\"izabelazajdel\" \/>\n<meta name=\"twitter:card\" content=\"summary_large_image\" \/>\n<meta name=\"twitter:label1\" content=\"Napisane przez\" \/>\n\t<meta name=\"twitter:data1\" content=\"izabelazajdel\" \/>\n\t<meta name=\"twitter:label2\" content=\"Szacowany czas czytania\" \/>\n\t<meta name=\"twitter:data2\" content=\"3 minuty\" \/>\n<script type=\"application\/ld+json\" class=\"yoast-schema-graph\">{\"@context\":\"https:\\\/\\\/schema.org\",\"@graph\":[{\"@type\":\"Article\",\"@id\":\"https:\\\/\\\/pans.krosno.pl\\\/fundusze-zewnetrzne\\\/ogloszenie-o-naborze-do-udzialu-w-cyklu-szkolen-z-zakresu-pracy-ze-studentami-z-zaburzeniami-psychicznymi-dla-pracownikow-kpu-w-krosnie-ktorzy-brali-udzial-w-szkoleniu-podstawowym-w-zakresie\\\/#article\",\"isPartOf\":{\"@id\":\"https:\\\/\\\/pans.krosno.pl\\\/fundusze-zewnetrzne\\\/ogloszenie-o-naborze-do-udzialu-w-cyklu-szkolen-z-zakresu-pracy-ze-studentami-z-zaburzeniami-psychicznymi-dla-pracownikow-kpu-w-krosnie-ktorzy-brali-udzial-w-szkoleniu-podstawowym-w-zakresie\\\/\"},\"author\":{\"name\":\"izabelazajdel\",\"@id\":\"https:\\\/\\\/pans.krosno.pl\\\/fundusze-zewnetrzne\\\/#\\\/schema\\\/person\\\/b577b3ee7557d4a78bd4d0eb553b20da\"},\"headline\":\"Og\u0142oszenie o naborze do udzia\u0142u w cyklu szkole\u0144 z zakresu pracy ze studentami z zaburzeniami psychicznymi dla pracownik\u00f3w KPU w Kro\u015bnie, kt\u00f3rzy brali udzia\u0142 w \u201eSzkoleniu podstawowym w zakresie komunikacji i form wsparcia edukacyjnego student\u00f3w z zaburzeniami psychicznymi\u201d\",\"datePublished\":\"2022-02-07T11:14:50+00:00\",\"dateModified\":\"2022-02-07T11:15:29+00:00\",\"mainEntityOfPage\":{\"@id\":\"https:\\\/\\\/pans.krosno.pl\\\/fundusze-zewnetrzne\\\/ogloszenie-o-naborze-do-udzialu-w-cyklu-szkolen-z-zakresu-pracy-ze-studentami-z-zaburzeniami-psychicznymi-dla-pracownikow-kpu-w-krosnie-ktorzy-brali-udzial-w-szkoleniu-podstawowym-w-zakresie\\\/\"},\"wordCount\":572,\"commentCount\":0,\"publisher\":{\"@id\":\"https:\\\/\\\/pans.krosno.pl\\\/fundusze-zewnetrzne\\\/#organization\"},\"articleSection\":[\"Uczelnia Bez Barier\"],\"inLanguage\":\"pl-PL\",\"potentialAction\":[{\"@type\":\"CommentAction\",\"name\":\"Comment\",\"target\":[\"https:\\\/\\\/pans.krosno.pl\\\/fundusze-zewnetrzne\\\/ogloszenie-o-naborze-do-udzialu-w-cyklu-szkolen-z-zakresu-pracy-ze-studentami-z-zaburzeniami-psychicznymi-dla-pracownikow-kpu-w-krosnie-ktorzy-brali-udzial-w-szkoleniu-podstawowym-w-zakresie\\\/#respond\"]}]},{\"@type\":\"WebPage\",\"@id\":\"https:\\\/\\\/pans.krosno.pl\\\/fundusze-zewnetrzne\\\/ogloszenie-o-naborze-do-udzialu-w-cyklu-szkolen-z-zakresu-pracy-ze-studentami-z-zaburzeniami-psychicznymi-dla-pracownikow-kpu-w-krosnie-ktorzy-brali-udzial-w-szkoleniu-podstawowym-w-zakresie\\\/\",\"url\":\"https:\\\/\\\/pans.krosno.pl\\\/fundusze-zewnetrzne\\\/ogloszenie-o-naborze-do-udzialu-w-cyklu-szkolen-z-zakresu-pracy-ze-studentami-z-zaburzeniami-psychicznymi-dla-pracownikow-kpu-w-krosnie-ktorzy-brali-udzial-w-szkoleniu-podstawowym-w-zakresie\\\/\",\"name\":\"Og\u0142oszenie o naborze do udzia\u0142u w cyklu szkole\u0144 z zakresu pracy ze studentami z zaburzeniami psychicznymi dla pracownik\u00f3w KPU w Kro\u015bnie, kt\u00f3rzy brali udzia\u0142 w \u201eSzkoleniu podstawowym w zakresie komunikacji i form wsparcia edukacyjnego student\u00f3w z zaburzeniami psychicznymi\u201d - Fundusze zewn\u0119trzne PANS w Kro\u015bnie\",\"isPartOf\":{\"@id\":\"https:\\\/\\\/pans.krosno.pl\\\/fundusze-zewnetrzne\\\/#website\"},\"datePublished\":\"2022-02-07T11:14:50+00:00\",\"dateModified\":\"2022-02-07T11:15:29+00:00\",\"breadcrumb\":{\"@id\":\"https:\\\/\\\/pans.krosno.pl\\\/fundusze-zewnetrzne\\\/ogloszenie-o-naborze-do-udzialu-w-cyklu-szkolen-z-zakresu-pracy-ze-studentami-z-zaburzeniami-psychicznymi-dla-pracownikow-kpu-w-krosnie-ktorzy-brali-udzial-w-szkoleniu-podstawowym-w-zakresie\\\/#breadcrumb\"},\"inLanguage\":\"pl-PL\",\"potentialAction\":[{\"@type\":\"ReadAction\",\"target\":[\"https:\\\/\\\/pans.krosno.pl\\\/fundusze-zewnetrzne\\\/ogloszenie-o-naborze-do-udzialu-w-cyklu-szkolen-z-zakresu-pracy-ze-studentami-z-zaburzeniami-psychicznymi-dla-pracownikow-kpu-w-krosnie-ktorzy-brali-udzial-w-szkoleniu-podstawowym-w-zakresie\\\/\"]}]},{\"@type\":\"BreadcrumbList\",\"@id\":\"https:\\\/\\\/pans.krosno.pl\\\/fundusze-zewnetrzne\\\/ogloszenie-o-naborze-do-udzialu-w-cyklu-szkolen-z-zakresu-pracy-ze-studentami-z-zaburzeniami-psychicznymi-dla-pracownikow-kpu-w-krosnie-ktorzy-brali-udzial-w-szkoleniu-podstawowym-w-zakresie\\\/#breadcrumb\",\"itemListElement\":[{\"@type\":\"ListItem\",\"position\":1,\"name\":\"Strona g\u0142\u00f3wna\",\"item\":\"https:\\\/\\\/pans.krosno.pl\\\/fundusze-zewnetrzne\\\/\"},{\"@type\":\"ListItem\",\"position\":2,\"name\":\"Og\u0142oszenie o naborze do udzia\u0142u w cyklu szkole\u0144 z zakresu pracy ze studentami z zaburzeniami psychicznymi dla pracownik\u00f3w KPU w Kro\u015bnie, kt\u00f3rzy brali udzia\u0142 w \u201eSzkoleniu podstawowym w zakresie komunikacji i form wsparcia edukacyjnego student\u00f3w z zaburzeniami psychicznymi\u201d\"}]},{\"@type\":\"WebSite\",\"@id\":\"https:\\\/\\\/pans.krosno.pl\\\/fundusze-zewnetrzne\\\/#website\",\"url\":\"https:\\\/\\\/pans.krosno.pl\\\/fundusze-zewnetrzne\\\/\",\"name\":\"Fundusze zewn\u0119trzne PANS w Kro\u015bnie\",\"description\":\"Fundusze zewn\u0119trzne  - Pa\u0144stwowa Akademia Nauk Stosowanych\",\"publisher\":{\"@id\":\"https:\\\/\\\/pans.krosno.pl\\\/fundusze-zewnetrzne\\\/#organization\"},\"potentialAction\":[{\"@type\":\"SearchAction\",\"target\":{\"@type\":\"EntryPoint\",\"urlTemplate\":\"https:\\\/\\\/pans.krosno.pl\\\/fundusze-zewnetrzne\\\/?s={search_term_string}\"},\"query-input\":{\"@type\":\"PropertyValueSpecification\",\"valueRequired\":true,\"valueName\":\"search_term_string\"}}],\"inLanguage\":\"pl-PL\"},{\"@type\":\"Organization\",\"@id\":\"https:\\\/\\\/pans.krosno.pl\\\/fundusze-zewnetrzne\\\/#organization\",\"name\":\"Fundusze zewn\u0119trzne PANS w Kro\u015bnie\",\"url\":\"https:\\\/\\\/pans.krosno.pl\\\/fundusze-zewnetrzne\\\/\",\"logo\":{\"@type\":\"ImageObject\",\"inLanguage\":\"pl-PL\",\"@id\":\"https:\\\/\\\/pans.krosno.pl\\\/fundusze-zewnetrzne\\\/#\\\/schema\\\/logo\\\/image\\\/\",\"url\":\"https:\\\/\\\/pans.krosno.pl\\\/fundusze-zewnetrzne\\\/wp-content\\\/uploads\\\/sites\\\/14\\\/2023\\\/01\\\/Logo-PANS-2022-pelne.png\",\"contentUrl\":\"https:\\\/\\\/pans.krosno.pl\\\/fundusze-zewnetrzne\\\/wp-content\\\/uploads\\\/sites\\\/14\\\/2023\\\/01\\\/Logo-PANS-2022-pelne.png\",\"width\":3096,\"height\":696,\"caption\":\"Fundusze zewn\u0119trzne PANS w Kro\u015bnie\"},\"image\":{\"@id\":\"https:\\\/\\\/pans.krosno.pl\\\/fundusze-zewnetrzne\\\/#\\\/schema\\\/logo\\\/image\\\/\"}},{\"@type\":\"Person\",\"@id\":\"https:\\\/\\\/pans.krosno.pl\\\/fundusze-zewnetrzne\\\/#\\\/schema\\\/person\\\/b577b3ee7557d4a78bd4d0eb553b20da\",\"name\":\"izabelazajdel\",\"image\":{\"@type\":\"ImageObject\",\"inLanguage\":\"pl-PL\",\"@id\":\"https:\\\/\\\/secure.gravatar.com\\\/avatar\\\/cc22649c0597a3f633569b360a16edbf32f0de4d8b8549b4773001c03da05b8e?s=96&d=mm&r=g\",\"url\":\"https:\\\/\\\/secure.gravatar.com\\\/avatar\\\/cc22649c0597a3f633569b360a16edbf32f0de4d8b8549b4773001c03da05b8e?s=96&d=mm&r=g\",\"contentUrl\":\"https:\\\/\\\/secure.gravatar.com\\\/avatar\\\/cc22649c0597a3f633569b360a16edbf32f0de4d8b8549b4773001c03da05b8e?s=96&d=mm&r=g\",\"caption\":\"izabelazajdel\"},\"url\":\"https:\\\/\\\/pans.krosno.pl\\\/fundusze-zewnetrzne\\\/author\\\/izabelazajdel\\\/\"}]}<\/script>\n<!-- \/ Yoast SEO Premium plugin. -->","yoast_head_json":{"title":"Og\u0142oszenie o naborze do udzia\u0142u w cyklu szkole\u0144 z zakresu pracy ze studentami z zaburzeniami psychicznymi dla pracownik\u00f3w KPU w Kro\u015bnie, kt\u00f3rzy brali udzia\u0142 w \u201eSzkoleniu podstawowym w zakresie komunikacji i form wsparcia edukacyjnego student\u00f3w z zaburzeniami psychicznymi\u201d - Fundusze zewn\u0119trzne PANS w Kro\u015bnie","robots":{"index":"index","follow":"follow","max-snippet":"max-snippet:-1","max-image-preview":"max-image-preview:large","max-video-preview":"max-video-preview:-1"},"canonical":"https:\/\/pans.krosno.pl\/fundusze-zewnetrzne\/ogloszenie-o-naborze-do-udzialu-w-cyklu-szkolen-z-zakresu-pracy-ze-studentami-z-zaburzeniami-psychicznymi-dla-pracownikow-kpu-w-krosnie-ktorzy-brali-udzial-w-szkoleniu-podstawowym-w-zakresie\/","og_locale":"pl_PL","og_type":"article","og_title":"Og\u0142oszenie o naborze do udzia\u0142u w cyklu szkole\u0144 z zakresu pracy ze studentami z zaburzeniami psychicznymi dla pracownik\u00f3w KPU w Kro\u015bnie, kt\u00f3rzy brali udzia\u0142 w \u201eSzkoleniu podstawowym w zakresie komunikacji i form wsparcia edukacyjnego student\u00f3w z zaburzeniami psychicznymi\u201d","og_description":"Karpacka Pa\u0144stwowa Uczelnia w Kro\u015bnie w zwi\u0105zku realizacj\u0105 projektu pn. \u201eUczelnia bez barier \u2013 w kierunku edukacji w\u0142\u0105czaj\u0105cej\u201d nr POWR.03.05.00-00-A079\/20, wsp\u00f3\u0142finansowanego ze \u015brodk\u00f3w Unii Europejskiej w ramach Europejskiego Funduszu Spo\u0142ecznego og\u0142asza nab\u00f3r do udzia\u0142u w cyklu szkole\u0144 z zakresu pracy ze studentami z zaburzeniami psychicznymi dla pracownik\u00f3w KPU w Kro\u015bnie, [\u2026] Read More","og_url":"https:\/\/pans.krosno.pl\/fundusze-zewnetrzne\/ogloszenie-o-naborze-do-udzialu-w-cyklu-szkolen-z-zakresu-pracy-ze-studentami-z-zaburzeniami-psychicznymi-dla-pracownikow-kpu-w-krosnie-ktorzy-brali-udzial-w-szkoleniu-podstawowym-w-zakresie\/","og_site_name":"Fundusze zewn\u0119trzne PANS w Kro\u015bnie","article_published_time":"2022-02-07T11:14:50+00:00","article_modified_time":"2022-02-07T11:15:29+00:00","author":"izabelazajdel","twitter_card":"summary_large_image","twitter_misc":{"Napisane przez":"izabelazajdel","Szacowany czas czytania":"3 minuty"},"schema":{"@context":"https:\/\/schema.org","@graph":[{"@type":"Article","@id":"https:\/\/pans.krosno.pl\/fundusze-zewnetrzne\/ogloszenie-o-naborze-do-udzialu-w-cyklu-szkolen-z-zakresu-pracy-ze-studentami-z-zaburzeniami-psychicznymi-dla-pracownikow-kpu-w-krosnie-ktorzy-brali-udzial-w-szkoleniu-podstawowym-w-zakresie\/#article","isPartOf":{"@id":"https:\/\/pans.krosno.pl\/fundusze-zewnetrzne\/ogloszenie-o-naborze-do-udzialu-w-cyklu-szkolen-z-zakresu-pracy-ze-studentami-z-zaburzeniami-psychicznymi-dla-pracownikow-kpu-w-krosnie-ktorzy-brali-udzial-w-szkoleniu-podstawowym-w-zakresie\/"},"author":{"name":"izabelazajdel","@id":"https:\/\/pans.krosno.pl\/fundusze-zewnetrzne\/#\/schema\/person\/b577b3ee7557d4a78bd4d0eb553b20da"},"headline":"Og\u0142oszenie o naborze do udzia\u0142u w cyklu szkole\u0144 z zakresu pracy ze studentami z zaburzeniami psychicznymi dla pracownik\u00f3w KPU w Kro\u015bnie, kt\u00f3rzy brali udzia\u0142 w \u201eSzkoleniu podstawowym w zakresie komunikacji i form wsparcia edukacyjnego student\u00f3w z zaburzeniami psychicznymi\u201d","datePublished":"2022-02-07T11:14:50+00:00","dateModified":"2022-02-07T11:15:29+00:00","mainEntityOfPage":{"@id":"https:\/\/pans.krosno.pl\/fundusze-zewnetrzne\/ogloszenie-o-naborze-do-udzialu-w-cyklu-szkolen-z-zakresu-pracy-ze-studentami-z-zaburzeniami-psychicznymi-dla-pracownikow-kpu-w-krosnie-ktorzy-brali-udzial-w-szkoleniu-podstawowym-w-zakresie\/"},"wordCount":572,"commentCount":0,"publisher":{"@id":"https:\/\/pans.krosno.pl\/fundusze-zewnetrzne\/#organization"},"articleSection":["Uczelnia Bez Barier"],"inLanguage":"pl-PL","potentialAction":[{"@type":"CommentAction","name":"Comment","target":["https:\/\/pans.krosno.pl\/fundusze-zewnetrzne\/ogloszenie-o-naborze-do-udzialu-w-cyklu-szkolen-z-zakresu-pracy-ze-studentami-z-zaburzeniami-psychicznymi-dla-pracownikow-kpu-w-krosnie-ktorzy-brali-udzial-w-szkoleniu-podstawowym-w-zakresie\/#respond"]}]},{"@type":"WebPage","@id":"https:\/\/pans.krosno.pl\/fundusze-zewnetrzne\/ogloszenie-o-naborze-do-udzialu-w-cyklu-szkolen-z-zakresu-pracy-ze-studentami-z-zaburzeniami-psychicznymi-dla-pracownikow-kpu-w-krosnie-ktorzy-brali-udzial-w-szkoleniu-podstawowym-w-zakresie\/","url":"https:\/\/pans.krosno.pl\/fundusze-zewnetrzne\/ogloszenie-o-naborze-do-udzialu-w-cyklu-szkolen-z-zakresu-pracy-ze-studentami-z-zaburzeniami-psychicznymi-dla-pracownikow-kpu-w-krosnie-ktorzy-brali-udzial-w-szkoleniu-podstawowym-w-zakresie\/","name":"Og\u0142oszenie o naborze do udzia\u0142u w cyklu szkole\u0144 z zakresu pracy ze studentami z zaburzeniami psychicznymi dla pracownik\u00f3w KPU w Kro\u015bnie, kt\u00f3rzy brali udzia\u0142 w \u201eSzkoleniu podstawowym w zakresie komunikacji i form wsparcia edukacyjnego student\u00f3w z zaburzeniami psychicznymi\u201d - Fundusze zewn\u0119trzne PANS w Kro\u015bnie","isPartOf":{"@id":"https:\/\/pans.krosno.pl\/fundusze-zewnetrzne\/#website"},"datePublished":"2022-02-07T11:14:50+00:00","dateModified":"2022-02-07T11:15:29+00:00","breadcrumb":{"@id":"https:\/\/pans.krosno.pl\/fundusze-zewnetrzne\/ogloszenie-o-naborze-do-udzialu-w-cyklu-szkolen-z-zakresu-pracy-ze-studentami-z-zaburzeniami-psychicznymi-dla-pracownikow-kpu-w-krosnie-ktorzy-brali-udzial-w-szkoleniu-podstawowym-w-zakresie\/#breadcrumb"},"inLanguage":"pl-PL","potentialAction":[{"@type":"ReadAction","target":["https:\/\/pans.krosno.pl\/fundusze-zewnetrzne\/ogloszenie-o-naborze-do-udzialu-w-cyklu-szkolen-z-zakresu-pracy-ze-studentami-z-zaburzeniami-psychicznymi-dla-pracownikow-kpu-w-krosnie-ktorzy-brali-udzial-w-szkoleniu-podstawowym-w-zakresie\/"]}]},{"@type":"BreadcrumbList","@id":"https:\/\/pans.krosno.pl\/fundusze-zewnetrzne\/ogloszenie-o-naborze-do-udzialu-w-cyklu-szkolen-z-zakresu-pracy-ze-studentami-z-zaburzeniami-psychicznymi-dla-pracownikow-kpu-w-krosnie-ktorzy-brali-udzial-w-szkoleniu-podstawowym-w-zakresie\/#breadcrumb","itemListElement":[{"@type":"ListItem","position":1,"name":"Strona g\u0142\u00f3wna","item":"https:\/\/pans.krosno.pl\/fundusze-zewnetrzne\/"},{"@type":"ListItem","position":2,"name":"Og\u0142oszenie o naborze do udzia\u0142u w cyklu szkole\u0144 z zakresu pracy ze studentami z zaburzeniami psychicznymi dla pracownik\u00f3w KPU w Kro\u015bnie, kt\u00f3rzy brali udzia\u0142 w \u201eSzkoleniu podstawowym w zakresie komunikacji i form wsparcia edukacyjnego student\u00f3w z zaburzeniami psychicznymi\u201d"}]},{"@type":"WebSite","@id":"https:\/\/pans.krosno.pl\/fundusze-zewnetrzne\/#website","url":"https:\/\/pans.krosno.pl\/fundusze-zewnetrzne\/","name":"Fundusze zewn\u0119trzne PANS w Kro\u015bnie","description":"Fundusze zewn\u0119trzne  - Pa\u0144stwowa Akademia Nauk Stosowanych","publisher":{"@id":"https:\/\/pans.krosno.pl\/fundusze-zewnetrzne\/#organization"},"potentialAction":[{"@type":"SearchAction","target":{"@type":"EntryPoint","urlTemplate":"https:\/\/pans.krosno.pl\/fundusze-zewnetrzne\/?s={search_term_string}"},"query-input":{"@type":"PropertyValueSpecification","valueRequired":true,"valueName":"search_term_string"}}],"inLanguage":"pl-PL"},{"@type":"Organization","@id":"https:\/\/pans.krosno.pl\/fundusze-zewnetrzne\/#organization","name":"Fundusze zewn\u0119trzne PANS w Kro\u015bnie","url":"https:\/\/pans.krosno.pl\/fundusze-zewnetrzne\/","logo":{"@type":"ImageObject","inLanguage":"pl-PL","@id":"https:\/\/pans.krosno.pl\/fundusze-zewnetrzne\/#\/schema\/logo\/image\/","url":"https:\/\/pans.krosno.pl\/fundusze-zewnetrzne\/wp-content\/uploads\/sites\/14\/2023\/01\/Logo-PANS-2022-pelne.png","contentUrl":"https:\/\/pans.krosno.pl\/fundusze-zewnetrzne\/wp-content\/uploads\/sites\/14\/2023\/01\/Logo-PANS-2022-pelne.png","width":3096,"height":696,"caption":"Fundusze zewn\u0119trzne PANS w Kro\u015bnie"},"image":{"@id":"https:\/\/pans.krosno.pl\/fundusze-zewnetrzne\/#\/schema\/logo\/image\/"}},{"@type":"Person","@id":"https:\/\/pans.krosno.pl\/fundusze-zewnetrzne\/#\/schema\/person\/b577b3ee7557d4a78bd4d0eb553b20da","name":"izabelazajdel","image":{"@type":"ImageObject","inLanguage":"pl-PL","@id":"https:\/\/secure.gravatar.com\/avatar\/cc22649c0597a3f633569b360a16edbf32f0de4d8b8549b4773001c03da05b8e?s=96&d=mm&r=g","url":"https:\/\/secure.gravatar.com\/avatar\/cc22649c0597a3f633569b360a16edbf32f0de4d8b8549b4773001c03da05b8e?s=96&d=mm&r=g","contentUrl":"https:\/\/secure.gravatar.com\/avatar\/cc22649c0597a3f633569b360a16edbf32f0de4d8b8549b4773001c03da05b8e?s=96&d=mm&r=g","caption":"izabelazajdel"},"url":"https:\/\/pans.krosno.pl\/fundusze-zewnetrzne\/author\/izabelazajdel\/"}]}},"_links":{"self":[{"href":"https:\/\/pans.krosno.pl\/fundusze-zewnetrzne\/wp-json\/wp\/v2\/posts\/2774","targetHints":{"allow":["GET"]}}],"collection":[{"href":"https:\/\/pans.krosno.pl\/fundusze-zewnetrzne\/wp-json\/wp\/v2\/posts"}],"about":[{"href":"https:\/\/pans.krosno.pl\/fundusze-zewnetrzne\/wp-json\/wp\/v2\/types\/post"}],"author":[{"embeddable":true,"href":"https:\/\/pans.krosno.pl\/fundusze-zewnetrzne\/wp-json\/wp\/v2\/users\/53"}],"replies":[{"embeddable":true,"href":"https:\/\/pans.krosno.pl\/fundusze-zewnetrzne\/wp-json\/wp\/v2\/comments?post=2774"}],"version-history":[{"count":2,"href":"https:\/\/pans.krosno.pl\/fundusze-zewnetrzne\/wp-json\/wp\/v2\/posts\/2774\/revisions"}],"predecessor-version":[{"id":2784,"href":"https:\/\/pans.krosno.pl\/fundusze-zewnetrzne\/wp-json\/wp\/v2\/posts\/2774\/revisions\/2784"}],"wp:attachment":[{"href":"https:\/\/pans.krosno.pl\/fundusze-zewnetrzne\/wp-json\/wp\/v2\/media?parent=2774"}],"wp:term":[{"taxonomy":"category","embeddable":true,"href":"https:\/\/pans.krosno.pl\/fundusze-zewnetrzne\/wp-json\/wp\/v2\/categories?post=2774"},{"taxonomy":"post_tag","embeddable":true,"href":"https:\/\/pans.krosno.pl\/fundusze-zewnetrzne\/wp-json\/wp\/v2\/tags?post=2774"}],"curies":[{"name":"wp","href":"https:\/\/api.w.org\/{rel}","templated":true}]}}