{"id":1864,"date":"2021-04-01T12:19:45","date_gmt":"2021-04-01T10:19:45","guid":{"rendered":"https:\/\/pans.krosno.pl\/fundusze-europejskie-kursy\/?p=1864"},"modified":"2021-04-01T12:24:27","modified_gmt":"2021-04-01T10:24:27","slug":"zawieszenie-realizacji-wszystkich-zajec-w-projekcie-od-dnia-27-03-2021","status":"publish","type":"post","link":"https:\/\/pans.krosno.pl\/fundusze-zewnetrzne\/zawieszenie-realizacji-wszystkich-zajec-w-projekcie-od-dnia-27-03-2021\/","title":{"rendered":"Zawieszenie realizacji wszystkich zaj\u0119\u0107 w projekcie od dnia 27 marca 2021 r."},"content":{"rendered":"\n<p>W zwi\u0105zku z wprowadzeniem na terenie ca\u0142ej Polski na okres od 27 marca do 9 kwietnia 2021 r. obostrze\u0144 obejmuj\u0105cych mi\u0119dzy innymi przej\u015bcie r\u00f3wnie\u017c przedszkoli w tryb edukacji zdalnej jeste\u015bmy zmuszeni zawiesi\u0107 realizacj\u0119 wszystkich zaj\u0119\u0107 w projekcie \u201eTw\u00f3rcze dzieci \u2013 w poszukiwaniu indywidualno\u015bci\u201d na ten okres.<\/p>\n","protected":false},"excerpt":{"rendered":"<p>W zwi\u0105zku z wprowadzeniem na terenie ca\u0142ej Polski na okres od 27 marca do 9 kwietnia 2021 r. obostrze\u0144 obejmuj\u0105cych mi\u0119dzy innymi przej\u015bcie r\u00f3wnie\u017c przedszkoli w tryb edukacji zdalnej jeste\u015bmy zmuszeni zawiesi\u0107 realizacj\u0119 wszystkich zaj\u0119\u0107 w projekcie \u201eTw\u00f3rcze dzieci \u2013 w poszukiwaniu indywidualno\u015bci\u201d na ten okres.<\/p>\n","protected":false},"author":53,"featured_media":0,"comment_status":"open","ping_status":"open","sticky":false,"template":"","format":"standard","meta":{"ngg_post_thumbnail":0,"footnotes":""},"categories":[4],"tags":[],"class_list":["post-1864","post","type-post","status-publish","format-standard","hentry","category-tworcze-dzieci"],"yoast_head":"<!-- This site is optimized with the Yoast SEO Premium plugin v27.4 (Yoast SEO v27.4) - https:\/\/yoast.com\/product\/yoast-seo-premium-wordpress\/ -->\n<title>Zawieszenie realizacji wszystkich zaj\u0119\u0107 w projekcie od dnia 27 marca 2021 r. - Fundusze zewn\u0119trzne PANS w Kro\u015bnie<\/title>\n<meta name=\"robots\" content=\"index, follow, max-snippet:-1, max-image-preview:large, max-video-preview:-1\" \/>\n<link rel=\"canonical\" href=\"https:\/\/pans.krosno.pl\/fundusze-zewnetrzne\/zawieszenie-realizacji-wszystkich-zajec-w-projekcie-od-dnia-27-03-2021\/\" \/>\n<meta property=\"og:locale\" content=\"pl_PL\" \/>\n<meta property=\"og:type\" content=\"article\" \/>\n<meta property=\"og:title\" content=\"Zawieszenie realizacji wszystkich zaj\u0119\u0107 w projekcie od dnia 27 marca 2021 r.\" \/>\n<meta property=\"og:description\" content=\"W zwi\u0105zku z wprowadzeniem na terenie ca\u0142ej Polski na okres od 27 marca do 9 kwietnia 2021 r. obostrze\u0144 obejmuj\u0105cych mi\u0119dzy innymi przej\u015bcie r\u00f3wnie\u017c przedszkoli w tryb edukacji zdalnej jeste\u015bmy zmuszeni zawiesi\u0107 realizacj\u0119 wszystkich zaj\u0119\u0107 w projekcie \u201eTw\u00f3rcze dzieci \u2013 w poszukiwaniu indywidualno\u015bci\u201d na ten okres.\" \/>\n<meta property=\"og:url\" content=\"https:\/\/pans.krosno.pl\/fundusze-zewnetrzne\/zawieszenie-realizacji-wszystkich-zajec-w-projekcie-od-dnia-27-03-2021\/\" \/>\n<meta property=\"og:site_name\" content=\"Fundusze zewn\u0119trzne PANS w Kro\u015bnie\" \/>\n<meta property=\"article:published_time\" content=\"2021-04-01T10:19:45+00:00\" \/>\n<meta property=\"article:modified_time\" content=\"2021-04-01T10:24:27+00:00\" \/>\n<meta name=\"author\" content=\"izabelazajdel\" \/>\n<meta name=\"twitter:card\" content=\"summary_large_image\" \/>\n<meta name=\"twitter:label1\" content=\"Napisane przez\" \/>\n\t<meta name=\"twitter:data1\" content=\"izabelazajdel\" \/>\n<script type=\"application\/ld+json\" class=\"yoast-schema-graph\">{\"@context\":\"https:\\\/\\\/schema.org\",\"@graph\":[{\"@type\":\"Article\",\"@id\":\"https:\\\/\\\/pans.krosno.pl\\\/fundusze-zewnetrzne\\\/zawieszenie-realizacji-wszystkich-zajec-w-projekcie-od-dnia-27-03-2021\\\/#article\",\"isPartOf\":{\"@id\":\"https:\\\/\\\/pans.krosno.pl\\\/fundusze-zewnetrzne\\\/zawieszenie-realizacji-wszystkich-zajec-w-projekcie-od-dnia-27-03-2021\\\/\"},\"author\":{\"name\":\"izabelazajdel\",\"@id\":\"https:\\\/\\\/pans.krosno.pl\\\/fundusze-zewnetrzne\\\/#\\\/schema\\\/person\\\/b577b3ee7557d4a78bd4d0eb553b20da\"},\"headline\":\"Zawieszenie realizacji wszystkich zaj\u0119\u0107 w projekcie od dnia 27 marca 2021 r.\",\"datePublished\":\"2021-04-01T10:19:45+00:00\",\"dateModified\":\"2021-04-01T10:24:27+00:00\",\"mainEntityOfPage\":{\"@id\":\"https:\\\/\\\/pans.krosno.pl\\\/fundusze-zewnetrzne\\\/zawieszenie-realizacji-wszystkich-zajec-w-projekcie-od-dnia-27-03-2021\\\/\"},\"wordCount\":61,\"commentCount\":0,\"publisher\":{\"@id\":\"https:\\\/\\\/pans.krosno.pl\\\/fundusze-zewnetrzne\\\/#organization\"},\"articleSection\":[\"Tw\u00f3rcze dzieci\"],\"inLanguage\":\"pl-PL\",\"potentialAction\":[{\"@type\":\"CommentAction\",\"name\":\"Comment\",\"target\":[\"https:\\\/\\\/pans.krosno.pl\\\/fundusze-zewnetrzne\\\/zawieszenie-realizacji-wszystkich-zajec-w-projekcie-od-dnia-27-03-2021\\\/#respond\"]}]},{\"@type\":\"WebPage\",\"@id\":\"https:\\\/\\\/pans.krosno.pl\\\/fundusze-zewnetrzne\\\/zawieszenie-realizacji-wszystkich-zajec-w-projekcie-od-dnia-27-03-2021\\\/\",\"url\":\"https:\\\/\\\/pans.krosno.pl\\\/fundusze-zewnetrzne\\\/zawieszenie-realizacji-wszystkich-zajec-w-projekcie-od-dnia-27-03-2021\\\/\",\"name\":\"Zawieszenie realizacji wszystkich zaj\u0119\u0107 w projekcie od dnia 27 marca 2021 r. - Fundusze zewn\u0119trzne PANS w Kro\u015bnie\",\"isPartOf\":{\"@id\":\"https:\\\/\\\/pans.krosno.pl\\\/fundusze-zewnetrzne\\\/#website\"},\"datePublished\":\"2021-04-01T10:19:45+00:00\",\"dateModified\":\"2021-04-01T10:24:27+00:00\",\"breadcrumb\":{\"@id\":\"https:\\\/\\\/pans.krosno.pl\\\/fundusze-zewnetrzne\\\/zawieszenie-realizacji-wszystkich-zajec-w-projekcie-od-dnia-27-03-2021\\\/#breadcrumb\"},\"inLanguage\":\"pl-PL\",\"potentialAction\":[{\"@type\":\"ReadAction\",\"target\":[\"https:\\\/\\\/pans.krosno.pl\\\/fundusze-zewnetrzne\\\/zawieszenie-realizacji-wszystkich-zajec-w-projekcie-od-dnia-27-03-2021\\\/\"]}]},{\"@type\":\"BreadcrumbList\",\"@id\":\"https:\\\/\\\/pans.krosno.pl\\\/fundusze-zewnetrzne\\\/zawieszenie-realizacji-wszystkich-zajec-w-projekcie-od-dnia-27-03-2021\\\/#breadcrumb\",\"itemListElement\":[{\"@type\":\"ListItem\",\"position\":1,\"name\":\"Strona g\u0142\u00f3wna\",\"item\":\"https:\\\/\\\/pans.krosno.pl\\\/fundusze-zewnetrzne\\\/\"},{\"@type\":\"ListItem\",\"position\":2,\"name\":\"Zawieszenie realizacji wszystkich zaj\u0119\u0107 w projekcie od dnia 27 marca 2021 r.\"}]},{\"@type\":\"WebSite\",\"@id\":\"https:\\\/\\\/pans.krosno.pl\\\/fundusze-zewnetrzne\\\/#website\",\"url\":\"https:\\\/\\\/pans.krosno.pl\\\/fundusze-zewnetrzne\\\/\",\"name\":\"Fundusze zewn\u0119trzne PANS w Kro\u015bnie\",\"description\":\"Fundusze zewn\u0119trzne  - Pa\u0144stwowa Akademia Nauk Stosowanych\",\"publisher\":{\"@id\":\"https:\\\/\\\/pans.krosno.pl\\\/fundusze-zewnetrzne\\\/#organization\"},\"potentialAction\":[{\"@type\":\"SearchAction\",\"target\":{\"@type\":\"EntryPoint\",\"urlTemplate\":\"https:\\\/\\\/pans.krosno.pl\\\/fundusze-zewnetrzne\\\/?s={search_term_string}\"},\"query-input\":{\"@type\":\"PropertyValueSpecification\",\"valueRequired\":true,\"valueName\":\"search_term_string\"}}],\"inLanguage\":\"pl-PL\"},{\"@type\":\"Organization\",\"@id\":\"https:\\\/\\\/pans.krosno.pl\\\/fundusze-zewnetrzne\\\/#organization\",\"name\":\"Fundusze zewn\u0119trzne PANS w Kro\u015bnie\",\"url\":\"https:\\\/\\\/pans.krosno.pl\\\/fundusze-zewnetrzne\\\/\",\"logo\":{\"@type\":\"ImageObject\",\"inLanguage\":\"pl-PL\",\"@id\":\"https:\\\/\\\/pans.krosno.pl\\\/fundusze-zewnetrzne\\\/#\\\/schema\\\/logo\\\/image\\\/\",\"url\":\"https:\\\/\\\/pans.krosno.pl\\\/fundusze-zewnetrzne\\\/wp-content\\\/uploads\\\/sites\\\/14\\\/2023\\\/01\\\/Logo-PANS-2022-pelne.png\",\"contentUrl\":\"https:\\\/\\\/pans.krosno.pl\\\/fundusze-zewnetrzne\\\/wp-content\\\/uploads\\\/sites\\\/14\\\/2023\\\/01\\\/Logo-PANS-2022-pelne.png\",\"width\":3096,\"height\":696,\"caption\":\"Fundusze zewn\u0119trzne PANS w Kro\u015bnie\"},\"image\":{\"@id\":\"https:\\\/\\\/pans.krosno.pl\\\/fundusze-zewnetrzne\\\/#\\\/schema\\\/logo\\\/image\\\/\"}},{\"@type\":\"Person\",\"@id\":\"https:\\\/\\\/pans.krosno.pl\\\/fundusze-zewnetrzne\\\/#\\\/schema\\\/person\\\/b577b3ee7557d4a78bd4d0eb553b20da\",\"name\":\"izabelazajdel\",\"image\":{\"@type\":\"ImageObject\",\"inLanguage\":\"pl-PL\",\"@id\":\"https:\\\/\\\/secure.gravatar.com\\\/avatar\\\/cc22649c0597a3f633569b360a16edbf32f0de4d8b8549b4773001c03da05b8e?s=96&d=mm&r=g\",\"url\":\"https:\\\/\\\/secure.gravatar.com\\\/avatar\\\/cc22649c0597a3f633569b360a16edbf32f0de4d8b8549b4773001c03da05b8e?s=96&d=mm&r=g\",\"contentUrl\":\"https:\\\/\\\/secure.gravatar.com\\\/avatar\\\/cc22649c0597a3f633569b360a16edbf32f0de4d8b8549b4773001c03da05b8e?s=96&d=mm&r=g\",\"caption\":\"izabelazajdel\"},\"url\":\"https:\\\/\\\/pans.krosno.pl\\\/fundusze-zewnetrzne\\\/author\\\/izabelazajdel\\\/\"}]}<\/script>\n<!-- \/ Yoast SEO Premium plugin. -->","yoast_head_json":{"title":"Zawieszenie realizacji wszystkich zaj\u0119\u0107 w projekcie od dnia 27 marca 2021 r. - Fundusze zewn\u0119trzne PANS w Kro\u015bnie","robots":{"index":"index","follow":"follow","max-snippet":"max-snippet:-1","max-image-preview":"max-image-preview:large","max-video-preview":"max-video-preview:-1"},"canonical":"https:\/\/pans.krosno.pl\/fundusze-zewnetrzne\/zawieszenie-realizacji-wszystkich-zajec-w-projekcie-od-dnia-27-03-2021\/","og_locale":"pl_PL","og_type":"article","og_title":"Zawieszenie realizacji wszystkich zaj\u0119\u0107 w projekcie od dnia 27 marca 2021 r.","og_description":"W zwi\u0105zku z wprowadzeniem na terenie ca\u0142ej Polski na okres od 27 marca do 9 kwietnia 2021 r. obostrze\u0144 obejmuj\u0105cych mi\u0119dzy innymi przej\u015bcie r\u00f3wnie\u017c przedszkoli w tryb edukacji zdalnej jeste\u015bmy zmuszeni zawiesi\u0107 realizacj\u0119 wszystkich zaj\u0119\u0107 w projekcie \u201eTw\u00f3rcze dzieci \u2013 w poszukiwaniu indywidualno\u015bci\u201d na ten okres.","og_url":"https:\/\/pans.krosno.pl\/fundusze-zewnetrzne\/zawieszenie-realizacji-wszystkich-zajec-w-projekcie-od-dnia-27-03-2021\/","og_site_name":"Fundusze zewn\u0119trzne PANS w Kro\u015bnie","article_published_time":"2021-04-01T10:19:45+00:00","article_modified_time":"2021-04-01T10:24:27+00:00","author":"izabelazajdel","twitter_card":"summary_large_image","twitter_misc":{"Napisane przez":"izabelazajdel"},"schema":{"@context":"https:\/\/schema.org","@graph":[{"@type":"Article","@id":"https:\/\/pans.krosno.pl\/fundusze-zewnetrzne\/zawieszenie-realizacji-wszystkich-zajec-w-projekcie-od-dnia-27-03-2021\/#article","isPartOf":{"@id":"https:\/\/pans.krosno.pl\/fundusze-zewnetrzne\/zawieszenie-realizacji-wszystkich-zajec-w-projekcie-od-dnia-27-03-2021\/"},"author":{"name":"izabelazajdel","@id":"https:\/\/pans.krosno.pl\/fundusze-zewnetrzne\/#\/schema\/person\/b577b3ee7557d4a78bd4d0eb553b20da"},"headline":"Zawieszenie realizacji wszystkich zaj\u0119\u0107 w projekcie od dnia 27 marca 2021 r.","datePublished":"2021-04-01T10:19:45+00:00","dateModified":"2021-04-01T10:24:27+00:00","mainEntityOfPage":{"@id":"https:\/\/pans.krosno.pl\/fundusze-zewnetrzne\/zawieszenie-realizacji-wszystkich-zajec-w-projekcie-od-dnia-27-03-2021\/"},"wordCount":61,"commentCount":0,"publisher":{"@id":"https:\/\/pans.krosno.pl\/fundusze-zewnetrzne\/#organization"},"articleSection":["Tw\u00f3rcze dzieci"],"inLanguage":"pl-PL","potentialAction":[{"@type":"CommentAction","name":"Comment","target":["https:\/\/pans.krosno.pl\/fundusze-zewnetrzne\/zawieszenie-realizacji-wszystkich-zajec-w-projekcie-od-dnia-27-03-2021\/#respond"]}]},{"@type":"WebPage","@id":"https:\/\/pans.krosno.pl\/fundusze-zewnetrzne\/zawieszenie-realizacji-wszystkich-zajec-w-projekcie-od-dnia-27-03-2021\/","url":"https:\/\/pans.krosno.pl\/fundusze-zewnetrzne\/zawieszenie-realizacji-wszystkich-zajec-w-projekcie-od-dnia-27-03-2021\/","name":"Zawieszenie realizacji wszystkich zaj\u0119\u0107 w projekcie od dnia 27 marca 2021 r. - Fundusze zewn\u0119trzne PANS w Kro\u015bnie","isPartOf":{"@id":"https:\/\/pans.krosno.pl\/fundusze-zewnetrzne\/#website"},"datePublished":"2021-04-01T10:19:45+00:00","dateModified":"2021-04-01T10:24:27+00:00","breadcrumb":{"@id":"https:\/\/pans.krosno.pl\/fundusze-zewnetrzne\/zawieszenie-realizacji-wszystkich-zajec-w-projekcie-od-dnia-27-03-2021\/#breadcrumb"},"inLanguage":"pl-PL","potentialAction":[{"@type":"ReadAction","target":["https:\/\/pans.krosno.pl\/fundusze-zewnetrzne\/zawieszenie-realizacji-wszystkich-zajec-w-projekcie-od-dnia-27-03-2021\/"]}]},{"@type":"BreadcrumbList","@id":"https:\/\/pans.krosno.pl\/fundusze-zewnetrzne\/zawieszenie-realizacji-wszystkich-zajec-w-projekcie-od-dnia-27-03-2021\/#breadcrumb","itemListElement":[{"@type":"ListItem","position":1,"name":"Strona g\u0142\u00f3wna","item":"https:\/\/pans.krosno.pl\/fundusze-zewnetrzne\/"},{"@type":"ListItem","position":2,"name":"Zawieszenie realizacji wszystkich zaj\u0119\u0107 w projekcie od dnia 27 marca 2021 r."}]},{"@type":"WebSite","@id":"https:\/\/pans.krosno.pl\/fundusze-zewnetrzne\/#website","url":"https:\/\/pans.krosno.pl\/fundusze-zewnetrzne\/","name":"Fundusze zewn\u0119trzne PANS w Kro\u015bnie","description":"Fundusze zewn\u0119trzne  - Pa\u0144stwowa Akademia Nauk Stosowanych","publisher":{"@id":"https:\/\/pans.krosno.pl\/fundusze-zewnetrzne\/#organization"},"potentialAction":[{"@type":"SearchAction","target":{"@type":"EntryPoint","urlTemplate":"https:\/\/pans.krosno.pl\/fundusze-zewnetrzne\/?s={search_term_string}"},"query-input":{"@type":"PropertyValueSpecification","valueRequired":true,"valueName":"search_term_string"}}],"inLanguage":"pl-PL"},{"@type":"Organization","@id":"https:\/\/pans.krosno.pl\/fundusze-zewnetrzne\/#organization","name":"Fundusze zewn\u0119trzne PANS w Kro\u015bnie","url":"https:\/\/pans.krosno.pl\/fundusze-zewnetrzne\/","logo":{"@type":"ImageObject","inLanguage":"pl-PL","@id":"https:\/\/pans.krosno.pl\/fundusze-zewnetrzne\/#\/schema\/logo\/image\/","url":"https:\/\/pans.krosno.pl\/fundusze-zewnetrzne\/wp-content\/uploads\/sites\/14\/2023\/01\/Logo-PANS-2022-pelne.png","contentUrl":"https:\/\/pans.krosno.pl\/fundusze-zewnetrzne\/wp-content\/uploads\/sites\/14\/2023\/01\/Logo-PANS-2022-pelne.png","width":3096,"height":696,"caption":"Fundusze zewn\u0119trzne PANS w Kro\u015bnie"},"image":{"@id":"https:\/\/pans.krosno.pl\/fundusze-zewnetrzne\/#\/schema\/logo\/image\/"}},{"@type":"Person","@id":"https:\/\/pans.krosno.pl\/fundusze-zewnetrzne\/#\/schema\/person\/b577b3ee7557d4a78bd4d0eb553b20da","name":"izabelazajdel","image":{"@type":"ImageObject","inLanguage":"pl-PL","@id":"https:\/\/secure.gravatar.com\/avatar\/cc22649c0597a3f633569b360a16edbf32f0de4d8b8549b4773001c03da05b8e?s=96&d=mm&r=g","url":"https:\/\/secure.gravatar.com\/avatar\/cc22649c0597a3f633569b360a16edbf32f0de4d8b8549b4773001c03da05b8e?s=96&d=mm&r=g","contentUrl":"https:\/\/secure.gravatar.com\/avatar\/cc22649c0597a3f633569b360a16edbf32f0de4d8b8549b4773001c03da05b8e?s=96&d=mm&r=g","caption":"izabelazajdel"},"url":"https:\/\/pans.krosno.pl\/fundusze-zewnetrzne\/author\/izabelazajdel\/"}]}},"_links":{"self":[{"href":"https:\/\/pans.krosno.pl\/fundusze-zewnetrzne\/wp-json\/wp\/v2\/posts\/1864","targetHints":{"allow":["GET"]}}],"collection":[{"href":"https:\/\/pans.krosno.pl\/fundusze-zewnetrzne\/wp-json\/wp\/v2\/posts"}],"about":[{"href":"https:\/\/pans.krosno.pl\/fundusze-zewnetrzne\/wp-json\/wp\/v2\/types\/post"}],"author":[{"embeddable":true,"href":"https:\/\/pans.krosno.pl\/fundusze-zewnetrzne\/wp-json\/wp\/v2\/users\/53"}],"replies":[{"embeddable":true,"href":"https:\/\/pans.krosno.pl\/fundusze-zewnetrzne\/wp-json\/wp\/v2\/comments?post=1864"}],"version-history":[{"count":3,"href":"https:\/\/pans.krosno.pl\/fundusze-zewnetrzne\/wp-json\/wp\/v2\/posts\/1864\/revisions"}],"predecessor-version":[{"id":1870,"href":"https:\/\/pans.krosno.pl\/fundusze-zewnetrzne\/wp-json\/wp\/v2\/posts\/1864\/revisions\/1870"}],"wp:attachment":[{"href":"https:\/\/pans.krosno.pl\/fundusze-zewnetrzne\/wp-json\/wp\/v2\/media?parent=1864"}],"wp:term":[{"taxonomy":"category","embeddable":true,"href":"https:\/\/pans.krosno.pl\/fundusze-zewnetrzne\/wp-json\/wp\/v2\/categories?post=1864"},{"taxonomy":"post_tag","embeddable":true,"href":"https:\/\/pans.krosno.pl\/fundusze-zewnetrzne\/wp-json\/wp\/v2\/tags?post=1864"}],"curies":[{"name":"wp","href":"https:\/\/api.w.org\/{rel}","templated":true}]}}