{"id":1780,"date":"2021-01-27T09:00:14","date_gmt":"2021-01-27T08:00:14","guid":{"rendered":"https:\/\/pans.krosno.pl\/fundusze-europejskie-kursy\/?p=1780"},"modified":"2021-04-01T12:22:51","modified_gmt":"2021-04-01T10:22:51","slug":"kontynuacja-realizacji-zajec-w-projekcie","status":"publish","type":"post","link":"https:\/\/pans.krosno.pl\/fundusze-zewnetrzne\/kontynuacja-realizacji-zajec-w-projekcie\/","title":{"rendered":"Wznowienie realizacji zaj\u0119\u0107 w projekcie &#8222;Tw\u00f3rcze dzieci&#8221;"},"content":{"rendered":"\n<p class=\"has-text-align-left\">W zwi\u0105zku z powrotem do stacjonarnej formy nauczania w szko\u0142ach w klasach 1-3 rozpoczynamy powr\u00f3t do realizacji projektu. Ze wzgl\u0119du na panuj\u0105c\u0105 sytuacj\u0119 w zwi\u0105zku z zaka\u017ceniami wirusem SARS-CoV-2 i konieczno\u015b\u0107 zapewnienia odpowiednich warunk\u00f3w i bezpiecze\u0144stwa, zaj\u0119cia dla uczestnik\u00f3w\/-czek projektu &#8211; uczni\u00f3w klas 0, 1, 2 zaj\u0119cia b\u0119d\u0105 realizowane w poszczeg\u00f3lnych szko\u0142ach, do kt\u00f3rych ucz\u0119szczaj\u0105 uczestnicy\/-czki.<\/p>\n\n\n\n<p>Z uwagi na dynamiczn\u0105 sytuacj\u0119 harmonogram wsparcia opublikowany na stronie projektu mo\u017ce ulega\u0107 modyfikacjom. Zapraszamy do \u015bledzenia aktualizacji.<\/p>\n","protected":false},"excerpt":{"rendered":"<p>W zwi\u0105zku z powrotem do stacjonarnej formy nauczania w szko\u0142ach w klasach 1-3 rozpoczynamy powr\u00f3t do realizacji projektu. Ze wzgl\u0119du na panuj\u0105c\u0105 sytuacj\u0119 w zwi\u0105zku z zaka\u017ceniami wirusem SARS-CoV-2 i konieczno\u015b\u0107 zapewnienia odpowiednich warunk\u00f3w i bezpiecze\u0144stwa, zaj\u0119cia dla uczestnik\u00f3w\/-czek projektu &#8211; uczni\u00f3w klas 0, 1, 2 zaj\u0119cia b\u0119d\u0105 realizowane w [\u2026] <\/p>\n<div class=\"clear\"><\/div>\n<p><a class=\"more_link clearfix\" href=\"https:\/\/pans.krosno.pl\/fundusze-zewnetrzne\/kontynuacja-realizacji-zajec-w-projekcie\/\" rel=\"nofollow\">Read More<\/a><\/p>\n","protected":false},"author":53,"featured_media":0,"comment_status":"open","ping_status":"open","sticky":false,"template":"","format":"standard","meta":{"ngg_post_thumbnail":0,"footnotes":""},"categories":[4],"tags":[],"class_list":["post-1780","post","type-post","status-publish","format-standard","hentry","category-tworcze-dzieci"],"yoast_head":"<!-- This site is optimized with the Yoast SEO Premium plugin v27.4 (Yoast SEO v27.4) - https:\/\/yoast.com\/product\/yoast-seo-premium-wordpress\/ -->\n<title>Wznowienie realizacji zaj\u0119\u0107 w projekcie &quot;Tw\u00f3rcze dzieci&quot; - Fundusze zewn\u0119trzne PANS w Kro\u015bnie<\/title>\n<meta name=\"robots\" content=\"index, follow, max-snippet:-1, max-image-preview:large, max-video-preview:-1\" \/>\n<link rel=\"canonical\" href=\"https:\/\/pans.krosno.pl\/fundusze-zewnetrzne\/kontynuacja-realizacji-zajec-w-projekcie\/\" \/>\n<meta property=\"og:locale\" content=\"pl_PL\" \/>\n<meta property=\"og:type\" content=\"article\" \/>\n<meta property=\"og:title\" content=\"Wznowienie realizacji zaj\u0119\u0107 w projekcie &quot;Tw\u00f3rcze dzieci&quot;\" \/>\n<meta property=\"og:description\" content=\"W zwi\u0105zku z powrotem do stacjonarnej formy nauczania w szko\u0142ach w klasach 1-3 rozpoczynamy powr\u00f3t do realizacji projektu. Ze wzgl\u0119du na panuj\u0105c\u0105 sytuacj\u0119 w zwi\u0105zku z zaka\u017ceniami wirusem SARS-CoV-2 i konieczno\u015b\u0107 zapewnienia odpowiednich warunk\u00f3w i bezpiecze\u0144stwa, zaj\u0119cia dla uczestnik\u00f3w\/-czek projektu &#8211; uczni\u00f3w klas 0, 1, 2 zaj\u0119cia b\u0119d\u0105 realizowane w [\u2026] Read More\" \/>\n<meta property=\"og:url\" content=\"https:\/\/pans.krosno.pl\/fundusze-zewnetrzne\/kontynuacja-realizacji-zajec-w-projekcie\/\" \/>\n<meta property=\"og:site_name\" content=\"Fundusze zewn\u0119trzne PANS w Kro\u015bnie\" \/>\n<meta property=\"article:published_time\" content=\"2021-01-27T08:00:14+00:00\" \/>\n<meta property=\"article:modified_time\" content=\"2021-04-01T10:22:51+00:00\" \/>\n<meta name=\"author\" content=\"izabelazajdel\" \/>\n<meta name=\"twitter:card\" content=\"summary_large_image\" \/>\n<meta name=\"twitter:label1\" content=\"Napisane przez\" \/>\n\t<meta name=\"twitter:data1\" content=\"izabelazajdel\" \/>\n<script type=\"application\/ld+json\" class=\"yoast-schema-graph\">{\"@context\":\"https:\\\/\\\/schema.org\",\"@graph\":[{\"@type\":\"Article\",\"@id\":\"https:\\\/\\\/pans.krosno.pl\\\/fundusze-zewnetrzne\\\/kontynuacja-realizacji-zajec-w-projekcie\\\/#article\",\"isPartOf\":{\"@id\":\"https:\\\/\\\/pans.krosno.pl\\\/fundusze-zewnetrzne\\\/kontynuacja-realizacji-zajec-w-projekcie\\\/\"},\"author\":{\"name\":\"izabelazajdel\",\"@id\":\"https:\\\/\\\/pans.krosno.pl\\\/fundusze-zewnetrzne\\\/#\\\/schema\\\/person\\\/b577b3ee7557d4a78bd4d0eb553b20da\"},\"headline\":\"Wznowienie realizacji zaj\u0119\u0107 w projekcie &#8222;Tw\u00f3rcze dzieci&#8221;\",\"datePublished\":\"2021-01-27T08:00:14+00:00\",\"dateModified\":\"2021-04-01T10:22:51+00:00\",\"mainEntityOfPage\":{\"@id\":\"https:\\\/\\\/pans.krosno.pl\\\/fundusze-zewnetrzne\\\/kontynuacja-realizacji-zajec-w-projekcie\\\/\"},\"wordCount\":100,\"commentCount\":0,\"publisher\":{\"@id\":\"https:\\\/\\\/pans.krosno.pl\\\/fundusze-zewnetrzne\\\/#organization\"},\"articleSection\":[\"Tw\u00f3rcze dzieci\"],\"inLanguage\":\"pl-PL\",\"potentialAction\":[{\"@type\":\"CommentAction\",\"name\":\"Comment\",\"target\":[\"https:\\\/\\\/pans.krosno.pl\\\/fundusze-zewnetrzne\\\/kontynuacja-realizacji-zajec-w-projekcie\\\/#respond\"]}]},{\"@type\":\"WebPage\",\"@id\":\"https:\\\/\\\/pans.krosno.pl\\\/fundusze-zewnetrzne\\\/kontynuacja-realizacji-zajec-w-projekcie\\\/\",\"url\":\"https:\\\/\\\/pans.krosno.pl\\\/fundusze-zewnetrzne\\\/kontynuacja-realizacji-zajec-w-projekcie\\\/\",\"name\":\"Wznowienie realizacji zaj\u0119\u0107 w projekcie \\\"Tw\u00f3rcze dzieci\\\" - Fundusze zewn\u0119trzne PANS w Kro\u015bnie\",\"isPartOf\":{\"@id\":\"https:\\\/\\\/pans.krosno.pl\\\/fundusze-zewnetrzne\\\/#website\"},\"datePublished\":\"2021-01-27T08:00:14+00:00\",\"dateModified\":\"2021-04-01T10:22:51+00:00\",\"breadcrumb\":{\"@id\":\"https:\\\/\\\/pans.krosno.pl\\\/fundusze-zewnetrzne\\\/kontynuacja-realizacji-zajec-w-projekcie\\\/#breadcrumb\"},\"inLanguage\":\"pl-PL\",\"potentialAction\":[{\"@type\":\"ReadAction\",\"target\":[\"https:\\\/\\\/pans.krosno.pl\\\/fundusze-zewnetrzne\\\/kontynuacja-realizacji-zajec-w-projekcie\\\/\"]}]},{\"@type\":\"BreadcrumbList\",\"@id\":\"https:\\\/\\\/pans.krosno.pl\\\/fundusze-zewnetrzne\\\/kontynuacja-realizacji-zajec-w-projekcie\\\/#breadcrumb\",\"itemListElement\":[{\"@type\":\"ListItem\",\"position\":1,\"name\":\"Strona g\u0142\u00f3wna\",\"item\":\"https:\\\/\\\/pans.krosno.pl\\\/fundusze-zewnetrzne\\\/\"},{\"@type\":\"ListItem\",\"position\":2,\"name\":\"Wznowienie realizacji zaj\u0119\u0107 w projekcie &#8222;Tw\u00f3rcze dzieci&#8221;\"}]},{\"@type\":\"WebSite\",\"@id\":\"https:\\\/\\\/pans.krosno.pl\\\/fundusze-zewnetrzne\\\/#website\",\"url\":\"https:\\\/\\\/pans.krosno.pl\\\/fundusze-zewnetrzne\\\/\",\"name\":\"Fundusze zewn\u0119trzne PANS w Kro\u015bnie\",\"description\":\"Fundusze zewn\u0119trzne  - Pa\u0144stwowa Akademia Nauk Stosowanych\",\"publisher\":{\"@id\":\"https:\\\/\\\/pans.krosno.pl\\\/fundusze-zewnetrzne\\\/#organization\"},\"potentialAction\":[{\"@type\":\"SearchAction\",\"target\":{\"@type\":\"EntryPoint\",\"urlTemplate\":\"https:\\\/\\\/pans.krosno.pl\\\/fundusze-zewnetrzne\\\/?s={search_term_string}\"},\"query-input\":{\"@type\":\"PropertyValueSpecification\",\"valueRequired\":true,\"valueName\":\"search_term_string\"}}],\"inLanguage\":\"pl-PL\"},{\"@type\":\"Organization\",\"@id\":\"https:\\\/\\\/pans.krosno.pl\\\/fundusze-zewnetrzne\\\/#organization\",\"name\":\"Fundusze zewn\u0119trzne PANS w Kro\u015bnie\",\"url\":\"https:\\\/\\\/pans.krosno.pl\\\/fundusze-zewnetrzne\\\/\",\"logo\":{\"@type\":\"ImageObject\",\"inLanguage\":\"pl-PL\",\"@id\":\"https:\\\/\\\/pans.krosno.pl\\\/fundusze-zewnetrzne\\\/#\\\/schema\\\/logo\\\/image\\\/\",\"url\":\"https:\\\/\\\/pans.krosno.pl\\\/fundusze-zewnetrzne\\\/wp-content\\\/uploads\\\/sites\\\/14\\\/2023\\\/01\\\/Logo-PANS-2022-pelne.png\",\"contentUrl\":\"https:\\\/\\\/pans.krosno.pl\\\/fundusze-zewnetrzne\\\/wp-content\\\/uploads\\\/sites\\\/14\\\/2023\\\/01\\\/Logo-PANS-2022-pelne.png\",\"width\":3096,\"height\":696,\"caption\":\"Fundusze zewn\u0119trzne PANS w Kro\u015bnie\"},\"image\":{\"@id\":\"https:\\\/\\\/pans.krosno.pl\\\/fundusze-zewnetrzne\\\/#\\\/schema\\\/logo\\\/image\\\/\"}},{\"@type\":\"Person\",\"@id\":\"https:\\\/\\\/pans.krosno.pl\\\/fundusze-zewnetrzne\\\/#\\\/schema\\\/person\\\/b577b3ee7557d4a78bd4d0eb553b20da\",\"name\":\"izabelazajdel\",\"image\":{\"@type\":\"ImageObject\",\"inLanguage\":\"pl-PL\",\"@id\":\"https:\\\/\\\/secure.gravatar.com\\\/avatar\\\/cc22649c0597a3f633569b360a16edbf32f0de4d8b8549b4773001c03da05b8e?s=96&d=mm&r=g\",\"url\":\"https:\\\/\\\/secure.gravatar.com\\\/avatar\\\/cc22649c0597a3f633569b360a16edbf32f0de4d8b8549b4773001c03da05b8e?s=96&d=mm&r=g\",\"contentUrl\":\"https:\\\/\\\/secure.gravatar.com\\\/avatar\\\/cc22649c0597a3f633569b360a16edbf32f0de4d8b8549b4773001c03da05b8e?s=96&d=mm&r=g\",\"caption\":\"izabelazajdel\"},\"url\":\"https:\\\/\\\/pans.krosno.pl\\\/fundusze-zewnetrzne\\\/author\\\/izabelazajdel\\\/\"}]}<\/script>\n<!-- \/ Yoast SEO Premium plugin. -->","yoast_head_json":{"title":"Wznowienie realizacji zaj\u0119\u0107 w projekcie \"Tw\u00f3rcze dzieci\" - Fundusze zewn\u0119trzne PANS w Kro\u015bnie","robots":{"index":"index","follow":"follow","max-snippet":"max-snippet:-1","max-image-preview":"max-image-preview:large","max-video-preview":"max-video-preview:-1"},"canonical":"https:\/\/pans.krosno.pl\/fundusze-zewnetrzne\/kontynuacja-realizacji-zajec-w-projekcie\/","og_locale":"pl_PL","og_type":"article","og_title":"Wznowienie realizacji zaj\u0119\u0107 w projekcie \"Tw\u00f3rcze dzieci\"","og_description":"W zwi\u0105zku z powrotem do stacjonarnej formy nauczania w szko\u0142ach w klasach 1-3 rozpoczynamy powr\u00f3t do realizacji projektu. Ze wzgl\u0119du na panuj\u0105c\u0105 sytuacj\u0119 w zwi\u0105zku z zaka\u017ceniami wirusem SARS-CoV-2 i konieczno\u015b\u0107 zapewnienia odpowiednich warunk\u00f3w i bezpiecze\u0144stwa, zaj\u0119cia dla uczestnik\u00f3w\/-czek projektu &#8211; uczni\u00f3w klas 0, 1, 2 zaj\u0119cia b\u0119d\u0105 realizowane w [\u2026] Read More","og_url":"https:\/\/pans.krosno.pl\/fundusze-zewnetrzne\/kontynuacja-realizacji-zajec-w-projekcie\/","og_site_name":"Fundusze zewn\u0119trzne PANS w Kro\u015bnie","article_published_time":"2021-01-27T08:00:14+00:00","article_modified_time":"2021-04-01T10:22:51+00:00","author":"izabelazajdel","twitter_card":"summary_large_image","twitter_misc":{"Napisane przez":"izabelazajdel"},"schema":{"@context":"https:\/\/schema.org","@graph":[{"@type":"Article","@id":"https:\/\/pans.krosno.pl\/fundusze-zewnetrzne\/kontynuacja-realizacji-zajec-w-projekcie\/#article","isPartOf":{"@id":"https:\/\/pans.krosno.pl\/fundusze-zewnetrzne\/kontynuacja-realizacji-zajec-w-projekcie\/"},"author":{"name":"izabelazajdel","@id":"https:\/\/pans.krosno.pl\/fundusze-zewnetrzne\/#\/schema\/person\/b577b3ee7557d4a78bd4d0eb553b20da"},"headline":"Wznowienie realizacji zaj\u0119\u0107 w projekcie &#8222;Tw\u00f3rcze dzieci&#8221;","datePublished":"2021-01-27T08:00:14+00:00","dateModified":"2021-04-01T10:22:51+00:00","mainEntityOfPage":{"@id":"https:\/\/pans.krosno.pl\/fundusze-zewnetrzne\/kontynuacja-realizacji-zajec-w-projekcie\/"},"wordCount":100,"commentCount":0,"publisher":{"@id":"https:\/\/pans.krosno.pl\/fundusze-zewnetrzne\/#organization"},"articleSection":["Tw\u00f3rcze dzieci"],"inLanguage":"pl-PL","potentialAction":[{"@type":"CommentAction","name":"Comment","target":["https:\/\/pans.krosno.pl\/fundusze-zewnetrzne\/kontynuacja-realizacji-zajec-w-projekcie\/#respond"]}]},{"@type":"WebPage","@id":"https:\/\/pans.krosno.pl\/fundusze-zewnetrzne\/kontynuacja-realizacji-zajec-w-projekcie\/","url":"https:\/\/pans.krosno.pl\/fundusze-zewnetrzne\/kontynuacja-realizacji-zajec-w-projekcie\/","name":"Wznowienie realizacji zaj\u0119\u0107 w projekcie \"Tw\u00f3rcze dzieci\" - Fundusze zewn\u0119trzne PANS w Kro\u015bnie","isPartOf":{"@id":"https:\/\/pans.krosno.pl\/fundusze-zewnetrzne\/#website"},"datePublished":"2021-01-27T08:00:14+00:00","dateModified":"2021-04-01T10:22:51+00:00","breadcrumb":{"@id":"https:\/\/pans.krosno.pl\/fundusze-zewnetrzne\/kontynuacja-realizacji-zajec-w-projekcie\/#breadcrumb"},"inLanguage":"pl-PL","potentialAction":[{"@type":"ReadAction","target":["https:\/\/pans.krosno.pl\/fundusze-zewnetrzne\/kontynuacja-realizacji-zajec-w-projekcie\/"]}]},{"@type":"BreadcrumbList","@id":"https:\/\/pans.krosno.pl\/fundusze-zewnetrzne\/kontynuacja-realizacji-zajec-w-projekcie\/#breadcrumb","itemListElement":[{"@type":"ListItem","position":1,"name":"Strona g\u0142\u00f3wna","item":"https:\/\/pans.krosno.pl\/fundusze-zewnetrzne\/"},{"@type":"ListItem","position":2,"name":"Wznowienie realizacji zaj\u0119\u0107 w projekcie &#8222;Tw\u00f3rcze dzieci&#8221;"}]},{"@type":"WebSite","@id":"https:\/\/pans.krosno.pl\/fundusze-zewnetrzne\/#website","url":"https:\/\/pans.krosno.pl\/fundusze-zewnetrzne\/","name":"Fundusze zewn\u0119trzne PANS w Kro\u015bnie","description":"Fundusze zewn\u0119trzne  - Pa\u0144stwowa Akademia Nauk Stosowanych","publisher":{"@id":"https:\/\/pans.krosno.pl\/fundusze-zewnetrzne\/#organization"},"potentialAction":[{"@type":"SearchAction","target":{"@type":"EntryPoint","urlTemplate":"https:\/\/pans.krosno.pl\/fundusze-zewnetrzne\/?s={search_term_string}"},"query-input":{"@type":"PropertyValueSpecification","valueRequired":true,"valueName":"search_term_string"}}],"inLanguage":"pl-PL"},{"@type":"Organization","@id":"https:\/\/pans.krosno.pl\/fundusze-zewnetrzne\/#organization","name":"Fundusze zewn\u0119trzne PANS w Kro\u015bnie","url":"https:\/\/pans.krosno.pl\/fundusze-zewnetrzne\/","logo":{"@type":"ImageObject","inLanguage":"pl-PL","@id":"https:\/\/pans.krosno.pl\/fundusze-zewnetrzne\/#\/schema\/logo\/image\/","url":"https:\/\/pans.krosno.pl\/fundusze-zewnetrzne\/wp-content\/uploads\/sites\/14\/2023\/01\/Logo-PANS-2022-pelne.png","contentUrl":"https:\/\/pans.krosno.pl\/fundusze-zewnetrzne\/wp-content\/uploads\/sites\/14\/2023\/01\/Logo-PANS-2022-pelne.png","width":3096,"height":696,"caption":"Fundusze zewn\u0119trzne PANS w Kro\u015bnie"},"image":{"@id":"https:\/\/pans.krosno.pl\/fundusze-zewnetrzne\/#\/schema\/logo\/image\/"}},{"@type":"Person","@id":"https:\/\/pans.krosno.pl\/fundusze-zewnetrzne\/#\/schema\/person\/b577b3ee7557d4a78bd4d0eb553b20da","name":"izabelazajdel","image":{"@type":"ImageObject","inLanguage":"pl-PL","@id":"https:\/\/secure.gravatar.com\/avatar\/cc22649c0597a3f633569b360a16edbf32f0de4d8b8549b4773001c03da05b8e?s=96&d=mm&r=g","url":"https:\/\/secure.gravatar.com\/avatar\/cc22649c0597a3f633569b360a16edbf32f0de4d8b8549b4773001c03da05b8e?s=96&d=mm&r=g","contentUrl":"https:\/\/secure.gravatar.com\/avatar\/cc22649c0597a3f633569b360a16edbf32f0de4d8b8549b4773001c03da05b8e?s=96&d=mm&r=g","caption":"izabelazajdel"},"url":"https:\/\/pans.krosno.pl\/fundusze-zewnetrzne\/author\/izabelazajdel\/"}]}},"_links":{"self":[{"href":"https:\/\/pans.krosno.pl\/fundusze-zewnetrzne\/wp-json\/wp\/v2\/posts\/1780","targetHints":{"allow":["GET"]}}],"collection":[{"href":"https:\/\/pans.krosno.pl\/fundusze-zewnetrzne\/wp-json\/wp\/v2\/posts"}],"about":[{"href":"https:\/\/pans.krosno.pl\/fundusze-zewnetrzne\/wp-json\/wp\/v2\/types\/post"}],"author":[{"embeddable":true,"href":"https:\/\/pans.krosno.pl\/fundusze-zewnetrzne\/wp-json\/wp\/v2\/users\/53"}],"replies":[{"embeddable":true,"href":"https:\/\/pans.krosno.pl\/fundusze-zewnetrzne\/wp-json\/wp\/v2\/comments?post=1780"}],"version-history":[{"count":3,"href":"https:\/\/pans.krosno.pl\/fundusze-zewnetrzne\/wp-json\/wp\/v2\/posts\/1780\/revisions"}],"predecessor-version":[{"id":1868,"href":"https:\/\/pans.krosno.pl\/fundusze-zewnetrzne\/wp-json\/wp\/v2\/posts\/1780\/revisions\/1868"}],"wp:attachment":[{"href":"https:\/\/pans.krosno.pl\/fundusze-zewnetrzne\/wp-json\/wp\/v2\/media?parent=1780"}],"wp:term":[{"taxonomy":"category","embeddable":true,"href":"https:\/\/pans.krosno.pl\/fundusze-zewnetrzne\/wp-json\/wp\/v2\/categories?post=1780"},{"taxonomy":"post_tag","embeddable":true,"href":"https:\/\/pans.krosno.pl\/fundusze-zewnetrzne\/wp-json\/wp\/v2\/tags?post=1780"}],"curies":[{"name":"wp","href":"https:\/\/api.w.org\/{rel}","templated":true}]}}