{"id":141,"date":"2019-09-18T13:19:00","date_gmt":"2019-09-18T11:19:00","guid":{"rendered":"https:\/\/pans.krosno.pl\/fundusze-europejskie-kursy\/?p=141"},"modified":"2020-05-13T13:20:33","modified_gmt":"2020-05-13T11:20:33","slug":"rekrutacja-rodzicow-na-zajecia-tworczy-rodzic-cwiczenia-z-myslenia-realizowane-w-ramach-trzeciej-edycji-projektu","status":"publish","type":"post","link":"https:\/\/pans.krosno.pl\/fundusze-zewnetrzne\/rekrutacja-rodzicow-na-zajecia-tworczy-rodzic-cwiczenia-z-myslenia-realizowane-w-ramach-trzeciej-edycji-projektu\/","title":{"rendered":"Rekrutacja rodzic\u00f3w na zaj\u0119cia &#8222;Tw\u00f3rczy rodzic &#8211; \u0107wiczenia z my\u015blenia&#8221; realizowane w ramach trzeciej edycji projektu"},"content":{"rendered":"\n<p>W dniach 2 &#8211; 27 wrze\u015bnia 2019 r. prowadzona b\u0119dzie rekrutacja na zaj\u0119cia dla rodzic\u00f3w s\u0142u\u017c\u0105ce rozwojowi kompetencji wychowawczych i spo\u0142ecznych realizowane w ramach projektu \u201eTw\u00f3rcze dzieci \u2013 w poszukiwaniu indywidualno\u015bci.\u201d wsp\u00f3\u0142finansowanego ze \u015brodk\u00f3w Unii Europejskiej w ramach Europejskiego Funduszu Spo\u0142ecznego.<\/p>\n\n\n\n<p>Do realizacji zosta\u0142o przewidzianych 10 godzin dydaktycznych (4-5 spotka\u0144 trwaj\u0105cych po 2-3 godziny dydaktyczne). Terminy zaj\u0119\u0107 b\u0119d\u0105 ustalane z grup\u0105 po zako\u0144czeniu rekrutacji.<\/p>\n\n\n\n<p>Do udzia\u0142u w zaj\u0119ciach przewidziana zosta\u0142a jedna 10-12 osobowa grupa rodzic\u00f3w dzieci ucz\u0119szczaj\u0105cych do klas 0 i I.<\/p>\n\n\n\n<p>Realizacja zaj\u0119\u0107 zaplanowana jest w terminie od pa\u017adziernika 2019 r. do stycznia 2020 r.<\/p>\n\n\n\n<p>Zaj\u0119cia b\u0119d\u0105 odbywa\u0142y si\u0119 w PWSZ w Kro\u015bnie przy ul. Kazimierza Wielkiego 8, Krosno (Rynek).<\/p>\n\n\n\n<p>Tematyka zaj\u0119\u0107 b\u0119dzie \u015bci\u015ble zwi\u0105zana z zagadnieniami realizowanymi na zaj\u0119ciach z dzie\u0107mi, kt\u00f3re uczestnicz\u0105 w projekcie np.&nbsp;poszukiwanie i dobieranie literatury dzieci\u0119cej przez rodzic\u00f3w do istotnych i ciekawych dla dzieci temat\u00f3w, znaczenie muzyki w rozwoju dziecka, poznawanie przez rodzic\u00f3w sposob\u00f3w kszta\u0142cenia u dzieci zdolno\u015bci do przek\u0142adania przez nie s\u0142\u00f3w na obrazy i zapoznanie rodzic\u00f3w z ciekawymi technikami plastycznymi, kt\u00f3re mog\u0105 by\u0107 wykorzystane podczas zabawy z dzieckiem, zapoznanie rodzic\u00f3w z r\u00f3\u017cnymi ciekawymi eksperymentami zwi\u0105zanymi z edukacj\u0105 przyrodnicz\u0105 dzieci, kt\u00f3re mog\u0105 by\u0107 przeprowadzone z dzieckiem w domu.<\/p>\n\n\n\n<p>Zaj\u0119cia s\u0105 bezp\u0142atne. Liczba miejsc ograniczona, decyduje kolejno\u015b\u0107 zg\u0142osze\u0144.<\/p>\n\n\n\n<p>Formularz zg\u0142oszeniowy zamieszczony poni\u017cej nale\u017cy sk\u0142ada\u0107 w Biurze projektu (ul. Rynek 1, Krosno \u2013 Rektorat PWSZ w Kro\u015bnie pok. 11) do 27 wrze\u015bnia 2019 r. do godz. 16.00.<\/p>\n\n\n\n<div class=\"wp-block-file\"><a href=\"https:\/\/pans.krosno.pl\/fundusze-europejskie-kursy\/wp-content\/uploads\/sites\/14\/2020\/05\/zalacznik_2__formularz_zgloszeniowy_rodzice-1.docx\">za\u0142\u0105cznik 2 formularz zg\u0142oszeniowy rodzice<\/a><a href=\"https:\/\/pans.krosno.pl\/fundusze-europejskie-kursy\/wp-content\/uploads\/sites\/14\/2020\/05\/zalacznik_2__formularz_zgloszeniowy_rodzice-1.docx\" class=\"wp-block-file__button\" download>Pobierz<\/a><\/div>\n\n\n\n<p><\/p>\n","protected":false},"excerpt":{"rendered":"<p>W dniach 2 &#8211; 27 wrze\u015bnia 2019 r. prowadzona b\u0119dzie rekrutacja na zaj\u0119cia dla rodzic\u00f3w s\u0142u\u017c\u0105ce rozwojowi kompetencji wychowawczych i spo\u0142ecznych realizowane w ramach projektu \u201eTw\u00f3rcze dzieci \u2013 w poszukiwaniu indywidualno\u015bci.\u201d wsp\u00f3\u0142finansowanego ze \u015brodk\u00f3w Unii Europejskiej w ramach Europejskiego Funduszu Spo\u0142ecznego. Do realizacji zosta\u0142o przewidzianych 10 godzin dydaktycznych (4-5 spotka\u0144 [\u2026] <\/p>\n<div class=\"clear\"><\/div>\n<p><a class=\"more_link clearfix\" href=\"https:\/\/pans.krosno.pl\/fundusze-zewnetrzne\/rekrutacja-rodzicow-na-zajecia-tworczy-rodzic-cwiczenia-z-myslenia-realizowane-w-ramach-trzeciej-edycji-projektu\/\" rel=\"nofollow\">Read More<\/a><\/p>\n","protected":false},"author":27,"featured_media":0,"comment_status":"open","ping_status":"open","sticky":false,"template":"","format":"standard","meta":{"ngg_post_thumbnail":0,"footnotes":""},"categories":[4],"tags":[],"class_list":["post-141","post","type-post","status-publish","format-standard","hentry","category-tworcze-dzieci"],"yoast_head":"<!-- This site is optimized with the Yoast SEO Premium plugin v27.4 (Yoast SEO v27.4) - https:\/\/yoast.com\/product\/yoast-seo-premium-wordpress\/ -->\n<title>Rekrutacja rodzic\u00f3w na zaj\u0119cia &quot;Tw\u00f3rczy rodzic - \u0107wiczenia z my\u015blenia&quot; realizowane w ramach trzeciej edycji projektu - Fundusze zewn\u0119trzne PANS w Kro\u015bnie<\/title>\n<meta name=\"robots\" content=\"index, follow, max-snippet:-1, max-image-preview:large, max-video-preview:-1\" \/>\n<link rel=\"canonical\" href=\"https:\/\/pans.krosno.pl\/fundusze-zewnetrzne\/rekrutacja-rodzicow-na-zajecia-tworczy-rodzic-cwiczenia-z-myslenia-realizowane-w-ramach-trzeciej-edycji-projektu\/\" \/>\n<meta property=\"og:locale\" content=\"pl_PL\" \/>\n<meta property=\"og:type\" content=\"article\" \/>\n<meta property=\"og:title\" content=\"Rekrutacja rodzic\u00f3w na zaj\u0119cia &quot;Tw\u00f3rczy rodzic - \u0107wiczenia z my\u015blenia&quot; realizowane w ramach trzeciej edycji projektu\" \/>\n<meta property=\"og:description\" content=\"W dniach 2 &#8211; 27 wrze\u015bnia 2019 r. prowadzona b\u0119dzie rekrutacja na zaj\u0119cia dla rodzic\u00f3w s\u0142u\u017c\u0105ce rozwojowi kompetencji wychowawczych i spo\u0142ecznych realizowane w ramach projektu \u201eTw\u00f3rcze dzieci \u2013 w poszukiwaniu indywidualno\u015bci.\u201d wsp\u00f3\u0142finansowanego ze \u015brodk\u00f3w Unii Europejskiej w ramach Europejskiego Funduszu Spo\u0142ecznego. Do realizacji zosta\u0142o przewidzianych 10 godzin dydaktycznych (4-5 spotka\u0144 [\u2026] Read More\" \/>\n<meta property=\"og:url\" content=\"https:\/\/pans.krosno.pl\/fundusze-zewnetrzne\/rekrutacja-rodzicow-na-zajecia-tworczy-rodzic-cwiczenia-z-myslenia-realizowane-w-ramach-trzeciej-edycji-projektu\/\" \/>\n<meta property=\"og:site_name\" content=\"Fundusze zewn\u0119trzne PANS w Kro\u015bnie\" \/>\n<meta property=\"article:published_time\" content=\"2019-09-18T11:19:00+00:00\" \/>\n<meta property=\"article:modified_time\" content=\"2020-05-13T11:20:33+00:00\" \/>\n<meta name=\"author\" content=\"maciejpolchlopek\" \/>\n<meta name=\"twitter:card\" content=\"summary_large_image\" \/>\n<meta name=\"twitter:label1\" content=\"Napisane przez\" \/>\n\t<meta name=\"twitter:data1\" content=\"maciejpolchlopek\" \/>\n\t<meta name=\"twitter:label2\" content=\"Szacowany czas czytania\" \/>\n\t<meta name=\"twitter:data2\" content=\"1 minuta\" \/>\n<script type=\"application\/ld+json\" class=\"yoast-schema-graph\">{\"@context\":\"https:\\\/\\\/schema.org\",\"@graph\":[{\"@type\":\"Article\",\"@id\":\"https:\\\/\\\/pans.krosno.pl\\\/fundusze-zewnetrzne\\\/rekrutacja-rodzicow-na-zajecia-tworczy-rodzic-cwiczenia-z-myslenia-realizowane-w-ramach-trzeciej-edycji-projektu\\\/#article\",\"isPartOf\":{\"@id\":\"https:\\\/\\\/pans.krosno.pl\\\/fundusze-zewnetrzne\\\/rekrutacja-rodzicow-na-zajecia-tworczy-rodzic-cwiczenia-z-myslenia-realizowane-w-ramach-trzeciej-edycji-projektu\\\/\"},\"author\":{\"name\":\"maciejpolchlopek\",\"@id\":\"https:\\\/\\\/pans.krosno.pl\\\/fundusze-zewnetrzne\\\/#\\\/schema\\\/person\\\/c1c9d6d593d357f87d9a7d7e44daa34e\"},\"headline\":\"Rekrutacja rodzic\u00f3w na zaj\u0119cia &#8222;Tw\u00f3rczy rodzic &#8211; \u0107wiczenia z my\u015blenia&#8221; realizowane w ramach trzeciej edycji projektu\",\"datePublished\":\"2019-09-18T11:19:00+00:00\",\"dateModified\":\"2020-05-13T11:20:33+00:00\",\"mainEntityOfPage\":{\"@id\":\"https:\\\/\\\/pans.krosno.pl\\\/fundusze-zewnetrzne\\\/rekrutacja-rodzicow-na-zajecia-tworczy-rodzic-cwiczenia-z-myslenia-realizowane-w-ramach-trzeciej-edycji-projektu\\\/\"},\"wordCount\":303,\"commentCount\":0,\"publisher\":{\"@id\":\"https:\\\/\\\/pans.krosno.pl\\\/fundusze-zewnetrzne\\\/#organization\"},\"articleSection\":[\"Tw\u00f3rcze dzieci\"],\"inLanguage\":\"pl-PL\",\"potentialAction\":[{\"@type\":\"CommentAction\",\"name\":\"Comment\",\"target\":[\"https:\\\/\\\/pans.krosno.pl\\\/fundusze-zewnetrzne\\\/rekrutacja-rodzicow-na-zajecia-tworczy-rodzic-cwiczenia-z-myslenia-realizowane-w-ramach-trzeciej-edycji-projektu\\\/#respond\"]}]},{\"@type\":\"WebPage\",\"@id\":\"https:\\\/\\\/pans.krosno.pl\\\/fundusze-zewnetrzne\\\/rekrutacja-rodzicow-na-zajecia-tworczy-rodzic-cwiczenia-z-myslenia-realizowane-w-ramach-trzeciej-edycji-projektu\\\/\",\"url\":\"https:\\\/\\\/pans.krosno.pl\\\/fundusze-zewnetrzne\\\/rekrutacja-rodzicow-na-zajecia-tworczy-rodzic-cwiczenia-z-myslenia-realizowane-w-ramach-trzeciej-edycji-projektu\\\/\",\"name\":\"Rekrutacja rodzic\u00f3w na zaj\u0119cia \\\"Tw\u00f3rczy rodzic - \u0107wiczenia z my\u015blenia\\\" realizowane w ramach trzeciej edycji projektu - Fundusze zewn\u0119trzne PANS w Kro\u015bnie\",\"isPartOf\":{\"@id\":\"https:\\\/\\\/pans.krosno.pl\\\/fundusze-zewnetrzne\\\/#website\"},\"datePublished\":\"2019-09-18T11:19:00+00:00\",\"dateModified\":\"2020-05-13T11:20:33+00:00\",\"breadcrumb\":{\"@id\":\"https:\\\/\\\/pans.krosno.pl\\\/fundusze-zewnetrzne\\\/rekrutacja-rodzicow-na-zajecia-tworczy-rodzic-cwiczenia-z-myslenia-realizowane-w-ramach-trzeciej-edycji-projektu\\\/#breadcrumb\"},\"inLanguage\":\"pl-PL\",\"potentialAction\":[{\"@type\":\"ReadAction\",\"target\":[\"https:\\\/\\\/pans.krosno.pl\\\/fundusze-zewnetrzne\\\/rekrutacja-rodzicow-na-zajecia-tworczy-rodzic-cwiczenia-z-myslenia-realizowane-w-ramach-trzeciej-edycji-projektu\\\/\"]}]},{\"@type\":\"BreadcrumbList\",\"@id\":\"https:\\\/\\\/pans.krosno.pl\\\/fundusze-zewnetrzne\\\/rekrutacja-rodzicow-na-zajecia-tworczy-rodzic-cwiczenia-z-myslenia-realizowane-w-ramach-trzeciej-edycji-projektu\\\/#breadcrumb\",\"itemListElement\":[{\"@type\":\"ListItem\",\"position\":1,\"name\":\"Strona g\u0142\u00f3wna\",\"item\":\"https:\\\/\\\/pans.krosno.pl\\\/fundusze-zewnetrzne\\\/\"},{\"@type\":\"ListItem\",\"position\":2,\"name\":\"Rekrutacja rodzic\u00f3w na zaj\u0119cia &#8222;Tw\u00f3rczy rodzic &#8211; \u0107wiczenia z my\u015blenia&#8221; realizowane w ramach trzeciej edycji projektu\"}]},{\"@type\":\"WebSite\",\"@id\":\"https:\\\/\\\/pans.krosno.pl\\\/fundusze-zewnetrzne\\\/#website\",\"url\":\"https:\\\/\\\/pans.krosno.pl\\\/fundusze-zewnetrzne\\\/\",\"name\":\"Fundusze zewn\u0119trzne PANS w Kro\u015bnie\",\"description\":\"Fundusze zewn\u0119trzne  - Pa\u0144stwowa Akademia Nauk Stosowanych\",\"publisher\":{\"@id\":\"https:\\\/\\\/pans.krosno.pl\\\/fundusze-zewnetrzne\\\/#organization\"},\"potentialAction\":[{\"@type\":\"SearchAction\",\"target\":{\"@type\":\"EntryPoint\",\"urlTemplate\":\"https:\\\/\\\/pans.krosno.pl\\\/fundusze-zewnetrzne\\\/?s={search_term_string}\"},\"query-input\":{\"@type\":\"PropertyValueSpecification\",\"valueRequired\":true,\"valueName\":\"search_term_string\"}}],\"inLanguage\":\"pl-PL\"},{\"@type\":\"Organization\",\"@id\":\"https:\\\/\\\/pans.krosno.pl\\\/fundusze-zewnetrzne\\\/#organization\",\"name\":\"Fundusze zewn\u0119trzne PANS w Kro\u015bnie\",\"url\":\"https:\\\/\\\/pans.krosno.pl\\\/fundusze-zewnetrzne\\\/\",\"logo\":{\"@type\":\"ImageObject\",\"inLanguage\":\"pl-PL\",\"@id\":\"https:\\\/\\\/pans.krosno.pl\\\/fundusze-zewnetrzne\\\/#\\\/schema\\\/logo\\\/image\\\/\",\"url\":\"https:\\\/\\\/pans.krosno.pl\\\/fundusze-zewnetrzne\\\/wp-content\\\/uploads\\\/sites\\\/14\\\/2023\\\/01\\\/Logo-PANS-2022-pelne.png\",\"contentUrl\":\"https:\\\/\\\/pans.krosno.pl\\\/fundusze-zewnetrzne\\\/wp-content\\\/uploads\\\/sites\\\/14\\\/2023\\\/01\\\/Logo-PANS-2022-pelne.png\",\"width\":3096,\"height\":696,\"caption\":\"Fundusze zewn\u0119trzne PANS w Kro\u015bnie\"},\"image\":{\"@id\":\"https:\\\/\\\/pans.krosno.pl\\\/fundusze-zewnetrzne\\\/#\\\/schema\\\/logo\\\/image\\\/\"}},{\"@type\":\"Person\",\"@id\":\"https:\\\/\\\/pans.krosno.pl\\\/fundusze-zewnetrzne\\\/#\\\/schema\\\/person\\\/c1c9d6d593d357f87d9a7d7e44daa34e\",\"name\":\"maciejpolchlopek\",\"image\":{\"@type\":\"ImageObject\",\"inLanguage\":\"pl-PL\",\"@id\":\"https:\\\/\\\/secure.gravatar.com\\\/avatar\\\/2fadd549eeed4871c9aa96e96d8519cac8006657ce091e11a5f0ba8a8f5dca66?s=96&d=mm&r=g\",\"url\":\"https:\\\/\\\/secure.gravatar.com\\\/avatar\\\/2fadd549eeed4871c9aa96e96d8519cac8006657ce091e11a5f0ba8a8f5dca66?s=96&d=mm&r=g\",\"contentUrl\":\"https:\\\/\\\/secure.gravatar.com\\\/avatar\\\/2fadd549eeed4871c9aa96e96d8519cac8006657ce091e11a5f0ba8a8f5dca66?s=96&d=mm&r=g\",\"caption\":\"maciejpolchlopek\"},\"url\":\"https:\\\/\\\/pans.krosno.pl\\\/fundusze-zewnetrzne\\\/author\\\/maciejpolchlopek\\\/\"}]}<\/script>\n<!-- \/ Yoast SEO Premium plugin. -->","yoast_head_json":{"title":"Rekrutacja rodzic\u00f3w na zaj\u0119cia \"Tw\u00f3rczy rodzic - \u0107wiczenia z my\u015blenia\" realizowane w ramach trzeciej edycji projektu - Fundusze zewn\u0119trzne PANS w Kro\u015bnie","robots":{"index":"index","follow":"follow","max-snippet":"max-snippet:-1","max-image-preview":"max-image-preview:large","max-video-preview":"max-video-preview:-1"},"canonical":"https:\/\/pans.krosno.pl\/fundusze-zewnetrzne\/rekrutacja-rodzicow-na-zajecia-tworczy-rodzic-cwiczenia-z-myslenia-realizowane-w-ramach-trzeciej-edycji-projektu\/","og_locale":"pl_PL","og_type":"article","og_title":"Rekrutacja rodzic\u00f3w na zaj\u0119cia \"Tw\u00f3rczy rodzic - \u0107wiczenia z my\u015blenia\" realizowane w ramach trzeciej edycji projektu","og_description":"W dniach 2 &#8211; 27 wrze\u015bnia 2019 r. prowadzona b\u0119dzie rekrutacja na zaj\u0119cia dla rodzic\u00f3w s\u0142u\u017c\u0105ce rozwojowi kompetencji wychowawczych i spo\u0142ecznych realizowane w ramach projektu \u201eTw\u00f3rcze dzieci \u2013 w poszukiwaniu indywidualno\u015bci.\u201d wsp\u00f3\u0142finansowanego ze \u015brodk\u00f3w Unii Europejskiej w ramach Europejskiego Funduszu Spo\u0142ecznego. Do realizacji zosta\u0142o przewidzianych 10 godzin dydaktycznych (4-5 spotka\u0144 [\u2026] Read More","og_url":"https:\/\/pans.krosno.pl\/fundusze-zewnetrzne\/rekrutacja-rodzicow-na-zajecia-tworczy-rodzic-cwiczenia-z-myslenia-realizowane-w-ramach-trzeciej-edycji-projektu\/","og_site_name":"Fundusze zewn\u0119trzne PANS w Kro\u015bnie","article_published_time":"2019-09-18T11:19:00+00:00","article_modified_time":"2020-05-13T11:20:33+00:00","author":"maciejpolchlopek","twitter_card":"summary_large_image","twitter_misc":{"Napisane przez":"maciejpolchlopek","Szacowany czas czytania":"1 minuta"},"schema":{"@context":"https:\/\/schema.org","@graph":[{"@type":"Article","@id":"https:\/\/pans.krosno.pl\/fundusze-zewnetrzne\/rekrutacja-rodzicow-na-zajecia-tworczy-rodzic-cwiczenia-z-myslenia-realizowane-w-ramach-trzeciej-edycji-projektu\/#article","isPartOf":{"@id":"https:\/\/pans.krosno.pl\/fundusze-zewnetrzne\/rekrutacja-rodzicow-na-zajecia-tworczy-rodzic-cwiczenia-z-myslenia-realizowane-w-ramach-trzeciej-edycji-projektu\/"},"author":{"name":"maciejpolchlopek","@id":"https:\/\/pans.krosno.pl\/fundusze-zewnetrzne\/#\/schema\/person\/c1c9d6d593d357f87d9a7d7e44daa34e"},"headline":"Rekrutacja rodzic\u00f3w na zaj\u0119cia &#8222;Tw\u00f3rczy rodzic &#8211; \u0107wiczenia z my\u015blenia&#8221; realizowane w ramach trzeciej edycji projektu","datePublished":"2019-09-18T11:19:00+00:00","dateModified":"2020-05-13T11:20:33+00:00","mainEntityOfPage":{"@id":"https:\/\/pans.krosno.pl\/fundusze-zewnetrzne\/rekrutacja-rodzicow-na-zajecia-tworczy-rodzic-cwiczenia-z-myslenia-realizowane-w-ramach-trzeciej-edycji-projektu\/"},"wordCount":303,"commentCount":0,"publisher":{"@id":"https:\/\/pans.krosno.pl\/fundusze-zewnetrzne\/#organization"},"articleSection":["Tw\u00f3rcze dzieci"],"inLanguage":"pl-PL","potentialAction":[{"@type":"CommentAction","name":"Comment","target":["https:\/\/pans.krosno.pl\/fundusze-zewnetrzne\/rekrutacja-rodzicow-na-zajecia-tworczy-rodzic-cwiczenia-z-myslenia-realizowane-w-ramach-trzeciej-edycji-projektu\/#respond"]}]},{"@type":"WebPage","@id":"https:\/\/pans.krosno.pl\/fundusze-zewnetrzne\/rekrutacja-rodzicow-na-zajecia-tworczy-rodzic-cwiczenia-z-myslenia-realizowane-w-ramach-trzeciej-edycji-projektu\/","url":"https:\/\/pans.krosno.pl\/fundusze-zewnetrzne\/rekrutacja-rodzicow-na-zajecia-tworczy-rodzic-cwiczenia-z-myslenia-realizowane-w-ramach-trzeciej-edycji-projektu\/","name":"Rekrutacja rodzic\u00f3w na zaj\u0119cia \"Tw\u00f3rczy rodzic - \u0107wiczenia z my\u015blenia\" realizowane w ramach trzeciej edycji projektu - Fundusze zewn\u0119trzne PANS w Kro\u015bnie","isPartOf":{"@id":"https:\/\/pans.krosno.pl\/fundusze-zewnetrzne\/#website"},"datePublished":"2019-09-18T11:19:00+00:00","dateModified":"2020-05-13T11:20:33+00:00","breadcrumb":{"@id":"https:\/\/pans.krosno.pl\/fundusze-zewnetrzne\/rekrutacja-rodzicow-na-zajecia-tworczy-rodzic-cwiczenia-z-myslenia-realizowane-w-ramach-trzeciej-edycji-projektu\/#breadcrumb"},"inLanguage":"pl-PL","potentialAction":[{"@type":"ReadAction","target":["https:\/\/pans.krosno.pl\/fundusze-zewnetrzne\/rekrutacja-rodzicow-na-zajecia-tworczy-rodzic-cwiczenia-z-myslenia-realizowane-w-ramach-trzeciej-edycji-projektu\/"]}]},{"@type":"BreadcrumbList","@id":"https:\/\/pans.krosno.pl\/fundusze-zewnetrzne\/rekrutacja-rodzicow-na-zajecia-tworczy-rodzic-cwiczenia-z-myslenia-realizowane-w-ramach-trzeciej-edycji-projektu\/#breadcrumb","itemListElement":[{"@type":"ListItem","position":1,"name":"Strona g\u0142\u00f3wna","item":"https:\/\/pans.krosno.pl\/fundusze-zewnetrzne\/"},{"@type":"ListItem","position":2,"name":"Rekrutacja rodzic\u00f3w na zaj\u0119cia &#8222;Tw\u00f3rczy rodzic &#8211; \u0107wiczenia z my\u015blenia&#8221; realizowane w ramach trzeciej edycji projektu"}]},{"@type":"WebSite","@id":"https:\/\/pans.krosno.pl\/fundusze-zewnetrzne\/#website","url":"https:\/\/pans.krosno.pl\/fundusze-zewnetrzne\/","name":"Fundusze zewn\u0119trzne PANS w Kro\u015bnie","description":"Fundusze zewn\u0119trzne  - Pa\u0144stwowa Akademia Nauk Stosowanych","publisher":{"@id":"https:\/\/pans.krosno.pl\/fundusze-zewnetrzne\/#organization"},"potentialAction":[{"@type":"SearchAction","target":{"@type":"EntryPoint","urlTemplate":"https:\/\/pans.krosno.pl\/fundusze-zewnetrzne\/?s={search_term_string}"},"query-input":{"@type":"PropertyValueSpecification","valueRequired":true,"valueName":"search_term_string"}}],"inLanguage":"pl-PL"},{"@type":"Organization","@id":"https:\/\/pans.krosno.pl\/fundusze-zewnetrzne\/#organization","name":"Fundusze zewn\u0119trzne PANS w Kro\u015bnie","url":"https:\/\/pans.krosno.pl\/fundusze-zewnetrzne\/","logo":{"@type":"ImageObject","inLanguage":"pl-PL","@id":"https:\/\/pans.krosno.pl\/fundusze-zewnetrzne\/#\/schema\/logo\/image\/","url":"https:\/\/pans.krosno.pl\/fundusze-zewnetrzne\/wp-content\/uploads\/sites\/14\/2023\/01\/Logo-PANS-2022-pelne.png","contentUrl":"https:\/\/pans.krosno.pl\/fundusze-zewnetrzne\/wp-content\/uploads\/sites\/14\/2023\/01\/Logo-PANS-2022-pelne.png","width":3096,"height":696,"caption":"Fundusze zewn\u0119trzne PANS w Kro\u015bnie"},"image":{"@id":"https:\/\/pans.krosno.pl\/fundusze-zewnetrzne\/#\/schema\/logo\/image\/"}},{"@type":"Person","@id":"https:\/\/pans.krosno.pl\/fundusze-zewnetrzne\/#\/schema\/person\/c1c9d6d593d357f87d9a7d7e44daa34e","name":"maciejpolchlopek","image":{"@type":"ImageObject","inLanguage":"pl-PL","@id":"https:\/\/secure.gravatar.com\/avatar\/2fadd549eeed4871c9aa96e96d8519cac8006657ce091e11a5f0ba8a8f5dca66?s=96&d=mm&r=g","url":"https:\/\/secure.gravatar.com\/avatar\/2fadd549eeed4871c9aa96e96d8519cac8006657ce091e11a5f0ba8a8f5dca66?s=96&d=mm&r=g","contentUrl":"https:\/\/secure.gravatar.com\/avatar\/2fadd549eeed4871c9aa96e96d8519cac8006657ce091e11a5f0ba8a8f5dca66?s=96&d=mm&r=g","caption":"maciejpolchlopek"},"url":"https:\/\/pans.krosno.pl\/fundusze-zewnetrzne\/author\/maciejpolchlopek\/"}]}},"_links":{"self":[{"href":"https:\/\/pans.krosno.pl\/fundusze-zewnetrzne\/wp-json\/wp\/v2\/posts\/141","targetHints":{"allow":["GET"]}}],"collection":[{"href":"https:\/\/pans.krosno.pl\/fundusze-zewnetrzne\/wp-json\/wp\/v2\/posts"}],"about":[{"href":"https:\/\/pans.krosno.pl\/fundusze-zewnetrzne\/wp-json\/wp\/v2\/types\/post"}],"author":[{"embeddable":true,"href":"https:\/\/pans.krosno.pl\/fundusze-zewnetrzne\/wp-json\/wp\/v2\/users\/27"}],"replies":[{"embeddable":true,"href":"https:\/\/pans.krosno.pl\/fundusze-zewnetrzne\/wp-json\/wp\/v2\/comments?post=141"}],"version-history":[{"count":1,"href":"https:\/\/pans.krosno.pl\/fundusze-zewnetrzne\/wp-json\/wp\/v2\/posts\/141\/revisions"}],"predecessor-version":[{"id":143,"href":"https:\/\/pans.krosno.pl\/fundusze-zewnetrzne\/wp-json\/wp\/v2\/posts\/141\/revisions\/143"}],"wp:attachment":[{"href":"https:\/\/pans.krosno.pl\/fundusze-zewnetrzne\/wp-json\/wp\/v2\/media?parent=141"}],"wp:term":[{"taxonomy":"category","embeddable":true,"href":"https:\/\/pans.krosno.pl\/fundusze-zewnetrzne\/wp-json\/wp\/v2\/categories?post=141"},{"taxonomy":"post_tag","embeddable":true,"href":"https:\/\/pans.krosno.pl\/fundusze-zewnetrzne\/wp-json\/wp\/v2\/tags?post=141"}],"curies":[{"name":"wp","href":"https:\/\/api.w.org\/{rel}","templated":true}]}}