{"id":3822,"date":"2023-10-18T16:25:49","date_gmt":"2023-10-18T14:25:49","guid":{"rendered":"https:\/\/pans.krosno.pl\/fa\/?p=3822"},"modified":"2023-10-18T21:51:45","modified_gmt":"2023-10-18T19:51:45","slug":"inauguracja-roku-akademickiego-2023-24","status":"publish","type":"post","link":"https:\/\/pans.krosno.pl\/fa\/inauguracja-roku-akademickiego-2023-24\/","title":{"rendered":"Inauguracja roku akademickiego 2023\/24"},"content":{"rendered":"\n<p>17 pa\u017adziernika 2023 roku Pa\u0144stwowa Akademia Nauk Stosowanych w Kro\u015bnie zainaugurowa\u0142a 25. rok akademicki.&nbsp;Uroczysto\u015bci przewodniczy\u0142 Jego Magnificencja dr hab. Zbigniew Barabasz, prof. PANS, a udzia\u0142 w niej wzi\u0119li liczni go\u015bcie oraz wyk\u0142adowcy i studenci I roku naszej uczelni, w tym reprezentanci Zak\u0142adu Filologii Angielskiej oraz Dwuj\u0119zykowych Studi\u00f3w dla T\u0142umaczy.<\/p>\n\n\n\n<p>Podczas uroczysto\u015bci student FA 2 i DST2, Mateusz Urbaniak, jako jedyny z Instytutu Humanistycznego otrzyma\u0142 wyr\u00f3\u017cnienie za szczeg\u00f3lne osi\u0105gni\u0119cia i dzia\u0142alno\u015b\u0107 naukowo-organizacyjn\u0105 w 2022\/23.&nbsp;Poni\u017cej zamieszczamy wykaz aktywno\u015bci Mateusza Urbaniaka w ubieg\u0142ym roku akademickim.&nbsp;<\/p>\n\n\n\n<p><br>Sekretarz w Studenckim Kole Naukowym T\u0142umaczy \u201ePrzek\u0142adka&#8221;<br><br>17.03 \u2013 X Targi Pracy i Akademicki Dzie\u0144 Nauki \u2013 prezentacja dzia\u0142alno\u015b\u0107 SKN T\u0142umaczy \u201ePrzek\u0142adka&#8221; (obs\u0142uga stanowiska z quizami, \u0142amig\u0142\u00f3wkami t\u0142umaczeniowymi, literatur\u0105 i czasopismami w obcych j\u0119zykach itp.)<br><br>23.03 \u2013 udzia\u0142 w warsztatach t\u0142umaczeniowych w Muzeum Podkarpackim<br><br>24.03 i 31.03 \u2013 udzia\u0142 w spotkaniach z dr Colinem Swatridge&#8217;em, dotycz\u0105cych t\u0142umaczenia fragment\u00f3w ksi\u0105\u017cki jego autorstwa pt. \u201eFoolosophy? Think again, Sophie. Ten reasons for not taking philosophy too seriously&#8221;<br><br>18.05 \u2013 udzia\u0142 w VI Og\u00f3lnopolskiej Konferencji Studenckich K\u00f3\u0142 Naukowych \u201eBadania, innowacje i pasje z perspektywy m\u0142odego naukowca&#8221; &#8211; wyr\u00f3\u017cnienie za wyst\u0105pienie pt. \u201eZabiegi j\u0119zykowe a odbi\u00f3r tekstu literackiego na przyk\u0142adzie t\u0142umaczenia \u201eLuzjad&#8221; Cam\u00f5esa&#8221;. Z\u0142o\u017cy\u0142 do druku artyku\u0142 pokonferencyjny.<br><br>13-15.09 \u2013 uczestnictwo w organizacji konferencji pt. Cognitive Linguistics in the Year 2023, zorganizowanej przez Polskie Towarzystwo J\u0119zykoznawstwa Kognitywnego, Krakowskie Towarzystwo Popularyzowania Wiedzy o Komunikacji J\u0119zykowej \u201eTertium&#8221; oraz Instytut Humanistyczny naszej Uczelni. Pe\u0142ni\u0142 w jej trakcie dy\u017cur konferencyjny<br><br>28.08 \u2013 obs\u0142uga stoiska j\u0119zykowego w ramach Karpackich Klimat\u00f3w<br><br>19.05 \u2013 wyst\u0105pi\u0142 w charakterze t\u0142umacza w spotkaniu goszcz\u0105cych w Uczelni student\u00f3w i pracownik\u00f3w East Carolina University z za\u0142o\u017cycielem portalu&nbsp;<a href=\"http:\/\/krosno24.pl\/\">Krosno24.pl<\/a><br><br>22.11.2022 \u2013 udzia\u0142 w warsztatach aktorskich pt. \u201eA Taste of Acting&#8221; zorganizowanych przez English Touring Theatre Company na terenie Uczelni<\/p>\n\n\n\n<figure class=\"wp-block-image size-large is-resized\"><img loading=\"lazy\" decoding=\"async\" src=\"https:\/\/pans.krosno.pl\/fa\/wp-content\/uploads\/sites\/13\/2023\/10\/ogolne76_n-1024x640.jpg\" alt=\"\" class=\"wp-image-3823\" width=\"512\" height=\"320\" srcset=\"https:\/\/pans.krosno.pl\/fa\/wp-content\/uploads\/sites\/13\/2023\/10\/ogolne76_n-1024x640.jpg 1024w, https:\/\/pans.krosno.pl\/fa\/wp-content\/uploads\/sites\/13\/2023\/10\/ogolne76_n-300x188.jpg 300w, https:\/\/pans.krosno.pl\/fa\/wp-content\/uploads\/sites\/13\/2023\/10\/ogolne76_n-768x480.jpg 768w, https:\/\/pans.krosno.pl\/fa\/wp-content\/uploads\/sites\/13\/2023\/10\/ogolne76_n-1536x960.jpg 1536w, https:\/\/pans.krosno.pl\/fa\/wp-content\/uploads\/sites\/13\/2023\/10\/ogolne76_n-800x500.jpg 800w, https:\/\/pans.krosno.pl\/fa\/wp-content\/uploads\/sites\/13\/2023\/10\/ogolne76_n-580x363.jpg 580w, https:\/\/pans.krosno.pl\/fa\/wp-content\/uploads\/sites\/13\/2023\/10\/ogolne76_n.jpg 1734w\" sizes=\"auto, (max-width: 512px) 100vw, 512px\" \/><\/figure>\n\n\n\n<figure class=\"wp-block-image size-large is-resized\"><img loading=\"lazy\" decoding=\"async\" src=\"https:\/\/pans.krosno.pl\/fa\/wp-content\/uploads\/sites\/13\/2023\/10\/mu-2-386x1024.jpg\" alt=\"\" class=\"wp-image-3860\" width=\"193\" height=\"512\" srcset=\"https:\/\/pans.krosno.pl\/fa\/wp-content\/uploads\/sites\/13\/2023\/10\/mu-2-386x1024.jpg 386w, https:\/\/pans.krosno.pl\/fa\/wp-content\/uploads\/sites\/13\/2023\/10\/mu-2-113x300.jpg 113w, https:\/\/pans.krosno.pl\/fa\/wp-content\/uploads\/sites\/13\/2023\/10\/mu-2.jpg 408w\" sizes=\"auto, (max-width: 193px) 100vw, 193px\" \/><\/figure>\n\n\n\n<figure class=\"wp-block-image size-large is-resized\"><img loading=\"lazy\" decoding=\"async\" src=\"https:\/\/pans.krosno.pl\/fa\/wp-content\/uploads\/sites\/13\/2023\/10\/392749655_837458095053567_1578911871646262831_n-1024x683.jpg\" alt=\"\" class=\"wp-image-3849\" width=\"512\" height=\"342\" srcset=\"https:\/\/pans.krosno.pl\/fa\/wp-content\/uploads\/sites\/13\/2023\/10\/392749655_837458095053567_1578911871646262831_n-1024x683.jpg 1024w, https:\/\/pans.krosno.pl\/fa\/wp-content\/uploads\/sites\/13\/2023\/10\/392749655_837458095053567_1578911871646262831_n-300x200.jpg 300w, https:\/\/pans.krosno.pl\/fa\/wp-content\/uploads\/sites\/13\/2023\/10\/392749655_837458095053567_1578911871646262831_n-768x512.jpg 768w, https:\/\/pans.krosno.pl\/fa\/wp-content\/uploads\/sites\/13\/2023\/10\/392749655_837458095053567_1578911871646262831_n-1536x1024.jpg 1536w, https:\/\/pans.krosno.pl\/fa\/wp-content\/uploads\/sites\/13\/2023\/10\/392749655_837458095053567_1578911871646262831_n-2000x1333.jpg 2000w, https:\/\/pans.krosno.pl\/fa\/wp-content\/uploads\/sites\/13\/2023\/10\/392749655_837458095053567_1578911871646262831_n-800x533.jpg 800w, https:\/\/pans.krosno.pl\/fa\/wp-content\/uploads\/sites\/13\/2023\/10\/392749655_837458095053567_1578911871646262831_n-580x387.jpg 580w, https:\/\/pans.krosno.pl\/fa\/wp-content\/uploads\/sites\/13\/2023\/10\/392749655_837458095053567_1578911871646262831_n.jpg 2048w\" sizes=\"auto, (max-width: 512px) 100vw, 512px\" \/><\/figure>\n\n\n\n<figure class=\"wp-block-image size-large is-resized\"><img loading=\"lazy\" decoding=\"async\" src=\"https:\/\/pans.krosno.pl\/fa\/wp-content\/uploads\/sites\/13\/2023\/10\/393419202_837459835053393_4292182077071888524_n-1-1024x683.jpg\" alt=\"\" class=\"wp-image-3851\" width=\"512\" height=\"342\" srcset=\"https:\/\/pans.krosno.pl\/fa\/wp-content\/uploads\/sites\/13\/2023\/10\/393419202_837459835053393_4292182077071888524_n-1-1024x683.jpg 1024w, https:\/\/pans.krosno.pl\/fa\/wp-content\/uploads\/sites\/13\/2023\/10\/393419202_837459835053393_4292182077071888524_n-1-300x200.jpg 300w, https:\/\/pans.krosno.pl\/fa\/wp-content\/uploads\/sites\/13\/2023\/10\/393419202_837459835053393_4292182077071888524_n-1-768x512.jpg 768w, https:\/\/pans.krosno.pl\/fa\/wp-content\/uploads\/sites\/13\/2023\/10\/393419202_837459835053393_4292182077071888524_n-1-1536x1024.jpg 1536w, https:\/\/pans.krosno.pl\/fa\/wp-content\/uploads\/sites\/13\/2023\/10\/393419202_837459835053393_4292182077071888524_n-1-2000x1333.jpg 2000w, https:\/\/pans.krosno.pl\/fa\/wp-content\/uploads\/sites\/13\/2023\/10\/393419202_837459835053393_4292182077071888524_n-1-800x533.jpg 800w, https:\/\/pans.krosno.pl\/fa\/wp-content\/uploads\/sites\/13\/2023\/10\/393419202_837459835053393_4292182077071888524_n-1-580x387.jpg 580w, https:\/\/pans.krosno.pl\/fa\/wp-content\/uploads\/sites\/13\/2023\/10\/393419202_837459835053393_4292182077071888524_n-1.jpg 2048w\" sizes=\"auto, (max-width: 512px) 100vw, 512px\" \/><\/figure>\n\n\n\n<figure class=\"wp-block-image size-large is-resized\"><img loading=\"lazy\" decoding=\"async\" src=\"https:\/\/pans.krosno.pl\/fa\/wp-content\/uploads\/sites\/13\/2023\/10\/393460082_837458235053553_7077818863386049413_n-1-1024x683.jpg\" alt=\"\" class=\"wp-image-3853\" width=\"512\" height=\"342\" srcset=\"https:\/\/pans.krosno.pl\/fa\/wp-content\/uploads\/sites\/13\/2023\/10\/393460082_837458235053553_7077818863386049413_n-1-1024x683.jpg 1024w, https:\/\/pans.krosno.pl\/fa\/wp-content\/uploads\/sites\/13\/2023\/10\/393460082_837458235053553_7077818863386049413_n-1-300x200.jpg 300w, https:\/\/pans.krosno.pl\/fa\/wp-content\/uploads\/sites\/13\/2023\/10\/393460082_837458235053553_7077818863386049413_n-1-768x512.jpg 768w, https:\/\/pans.krosno.pl\/fa\/wp-content\/uploads\/sites\/13\/2023\/10\/393460082_837458235053553_7077818863386049413_n-1-1536x1024.jpg 1536w, https:\/\/pans.krosno.pl\/fa\/wp-content\/uploads\/sites\/13\/2023\/10\/393460082_837458235053553_7077818863386049413_n-1-2000x1333.jpg 2000w, https:\/\/pans.krosno.pl\/fa\/wp-content\/uploads\/sites\/13\/2023\/10\/393460082_837458235053553_7077818863386049413_n-1-800x533.jpg 800w, https:\/\/pans.krosno.pl\/fa\/wp-content\/uploads\/sites\/13\/2023\/10\/393460082_837458235053553_7077818863386049413_n-1-580x387.jpg 580w, https:\/\/pans.krosno.pl\/fa\/wp-content\/uploads\/sites\/13\/2023\/10\/393460082_837458235053553_7077818863386049413_n-1.jpg 2048w\" sizes=\"auto, (max-width: 512px) 100vw, 512px\" \/><\/figure>\n\n\n\n<figure class=\"wp-block-image size-large is-resized\"><img loading=\"lazy\" decoding=\"async\" src=\"https:\/\/pans.krosno.pl\/fa\/wp-content\/uploads\/sites\/13\/2023\/10\/393453992_837458718386838_6767565307668097232_n-1024x683.jpg\" alt=\"\" class=\"wp-image-3844\" width=\"512\" height=\"342\" srcset=\"https:\/\/pans.krosno.pl\/fa\/wp-content\/uploads\/sites\/13\/2023\/10\/393453992_837458718386838_6767565307668097232_n-1024x683.jpg 1024w, https:\/\/pans.krosno.pl\/fa\/wp-content\/uploads\/sites\/13\/2023\/10\/393453992_837458718386838_6767565307668097232_n-300x200.jpg 300w, https:\/\/pans.krosno.pl\/fa\/wp-content\/uploads\/sites\/13\/2023\/10\/393453992_837458718386838_6767565307668097232_n-768x512.jpg 768w, https:\/\/pans.krosno.pl\/fa\/wp-content\/uploads\/sites\/13\/2023\/10\/393453992_837458718386838_6767565307668097232_n-1536x1024.jpg 1536w, https:\/\/pans.krosno.pl\/fa\/wp-content\/uploads\/sites\/13\/2023\/10\/393453992_837458718386838_6767565307668097232_n-2000x1333.jpg 2000w, https:\/\/pans.krosno.pl\/fa\/wp-content\/uploads\/sites\/13\/2023\/10\/393453992_837458718386838_6767565307668097232_n-800x533.jpg 800w, https:\/\/pans.krosno.pl\/fa\/wp-content\/uploads\/sites\/13\/2023\/10\/393453992_837458718386838_6767565307668097232_n-580x387.jpg 580w, https:\/\/pans.krosno.pl\/fa\/wp-content\/uploads\/sites\/13\/2023\/10\/393453992_837458718386838_6767565307668097232_n.jpg 2048w\" sizes=\"auto, (max-width: 512px) 100vw, 512px\" \/><\/figure>\n","protected":false},"excerpt":{"rendered":"<p>17 pa\u017adziernika 2023 roku Pa\u0144stwowa Akademia Nauk Stosowanych w Kro\u015bnie zainaugurowa\u0142a 25. rok akademicki.&nbsp;Uroczysto\u015bci przewodniczy\u0142 Jego Magnificencja dr hab. Zbigniew Barabasz, prof. PANS, a udzia\u0142 w niej wzi\u0119li liczni go\u015bcie oraz wyk\u0142adowcy i studenci I roku naszej uczelni, w tym reprezentanci Zak\u0142adu Filologii Angielskiej oraz Dwuj\u0119zykowych Studi\u00f3w dla T\u0142umaczy. Podczas [\u2026] <\/p>\n<div class=\"clear\"><\/div>\n<p><a class=\"more_link clearfix\" href=\"https:\/\/pans.krosno.pl\/fa\/inauguracja-roku-akademickiego-2023-24\/\" rel=\"nofollow\">Read More<\/a><\/p>\n","protected":false},"author":20,"featured_media":3823,"comment_status":"open","ping_status":"open","sticky":false,"template":"","format":"standard","meta":{"ngg_post_thumbnail":0,"footnotes":""},"categories":[14,1],"tags":[],"class_list":["post-3822","post","type-post","status-publish","format-standard","has-post-thumbnail","hentry","category-aktualnosci","category-bez-kategorii"],"yoast_head":"<!-- This site is optimized with the Yoast SEO Premium plugin v27.4 (Yoast SEO v27.4) - https:\/\/yoast.com\/product\/yoast-seo-premium-wordpress\/ -->\n<title>Inauguracja roku akademickiego 2023\/24 - Filologia Angielska PANS w Kro\u015bnie<\/title>\n<meta name=\"robots\" content=\"index, follow, max-snippet:-1, max-image-preview:large, max-video-preview:-1\" \/>\n<link rel=\"canonical\" href=\"https:\/\/pans.krosno.pl\/fa\/inauguracja-roku-akademickiego-2023-24\/\" \/>\n<meta property=\"og:locale\" content=\"pl_PL\" \/>\n<meta property=\"og:type\" content=\"article\" \/>\n<meta property=\"og:title\" content=\"Inauguracja roku akademickiego 2023\/24\" \/>\n<meta property=\"og:description\" content=\"17 pa\u017adziernika 2023 roku Pa\u0144stwowa Akademia Nauk Stosowanych w Kro\u015bnie zainaugurowa\u0142a 25. rok akademicki.&nbsp;Uroczysto\u015bci przewodniczy\u0142 Jego Magnificencja dr hab. Zbigniew Barabasz, prof. PANS, a udzia\u0142 w niej wzi\u0119li liczni go\u015bcie oraz wyk\u0142adowcy i studenci I roku naszej uczelni, w tym reprezentanci Zak\u0142adu Filologii Angielskiej oraz Dwuj\u0119zykowych Studi\u00f3w dla T\u0142umaczy. Podczas [\u2026] Read More\" \/>\n<meta property=\"og:url\" content=\"https:\/\/pans.krosno.pl\/fa\/inauguracja-roku-akademickiego-2023-24\/\" \/>\n<meta property=\"og:site_name\" content=\"Filologia Angielska PANS w Kro\u015bnie\" \/>\n<meta property=\"article:published_time\" content=\"2023-10-18T14:25:49+00:00\" \/>\n<meta property=\"article:modified_time\" content=\"2023-10-18T19:51:45+00:00\" \/>\n<meta property=\"og:image\" content=\"https:\/\/pans.krosno.pl\/wp-content\/uploads\/sites\/13\/2023\/10\/ogolne76_n.jpg\" \/>\n\t<meta property=\"og:image:width\" content=\"1734\" \/>\n\t<meta property=\"og:image:height\" content=\"1084\" \/>\n\t<meta property=\"og:image:type\" content=\"image\/jpeg\" \/>\n<meta name=\"author\" content=\"bogumilwolski\" \/>\n<meta name=\"twitter:card\" content=\"summary_large_image\" \/>\n<meta name=\"twitter:label1\" content=\"Napisane przez\" \/>\n\t<meta name=\"twitter:data1\" content=\"bogumilwolski\" \/>\n\t<meta name=\"twitter:label2\" content=\"Szacowany czas czytania\" \/>\n\t<meta name=\"twitter:data2\" content=\"3 minuty\" \/>\n<script type=\"application\/ld+json\" class=\"yoast-schema-graph\">{\"@context\":\"https:\\\/\\\/schema.org\",\"@graph\":[{\"@type\":\"Article\",\"@id\":\"https:\\\/\\\/pans.krosno.pl\\\/fa\\\/inauguracja-roku-akademickiego-2023-24\\\/#article\",\"isPartOf\":{\"@id\":\"https:\\\/\\\/pans.krosno.pl\\\/fa\\\/inauguracja-roku-akademickiego-2023-24\\\/\"},\"author\":{\"name\":\"bogumilwolski\",\"@id\":\"https:\\\/\\\/pans.krosno.pl\\\/fa\\\/#\\\/schema\\\/person\\\/5487aec3a6ab601555accd96606beb78\"},\"headline\":\"Inauguracja roku akademickiego 2023\\\/24\",\"datePublished\":\"2023-10-18T14:25:49+00:00\",\"dateModified\":\"2023-10-18T19:51:45+00:00\",\"mainEntityOfPage\":{\"@id\":\"https:\\\/\\\/pans.krosno.pl\\\/fa\\\/inauguracja-roku-akademickiego-2023-24\\\/\"},\"wordCount\":331,\"commentCount\":0,\"publisher\":{\"@id\":\"https:\\\/\\\/pans.krosno.pl\\\/fa\\\/#organization\"},\"image\":{\"@id\":\"https:\\\/\\\/pans.krosno.pl\\\/fa\\\/inauguracja-roku-akademickiego-2023-24\\\/#primaryimage\"},\"thumbnailUrl\":\"https:\\\/\\\/pans.krosno.pl\\\/fa\\\/wp-content\\\/uploads\\\/sites\\\/13\\\/2023\\\/10\\\/ogolne76_n.jpg\",\"articleSection\":[\"Aktualno\u015bci\"],\"inLanguage\":\"pl-PL\",\"potentialAction\":[{\"@type\":\"CommentAction\",\"name\":\"Comment\",\"target\":[\"https:\\\/\\\/pans.krosno.pl\\\/fa\\\/inauguracja-roku-akademickiego-2023-24\\\/#respond\"]}]},{\"@type\":\"WebPage\",\"@id\":\"https:\\\/\\\/pans.krosno.pl\\\/fa\\\/inauguracja-roku-akademickiego-2023-24\\\/\",\"url\":\"https:\\\/\\\/pans.krosno.pl\\\/fa\\\/inauguracja-roku-akademickiego-2023-24\\\/\",\"name\":\"Inauguracja roku akademickiego 2023\\\/24 - Filologia Angielska PANS w Kro\u015bnie\",\"isPartOf\":{\"@id\":\"https:\\\/\\\/pans.krosno.pl\\\/fa\\\/#website\"},\"primaryImageOfPage\":{\"@id\":\"https:\\\/\\\/pans.krosno.pl\\\/fa\\\/inauguracja-roku-akademickiego-2023-24\\\/#primaryimage\"},\"image\":{\"@id\":\"https:\\\/\\\/pans.krosno.pl\\\/fa\\\/inauguracja-roku-akademickiego-2023-24\\\/#primaryimage\"},\"thumbnailUrl\":\"https:\\\/\\\/pans.krosno.pl\\\/fa\\\/wp-content\\\/uploads\\\/sites\\\/13\\\/2023\\\/10\\\/ogolne76_n.jpg\",\"datePublished\":\"2023-10-18T14:25:49+00:00\",\"dateModified\":\"2023-10-18T19:51:45+00:00\",\"breadcrumb\":{\"@id\":\"https:\\\/\\\/pans.krosno.pl\\\/fa\\\/inauguracja-roku-akademickiego-2023-24\\\/#breadcrumb\"},\"inLanguage\":\"pl-PL\",\"potentialAction\":[{\"@type\":\"ReadAction\",\"target\":[\"https:\\\/\\\/pans.krosno.pl\\\/fa\\\/inauguracja-roku-akademickiego-2023-24\\\/\"]}]},{\"@type\":\"ImageObject\",\"inLanguage\":\"pl-PL\",\"@id\":\"https:\\\/\\\/pans.krosno.pl\\\/fa\\\/inauguracja-roku-akademickiego-2023-24\\\/#primaryimage\",\"url\":\"https:\\\/\\\/pans.krosno.pl\\\/fa\\\/wp-content\\\/uploads\\\/sites\\\/13\\\/2023\\\/10\\\/ogolne76_n.jpg\",\"contentUrl\":\"https:\\\/\\\/pans.krosno.pl\\\/fa\\\/wp-content\\\/uploads\\\/sites\\\/13\\\/2023\\\/10\\\/ogolne76_n.jpg\",\"width\":1734,\"height\":1084},{\"@type\":\"BreadcrumbList\",\"@id\":\"https:\\\/\\\/pans.krosno.pl\\\/fa\\\/inauguracja-roku-akademickiego-2023-24\\\/#breadcrumb\",\"itemListElement\":[{\"@type\":\"ListItem\",\"position\":1,\"name\":\"Strona g\u0142\u00f3wna\",\"item\":\"https:\\\/\\\/pans.krosno.pl\\\/fa\\\/\"},{\"@type\":\"ListItem\",\"position\":2,\"name\":\"Inauguracja roku akademickiego 2023\\\/24\"}]},{\"@type\":\"WebSite\",\"@id\":\"https:\\\/\\\/pans.krosno.pl\\\/fa\\\/#website\",\"url\":\"https:\\\/\\\/pans.krosno.pl\\\/fa\\\/\",\"name\":\"Filologia Angielska PANS w Kro\u015bnie\",\"description\":\"Filologia Angielska - Pa\u0144stwowa Akademia Nauk Stosowanych\",\"publisher\":{\"@id\":\"https:\\\/\\\/pans.krosno.pl\\\/fa\\\/#organization\"},\"potentialAction\":[{\"@type\":\"SearchAction\",\"target\":{\"@type\":\"EntryPoint\",\"urlTemplate\":\"https:\\\/\\\/pans.krosno.pl\\\/fa\\\/?s={search_term_string}\"},\"query-input\":{\"@type\":\"PropertyValueSpecification\",\"valueRequired\":true,\"valueName\":\"search_term_string\"}}],\"inLanguage\":\"pl-PL\"},{\"@type\":\"Organization\",\"@id\":\"https:\\\/\\\/pans.krosno.pl\\\/fa\\\/#organization\",\"name\":\"Filologia Angielska PANS w Kro\u015bnie\",\"url\":\"https:\\\/\\\/pans.krosno.pl\\\/fa\\\/\",\"logo\":{\"@type\":\"ImageObject\",\"inLanguage\":\"pl-PL\",\"@id\":\"https:\\\/\\\/pans.krosno.pl\\\/fa\\\/#\\\/schema\\\/logo\\\/image\\\/\",\"url\":\"https:\\\/\\\/pans.krosno.pl\\\/fa\\\/wp-content\\\/uploads\\\/sites\\\/13\\\/2023\\\/01\\\/Logo-PANS-2022-pelne.png\",\"contentUrl\":\"https:\\\/\\\/pans.krosno.pl\\\/fa\\\/wp-content\\\/uploads\\\/sites\\\/13\\\/2023\\\/01\\\/Logo-PANS-2022-pelne.png\",\"width\":3096,\"height\":696,\"caption\":\"Filologia Angielska PANS w Kro\u015bnie\"},\"image\":{\"@id\":\"https:\\\/\\\/pans.krosno.pl\\\/fa\\\/#\\\/schema\\\/logo\\\/image\\\/\"}},{\"@type\":\"Person\",\"@id\":\"https:\\\/\\\/pans.krosno.pl\\\/fa\\\/#\\\/schema\\\/person\\\/5487aec3a6ab601555accd96606beb78\",\"name\":\"bogumilwolski\",\"image\":{\"@type\":\"ImageObject\",\"inLanguage\":\"pl-PL\",\"@id\":\"https:\\\/\\\/secure.gravatar.com\\\/avatar\\\/bebbf5d7b78c9b0aa360f5d5b727324ed1e7841be3f1c16ffb5eb1217112197b?s=96&d=mm&r=g\",\"url\":\"https:\\\/\\\/secure.gravatar.com\\\/avatar\\\/bebbf5d7b78c9b0aa360f5d5b727324ed1e7841be3f1c16ffb5eb1217112197b?s=96&d=mm&r=g\",\"contentUrl\":\"https:\\\/\\\/secure.gravatar.com\\\/avatar\\\/bebbf5d7b78c9b0aa360f5d5b727324ed1e7841be3f1c16ffb5eb1217112197b?s=96&d=mm&r=g\",\"caption\":\"bogumilwolski\"},\"url\":\"https:\\\/\\\/pans.krosno.pl\\\/fa\\\/author\\\/bogumilwolski\\\/\"}]}<\/script>\n<!-- \/ Yoast SEO Premium plugin. -->","yoast_head_json":{"title":"Inauguracja roku akademickiego 2023\/24 - Filologia Angielska PANS w Kro\u015bnie","robots":{"index":"index","follow":"follow","max-snippet":"max-snippet:-1","max-image-preview":"max-image-preview:large","max-video-preview":"max-video-preview:-1"},"canonical":"https:\/\/pans.krosno.pl\/fa\/inauguracja-roku-akademickiego-2023-24\/","og_locale":"pl_PL","og_type":"article","og_title":"Inauguracja roku akademickiego 2023\/24","og_description":"17 pa\u017adziernika 2023 roku Pa\u0144stwowa Akademia Nauk Stosowanych w Kro\u015bnie zainaugurowa\u0142a 25. rok akademicki.&nbsp;Uroczysto\u015bci przewodniczy\u0142 Jego Magnificencja dr hab. Zbigniew Barabasz, prof. PANS, a udzia\u0142 w niej wzi\u0119li liczni go\u015bcie oraz wyk\u0142adowcy i studenci I roku naszej uczelni, w tym reprezentanci Zak\u0142adu Filologii Angielskiej oraz Dwuj\u0119zykowych Studi\u00f3w dla T\u0142umaczy. Podczas [\u2026] Read More","og_url":"https:\/\/pans.krosno.pl\/fa\/inauguracja-roku-akademickiego-2023-24\/","og_site_name":"Filologia Angielska PANS w Kro\u015bnie","article_published_time":"2023-10-18T14:25:49+00:00","article_modified_time":"2023-10-18T19:51:45+00:00","og_image":[{"width":1734,"height":1084,"url":"https:\/\/pans.krosno.pl\/wp-content\/uploads\/sites\/13\/2023\/10\/ogolne76_n.jpg","type":"image\/jpeg"}],"author":"bogumilwolski","twitter_card":"summary_large_image","twitter_misc":{"Napisane przez":"bogumilwolski","Szacowany czas czytania":"3 minuty"},"schema":{"@context":"https:\/\/schema.org","@graph":[{"@type":"Article","@id":"https:\/\/pans.krosno.pl\/fa\/inauguracja-roku-akademickiego-2023-24\/#article","isPartOf":{"@id":"https:\/\/pans.krosno.pl\/fa\/inauguracja-roku-akademickiego-2023-24\/"},"author":{"name":"bogumilwolski","@id":"https:\/\/pans.krosno.pl\/fa\/#\/schema\/person\/5487aec3a6ab601555accd96606beb78"},"headline":"Inauguracja roku akademickiego 2023\/24","datePublished":"2023-10-18T14:25:49+00:00","dateModified":"2023-10-18T19:51:45+00:00","mainEntityOfPage":{"@id":"https:\/\/pans.krosno.pl\/fa\/inauguracja-roku-akademickiego-2023-24\/"},"wordCount":331,"commentCount":0,"publisher":{"@id":"https:\/\/pans.krosno.pl\/fa\/#organization"},"image":{"@id":"https:\/\/pans.krosno.pl\/fa\/inauguracja-roku-akademickiego-2023-24\/#primaryimage"},"thumbnailUrl":"https:\/\/pans.krosno.pl\/fa\/wp-content\/uploads\/sites\/13\/2023\/10\/ogolne76_n.jpg","articleSection":["Aktualno\u015bci"],"inLanguage":"pl-PL","potentialAction":[{"@type":"CommentAction","name":"Comment","target":["https:\/\/pans.krosno.pl\/fa\/inauguracja-roku-akademickiego-2023-24\/#respond"]}]},{"@type":"WebPage","@id":"https:\/\/pans.krosno.pl\/fa\/inauguracja-roku-akademickiego-2023-24\/","url":"https:\/\/pans.krosno.pl\/fa\/inauguracja-roku-akademickiego-2023-24\/","name":"Inauguracja roku akademickiego 2023\/24 - Filologia Angielska PANS w Kro\u015bnie","isPartOf":{"@id":"https:\/\/pans.krosno.pl\/fa\/#website"},"primaryImageOfPage":{"@id":"https:\/\/pans.krosno.pl\/fa\/inauguracja-roku-akademickiego-2023-24\/#primaryimage"},"image":{"@id":"https:\/\/pans.krosno.pl\/fa\/inauguracja-roku-akademickiego-2023-24\/#primaryimage"},"thumbnailUrl":"https:\/\/pans.krosno.pl\/fa\/wp-content\/uploads\/sites\/13\/2023\/10\/ogolne76_n.jpg","datePublished":"2023-10-18T14:25:49+00:00","dateModified":"2023-10-18T19:51:45+00:00","breadcrumb":{"@id":"https:\/\/pans.krosno.pl\/fa\/inauguracja-roku-akademickiego-2023-24\/#breadcrumb"},"inLanguage":"pl-PL","potentialAction":[{"@type":"ReadAction","target":["https:\/\/pans.krosno.pl\/fa\/inauguracja-roku-akademickiego-2023-24\/"]}]},{"@type":"ImageObject","inLanguage":"pl-PL","@id":"https:\/\/pans.krosno.pl\/fa\/inauguracja-roku-akademickiego-2023-24\/#primaryimage","url":"https:\/\/pans.krosno.pl\/fa\/wp-content\/uploads\/sites\/13\/2023\/10\/ogolne76_n.jpg","contentUrl":"https:\/\/pans.krosno.pl\/fa\/wp-content\/uploads\/sites\/13\/2023\/10\/ogolne76_n.jpg","width":1734,"height":1084},{"@type":"BreadcrumbList","@id":"https:\/\/pans.krosno.pl\/fa\/inauguracja-roku-akademickiego-2023-24\/#breadcrumb","itemListElement":[{"@type":"ListItem","position":1,"name":"Strona g\u0142\u00f3wna","item":"https:\/\/pans.krosno.pl\/fa\/"},{"@type":"ListItem","position":2,"name":"Inauguracja roku akademickiego 2023\/24"}]},{"@type":"WebSite","@id":"https:\/\/pans.krosno.pl\/fa\/#website","url":"https:\/\/pans.krosno.pl\/fa\/","name":"Filologia Angielska PANS w Kro\u015bnie","description":"Filologia Angielska - Pa\u0144stwowa Akademia Nauk Stosowanych","publisher":{"@id":"https:\/\/pans.krosno.pl\/fa\/#organization"},"potentialAction":[{"@type":"SearchAction","target":{"@type":"EntryPoint","urlTemplate":"https:\/\/pans.krosno.pl\/fa\/?s={search_term_string}"},"query-input":{"@type":"PropertyValueSpecification","valueRequired":true,"valueName":"search_term_string"}}],"inLanguage":"pl-PL"},{"@type":"Organization","@id":"https:\/\/pans.krosno.pl\/fa\/#organization","name":"Filologia Angielska PANS w Kro\u015bnie","url":"https:\/\/pans.krosno.pl\/fa\/","logo":{"@type":"ImageObject","inLanguage":"pl-PL","@id":"https:\/\/pans.krosno.pl\/fa\/#\/schema\/logo\/image\/","url":"https:\/\/pans.krosno.pl\/fa\/wp-content\/uploads\/sites\/13\/2023\/01\/Logo-PANS-2022-pelne.png","contentUrl":"https:\/\/pans.krosno.pl\/fa\/wp-content\/uploads\/sites\/13\/2023\/01\/Logo-PANS-2022-pelne.png","width":3096,"height":696,"caption":"Filologia Angielska PANS w Kro\u015bnie"},"image":{"@id":"https:\/\/pans.krosno.pl\/fa\/#\/schema\/logo\/image\/"}},{"@type":"Person","@id":"https:\/\/pans.krosno.pl\/fa\/#\/schema\/person\/5487aec3a6ab601555accd96606beb78","name":"bogumilwolski","image":{"@type":"ImageObject","inLanguage":"pl-PL","@id":"https:\/\/secure.gravatar.com\/avatar\/bebbf5d7b78c9b0aa360f5d5b727324ed1e7841be3f1c16ffb5eb1217112197b?s=96&d=mm&r=g","url":"https:\/\/secure.gravatar.com\/avatar\/bebbf5d7b78c9b0aa360f5d5b727324ed1e7841be3f1c16ffb5eb1217112197b?s=96&d=mm&r=g","contentUrl":"https:\/\/secure.gravatar.com\/avatar\/bebbf5d7b78c9b0aa360f5d5b727324ed1e7841be3f1c16ffb5eb1217112197b?s=96&d=mm&r=g","caption":"bogumilwolski"},"url":"https:\/\/pans.krosno.pl\/fa\/author\/bogumilwolski\/"}]}},"_links":{"self":[{"href":"https:\/\/pans.krosno.pl\/fa\/wp-json\/wp\/v2\/posts\/3822","targetHints":{"allow":["GET"]}}],"collection":[{"href":"https:\/\/pans.krosno.pl\/fa\/wp-json\/wp\/v2\/posts"}],"about":[{"href":"https:\/\/pans.krosno.pl\/fa\/wp-json\/wp\/v2\/types\/post"}],"author":[{"embeddable":true,"href":"https:\/\/pans.krosno.pl\/fa\/wp-json\/wp\/v2\/users\/20"}],"replies":[{"embeddable":true,"href":"https:\/\/pans.krosno.pl\/fa\/wp-json\/wp\/v2\/comments?post=3822"}],"version-history":[{"count":12,"href":"https:\/\/pans.krosno.pl\/fa\/wp-json\/wp\/v2\/posts\/3822\/revisions"}],"predecessor-version":[{"id":3863,"href":"https:\/\/pans.krosno.pl\/fa\/wp-json\/wp\/v2\/posts\/3822\/revisions\/3863"}],"wp:featuredmedia":[{"embeddable":true,"href":"https:\/\/pans.krosno.pl\/fa\/wp-json\/wp\/v2\/media\/3823"}],"wp:attachment":[{"href":"https:\/\/pans.krosno.pl\/fa\/wp-json\/wp\/v2\/media?parent=3822"}],"wp:term":[{"taxonomy":"category","embeddable":true,"href":"https:\/\/pans.krosno.pl\/fa\/wp-json\/wp\/v2\/categories?post=3822"},{"taxonomy":"post_tag","embeddable":true,"href":"https:\/\/pans.krosno.pl\/fa\/wp-json\/wp\/v2\/tags?post=3822"}],"curies":[{"name":"wp","href":"https:\/\/api.w.org\/{rel}","templated":true}]}}