{"id":3311,"date":"2023-05-15T18:29:04","date_gmt":"2023-05-15T16:29:04","guid":{"rendered":"https:\/\/pans.krosno.pl\/fa\/?p=3311"},"modified":"2023-05-15T18:36:22","modified_gmt":"2023-05-15T16:36:22","slug":"dzien-hiszpanski-za-nami","status":"publish","type":"post","link":"https:\/\/pans.krosno.pl\/fa\/dzien-hiszpanski-za-nami\/","title":{"rendered":"Dzie\u0144 Hiszpa\u0144ski za nami"},"content":{"rendered":"\n<p>26 kwietnia br. w Zak\u0142adzie Filologii Angielskiej odby\u0142a si\u0119 V edycja Dnia Hiszpa\u0144skiego. Wydarzenie zosta\u0142o zorganizowane przez student\u00f3w III roku Filologii Angielskiej studiuj\u0105cych r\u00f3wnolegle j\u0119zyk hiszpa\u0144ski. Pomys\u0142odawc\u0105 i osob\u0105 czuwaj\u0105c\u0105 nad przebiegiem wydarzenia by\u0142 mgr Roberto Martinez, nauczyciel j\u0119zyka hiszpa\u0144skiego. Tematem przewodnim wydarzenia by\u0142o \u017cycie i tw\u00f3rczo\u015b\u0107 Pabla Picassa.<\/p>\n\n\n\n<p>Dzie\u0144 Hiszpa\u0144ski zosta\u0142 zainaugurowany niezwykle interesuj\u0105cym wyk\u0142adem, kt\u00f3ry wyg\u0142osi\u0142a mgr Beata Ba\u0142ut, nasz go\u015b\u0107 z liceum plastycznego w Kro\u015bnie. W programie wydarzenia znalaz\u0142y si\u0119 liczne konkursy, w kt\u00f3rych uczniowie z okolicznych lice\u00f3w ch\u0119tnie brali udzia\u0142. Przygotowane przez nich prace plastyczne, fotograficzne oraz stroje zwi\u0105zane z \u017cyciem i tw\u00f3rczo\u015bci\u0105 Picassa zaprezentowano publiczno\u015bci, a najlepsze z nich zosta\u0142y nagrodzone<em>.<\/em><\/p>\n\n\n\n<p>W trakcie wydarzenia g\u0142os zabra\u0142y dr Agnieszka Habrat, Kierownik Zak\u0142adu Filologii Angielskiej oraz mgr Anna Hycnar, Kierownik Zak\u0142adu Studi\u00f3w Dwuj\u0119zykowych, kt\u00f3re przedstawi\u0142y ofert\u0119 obu kierunk\u00f3w. Przeprowadzona zosta\u0142a r\u00f3wnie\u017c mi\u0119dzynarodowa debata pomi\u0119dzy studentami naszej uczelni oraz studentkami z Hiszpanii przebywaj\u0105cymi w Kro\u015bnie na wymianie studenckiej ERASMUS+.<\/p>\n\n\n\n<p>Bogaty program wydarzenia, wspaniali go\u015bcie oraz niesamowita publiczno\u015b\u0107 sprawi\u0142y, \u017ce V Edycja Dnia Hiszpa\u0144skiego odnios\u0142a pe\u0142en sukces. Dzi\u0119kujemy serdecznie wszystkim za liczne przybycie i udzia\u0142, w szczeg\u00f3lno\u015bci dzi\u0119kujemy uczniom z zaproszonych szk\u00f3\u0142 ponadpodstawowych: Liceum Og\u00f3lnokszta\u0142c\u0105cego w Rymanowie, ZSP nr 4 w Ja\u015ble, Zespo\u0142u Szk\u00f3\u0142 Technicznych w Strzy\u017cowie, Liceum Plastycznego oraz I Liceum Og\u00f3lnokszta\u0142c\u0105cego im. Miko\u0142aja Kopernika w Kro\u015bnie.<\/p>\n\n\n\nngg_shortcode_0_placeholder\n","protected":false},"excerpt":{"rendered":"<p>26 kwietnia br. w Zak\u0142adzie Filologii Angielskiej odby\u0142a si\u0119 V edycja Dnia Hiszpa\u0144skiego. Wydarzenie zosta\u0142o zorganizowane przez student\u00f3w III roku Filologii Angielskiej studiuj\u0105cych r\u00f3wnolegle j\u0119zyk hiszpa\u0144ski. Tematem przewodnim wydarzenia by\u0142o \u017cycie i tw\u00f3rczo\u015b\u0107 Pabla Picassa.<\/p>\n","protected":false},"author":54,"featured_media":3415,"comment_status":"open","ping_status":"open","sticky":false,"template":"","format":"standard","meta":{"ngg_post_thumbnail":0,"footnotes":""},"categories":[14,1],"tags":[],"class_list":["post-3311","post","type-post","status-publish","format-standard","has-post-thumbnail","hentry","category-aktualnosci","category-bez-kategorii"],"yoast_head":"<!-- This site is optimized with the Yoast SEO Premium plugin v27.4 (Yoast SEO v27.4) - https:\/\/yoast.com\/product\/yoast-seo-premium-wordpress\/ -->\n<title>Dzie\u0144 Hiszpa\u0144ski za nami - Filologia Angielska PANS w Kro\u015bnie<\/title>\n<meta name=\"robots\" content=\"index, follow, max-snippet:-1, max-image-preview:large, max-video-preview:-1\" \/>\n<link rel=\"canonical\" href=\"https:\/\/pans.krosno.pl\/fa\/dzien-hiszpanski-za-nami\/\" \/>\n<meta property=\"og:locale\" content=\"pl_PL\" \/>\n<meta property=\"og:type\" content=\"article\" \/>\n<meta property=\"og:title\" content=\"Dzie\u0144 Hiszpa\u0144ski za nami\" \/>\n<meta property=\"og:description\" content=\"26 kwietnia br. w Zak\u0142adzie Filologii Angielskiej odby\u0142a si\u0119 V edycja Dnia Hiszpa\u0144skiego. Wydarzenie zosta\u0142o zorganizowane przez student\u00f3w III roku Filologii Angielskiej studiuj\u0105cych r\u00f3wnolegle j\u0119zyk hiszpa\u0144ski. Tematem przewodnim wydarzenia by\u0142o \u017cycie i tw\u00f3rczo\u015b\u0107 Pabla Picassa.\" \/>\n<meta property=\"og:url\" content=\"https:\/\/pans.krosno.pl\/fa\/dzien-hiszpanski-za-nami\/\" \/>\n<meta property=\"og:site_name\" content=\"Filologia Angielska PANS w Kro\u015bnie\" \/>\n<meta property=\"article:published_time\" content=\"2023-05-15T16:29:04+00:00\" \/>\n<meta property=\"article:modified_time\" content=\"2023-05-15T16:36:22+00:00\" \/>\n<meta property=\"og:image\" content=\"https:\/\/pans.krosno.pl\/wp-content\/uploads\/sites\/13\/2023\/05\/92B2982-819x1024.jpg\" \/>\n\t<meta property=\"og:image:width\" content=\"819\" \/>\n\t<meta property=\"og:image:height\" content=\"1024\" \/>\n\t<meta property=\"og:image:type\" content=\"image\/jpeg\" \/>\n<meta name=\"author\" content=\"wladyslawchlopicki\" \/>\n<meta name=\"twitter:card\" content=\"summary_large_image\" \/>\n<meta name=\"twitter:label1\" content=\"Napisane przez\" \/>\n\t<meta name=\"twitter:data1\" content=\"wladyslawchlopicki\" \/>\n\t<meta name=\"twitter:label2\" content=\"Szacowany czas czytania\" \/>\n\t<meta name=\"twitter:data2\" content=\"2 minuty\" \/>\n<script type=\"application\/ld+json\" class=\"yoast-schema-graph\">{\"@context\":\"https:\\\/\\\/schema.org\",\"@graph\":[{\"@type\":\"Article\",\"@id\":\"https:\\\/\\\/pans.krosno.pl\\\/fa\\\/dzien-hiszpanski-za-nami\\\/#article\",\"isPartOf\":{\"@id\":\"https:\\\/\\\/pans.krosno.pl\\\/fa\\\/dzien-hiszpanski-za-nami\\\/\"},\"author\":{\"name\":\"wladyslawchlopicki\",\"@id\":\"https:\\\/\\\/pans.krosno.pl\\\/fa\\\/#\\\/schema\\\/person\\\/1590e71c01cc4f478febf0c87d502ebb\"},\"headline\":\"Dzie\u0144 Hiszpa\u0144ski za nami\",\"datePublished\":\"2023-05-15T16:29:04+00:00\",\"dateModified\":\"2023-05-15T16:36:22+00:00\",\"mainEntityOfPage\":{\"@id\":\"https:\\\/\\\/pans.krosno.pl\\\/fa\\\/dzien-hiszpanski-za-nami\\\/\"},\"wordCount\":288,\"commentCount\":0,\"publisher\":{\"@id\":\"https:\\\/\\\/pans.krosno.pl\\\/fa\\\/#organization\"},\"image\":{\"@id\":\"https:\\\/\\\/pans.krosno.pl\\\/fa\\\/dzien-hiszpanski-za-nami\\\/#primaryimage\"},\"thumbnailUrl\":\"https:\\\/\\\/pans.krosno.pl\\\/fa\\\/wp-content\\\/uploads\\\/sites\\\/13\\\/2023\\\/05\\\/92B2982.jpg\",\"articleSection\":[\"Aktualno\u015bci\"],\"inLanguage\":\"pl-PL\",\"potentialAction\":[{\"@type\":\"CommentAction\",\"name\":\"Comment\",\"target\":[\"https:\\\/\\\/pans.krosno.pl\\\/fa\\\/dzien-hiszpanski-za-nami\\\/#respond\"]}]},{\"@type\":\"WebPage\",\"@id\":\"https:\\\/\\\/pans.krosno.pl\\\/fa\\\/dzien-hiszpanski-za-nami\\\/\",\"url\":\"https:\\\/\\\/pans.krosno.pl\\\/fa\\\/dzien-hiszpanski-za-nami\\\/\",\"name\":\"Dzie\u0144 Hiszpa\u0144ski za nami - Filologia Angielska PANS w Kro\u015bnie\",\"isPartOf\":{\"@id\":\"https:\\\/\\\/pans.krosno.pl\\\/fa\\\/#website\"},\"primaryImageOfPage\":{\"@id\":\"https:\\\/\\\/pans.krosno.pl\\\/fa\\\/dzien-hiszpanski-za-nami\\\/#primaryimage\"},\"image\":{\"@id\":\"https:\\\/\\\/pans.krosno.pl\\\/fa\\\/dzien-hiszpanski-za-nami\\\/#primaryimage\"},\"thumbnailUrl\":\"https:\\\/\\\/pans.krosno.pl\\\/fa\\\/wp-content\\\/uploads\\\/sites\\\/13\\\/2023\\\/05\\\/92B2982.jpg\",\"datePublished\":\"2023-05-15T16:29:04+00:00\",\"dateModified\":\"2023-05-15T16:36:22+00:00\",\"breadcrumb\":{\"@id\":\"https:\\\/\\\/pans.krosno.pl\\\/fa\\\/dzien-hiszpanski-za-nami\\\/#breadcrumb\"},\"inLanguage\":\"pl-PL\",\"potentialAction\":[{\"@type\":\"ReadAction\",\"target\":[\"https:\\\/\\\/pans.krosno.pl\\\/fa\\\/dzien-hiszpanski-za-nami\\\/\"]}]},{\"@type\":\"ImageObject\",\"inLanguage\":\"pl-PL\",\"@id\":\"https:\\\/\\\/pans.krosno.pl\\\/fa\\\/dzien-hiszpanski-za-nami\\\/#primaryimage\",\"url\":\"https:\\\/\\\/pans.krosno.pl\\\/fa\\\/wp-content\\\/uploads\\\/sites\\\/13\\\/2023\\\/05\\\/92B2982.jpg\",\"contentUrl\":\"https:\\\/\\\/pans.krosno.pl\\\/fa\\\/wp-content\\\/uploads\\\/sites\\\/13\\\/2023\\\/05\\\/92B2982.jpg\",\"width\":1600,\"height\":2000},{\"@type\":\"BreadcrumbList\",\"@id\":\"https:\\\/\\\/pans.krosno.pl\\\/fa\\\/dzien-hiszpanski-za-nami\\\/#breadcrumb\",\"itemListElement\":[{\"@type\":\"ListItem\",\"position\":1,\"name\":\"Strona g\u0142\u00f3wna\",\"item\":\"https:\\\/\\\/pans.krosno.pl\\\/fa\\\/\"},{\"@type\":\"ListItem\",\"position\":2,\"name\":\"Dzie\u0144 Hiszpa\u0144ski za nami\"}]},{\"@type\":\"WebSite\",\"@id\":\"https:\\\/\\\/pans.krosno.pl\\\/fa\\\/#website\",\"url\":\"https:\\\/\\\/pans.krosno.pl\\\/fa\\\/\",\"name\":\"Filologia Angielska PANS w Kro\u015bnie\",\"description\":\"Filologia Angielska - Pa\u0144stwowa Akademia Nauk Stosowanych\",\"publisher\":{\"@id\":\"https:\\\/\\\/pans.krosno.pl\\\/fa\\\/#organization\"},\"potentialAction\":[{\"@type\":\"SearchAction\",\"target\":{\"@type\":\"EntryPoint\",\"urlTemplate\":\"https:\\\/\\\/pans.krosno.pl\\\/fa\\\/?s={search_term_string}\"},\"query-input\":{\"@type\":\"PropertyValueSpecification\",\"valueRequired\":true,\"valueName\":\"search_term_string\"}}],\"inLanguage\":\"pl-PL\"},{\"@type\":\"Organization\",\"@id\":\"https:\\\/\\\/pans.krosno.pl\\\/fa\\\/#organization\",\"name\":\"Filologia Angielska PANS w Kro\u015bnie\",\"url\":\"https:\\\/\\\/pans.krosno.pl\\\/fa\\\/\",\"logo\":{\"@type\":\"ImageObject\",\"inLanguage\":\"pl-PL\",\"@id\":\"https:\\\/\\\/pans.krosno.pl\\\/fa\\\/#\\\/schema\\\/logo\\\/image\\\/\",\"url\":\"https:\\\/\\\/pans.krosno.pl\\\/fa\\\/wp-content\\\/uploads\\\/sites\\\/13\\\/2023\\\/01\\\/Logo-PANS-2022-pelne.png\",\"contentUrl\":\"https:\\\/\\\/pans.krosno.pl\\\/fa\\\/wp-content\\\/uploads\\\/sites\\\/13\\\/2023\\\/01\\\/Logo-PANS-2022-pelne.png\",\"width\":3096,\"height\":696,\"caption\":\"Filologia Angielska PANS w Kro\u015bnie\"},\"image\":{\"@id\":\"https:\\\/\\\/pans.krosno.pl\\\/fa\\\/#\\\/schema\\\/logo\\\/image\\\/\"}},{\"@type\":\"Person\",\"@id\":\"https:\\\/\\\/pans.krosno.pl\\\/fa\\\/#\\\/schema\\\/person\\\/1590e71c01cc4f478febf0c87d502ebb\",\"name\":\"wladyslawchlopicki\",\"image\":{\"@type\":\"ImageObject\",\"inLanguage\":\"pl-PL\",\"@id\":\"https:\\\/\\\/secure.gravatar.com\\\/avatar\\\/e41463448e8ad0cf43c44e7f029dd7929b2b0bf13dce410ec58dd9704e3aef56?s=96&d=mm&r=g\",\"url\":\"https:\\\/\\\/secure.gravatar.com\\\/avatar\\\/e41463448e8ad0cf43c44e7f029dd7929b2b0bf13dce410ec58dd9704e3aef56?s=96&d=mm&r=g\",\"contentUrl\":\"https:\\\/\\\/secure.gravatar.com\\\/avatar\\\/e41463448e8ad0cf43c44e7f029dd7929b2b0bf13dce410ec58dd9704e3aef56?s=96&d=mm&r=g\",\"caption\":\"wladyslawchlopicki\"},\"url\":\"https:\\\/\\\/pans.krosno.pl\\\/fa\\\/author\\\/wladyslawchlopicki\\\/\"}]}<\/script>\n<!-- \/ Yoast SEO Premium plugin. -->","yoast_head_json":{"title":"Dzie\u0144 Hiszpa\u0144ski za nami - Filologia Angielska PANS w Kro\u015bnie","robots":{"index":"index","follow":"follow","max-snippet":"max-snippet:-1","max-image-preview":"max-image-preview:large","max-video-preview":"max-video-preview:-1"},"canonical":"https:\/\/pans.krosno.pl\/fa\/dzien-hiszpanski-za-nami\/","og_locale":"pl_PL","og_type":"article","og_title":"Dzie\u0144 Hiszpa\u0144ski za nami","og_description":"26 kwietnia br. w Zak\u0142adzie Filologii Angielskiej odby\u0142a si\u0119 V edycja Dnia Hiszpa\u0144skiego. Wydarzenie zosta\u0142o zorganizowane przez student\u00f3w III roku Filologii Angielskiej studiuj\u0105cych r\u00f3wnolegle j\u0119zyk hiszpa\u0144ski. Tematem przewodnim wydarzenia by\u0142o \u017cycie i tw\u00f3rczo\u015b\u0107 Pabla Picassa.","og_url":"https:\/\/pans.krosno.pl\/fa\/dzien-hiszpanski-za-nami\/","og_site_name":"Filologia Angielska PANS w Kro\u015bnie","article_published_time":"2023-05-15T16:29:04+00:00","article_modified_time":"2023-05-15T16:36:22+00:00","og_image":[{"width":819,"height":1024,"url":"https:\/\/pans.krosno.pl\/wp-content\/uploads\/sites\/13\/2023\/05\/92B2982-819x1024.jpg","type":"image\/jpeg"}],"author":"wladyslawchlopicki","twitter_card":"summary_large_image","twitter_misc":{"Napisane przez":"wladyslawchlopicki","Szacowany czas czytania":"2 minuty"},"schema":{"@context":"https:\/\/schema.org","@graph":[{"@type":"Article","@id":"https:\/\/pans.krosno.pl\/fa\/dzien-hiszpanski-za-nami\/#article","isPartOf":{"@id":"https:\/\/pans.krosno.pl\/fa\/dzien-hiszpanski-za-nami\/"},"author":{"name":"wladyslawchlopicki","@id":"https:\/\/pans.krosno.pl\/fa\/#\/schema\/person\/1590e71c01cc4f478febf0c87d502ebb"},"headline":"Dzie\u0144 Hiszpa\u0144ski za nami","datePublished":"2023-05-15T16:29:04+00:00","dateModified":"2023-05-15T16:36:22+00:00","mainEntityOfPage":{"@id":"https:\/\/pans.krosno.pl\/fa\/dzien-hiszpanski-za-nami\/"},"wordCount":288,"commentCount":0,"publisher":{"@id":"https:\/\/pans.krosno.pl\/fa\/#organization"},"image":{"@id":"https:\/\/pans.krosno.pl\/fa\/dzien-hiszpanski-za-nami\/#primaryimage"},"thumbnailUrl":"https:\/\/pans.krosno.pl\/fa\/wp-content\/uploads\/sites\/13\/2023\/05\/92B2982.jpg","articleSection":["Aktualno\u015bci"],"inLanguage":"pl-PL","potentialAction":[{"@type":"CommentAction","name":"Comment","target":["https:\/\/pans.krosno.pl\/fa\/dzien-hiszpanski-za-nami\/#respond"]}]},{"@type":"WebPage","@id":"https:\/\/pans.krosno.pl\/fa\/dzien-hiszpanski-za-nami\/","url":"https:\/\/pans.krosno.pl\/fa\/dzien-hiszpanski-za-nami\/","name":"Dzie\u0144 Hiszpa\u0144ski za nami - Filologia Angielska PANS w Kro\u015bnie","isPartOf":{"@id":"https:\/\/pans.krosno.pl\/fa\/#website"},"primaryImageOfPage":{"@id":"https:\/\/pans.krosno.pl\/fa\/dzien-hiszpanski-za-nami\/#primaryimage"},"image":{"@id":"https:\/\/pans.krosno.pl\/fa\/dzien-hiszpanski-za-nami\/#primaryimage"},"thumbnailUrl":"https:\/\/pans.krosno.pl\/fa\/wp-content\/uploads\/sites\/13\/2023\/05\/92B2982.jpg","datePublished":"2023-05-15T16:29:04+00:00","dateModified":"2023-05-15T16:36:22+00:00","breadcrumb":{"@id":"https:\/\/pans.krosno.pl\/fa\/dzien-hiszpanski-za-nami\/#breadcrumb"},"inLanguage":"pl-PL","potentialAction":[{"@type":"ReadAction","target":["https:\/\/pans.krosno.pl\/fa\/dzien-hiszpanski-za-nami\/"]}]},{"@type":"ImageObject","inLanguage":"pl-PL","@id":"https:\/\/pans.krosno.pl\/fa\/dzien-hiszpanski-za-nami\/#primaryimage","url":"https:\/\/pans.krosno.pl\/fa\/wp-content\/uploads\/sites\/13\/2023\/05\/92B2982.jpg","contentUrl":"https:\/\/pans.krosno.pl\/fa\/wp-content\/uploads\/sites\/13\/2023\/05\/92B2982.jpg","width":1600,"height":2000},{"@type":"BreadcrumbList","@id":"https:\/\/pans.krosno.pl\/fa\/dzien-hiszpanski-za-nami\/#breadcrumb","itemListElement":[{"@type":"ListItem","position":1,"name":"Strona g\u0142\u00f3wna","item":"https:\/\/pans.krosno.pl\/fa\/"},{"@type":"ListItem","position":2,"name":"Dzie\u0144 Hiszpa\u0144ski za nami"}]},{"@type":"WebSite","@id":"https:\/\/pans.krosno.pl\/fa\/#website","url":"https:\/\/pans.krosno.pl\/fa\/","name":"Filologia Angielska PANS w Kro\u015bnie","description":"Filologia Angielska - Pa\u0144stwowa Akademia Nauk Stosowanych","publisher":{"@id":"https:\/\/pans.krosno.pl\/fa\/#organization"},"potentialAction":[{"@type":"SearchAction","target":{"@type":"EntryPoint","urlTemplate":"https:\/\/pans.krosno.pl\/fa\/?s={search_term_string}"},"query-input":{"@type":"PropertyValueSpecification","valueRequired":true,"valueName":"search_term_string"}}],"inLanguage":"pl-PL"},{"@type":"Organization","@id":"https:\/\/pans.krosno.pl\/fa\/#organization","name":"Filologia Angielska PANS w Kro\u015bnie","url":"https:\/\/pans.krosno.pl\/fa\/","logo":{"@type":"ImageObject","inLanguage":"pl-PL","@id":"https:\/\/pans.krosno.pl\/fa\/#\/schema\/logo\/image\/","url":"https:\/\/pans.krosno.pl\/fa\/wp-content\/uploads\/sites\/13\/2023\/01\/Logo-PANS-2022-pelne.png","contentUrl":"https:\/\/pans.krosno.pl\/fa\/wp-content\/uploads\/sites\/13\/2023\/01\/Logo-PANS-2022-pelne.png","width":3096,"height":696,"caption":"Filologia Angielska PANS w Kro\u015bnie"},"image":{"@id":"https:\/\/pans.krosno.pl\/fa\/#\/schema\/logo\/image\/"}},{"@type":"Person","@id":"https:\/\/pans.krosno.pl\/fa\/#\/schema\/person\/1590e71c01cc4f478febf0c87d502ebb","name":"wladyslawchlopicki","image":{"@type":"ImageObject","inLanguage":"pl-PL","@id":"https:\/\/secure.gravatar.com\/avatar\/e41463448e8ad0cf43c44e7f029dd7929b2b0bf13dce410ec58dd9704e3aef56?s=96&d=mm&r=g","url":"https:\/\/secure.gravatar.com\/avatar\/e41463448e8ad0cf43c44e7f029dd7929b2b0bf13dce410ec58dd9704e3aef56?s=96&d=mm&r=g","contentUrl":"https:\/\/secure.gravatar.com\/avatar\/e41463448e8ad0cf43c44e7f029dd7929b2b0bf13dce410ec58dd9704e3aef56?s=96&d=mm&r=g","caption":"wladyslawchlopicki"},"url":"https:\/\/pans.krosno.pl\/fa\/author\/wladyslawchlopicki\/"}]}},"_links":{"self":[{"href":"https:\/\/pans.krosno.pl\/fa\/wp-json\/wp\/v2\/posts\/3311","targetHints":{"allow":["GET"]}}],"collection":[{"href":"https:\/\/pans.krosno.pl\/fa\/wp-json\/wp\/v2\/posts"}],"about":[{"href":"https:\/\/pans.krosno.pl\/fa\/wp-json\/wp\/v2\/types\/post"}],"author":[{"embeddable":true,"href":"https:\/\/pans.krosno.pl\/fa\/wp-json\/wp\/v2\/users\/54"}],"replies":[{"embeddable":true,"href":"https:\/\/pans.krosno.pl\/fa\/wp-json\/wp\/v2\/comments?post=3311"}],"version-history":[{"count":6,"href":"https:\/\/pans.krosno.pl\/fa\/wp-json\/wp\/v2\/posts\/3311\/revisions"}],"predecessor-version":[{"id":3422,"href":"https:\/\/pans.krosno.pl\/fa\/wp-json\/wp\/v2\/posts\/3311\/revisions\/3422"}],"wp:featuredmedia":[{"embeddable":true,"href":"https:\/\/pans.krosno.pl\/fa\/wp-json\/wp\/v2\/media\/3415"}],"wp:attachment":[{"href":"https:\/\/pans.krosno.pl\/fa\/wp-json\/wp\/v2\/media?parent=3311"}],"wp:term":[{"taxonomy":"category","embeddable":true,"href":"https:\/\/pans.krosno.pl\/fa\/wp-json\/wp\/v2\/categories?post=3311"},{"taxonomy":"post_tag","embeddable":true,"href":"https:\/\/pans.krosno.pl\/fa\/wp-json\/wp\/v2\/tags?post=3311"}],"curies":[{"name":"wp","href":"https:\/\/api.w.org\/{rel}","templated":true}]}}