{"id":4387,"date":"2026-04-14T11:06:11","date_gmt":"2026-04-14T09:06:11","guid":{"rendered":"https:\/\/pans.krosno.pl\/dsdt\/?p=4387"},"modified":"2026-04-14T11:06:12","modified_gmt":"2026-04-14T09:06:12","slug":"goscinne-zajecia-dydaktyczne-na-kierunku-dwujezykowe-studia-dla-tlumaczy","status":"publish","type":"post","link":"https:\/\/pans.krosno.pl\/dsdt\/goscinne-zajecia-dydaktyczne-na-kierunku-dwujezykowe-studia-dla-tlumaczy\/","title":{"rendered":"Go\u015bcinne\u00a0zaj\u0119cia\u00a0dydaktyczne\u00a0na\u00a0kierunku\u00a0Dwuj\u0119zykowe\u00a0studia\u00a0dla\u00a0t\u0142umaczy"},"content":{"rendered":"\n<p>W dniu 10 kwietnia w Zak\u0142adzie Studi\u00f3w Dwuj\u0119zykowych go\u015bcili\u015bmy doktora Macieja Jaskota, kierownika Katedry J\u0119zykoznawstwa Hiszpa\u0144skiego i Dydaktyki J\u0119zyk\u00f3w Iberyjskich Uniwersytetu Komisji Edukacji Narodowej w Krakowie.<br>Wyk\u0142adowca przeprowadzi\u0142 dwie godziny zaj\u0119\u0107 dla grup ucz\u0105cych si\u0119 j\u0119zyka hiszpa\u0144skiego.<br>Tematyka \u0107wicze\u0144 dotyczy\u0142a skutecznych metod uczenia si\u0119 j\u0119zyk\u00f3w obcych, ze szczeg\u00f3lnym uwzgl\u0119dnieniem j\u0119zyka hiszpa\u0144skiego. W trakcie zaj\u0119\u0107 om\u00f3wiono r\u00f3wnie\u017c wybrane zagadnienia gramatyczne, kt\u00f3re sprawiaj\u0105 najwi\u0119cej trudno\u015bci osobom ucz\u0105cym si\u0119 j\u0119zyka hiszpa\u0144skiego.<\/p>\n\n\n\n<figure class=\"wp-block-gallery has-nested-images columns-default is-cropped wp-block-gallery-1 is-layout-flex wp-block-gallery-is-layout-flex\">\n<figure class=\"wp-block-image size-large\"><img loading=\"lazy\" decoding=\"async\" width=\"1024\" height=\"768\" data-id=\"4389\" src=\"https:\/\/pans.krosno.pl\/dsdt\/wp-content\/uploads\/sites\/27\/2026\/04\/1000014030-1024x768.jpg\" alt=\"\" class=\"wp-image-4389\" srcset=\"https:\/\/pans.krosno.pl\/dsdt\/wp-content\/uploads\/sites\/27\/2026\/04\/1000014030-1024x768.jpg 1024w, https:\/\/pans.krosno.pl\/dsdt\/wp-content\/uploads\/sites\/27\/2026\/04\/1000014030-300x225.jpg 300w, https:\/\/pans.krosno.pl\/dsdt\/wp-content\/uploads\/sites\/27\/2026\/04\/1000014030-768x576.jpg 768w, https:\/\/pans.krosno.pl\/dsdt\/wp-content\/uploads\/sites\/27\/2026\/04\/1000014030-1536x1152.jpg 1536w, https:\/\/pans.krosno.pl\/dsdt\/wp-content\/uploads\/sites\/27\/2026\/04\/1000014030-2048x1536.jpg 2048w, https:\/\/pans.krosno.pl\/dsdt\/wp-content\/uploads\/sites\/27\/2026\/04\/1000014030-2000x1500.jpg 2000w, https:\/\/pans.krosno.pl\/dsdt\/wp-content\/uploads\/sites\/27\/2026\/04\/1000014030-800x600.jpg 800w, https:\/\/pans.krosno.pl\/dsdt\/wp-content\/uploads\/sites\/27\/2026\/04\/1000014030-580x435.jpg 580w\" sizes=\"auto, (max-width: 1024px) 100vw, 1024px\" \/><\/figure>\n\n\n\n<figure class=\"wp-block-image size-large\"><img loading=\"lazy\" decoding=\"async\" width=\"1024\" height=\"768\" data-id=\"4388\" src=\"https:\/\/pans.krosno.pl\/dsdt\/wp-content\/uploads\/sites\/27\/2026\/04\/1000023812-1024x768.jpg\" alt=\"\" class=\"wp-image-4388\" srcset=\"https:\/\/pans.krosno.pl\/dsdt\/wp-content\/uploads\/sites\/27\/2026\/04\/1000023812-1024x768.jpg 1024w, https:\/\/pans.krosno.pl\/dsdt\/wp-content\/uploads\/sites\/27\/2026\/04\/1000023812-300x225.jpg 300w, https:\/\/pans.krosno.pl\/dsdt\/wp-content\/uploads\/sites\/27\/2026\/04\/1000023812-768x576.jpg 768w, https:\/\/pans.krosno.pl\/dsdt\/wp-content\/uploads\/sites\/27\/2026\/04\/1000023812-1536x1152.jpg 1536w, https:\/\/pans.krosno.pl\/dsdt\/wp-content\/uploads\/sites\/27\/2026\/04\/1000023812-2048x1536.jpg 2048w, https:\/\/pans.krosno.pl\/dsdt\/wp-content\/uploads\/sites\/27\/2026\/04\/1000023812-2000x1500.jpg 2000w, https:\/\/pans.krosno.pl\/dsdt\/wp-content\/uploads\/sites\/27\/2026\/04\/1000023812-800x600.jpg 800w, https:\/\/pans.krosno.pl\/dsdt\/wp-content\/uploads\/sites\/27\/2026\/04\/1000023812-580x435.jpg 580w\" sizes=\"auto, (max-width: 1024px) 100vw, 1024px\" \/><\/figure>\n<\/figure>\n","protected":false},"excerpt":{"rendered":"<p>W dniu 10 kwietnia w Zak\u0142adzie Studi\u00f3w Dwuj\u0119zykowych go\u015bcili\u015bmy doktora Macieja Jaskota, kierownika Katedry J\u0119zykoznawstwa Hiszpa\u0144skiego i Dydaktyki J\u0119zyk\u00f3w Iberyjskich Uniwersytetu Komisji Edukacji Narodowej w Krakowie.Wyk\u0142adowca przeprowadzi\u0142 dwie godziny zaj\u0119\u0107 dla grup ucz\u0105cych si\u0119 j\u0119zyka hiszpa\u0144skiego.Tematyka \u0107wicze\u0144 dotyczy\u0142a skutecznych metod uczenia si\u0119 j\u0119zyk\u00f3w obcych, ze szczeg\u00f3lnym uwzgl\u0119dnieniem j\u0119zyka hiszpa\u0144skiego. W [\u2026] <\/p>\n<div class=\"clear\"><\/div>\n<p><a class=\"more_link clearfix\" href=\"https:\/\/pans.krosno.pl\/dsdt\/goscinne-zajecia-dydaktyczne-na-kierunku-dwujezykowe-studia-dla-tlumaczy\/\" rel=\"nofollow\">Read More<\/a><\/p>\n","protected":false},"author":88,"featured_media":4389,"comment_status":"closed","ping_status":"closed","sticky":false,"template":"","format":"standard","meta":{"ngg_post_thumbnail":0,"footnotes":""},"categories":[1],"tags":[],"class_list":["post-4387","post","type-post","status-publish","format-standard","has-post-thumbnail","hentry","category-bez-kategorii"],"yoast_head":"<!-- This site is optimized with the Yoast SEO Premium plugin v27.4 (Yoast SEO v27.4) - https:\/\/yoast.com\/product\/yoast-seo-premium-wordpress\/ -->\n<title>Go\u015bcinne\u00a0zaj\u0119cia\u00a0dydaktyczne\u00a0na\u00a0kierunku\u00a0Dwuj\u0119zykowe\u00a0studia\u00a0dla\u00a0t\u0142umaczy - Dwuj\u0119zykowe Studia dla T\u0142umaczy PANS w Kro\u015bnie<\/title>\n<meta name=\"robots\" content=\"index, follow, max-snippet:-1, max-image-preview:large, max-video-preview:-1\" \/>\n<link rel=\"canonical\" href=\"https:\/\/pans.krosno.pl\/dsdt\/goscinne-zajecia-dydaktyczne-na-kierunku-dwujezykowe-studia-dla-tlumaczy\/\" \/>\n<meta property=\"og:locale\" content=\"pl_PL\" \/>\n<meta property=\"og:type\" content=\"article\" \/>\n<meta property=\"og:title\" content=\"Go\u015bcinne\u00a0zaj\u0119cia\u00a0dydaktyczne\u00a0na\u00a0kierunku\u00a0Dwuj\u0119zykowe\u00a0studia\u00a0dla\u00a0t\u0142umaczy\" \/>\n<meta property=\"og:description\" content=\"W dniu 10 kwietnia w Zak\u0142adzie Studi\u00f3w Dwuj\u0119zykowych go\u015bcili\u015bmy doktora Macieja Jaskota, kierownika Katedry J\u0119zykoznawstwa Hiszpa\u0144skiego i Dydaktyki J\u0119zyk\u00f3w Iberyjskich Uniwersytetu Komisji Edukacji Narodowej w Krakowie.Wyk\u0142adowca przeprowadzi\u0142 dwie godziny zaj\u0119\u0107 dla grup ucz\u0105cych si\u0119 j\u0119zyka hiszpa\u0144skiego.Tematyka \u0107wicze\u0144 dotyczy\u0142a skutecznych metod uczenia si\u0119 j\u0119zyk\u00f3w obcych, ze szczeg\u00f3lnym uwzgl\u0119dnieniem j\u0119zyka hiszpa\u0144skiego. W [\u2026] Read More\" \/>\n<meta property=\"og:url\" content=\"https:\/\/pans.krosno.pl\/dsdt\/goscinne-zajecia-dydaktyczne-na-kierunku-dwujezykowe-studia-dla-tlumaczy\/\" \/>\n<meta property=\"og:site_name\" content=\"Dwuj\u0119zykowe Studia dla T\u0142umaczy PANS w Kro\u015bnie\" \/>\n<meta property=\"article:published_time\" content=\"2026-04-14T09:06:11+00:00\" \/>\n<meta property=\"article:modified_time\" content=\"2026-04-14T09:06:12+00:00\" \/>\n<meta property=\"og:image\" content=\"https:\/\/pans.krosno.pl\/dsdt\/wp-content\/uploads\/sites\/27\/2026\/04\/1000014030-scaled.jpg\" \/>\n\t<meta property=\"og:image:width\" content=\"2560\" \/>\n\t<meta property=\"og:image:height\" content=\"1920\" \/>\n\t<meta property=\"og:image:type\" content=\"image\/jpeg\" \/>\n<meta name=\"author\" content=\"leszekhabrat\" \/>\n<meta name=\"twitter:card\" content=\"summary_large_image\" \/>\n<meta name=\"twitter:label1\" content=\"Napisane przez\" \/>\n\t<meta name=\"twitter:data1\" content=\"leszekhabrat\" \/>\n\t<meta name=\"twitter:label2\" content=\"Szacowany czas czytania\" \/>\n\t<meta name=\"twitter:data2\" content=\"1 minuta\" \/>\n<script type=\"application\/ld+json\" class=\"yoast-schema-graph\">{\"@context\":\"https:\\\/\\\/schema.org\",\"@graph\":[{\"@type\":\"Article\",\"@id\":\"https:\\\/\\\/pans.krosno.pl\\\/dsdt\\\/goscinne-zajecia-dydaktyczne-na-kierunku-dwujezykowe-studia-dla-tlumaczy\\\/#article\",\"isPartOf\":{\"@id\":\"https:\\\/\\\/pans.krosno.pl\\\/dsdt\\\/goscinne-zajecia-dydaktyczne-na-kierunku-dwujezykowe-studia-dla-tlumaczy\\\/\"},\"author\":{\"name\":\"leszekhabrat\",\"@id\":\"https:\\\/\\\/pans.krosno.pl\\\/dsdt\\\/#\\\/schema\\\/person\\\/3b6faeb1e29cab848dedf98faa506492\"},\"headline\":\"Go\u015bcinne\u00a0zaj\u0119cia\u00a0dydaktyczne\u00a0na\u00a0kierunku\u00a0Dwuj\u0119zykowe\u00a0studia\u00a0dla\u00a0t\u0142umaczy\",\"datePublished\":\"2026-04-14T09:06:11+00:00\",\"dateModified\":\"2026-04-14T09:06:12+00:00\",\"mainEntityOfPage\":{\"@id\":\"https:\\\/\\\/pans.krosno.pl\\\/dsdt\\\/goscinne-zajecia-dydaktyczne-na-kierunku-dwujezykowe-studia-dla-tlumaczy\\\/\"},\"wordCount\":108,\"publisher\":{\"@id\":\"https:\\\/\\\/pans.krosno.pl\\\/dsdt\\\/#organization\"},\"image\":{\"@id\":\"https:\\\/\\\/pans.krosno.pl\\\/dsdt\\\/goscinne-zajecia-dydaktyczne-na-kierunku-dwujezykowe-studia-dla-tlumaczy\\\/#primaryimage\"},\"thumbnailUrl\":\"https:\\\/\\\/pans.krosno.pl\\\/dsdt\\\/wp-content\\\/uploads\\\/sites\\\/27\\\/2026\\\/04\\\/1000014030-scaled.jpg\",\"inLanguage\":\"pl-PL\"},{\"@type\":\"WebPage\",\"@id\":\"https:\\\/\\\/pans.krosno.pl\\\/dsdt\\\/goscinne-zajecia-dydaktyczne-na-kierunku-dwujezykowe-studia-dla-tlumaczy\\\/\",\"url\":\"https:\\\/\\\/pans.krosno.pl\\\/dsdt\\\/goscinne-zajecia-dydaktyczne-na-kierunku-dwujezykowe-studia-dla-tlumaczy\\\/\",\"name\":\"Go\u015bcinne\u00a0zaj\u0119cia\u00a0dydaktyczne\u00a0na\u00a0kierunku\u00a0Dwuj\u0119zykowe\u00a0studia\u00a0dla\u00a0t\u0142umaczy - Dwuj\u0119zykowe Studia dla T\u0142umaczy PANS w Kro\u015bnie\",\"isPartOf\":{\"@id\":\"https:\\\/\\\/pans.krosno.pl\\\/dsdt\\\/#website\"},\"primaryImageOfPage\":{\"@id\":\"https:\\\/\\\/pans.krosno.pl\\\/dsdt\\\/goscinne-zajecia-dydaktyczne-na-kierunku-dwujezykowe-studia-dla-tlumaczy\\\/#primaryimage\"},\"image\":{\"@id\":\"https:\\\/\\\/pans.krosno.pl\\\/dsdt\\\/goscinne-zajecia-dydaktyczne-na-kierunku-dwujezykowe-studia-dla-tlumaczy\\\/#primaryimage\"},\"thumbnailUrl\":\"https:\\\/\\\/pans.krosno.pl\\\/dsdt\\\/wp-content\\\/uploads\\\/sites\\\/27\\\/2026\\\/04\\\/1000014030-scaled.jpg\",\"datePublished\":\"2026-04-14T09:06:11+00:00\",\"dateModified\":\"2026-04-14T09:06:12+00:00\",\"breadcrumb\":{\"@id\":\"https:\\\/\\\/pans.krosno.pl\\\/dsdt\\\/goscinne-zajecia-dydaktyczne-na-kierunku-dwujezykowe-studia-dla-tlumaczy\\\/#breadcrumb\"},\"inLanguage\":\"pl-PL\",\"potentialAction\":[{\"@type\":\"ReadAction\",\"target\":[\"https:\\\/\\\/pans.krosno.pl\\\/dsdt\\\/goscinne-zajecia-dydaktyczne-na-kierunku-dwujezykowe-studia-dla-tlumaczy\\\/\"]}]},{\"@type\":\"ImageObject\",\"inLanguage\":\"pl-PL\",\"@id\":\"https:\\\/\\\/pans.krosno.pl\\\/dsdt\\\/goscinne-zajecia-dydaktyczne-na-kierunku-dwujezykowe-studia-dla-tlumaczy\\\/#primaryimage\",\"url\":\"https:\\\/\\\/pans.krosno.pl\\\/dsdt\\\/wp-content\\\/uploads\\\/sites\\\/27\\\/2026\\\/04\\\/1000014030-scaled.jpg\",\"contentUrl\":\"https:\\\/\\\/pans.krosno.pl\\\/dsdt\\\/wp-content\\\/uploads\\\/sites\\\/27\\\/2026\\\/04\\\/1000014030-scaled.jpg\",\"width\":2560,\"height\":1920},{\"@type\":\"BreadcrumbList\",\"@id\":\"https:\\\/\\\/pans.krosno.pl\\\/dsdt\\\/goscinne-zajecia-dydaktyczne-na-kierunku-dwujezykowe-studia-dla-tlumaczy\\\/#breadcrumb\",\"itemListElement\":[{\"@type\":\"ListItem\",\"position\":1,\"name\":\"Strona g\u0142\u00f3wna\",\"item\":\"https:\\\/\\\/pans.krosno.pl\\\/dsdt\\\/\"},{\"@type\":\"ListItem\",\"position\":2,\"name\":\"Go\u015bcinne\u00a0zaj\u0119cia\u00a0dydaktyczne\u00a0na\u00a0kierunku\u00a0Dwuj\u0119zykowe\u00a0studia\u00a0dla\u00a0t\u0142umaczy\"}]},{\"@type\":\"WebSite\",\"@id\":\"https:\\\/\\\/pans.krosno.pl\\\/dsdt\\\/#website\",\"url\":\"https:\\\/\\\/pans.krosno.pl\\\/dsdt\\\/\",\"name\":\"Dwuj\u0119zykowe Studia dla T\u0142umaczy PANS w Kro\u015bnie\",\"description\":\"Dwuj\u0119zykowe Studia dla T\u0142umaczy - Pa\u0144stwowa Akademia Nauk Stosowanych\",\"publisher\":{\"@id\":\"https:\\\/\\\/pans.krosno.pl\\\/dsdt\\\/#organization\"},\"potentialAction\":[{\"@type\":\"SearchAction\",\"target\":{\"@type\":\"EntryPoint\",\"urlTemplate\":\"https:\\\/\\\/pans.krosno.pl\\\/dsdt\\\/?s={search_term_string}\"},\"query-input\":{\"@type\":\"PropertyValueSpecification\",\"valueRequired\":true,\"valueName\":\"search_term_string\"}}],\"inLanguage\":\"pl-PL\"},{\"@type\":\"Organization\",\"@id\":\"https:\\\/\\\/pans.krosno.pl\\\/dsdt\\\/#organization\",\"name\":\"Dwuj\u0119zykowe Studia dla T\u0142umaczy PANS w Kro\u015bnie\",\"url\":\"https:\\\/\\\/pans.krosno.pl\\\/dsdt\\\/\",\"logo\":{\"@type\":\"ImageObject\",\"inLanguage\":\"pl-PL\",\"@id\":\"https:\\\/\\\/pans.krosno.pl\\\/dsdt\\\/#\\\/schema\\\/logo\\\/image\\\/\",\"url\":\"https:\\\/\\\/pans.krosno.pl\\\/dsdt\\\/wp-content\\\/uploads\\\/sites\\\/27\\\/2023\\\/01\\\/Logo-PANS-2022-pelne.png\",\"contentUrl\":\"https:\\\/\\\/pans.krosno.pl\\\/dsdt\\\/wp-content\\\/uploads\\\/sites\\\/27\\\/2023\\\/01\\\/Logo-PANS-2022-pelne.png\",\"width\":3096,\"height\":696,\"caption\":\"Dwuj\u0119zykowe Studia dla T\u0142umaczy PANS w Kro\u015bnie\"},\"image\":{\"@id\":\"https:\\\/\\\/pans.krosno.pl\\\/dsdt\\\/#\\\/schema\\\/logo\\\/image\\\/\"}},{\"@type\":\"Person\",\"@id\":\"https:\\\/\\\/pans.krosno.pl\\\/dsdt\\\/#\\\/schema\\\/person\\\/3b6faeb1e29cab848dedf98faa506492\",\"name\":\"leszekhabrat\",\"image\":{\"@type\":\"ImageObject\",\"inLanguage\":\"pl-PL\",\"@id\":\"https:\\\/\\\/secure.gravatar.com\\\/avatar\\\/a9150664a8a5318dbce73a9520eb11ca04a28f6129b7a191d9b4976e6cae5a8c?s=96&d=mm&r=g\",\"url\":\"https:\\\/\\\/secure.gravatar.com\\\/avatar\\\/a9150664a8a5318dbce73a9520eb11ca04a28f6129b7a191d9b4976e6cae5a8c?s=96&d=mm&r=g\",\"contentUrl\":\"https:\\\/\\\/secure.gravatar.com\\\/avatar\\\/a9150664a8a5318dbce73a9520eb11ca04a28f6129b7a191d9b4976e6cae5a8c?s=96&d=mm&r=g\",\"caption\":\"leszekhabrat\"},\"url\":\"https:\\\/\\\/pans.krosno.pl\\\/dsdt\\\/author\\\/leszekhabrat\\\/\"}]}<\/script>\n<!-- \/ Yoast SEO Premium plugin. -->","yoast_head_json":{"title":"Go\u015bcinne\u00a0zaj\u0119cia\u00a0dydaktyczne\u00a0na\u00a0kierunku\u00a0Dwuj\u0119zykowe\u00a0studia\u00a0dla\u00a0t\u0142umaczy - Dwuj\u0119zykowe Studia dla T\u0142umaczy PANS w Kro\u015bnie","robots":{"index":"index","follow":"follow","max-snippet":"max-snippet:-1","max-image-preview":"max-image-preview:large","max-video-preview":"max-video-preview:-1"},"canonical":"https:\/\/pans.krosno.pl\/dsdt\/goscinne-zajecia-dydaktyczne-na-kierunku-dwujezykowe-studia-dla-tlumaczy\/","og_locale":"pl_PL","og_type":"article","og_title":"Go\u015bcinne\u00a0zaj\u0119cia\u00a0dydaktyczne\u00a0na\u00a0kierunku\u00a0Dwuj\u0119zykowe\u00a0studia\u00a0dla\u00a0t\u0142umaczy","og_description":"W dniu 10 kwietnia w Zak\u0142adzie Studi\u00f3w Dwuj\u0119zykowych go\u015bcili\u015bmy doktora Macieja Jaskota, kierownika Katedry J\u0119zykoznawstwa Hiszpa\u0144skiego i Dydaktyki J\u0119zyk\u00f3w Iberyjskich Uniwersytetu Komisji Edukacji Narodowej w Krakowie.Wyk\u0142adowca przeprowadzi\u0142 dwie godziny zaj\u0119\u0107 dla grup ucz\u0105cych si\u0119 j\u0119zyka hiszpa\u0144skiego.Tematyka \u0107wicze\u0144 dotyczy\u0142a skutecznych metod uczenia si\u0119 j\u0119zyk\u00f3w obcych, ze szczeg\u00f3lnym uwzgl\u0119dnieniem j\u0119zyka hiszpa\u0144skiego. W [\u2026] Read More","og_url":"https:\/\/pans.krosno.pl\/dsdt\/goscinne-zajecia-dydaktyczne-na-kierunku-dwujezykowe-studia-dla-tlumaczy\/","og_site_name":"Dwuj\u0119zykowe Studia dla T\u0142umaczy PANS w Kro\u015bnie","article_published_time":"2026-04-14T09:06:11+00:00","article_modified_time":"2026-04-14T09:06:12+00:00","og_image":[{"width":2560,"height":1920,"url":"https:\/\/pans.krosno.pl\/dsdt\/wp-content\/uploads\/sites\/27\/2026\/04\/1000014030-scaled.jpg","type":"image\/jpeg"}],"author":"leszekhabrat","twitter_card":"summary_large_image","twitter_misc":{"Napisane przez":"leszekhabrat","Szacowany czas czytania":"1 minuta"},"schema":{"@context":"https:\/\/schema.org","@graph":[{"@type":"Article","@id":"https:\/\/pans.krosno.pl\/dsdt\/goscinne-zajecia-dydaktyczne-na-kierunku-dwujezykowe-studia-dla-tlumaczy\/#article","isPartOf":{"@id":"https:\/\/pans.krosno.pl\/dsdt\/goscinne-zajecia-dydaktyczne-na-kierunku-dwujezykowe-studia-dla-tlumaczy\/"},"author":{"name":"leszekhabrat","@id":"https:\/\/pans.krosno.pl\/dsdt\/#\/schema\/person\/3b6faeb1e29cab848dedf98faa506492"},"headline":"Go\u015bcinne\u00a0zaj\u0119cia\u00a0dydaktyczne\u00a0na\u00a0kierunku\u00a0Dwuj\u0119zykowe\u00a0studia\u00a0dla\u00a0t\u0142umaczy","datePublished":"2026-04-14T09:06:11+00:00","dateModified":"2026-04-14T09:06:12+00:00","mainEntityOfPage":{"@id":"https:\/\/pans.krosno.pl\/dsdt\/goscinne-zajecia-dydaktyczne-na-kierunku-dwujezykowe-studia-dla-tlumaczy\/"},"wordCount":108,"publisher":{"@id":"https:\/\/pans.krosno.pl\/dsdt\/#organization"},"image":{"@id":"https:\/\/pans.krosno.pl\/dsdt\/goscinne-zajecia-dydaktyczne-na-kierunku-dwujezykowe-studia-dla-tlumaczy\/#primaryimage"},"thumbnailUrl":"https:\/\/pans.krosno.pl\/dsdt\/wp-content\/uploads\/sites\/27\/2026\/04\/1000014030-scaled.jpg","inLanguage":"pl-PL"},{"@type":"WebPage","@id":"https:\/\/pans.krosno.pl\/dsdt\/goscinne-zajecia-dydaktyczne-na-kierunku-dwujezykowe-studia-dla-tlumaczy\/","url":"https:\/\/pans.krosno.pl\/dsdt\/goscinne-zajecia-dydaktyczne-na-kierunku-dwujezykowe-studia-dla-tlumaczy\/","name":"Go\u015bcinne\u00a0zaj\u0119cia\u00a0dydaktyczne\u00a0na\u00a0kierunku\u00a0Dwuj\u0119zykowe\u00a0studia\u00a0dla\u00a0t\u0142umaczy - Dwuj\u0119zykowe Studia dla T\u0142umaczy PANS w Kro\u015bnie","isPartOf":{"@id":"https:\/\/pans.krosno.pl\/dsdt\/#website"},"primaryImageOfPage":{"@id":"https:\/\/pans.krosno.pl\/dsdt\/goscinne-zajecia-dydaktyczne-na-kierunku-dwujezykowe-studia-dla-tlumaczy\/#primaryimage"},"image":{"@id":"https:\/\/pans.krosno.pl\/dsdt\/goscinne-zajecia-dydaktyczne-na-kierunku-dwujezykowe-studia-dla-tlumaczy\/#primaryimage"},"thumbnailUrl":"https:\/\/pans.krosno.pl\/dsdt\/wp-content\/uploads\/sites\/27\/2026\/04\/1000014030-scaled.jpg","datePublished":"2026-04-14T09:06:11+00:00","dateModified":"2026-04-14T09:06:12+00:00","breadcrumb":{"@id":"https:\/\/pans.krosno.pl\/dsdt\/goscinne-zajecia-dydaktyczne-na-kierunku-dwujezykowe-studia-dla-tlumaczy\/#breadcrumb"},"inLanguage":"pl-PL","potentialAction":[{"@type":"ReadAction","target":["https:\/\/pans.krosno.pl\/dsdt\/goscinne-zajecia-dydaktyczne-na-kierunku-dwujezykowe-studia-dla-tlumaczy\/"]}]},{"@type":"ImageObject","inLanguage":"pl-PL","@id":"https:\/\/pans.krosno.pl\/dsdt\/goscinne-zajecia-dydaktyczne-na-kierunku-dwujezykowe-studia-dla-tlumaczy\/#primaryimage","url":"https:\/\/pans.krosno.pl\/dsdt\/wp-content\/uploads\/sites\/27\/2026\/04\/1000014030-scaled.jpg","contentUrl":"https:\/\/pans.krosno.pl\/dsdt\/wp-content\/uploads\/sites\/27\/2026\/04\/1000014030-scaled.jpg","width":2560,"height":1920},{"@type":"BreadcrumbList","@id":"https:\/\/pans.krosno.pl\/dsdt\/goscinne-zajecia-dydaktyczne-na-kierunku-dwujezykowe-studia-dla-tlumaczy\/#breadcrumb","itemListElement":[{"@type":"ListItem","position":1,"name":"Strona g\u0142\u00f3wna","item":"https:\/\/pans.krosno.pl\/dsdt\/"},{"@type":"ListItem","position":2,"name":"Go\u015bcinne\u00a0zaj\u0119cia\u00a0dydaktyczne\u00a0na\u00a0kierunku\u00a0Dwuj\u0119zykowe\u00a0studia\u00a0dla\u00a0t\u0142umaczy"}]},{"@type":"WebSite","@id":"https:\/\/pans.krosno.pl\/dsdt\/#website","url":"https:\/\/pans.krosno.pl\/dsdt\/","name":"Dwuj\u0119zykowe Studia dla T\u0142umaczy PANS w Kro\u015bnie","description":"Dwuj\u0119zykowe Studia dla T\u0142umaczy - Pa\u0144stwowa Akademia Nauk Stosowanych","publisher":{"@id":"https:\/\/pans.krosno.pl\/dsdt\/#organization"},"potentialAction":[{"@type":"SearchAction","target":{"@type":"EntryPoint","urlTemplate":"https:\/\/pans.krosno.pl\/dsdt\/?s={search_term_string}"},"query-input":{"@type":"PropertyValueSpecification","valueRequired":true,"valueName":"search_term_string"}}],"inLanguage":"pl-PL"},{"@type":"Organization","@id":"https:\/\/pans.krosno.pl\/dsdt\/#organization","name":"Dwuj\u0119zykowe Studia dla T\u0142umaczy PANS w Kro\u015bnie","url":"https:\/\/pans.krosno.pl\/dsdt\/","logo":{"@type":"ImageObject","inLanguage":"pl-PL","@id":"https:\/\/pans.krosno.pl\/dsdt\/#\/schema\/logo\/image\/","url":"https:\/\/pans.krosno.pl\/dsdt\/wp-content\/uploads\/sites\/27\/2023\/01\/Logo-PANS-2022-pelne.png","contentUrl":"https:\/\/pans.krosno.pl\/dsdt\/wp-content\/uploads\/sites\/27\/2023\/01\/Logo-PANS-2022-pelne.png","width":3096,"height":696,"caption":"Dwuj\u0119zykowe Studia dla T\u0142umaczy PANS w Kro\u015bnie"},"image":{"@id":"https:\/\/pans.krosno.pl\/dsdt\/#\/schema\/logo\/image\/"}},{"@type":"Person","@id":"https:\/\/pans.krosno.pl\/dsdt\/#\/schema\/person\/3b6faeb1e29cab848dedf98faa506492","name":"leszekhabrat","image":{"@type":"ImageObject","inLanguage":"pl-PL","@id":"https:\/\/secure.gravatar.com\/avatar\/a9150664a8a5318dbce73a9520eb11ca04a28f6129b7a191d9b4976e6cae5a8c?s=96&d=mm&r=g","url":"https:\/\/secure.gravatar.com\/avatar\/a9150664a8a5318dbce73a9520eb11ca04a28f6129b7a191d9b4976e6cae5a8c?s=96&d=mm&r=g","contentUrl":"https:\/\/secure.gravatar.com\/avatar\/a9150664a8a5318dbce73a9520eb11ca04a28f6129b7a191d9b4976e6cae5a8c?s=96&d=mm&r=g","caption":"leszekhabrat"},"url":"https:\/\/pans.krosno.pl\/dsdt\/author\/leszekhabrat\/"}]}},"_links":{"self":[{"href":"https:\/\/pans.krosno.pl\/dsdt\/wp-json\/wp\/v2\/posts\/4387","targetHints":{"allow":["GET"]}}],"collection":[{"href":"https:\/\/pans.krosno.pl\/dsdt\/wp-json\/wp\/v2\/posts"}],"about":[{"href":"https:\/\/pans.krosno.pl\/dsdt\/wp-json\/wp\/v2\/types\/post"}],"author":[{"embeddable":true,"href":"https:\/\/pans.krosno.pl\/dsdt\/wp-json\/wp\/v2\/users\/88"}],"replies":[{"embeddable":true,"href":"https:\/\/pans.krosno.pl\/dsdt\/wp-json\/wp\/v2\/comments?post=4387"}],"version-history":[{"count":1,"href":"https:\/\/pans.krosno.pl\/dsdt\/wp-json\/wp\/v2\/posts\/4387\/revisions"}],"predecessor-version":[{"id":4390,"href":"https:\/\/pans.krosno.pl\/dsdt\/wp-json\/wp\/v2\/posts\/4387\/revisions\/4390"}],"wp:featuredmedia":[{"embeddable":true,"href":"https:\/\/pans.krosno.pl\/dsdt\/wp-json\/wp\/v2\/media\/4389"}],"wp:attachment":[{"href":"https:\/\/pans.krosno.pl\/dsdt\/wp-json\/wp\/v2\/media?parent=4387"}],"wp:term":[{"taxonomy":"category","embeddable":true,"href":"https:\/\/pans.krosno.pl\/dsdt\/wp-json\/wp\/v2\/categories?post=4387"},{"taxonomy":"post_tag","embeddable":true,"href":"https:\/\/pans.krosno.pl\/dsdt\/wp-json\/wp\/v2\/tags?post=4387"}],"curies":[{"name":"wp","href":"https:\/\/api.w.org\/{rel}","templated":true}]}}