{"id":4384,"date":"2026-04-14T11:03:56","date_gmt":"2026-04-14T09:03:56","guid":{"rendered":"https:\/\/pans.krosno.pl\/dsdt\/?p=4384"},"modified":"2026-04-14T11:03:57","modified_gmt":"2026-04-14T09:03:57","slug":"wystapienie-prof-grzegorza-przebindy-w-tvp3","status":"publish","type":"post","link":"https:\/\/pans.krosno.pl\/dsdt\/wystapienie-prof-grzegorza-przebindy-w-tvp3\/","title":{"rendered":"Wyst\u0105pienie\u00a0prof.\u00a0Grzegorza\u00a0Przebindy\u00a0w\u00a0TVP3"},"content":{"rendered":"\n<p>10 kwietnia 2026 r. wybitny znawca kultury i historii Rosji, prof. Grzegorz Przebinda by\u0142 go\u015bciem programu Tematy dnia TVP3 Krak\u00f3w. Tematem rozmowy by\u0142y ostatnie dzia\u0142ania w\u0142adz Rosji, w tym kwestie zak\u0142amywania prawdy o zbrodni katy\u0144skiej oraz uderzanie w \u015brodowiska instytucji pami\u0119ci, takich jak Memoria\u0142.<br><br>Poni\u017cej\u00a0link\u00a0do\u00a0nagrania<br><br><a href=\"https:\/\/krakow.tvp.pl\/92561625\/10042026-2145\" target=\"_blank\" rel=\"noreferrer noopener\">https:\/\/krakow.tvp.pl\/92561625\/10042026-2145<\/a><br><br>Tematyce powi\u0105zania Katynia z aktualn\u0105 polityk\u0105 pami\u0119ci w Rosji oraz kontroli w\u0142adz nad pami\u0119ci\u0105 spo\u0142eczn\u0105 po\u015bwi\u0119cony jest r\u00f3wnie\u017c artyku\u0142 \u00a0prof. Przebindy opublikowany \u00a0w weekendowym dodatku Plus Minus (11\u201312 kwietnia 2026) dziennika Rzeczypospolita pt. &#8222;W\u0142adze Rosji zn\u00f3w zacieraj\u0105 prawd\u0119 o zbrodni katy\u0144skiej&#8221;<\/p>\n","protected":false},"excerpt":{"rendered":"<p>10 kwietnia 2026 r. wybitny znawca kultury i historii Rosji, prof. Grzegorz Przebinda by\u0142 go\u015bciem programu Tematy dnia TVP3 Krak\u00f3w. Tematem rozmowy by\u0142y ostatnie dzia\u0142ania w\u0142adz Rosji, w tym kwestie zak\u0142amywania prawdy o zbrodni katy\u0144skiej oraz uderzanie w \u015brodowiska instytucji pami\u0119ci, takich jak Memoria\u0142. Poni\u017cej\u00a0link\u00a0do\u00a0nagrania https:\/\/krakow.tvp.pl\/92561625\/10042026-2145 Tematyce powi\u0105zania Katynia z [\u2026] <\/p>\n<div class=\"clear\"><\/div>\n<p><a class=\"more_link clearfix\" href=\"https:\/\/pans.krosno.pl\/dsdt\/wystapienie-prof-grzegorza-przebindy-w-tvp3\/\" rel=\"nofollow\">Read More<\/a><\/p>\n","protected":false},"author":88,"featured_media":0,"comment_status":"closed","ping_status":"closed","sticky":false,"template":"","format":"standard","meta":{"ngg_post_thumbnail":0,"footnotes":""},"categories":[1],"tags":[],"class_list":["post-4384","post","type-post","status-publish","format-standard","hentry","category-bez-kategorii"],"yoast_head":"<!-- This site is optimized with the Yoast SEO Premium plugin v27.4 (Yoast SEO v27.4) - https:\/\/yoast.com\/product\/yoast-seo-premium-wordpress\/ -->\n<title>Wyst\u0105pienie\u00a0prof.\u00a0Grzegorza\u00a0Przebindy\u00a0w\u00a0TVP3 - Dwuj\u0119zykowe Studia dla T\u0142umaczy PANS w Kro\u015bnie<\/title>\n<meta name=\"robots\" content=\"index, follow, max-snippet:-1, max-image-preview:large, max-video-preview:-1\" \/>\n<link rel=\"canonical\" href=\"https:\/\/pans.krosno.pl\/dsdt\/wystapienie-prof-grzegorza-przebindy-w-tvp3\/\" \/>\n<meta property=\"og:locale\" content=\"pl_PL\" \/>\n<meta property=\"og:type\" content=\"article\" \/>\n<meta property=\"og:title\" content=\"Wyst\u0105pienie\u00a0prof.\u00a0Grzegorza\u00a0Przebindy\u00a0w\u00a0TVP3\" \/>\n<meta property=\"og:description\" content=\"10 kwietnia 2026 r. wybitny znawca kultury i historii Rosji, prof. Grzegorz Przebinda by\u0142 go\u015bciem programu Tematy dnia TVP3 Krak\u00f3w. Tematem rozmowy by\u0142y ostatnie dzia\u0142ania w\u0142adz Rosji, w tym kwestie zak\u0142amywania prawdy o zbrodni katy\u0144skiej oraz uderzanie w \u015brodowiska instytucji pami\u0119ci, takich jak Memoria\u0142. Poni\u017cej\u00a0link\u00a0do\u00a0nagrania https:\/\/krakow.tvp.pl\/92561625\/10042026-2145 Tematyce powi\u0105zania Katynia z [\u2026] Read More\" \/>\n<meta property=\"og:url\" content=\"https:\/\/pans.krosno.pl\/dsdt\/wystapienie-prof-grzegorza-przebindy-w-tvp3\/\" \/>\n<meta property=\"og:site_name\" content=\"Dwuj\u0119zykowe Studia dla T\u0142umaczy PANS w Kro\u015bnie\" \/>\n<meta property=\"article:published_time\" content=\"2026-04-14T09:03:56+00:00\" \/>\n<meta property=\"article:modified_time\" content=\"2026-04-14T09:03:57+00:00\" \/>\n<meta name=\"author\" content=\"leszekhabrat\" \/>\n<meta name=\"twitter:card\" content=\"summary_large_image\" \/>\n<meta name=\"twitter:label1\" content=\"Napisane przez\" \/>\n\t<meta name=\"twitter:data1\" content=\"leszekhabrat\" \/>\n\t<meta name=\"twitter:label2\" content=\"Szacowany czas czytania\" \/>\n\t<meta name=\"twitter:data2\" content=\"1 minuta\" \/>\n<script type=\"application\/ld+json\" class=\"yoast-schema-graph\">{\"@context\":\"https:\\\/\\\/schema.org\",\"@graph\":[{\"@type\":\"Article\",\"@id\":\"https:\\\/\\\/pans.krosno.pl\\\/dsdt\\\/wystapienie-prof-grzegorza-przebindy-w-tvp3\\\/#article\",\"isPartOf\":{\"@id\":\"https:\\\/\\\/pans.krosno.pl\\\/dsdt\\\/wystapienie-prof-grzegorza-przebindy-w-tvp3\\\/\"},\"author\":{\"name\":\"leszekhabrat\",\"@id\":\"https:\\\/\\\/pans.krosno.pl\\\/dsdt\\\/#\\\/schema\\\/person\\\/3b6faeb1e29cab848dedf98faa506492\"},\"headline\":\"Wyst\u0105pienie\u00a0prof.\u00a0Grzegorza\u00a0Przebindy\u00a0w\u00a0TVP3\",\"datePublished\":\"2026-04-14T09:03:56+00:00\",\"dateModified\":\"2026-04-14T09:03:57+00:00\",\"mainEntityOfPage\":{\"@id\":\"https:\\\/\\\/pans.krosno.pl\\\/dsdt\\\/wystapienie-prof-grzegorza-przebindy-w-tvp3\\\/\"},\"wordCount\":117,\"publisher\":{\"@id\":\"https:\\\/\\\/pans.krosno.pl\\\/dsdt\\\/#organization\"},\"inLanguage\":\"pl-PL\"},{\"@type\":\"WebPage\",\"@id\":\"https:\\\/\\\/pans.krosno.pl\\\/dsdt\\\/wystapienie-prof-grzegorza-przebindy-w-tvp3\\\/\",\"url\":\"https:\\\/\\\/pans.krosno.pl\\\/dsdt\\\/wystapienie-prof-grzegorza-przebindy-w-tvp3\\\/\",\"name\":\"Wyst\u0105pienie\u00a0prof.\u00a0Grzegorza\u00a0Przebindy\u00a0w\u00a0TVP3 - Dwuj\u0119zykowe Studia dla T\u0142umaczy PANS w Kro\u015bnie\",\"isPartOf\":{\"@id\":\"https:\\\/\\\/pans.krosno.pl\\\/dsdt\\\/#website\"},\"datePublished\":\"2026-04-14T09:03:56+00:00\",\"dateModified\":\"2026-04-14T09:03:57+00:00\",\"breadcrumb\":{\"@id\":\"https:\\\/\\\/pans.krosno.pl\\\/dsdt\\\/wystapienie-prof-grzegorza-przebindy-w-tvp3\\\/#breadcrumb\"},\"inLanguage\":\"pl-PL\",\"potentialAction\":[{\"@type\":\"ReadAction\",\"target\":[\"https:\\\/\\\/pans.krosno.pl\\\/dsdt\\\/wystapienie-prof-grzegorza-przebindy-w-tvp3\\\/\"]}]},{\"@type\":\"BreadcrumbList\",\"@id\":\"https:\\\/\\\/pans.krosno.pl\\\/dsdt\\\/wystapienie-prof-grzegorza-przebindy-w-tvp3\\\/#breadcrumb\",\"itemListElement\":[{\"@type\":\"ListItem\",\"position\":1,\"name\":\"Strona g\u0142\u00f3wna\",\"item\":\"https:\\\/\\\/pans.krosno.pl\\\/dsdt\\\/\"},{\"@type\":\"ListItem\",\"position\":2,\"name\":\"Wyst\u0105pienie\u00a0prof.\u00a0Grzegorza\u00a0Przebindy\u00a0w\u00a0TVP3\"}]},{\"@type\":\"WebSite\",\"@id\":\"https:\\\/\\\/pans.krosno.pl\\\/dsdt\\\/#website\",\"url\":\"https:\\\/\\\/pans.krosno.pl\\\/dsdt\\\/\",\"name\":\"Dwuj\u0119zykowe Studia dla T\u0142umaczy PANS w Kro\u015bnie\",\"description\":\"Dwuj\u0119zykowe Studia dla T\u0142umaczy - Pa\u0144stwowa Akademia Nauk Stosowanych\",\"publisher\":{\"@id\":\"https:\\\/\\\/pans.krosno.pl\\\/dsdt\\\/#organization\"},\"potentialAction\":[{\"@type\":\"SearchAction\",\"target\":{\"@type\":\"EntryPoint\",\"urlTemplate\":\"https:\\\/\\\/pans.krosno.pl\\\/dsdt\\\/?s={search_term_string}\"},\"query-input\":{\"@type\":\"PropertyValueSpecification\",\"valueRequired\":true,\"valueName\":\"search_term_string\"}}],\"inLanguage\":\"pl-PL\"},{\"@type\":\"Organization\",\"@id\":\"https:\\\/\\\/pans.krosno.pl\\\/dsdt\\\/#organization\",\"name\":\"Dwuj\u0119zykowe Studia dla T\u0142umaczy PANS w Kro\u015bnie\",\"url\":\"https:\\\/\\\/pans.krosno.pl\\\/dsdt\\\/\",\"logo\":{\"@type\":\"ImageObject\",\"inLanguage\":\"pl-PL\",\"@id\":\"https:\\\/\\\/pans.krosno.pl\\\/dsdt\\\/#\\\/schema\\\/logo\\\/image\\\/\",\"url\":\"https:\\\/\\\/pans.krosno.pl\\\/dsdt\\\/wp-content\\\/uploads\\\/sites\\\/27\\\/2023\\\/01\\\/Logo-PANS-2022-pelne.png\",\"contentUrl\":\"https:\\\/\\\/pans.krosno.pl\\\/dsdt\\\/wp-content\\\/uploads\\\/sites\\\/27\\\/2023\\\/01\\\/Logo-PANS-2022-pelne.png\",\"width\":3096,\"height\":696,\"caption\":\"Dwuj\u0119zykowe Studia dla T\u0142umaczy PANS w Kro\u015bnie\"},\"image\":{\"@id\":\"https:\\\/\\\/pans.krosno.pl\\\/dsdt\\\/#\\\/schema\\\/logo\\\/image\\\/\"}},{\"@type\":\"Person\",\"@id\":\"https:\\\/\\\/pans.krosno.pl\\\/dsdt\\\/#\\\/schema\\\/person\\\/3b6faeb1e29cab848dedf98faa506492\",\"name\":\"leszekhabrat\",\"image\":{\"@type\":\"ImageObject\",\"inLanguage\":\"pl-PL\",\"@id\":\"https:\\\/\\\/secure.gravatar.com\\\/avatar\\\/a9150664a8a5318dbce73a9520eb11ca04a28f6129b7a191d9b4976e6cae5a8c?s=96&d=mm&r=g\",\"url\":\"https:\\\/\\\/secure.gravatar.com\\\/avatar\\\/a9150664a8a5318dbce73a9520eb11ca04a28f6129b7a191d9b4976e6cae5a8c?s=96&d=mm&r=g\",\"contentUrl\":\"https:\\\/\\\/secure.gravatar.com\\\/avatar\\\/a9150664a8a5318dbce73a9520eb11ca04a28f6129b7a191d9b4976e6cae5a8c?s=96&d=mm&r=g\",\"caption\":\"leszekhabrat\"},\"url\":\"https:\\\/\\\/pans.krosno.pl\\\/dsdt\\\/author\\\/leszekhabrat\\\/\"}]}<\/script>\n<!-- \/ Yoast SEO Premium plugin. -->","yoast_head_json":{"title":"Wyst\u0105pienie\u00a0prof.\u00a0Grzegorza\u00a0Przebindy\u00a0w\u00a0TVP3 - Dwuj\u0119zykowe Studia dla T\u0142umaczy PANS w Kro\u015bnie","robots":{"index":"index","follow":"follow","max-snippet":"max-snippet:-1","max-image-preview":"max-image-preview:large","max-video-preview":"max-video-preview:-1"},"canonical":"https:\/\/pans.krosno.pl\/dsdt\/wystapienie-prof-grzegorza-przebindy-w-tvp3\/","og_locale":"pl_PL","og_type":"article","og_title":"Wyst\u0105pienie\u00a0prof.\u00a0Grzegorza\u00a0Przebindy\u00a0w\u00a0TVP3","og_description":"10 kwietnia 2026 r. wybitny znawca kultury i historii Rosji, prof. Grzegorz Przebinda by\u0142 go\u015bciem programu Tematy dnia TVP3 Krak\u00f3w. Tematem rozmowy by\u0142y ostatnie dzia\u0142ania w\u0142adz Rosji, w tym kwestie zak\u0142amywania prawdy o zbrodni katy\u0144skiej oraz uderzanie w \u015brodowiska instytucji pami\u0119ci, takich jak Memoria\u0142. Poni\u017cej\u00a0link\u00a0do\u00a0nagrania https:\/\/krakow.tvp.pl\/92561625\/10042026-2145 Tematyce powi\u0105zania Katynia z [\u2026] Read More","og_url":"https:\/\/pans.krosno.pl\/dsdt\/wystapienie-prof-grzegorza-przebindy-w-tvp3\/","og_site_name":"Dwuj\u0119zykowe Studia dla T\u0142umaczy PANS w Kro\u015bnie","article_published_time":"2026-04-14T09:03:56+00:00","article_modified_time":"2026-04-14T09:03:57+00:00","author":"leszekhabrat","twitter_card":"summary_large_image","twitter_misc":{"Napisane przez":"leszekhabrat","Szacowany czas czytania":"1 minuta"},"schema":{"@context":"https:\/\/schema.org","@graph":[{"@type":"Article","@id":"https:\/\/pans.krosno.pl\/dsdt\/wystapienie-prof-grzegorza-przebindy-w-tvp3\/#article","isPartOf":{"@id":"https:\/\/pans.krosno.pl\/dsdt\/wystapienie-prof-grzegorza-przebindy-w-tvp3\/"},"author":{"name":"leszekhabrat","@id":"https:\/\/pans.krosno.pl\/dsdt\/#\/schema\/person\/3b6faeb1e29cab848dedf98faa506492"},"headline":"Wyst\u0105pienie\u00a0prof.\u00a0Grzegorza\u00a0Przebindy\u00a0w\u00a0TVP3","datePublished":"2026-04-14T09:03:56+00:00","dateModified":"2026-04-14T09:03:57+00:00","mainEntityOfPage":{"@id":"https:\/\/pans.krosno.pl\/dsdt\/wystapienie-prof-grzegorza-przebindy-w-tvp3\/"},"wordCount":117,"publisher":{"@id":"https:\/\/pans.krosno.pl\/dsdt\/#organization"},"inLanguage":"pl-PL"},{"@type":"WebPage","@id":"https:\/\/pans.krosno.pl\/dsdt\/wystapienie-prof-grzegorza-przebindy-w-tvp3\/","url":"https:\/\/pans.krosno.pl\/dsdt\/wystapienie-prof-grzegorza-przebindy-w-tvp3\/","name":"Wyst\u0105pienie\u00a0prof.\u00a0Grzegorza\u00a0Przebindy\u00a0w\u00a0TVP3 - Dwuj\u0119zykowe Studia dla T\u0142umaczy PANS w Kro\u015bnie","isPartOf":{"@id":"https:\/\/pans.krosno.pl\/dsdt\/#website"},"datePublished":"2026-04-14T09:03:56+00:00","dateModified":"2026-04-14T09:03:57+00:00","breadcrumb":{"@id":"https:\/\/pans.krosno.pl\/dsdt\/wystapienie-prof-grzegorza-przebindy-w-tvp3\/#breadcrumb"},"inLanguage":"pl-PL","potentialAction":[{"@type":"ReadAction","target":["https:\/\/pans.krosno.pl\/dsdt\/wystapienie-prof-grzegorza-przebindy-w-tvp3\/"]}]},{"@type":"BreadcrumbList","@id":"https:\/\/pans.krosno.pl\/dsdt\/wystapienie-prof-grzegorza-przebindy-w-tvp3\/#breadcrumb","itemListElement":[{"@type":"ListItem","position":1,"name":"Strona g\u0142\u00f3wna","item":"https:\/\/pans.krosno.pl\/dsdt\/"},{"@type":"ListItem","position":2,"name":"Wyst\u0105pienie\u00a0prof.\u00a0Grzegorza\u00a0Przebindy\u00a0w\u00a0TVP3"}]},{"@type":"WebSite","@id":"https:\/\/pans.krosno.pl\/dsdt\/#website","url":"https:\/\/pans.krosno.pl\/dsdt\/","name":"Dwuj\u0119zykowe Studia dla T\u0142umaczy PANS w Kro\u015bnie","description":"Dwuj\u0119zykowe Studia dla T\u0142umaczy - Pa\u0144stwowa Akademia Nauk Stosowanych","publisher":{"@id":"https:\/\/pans.krosno.pl\/dsdt\/#organization"},"potentialAction":[{"@type":"SearchAction","target":{"@type":"EntryPoint","urlTemplate":"https:\/\/pans.krosno.pl\/dsdt\/?s={search_term_string}"},"query-input":{"@type":"PropertyValueSpecification","valueRequired":true,"valueName":"search_term_string"}}],"inLanguage":"pl-PL"},{"@type":"Organization","@id":"https:\/\/pans.krosno.pl\/dsdt\/#organization","name":"Dwuj\u0119zykowe Studia dla T\u0142umaczy PANS w Kro\u015bnie","url":"https:\/\/pans.krosno.pl\/dsdt\/","logo":{"@type":"ImageObject","inLanguage":"pl-PL","@id":"https:\/\/pans.krosno.pl\/dsdt\/#\/schema\/logo\/image\/","url":"https:\/\/pans.krosno.pl\/dsdt\/wp-content\/uploads\/sites\/27\/2023\/01\/Logo-PANS-2022-pelne.png","contentUrl":"https:\/\/pans.krosno.pl\/dsdt\/wp-content\/uploads\/sites\/27\/2023\/01\/Logo-PANS-2022-pelne.png","width":3096,"height":696,"caption":"Dwuj\u0119zykowe Studia dla T\u0142umaczy PANS w Kro\u015bnie"},"image":{"@id":"https:\/\/pans.krosno.pl\/dsdt\/#\/schema\/logo\/image\/"}},{"@type":"Person","@id":"https:\/\/pans.krosno.pl\/dsdt\/#\/schema\/person\/3b6faeb1e29cab848dedf98faa506492","name":"leszekhabrat","image":{"@type":"ImageObject","inLanguage":"pl-PL","@id":"https:\/\/secure.gravatar.com\/avatar\/a9150664a8a5318dbce73a9520eb11ca04a28f6129b7a191d9b4976e6cae5a8c?s=96&d=mm&r=g","url":"https:\/\/secure.gravatar.com\/avatar\/a9150664a8a5318dbce73a9520eb11ca04a28f6129b7a191d9b4976e6cae5a8c?s=96&d=mm&r=g","contentUrl":"https:\/\/secure.gravatar.com\/avatar\/a9150664a8a5318dbce73a9520eb11ca04a28f6129b7a191d9b4976e6cae5a8c?s=96&d=mm&r=g","caption":"leszekhabrat"},"url":"https:\/\/pans.krosno.pl\/dsdt\/author\/leszekhabrat\/"}]}},"_links":{"self":[{"href":"https:\/\/pans.krosno.pl\/dsdt\/wp-json\/wp\/v2\/posts\/4384","targetHints":{"allow":["GET"]}}],"collection":[{"href":"https:\/\/pans.krosno.pl\/dsdt\/wp-json\/wp\/v2\/posts"}],"about":[{"href":"https:\/\/pans.krosno.pl\/dsdt\/wp-json\/wp\/v2\/types\/post"}],"author":[{"embeddable":true,"href":"https:\/\/pans.krosno.pl\/dsdt\/wp-json\/wp\/v2\/users\/88"}],"replies":[{"embeddable":true,"href":"https:\/\/pans.krosno.pl\/dsdt\/wp-json\/wp\/v2\/comments?post=4384"}],"version-history":[{"count":1,"href":"https:\/\/pans.krosno.pl\/dsdt\/wp-json\/wp\/v2\/posts\/4384\/revisions"}],"predecessor-version":[{"id":4385,"href":"https:\/\/pans.krosno.pl\/dsdt\/wp-json\/wp\/v2\/posts\/4384\/revisions\/4385"}],"wp:attachment":[{"href":"https:\/\/pans.krosno.pl\/dsdt\/wp-json\/wp\/v2\/media?parent=4384"}],"wp:term":[{"taxonomy":"category","embeddable":true,"href":"https:\/\/pans.krosno.pl\/dsdt\/wp-json\/wp\/v2\/categories?post=4384"},{"taxonomy":"post_tag","embeddable":true,"href":"https:\/\/pans.krosno.pl\/dsdt\/wp-json\/wp\/v2\/tags?post=4384"}],"curies":[{"name":"wp","href":"https:\/\/api.w.org\/{rel}","templated":true}]}}