{"id":4368,"date":"2026-03-26T12:17:17","date_gmt":"2026-03-26T11:17:17","guid":{"rendered":"https:\/\/pans.krosno.pl\/dsdt\/?p=4368"},"modified":"2026-03-26T12:17:19","modified_gmt":"2026-03-26T11:17:19","slug":"wizyta-w-zespole-szkol-ponadpodstawowych-nr-1-im-jana-szczepanika-w-krosnie","status":"publish","type":"post","link":"https:\/\/pans.krosno.pl\/dsdt\/wizyta-w-zespole-szkol-ponadpodstawowych-nr-1-im-jana-szczepanika-w-krosnie\/","title":{"rendered":"Wizyta w Zespole Szk\u00f3\u0142 Ponadpodstawowych Nr 1 im. Jana Szczepanika w Kro\u015bnie"},"content":{"rendered":"\n<p>Uczniowie klasy maturalnej o profilu humanistycznym Zespo\u0142u Szk\u00f3\u0142 Ponadpodstawowych Nr 1 w Kro\u015bnie wzi\u0119li 23 marca 2026 udzia\u0142 w lekcji po\u015bwi\u0119conej om\u00f3wieniu kompetencji zawodu t\u0142umacza oraz zakresu jego pracy.<br>Zaj\u0119cia prowadzi\u0142a pani kierownik Zak\u0142adu Studi\u00f3w Dwuj\u0119zykowych mgr Anna Hycnar, kt\u00f3ra przybli\u017cy\u0142a maturzystom r\u00f3wnie\u017c, jakie kierunki studi\u00f3w s\u0105 dost\u0119pne w Instytucie Humanistycznym oraz jak wygl\u0105da oferta edukacyjna dla przysz\u0142ych student\u00f3w.<br>Dyrekcji\u00a0szko\u0142y,\u00a0nauczycielom\u00a0i\u00a0uczniom\u00a0dzi\u0119kujemy\u00a0za\u00a0mi\u0142e\u00a0przyj\u0119cie!<\/p>\n\n\n\n<figure class=\"wp-block-image size-full\"><img loading=\"lazy\" decoding=\"async\" width=\"960\" height=\"720\" src=\"https:\/\/pans.krosno.pl\/dsdt\/wp-content\/uploads\/sites\/27\/2026\/03\/Tlumacz-prezentacja-5.png\" alt=\"\" class=\"wp-image-4369\" srcset=\"https:\/\/pans.krosno.pl\/dsdt\/wp-content\/uploads\/sites\/27\/2026\/03\/Tlumacz-prezentacja-5.png 960w, https:\/\/pans.krosno.pl\/dsdt\/wp-content\/uploads\/sites\/27\/2026\/03\/Tlumacz-prezentacja-5-300x225.png 300w, https:\/\/pans.krosno.pl\/dsdt\/wp-content\/uploads\/sites\/27\/2026\/03\/Tlumacz-prezentacja-5-768x576.png 768w, https:\/\/pans.krosno.pl\/dsdt\/wp-content\/uploads\/sites\/27\/2026\/03\/Tlumacz-prezentacja-5-800x600.png 800w, https:\/\/pans.krosno.pl\/dsdt\/wp-content\/uploads\/sites\/27\/2026\/03\/Tlumacz-prezentacja-5-580x435.png 580w\" sizes=\"auto, (max-width: 960px) 100vw, 960px\" \/><\/figure>\n","protected":false},"excerpt":{"rendered":"<p>Uczniowie klasy maturalnej o profilu humanistycznym Zespo\u0142u Szk\u00f3\u0142 Ponadpodstawowych Nr 1 w Kro\u015bnie wzi\u0119li 23 marca 2026 udzia\u0142 w lekcji po\u015bwi\u0119conej om\u00f3wieniu kompetencji zawodu t\u0142umacza oraz zakresu jego pracy.Zaj\u0119cia prowadzi\u0142a pani kierownik Zak\u0142adu Studi\u00f3w Dwuj\u0119zykowych mgr Anna Hycnar, kt\u00f3ra przybli\u017cy\u0142a maturzystom r\u00f3wnie\u017c, jakie kierunki studi\u00f3w s\u0105 dost\u0119pne w Instytucie Humanistycznym [\u2026] <\/p>\n<div class=\"clear\"><\/div>\n<p><a class=\"more_link clearfix\" href=\"https:\/\/pans.krosno.pl\/dsdt\/wizyta-w-zespole-szkol-ponadpodstawowych-nr-1-im-jana-szczepanika-w-krosnie\/\" rel=\"nofollow\">Read More<\/a><\/p>\n","protected":false},"author":88,"featured_media":0,"comment_status":"closed","ping_status":"closed","sticky":false,"template":"","format":"standard","meta":{"ngg_post_thumbnail":0,"footnotes":""},"categories":[1],"tags":[],"class_list":["post-4368","post","type-post","status-publish","format-standard","hentry","category-bez-kategorii"],"yoast_head":"<!-- This site is optimized with the Yoast SEO Premium plugin v27.4 (Yoast SEO v27.4) - https:\/\/yoast.com\/product\/yoast-seo-premium-wordpress\/ -->\n<title>Wizyta w Zespole Szk\u00f3\u0142 Ponadpodstawowych Nr 1 im. Jana Szczepanika w Kro\u015bnie - Dwuj\u0119zykowe Studia dla T\u0142umaczy PANS w Kro\u015bnie<\/title>\n<meta name=\"robots\" content=\"index, follow, max-snippet:-1, max-image-preview:large, max-video-preview:-1\" \/>\n<link rel=\"canonical\" href=\"https:\/\/pans.krosno.pl\/dsdt\/wizyta-w-zespole-szkol-ponadpodstawowych-nr-1-im-jana-szczepanika-w-krosnie\/\" \/>\n<meta property=\"og:locale\" content=\"pl_PL\" \/>\n<meta property=\"og:type\" content=\"article\" \/>\n<meta property=\"og:title\" content=\"Wizyta w Zespole Szk\u00f3\u0142 Ponadpodstawowych Nr 1 im. Jana Szczepanika w Kro\u015bnie\" \/>\n<meta property=\"og:description\" content=\"Uczniowie klasy maturalnej o profilu humanistycznym Zespo\u0142u Szk\u00f3\u0142 Ponadpodstawowych Nr 1 w Kro\u015bnie wzi\u0119li 23 marca 2026 udzia\u0142 w lekcji po\u015bwi\u0119conej om\u00f3wieniu kompetencji zawodu t\u0142umacza oraz zakresu jego pracy.Zaj\u0119cia prowadzi\u0142a pani kierownik Zak\u0142adu Studi\u00f3w Dwuj\u0119zykowych mgr Anna Hycnar, kt\u00f3ra przybli\u017cy\u0142a maturzystom r\u00f3wnie\u017c, jakie kierunki studi\u00f3w s\u0105 dost\u0119pne w Instytucie Humanistycznym [\u2026] Read More\" \/>\n<meta property=\"og:url\" content=\"https:\/\/pans.krosno.pl\/dsdt\/wizyta-w-zespole-szkol-ponadpodstawowych-nr-1-im-jana-szczepanika-w-krosnie\/\" \/>\n<meta property=\"og:site_name\" content=\"Dwuj\u0119zykowe Studia dla T\u0142umaczy PANS w Kro\u015bnie\" \/>\n<meta property=\"article:published_time\" content=\"2026-03-26T11:17:17+00:00\" \/>\n<meta property=\"article:modified_time\" content=\"2026-03-26T11:17:19+00:00\" \/>\n<meta property=\"og:image\" content=\"https:\/\/pans.krosno.pl\/dsdt\/wp-content\/uploads\/sites\/27\/2026\/03\/Tlumacz-prezentacja-5.png\" \/>\n\t<meta property=\"og:image:width\" content=\"960\" \/>\n\t<meta property=\"og:image:height\" content=\"720\" \/>\n\t<meta property=\"og:image:type\" content=\"image\/png\" \/>\n<meta name=\"author\" content=\"leszekhabrat\" \/>\n<meta name=\"twitter:card\" content=\"summary_large_image\" \/>\n<meta name=\"twitter:label1\" content=\"Napisane przez\" \/>\n\t<meta name=\"twitter:data1\" content=\"leszekhabrat\" \/>\n\t<meta name=\"twitter:label2\" content=\"Szacowany czas czytania\" \/>\n\t<meta name=\"twitter:data2\" content=\"1 minuta\" \/>\n<script type=\"application\/ld+json\" class=\"yoast-schema-graph\">{\"@context\":\"https:\\\/\\\/schema.org\",\"@graph\":[{\"@type\":\"Article\",\"@id\":\"https:\\\/\\\/pans.krosno.pl\\\/dsdt\\\/wizyta-w-zespole-szkol-ponadpodstawowych-nr-1-im-jana-szczepanika-w-krosnie\\\/#article\",\"isPartOf\":{\"@id\":\"https:\\\/\\\/pans.krosno.pl\\\/dsdt\\\/wizyta-w-zespole-szkol-ponadpodstawowych-nr-1-im-jana-szczepanika-w-krosnie\\\/\"},\"author\":{\"name\":\"leszekhabrat\",\"@id\":\"https:\\\/\\\/pans.krosno.pl\\\/dsdt\\\/#\\\/schema\\\/person\\\/3b6faeb1e29cab848dedf98faa506492\"},\"headline\":\"Wizyta w Zespole Szk\u00f3\u0142 Ponadpodstawowych Nr 1 im. Jana Szczepanika w Kro\u015bnie\",\"datePublished\":\"2026-03-26T11:17:17+00:00\",\"dateModified\":\"2026-03-26T11:17:19+00:00\",\"mainEntityOfPage\":{\"@id\":\"https:\\\/\\\/pans.krosno.pl\\\/dsdt\\\/wizyta-w-zespole-szkol-ponadpodstawowych-nr-1-im-jana-szczepanika-w-krosnie\\\/\"},\"wordCount\":102,\"publisher\":{\"@id\":\"https:\\\/\\\/pans.krosno.pl\\\/dsdt\\\/#organization\"},\"image\":{\"@id\":\"https:\\\/\\\/pans.krosno.pl\\\/dsdt\\\/wizyta-w-zespole-szkol-ponadpodstawowych-nr-1-im-jana-szczepanika-w-krosnie\\\/#primaryimage\"},\"thumbnailUrl\":\"https:\\\/\\\/pans.krosno.pl\\\/dsdt\\\/wp-content\\\/uploads\\\/sites\\\/27\\\/2026\\\/03\\\/Tlumacz-prezentacja-5.png\",\"inLanguage\":\"pl-PL\"},{\"@type\":\"WebPage\",\"@id\":\"https:\\\/\\\/pans.krosno.pl\\\/dsdt\\\/wizyta-w-zespole-szkol-ponadpodstawowych-nr-1-im-jana-szczepanika-w-krosnie\\\/\",\"url\":\"https:\\\/\\\/pans.krosno.pl\\\/dsdt\\\/wizyta-w-zespole-szkol-ponadpodstawowych-nr-1-im-jana-szczepanika-w-krosnie\\\/\",\"name\":\"Wizyta w Zespole Szk\u00f3\u0142 Ponadpodstawowych Nr 1 im. Jana Szczepanika w Kro\u015bnie - Dwuj\u0119zykowe Studia dla T\u0142umaczy PANS w Kro\u015bnie\",\"isPartOf\":{\"@id\":\"https:\\\/\\\/pans.krosno.pl\\\/dsdt\\\/#website\"},\"primaryImageOfPage\":{\"@id\":\"https:\\\/\\\/pans.krosno.pl\\\/dsdt\\\/wizyta-w-zespole-szkol-ponadpodstawowych-nr-1-im-jana-szczepanika-w-krosnie\\\/#primaryimage\"},\"image\":{\"@id\":\"https:\\\/\\\/pans.krosno.pl\\\/dsdt\\\/wizyta-w-zespole-szkol-ponadpodstawowych-nr-1-im-jana-szczepanika-w-krosnie\\\/#primaryimage\"},\"thumbnailUrl\":\"https:\\\/\\\/pans.krosno.pl\\\/dsdt\\\/wp-content\\\/uploads\\\/sites\\\/27\\\/2026\\\/03\\\/Tlumacz-prezentacja-5.png\",\"datePublished\":\"2026-03-26T11:17:17+00:00\",\"dateModified\":\"2026-03-26T11:17:19+00:00\",\"breadcrumb\":{\"@id\":\"https:\\\/\\\/pans.krosno.pl\\\/dsdt\\\/wizyta-w-zespole-szkol-ponadpodstawowych-nr-1-im-jana-szczepanika-w-krosnie\\\/#breadcrumb\"},\"inLanguage\":\"pl-PL\",\"potentialAction\":[{\"@type\":\"ReadAction\",\"target\":[\"https:\\\/\\\/pans.krosno.pl\\\/dsdt\\\/wizyta-w-zespole-szkol-ponadpodstawowych-nr-1-im-jana-szczepanika-w-krosnie\\\/\"]}]},{\"@type\":\"ImageObject\",\"inLanguage\":\"pl-PL\",\"@id\":\"https:\\\/\\\/pans.krosno.pl\\\/dsdt\\\/wizyta-w-zespole-szkol-ponadpodstawowych-nr-1-im-jana-szczepanika-w-krosnie\\\/#primaryimage\",\"url\":\"https:\\\/\\\/pans.krosno.pl\\\/dsdt\\\/wp-content\\\/uploads\\\/sites\\\/27\\\/2026\\\/03\\\/Tlumacz-prezentacja-5.png\",\"contentUrl\":\"https:\\\/\\\/pans.krosno.pl\\\/dsdt\\\/wp-content\\\/uploads\\\/sites\\\/27\\\/2026\\\/03\\\/Tlumacz-prezentacja-5.png\",\"width\":960,\"height\":720},{\"@type\":\"BreadcrumbList\",\"@id\":\"https:\\\/\\\/pans.krosno.pl\\\/dsdt\\\/wizyta-w-zespole-szkol-ponadpodstawowych-nr-1-im-jana-szczepanika-w-krosnie\\\/#breadcrumb\",\"itemListElement\":[{\"@type\":\"ListItem\",\"position\":1,\"name\":\"Strona g\u0142\u00f3wna\",\"item\":\"https:\\\/\\\/pans.krosno.pl\\\/dsdt\\\/\"},{\"@type\":\"ListItem\",\"position\":2,\"name\":\"Wizyta w Zespole Szk\u00f3\u0142 Ponadpodstawowych Nr 1 im. Jana Szczepanika w Kro\u015bnie\"}]},{\"@type\":\"WebSite\",\"@id\":\"https:\\\/\\\/pans.krosno.pl\\\/dsdt\\\/#website\",\"url\":\"https:\\\/\\\/pans.krosno.pl\\\/dsdt\\\/\",\"name\":\"Dwuj\u0119zykowe Studia dla T\u0142umaczy PANS w Kro\u015bnie\",\"description\":\"Dwuj\u0119zykowe Studia dla T\u0142umaczy - Pa\u0144stwowa Akademia Nauk Stosowanych\",\"publisher\":{\"@id\":\"https:\\\/\\\/pans.krosno.pl\\\/dsdt\\\/#organization\"},\"potentialAction\":[{\"@type\":\"SearchAction\",\"target\":{\"@type\":\"EntryPoint\",\"urlTemplate\":\"https:\\\/\\\/pans.krosno.pl\\\/dsdt\\\/?s={search_term_string}\"},\"query-input\":{\"@type\":\"PropertyValueSpecification\",\"valueRequired\":true,\"valueName\":\"search_term_string\"}}],\"inLanguage\":\"pl-PL\"},{\"@type\":\"Organization\",\"@id\":\"https:\\\/\\\/pans.krosno.pl\\\/dsdt\\\/#organization\",\"name\":\"Dwuj\u0119zykowe Studia dla T\u0142umaczy PANS w Kro\u015bnie\",\"url\":\"https:\\\/\\\/pans.krosno.pl\\\/dsdt\\\/\",\"logo\":{\"@type\":\"ImageObject\",\"inLanguage\":\"pl-PL\",\"@id\":\"https:\\\/\\\/pans.krosno.pl\\\/dsdt\\\/#\\\/schema\\\/logo\\\/image\\\/\",\"url\":\"https:\\\/\\\/pans.krosno.pl\\\/dsdt\\\/wp-content\\\/uploads\\\/sites\\\/27\\\/2023\\\/01\\\/Logo-PANS-2022-pelne.png\",\"contentUrl\":\"https:\\\/\\\/pans.krosno.pl\\\/dsdt\\\/wp-content\\\/uploads\\\/sites\\\/27\\\/2023\\\/01\\\/Logo-PANS-2022-pelne.png\",\"width\":3096,\"height\":696,\"caption\":\"Dwuj\u0119zykowe Studia dla T\u0142umaczy PANS w Kro\u015bnie\"},\"image\":{\"@id\":\"https:\\\/\\\/pans.krosno.pl\\\/dsdt\\\/#\\\/schema\\\/logo\\\/image\\\/\"}},{\"@type\":\"Person\",\"@id\":\"https:\\\/\\\/pans.krosno.pl\\\/dsdt\\\/#\\\/schema\\\/person\\\/3b6faeb1e29cab848dedf98faa506492\",\"name\":\"leszekhabrat\",\"image\":{\"@type\":\"ImageObject\",\"inLanguage\":\"pl-PL\",\"@id\":\"https:\\\/\\\/secure.gravatar.com\\\/avatar\\\/a9150664a8a5318dbce73a9520eb11ca04a28f6129b7a191d9b4976e6cae5a8c?s=96&d=mm&r=g\",\"url\":\"https:\\\/\\\/secure.gravatar.com\\\/avatar\\\/a9150664a8a5318dbce73a9520eb11ca04a28f6129b7a191d9b4976e6cae5a8c?s=96&d=mm&r=g\",\"contentUrl\":\"https:\\\/\\\/secure.gravatar.com\\\/avatar\\\/a9150664a8a5318dbce73a9520eb11ca04a28f6129b7a191d9b4976e6cae5a8c?s=96&d=mm&r=g\",\"caption\":\"leszekhabrat\"},\"url\":\"https:\\\/\\\/pans.krosno.pl\\\/dsdt\\\/author\\\/leszekhabrat\\\/\"}]}<\/script>\n<!-- \/ Yoast SEO Premium plugin. -->","yoast_head_json":{"title":"Wizyta w Zespole Szk\u00f3\u0142 Ponadpodstawowych Nr 1 im. Jana Szczepanika w Kro\u015bnie - Dwuj\u0119zykowe Studia dla T\u0142umaczy PANS w Kro\u015bnie","robots":{"index":"index","follow":"follow","max-snippet":"max-snippet:-1","max-image-preview":"max-image-preview:large","max-video-preview":"max-video-preview:-1"},"canonical":"https:\/\/pans.krosno.pl\/dsdt\/wizyta-w-zespole-szkol-ponadpodstawowych-nr-1-im-jana-szczepanika-w-krosnie\/","og_locale":"pl_PL","og_type":"article","og_title":"Wizyta w Zespole Szk\u00f3\u0142 Ponadpodstawowych Nr 1 im. Jana Szczepanika w Kro\u015bnie","og_description":"Uczniowie klasy maturalnej o profilu humanistycznym Zespo\u0142u Szk\u00f3\u0142 Ponadpodstawowych Nr 1 w Kro\u015bnie wzi\u0119li 23 marca 2026 udzia\u0142 w lekcji po\u015bwi\u0119conej om\u00f3wieniu kompetencji zawodu t\u0142umacza oraz zakresu jego pracy.Zaj\u0119cia prowadzi\u0142a pani kierownik Zak\u0142adu Studi\u00f3w Dwuj\u0119zykowych mgr Anna Hycnar, kt\u00f3ra przybli\u017cy\u0142a maturzystom r\u00f3wnie\u017c, jakie kierunki studi\u00f3w s\u0105 dost\u0119pne w Instytucie Humanistycznym [\u2026] Read More","og_url":"https:\/\/pans.krosno.pl\/dsdt\/wizyta-w-zespole-szkol-ponadpodstawowych-nr-1-im-jana-szczepanika-w-krosnie\/","og_site_name":"Dwuj\u0119zykowe Studia dla T\u0142umaczy PANS w Kro\u015bnie","article_published_time":"2026-03-26T11:17:17+00:00","article_modified_time":"2026-03-26T11:17:19+00:00","og_image":[{"width":960,"height":720,"url":"https:\/\/pans.krosno.pl\/dsdt\/wp-content\/uploads\/sites\/27\/2026\/03\/Tlumacz-prezentacja-5.png","type":"image\/png"}],"author":"leszekhabrat","twitter_card":"summary_large_image","twitter_misc":{"Napisane przez":"leszekhabrat","Szacowany czas czytania":"1 minuta"},"schema":{"@context":"https:\/\/schema.org","@graph":[{"@type":"Article","@id":"https:\/\/pans.krosno.pl\/dsdt\/wizyta-w-zespole-szkol-ponadpodstawowych-nr-1-im-jana-szczepanika-w-krosnie\/#article","isPartOf":{"@id":"https:\/\/pans.krosno.pl\/dsdt\/wizyta-w-zespole-szkol-ponadpodstawowych-nr-1-im-jana-szczepanika-w-krosnie\/"},"author":{"name":"leszekhabrat","@id":"https:\/\/pans.krosno.pl\/dsdt\/#\/schema\/person\/3b6faeb1e29cab848dedf98faa506492"},"headline":"Wizyta w Zespole Szk\u00f3\u0142 Ponadpodstawowych Nr 1 im. Jana Szczepanika w Kro\u015bnie","datePublished":"2026-03-26T11:17:17+00:00","dateModified":"2026-03-26T11:17:19+00:00","mainEntityOfPage":{"@id":"https:\/\/pans.krosno.pl\/dsdt\/wizyta-w-zespole-szkol-ponadpodstawowych-nr-1-im-jana-szczepanika-w-krosnie\/"},"wordCount":102,"publisher":{"@id":"https:\/\/pans.krosno.pl\/dsdt\/#organization"},"image":{"@id":"https:\/\/pans.krosno.pl\/dsdt\/wizyta-w-zespole-szkol-ponadpodstawowych-nr-1-im-jana-szczepanika-w-krosnie\/#primaryimage"},"thumbnailUrl":"https:\/\/pans.krosno.pl\/dsdt\/wp-content\/uploads\/sites\/27\/2026\/03\/Tlumacz-prezentacja-5.png","inLanguage":"pl-PL"},{"@type":"WebPage","@id":"https:\/\/pans.krosno.pl\/dsdt\/wizyta-w-zespole-szkol-ponadpodstawowych-nr-1-im-jana-szczepanika-w-krosnie\/","url":"https:\/\/pans.krosno.pl\/dsdt\/wizyta-w-zespole-szkol-ponadpodstawowych-nr-1-im-jana-szczepanika-w-krosnie\/","name":"Wizyta w Zespole Szk\u00f3\u0142 Ponadpodstawowych Nr 1 im. Jana Szczepanika w Kro\u015bnie - Dwuj\u0119zykowe Studia dla T\u0142umaczy PANS w Kro\u015bnie","isPartOf":{"@id":"https:\/\/pans.krosno.pl\/dsdt\/#website"},"primaryImageOfPage":{"@id":"https:\/\/pans.krosno.pl\/dsdt\/wizyta-w-zespole-szkol-ponadpodstawowych-nr-1-im-jana-szczepanika-w-krosnie\/#primaryimage"},"image":{"@id":"https:\/\/pans.krosno.pl\/dsdt\/wizyta-w-zespole-szkol-ponadpodstawowych-nr-1-im-jana-szczepanika-w-krosnie\/#primaryimage"},"thumbnailUrl":"https:\/\/pans.krosno.pl\/dsdt\/wp-content\/uploads\/sites\/27\/2026\/03\/Tlumacz-prezentacja-5.png","datePublished":"2026-03-26T11:17:17+00:00","dateModified":"2026-03-26T11:17:19+00:00","breadcrumb":{"@id":"https:\/\/pans.krosno.pl\/dsdt\/wizyta-w-zespole-szkol-ponadpodstawowych-nr-1-im-jana-szczepanika-w-krosnie\/#breadcrumb"},"inLanguage":"pl-PL","potentialAction":[{"@type":"ReadAction","target":["https:\/\/pans.krosno.pl\/dsdt\/wizyta-w-zespole-szkol-ponadpodstawowych-nr-1-im-jana-szczepanika-w-krosnie\/"]}]},{"@type":"ImageObject","inLanguage":"pl-PL","@id":"https:\/\/pans.krosno.pl\/dsdt\/wizyta-w-zespole-szkol-ponadpodstawowych-nr-1-im-jana-szczepanika-w-krosnie\/#primaryimage","url":"https:\/\/pans.krosno.pl\/dsdt\/wp-content\/uploads\/sites\/27\/2026\/03\/Tlumacz-prezentacja-5.png","contentUrl":"https:\/\/pans.krosno.pl\/dsdt\/wp-content\/uploads\/sites\/27\/2026\/03\/Tlumacz-prezentacja-5.png","width":960,"height":720},{"@type":"BreadcrumbList","@id":"https:\/\/pans.krosno.pl\/dsdt\/wizyta-w-zespole-szkol-ponadpodstawowych-nr-1-im-jana-szczepanika-w-krosnie\/#breadcrumb","itemListElement":[{"@type":"ListItem","position":1,"name":"Strona g\u0142\u00f3wna","item":"https:\/\/pans.krosno.pl\/dsdt\/"},{"@type":"ListItem","position":2,"name":"Wizyta w Zespole Szk\u00f3\u0142 Ponadpodstawowych Nr 1 im. Jana Szczepanika w Kro\u015bnie"}]},{"@type":"WebSite","@id":"https:\/\/pans.krosno.pl\/dsdt\/#website","url":"https:\/\/pans.krosno.pl\/dsdt\/","name":"Dwuj\u0119zykowe Studia dla T\u0142umaczy PANS w Kro\u015bnie","description":"Dwuj\u0119zykowe Studia dla T\u0142umaczy - Pa\u0144stwowa Akademia Nauk Stosowanych","publisher":{"@id":"https:\/\/pans.krosno.pl\/dsdt\/#organization"},"potentialAction":[{"@type":"SearchAction","target":{"@type":"EntryPoint","urlTemplate":"https:\/\/pans.krosno.pl\/dsdt\/?s={search_term_string}"},"query-input":{"@type":"PropertyValueSpecification","valueRequired":true,"valueName":"search_term_string"}}],"inLanguage":"pl-PL"},{"@type":"Organization","@id":"https:\/\/pans.krosno.pl\/dsdt\/#organization","name":"Dwuj\u0119zykowe Studia dla T\u0142umaczy PANS w Kro\u015bnie","url":"https:\/\/pans.krosno.pl\/dsdt\/","logo":{"@type":"ImageObject","inLanguage":"pl-PL","@id":"https:\/\/pans.krosno.pl\/dsdt\/#\/schema\/logo\/image\/","url":"https:\/\/pans.krosno.pl\/dsdt\/wp-content\/uploads\/sites\/27\/2023\/01\/Logo-PANS-2022-pelne.png","contentUrl":"https:\/\/pans.krosno.pl\/dsdt\/wp-content\/uploads\/sites\/27\/2023\/01\/Logo-PANS-2022-pelne.png","width":3096,"height":696,"caption":"Dwuj\u0119zykowe Studia dla T\u0142umaczy PANS w Kro\u015bnie"},"image":{"@id":"https:\/\/pans.krosno.pl\/dsdt\/#\/schema\/logo\/image\/"}},{"@type":"Person","@id":"https:\/\/pans.krosno.pl\/dsdt\/#\/schema\/person\/3b6faeb1e29cab848dedf98faa506492","name":"leszekhabrat","image":{"@type":"ImageObject","inLanguage":"pl-PL","@id":"https:\/\/secure.gravatar.com\/avatar\/a9150664a8a5318dbce73a9520eb11ca04a28f6129b7a191d9b4976e6cae5a8c?s=96&d=mm&r=g","url":"https:\/\/secure.gravatar.com\/avatar\/a9150664a8a5318dbce73a9520eb11ca04a28f6129b7a191d9b4976e6cae5a8c?s=96&d=mm&r=g","contentUrl":"https:\/\/secure.gravatar.com\/avatar\/a9150664a8a5318dbce73a9520eb11ca04a28f6129b7a191d9b4976e6cae5a8c?s=96&d=mm&r=g","caption":"leszekhabrat"},"url":"https:\/\/pans.krosno.pl\/dsdt\/author\/leszekhabrat\/"}]}},"_links":{"self":[{"href":"https:\/\/pans.krosno.pl\/dsdt\/wp-json\/wp\/v2\/posts\/4368","targetHints":{"allow":["GET"]}}],"collection":[{"href":"https:\/\/pans.krosno.pl\/dsdt\/wp-json\/wp\/v2\/posts"}],"about":[{"href":"https:\/\/pans.krosno.pl\/dsdt\/wp-json\/wp\/v2\/types\/post"}],"author":[{"embeddable":true,"href":"https:\/\/pans.krosno.pl\/dsdt\/wp-json\/wp\/v2\/users\/88"}],"replies":[{"embeddable":true,"href":"https:\/\/pans.krosno.pl\/dsdt\/wp-json\/wp\/v2\/comments?post=4368"}],"version-history":[{"count":1,"href":"https:\/\/pans.krosno.pl\/dsdt\/wp-json\/wp\/v2\/posts\/4368\/revisions"}],"predecessor-version":[{"id":4370,"href":"https:\/\/pans.krosno.pl\/dsdt\/wp-json\/wp\/v2\/posts\/4368\/revisions\/4370"}],"wp:attachment":[{"href":"https:\/\/pans.krosno.pl\/dsdt\/wp-json\/wp\/v2\/media?parent=4368"}],"wp:term":[{"taxonomy":"category","embeddable":true,"href":"https:\/\/pans.krosno.pl\/dsdt\/wp-json\/wp\/v2\/categories?post=4368"},{"taxonomy":"post_tag","embeddable":true,"href":"https:\/\/pans.krosno.pl\/dsdt\/wp-json\/wp\/v2\/tags?post=4368"}],"curies":[{"name":"wp","href":"https:\/\/api.w.org\/{rel}","templated":true}]}}