{"id":3225,"date":"2024-06-04T21:33:31","date_gmt":"2024-06-04T19:33:31","guid":{"rendered":"https:\/\/pans.krosno.pl\/dsdt\/?p=3225"},"modified":"2024-06-04T21:33:33","modified_gmt":"2024-06-04T19:33:33","slug":"studenckie-warsztaty-lumaczeniowe","status":"publish","type":"post","link":"https:\/\/pans.krosno.pl\/dsdt\/studenckie-warsztaty-lumaczeniowe\/","title":{"rendered":"Studenckie warsztaty \u0142umaczeniowe"},"content":{"rendered":"\n<p>24 maja 2024 r. cz\u0142onkowie ko\u0142a naukowego ,,Przek\u0142adka\u2019\u2019 mieli okazj\u0119 i przyjemno\u015b\u0107 uczestniczy\u0107 w siedemnastych studenckich warsztatach t\u0142umaczeniowych ,,<strong><em>Biografie przek\u0142adu<\/em><\/strong>\u2019\u2019, kt\u00f3re odby\u0142y si\u0119 w Piwnicach Pa\u0142acu Potockich w Krakowie.<\/p>\n\n\n\n<p>Dzi\u0119ki spotkaniu z Agnieszk\u0105 G\u00f3rn\u0105- absolwentk\u0105 filologii polskiej na specjalno\u015bci przek\u0142adowej z Uniwersytetu im. Adama Mickiewicza w Poznaniu podczas warsztatu <em>,,P\u0105sy, westchnienia i omdlenia. Emocje powie\u015bci gotyckiej w t\u0142umaczeniu\u2019\u2019<\/em> uczestnicy mieli mo\u017cliwo\u015b\u0107 poszerzenia swojej wiedzy na temat przek\u0142adu literatury gotyckiej.<\/p>\n\n\n\n<p>T\u0142umaczone by\u0142y fragmenty z trzech powie\u015bci:<\/p>\n\n\n\n<p>\u201e<em>Dracula<\/em>\u2019\u2019 Brama Stokera, ,,<em>The Mysteries of Udolpho<\/em>\u2019\u2019 Ann Radcliffe oraz ,,<em>The Castle of Otranto<\/em>\u2019\u2019 autorstwa Horacego Walpole\u2019a.<\/p>\n\n\n\n<p>Zebrani po przet\u0142umaczeniu tekst\u00f3w wymienili si\u0119 swoimi spostrze\u017ceniami, co pozwoli\u0142o na zaczerpni\u0119cie inspiracji od innych i spojrzenie na w\u0142asny przek\u0142ad z innej perspektywy.<\/p>\n\n\n\n<p>Drugi z wyk\u0142ad\u00f3w-,, Czes\u0142aw<em> Mi\u0142osz \u2018s Career in Translation and Self- Translation<\/em>\u2019\u2019 wyg\u0142oszony zosta\u0142 w j\u0119zyku angielskim przez Stanleya Billa- profesora i dyrektora Programu Studi\u00f3w Polskich na Uniwersytecie&nbsp; Cambridge. Opowiada\u0142 on w spos\u00f3b interesuj\u0105cy o tw\u00f3rczo\u015bci polskiego poety Czes\u0142awa Mi\u0142osza.<\/p>\n\n\n\n<p>Ostatnie wyst\u0105pienie, w kt\u00f3rym cz\u0142onkowie ko\u0142a wzi\u0119li udzia\u0142 zosta\u0142o poprowadzone przez kierowniczk\u0119 specjalno\u015bci przek\u0142adowej na polonistycznych studiach magisterskich na Uniwersytecie im. Adama Mickiewicza w Poznaniu- Ew\u0119 Rajewsk\u0105 pod tytu\u0142em ,,<em>Wy- t\u0142umaczenia t\u0142umaczy. Od manifestu do autobiografii<\/em>\u2019\u2019. Dotyczy\u0142o ono t\u0142umaczenia si\u0119 z t\u0142umacze\u0144.<\/p>\n\n\n\n<p>Po zako\u0144czonych wyk\u0142adach ka\u017cdy mia\u0142 mo\u017cliwo\u015b\u0107 zadania pytania czy porozmawiania z zaproszonymi go\u015b\u0107mi.<\/p>\n\n\n\n<figure class=\"wp-block-gallery has-nested-images columns-default is-cropped wp-block-gallery-1 is-layout-flex wp-block-gallery-is-layout-flex\">\n<figure class=\"wp-block-image size-large\"><img loading=\"lazy\" decoding=\"async\" width=\"1024\" height=\"768\" data-id=\"3229\" src=\"https:\/\/pans.krosno.pl\/dsdt\/wp-content\/uploads\/sites\/27\/2024\/06\/received_987607949619495-1024x768.jpeg\" alt=\"\" class=\"wp-image-3229\" srcset=\"https:\/\/pans.krosno.pl\/dsdt\/wp-content\/uploads\/sites\/27\/2024\/06\/received_987607949619495-1024x768.jpeg 1024w, https:\/\/pans.krosno.pl\/dsdt\/wp-content\/uploads\/sites\/27\/2024\/06\/received_987607949619495-300x225.jpeg 300w, https:\/\/pans.krosno.pl\/dsdt\/wp-content\/uploads\/sites\/27\/2024\/06\/received_987607949619495-768x576.jpeg 768w, https:\/\/pans.krosno.pl\/dsdt\/wp-content\/uploads\/sites\/27\/2024\/06\/received_987607949619495-1536x1152.jpeg 1536w, https:\/\/pans.krosno.pl\/dsdt\/wp-content\/uploads\/sites\/27\/2024\/06\/received_987607949619495-2000x1500.jpeg 2000w, https:\/\/pans.krosno.pl\/dsdt\/wp-content\/uploads\/sites\/27\/2024\/06\/received_987607949619495-800x600.jpeg 800w, https:\/\/pans.krosno.pl\/dsdt\/wp-content\/uploads\/sites\/27\/2024\/06\/received_987607949619495-580x435.jpeg 580w, https:\/\/pans.krosno.pl\/dsdt\/wp-content\/uploads\/sites\/27\/2024\/06\/received_987607949619495.jpeg 2048w\" sizes=\"auto, (max-width: 1024px) 100vw, 1024px\" \/><\/figure>\n\n\n\n<figure class=\"wp-block-image size-large\"><img loading=\"lazy\" decoding=\"async\" width=\"1024\" height=\"576\" data-id=\"3226\" src=\"https:\/\/pans.krosno.pl\/dsdt\/wp-content\/uploads\/sites\/27\/2024\/06\/received_485025790531840-1024x576.jpeg\" alt=\"\" class=\"wp-image-3226\" srcset=\"https:\/\/pans.krosno.pl\/dsdt\/wp-content\/uploads\/sites\/27\/2024\/06\/received_485025790531840-1024x576.jpeg 1024w, https:\/\/pans.krosno.pl\/dsdt\/wp-content\/uploads\/sites\/27\/2024\/06\/received_485025790531840-300x169.jpeg 300w, https:\/\/pans.krosno.pl\/dsdt\/wp-content\/uploads\/sites\/27\/2024\/06\/received_485025790531840-768x432.jpeg 768w, https:\/\/pans.krosno.pl\/dsdt\/wp-content\/uploads\/sites\/27\/2024\/06\/received_485025790531840-1536x864.jpeg 1536w, https:\/\/pans.krosno.pl\/dsdt\/wp-content\/uploads\/sites\/27\/2024\/06\/received_485025790531840-800x450.jpeg 800w, https:\/\/pans.krosno.pl\/dsdt\/wp-content\/uploads\/sites\/27\/2024\/06\/received_485025790531840-270x152.jpeg 270w, https:\/\/pans.krosno.pl\/dsdt\/wp-content\/uploads\/sites\/27\/2024\/06\/received_485025790531840-580x326.jpeg 580w, https:\/\/pans.krosno.pl\/dsdt\/wp-content\/uploads\/sites\/27\/2024\/06\/received_485025790531840.jpeg 2000w\" sizes=\"auto, (max-width: 1024px) 100vw, 1024px\" \/><\/figure>\n\n\n\n<figure class=\"wp-block-image size-large\"><img loading=\"lazy\" decoding=\"async\" width=\"769\" height=\"1024\" data-id=\"3228\" src=\"https:\/\/pans.krosno.pl\/dsdt\/wp-content\/uploads\/sites\/27\/2024\/06\/received_436137002508985-769x1024.jpeg\" alt=\"\" class=\"wp-image-3228\" srcset=\"https:\/\/pans.krosno.pl\/dsdt\/wp-content\/uploads\/sites\/27\/2024\/06\/received_436137002508985-769x1024.jpeg 769w, https:\/\/pans.krosno.pl\/dsdt\/wp-content\/uploads\/sites\/27\/2024\/06\/received_436137002508985-225x300.jpeg 225w, https:\/\/pans.krosno.pl\/dsdt\/wp-content\/uploads\/sites\/27\/2024\/06\/received_436137002508985-768x1023.jpeg 768w, https:\/\/pans.krosno.pl\/dsdt\/wp-content\/uploads\/sites\/27\/2024\/06\/received_436137002508985-1154x1536.jpeg 1154w, https:\/\/pans.krosno.pl\/dsdt\/wp-content\/uploads\/sites\/27\/2024\/06\/received_436137002508985-800x1065.jpeg 800w, https:\/\/pans.krosno.pl\/dsdt\/wp-content\/uploads\/sites\/27\/2024\/06\/received_436137002508985-580x772.jpeg 580w, https:\/\/pans.krosno.pl\/dsdt\/wp-content\/uploads\/sites\/27\/2024\/06\/received_436137002508985.jpeg 1538w\" sizes=\"auto, (max-width: 769px) 100vw, 769px\" \/><\/figure>\n\n\n\n<figure class=\"wp-block-image size-large\"><img loading=\"lazy\" decoding=\"async\" width=\"769\" height=\"1024\" data-id=\"3230\" src=\"https:\/\/pans.krosno.pl\/dsdt\/wp-content\/uploads\/sites\/27\/2024\/06\/received_1505143907101355-769x1024.jpeg\" alt=\"\" class=\"wp-image-3230\" srcset=\"https:\/\/pans.krosno.pl\/dsdt\/wp-content\/uploads\/sites\/27\/2024\/06\/received_1505143907101355-769x1024.jpeg 769w, https:\/\/pans.krosno.pl\/dsdt\/wp-content\/uploads\/sites\/27\/2024\/06\/received_1505143907101355-225x300.jpeg 225w, https:\/\/pans.krosno.pl\/dsdt\/wp-content\/uploads\/sites\/27\/2024\/06\/received_1505143907101355-768x1023.jpeg 768w, https:\/\/pans.krosno.pl\/dsdt\/wp-content\/uploads\/sites\/27\/2024\/06\/received_1505143907101355-1154x1536.jpeg 1154w, https:\/\/pans.krosno.pl\/dsdt\/wp-content\/uploads\/sites\/27\/2024\/06\/received_1505143907101355-800x1065.jpeg 800w, https:\/\/pans.krosno.pl\/dsdt\/wp-content\/uploads\/sites\/27\/2024\/06\/received_1505143907101355-580x772.jpeg 580w, https:\/\/pans.krosno.pl\/dsdt\/wp-content\/uploads\/sites\/27\/2024\/06\/received_1505143907101355.jpeg 1538w\" sizes=\"auto, (max-width: 769px) 100vw, 769px\" \/><\/figure>\n\n\n\n<figure class=\"wp-block-image size-large\"><img loading=\"lazy\" decoding=\"async\" width=\"1024\" height=\"768\" data-id=\"3227\" src=\"https:\/\/pans.krosno.pl\/dsdt\/wp-content\/uploads\/sites\/27\/2024\/06\/received_968987888283507-1024x768.jpeg\" alt=\"\" class=\"wp-image-3227\" srcset=\"https:\/\/pans.krosno.pl\/dsdt\/wp-content\/uploads\/sites\/27\/2024\/06\/received_968987888283507-1024x768.jpeg 1024w, https:\/\/pans.krosno.pl\/dsdt\/wp-content\/uploads\/sites\/27\/2024\/06\/received_968987888283507-300x225.jpeg 300w, https:\/\/pans.krosno.pl\/dsdt\/wp-content\/uploads\/sites\/27\/2024\/06\/received_968987888283507-768x576.jpeg 768w, https:\/\/pans.krosno.pl\/dsdt\/wp-content\/uploads\/sites\/27\/2024\/06\/received_968987888283507-1536x1152.jpeg 1536w, https:\/\/pans.krosno.pl\/dsdt\/wp-content\/uploads\/sites\/27\/2024\/06\/received_968987888283507-800x600.jpeg 800w, https:\/\/pans.krosno.pl\/dsdt\/wp-content\/uploads\/sites\/27\/2024\/06\/received_968987888283507-580x435.jpeg 580w, https:\/\/pans.krosno.pl\/dsdt\/wp-content\/uploads\/sites\/27\/2024\/06\/received_968987888283507.jpeg 1632w\" sizes=\"auto, (max-width: 1024px) 100vw, 1024px\" \/><\/figure>\n\n\n\n<figure class=\"wp-block-image size-large\"><img loading=\"lazy\" decoding=\"async\" width=\"528\" height=\"1024\" data-id=\"3231\" src=\"https:\/\/pans.krosno.pl\/dsdt\/wp-content\/uploads\/sites\/27\/2024\/06\/IMG_20240603_225349-528x1024.jpg\" alt=\"\" class=\"wp-image-3231\" srcset=\"https:\/\/pans.krosno.pl\/dsdt\/wp-content\/uploads\/sites\/27\/2024\/06\/IMG_20240603_225349-528x1024.jpg 528w, https:\/\/pans.krosno.pl\/dsdt\/wp-content\/uploads\/sites\/27\/2024\/06\/IMG_20240603_225349-155x300.jpg 155w, https:\/\/pans.krosno.pl\/dsdt\/wp-content\/uploads\/sites\/27\/2024\/06\/IMG_20240603_225349-768x1489.jpg 768w, https:\/\/pans.krosno.pl\/dsdt\/wp-content\/uploads\/sites\/27\/2024\/06\/IMG_20240603_225349-792x1536.jpg 792w, https:\/\/pans.krosno.pl\/dsdt\/wp-content\/uploads\/sites\/27\/2024\/06\/IMG_20240603_225349-800x1551.jpg 800w, https:\/\/pans.krosno.pl\/dsdt\/wp-content\/uploads\/sites\/27\/2024\/06\/IMG_20240603_225349-580x1124.jpg 580w, https:\/\/pans.krosno.pl\/dsdt\/wp-content\/uploads\/sites\/27\/2024\/06\/IMG_20240603_225349.jpg 842w\" sizes=\"auto, (max-width: 528px) 100vw, 528px\" \/><\/figure>\n<\/figure>\n\n\n\n<figure class=\"wp-block-image size-large\"><img loading=\"lazy\" decoding=\"async\" width=\"1024\" height=\"768\" src=\"https:\/\/pans.krosno.pl\/dsdt\/wp-content\/uploads\/sites\/27\/2024\/06\/received_467890122394535-1024x768.jpeg\" alt=\"\" class=\"wp-image-3232\" srcset=\"https:\/\/pans.krosno.pl\/dsdt\/wp-content\/uploads\/sites\/27\/2024\/06\/received_467890122394535-1024x768.jpeg 1024w, https:\/\/pans.krosno.pl\/dsdt\/wp-content\/uploads\/sites\/27\/2024\/06\/received_467890122394535-300x225.jpeg 300w, https:\/\/pans.krosno.pl\/dsdt\/wp-content\/uploads\/sites\/27\/2024\/06\/received_467890122394535-768x576.jpeg 768w, https:\/\/pans.krosno.pl\/dsdt\/wp-content\/uploads\/sites\/27\/2024\/06\/received_467890122394535-1536x1152.jpeg 1536w, https:\/\/pans.krosno.pl\/dsdt\/wp-content\/uploads\/sites\/27\/2024\/06\/received_467890122394535-2000x1500.jpeg 2000w, https:\/\/pans.krosno.pl\/dsdt\/wp-content\/uploads\/sites\/27\/2024\/06\/received_467890122394535-800x600.jpeg 800w, https:\/\/pans.krosno.pl\/dsdt\/wp-content\/uploads\/sites\/27\/2024\/06\/received_467890122394535-580x435.jpeg 580w, https:\/\/pans.krosno.pl\/dsdt\/wp-content\/uploads\/sites\/27\/2024\/06\/received_467890122394535.jpeg 2048w\" sizes=\"auto, (max-width: 1024px) 100vw, 1024px\" \/><\/figure>\n","protected":false},"excerpt":{"rendered":"<p>24 maja 2024 r. cz\u0142onkowie ko\u0142a naukowego ,,Przek\u0142adka\u2019\u2019 mieli okazj\u0119 i przyjemno\u015b\u0107 uczestniczy\u0107 w siedemnastych studenckich warsztatach t\u0142umaczeniowych ,,Biografie przek\u0142adu\u2019\u2019, kt\u00f3re odby\u0142y si\u0119 w Piwnicach Pa\u0142acu Potockich w Krakowie. Dzi\u0119ki spotkaniu z Agnieszk\u0105 G\u00f3rn\u0105- absolwentk\u0105 filologii polskiej na specjalno\u015bci przek\u0142adowej z Uniwersytetu im. Adama Mickiewicza w Poznaniu podczas warsztatu ,,P\u0105sy, [\u2026] <\/p>\n<div class=\"clear\"><\/div>\n<p><a class=\"more_link clearfix\" href=\"https:\/\/pans.krosno.pl\/dsdt\/studenckie-warsztaty-lumaczeniowe\/\" rel=\"nofollow\">Read More<\/a><\/p>\n","protected":false},"author":88,"featured_media":3229,"comment_status":"closed","ping_status":"closed","sticky":false,"template":"","format":"standard","meta":{"ngg_post_thumbnail":0,"footnotes":""},"categories":[1],"tags":[],"class_list":["post-3225","post","type-post","status-publish","format-standard","has-post-thumbnail","hentry","category-bez-kategorii"],"yoast_head":"<!-- This site is optimized with the Yoast SEO Premium plugin v27.4 (Yoast SEO v27.4) - https:\/\/yoast.com\/product\/yoast-seo-premium-wordpress\/ -->\n<title>Studenckie warsztaty \u0142umaczeniowe - Dwuj\u0119zykowe Studia dla T\u0142umaczy PANS w Kro\u015bnie<\/title>\n<meta name=\"robots\" content=\"index, follow, max-snippet:-1, max-image-preview:large, max-video-preview:-1\" \/>\n<link rel=\"canonical\" href=\"https:\/\/pans.krosno.pl\/dsdt\/studenckie-warsztaty-lumaczeniowe\/\" \/>\n<meta property=\"og:locale\" content=\"pl_PL\" \/>\n<meta property=\"og:type\" content=\"article\" \/>\n<meta property=\"og:title\" content=\"Studenckie warsztaty \u0142umaczeniowe\" \/>\n<meta property=\"og:description\" content=\"24 maja 2024 r. cz\u0142onkowie ko\u0142a naukowego ,,Przek\u0142adka\u2019\u2019 mieli okazj\u0119 i przyjemno\u015b\u0107 uczestniczy\u0107 w siedemnastych studenckich warsztatach t\u0142umaczeniowych ,,Biografie przek\u0142adu\u2019\u2019, kt\u00f3re odby\u0142y si\u0119 w Piwnicach Pa\u0142acu Potockich w Krakowie. Dzi\u0119ki spotkaniu z Agnieszk\u0105 G\u00f3rn\u0105- absolwentk\u0105 filologii polskiej na specjalno\u015bci przek\u0142adowej z Uniwersytetu im. Adama Mickiewicza w Poznaniu podczas warsztatu ,,P\u0105sy, [\u2026] Read More\" \/>\n<meta property=\"og:url\" content=\"https:\/\/pans.krosno.pl\/dsdt\/studenckie-warsztaty-lumaczeniowe\/\" \/>\n<meta property=\"og:site_name\" content=\"Dwuj\u0119zykowe Studia dla T\u0142umaczy PANS w Kro\u015bnie\" \/>\n<meta property=\"article:published_time\" content=\"2024-06-04T19:33:31+00:00\" \/>\n<meta property=\"article:modified_time\" content=\"2024-06-04T19:33:33+00:00\" \/>\n<meta property=\"og:image\" content=\"https:\/\/pans.krosno.pl\/dsdt\/wp-content\/uploads\/sites\/27\/2024\/06\/received_987607949619495.jpeg\" \/>\n\t<meta property=\"og:image:width\" content=\"2048\" \/>\n\t<meta property=\"og:image:height\" content=\"1536\" \/>\n\t<meta property=\"og:image:type\" content=\"image\/jpeg\" \/>\n<meta name=\"author\" content=\"leszekhabrat\" \/>\n<meta name=\"twitter:card\" content=\"summary_large_image\" \/>\n<meta name=\"twitter:label1\" content=\"Napisane przez\" \/>\n\t<meta name=\"twitter:data1\" content=\"leszekhabrat\" \/>\n\t<meta name=\"twitter:label2\" content=\"Szacowany czas czytania\" \/>\n\t<meta name=\"twitter:data2\" content=\"3 minuty\" \/>\n<script type=\"application\/ld+json\" class=\"yoast-schema-graph\">{\"@context\":\"https:\\\/\\\/schema.org\",\"@graph\":[{\"@type\":\"Article\",\"@id\":\"https:\\\/\\\/pans.krosno.pl\\\/dsdt\\\/studenckie-warsztaty-lumaczeniowe\\\/#article\",\"isPartOf\":{\"@id\":\"https:\\\/\\\/pans.krosno.pl\\\/dsdt\\\/studenckie-warsztaty-lumaczeniowe\\\/\"},\"author\":{\"name\":\"leszekhabrat\",\"@id\":\"https:\\\/\\\/pans.krosno.pl\\\/dsdt\\\/#\\\/schema\\\/person\\\/3b6faeb1e29cab848dedf98faa506492\"},\"headline\":\"Studenckie warsztaty \u0142umaczeniowe\",\"datePublished\":\"2024-06-04T19:33:31+00:00\",\"dateModified\":\"2024-06-04T19:33:33+00:00\",\"mainEntityOfPage\":{\"@id\":\"https:\\\/\\\/pans.krosno.pl\\\/dsdt\\\/studenckie-warsztaty-lumaczeniowe\\\/\"},\"wordCount\":273,\"publisher\":{\"@id\":\"https:\\\/\\\/pans.krosno.pl\\\/dsdt\\\/#organization\"},\"image\":{\"@id\":\"https:\\\/\\\/pans.krosno.pl\\\/dsdt\\\/studenckie-warsztaty-lumaczeniowe\\\/#primaryimage\"},\"thumbnailUrl\":\"https:\\\/\\\/pans.krosno.pl\\\/dsdt\\\/wp-content\\\/uploads\\\/sites\\\/27\\\/2024\\\/06\\\/received_987607949619495.jpeg\",\"inLanguage\":\"pl-PL\"},{\"@type\":\"WebPage\",\"@id\":\"https:\\\/\\\/pans.krosno.pl\\\/dsdt\\\/studenckie-warsztaty-lumaczeniowe\\\/\",\"url\":\"https:\\\/\\\/pans.krosno.pl\\\/dsdt\\\/studenckie-warsztaty-lumaczeniowe\\\/\",\"name\":\"Studenckie warsztaty \u0142umaczeniowe - Dwuj\u0119zykowe Studia dla T\u0142umaczy PANS w Kro\u015bnie\",\"isPartOf\":{\"@id\":\"https:\\\/\\\/pans.krosno.pl\\\/dsdt\\\/#website\"},\"primaryImageOfPage\":{\"@id\":\"https:\\\/\\\/pans.krosno.pl\\\/dsdt\\\/studenckie-warsztaty-lumaczeniowe\\\/#primaryimage\"},\"image\":{\"@id\":\"https:\\\/\\\/pans.krosno.pl\\\/dsdt\\\/studenckie-warsztaty-lumaczeniowe\\\/#primaryimage\"},\"thumbnailUrl\":\"https:\\\/\\\/pans.krosno.pl\\\/dsdt\\\/wp-content\\\/uploads\\\/sites\\\/27\\\/2024\\\/06\\\/received_987607949619495.jpeg\",\"datePublished\":\"2024-06-04T19:33:31+00:00\",\"dateModified\":\"2024-06-04T19:33:33+00:00\",\"breadcrumb\":{\"@id\":\"https:\\\/\\\/pans.krosno.pl\\\/dsdt\\\/studenckie-warsztaty-lumaczeniowe\\\/#breadcrumb\"},\"inLanguage\":\"pl-PL\",\"potentialAction\":[{\"@type\":\"ReadAction\",\"target\":[\"https:\\\/\\\/pans.krosno.pl\\\/dsdt\\\/studenckie-warsztaty-lumaczeniowe\\\/\"]}]},{\"@type\":\"ImageObject\",\"inLanguage\":\"pl-PL\",\"@id\":\"https:\\\/\\\/pans.krosno.pl\\\/dsdt\\\/studenckie-warsztaty-lumaczeniowe\\\/#primaryimage\",\"url\":\"https:\\\/\\\/pans.krosno.pl\\\/dsdt\\\/wp-content\\\/uploads\\\/sites\\\/27\\\/2024\\\/06\\\/received_987607949619495.jpeg\",\"contentUrl\":\"https:\\\/\\\/pans.krosno.pl\\\/dsdt\\\/wp-content\\\/uploads\\\/sites\\\/27\\\/2024\\\/06\\\/received_987607949619495.jpeg\",\"width\":2048,\"height\":1536},{\"@type\":\"BreadcrumbList\",\"@id\":\"https:\\\/\\\/pans.krosno.pl\\\/dsdt\\\/studenckie-warsztaty-lumaczeniowe\\\/#breadcrumb\",\"itemListElement\":[{\"@type\":\"ListItem\",\"position\":1,\"name\":\"Strona g\u0142\u00f3wna\",\"item\":\"https:\\\/\\\/pans.krosno.pl\\\/dsdt\\\/\"},{\"@type\":\"ListItem\",\"position\":2,\"name\":\"Studenckie warsztaty \u0142umaczeniowe\"}]},{\"@type\":\"WebSite\",\"@id\":\"https:\\\/\\\/pans.krosno.pl\\\/dsdt\\\/#website\",\"url\":\"https:\\\/\\\/pans.krosno.pl\\\/dsdt\\\/\",\"name\":\"Dwuj\u0119zykowe Studia dla T\u0142umaczy PANS w Kro\u015bnie\",\"description\":\"Dwuj\u0119zykowe Studia dla T\u0142umaczy - Pa\u0144stwowa Akademia Nauk Stosowanych\",\"publisher\":{\"@id\":\"https:\\\/\\\/pans.krosno.pl\\\/dsdt\\\/#organization\"},\"potentialAction\":[{\"@type\":\"SearchAction\",\"target\":{\"@type\":\"EntryPoint\",\"urlTemplate\":\"https:\\\/\\\/pans.krosno.pl\\\/dsdt\\\/?s={search_term_string}\"},\"query-input\":{\"@type\":\"PropertyValueSpecification\",\"valueRequired\":true,\"valueName\":\"search_term_string\"}}],\"inLanguage\":\"pl-PL\"},{\"@type\":\"Organization\",\"@id\":\"https:\\\/\\\/pans.krosno.pl\\\/dsdt\\\/#organization\",\"name\":\"Dwuj\u0119zykowe Studia dla T\u0142umaczy PANS w Kro\u015bnie\",\"url\":\"https:\\\/\\\/pans.krosno.pl\\\/dsdt\\\/\",\"logo\":{\"@type\":\"ImageObject\",\"inLanguage\":\"pl-PL\",\"@id\":\"https:\\\/\\\/pans.krosno.pl\\\/dsdt\\\/#\\\/schema\\\/logo\\\/image\\\/\",\"url\":\"https:\\\/\\\/pans.krosno.pl\\\/dsdt\\\/wp-content\\\/uploads\\\/sites\\\/27\\\/2023\\\/01\\\/Logo-PANS-2022-pelne.png\",\"contentUrl\":\"https:\\\/\\\/pans.krosno.pl\\\/dsdt\\\/wp-content\\\/uploads\\\/sites\\\/27\\\/2023\\\/01\\\/Logo-PANS-2022-pelne.png\",\"width\":3096,\"height\":696,\"caption\":\"Dwuj\u0119zykowe Studia dla T\u0142umaczy PANS w Kro\u015bnie\"},\"image\":{\"@id\":\"https:\\\/\\\/pans.krosno.pl\\\/dsdt\\\/#\\\/schema\\\/logo\\\/image\\\/\"}},{\"@type\":\"Person\",\"@id\":\"https:\\\/\\\/pans.krosno.pl\\\/dsdt\\\/#\\\/schema\\\/person\\\/3b6faeb1e29cab848dedf98faa506492\",\"name\":\"leszekhabrat\",\"image\":{\"@type\":\"ImageObject\",\"inLanguage\":\"pl-PL\",\"@id\":\"https:\\\/\\\/secure.gravatar.com\\\/avatar\\\/a9150664a8a5318dbce73a9520eb11ca04a28f6129b7a191d9b4976e6cae5a8c?s=96&d=mm&r=g\",\"url\":\"https:\\\/\\\/secure.gravatar.com\\\/avatar\\\/a9150664a8a5318dbce73a9520eb11ca04a28f6129b7a191d9b4976e6cae5a8c?s=96&d=mm&r=g\",\"contentUrl\":\"https:\\\/\\\/secure.gravatar.com\\\/avatar\\\/a9150664a8a5318dbce73a9520eb11ca04a28f6129b7a191d9b4976e6cae5a8c?s=96&d=mm&r=g\",\"caption\":\"leszekhabrat\"},\"url\":\"https:\\\/\\\/pans.krosno.pl\\\/dsdt\\\/author\\\/leszekhabrat\\\/\"}]}<\/script>\n<!-- \/ Yoast SEO Premium plugin. -->","yoast_head_json":{"title":"Studenckie warsztaty \u0142umaczeniowe - Dwuj\u0119zykowe Studia dla T\u0142umaczy PANS w Kro\u015bnie","robots":{"index":"index","follow":"follow","max-snippet":"max-snippet:-1","max-image-preview":"max-image-preview:large","max-video-preview":"max-video-preview:-1"},"canonical":"https:\/\/pans.krosno.pl\/dsdt\/studenckie-warsztaty-lumaczeniowe\/","og_locale":"pl_PL","og_type":"article","og_title":"Studenckie warsztaty \u0142umaczeniowe","og_description":"24 maja 2024 r. cz\u0142onkowie ko\u0142a naukowego ,,Przek\u0142adka\u2019\u2019 mieli okazj\u0119 i przyjemno\u015b\u0107 uczestniczy\u0107 w siedemnastych studenckich warsztatach t\u0142umaczeniowych ,,Biografie przek\u0142adu\u2019\u2019, kt\u00f3re odby\u0142y si\u0119 w Piwnicach Pa\u0142acu Potockich w Krakowie. Dzi\u0119ki spotkaniu z Agnieszk\u0105 G\u00f3rn\u0105- absolwentk\u0105 filologii polskiej na specjalno\u015bci przek\u0142adowej z Uniwersytetu im. Adama Mickiewicza w Poznaniu podczas warsztatu ,,P\u0105sy, [\u2026] Read More","og_url":"https:\/\/pans.krosno.pl\/dsdt\/studenckie-warsztaty-lumaczeniowe\/","og_site_name":"Dwuj\u0119zykowe Studia dla T\u0142umaczy PANS w Kro\u015bnie","article_published_time":"2024-06-04T19:33:31+00:00","article_modified_time":"2024-06-04T19:33:33+00:00","og_image":[{"width":2048,"height":1536,"url":"https:\/\/pans.krosno.pl\/dsdt\/wp-content\/uploads\/sites\/27\/2024\/06\/received_987607949619495.jpeg","type":"image\/jpeg"}],"author":"leszekhabrat","twitter_card":"summary_large_image","twitter_misc":{"Napisane przez":"leszekhabrat","Szacowany czas czytania":"3 minuty"},"schema":{"@context":"https:\/\/schema.org","@graph":[{"@type":"Article","@id":"https:\/\/pans.krosno.pl\/dsdt\/studenckie-warsztaty-lumaczeniowe\/#article","isPartOf":{"@id":"https:\/\/pans.krosno.pl\/dsdt\/studenckie-warsztaty-lumaczeniowe\/"},"author":{"name":"leszekhabrat","@id":"https:\/\/pans.krosno.pl\/dsdt\/#\/schema\/person\/3b6faeb1e29cab848dedf98faa506492"},"headline":"Studenckie warsztaty \u0142umaczeniowe","datePublished":"2024-06-04T19:33:31+00:00","dateModified":"2024-06-04T19:33:33+00:00","mainEntityOfPage":{"@id":"https:\/\/pans.krosno.pl\/dsdt\/studenckie-warsztaty-lumaczeniowe\/"},"wordCount":273,"publisher":{"@id":"https:\/\/pans.krosno.pl\/dsdt\/#organization"},"image":{"@id":"https:\/\/pans.krosno.pl\/dsdt\/studenckie-warsztaty-lumaczeniowe\/#primaryimage"},"thumbnailUrl":"https:\/\/pans.krosno.pl\/dsdt\/wp-content\/uploads\/sites\/27\/2024\/06\/received_987607949619495.jpeg","inLanguage":"pl-PL"},{"@type":"WebPage","@id":"https:\/\/pans.krosno.pl\/dsdt\/studenckie-warsztaty-lumaczeniowe\/","url":"https:\/\/pans.krosno.pl\/dsdt\/studenckie-warsztaty-lumaczeniowe\/","name":"Studenckie warsztaty \u0142umaczeniowe - Dwuj\u0119zykowe Studia dla T\u0142umaczy PANS w Kro\u015bnie","isPartOf":{"@id":"https:\/\/pans.krosno.pl\/dsdt\/#website"},"primaryImageOfPage":{"@id":"https:\/\/pans.krosno.pl\/dsdt\/studenckie-warsztaty-lumaczeniowe\/#primaryimage"},"image":{"@id":"https:\/\/pans.krosno.pl\/dsdt\/studenckie-warsztaty-lumaczeniowe\/#primaryimage"},"thumbnailUrl":"https:\/\/pans.krosno.pl\/dsdt\/wp-content\/uploads\/sites\/27\/2024\/06\/received_987607949619495.jpeg","datePublished":"2024-06-04T19:33:31+00:00","dateModified":"2024-06-04T19:33:33+00:00","breadcrumb":{"@id":"https:\/\/pans.krosno.pl\/dsdt\/studenckie-warsztaty-lumaczeniowe\/#breadcrumb"},"inLanguage":"pl-PL","potentialAction":[{"@type":"ReadAction","target":["https:\/\/pans.krosno.pl\/dsdt\/studenckie-warsztaty-lumaczeniowe\/"]}]},{"@type":"ImageObject","inLanguage":"pl-PL","@id":"https:\/\/pans.krosno.pl\/dsdt\/studenckie-warsztaty-lumaczeniowe\/#primaryimage","url":"https:\/\/pans.krosno.pl\/dsdt\/wp-content\/uploads\/sites\/27\/2024\/06\/received_987607949619495.jpeg","contentUrl":"https:\/\/pans.krosno.pl\/dsdt\/wp-content\/uploads\/sites\/27\/2024\/06\/received_987607949619495.jpeg","width":2048,"height":1536},{"@type":"BreadcrumbList","@id":"https:\/\/pans.krosno.pl\/dsdt\/studenckie-warsztaty-lumaczeniowe\/#breadcrumb","itemListElement":[{"@type":"ListItem","position":1,"name":"Strona g\u0142\u00f3wna","item":"https:\/\/pans.krosno.pl\/dsdt\/"},{"@type":"ListItem","position":2,"name":"Studenckie warsztaty \u0142umaczeniowe"}]},{"@type":"WebSite","@id":"https:\/\/pans.krosno.pl\/dsdt\/#website","url":"https:\/\/pans.krosno.pl\/dsdt\/","name":"Dwuj\u0119zykowe Studia dla T\u0142umaczy PANS w Kro\u015bnie","description":"Dwuj\u0119zykowe Studia dla T\u0142umaczy - Pa\u0144stwowa Akademia Nauk Stosowanych","publisher":{"@id":"https:\/\/pans.krosno.pl\/dsdt\/#organization"},"potentialAction":[{"@type":"SearchAction","target":{"@type":"EntryPoint","urlTemplate":"https:\/\/pans.krosno.pl\/dsdt\/?s={search_term_string}"},"query-input":{"@type":"PropertyValueSpecification","valueRequired":true,"valueName":"search_term_string"}}],"inLanguage":"pl-PL"},{"@type":"Organization","@id":"https:\/\/pans.krosno.pl\/dsdt\/#organization","name":"Dwuj\u0119zykowe Studia dla T\u0142umaczy PANS w Kro\u015bnie","url":"https:\/\/pans.krosno.pl\/dsdt\/","logo":{"@type":"ImageObject","inLanguage":"pl-PL","@id":"https:\/\/pans.krosno.pl\/dsdt\/#\/schema\/logo\/image\/","url":"https:\/\/pans.krosno.pl\/dsdt\/wp-content\/uploads\/sites\/27\/2023\/01\/Logo-PANS-2022-pelne.png","contentUrl":"https:\/\/pans.krosno.pl\/dsdt\/wp-content\/uploads\/sites\/27\/2023\/01\/Logo-PANS-2022-pelne.png","width":3096,"height":696,"caption":"Dwuj\u0119zykowe Studia dla T\u0142umaczy PANS w Kro\u015bnie"},"image":{"@id":"https:\/\/pans.krosno.pl\/dsdt\/#\/schema\/logo\/image\/"}},{"@type":"Person","@id":"https:\/\/pans.krosno.pl\/dsdt\/#\/schema\/person\/3b6faeb1e29cab848dedf98faa506492","name":"leszekhabrat","image":{"@type":"ImageObject","inLanguage":"pl-PL","@id":"https:\/\/secure.gravatar.com\/avatar\/a9150664a8a5318dbce73a9520eb11ca04a28f6129b7a191d9b4976e6cae5a8c?s=96&d=mm&r=g","url":"https:\/\/secure.gravatar.com\/avatar\/a9150664a8a5318dbce73a9520eb11ca04a28f6129b7a191d9b4976e6cae5a8c?s=96&d=mm&r=g","contentUrl":"https:\/\/secure.gravatar.com\/avatar\/a9150664a8a5318dbce73a9520eb11ca04a28f6129b7a191d9b4976e6cae5a8c?s=96&d=mm&r=g","caption":"leszekhabrat"},"url":"https:\/\/pans.krosno.pl\/dsdt\/author\/leszekhabrat\/"}]}},"_links":{"self":[{"href":"https:\/\/pans.krosno.pl\/dsdt\/wp-json\/wp\/v2\/posts\/3225","targetHints":{"allow":["GET"]}}],"collection":[{"href":"https:\/\/pans.krosno.pl\/dsdt\/wp-json\/wp\/v2\/posts"}],"about":[{"href":"https:\/\/pans.krosno.pl\/dsdt\/wp-json\/wp\/v2\/types\/post"}],"author":[{"embeddable":true,"href":"https:\/\/pans.krosno.pl\/dsdt\/wp-json\/wp\/v2\/users\/88"}],"replies":[{"embeddable":true,"href":"https:\/\/pans.krosno.pl\/dsdt\/wp-json\/wp\/v2\/comments?post=3225"}],"version-history":[{"count":1,"href":"https:\/\/pans.krosno.pl\/dsdt\/wp-json\/wp\/v2\/posts\/3225\/revisions"}],"predecessor-version":[{"id":3233,"href":"https:\/\/pans.krosno.pl\/dsdt\/wp-json\/wp\/v2\/posts\/3225\/revisions\/3233"}],"wp:featuredmedia":[{"embeddable":true,"href":"https:\/\/pans.krosno.pl\/dsdt\/wp-json\/wp\/v2\/media\/3229"}],"wp:attachment":[{"href":"https:\/\/pans.krosno.pl\/dsdt\/wp-json\/wp\/v2\/media?parent=3225"}],"wp:term":[{"taxonomy":"category","embeddable":true,"href":"https:\/\/pans.krosno.pl\/dsdt\/wp-json\/wp\/v2\/categories?post=3225"},{"taxonomy":"post_tag","embeddable":true,"href":"https:\/\/pans.krosno.pl\/dsdt\/wp-json\/wp\/v2\/tags?post=3225"}],"curies":[{"name":"wp","href":"https:\/\/api.w.org\/{rel}","templated":true}]}}