{"id":2597,"date":"2023-10-20T18:25:20","date_gmt":"2023-10-20T16:25:20","guid":{"rendered":"https:\/\/pans.krosno.pl\/dsdt\/?p=2597"},"modified":"2023-10-20T18:25:22","modified_gmt":"2023-10-20T16:25:22","slug":"studenci-i-roku-dwujezykowych-studiow-dla-tlumaczy-na-xi-rajdzie-integracyjnym","status":"publish","type":"post","link":"https:\/\/pans.krosno.pl\/dsdt\/studenci-i-roku-dwujezykowych-studiow-dla-tlumaczy-na-xi-rajdzie-integracyjnym\/","title":{"rendered":"Studenci I roku Dwuj\u0119zykowych studi\u00f3w dla t\u0142umaczy na XI Rajdzie Integracyjnym"},"content":{"rendered":"\n<p>Nasi studenci 18 pa\u017adziernika 2023 roku uczestniczyli w organizowanym przez Zak\u0142ad Turystyki i Rekreacji XI Rajdzie Integracyjnym. Pokonali\u015bmy tras\u0119 nr 2 \u2013 Szlakiem literackim Aleksandra Fredry i Balinta Balassiego z Krosna przez Kro\u015bcienko Wy\u017cne do Zamku Kamieniec w Odrzykoniu, gdzie po zwiedzeniu zamku na dziedzi\u0144cu odby\u0142o si\u0119 ognisko. Dopisa\u0142a r\u00f3wnie\u017c jesienna aura i po po\u0142udniu w pogodnych nastrojach wr\u00f3cili\u015bmy do Krosna.<\/p>\n\n\n\n<figure class=\"wp-block-gallery has-nested-images columns-default is-cropped wp-block-gallery-1 is-layout-flex wp-block-gallery-is-layout-flex\">\n<figure class=\"wp-block-image size-large\"><img loading=\"lazy\" decoding=\"async\" width=\"1024\" height=\"461\" data-id=\"2600\" src=\"https:\/\/pans.krosno.pl\/dsdt\/wp-content\/uploads\/sites\/27\/2023\/10\/IMG202310180813511-1024x461.jpg\" alt=\"\" class=\"wp-image-2600\" srcset=\"https:\/\/pans.krosno.pl\/dsdt\/wp-content\/uploads\/sites\/27\/2023\/10\/IMG202310180813511-1024x461.jpg 1024w, https:\/\/pans.krosno.pl\/dsdt\/wp-content\/uploads\/sites\/27\/2023\/10\/IMG202310180813511-300x135.jpg 300w, https:\/\/pans.krosno.pl\/dsdt\/wp-content\/uploads\/sites\/27\/2023\/10\/IMG202310180813511-768x346.jpg 768w, https:\/\/pans.krosno.pl\/dsdt\/wp-content\/uploads\/sites\/27\/2023\/10\/IMG202310180813511-1536x691.jpg 1536w, https:\/\/pans.krosno.pl\/dsdt\/wp-content\/uploads\/sites\/27\/2023\/10\/IMG202310180813511-2048x922.jpg 2048w, https:\/\/pans.krosno.pl\/dsdt\/wp-content\/uploads\/sites\/27\/2023\/10\/IMG202310180813511-2000x900.jpg 2000w, https:\/\/pans.krosno.pl\/dsdt\/wp-content\/uploads\/sites\/27\/2023\/10\/IMG202310180813511-800x360.jpg 800w, https:\/\/pans.krosno.pl\/dsdt\/wp-content\/uploads\/sites\/27\/2023\/10\/IMG202310180813511-580x261.jpg 580w\" sizes=\"auto, (max-width: 1024px) 100vw, 1024px\" \/><\/figure>\n\n\n\n<figure class=\"wp-block-image size-large\"><img loading=\"lazy\" decoding=\"async\" width=\"461\" height=\"1024\" data-id=\"2602\" src=\"https:\/\/pans.krosno.pl\/dsdt\/wp-content\/uploads\/sites\/27\/2023\/10\/IMG20231018084509-461x1024.jpg\" alt=\"\" class=\"wp-image-2602\" srcset=\"https:\/\/pans.krosno.pl\/dsdt\/wp-content\/uploads\/sites\/27\/2023\/10\/IMG20231018084509-461x1024.jpg 461w, https:\/\/pans.krosno.pl\/dsdt\/wp-content\/uploads\/sites\/27\/2023\/10\/IMG20231018084509-135x300.jpg 135w, https:\/\/pans.krosno.pl\/dsdt\/wp-content\/uploads\/sites\/27\/2023\/10\/IMG20231018084509-768x1707.jpg 768w, https:\/\/pans.krosno.pl\/dsdt\/wp-content\/uploads\/sites\/27\/2023\/10\/IMG20231018084509-691x1536.jpg 691w, https:\/\/pans.krosno.pl\/dsdt\/wp-content\/uploads\/sites\/27\/2023\/10\/IMG20231018084509-922x2048.jpg 922w, https:\/\/pans.krosno.pl\/dsdt\/wp-content\/uploads\/sites\/27\/2023\/10\/IMG20231018084509-800x1778.jpg 800w, https:\/\/pans.krosno.pl\/dsdt\/wp-content\/uploads\/sites\/27\/2023\/10\/IMG20231018084509-580x1289.jpg 580w, https:\/\/pans.krosno.pl\/dsdt\/wp-content\/uploads\/sites\/27\/2023\/10\/IMG20231018084509-scaled.jpg 1152w\" sizes=\"auto, (max-width: 461px) 100vw, 461px\" \/><\/figure>\n\n\n\n<figure class=\"wp-block-image size-large\"><img loading=\"lazy\" decoding=\"async\" width=\"1024\" height=\"462\" data-id=\"2599\" src=\"https:\/\/pans.krosno.pl\/dsdt\/wp-content\/uploads\/sites\/27\/2023\/10\/IMG20231018090928-1024x462.jpg\" alt=\"\" class=\"wp-image-2599\" srcset=\"https:\/\/pans.krosno.pl\/dsdt\/wp-content\/uploads\/sites\/27\/2023\/10\/IMG20231018090928-1024x462.jpg 1024w, https:\/\/pans.krosno.pl\/dsdt\/wp-content\/uploads\/sites\/27\/2023\/10\/IMG20231018090928-300x135.jpg 300w, https:\/\/pans.krosno.pl\/dsdt\/wp-content\/uploads\/sites\/27\/2023\/10\/IMG20231018090928-768x346.jpg 768w, https:\/\/pans.krosno.pl\/dsdt\/wp-content\/uploads\/sites\/27\/2023\/10\/IMG20231018090928-1536x693.jpg 1536w, https:\/\/pans.krosno.pl\/dsdt\/wp-content\/uploads\/sites\/27\/2023\/10\/IMG20231018090928-2048x924.jpg 2048w, https:\/\/pans.krosno.pl\/dsdt\/wp-content\/uploads\/sites\/27\/2023\/10\/IMG20231018090928-2000x902.jpg 2000w, https:\/\/pans.krosno.pl\/dsdt\/wp-content\/uploads\/sites\/27\/2023\/10\/IMG20231018090928-800x361.jpg 800w, https:\/\/pans.krosno.pl\/dsdt\/wp-content\/uploads\/sites\/27\/2023\/10\/IMG20231018090928-580x262.jpg 580w\" sizes=\"auto, (max-width: 1024px) 100vw, 1024px\" \/><\/figure>\n\n\n\n<figure class=\"wp-block-image size-large\"><img loading=\"lazy\" decoding=\"async\" width=\"1024\" height=\"461\" data-id=\"2603\" src=\"https:\/\/pans.krosno.pl\/dsdt\/wp-content\/uploads\/sites\/27\/2023\/10\/IMG20231018095428-1024x461.jpg\" alt=\"\" class=\"wp-image-2603\" srcset=\"https:\/\/pans.krosno.pl\/dsdt\/wp-content\/uploads\/sites\/27\/2023\/10\/IMG20231018095428-1024x461.jpg 1024w, https:\/\/pans.krosno.pl\/dsdt\/wp-content\/uploads\/sites\/27\/2023\/10\/IMG20231018095428-300x135.jpg 300w, https:\/\/pans.krosno.pl\/dsdt\/wp-content\/uploads\/sites\/27\/2023\/10\/IMG20231018095428-768x346.jpg 768w, https:\/\/pans.krosno.pl\/dsdt\/wp-content\/uploads\/sites\/27\/2023\/10\/IMG20231018095428-1536x691.jpg 1536w, https:\/\/pans.krosno.pl\/dsdt\/wp-content\/uploads\/sites\/27\/2023\/10\/IMG20231018095428-2048x922.jpg 2048w, https:\/\/pans.krosno.pl\/dsdt\/wp-content\/uploads\/sites\/27\/2023\/10\/IMG20231018095428-2000x900.jpg 2000w, https:\/\/pans.krosno.pl\/dsdt\/wp-content\/uploads\/sites\/27\/2023\/10\/IMG20231018095428-800x360.jpg 800w, https:\/\/pans.krosno.pl\/dsdt\/wp-content\/uploads\/sites\/27\/2023\/10\/IMG20231018095428-580x261.jpg 580w\" sizes=\"auto, (max-width: 1024px) 100vw, 1024px\" \/><\/figure>\n\n\n\n<figure class=\"wp-block-image size-large\"><img loading=\"lazy\" decoding=\"async\" width=\"1024\" height=\"461\" data-id=\"2598\" src=\"https:\/\/pans.krosno.pl\/dsdt\/wp-content\/uploads\/sites\/27\/2023\/10\/IMG20231018112609-1024x461.jpg\" alt=\"\" class=\"wp-image-2598\" srcset=\"https:\/\/pans.krosno.pl\/dsdt\/wp-content\/uploads\/sites\/27\/2023\/10\/IMG20231018112609-1024x461.jpg 1024w, https:\/\/pans.krosno.pl\/dsdt\/wp-content\/uploads\/sites\/27\/2023\/10\/IMG20231018112609-300x135.jpg 300w, https:\/\/pans.krosno.pl\/dsdt\/wp-content\/uploads\/sites\/27\/2023\/10\/IMG20231018112609-768x346.jpg 768w, https:\/\/pans.krosno.pl\/dsdt\/wp-content\/uploads\/sites\/27\/2023\/10\/IMG20231018112609-1536x691.jpg 1536w, https:\/\/pans.krosno.pl\/dsdt\/wp-content\/uploads\/sites\/27\/2023\/10\/IMG20231018112609-2048x922.jpg 2048w, https:\/\/pans.krosno.pl\/dsdt\/wp-content\/uploads\/sites\/27\/2023\/10\/IMG20231018112609-2000x900.jpg 2000w, https:\/\/pans.krosno.pl\/dsdt\/wp-content\/uploads\/sites\/27\/2023\/10\/IMG20231018112609-800x360.jpg 800w, https:\/\/pans.krosno.pl\/dsdt\/wp-content\/uploads\/sites\/27\/2023\/10\/IMG20231018112609-580x261.jpg 580w\" sizes=\"auto, (max-width: 1024px) 100vw, 1024px\" \/><\/figure>\n\n\n\n<figure class=\"wp-block-image size-large\"><img loading=\"lazy\" decoding=\"async\" width=\"461\" height=\"1024\" data-id=\"2601\" src=\"https:\/\/pans.krosno.pl\/dsdt\/wp-content\/uploads\/sites\/27\/2023\/10\/IMG20231018120719-461x1024.jpg\" alt=\"\" class=\"wp-image-2601\" srcset=\"https:\/\/pans.krosno.pl\/dsdt\/wp-content\/uploads\/sites\/27\/2023\/10\/IMG20231018120719-461x1024.jpg 461w, https:\/\/pans.krosno.pl\/dsdt\/wp-content\/uploads\/sites\/27\/2023\/10\/IMG20231018120719-135x300.jpg 135w, https:\/\/pans.krosno.pl\/dsdt\/wp-content\/uploads\/sites\/27\/2023\/10\/IMG20231018120719-768x1707.jpg 768w, https:\/\/pans.krosno.pl\/dsdt\/wp-content\/uploads\/sites\/27\/2023\/10\/IMG20231018120719-691x1536.jpg 691w, https:\/\/pans.krosno.pl\/dsdt\/wp-content\/uploads\/sites\/27\/2023\/10\/IMG20231018120719-922x2048.jpg 922w, https:\/\/pans.krosno.pl\/dsdt\/wp-content\/uploads\/sites\/27\/2023\/10\/IMG20231018120719-800x1778.jpg 800w, https:\/\/pans.krosno.pl\/dsdt\/wp-content\/uploads\/sites\/27\/2023\/10\/IMG20231018120719-580x1289.jpg 580w, https:\/\/pans.krosno.pl\/dsdt\/wp-content\/uploads\/sites\/27\/2023\/10\/IMG20231018120719-scaled.jpg 1152w\" sizes=\"auto, (max-width: 461px) 100vw, 461px\" \/><\/figure>\n\n\n\n<figure class=\"wp-block-image size-large\"><img loading=\"lazy\" decoding=\"async\" width=\"1024\" height=\"461\" data-id=\"2604\" src=\"https:\/\/pans.krosno.pl\/dsdt\/wp-content\/uploads\/sites\/27\/2023\/10\/IMG20231018123921-1024x461.jpg\" alt=\"\" class=\"wp-image-2604\" srcset=\"https:\/\/pans.krosno.pl\/dsdt\/wp-content\/uploads\/sites\/27\/2023\/10\/IMG20231018123921-1024x461.jpg 1024w, https:\/\/pans.krosno.pl\/dsdt\/wp-content\/uploads\/sites\/27\/2023\/10\/IMG20231018123921-300x135.jpg 300w, https:\/\/pans.krosno.pl\/dsdt\/wp-content\/uploads\/sites\/27\/2023\/10\/IMG20231018123921-768x346.jpg 768w, https:\/\/pans.krosno.pl\/dsdt\/wp-content\/uploads\/sites\/27\/2023\/10\/IMG20231018123921-1536x691.jpg 1536w, https:\/\/pans.krosno.pl\/dsdt\/wp-content\/uploads\/sites\/27\/2023\/10\/IMG20231018123921-2048x922.jpg 2048w, https:\/\/pans.krosno.pl\/dsdt\/wp-content\/uploads\/sites\/27\/2023\/10\/IMG20231018123921-2000x900.jpg 2000w, https:\/\/pans.krosno.pl\/dsdt\/wp-content\/uploads\/sites\/27\/2023\/10\/IMG20231018123921-800x360.jpg 800w, https:\/\/pans.krosno.pl\/dsdt\/wp-content\/uploads\/sites\/27\/2023\/10\/IMG20231018123921-580x261.jpg 580w\" sizes=\"auto, (max-width: 1024px) 100vw, 1024px\" \/><\/figure>\n<\/figure>\n","protected":false},"excerpt":{"rendered":"<p>Nasi studenci 18 pa\u017adziernika 2023 roku uczestniczyli w organizowanym przez Zak\u0142ad Turystyki i Rekreacji XI Rajdzie Integracyjnym. Pokonali\u015bmy tras\u0119 nr 2 \u2013 Szlakiem literackim Aleksandra Fredry i Balinta Balassiego z Krosna przez Kro\u015bcienko Wy\u017cne do Zamku Kamieniec w Odrzykoniu, gdzie po zwiedzeniu zamku na dziedzi\u0144cu odby\u0142o si\u0119 ognisko. Dopisa\u0142a r\u00f3wnie\u017c [\u2026] <\/p>\n<div class=\"clear\"><\/div>\n<p><a class=\"more_link clearfix\" href=\"https:\/\/pans.krosno.pl\/dsdt\/studenci-i-roku-dwujezykowych-studiow-dla-tlumaczy-na-xi-rajdzie-integracyjnym\/\" rel=\"nofollow\">Read More<\/a><\/p>\n","protected":false},"author":88,"featured_media":2604,"comment_status":"closed","ping_status":"closed","sticky":false,"template":"","format":"standard","meta":{"ngg_post_thumbnail":0,"footnotes":""},"categories":[1],"tags":[],"class_list":["post-2597","post","type-post","status-publish","format-standard","has-post-thumbnail","hentry","category-bez-kategorii"],"yoast_head":"<!-- This site is optimized with the Yoast SEO Premium plugin v27.4 (Yoast SEO v27.4) - https:\/\/yoast.com\/product\/yoast-seo-premium-wordpress\/ -->\n<title>Studenci I roku Dwuj\u0119zykowych studi\u00f3w dla t\u0142umaczy na XI Rajdzie Integracyjnym - Dwuj\u0119zykowe Studia dla T\u0142umaczy PANS w Kro\u015bnie<\/title>\n<meta name=\"robots\" content=\"index, follow, max-snippet:-1, max-image-preview:large, max-video-preview:-1\" \/>\n<link rel=\"canonical\" href=\"https:\/\/pans.krosno.pl\/dsdt\/studenci-i-roku-dwujezykowych-studiow-dla-tlumaczy-na-xi-rajdzie-integracyjnym\/\" \/>\n<meta property=\"og:locale\" content=\"pl_PL\" \/>\n<meta property=\"og:type\" content=\"article\" \/>\n<meta property=\"og:title\" content=\"Studenci I roku Dwuj\u0119zykowych studi\u00f3w dla t\u0142umaczy na XI Rajdzie Integracyjnym\" \/>\n<meta property=\"og:description\" content=\"Nasi studenci 18 pa\u017adziernika 2023 roku uczestniczyli w organizowanym przez Zak\u0142ad Turystyki i Rekreacji XI Rajdzie Integracyjnym. Pokonali\u015bmy tras\u0119 nr 2 \u2013 Szlakiem literackim Aleksandra Fredry i Balinta Balassiego z Krosna przez Kro\u015bcienko Wy\u017cne do Zamku Kamieniec w Odrzykoniu, gdzie po zwiedzeniu zamku na dziedzi\u0144cu odby\u0142o si\u0119 ognisko. Dopisa\u0142a r\u00f3wnie\u017c [\u2026] Read More\" \/>\n<meta property=\"og:url\" content=\"https:\/\/pans.krosno.pl\/dsdt\/studenci-i-roku-dwujezykowych-studiow-dla-tlumaczy-na-xi-rajdzie-integracyjnym\/\" \/>\n<meta property=\"og:site_name\" content=\"Dwuj\u0119zykowe Studia dla T\u0142umaczy PANS w Kro\u015bnie\" \/>\n<meta property=\"article:published_time\" content=\"2023-10-20T16:25:20+00:00\" \/>\n<meta property=\"article:modified_time\" content=\"2023-10-20T16:25:22+00:00\" \/>\n<meta property=\"og:image\" content=\"https:\/\/pans.krosno.pl\/wp-content\/uploads\/sites\/27\/2023\/10\/IMG20231018123921-scaled.jpg\" \/>\n\t<meta property=\"og:image:width\" content=\"2560\" \/>\n\t<meta property=\"og:image:height\" content=\"1152\" \/>\n\t<meta property=\"og:image:type\" content=\"image\/jpeg\" \/>\n<meta name=\"author\" content=\"leszekhabrat\" \/>\n<meta name=\"twitter:card\" content=\"summary_large_image\" \/>\n<meta name=\"twitter:label1\" content=\"Napisane przez\" \/>\n\t<meta name=\"twitter:data1\" content=\"leszekhabrat\" \/>\n\t<meta name=\"twitter:label2\" content=\"Szacowany czas czytania\" \/>\n\t<meta name=\"twitter:data2\" content=\"2 minuty\" \/>\n<script type=\"application\/ld+json\" class=\"yoast-schema-graph\">{\"@context\":\"https:\\\/\\\/schema.org\",\"@graph\":[{\"@type\":\"Article\",\"@id\":\"https:\\\/\\\/pans.krosno.pl\\\/dsdt\\\/studenci-i-roku-dwujezykowych-studiow-dla-tlumaczy-na-xi-rajdzie-integracyjnym\\\/#article\",\"isPartOf\":{\"@id\":\"https:\\\/\\\/pans.krosno.pl\\\/dsdt\\\/studenci-i-roku-dwujezykowych-studiow-dla-tlumaczy-na-xi-rajdzie-integracyjnym\\\/\"},\"author\":{\"name\":\"leszekhabrat\",\"@id\":\"https:\\\/\\\/pans.krosno.pl\\\/dsdt\\\/#\\\/schema\\\/person\\\/3b6faeb1e29cab848dedf98faa506492\"},\"headline\":\"Studenci I roku Dwuj\u0119zykowych studi\u00f3w dla t\u0142umaczy na XI Rajdzie Integracyjnym\",\"datePublished\":\"2023-10-20T16:25:20+00:00\",\"dateModified\":\"2023-10-20T16:25:22+00:00\",\"mainEntityOfPage\":{\"@id\":\"https:\\\/\\\/pans.krosno.pl\\\/dsdt\\\/studenci-i-roku-dwujezykowych-studiow-dla-tlumaczy-na-xi-rajdzie-integracyjnym\\\/\"},\"wordCount\":83,\"publisher\":{\"@id\":\"https:\\\/\\\/pans.krosno.pl\\\/dsdt\\\/#organization\"},\"image\":{\"@id\":\"https:\\\/\\\/pans.krosno.pl\\\/dsdt\\\/studenci-i-roku-dwujezykowych-studiow-dla-tlumaczy-na-xi-rajdzie-integracyjnym\\\/#primaryimage\"},\"thumbnailUrl\":\"https:\\\/\\\/pans.krosno.pl\\\/dsdt\\\/wp-content\\\/uploads\\\/sites\\\/27\\\/2023\\\/10\\\/IMG20231018123921-scaled.jpg\",\"inLanguage\":\"pl-PL\"},{\"@type\":\"WebPage\",\"@id\":\"https:\\\/\\\/pans.krosno.pl\\\/dsdt\\\/studenci-i-roku-dwujezykowych-studiow-dla-tlumaczy-na-xi-rajdzie-integracyjnym\\\/\",\"url\":\"https:\\\/\\\/pans.krosno.pl\\\/dsdt\\\/studenci-i-roku-dwujezykowych-studiow-dla-tlumaczy-na-xi-rajdzie-integracyjnym\\\/\",\"name\":\"Studenci I roku Dwuj\u0119zykowych studi\u00f3w dla t\u0142umaczy na XI Rajdzie Integracyjnym - Dwuj\u0119zykowe Studia dla T\u0142umaczy PANS w Kro\u015bnie\",\"isPartOf\":{\"@id\":\"https:\\\/\\\/pans.krosno.pl\\\/dsdt\\\/#website\"},\"primaryImageOfPage\":{\"@id\":\"https:\\\/\\\/pans.krosno.pl\\\/dsdt\\\/studenci-i-roku-dwujezykowych-studiow-dla-tlumaczy-na-xi-rajdzie-integracyjnym\\\/#primaryimage\"},\"image\":{\"@id\":\"https:\\\/\\\/pans.krosno.pl\\\/dsdt\\\/studenci-i-roku-dwujezykowych-studiow-dla-tlumaczy-na-xi-rajdzie-integracyjnym\\\/#primaryimage\"},\"thumbnailUrl\":\"https:\\\/\\\/pans.krosno.pl\\\/dsdt\\\/wp-content\\\/uploads\\\/sites\\\/27\\\/2023\\\/10\\\/IMG20231018123921-scaled.jpg\",\"datePublished\":\"2023-10-20T16:25:20+00:00\",\"dateModified\":\"2023-10-20T16:25:22+00:00\",\"breadcrumb\":{\"@id\":\"https:\\\/\\\/pans.krosno.pl\\\/dsdt\\\/studenci-i-roku-dwujezykowych-studiow-dla-tlumaczy-na-xi-rajdzie-integracyjnym\\\/#breadcrumb\"},\"inLanguage\":\"pl-PL\",\"potentialAction\":[{\"@type\":\"ReadAction\",\"target\":[\"https:\\\/\\\/pans.krosno.pl\\\/dsdt\\\/studenci-i-roku-dwujezykowych-studiow-dla-tlumaczy-na-xi-rajdzie-integracyjnym\\\/\"]}]},{\"@type\":\"ImageObject\",\"inLanguage\":\"pl-PL\",\"@id\":\"https:\\\/\\\/pans.krosno.pl\\\/dsdt\\\/studenci-i-roku-dwujezykowych-studiow-dla-tlumaczy-na-xi-rajdzie-integracyjnym\\\/#primaryimage\",\"url\":\"https:\\\/\\\/pans.krosno.pl\\\/dsdt\\\/wp-content\\\/uploads\\\/sites\\\/27\\\/2023\\\/10\\\/IMG20231018123921-scaled.jpg\",\"contentUrl\":\"https:\\\/\\\/pans.krosno.pl\\\/dsdt\\\/wp-content\\\/uploads\\\/sites\\\/27\\\/2023\\\/10\\\/IMG20231018123921-scaled.jpg\",\"width\":2560,\"height\":1152},{\"@type\":\"BreadcrumbList\",\"@id\":\"https:\\\/\\\/pans.krosno.pl\\\/dsdt\\\/studenci-i-roku-dwujezykowych-studiow-dla-tlumaczy-na-xi-rajdzie-integracyjnym\\\/#breadcrumb\",\"itemListElement\":[{\"@type\":\"ListItem\",\"position\":1,\"name\":\"Strona g\u0142\u00f3wna\",\"item\":\"https:\\\/\\\/pans.krosno.pl\\\/dsdt\\\/\"},{\"@type\":\"ListItem\",\"position\":2,\"name\":\"Studenci I roku Dwuj\u0119zykowych studi\u00f3w dla t\u0142umaczy na XI Rajdzie Integracyjnym\"}]},{\"@type\":\"WebSite\",\"@id\":\"https:\\\/\\\/pans.krosno.pl\\\/dsdt\\\/#website\",\"url\":\"https:\\\/\\\/pans.krosno.pl\\\/dsdt\\\/\",\"name\":\"Dwuj\u0119zykowe Studia dla T\u0142umaczy PANS w Kro\u015bnie\",\"description\":\"Dwuj\u0119zykowe Studia dla T\u0142umaczy - Pa\u0144stwowa Akademia Nauk Stosowanych\",\"publisher\":{\"@id\":\"https:\\\/\\\/pans.krosno.pl\\\/dsdt\\\/#organization\"},\"potentialAction\":[{\"@type\":\"SearchAction\",\"target\":{\"@type\":\"EntryPoint\",\"urlTemplate\":\"https:\\\/\\\/pans.krosno.pl\\\/dsdt\\\/?s={search_term_string}\"},\"query-input\":{\"@type\":\"PropertyValueSpecification\",\"valueRequired\":true,\"valueName\":\"search_term_string\"}}],\"inLanguage\":\"pl-PL\"},{\"@type\":\"Organization\",\"@id\":\"https:\\\/\\\/pans.krosno.pl\\\/dsdt\\\/#organization\",\"name\":\"Dwuj\u0119zykowe Studia dla T\u0142umaczy PANS w Kro\u015bnie\",\"url\":\"https:\\\/\\\/pans.krosno.pl\\\/dsdt\\\/\",\"logo\":{\"@type\":\"ImageObject\",\"inLanguage\":\"pl-PL\",\"@id\":\"https:\\\/\\\/pans.krosno.pl\\\/dsdt\\\/#\\\/schema\\\/logo\\\/image\\\/\",\"url\":\"https:\\\/\\\/pans.krosno.pl\\\/dsdt\\\/wp-content\\\/uploads\\\/sites\\\/27\\\/2023\\\/01\\\/Logo-PANS-2022-pelne.png\",\"contentUrl\":\"https:\\\/\\\/pans.krosno.pl\\\/dsdt\\\/wp-content\\\/uploads\\\/sites\\\/27\\\/2023\\\/01\\\/Logo-PANS-2022-pelne.png\",\"width\":3096,\"height\":696,\"caption\":\"Dwuj\u0119zykowe Studia dla T\u0142umaczy PANS w Kro\u015bnie\"},\"image\":{\"@id\":\"https:\\\/\\\/pans.krosno.pl\\\/dsdt\\\/#\\\/schema\\\/logo\\\/image\\\/\"}},{\"@type\":\"Person\",\"@id\":\"https:\\\/\\\/pans.krosno.pl\\\/dsdt\\\/#\\\/schema\\\/person\\\/3b6faeb1e29cab848dedf98faa506492\",\"name\":\"leszekhabrat\",\"image\":{\"@type\":\"ImageObject\",\"inLanguage\":\"pl-PL\",\"@id\":\"https:\\\/\\\/secure.gravatar.com\\\/avatar\\\/a9150664a8a5318dbce73a9520eb11ca04a28f6129b7a191d9b4976e6cae5a8c?s=96&d=mm&r=g\",\"url\":\"https:\\\/\\\/secure.gravatar.com\\\/avatar\\\/a9150664a8a5318dbce73a9520eb11ca04a28f6129b7a191d9b4976e6cae5a8c?s=96&d=mm&r=g\",\"contentUrl\":\"https:\\\/\\\/secure.gravatar.com\\\/avatar\\\/a9150664a8a5318dbce73a9520eb11ca04a28f6129b7a191d9b4976e6cae5a8c?s=96&d=mm&r=g\",\"caption\":\"leszekhabrat\"},\"url\":\"https:\\\/\\\/pans.krosno.pl\\\/dsdt\\\/author\\\/leszekhabrat\\\/\"}]}<\/script>\n<!-- \/ Yoast SEO Premium plugin. -->","yoast_head_json":{"title":"Studenci I roku Dwuj\u0119zykowych studi\u00f3w dla t\u0142umaczy na XI Rajdzie Integracyjnym - Dwuj\u0119zykowe Studia dla T\u0142umaczy PANS w Kro\u015bnie","robots":{"index":"index","follow":"follow","max-snippet":"max-snippet:-1","max-image-preview":"max-image-preview:large","max-video-preview":"max-video-preview:-1"},"canonical":"https:\/\/pans.krosno.pl\/dsdt\/studenci-i-roku-dwujezykowych-studiow-dla-tlumaczy-na-xi-rajdzie-integracyjnym\/","og_locale":"pl_PL","og_type":"article","og_title":"Studenci I roku Dwuj\u0119zykowych studi\u00f3w dla t\u0142umaczy na XI Rajdzie Integracyjnym","og_description":"Nasi studenci 18 pa\u017adziernika 2023 roku uczestniczyli w organizowanym przez Zak\u0142ad Turystyki i Rekreacji XI Rajdzie Integracyjnym. Pokonali\u015bmy tras\u0119 nr 2 \u2013 Szlakiem literackim Aleksandra Fredry i Balinta Balassiego z Krosna przez Kro\u015bcienko Wy\u017cne do Zamku Kamieniec w Odrzykoniu, gdzie po zwiedzeniu zamku na dziedzi\u0144cu odby\u0142o si\u0119 ognisko. Dopisa\u0142a r\u00f3wnie\u017c [\u2026] Read More","og_url":"https:\/\/pans.krosno.pl\/dsdt\/studenci-i-roku-dwujezykowych-studiow-dla-tlumaczy-na-xi-rajdzie-integracyjnym\/","og_site_name":"Dwuj\u0119zykowe Studia dla T\u0142umaczy PANS w Kro\u015bnie","article_published_time":"2023-10-20T16:25:20+00:00","article_modified_time":"2023-10-20T16:25:22+00:00","og_image":[{"width":2560,"height":1152,"url":"https:\/\/pans.krosno.pl\/wp-content\/uploads\/sites\/27\/2023\/10\/IMG20231018123921-scaled.jpg","type":"image\/jpeg"}],"author":"leszekhabrat","twitter_card":"summary_large_image","twitter_misc":{"Napisane przez":"leszekhabrat","Szacowany czas czytania":"2 minuty"},"schema":{"@context":"https:\/\/schema.org","@graph":[{"@type":"Article","@id":"https:\/\/pans.krosno.pl\/dsdt\/studenci-i-roku-dwujezykowych-studiow-dla-tlumaczy-na-xi-rajdzie-integracyjnym\/#article","isPartOf":{"@id":"https:\/\/pans.krosno.pl\/dsdt\/studenci-i-roku-dwujezykowych-studiow-dla-tlumaczy-na-xi-rajdzie-integracyjnym\/"},"author":{"name":"leszekhabrat","@id":"https:\/\/pans.krosno.pl\/dsdt\/#\/schema\/person\/3b6faeb1e29cab848dedf98faa506492"},"headline":"Studenci I roku Dwuj\u0119zykowych studi\u00f3w dla t\u0142umaczy na XI Rajdzie Integracyjnym","datePublished":"2023-10-20T16:25:20+00:00","dateModified":"2023-10-20T16:25:22+00:00","mainEntityOfPage":{"@id":"https:\/\/pans.krosno.pl\/dsdt\/studenci-i-roku-dwujezykowych-studiow-dla-tlumaczy-na-xi-rajdzie-integracyjnym\/"},"wordCount":83,"publisher":{"@id":"https:\/\/pans.krosno.pl\/dsdt\/#organization"},"image":{"@id":"https:\/\/pans.krosno.pl\/dsdt\/studenci-i-roku-dwujezykowych-studiow-dla-tlumaczy-na-xi-rajdzie-integracyjnym\/#primaryimage"},"thumbnailUrl":"https:\/\/pans.krosno.pl\/dsdt\/wp-content\/uploads\/sites\/27\/2023\/10\/IMG20231018123921-scaled.jpg","inLanguage":"pl-PL"},{"@type":"WebPage","@id":"https:\/\/pans.krosno.pl\/dsdt\/studenci-i-roku-dwujezykowych-studiow-dla-tlumaczy-na-xi-rajdzie-integracyjnym\/","url":"https:\/\/pans.krosno.pl\/dsdt\/studenci-i-roku-dwujezykowych-studiow-dla-tlumaczy-na-xi-rajdzie-integracyjnym\/","name":"Studenci I roku Dwuj\u0119zykowych studi\u00f3w dla t\u0142umaczy na XI Rajdzie Integracyjnym - Dwuj\u0119zykowe Studia dla T\u0142umaczy PANS w Kro\u015bnie","isPartOf":{"@id":"https:\/\/pans.krosno.pl\/dsdt\/#website"},"primaryImageOfPage":{"@id":"https:\/\/pans.krosno.pl\/dsdt\/studenci-i-roku-dwujezykowych-studiow-dla-tlumaczy-na-xi-rajdzie-integracyjnym\/#primaryimage"},"image":{"@id":"https:\/\/pans.krosno.pl\/dsdt\/studenci-i-roku-dwujezykowych-studiow-dla-tlumaczy-na-xi-rajdzie-integracyjnym\/#primaryimage"},"thumbnailUrl":"https:\/\/pans.krosno.pl\/dsdt\/wp-content\/uploads\/sites\/27\/2023\/10\/IMG20231018123921-scaled.jpg","datePublished":"2023-10-20T16:25:20+00:00","dateModified":"2023-10-20T16:25:22+00:00","breadcrumb":{"@id":"https:\/\/pans.krosno.pl\/dsdt\/studenci-i-roku-dwujezykowych-studiow-dla-tlumaczy-na-xi-rajdzie-integracyjnym\/#breadcrumb"},"inLanguage":"pl-PL","potentialAction":[{"@type":"ReadAction","target":["https:\/\/pans.krosno.pl\/dsdt\/studenci-i-roku-dwujezykowych-studiow-dla-tlumaczy-na-xi-rajdzie-integracyjnym\/"]}]},{"@type":"ImageObject","inLanguage":"pl-PL","@id":"https:\/\/pans.krosno.pl\/dsdt\/studenci-i-roku-dwujezykowych-studiow-dla-tlumaczy-na-xi-rajdzie-integracyjnym\/#primaryimage","url":"https:\/\/pans.krosno.pl\/dsdt\/wp-content\/uploads\/sites\/27\/2023\/10\/IMG20231018123921-scaled.jpg","contentUrl":"https:\/\/pans.krosno.pl\/dsdt\/wp-content\/uploads\/sites\/27\/2023\/10\/IMG20231018123921-scaled.jpg","width":2560,"height":1152},{"@type":"BreadcrumbList","@id":"https:\/\/pans.krosno.pl\/dsdt\/studenci-i-roku-dwujezykowych-studiow-dla-tlumaczy-na-xi-rajdzie-integracyjnym\/#breadcrumb","itemListElement":[{"@type":"ListItem","position":1,"name":"Strona g\u0142\u00f3wna","item":"https:\/\/pans.krosno.pl\/dsdt\/"},{"@type":"ListItem","position":2,"name":"Studenci I roku Dwuj\u0119zykowych studi\u00f3w dla t\u0142umaczy na XI Rajdzie Integracyjnym"}]},{"@type":"WebSite","@id":"https:\/\/pans.krosno.pl\/dsdt\/#website","url":"https:\/\/pans.krosno.pl\/dsdt\/","name":"Dwuj\u0119zykowe Studia dla T\u0142umaczy PANS w Kro\u015bnie","description":"Dwuj\u0119zykowe Studia dla T\u0142umaczy - Pa\u0144stwowa Akademia Nauk Stosowanych","publisher":{"@id":"https:\/\/pans.krosno.pl\/dsdt\/#organization"},"potentialAction":[{"@type":"SearchAction","target":{"@type":"EntryPoint","urlTemplate":"https:\/\/pans.krosno.pl\/dsdt\/?s={search_term_string}"},"query-input":{"@type":"PropertyValueSpecification","valueRequired":true,"valueName":"search_term_string"}}],"inLanguage":"pl-PL"},{"@type":"Organization","@id":"https:\/\/pans.krosno.pl\/dsdt\/#organization","name":"Dwuj\u0119zykowe Studia dla T\u0142umaczy PANS w Kro\u015bnie","url":"https:\/\/pans.krosno.pl\/dsdt\/","logo":{"@type":"ImageObject","inLanguage":"pl-PL","@id":"https:\/\/pans.krosno.pl\/dsdt\/#\/schema\/logo\/image\/","url":"https:\/\/pans.krosno.pl\/dsdt\/wp-content\/uploads\/sites\/27\/2023\/01\/Logo-PANS-2022-pelne.png","contentUrl":"https:\/\/pans.krosno.pl\/dsdt\/wp-content\/uploads\/sites\/27\/2023\/01\/Logo-PANS-2022-pelne.png","width":3096,"height":696,"caption":"Dwuj\u0119zykowe Studia dla T\u0142umaczy PANS w Kro\u015bnie"},"image":{"@id":"https:\/\/pans.krosno.pl\/dsdt\/#\/schema\/logo\/image\/"}},{"@type":"Person","@id":"https:\/\/pans.krosno.pl\/dsdt\/#\/schema\/person\/3b6faeb1e29cab848dedf98faa506492","name":"leszekhabrat","image":{"@type":"ImageObject","inLanguage":"pl-PL","@id":"https:\/\/secure.gravatar.com\/avatar\/a9150664a8a5318dbce73a9520eb11ca04a28f6129b7a191d9b4976e6cae5a8c?s=96&d=mm&r=g","url":"https:\/\/secure.gravatar.com\/avatar\/a9150664a8a5318dbce73a9520eb11ca04a28f6129b7a191d9b4976e6cae5a8c?s=96&d=mm&r=g","contentUrl":"https:\/\/secure.gravatar.com\/avatar\/a9150664a8a5318dbce73a9520eb11ca04a28f6129b7a191d9b4976e6cae5a8c?s=96&d=mm&r=g","caption":"leszekhabrat"},"url":"https:\/\/pans.krosno.pl\/dsdt\/author\/leszekhabrat\/"}]}},"_links":{"self":[{"href":"https:\/\/pans.krosno.pl\/dsdt\/wp-json\/wp\/v2\/posts\/2597","targetHints":{"allow":["GET"]}}],"collection":[{"href":"https:\/\/pans.krosno.pl\/dsdt\/wp-json\/wp\/v2\/posts"}],"about":[{"href":"https:\/\/pans.krosno.pl\/dsdt\/wp-json\/wp\/v2\/types\/post"}],"author":[{"embeddable":true,"href":"https:\/\/pans.krosno.pl\/dsdt\/wp-json\/wp\/v2\/users\/88"}],"replies":[{"embeddable":true,"href":"https:\/\/pans.krosno.pl\/dsdt\/wp-json\/wp\/v2\/comments?post=2597"}],"version-history":[{"count":1,"href":"https:\/\/pans.krosno.pl\/dsdt\/wp-json\/wp\/v2\/posts\/2597\/revisions"}],"predecessor-version":[{"id":2605,"href":"https:\/\/pans.krosno.pl\/dsdt\/wp-json\/wp\/v2\/posts\/2597\/revisions\/2605"}],"wp:featuredmedia":[{"embeddable":true,"href":"https:\/\/pans.krosno.pl\/dsdt\/wp-json\/wp\/v2\/media\/2604"}],"wp:attachment":[{"href":"https:\/\/pans.krosno.pl\/dsdt\/wp-json\/wp\/v2\/media?parent=2597"}],"wp:term":[{"taxonomy":"category","embeddable":true,"href":"https:\/\/pans.krosno.pl\/dsdt\/wp-json\/wp\/v2\/categories?post=2597"},{"taxonomy":"post_tag","embeddable":true,"href":"https:\/\/pans.krosno.pl\/dsdt\/wp-json\/wp\/v2\/tags?post=2597"}],"curies":[{"name":"wp","href":"https:\/\/api.w.org\/{rel}","templated":true}]}}