{"id":2520,"date":"2023-10-01T11:34:04","date_gmt":"2023-10-01T09:34:04","guid":{"rendered":"https:\/\/pans.krosno.pl\/dsdt\/?p=2520"},"modified":"2023-10-01T12:00:30","modified_gmt":"2023-10-01T10:00:30","slug":"abc-studenta-1-roku-kierunku-dwujezykowe-studia-dla-tlumaczy-w-pans","status":"publish","type":"post","link":"https:\/\/pans.krosno.pl\/dsdt\/abc-studenta-1-roku-kierunku-dwujezykowe-studia-dla-tlumaczy-w-pans\/","title":{"rendered":"ABC studenta 1 roku kierunku Dwuj\u0119zykowe Studia dla T\u0142umaczy"},"content":{"rendered":"\n<p><strong>Zak\u0142ad Studi\u00f3w Dwuj\u0119zykowych jest cz\u0119\u015bci\u0105 Instytutu Humanistycznego w PANS w Kro\u015bnie.<\/strong><\/p>\n\n\n\n<p>Dyrektor Instytutu Humanistycznego: dr Joanna Ziobro-Strz\u0119pek<\/p>\n\n\n\n<p>Kierownik Zak\u0142adu Studi\u00f3w Dwuj\u0119zykowych: mgr Anna Hycnar<\/p>\n\n\n\n<p>Wi\u0119kszo\u015b\u0107 zaj\u0119\u0107 na kierunku DST odbywa si\u0119 w budynkach KW8 i KW4. Niekt\u00f3re zaj\u0119cia odbywaj\u0105 si\u0119:<\/p>\n\n\n\n<ul class=\"wp-block-list\">\n<li>Informatyka \u2013 budynek KW6<\/li>\n\n\n\n<li>W-f \u2013 form\u0119 zaj\u0119\u0107 ustala prowadz\u0105cy<\/li>\n<\/ul>\n\n\n\n<figure class=\"wp-block-image\"><img decoding=\"async\" src=\"https:\/\/pans.krosno.pl\/fa\/wp-content\/uploads\/sites\/13\/2023\/03\/KPU-PANS.png\" alt=\"\" class=\"wp-image-3087\" \/><\/figure>\n\n\n\n<p><strong>Aula <\/strong>\u2013 budynek KW4, I pi\u0119tro.<\/p>\n\n\n\n<p><strong>Bar studencki <\/strong>\u2013 budynek KW6, podziemia.<\/p>\n\n\n\n<p><strong>Biblioteka <\/strong>\u2013 Biblioteka G\u0142\u00f3wna (Wypo\u017cyczalnia, Czytelnia G\u0142\u00f3wna z Czytelni\u0105 Internetow\u0105), Rynek 1 (wej\u015bcie od ul. Blich; po lewej stronie Rektoratu).<\/p>\n\n\n\n<p><strong>e-learning<\/strong> \u2013 wirtualna platforma wspomagaj\u0105ca nauk\u0119 w formie online. Na platformie cz\u0119sto s\u0105 umieszczane dodatkowe materia\u0142y lub zadania dla studenta.<\/p>\n\n\n\n<p><strong>ECTS <\/strong>\u2013 warto\u015b\u0107 ka\u017cdego przedmiotu jest okre\u015blana w punktach ECTS. Aby zaliczy\u0107 kolejny etap studi\u00f3w, ka\u017cdy student (zgodnie ze swoim programem studi\u00f3w) jest zobowi\u0105zany do zdobycia ustalonej liczby punkt\u00f3w ECTS. Do zaliczenia ca\u0142ego roku nale\u017cy uzbiera\u0107 60 punkt\u00f3w ECTS.<\/p>\n\n\n\n<p><strong>Plan zaj\u0119\u0107<\/strong> \u2013 mo\u017cesz go sprawdzi\u0107 na kilka sposob\u00f3w:<\/p>\n\n\n\n<ol class=\"wp-block-list\" type=\"1\">\n<li><strong>Strona g\u0142\u00f3wna uczelni<\/strong>-&gt;zak\u0142adka STUDENCI-&gt;<strong>USOSweb (<\/strong>po zalogowaniu si\u0119 w zak\u0142adce M\u00f3j USOSweb po lewej stronie znajdziesz zak\u0142adk\u0119 PLAN ZAJ\u0118\u0106<strong>). Zauwa\u017c, \u017ce tu znajduje si\u0119 TW\u00d3J INDYWIDUALNY PLAN zaj\u0119\u0107.<\/strong><\/li>\n\n\n\n<li>Strona g\u0142\u00f3wna uczelni -&gt; zak\u0142adka STUDENCI -&gt; zak\u0142adka Harmonogramy zaj\u0119\u0107 -&gt; zak\u0142adka Dwuj\u0119zykowe Studia dla T\u0142umaczy<\/li>\n\n\n\n<li>Strona Zak\u0142adu Studi\u00f3w Dwuj\u0119zykowych -&gt; zak\u0142adka STUDENCI -&gt; zak\u0142adka Harmonogramy zaj\u0119\u0107<\/li>\n\n\n\n<li>Strona Zak\u0142adu Studi\u00f3w Dwuj\u0119zykowych -&gt; zak\u0142adka Dla studenta -&gt; zak\u0142adka Harmonogram zaj\u0119\u0107<\/li>\n<\/ol>\n\n\n\n<p><strong>Pok\u00f3j nauczycielski<\/strong> wyk\u0142adowc\u00f3w Zak\u0142adu Studi\u00f3w Dwuj\u0119zykowych \u2013 budynek KW8, pok\u00f3j nr 7 (parter).<\/p>\n\n\n\n<p><strong>Przep\u0142yw informacji<\/strong> na drodze STUDENT-UCZELNIA \u2013 zawsze <strong>najpierw<\/strong> zg\u0142aszaj spraw\u0119 <strong>Opiekunowi Roku<\/strong>.<\/p>\n\n\n\n<p><strong>Rektorat <\/strong>\u2013 Rynek 1 (budynek z zegarem).<\/p>\n\n\n\n<p><strong>Sekretariat i gabinet dyrektora<\/strong> \u2013 budynek KW8, pok\u00f3j nr 15 (I pi\u0119tro).<\/p>\n\n\n\n<p><strong>Starosta <\/strong>\u2013 osoba reprezentuj\u0105ca twoj\u0105 grup\u0119. Powinna to by\u0107 osoba odpowiedzialna, rzetelna i godna zaufania.<\/p>\n\n\n\n<p><strong>USOS <\/strong>\u2013 to system do obs\u0142ugi student\u00f3w. Konto ma w nim ka\u017cdy student.<\/p>\n\n\n\n<p><strong>DOBRE RADY:<\/strong><\/p>\n\n\n\n<ul class=\"wp-block-list\">\n<li>Do wyk\u0142adowc\u00f3w nale\u017cy si\u0119 zwraca\u0107 zgodnie z ich tytu\u0142ami akademickimi.<\/li>\n\n\n\n<li>Kultura obowi\u0105zuje!! PANS to ma\u0142a uczelnia, wi\u0119c nie jeste\u015b anonimowy dla wyk\u0142adowc\u00f3w.<\/li>\n\n\n\n<li>Nie opuszczaj zaj\u0119\u0107! To najgorsza rzecz, kt\u00f3r\u0105 mo\u017cesz zrobi\u0107. Wyk\u0142adowcy zawsze zwracaj\u0105 uwag\u0119 na obecno\u015b\u0107. Nie przejmuj si\u0119, \u017ce nie masz zadania lub nic nie umiesz na kolokwium \u2013 to zawsze mo\u017cna nadrobi\u0107. Z nieobecno\u015bci\u0105 ju\u017c nie jest tak \u0142atwo.<\/li>\n\n\n\n<li>Za\u0142\u00f3\u017ccie grupow\u0105 poczt\u0119 lub grup\u0119 na Messenger lub WhatsApp \u2013 to bardzo pomaga w dzieleniu si\u0119 informacjami i szybkiej komunikacji.<\/li>\n\n\n\n<li>Wymie\u0144cie si\u0119 nr telefon\u00f3w i adresami email z wyk\u0142adowcami (oczywi\u015bcie, je\u015bli wyk\u0142adowca nie b\u0119dzie mia\u0142 nic przeciwko).&nbsp;<\/li>\n\n\n\n<li>Zawsze informujcie wyk\u0142adowc\u0119, \u017ce nast\u0105pi\u0142a zmiana w planie i grupa nie przyjdzie na zaj\u0119cia \u2013 szanujmy sw\u00f3j czas.<\/li>\n\n\n\n<li>Nie ma twojej grupy, nie panikuj! Post\u0119puj wg. wskaz\u00f3wek: 1. Sprawd\u017a plan zaj\u0119\u0107, mo\u017ce czekasz w z\u0142ym miejscu. 2. Sprawd\u017a poczt\u0119 \u2013 mo\u017ce nast\u0105pi\u0142a jaka\u015b zmiana w planie zaj\u0119\u0107. 3. Skontaktuj si\u0119 z kim\u015b z twojej grupy \u2013 mo\u017ce on wie, co si\u0119 dzieje. 4. Zapytaj w pokoju nauczycielskim lub sekretariacie, czy jest dany wyk\u0142adowca. 5. Je\u015bli ju\u017c upewnisz si\u0119, \u017ce zaj\u0119cia s\u0105 odwo\u0142ane \u2013 id\u017a do domu \ud83d\ude09<\/li>\n<\/ul>\n","protected":false},"excerpt":{"rendered":"<p>Zak\u0142ad Studi\u00f3w Dwuj\u0119zykowych jest cz\u0119\u015bci\u0105 Instytutu Humanistycznego w PANS w Kro\u015bnie. Dyrektor Instytutu Humanistycznego: dr Joanna Ziobro-Strz\u0119pek Kierownik Zak\u0142adu Studi\u00f3w Dwuj\u0119zykowych: mgr Anna Hycnar Wi\u0119kszo\u015b\u0107 zaj\u0119\u0107 na kierunku DST odbywa si\u0119 w budynkach KW8 i KW4. Niekt\u00f3re zaj\u0119cia odbywaj\u0105 si\u0119: Aula \u2013 budynek KW4, I pi\u0119tro. Bar studencki \u2013 budynek [\u2026] <\/p>\n<div class=\"clear\"><\/div>\n<p><a class=\"more_link clearfix\" href=\"https:\/\/pans.krosno.pl\/dsdt\/abc-studenta-1-roku-kierunku-dwujezykowe-studia-dla-tlumaczy-w-pans\/\" rel=\"nofollow\">Read More<\/a><\/p>\n","protected":false},"author":88,"featured_media":2522,"comment_status":"closed","ping_status":"closed","sticky":false,"template":"","format":"standard","meta":{"ngg_post_thumbnail":0,"footnotes":""},"categories":[1],"tags":[],"class_list":["post-2520","post","type-post","status-publish","format-standard","has-post-thumbnail","hentry","category-bez-kategorii"],"yoast_head":"<!-- This site is optimized with the Yoast SEO Premium plugin v27.4 (Yoast SEO v27.4) - https:\/\/yoast.com\/product\/yoast-seo-premium-wordpress\/ -->\n<title>ABC studenta 1 roku kierunku Dwuj\u0119zykowe Studia dla T\u0142umaczy - Dwuj\u0119zykowe Studia dla T\u0142umaczy PANS w Kro\u015bnie<\/title>\n<meta name=\"robots\" content=\"index, follow, max-snippet:-1, max-image-preview:large, max-video-preview:-1\" \/>\n<link rel=\"canonical\" href=\"https:\/\/pans.krosno.pl\/dsdt\/abc-studenta-1-roku-kierunku-dwujezykowe-studia-dla-tlumaczy-w-pans\/\" \/>\n<meta property=\"og:locale\" content=\"pl_PL\" \/>\n<meta property=\"og:type\" content=\"article\" \/>\n<meta property=\"og:title\" content=\"ABC studenta 1 roku kierunku Dwuj\u0119zykowe Studia dla T\u0142umaczy\" \/>\n<meta property=\"og:description\" content=\"Zak\u0142ad Studi\u00f3w Dwuj\u0119zykowych jest cz\u0119\u015bci\u0105 Instytutu Humanistycznego w PANS w Kro\u015bnie. Dyrektor Instytutu Humanistycznego: dr Joanna Ziobro-Strz\u0119pek Kierownik Zak\u0142adu Studi\u00f3w Dwuj\u0119zykowych: mgr Anna Hycnar Wi\u0119kszo\u015b\u0107 zaj\u0119\u0107 na kierunku DST odbywa si\u0119 w budynkach KW8 i KW4. Niekt\u00f3re zaj\u0119cia odbywaj\u0105 si\u0119: Aula \u2013 budynek KW4, I pi\u0119tro. Bar studencki \u2013 budynek [\u2026] Read More\" \/>\n<meta property=\"og:url\" content=\"https:\/\/pans.krosno.pl\/dsdt\/abc-studenta-1-roku-kierunku-dwujezykowe-studia-dla-tlumaczy-w-pans\/\" \/>\n<meta property=\"og:site_name\" content=\"Dwuj\u0119zykowe Studia dla T\u0142umaczy PANS w Kro\u015bnie\" \/>\n<meta property=\"article:published_time\" content=\"2023-10-01T09:34:04+00:00\" \/>\n<meta property=\"article:modified_time\" content=\"2023-10-01T10:00:30+00:00\" \/>\n<meta property=\"og:image\" content=\"https:\/\/pans.krosno.pl\/wp-content\/uploads\/sites\/27\/2023\/10\/ABC.jpg\" \/>\n\t<meta property=\"og:image:width\" content=\"274\" \/>\n\t<meta property=\"og:image:height\" content=\"184\" \/>\n\t<meta property=\"og:image:type\" content=\"image\/jpeg\" \/>\n<meta name=\"author\" content=\"leszekhabrat\" \/>\n<meta name=\"twitter:card\" content=\"summary_large_image\" \/>\n<meta name=\"twitter:label1\" content=\"Napisane przez\" \/>\n\t<meta name=\"twitter:data1\" content=\"leszekhabrat\" \/>\n\t<meta name=\"twitter:label2\" content=\"Szacowany czas czytania\" \/>\n\t<meta name=\"twitter:data2\" content=\"3 minuty\" \/>\n<script type=\"application\/ld+json\" class=\"yoast-schema-graph\">{\"@context\":\"https:\\\/\\\/schema.org\",\"@graph\":[{\"@type\":\"Article\",\"@id\":\"https:\\\/\\\/pans.krosno.pl\\\/dsdt\\\/abc-studenta-1-roku-kierunku-dwujezykowe-studia-dla-tlumaczy-w-pans\\\/#article\",\"isPartOf\":{\"@id\":\"https:\\\/\\\/pans.krosno.pl\\\/dsdt\\\/abc-studenta-1-roku-kierunku-dwujezykowe-studia-dla-tlumaczy-w-pans\\\/\"},\"author\":{\"name\":\"leszekhabrat\",\"@id\":\"https:\\\/\\\/pans.krosno.pl\\\/dsdt\\\/#\\\/schema\\\/person\\\/3b6faeb1e29cab848dedf98faa506492\"},\"headline\":\"ABC studenta 1 roku kierunku Dwuj\u0119zykowe Studia dla T\u0142umaczy\",\"datePublished\":\"2023-10-01T09:34:04+00:00\",\"dateModified\":\"2023-10-01T10:00:30+00:00\",\"mainEntityOfPage\":{\"@id\":\"https:\\\/\\\/pans.krosno.pl\\\/dsdt\\\/abc-studenta-1-roku-kierunku-dwujezykowe-studia-dla-tlumaczy-w-pans\\\/\"},\"wordCount\":576,\"publisher\":{\"@id\":\"https:\\\/\\\/pans.krosno.pl\\\/dsdt\\\/#organization\"},\"image\":{\"@id\":\"https:\\\/\\\/pans.krosno.pl\\\/dsdt\\\/abc-studenta-1-roku-kierunku-dwujezykowe-studia-dla-tlumaczy-w-pans\\\/#primaryimage\"},\"thumbnailUrl\":\"https:\\\/\\\/pans.krosno.pl\\\/dsdt\\\/wp-content\\\/uploads\\\/sites\\\/27\\\/2023\\\/10\\\/ABC.jpg\",\"inLanguage\":\"pl-PL\"},{\"@type\":\"WebPage\",\"@id\":\"https:\\\/\\\/pans.krosno.pl\\\/dsdt\\\/abc-studenta-1-roku-kierunku-dwujezykowe-studia-dla-tlumaczy-w-pans\\\/\",\"url\":\"https:\\\/\\\/pans.krosno.pl\\\/dsdt\\\/abc-studenta-1-roku-kierunku-dwujezykowe-studia-dla-tlumaczy-w-pans\\\/\",\"name\":\"ABC studenta 1 roku kierunku Dwuj\u0119zykowe Studia dla T\u0142umaczy - Dwuj\u0119zykowe Studia dla T\u0142umaczy PANS w Kro\u015bnie\",\"isPartOf\":{\"@id\":\"https:\\\/\\\/pans.krosno.pl\\\/dsdt\\\/#website\"},\"primaryImageOfPage\":{\"@id\":\"https:\\\/\\\/pans.krosno.pl\\\/dsdt\\\/abc-studenta-1-roku-kierunku-dwujezykowe-studia-dla-tlumaczy-w-pans\\\/#primaryimage\"},\"image\":{\"@id\":\"https:\\\/\\\/pans.krosno.pl\\\/dsdt\\\/abc-studenta-1-roku-kierunku-dwujezykowe-studia-dla-tlumaczy-w-pans\\\/#primaryimage\"},\"thumbnailUrl\":\"https:\\\/\\\/pans.krosno.pl\\\/dsdt\\\/wp-content\\\/uploads\\\/sites\\\/27\\\/2023\\\/10\\\/ABC.jpg\",\"datePublished\":\"2023-10-01T09:34:04+00:00\",\"dateModified\":\"2023-10-01T10:00:30+00:00\",\"breadcrumb\":{\"@id\":\"https:\\\/\\\/pans.krosno.pl\\\/dsdt\\\/abc-studenta-1-roku-kierunku-dwujezykowe-studia-dla-tlumaczy-w-pans\\\/#breadcrumb\"},\"inLanguage\":\"pl-PL\",\"potentialAction\":[{\"@type\":\"ReadAction\",\"target\":[\"https:\\\/\\\/pans.krosno.pl\\\/dsdt\\\/abc-studenta-1-roku-kierunku-dwujezykowe-studia-dla-tlumaczy-w-pans\\\/\"]}]},{\"@type\":\"ImageObject\",\"inLanguage\":\"pl-PL\",\"@id\":\"https:\\\/\\\/pans.krosno.pl\\\/dsdt\\\/abc-studenta-1-roku-kierunku-dwujezykowe-studia-dla-tlumaczy-w-pans\\\/#primaryimage\",\"url\":\"https:\\\/\\\/pans.krosno.pl\\\/dsdt\\\/wp-content\\\/uploads\\\/sites\\\/27\\\/2023\\\/10\\\/ABC.jpg\",\"contentUrl\":\"https:\\\/\\\/pans.krosno.pl\\\/dsdt\\\/wp-content\\\/uploads\\\/sites\\\/27\\\/2023\\\/10\\\/ABC.jpg\",\"width\":274,\"height\":184},{\"@type\":\"BreadcrumbList\",\"@id\":\"https:\\\/\\\/pans.krosno.pl\\\/dsdt\\\/abc-studenta-1-roku-kierunku-dwujezykowe-studia-dla-tlumaczy-w-pans\\\/#breadcrumb\",\"itemListElement\":[{\"@type\":\"ListItem\",\"position\":1,\"name\":\"Strona g\u0142\u00f3wna\",\"item\":\"https:\\\/\\\/pans.krosno.pl\\\/dsdt\\\/\"},{\"@type\":\"ListItem\",\"position\":2,\"name\":\"ABC studenta 1 roku kierunku Dwuj\u0119zykowe Studia dla T\u0142umaczy\"}]},{\"@type\":\"WebSite\",\"@id\":\"https:\\\/\\\/pans.krosno.pl\\\/dsdt\\\/#website\",\"url\":\"https:\\\/\\\/pans.krosno.pl\\\/dsdt\\\/\",\"name\":\"Dwuj\u0119zykowe Studia dla T\u0142umaczy PANS w Kro\u015bnie\",\"description\":\"Dwuj\u0119zykowe Studia dla T\u0142umaczy - Pa\u0144stwowa Akademia Nauk Stosowanych\",\"publisher\":{\"@id\":\"https:\\\/\\\/pans.krosno.pl\\\/dsdt\\\/#organization\"},\"potentialAction\":[{\"@type\":\"SearchAction\",\"target\":{\"@type\":\"EntryPoint\",\"urlTemplate\":\"https:\\\/\\\/pans.krosno.pl\\\/dsdt\\\/?s={search_term_string}\"},\"query-input\":{\"@type\":\"PropertyValueSpecification\",\"valueRequired\":true,\"valueName\":\"search_term_string\"}}],\"inLanguage\":\"pl-PL\"},{\"@type\":\"Organization\",\"@id\":\"https:\\\/\\\/pans.krosno.pl\\\/dsdt\\\/#organization\",\"name\":\"Dwuj\u0119zykowe Studia dla T\u0142umaczy PANS w Kro\u015bnie\",\"url\":\"https:\\\/\\\/pans.krosno.pl\\\/dsdt\\\/\",\"logo\":{\"@type\":\"ImageObject\",\"inLanguage\":\"pl-PL\",\"@id\":\"https:\\\/\\\/pans.krosno.pl\\\/dsdt\\\/#\\\/schema\\\/logo\\\/image\\\/\",\"url\":\"https:\\\/\\\/pans.krosno.pl\\\/dsdt\\\/wp-content\\\/uploads\\\/sites\\\/27\\\/2023\\\/01\\\/Logo-PANS-2022-pelne.png\",\"contentUrl\":\"https:\\\/\\\/pans.krosno.pl\\\/dsdt\\\/wp-content\\\/uploads\\\/sites\\\/27\\\/2023\\\/01\\\/Logo-PANS-2022-pelne.png\",\"width\":3096,\"height\":696,\"caption\":\"Dwuj\u0119zykowe Studia dla T\u0142umaczy PANS w Kro\u015bnie\"},\"image\":{\"@id\":\"https:\\\/\\\/pans.krosno.pl\\\/dsdt\\\/#\\\/schema\\\/logo\\\/image\\\/\"}},{\"@type\":\"Person\",\"@id\":\"https:\\\/\\\/pans.krosno.pl\\\/dsdt\\\/#\\\/schema\\\/person\\\/3b6faeb1e29cab848dedf98faa506492\",\"name\":\"leszekhabrat\",\"image\":{\"@type\":\"ImageObject\",\"inLanguage\":\"pl-PL\",\"@id\":\"https:\\\/\\\/secure.gravatar.com\\\/avatar\\\/a9150664a8a5318dbce73a9520eb11ca04a28f6129b7a191d9b4976e6cae5a8c?s=96&d=mm&r=g\",\"url\":\"https:\\\/\\\/secure.gravatar.com\\\/avatar\\\/a9150664a8a5318dbce73a9520eb11ca04a28f6129b7a191d9b4976e6cae5a8c?s=96&d=mm&r=g\",\"contentUrl\":\"https:\\\/\\\/secure.gravatar.com\\\/avatar\\\/a9150664a8a5318dbce73a9520eb11ca04a28f6129b7a191d9b4976e6cae5a8c?s=96&d=mm&r=g\",\"caption\":\"leszekhabrat\"},\"url\":\"https:\\\/\\\/pans.krosno.pl\\\/dsdt\\\/author\\\/leszekhabrat\\\/\"}]}<\/script>\n<!-- \/ Yoast SEO Premium plugin. -->","yoast_head_json":{"title":"ABC studenta 1 roku kierunku Dwuj\u0119zykowe Studia dla T\u0142umaczy - Dwuj\u0119zykowe Studia dla T\u0142umaczy PANS w Kro\u015bnie","robots":{"index":"index","follow":"follow","max-snippet":"max-snippet:-1","max-image-preview":"max-image-preview:large","max-video-preview":"max-video-preview:-1"},"canonical":"https:\/\/pans.krosno.pl\/dsdt\/abc-studenta-1-roku-kierunku-dwujezykowe-studia-dla-tlumaczy-w-pans\/","og_locale":"pl_PL","og_type":"article","og_title":"ABC studenta 1 roku kierunku Dwuj\u0119zykowe Studia dla T\u0142umaczy","og_description":"Zak\u0142ad Studi\u00f3w Dwuj\u0119zykowych jest cz\u0119\u015bci\u0105 Instytutu Humanistycznego w PANS w Kro\u015bnie. Dyrektor Instytutu Humanistycznego: dr Joanna Ziobro-Strz\u0119pek Kierownik Zak\u0142adu Studi\u00f3w Dwuj\u0119zykowych: mgr Anna Hycnar Wi\u0119kszo\u015b\u0107 zaj\u0119\u0107 na kierunku DST odbywa si\u0119 w budynkach KW8 i KW4. Niekt\u00f3re zaj\u0119cia odbywaj\u0105 si\u0119: Aula \u2013 budynek KW4, I pi\u0119tro. Bar studencki \u2013 budynek [\u2026] Read More","og_url":"https:\/\/pans.krosno.pl\/dsdt\/abc-studenta-1-roku-kierunku-dwujezykowe-studia-dla-tlumaczy-w-pans\/","og_site_name":"Dwuj\u0119zykowe Studia dla T\u0142umaczy PANS w Kro\u015bnie","article_published_time":"2023-10-01T09:34:04+00:00","article_modified_time":"2023-10-01T10:00:30+00:00","og_image":[{"width":274,"height":184,"url":"https:\/\/pans.krosno.pl\/wp-content\/uploads\/sites\/27\/2023\/10\/ABC.jpg","type":"image\/jpeg"}],"author":"leszekhabrat","twitter_card":"summary_large_image","twitter_misc":{"Napisane przez":"leszekhabrat","Szacowany czas czytania":"3 minuty"},"schema":{"@context":"https:\/\/schema.org","@graph":[{"@type":"Article","@id":"https:\/\/pans.krosno.pl\/dsdt\/abc-studenta-1-roku-kierunku-dwujezykowe-studia-dla-tlumaczy-w-pans\/#article","isPartOf":{"@id":"https:\/\/pans.krosno.pl\/dsdt\/abc-studenta-1-roku-kierunku-dwujezykowe-studia-dla-tlumaczy-w-pans\/"},"author":{"name":"leszekhabrat","@id":"https:\/\/pans.krosno.pl\/dsdt\/#\/schema\/person\/3b6faeb1e29cab848dedf98faa506492"},"headline":"ABC studenta 1 roku kierunku Dwuj\u0119zykowe Studia dla T\u0142umaczy","datePublished":"2023-10-01T09:34:04+00:00","dateModified":"2023-10-01T10:00:30+00:00","mainEntityOfPage":{"@id":"https:\/\/pans.krosno.pl\/dsdt\/abc-studenta-1-roku-kierunku-dwujezykowe-studia-dla-tlumaczy-w-pans\/"},"wordCount":576,"publisher":{"@id":"https:\/\/pans.krosno.pl\/dsdt\/#organization"},"image":{"@id":"https:\/\/pans.krosno.pl\/dsdt\/abc-studenta-1-roku-kierunku-dwujezykowe-studia-dla-tlumaczy-w-pans\/#primaryimage"},"thumbnailUrl":"https:\/\/pans.krosno.pl\/dsdt\/wp-content\/uploads\/sites\/27\/2023\/10\/ABC.jpg","inLanguage":"pl-PL"},{"@type":"WebPage","@id":"https:\/\/pans.krosno.pl\/dsdt\/abc-studenta-1-roku-kierunku-dwujezykowe-studia-dla-tlumaczy-w-pans\/","url":"https:\/\/pans.krosno.pl\/dsdt\/abc-studenta-1-roku-kierunku-dwujezykowe-studia-dla-tlumaczy-w-pans\/","name":"ABC studenta 1 roku kierunku Dwuj\u0119zykowe Studia dla T\u0142umaczy - Dwuj\u0119zykowe Studia dla T\u0142umaczy PANS w Kro\u015bnie","isPartOf":{"@id":"https:\/\/pans.krosno.pl\/dsdt\/#website"},"primaryImageOfPage":{"@id":"https:\/\/pans.krosno.pl\/dsdt\/abc-studenta-1-roku-kierunku-dwujezykowe-studia-dla-tlumaczy-w-pans\/#primaryimage"},"image":{"@id":"https:\/\/pans.krosno.pl\/dsdt\/abc-studenta-1-roku-kierunku-dwujezykowe-studia-dla-tlumaczy-w-pans\/#primaryimage"},"thumbnailUrl":"https:\/\/pans.krosno.pl\/dsdt\/wp-content\/uploads\/sites\/27\/2023\/10\/ABC.jpg","datePublished":"2023-10-01T09:34:04+00:00","dateModified":"2023-10-01T10:00:30+00:00","breadcrumb":{"@id":"https:\/\/pans.krosno.pl\/dsdt\/abc-studenta-1-roku-kierunku-dwujezykowe-studia-dla-tlumaczy-w-pans\/#breadcrumb"},"inLanguage":"pl-PL","potentialAction":[{"@type":"ReadAction","target":["https:\/\/pans.krosno.pl\/dsdt\/abc-studenta-1-roku-kierunku-dwujezykowe-studia-dla-tlumaczy-w-pans\/"]}]},{"@type":"ImageObject","inLanguage":"pl-PL","@id":"https:\/\/pans.krosno.pl\/dsdt\/abc-studenta-1-roku-kierunku-dwujezykowe-studia-dla-tlumaczy-w-pans\/#primaryimage","url":"https:\/\/pans.krosno.pl\/dsdt\/wp-content\/uploads\/sites\/27\/2023\/10\/ABC.jpg","contentUrl":"https:\/\/pans.krosno.pl\/dsdt\/wp-content\/uploads\/sites\/27\/2023\/10\/ABC.jpg","width":274,"height":184},{"@type":"BreadcrumbList","@id":"https:\/\/pans.krosno.pl\/dsdt\/abc-studenta-1-roku-kierunku-dwujezykowe-studia-dla-tlumaczy-w-pans\/#breadcrumb","itemListElement":[{"@type":"ListItem","position":1,"name":"Strona g\u0142\u00f3wna","item":"https:\/\/pans.krosno.pl\/dsdt\/"},{"@type":"ListItem","position":2,"name":"ABC studenta 1 roku kierunku Dwuj\u0119zykowe Studia dla T\u0142umaczy"}]},{"@type":"WebSite","@id":"https:\/\/pans.krosno.pl\/dsdt\/#website","url":"https:\/\/pans.krosno.pl\/dsdt\/","name":"Dwuj\u0119zykowe Studia dla T\u0142umaczy PANS w Kro\u015bnie","description":"Dwuj\u0119zykowe Studia dla T\u0142umaczy - Pa\u0144stwowa Akademia Nauk Stosowanych","publisher":{"@id":"https:\/\/pans.krosno.pl\/dsdt\/#organization"},"potentialAction":[{"@type":"SearchAction","target":{"@type":"EntryPoint","urlTemplate":"https:\/\/pans.krosno.pl\/dsdt\/?s={search_term_string}"},"query-input":{"@type":"PropertyValueSpecification","valueRequired":true,"valueName":"search_term_string"}}],"inLanguage":"pl-PL"},{"@type":"Organization","@id":"https:\/\/pans.krosno.pl\/dsdt\/#organization","name":"Dwuj\u0119zykowe Studia dla T\u0142umaczy PANS w Kro\u015bnie","url":"https:\/\/pans.krosno.pl\/dsdt\/","logo":{"@type":"ImageObject","inLanguage":"pl-PL","@id":"https:\/\/pans.krosno.pl\/dsdt\/#\/schema\/logo\/image\/","url":"https:\/\/pans.krosno.pl\/dsdt\/wp-content\/uploads\/sites\/27\/2023\/01\/Logo-PANS-2022-pelne.png","contentUrl":"https:\/\/pans.krosno.pl\/dsdt\/wp-content\/uploads\/sites\/27\/2023\/01\/Logo-PANS-2022-pelne.png","width":3096,"height":696,"caption":"Dwuj\u0119zykowe Studia dla T\u0142umaczy PANS w Kro\u015bnie"},"image":{"@id":"https:\/\/pans.krosno.pl\/dsdt\/#\/schema\/logo\/image\/"}},{"@type":"Person","@id":"https:\/\/pans.krosno.pl\/dsdt\/#\/schema\/person\/3b6faeb1e29cab848dedf98faa506492","name":"leszekhabrat","image":{"@type":"ImageObject","inLanguage":"pl-PL","@id":"https:\/\/secure.gravatar.com\/avatar\/a9150664a8a5318dbce73a9520eb11ca04a28f6129b7a191d9b4976e6cae5a8c?s=96&d=mm&r=g","url":"https:\/\/secure.gravatar.com\/avatar\/a9150664a8a5318dbce73a9520eb11ca04a28f6129b7a191d9b4976e6cae5a8c?s=96&d=mm&r=g","contentUrl":"https:\/\/secure.gravatar.com\/avatar\/a9150664a8a5318dbce73a9520eb11ca04a28f6129b7a191d9b4976e6cae5a8c?s=96&d=mm&r=g","caption":"leszekhabrat"},"url":"https:\/\/pans.krosno.pl\/dsdt\/author\/leszekhabrat\/"}]}},"_links":{"self":[{"href":"https:\/\/pans.krosno.pl\/dsdt\/wp-json\/wp\/v2\/posts\/2520","targetHints":{"allow":["GET"]}}],"collection":[{"href":"https:\/\/pans.krosno.pl\/dsdt\/wp-json\/wp\/v2\/posts"}],"about":[{"href":"https:\/\/pans.krosno.pl\/dsdt\/wp-json\/wp\/v2\/types\/post"}],"author":[{"embeddable":true,"href":"https:\/\/pans.krosno.pl\/dsdt\/wp-json\/wp\/v2\/users\/88"}],"replies":[{"embeddable":true,"href":"https:\/\/pans.krosno.pl\/dsdt\/wp-json\/wp\/v2\/comments?post=2520"}],"version-history":[{"count":5,"href":"https:\/\/pans.krosno.pl\/dsdt\/wp-json\/wp\/v2\/posts\/2520\/revisions"}],"predecessor-version":[{"id":2528,"href":"https:\/\/pans.krosno.pl\/dsdt\/wp-json\/wp\/v2\/posts\/2520\/revisions\/2528"}],"wp:featuredmedia":[{"embeddable":true,"href":"https:\/\/pans.krosno.pl\/dsdt\/wp-json\/wp\/v2\/media\/2522"}],"wp:attachment":[{"href":"https:\/\/pans.krosno.pl\/dsdt\/wp-json\/wp\/v2\/media?parent=2520"}],"wp:term":[{"taxonomy":"category","embeddable":true,"href":"https:\/\/pans.krosno.pl\/dsdt\/wp-json\/wp\/v2\/categories?post=2520"},{"taxonomy":"post_tag","embeddable":true,"href":"https:\/\/pans.krosno.pl\/dsdt\/wp-json\/wp\/v2\/tags?post=2520"}],"curies":[{"name":"wp","href":"https:\/\/api.w.org\/{rel}","templated":true}]}}