{"id":1037,"date":"2022-10-24T16:55:36","date_gmt":"2022-10-24T14:55:36","guid":{"rendered":"https:\/\/pans.krosno.pl\/dsdt\/?p=1037"},"modified":"2022-10-24T16:57:03","modified_gmt":"2022-10-24T14:57:03","slug":"vii-akcja-sprzatania-cmentarzy-z-i-wojny-swiatowej-z-udzialem-studentow-dwujezykowych-studiow-dla-tlumaczy","status":"publish","type":"post","link":"https:\/\/pans.krosno.pl\/dsdt\/vii-akcja-sprzatania-cmentarzy-z-i-wojny-swiatowej-z-udzialem-studentow-dwujezykowych-studiow-dla-tlumaczy\/","title":{"rendered":"VII Akcja sprz\u0105tania cmentarzy z I wojny \u015bwiatowej z udzia\u0142em student\u00f3w Dwuj\u0119zykowych studi\u00f3w dla t\u0142umaczy."},"content":{"rendered":"\n<p>Wzorem lat ubieg\u0142ych studenci Dwuj\u0119zykowych studi\u00f3w dla t\u0142umaczy KPU w Kro\u015bnie w\u0142\u0105czyli si\u0119 w Akcj\u0119 sprz\u0105tania cmentarzy z I wojny \u015bwiatowej, tym razem organizowan\u0105 ju\u017c po raz si\u00f3dmy na terenie Biecza, Bobowej, Gorlic oraz gmin, Krempna, \u0141u\u017cna, Moszczenica, Ropa, S\u0119kowa i U\u015bcie Gorlickie. Inicjatorami i koordynatorami Akcji jest Ko\u0142o PTTK nr 8 &#8211; Klub G\u00f3rski &#8222;Or\u0142y&#8221; przy Komendzie Sto\u0142ecznej Policji w Warszawie. \u0141\u0105cznie pracami porz\u0105dkowymi obj\u0119to w pa\u017adzierniku tego roku 84 cmentarze wojenne, a patronat honorowy nad t\u0105 spo\u0142eczn\u0105 inicjatyw\u0105 obj\u0119li Wojewoda Ma\u0142opolski \u0141ukasz Kmita oraz Konsul Generalny W\u0119gier w Krakowie Tibor Gerencs\u00e9r.<\/p>\n\n\n\n<p>Studentki III roku DST: Aleksandra, Joanna i Karolina oraz studenci I roku DST: Agata, Bernadetta i Matvii wraz z mgr Ann\u0105 Hycnar porz\u0105dkowali tereny cmentarza nr 62 w Banicy (nad kt\u00f3rym KPU sprawuje od wielu lat opiek\u0119) oraz nr 45 w Lipnej. Na obu cmentarzach pracowali\u015bmy razem z policjantami Komendy Sto\u0142ecznej Policji w Warszawie, zrzeszonymi w Klubie G\u00f3rskim \u201eOr\u0142y\u201d.&nbsp; W ostatnim dniu akcji mgr Anna Hycnar bra\u0142a udzia\u0142 r\u00f3wnie\u017c w spotkaniu podsumowuj\u0105cym akcj\u0119 w Biesnej, w gminie \u0141u\u017cna. Na spotkanie przybyli licznie zaproszeni go\u015bcie reprezentuj\u0105cy Austriacki Czarny Krzy\u017c, administracj\u0119 rz\u0105dow\u0105, samorz\u0105dow\u0105 oraz opiekun\u00f3w cmentarzy i pasjonat\u00f3w historii.<\/p>\n\n\n\n<figure class=\"wp-block-gallery has-nested-images columns-default is-cropped wp-block-gallery-1 is-layout-flex wp-block-gallery-is-layout-flex\">\n<figure class=\"wp-block-image size-large\"><img loading=\"lazy\" decoding=\"async\" width=\"1024\" height=\"768\" data-id=\"1043\" src=\"https:\/\/pans.krosno.pl\/dsdt\/wp-content\/uploads\/sites\/27\/2022\/10\/2B0311C2-AAAA-461E-8C51-F05AC373D7C2-1024x768.jpeg\" alt=\"\" class=\"wp-image-1043\" srcset=\"https:\/\/pans.krosno.pl\/dsdt\/wp-content\/uploads\/sites\/27\/2022\/10\/2B0311C2-AAAA-461E-8C51-F05AC373D7C2-1024x768.jpeg 1024w, https:\/\/pans.krosno.pl\/dsdt\/wp-content\/uploads\/sites\/27\/2022\/10\/2B0311C2-AAAA-461E-8C51-F05AC373D7C2-300x225.jpeg 300w, https:\/\/pans.krosno.pl\/dsdt\/wp-content\/uploads\/sites\/27\/2022\/10\/2B0311C2-AAAA-461E-8C51-F05AC373D7C2-768x576.jpeg 768w, https:\/\/pans.krosno.pl\/dsdt\/wp-content\/uploads\/sites\/27\/2022\/10\/2B0311C2-AAAA-461E-8C51-F05AC373D7C2-1536x1152.jpeg 1536w, https:\/\/pans.krosno.pl\/dsdt\/wp-content\/uploads\/sites\/27\/2022\/10\/2B0311C2-AAAA-461E-8C51-F05AC373D7C2-800x600.jpeg 800w, https:\/\/pans.krosno.pl\/dsdt\/wp-content\/uploads\/sites\/27\/2022\/10\/2B0311C2-AAAA-461E-8C51-F05AC373D7C2-580x435.jpeg 580w, https:\/\/pans.krosno.pl\/dsdt\/wp-content\/uploads\/sites\/27\/2022\/10\/2B0311C2-AAAA-461E-8C51-F05AC373D7C2.jpeg 1920w\" sizes=\"auto, (max-width: 1024px) 100vw, 1024px\" \/><\/figure>\n\n\n\n<figure class=\"wp-block-image size-large\"><img loading=\"lazy\" decoding=\"async\" width=\"1024\" height=\"768\" data-id=\"1047\" src=\"https:\/\/pans.krosno.pl\/dsdt\/wp-content\/uploads\/sites\/27\/2022\/10\/2BFC6D94-1AAA-4AC5-B47A-DDFA0B3CE2EC-1-1024x768.jpeg\" alt=\"\" class=\"wp-image-1047\" srcset=\"https:\/\/pans.krosno.pl\/dsdt\/wp-content\/uploads\/sites\/27\/2022\/10\/2BFC6D94-1AAA-4AC5-B47A-DDFA0B3CE2EC-1-1024x768.jpeg 1024w, https:\/\/pans.krosno.pl\/dsdt\/wp-content\/uploads\/sites\/27\/2022\/10\/2BFC6D94-1AAA-4AC5-B47A-DDFA0B3CE2EC-1-300x225.jpeg 300w, https:\/\/pans.krosno.pl\/dsdt\/wp-content\/uploads\/sites\/27\/2022\/10\/2BFC6D94-1AAA-4AC5-B47A-DDFA0B3CE2EC-1-768x576.jpeg 768w, https:\/\/pans.krosno.pl\/dsdt\/wp-content\/uploads\/sites\/27\/2022\/10\/2BFC6D94-1AAA-4AC5-B47A-DDFA0B3CE2EC-1-1536x1152.jpeg 1536w, https:\/\/pans.krosno.pl\/dsdt\/wp-content\/uploads\/sites\/27\/2022\/10\/2BFC6D94-1AAA-4AC5-B47A-DDFA0B3CE2EC-1-2048x1536.jpeg 2048w, https:\/\/pans.krosno.pl\/dsdt\/wp-content\/uploads\/sites\/27\/2022\/10\/2BFC6D94-1AAA-4AC5-B47A-DDFA0B3CE2EC-1-2000x1500.jpeg 2000w, https:\/\/pans.krosno.pl\/dsdt\/wp-content\/uploads\/sites\/27\/2022\/10\/2BFC6D94-1AAA-4AC5-B47A-DDFA0B3CE2EC-1-800x600.jpeg 800w, https:\/\/pans.krosno.pl\/dsdt\/wp-content\/uploads\/sites\/27\/2022\/10\/2BFC6D94-1AAA-4AC5-B47A-DDFA0B3CE2EC-1-580x435.jpeg 580w\" sizes=\"auto, (max-width: 1024px) 100vw, 1024px\" \/><\/figure>\n\n\n\n<figure class=\"wp-block-image size-large\"><img loading=\"lazy\" decoding=\"async\" width=\"768\" height=\"1024\" data-id=\"1041\" src=\"https:\/\/pans.krosno.pl\/dsdt\/wp-content\/uploads\/sites\/27\/2022\/10\/23F5B767-E5DF-4C11-A40E-B29D2350FB3C-768x1024.jpeg\" alt=\"\" class=\"wp-image-1041\" srcset=\"https:\/\/pans.krosno.pl\/dsdt\/wp-content\/uploads\/sites\/27\/2022\/10\/23F5B767-E5DF-4C11-A40E-B29D2350FB3C-768x1024.jpeg 768w, https:\/\/pans.krosno.pl\/dsdt\/wp-content\/uploads\/sites\/27\/2022\/10\/23F5B767-E5DF-4C11-A40E-B29D2350FB3C-225x300.jpeg 225w, https:\/\/pans.krosno.pl\/dsdt\/wp-content\/uploads\/sites\/27\/2022\/10\/23F5B767-E5DF-4C11-A40E-B29D2350FB3C-1152x1536.jpeg 1152w, https:\/\/pans.krosno.pl\/dsdt\/wp-content\/uploads\/sites\/27\/2022\/10\/23F5B767-E5DF-4C11-A40E-B29D2350FB3C-800x1067.jpeg 800w, https:\/\/pans.krosno.pl\/dsdt\/wp-content\/uploads\/sites\/27\/2022\/10\/23F5B767-E5DF-4C11-A40E-B29D2350FB3C-580x773.jpeg 580w, https:\/\/pans.krosno.pl\/dsdt\/wp-content\/uploads\/sites\/27\/2022\/10\/23F5B767-E5DF-4C11-A40E-B29D2350FB3C.jpeg 1440w\" sizes=\"auto, (max-width: 768px) 100vw, 768px\" \/><\/figure>\n\n\n\n<figure class=\"wp-block-image size-large\"><img loading=\"lazy\" decoding=\"async\" width=\"768\" height=\"1024\" data-id=\"1045\" src=\"https:\/\/pans.krosno.pl\/dsdt\/wp-content\/uploads\/sites\/27\/2022\/10\/63A972E7-BEA2-4D08-B9C9-E892BBE0C8BD-768x1024.jpeg\" alt=\"\" class=\"wp-image-1045\" srcset=\"https:\/\/pans.krosno.pl\/dsdt\/wp-content\/uploads\/sites\/27\/2022\/10\/63A972E7-BEA2-4D08-B9C9-E892BBE0C8BD-768x1024.jpeg 768w, https:\/\/pans.krosno.pl\/dsdt\/wp-content\/uploads\/sites\/27\/2022\/10\/63A972E7-BEA2-4D08-B9C9-E892BBE0C8BD-225x300.jpeg 225w, https:\/\/pans.krosno.pl\/dsdt\/wp-content\/uploads\/sites\/27\/2022\/10\/63A972E7-BEA2-4D08-B9C9-E892BBE0C8BD-1152x1536.jpeg 1152w, https:\/\/pans.krosno.pl\/dsdt\/wp-content\/uploads\/sites\/27\/2022\/10\/63A972E7-BEA2-4D08-B9C9-E892BBE0C8BD-800x1067.jpeg 800w, https:\/\/pans.krosno.pl\/dsdt\/wp-content\/uploads\/sites\/27\/2022\/10\/63A972E7-BEA2-4D08-B9C9-E892BBE0C8BD-580x773.jpeg 580w, https:\/\/pans.krosno.pl\/dsdt\/wp-content\/uploads\/sites\/27\/2022\/10\/63A972E7-BEA2-4D08-B9C9-E892BBE0C8BD.jpeg 1440w\" sizes=\"auto, (max-width: 768px) 100vw, 768px\" \/><\/figure>\n\n\n\n<figure class=\"wp-block-image size-large\"><img loading=\"lazy\" decoding=\"async\" width=\"768\" height=\"1024\" data-id=\"1048\" src=\"https:\/\/pans.krosno.pl\/dsdt\/wp-content\/uploads\/sites\/27\/2022\/10\/88B3BD2C-B32E-41AD-82BE-5CA16D3FE8F9-768x1024.jpeg\" alt=\"\" class=\"wp-image-1048\" srcset=\"https:\/\/pans.krosno.pl\/dsdt\/wp-content\/uploads\/sites\/27\/2022\/10\/88B3BD2C-B32E-41AD-82BE-5CA16D3FE8F9-768x1024.jpeg 768w, https:\/\/pans.krosno.pl\/dsdt\/wp-content\/uploads\/sites\/27\/2022\/10\/88B3BD2C-B32E-41AD-82BE-5CA16D3FE8F9-225x300.jpeg 225w, https:\/\/pans.krosno.pl\/dsdt\/wp-content\/uploads\/sites\/27\/2022\/10\/88B3BD2C-B32E-41AD-82BE-5CA16D3FE8F9-1152x1536.jpeg 1152w, https:\/\/pans.krosno.pl\/dsdt\/wp-content\/uploads\/sites\/27\/2022\/10\/88B3BD2C-B32E-41AD-82BE-5CA16D3FE8F9-800x1067.jpeg 800w, https:\/\/pans.krosno.pl\/dsdt\/wp-content\/uploads\/sites\/27\/2022\/10\/88B3BD2C-B32E-41AD-82BE-5CA16D3FE8F9-580x773.jpeg 580w, https:\/\/pans.krosno.pl\/dsdt\/wp-content\/uploads\/sites\/27\/2022\/10\/88B3BD2C-B32E-41AD-82BE-5CA16D3FE8F9.jpeg 1440w\" sizes=\"auto, (max-width: 768px) 100vw, 768px\" \/><\/figure>\n\n\n\n<figure class=\"wp-block-image size-large\"><img loading=\"lazy\" decoding=\"async\" width=\"1024\" height=\"612\" data-id=\"1049\" src=\"https:\/\/pans.krosno.pl\/dsdt\/wp-content\/uploads\/sites\/27\/2022\/10\/6695E177-09F5-4660-8882-FB061C9BE09D-1024x612.jpeg\" alt=\"\" class=\"wp-image-1049\" srcset=\"https:\/\/pans.krosno.pl\/dsdt\/wp-content\/uploads\/sites\/27\/2022\/10\/6695E177-09F5-4660-8882-FB061C9BE09D-1024x612.jpeg 1024w, https:\/\/pans.krosno.pl\/dsdt\/wp-content\/uploads\/sites\/27\/2022\/10\/6695E177-09F5-4660-8882-FB061C9BE09D-300x179.jpeg 300w, https:\/\/pans.krosno.pl\/dsdt\/wp-content\/uploads\/sites\/27\/2022\/10\/6695E177-09F5-4660-8882-FB061C9BE09D-768x459.jpeg 768w, https:\/\/pans.krosno.pl\/dsdt\/wp-content\/uploads\/sites\/27\/2022\/10\/6695E177-09F5-4660-8882-FB061C9BE09D-1536x919.jpeg 1536w, https:\/\/pans.krosno.pl\/dsdt\/wp-content\/uploads\/sites\/27\/2022\/10\/6695E177-09F5-4660-8882-FB061C9BE09D-2048x1225.jpeg 2048w, https:\/\/pans.krosno.pl\/dsdt\/wp-content\/uploads\/sites\/27\/2022\/10\/6695E177-09F5-4660-8882-FB061C9BE09D-2000x1196.jpeg 2000w, https:\/\/pans.krosno.pl\/dsdt\/wp-content\/uploads\/sites\/27\/2022\/10\/6695E177-09F5-4660-8882-FB061C9BE09D-800x478.jpeg 800w, https:\/\/pans.krosno.pl\/dsdt\/wp-content\/uploads\/sites\/27\/2022\/10\/6695E177-09F5-4660-8882-FB061C9BE09D-580x347.jpeg 580w\" sizes=\"auto, (max-width: 1024px) 100vw, 1024px\" \/><\/figure>\n\n\n\n<figure class=\"wp-block-image size-large\"><img loading=\"lazy\" decoding=\"async\" width=\"1024\" height=\"768\" data-id=\"1053\" src=\"https:\/\/pans.krosno.pl\/dsdt\/wp-content\/uploads\/sites\/27\/2022\/10\/40785B00-EFC5-426E-9188-24D8828BF9C7-1024x768.jpeg\" alt=\"\" class=\"wp-image-1053\" srcset=\"https:\/\/pans.krosno.pl\/dsdt\/wp-content\/uploads\/sites\/27\/2022\/10\/40785B00-EFC5-426E-9188-24D8828BF9C7-1024x768.jpeg 1024w, https:\/\/pans.krosno.pl\/dsdt\/wp-content\/uploads\/sites\/27\/2022\/10\/40785B00-EFC5-426E-9188-24D8828BF9C7-300x225.jpeg 300w, https:\/\/pans.krosno.pl\/dsdt\/wp-content\/uploads\/sites\/27\/2022\/10\/40785B00-EFC5-426E-9188-24D8828BF9C7-768x576.jpeg 768w, https:\/\/pans.krosno.pl\/dsdt\/wp-content\/uploads\/sites\/27\/2022\/10\/40785B00-EFC5-426E-9188-24D8828BF9C7-1536x1152.jpeg 1536w, https:\/\/pans.krosno.pl\/dsdt\/wp-content\/uploads\/sites\/27\/2022\/10\/40785B00-EFC5-426E-9188-24D8828BF9C7-2048x1536.jpeg 2048w, https:\/\/pans.krosno.pl\/dsdt\/wp-content\/uploads\/sites\/27\/2022\/10\/40785B00-EFC5-426E-9188-24D8828BF9C7-2000x1500.jpeg 2000w, https:\/\/pans.krosno.pl\/dsdt\/wp-content\/uploads\/sites\/27\/2022\/10\/40785B00-EFC5-426E-9188-24D8828BF9C7-800x600.jpeg 800w, https:\/\/pans.krosno.pl\/dsdt\/wp-content\/uploads\/sites\/27\/2022\/10\/40785B00-EFC5-426E-9188-24D8828BF9C7-580x435.jpeg 580w\" sizes=\"auto, (max-width: 1024px) 100vw, 1024px\" \/><\/figure>\n\n\n\n<figure class=\"wp-block-image size-large\"><img loading=\"lazy\" decoding=\"async\" width=\"768\" height=\"1024\" data-id=\"1055\" src=\"https:\/\/pans.krosno.pl\/dsdt\/wp-content\/uploads\/sites\/27\/2022\/10\/2249804F-9FCB-4E88-9E0C-652167CFB658-768x1024.jpeg\" alt=\"\" class=\"wp-image-1055\" srcset=\"https:\/\/pans.krosno.pl\/dsdt\/wp-content\/uploads\/sites\/27\/2022\/10\/2249804F-9FCB-4E88-9E0C-652167CFB658-768x1024.jpeg 768w, https:\/\/pans.krosno.pl\/dsdt\/wp-content\/uploads\/sites\/27\/2022\/10\/2249804F-9FCB-4E88-9E0C-652167CFB658-225x300.jpeg 225w, https:\/\/pans.krosno.pl\/dsdt\/wp-content\/uploads\/sites\/27\/2022\/10\/2249804F-9FCB-4E88-9E0C-652167CFB658-1152x1536.jpeg 1152w, https:\/\/pans.krosno.pl\/dsdt\/wp-content\/uploads\/sites\/27\/2022\/10\/2249804F-9FCB-4E88-9E0C-652167CFB658-800x1067.jpeg 800w, https:\/\/pans.krosno.pl\/dsdt\/wp-content\/uploads\/sites\/27\/2022\/10\/2249804F-9FCB-4E88-9E0C-652167CFB658-580x773.jpeg 580w, https:\/\/pans.krosno.pl\/dsdt\/wp-content\/uploads\/sites\/27\/2022\/10\/2249804F-9FCB-4E88-9E0C-652167CFB658.jpeg 1440w\" sizes=\"auto, (max-width: 768px) 100vw, 768px\" \/><\/figure>\n\n\n\n\n\n<figure class=\"wp-block-image size-large\"><img loading=\"lazy\" decoding=\"async\" width=\"1024\" height=\"768\" data-id=\"1057\" src=\"https:\/\/pans.krosno.pl\/dsdt\/wp-content\/uploads\/sites\/27\/2022\/10\/AB6EBB4A-DDDA-4576-B738-ED2ECC539B0A-1024x768.jpeg\" alt=\"\" class=\"wp-image-1057\" srcset=\"https:\/\/pans.krosno.pl\/dsdt\/wp-content\/uploads\/sites\/27\/2022\/10\/AB6EBB4A-DDDA-4576-B738-ED2ECC539B0A-1024x768.jpeg 1024w, https:\/\/pans.krosno.pl\/dsdt\/wp-content\/uploads\/sites\/27\/2022\/10\/AB6EBB4A-DDDA-4576-B738-ED2ECC539B0A-300x225.jpeg 300w, https:\/\/pans.krosno.pl\/dsdt\/wp-content\/uploads\/sites\/27\/2022\/10\/AB6EBB4A-DDDA-4576-B738-ED2ECC539B0A-768x576.jpeg 768w, https:\/\/pans.krosno.pl\/dsdt\/wp-content\/uploads\/sites\/27\/2022\/10\/AB6EBB4A-DDDA-4576-B738-ED2ECC539B0A-1536x1152.jpeg 1536w, https:\/\/pans.krosno.pl\/dsdt\/wp-content\/uploads\/sites\/27\/2022\/10\/AB6EBB4A-DDDA-4576-B738-ED2ECC539B0A-800x600.jpeg 800w, https:\/\/pans.krosno.pl\/dsdt\/wp-content\/uploads\/sites\/27\/2022\/10\/AB6EBB4A-DDDA-4576-B738-ED2ECC539B0A-580x435.jpeg 580w, https:\/\/pans.krosno.pl\/dsdt\/wp-content\/uploads\/sites\/27\/2022\/10\/AB6EBB4A-DDDA-4576-B738-ED2ECC539B0A.jpeg 1920w\" sizes=\"auto, (max-width: 1024px) 100vw, 1024px\" \/><\/figure>\n\n\n\n<figure class=\"wp-block-image size-large\"><img loading=\"lazy\" decoding=\"async\" width=\"1024\" height=\"768\" data-id=\"1059\" src=\"https:\/\/pans.krosno.pl\/dsdt\/wp-content\/uploads\/sites\/27\/2022\/10\/B9E45545-FA5A-4A3F-858D-35AA885A875B-1024x768.jpeg\" alt=\"\" class=\"wp-image-1059\" srcset=\"https:\/\/pans.krosno.pl\/dsdt\/wp-content\/uploads\/sites\/27\/2022\/10\/B9E45545-FA5A-4A3F-858D-35AA885A875B-1024x768.jpeg 1024w, https:\/\/pans.krosno.pl\/dsdt\/wp-content\/uploads\/sites\/27\/2022\/10\/B9E45545-FA5A-4A3F-858D-35AA885A875B-300x225.jpeg 300w, https:\/\/pans.krosno.pl\/dsdt\/wp-content\/uploads\/sites\/27\/2022\/10\/B9E45545-FA5A-4A3F-858D-35AA885A875B-768x576.jpeg 768w, https:\/\/pans.krosno.pl\/dsdt\/wp-content\/uploads\/sites\/27\/2022\/10\/B9E45545-FA5A-4A3F-858D-35AA885A875B-1536x1152.jpeg 1536w, https:\/\/pans.krosno.pl\/dsdt\/wp-content\/uploads\/sites\/27\/2022\/10\/B9E45545-FA5A-4A3F-858D-35AA885A875B-800x600.jpeg 800w, https:\/\/pans.krosno.pl\/dsdt\/wp-content\/uploads\/sites\/27\/2022\/10\/B9E45545-FA5A-4A3F-858D-35AA885A875B-580x435.jpeg 580w, https:\/\/pans.krosno.pl\/dsdt\/wp-content\/uploads\/sites\/27\/2022\/10\/B9E45545-FA5A-4A3F-858D-35AA885A875B.jpeg 1920w\" sizes=\"auto, (max-width: 1024px) 100vw, 1024px\" \/><\/figure>\n\n\n\n<figure class=\"wp-block-image size-large\"><img loading=\"lazy\" decoding=\"async\" width=\"1024\" height=\"768\" data-id=\"1063\" src=\"https:\/\/pans.krosno.pl\/dsdt\/wp-content\/uploads\/sites\/27\/2022\/10\/E9F5C5FA-141D-4CBD-8FEE-B87ED8466BF3-1024x768.jpeg\" alt=\"\" class=\"wp-image-1063\" srcset=\"https:\/\/pans.krosno.pl\/dsdt\/wp-content\/uploads\/sites\/27\/2022\/10\/E9F5C5FA-141D-4CBD-8FEE-B87ED8466BF3-1024x768.jpeg 1024w, https:\/\/pans.krosno.pl\/dsdt\/wp-content\/uploads\/sites\/27\/2022\/10\/E9F5C5FA-141D-4CBD-8FEE-B87ED8466BF3-300x225.jpeg 300w, https:\/\/pans.krosno.pl\/dsdt\/wp-content\/uploads\/sites\/27\/2022\/10\/E9F5C5FA-141D-4CBD-8FEE-B87ED8466BF3-768x576.jpeg 768w, https:\/\/pans.krosno.pl\/dsdt\/wp-content\/uploads\/sites\/27\/2022\/10\/E9F5C5FA-141D-4CBD-8FEE-B87ED8466BF3-1536x1152.jpeg 1536w, https:\/\/pans.krosno.pl\/dsdt\/wp-content\/uploads\/sites\/27\/2022\/10\/E9F5C5FA-141D-4CBD-8FEE-B87ED8466BF3-2048x1536.jpeg 2048w, https:\/\/pans.krosno.pl\/dsdt\/wp-content\/uploads\/sites\/27\/2022\/10\/E9F5C5FA-141D-4CBD-8FEE-B87ED8466BF3-2000x1500.jpeg 2000w, https:\/\/pans.krosno.pl\/dsdt\/wp-content\/uploads\/sites\/27\/2022\/10\/E9F5C5FA-141D-4CBD-8FEE-B87ED8466BF3-800x600.jpeg 800w, https:\/\/pans.krosno.pl\/dsdt\/wp-content\/uploads\/sites\/27\/2022\/10\/E9F5C5FA-141D-4CBD-8FEE-B87ED8466BF3-580x435.jpeg 580w\" sizes=\"auto, (max-width: 1024px) 100vw, 1024px\" \/><\/figure>\n\n\n\n<figure class=\"wp-block-image size-large\"><img loading=\"lazy\" decoding=\"async\" width=\"1024\" height=\"768\" data-id=\"1061\" src=\"https:\/\/pans.krosno.pl\/dsdt\/wp-content\/uploads\/sites\/27\/2022\/10\/FEE441DA-5E2B-4CF6-B0A9-BDD874821770-1024x768.jpeg\" alt=\"\" class=\"wp-image-1061\" srcset=\"https:\/\/pans.krosno.pl\/dsdt\/wp-content\/uploads\/sites\/27\/2022\/10\/FEE441DA-5E2B-4CF6-B0A9-BDD874821770-1024x768.jpeg 1024w, https:\/\/pans.krosno.pl\/dsdt\/wp-content\/uploads\/sites\/27\/2022\/10\/FEE441DA-5E2B-4CF6-B0A9-BDD874821770-300x225.jpeg 300w, https:\/\/pans.krosno.pl\/dsdt\/wp-content\/uploads\/sites\/27\/2022\/10\/FEE441DA-5E2B-4CF6-B0A9-BDD874821770-768x576.jpeg 768w, https:\/\/pans.krosno.pl\/dsdt\/wp-content\/uploads\/sites\/27\/2022\/10\/FEE441DA-5E2B-4CF6-B0A9-BDD874821770-1536x1152.jpeg 1536w, https:\/\/pans.krosno.pl\/dsdt\/wp-content\/uploads\/sites\/27\/2022\/10\/FEE441DA-5E2B-4CF6-B0A9-BDD874821770-800x600.jpeg 800w, https:\/\/pans.krosno.pl\/dsdt\/wp-content\/uploads\/sites\/27\/2022\/10\/FEE441DA-5E2B-4CF6-B0A9-BDD874821770-580x435.jpeg 580w, https:\/\/pans.krosno.pl\/dsdt\/wp-content\/uploads\/sites\/27\/2022\/10\/FEE441DA-5E2B-4CF6-B0A9-BDD874821770.jpeg 1920w\" sizes=\"auto, (max-width: 1024px) 100vw, 1024px\" \/><\/figure>\n<\/figure>\n","protected":false},"excerpt":{"rendered":"<p>Wzorem lat ubieg\u0142ych studenci Dwuj\u0119zykowych studi\u00f3w dla t\u0142umaczy KPU w Kro\u015bnie w\u0142\u0105czyli si\u0119 w Akcj\u0119 sprz\u0105tania cmentarzy z I wojny \u015bwiatowej, tym razem organizowan\u0105 ju\u017c po raz si\u00f3dmy na terenie Biecza, Bobowej, Gorlic oraz gmin, Krempna, \u0141u\u017cna, Moszczenica, Ropa, S\u0119kowa i U\u015bcie Gorlickie. Inicjatorami i koordynatorami Akcji jest Ko\u0142o PTTK [\u2026] <\/p>\n<div class=\"clear\"><\/div>\n<p><a class=\"more_link clearfix\" href=\"https:\/\/pans.krosno.pl\/dsdt\/vii-akcja-sprzatania-cmentarzy-z-i-wojny-swiatowej-z-udzialem-studentow-dwujezykowych-studiow-dla-tlumaczy\/\" rel=\"nofollow\">Read More<\/a><\/p>\n","protected":false},"author":88,"featured_media":1038,"comment_status":"open","ping_status":"open","sticky":false,"template":"","format":"standard","meta":{"ngg_post_thumbnail":0,"footnotes":""},"categories":[1],"tags":[],"class_list":["post-1037","post","type-post","status-publish","format-standard","has-post-thumbnail","hentry","category-bez-kategorii"],"yoast_head":"<!-- This site is optimized with the Yoast SEO Premium plugin v27.4 (Yoast SEO v27.4) - https:\/\/yoast.com\/product\/yoast-seo-premium-wordpress\/ -->\n<title>VII Akcja sprz\u0105tania cmentarzy z I wojny \u015bwiatowej z udzia\u0142em student\u00f3w Dwuj\u0119zykowych studi\u00f3w dla t\u0142umaczy. - Dwuj\u0119zykowe Studia dla T\u0142umaczy PANS w Kro\u015bnie<\/title>\n<meta name=\"robots\" content=\"index, follow, max-snippet:-1, max-image-preview:large, max-video-preview:-1\" \/>\n<link rel=\"canonical\" href=\"https:\/\/pans.krosno.pl\/dsdt\/vii-akcja-sprzatania-cmentarzy-z-i-wojny-swiatowej-z-udzialem-studentow-dwujezykowych-studiow-dla-tlumaczy\/\" \/>\n<meta property=\"og:locale\" content=\"pl_PL\" \/>\n<meta property=\"og:type\" content=\"article\" \/>\n<meta property=\"og:title\" content=\"VII Akcja sprz\u0105tania cmentarzy z I wojny \u015bwiatowej z udzia\u0142em student\u00f3w Dwuj\u0119zykowych studi\u00f3w dla t\u0142umaczy.\" \/>\n<meta property=\"og:description\" content=\"Wzorem lat ubieg\u0142ych studenci Dwuj\u0119zykowych studi\u00f3w dla t\u0142umaczy KPU w Kro\u015bnie w\u0142\u0105czyli si\u0119 w Akcj\u0119 sprz\u0105tania cmentarzy z I wojny \u015bwiatowej, tym razem organizowan\u0105 ju\u017c po raz si\u00f3dmy na terenie Biecza, Bobowej, Gorlic oraz gmin, Krempna, \u0141u\u017cna, Moszczenica, Ropa, S\u0119kowa i U\u015bcie Gorlickie. Inicjatorami i koordynatorami Akcji jest Ko\u0142o PTTK [\u2026] Read More\" \/>\n<meta property=\"og:url\" content=\"https:\/\/pans.krosno.pl\/dsdt\/vii-akcja-sprzatania-cmentarzy-z-i-wojny-swiatowej-z-udzialem-studentow-dwujezykowych-studiow-dla-tlumaczy\/\" \/>\n<meta property=\"og:site_name\" content=\"Dwuj\u0119zykowe Studia dla T\u0142umaczy PANS w Kro\u015bnie\" \/>\n<meta property=\"article:published_time\" content=\"2022-10-24T14:55:36+00:00\" \/>\n<meta property=\"article:modified_time\" content=\"2022-10-24T14:57:03+00:00\" \/>\n<meta property=\"og:image\" content=\"https:\/\/pans.krosno.pl\/wp-content\/uploads\/sites\/27\/2022\/10\/2BFC6D94-1AAA-4AC5-B47A-DDFA0B3CE2EC-scaled.jpeg\" \/>\n\t<meta property=\"og:image:width\" content=\"2560\" \/>\n\t<meta property=\"og:image:height\" content=\"1920\" \/>\n\t<meta property=\"og:image:type\" content=\"image\/jpeg\" \/>\n<meta name=\"author\" content=\"leszekhabrat\" \/>\n<meta name=\"twitter:card\" content=\"summary_large_image\" \/>\n<meta name=\"twitter:label1\" content=\"Napisane przez\" \/>\n\t<meta name=\"twitter:data1\" content=\"leszekhabrat\" \/>\n\t<meta name=\"twitter:label2\" content=\"Szacowany czas czytania\" \/>\n\t<meta name=\"twitter:data2\" content=\"4 minuty\" \/>\n<script type=\"application\/ld+json\" class=\"yoast-schema-graph\">{\"@context\":\"https:\\\/\\\/schema.org\",\"@graph\":[{\"@type\":\"Article\",\"@id\":\"https:\\\/\\\/pans.krosno.pl\\\/dsdt\\\/vii-akcja-sprzatania-cmentarzy-z-i-wojny-swiatowej-z-udzialem-studentow-dwujezykowych-studiow-dla-tlumaczy\\\/#article\",\"isPartOf\":{\"@id\":\"https:\\\/\\\/pans.krosno.pl\\\/dsdt\\\/vii-akcja-sprzatania-cmentarzy-z-i-wojny-swiatowej-z-udzialem-studentow-dwujezykowych-studiow-dla-tlumaczy\\\/\"},\"author\":{\"name\":\"leszekhabrat\",\"@id\":\"https:\\\/\\\/pans.krosno.pl\\\/dsdt\\\/#\\\/schema\\\/person\\\/3b6faeb1e29cab848dedf98faa506492\"},\"headline\":\"VII Akcja sprz\u0105tania cmentarzy z I wojny \u015bwiatowej z udzia\u0142em student\u00f3w Dwuj\u0119zykowych studi\u00f3w dla t\u0142umaczy.\",\"datePublished\":\"2022-10-24T14:55:36+00:00\",\"dateModified\":\"2022-10-24T14:57:03+00:00\",\"mainEntityOfPage\":{\"@id\":\"https:\\\/\\\/pans.krosno.pl\\\/dsdt\\\/vii-akcja-sprzatania-cmentarzy-z-i-wojny-swiatowej-z-udzialem-studentow-dwujezykowych-studiow-dla-tlumaczy\\\/\"},\"wordCount\":247,\"commentCount\":0,\"publisher\":{\"@id\":\"https:\\\/\\\/pans.krosno.pl\\\/dsdt\\\/#organization\"},\"image\":{\"@id\":\"https:\\\/\\\/pans.krosno.pl\\\/dsdt\\\/vii-akcja-sprzatania-cmentarzy-z-i-wojny-swiatowej-z-udzialem-studentow-dwujezykowych-studiow-dla-tlumaczy\\\/#primaryimage\"},\"thumbnailUrl\":\"https:\\\/\\\/pans.krosno.pl\\\/dsdt\\\/wp-content\\\/uploads\\\/sites\\\/27\\\/2022\\\/10\\\/2BFC6D94-1AAA-4AC5-B47A-DDFA0B3CE2EC-scaled.jpeg\",\"inLanguage\":\"pl-PL\",\"potentialAction\":[{\"@type\":\"CommentAction\",\"name\":\"Comment\",\"target\":[\"https:\\\/\\\/pans.krosno.pl\\\/dsdt\\\/vii-akcja-sprzatania-cmentarzy-z-i-wojny-swiatowej-z-udzialem-studentow-dwujezykowych-studiow-dla-tlumaczy\\\/#respond\"]}]},{\"@type\":\"WebPage\",\"@id\":\"https:\\\/\\\/pans.krosno.pl\\\/dsdt\\\/vii-akcja-sprzatania-cmentarzy-z-i-wojny-swiatowej-z-udzialem-studentow-dwujezykowych-studiow-dla-tlumaczy\\\/\",\"url\":\"https:\\\/\\\/pans.krosno.pl\\\/dsdt\\\/vii-akcja-sprzatania-cmentarzy-z-i-wojny-swiatowej-z-udzialem-studentow-dwujezykowych-studiow-dla-tlumaczy\\\/\",\"name\":\"VII Akcja sprz\u0105tania cmentarzy z I wojny \u015bwiatowej z udzia\u0142em student\u00f3w Dwuj\u0119zykowych studi\u00f3w dla t\u0142umaczy. - Dwuj\u0119zykowe Studia dla T\u0142umaczy PANS w Kro\u015bnie\",\"isPartOf\":{\"@id\":\"https:\\\/\\\/pans.krosno.pl\\\/dsdt\\\/#website\"},\"primaryImageOfPage\":{\"@id\":\"https:\\\/\\\/pans.krosno.pl\\\/dsdt\\\/vii-akcja-sprzatania-cmentarzy-z-i-wojny-swiatowej-z-udzialem-studentow-dwujezykowych-studiow-dla-tlumaczy\\\/#primaryimage\"},\"image\":{\"@id\":\"https:\\\/\\\/pans.krosno.pl\\\/dsdt\\\/vii-akcja-sprzatania-cmentarzy-z-i-wojny-swiatowej-z-udzialem-studentow-dwujezykowych-studiow-dla-tlumaczy\\\/#primaryimage\"},\"thumbnailUrl\":\"https:\\\/\\\/pans.krosno.pl\\\/dsdt\\\/wp-content\\\/uploads\\\/sites\\\/27\\\/2022\\\/10\\\/2BFC6D94-1AAA-4AC5-B47A-DDFA0B3CE2EC-scaled.jpeg\",\"datePublished\":\"2022-10-24T14:55:36+00:00\",\"dateModified\":\"2022-10-24T14:57:03+00:00\",\"breadcrumb\":{\"@id\":\"https:\\\/\\\/pans.krosno.pl\\\/dsdt\\\/vii-akcja-sprzatania-cmentarzy-z-i-wojny-swiatowej-z-udzialem-studentow-dwujezykowych-studiow-dla-tlumaczy\\\/#breadcrumb\"},\"inLanguage\":\"pl-PL\",\"potentialAction\":[{\"@type\":\"ReadAction\",\"target\":[\"https:\\\/\\\/pans.krosno.pl\\\/dsdt\\\/vii-akcja-sprzatania-cmentarzy-z-i-wojny-swiatowej-z-udzialem-studentow-dwujezykowych-studiow-dla-tlumaczy\\\/\"]}]},{\"@type\":\"ImageObject\",\"inLanguage\":\"pl-PL\",\"@id\":\"https:\\\/\\\/pans.krosno.pl\\\/dsdt\\\/vii-akcja-sprzatania-cmentarzy-z-i-wojny-swiatowej-z-udzialem-studentow-dwujezykowych-studiow-dla-tlumaczy\\\/#primaryimage\",\"url\":\"https:\\\/\\\/pans.krosno.pl\\\/dsdt\\\/wp-content\\\/uploads\\\/sites\\\/27\\\/2022\\\/10\\\/2BFC6D94-1AAA-4AC5-B47A-DDFA0B3CE2EC-scaled.jpeg\",\"contentUrl\":\"https:\\\/\\\/pans.krosno.pl\\\/dsdt\\\/wp-content\\\/uploads\\\/sites\\\/27\\\/2022\\\/10\\\/2BFC6D94-1AAA-4AC5-B47A-DDFA0B3CE2EC-scaled.jpeg\",\"width\":2560,\"height\":1920},{\"@type\":\"BreadcrumbList\",\"@id\":\"https:\\\/\\\/pans.krosno.pl\\\/dsdt\\\/vii-akcja-sprzatania-cmentarzy-z-i-wojny-swiatowej-z-udzialem-studentow-dwujezykowych-studiow-dla-tlumaczy\\\/#breadcrumb\",\"itemListElement\":[{\"@type\":\"ListItem\",\"position\":1,\"name\":\"Strona g\u0142\u00f3wna\",\"item\":\"https:\\\/\\\/pans.krosno.pl\\\/dsdt\\\/\"},{\"@type\":\"ListItem\",\"position\":2,\"name\":\"VII Akcja sprz\u0105tania cmentarzy z I wojny \u015bwiatowej z udzia\u0142em student\u00f3w Dwuj\u0119zykowych studi\u00f3w dla t\u0142umaczy.\"}]},{\"@type\":\"WebSite\",\"@id\":\"https:\\\/\\\/pans.krosno.pl\\\/dsdt\\\/#website\",\"url\":\"https:\\\/\\\/pans.krosno.pl\\\/dsdt\\\/\",\"name\":\"Dwuj\u0119zykowe Studia dla T\u0142umaczy PANS w Kro\u015bnie\",\"description\":\"Dwuj\u0119zykowe Studia dla T\u0142umaczy - Pa\u0144stwowa Akademia Nauk Stosowanych\",\"publisher\":{\"@id\":\"https:\\\/\\\/pans.krosno.pl\\\/dsdt\\\/#organization\"},\"potentialAction\":[{\"@type\":\"SearchAction\",\"target\":{\"@type\":\"EntryPoint\",\"urlTemplate\":\"https:\\\/\\\/pans.krosno.pl\\\/dsdt\\\/?s={search_term_string}\"},\"query-input\":{\"@type\":\"PropertyValueSpecification\",\"valueRequired\":true,\"valueName\":\"search_term_string\"}}],\"inLanguage\":\"pl-PL\"},{\"@type\":\"Organization\",\"@id\":\"https:\\\/\\\/pans.krosno.pl\\\/dsdt\\\/#organization\",\"name\":\"Dwuj\u0119zykowe Studia dla T\u0142umaczy PANS w Kro\u015bnie\",\"url\":\"https:\\\/\\\/pans.krosno.pl\\\/dsdt\\\/\",\"logo\":{\"@type\":\"ImageObject\",\"inLanguage\":\"pl-PL\",\"@id\":\"https:\\\/\\\/pans.krosno.pl\\\/dsdt\\\/#\\\/schema\\\/logo\\\/image\\\/\",\"url\":\"https:\\\/\\\/pans.krosno.pl\\\/dsdt\\\/wp-content\\\/uploads\\\/sites\\\/27\\\/2023\\\/01\\\/Logo-PANS-2022-pelne.png\",\"contentUrl\":\"https:\\\/\\\/pans.krosno.pl\\\/dsdt\\\/wp-content\\\/uploads\\\/sites\\\/27\\\/2023\\\/01\\\/Logo-PANS-2022-pelne.png\",\"width\":3096,\"height\":696,\"caption\":\"Dwuj\u0119zykowe Studia dla T\u0142umaczy PANS w Kro\u015bnie\"},\"image\":{\"@id\":\"https:\\\/\\\/pans.krosno.pl\\\/dsdt\\\/#\\\/schema\\\/logo\\\/image\\\/\"}},{\"@type\":\"Person\",\"@id\":\"https:\\\/\\\/pans.krosno.pl\\\/dsdt\\\/#\\\/schema\\\/person\\\/3b6faeb1e29cab848dedf98faa506492\",\"name\":\"leszekhabrat\",\"image\":{\"@type\":\"ImageObject\",\"inLanguage\":\"pl-PL\",\"@id\":\"https:\\\/\\\/secure.gravatar.com\\\/avatar\\\/a9150664a8a5318dbce73a9520eb11ca04a28f6129b7a191d9b4976e6cae5a8c?s=96&d=mm&r=g\",\"url\":\"https:\\\/\\\/secure.gravatar.com\\\/avatar\\\/a9150664a8a5318dbce73a9520eb11ca04a28f6129b7a191d9b4976e6cae5a8c?s=96&d=mm&r=g\",\"contentUrl\":\"https:\\\/\\\/secure.gravatar.com\\\/avatar\\\/a9150664a8a5318dbce73a9520eb11ca04a28f6129b7a191d9b4976e6cae5a8c?s=96&d=mm&r=g\",\"caption\":\"leszekhabrat\"},\"url\":\"https:\\\/\\\/pans.krosno.pl\\\/dsdt\\\/author\\\/leszekhabrat\\\/\"}]}<\/script>\n<!-- \/ Yoast SEO Premium plugin. -->","yoast_head_json":{"title":"VII Akcja sprz\u0105tania cmentarzy z I wojny \u015bwiatowej z udzia\u0142em student\u00f3w Dwuj\u0119zykowych studi\u00f3w dla t\u0142umaczy. - Dwuj\u0119zykowe Studia dla T\u0142umaczy PANS w Kro\u015bnie","robots":{"index":"index","follow":"follow","max-snippet":"max-snippet:-1","max-image-preview":"max-image-preview:large","max-video-preview":"max-video-preview:-1"},"canonical":"https:\/\/pans.krosno.pl\/dsdt\/vii-akcja-sprzatania-cmentarzy-z-i-wojny-swiatowej-z-udzialem-studentow-dwujezykowych-studiow-dla-tlumaczy\/","og_locale":"pl_PL","og_type":"article","og_title":"VII Akcja sprz\u0105tania cmentarzy z I wojny \u015bwiatowej z udzia\u0142em student\u00f3w Dwuj\u0119zykowych studi\u00f3w dla t\u0142umaczy.","og_description":"Wzorem lat ubieg\u0142ych studenci Dwuj\u0119zykowych studi\u00f3w dla t\u0142umaczy KPU w Kro\u015bnie w\u0142\u0105czyli si\u0119 w Akcj\u0119 sprz\u0105tania cmentarzy z I wojny \u015bwiatowej, tym razem organizowan\u0105 ju\u017c po raz si\u00f3dmy na terenie Biecza, Bobowej, Gorlic oraz gmin, Krempna, \u0141u\u017cna, Moszczenica, Ropa, S\u0119kowa i U\u015bcie Gorlickie. Inicjatorami i koordynatorami Akcji jest Ko\u0142o PTTK [\u2026] Read More","og_url":"https:\/\/pans.krosno.pl\/dsdt\/vii-akcja-sprzatania-cmentarzy-z-i-wojny-swiatowej-z-udzialem-studentow-dwujezykowych-studiow-dla-tlumaczy\/","og_site_name":"Dwuj\u0119zykowe Studia dla T\u0142umaczy PANS w Kro\u015bnie","article_published_time":"2022-10-24T14:55:36+00:00","article_modified_time":"2022-10-24T14:57:03+00:00","og_image":[{"width":2560,"height":1920,"url":"https:\/\/pans.krosno.pl\/wp-content\/uploads\/sites\/27\/2022\/10\/2BFC6D94-1AAA-4AC5-B47A-DDFA0B3CE2EC-scaled.jpeg","type":"image\/jpeg"}],"author":"leszekhabrat","twitter_card":"summary_large_image","twitter_misc":{"Napisane przez":"leszekhabrat","Szacowany czas czytania":"4 minuty"},"schema":{"@context":"https:\/\/schema.org","@graph":[{"@type":"Article","@id":"https:\/\/pans.krosno.pl\/dsdt\/vii-akcja-sprzatania-cmentarzy-z-i-wojny-swiatowej-z-udzialem-studentow-dwujezykowych-studiow-dla-tlumaczy\/#article","isPartOf":{"@id":"https:\/\/pans.krosno.pl\/dsdt\/vii-akcja-sprzatania-cmentarzy-z-i-wojny-swiatowej-z-udzialem-studentow-dwujezykowych-studiow-dla-tlumaczy\/"},"author":{"name":"leszekhabrat","@id":"https:\/\/pans.krosno.pl\/dsdt\/#\/schema\/person\/3b6faeb1e29cab848dedf98faa506492"},"headline":"VII Akcja sprz\u0105tania cmentarzy z I wojny \u015bwiatowej z udzia\u0142em student\u00f3w Dwuj\u0119zykowych studi\u00f3w dla t\u0142umaczy.","datePublished":"2022-10-24T14:55:36+00:00","dateModified":"2022-10-24T14:57:03+00:00","mainEntityOfPage":{"@id":"https:\/\/pans.krosno.pl\/dsdt\/vii-akcja-sprzatania-cmentarzy-z-i-wojny-swiatowej-z-udzialem-studentow-dwujezykowych-studiow-dla-tlumaczy\/"},"wordCount":247,"commentCount":0,"publisher":{"@id":"https:\/\/pans.krosno.pl\/dsdt\/#organization"},"image":{"@id":"https:\/\/pans.krosno.pl\/dsdt\/vii-akcja-sprzatania-cmentarzy-z-i-wojny-swiatowej-z-udzialem-studentow-dwujezykowych-studiow-dla-tlumaczy\/#primaryimage"},"thumbnailUrl":"https:\/\/pans.krosno.pl\/dsdt\/wp-content\/uploads\/sites\/27\/2022\/10\/2BFC6D94-1AAA-4AC5-B47A-DDFA0B3CE2EC-scaled.jpeg","inLanguage":"pl-PL","potentialAction":[{"@type":"CommentAction","name":"Comment","target":["https:\/\/pans.krosno.pl\/dsdt\/vii-akcja-sprzatania-cmentarzy-z-i-wojny-swiatowej-z-udzialem-studentow-dwujezykowych-studiow-dla-tlumaczy\/#respond"]}]},{"@type":"WebPage","@id":"https:\/\/pans.krosno.pl\/dsdt\/vii-akcja-sprzatania-cmentarzy-z-i-wojny-swiatowej-z-udzialem-studentow-dwujezykowych-studiow-dla-tlumaczy\/","url":"https:\/\/pans.krosno.pl\/dsdt\/vii-akcja-sprzatania-cmentarzy-z-i-wojny-swiatowej-z-udzialem-studentow-dwujezykowych-studiow-dla-tlumaczy\/","name":"VII Akcja sprz\u0105tania cmentarzy z I wojny \u015bwiatowej z udzia\u0142em student\u00f3w Dwuj\u0119zykowych studi\u00f3w dla t\u0142umaczy. - Dwuj\u0119zykowe Studia dla T\u0142umaczy PANS w Kro\u015bnie","isPartOf":{"@id":"https:\/\/pans.krosno.pl\/dsdt\/#website"},"primaryImageOfPage":{"@id":"https:\/\/pans.krosno.pl\/dsdt\/vii-akcja-sprzatania-cmentarzy-z-i-wojny-swiatowej-z-udzialem-studentow-dwujezykowych-studiow-dla-tlumaczy\/#primaryimage"},"image":{"@id":"https:\/\/pans.krosno.pl\/dsdt\/vii-akcja-sprzatania-cmentarzy-z-i-wojny-swiatowej-z-udzialem-studentow-dwujezykowych-studiow-dla-tlumaczy\/#primaryimage"},"thumbnailUrl":"https:\/\/pans.krosno.pl\/dsdt\/wp-content\/uploads\/sites\/27\/2022\/10\/2BFC6D94-1AAA-4AC5-B47A-DDFA0B3CE2EC-scaled.jpeg","datePublished":"2022-10-24T14:55:36+00:00","dateModified":"2022-10-24T14:57:03+00:00","breadcrumb":{"@id":"https:\/\/pans.krosno.pl\/dsdt\/vii-akcja-sprzatania-cmentarzy-z-i-wojny-swiatowej-z-udzialem-studentow-dwujezykowych-studiow-dla-tlumaczy\/#breadcrumb"},"inLanguage":"pl-PL","potentialAction":[{"@type":"ReadAction","target":["https:\/\/pans.krosno.pl\/dsdt\/vii-akcja-sprzatania-cmentarzy-z-i-wojny-swiatowej-z-udzialem-studentow-dwujezykowych-studiow-dla-tlumaczy\/"]}]},{"@type":"ImageObject","inLanguage":"pl-PL","@id":"https:\/\/pans.krosno.pl\/dsdt\/vii-akcja-sprzatania-cmentarzy-z-i-wojny-swiatowej-z-udzialem-studentow-dwujezykowych-studiow-dla-tlumaczy\/#primaryimage","url":"https:\/\/pans.krosno.pl\/dsdt\/wp-content\/uploads\/sites\/27\/2022\/10\/2BFC6D94-1AAA-4AC5-B47A-DDFA0B3CE2EC-scaled.jpeg","contentUrl":"https:\/\/pans.krosno.pl\/dsdt\/wp-content\/uploads\/sites\/27\/2022\/10\/2BFC6D94-1AAA-4AC5-B47A-DDFA0B3CE2EC-scaled.jpeg","width":2560,"height":1920},{"@type":"BreadcrumbList","@id":"https:\/\/pans.krosno.pl\/dsdt\/vii-akcja-sprzatania-cmentarzy-z-i-wojny-swiatowej-z-udzialem-studentow-dwujezykowych-studiow-dla-tlumaczy\/#breadcrumb","itemListElement":[{"@type":"ListItem","position":1,"name":"Strona g\u0142\u00f3wna","item":"https:\/\/pans.krosno.pl\/dsdt\/"},{"@type":"ListItem","position":2,"name":"VII Akcja sprz\u0105tania cmentarzy z I wojny \u015bwiatowej z udzia\u0142em student\u00f3w Dwuj\u0119zykowych studi\u00f3w dla t\u0142umaczy."}]},{"@type":"WebSite","@id":"https:\/\/pans.krosno.pl\/dsdt\/#website","url":"https:\/\/pans.krosno.pl\/dsdt\/","name":"Dwuj\u0119zykowe Studia dla T\u0142umaczy PANS w Kro\u015bnie","description":"Dwuj\u0119zykowe Studia dla T\u0142umaczy - Pa\u0144stwowa Akademia Nauk Stosowanych","publisher":{"@id":"https:\/\/pans.krosno.pl\/dsdt\/#organization"},"potentialAction":[{"@type":"SearchAction","target":{"@type":"EntryPoint","urlTemplate":"https:\/\/pans.krosno.pl\/dsdt\/?s={search_term_string}"},"query-input":{"@type":"PropertyValueSpecification","valueRequired":true,"valueName":"search_term_string"}}],"inLanguage":"pl-PL"},{"@type":"Organization","@id":"https:\/\/pans.krosno.pl\/dsdt\/#organization","name":"Dwuj\u0119zykowe Studia dla T\u0142umaczy PANS w Kro\u015bnie","url":"https:\/\/pans.krosno.pl\/dsdt\/","logo":{"@type":"ImageObject","inLanguage":"pl-PL","@id":"https:\/\/pans.krosno.pl\/dsdt\/#\/schema\/logo\/image\/","url":"https:\/\/pans.krosno.pl\/dsdt\/wp-content\/uploads\/sites\/27\/2023\/01\/Logo-PANS-2022-pelne.png","contentUrl":"https:\/\/pans.krosno.pl\/dsdt\/wp-content\/uploads\/sites\/27\/2023\/01\/Logo-PANS-2022-pelne.png","width":3096,"height":696,"caption":"Dwuj\u0119zykowe Studia dla T\u0142umaczy PANS w Kro\u015bnie"},"image":{"@id":"https:\/\/pans.krosno.pl\/dsdt\/#\/schema\/logo\/image\/"}},{"@type":"Person","@id":"https:\/\/pans.krosno.pl\/dsdt\/#\/schema\/person\/3b6faeb1e29cab848dedf98faa506492","name":"leszekhabrat","image":{"@type":"ImageObject","inLanguage":"pl-PL","@id":"https:\/\/secure.gravatar.com\/avatar\/a9150664a8a5318dbce73a9520eb11ca04a28f6129b7a191d9b4976e6cae5a8c?s=96&d=mm&r=g","url":"https:\/\/secure.gravatar.com\/avatar\/a9150664a8a5318dbce73a9520eb11ca04a28f6129b7a191d9b4976e6cae5a8c?s=96&d=mm&r=g","contentUrl":"https:\/\/secure.gravatar.com\/avatar\/a9150664a8a5318dbce73a9520eb11ca04a28f6129b7a191d9b4976e6cae5a8c?s=96&d=mm&r=g","caption":"leszekhabrat"},"url":"https:\/\/pans.krosno.pl\/dsdt\/author\/leszekhabrat\/"}]}},"_links":{"self":[{"href":"https:\/\/pans.krosno.pl\/dsdt\/wp-json\/wp\/v2\/posts\/1037","targetHints":{"allow":["GET"]}}],"collection":[{"href":"https:\/\/pans.krosno.pl\/dsdt\/wp-json\/wp\/v2\/posts"}],"about":[{"href":"https:\/\/pans.krosno.pl\/dsdt\/wp-json\/wp\/v2\/types\/post"}],"author":[{"embeddable":true,"href":"https:\/\/pans.krosno.pl\/dsdt\/wp-json\/wp\/v2\/users\/88"}],"replies":[{"embeddable":true,"href":"https:\/\/pans.krosno.pl\/dsdt\/wp-json\/wp\/v2\/comments?post=1037"}],"version-history":[{"count":2,"href":"https:\/\/pans.krosno.pl\/dsdt\/wp-json\/wp\/v2\/posts\/1037\/revisions"}],"predecessor-version":[{"id":1065,"href":"https:\/\/pans.krosno.pl\/dsdt\/wp-json\/wp\/v2\/posts\/1037\/revisions\/1065"}],"wp:featuredmedia":[{"embeddable":true,"href":"https:\/\/pans.krosno.pl\/dsdt\/wp-json\/wp\/v2\/media\/1038"}],"wp:attachment":[{"href":"https:\/\/pans.krosno.pl\/dsdt\/wp-json\/wp\/v2\/media?parent=1037"}],"wp:term":[{"taxonomy":"category","embeddable":true,"href":"https:\/\/pans.krosno.pl\/dsdt\/wp-json\/wp\/v2\/categories?post=1037"},{"taxonomy":"post_tag","embeddable":true,"href":"https:\/\/pans.krosno.pl\/dsdt\/wp-json\/wp\/v2\/tags?post=1037"}],"curies":[{"name":"wp","href":"https:\/\/api.w.org\/{rel}","templated":true}]}}