{"id":7948,"date":"2026-04-27T16:08:46","date_gmt":"2026-04-27T14:08:46","guid":{"rendered":"https:\/\/pans.krosno.pl\/cti\/?p=7948"},"modified":"2026-04-27T16:09:13","modified_gmt":"2026-04-27T14:09:13","slug":"trwa-nabor-do-sesji-promocyjnej-zostan-twarza-pans-w-krosnie","status":"publish","type":"post","link":"https:\/\/pans.krosno.pl\/cti\/trwa-nabor-do-sesji-promocyjnej-zostan-twarza-pans-w-krosnie\/","title":{"rendered":"Trwa nab\u00f3r do sesji promocyjnej \u201eZosta\u0144 twarz\u0105 PANS w Kro\u015bnie!\u201d"},"content":{"rendered":"\n<p>Je\u015bli jeste\u015b studentk\u0105 lub studentem naszej Uczelni &#8211; to szansa w\u0142a\u015bnie dla Ciebie! <\/p>\n\n\n\n<p>We\u017a udzia\u0142 w profesjonalnej sesji zdj\u0119ciowej i pojaw si\u0119 w materia\u0142ach promocyjnych Pa\u0144stwowej Akademii Nauk Stosowanych w Kro\u015bnie &#8211; m.in. w kampaniach rekrutacyjnych, mediach spo\u0142eczno\u015bciowych i publikacjach Uczelni.<\/p>\n\n\n\n<p><img loading=\"lazy\" decoding=\"async\" height=\"16\" width=\"16\" src=\"https:\/\/static.xx.fbcdn.net\/images\/emoji.php\/v9\/tc0\/1\/16\/1f4e9.png\" alt=\"\ud83d\udce9\"> Aby si\u0119 zg\u0142osi\u0107, prze\u015blij wiadomo\u015b\u0107 na adres: <a href=\"mailto:promocja@pans.krosno.pl\">promocja@pans.krosno.pl<\/a><\/p>\n\n\n\n<p><img loading=\"lazy\" decoding=\"async\" height=\"16\" width=\"16\" src=\"https:\/\/static.xx.fbcdn.net\/images\/emoji.php\/v9\/tcc\/1\/16\/1f4dd.png\" alt=\"\ud83d\udcdd\"> W zg\u0142oszeniu podaj:  imi\u0119 i nazwisko, kierunek studi\u00f3w, rok i stopie\u0144, numer telefonu.<\/p>\n\n\n\n<p><img loading=\"lazy\" decoding=\"async\" height=\"16\" width=\"16\" alt=\"\ud83d\udcc5\" src=\"https:\/\/static.xx.fbcdn.net\/images\/emoji.php\/v9\/t7e\/1\/16\/1f4c5.png\"> Czekamy na Wasze zg\u0142oszenia do 4 maja br.<\/p>\n\n\n\n<p><img loading=\"lazy\" decoding=\"async\" height=\"16\" width=\"16\" src=\"https:\/\/static.xx.fbcdn.net\/images\/emoji.php\/v9\/tf4\/1\/16\/2728.png\" alt=\"\u2728\"> Wy\u015blij swoje zg\u0142oszenie ju\u017c dzi\u015b i zosta\u0144 twarz\u0105 PANS w Kro\u015bnie! <\/p>\n\n\n\n<figure class=\"wp-block-image size-large\"><img loading=\"lazy\" decoding=\"async\" width=\"1024\" height=\"1024\" src=\"https:\/\/pans.krosno.pl\/cti\/wp-content\/uploads\/sites\/38\/2026\/04\/obraz-1024x1024.png\" alt=\"\" class=\"wp-image-7949\" srcset=\"https:\/\/pans.krosno.pl\/cti\/wp-content\/uploads\/sites\/38\/2026\/04\/obraz-1024x1024.png 1024w, https:\/\/pans.krosno.pl\/cti\/wp-content\/uploads\/sites\/38\/2026\/04\/obraz-300x300.png 300w, https:\/\/pans.krosno.pl\/cti\/wp-content\/uploads\/sites\/38\/2026\/04\/obraz-150x150.png 150w, https:\/\/pans.krosno.pl\/cti\/wp-content\/uploads\/sites\/38\/2026\/04\/obraz-768x768.png 768w, https:\/\/pans.krosno.pl\/cti\/wp-content\/uploads\/sites\/38\/2026\/04\/obraz-1536x1536.png 1536w, https:\/\/pans.krosno.pl\/cti\/wp-content\/uploads\/sites\/38\/2026\/04\/obraz-2000x2000.png 2000w, https:\/\/pans.krosno.pl\/cti\/wp-content\/uploads\/sites\/38\/2026\/04\/obraz-800x800.png 800w, https:\/\/pans.krosno.pl\/cti\/wp-content\/uploads\/sites\/38\/2026\/04\/obraz-580x580.png 580w, https:\/\/pans.krosno.pl\/cti\/wp-content\/uploads\/sites\/38\/2026\/04\/obraz.png 2048w\" sizes=\"auto, (max-width: 1024px) 100vw, 1024px\" \/><\/figure>\n","protected":false},"excerpt":{"rendered":"<p>Je\u015bli jeste\u015b studentk\u0105 lub studentem naszej Uczelni &#8211; to szansa w\u0142a\u015bnie dla Ciebie! We\u017a udzia\u0142 w profesjonalnej sesji zdj\u0119ciowej i pojaw si\u0119 w materia\u0142ach promocyjnych Pa\u0144stwowej Akademii Nauk Stosowanych w Kro\u015bnie &#8211; m.in. w kampaniach rekrutacyjnych, mediach spo\u0142eczno\u015bciowych i publikacjach Uczelni. Aby si\u0119 zg\u0142osi\u0107, prze\u015blij wiadomo\u015b\u0107 na adres: promocja@pans.krosno.pl W [\u2026] <\/p>\n<div class=\"clear\"><\/div>\n<p><a class=\"more_link clearfix\" href=\"https:\/\/pans.krosno.pl\/cti\/trwa-nabor-do-sesji-promocyjnej-zostan-twarza-pans-w-krosnie\/\" rel=\"nofollow\">Read More<\/a><\/p>\n","protected":false},"author":34,"featured_media":7949,"comment_status":"open","ping_status":"open","sticky":false,"template":"","format":"standard","meta":{"ngg_post_thumbnail":0,"footnotes":""},"categories":[3],"tags":[],"class_list":["post-7948","post","type-post","status-publish","format-standard","has-post-thumbnail","hentry","category-aktualnosci"],"yoast_head":"<!-- This site is optimized with the Yoast SEO Premium plugin v27.4 (Yoast SEO v27.4) - https:\/\/yoast.com\/product\/yoast-seo-premium-wordpress\/ -->\n<title>Trwa nab\u00f3r do sesji promocyjnej \u201eZosta\u0144 twarz\u0105 PANS w Kro\u015bnie!\u201d - Centrum Technologiczne Inkubator PANS w Kro\u015bnie<\/title>\n<meta name=\"robots\" content=\"index, follow, max-snippet:-1, max-image-preview:large, max-video-preview:-1\" \/>\n<link rel=\"canonical\" href=\"https:\/\/pans.krosno.pl\/cti\/trwa-nabor-do-sesji-promocyjnej-zostan-twarza-pans-w-krosnie\/\" \/>\n<meta property=\"og:locale\" content=\"pl_PL\" \/>\n<meta property=\"og:type\" content=\"article\" \/>\n<meta property=\"og:title\" content=\"Trwa nab\u00f3r do sesji promocyjnej \u201eZosta\u0144 twarz\u0105 PANS w Kro\u015bnie!\u201d\" \/>\n<meta property=\"og:description\" content=\"Je\u015bli jeste\u015b studentk\u0105 lub studentem naszej Uczelni &#8211; to szansa w\u0142a\u015bnie dla Ciebie! We\u017a udzia\u0142 w profesjonalnej sesji zdj\u0119ciowej i pojaw si\u0119 w materia\u0142ach promocyjnych Pa\u0144stwowej Akademii Nauk Stosowanych w Kro\u015bnie &#8211; m.in. w kampaniach rekrutacyjnych, mediach spo\u0142eczno\u015bciowych i publikacjach Uczelni. Aby si\u0119 zg\u0142osi\u0107, prze\u015blij wiadomo\u015b\u0107 na adres: promocja@pans.krosno.pl W [\u2026] Read More\" \/>\n<meta property=\"og:url\" content=\"https:\/\/pans.krosno.pl\/cti\/trwa-nabor-do-sesji-promocyjnej-zostan-twarza-pans-w-krosnie\/\" \/>\n<meta property=\"og:site_name\" content=\"Centrum Technologiczne Inkubator PANS w Kro\u015bnie\" \/>\n<meta property=\"article:publisher\" content=\"https:\/\/www.facebook.com\/BKKPUKROSNO\/\" \/>\n<meta property=\"article:published_time\" content=\"2026-04-27T14:08:46+00:00\" \/>\n<meta property=\"article:modified_time\" content=\"2026-04-27T14:09:13+00:00\" \/>\n<meta property=\"og:image\" content=\"https:\/\/pans.krosno.pl\/cti\/wp-content\/uploads\/sites\/38\/2026\/04\/obraz-1024x1024.png\" \/>\n\t<meta property=\"og:image:width\" content=\"1024\" \/>\n\t<meta property=\"og:image:height\" content=\"1024\" \/>\n\t<meta property=\"og:image:type\" content=\"image\/png\" \/>\n<meta name=\"author\" content=\"sylwiagunia\" \/>\n<meta name=\"twitter:card\" content=\"summary_large_image\" \/>\n<meta name=\"twitter:label1\" content=\"Napisane przez\" \/>\n\t<meta name=\"twitter:data1\" content=\"sylwiagunia\" \/>\n\t<meta name=\"twitter:label2\" content=\"Szacowany czas czytania\" \/>\n\t<meta name=\"twitter:data2\" content=\"2 minuty\" \/>\n<script type=\"application\/ld+json\" class=\"yoast-schema-graph\">{\"@context\":\"https:\\\/\\\/schema.org\",\"@graph\":[{\"@type\":\"Article\",\"@id\":\"https:\\\/\\\/pans.krosno.pl\\\/cti\\\/trwa-nabor-do-sesji-promocyjnej-zostan-twarza-pans-w-krosnie\\\/#article\",\"isPartOf\":{\"@id\":\"https:\\\/\\\/pans.krosno.pl\\\/cti\\\/trwa-nabor-do-sesji-promocyjnej-zostan-twarza-pans-w-krosnie\\\/\"},\"author\":{\"name\":\"sylwiagunia\",\"@id\":\"https:\\\/\\\/pans.krosno.pl\\\/cti\\\/#\\\/schema\\\/person\\\/73dd76b82fb48dc51b290b4d5cb555ca\"},\"headline\":\"Trwa nab\u00f3r do sesji promocyjnej \u201eZosta\u0144 twarz\u0105 PANS w Kro\u015bnie!\u201d\",\"datePublished\":\"2026-04-27T14:08:46+00:00\",\"dateModified\":\"2026-04-27T14:09:13+00:00\",\"mainEntityOfPage\":{\"@id\":\"https:\\\/\\\/pans.krosno.pl\\\/cti\\\/trwa-nabor-do-sesji-promocyjnej-zostan-twarza-pans-w-krosnie\\\/\"},\"wordCount\":113,\"commentCount\":0,\"publisher\":{\"@id\":\"https:\\\/\\\/pans.krosno.pl\\\/cti\\\/#organization\"},\"image\":{\"@id\":\"https:\\\/\\\/pans.krosno.pl\\\/cti\\\/trwa-nabor-do-sesji-promocyjnej-zostan-twarza-pans-w-krosnie\\\/#primaryimage\"},\"thumbnailUrl\":\"https:\\\/\\\/pans.krosno.pl\\\/cti\\\/wp-content\\\/uploads\\\/sites\\\/38\\\/2026\\\/04\\\/obraz.png\",\"articleSection\":[\"Aktualno\u015bci\"],\"inLanguage\":\"pl-PL\",\"potentialAction\":[{\"@type\":\"CommentAction\",\"name\":\"Comment\",\"target\":[\"https:\\\/\\\/pans.krosno.pl\\\/cti\\\/trwa-nabor-do-sesji-promocyjnej-zostan-twarza-pans-w-krosnie\\\/#respond\"]}]},{\"@type\":\"WebPage\",\"@id\":\"https:\\\/\\\/pans.krosno.pl\\\/cti\\\/trwa-nabor-do-sesji-promocyjnej-zostan-twarza-pans-w-krosnie\\\/\",\"url\":\"https:\\\/\\\/pans.krosno.pl\\\/cti\\\/trwa-nabor-do-sesji-promocyjnej-zostan-twarza-pans-w-krosnie\\\/\",\"name\":\"Trwa nab\u00f3r do sesji promocyjnej \u201eZosta\u0144 twarz\u0105 PANS w Kro\u015bnie!\u201d - Centrum Technologiczne Inkubator PANS w Kro\u015bnie\",\"isPartOf\":{\"@id\":\"https:\\\/\\\/pans.krosno.pl\\\/cti\\\/#website\"},\"primaryImageOfPage\":{\"@id\":\"https:\\\/\\\/pans.krosno.pl\\\/cti\\\/trwa-nabor-do-sesji-promocyjnej-zostan-twarza-pans-w-krosnie\\\/#primaryimage\"},\"image\":{\"@id\":\"https:\\\/\\\/pans.krosno.pl\\\/cti\\\/trwa-nabor-do-sesji-promocyjnej-zostan-twarza-pans-w-krosnie\\\/#primaryimage\"},\"thumbnailUrl\":\"https:\\\/\\\/pans.krosno.pl\\\/cti\\\/wp-content\\\/uploads\\\/sites\\\/38\\\/2026\\\/04\\\/obraz.png\",\"datePublished\":\"2026-04-27T14:08:46+00:00\",\"dateModified\":\"2026-04-27T14:09:13+00:00\",\"breadcrumb\":{\"@id\":\"https:\\\/\\\/pans.krosno.pl\\\/cti\\\/trwa-nabor-do-sesji-promocyjnej-zostan-twarza-pans-w-krosnie\\\/#breadcrumb\"},\"inLanguage\":\"pl-PL\",\"potentialAction\":[{\"@type\":\"ReadAction\",\"target\":[\"https:\\\/\\\/pans.krosno.pl\\\/cti\\\/trwa-nabor-do-sesji-promocyjnej-zostan-twarza-pans-w-krosnie\\\/\"]}]},{\"@type\":\"ImageObject\",\"inLanguage\":\"pl-PL\",\"@id\":\"https:\\\/\\\/pans.krosno.pl\\\/cti\\\/trwa-nabor-do-sesji-promocyjnej-zostan-twarza-pans-w-krosnie\\\/#primaryimage\",\"url\":\"https:\\\/\\\/pans.krosno.pl\\\/cti\\\/wp-content\\\/uploads\\\/sites\\\/38\\\/2026\\\/04\\\/obraz.png\",\"contentUrl\":\"https:\\\/\\\/pans.krosno.pl\\\/cti\\\/wp-content\\\/uploads\\\/sites\\\/38\\\/2026\\\/04\\\/obraz.png\",\"width\":2048,\"height\":2048},{\"@type\":\"BreadcrumbList\",\"@id\":\"https:\\\/\\\/pans.krosno.pl\\\/cti\\\/trwa-nabor-do-sesji-promocyjnej-zostan-twarza-pans-w-krosnie\\\/#breadcrumb\",\"itemListElement\":[{\"@type\":\"ListItem\",\"position\":1,\"name\":\"Strona g\u0142\u00f3wna\",\"item\":\"https:\\\/\\\/pans.krosno.pl\\\/cti\\\/\"},{\"@type\":\"ListItem\",\"position\":2,\"name\":\"Trwa nab\u00f3r do sesji promocyjnej \u201eZosta\u0144 twarz\u0105 PANS w Kro\u015bnie!\u201d\"}]},{\"@type\":\"WebSite\",\"@id\":\"https:\\\/\\\/pans.krosno.pl\\\/cti\\\/#website\",\"url\":\"https:\\\/\\\/pans.krosno.pl\\\/cti\\\/\",\"name\":\"Biuro Karier\",\"description\":\"Centrum Technologiczne Inkubator - Pa\u0144stwowa Akademia Nauk Stosowanych\",\"publisher\":{\"@id\":\"https:\\\/\\\/pans.krosno.pl\\\/cti\\\/#organization\"},\"potentialAction\":[{\"@type\":\"SearchAction\",\"target\":{\"@type\":\"EntryPoint\",\"urlTemplate\":\"https:\\\/\\\/pans.krosno.pl\\\/cti\\\/?s={search_term_string}\"},\"query-input\":{\"@type\":\"PropertyValueSpecification\",\"valueRequired\":true,\"valueName\":\"search_term_string\"}}],\"inLanguage\":\"pl-PL\"},{\"@type\":\"Organization\",\"@id\":\"https:\\\/\\\/pans.krosno.pl\\\/cti\\\/#organization\",\"name\":\"Biuro Karier - Karpacka Pa\u0144stwowa Uczelnia w Kro\u015bnie\",\"url\":\"https:\\\/\\\/pans.krosno.pl\\\/cti\\\/\",\"logo\":{\"@type\":\"ImageObject\",\"inLanguage\":\"pl-PL\",\"@id\":\"https:\\\/\\\/pans.krosno.pl\\\/cti\\\/#\\\/schema\\\/logo\\\/image\\\/\",\"url\":\"https:\\\/\\\/pans.krosno.pl\\\/bk\\\/wp-content\\\/uploads\\\/sites\\\/38\\\/2020\\\/05\\\/96735643_906333539807912_5732186373989859328_n-1.gif\",\"contentUrl\":\"https:\\\/\\\/pans.krosno.pl\\\/bk\\\/wp-content\\\/uploads\\\/sites\\\/38\\\/2020\\\/05\\\/96735643_906333539807912_5732186373989859328_n-1.gif\",\"width\":762,\"height\":137,\"caption\":\"Biuro Karier - Karpacka Pa\u0144stwowa Uczelnia w Kro\u015bnie\"},\"image\":{\"@id\":\"https:\\\/\\\/pans.krosno.pl\\\/cti\\\/#\\\/schema\\\/logo\\\/image\\\/\"},\"sameAs\":[\"https:\\\/\\\/www.facebook.com\\\/BKKPUKROSNO\\\/\"]},{\"@type\":\"Person\",\"@id\":\"https:\\\/\\\/pans.krosno.pl\\\/cti\\\/#\\\/schema\\\/person\\\/73dd76b82fb48dc51b290b4d5cb555ca\",\"name\":\"sylwiagunia\",\"image\":{\"@type\":\"ImageObject\",\"inLanguage\":\"pl-PL\",\"@id\":\"https:\\\/\\\/secure.gravatar.com\\\/avatar\\\/2db9fef1cf2ea7040022e6442ccb0b5b60f587e9ab29c9d70bf03f0bfc0f93cb?s=96&d=mm&r=g\",\"url\":\"https:\\\/\\\/secure.gravatar.com\\\/avatar\\\/2db9fef1cf2ea7040022e6442ccb0b5b60f587e9ab29c9d70bf03f0bfc0f93cb?s=96&d=mm&r=g\",\"contentUrl\":\"https:\\\/\\\/secure.gravatar.com\\\/avatar\\\/2db9fef1cf2ea7040022e6442ccb0b5b60f587e9ab29c9d70bf03f0bfc0f93cb?s=96&d=mm&r=g\",\"caption\":\"sylwiagunia\"},\"url\":\"https:\\\/\\\/pans.krosno.pl\\\/cti\\\/author\\\/sylwiagunia\\\/\"}]}<\/script>\n<!-- \/ Yoast SEO Premium plugin. -->","yoast_head_json":{"title":"Trwa nab\u00f3r do sesji promocyjnej \u201eZosta\u0144 twarz\u0105 PANS w Kro\u015bnie!\u201d - Centrum Technologiczne Inkubator PANS w Kro\u015bnie","robots":{"index":"index","follow":"follow","max-snippet":"max-snippet:-1","max-image-preview":"max-image-preview:large","max-video-preview":"max-video-preview:-1"},"canonical":"https:\/\/pans.krosno.pl\/cti\/trwa-nabor-do-sesji-promocyjnej-zostan-twarza-pans-w-krosnie\/","og_locale":"pl_PL","og_type":"article","og_title":"Trwa nab\u00f3r do sesji promocyjnej \u201eZosta\u0144 twarz\u0105 PANS w Kro\u015bnie!\u201d","og_description":"Je\u015bli jeste\u015b studentk\u0105 lub studentem naszej Uczelni &#8211; to szansa w\u0142a\u015bnie dla Ciebie! We\u017a udzia\u0142 w profesjonalnej sesji zdj\u0119ciowej i pojaw si\u0119 w materia\u0142ach promocyjnych Pa\u0144stwowej Akademii Nauk Stosowanych w Kro\u015bnie &#8211; m.in. w kampaniach rekrutacyjnych, mediach spo\u0142eczno\u015bciowych i publikacjach Uczelni. Aby si\u0119 zg\u0142osi\u0107, prze\u015blij wiadomo\u015b\u0107 na adres: promocja@pans.krosno.pl W [\u2026] Read More","og_url":"https:\/\/pans.krosno.pl\/cti\/trwa-nabor-do-sesji-promocyjnej-zostan-twarza-pans-w-krosnie\/","og_site_name":"Centrum Technologiczne Inkubator PANS w Kro\u015bnie","article_publisher":"https:\/\/www.facebook.com\/BKKPUKROSNO\/","article_published_time":"2026-04-27T14:08:46+00:00","article_modified_time":"2026-04-27T14:09:13+00:00","og_image":[{"width":1024,"height":1024,"url":"https:\/\/pans.krosno.pl\/cti\/wp-content\/uploads\/sites\/38\/2026\/04\/obraz-1024x1024.png","type":"image\/png"}],"author":"sylwiagunia","twitter_card":"summary_large_image","twitter_misc":{"Napisane przez":"sylwiagunia","Szacowany czas czytania":"2 minuty"},"schema":{"@context":"https:\/\/schema.org","@graph":[{"@type":"Article","@id":"https:\/\/pans.krosno.pl\/cti\/trwa-nabor-do-sesji-promocyjnej-zostan-twarza-pans-w-krosnie\/#article","isPartOf":{"@id":"https:\/\/pans.krosno.pl\/cti\/trwa-nabor-do-sesji-promocyjnej-zostan-twarza-pans-w-krosnie\/"},"author":{"name":"sylwiagunia","@id":"https:\/\/pans.krosno.pl\/cti\/#\/schema\/person\/73dd76b82fb48dc51b290b4d5cb555ca"},"headline":"Trwa nab\u00f3r do sesji promocyjnej \u201eZosta\u0144 twarz\u0105 PANS w Kro\u015bnie!\u201d","datePublished":"2026-04-27T14:08:46+00:00","dateModified":"2026-04-27T14:09:13+00:00","mainEntityOfPage":{"@id":"https:\/\/pans.krosno.pl\/cti\/trwa-nabor-do-sesji-promocyjnej-zostan-twarza-pans-w-krosnie\/"},"wordCount":113,"commentCount":0,"publisher":{"@id":"https:\/\/pans.krosno.pl\/cti\/#organization"},"image":{"@id":"https:\/\/pans.krosno.pl\/cti\/trwa-nabor-do-sesji-promocyjnej-zostan-twarza-pans-w-krosnie\/#primaryimage"},"thumbnailUrl":"https:\/\/pans.krosno.pl\/cti\/wp-content\/uploads\/sites\/38\/2026\/04\/obraz.png","articleSection":["Aktualno\u015bci"],"inLanguage":"pl-PL","potentialAction":[{"@type":"CommentAction","name":"Comment","target":["https:\/\/pans.krosno.pl\/cti\/trwa-nabor-do-sesji-promocyjnej-zostan-twarza-pans-w-krosnie\/#respond"]}]},{"@type":"WebPage","@id":"https:\/\/pans.krosno.pl\/cti\/trwa-nabor-do-sesji-promocyjnej-zostan-twarza-pans-w-krosnie\/","url":"https:\/\/pans.krosno.pl\/cti\/trwa-nabor-do-sesji-promocyjnej-zostan-twarza-pans-w-krosnie\/","name":"Trwa nab\u00f3r do sesji promocyjnej \u201eZosta\u0144 twarz\u0105 PANS w Kro\u015bnie!\u201d - Centrum Technologiczne Inkubator PANS w Kro\u015bnie","isPartOf":{"@id":"https:\/\/pans.krosno.pl\/cti\/#website"},"primaryImageOfPage":{"@id":"https:\/\/pans.krosno.pl\/cti\/trwa-nabor-do-sesji-promocyjnej-zostan-twarza-pans-w-krosnie\/#primaryimage"},"image":{"@id":"https:\/\/pans.krosno.pl\/cti\/trwa-nabor-do-sesji-promocyjnej-zostan-twarza-pans-w-krosnie\/#primaryimage"},"thumbnailUrl":"https:\/\/pans.krosno.pl\/cti\/wp-content\/uploads\/sites\/38\/2026\/04\/obraz.png","datePublished":"2026-04-27T14:08:46+00:00","dateModified":"2026-04-27T14:09:13+00:00","breadcrumb":{"@id":"https:\/\/pans.krosno.pl\/cti\/trwa-nabor-do-sesji-promocyjnej-zostan-twarza-pans-w-krosnie\/#breadcrumb"},"inLanguage":"pl-PL","potentialAction":[{"@type":"ReadAction","target":["https:\/\/pans.krosno.pl\/cti\/trwa-nabor-do-sesji-promocyjnej-zostan-twarza-pans-w-krosnie\/"]}]},{"@type":"ImageObject","inLanguage":"pl-PL","@id":"https:\/\/pans.krosno.pl\/cti\/trwa-nabor-do-sesji-promocyjnej-zostan-twarza-pans-w-krosnie\/#primaryimage","url":"https:\/\/pans.krosno.pl\/cti\/wp-content\/uploads\/sites\/38\/2026\/04\/obraz.png","contentUrl":"https:\/\/pans.krosno.pl\/cti\/wp-content\/uploads\/sites\/38\/2026\/04\/obraz.png","width":2048,"height":2048},{"@type":"BreadcrumbList","@id":"https:\/\/pans.krosno.pl\/cti\/trwa-nabor-do-sesji-promocyjnej-zostan-twarza-pans-w-krosnie\/#breadcrumb","itemListElement":[{"@type":"ListItem","position":1,"name":"Strona g\u0142\u00f3wna","item":"https:\/\/pans.krosno.pl\/cti\/"},{"@type":"ListItem","position":2,"name":"Trwa nab\u00f3r do sesji promocyjnej \u201eZosta\u0144 twarz\u0105 PANS w Kro\u015bnie!\u201d"}]},{"@type":"WebSite","@id":"https:\/\/pans.krosno.pl\/cti\/#website","url":"https:\/\/pans.krosno.pl\/cti\/","name":"Biuro Karier","description":"Centrum Technologiczne Inkubator - Pa\u0144stwowa Akademia Nauk Stosowanych","publisher":{"@id":"https:\/\/pans.krosno.pl\/cti\/#organization"},"potentialAction":[{"@type":"SearchAction","target":{"@type":"EntryPoint","urlTemplate":"https:\/\/pans.krosno.pl\/cti\/?s={search_term_string}"},"query-input":{"@type":"PropertyValueSpecification","valueRequired":true,"valueName":"search_term_string"}}],"inLanguage":"pl-PL"},{"@type":"Organization","@id":"https:\/\/pans.krosno.pl\/cti\/#organization","name":"Biuro Karier - Karpacka Pa\u0144stwowa Uczelnia w Kro\u015bnie","url":"https:\/\/pans.krosno.pl\/cti\/","logo":{"@type":"ImageObject","inLanguage":"pl-PL","@id":"https:\/\/pans.krosno.pl\/cti\/#\/schema\/logo\/image\/","url":"https:\/\/pans.krosno.pl\/bk\/wp-content\/uploads\/sites\/38\/2020\/05\/96735643_906333539807912_5732186373989859328_n-1.gif","contentUrl":"https:\/\/pans.krosno.pl\/bk\/wp-content\/uploads\/sites\/38\/2020\/05\/96735643_906333539807912_5732186373989859328_n-1.gif","width":762,"height":137,"caption":"Biuro Karier - Karpacka Pa\u0144stwowa Uczelnia w Kro\u015bnie"},"image":{"@id":"https:\/\/pans.krosno.pl\/cti\/#\/schema\/logo\/image\/"},"sameAs":["https:\/\/www.facebook.com\/BKKPUKROSNO\/"]},{"@type":"Person","@id":"https:\/\/pans.krosno.pl\/cti\/#\/schema\/person\/73dd76b82fb48dc51b290b4d5cb555ca","name":"sylwiagunia","image":{"@type":"ImageObject","inLanguage":"pl-PL","@id":"https:\/\/secure.gravatar.com\/avatar\/2db9fef1cf2ea7040022e6442ccb0b5b60f587e9ab29c9d70bf03f0bfc0f93cb?s=96&d=mm&r=g","url":"https:\/\/secure.gravatar.com\/avatar\/2db9fef1cf2ea7040022e6442ccb0b5b60f587e9ab29c9d70bf03f0bfc0f93cb?s=96&d=mm&r=g","contentUrl":"https:\/\/secure.gravatar.com\/avatar\/2db9fef1cf2ea7040022e6442ccb0b5b60f587e9ab29c9d70bf03f0bfc0f93cb?s=96&d=mm&r=g","caption":"sylwiagunia"},"url":"https:\/\/pans.krosno.pl\/cti\/author\/sylwiagunia\/"}]}},"_links":{"self":[{"href":"https:\/\/pans.krosno.pl\/cti\/wp-json\/wp\/v2\/posts\/7948","targetHints":{"allow":["GET"]}}],"collection":[{"href":"https:\/\/pans.krosno.pl\/cti\/wp-json\/wp\/v2\/posts"}],"about":[{"href":"https:\/\/pans.krosno.pl\/cti\/wp-json\/wp\/v2\/types\/post"}],"author":[{"embeddable":true,"href":"https:\/\/pans.krosno.pl\/cti\/wp-json\/wp\/v2\/users\/34"}],"replies":[{"embeddable":true,"href":"https:\/\/pans.krosno.pl\/cti\/wp-json\/wp\/v2\/comments?post=7948"}],"version-history":[{"count":1,"href":"https:\/\/pans.krosno.pl\/cti\/wp-json\/wp\/v2\/posts\/7948\/revisions"}],"predecessor-version":[{"id":7950,"href":"https:\/\/pans.krosno.pl\/cti\/wp-json\/wp\/v2\/posts\/7948\/revisions\/7950"}],"wp:featuredmedia":[{"embeddable":true,"href":"https:\/\/pans.krosno.pl\/cti\/wp-json\/wp\/v2\/media\/7949"}],"wp:attachment":[{"href":"https:\/\/pans.krosno.pl\/cti\/wp-json\/wp\/v2\/media?parent=7948"}],"wp:term":[{"taxonomy":"category","embeddable":true,"href":"https:\/\/pans.krosno.pl\/cti\/wp-json\/wp\/v2\/categories?post=7948"},{"taxonomy":"post_tag","embeddable":true,"href":"https:\/\/pans.krosno.pl\/cti\/wp-json\/wp\/v2\/tags?post=7948"}],"curies":[{"name":"wp","href":"https:\/\/api.w.org\/{rel}","templated":true}]}}