{"id":7944,"date":"2026-04-22T09:16:02","date_gmt":"2026-04-22T07:16:02","guid":{"rendered":"https:\/\/pans.krosno.pl\/cti\/?p=7944"},"modified":"2026-04-22T09:16:03","modified_gmt":"2026-04-22T07:16:03","slug":"oferta-pracy-obsluga-mediow-spolecznosciowych-branza-odziezowa","status":"publish","type":"post","link":"https:\/\/pans.krosno.pl\/cti\/oferta-pracy-obsluga-mediow-spolecznosciowych-branza-odziezowa\/","title":{"rendered":"Oferta pracy: Obs\u0142uga medi\u00f3w spo\u0142eczno\u015bciowych &#8211; Bran\u017ca Odzie\u017cowa"},"content":{"rendered":"\n<p>Obs\u0142uga medi\u00f3w spo\u0142eczno\u015bciowych &#8211; Bran\u017ca Odzie\u017cowa<\/p>\n\n\n\n<p><br>Poszukujemy kreatywnej osoby do prowadzenia Social Medi\u00f3w (Instagram, Facebook, TikTok) dla butiku z odzie\u017c\u0105 damsk\u0105.<\/p>\n\n\n\n<p><strong>Zakres obowi\u0105zk\u00f3w:<\/strong><br>&#8211; Prezentowanie naszych ubra\u0144 na zdj\u0119ciach oraz rolkach sprzeda\u017cowych,<br>&#8211; Samodzielne tworzenie ciekawych tre\u015bci wideo (rolek sprzeda\u017cowych) oraz wystawianie ich na FB, Instagramie i TikToku,<br>&#8211; Aktywne moderowanie dyskusji pod postami i profesjonalna obs\u0142uga\u00a0zapyta\u0144 od klient\u00f3w,<br>&#8211; Wdra\u017canie strategii zwi\u0119kszaj\u0105cych zasi\u0119gi oraz pozyskiwanie nowych obserwuj\u0105cych.<br><br><strong>Szukamy w\u0142a\u015bnie Ciebie, je\u015bli:<\/strong><br>&#8211; Swobodnie czujesz si\u0119 przed obiektywem, masz du\u017co pozytywnej energii oraz posiadasz umiej\u0119tno\u015b\u0107 prezentowania odzie\u017cy w spos\u00f3b atrakcyjny dla widza.<br>&#8211; Ogarniasz Rolki (Reels) i wiesz, jak zmontowa\u0107 fajny filmik w telefonie (np. w CapCut).<br>&#8211; Wiesz, co zrobi\u0107, \u017ceby post nie \u201ezgin\u0105\u0142\u201d w t\u0142umie i dotar\u0142 do nowych os\u00f3b.<br>&#8211; Interesujesz si\u0119 mod\u0105 i wiesz, co jest teraz na topie.<br>&#8211; Jeste\u015b dyspozycyjny\/a 2-3 dni w tygodniu (elastyczne godziny pracy).<br><br><strong>Osoby zainteresowane prosimy o przes\u0142anie CV (z aktualnym zdj\u0119ciem) na adres e-mail:<br><a href=\"mailto:sklep.krosno@interia.pl\">sklep.krosno@interia.pl<\/a><\/strong><\/p>\n\n\n\n<p><br>Ch\u0119tnie zobaczymy te\u017c 2-3 Rolki, kt\u00f3re stworzy\u0142e\u015b\/a\u015b.<\/p>\n\n\n\n<p><\/p>\n","protected":false},"excerpt":{"rendered":"<p>Obs\u0142uga medi\u00f3w spo\u0142eczno\u015bciowych &#8211; Bran\u017ca Odzie\u017cowa Poszukujemy kreatywnej osoby do prowadzenia Social Medi\u00f3w (Instagram, Facebook, TikTok) dla butiku z odzie\u017c\u0105 damsk\u0105. Zakres obowi\u0105zk\u00f3w:&#8211; Prezentowanie naszych ubra\u0144 na zdj\u0119ciach oraz rolkach sprzeda\u017cowych,&#8211; Samodzielne tworzenie ciekawych tre\u015bci wideo (rolek sprzeda\u017cowych) oraz wystawianie ich na FB, Instagramie i TikToku,&#8211; Aktywne moderowanie dyskusji pod [\u2026] <\/p>\n<div class=\"clear\"><\/div>\n<p><a class=\"more_link clearfix\" href=\"https:\/\/pans.krosno.pl\/cti\/oferta-pracy-obsluga-mediow-spolecznosciowych-branza-odziezowa\/\" rel=\"nofollow\">Read More<\/a><\/p>\n","protected":false},"author":34,"featured_media":7945,"comment_status":"open","ping_status":"open","sticky":false,"template":"","format":"standard","meta":{"ngg_post_thumbnail":0,"footnotes":""},"categories":[3,4],"tags":[],"class_list":["post-7944","post","type-post","status-publish","format-standard","has-post-thumbnail","hentry","category-aktualnosci","category-oferty-pracy"],"yoast_head":"<!-- This site is optimized with the Yoast SEO Premium plugin v27.4 (Yoast SEO v27.4) - https:\/\/yoast.com\/product\/yoast-seo-premium-wordpress\/ -->\n<title>Oferta pracy: Obs\u0142uga medi\u00f3w spo\u0142eczno\u015bciowych - Bran\u017ca Odzie\u017cowa - Centrum Technologiczne Inkubator PANS w Kro\u015bnie<\/title>\n<meta name=\"robots\" content=\"index, follow, max-snippet:-1, max-image-preview:large, max-video-preview:-1\" \/>\n<link rel=\"canonical\" href=\"https:\/\/pans.krosno.pl\/cti\/oferta-pracy-obsluga-mediow-spolecznosciowych-branza-odziezowa\/\" \/>\n<meta property=\"og:locale\" content=\"pl_PL\" \/>\n<meta property=\"og:type\" content=\"article\" \/>\n<meta property=\"og:title\" content=\"Oferta pracy: Obs\u0142uga medi\u00f3w spo\u0142eczno\u015bciowych - Bran\u017ca Odzie\u017cowa\" \/>\n<meta property=\"og:description\" content=\"Obs\u0142uga medi\u00f3w spo\u0142eczno\u015bciowych &#8211; Bran\u017ca Odzie\u017cowa Poszukujemy kreatywnej osoby do prowadzenia Social Medi\u00f3w (Instagram, Facebook, TikTok) dla butiku z odzie\u017c\u0105 damsk\u0105. Zakres obowi\u0105zk\u00f3w:&#8211; Prezentowanie naszych ubra\u0144 na zdj\u0119ciach oraz rolkach sprzeda\u017cowych,&#8211; Samodzielne tworzenie ciekawych tre\u015bci wideo (rolek sprzeda\u017cowych) oraz wystawianie ich na FB, Instagramie i TikToku,&#8211; Aktywne moderowanie dyskusji pod [\u2026] Read More\" \/>\n<meta property=\"og:url\" content=\"https:\/\/pans.krosno.pl\/cti\/oferta-pracy-obsluga-mediow-spolecznosciowych-branza-odziezowa\/\" \/>\n<meta property=\"og:site_name\" content=\"Centrum Technologiczne Inkubator PANS w Kro\u015bnie\" \/>\n<meta property=\"article:publisher\" content=\"https:\/\/www.facebook.com\/BKKPUKROSNO\/\" \/>\n<meta property=\"article:published_time\" content=\"2026-04-22T07:16:02+00:00\" \/>\n<meta property=\"article:modified_time\" content=\"2026-04-22T07:16:03+00:00\" \/>\n<meta property=\"og:image\" content=\"https:\/\/pans.krosno.pl\/cti\/wp-content\/uploads\/sites\/38\/2026\/04\/OFERTA_PRACY.max-631x420-1.png\" \/>\n\t<meta property=\"og:image:width\" content=\"630\" \/>\n\t<meta property=\"og:image:height\" content=\"420\" \/>\n\t<meta property=\"og:image:type\" content=\"image\/png\" \/>\n<meta name=\"author\" content=\"sylwiagunia\" \/>\n<meta name=\"twitter:card\" content=\"summary_large_image\" \/>\n<meta name=\"twitter:label1\" content=\"Napisane przez\" \/>\n\t<meta name=\"twitter:data1\" content=\"sylwiagunia\" \/>\n\t<meta name=\"twitter:label2\" content=\"Szacowany czas czytania\" \/>\n\t<meta name=\"twitter:data2\" content=\"2 minuty\" \/>\n<script type=\"application\/ld+json\" class=\"yoast-schema-graph\">{\"@context\":\"https:\\\/\\\/schema.org\",\"@graph\":[{\"@type\":\"Article\",\"@id\":\"https:\\\/\\\/pans.krosno.pl\\\/cti\\\/oferta-pracy-obsluga-mediow-spolecznosciowych-branza-odziezowa\\\/#article\",\"isPartOf\":{\"@id\":\"https:\\\/\\\/pans.krosno.pl\\\/cti\\\/oferta-pracy-obsluga-mediow-spolecznosciowych-branza-odziezowa\\\/\"},\"author\":{\"name\":\"sylwiagunia\",\"@id\":\"https:\\\/\\\/pans.krosno.pl\\\/cti\\\/#\\\/schema\\\/person\\\/73dd76b82fb48dc51b290b4d5cb555ca\"},\"headline\":\"Oferta pracy: Obs\u0142uga medi\u00f3w spo\u0142eczno\u015bciowych &#8211; Bran\u017ca Odzie\u017cowa\",\"datePublished\":\"2026-04-22T07:16:02+00:00\",\"dateModified\":\"2026-04-22T07:16:03+00:00\",\"mainEntityOfPage\":{\"@id\":\"https:\\\/\\\/pans.krosno.pl\\\/cti\\\/oferta-pracy-obsluga-mediow-spolecznosciowych-branza-odziezowa\\\/\"},\"wordCount\":217,\"commentCount\":0,\"publisher\":{\"@id\":\"https:\\\/\\\/pans.krosno.pl\\\/cti\\\/#organization\"},\"image\":{\"@id\":\"https:\\\/\\\/pans.krosno.pl\\\/cti\\\/oferta-pracy-obsluga-mediow-spolecznosciowych-branza-odziezowa\\\/#primaryimage\"},\"thumbnailUrl\":\"https:\\\/\\\/pans.krosno.pl\\\/cti\\\/wp-content\\\/uploads\\\/sites\\\/38\\\/2026\\\/04\\\/OFERTA_PRACY.max-631x420-1.png\",\"articleSection\":[\"Aktualno\u015bci\",\"Oferty pracy\"],\"inLanguage\":\"pl-PL\",\"potentialAction\":[{\"@type\":\"CommentAction\",\"name\":\"Comment\",\"target\":[\"https:\\\/\\\/pans.krosno.pl\\\/cti\\\/oferta-pracy-obsluga-mediow-spolecznosciowych-branza-odziezowa\\\/#respond\"]}]},{\"@type\":\"WebPage\",\"@id\":\"https:\\\/\\\/pans.krosno.pl\\\/cti\\\/oferta-pracy-obsluga-mediow-spolecznosciowych-branza-odziezowa\\\/\",\"url\":\"https:\\\/\\\/pans.krosno.pl\\\/cti\\\/oferta-pracy-obsluga-mediow-spolecznosciowych-branza-odziezowa\\\/\",\"name\":\"Oferta pracy: Obs\u0142uga medi\u00f3w spo\u0142eczno\u015bciowych - Bran\u017ca Odzie\u017cowa - Centrum Technologiczne Inkubator PANS w Kro\u015bnie\",\"isPartOf\":{\"@id\":\"https:\\\/\\\/pans.krosno.pl\\\/cti\\\/#website\"},\"primaryImageOfPage\":{\"@id\":\"https:\\\/\\\/pans.krosno.pl\\\/cti\\\/oferta-pracy-obsluga-mediow-spolecznosciowych-branza-odziezowa\\\/#primaryimage\"},\"image\":{\"@id\":\"https:\\\/\\\/pans.krosno.pl\\\/cti\\\/oferta-pracy-obsluga-mediow-spolecznosciowych-branza-odziezowa\\\/#primaryimage\"},\"thumbnailUrl\":\"https:\\\/\\\/pans.krosno.pl\\\/cti\\\/wp-content\\\/uploads\\\/sites\\\/38\\\/2026\\\/04\\\/OFERTA_PRACY.max-631x420-1.png\",\"datePublished\":\"2026-04-22T07:16:02+00:00\",\"dateModified\":\"2026-04-22T07:16:03+00:00\",\"breadcrumb\":{\"@id\":\"https:\\\/\\\/pans.krosno.pl\\\/cti\\\/oferta-pracy-obsluga-mediow-spolecznosciowych-branza-odziezowa\\\/#breadcrumb\"},\"inLanguage\":\"pl-PL\",\"potentialAction\":[{\"@type\":\"ReadAction\",\"target\":[\"https:\\\/\\\/pans.krosno.pl\\\/cti\\\/oferta-pracy-obsluga-mediow-spolecznosciowych-branza-odziezowa\\\/\"]}]},{\"@type\":\"ImageObject\",\"inLanguage\":\"pl-PL\",\"@id\":\"https:\\\/\\\/pans.krosno.pl\\\/cti\\\/oferta-pracy-obsluga-mediow-spolecznosciowych-branza-odziezowa\\\/#primaryimage\",\"url\":\"https:\\\/\\\/pans.krosno.pl\\\/cti\\\/wp-content\\\/uploads\\\/sites\\\/38\\\/2026\\\/04\\\/OFERTA_PRACY.max-631x420-1.png\",\"contentUrl\":\"https:\\\/\\\/pans.krosno.pl\\\/cti\\\/wp-content\\\/uploads\\\/sites\\\/38\\\/2026\\\/04\\\/OFERTA_PRACY.max-631x420-1.png\",\"width\":630,\"height\":420},{\"@type\":\"BreadcrumbList\",\"@id\":\"https:\\\/\\\/pans.krosno.pl\\\/cti\\\/oferta-pracy-obsluga-mediow-spolecznosciowych-branza-odziezowa\\\/#breadcrumb\",\"itemListElement\":[{\"@type\":\"ListItem\",\"position\":1,\"name\":\"Strona g\u0142\u00f3wna\",\"item\":\"https:\\\/\\\/pans.krosno.pl\\\/cti\\\/\"},{\"@type\":\"ListItem\",\"position\":2,\"name\":\"Oferta pracy: Obs\u0142uga medi\u00f3w spo\u0142eczno\u015bciowych &#8211; Bran\u017ca Odzie\u017cowa\"}]},{\"@type\":\"WebSite\",\"@id\":\"https:\\\/\\\/pans.krosno.pl\\\/cti\\\/#website\",\"url\":\"https:\\\/\\\/pans.krosno.pl\\\/cti\\\/\",\"name\":\"Biuro Karier\",\"description\":\"Centrum Technologiczne Inkubator - Pa\u0144stwowa Akademia Nauk Stosowanych\",\"publisher\":{\"@id\":\"https:\\\/\\\/pans.krosno.pl\\\/cti\\\/#organization\"},\"potentialAction\":[{\"@type\":\"SearchAction\",\"target\":{\"@type\":\"EntryPoint\",\"urlTemplate\":\"https:\\\/\\\/pans.krosno.pl\\\/cti\\\/?s={search_term_string}\"},\"query-input\":{\"@type\":\"PropertyValueSpecification\",\"valueRequired\":true,\"valueName\":\"search_term_string\"}}],\"inLanguage\":\"pl-PL\"},{\"@type\":\"Organization\",\"@id\":\"https:\\\/\\\/pans.krosno.pl\\\/cti\\\/#organization\",\"name\":\"Biuro Karier - Karpacka Pa\u0144stwowa Uczelnia w Kro\u015bnie\",\"url\":\"https:\\\/\\\/pans.krosno.pl\\\/cti\\\/\",\"logo\":{\"@type\":\"ImageObject\",\"inLanguage\":\"pl-PL\",\"@id\":\"https:\\\/\\\/pans.krosno.pl\\\/cti\\\/#\\\/schema\\\/logo\\\/image\\\/\",\"url\":\"https:\\\/\\\/pans.krosno.pl\\\/bk\\\/wp-content\\\/uploads\\\/sites\\\/38\\\/2020\\\/05\\\/96735643_906333539807912_5732186373989859328_n-1.gif\",\"contentUrl\":\"https:\\\/\\\/pans.krosno.pl\\\/bk\\\/wp-content\\\/uploads\\\/sites\\\/38\\\/2020\\\/05\\\/96735643_906333539807912_5732186373989859328_n-1.gif\",\"width\":762,\"height\":137,\"caption\":\"Biuro Karier - Karpacka Pa\u0144stwowa Uczelnia w Kro\u015bnie\"},\"image\":{\"@id\":\"https:\\\/\\\/pans.krosno.pl\\\/cti\\\/#\\\/schema\\\/logo\\\/image\\\/\"},\"sameAs\":[\"https:\\\/\\\/www.facebook.com\\\/BKKPUKROSNO\\\/\"]},{\"@type\":\"Person\",\"@id\":\"https:\\\/\\\/pans.krosno.pl\\\/cti\\\/#\\\/schema\\\/person\\\/73dd76b82fb48dc51b290b4d5cb555ca\",\"name\":\"sylwiagunia\",\"image\":{\"@type\":\"ImageObject\",\"inLanguage\":\"pl-PL\",\"@id\":\"https:\\\/\\\/secure.gravatar.com\\\/avatar\\\/2db9fef1cf2ea7040022e6442ccb0b5b60f587e9ab29c9d70bf03f0bfc0f93cb?s=96&d=mm&r=g\",\"url\":\"https:\\\/\\\/secure.gravatar.com\\\/avatar\\\/2db9fef1cf2ea7040022e6442ccb0b5b60f587e9ab29c9d70bf03f0bfc0f93cb?s=96&d=mm&r=g\",\"contentUrl\":\"https:\\\/\\\/secure.gravatar.com\\\/avatar\\\/2db9fef1cf2ea7040022e6442ccb0b5b60f587e9ab29c9d70bf03f0bfc0f93cb?s=96&d=mm&r=g\",\"caption\":\"sylwiagunia\"},\"url\":\"https:\\\/\\\/pans.krosno.pl\\\/cti\\\/author\\\/sylwiagunia\\\/\"}]}<\/script>\n<!-- \/ Yoast SEO Premium plugin. -->","yoast_head_json":{"title":"Oferta pracy: Obs\u0142uga medi\u00f3w spo\u0142eczno\u015bciowych - Bran\u017ca Odzie\u017cowa - Centrum Technologiczne Inkubator PANS w Kro\u015bnie","robots":{"index":"index","follow":"follow","max-snippet":"max-snippet:-1","max-image-preview":"max-image-preview:large","max-video-preview":"max-video-preview:-1"},"canonical":"https:\/\/pans.krosno.pl\/cti\/oferta-pracy-obsluga-mediow-spolecznosciowych-branza-odziezowa\/","og_locale":"pl_PL","og_type":"article","og_title":"Oferta pracy: Obs\u0142uga medi\u00f3w spo\u0142eczno\u015bciowych - Bran\u017ca Odzie\u017cowa","og_description":"Obs\u0142uga medi\u00f3w spo\u0142eczno\u015bciowych &#8211; Bran\u017ca Odzie\u017cowa Poszukujemy kreatywnej osoby do prowadzenia Social Medi\u00f3w (Instagram, Facebook, TikTok) dla butiku z odzie\u017c\u0105 damsk\u0105. Zakres obowi\u0105zk\u00f3w:&#8211; Prezentowanie naszych ubra\u0144 na zdj\u0119ciach oraz rolkach sprzeda\u017cowych,&#8211; Samodzielne tworzenie ciekawych tre\u015bci wideo (rolek sprzeda\u017cowych) oraz wystawianie ich na FB, Instagramie i TikToku,&#8211; Aktywne moderowanie dyskusji pod [\u2026] Read More","og_url":"https:\/\/pans.krosno.pl\/cti\/oferta-pracy-obsluga-mediow-spolecznosciowych-branza-odziezowa\/","og_site_name":"Centrum Technologiczne Inkubator PANS w Kro\u015bnie","article_publisher":"https:\/\/www.facebook.com\/BKKPUKROSNO\/","article_published_time":"2026-04-22T07:16:02+00:00","article_modified_time":"2026-04-22T07:16:03+00:00","og_image":[{"width":630,"height":420,"url":"https:\/\/pans.krosno.pl\/cti\/wp-content\/uploads\/sites\/38\/2026\/04\/OFERTA_PRACY.max-631x420-1.png","type":"image\/png"}],"author":"sylwiagunia","twitter_card":"summary_large_image","twitter_misc":{"Napisane przez":"sylwiagunia","Szacowany czas czytania":"2 minuty"},"schema":{"@context":"https:\/\/schema.org","@graph":[{"@type":"Article","@id":"https:\/\/pans.krosno.pl\/cti\/oferta-pracy-obsluga-mediow-spolecznosciowych-branza-odziezowa\/#article","isPartOf":{"@id":"https:\/\/pans.krosno.pl\/cti\/oferta-pracy-obsluga-mediow-spolecznosciowych-branza-odziezowa\/"},"author":{"name":"sylwiagunia","@id":"https:\/\/pans.krosno.pl\/cti\/#\/schema\/person\/73dd76b82fb48dc51b290b4d5cb555ca"},"headline":"Oferta pracy: Obs\u0142uga medi\u00f3w spo\u0142eczno\u015bciowych &#8211; Bran\u017ca Odzie\u017cowa","datePublished":"2026-04-22T07:16:02+00:00","dateModified":"2026-04-22T07:16:03+00:00","mainEntityOfPage":{"@id":"https:\/\/pans.krosno.pl\/cti\/oferta-pracy-obsluga-mediow-spolecznosciowych-branza-odziezowa\/"},"wordCount":217,"commentCount":0,"publisher":{"@id":"https:\/\/pans.krosno.pl\/cti\/#organization"},"image":{"@id":"https:\/\/pans.krosno.pl\/cti\/oferta-pracy-obsluga-mediow-spolecznosciowych-branza-odziezowa\/#primaryimage"},"thumbnailUrl":"https:\/\/pans.krosno.pl\/cti\/wp-content\/uploads\/sites\/38\/2026\/04\/OFERTA_PRACY.max-631x420-1.png","articleSection":["Aktualno\u015bci","Oferty pracy"],"inLanguage":"pl-PL","potentialAction":[{"@type":"CommentAction","name":"Comment","target":["https:\/\/pans.krosno.pl\/cti\/oferta-pracy-obsluga-mediow-spolecznosciowych-branza-odziezowa\/#respond"]}]},{"@type":"WebPage","@id":"https:\/\/pans.krosno.pl\/cti\/oferta-pracy-obsluga-mediow-spolecznosciowych-branza-odziezowa\/","url":"https:\/\/pans.krosno.pl\/cti\/oferta-pracy-obsluga-mediow-spolecznosciowych-branza-odziezowa\/","name":"Oferta pracy: Obs\u0142uga medi\u00f3w spo\u0142eczno\u015bciowych - Bran\u017ca Odzie\u017cowa - Centrum Technologiczne Inkubator PANS w Kro\u015bnie","isPartOf":{"@id":"https:\/\/pans.krosno.pl\/cti\/#website"},"primaryImageOfPage":{"@id":"https:\/\/pans.krosno.pl\/cti\/oferta-pracy-obsluga-mediow-spolecznosciowych-branza-odziezowa\/#primaryimage"},"image":{"@id":"https:\/\/pans.krosno.pl\/cti\/oferta-pracy-obsluga-mediow-spolecznosciowych-branza-odziezowa\/#primaryimage"},"thumbnailUrl":"https:\/\/pans.krosno.pl\/cti\/wp-content\/uploads\/sites\/38\/2026\/04\/OFERTA_PRACY.max-631x420-1.png","datePublished":"2026-04-22T07:16:02+00:00","dateModified":"2026-04-22T07:16:03+00:00","breadcrumb":{"@id":"https:\/\/pans.krosno.pl\/cti\/oferta-pracy-obsluga-mediow-spolecznosciowych-branza-odziezowa\/#breadcrumb"},"inLanguage":"pl-PL","potentialAction":[{"@type":"ReadAction","target":["https:\/\/pans.krosno.pl\/cti\/oferta-pracy-obsluga-mediow-spolecznosciowych-branza-odziezowa\/"]}]},{"@type":"ImageObject","inLanguage":"pl-PL","@id":"https:\/\/pans.krosno.pl\/cti\/oferta-pracy-obsluga-mediow-spolecznosciowych-branza-odziezowa\/#primaryimage","url":"https:\/\/pans.krosno.pl\/cti\/wp-content\/uploads\/sites\/38\/2026\/04\/OFERTA_PRACY.max-631x420-1.png","contentUrl":"https:\/\/pans.krosno.pl\/cti\/wp-content\/uploads\/sites\/38\/2026\/04\/OFERTA_PRACY.max-631x420-1.png","width":630,"height":420},{"@type":"BreadcrumbList","@id":"https:\/\/pans.krosno.pl\/cti\/oferta-pracy-obsluga-mediow-spolecznosciowych-branza-odziezowa\/#breadcrumb","itemListElement":[{"@type":"ListItem","position":1,"name":"Strona g\u0142\u00f3wna","item":"https:\/\/pans.krosno.pl\/cti\/"},{"@type":"ListItem","position":2,"name":"Oferta pracy: Obs\u0142uga medi\u00f3w spo\u0142eczno\u015bciowych &#8211; Bran\u017ca Odzie\u017cowa"}]},{"@type":"WebSite","@id":"https:\/\/pans.krosno.pl\/cti\/#website","url":"https:\/\/pans.krosno.pl\/cti\/","name":"Biuro Karier","description":"Centrum Technologiczne Inkubator - Pa\u0144stwowa Akademia Nauk Stosowanych","publisher":{"@id":"https:\/\/pans.krosno.pl\/cti\/#organization"},"potentialAction":[{"@type":"SearchAction","target":{"@type":"EntryPoint","urlTemplate":"https:\/\/pans.krosno.pl\/cti\/?s={search_term_string}"},"query-input":{"@type":"PropertyValueSpecification","valueRequired":true,"valueName":"search_term_string"}}],"inLanguage":"pl-PL"},{"@type":"Organization","@id":"https:\/\/pans.krosno.pl\/cti\/#organization","name":"Biuro Karier - Karpacka Pa\u0144stwowa Uczelnia w Kro\u015bnie","url":"https:\/\/pans.krosno.pl\/cti\/","logo":{"@type":"ImageObject","inLanguage":"pl-PL","@id":"https:\/\/pans.krosno.pl\/cti\/#\/schema\/logo\/image\/","url":"https:\/\/pans.krosno.pl\/bk\/wp-content\/uploads\/sites\/38\/2020\/05\/96735643_906333539807912_5732186373989859328_n-1.gif","contentUrl":"https:\/\/pans.krosno.pl\/bk\/wp-content\/uploads\/sites\/38\/2020\/05\/96735643_906333539807912_5732186373989859328_n-1.gif","width":762,"height":137,"caption":"Biuro Karier - Karpacka Pa\u0144stwowa Uczelnia w Kro\u015bnie"},"image":{"@id":"https:\/\/pans.krosno.pl\/cti\/#\/schema\/logo\/image\/"},"sameAs":["https:\/\/www.facebook.com\/BKKPUKROSNO\/"]},{"@type":"Person","@id":"https:\/\/pans.krosno.pl\/cti\/#\/schema\/person\/73dd76b82fb48dc51b290b4d5cb555ca","name":"sylwiagunia","image":{"@type":"ImageObject","inLanguage":"pl-PL","@id":"https:\/\/secure.gravatar.com\/avatar\/2db9fef1cf2ea7040022e6442ccb0b5b60f587e9ab29c9d70bf03f0bfc0f93cb?s=96&d=mm&r=g","url":"https:\/\/secure.gravatar.com\/avatar\/2db9fef1cf2ea7040022e6442ccb0b5b60f587e9ab29c9d70bf03f0bfc0f93cb?s=96&d=mm&r=g","contentUrl":"https:\/\/secure.gravatar.com\/avatar\/2db9fef1cf2ea7040022e6442ccb0b5b60f587e9ab29c9d70bf03f0bfc0f93cb?s=96&d=mm&r=g","caption":"sylwiagunia"},"url":"https:\/\/pans.krosno.pl\/cti\/author\/sylwiagunia\/"}]}},"_links":{"self":[{"href":"https:\/\/pans.krosno.pl\/cti\/wp-json\/wp\/v2\/posts\/7944","targetHints":{"allow":["GET"]}}],"collection":[{"href":"https:\/\/pans.krosno.pl\/cti\/wp-json\/wp\/v2\/posts"}],"about":[{"href":"https:\/\/pans.krosno.pl\/cti\/wp-json\/wp\/v2\/types\/post"}],"author":[{"embeddable":true,"href":"https:\/\/pans.krosno.pl\/cti\/wp-json\/wp\/v2\/users\/34"}],"replies":[{"embeddable":true,"href":"https:\/\/pans.krosno.pl\/cti\/wp-json\/wp\/v2\/comments?post=7944"}],"version-history":[{"count":1,"href":"https:\/\/pans.krosno.pl\/cti\/wp-json\/wp\/v2\/posts\/7944\/revisions"}],"predecessor-version":[{"id":7946,"href":"https:\/\/pans.krosno.pl\/cti\/wp-json\/wp\/v2\/posts\/7944\/revisions\/7946"}],"wp:featuredmedia":[{"embeddable":true,"href":"https:\/\/pans.krosno.pl\/cti\/wp-json\/wp\/v2\/media\/7945"}],"wp:attachment":[{"href":"https:\/\/pans.krosno.pl\/cti\/wp-json\/wp\/v2\/media?parent=7944"}],"wp:term":[{"taxonomy":"category","embeddable":true,"href":"https:\/\/pans.krosno.pl\/cti\/wp-json\/wp\/v2\/categories?post=7944"},{"taxonomy":"post_tag","embeddable":true,"href":"https:\/\/pans.krosno.pl\/cti\/wp-json\/wp\/v2\/tags?post=7944"}],"curies":[{"name":"wp","href":"https:\/\/api.w.org\/{rel}","templated":true}]}}