{"id":7935,"date":"2026-04-21T09:29:19","date_gmt":"2026-04-21T07:29:19","guid":{"rendered":"https:\/\/pans.krosno.pl\/cti\/?p=7935"},"modified":"2026-04-21T09:29:52","modified_gmt":"2026-04-21T07:29:52","slug":"oferta-pracy-specjalista_specjalistka-ds-marketingu","status":"publish","type":"post","link":"https:\/\/pans.krosno.pl\/cti\/oferta-pracy-specjalista_specjalistka-ds-marketingu\/","title":{"rendered":"Oferta pracy: Specjalista_Specjalistka ds. Marketingu"},"content":{"rendered":"\n<p><a href=\"https:\/\/krosno24.pl\/uploads\/stre1vda\/2026\/4\/9\/b41e2b3fd4c76211eedd6c9e98979077.jpg\"><\/a><\/p>\n\n\n\n<figure class=\"wp-block-image size-full is-resized\"><img loading=\"lazy\" decoding=\"async\" width=\"960\" height=\"560\" src=\"https:\/\/pans.krosno.pl\/cti\/wp-content\/uploads\/sites\/38\/2026\/02\/nowy-styl.png\" alt=\"\" class=\"wp-image-7665\" style=\"aspect-ratio:1.7142857546840535;width:302px;height:auto\" srcset=\"https:\/\/pans.krosno.pl\/cti\/wp-content\/uploads\/sites\/38\/2026\/02\/nowy-styl.png 960w, https:\/\/pans.krosno.pl\/cti\/wp-content\/uploads\/sites\/38\/2026\/02\/nowy-styl-300x175.png 300w, https:\/\/pans.krosno.pl\/cti\/wp-content\/uploads\/sites\/38\/2026\/02\/nowy-styl-768x448.png 768w, https:\/\/pans.krosno.pl\/cti\/wp-content\/uploads\/sites\/38\/2026\/02\/nowy-styl-800x467.png 800w, https:\/\/pans.krosno.pl\/cti\/wp-content\/uploads\/sites\/38\/2026\/02\/nowy-styl-580x338.png 580w\" sizes=\"auto, (max-width: 960px) 100vw, 960px\" \/><\/figure>\n\n\n\n<p><strong>Specjalista_Specjalistka ds. Marketingu<\/strong><br><strong>Miejsce pracy: Jas\u0142o<br>Rekrutacja do: Nowy Styl Sp. z o.o.<\/strong><\/p>\n\n\n\n<p>Tw\u00f3j zakres obowi\u0105zk\u00f3w:<br>&#8211; aktywne kreowanie wsparcia marketingowego dla rynk\u00f3w zagranicznych<br>&#8211; wsp\u00f3\u0142praca z zespo\u0142em sprzeda\u017cowym i klientami<br>&#8211; kreowanie tre\u015bci oraz nadz\u00f3r nad tworzeniem materia\u0142\u00f3w marketingowych (ulotek, prezentacji, newsletter\u00f3w, materia\u0142\u00f3w POS)<br>&#8211; inicjowanie oraz prowadzenie kampanii marketingowych generuj\u0105cych leady sprzeda\u017cowe na r\u00f3\u017cnych rynkach<br>&#8211; wsp\u00f3\u0142tworzenie event\u00f3w live i online<br>&#8211; dba\u0142o\u015b\u0107 o sp\u00f3jn\u0105 komunikacj\u0119<br>&#8211; udzia\u0142 w crossowych projektach marketingowych wspieraj\u0105cych sprzeda\u017c (np. targi bran\u017cowe)<br>&#8211; monitoring dzia\u0142a\u0144 promocyjno-reklamowych konkurent\u00f3w<br><br>Nasze wymagania:<br>&#8211; jeste\u015b osob\u0105 otwart\u0105 na ludzi, kreatywn\u0105 i pe\u0142n\u0105 pomys\u0142\u00f3w<br>&#8211; wykazujesz si\u0119 inicjatyw\u0105 oraz masz lekkie pi\u00f3ro<br>&#8211; znasz j. angielski i potrafisz si\u0119 w nim swobodnie komunikowa\u0107<br>&#8211; sprawnie pos\u0142ugujesz si\u0119 programami z pakietu MS Office (w szczeg\u00f3lno\u015bci: Power Point)<br>&#8211; posiadasz wykszta\u0142cenie wy\u017csze, mile widziane obszary: zarz\u0105dzanie i\/lub marketing, PR, reklama, promocja, dziennikarstwo lub komunikacja spo\u0142eczna<br>&#8211; aktywnie u\u017cytkujesz prawo jazdy kat. B<br><br>Oferujemy:<br>&#8211; profesjonalny proces onboardingu, umo\u017cliwiaj\u0105cy poznanie firmy, kultury organizacyjnej oraz naszego portfolio<br>&#8211; nowoczesne biuro, stworzone w oparciu o potrzeby pracownik\u00f3w i wyposa\u017cone w nasze najlepsze produkty<br>&#8211; rozw\u00f3j kompetencji zawodowych poprzez udzia\u0142 w projektach i szkoleniach<br>&#8211; benefity takie jak: dop\u0142ata do karty sportowej oraz kursu j\u0119zyka obcego, organizacja i dofinansowanie od 50 do 90% koszt\u00f3w kolonii oraz prezenty miko\u0142ajkowe dla dzieci pracownik\u00f3w, \u015bwiadczenia socjalne, mo\u017cliwo\u015b\u0107 skorzystania z ubezpiecze\u0144 grupowych wraz z prywatn\u0105 opiek\u0105 medyczn\u0105 na preferencyjnych warunkach<br><br>Osoby zainteresowane ofert\u0105 pracy prosimy o aplikowanie za pomoc\u0105 formularza dost\u0119pnego pod adresem: <a href=\"https:\/\/system.erecruiter.pl\/FormTemplates\/RecruitmentForm.aspx?WebID=1ebcdf53476d45a3bbaf8d6a616a53ad\" target=\"_blank\" rel=\"noreferrer noopener\">https:\/\/form.erecruiter.pl\/form\/1ebcdf53476d45a3bbaf8d6a616a53ad<\/a><br><br>Informujemy, \u017ce skontaktujemy si\u0119 z wybranymi kandydatami.<br>Firma stosuje zasady polityki r\u00f3wnych szans i niedyskryminacji.<br>Zapraszamy na nasz\u0105 stron\u0119 internetow\u0105 <a href=\"https:\/\/www.NowyStyl.com\" target=\"_blank\" rel=\"noreferrer noopener\">https:\/\/www.NowyStyl.com<\/a><br>Informacja o przetwarzaniu danych osobowych dost\u0119pna w formularzu aplikacyjnym.<br><\/p>\n\n\n\n<figure class=\"wp-block-image size-full\"><a href=\"https:\/\/form.erecruiter.pl\/form\/1ebcdf53476d45a3bbaf8d6a616a53ad\"><img loading=\"lazy\" decoding=\"async\" width=\"218\" height=\"54\" src=\"https:\/\/pans.krosno.pl\/cti\/wp-content\/uploads\/sites\/38\/2023\/06\/APLIKUJ-TERAZ.png\" alt=\"\" class=\"wp-image-4872\" \/><\/a><\/figure>\n\n\n\n<p><\/p>\n","protected":false},"excerpt":{"rendered":"<p>Specjalista_Specjalistka ds. MarketinguMiejsce pracy: Jas\u0142oRekrutacja do: Nowy Styl Sp. z o.o. Tw\u00f3j zakres obowi\u0105zk\u00f3w:&#8211; aktywne kreowanie wsparcia marketingowego dla rynk\u00f3w zagranicznych&#8211; wsp\u00f3\u0142praca z zespo\u0142em sprzeda\u017cowym i klientami&#8211; kreowanie tre\u015bci oraz nadz\u00f3r nad tworzeniem materia\u0142\u00f3w marketingowych (ulotek, prezentacji, newsletter\u00f3w, materia\u0142\u00f3w POS)&#8211; inicjowanie oraz prowadzenie kampanii marketingowych generuj\u0105cych leady sprzeda\u017cowe na r\u00f3\u017cnych [\u2026] <\/p>\n<div class=\"clear\"><\/div>\n<p><a class=\"more_link clearfix\" href=\"https:\/\/pans.krosno.pl\/cti\/oferta-pracy-specjalista_specjalistka-ds-marketingu\/\" rel=\"nofollow\">Read More<\/a><\/p>\n","protected":false},"author":34,"featured_media":7442,"comment_status":"open","ping_status":"open","sticky":false,"template":"","format":"standard","meta":{"ngg_post_thumbnail":0,"footnotes":""},"categories":[3,4],"tags":[],"class_list":["post-7935","post","type-post","status-publish","format-standard","has-post-thumbnail","hentry","category-aktualnosci","category-oferty-pracy"],"yoast_head":"<!-- This site is optimized with the Yoast SEO Premium plugin v27.4 (Yoast SEO v27.4) - https:\/\/yoast.com\/product\/yoast-seo-premium-wordpress\/ -->\n<title>Oferta pracy: Specjalista_Specjalistka ds. Marketingu - Centrum Technologiczne Inkubator PANS w Kro\u015bnie<\/title>\n<meta name=\"robots\" content=\"index, follow, max-snippet:-1, max-image-preview:large, max-video-preview:-1\" \/>\n<link rel=\"canonical\" href=\"https:\/\/pans.krosno.pl\/cti\/oferta-pracy-specjalista_specjalistka-ds-marketingu\/\" \/>\n<meta property=\"og:locale\" content=\"pl_PL\" \/>\n<meta property=\"og:type\" content=\"article\" \/>\n<meta property=\"og:title\" content=\"Oferta pracy: Specjalista_Specjalistka ds. Marketingu\" \/>\n<meta property=\"og:description\" content=\"Specjalista_Specjalistka ds. MarketinguMiejsce pracy: Jas\u0142oRekrutacja do: Nowy Styl Sp. z o.o. Tw\u00f3j zakres obowi\u0105zk\u00f3w:&#8211; aktywne kreowanie wsparcia marketingowego dla rynk\u00f3w zagranicznych&#8211; wsp\u00f3\u0142praca z zespo\u0142em sprzeda\u017cowym i klientami&#8211; kreowanie tre\u015bci oraz nadz\u00f3r nad tworzeniem materia\u0142\u00f3w marketingowych (ulotek, prezentacji, newsletter\u00f3w, materia\u0142\u00f3w POS)&#8211; inicjowanie oraz prowadzenie kampanii marketingowych generuj\u0105cych leady sprzeda\u017cowe na r\u00f3\u017cnych [\u2026] Read More\" \/>\n<meta property=\"og:url\" content=\"https:\/\/pans.krosno.pl\/cti\/oferta-pracy-specjalista_specjalistka-ds-marketingu\/\" \/>\n<meta property=\"og:site_name\" content=\"Centrum Technologiczne Inkubator PANS w Kro\u015bnie\" \/>\n<meta property=\"article:publisher\" content=\"https:\/\/www.facebook.com\/BKKPUKROSNO\/\" \/>\n<meta property=\"article:published_time\" content=\"2026-04-21T07:29:19+00:00\" \/>\n<meta property=\"article:modified_time\" content=\"2026-04-21T07:29:52+00:00\" \/>\n<meta property=\"og:image\" content=\"https:\/\/pans.krosno.pl\/cti\/wp-content\/uploads\/sites\/38\/2026\/01\/nowy-styl.png\" \/>\n\t<meta property=\"og:image:width\" content=\"500\" \/>\n\t<meta property=\"og:image:height\" content=\"500\" \/>\n\t<meta property=\"og:image:type\" content=\"image\/png\" \/>\n<meta name=\"author\" content=\"sylwiagunia\" \/>\n<meta name=\"twitter:card\" content=\"summary_large_image\" \/>\n<meta name=\"twitter:label1\" content=\"Napisane przez\" \/>\n\t<meta name=\"twitter:data1\" content=\"sylwiagunia\" \/>\n\t<meta name=\"twitter:label2\" content=\"Szacowany czas czytania\" \/>\n\t<meta name=\"twitter:data2\" content=\"3 minuty\" \/>\n<script type=\"application\/ld+json\" class=\"yoast-schema-graph\">{\"@context\":\"https:\\\/\\\/schema.org\",\"@graph\":[{\"@type\":\"Article\",\"@id\":\"https:\\\/\\\/pans.krosno.pl\\\/cti\\\/oferta-pracy-specjalista_specjalistka-ds-marketingu\\\/#article\",\"isPartOf\":{\"@id\":\"https:\\\/\\\/pans.krosno.pl\\\/cti\\\/oferta-pracy-specjalista_specjalistka-ds-marketingu\\\/\"},\"author\":{\"name\":\"sylwiagunia\",\"@id\":\"https:\\\/\\\/pans.krosno.pl\\\/cti\\\/#\\\/schema\\\/person\\\/73dd76b82fb48dc51b290b4d5cb555ca\"},\"headline\":\"Oferta pracy: Specjalista_Specjalistka ds. Marketingu\",\"datePublished\":\"2026-04-21T07:29:19+00:00\",\"dateModified\":\"2026-04-21T07:29:52+00:00\",\"mainEntityOfPage\":{\"@id\":\"https:\\\/\\\/pans.krosno.pl\\\/cti\\\/oferta-pracy-specjalista_specjalistka-ds-marketingu\\\/\"},\"wordCount\":336,\"commentCount\":0,\"publisher\":{\"@id\":\"https:\\\/\\\/pans.krosno.pl\\\/cti\\\/#organization\"},\"image\":{\"@id\":\"https:\\\/\\\/pans.krosno.pl\\\/cti\\\/oferta-pracy-specjalista_specjalistka-ds-marketingu\\\/#primaryimage\"},\"thumbnailUrl\":\"https:\\\/\\\/pans.krosno.pl\\\/cti\\\/wp-content\\\/uploads\\\/sites\\\/38\\\/2026\\\/01\\\/nowy-styl.png\",\"articleSection\":[\"Aktualno\u015bci\",\"Oferty pracy\"],\"inLanguage\":\"pl-PL\",\"potentialAction\":[{\"@type\":\"CommentAction\",\"name\":\"Comment\",\"target\":[\"https:\\\/\\\/pans.krosno.pl\\\/cti\\\/oferta-pracy-specjalista_specjalistka-ds-marketingu\\\/#respond\"]}]},{\"@type\":\"WebPage\",\"@id\":\"https:\\\/\\\/pans.krosno.pl\\\/cti\\\/oferta-pracy-specjalista_specjalistka-ds-marketingu\\\/\",\"url\":\"https:\\\/\\\/pans.krosno.pl\\\/cti\\\/oferta-pracy-specjalista_specjalistka-ds-marketingu\\\/\",\"name\":\"Oferta pracy: Specjalista_Specjalistka ds. Marketingu - Centrum Technologiczne Inkubator PANS w Kro\u015bnie\",\"isPartOf\":{\"@id\":\"https:\\\/\\\/pans.krosno.pl\\\/cti\\\/#website\"},\"primaryImageOfPage\":{\"@id\":\"https:\\\/\\\/pans.krosno.pl\\\/cti\\\/oferta-pracy-specjalista_specjalistka-ds-marketingu\\\/#primaryimage\"},\"image\":{\"@id\":\"https:\\\/\\\/pans.krosno.pl\\\/cti\\\/oferta-pracy-specjalista_specjalistka-ds-marketingu\\\/#primaryimage\"},\"thumbnailUrl\":\"https:\\\/\\\/pans.krosno.pl\\\/cti\\\/wp-content\\\/uploads\\\/sites\\\/38\\\/2026\\\/01\\\/nowy-styl.png\",\"datePublished\":\"2026-04-21T07:29:19+00:00\",\"dateModified\":\"2026-04-21T07:29:52+00:00\",\"breadcrumb\":{\"@id\":\"https:\\\/\\\/pans.krosno.pl\\\/cti\\\/oferta-pracy-specjalista_specjalistka-ds-marketingu\\\/#breadcrumb\"},\"inLanguage\":\"pl-PL\",\"potentialAction\":[{\"@type\":\"ReadAction\",\"target\":[\"https:\\\/\\\/pans.krosno.pl\\\/cti\\\/oferta-pracy-specjalista_specjalistka-ds-marketingu\\\/\"]}]},{\"@type\":\"ImageObject\",\"inLanguage\":\"pl-PL\",\"@id\":\"https:\\\/\\\/pans.krosno.pl\\\/cti\\\/oferta-pracy-specjalista_specjalistka-ds-marketingu\\\/#primaryimage\",\"url\":\"https:\\\/\\\/pans.krosno.pl\\\/cti\\\/wp-content\\\/uploads\\\/sites\\\/38\\\/2026\\\/01\\\/nowy-styl.png\",\"contentUrl\":\"https:\\\/\\\/pans.krosno.pl\\\/cti\\\/wp-content\\\/uploads\\\/sites\\\/38\\\/2026\\\/01\\\/nowy-styl.png\",\"width\":500,\"height\":500},{\"@type\":\"BreadcrumbList\",\"@id\":\"https:\\\/\\\/pans.krosno.pl\\\/cti\\\/oferta-pracy-specjalista_specjalistka-ds-marketingu\\\/#breadcrumb\",\"itemListElement\":[{\"@type\":\"ListItem\",\"position\":1,\"name\":\"Strona g\u0142\u00f3wna\",\"item\":\"https:\\\/\\\/pans.krosno.pl\\\/cti\\\/\"},{\"@type\":\"ListItem\",\"position\":2,\"name\":\"Oferta pracy: Specjalista_Specjalistka ds. Marketingu\"}]},{\"@type\":\"WebSite\",\"@id\":\"https:\\\/\\\/pans.krosno.pl\\\/cti\\\/#website\",\"url\":\"https:\\\/\\\/pans.krosno.pl\\\/cti\\\/\",\"name\":\"Biuro Karier\",\"description\":\"Centrum Technologiczne Inkubator - Pa\u0144stwowa Akademia Nauk Stosowanych\",\"publisher\":{\"@id\":\"https:\\\/\\\/pans.krosno.pl\\\/cti\\\/#organization\"},\"potentialAction\":[{\"@type\":\"SearchAction\",\"target\":{\"@type\":\"EntryPoint\",\"urlTemplate\":\"https:\\\/\\\/pans.krosno.pl\\\/cti\\\/?s={search_term_string}\"},\"query-input\":{\"@type\":\"PropertyValueSpecification\",\"valueRequired\":true,\"valueName\":\"search_term_string\"}}],\"inLanguage\":\"pl-PL\"},{\"@type\":\"Organization\",\"@id\":\"https:\\\/\\\/pans.krosno.pl\\\/cti\\\/#organization\",\"name\":\"Biuro Karier - Karpacka Pa\u0144stwowa Uczelnia w Kro\u015bnie\",\"url\":\"https:\\\/\\\/pans.krosno.pl\\\/cti\\\/\",\"logo\":{\"@type\":\"ImageObject\",\"inLanguage\":\"pl-PL\",\"@id\":\"https:\\\/\\\/pans.krosno.pl\\\/cti\\\/#\\\/schema\\\/logo\\\/image\\\/\",\"url\":\"https:\\\/\\\/pans.krosno.pl\\\/bk\\\/wp-content\\\/uploads\\\/sites\\\/38\\\/2020\\\/05\\\/96735643_906333539807912_5732186373989859328_n-1.gif\",\"contentUrl\":\"https:\\\/\\\/pans.krosno.pl\\\/bk\\\/wp-content\\\/uploads\\\/sites\\\/38\\\/2020\\\/05\\\/96735643_906333539807912_5732186373989859328_n-1.gif\",\"width\":762,\"height\":137,\"caption\":\"Biuro Karier - Karpacka Pa\u0144stwowa Uczelnia w Kro\u015bnie\"},\"image\":{\"@id\":\"https:\\\/\\\/pans.krosno.pl\\\/cti\\\/#\\\/schema\\\/logo\\\/image\\\/\"},\"sameAs\":[\"https:\\\/\\\/www.facebook.com\\\/BKKPUKROSNO\\\/\"]},{\"@type\":\"Person\",\"@id\":\"https:\\\/\\\/pans.krosno.pl\\\/cti\\\/#\\\/schema\\\/person\\\/73dd76b82fb48dc51b290b4d5cb555ca\",\"name\":\"sylwiagunia\",\"image\":{\"@type\":\"ImageObject\",\"inLanguage\":\"pl-PL\",\"@id\":\"https:\\\/\\\/secure.gravatar.com\\\/avatar\\\/2db9fef1cf2ea7040022e6442ccb0b5b60f587e9ab29c9d70bf03f0bfc0f93cb?s=96&d=mm&r=g\",\"url\":\"https:\\\/\\\/secure.gravatar.com\\\/avatar\\\/2db9fef1cf2ea7040022e6442ccb0b5b60f587e9ab29c9d70bf03f0bfc0f93cb?s=96&d=mm&r=g\",\"contentUrl\":\"https:\\\/\\\/secure.gravatar.com\\\/avatar\\\/2db9fef1cf2ea7040022e6442ccb0b5b60f587e9ab29c9d70bf03f0bfc0f93cb?s=96&d=mm&r=g\",\"caption\":\"sylwiagunia\"},\"url\":\"https:\\\/\\\/pans.krosno.pl\\\/cti\\\/author\\\/sylwiagunia\\\/\"}]}<\/script>\n<!-- \/ Yoast SEO Premium plugin. -->","yoast_head_json":{"title":"Oferta pracy: Specjalista_Specjalistka ds. Marketingu - Centrum Technologiczne Inkubator PANS w Kro\u015bnie","robots":{"index":"index","follow":"follow","max-snippet":"max-snippet:-1","max-image-preview":"max-image-preview:large","max-video-preview":"max-video-preview:-1"},"canonical":"https:\/\/pans.krosno.pl\/cti\/oferta-pracy-specjalista_specjalistka-ds-marketingu\/","og_locale":"pl_PL","og_type":"article","og_title":"Oferta pracy: Specjalista_Specjalistka ds. Marketingu","og_description":"Specjalista_Specjalistka ds. MarketinguMiejsce pracy: Jas\u0142oRekrutacja do: Nowy Styl Sp. z o.o. Tw\u00f3j zakres obowi\u0105zk\u00f3w:&#8211; aktywne kreowanie wsparcia marketingowego dla rynk\u00f3w zagranicznych&#8211; wsp\u00f3\u0142praca z zespo\u0142em sprzeda\u017cowym i klientami&#8211; kreowanie tre\u015bci oraz nadz\u00f3r nad tworzeniem materia\u0142\u00f3w marketingowych (ulotek, prezentacji, newsletter\u00f3w, materia\u0142\u00f3w POS)&#8211; inicjowanie oraz prowadzenie kampanii marketingowych generuj\u0105cych leady sprzeda\u017cowe na r\u00f3\u017cnych [\u2026] Read More","og_url":"https:\/\/pans.krosno.pl\/cti\/oferta-pracy-specjalista_specjalistka-ds-marketingu\/","og_site_name":"Centrum Technologiczne Inkubator PANS w Kro\u015bnie","article_publisher":"https:\/\/www.facebook.com\/BKKPUKROSNO\/","article_published_time":"2026-04-21T07:29:19+00:00","article_modified_time":"2026-04-21T07:29:52+00:00","og_image":[{"width":500,"height":500,"url":"https:\/\/pans.krosno.pl\/cti\/wp-content\/uploads\/sites\/38\/2026\/01\/nowy-styl.png","type":"image\/png"}],"author":"sylwiagunia","twitter_card":"summary_large_image","twitter_misc":{"Napisane przez":"sylwiagunia","Szacowany czas czytania":"3 minuty"},"schema":{"@context":"https:\/\/schema.org","@graph":[{"@type":"Article","@id":"https:\/\/pans.krosno.pl\/cti\/oferta-pracy-specjalista_specjalistka-ds-marketingu\/#article","isPartOf":{"@id":"https:\/\/pans.krosno.pl\/cti\/oferta-pracy-specjalista_specjalistka-ds-marketingu\/"},"author":{"name":"sylwiagunia","@id":"https:\/\/pans.krosno.pl\/cti\/#\/schema\/person\/73dd76b82fb48dc51b290b4d5cb555ca"},"headline":"Oferta pracy: Specjalista_Specjalistka ds. Marketingu","datePublished":"2026-04-21T07:29:19+00:00","dateModified":"2026-04-21T07:29:52+00:00","mainEntityOfPage":{"@id":"https:\/\/pans.krosno.pl\/cti\/oferta-pracy-specjalista_specjalistka-ds-marketingu\/"},"wordCount":336,"commentCount":0,"publisher":{"@id":"https:\/\/pans.krosno.pl\/cti\/#organization"},"image":{"@id":"https:\/\/pans.krosno.pl\/cti\/oferta-pracy-specjalista_specjalistka-ds-marketingu\/#primaryimage"},"thumbnailUrl":"https:\/\/pans.krosno.pl\/cti\/wp-content\/uploads\/sites\/38\/2026\/01\/nowy-styl.png","articleSection":["Aktualno\u015bci","Oferty pracy"],"inLanguage":"pl-PL","potentialAction":[{"@type":"CommentAction","name":"Comment","target":["https:\/\/pans.krosno.pl\/cti\/oferta-pracy-specjalista_specjalistka-ds-marketingu\/#respond"]}]},{"@type":"WebPage","@id":"https:\/\/pans.krosno.pl\/cti\/oferta-pracy-specjalista_specjalistka-ds-marketingu\/","url":"https:\/\/pans.krosno.pl\/cti\/oferta-pracy-specjalista_specjalistka-ds-marketingu\/","name":"Oferta pracy: Specjalista_Specjalistka ds. Marketingu - Centrum Technologiczne Inkubator PANS w Kro\u015bnie","isPartOf":{"@id":"https:\/\/pans.krosno.pl\/cti\/#website"},"primaryImageOfPage":{"@id":"https:\/\/pans.krosno.pl\/cti\/oferta-pracy-specjalista_specjalistka-ds-marketingu\/#primaryimage"},"image":{"@id":"https:\/\/pans.krosno.pl\/cti\/oferta-pracy-specjalista_specjalistka-ds-marketingu\/#primaryimage"},"thumbnailUrl":"https:\/\/pans.krosno.pl\/cti\/wp-content\/uploads\/sites\/38\/2026\/01\/nowy-styl.png","datePublished":"2026-04-21T07:29:19+00:00","dateModified":"2026-04-21T07:29:52+00:00","breadcrumb":{"@id":"https:\/\/pans.krosno.pl\/cti\/oferta-pracy-specjalista_specjalistka-ds-marketingu\/#breadcrumb"},"inLanguage":"pl-PL","potentialAction":[{"@type":"ReadAction","target":["https:\/\/pans.krosno.pl\/cti\/oferta-pracy-specjalista_specjalistka-ds-marketingu\/"]}]},{"@type":"ImageObject","inLanguage":"pl-PL","@id":"https:\/\/pans.krosno.pl\/cti\/oferta-pracy-specjalista_specjalistka-ds-marketingu\/#primaryimage","url":"https:\/\/pans.krosno.pl\/cti\/wp-content\/uploads\/sites\/38\/2026\/01\/nowy-styl.png","contentUrl":"https:\/\/pans.krosno.pl\/cti\/wp-content\/uploads\/sites\/38\/2026\/01\/nowy-styl.png","width":500,"height":500},{"@type":"BreadcrumbList","@id":"https:\/\/pans.krosno.pl\/cti\/oferta-pracy-specjalista_specjalistka-ds-marketingu\/#breadcrumb","itemListElement":[{"@type":"ListItem","position":1,"name":"Strona g\u0142\u00f3wna","item":"https:\/\/pans.krosno.pl\/cti\/"},{"@type":"ListItem","position":2,"name":"Oferta pracy: Specjalista_Specjalistka ds. Marketingu"}]},{"@type":"WebSite","@id":"https:\/\/pans.krosno.pl\/cti\/#website","url":"https:\/\/pans.krosno.pl\/cti\/","name":"Biuro Karier","description":"Centrum Technologiczne Inkubator - Pa\u0144stwowa Akademia Nauk Stosowanych","publisher":{"@id":"https:\/\/pans.krosno.pl\/cti\/#organization"},"potentialAction":[{"@type":"SearchAction","target":{"@type":"EntryPoint","urlTemplate":"https:\/\/pans.krosno.pl\/cti\/?s={search_term_string}"},"query-input":{"@type":"PropertyValueSpecification","valueRequired":true,"valueName":"search_term_string"}}],"inLanguage":"pl-PL"},{"@type":"Organization","@id":"https:\/\/pans.krosno.pl\/cti\/#organization","name":"Biuro Karier - Karpacka Pa\u0144stwowa Uczelnia w Kro\u015bnie","url":"https:\/\/pans.krosno.pl\/cti\/","logo":{"@type":"ImageObject","inLanguage":"pl-PL","@id":"https:\/\/pans.krosno.pl\/cti\/#\/schema\/logo\/image\/","url":"https:\/\/pans.krosno.pl\/bk\/wp-content\/uploads\/sites\/38\/2020\/05\/96735643_906333539807912_5732186373989859328_n-1.gif","contentUrl":"https:\/\/pans.krosno.pl\/bk\/wp-content\/uploads\/sites\/38\/2020\/05\/96735643_906333539807912_5732186373989859328_n-1.gif","width":762,"height":137,"caption":"Biuro Karier - Karpacka Pa\u0144stwowa Uczelnia w Kro\u015bnie"},"image":{"@id":"https:\/\/pans.krosno.pl\/cti\/#\/schema\/logo\/image\/"},"sameAs":["https:\/\/www.facebook.com\/BKKPUKROSNO\/"]},{"@type":"Person","@id":"https:\/\/pans.krosno.pl\/cti\/#\/schema\/person\/73dd76b82fb48dc51b290b4d5cb555ca","name":"sylwiagunia","image":{"@type":"ImageObject","inLanguage":"pl-PL","@id":"https:\/\/secure.gravatar.com\/avatar\/2db9fef1cf2ea7040022e6442ccb0b5b60f587e9ab29c9d70bf03f0bfc0f93cb?s=96&d=mm&r=g","url":"https:\/\/secure.gravatar.com\/avatar\/2db9fef1cf2ea7040022e6442ccb0b5b60f587e9ab29c9d70bf03f0bfc0f93cb?s=96&d=mm&r=g","contentUrl":"https:\/\/secure.gravatar.com\/avatar\/2db9fef1cf2ea7040022e6442ccb0b5b60f587e9ab29c9d70bf03f0bfc0f93cb?s=96&d=mm&r=g","caption":"sylwiagunia"},"url":"https:\/\/pans.krosno.pl\/cti\/author\/sylwiagunia\/"}]}},"_links":{"self":[{"href":"https:\/\/pans.krosno.pl\/cti\/wp-json\/wp\/v2\/posts\/7935","targetHints":{"allow":["GET"]}}],"collection":[{"href":"https:\/\/pans.krosno.pl\/cti\/wp-json\/wp\/v2\/posts"}],"about":[{"href":"https:\/\/pans.krosno.pl\/cti\/wp-json\/wp\/v2\/types\/post"}],"author":[{"embeddable":true,"href":"https:\/\/pans.krosno.pl\/cti\/wp-json\/wp\/v2\/users\/34"}],"replies":[{"embeddable":true,"href":"https:\/\/pans.krosno.pl\/cti\/wp-json\/wp\/v2\/comments?post=7935"}],"version-history":[{"count":1,"href":"https:\/\/pans.krosno.pl\/cti\/wp-json\/wp\/v2\/posts\/7935\/revisions"}],"predecessor-version":[{"id":7936,"href":"https:\/\/pans.krosno.pl\/cti\/wp-json\/wp\/v2\/posts\/7935\/revisions\/7936"}],"wp:featuredmedia":[{"embeddable":true,"href":"https:\/\/pans.krosno.pl\/cti\/wp-json\/wp\/v2\/media\/7442"}],"wp:attachment":[{"href":"https:\/\/pans.krosno.pl\/cti\/wp-json\/wp\/v2\/media?parent=7935"}],"wp:term":[{"taxonomy":"category","embeddable":true,"href":"https:\/\/pans.krosno.pl\/cti\/wp-json\/wp\/v2\/categories?post=7935"},{"taxonomy":"post_tag","embeddable":true,"href":"https:\/\/pans.krosno.pl\/cti\/wp-json\/wp\/v2\/tags?post=7935"}],"curies":[{"name":"wp","href":"https:\/\/api.w.org\/{rel}","templated":true}]}}