{"id":7138,"date":"2025-08-28T08:34:16","date_gmt":"2025-08-28T06:34:16","guid":{"rendered":"https:\/\/pans.krosno.pl\/cti\/?p=7138"},"modified":"2025-08-28T08:34:17","modified_gmt":"2025-08-28T06:34:17","slug":"oferta-pracy-specjalista-ds-marketingu-i-social-media","status":"publish","type":"post","link":"https:\/\/pans.krosno.pl\/cti\/oferta-pracy-specjalista-ds-marketingu-i-social-media\/","title":{"rendered":"Oferta pracy: Specjalista ds. Marketingu i Social Media"},"content":{"rendered":"\n<figure class=\"wp-block-image size-large is-resized\"><a href=\"https:\/\/web-elektron.pl\/\"><img loading=\"lazy\" decoding=\"async\" width=\"1024\" height=\"587\" src=\"https:\/\/pans.krosno.pl\/cti\/wp-content\/uploads\/sites\/38\/2021\/07\/ELEKTRON-1024x587.png\" alt=\"\" class=\"wp-image-3226\" style=\"width:216px;height:auto\" srcset=\"https:\/\/pans.krosno.pl\/cti\/wp-content\/uploads\/sites\/38\/2021\/07\/ELEKTRON-1024x587.png 1024w, https:\/\/pans.krosno.pl\/cti\/wp-content\/uploads\/sites\/38\/2021\/07\/ELEKTRON-300x172.png 300w, https:\/\/pans.krosno.pl\/cti\/wp-content\/uploads\/sites\/38\/2021\/07\/ELEKTRON-768x440.png 768w, https:\/\/pans.krosno.pl\/cti\/wp-content\/uploads\/sites\/38\/2021\/07\/ELEKTRON-1536x880.png 1536w, https:\/\/pans.krosno.pl\/cti\/wp-content\/uploads\/sites\/38\/2021\/07\/ELEKTRON-2048x1174.png 2048w, https:\/\/pans.krosno.pl\/cti\/wp-content\/uploads\/sites\/38\/2021\/07\/ELEKTRON-2000x1146.png 2000w, https:\/\/pans.krosno.pl\/cti\/wp-content\/uploads\/sites\/38\/2021\/07\/ELEKTRON-800x459.png 800w, https:\/\/pans.krosno.pl\/cti\/wp-content\/uploads\/sites\/38\/2021\/07\/ELEKTRON-580x332.png 580w\" sizes=\"auto, (max-width: 1024px) 100vw, 1024px\" \/><\/a><\/figure>\n\n\n\n<p><strong>Specjalista ds. Marketingu i Social Media<\/strong><\/p>\n\n\n\n<p>Elektron sp. z o.o., firma produkcyjna dzia\u0142aj\u0105ca w Sulistrowej, stawia na rozw\u00f3j w\u0142asnej marki i konsekwentnie wzmacnia jej rozpoznawalno\u015b\u0107 na rynku. W zwi\u0105zku z tworzeniem nowego dzia\u0142u marketingu poszukujemy osoby ambitnej, samodzielnej i pe\u0142nej inicjatywy, kt\u00f3ra nie tylko b\u0119dzie wsp\u00f3\u0142odpowiedzialna za budowanie wizerunku firmy, ale r\u00f3wnie\u017c zyska mo\u017cliwo\u015b\u0107 rozwoju w kierunku stanowiska kierownika dzia\u0142u.<br><br><strong>Wymagania:<\/strong><br>&#8211; Do\u015bwiadczenie lub realna ch\u0119\u0107 rozwoju w obszarze e-commerce<br>&#8211; Podstawowa wiedza z zakresu SEO lub gotowo\u015b\u0107 do nauki w tym zakresie<br>&#8211; Znajomo\u015b\u0107 \u015brodowiska WordPress lub podobnego (np. Shopify)<br>&#8211; Do\u015bwiadczenie w marketingu internetowym<br>&#8211; Podstawowa znajomo\u015b\u0107 Excela (np. filtrowanie, proste formu\u0142y logiczne)<br>&#8211; Dobra organizacja pracy oraz samodzielno\u015b\u0107<br><br><strong>Dodatkowe atuty:<\/strong><br>&#8211; Znajomo\u015b\u0107 HTML, CSS, podstawy JS i PHP<br>&#8211; Umiej\u0119tno\u015b\u0107 rozwi\u0105zywania problem\u00f3w technicznych (debug, testowanie, poprawki)<br>&#8211; Do\u015bwiadczenie w fotografii<br><br><strong>Zakres obowi\u0105zk\u00f3w:<\/strong><br>&#8211; Proponowanie i wdra\u017canie nowych rozwi\u0105za\u0144 marketingowych w firmie<br>&#8211; Analiza dzia\u0142a\u0144 konkurencji i rekomendowanie pomys\u0142\u00f3w<br>&#8211; Udzia\u0142 w opracowywaniu strategii marketingowej<br>&#8211; Tworzenie i modyfikacja stron WWW opartych na WordPress\/WooCommerce<br>&#8211; Optymalizacja sklepu i oferty produktowej<br>&#8211; Tworzenie i optymalizacja tre\u015bci pod k\u0105tem SEO<br>&#8211; Prowadzenie blog\u00f3w internetowych i kampanii w social media<br>&#8211; Wsp\u00f3\u0142tworzenie promocji i kampanii sprzeda\u017cowych<br>&#8211; Wsp\u00f3\u0142praca z zewn\u0119trznymi dostawcami us\u0142ug marketingowych<br>&#8211; Udzia\u0142 w sesjach zdj\u0119ciowych produkt\u00f3w<br><br><strong>Do\u0142\u0105cz do nas!<br>Miejsce pracy: Sulistrowa 31A<br>(17 km od Krosna \/ 23 km od Jas\u0142a \/ 11 km od Dukli)<\/strong><br><br><strong>Email: <a href=\"mailto:biuro@web-elektron.pl\">biuro@web-elektron.pl<\/a><br>Kontakt telefoniczny: +48 725 826\u00a0471<\/strong><\/p>\n\n\n\n<p><strong>Oferta wa\u017cna do 14 wrze\u015bnia 2025 r.<\/strong><\/p>\n","protected":false},"excerpt":{"rendered":"<p>Specjalista ds. Marketingu i Social Media Elektron sp. z o.o., firma produkcyjna dzia\u0142aj\u0105ca w Sulistrowej, stawia na rozw\u00f3j w\u0142asnej marki i konsekwentnie wzmacnia jej rozpoznawalno\u015b\u0107 na rynku. W zwi\u0105zku z tworzeniem nowego dzia\u0142u marketingu poszukujemy osoby ambitnej, samodzielnej i pe\u0142nej inicjatywy, kt\u00f3ra nie tylko b\u0119dzie wsp\u00f3\u0142odpowiedzialna za budowanie wizerunku firmy, [\u2026] <\/p>\n<div class=\"clear\"><\/div>\n<p><a class=\"more_link clearfix\" href=\"https:\/\/pans.krosno.pl\/cti\/oferta-pracy-specjalista-ds-marketingu-i-social-media\/\" rel=\"nofollow\">Read More<\/a><\/p>\n","protected":false},"author":34,"featured_media":7135,"comment_status":"open","ping_status":"open","sticky":false,"template":"","format":"standard","meta":{"ngg_post_thumbnail":0,"footnotes":""},"categories":[3,4],"tags":[],"class_list":["post-7138","post","type-post","status-publish","format-standard","has-post-thumbnail","hentry","category-aktualnosci","category-oferty-pracy"],"yoast_head":"<!-- This site is optimized with the Yoast SEO Premium plugin v27.4 (Yoast SEO v27.4) - https:\/\/yoast.com\/product\/yoast-seo-premium-wordpress\/ -->\n<title>Oferta pracy: Specjalista ds. Marketingu i Social Media - Centrum Technologiczne Inkubator PANS w Kro\u015bnie<\/title>\n<meta name=\"robots\" content=\"index, follow, max-snippet:-1, max-image-preview:large, max-video-preview:-1\" \/>\n<link rel=\"canonical\" href=\"https:\/\/pans.krosno.pl\/cti\/oferta-pracy-specjalista-ds-marketingu-i-social-media\/\" \/>\n<meta property=\"og:locale\" content=\"pl_PL\" \/>\n<meta property=\"og:type\" content=\"article\" \/>\n<meta property=\"og:title\" content=\"Oferta pracy: Specjalista ds. Marketingu i Social Media\" \/>\n<meta property=\"og:description\" content=\"Specjalista ds. Marketingu i Social Media Elektron sp. z o.o., firma produkcyjna dzia\u0142aj\u0105ca w Sulistrowej, stawia na rozw\u00f3j w\u0142asnej marki i konsekwentnie wzmacnia jej rozpoznawalno\u015b\u0107 na rynku. W zwi\u0105zku z tworzeniem nowego dzia\u0142u marketingu poszukujemy osoby ambitnej, samodzielnej i pe\u0142nej inicjatywy, kt\u00f3ra nie tylko b\u0119dzie wsp\u00f3\u0142odpowiedzialna za budowanie wizerunku firmy, [\u2026] Read More\" \/>\n<meta property=\"og:url\" content=\"https:\/\/pans.krosno.pl\/cti\/oferta-pracy-specjalista-ds-marketingu-i-social-media\/\" \/>\n<meta property=\"og:site_name\" content=\"Centrum Technologiczne Inkubator PANS w Kro\u015bnie\" \/>\n<meta property=\"article:publisher\" content=\"https:\/\/www.facebook.com\/BKKPUKROSNO\/\" \/>\n<meta property=\"article:published_time\" content=\"2025-08-28T06:34:16+00:00\" \/>\n<meta property=\"article:modified_time\" content=\"2025-08-28T06:34:17+00:00\" \/>\n<meta property=\"og:image\" content=\"https:\/\/pans.krosno.pl\/cti\/wp-content\/uploads\/sites\/38\/2025\/08\/Elektron_Instagram-Post.png\" \/>\n\t<meta property=\"og:image:width\" content=\"1080\" \/>\n\t<meta property=\"og:image:height\" content=\"1080\" \/>\n\t<meta property=\"og:image:type\" content=\"image\/png\" \/>\n<meta name=\"author\" content=\"sylwiagunia\" \/>\n<meta name=\"twitter:card\" content=\"summary_large_image\" \/>\n<meta name=\"twitter:label1\" content=\"Napisane przez\" \/>\n\t<meta name=\"twitter:data1\" content=\"sylwiagunia\" \/>\n\t<meta name=\"twitter:label2\" content=\"Szacowany czas czytania\" \/>\n\t<meta name=\"twitter:data2\" content=\"2 minuty\" \/>\n<script type=\"application\/ld+json\" class=\"yoast-schema-graph\">{\"@context\":\"https:\\\/\\\/schema.org\",\"@graph\":[{\"@type\":\"Article\",\"@id\":\"https:\\\/\\\/pans.krosno.pl\\\/cti\\\/oferta-pracy-specjalista-ds-marketingu-i-social-media\\\/#article\",\"isPartOf\":{\"@id\":\"https:\\\/\\\/pans.krosno.pl\\\/cti\\\/oferta-pracy-specjalista-ds-marketingu-i-social-media\\\/\"},\"author\":{\"name\":\"sylwiagunia\",\"@id\":\"https:\\\/\\\/pans.krosno.pl\\\/cti\\\/#\\\/schema\\\/person\\\/73dd76b82fb48dc51b290b4d5cb555ca\"},\"headline\":\"Oferta pracy: Specjalista ds. Marketingu i Social Media\",\"datePublished\":\"2025-08-28T06:34:16+00:00\",\"dateModified\":\"2025-08-28T06:34:17+00:00\",\"mainEntityOfPage\":{\"@id\":\"https:\\\/\\\/pans.krosno.pl\\\/cti\\\/oferta-pracy-specjalista-ds-marketingu-i-social-media\\\/\"},\"wordCount\":272,\"commentCount\":0,\"publisher\":{\"@id\":\"https:\\\/\\\/pans.krosno.pl\\\/cti\\\/#organization\"},\"image\":{\"@id\":\"https:\\\/\\\/pans.krosno.pl\\\/cti\\\/oferta-pracy-specjalista-ds-marketingu-i-social-media\\\/#primaryimage\"},\"thumbnailUrl\":\"https:\\\/\\\/pans.krosno.pl\\\/cti\\\/wp-content\\\/uploads\\\/sites\\\/38\\\/2025\\\/08\\\/Elektron_Instagram-Post.png\",\"articleSection\":[\"Aktualno\u015bci\",\"Oferty pracy\"],\"inLanguage\":\"pl-PL\",\"potentialAction\":[{\"@type\":\"CommentAction\",\"name\":\"Comment\",\"target\":[\"https:\\\/\\\/pans.krosno.pl\\\/cti\\\/oferta-pracy-specjalista-ds-marketingu-i-social-media\\\/#respond\"]}]},{\"@type\":\"WebPage\",\"@id\":\"https:\\\/\\\/pans.krosno.pl\\\/cti\\\/oferta-pracy-specjalista-ds-marketingu-i-social-media\\\/\",\"url\":\"https:\\\/\\\/pans.krosno.pl\\\/cti\\\/oferta-pracy-specjalista-ds-marketingu-i-social-media\\\/\",\"name\":\"Oferta pracy: Specjalista ds. Marketingu i Social Media - Centrum Technologiczne Inkubator PANS w Kro\u015bnie\",\"isPartOf\":{\"@id\":\"https:\\\/\\\/pans.krosno.pl\\\/cti\\\/#website\"},\"primaryImageOfPage\":{\"@id\":\"https:\\\/\\\/pans.krosno.pl\\\/cti\\\/oferta-pracy-specjalista-ds-marketingu-i-social-media\\\/#primaryimage\"},\"image\":{\"@id\":\"https:\\\/\\\/pans.krosno.pl\\\/cti\\\/oferta-pracy-specjalista-ds-marketingu-i-social-media\\\/#primaryimage\"},\"thumbnailUrl\":\"https:\\\/\\\/pans.krosno.pl\\\/cti\\\/wp-content\\\/uploads\\\/sites\\\/38\\\/2025\\\/08\\\/Elektron_Instagram-Post.png\",\"datePublished\":\"2025-08-28T06:34:16+00:00\",\"dateModified\":\"2025-08-28T06:34:17+00:00\",\"breadcrumb\":{\"@id\":\"https:\\\/\\\/pans.krosno.pl\\\/cti\\\/oferta-pracy-specjalista-ds-marketingu-i-social-media\\\/#breadcrumb\"},\"inLanguage\":\"pl-PL\",\"potentialAction\":[{\"@type\":\"ReadAction\",\"target\":[\"https:\\\/\\\/pans.krosno.pl\\\/cti\\\/oferta-pracy-specjalista-ds-marketingu-i-social-media\\\/\"]}]},{\"@type\":\"ImageObject\",\"inLanguage\":\"pl-PL\",\"@id\":\"https:\\\/\\\/pans.krosno.pl\\\/cti\\\/oferta-pracy-specjalista-ds-marketingu-i-social-media\\\/#primaryimage\",\"url\":\"https:\\\/\\\/pans.krosno.pl\\\/cti\\\/wp-content\\\/uploads\\\/sites\\\/38\\\/2025\\\/08\\\/Elektron_Instagram-Post.png\",\"contentUrl\":\"https:\\\/\\\/pans.krosno.pl\\\/cti\\\/wp-content\\\/uploads\\\/sites\\\/38\\\/2025\\\/08\\\/Elektron_Instagram-Post.png\",\"width\":1080,\"height\":1080},{\"@type\":\"BreadcrumbList\",\"@id\":\"https:\\\/\\\/pans.krosno.pl\\\/cti\\\/oferta-pracy-specjalista-ds-marketingu-i-social-media\\\/#breadcrumb\",\"itemListElement\":[{\"@type\":\"ListItem\",\"position\":1,\"name\":\"Strona g\u0142\u00f3wna\",\"item\":\"https:\\\/\\\/pans.krosno.pl\\\/cti\\\/\"},{\"@type\":\"ListItem\",\"position\":2,\"name\":\"Oferta pracy: Specjalista ds. Marketingu i Social Media\"}]},{\"@type\":\"WebSite\",\"@id\":\"https:\\\/\\\/pans.krosno.pl\\\/cti\\\/#website\",\"url\":\"https:\\\/\\\/pans.krosno.pl\\\/cti\\\/\",\"name\":\"Biuro Karier\",\"description\":\"Centrum Technologiczne Inkubator - Pa\u0144stwowa Akademia Nauk Stosowanych\",\"publisher\":{\"@id\":\"https:\\\/\\\/pans.krosno.pl\\\/cti\\\/#organization\"},\"potentialAction\":[{\"@type\":\"SearchAction\",\"target\":{\"@type\":\"EntryPoint\",\"urlTemplate\":\"https:\\\/\\\/pans.krosno.pl\\\/cti\\\/?s={search_term_string}\"},\"query-input\":{\"@type\":\"PropertyValueSpecification\",\"valueRequired\":true,\"valueName\":\"search_term_string\"}}],\"inLanguage\":\"pl-PL\"},{\"@type\":\"Organization\",\"@id\":\"https:\\\/\\\/pans.krosno.pl\\\/cti\\\/#organization\",\"name\":\"Biuro Karier - Karpacka Pa\u0144stwowa Uczelnia w Kro\u015bnie\",\"url\":\"https:\\\/\\\/pans.krosno.pl\\\/cti\\\/\",\"logo\":{\"@type\":\"ImageObject\",\"inLanguage\":\"pl-PL\",\"@id\":\"https:\\\/\\\/pans.krosno.pl\\\/cti\\\/#\\\/schema\\\/logo\\\/image\\\/\",\"url\":\"https:\\\/\\\/pans.krosno.pl\\\/bk\\\/wp-content\\\/uploads\\\/sites\\\/38\\\/2020\\\/05\\\/96735643_906333539807912_5732186373989859328_n-1.gif\",\"contentUrl\":\"https:\\\/\\\/pans.krosno.pl\\\/bk\\\/wp-content\\\/uploads\\\/sites\\\/38\\\/2020\\\/05\\\/96735643_906333539807912_5732186373989859328_n-1.gif\",\"width\":762,\"height\":137,\"caption\":\"Biuro Karier - Karpacka Pa\u0144stwowa Uczelnia w Kro\u015bnie\"},\"image\":{\"@id\":\"https:\\\/\\\/pans.krosno.pl\\\/cti\\\/#\\\/schema\\\/logo\\\/image\\\/\"},\"sameAs\":[\"https:\\\/\\\/www.facebook.com\\\/BKKPUKROSNO\\\/\"]},{\"@type\":\"Person\",\"@id\":\"https:\\\/\\\/pans.krosno.pl\\\/cti\\\/#\\\/schema\\\/person\\\/73dd76b82fb48dc51b290b4d5cb555ca\",\"name\":\"sylwiagunia\",\"image\":{\"@type\":\"ImageObject\",\"inLanguage\":\"pl-PL\",\"@id\":\"https:\\\/\\\/secure.gravatar.com\\\/avatar\\\/2db9fef1cf2ea7040022e6442ccb0b5b60f587e9ab29c9d70bf03f0bfc0f93cb?s=96&d=mm&r=g\",\"url\":\"https:\\\/\\\/secure.gravatar.com\\\/avatar\\\/2db9fef1cf2ea7040022e6442ccb0b5b60f587e9ab29c9d70bf03f0bfc0f93cb?s=96&d=mm&r=g\",\"contentUrl\":\"https:\\\/\\\/secure.gravatar.com\\\/avatar\\\/2db9fef1cf2ea7040022e6442ccb0b5b60f587e9ab29c9d70bf03f0bfc0f93cb?s=96&d=mm&r=g\",\"caption\":\"sylwiagunia\"},\"url\":\"https:\\\/\\\/pans.krosno.pl\\\/cti\\\/author\\\/sylwiagunia\\\/\"}]}<\/script>\n<!-- \/ Yoast SEO Premium plugin. -->","yoast_head_json":{"title":"Oferta pracy: Specjalista ds. Marketingu i Social Media - Centrum Technologiczne Inkubator PANS w Kro\u015bnie","robots":{"index":"index","follow":"follow","max-snippet":"max-snippet:-1","max-image-preview":"max-image-preview:large","max-video-preview":"max-video-preview:-1"},"canonical":"https:\/\/pans.krosno.pl\/cti\/oferta-pracy-specjalista-ds-marketingu-i-social-media\/","og_locale":"pl_PL","og_type":"article","og_title":"Oferta pracy: Specjalista ds. Marketingu i Social Media","og_description":"Specjalista ds. Marketingu i Social Media Elektron sp. z o.o., firma produkcyjna dzia\u0142aj\u0105ca w Sulistrowej, stawia na rozw\u00f3j w\u0142asnej marki i konsekwentnie wzmacnia jej rozpoznawalno\u015b\u0107 na rynku. W zwi\u0105zku z tworzeniem nowego dzia\u0142u marketingu poszukujemy osoby ambitnej, samodzielnej i pe\u0142nej inicjatywy, kt\u00f3ra nie tylko b\u0119dzie wsp\u00f3\u0142odpowiedzialna za budowanie wizerunku firmy, [\u2026] Read More","og_url":"https:\/\/pans.krosno.pl\/cti\/oferta-pracy-specjalista-ds-marketingu-i-social-media\/","og_site_name":"Centrum Technologiczne Inkubator PANS w Kro\u015bnie","article_publisher":"https:\/\/www.facebook.com\/BKKPUKROSNO\/","article_published_time":"2025-08-28T06:34:16+00:00","article_modified_time":"2025-08-28T06:34:17+00:00","og_image":[{"width":1080,"height":1080,"url":"https:\/\/pans.krosno.pl\/cti\/wp-content\/uploads\/sites\/38\/2025\/08\/Elektron_Instagram-Post.png","type":"image\/png"}],"author":"sylwiagunia","twitter_card":"summary_large_image","twitter_misc":{"Napisane przez":"sylwiagunia","Szacowany czas czytania":"2 minuty"},"schema":{"@context":"https:\/\/schema.org","@graph":[{"@type":"Article","@id":"https:\/\/pans.krosno.pl\/cti\/oferta-pracy-specjalista-ds-marketingu-i-social-media\/#article","isPartOf":{"@id":"https:\/\/pans.krosno.pl\/cti\/oferta-pracy-specjalista-ds-marketingu-i-social-media\/"},"author":{"name":"sylwiagunia","@id":"https:\/\/pans.krosno.pl\/cti\/#\/schema\/person\/73dd76b82fb48dc51b290b4d5cb555ca"},"headline":"Oferta pracy: Specjalista ds. Marketingu i Social Media","datePublished":"2025-08-28T06:34:16+00:00","dateModified":"2025-08-28T06:34:17+00:00","mainEntityOfPage":{"@id":"https:\/\/pans.krosno.pl\/cti\/oferta-pracy-specjalista-ds-marketingu-i-social-media\/"},"wordCount":272,"commentCount":0,"publisher":{"@id":"https:\/\/pans.krosno.pl\/cti\/#organization"},"image":{"@id":"https:\/\/pans.krosno.pl\/cti\/oferta-pracy-specjalista-ds-marketingu-i-social-media\/#primaryimage"},"thumbnailUrl":"https:\/\/pans.krosno.pl\/cti\/wp-content\/uploads\/sites\/38\/2025\/08\/Elektron_Instagram-Post.png","articleSection":["Aktualno\u015bci","Oferty pracy"],"inLanguage":"pl-PL","potentialAction":[{"@type":"CommentAction","name":"Comment","target":["https:\/\/pans.krosno.pl\/cti\/oferta-pracy-specjalista-ds-marketingu-i-social-media\/#respond"]}]},{"@type":"WebPage","@id":"https:\/\/pans.krosno.pl\/cti\/oferta-pracy-specjalista-ds-marketingu-i-social-media\/","url":"https:\/\/pans.krosno.pl\/cti\/oferta-pracy-specjalista-ds-marketingu-i-social-media\/","name":"Oferta pracy: Specjalista ds. Marketingu i Social Media - Centrum Technologiczne Inkubator PANS w Kro\u015bnie","isPartOf":{"@id":"https:\/\/pans.krosno.pl\/cti\/#website"},"primaryImageOfPage":{"@id":"https:\/\/pans.krosno.pl\/cti\/oferta-pracy-specjalista-ds-marketingu-i-social-media\/#primaryimage"},"image":{"@id":"https:\/\/pans.krosno.pl\/cti\/oferta-pracy-specjalista-ds-marketingu-i-social-media\/#primaryimage"},"thumbnailUrl":"https:\/\/pans.krosno.pl\/cti\/wp-content\/uploads\/sites\/38\/2025\/08\/Elektron_Instagram-Post.png","datePublished":"2025-08-28T06:34:16+00:00","dateModified":"2025-08-28T06:34:17+00:00","breadcrumb":{"@id":"https:\/\/pans.krosno.pl\/cti\/oferta-pracy-specjalista-ds-marketingu-i-social-media\/#breadcrumb"},"inLanguage":"pl-PL","potentialAction":[{"@type":"ReadAction","target":["https:\/\/pans.krosno.pl\/cti\/oferta-pracy-specjalista-ds-marketingu-i-social-media\/"]}]},{"@type":"ImageObject","inLanguage":"pl-PL","@id":"https:\/\/pans.krosno.pl\/cti\/oferta-pracy-specjalista-ds-marketingu-i-social-media\/#primaryimage","url":"https:\/\/pans.krosno.pl\/cti\/wp-content\/uploads\/sites\/38\/2025\/08\/Elektron_Instagram-Post.png","contentUrl":"https:\/\/pans.krosno.pl\/cti\/wp-content\/uploads\/sites\/38\/2025\/08\/Elektron_Instagram-Post.png","width":1080,"height":1080},{"@type":"BreadcrumbList","@id":"https:\/\/pans.krosno.pl\/cti\/oferta-pracy-specjalista-ds-marketingu-i-social-media\/#breadcrumb","itemListElement":[{"@type":"ListItem","position":1,"name":"Strona g\u0142\u00f3wna","item":"https:\/\/pans.krosno.pl\/cti\/"},{"@type":"ListItem","position":2,"name":"Oferta pracy: Specjalista ds. Marketingu i Social Media"}]},{"@type":"WebSite","@id":"https:\/\/pans.krosno.pl\/cti\/#website","url":"https:\/\/pans.krosno.pl\/cti\/","name":"Biuro Karier","description":"Centrum Technologiczne Inkubator - Pa\u0144stwowa Akademia Nauk Stosowanych","publisher":{"@id":"https:\/\/pans.krosno.pl\/cti\/#organization"},"potentialAction":[{"@type":"SearchAction","target":{"@type":"EntryPoint","urlTemplate":"https:\/\/pans.krosno.pl\/cti\/?s={search_term_string}"},"query-input":{"@type":"PropertyValueSpecification","valueRequired":true,"valueName":"search_term_string"}}],"inLanguage":"pl-PL"},{"@type":"Organization","@id":"https:\/\/pans.krosno.pl\/cti\/#organization","name":"Biuro Karier - Karpacka Pa\u0144stwowa Uczelnia w Kro\u015bnie","url":"https:\/\/pans.krosno.pl\/cti\/","logo":{"@type":"ImageObject","inLanguage":"pl-PL","@id":"https:\/\/pans.krosno.pl\/cti\/#\/schema\/logo\/image\/","url":"https:\/\/pans.krosno.pl\/bk\/wp-content\/uploads\/sites\/38\/2020\/05\/96735643_906333539807912_5732186373989859328_n-1.gif","contentUrl":"https:\/\/pans.krosno.pl\/bk\/wp-content\/uploads\/sites\/38\/2020\/05\/96735643_906333539807912_5732186373989859328_n-1.gif","width":762,"height":137,"caption":"Biuro Karier - Karpacka Pa\u0144stwowa Uczelnia w Kro\u015bnie"},"image":{"@id":"https:\/\/pans.krosno.pl\/cti\/#\/schema\/logo\/image\/"},"sameAs":["https:\/\/www.facebook.com\/BKKPUKROSNO\/"]},{"@type":"Person","@id":"https:\/\/pans.krosno.pl\/cti\/#\/schema\/person\/73dd76b82fb48dc51b290b4d5cb555ca","name":"sylwiagunia","image":{"@type":"ImageObject","inLanguage":"pl-PL","@id":"https:\/\/secure.gravatar.com\/avatar\/2db9fef1cf2ea7040022e6442ccb0b5b60f587e9ab29c9d70bf03f0bfc0f93cb?s=96&d=mm&r=g","url":"https:\/\/secure.gravatar.com\/avatar\/2db9fef1cf2ea7040022e6442ccb0b5b60f587e9ab29c9d70bf03f0bfc0f93cb?s=96&d=mm&r=g","contentUrl":"https:\/\/secure.gravatar.com\/avatar\/2db9fef1cf2ea7040022e6442ccb0b5b60f587e9ab29c9d70bf03f0bfc0f93cb?s=96&d=mm&r=g","caption":"sylwiagunia"},"url":"https:\/\/pans.krosno.pl\/cti\/author\/sylwiagunia\/"}]}},"_links":{"self":[{"href":"https:\/\/pans.krosno.pl\/cti\/wp-json\/wp\/v2\/posts\/7138","targetHints":{"allow":["GET"]}}],"collection":[{"href":"https:\/\/pans.krosno.pl\/cti\/wp-json\/wp\/v2\/posts"}],"about":[{"href":"https:\/\/pans.krosno.pl\/cti\/wp-json\/wp\/v2\/types\/post"}],"author":[{"embeddable":true,"href":"https:\/\/pans.krosno.pl\/cti\/wp-json\/wp\/v2\/users\/34"}],"replies":[{"embeddable":true,"href":"https:\/\/pans.krosno.pl\/cti\/wp-json\/wp\/v2\/comments?post=7138"}],"version-history":[{"count":1,"href":"https:\/\/pans.krosno.pl\/cti\/wp-json\/wp\/v2\/posts\/7138\/revisions"}],"predecessor-version":[{"id":7139,"href":"https:\/\/pans.krosno.pl\/cti\/wp-json\/wp\/v2\/posts\/7138\/revisions\/7139"}],"wp:featuredmedia":[{"embeddable":true,"href":"https:\/\/pans.krosno.pl\/cti\/wp-json\/wp\/v2\/media\/7135"}],"wp:attachment":[{"href":"https:\/\/pans.krosno.pl\/cti\/wp-json\/wp\/v2\/media?parent=7138"}],"wp:term":[{"taxonomy":"category","embeddable":true,"href":"https:\/\/pans.krosno.pl\/cti\/wp-json\/wp\/v2\/categories?post=7138"},{"taxonomy":"post_tag","embeddable":true,"href":"https:\/\/pans.krosno.pl\/cti\/wp-json\/wp\/v2\/tags?post=7138"}],"curies":[{"name":"wp","href":"https:\/\/api.w.org\/{rel}","templated":true}]}}