{"id":7128,"date":"2025-08-22T08:35:50","date_gmt":"2025-08-22T06:35:50","guid":{"rendered":"https:\/\/pans.krosno.pl\/cti\/?p=7128"},"modified":"2025-08-22T08:41:26","modified_gmt":"2025-08-22T06:41:26","slug":"oferta-pracy-mlodszy-specjalista-ds-social-media","status":"publish","type":"post","link":"https:\/\/pans.krosno.pl\/cti\/oferta-pracy-mlodszy-specjalista-ds-social-media\/","title":{"rendered":"Oferta pracy: M\u0142odszy Specjalista ds. Social Media"},"content":{"rendered":"\n<figure class=\"wp-block-image size-full is-resized\"><a href=\"https:\/\/ks.pl\/\"><img loading=\"lazy\" decoding=\"async\" width=\"1000\" height=\"1000\" src=\"https:\/\/pans.krosno.pl\/cti\/wp-content\/uploads\/sites\/38\/2025\/07\/logo-KS.jpg\" alt=\"\" class=\"wp-image-7070\" style=\"width:148px;height:auto\" srcset=\"https:\/\/pans.krosno.pl\/cti\/wp-content\/uploads\/sites\/38\/2025\/07\/logo-KS.jpg 1000w, https:\/\/pans.krosno.pl\/cti\/wp-content\/uploads\/sites\/38\/2025\/07\/logo-KS-300x300.jpg 300w, https:\/\/pans.krosno.pl\/cti\/wp-content\/uploads\/sites\/38\/2025\/07\/logo-KS-150x150.jpg 150w, https:\/\/pans.krosno.pl\/cti\/wp-content\/uploads\/sites\/38\/2025\/07\/logo-KS-768x768.jpg 768w, https:\/\/pans.krosno.pl\/cti\/wp-content\/uploads\/sites\/38\/2025\/07\/logo-KS-800x800.jpg 800w, https:\/\/pans.krosno.pl\/cti\/wp-content\/uploads\/sites\/38\/2025\/07\/logo-KS-580x580.jpg 580w\" sizes=\"auto, (max-width: 1000px) 100vw, 1000px\" \/><\/a><\/figure>\n\n\n\n<p>Agencja KS, to nowoczesna firma zajmuj\u0105ca si\u0119 marketingiem internetowym maj\u0105ca swoj\u0105 siedzib\u0119 w Gorzycach (niedaleko Jas\u0142a). Puszczamy wodze fantazji i tworzymy skuteczne strategie SEO oraz kampanie Ads w Google i Social Mediach. Nasze dzia\u0142ania opieramy o profesjonalizm i szczero\u015b\u0107 \u2014 zar\u00f3wno w kontaktach z partnerami, jak i wzajemnych relacjach wewn\u0105trz firmy.<br><br>Obecnie poszukujemy osoby, kt\u00f3ra do\u0142\u0105czy do naszego zespo\u0142u ds. Social Media na stanowisku:<br><strong>M\u0142odszy Specjalista ds. Social Media (Facebook, Instagram, LinkedIn, TikTok). <\/strong><\/p>\n\n\n\n<p>Specjalista ten zajmuje si\u0119 budowaniem pozytywnego wizerunku marki oraz rozwijaniem kampanii sprzeda\u017cowych w Social Mediach.<br><br><strong>Zadania na tym stanowisku:<\/strong><br>\u25cf Kreatywne wsparcie zespo\u0142u.<br>\u25cf Tworzenie strategii komunikacji i contentu na potrzeby kana\u0142\u00f3w social media g\u0142ownie dla Agencji KS (LinkedIn, Facebook, Instagram, TikTok) oraz Klient\u00f3w.<br>\u25cf Wsp\u00f3\u0142praca z Dzia\u0142em Graficznym, New Business i SEO.<br>\u25cf Przygotowywanie scenariuszy do Reels\u2019\u00f3w, nagrywki i postprodukcja dla Agencji KS.<br>\u25cf Analiza i raportowanie wynik\u00f3w dzia\u0142a\u0144 z zakresu social media.<br>\u25cf Research nowo\u015bci, \u015bledzenie trend\u00f3w oraz poszukiwanie ciekawych insight\u00f3w.<br>\u25cf Tworzenie i koordynacja kampanii reklamowych.<br>\u25cf Przygotowywanie materia\u0142\u00f3w edukacyjnych na firmowego bloga.<br>\u25cf Wsparcie w realizacji wewn\u0119trznego marketingu Agencji.<br>\u25cf Pisanie artyku\u0142\u00f3w i definicji na firmowego bloga.<br>\u25cf Praca na takich narz\u0119dziach i systemach jak: Google Analytics, Content<br>Management System, Google Tag Manager.<br><br><strong>Jakie umiej\u0119tno\u015bci i cechy przydadz\u0105 si\u0119 na tym stanowisku?<\/strong><br>\u25cf Podstawowa znajomo\u015b\u0107 narz\u0119dzi do tworzenia grafik i edycji wideo.<br>\u25cf Otwarto\u015b\u0107 na wsp\u00f3\u0142prac\u0119 i dzielenie si\u0119 pomys\u0142ami z zespo\u0142em.<br>\u25cf Ch\u0119\u0107 ci\u0105g\u0142ego rozwoju i poszerzania swojej wiedzy o digital marketingu.<br>\u25cf Umiej\u0119tno\u015b\u0107 samodzielnego planowania czasu pracy.<br>\u25cf Poczucie estetyki.<br>\u25cf Lekkie pi\u00f3ro i umiej\u0119tno\u015b\u0107 dostosowania komunikacji do r\u00f3\u017cnych grup odbiorc\u00f3w.<br>\u25cf Kreatywno\u015b\u0107.<br><br><strong>Dodatkowe kompetencje, o kt\u00f3rych koniecznie napisz w CV, je\u015bli je posiadasz:<\/strong><br>\u25cf Podstawowa wiedza z zakresu obs\u0142ugi reklam na Facebooku i Instagramie.<br>\u25cf Podstawowa umiej\u0119tno\u015b\u0107 monta\u017cu wideo w programie CapCut lub innym narz\u0119dziu do edycji tre\u015bci wizualnych.<br>\u25cf Znajomo\u015b\u0107 platform analitycznych, takich jak Meta Business Suite czy Google Analytics.<br>\u25cf Do\u015bwiadczenie w moderowaniu spo\u0142eczno\u015bci online i budowaniu zaanga\u017cowania u\u017cytkownik\u00f3w.<br>\u25cf Umiej\u0119tno\u015b\u0107 obs\u0142ugi programu Canva do tworzenia prostych grafik.<br>\u25cf Do\u015bwiadczenie w pracy w marketingu.<br><br><strong>Oferujemy:<\/strong><br>\u25cf Umow\u0119 o prac\u0119 na ca\u0142y etat.<br>\u25cf Startujemy od wynagrodzenia 4700 &#8211; 5200 z\u0142 brutto.<br>\u25cf Wymiar pracy: 8 godzin od poniedzia\u0142ku do pi\u0105tku w przedziale 7:00 &#8211; 17:00.<br>\u25cf Solidne wdro\u017cenie, po kt\u00f3rym poczujesz si\u0119 pewnie w codziennej pracy.<br>\u25cf Utrzymujemy work-life balance &#8211; chcemy, aby\u015b odpoczywa\u0142\/a w wolnym czasie.<br>\u25cf Atrakcyjne, progresywne zarobki, uzale\u017cnione od umiej\u0119tno\u015bci i zaanga\u017cowania.<br>\u25cf Prac\u0119 poza miastem w nowoczesnym biurze, z pi\u0119knymi widokami.<br>\u25cf Uczestnictwo w konferencjach bran\u017cowych, darmowe szkolenia, mo\u017cliwo\u015b\u0107 rozwoju (w tym nielimitowany dost\u0119p do strefy kurs\u00f3w).<br>\u25cf Wyj\u0105tkowy pakiet benefit\u00f3w: prywatna opieka medyczna, kryty kort tenisowy, prywatna si\u0142ownia.<br>\u25cf Elastyczny czas pracy\/mo\u017cliwo\u015b\u0107 pracy w systemie hybrydowym.<br>\u25cf Imprezy integracyjne.<br>\u25cf Prac\u0119 na sprz\u0119cie Apple.<br>\u25cf Przyjazn\u0105 atmosfer\u0119 oraz zesp\u00f3\u0142, kt\u00f3ry wspiera kreatywno\u015b\u0107 i wymian\u0119 pomys\u0142\u00f3w.<br><br>Je\u015bli chcesz dowiedzie\u0107 si\u0119 wi\u0119cej, z kim b\u0119dziesz pracowa\u0142, jak wygl\u0105da dzie\u0144 z \u017cycia specjalisty ds. Social Media oraz w jakich obszarach rozwiniesz si\u0119 na tym stanowisku, odwied\u017a nasz\u0105 stron\u0119:<br><a href=\"https:\/\/ks.pl\/praca\/mlodszy-specjalista-ds-social-media\">https:\/\/ks.pl\/praca\/mlodszy-specjalista-ds-social-media<\/a><br><br><strong>Termin sk\u0142adania aplikacji: 17 wrze\u015bnia 2025 r.<\/strong><br><br><strong>Jak aplikowa\u0107?<\/strong><br>Wy\u015blij e-mail na adres: <a href=\"mailto:rekrutacja@ks.pl\">rekrutacja@ks.pl<\/a><br><strong>-&gt; w tytule napisz swoje imi\u0119 i nazwisko oraz stanowisko, na jakie aplikujesz,<\/strong><br><strong>-&gt;<\/strong> <strong>za\u0142\u0105cz CV wraz z dopiskiem:<\/strong> \u201eWyra\u017cam zgod\u0119 na przetwarzanie moich danych osobowych zawartych w niniejszym CV przez KS Sp. z o.o. z siedzib\u0105 w Gorzycach 141, 38-230 Nowy \u017bmigr\u00f3d, na potrzeby procesu rekrutacji zgodnie z ustaw\u0105 z dnia 10 maja 2018 r. o ochronie danych osobowych (Dz.U. z 2018 r. poz. 1000) oraz rozporz\u0105dzeniem Parlamentu Europejskiego i Rady (UE) 2016\/679 z dnia 27<br>kwietnia 2016 r. (RODO).\u201d Dodatkowo, je\u015bli chcesz, aby Twoje dane by\u0142y przechowywane na potrzeby przysz\u0142ych rekrutacji, prosimy o dodanie rozszerzonej zgody: \u201eWyra\u017cam r\u00f3wnie\u017c zgod\u0119 na przetwarzanie moich danych osobowych na potrzeby przysz\u0142ych rekrutacji prowadzonych przez KS Sp. z o.o.\u201d<br><strong>-&gt; koniecznie za\u0142\u0105cz list motywacyjny<\/strong> &#8211; b\u0119dzie on dla nas wa\u017cn\u0105 prezentacj\u0105 Twojej kreatywno\u015bci i lekko\u015bci w tworzeniu tre\u015bci. Mo\u017ce on by\u0107 kluczowym czynnikiem do podj\u0119cia decyzji o zaproszeniu Ci\u0119 na rozmow\u0119.<br><br><strong>Wi\u0119cej informacji o nas i o naszej pracy znajdziesz na naszej stronie www <a href=\"https:\/\/ks.pl\/o-nas\">https:\/\/ks.pl\/o-nas<\/a><br>Czekamy na Ciebie! \ud83d\ude42<\/strong><br><br>Klauzula informacyjna RODO<br>Administratorem danych osobowych jest KS Sp. z o.o. z siedzib\u0105 w Gorzycach 141, 38-230 Nowy \u017bmigr\u00f3d, NIP: 6852338589. Dane osobowe b\u0119d\u0105 przetwarzane wy\u0142\u0105cznie w celu realizacji procesu rekrutacji na podstawie art. 6 ust. 1 lit. c oraz art. 6 ust. 1 lit. a RODO. Dane b\u0119d\u0105 przechowywane przez czas trwania procesu rekrutacji, a w przypadku wyra\u017cenia zgody na przysz\u0142e rekrutacje \u2013 przez okres 9 miesi\u0119cy od zako\u0144czenia obecnej rekrutacji. Kandydat ma prawo dost\u0119pu do tre\u015bci swoich danych, ich sprostowania, usuni\u0119cia, ograniczenia przetwarzania, przenoszenia danych oraz wniesienia sprzeciwu wobec przetwarzania. W przypadku naruszenia zasad przetwarzania danych osobowych, przys\u0142uguje prawo wniesienia skargi do Prezesa Urz\u0119du Ochrony Danych Osobowych. Podanie danych osobowych jest dobrowolne, ale niezb\u0119dne do wzi\u0119cia udzia\u0142u rekrutacji.<\/p>\n","protected":false},"excerpt":{"rendered":"<p>Agencja KS, to nowoczesna firma zajmuj\u0105ca si\u0119 marketingiem internetowym maj\u0105ca swoj\u0105 siedzib\u0119 w Gorzycach (niedaleko Jas\u0142a). Puszczamy wodze fantazji i tworzymy skuteczne strategie SEO oraz kampanie Ads w Google i Social Mediach. Nasze dzia\u0142ania opieramy o profesjonalizm i szczero\u015b\u0107 \u2014 zar\u00f3wno w kontaktach z partnerami, jak i wzajemnych relacjach wewn\u0105trz [\u2026] <\/p>\n<div class=\"clear\"><\/div>\n<p><a class=\"more_link clearfix\" href=\"https:\/\/pans.krosno.pl\/cti\/oferta-pracy-mlodszy-specjalista-ds-social-media\/\" rel=\"nofollow\">Read More<\/a><\/p>\n","protected":false},"author":34,"featured_media":7070,"comment_status":"open","ping_status":"open","sticky":false,"template":"","format":"standard","meta":{"ngg_post_thumbnail":0,"footnotes":""},"categories":[3,4],"tags":[],"class_list":["post-7128","post","type-post","status-publish","format-standard","has-post-thumbnail","hentry","category-aktualnosci","category-oferty-pracy"],"yoast_head":"<!-- This site is optimized with the Yoast SEO Premium plugin v27.4 (Yoast SEO v27.4) - https:\/\/yoast.com\/product\/yoast-seo-premium-wordpress\/ -->\n<title>Oferta pracy: M\u0142odszy Specjalista ds. Social Media - Centrum Technologiczne Inkubator PANS w Kro\u015bnie<\/title>\n<meta name=\"robots\" content=\"index, follow, max-snippet:-1, max-image-preview:large, max-video-preview:-1\" \/>\n<link rel=\"canonical\" href=\"https:\/\/pans.krosno.pl\/cti\/oferta-pracy-mlodszy-specjalista-ds-social-media\/\" \/>\n<meta property=\"og:locale\" content=\"pl_PL\" \/>\n<meta property=\"og:type\" content=\"article\" \/>\n<meta property=\"og:title\" content=\"Oferta pracy: M\u0142odszy Specjalista ds. Social Media\" \/>\n<meta property=\"og:description\" content=\"Agencja KS, to nowoczesna firma zajmuj\u0105ca si\u0119 marketingiem internetowym maj\u0105ca swoj\u0105 siedzib\u0119 w Gorzycach (niedaleko Jas\u0142a). Puszczamy wodze fantazji i tworzymy skuteczne strategie SEO oraz kampanie Ads w Google i Social Mediach. Nasze dzia\u0142ania opieramy o profesjonalizm i szczero\u015b\u0107 \u2014 zar\u00f3wno w kontaktach z partnerami, jak i wzajemnych relacjach wewn\u0105trz [\u2026] Read More\" \/>\n<meta property=\"og:url\" content=\"https:\/\/pans.krosno.pl\/cti\/oferta-pracy-mlodszy-specjalista-ds-social-media\/\" \/>\n<meta property=\"og:site_name\" content=\"Centrum Technologiczne Inkubator PANS w Kro\u015bnie\" \/>\n<meta property=\"article:publisher\" content=\"https:\/\/www.facebook.com\/BKKPUKROSNO\/\" \/>\n<meta property=\"article:published_time\" content=\"2025-08-22T06:35:50+00:00\" \/>\n<meta property=\"article:modified_time\" content=\"2025-08-22T06:41:26+00:00\" \/>\n<meta property=\"og:image\" content=\"https:\/\/pans.krosno.pl\/cti\/wp-content\/uploads\/sites\/38\/2025\/07\/logo-KS.jpg\" \/>\n\t<meta property=\"og:image:width\" content=\"1000\" \/>\n\t<meta property=\"og:image:height\" content=\"1000\" \/>\n\t<meta property=\"og:image:type\" content=\"image\/jpeg\" \/>\n<meta name=\"author\" content=\"sylwiagunia\" \/>\n<meta name=\"twitter:card\" content=\"summary_large_image\" \/>\n<meta name=\"twitter:label1\" content=\"Napisane przez\" \/>\n\t<meta name=\"twitter:data1\" content=\"sylwiagunia\" \/>\n\t<meta name=\"twitter:label2\" content=\"Szacowany czas czytania\" \/>\n\t<meta name=\"twitter:data2\" content=\"6 minut\" \/>\n<script type=\"application\/ld+json\" class=\"yoast-schema-graph\">{\"@context\":\"https:\\\/\\\/schema.org\",\"@graph\":[{\"@type\":\"Article\",\"@id\":\"https:\\\/\\\/pans.krosno.pl\\\/cti\\\/oferta-pracy-mlodszy-specjalista-ds-social-media\\\/#article\",\"isPartOf\":{\"@id\":\"https:\\\/\\\/pans.krosno.pl\\\/cti\\\/oferta-pracy-mlodszy-specjalista-ds-social-media\\\/\"},\"author\":{\"name\":\"sylwiagunia\",\"@id\":\"https:\\\/\\\/pans.krosno.pl\\\/cti\\\/#\\\/schema\\\/person\\\/73dd76b82fb48dc51b290b4d5cb555ca\"},\"headline\":\"Oferta pracy: M\u0142odszy Specjalista ds. Social Media\",\"datePublished\":\"2025-08-22T06:35:50+00:00\",\"dateModified\":\"2025-08-22T06:41:26+00:00\",\"mainEntityOfPage\":{\"@id\":\"https:\\\/\\\/pans.krosno.pl\\\/cti\\\/oferta-pracy-mlodszy-specjalista-ds-social-media\\\/\"},\"wordCount\":875,\"commentCount\":0,\"publisher\":{\"@id\":\"https:\\\/\\\/pans.krosno.pl\\\/cti\\\/#organization\"},\"image\":{\"@id\":\"https:\\\/\\\/pans.krosno.pl\\\/cti\\\/oferta-pracy-mlodszy-specjalista-ds-social-media\\\/#primaryimage\"},\"thumbnailUrl\":\"https:\\\/\\\/pans.krosno.pl\\\/cti\\\/wp-content\\\/uploads\\\/sites\\\/38\\\/2025\\\/07\\\/logo-KS.jpg\",\"articleSection\":[\"Aktualno\u015bci\",\"Oferty pracy\"],\"inLanguage\":\"pl-PL\",\"potentialAction\":[{\"@type\":\"CommentAction\",\"name\":\"Comment\",\"target\":[\"https:\\\/\\\/pans.krosno.pl\\\/cti\\\/oferta-pracy-mlodszy-specjalista-ds-social-media\\\/#respond\"]}]},{\"@type\":\"WebPage\",\"@id\":\"https:\\\/\\\/pans.krosno.pl\\\/cti\\\/oferta-pracy-mlodszy-specjalista-ds-social-media\\\/\",\"url\":\"https:\\\/\\\/pans.krosno.pl\\\/cti\\\/oferta-pracy-mlodszy-specjalista-ds-social-media\\\/\",\"name\":\"Oferta pracy: M\u0142odszy Specjalista ds. Social Media - Centrum Technologiczne Inkubator PANS w Kro\u015bnie\",\"isPartOf\":{\"@id\":\"https:\\\/\\\/pans.krosno.pl\\\/cti\\\/#website\"},\"primaryImageOfPage\":{\"@id\":\"https:\\\/\\\/pans.krosno.pl\\\/cti\\\/oferta-pracy-mlodszy-specjalista-ds-social-media\\\/#primaryimage\"},\"image\":{\"@id\":\"https:\\\/\\\/pans.krosno.pl\\\/cti\\\/oferta-pracy-mlodszy-specjalista-ds-social-media\\\/#primaryimage\"},\"thumbnailUrl\":\"https:\\\/\\\/pans.krosno.pl\\\/cti\\\/wp-content\\\/uploads\\\/sites\\\/38\\\/2025\\\/07\\\/logo-KS.jpg\",\"datePublished\":\"2025-08-22T06:35:50+00:00\",\"dateModified\":\"2025-08-22T06:41:26+00:00\",\"breadcrumb\":{\"@id\":\"https:\\\/\\\/pans.krosno.pl\\\/cti\\\/oferta-pracy-mlodszy-specjalista-ds-social-media\\\/#breadcrumb\"},\"inLanguage\":\"pl-PL\",\"potentialAction\":[{\"@type\":\"ReadAction\",\"target\":[\"https:\\\/\\\/pans.krosno.pl\\\/cti\\\/oferta-pracy-mlodszy-specjalista-ds-social-media\\\/\"]}]},{\"@type\":\"ImageObject\",\"inLanguage\":\"pl-PL\",\"@id\":\"https:\\\/\\\/pans.krosno.pl\\\/cti\\\/oferta-pracy-mlodszy-specjalista-ds-social-media\\\/#primaryimage\",\"url\":\"https:\\\/\\\/pans.krosno.pl\\\/cti\\\/wp-content\\\/uploads\\\/sites\\\/38\\\/2025\\\/07\\\/logo-KS.jpg\",\"contentUrl\":\"https:\\\/\\\/pans.krosno.pl\\\/cti\\\/wp-content\\\/uploads\\\/sites\\\/38\\\/2025\\\/07\\\/logo-KS.jpg\",\"width\":1000,\"height\":1000},{\"@type\":\"BreadcrumbList\",\"@id\":\"https:\\\/\\\/pans.krosno.pl\\\/cti\\\/oferta-pracy-mlodszy-specjalista-ds-social-media\\\/#breadcrumb\",\"itemListElement\":[{\"@type\":\"ListItem\",\"position\":1,\"name\":\"Strona g\u0142\u00f3wna\",\"item\":\"https:\\\/\\\/pans.krosno.pl\\\/cti\\\/\"},{\"@type\":\"ListItem\",\"position\":2,\"name\":\"Oferta pracy: M\u0142odszy Specjalista ds. Social Media\"}]},{\"@type\":\"WebSite\",\"@id\":\"https:\\\/\\\/pans.krosno.pl\\\/cti\\\/#website\",\"url\":\"https:\\\/\\\/pans.krosno.pl\\\/cti\\\/\",\"name\":\"Biuro Karier\",\"description\":\"Centrum Technologiczne Inkubator - Pa\u0144stwowa Akademia Nauk Stosowanych\",\"publisher\":{\"@id\":\"https:\\\/\\\/pans.krosno.pl\\\/cti\\\/#organization\"},\"potentialAction\":[{\"@type\":\"SearchAction\",\"target\":{\"@type\":\"EntryPoint\",\"urlTemplate\":\"https:\\\/\\\/pans.krosno.pl\\\/cti\\\/?s={search_term_string}\"},\"query-input\":{\"@type\":\"PropertyValueSpecification\",\"valueRequired\":true,\"valueName\":\"search_term_string\"}}],\"inLanguage\":\"pl-PL\"},{\"@type\":\"Organization\",\"@id\":\"https:\\\/\\\/pans.krosno.pl\\\/cti\\\/#organization\",\"name\":\"Biuro Karier - Karpacka Pa\u0144stwowa Uczelnia w Kro\u015bnie\",\"url\":\"https:\\\/\\\/pans.krosno.pl\\\/cti\\\/\",\"logo\":{\"@type\":\"ImageObject\",\"inLanguage\":\"pl-PL\",\"@id\":\"https:\\\/\\\/pans.krosno.pl\\\/cti\\\/#\\\/schema\\\/logo\\\/image\\\/\",\"url\":\"https:\\\/\\\/pans.krosno.pl\\\/bk\\\/wp-content\\\/uploads\\\/sites\\\/38\\\/2020\\\/05\\\/96735643_906333539807912_5732186373989859328_n-1.gif\",\"contentUrl\":\"https:\\\/\\\/pans.krosno.pl\\\/bk\\\/wp-content\\\/uploads\\\/sites\\\/38\\\/2020\\\/05\\\/96735643_906333539807912_5732186373989859328_n-1.gif\",\"width\":762,\"height\":137,\"caption\":\"Biuro Karier - Karpacka Pa\u0144stwowa Uczelnia w Kro\u015bnie\"},\"image\":{\"@id\":\"https:\\\/\\\/pans.krosno.pl\\\/cti\\\/#\\\/schema\\\/logo\\\/image\\\/\"},\"sameAs\":[\"https:\\\/\\\/www.facebook.com\\\/BKKPUKROSNO\\\/\"]},{\"@type\":\"Person\",\"@id\":\"https:\\\/\\\/pans.krosno.pl\\\/cti\\\/#\\\/schema\\\/person\\\/73dd76b82fb48dc51b290b4d5cb555ca\",\"name\":\"sylwiagunia\",\"image\":{\"@type\":\"ImageObject\",\"inLanguage\":\"pl-PL\",\"@id\":\"https:\\\/\\\/secure.gravatar.com\\\/avatar\\\/2db9fef1cf2ea7040022e6442ccb0b5b60f587e9ab29c9d70bf03f0bfc0f93cb?s=96&d=mm&r=g\",\"url\":\"https:\\\/\\\/secure.gravatar.com\\\/avatar\\\/2db9fef1cf2ea7040022e6442ccb0b5b60f587e9ab29c9d70bf03f0bfc0f93cb?s=96&d=mm&r=g\",\"contentUrl\":\"https:\\\/\\\/secure.gravatar.com\\\/avatar\\\/2db9fef1cf2ea7040022e6442ccb0b5b60f587e9ab29c9d70bf03f0bfc0f93cb?s=96&d=mm&r=g\",\"caption\":\"sylwiagunia\"},\"url\":\"https:\\\/\\\/pans.krosno.pl\\\/cti\\\/author\\\/sylwiagunia\\\/\"}]}<\/script>\n<!-- \/ Yoast SEO Premium plugin. -->","yoast_head_json":{"title":"Oferta pracy: M\u0142odszy Specjalista ds. Social Media - Centrum Technologiczne Inkubator PANS w Kro\u015bnie","robots":{"index":"index","follow":"follow","max-snippet":"max-snippet:-1","max-image-preview":"max-image-preview:large","max-video-preview":"max-video-preview:-1"},"canonical":"https:\/\/pans.krosno.pl\/cti\/oferta-pracy-mlodszy-specjalista-ds-social-media\/","og_locale":"pl_PL","og_type":"article","og_title":"Oferta pracy: M\u0142odszy Specjalista ds. Social Media","og_description":"Agencja KS, to nowoczesna firma zajmuj\u0105ca si\u0119 marketingiem internetowym maj\u0105ca swoj\u0105 siedzib\u0119 w Gorzycach (niedaleko Jas\u0142a). Puszczamy wodze fantazji i tworzymy skuteczne strategie SEO oraz kampanie Ads w Google i Social Mediach. Nasze dzia\u0142ania opieramy o profesjonalizm i szczero\u015b\u0107 \u2014 zar\u00f3wno w kontaktach z partnerami, jak i wzajemnych relacjach wewn\u0105trz [\u2026] Read More","og_url":"https:\/\/pans.krosno.pl\/cti\/oferta-pracy-mlodszy-specjalista-ds-social-media\/","og_site_name":"Centrum Technologiczne Inkubator PANS w Kro\u015bnie","article_publisher":"https:\/\/www.facebook.com\/BKKPUKROSNO\/","article_published_time":"2025-08-22T06:35:50+00:00","article_modified_time":"2025-08-22T06:41:26+00:00","og_image":[{"width":1000,"height":1000,"url":"https:\/\/pans.krosno.pl\/cti\/wp-content\/uploads\/sites\/38\/2025\/07\/logo-KS.jpg","type":"image\/jpeg"}],"author":"sylwiagunia","twitter_card":"summary_large_image","twitter_misc":{"Napisane przez":"sylwiagunia","Szacowany czas czytania":"6 minut"},"schema":{"@context":"https:\/\/schema.org","@graph":[{"@type":"Article","@id":"https:\/\/pans.krosno.pl\/cti\/oferta-pracy-mlodszy-specjalista-ds-social-media\/#article","isPartOf":{"@id":"https:\/\/pans.krosno.pl\/cti\/oferta-pracy-mlodszy-specjalista-ds-social-media\/"},"author":{"name":"sylwiagunia","@id":"https:\/\/pans.krosno.pl\/cti\/#\/schema\/person\/73dd76b82fb48dc51b290b4d5cb555ca"},"headline":"Oferta pracy: M\u0142odszy Specjalista ds. Social Media","datePublished":"2025-08-22T06:35:50+00:00","dateModified":"2025-08-22T06:41:26+00:00","mainEntityOfPage":{"@id":"https:\/\/pans.krosno.pl\/cti\/oferta-pracy-mlodszy-specjalista-ds-social-media\/"},"wordCount":875,"commentCount":0,"publisher":{"@id":"https:\/\/pans.krosno.pl\/cti\/#organization"},"image":{"@id":"https:\/\/pans.krosno.pl\/cti\/oferta-pracy-mlodszy-specjalista-ds-social-media\/#primaryimage"},"thumbnailUrl":"https:\/\/pans.krosno.pl\/cti\/wp-content\/uploads\/sites\/38\/2025\/07\/logo-KS.jpg","articleSection":["Aktualno\u015bci","Oferty pracy"],"inLanguage":"pl-PL","potentialAction":[{"@type":"CommentAction","name":"Comment","target":["https:\/\/pans.krosno.pl\/cti\/oferta-pracy-mlodszy-specjalista-ds-social-media\/#respond"]}]},{"@type":"WebPage","@id":"https:\/\/pans.krosno.pl\/cti\/oferta-pracy-mlodszy-specjalista-ds-social-media\/","url":"https:\/\/pans.krosno.pl\/cti\/oferta-pracy-mlodszy-specjalista-ds-social-media\/","name":"Oferta pracy: M\u0142odszy Specjalista ds. Social Media - Centrum Technologiczne Inkubator PANS w Kro\u015bnie","isPartOf":{"@id":"https:\/\/pans.krosno.pl\/cti\/#website"},"primaryImageOfPage":{"@id":"https:\/\/pans.krosno.pl\/cti\/oferta-pracy-mlodszy-specjalista-ds-social-media\/#primaryimage"},"image":{"@id":"https:\/\/pans.krosno.pl\/cti\/oferta-pracy-mlodszy-specjalista-ds-social-media\/#primaryimage"},"thumbnailUrl":"https:\/\/pans.krosno.pl\/cti\/wp-content\/uploads\/sites\/38\/2025\/07\/logo-KS.jpg","datePublished":"2025-08-22T06:35:50+00:00","dateModified":"2025-08-22T06:41:26+00:00","breadcrumb":{"@id":"https:\/\/pans.krosno.pl\/cti\/oferta-pracy-mlodszy-specjalista-ds-social-media\/#breadcrumb"},"inLanguage":"pl-PL","potentialAction":[{"@type":"ReadAction","target":["https:\/\/pans.krosno.pl\/cti\/oferta-pracy-mlodszy-specjalista-ds-social-media\/"]}]},{"@type":"ImageObject","inLanguage":"pl-PL","@id":"https:\/\/pans.krosno.pl\/cti\/oferta-pracy-mlodszy-specjalista-ds-social-media\/#primaryimage","url":"https:\/\/pans.krosno.pl\/cti\/wp-content\/uploads\/sites\/38\/2025\/07\/logo-KS.jpg","contentUrl":"https:\/\/pans.krosno.pl\/cti\/wp-content\/uploads\/sites\/38\/2025\/07\/logo-KS.jpg","width":1000,"height":1000},{"@type":"BreadcrumbList","@id":"https:\/\/pans.krosno.pl\/cti\/oferta-pracy-mlodszy-specjalista-ds-social-media\/#breadcrumb","itemListElement":[{"@type":"ListItem","position":1,"name":"Strona g\u0142\u00f3wna","item":"https:\/\/pans.krosno.pl\/cti\/"},{"@type":"ListItem","position":2,"name":"Oferta pracy: M\u0142odszy Specjalista ds. Social Media"}]},{"@type":"WebSite","@id":"https:\/\/pans.krosno.pl\/cti\/#website","url":"https:\/\/pans.krosno.pl\/cti\/","name":"Biuro Karier","description":"Centrum Technologiczne Inkubator - Pa\u0144stwowa Akademia Nauk Stosowanych","publisher":{"@id":"https:\/\/pans.krosno.pl\/cti\/#organization"},"potentialAction":[{"@type":"SearchAction","target":{"@type":"EntryPoint","urlTemplate":"https:\/\/pans.krosno.pl\/cti\/?s={search_term_string}"},"query-input":{"@type":"PropertyValueSpecification","valueRequired":true,"valueName":"search_term_string"}}],"inLanguage":"pl-PL"},{"@type":"Organization","@id":"https:\/\/pans.krosno.pl\/cti\/#organization","name":"Biuro Karier - Karpacka Pa\u0144stwowa Uczelnia w Kro\u015bnie","url":"https:\/\/pans.krosno.pl\/cti\/","logo":{"@type":"ImageObject","inLanguage":"pl-PL","@id":"https:\/\/pans.krosno.pl\/cti\/#\/schema\/logo\/image\/","url":"https:\/\/pans.krosno.pl\/bk\/wp-content\/uploads\/sites\/38\/2020\/05\/96735643_906333539807912_5732186373989859328_n-1.gif","contentUrl":"https:\/\/pans.krosno.pl\/bk\/wp-content\/uploads\/sites\/38\/2020\/05\/96735643_906333539807912_5732186373989859328_n-1.gif","width":762,"height":137,"caption":"Biuro Karier - Karpacka Pa\u0144stwowa Uczelnia w Kro\u015bnie"},"image":{"@id":"https:\/\/pans.krosno.pl\/cti\/#\/schema\/logo\/image\/"},"sameAs":["https:\/\/www.facebook.com\/BKKPUKROSNO\/"]},{"@type":"Person","@id":"https:\/\/pans.krosno.pl\/cti\/#\/schema\/person\/73dd76b82fb48dc51b290b4d5cb555ca","name":"sylwiagunia","image":{"@type":"ImageObject","inLanguage":"pl-PL","@id":"https:\/\/secure.gravatar.com\/avatar\/2db9fef1cf2ea7040022e6442ccb0b5b60f587e9ab29c9d70bf03f0bfc0f93cb?s=96&d=mm&r=g","url":"https:\/\/secure.gravatar.com\/avatar\/2db9fef1cf2ea7040022e6442ccb0b5b60f587e9ab29c9d70bf03f0bfc0f93cb?s=96&d=mm&r=g","contentUrl":"https:\/\/secure.gravatar.com\/avatar\/2db9fef1cf2ea7040022e6442ccb0b5b60f587e9ab29c9d70bf03f0bfc0f93cb?s=96&d=mm&r=g","caption":"sylwiagunia"},"url":"https:\/\/pans.krosno.pl\/cti\/author\/sylwiagunia\/"}]}},"_links":{"self":[{"href":"https:\/\/pans.krosno.pl\/cti\/wp-json\/wp\/v2\/posts\/7128","targetHints":{"allow":["GET"]}}],"collection":[{"href":"https:\/\/pans.krosno.pl\/cti\/wp-json\/wp\/v2\/posts"}],"about":[{"href":"https:\/\/pans.krosno.pl\/cti\/wp-json\/wp\/v2\/types\/post"}],"author":[{"embeddable":true,"href":"https:\/\/pans.krosno.pl\/cti\/wp-json\/wp\/v2\/users\/34"}],"replies":[{"embeddable":true,"href":"https:\/\/pans.krosno.pl\/cti\/wp-json\/wp\/v2\/comments?post=7128"}],"version-history":[{"count":4,"href":"https:\/\/pans.krosno.pl\/cti\/wp-json\/wp\/v2\/posts\/7128\/revisions"}],"predecessor-version":[{"id":7132,"href":"https:\/\/pans.krosno.pl\/cti\/wp-json\/wp\/v2\/posts\/7128\/revisions\/7132"}],"wp:featuredmedia":[{"embeddable":true,"href":"https:\/\/pans.krosno.pl\/cti\/wp-json\/wp\/v2\/media\/7070"}],"wp:attachment":[{"href":"https:\/\/pans.krosno.pl\/cti\/wp-json\/wp\/v2\/media?parent=7128"}],"wp:term":[{"taxonomy":"category","embeddable":true,"href":"https:\/\/pans.krosno.pl\/cti\/wp-json\/wp\/v2\/categories?post=7128"},{"taxonomy":"post_tag","embeddable":true,"href":"https:\/\/pans.krosno.pl\/cti\/wp-json\/wp\/v2\/tags?post=7128"}],"curies":[{"name":"wp","href":"https:\/\/api.w.org\/{rel}","templated":true}]}}