{"id":6064,"date":"2024-09-16T08:57:40","date_gmt":"2024-09-16T06:57:40","guid":{"rendered":"https:\/\/pans.krosno.pl\/cti\/?p=6064"},"modified":"2024-09-16T08:57:42","modified_gmt":"2024-09-16T06:57:42","slug":"rusza-nabor-do-iv-edycji-programu-obudzmy-miasto","status":"publish","type":"post","link":"https:\/\/pans.krosno.pl\/cti\/rusza-nabor-do-iv-edycji-programu-obudzmy-miasto\/","title":{"rendered":"Rusza nab\u00f3r do IV edycji programu \u201cObud\u017aMY Miasto!\u201d"},"content":{"rendered":"\n<p>Zamieniamy marzenia w dzia\u0142ania!&nbsp;<\/p>\n\n\n\n<p>Rusza nab\u00f3r do IV edycji programu \u201cObud\u017aMY Miasto!\u201d<\/p>\n\n\n\n<p>Program \u201cObud\u017aMY Miasto!\u201d &#8211; czyli mo\u017cesz zrobi\u0107 naprawd\u0119 wiele!&nbsp;<br>Julka ze znajomymi spe\u0142ni\u0142a marzenia o rolkowisku w Kro\u015bnie,&nbsp; Krystian i Gabrysia<br>zorganizowali koncert muzyki filmowej, a Sabina zrealizowa\u0142a wyj\u0105tkowy pokaz<br>mody. To tylko nieliczne przyk\u0142ady marze\u0144 m\u0142odych os\u00f3b, kt\u00f3re &#8211; dzi\u0119ki udzia\u0142owi w<br>programie \u201cObud\u017cMY Miasto!\u201d &#8211; sta\u0142y si\u0119 realnymi dzia\u0142aniami na skal\u0119 miasta.&nbsp;<br>&nbsp;\u201cNaszym celem by\u0142o pokazanie m\u0142odym osobom, \u017ce maj\u0105 wp\u0142yw na swoje miasto i<br>podejmowane w nim dzia\u0142ania. Przez Obud\u017aMy Miasto chcemy tak\u017ce, aby m\u0142odzi<br>ludzie uwierzyli w sw\u00f3j potencja\u0142 i tworzyli takie miasto w jakim chc\u0105 \u017cy\u0107 teraz i w<br>przysz\u0142o\u015bci.\u201d<\/p>\n\n\n\n<ul class=\"wp-block-list\">\n<li>m\u00f3wi Ewelina Jurasz, dyrektorka BWA Krosno.<br>W programie \u201eObud\u017aMY Miasto!\u201d m\u0142odzie\u017c ma szans\u0119 na realizacj\u0119 oddolnych<br>pomys\u0142\u00f3w, podzielenie si\u0119 swoimi pasjami, rozw\u00f3j tzw. kompetencji przysz\u0142o\u015bci.<br>Program daje narz\u0119dzia i \u015brodki finansowe do podejmowania dzia\u0142a\u0144 maj\u0105cych<br>bezpo\u015bredni wp\u0142yw na o\u017cywienie Krosna<br>i wspiera m\u0142ode osoby w spe\u0142nianiu marze\u0144.\u00a0 W tegorocznej edycji &#8211; mo\u017cna uzyska\u0107<br>do 3000 z\u0142 dofinansowania na realizacj\u0119 swoich pomys\u0142\u00f3w.\u00a0<\/li>\n<\/ul>\n\n\n\n<p><strong>Kto mo\u017ce wzi\u0105\u0107 udzia\u0142 w programie?\u00a0<\/strong><br>Program skierowany jest do os\u00f3b w wieku 13-25 lat mieszkaj\u0105cych w Kro\u015bnie lub<br>ucz\u0105cych si\u0119 na terenie miasta.<br><strong>Jak si\u0119 zg\u0142osi\u0107?\u00a0<\/strong><br>Aby wzi\u0105\u0107 udzia\u0142 wystarczy zebra\u0107 grup\u0119 (min. 2 osobow\u0105) i wype\u0142ni\u0107 formularz:<br><a href=\"https:\/\/forms.gle\/JapF1zegCbzAEX14A\u00a0\">https:\/\/forms.gle\/JapF1zegCbzAEX14A\u00a0<\/a><br><strong>Wa\u017cne! Na zg\u0142oszenie pomys\u0142u masz czas do 23 wrze\u015bnia br. do godz. 12.00.\u00a0<\/strong><br><strong>Jakie s\u0105 korzy\u015bci z udzia\u0142u w programie?\u00a0<\/strong><br>Na osoby uczestnicz\u0105ce czeka: wsparcie finansowe w kwocie maksymalnie 3000<br>z\u0142, warsztaty daj\u0105ce wiedz\u0119 o realizowaniu inicjatyw i projekt\u00f3w oraz wsparcie<br>tutorskie, kt\u00f3re pozwoli przyjrze\u0107 si\u0119 swoim zasobom, mocnym stronom, motywacji.\u00a0<\/p>\n\n\n\n<p><strong>O jakich datach trzeba pami\u0119ta\u0107? <\/strong>Harmonogram programu:\u00a0<br>&#8211; 9-23 wrze\u015bnia &#8211; przyjmowanie zg\u0142osze\u0144\u00a0<br>&#8211; 27 wrze\u015bnia &#8211; og\u0142oszenie wynik\u00f3w\u00a0<br>&#8211; 28 wrze\u015bnia &#8211; 10 pa\u017adziernika &#8211; warsztaty wspieraj\u0105ce w realizacji inicjatyw<br>(warsztaty planowane s\u0105 w terminie 28 wrze\u015bnia i\/lub 9 pa\u017adziernika)<br>&#8211; 1 pa\u017adziernika &#8211; 15 grudnia &#8211; czas na realizacj\u0119 inicjatyw<br>&#8211; 5 grudnia &#8211; uroczyste podsumowanie programu\u00a0<\/p>\n\n\n\n<p>Ze szczeg\u00f3\u0142owym opisem programu i zasad mo\u017cna si\u0119 zapozna\u0107 w regulaminie:<br><a href=\"https:\/\/docs.google.com\/document\/d\/1Q2AbmMzc-\nCaWecwVqz64C_PjlaWMY7cAaR8aojgbgA0\/edit?usp=sharing\u00a0\">https:\/\/docs.google.com\/document\/d\/1Q2AbmMzc-<br>CaWecwVqz64C_PjlaWMY7cAaR8aojgbgA0\/edit?usp=sharing\u00a0<\/a><\/p>\n\n\n\n<p><strong>Fanpage Obud\u017aMY Miasto!:<\/strong><br><a href=\"https:\/\/www.facebook.com\/Obud%C5%BAMY-Miasto-100119408932444\">https:\/\/www.facebook.com\/Obud%C5%BAMY-Miasto-100119408932444<\/a><strong>\u00a0<\/strong><br>I<strong>nstagram Obud\u017aMY Miasto!:\u00a0<\/strong><br><a href=\"https:\/\/www.instagram.com\/obudzmy_miasto\/\u00a0\">https:\/\/www.instagram.com\/obudzmy_miasto\/\u00a0<\/a><\/p>\n\n\n\n<p>IV edycja \u201cObud\u017aMY Miasto!\u201d jest realizowana przy pomocy finansowej Miasta<br>Krosna. Realizatorem programu jest Biuro Wystaw Artystycznych w Kro\u015bnie.<\/p>\n\n\n\n<figure class=\"wp-block-gallery has-nested-images columns-default is-cropped wp-block-gallery-1 is-layout-flex wp-block-gallery-is-layout-flex\">\n<figure class=\"wp-block-image size-large\"><img loading=\"lazy\" decoding=\"async\" width=\"683\" height=\"1024\" data-id=\"6065\" src=\"https:\/\/pans.krosno.pl\/cti\/wp-content\/uploads\/sites\/38\/2024\/09\/ObudzMY-Miasto_BWA-Krosno-5-683x1024.jpg\" alt=\"\" class=\"wp-image-6065\" srcset=\"https:\/\/pans.krosno.pl\/cti\/wp-content\/uploads\/sites\/38\/2024\/09\/ObudzMY-Miasto_BWA-Krosno-5-683x1024.jpg 683w, https:\/\/pans.krosno.pl\/cti\/wp-content\/uploads\/sites\/38\/2024\/09\/ObudzMY-Miasto_BWA-Krosno-5-200x300.jpg 200w, https:\/\/pans.krosno.pl\/cti\/wp-content\/uploads\/sites\/38\/2024\/09\/ObudzMY-Miasto_BWA-Krosno-5-768x1152.jpg 768w, https:\/\/pans.krosno.pl\/cti\/wp-content\/uploads\/sites\/38\/2024\/09\/ObudzMY-Miasto_BWA-Krosno-5-1024x1536.jpg 1024w, https:\/\/pans.krosno.pl\/cti\/wp-content\/uploads\/sites\/38\/2024\/09\/ObudzMY-Miasto_BWA-Krosno-5-800x1200.jpg 800w, https:\/\/pans.krosno.pl\/cti\/wp-content\/uploads\/sites\/38\/2024\/09\/ObudzMY-Miasto_BWA-Krosno-5-580x870.jpg 580w, https:\/\/pans.krosno.pl\/cti\/wp-content\/uploads\/sites\/38\/2024\/09\/ObudzMY-Miasto_BWA-Krosno-5.jpg 1365w\" sizes=\"auto, (max-width: 683px) 100vw, 683px\" \/><\/figure>\n\n\n\n<figure class=\"wp-block-image size-large\"><img loading=\"lazy\" decoding=\"async\" width=\"1024\" height=\"683\" data-id=\"6066\" src=\"https:\/\/pans.krosno.pl\/cti\/wp-content\/uploads\/sites\/38\/2024\/09\/ObudzMY-Miasto_BWA-Krosno-4-1024x683.jpg\" alt=\"\" class=\"wp-image-6066\" srcset=\"https:\/\/pans.krosno.pl\/cti\/wp-content\/uploads\/sites\/38\/2024\/09\/ObudzMY-Miasto_BWA-Krosno-4-1024x683.jpg 1024w, https:\/\/pans.krosno.pl\/cti\/wp-content\/uploads\/sites\/38\/2024\/09\/ObudzMY-Miasto_BWA-Krosno-4-300x200.jpg 300w, https:\/\/pans.krosno.pl\/cti\/wp-content\/uploads\/sites\/38\/2024\/09\/ObudzMY-Miasto_BWA-Krosno-4-768x512.jpg 768w, https:\/\/pans.krosno.pl\/cti\/wp-content\/uploads\/sites\/38\/2024\/09\/ObudzMY-Miasto_BWA-Krosno-4-1536x1024.jpg 1536w, https:\/\/pans.krosno.pl\/cti\/wp-content\/uploads\/sites\/38\/2024\/09\/ObudzMY-Miasto_BWA-Krosno-4-2000x1333.jpg 2000w, https:\/\/pans.krosno.pl\/cti\/wp-content\/uploads\/sites\/38\/2024\/09\/ObudzMY-Miasto_BWA-Krosno-4-800x533.jpg 800w, https:\/\/pans.krosno.pl\/cti\/wp-content\/uploads\/sites\/38\/2024\/09\/ObudzMY-Miasto_BWA-Krosno-4-580x387.jpg 580w, https:\/\/pans.krosno.pl\/cti\/wp-content\/uploads\/sites\/38\/2024\/09\/ObudzMY-Miasto_BWA-Krosno-4.jpg 2048w\" sizes=\"auto, (max-width: 1024px) 100vw, 1024px\" \/><\/figure>\n\n\n\n<figure class=\"wp-block-image size-large\"><img loading=\"lazy\" decoding=\"async\" width=\"1024\" height=\"718\" data-id=\"6067\" src=\"https:\/\/pans.krosno.pl\/cti\/wp-content\/uploads\/sites\/38\/2024\/09\/ObudzMY-Miasto_BWA-Krosno-3-1024x718.jpg\" alt=\"\" class=\"wp-image-6067\" srcset=\"https:\/\/pans.krosno.pl\/cti\/wp-content\/uploads\/sites\/38\/2024\/09\/ObudzMY-Miasto_BWA-Krosno-3-1024x718.jpg 1024w, https:\/\/pans.krosno.pl\/cti\/wp-content\/uploads\/sites\/38\/2024\/09\/ObudzMY-Miasto_BWA-Krosno-3-300x210.jpg 300w, https:\/\/pans.krosno.pl\/cti\/wp-content\/uploads\/sites\/38\/2024\/09\/ObudzMY-Miasto_BWA-Krosno-3-768x538.jpg 768w, https:\/\/pans.krosno.pl\/cti\/wp-content\/uploads\/sites\/38\/2024\/09\/ObudzMY-Miasto_BWA-Krosno-3-1536x1076.jpg 1536w, https:\/\/pans.krosno.pl\/cti\/wp-content\/uploads\/sites\/38\/2024\/09\/ObudzMY-Miasto_BWA-Krosno-3-2000x1401.jpg 2000w, https:\/\/pans.krosno.pl\/cti\/wp-content\/uploads\/sites\/38\/2024\/09\/ObudzMY-Miasto_BWA-Krosno-3-800x561.jpg 800w, https:\/\/pans.krosno.pl\/cti\/wp-content\/uploads\/sites\/38\/2024\/09\/ObudzMY-Miasto_BWA-Krosno-3-580x406.jpg 580w, https:\/\/pans.krosno.pl\/cti\/wp-content\/uploads\/sites\/38\/2024\/09\/ObudzMY-Miasto_BWA-Krosno-3.jpg 2048w\" sizes=\"auto, (max-width: 1024px) 100vw, 1024px\" \/><\/figure>\n\n\n\n\n\n<figure class=\"wp-block-image size-large\"><img loading=\"lazy\" decoding=\"async\" width=\"1024\" height=\"683\" data-id=\"6069\" src=\"https:\/\/pans.krosno.pl\/cti\/wp-content\/uploads\/sites\/38\/2024\/09\/ObudzMY-Miasto_BWA-Krosno-1-1024x683.jpg\" alt=\"\" class=\"wp-image-6069\" srcset=\"https:\/\/pans.krosno.pl\/cti\/wp-content\/uploads\/sites\/38\/2024\/09\/ObudzMY-Miasto_BWA-Krosno-1-1024x683.jpg 1024w, https:\/\/pans.krosno.pl\/cti\/wp-content\/uploads\/sites\/38\/2024\/09\/ObudzMY-Miasto_BWA-Krosno-1-300x200.jpg 300w, https:\/\/pans.krosno.pl\/cti\/wp-content\/uploads\/sites\/38\/2024\/09\/ObudzMY-Miasto_BWA-Krosno-1-768x513.jpg 768w, https:\/\/pans.krosno.pl\/cti\/wp-content\/uploads\/sites\/38\/2024\/09\/ObudzMY-Miasto_BWA-Krosno-1-1536x1025.jpg 1536w, https:\/\/pans.krosno.pl\/cti\/wp-content\/uploads\/sites\/38\/2024\/09\/ObudzMY-Miasto_BWA-Krosno-1-2048x1367.jpg 2048w, https:\/\/pans.krosno.pl\/cti\/wp-content\/uploads\/sites\/38\/2024\/09\/ObudzMY-Miasto_BWA-Krosno-1-2000x1335.jpg 2000w, https:\/\/pans.krosno.pl\/cti\/wp-content\/uploads\/sites\/38\/2024\/09\/ObudzMY-Miasto_BWA-Krosno-1-800x534.jpg 800w, https:\/\/pans.krosno.pl\/cti\/wp-content\/uploads\/sites\/38\/2024\/09\/ObudzMY-Miasto_BWA-Krosno-1-580x387.jpg 580w\" sizes=\"auto, (max-width: 1024px) 100vw, 1024px\" \/><\/figure>\n\n\n\n<figure class=\"wp-block-image size-large\"><img loading=\"lazy\" decoding=\"async\" width=\"724\" height=\"1024\" data-id=\"6068\" src=\"https:\/\/pans.krosno.pl\/cti\/wp-content\/uploads\/sites\/38\/2024\/09\/BWA-KROSNO-OM-PLAKAT-A3-ZGLOS-SIE-3.cdr01-Strona-11-724x1024.png\" alt=\"\" class=\"wp-image-6068\" srcset=\"https:\/\/pans.krosno.pl\/cti\/wp-content\/uploads\/sites\/38\/2024\/09\/BWA-KROSNO-OM-PLAKAT-A3-ZGLOS-SIE-3.cdr01-Strona-11-724x1024.png 724w, https:\/\/pans.krosno.pl\/cti\/wp-content\/uploads\/sites\/38\/2024\/09\/BWA-KROSNO-OM-PLAKAT-A3-ZGLOS-SIE-3.cdr01-Strona-11-212x300.png 212w, https:\/\/pans.krosno.pl\/cti\/wp-content\/uploads\/sites\/38\/2024\/09\/BWA-KROSNO-OM-PLAKAT-A3-ZGLOS-SIE-3.cdr01-Strona-11-768x1086.png 768w, https:\/\/pans.krosno.pl\/cti\/wp-content\/uploads\/sites\/38\/2024\/09\/BWA-KROSNO-OM-PLAKAT-A3-ZGLOS-SIE-3.cdr01-Strona-11-1086x1536.png 1086w, https:\/\/pans.krosno.pl\/cti\/wp-content\/uploads\/sites\/38\/2024\/09\/BWA-KROSNO-OM-PLAKAT-A3-ZGLOS-SIE-3.cdr01-Strona-11-800x1131.png 800w, https:\/\/pans.krosno.pl\/cti\/wp-content\/uploads\/sites\/38\/2024\/09\/BWA-KROSNO-OM-PLAKAT-A3-ZGLOS-SIE-3.cdr01-Strona-11-580x820.png 580w, https:\/\/pans.krosno.pl\/cti\/wp-content\/uploads\/sites\/38\/2024\/09\/BWA-KROSNO-OM-PLAKAT-A3-ZGLOS-SIE-3.cdr01-Strona-11.png 1403w\" sizes=\"auto, (max-width: 724px) 100vw, 724px\" \/><\/figure>\n<\/figure>\n","protected":false},"excerpt":{"rendered":"<p>Zamieniamy marzenia w dzia\u0142ania!&nbsp; Rusza nab\u00f3r do IV edycji programu \u201cObud\u017aMY Miasto!\u201d Program \u201cObud\u017aMY Miasto!\u201d &#8211; czyli mo\u017cesz zrobi\u0107 naprawd\u0119 wiele!&nbsp;Julka ze znajomymi spe\u0142ni\u0142a marzenia o rolkowisku w Kro\u015bnie,&nbsp; Krystian i Gabrysiazorganizowali koncert muzyki filmowej, a Sabina zrealizowa\u0142a wyj\u0105tkowy pokazmody. To tylko nieliczne przyk\u0142ady marze\u0144 m\u0142odych os\u00f3b, kt\u00f3re &#8211; dzi\u0119ki [\u2026] <\/p>\n<div class=\"clear\"><\/div>\n<p><a class=\"more_link clearfix\" href=\"https:\/\/pans.krosno.pl\/cti\/rusza-nabor-do-iv-edycji-programu-obudzmy-miasto\/\" rel=\"nofollow\">Read More<\/a><\/p>\n","protected":false},"author":34,"featured_media":6070,"comment_status":"open","ping_status":"open","sticky":false,"template":"","format":"standard","meta":{"ngg_post_thumbnail":0,"footnotes":""},"categories":[3],"tags":[],"class_list":["post-6064","post","type-post","status-publish","format-standard","has-post-thumbnail","hentry","category-aktualnosci"],"yoast_head":"<!-- This site is optimized with the Yoast SEO Premium plugin v27.4 (Yoast SEO v27.4) - https:\/\/yoast.com\/product\/yoast-seo-premium-wordpress\/ -->\n<title>Rusza nab\u00f3r do IV edycji programu \u201cObud\u017aMY Miasto!\u201d - Centrum Technologiczne Inkubator PANS w Kro\u015bnie<\/title>\n<meta name=\"robots\" content=\"index, follow, max-snippet:-1, max-image-preview:large, max-video-preview:-1\" \/>\n<link rel=\"canonical\" href=\"https:\/\/pans.krosno.pl\/cti\/rusza-nabor-do-iv-edycji-programu-obudzmy-miasto\/\" \/>\n<meta property=\"og:locale\" content=\"pl_PL\" \/>\n<meta property=\"og:type\" content=\"article\" \/>\n<meta property=\"og:title\" content=\"Rusza nab\u00f3r do IV edycji programu \u201cObud\u017aMY Miasto!\u201d\" \/>\n<meta property=\"og:description\" content=\"Zamieniamy marzenia w dzia\u0142ania!&nbsp; Rusza nab\u00f3r do IV edycji programu \u201cObud\u017aMY Miasto!\u201d Program \u201cObud\u017aMY Miasto!\u201d &#8211; czyli mo\u017cesz zrobi\u0107 naprawd\u0119 wiele!&nbsp;Julka ze znajomymi spe\u0142ni\u0142a marzenia o rolkowisku w Kro\u015bnie,&nbsp; Krystian i Gabrysiazorganizowali koncert muzyki filmowej, a Sabina zrealizowa\u0142a wyj\u0105tkowy pokazmody. To tylko nieliczne przyk\u0142ady marze\u0144 m\u0142odych os\u00f3b, kt\u00f3re &#8211; dzi\u0119ki [\u2026] Read More\" \/>\n<meta property=\"og:url\" content=\"https:\/\/pans.krosno.pl\/cti\/rusza-nabor-do-iv-edycji-programu-obudzmy-miasto\/\" \/>\n<meta property=\"og:site_name\" content=\"Centrum Technologiczne Inkubator PANS w Kro\u015bnie\" \/>\n<meta property=\"article:publisher\" content=\"https:\/\/www.facebook.com\/BKKPUKROSNO\/\" \/>\n<meta property=\"article:published_time\" content=\"2024-09-16T06:57:40+00:00\" \/>\n<meta property=\"article:modified_time\" content=\"2024-09-16T06:57:42+00:00\" \/>\n<meta property=\"og:image\" content=\"https:\/\/pans.krosno.pl\/cti\/wp-content\/uploads\/sites\/38\/2024\/09\/BWA-KROSNO-OM-FB_POST-ZGLOS-SIE-3.cdr01-Strona-11.png\" \/>\n\t<meta property=\"og:image:width\" content=\"999\" \/>\n\t<meta property=\"og:image:height\" content=\"999\" \/>\n\t<meta property=\"og:image:type\" content=\"image\/png\" \/>\n<meta name=\"author\" content=\"sylwiagunia\" \/>\n<meta name=\"twitter:card\" content=\"summary_large_image\" \/>\n<meta name=\"twitter:label1\" content=\"Napisane przez\" \/>\n\t<meta name=\"twitter:data1\" content=\"sylwiagunia\" \/>\n\t<meta name=\"twitter:label2\" content=\"Szacowany czas czytania\" \/>\n\t<meta name=\"twitter:data2\" content=\"4 minuty\" \/>\n<script type=\"application\/ld+json\" class=\"yoast-schema-graph\">{\"@context\":\"https:\\\/\\\/schema.org\",\"@graph\":[{\"@type\":\"Article\",\"@id\":\"https:\\\/\\\/pans.krosno.pl\\\/cti\\\/rusza-nabor-do-iv-edycji-programu-obudzmy-miasto\\\/#article\",\"isPartOf\":{\"@id\":\"https:\\\/\\\/pans.krosno.pl\\\/cti\\\/rusza-nabor-do-iv-edycji-programu-obudzmy-miasto\\\/\"},\"author\":{\"name\":\"sylwiagunia\",\"@id\":\"https:\\\/\\\/pans.krosno.pl\\\/cti\\\/#\\\/schema\\\/person\\\/73dd76b82fb48dc51b290b4d5cb555ca\"},\"headline\":\"Rusza nab\u00f3r do IV edycji programu \u201cObud\u017aMY Miasto!\u201d\",\"datePublished\":\"2024-09-16T06:57:40+00:00\",\"dateModified\":\"2024-09-16T06:57:42+00:00\",\"mainEntityOfPage\":{\"@id\":\"https:\\\/\\\/pans.krosno.pl\\\/cti\\\/rusza-nabor-do-iv-edycji-programu-obudzmy-miasto\\\/\"},\"wordCount\":458,\"commentCount\":0,\"publisher\":{\"@id\":\"https:\\\/\\\/pans.krosno.pl\\\/cti\\\/#organization\"},\"image\":{\"@id\":\"https:\\\/\\\/pans.krosno.pl\\\/cti\\\/rusza-nabor-do-iv-edycji-programu-obudzmy-miasto\\\/#primaryimage\"},\"thumbnailUrl\":\"https:\\\/\\\/pans.krosno.pl\\\/cti\\\/wp-content\\\/uploads\\\/sites\\\/38\\\/2024\\\/09\\\/BWA-KROSNO-OM-FB_POST-ZGLOS-SIE-3.cdr01-Strona-11.png\",\"articleSection\":[\"Aktualno\u015bci\"],\"inLanguage\":\"pl-PL\",\"potentialAction\":[{\"@type\":\"CommentAction\",\"name\":\"Comment\",\"target\":[\"https:\\\/\\\/pans.krosno.pl\\\/cti\\\/rusza-nabor-do-iv-edycji-programu-obudzmy-miasto\\\/#respond\"]}]},{\"@type\":\"WebPage\",\"@id\":\"https:\\\/\\\/pans.krosno.pl\\\/cti\\\/rusza-nabor-do-iv-edycji-programu-obudzmy-miasto\\\/\",\"url\":\"https:\\\/\\\/pans.krosno.pl\\\/cti\\\/rusza-nabor-do-iv-edycji-programu-obudzmy-miasto\\\/\",\"name\":\"Rusza nab\u00f3r do IV edycji programu \u201cObud\u017aMY Miasto!\u201d - Centrum Technologiczne Inkubator PANS w Kro\u015bnie\",\"isPartOf\":{\"@id\":\"https:\\\/\\\/pans.krosno.pl\\\/cti\\\/#website\"},\"primaryImageOfPage\":{\"@id\":\"https:\\\/\\\/pans.krosno.pl\\\/cti\\\/rusza-nabor-do-iv-edycji-programu-obudzmy-miasto\\\/#primaryimage\"},\"image\":{\"@id\":\"https:\\\/\\\/pans.krosno.pl\\\/cti\\\/rusza-nabor-do-iv-edycji-programu-obudzmy-miasto\\\/#primaryimage\"},\"thumbnailUrl\":\"https:\\\/\\\/pans.krosno.pl\\\/cti\\\/wp-content\\\/uploads\\\/sites\\\/38\\\/2024\\\/09\\\/BWA-KROSNO-OM-FB_POST-ZGLOS-SIE-3.cdr01-Strona-11.png\",\"datePublished\":\"2024-09-16T06:57:40+00:00\",\"dateModified\":\"2024-09-16T06:57:42+00:00\",\"breadcrumb\":{\"@id\":\"https:\\\/\\\/pans.krosno.pl\\\/cti\\\/rusza-nabor-do-iv-edycji-programu-obudzmy-miasto\\\/#breadcrumb\"},\"inLanguage\":\"pl-PL\",\"potentialAction\":[{\"@type\":\"ReadAction\",\"target\":[\"https:\\\/\\\/pans.krosno.pl\\\/cti\\\/rusza-nabor-do-iv-edycji-programu-obudzmy-miasto\\\/\"]}]},{\"@type\":\"ImageObject\",\"inLanguage\":\"pl-PL\",\"@id\":\"https:\\\/\\\/pans.krosno.pl\\\/cti\\\/rusza-nabor-do-iv-edycji-programu-obudzmy-miasto\\\/#primaryimage\",\"url\":\"https:\\\/\\\/pans.krosno.pl\\\/cti\\\/wp-content\\\/uploads\\\/sites\\\/38\\\/2024\\\/09\\\/BWA-KROSNO-OM-FB_POST-ZGLOS-SIE-3.cdr01-Strona-11.png\",\"contentUrl\":\"https:\\\/\\\/pans.krosno.pl\\\/cti\\\/wp-content\\\/uploads\\\/sites\\\/38\\\/2024\\\/09\\\/BWA-KROSNO-OM-FB_POST-ZGLOS-SIE-3.cdr01-Strona-11.png\",\"width\":999,\"height\":999},{\"@type\":\"BreadcrumbList\",\"@id\":\"https:\\\/\\\/pans.krosno.pl\\\/cti\\\/rusza-nabor-do-iv-edycji-programu-obudzmy-miasto\\\/#breadcrumb\",\"itemListElement\":[{\"@type\":\"ListItem\",\"position\":1,\"name\":\"Strona g\u0142\u00f3wna\",\"item\":\"https:\\\/\\\/pans.krosno.pl\\\/cti\\\/\"},{\"@type\":\"ListItem\",\"position\":2,\"name\":\"Rusza nab\u00f3r do IV edycji programu \u201cObud\u017aMY Miasto!\u201d\"}]},{\"@type\":\"WebSite\",\"@id\":\"https:\\\/\\\/pans.krosno.pl\\\/cti\\\/#website\",\"url\":\"https:\\\/\\\/pans.krosno.pl\\\/cti\\\/\",\"name\":\"Biuro Karier\",\"description\":\"Centrum Technologiczne Inkubator - Pa\u0144stwowa Akademia Nauk Stosowanych\",\"publisher\":{\"@id\":\"https:\\\/\\\/pans.krosno.pl\\\/cti\\\/#organization\"},\"potentialAction\":[{\"@type\":\"SearchAction\",\"target\":{\"@type\":\"EntryPoint\",\"urlTemplate\":\"https:\\\/\\\/pans.krosno.pl\\\/cti\\\/?s={search_term_string}\"},\"query-input\":{\"@type\":\"PropertyValueSpecification\",\"valueRequired\":true,\"valueName\":\"search_term_string\"}}],\"inLanguage\":\"pl-PL\"},{\"@type\":\"Organization\",\"@id\":\"https:\\\/\\\/pans.krosno.pl\\\/cti\\\/#organization\",\"name\":\"Biuro Karier - Karpacka Pa\u0144stwowa Uczelnia w Kro\u015bnie\",\"url\":\"https:\\\/\\\/pans.krosno.pl\\\/cti\\\/\",\"logo\":{\"@type\":\"ImageObject\",\"inLanguage\":\"pl-PL\",\"@id\":\"https:\\\/\\\/pans.krosno.pl\\\/cti\\\/#\\\/schema\\\/logo\\\/image\\\/\",\"url\":\"https:\\\/\\\/pans.krosno.pl\\\/bk\\\/wp-content\\\/uploads\\\/sites\\\/38\\\/2020\\\/05\\\/96735643_906333539807912_5732186373989859328_n-1.gif\",\"contentUrl\":\"https:\\\/\\\/pans.krosno.pl\\\/bk\\\/wp-content\\\/uploads\\\/sites\\\/38\\\/2020\\\/05\\\/96735643_906333539807912_5732186373989859328_n-1.gif\",\"width\":762,\"height\":137,\"caption\":\"Biuro Karier - Karpacka Pa\u0144stwowa Uczelnia w Kro\u015bnie\"},\"image\":{\"@id\":\"https:\\\/\\\/pans.krosno.pl\\\/cti\\\/#\\\/schema\\\/logo\\\/image\\\/\"},\"sameAs\":[\"https:\\\/\\\/www.facebook.com\\\/BKKPUKROSNO\\\/\"]},{\"@type\":\"Person\",\"@id\":\"https:\\\/\\\/pans.krosno.pl\\\/cti\\\/#\\\/schema\\\/person\\\/73dd76b82fb48dc51b290b4d5cb555ca\",\"name\":\"sylwiagunia\",\"image\":{\"@type\":\"ImageObject\",\"inLanguage\":\"pl-PL\",\"@id\":\"https:\\\/\\\/secure.gravatar.com\\\/avatar\\\/2db9fef1cf2ea7040022e6442ccb0b5b60f587e9ab29c9d70bf03f0bfc0f93cb?s=96&d=mm&r=g\",\"url\":\"https:\\\/\\\/secure.gravatar.com\\\/avatar\\\/2db9fef1cf2ea7040022e6442ccb0b5b60f587e9ab29c9d70bf03f0bfc0f93cb?s=96&d=mm&r=g\",\"contentUrl\":\"https:\\\/\\\/secure.gravatar.com\\\/avatar\\\/2db9fef1cf2ea7040022e6442ccb0b5b60f587e9ab29c9d70bf03f0bfc0f93cb?s=96&d=mm&r=g\",\"caption\":\"sylwiagunia\"},\"url\":\"https:\\\/\\\/pans.krosno.pl\\\/cti\\\/author\\\/sylwiagunia\\\/\"}]}<\/script>\n<!-- \/ Yoast SEO Premium plugin. -->","yoast_head_json":{"title":"Rusza nab\u00f3r do IV edycji programu \u201cObud\u017aMY Miasto!\u201d - Centrum Technologiczne Inkubator PANS w Kro\u015bnie","robots":{"index":"index","follow":"follow","max-snippet":"max-snippet:-1","max-image-preview":"max-image-preview:large","max-video-preview":"max-video-preview:-1"},"canonical":"https:\/\/pans.krosno.pl\/cti\/rusza-nabor-do-iv-edycji-programu-obudzmy-miasto\/","og_locale":"pl_PL","og_type":"article","og_title":"Rusza nab\u00f3r do IV edycji programu \u201cObud\u017aMY Miasto!\u201d","og_description":"Zamieniamy marzenia w dzia\u0142ania!&nbsp; Rusza nab\u00f3r do IV edycji programu \u201cObud\u017aMY Miasto!\u201d Program \u201cObud\u017aMY Miasto!\u201d &#8211; czyli mo\u017cesz zrobi\u0107 naprawd\u0119 wiele!&nbsp;Julka ze znajomymi spe\u0142ni\u0142a marzenia o rolkowisku w Kro\u015bnie,&nbsp; Krystian i Gabrysiazorganizowali koncert muzyki filmowej, a Sabina zrealizowa\u0142a wyj\u0105tkowy pokazmody. To tylko nieliczne przyk\u0142ady marze\u0144 m\u0142odych os\u00f3b, kt\u00f3re &#8211; dzi\u0119ki [\u2026] Read More","og_url":"https:\/\/pans.krosno.pl\/cti\/rusza-nabor-do-iv-edycji-programu-obudzmy-miasto\/","og_site_name":"Centrum Technologiczne Inkubator PANS w Kro\u015bnie","article_publisher":"https:\/\/www.facebook.com\/BKKPUKROSNO\/","article_published_time":"2024-09-16T06:57:40+00:00","article_modified_time":"2024-09-16T06:57:42+00:00","og_image":[{"width":999,"height":999,"url":"https:\/\/pans.krosno.pl\/cti\/wp-content\/uploads\/sites\/38\/2024\/09\/BWA-KROSNO-OM-FB_POST-ZGLOS-SIE-3.cdr01-Strona-11.png","type":"image\/png"}],"author":"sylwiagunia","twitter_card":"summary_large_image","twitter_misc":{"Napisane przez":"sylwiagunia","Szacowany czas czytania":"4 minuty"},"schema":{"@context":"https:\/\/schema.org","@graph":[{"@type":"Article","@id":"https:\/\/pans.krosno.pl\/cti\/rusza-nabor-do-iv-edycji-programu-obudzmy-miasto\/#article","isPartOf":{"@id":"https:\/\/pans.krosno.pl\/cti\/rusza-nabor-do-iv-edycji-programu-obudzmy-miasto\/"},"author":{"name":"sylwiagunia","@id":"https:\/\/pans.krosno.pl\/cti\/#\/schema\/person\/73dd76b82fb48dc51b290b4d5cb555ca"},"headline":"Rusza nab\u00f3r do IV edycji programu \u201cObud\u017aMY Miasto!\u201d","datePublished":"2024-09-16T06:57:40+00:00","dateModified":"2024-09-16T06:57:42+00:00","mainEntityOfPage":{"@id":"https:\/\/pans.krosno.pl\/cti\/rusza-nabor-do-iv-edycji-programu-obudzmy-miasto\/"},"wordCount":458,"commentCount":0,"publisher":{"@id":"https:\/\/pans.krosno.pl\/cti\/#organization"},"image":{"@id":"https:\/\/pans.krosno.pl\/cti\/rusza-nabor-do-iv-edycji-programu-obudzmy-miasto\/#primaryimage"},"thumbnailUrl":"https:\/\/pans.krosno.pl\/cti\/wp-content\/uploads\/sites\/38\/2024\/09\/BWA-KROSNO-OM-FB_POST-ZGLOS-SIE-3.cdr01-Strona-11.png","articleSection":["Aktualno\u015bci"],"inLanguage":"pl-PL","potentialAction":[{"@type":"CommentAction","name":"Comment","target":["https:\/\/pans.krosno.pl\/cti\/rusza-nabor-do-iv-edycji-programu-obudzmy-miasto\/#respond"]}]},{"@type":"WebPage","@id":"https:\/\/pans.krosno.pl\/cti\/rusza-nabor-do-iv-edycji-programu-obudzmy-miasto\/","url":"https:\/\/pans.krosno.pl\/cti\/rusza-nabor-do-iv-edycji-programu-obudzmy-miasto\/","name":"Rusza nab\u00f3r do IV edycji programu \u201cObud\u017aMY Miasto!\u201d - Centrum Technologiczne Inkubator PANS w Kro\u015bnie","isPartOf":{"@id":"https:\/\/pans.krosno.pl\/cti\/#website"},"primaryImageOfPage":{"@id":"https:\/\/pans.krosno.pl\/cti\/rusza-nabor-do-iv-edycji-programu-obudzmy-miasto\/#primaryimage"},"image":{"@id":"https:\/\/pans.krosno.pl\/cti\/rusza-nabor-do-iv-edycji-programu-obudzmy-miasto\/#primaryimage"},"thumbnailUrl":"https:\/\/pans.krosno.pl\/cti\/wp-content\/uploads\/sites\/38\/2024\/09\/BWA-KROSNO-OM-FB_POST-ZGLOS-SIE-3.cdr01-Strona-11.png","datePublished":"2024-09-16T06:57:40+00:00","dateModified":"2024-09-16T06:57:42+00:00","breadcrumb":{"@id":"https:\/\/pans.krosno.pl\/cti\/rusza-nabor-do-iv-edycji-programu-obudzmy-miasto\/#breadcrumb"},"inLanguage":"pl-PL","potentialAction":[{"@type":"ReadAction","target":["https:\/\/pans.krosno.pl\/cti\/rusza-nabor-do-iv-edycji-programu-obudzmy-miasto\/"]}]},{"@type":"ImageObject","inLanguage":"pl-PL","@id":"https:\/\/pans.krosno.pl\/cti\/rusza-nabor-do-iv-edycji-programu-obudzmy-miasto\/#primaryimage","url":"https:\/\/pans.krosno.pl\/cti\/wp-content\/uploads\/sites\/38\/2024\/09\/BWA-KROSNO-OM-FB_POST-ZGLOS-SIE-3.cdr01-Strona-11.png","contentUrl":"https:\/\/pans.krosno.pl\/cti\/wp-content\/uploads\/sites\/38\/2024\/09\/BWA-KROSNO-OM-FB_POST-ZGLOS-SIE-3.cdr01-Strona-11.png","width":999,"height":999},{"@type":"BreadcrumbList","@id":"https:\/\/pans.krosno.pl\/cti\/rusza-nabor-do-iv-edycji-programu-obudzmy-miasto\/#breadcrumb","itemListElement":[{"@type":"ListItem","position":1,"name":"Strona g\u0142\u00f3wna","item":"https:\/\/pans.krosno.pl\/cti\/"},{"@type":"ListItem","position":2,"name":"Rusza nab\u00f3r do IV edycji programu \u201cObud\u017aMY Miasto!\u201d"}]},{"@type":"WebSite","@id":"https:\/\/pans.krosno.pl\/cti\/#website","url":"https:\/\/pans.krosno.pl\/cti\/","name":"Biuro Karier","description":"Centrum Technologiczne Inkubator - Pa\u0144stwowa Akademia Nauk Stosowanych","publisher":{"@id":"https:\/\/pans.krosno.pl\/cti\/#organization"},"potentialAction":[{"@type":"SearchAction","target":{"@type":"EntryPoint","urlTemplate":"https:\/\/pans.krosno.pl\/cti\/?s={search_term_string}"},"query-input":{"@type":"PropertyValueSpecification","valueRequired":true,"valueName":"search_term_string"}}],"inLanguage":"pl-PL"},{"@type":"Organization","@id":"https:\/\/pans.krosno.pl\/cti\/#organization","name":"Biuro Karier - Karpacka Pa\u0144stwowa Uczelnia w Kro\u015bnie","url":"https:\/\/pans.krosno.pl\/cti\/","logo":{"@type":"ImageObject","inLanguage":"pl-PL","@id":"https:\/\/pans.krosno.pl\/cti\/#\/schema\/logo\/image\/","url":"https:\/\/pans.krosno.pl\/bk\/wp-content\/uploads\/sites\/38\/2020\/05\/96735643_906333539807912_5732186373989859328_n-1.gif","contentUrl":"https:\/\/pans.krosno.pl\/bk\/wp-content\/uploads\/sites\/38\/2020\/05\/96735643_906333539807912_5732186373989859328_n-1.gif","width":762,"height":137,"caption":"Biuro Karier - Karpacka Pa\u0144stwowa Uczelnia w Kro\u015bnie"},"image":{"@id":"https:\/\/pans.krosno.pl\/cti\/#\/schema\/logo\/image\/"},"sameAs":["https:\/\/www.facebook.com\/BKKPUKROSNO\/"]},{"@type":"Person","@id":"https:\/\/pans.krosno.pl\/cti\/#\/schema\/person\/73dd76b82fb48dc51b290b4d5cb555ca","name":"sylwiagunia","image":{"@type":"ImageObject","inLanguage":"pl-PL","@id":"https:\/\/secure.gravatar.com\/avatar\/2db9fef1cf2ea7040022e6442ccb0b5b60f587e9ab29c9d70bf03f0bfc0f93cb?s=96&d=mm&r=g","url":"https:\/\/secure.gravatar.com\/avatar\/2db9fef1cf2ea7040022e6442ccb0b5b60f587e9ab29c9d70bf03f0bfc0f93cb?s=96&d=mm&r=g","contentUrl":"https:\/\/secure.gravatar.com\/avatar\/2db9fef1cf2ea7040022e6442ccb0b5b60f587e9ab29c9d70bf03f0bfc0f93cb?s=96&d=mm&r=g","caption":"sylwiagunia"},"url":"https:\/\/pans.krosno.pl\/cti\/author\/sylwiagunia\/"}]}},"_links":{"self":[{"href":"https:\/\/pans.krosno.pl\/cti\/wp-json\/wp\/v2\/posts\/6064","targetHints":{"allow":["GET"]}}],"collection":[{"href":"https:\/\/pans.krosno.pl\/cti\/wp-json\/wp\/v2\/posts"}],"about":[{"href":"https:\/\/pans.krosno.pl\/cti\/wp-json\/wp\/v2\/types\/post"}],"author":[{"embeddable":true,"href":"https:\/\/pans.krosno.pl\/cti\/wp-json\/wp\/v2\/users\/34"}],"replies":[{"embeddable":true,"href":"https:\/\/pans.krosno.pl\/cti\/wp-json\/wp\/v2\/comments?post=6064"}],"version-history":[{"count":1,"href":"https:\/\/pans.krosno.pl\/cti\/wp-json\/wp\/v2\/posts\/6064\/revisions"}],"predecessor-version":[{"id":6071,"href":"https:\/\/pans.krosno.pl\/cti\/wp-json\/wp\/v2\/posts\/6064\/revisions\/6071"}],"wp:featuredmedia":[{"embeddable":true,"href":"https:\/\/pans.krosno.pl\/cti\/wp-json\/wp\/v2\/media\/6070"}],"wp:attachment":[{"href":"https:\/\/pans.krosno.pl\/cti\/wp-json\/wp\/v2\/media?parent=6064"}],"wp:term":[{"taxonomy":"category","embeddable":true,"href":"https:\/\/pans.krosno.pl\/cti\/wp-json\/wp\/v2\/categories?post=6064"},{"taxonomy":"post_tag","embeddable":true,"href":"https:\/\/pans.krosno.pl\/cti\/wp-json\/wp\/v2\/tags?post=6064"}],"curies":[{"name":"wp","href":"https:\/\/api.w.org\/{rel}","templated":true}]}}