{"id":4543,"date":"2023-03-21T11:36:01","date_gmt":"2023-03-21T10:36:01","guid":{"rendered":"https:\/\/pans.krosno.pl\/bk\/?p=4543"},"modified":"2023-03-21T11:36:03","modified_gmt":"2023-03-21T10:36:03","slug":"oferta-pracy-koordynator-szkoly-jezykowej","status":"publish","type":"post","link":"https:\/\/pans.krosno.pl\/cti\/oferta-pracy-koordynator-szkoly-jezykowej\/","title":{"rendered":"Oferta pracy: Koordynator szko\u0142y j\u0119zykowej"},"content":{"rendered":"\n<p><a href=\"https:\/\/active-learning.pl\/\">Centrum szkoleniowo-edukacyjne Active-Learning<\/a> istnieje na rynku od ponad 13 lat. <\/p>\n\n\n\n<figure class=\"wp-block-image size-full is-resized\"><a href=\"https:\/\/active-learning.pl\/\"><img loading=\"lazy\" decoding=\"async\" src=\"https:\/\/pans.krosno.pl\/bk\/wp-content\/uploads\/sites\/38\/2023\/03\/logo-png.png\" alt=\"\" class=\"wp-image-4544\" width=\"145\" height=\"138\" srcset=\"https:\/\/pans.krosno.pl\/cti\/wp-content\/uploads\/sites\/38\/2023\/03\/logo-png.png 290w, https:\/\/pans.krosno.pl\/cti\/wp-content\/uploads\/sites\/38\/2023\/03\/logo-png-13x12.png 13w\" sizes=\"auto, (max-width: 145px) 100vw, 145px\" \/><\/a><\/figure>\n\n\n\n<p>Organizujemy szkolenia i kursy j\u0119zykowe w siedzibie Active-Learning w Kro\u015bnie przy ulicy Pi\u0142sudskiego 12, jak r\u00f3wnie\u017c online oraz In-company. Od kilku lat z sukcesem prowadzimy cykl bran\u017cowych j\u0119zykowych szkole\u0144 otwartych (English for Sales, Legal English, English for Logistics etc.)<\/p>\n\n\n\n<p><br>Uruchomili\u015bmy Akademi\u0119 Szachow\u0105 oraz wzmacniamy dzieci i m\u0142odzie\u017c w uczeniu si\u0119, prowadz\u0105c warsztaty z technik szybkiego zapami\u0119tywania i \u0107wiczenia koncentracji!<\/p>\n\n\n\n<p><br>W zwi\u0105zku z rozwojem firmy i kilkoma nowymi, du\u017cymi projektami poszukujemy do wsp\u00f3\u0142pracy <strong>Koordynatora<\/strong>, kt\u00f3ry silnie wzmocni nasz zesp\u00f3\u0142.<\/p>\n\n\n\n<p><br><strong>Zakres obowi\u0105zk\u00f3w:<\/strong><br>\u2022 Organizacja pracy Szko\u0142y<br>\u2022 Obs\u0142uga ulubionego Klienta (telefoniczna\/ mailowa)<br>\u2022 Dba\u0142o\u015b\u0107 o codzienne funkcjonowanie Szko\u0142y stacjonarnej (kontakt z Klientami oraz<br>Lektorami, za\u0142atwienie spraw bie\u017c\u0105cych- np. poczta, dba\u0142o\u015b\u0107 o estetyk\u0119 Szko\u0142y)<br>\u2022 Wsparcie dla managera i zespo\u0142u w koordynowaniu projekt\u00f3w<\/p>\n\n\n\n<p><br><strong>Oferujemy:<\/strong><br>\u2022 Prac\u0119 w m\u0142odym, dynamicznym zespole<br>\u2022 Wsp\u00f3\u0142prac\u0119 z osobami z Polski i Europy<br>\u2022 Zdobycie cennego do\u015bwiadczenia w zakresie obs\u0142ugi Klienta oraz koordynacji<br>projekt\u00f3w<br>\u2022 Umow\u0119 zlecenie (6-8 godzin dziennie)<br>\u2022 Prac\u0119 zmianow\u0105<br>\u2022 Szkolenia j\u0119zykowe, biznesowe, z rozwoju osobistego<\/p>\n\n\n\n<p><br><strong>Wymagania:<\/strong><br>\u2022 Znajomo\u015b\u0107 Excela oraz pracy z narz\u0119dziami Google<br>\u2022 Do\u015bwiadczenie w pracy z Klientem<br>\u2022 Dyspozycyjno\u015b\u0107 g\u0142\u00f3wnie w godzinach popo\u0142udniowych (pracujemy do godziny 20:00)<br>\u2022 Umiej\u0119tno\u015b\u0107 wyboru priorytet\u00f3w<br>\u2022 Komunikatywno\u015b\u0107, zdolno\u015bci interpersonalne<\/p>\n\n\n\n<p><br><strong>Mile widziane:<\/strong><br>\u2022 Status studenta<br>\u2022 Zainteresowanie j\u0119zykami obcymi\/ wykszta\u0142cenie filologiczne lub znajomo\u015b\u0107<br>wybranego j\u0119zyka obcego w stopniu komunikatywnym<\/p>\n\n\n\n<p><br>Dokumenty aplikacyjne prosimy przesy\u0142a\u0107 na adres mailowy: <a href=\"mailto:biuro@active-learning.pl\">biuro@active-learning.pl<\/a> do<br><strong>28.03.2023.<\/strong><\/p>\n","protected":false},"excerpt":{"rendered":"<p>Centrum szkoleniowo-edukacyjne Active-Learning istnieje na rynku od ponad 13 lat. Organizujemy szkolenia i kursy j\u0119zykowe w siedzibie Active-Learning w Kro\u015bnie przy ulicy Pi\u0142sudskiego 12, jak r\u00f3wnie\u017c online oraz In-company. Od kilku lat z sukcesem prowadzimy cykl bran\u017cowych j\u0119zykowych szkole\u0144 otwartych (English for Sales, Legal English, English for Logistics etc.) Uruchomili\u015bmy [\u2026] <\/p>\n<div class=\"clear\"><\/div>\n<p><a class=\"more_link clearfix\" href=\"https:\/\/pans.krosno.pl\/cti\/oferta-pracy-koordynator-szkoly-jezykowej\/\" rel=\"nofollow\">Read More<\/a><\/p>\n","protected":false},"author":85,"featured_media":4544,"comment_status":"open","ping_status":"open","sticky":false,"template":"","format":"standard","meta":{"ngg_post_thumbnail":0,"footnotes":""},"categories":[3,4],"tags":[],"class_list":["post-4543","post","type-post","status-publish","format-standard","has-post-thumbnail","hentry","category-aktualnosci","category-oferty-pracy"],"yoast_head":"<!-- This site is optimized with the Yoast SEO Premium plugin v27.4 (Yoast SEO v27.4) - https:\/\/yoast.com\/product\/yoast-seo-premium-wordpress\/ -->\n<title>Oferta pracy: Koordynator szko\u0142y j\u0119zykowej - Centrum Technologiczne Inkubator PANS w Kro\u015bnie<\/title>\n<meta name=\"robots\" content=\"index, follow, max-snippet:-1, max-image-preview:large, max-video-preview:-1\" \/>\n<link rel=\"canonical\" href=\"https:\/\/pans.krosno.pl\/cti\/oferta-pracy-koordynator-szkoly-jezykowej\/\" \/>\n<meta property=\"og:locale\" content=\"pl_PL\" \/>\n<meta property=\"og:type\" content=\"article\" \/>\n<meta property=\"og:title\" content=\"Oferta pracy: Koordynator szko\u0142y j\u0119zykowej\" \/>\n<meta property=\"og:description\" content=\"Centrum szkoleniowo-edukacyjne Active-Learning istnieje na rynku od ponad 13 lat. Organizujemy szkolenia i kursy j\u0119zykowe w siedzibie Active-Learning w Kro\u015bnie przy ulicy Pi\u0142sudskiego 12, jak r\u00f3wnie\u017c online oraz In-company. Od kilku lat z sukcesem prowadzimy cykl bran\u017cowych j\u0119zykowych szkole\u0144 otwartych (English for Sales, Legal English, English for Logistics etc.) Uruchomili\u015bmy [\u2026] Read More\" \/>\n<meta property=\"og:url\" content=\"https:\/\/pans.krosno.pl\/cti\/oferta-pracy-koordynator-szkoly-jezykowej\/\" \/>\n<meta property=\"og:site_name\" content=\"Centrum Technologiczne Inkubator PANS w Kro\u015bnie\" \/>\n<meta property=\"article:publisher\" content=\"https:\/\/www.facebook.com\/BKKPUKROSNO\/\" \/>\n<meta property=\"article:published_time\" content=\"2023-03-21T10:36:01+00:00\" \/>\n<meta property=\"article:modified_time\" content=\"2023-03-21T10:36:03+00:00\" \/>\n<meta property=\"og:image\" content=\"https:\/\/pans.krosno.pl\/wp-content\/uploads\/sites\/38\/2023\/03\/logo-png.png\" \/>\n\t<meta property=\"og:image:width\" content=\"290\" \/>\n\t<meta property=\"og:image:height\" content=\"275\" \/>\n\t<meta property=\"og:image:type\" content=\"image\/png\" \/>\n<meta name=\"author\" content=\"bartlomiejbielawa\" \/>\n<meta name=\"twitter:card\" content=\"summary_large_image\" \/>\n<meta name=\"twitter:label1\" content=\"Napisane przez\" \/>\n\t<meta name=\"twitter:data1\" content=\"bartlomiejbielawa\" \/>\n\t<meta name=\"twitter:label2\" content=\"Szacowany czas czytania\" \/>\n\t<meta name=\"twitter:data2\" content=\"2 minuty\" \/>\n<script type=\"application\/ld+json\" class=\"yoast-schema-graph\">{\"@context\":\"https:\\\/\\\/schema.org\",\"@graph\":[{\"@type\":\"Article\",\"@id\":\"https:\\\/\\\/pans.krosno.pl\\\/cti\\\/oferta-pracy-koordynator-szkoly-jezykowej\\\/#article\",\"isPartOf\":{\"@id\":\"https:\\\/\\\/pans.krosno.pl\\\/cti\\\/oferta-pracy-koordynator-szkoly-jezykowej\\\/\"},\"author\":{\"name\":\"bartlomiejbielawa\",\"@id\":\"https:\\\/\\\/pans.krosno.pl\\\/cti\\\/#\\\/schema\\\/person\\\/0e06767fecbbb249816fc25290e705d6\"},\"headline\":\"Oferta pracy: Koordynator szko\u0142y j\u0119zykowej\",\"datePublished\":\"2023-03-21T10:36:01+00:00\",\"dateModified\":\"2023-03-21T10:36:03+00:00\",\"mainEntityOfPage\":{\"@id\":\"https:\\\/\\\/pans.krosno.pl\\\/cti\\\/oferta-pracy-koordynator-szkoly-jezykowej\\\/\"},\"wordCount\":263,\"commentCount\":0,\"publisher\":{\"@id\":\"https:\\\/\\\/pans.krosno.pl\\\/cti\\\/#organization\"},\"image\":{\"@id\":\"https:\\\/\\\/pans.krosno.pl\\\/cti\\\/oferta-pracy-koordynator-szkoly-jezykowej\\\/#primaryimage\"},\"thumbnailUrl\":\"https:\\\/\\\/pans.krosno.pl\\\/cti\\\/wp-content\\\/uploads\\\/sites\\\/38\\\/2023\\\/03\\\/logo-png.png\",\"articleSection\":[\"Aktualno\u015bci\",\"Oferty pracy\"],\"inLanguage\":\"pl-PL\",\"potentialAction\":[{\"@type\":\"CommentAction\",\"name\":\"Comment\",\"target\":[\"https:\\\/\\\/pans.krosno.pl\\\/cti\\\/oferta-pracy-koordynator-szkoly-jezykowej\\\/#respond\"]}]},{\"@type\":\"WebPage\",\"@id\":\"https:\\\/\\\/pans.krosno.pl\\\/cti\\\/oferta-pracy-koordynator-szkoly-jezykowej\\\/\",\"url\":\"https:\\\/\\\/pans.krosno.pl\\\/cti\\\/oferta-pracy-koordynator-szkoly-jezykowej\\\/\",\"name\":\"Oferta pracy: Koordynator szko\u0142y j\u0119zykowej - Centrum Technologiczne Inkubator PANS w Kro\u015bnie\",\"isPartOf\":{\"@id\":\"https:\\\/\\\/pans.krosno.pl\\\/cti\\\/#website\"},\"primaryImageOfPage\":{\"@id\":\"https:\\\/\\\/pans.krosno.pl\\\/cti\\\/oferta-pracy-koordynator-szkoly-jezykowej\\\/#primaryimage\"},\"image\":{\"@id\":\"https:\\\/\\\/pans.krosno.pl\\\/cti\\\/oferta-pracy-koordynator-szkoly-jezykowej\\\/#primaryimage\"},\"thumbnailUrl\":\"https:\\\/\\\/pans.krosno.pl\\\/cti\\\/wp-content\\\/uploads\\\/sites\\\/38\\\/2023\\\/03\\\/logo-png.png\",\"datePublished\":\"2023-03-21T10:36:01+00:00\",\"dateModified\":\"2023-03-21T10:36:03+00:00\",\"breadcrumb\":{\"@id\":\"https:\\\/\\\/pans.krosno.pl\\\/cti\\\/oferta-pracy-koordynator-szkoly-jezykowej\\\/#breadcrumb\"},\"inLanguage\":\"pl-PL\",\"potentialAction\":[{\"@type\":\"ReadAction\",\"target\":[\"https:\\\/\\\/pans.krosno.pl\\\/cti\\\/oferta-pracy-koordynator-szkoly-jezykowej\\\/\"]}]},{\"@type\":\"ImageObject\",\"inLanguage\":\"pl-PL\",\"@id\":\"https:\\\/\\\/pans.krosno.pl\\\/cti\\\/oferta-pracy-koordynator-szkoly-jezykowej\\\/#primaryimage\",\"url\":\"https:\\\/\\\/pans.krosno.pl\\\/cti\\\/wp-content\\\/uploads\\\/sites\\\/38\\\/2023\\\/03\\\/logo-png.png\",\"contentUrl\":\"https:\\\/\\\/pans.krosno.pl\\\/cti\\\/wp-content\\\/uploads\\\/sites\\\/38\\\/2023\\\/03\\\/logo-png.png\",\"width\":290,\"height\":275},{\"@type\":\"BreadcrumbList\",\"@id\":\"https:\\\/\\\/pans.krosno.pl\\\/cti\\\/oferta-pracy-koordynator-szkoly-jezykowej\\\/#breadcrumb\",\"itemListElement\":[{\"@type\":\"ListItem\",\"position\":1,\"name\":\"Strona g\u0142\u00f3wna\",\"item\":\"https:\\\/\\\/pans.krosno.pl\\\/cti\\\/\"},{\"@type\":\"ListItem\",\"position\":2,\"name\":\"Oferta pracy: Koordynator szko\u0142y j\u0119zykowej\"}]},{\"@type\":\"WebSite\",\"@id\":\"https:\\\/\\\/pans.krosno.pl\\\/cti\\\/#website\",\"url\":\"https:\\\/\\\/pans.krosno.pl\\\/cti\\\/\",\"name\":\"Biuro Karier\",\"description\":\"Centrum Technologiczne Inkubator - Pa\u0144stwowa Akademia Nauk Stosowanych\",\"publisher\":{\"@id\":\"https:\\\/\\\/pans.krosno.pl\\\/cti\\\/#organization\"},\"potentialAction\":[{\"@type\":\"SearchAction\",\"target\":{\"@type\":\"EntryPoint\",\"urlTemplate\":\"https:\\\/\\\/pans.krosno.pl\\\/cti\\\/?s={search_term_string}\"},\"query-input\":{\"@type\":\"PropertyValueSpecification\",\"valueRequired\":true,\"valueName\":\"search_term_string\"}}],\"inLanguage\":\"pl-PL\"},{\"@type\":\"Organization\",\"@id\":\"https:\\\/\\\/pans.krosno.pl\\\/cti\\\/#organization\",\"name\":\"Biuro Karier - Karpacka Pa\u0144stwowa Uczelnia w Kro\u015bnie\",\"url\":\"https:\\\/\\\/pans.krosno.pl\\\/cti\\\/\",\"logo\":{\"@type\":\"ImageObject\",\"inLanguage\":\"pl-PL\",\"@id\":\"https:\\\/\\\/pans.krosno.pl\\\/cti\\\/#\\\/schema\\\/logo\\\/image\\\/\",\"url\":\"https:\\\/\\\/pans.krosno.pl\\\/bk\\\/wp-content\\\/uploads\\\/sites\\\/38\\\/2020\\\/05\\\/96735643_906333539807912_5732186373989859328_n-1.gif\",\"contentUrl\":\"https:\\\/\\\/pans.krosno.pl\\\/bk\\\/wp-content\\\/uploads\\\/sites\\\/38\\\/2020\\\/05\\\/96735643_906333539807912_5732186373989859328_n-1.gif\",\"width\":762,\"height\":137,\"caption\":\"Biuro Karier - Karpacka Pa\u0144stwowa Uczelnia w Kro\u015bnie\"},\"image\":{\"@id\":\"https:\\\/\\\/pans.krosno.pl\\\/cti\\\/#\\\/schema\\\/logo\\\/image\\\/\"},\"sameAs\":[\"https:\\\/\\\/www.facebook.com\\\/BKKPUKROSNO\\\/\"]},{\"@type\":\"Person\",\"@id\":\"https:\\\/\\\/pans.krosno.pl\\\/cti\\\/#\\\/schema\\\/person\\\/0e06767fecbbb249816fc25290e705d6\",\"name\":\"bartlomiejbielawa\",\"image\":{\"@type\":\"ImageObject\",\"inLanguage\":\"pl-PL\",\"@id\":\"https:\\\/\\\/secure.gravatar.com\\\/avatar\\\/c26fdebd2a5bd2fc3e8c80b29f3d6b039ed35b185d95fce516a951e91c53f0a6?s=96&d=mm&r=g\",\"url\":\"https:\\\/\\\/secure.gravatar.com\\\/avatar\\\/c26fdebd2a5bd2fc3e8c80b29f3d6b039ed35b185d95fce516a951e91c53f0a6?s=96&d=mm&r=g\",\"contentUrl\":\"https:\\\/\\\/secure.gravatar.com\\\/avatar\\\/c26fdebd2a5bd2fc3e8c80b29f3d6b039ed35b185d95fce516a951e91c53f0a6?s=96&d=mm&r=g\",\"caption\":\"bartlomiejbielawa\"},\"url\":\"https:\\\/\\\/pans.krosno.pl\\\/cti\\\/author\\\/bartlomiejbielawa\\\/\"}]}<\/script>\n<!-- \/ Yoast SEO Premium plugin. -->","yoast_head_json":{"title":"Oferta pracy: Koordynator szko\u0142y j\u0119zykowej - Centrum Technologiczne Inkubator PANS w Kro\u015bnie","robots":{"index":"index","follow":"follow","max-snippet":"max-snippet:-1","max-image-preview":"max-image-preview:large","max-video-preview":"max-video-preview:-1"},"canonical":"https:\/\/pans.krosno.pl\/cti\/oferta-pracy-koordynator-szkoly-jezykowej\/","og_locale":"pl_PL","og_type":"article","og_title":"Oferta pracy: Koordynator szko\u0142y j\u0119zykowej","og_description":"Centrum szkoleniowo-edukacyjne Active-Learning istnieje na rynku od ponad 13 lat. Organizujemy szkolenia i kursy j\u0119zykowe w siedzibie Active-Learning w Kro\u015bnie przy ulicy Pi\u0142sudskiego 12, jak r\u00f3wnie\u017c online oraz In-company. Od kilku lat z sukcesem prowadzimy cykl bran\u017cowych j\u0119zykowych szkole\u0144 otwartych (English for Sales, Legal English, English for Logistics etc.) Uruchomili\u015bmy [\u2026] Read More","og_url":"https:\/\/pans.krosno.pl\/cti\/oferta-pracy-koordynator-szkoly-jezykowej\/","og_site_name":"Centrum Technologiczne Inkubator PANS w Kro\u015bnie","article_publisher":"https:\/\/www.facebook.com\/BKKPUKROSNO\/","article_published_time":"2023-03-21T10:36:01+00:00","article_modified_time":"2023-03-21T10:36:03+00:00","og_image":[{"width":290,"height":275,"url":"https:\/\/pans.krosno.pl\/wp-content\/uploads\/sites\/38\/2023\/03\/logo-png.png","type":"image\/png"}],"author":"bartlomiejbielawa","twitter_card":"summary_large_image","twitter_misc":{"Napisane przez":"bartlomiejbielawa","Szacowany czas czytania":"2 minuty"},"schema":{"@context":"https:\/\/schema.org","@graph":[{"@type":"Article","@id":"https:\/\/pans.krosno.pl\/cti\/oferta-pracy-koordynator-szkoly-jezykowej\/#article","isPartOf":{"@id":"https:\/\/pans.krosno.pl\/cti\/oferta-pracy-koordynator-szkoly-jezykowej\/"},"author":{"name":"bartlomiejbielawa","@id":"https:\/\/pans.krosno.pl\/cti\/#\/schema\/person\/0e06767fecbbb249816fc25290e705d6"},"headline":"Oferta pracy: Koordynator szko\u0142y j\u0119zykowej","datePublished":"2023-03-21T10:36:01+00:00","dateModified":"2023-03-21T10:36:03+00:00","mainEntityOfPage":{"@id":"https:\/\/pans.krosno.pl\/cti\/oferta-pracy-koordynator-szkoly-jezykowej\/"},"wordCount":263,"commentCount":0,"publisher":{"@id":"https:\/\/pans.krosno.pl\/cti\/#organization"},"image":{"@id":"https:\/\/pans.krosno.pl\/cti\/oferta-pracy-koordynator-szkoly-jezykowej\/#primaryimage"},"thumbnailUrl":"https:\/\/pans.krosno.pl\/cti\/wp-content\/uploads\/sites\/38\/2023\/03\/logo-png.png","articleSection":["Aktualno\u015bci","Oferty pracy"],"inLanguage":"pl-PL","potentialAction":[{"@type":"CommentAction","name":"Comment","target":["https:\/\/pans.krosno.pl\/cti\/oferta-pracy-koordynator-szkoly-jezykowej\/#respond"]}]},{"@type":"WebPage","@id":"https:\/\/pans.krosno.pl\/cti\/oferta-pracy-koordynator-szkoly-jezykowej\/","url":"https:\/\/pans.krosno.pl\/cti\/oferta-pracy-koordynator-szkoly-jezykowej\/","name":"Oferta pracy: Koordynator szko\u0142y j\u0119zykowej - Centrum Technologiczne Inkubator PANS w Kro\u015bnie","isPartOf":{"@id":"https:\/\/pans.krosno.pl\/cti\/#website"},"primaryImageOfPage":{"@id":"https:\/\/pans.krosno.pl\/cti\/oferta-pracy-koordynator-szkoly-jezykowej\/#primaryimage"},"image":{"@id":"https:\/\/pans.krosno.pl\/cti\/oferta-pracy-koordynator-szkoly-jezykowej\/#primaryimage"},"thumbnailUrl":"https:\/\/pans.krosno.pl\/cti\/wp-content\/uploads\/sites\/38\/2023\/03\/logo-png.png","datePublished":"2023-03-21T10:36:01+00:00","dateModified":"2023-03-21T10:36:03+00:00","breadcrumb":{"@id":"https:\/\/pans.krosno.pl\/cti\/oferta-pracy-koordynator-szkoly-jezykowej\/#breadcrumb"},"inLanguage":"pl-PL","potentialAction":[{"@type":"ReadAction","target":["https:\/\/pans.krosno.pl\/cti\/oferta-pracy-koordynator-szkoly-jezykowej\/"]}]},{"@type":"ImageObject","inLanguage":"pl-PL","@id":"https:\/\/pans.krosno.pl\/cti\/oferta-pracy-koordynator-szkoly-jezykowej\/#primaryimage","url":"https:\/\/pans.krosno.pl\/cti\/wp-content\/uploads\/sites\/38\/2023\/03\/logo-png.png","contentUrl":"https:\/\/pans.krosno.pl\/cti\/wp-content\/uploads\/sites\/38\/2023\/03\/logo-png.png","width":290,"height":275},{"@type":"BreadcrumbList","@id":"https:\/\/pans.krosno.pl\/cti\/oferta-pracy-koordynator-szkoly-jezykowej\/#breadcrumb","itemListElement":[{"@type":"ListItem","position":1,"name":"Strona g\u0142\u00f3wna","item":"https:\/\/pans.krosno.pl\/cti\/"},{"@type":"ListItem","position":2,"name":"Oferta pracy: Koordynator szko\u0142y j\u0119zykowej"}]},{"@type":"WebSite","@id":"https:\/\/pans.krosno.pl\/cti\/#website","url":"https:\/\/pans.krosno.pl\/cti\/","name":"Biuro Karier","description":"Centrum Technologiczne Inkubator - Pa\u0144stwowa Akademia Nauk Stosowanych","publisher":{"@id":"https:\/\/pans.krosno.pl\/cti\/#organization"},"potentialAction":[{"@type":"SearchAction","target":{"@type":"EntryPoint","urlTemplate":"https:\/\/pans.krosno.pl\/cti\/?s={search_term_string}"},"query-input":{"@type":"PropertyValueSpecification","valueRequired":true,"valueName":"search_term_string"}}],"inLanguage":"pl-PL"},{"@type":"Organization","@id":"https:\/\/pans.krosno.pl\/cti\/#organization","name":"Biuro Karier - Karpacka Pa\u0144stwowa Uczelnia w Kro\u015bnie","url":"https:\/\/pans.krosno.pl\/cti\/","logo":{"@type":"ImageObject","inLanguage":"pl-PL","@id":"https:\/\/pans.krosno.pl\/cti\/#\/schema\/logo\/image\/","url":"https:\/\/pans.krosno.pl\/bk\/wp-content\/uploads\/sites\/38\/2020\/05\/96735643_906333539807912_5732186373989859328_n-1.gif","contentUrl":"https:\/\/pans.krosno.pl\/bk\/wp-content\/uploads\/sites\/38\/2020\/05\/96735643_906333539807912_5732186373989859328_n-1.gif","width":762,"height":137,"caption":"Biuro Karier - Karpacka Pa\u0144stwowa Uczelnia w Kro\u015bnie"},"image":{"@id":"https:\/\/pans.krosno.pl\/cti\/#\/schema\/logo\/image\/"},"sameAs":["https:\/\/www.facebook.com\/BKKPUKROSNO\/"]},{"@type":"Person","@id":"https:\/\/pans.krosno.pl\/cti\/#\/schema\/person\/0e06767fecbbb249816fc25290e705d6","name":"bartlomiejbielawa","image":{"@type":"ImageObject","inLanguage":"pl-PL","@id":"https:\/\/secure.gravatar.com\/avatar\/c26fdebd2a5bd2fc3e8c80b29f3d6b039ed35b185d95fce516a951e91c53f0a6?s=96&d=mm&r=g","url":"https:\/\/secure.gravatar.com\/avatar\/c26fdebd2a5bd2fc3e8c80b29f3d6b039ed35b185d95fce516a951e91c53f0a6?s=96&d=mm&r=g","contentUrl":"https:\/\/secure.gravatar.com\/avatar\/c26fdebd2a5bd2fc3e8c80b29f3d6b039ed35b185d95fce516a951e91c53f0a6?s=96&d=mm&r=g","caption":"bartlomiejbielawa"},"url":"https:\/\/pans.krosno.pl\/cti\/author\/bartlomiejbielawa\/"}]}},"_links":{"self":[{"href":"https:\/\/pans.krosno.pl\/cti\/wp-json\/wp\/v2\/posts\/4543","targetHints":{"allow":["GET"]}}],"collection":[{"href":"https:\/\/pans.krosno.pl\/cti\/wp-json\/wp\/v2\/posts"}],"about":[{"href":"https:\/\/pans.krosno.pl\/cti\/wp-json\/wp\/v2\/types\/post"}],"author":[{"embeddable":true,"href":"https:\/\/pans.krosno.pl\/cti\/wp-json\/wp\/v2\/users\/85"}],"replies":[{"embeddable":true,"href":"https:\/\/pans.krosno.pl\/cti\/wp-json\/wp\/v2\/comments?post=4543"}],"version-history":[{"count":1,"href":"https:\/\/pans.krosno.pl\/cti\/wp-json\/wp\/v2\/posts\/4543\/revisions"}],"predecessor-version":[{"id":4545,"href":"https:\/\/pans.krosno.pl\/cti\/wp-json\/wp\/v2\/posts\/4543\/revisions\/4545"}],"wp:featuredmedia":[{"embeddable":true,"href":"https:\/\/pans.krosno.pl\/cti\/wp-json\/wp\/v2\/media\/4544"}],"wp:attachment":[{"href":"https:\/\/pans.krosno.pl\/cti\/wp-json\/wp\/v2\/media?parent=4543"}],"wp:term":[{"taxonomy":"category","embeddable":true,"href":"https:\/\/pans.krosno.pl\/cti\/wp-json\/wp\/v2\/categories?post=4543"},{"taxonomy":"post_tag","embeddable":true,"href":"https:\/\/pans.krosno.pl\/cti\/wp-json\/wp\/v2\/tags?post=4543"}],"curies":[{"name":"wp","href":"https:\/\/api.w.org\/{rel}","templated":true}]}}