{"id":3858,"date":"2022-05-25T13:54:28","date_gmt":"2022-05-25T11:54:28","guid":{"rendered":"https:\/\/pans.krosno.pl\/bk\/?p=3858"},"modified":"2022-05-25T13:54:59","modified_gmt":"2022-05-25T11:54:59","slug":"oferta-pracy-w-nowy-styl-sp-z-o-o-na-stanowisku-specjalista-ds-logistyki-z-j-niemieckim","status":"publish","type":"post","link":"https:\/\/pans.krosno.pl\/cti\/oferta-pracy-w-nowy-styl-sp-z-o-o-na-stanowisku-specjalista-ds-logistyki-z-j-niemieckim\/","title":{"rendered":"Oferta pracy w  Nowy Styl Sp. z o.o. na stanowisko: Specjalista ds. Logistyki z j. niemieckim"},"content":{"rendered":"<p><a href=\"https:\/\/pl.nowystyl.com\/pl\/\"><img loading=\"lazy\" decoding=\"async\" class=\"alignnone size-medium wp-image-3008\" src=\"https:\/\/pans.krosno.pl\/bk\/wp-content\/uploads\/sites\/38\/2021\/05\/Nowy-Styl_logo-300x116.png\" alt=\"\" width=\"300\" height=\"116\" srcset=\"https:\/\/pans.krosno.pl\/cti\/wp-content\/uploads\/sites\/38\/2021\/05\/Nowy-Styl_logo-300x116.png 300w, https:\/\/pans.krosno.pl\/cti\/wp-content\/uploads\/sites\/38\/2021\/05\/Nowy-Styl_logo-1024x395.png 1024w, https:\/\/pans.krosno.pl\/cti\/wp-content\/uploads\/sites\/38\/2021\/05\/Nowy-Styl_logo-768x296.png 768w, https:\/\/pans.krosno.pl\/cti\/wp-content\/uploads\/sites\/38\/2021\/05\/Nowy-Styl_logo-1536x592.png 1536w, https:\/\/pans.krosno.pl\/cti\/wp-content\/uploads\/sites\/38\/2021\/05\/Nowy-Styl_logo-800x308.png 800w, https:\/\/pans.krosno.pl\/cti\/wp-content\/uploads\/sites\/38\/2021\/05\/Nowy-Styl_logo-580x224.png 580w, https:\/\/pans.krosno.pl\/cti\/wp-content\/uploads\/sites\/38\/2021\/05\/Nowy-Styl_logo-1170x450.png 1170w, https:\/\/pans.krosno.pl\/cti\/wp-content\/uploads\/sites\/38\/2021\/05\/Nowy-Styl_logo.png 1772w\" sizes=\"auto, (max-width: 300px) 100vw, 300px\" \/><\/a><\/p>\n<p>Nowy Styl Sp. z o.o. w zwi\u0105zku z dynamicznym rozwojem poszukuje obecnie kandydat\u00f3w do pracy na stanowisku:<br \/>\n<strong>Specjalista ds. Logistyki z j. niemieckim<\/strong><\/p>\n<p>Miejsce pracy:&nbsp;<strong>Jas\u0142o<br \/>\n<\/strong>Nr ref.:&nbsp;<strong>SL_N\/02\/2022<\/strong><\/p>\n<p><a href=\"https:\/\/pans.krosno.pl\/bk\/wp-content\/uploads\/sites\/38\/2022\/05\/Specjalista-ds.-logistyki-j.-niemiecki_Nowy-Styl_25.05.22.pdf\">Specjalista ds. logistyki &#8211; j. niemiecki_Nowy Styl<\/a><\/p>\n","protected":false},"excerpt":{"rendered":"<p>Nowy Styl Sp. z o.o. w zwi\u0105zku z dynamicznym rozwojem poszukuje obecnie kandydat\u00f3w do pracy na stanowisku: Specjalista ds. Logistyki z j. niemieckim Miejsce pracy:&nbsp;Jas\u0142o Nr ref.:&nbsp;SL_N\/02\/2022 Specjalista ds. logistyki &#8211; j. niemiecki_Nowy Styl<\/p>\n","protected":false},"author":34,"featured_media":250,"comment_status":"open","ping_status":"open","sticky":false,"template":"","format":"standard","meta":{"ngg_post_thumbnail":0,"footnotes":""},"categories":[3,4],"tags":[],"class_list":["post-3858","post","type-post","status-publish","format-standard","has-post-thumbnail","hentry","category-aktualnosci","category-oferty-pracy"],"yoast_head":"<!-- This site is optimized with the Yoast SEO Premium plugin v27.4 (Yoast SEO v27.4) - https:\/\/yoast.com\/product\/yoast-seo-premium-wordpress\/ -->\n<title>Oferta pracy w Nowy Styl Sp. z o.o. na stanowisko: Specjalista ds. Logistyki z j. niemieckim - Centrum Technologiczne Inkubator PANS w Kro\u015bnie<\/title>\n<meta name=\"robots\" content=\"index, follow, max-snippet:-1, max-image-preview:large, max-video-preview:-1\" \/>\n<link rel=\"canonical\" href=\"https:\/\/pans.krosno.pl\/cti\/oferta-pracy-w-nowy-styl-sp-z-o-o-na-stanowisku-specjalista-ds-logistyki-z-j-niemieckim\/\" \/>\n<meta property=\"og:locale\" content=\"pl_PL\" \/>\n<meta property=\"og:type\" content=\"article\" \/>\n<meta property=\"og:title\" content=\"Oferta pracy w Nowy Styl Sp. z o.o. na stanowisko: Specjalista ds. Logistyki z j. niemieckim\" \/>\n<meta property=\"og:description\" content=\"Nowy Styl Sp. z o.o. w zwi\u0105zku z dynamicznym rozwojem poszukuje obecnie kandydat\u00f3w do pracy na stanowisku: Specjalista ds. Logistyki z j. niemieckim Miejsce pracy:&nbsp;Jas\u0142o Nr ref.:&nbsp;SL_N\/02\/2022 Specjalista ds. logistyki &#8211; j. niemiecki_Nowy Styl\" \/>\n<meta property=\"og:url\" content=\"https:\/\/pans.krosno.pl\/cti\/oferta-pracy-w-nowy-styl-sp-z-o-o-na-stanowisku-specjalista-ds-logistyki-z-j-niemieckim\/\" \/>\n<meta property=\"og:site_name\" content=\"Centrum Technologiczne Inkubator PANS w Kro\u015bnie\" \/>\n<meta property=\"article:publisher\" content=\"https:\/\/www.facebook.com\/BKKPUKROSNO\/\" \/>\n<meta property=\"article:published_time\" content=\"2022-05-25T11:54:28+00:00\" \/>\n<meta property=\"article:modified_time\" content=\"2022-05-25T11:54:59+00:00\" \/>\n<meta property=\"og:image\" content=\"https:\/\/pans.krosno.pl\/wp-content\/uploads\/sites\/38\/2020\/05\/Oferta-pracy_9.jpg\" \/>\n\t<meta property=\"og:image:width\" content=\"225\" \/>\n\t<meta property=\"og:image:height\" content=\"225\" \/>\n\t<meta property=\"og:image:type\" content=\"image\/jpeg\" \/>\n<meta name=\"author\" content=\"sylwiagunia\" \/>\n<meta name=\"twitter:card\" content=\"summary_large_image\" \/>\n<meta name=\"twitter:label1\" content=\"Napisane przez\" \/>\n\t<meta name=\"twitter:data1\" content=\"sylwiagunia\" \/>\n\t<meta name=\"twitter:label2\" content=\"Szacowany czas czytania\" \/>\n\t<meta name=\"twitter:data2\" content=\"1 minuta\" \/>\n<script type=\"application\/ld+json\" class=\"yoast-schema-graph\">{\"@context\":\"https:\\\/\\\/schema.org\",\"@graph\":[{\"@type\":\"Article\",\"@id\":\"https:\\\/\\\/pans.krosno.pl\\\/cti\\\/oferta-pracy-w-nowy-styl-sp-z-o-o-na-stanowisku-specjalista-ds-logistyki-z-j-niemieckim\\\/#article\",\"isPartOf\":{\"@id\":\"https:\\\/\\\/pans.krosno.pl\\\/cti\\\/oferta-pracy-w-nowy-styl-sp-z-o-o-na-stanowisku-specjalista-ds-logistyki-z-j-niemieckim\\\/\"},\"author\":{\"name\":\"sylwiagunia\",\"@id\":\"https:\\\/\\\/pans.krosno.pl\\\/cti\\\/#\\\/schema\\\/person\\\/73dd76b82fb48dc51b290b4d5cb555ca\"},\"headline\":\"Oferta pracy w Nowy Styl Sp. z o.o. na stanowisko: Specjalista ds. Logistyki z j. niemieckim\",\"datePublished\":\"2022-05-25T11:54:28+00:00\",\"dateModified\":\"2022-05-25T11:54:59+00:00\",\"mainEntityOfPage\":{\"@id\":\"https:\\\/\\\/pans.krosno.pl\\\/cti\\\/oferta-pracy-w-nowy-styl-sp-z-o-o-na-stanowisku-specjalista-ds-logistyki-z-j-niemieckim\\\/\"},\"wordCount\":61,\"commentCount\":0,\"publisher\":{\"@id\":\"https:\\\/\\\/pans.krosno.pl\\\/cti\\\/#organization\"},\"image\":{\"@id\":\"https:\\\/\\\/pans.krosno.pl\\\/cti\\\/oferta-pracy-w-nowy-styl-sp-z-o-o-na-stanowisku-specjalista-ds-logistyki-z-j-niemieckim\\\/#primaryimage\"},\"thumbnailUrl\":\"https:\\\/\\\/pans.krosno.pl\\\/cti\\\/wp-content\\\/uploads\\\/sites\\\/38\\\/2020\\\/05\\\/Oferta-pracy_9.jpg\",\"articleSection\":[\"Aktualno\u015bci\",\"Oferty pracy\"],\"inLanguage\":\"pl-PL\",\"potentialAction\":[{\"@type\":\"CommentAction\",\"name\":\"Comment\",\"target\":[\"https:\\\/\\\/pans.krosno.pl\\\/cti\\\/oferta-pracy-w-nowy-styl-sp-z-o-o-na-stanowisku-specjalista-ds-logistyki-z-j-niemieckim\\\/#respond\"]}]},{\"@type\":\"WebPage\",\"@id\":\"https:\\\/\\\/pans.krosno.pl\\\/cti\\\/oferta-pracy-w-nowy-styl-sp-z-o-o-na-stanowisku-specjalista-ds-logistyki-z-j-niemieckim\\\/\",\"url\":\"https:\\\/\\\/pans.krosno.pl\\\/cti\\\/oferta-pracy-w-nowy-styl-sp-z-o-o-na-stanowisku-specjalista-ds-logistyki-z-j-niemieckim\\\/\",\"name\":\"Oferta pracy w Nowy Styl Sp. z o.o. na stanowisko: Specjalista ds. Logistyki z j. niemieckim - Centrum Technologiczne Inkubator PANS w Kro\u015bnie\",\"isPartOf\":{\"@id\":\"https:\\\/\\\/pans.krosno.pl\\\/cti\\\/#website\"},\"primaryImageOfPage\":{\"@id\":\"https:\\\/\\\/pans.krosno.pl\\\/cti\\\/oferta-pracy-w-nowy-styl-sp-z-o-o-na-stanowisku-specjalista-ds-logistyki-z-j-niemieckim\\\/#primaryimage\"},\"image\":{\"@id\":\"https:\\\/\\\/pans.krosno.pl\\\/cti\\\/oferta-pracy-w-nowy-styl-sp-z-o-o-na-stanowisku-specjalista-ds-logistyki-z-j-niemieckim\\\/#primaryimage\"},\"thumbnailUrl\":\"https:\\\/\\\/pans.krosno.pl\\\/cti\\\/wp-content\\\/uploads\\\/sites\\\/38\\\/2020\\\/05\\\/Oferta-pracy_9.jpg\",\"datePublished\":\"2022-05-25T11:54:28+00:00\",\"dateModified\":\"2022-05-25T11:54:59+00:00\",\"breadcrumb\":{\"@id\":\"https:\\\/\\\/pans.krosno.pl\\\/cti\\\/oferta-pracy-w-nowy-styl-sp-z-o-o-na-stanowisku-specjalista-ds-logistyki-z-j-niemieckim\\\/#breadcrumb\"},\"inLanguage\":\"pl-PL\",\"potentialAction\":[{\"@type\":\"ReadAction\",\"target\":[\"https:\\\/\\\/pans.krosno.pl\\\/cti\\\/oferta-pracy-w-nowy-styl-sp-z-o-o-na-stanowisku-specjalista-ds-logistyki-z-j-niemieckim\\\/\"]}]},{\"@type\":\"ImageObject\",\"inLanguage\":\"pl-PL\",\"@id\":\"https:\\\/\\\/pans.krosno.pl\\\/cti\\\/oferta-pracy-w-nowy-styl-sp-z-o-o-na-stanowisku-specjalista-ds-logistyki-z-j-niemieckim\\\/#primaryimage\",\"url\":\"https:\\\/\\\/pans.krosno.pl\\\/cti\\\/wp-content\\\/uploads\\\/sites\\\/38\\\/2020\\\/05\\\/Oferta-pracy_9.jpg\",\"contentUrl\":\"https:\\\/\\\/pans.krosno.pl\\\/cti\\\/wp-content\\\/uploads\\\/sites\\\/38\\\/2020\\\/05\\\/Oferta-pracy_9.jpg\",\"width\":225,\"height\":225},{\"@type\":\"BreadcrumbList\",\"@id\":\"https:\\\/\\\/pans.krosno.pl\\\/cti\\\/oferta-pracy-w-nowy-styl-sp-z-o-o-na-stanowisku-specjalista-ds-logistyki-z-j-niemieckim\\\/#breadcrumb\",\"itemListElement\":[{\"@type\":\"ListItem\",\"position\":1,\"name\":\"Strona g\u0142\u00f3wna\",\"item\":\"https:\\\/\\\/pans.krosno.pl\\\/cti\\\/\"},{\"@type\":\"ListItem\",\"position\":2,\"name\":\"Oferta pracy w Nowy Styl Sp. z o.o. na stanowisko: Specjalista ds. Logistyki z j. niemieckim\"}]},{\"@type\":\"WebSite\",\"@id\":\"https:\\\/\\\/pans.krosno.pl\\\/cti\\\/#website\",\"url\":\"https:\\\/\\\/pans.krosno.pl\\\/cti\\\/\",\"name\":\"Biuro Karier\",\"description\":\"Centrum Technologiczne Inkubator - Pa\u0144stwowa Akademia Nauk Stosowanych\",\"publisher\":{\"@id\":\"https:\\\/\\\/pans.krosno.pl\\\/cti\\\/#organization\"},\"potentialAction\":[{\"@type\":\"SearchAction\",\"target\":{\"@type\":\"EntryPoint\",\"urlTemplate\":\"https:\\\/\\\/pans.krosno.pl\\\/cti\\\/?s={search_term_string}\"},\"query-input\":{\"@type\":\"PropertyValueSpecification\",\"valueRequired\":true,\"valueName\":\"search_term_string\"}}],\"inLanguage\":\"pl-PL\"},{\"@type\":\"Organization\",\"@id\":\"https:\\\/\\\/pans.krosno.pl\\\/cti\\\/#organization\",\"name\":\"Biuro Karier - Karpacka Pa\u0144stwowa Uczelnia w Kro\u015bnie\",\"url\":\"https:\\\/\\\/pans.krosno.pl\\\/cti\\\/\",\"logo\":{\"@type\":\"ImageObject\",\"inLanguage\":\"pl-PL\",\"@id\":\"https:\\\/\\\/pans.krosno.pl\\\/cti\\\/#\\\/schema\\\/logo\\\/image\\\/\",\"url\":\"https:\\\/\\\/pans.krosno.pl\\\/bk\\\/wp-content\\\/uploads\\\/sites\\\/38\\\/2020\\\/05\\\/96735643_906333539807912_5732186373989859328_n-1.gif\",\"contentUrl\":\"https:\\\/\\\/pans.krosno.pl\\\/bk\\\/wp-content\\\/uploads\\\/sites\\\/38\\\/2020\\\/05\\\/96735643_906333539807912_5732186373989859328_n-1.gif\",\"width\":762,\"height\":137,\"caption\":\"Biuro Karier - Karpacka Pa\u0144stwowa Uczelnia w Kro\u015bnie\"},\"image\":{\"@id\":\"https:\\\/\\\/pans.krosno.pl\\\/cti\\\/#\\\/schema\\\/logo\\\/image\\\/\"},\"sameAs\":[\"https:\\\/\\\/www.facebook.com\\\/BKKPUKROSNO\\\/\"]},{\"@type\":\"Person\",\"@id\":\"https:\\\/\\\/pans.krosno.pl\\\/cti\\\/#\\\/schema\\\/person\\\/73dd76b82fb48dc51b290b4d5cb555ca\",\"name\":\"sylwiagunia\",\"image\":{\"@type\":\"ImageObject\",\"inLanguage\":\"pl-PL\",\"@id\":\"https:\\\/\\\/secure.gravatar.com\\\/avatar\\\/2db9fef1cf2ea7040022e6442ccb0b5b60f587e9ab29c9d70bf03f0bfc0f93cb?s=96&d=mm&r=g\",\"url\":\"https:\\\/\\\/secure.gravatar.com\\\/avatar\\\/2db9fef1cf2ea7040022e6442ccb0b5b60f587e9ab29c9d70bf03f0bfc0f93cb?s=96&d=mm&r=g\",\"contentUrl\":\"https:\\\/\\\/secure.gravatar.com\\\/avatar\\\/2db9fef1cf2ea7040022e6442ccb0b5b60f587e9ab29c9d70bf03f0bfc0f93cb?s=96&d=mm&r=g\",\"caption\":\"sylwiagunia\"},\"url\":\"https:\\\/\\\/pans.krosno.pl\\\/cti\\\/author\\\/sylwiagunia\\\/\"}]}<\/script>\n<!-- \/ Yoast SEO Premium plugin. -->","yoast_head_json":{"title":"Oferta pracy w Nowy Styl Sp. z o.o. na stanowisko: Specjalista ds. Logistyki z j. niemieckim - Centrum Technologiczne Inkubator PANS w Kro\u015bnie","robots":{"index":"index","follow":"follow","max-snippet":"max-snippet:-1","max-image-preview":"max-image-preview:large","max-video-preview":"max-video-preview:-1"},"canonical":"https:\/\/pans.krosno.pl\/cti\/oferta-pracy-w-nowy-styl-sp-z-o-o-na-stanowisku-specjalista-ds-logistyki-z-j-niemieckim\/","og_locale":"pl_PL","og_type":"article","og_title":"Oferta pracy w Nowy Styl Sp. z o.o. na stanowisko: Specjalista ds. Logistyki z j. niemieckim","og_description":"Nowy Styl Sp. z o.o. w zwi\u0105zku z dynamicznym rozwojem poszukuje obecnie kandydat\u00f3w do pracy na stanowisku: Specjalista ds. Logistyki z j. niemieckim Miejsce pracy:&nbsp;Jas\u0142o Nr ref.:&nbsp;SL_N\/02\/2022 Specjalista ds. logistyki &#8211; j. niemiecki_Nowy Styl","og_url":"https:\/\/pans.krosno.pl\/cti\/oferta-pracy-w-nowy-styl-sp-z-o-o-na-stanowisku-specjalista-ds-logistyki-z-j-niemieckim\/","og_site_name":"Centrum Technologiczne Inkubator PANS w Kro\u015bnie","article_publisher":"https:\/\/www.facebook.com\/BKKPUKROSNO\/","article_published_time":"2022-05-25T11:54:28+00:00","article_modified_time":"2022-05-25T11:54:59+00:00","og_image":[{"width":225,"height":225,"url":"https:\/\/pans.krosno.pl\/wp-content\/uploads\/sites\/38\/2020\/05\/Oferta-pracy_9.jpg","type":"image\/jpeg"}],"author":"sylwiagunia","twitter_card":"summary_large_image","twitter_misc":{"Napisane przez":"sylwiagunia","Szacowany czas czytania":"1 minuta"},"schema":{"@context":"https:\/\/schema.org","@graph":[{"@type":"Article","@id":"https:\/\/pans.krosno.pl\/cti\/oferta-pracy-w-nowy-styl-sp-z-o-o-na-stanowisku-specjalista-ds-logistyki-z-j-niemieckim\/#article","isPartOf":{"@id":"https:\/\/pans.krosno.pl\/cti\/oferta-pracy-w-nowy-styl-sp-z-o-o-na-stanowisku-specjalista-ds-logistyki-z-j-niemieckim\/"},"author":{"name":"sylwiagunia","@id":"https:\/\/pans.krosno.pl\/cti\/#\/schema\/person\/73dd76b82fb48dc51b290b4d5cb555ca"},"headline":"Oferta pracy w Nowy Styl Sp. z o.o. na stanowisko: Specjalista ds. Logistyki z j. niemieckim","datePublished":"2022-05-25T11:54:28+00:00","dateModified":"2022-05-25T11:54:59+00:00","mainEntityOfPage":{"@id":"https:\/\/pans.krosno.pl\/cti\/oferta-pracy-w-nowy-styl-sp-z-o-o-na-stanowisku-specjalista-ds-logistyki-z-j-niemieckim\/"},"wordCount":61,"commentCount":0,"publisher":{"@id":"https:\/\/pans.krosno.pl\/cti\/#organization"},"image":{"@id":"https:\/\/pans.krosno.pl\/cti\/oferta-pracy-w-nowy-styl-sp-z-o-o-na-stanowisku-specjalista-ds-logistyki-z-j-niemieckim\/#primaryimage"},"thumbnailUrl":"https:\/\/pans.krosno.pl\/cti\/wp-content\/uploads\/sites\/38\/2020\/05\/Oferta-pracy_9.jpg","articleSection":["Aktualno\u015bci","Oferty pracy"],"inLanguage":"pl-PL","potentialAction":[{"@type":"CommentAction","name":"Comment","target":["https:\/\/pans.krosno.pl\/cti\/oferta-pracy-w-nowy-styl-sp-z-o-o-na-stanowisku-specjalista-ds-logistyki-z-j-niemieckim\/#respond"]}]},{"@type":"WebPage","@id":"https:\/\/pans.krosno.pl\/cti\/oferta-pracy-w-nowy-styl-sp-z-o-o-na-stanowisku-specjalista-ds-logistyki-z-j-niemieckim\/","url":"https:\/\/pans.krosno.pl\/cti\/oferta-pracy-w-nowy-styl-sp-z-o-o-na-stanowisku-specjalista-ds-logistyki-z-j-niemieckim\/","name":"Oferta pracy w Nowy Styl Sp. z o.o. na stanowisko: Specjalista ds. Logistyki z j. niemieckim - Centrum Technologiczne Inkubator PANS w Kro\u015bnie","isPartOf":{"@id":"https:\/\/pans.krosno.pl\/cti\/#website"},"primaryImageOfPage":{"@id":"https:\/\/pans.krosno.pl\/cti\/oferta-pracy-w-nowy-styl-sp-z-o-o-na-stanowisku-specjalista-ds-logistyki-z-j-niemieckim\/#primaryimage"},"image":{"@id":"https:\/\/pans.krosno.pl\/cti\/oferta-pracy-w-nowy-styl-sp-z-o-o-na-stanowisku-specjalista-ds-logistyki-z-j-niemieckim\/#primaryimage"},"thumbnailUrl":"https:\/\/pans.krosno.pl\/cti\/wp-content\/uploads\/sites\/38\/2020\/05\/Oferta-pracy_9.jpg","datePublished":"2022-05-25T11:54:28+00:00","dateModified":"2022-05-25T11:54:59+00:00","breadcrumb":{"@id":"https:\/\/pans.krosno.pl\/cti\/oferta-pracy-w-nowy-styl-sp-z-o-o-na-stanowisku-specjalista-ds-logistyki-z-j-niemieckim\/#breadcrumb"},"inLanguage":"pl-PL","potentialAction":[{"@type":"ReadAction","target":["https:\/\/pans.krosno.pl\/cti\/oferta-pracy-w-nowy-styl-sp-z-o-o-na-stanowisku-specjalista-ds-logistyki-z-j-niemieckim\/"]}]},{"@type":"ImageObject","inLanguage":"pl-PL","@id":"https:\/\/pans.krosno.pl\/cti\/oferta-pracy-w-nowy-styl-sp-z-o-o-na-stanowisku-specjalista-ds-logistyki-z-j-niemieckim\/#primaryimage","url":"https:\/\/pans.krosno.pl\/cti\/wp-content\/uploads\/sites\/38\/2020\/05\/Oferta-pracy_9.jpg","contentUrl":"https:\/\/pans.krosno.pl\/cti\/wp-content\/uploads\/sites\/38\/2020\/05\/Oferta-pracy_9.jpg","width":225,"height":225},{"@type":"BreadcrumbList","@id":"https:\/\/pans.krosno.pl\/cti\/oferta-pracy-w-nowy-styl-sp-z-o-o-na-stanowisku-specjalista-ds-logistyki-z-j-niemieckim\/#breadcrumb","itemListElement":[{"@type":"ListItem","position":1,"name":"Strona g\u0142\u00f3wna","item":"https:\/\/pans.krosno.pl\/cti\/"},{"@type":"ListItem","position":2,"name":"Oferta pracy w Nowy Styl Sp. z o.o. na stanowisko: Specjalista ds. Logistyki z j. niemieckim"}]},{"@type":"WebSite","@id":"https:\/\/pans.krosno.pl\/cti\/#website","url":"https:\/\/pans.krosno.pl\/cti\/","name":"Biuro Karier","description":"Centrum Technologiczne Inkubator - Pa\u0144stwowa Akademia Nauk Stosowanych","publisher":{"@id":"https:\/\/pans.krosno.pl\/cti\/#organization"},"potentialAction":[{"@type":"SearchAction","target":{"@type":"EntryPoint","urlTemplate":"https:\/\/pans.krosno.pl\/cti\/?s={search_term_string}"},"query-input":{"@type":"PropertyValueSpecification","valueRequired":true,"valueName":"search_term_string"}}],"inLanguage":"pl-PL"},{"@type":"Organization","@id":"https:\/\/pans.krosno.pl\/cti\/#organization","name":"Biuro Karier - Karpacka Pa\u0144stwowa Uczelnia w Kro\u015bnie","url":"https:\/\/pans.krosno.pl\/cti\/","logo":{"@type":"ImageObject","inLanguage":"pl-PL","@id":"https:\/\/pans.krosno.pl\/cti\/#\/schema\/logo\/image\/","url":"https:\/\/pans.krosno.pl\/bk\/wp-content\/uploads\/sites\/38\/2020\/05\/96735643_906333539807912_5732186373989859328_n-1.gif","contentUrl":"https:\/\/pans.krosno.pl\/bk\/wp-content\/uploads\/sites\/38\/2020\/05\/96735643_906333539807912_5732186373989859328_n-1.gif","width":762,"height":137,"caption":"Biuro Karier - Karpacka Pa\u0144stwowa Uczelnia w Kro\u015bnie"},"image":{"@id":"https:\/\/pans.krosno.pl\/cti\/#\/schema\/logo\/image\/"},"sameAs":["https:\/\/www.facebook.com\/BKKPUKROSNO\/"]},{"@type":"Person","@id":"https:\/\/pans.krosno.pl\/cti\/#\/schema\/person\/73dd76b82fb48dc51b290b4d5cb555ca","name":"sylwiagunia","image":{"@type":"ImageObject","inLanguage":"pl-PL","@id":"https:\/\/secure.gravatar.com\/avatar\/2db9fef1cf2ea7040022e6442ccb0b5b60f587e9ab29c9d70bf03f0bfc0f93cb?s=96&d=mm&r=g","url":"https:\/\/secure.gravatar.com\/avatar\/2db9fef1cf2ea7040022e6442ccb0b5b60f587e9ab29c9d70bf03f0bfc0f93cb?s=96&d=mm&r=g","contentUrl":"https:\/\/secure.gravatar.com\/avatar\/2db9fef1cf2ea7040022e6442ccb0b5b60f587e9ab29c9d70bf03f0bfc0f93cb?s=96&d=mm&r=g","caption":"sylwiagunia"},"url":"https:\/\/pans.krosno.pl\/cti\/author\/sylwiagunia\/"}]}},"_links":{"self":[{"href":"https:\/\/pans.krosno.pl\/cti\/wp-json\/wp\/v2\/posts\/3858","targetHints":{"allow":["GET"]}}],"collection":[{"href":"https:\/\/pans.krosno.pl\/cti\/wp-json\/wp\/v2\/posts"}],"about":[{"href":"https:\/\/pans.krosno.pl\/cti\/wp-json\/wp\/v2\/types\/post"}],"author":[{"embeddable":true,"href":"https:\/\/pans.krosno.pl\/cti\/wp-json\/wp\/v2\/users\/34"}],"replies":[{"embeddable":true,"href":"https:\/\/pans.krosno.pl\/cti\/wp-json\/wp\/v2\/comments?post=3858"}],"version-history":[{"count":2,"href":"https:\/\/pans.krosno.pl\/cti\/wp-json\/wp\/v2\/posts\/3858\/revisions"}],"predecessor-version":[{"id":3862,"href":"https:\/\/pans.krosno.pl\/cti\/wp-json\/wp\/v2\/posts\/3858\/revisions\/3862"}],"wp:featuredmedia":[{"embeddable":true,"href":"https:\/\/pans.krosno.pl\/cti\/wp-json\/wp\/v2\/media\/250"}],"wp:attachment":[{"href":"https:\/\/pans.krosno.pl\/cti\/wp-json\/wp\/v2\/media?parent=3858"}],"wp:term":[{"taxonomy":"category","embeddable":true,"href":"https:\/\/pans.krosno.pl\/cti\/wp-json\/wp\/v2\/categories?post=3858"},{"taxonomy":"post_tag","embeddable":true,"href":"https:\/\/pans.krosno.pl\/cti\/wp-json\/wp\/v2\/tags?post=3858"}],"curies":[{"name":"wp","href":"https:\/\/api.w.org\/{rel}","templated":true}]}}