{"id":121,"date":"2020-03-27T20:47:06","date_gmt":"2020-03-27T19:47:06","guid":{"rendered":"https:\/\/pans.krosno.pl\/bk\/?p=121"},"modified":"2020-03-27T20:47:07","modified_gmt":"2020-03-27T19:47:07","slug":"prowadzenie-fanpagea","status":"publish","type":"post","link":"https:\/\/pans.krosno.pl\/cti\/prowadzenie-fanpagea\/","title":{"rendered":"PROWADZENIE FANPAGE&#8217;A"},"content":{"rendered":"<p><strong><img decoding=\"async\" src=\"https:\/\/www.bk.pwsz.krosno.pl\/images\/4b4p.png\" alt=\"\"><\/strong><\/p>\n<p><strong>Studio J\u0119zyk\u00f3w Obcych \u201e4Buisness&amp;4People&#8221; poszukuje osoby do prowadzenia fanpage&#8217;a szko\u0142y.<\/strong><\/p>\n<p><strong>Wymagania:<\/strong><\/p>\n<p>\u00ad\u00ad- bardzo dobra znajomo\u015b\u0107 narz\u0119dzi potrzebnych do obs\u0142ugi facebook&#8217;a;<\/p>\n<p>&#8211; pomys\u0142owo\u015b\u0107 i kreatywno\u015b\u0107 w tworzeniu tre\u015bci;<\/p>\n<p>&#8211; \u015bcis\u0142a wsp\u00f3\u0142praca ze szko\u0142\u0105.<\/p>\n<p>&nbsp;<\/p>\n<p>Zainteresowanych ofert\u0105 prosimy o przes\u0142anie listu motywacyjnego oraz CV na adres mailowy Biura Karier PWSZ w Krosnie:&nbsp;<a href=\"mailto:biurokarier@pans.krosno.pl\">biurokarier@pans.krosno.pl<\/a><\/p>\n<p>Prosimy o zamieszczenie klauzuli:<\/p>\n<p>&#8222;Wyra\u017cam zgod\u0119 na przetwarzanie moich danych osobowych zawartych w przes\u0142anej ofercie pracy do potrzeb niezb\u0119dnych do realizacji procesu rekrutacji (zgodnie z Ustaw\u0105 z dn. 29.08.1997 r. o Ochronie Danych osobowych Dz.U.Nr 133 poz. 283 z p\u00f3\u017aniejszymi zmianami)&#8221;.<\/p>\n<p>&nbsp;<\/p>\n<p>&nbsp;<\/p>\n","protected":false},"excerpt":{"rendered":"<p>Studio J\u0119zyk\u00f3w Obcych \u201e4Buisness&amp;4People&#8221; poszukuje osoby do prowadzenia fanpage&#8217;a szko\u0142y. Wymagania: \u00ad\u00ad- bardzo dobra znajomo\u015b\u0107 narz\u0119dzi potrzebnych do obs\u0142ugi facebook&#8217;a; &#8211; pomys\u0142owo\u015b\u0107 i kreatywno\u015b\u0107 w tworzeniu tre\u015bci; &#8211; \u015bcis\u0142a wsp\u00f3\u0142praca ze szko\u0142\u0105. &nbsp; Zainteresowanych ofert\u0105 prosimy o przes\u0142anie listu motywacyjnego oraz CV na adres mailowy Biura Karier PWSZ w Krosnie:&nbsp;biurokarier@pans.krosno.pl [\u2026] <\/p>\n<div class=\"clear\"><\/div>\n<p><a class=\"more_link clearfix\" href=\"https:\/\/pans.krosno.pl\/cti\/prowadzenie-fanpagea\/\" rel=\"nofollow\">Read More<\/a><\/p>\n","protected":false},"author":27,"featured_media":122,"comment_status":"open","ping_status":"open","sticky":false,"template":"","format":"standard","meta":{"ngg_post_thumbnail":0,"footnotes":""},"categories":[1],"tags":[],"class_list":["post-121","post","type-post","status-publish","format-standard","has-post-thumbnail","hentry","category-bez-kategorii"],"yoast_head":"<!-- This site is optimized with the Yoast SEO Premium plugin v27.4 (Yoast SEO v27.4) - https:\/\/yoast.com\/product\/yoast-seo-premium-wordpress\/ -->\n<title>PROWADZENIE FANPAGE&#039;A - Centrum Technologiczne Inkubator PANS w Kro\u015bnie<\/title>\n<meta name=\"robots\" content=\"index, follow, max-snippet:-1, max-image-preview:large, max-video-preview:-1\" \/>\n<link rel=\"canonical\" href=\"https:\/\/pans.krosno.pl\/cti\/prowadzenie-fanpagea\/\" \/>\n<meta property=\"og:locale\" content=\"pl_PL\" \/>\n<meta property=\"og:type\" content=\"article\" \/>\n<meta property=\"og:title\" content=\"PROWADZENIE FANPAGE&#039;A\" \/>\n<meta property=\"og:description\" content=\"Studio J\u0119zyk\u00f3w Obcych \u201e4Buisness&amp;4People&#8221; poszukuje osoby do prowadzenia fanpage&#8217;a szko\u0142y. Wymagania: \u00ad\u00ad- bardzo dobra znajomo\u015b\u0107 narz\u0119dzi potrzebnych do obs\u0142ugi facebook&#8217;a; &#8211; pomys\u0142owo\u015b\u0107 i kreatywno\u015b\u0107 w tworzeniu tre\u015bci; &#8211; \u015bcis\u0142a wsp\u00f3\u0142praca ze szko\u0142\u0105. &nbsp; Zainteresowanych ofert\u0105 prosimy o przes\u0142anie listu motywacyjnego oraz CV na adres mailowy Biura Karier PWSZ w Krosnie:&nbsp;biurokarier@pans.krosno.pl [\u2026] Read More\" \/>\n<meta property=\"og:url\" content=\"https:\/\/pans.krosno.pl\/cti\/prowadzenie-fanpagea\/\" \/>\n<meta property=\"og:site_name\" content=\"Centrum Technologiczne Inkubator PANS w Kro\u015bnie\" \/>\n<meta property=\"article:publisher\" content=\"https:\/\/www.facebook.com\/BKKPUKROSNO\/\" \/>\n<meta property=\"article:published_time\" content=\"2020-03-27T19:47:06+00:00\" \/>\n<meta property=\"article:modified_time\" content=\"2020-03-27T19:47:07+00:00\" \/>\n<meta property=\"og:image\" content=\"https:\/\/pans.krosno.pl\/wp-content\/uploads\/sites\/38\/2020\/03\/4b4p.png\" \/>\n\t<meta property=\"og:image:width\" content=\"225\" \/>\n\t<meta property=\"og:image:height\" content=\"225\" \/>\n\t<meta property=\"og:image:type\" content=\"image\/png\" \/>\n<meta name=\"author\" content=\"maciejpolchlopek\" \/>\n<meta name=\"twitter:card\" content=\"summary_large_image\" \/>\n<meta name=\"twitter:label1\" content=\"Napisane przez\" \/>\n\t<meta name=\"twitter:data1\" content=\"maciejpolchlopek\" \/>\n\t<meta name=\"twitter:label2\" content=\"Szacowany czas czytania\" \/>\n\t<meta name=\"twitter:data2\" content=\"1 minuta\" \/>\n<script type=\"application\/ld+json\" class=\"yoast-schema-graph\">{\"@context\":\"https:\\\/\\\/schema.org\",\"@graph\":[{\"@type\":\"Article\",\"@id\":\"https:\\\/\\\/pans.krosno.pl\\\/cti\\\/prowadzenie-fanpagea\\\/#article\",\"isPartOf\":{\"@id\":\"https:\\\/\\\/pans.krosno.pl\\\/cti\\\/prowadzenie-fanpagea\\\/\"},\"author\":{\"name\":\"maciejpolchlopek\",\"@id\":\"https:\\\/\\\/pans.krosno.pl\\\/cti\\\/#\\\/schema\\\/person\\\/c1c9d6d593d357f87d9a7d7e44daa34e\"},\"headline\":\"PROWADZENIE FANPAGE&#8217;A\",\"datePublished\":\"2020-03-27T19:47:06+00:00\",\"dateModified\":\"2020-03-27T19:47:07+00:00\",\"mainEntityOfPage\":{\"@id\":\"https:\\\/\\\/pans.krosno.pl\\\/cti\\\/prowadzenie-fanpagea\\\/\"},\"wordCount\":118,\"commentCount\":0,\"publisher\":{\"@id\":\"https:\\\/\\\/pans.krosno.pl\\\/cti\\\/#organization\"},\"image\":{\"@id\":\"https:\\\/\\\/pans.krosno.pl\\\/cti\\\/prowadzenie-fanpagea\\\/#primaryimage\"},\"thumbnailUrl\":\"https:\\\/\\\/pans.krosno.pl\\\/cti\\\/wp-content\\\/uploads\\\/sites\\\/38\\\/2020\\\/03\\\/4b4p.png\",\"inLanguage\":\"pl-PL\",\"potentialAction\":[{\"@type\":\"CommentAction\",\"name\":\"Comment\",\"target\":[\"https:\\\/\\\/pans.krosno.pl\\\/cti\\\/prowadzenie-fanpagea\\\/#respond\"]}]},{\"@type\":\"WebPage\",\"@id\":\"https:\\\/\\\/pans.krosno.pl\\\/cti\\\/prowadzenie-fanpagea\\\/\",\"url\":\"https:\\\/\\\/pans.krosno.pl\\\/cti\\\/prowadzenie-fanpagea\\\/\",\"name\":\"PROWADZENIE FANPAGE'A - Centrum Technologiczne Inkubator PANS w Kro\u015bnie\",\"isPartOf\":{\"@id\":\"https:\\\/\\\/pans.krosno.pl\\\/cti\\\/#website\"},\"primaryImageOfPage\":{\"@id\":\"https:\\\/\\\/pans.krosno.pl\\\/cti\\\/prowadzenie-fanpagea\\\/#primaryimage\"},\"image\":{\"@id\":\"https:\\\/\\\/pans.krosno.pl\\\/cti\\\/prowadzenie-fanpagea\\\/#primaryimage\"},\"thumbnailUrl\":\"https:\\\/\\\/pans.krosno.pl\\\/cti\\\/wp-content\\\/uploads\\\/sites\\\/38\\\/2020\\\/03\\\/4b4p.png\",\"datePublished\":\"2020-03-27T19:47:06+00:00\",\"dateModified\":\"2020-03-27T19:47:07+00:00\",\"breadcrumb\":{\"@id\":\"https:\\\/\\\/pans.krosno.pl\\\/cti\\\/prowadzenie-fanpagea\\\/#breadcrumb\"},\"inLanguage\":\"pl-PL\",\"potentialAction\":[{\"@type\":\"ReadAction\",\"target\":[\"https:\\\/\\\/pans.krosno.pl\\\/cti\\\/prowadzenie-fanpagea\\\/\"]}]},{\"@type\":\"ImageObject\",\"inLanguage\":\"pl-PL\",\"@id\":\"https:\\\/\\\/pans.krosno.pl\\\/cti\\\/prowadzenie-fanpagea\\\/#primaryimage\",\"url\":\"https:\\\/\\\/pans.krosno.pl\\\/cti\\\/wp-content\\\/uploads\\\/sites\\\/38\\\/2020\\\/03\\\/4b4p.png\",\"contentUrl\":\"https:\\\/\\\/pans.krosno.pl\\\/cti\\\/wp-content\\\/uploads\\\/sites\\\/38\\\/2020\\\/03\\\/4b4p.png\",\"width\":225,\"height\":225},{\"@type\":\"BreadcrumbList\",\"@id\":\"https:\\\/\\\/pans.krosno.pl\\\/cti\\\/prowadzenie-fanpagea\\\/#breadcrumb\",\"itemListElement\":[{\"@type\":\"ListItem\",\"position\":1,\"name\":\"Strona g\u0142\u00f3wna\",\"item\":\"https:\\\/\\\/pans.krosno.pl\\\/cti\\\/\"},{\"@type\":\"ListItem\",\"position\":2,\"name\":\"PROWADZENIE FANPAGE&#8217;A\"}]},{\"@type\":\"WebSite\",\"@id\":\"https:\\\/\\\/pans.krosno.pl\\\/cti\\\/#website\",\"url\":\"https:\\\/\\\/pans.krosno.pl\\\/cti\\\/\",\"name\":\"Biuro Karier\",\"description\":\"Centrum Technologiczne Inkubator - Pa\u0144stwowa Akademia Nauk Stosowanych\",\"publisher\":{\"@id\":\"https:\\\/\\\/pans.krosno.pl\\\/cti\\\/#organization\"},\"potentialAction\":[{\"@type\":\"SearchAction\",\"target\":{\"@type\":\"EntryPoint\",\"urlTemplate\":\"https:\\\/\\\/pans.krosno.pl\\\/cti\\\/?s={search_term_string}\"},\"query-input\":{\"@type\":\"PropertyValueSpecification\",\"valueRequired\":true,\"valueName\":\"search_term_string\"}}],\"inLanguage\":\"pl-PL\"},{\"@type\":\"Organization\",\"@id\":\"https:\\\/\\\/pans.krosno.pl\\\/cti\\\/#organization\",\"name\":\"Biuro Karier - Karpacka Pa\u0144stwowa Uczelnia w Kro\u015bnie\",\"url\":\"https:\\\/\\\/pans.krosno.pl\\\/cti\\\/\",\"logo\":{\"@type\":\"ImageObject\",\"inLanguage\":\"pl-PL\",\"@id\":\"https:\\\/\\\/pans.krosno.pl\\\/cti\\\/#\\\/schema\\\/logo\\\/image\\\/\",\"url\":\"https:\\\/\\\/pans.krosno.pl\\\/bk\\\/wp-content\\\/uploads\\\/sites\\\/38\\\/2020\\\/05\\\/96735643_906333539807912_5732186373989859328_n-1.gif\",\"contentUrl\":\"https:\\\/\\\/pans.krosno.pl\\\/bk\\\/wp-content\\\/uploads\\\/sites\\\/38\\\/2020\\\/05\\\/96735643_906333539807912_5732186373989859328_n-1.gif\",\"width\":762,\"height\":137,\"caption\":\"Biuro Karier - Karpacka Pa\u0144stwowa Uczelnia w Kro\u015bnie\"},\"image\":{\"@id\":\"https:\\\/\\\/pans.krosno.pl\\\/cti\\\/#\\\/schema\\\/logo\\\/image\\\/\"},\"sameAs\":[\"https:\\\/\\\/www.facebook.com\\\/BKKPUKROSNO\\\/\"]},{\"@type\":\"Person\",\"@id\":\"https:\\\/\\\/pans.krosno.pl\\\/cti\\\/#\\\/schema\\\/person\\\/c1c9d6d593d357f87d9a7d7e44daa34e\",\"name\":\"maciejpolchlopek\",\"image\":{\"@type\":\"ImageObject\",\"inLanguage\":\"pl-PL\",\"@id\":\"https:\\\/\\\/secure.gravatar.com\\\/avatar\\\/2fadd549eeed4871c9aa96e96d8519cac8006657ce091e11a5f0ba8a8f5dca66?s=96&d=mm&r=g\",\"url\":\"https:\\\/\\\/secure.gravatar.com\\\/avatar\\\/2fadd549eeed4871c9aa96e96d8519cac8006657ce091e11a5f0ba8a8f5dca66?s=96&d=mm&r=g\",\"contentUrl\":\"https:\\\/\\\/secure.gravatar.com\\\/avatar\\\/2fadd549eeed4871c9aa96e96d8519cac8006657ce091e11a5f0ba8a8f5dca66?s=96&d=mm&r=g\",\"caption\":\"maciejpolchlopek\"},\"url\":\"https:\\\/\\\/pans.krosno.pl\\\/cti\\\/author\\\/maciejpolchlopek\\\/\"}]}<\/script>\n<!-- \/ Yoast SEO Premium plugin. -->","yoast_head_json":{"title":"PROWADZENIE FANPAGE'A - Centrum Technologiczne Inkubator PANS w Kro\u015bnie","robots":{"index":"index","follow":"follow","max-snippet":"max-snippet:-1","max-image-preview":"max-image-preview:large","max-video-preview":"max-video-preview:-1"},"canonical":"https:\/\/pans.krosno.pl\/cti\/prowadzenie-fanpagea\/","og_locale":"pl_PL","og_type":"article","og_title":"PROWADZENIE FANPAGE'A","og_description":"Studio J\u0119zyk\u00f3w Obcych \u201e4Buisness&amp;4People&#8221; poszukuje osoby do prowadzenia fanpage&#8217;a szko\u0142y. Wymagania: \u00ad\u00ad- bardzo dobra znajomo\u015b\u0107 narz\u0119dzi potrzebnych do obs\u0142ugi facebook&#8217;a; &#8211; pomys\u0142owo\u015b\u0107 i kreatywno\u015b\u0107 w tworzeniu tre\u015bci; &#8211; \u015bcis\u0142a wsp\u00f3\u0142praca ze szko\u0142\u0105. &nbsp; Zainteresowanych ofert\u0105 prosimy o przes\u0142anie listu motywacyjnego oraz CV na adres mailowy Biura Karier PWSZ w Krosnie:&nbsp;biurokarier@pans.krosno.pl [\u2026] Read More","og_url":"https:\/\/pans.krosno.pl\/cti\/prowadzenie-fanpagea\/","og_site_name":"Centrum Technologiczne Inkubator PANS w Kro\u015bnie","article_publisher":"https:\/\/www.facebook.com\/BKKPUKROSNO\/","article_published_time":"2020-03-27T19:47:06+00:00","article_modified_time":"2020-03-27T19:47:07+00:00","og_image":[{"width":225,"height":225,"url":"https:\/\/pans.krosno.pl\/wp-content\/uploads\/sites\/38\/2020\/03\/4b4p.png","type":"image\/png"}],"author":"maciejpolchlopek","twitter_card":"summary_large_image","twitter_misc":{"Napisane przez":"maciejpolchlopek","Szacowany czas czytania":"1 minuta"},"schema":{"@context":"https:\/\/schema.org","@graph":[{"@type":"Article","@id":"https:\/\/pans.krosno.pl\/cti\/prowadzenie-fanpagea\/#article","isPartOf":{"@id":"https:\/\/pans.krosno.pl\/cti\/prowadzenie-fanpagea\/"},"author":{"name":"maciejpolchlopek","@id":"https:\/\/pans.krosno.pl\/cti\/#\/schema\/person\/c1c9d6d593d357f87d9a7d7e44daa34e"},"headline":"PROWADZENIE FANPAGE&#8217;A","datePublished":"2020-03-27T19:47:06+00:00","dateModified":"2020-03-27T19:47:07+00:00","mainEntityOfPage":{"@id":"https:\/\/pans.krosno.pl\/cti\/prowadzenie-fanpagea\/"},"wordCount":118,"commentCount":0,"publisher":{"@id":"https:\/\/pans.krosno.pl\/cti\/#organization"},"image":{"@id":"https:\/\/pans.krosno.pl\/cti\/prowadzenie-fanpagea\/#primaryimage"},"thumbnailUrl":"https:\/\/pans.krosno.pl\/cti\/wp-content\/uploads\/sites\/38\/2020\/03\/4b4p.png","inLanguage":"pl-PL","potentialAction":[{"@type":"CommentAction","name":"Comment","target":["https:\/\/pans.krosno.pl\/cti\/prowadzenie-fanpagea\/#respond"]}]},{"@type":"WebPage","@id":"https:\/\/pans.krosno.pl\/cti\/prowadzenie-fanpagea\/","url":"https:\/\/pans.krosno.pl\/cti\/prowadzenie-fanpagea\/","name":"PROWADZENIE FANPAGE'A - Centrum Technologiczne Inkubator PANS w Kro\u015bnie","isPartOf":{"@id":"https:\/\/pans.krosno.pl\/cti\/#website"},"primaryImageOfPage":{"@id":"https:\/\/pans.krosno.pl\/cti\/prowadzenie-fanpagea\/#primaryimage"},"image":{"@id":"https:\/\/pans.krosno.pl\/cti\/prowadzenie-fanpagea\/#primaryimage"},"thumbnailUrl":"https:\/\/pans.krosno.pl\/cti\/wp-content\/uploads\/sites\/38\/2020\/03\/4b4p.png","datePublished":"2020-03-27T19:47:06+00:00","dateModified":"2020-03-27T19:47:07+00:00","breadcrumb":{"@id":"https:\/\/pans.krosno.pl\/cti\/prowadzenie-fanpagea\/#breadcrumb"},"inLanguage":"pl-PL","potentialAction":[{"@type":"ReadAction","target":["https:\/\/pans.krosno.pl\/cti\/prowadzenie-fanpagea\/"]}]},{"@type":"ImageObject","inLanguage":"pl-PL","@id":"https:\/\/pans.krosno.pl\/cti\/prowadzenie-fanpagea\/#primaryimage","url":"https:\/\/pans.krosno.pl\/cti\/wp-content\/uploads\/sites\/38\/2020\/03\/4b4p.png","contentUrl":"https:\/\/pans.krosno.pl\/cti\/wp-content\/uploads\/sites\/38\/2020\/03\/4b4p.png","width":225,"height":225},{"@type":"BreadcrumbList","@id":"https:\/\/pans.krosno.pl\/cti\/prowadzenie-fanpagea\/#breadcrumb","itemListElement":[{"@type":"ListItem","position":1,"name":"Strona g\u0142\u00f3wna","item":"https:\/\/pans.krosno.pl\/cti\/"},{"@type":"ListItem","position":2,"name":"PROWADZENIE FANPAGE&#8217;A"}]},{"@type":"WebSite","@id":"https:\/\/pans.krosno.pl\/cti\/#website","url":"https:\/\/pans.krosno.pl\/cti\/","name":"Biuro Karier","description":"Centrum Technologiczne Inkubator - Pa\u0144stwowa Akademia Nauk Stosowanych","publisher":{"@id":"https:\/\/pans.krosno.pl\/cti\/#organization"},"potentialAction":[{"@type":"SearchAction","target":{"@type":"EntryPoint","urlTemplate":"https:\/\/pans.krosno.pl\/cti\/?s={search_term_string}"},"query-input":{"@type":"PropertyValueSpecification","valueRequired":true,"valueName":"search_term_string"}}],"inLanguage":"pl-PL"},{"@type":"Organization","@id":"https:\/\/pans.krosno.pl\/cti\/#organization","name":"Biuro Karier - Karpacka Pa\u0144stwowa Uczelnia w Kro\u015bnie","url":"https:\/\/pans.krosno.pl\/cti\/","logo":{"@type":"ImageObject","inLanguage":"pl-PL","@id":"https:\/\/pans.krosno.pl\/cti\/#\/schema\/logo\/image\/","url":"https:\/\/pans.krosno.pl\/bk\/wp-content\/uploads\/sites\/38\/2020\/05\/96735643_906333539807912_5732186373989859328_n-1.gif","contentUrl":"https:\/\/pans.krosno.pl\/bk\/wp-content\/uploads\/sites\/38\/2020\/05\/96735643_906333539807912_5732186373989859328_n-1.gif","width":762,"height":137,"caption":"Biuro Karier - Karpacka Pa\u0144stwowa Uczelnia w Kro\u015bnie"},"image":{"@id":"https:\/\/pans.krosno.pl\/cti\/#\/schema\/logo\/image\/"},"sameAs":["https:\/\/www.facebook.com\/BKKPUKROSNO\/"]},{"@type":"Person","@id":"https:\/\/pans.krosno.pl\/cti\/#\/schema\/person\/c1c9d6d593d357f87d9a7d7e44daa34e","name":"maciejpolchlopek","image":{"@type":"ImageObject","inLanguage":"pl-PL","@id":"https:\/\/secure.gravatar.com\/avatar\/2fadd549eeed4871c9aa96e96d8519cac8006657ce091e11a5f0ba8a8f5dca66?s=96&d=mm&r=g","url":"https:\/\/secure.gravatar.com\/avatar\/2fadd549eeed4871c9aa96e96d8519cac8006657ce091e11a5f0ba8a8f5dca66?s=96&d=mm&r=g","contentUrl":"https:\/\/secure.gravatar.com\/avatar\/2fadd549eeed4871c9aa96e96d8519cac8006657ce091e11a5f0ba8a8f5dca66?s=96&d=mm&r=g","caption":"maciejpolchlopek"},"url":"https:\/\/pans.krosno.pl\/cti\/author\/maciejpolchlopek\/"}]}},"_links":{"self":[{"href":"https:\/\/pans.krosno.pl\/cti\/wp-json\/wp\/v2\/posts\/121","targetHints":{"allow":["GET"]}}],"collection":[{"href":"https:\/\/pans.krosno.pl\/cti\/wp-json\/wp\/v2\/posts"}],"about":[{"href":"https:\/\/pans.krosno.pl\/cti\/wp-json\/wp\/v2\/types\/post"}],"author":[{"embeddable":true,"href":"https:\/\/pans.krosno.pl\/cti\/wp-json\/wp\/v2\/users\/27"}],"replies":[{"embeddable":true,"href":"https:\/\/pans.krosno.pl\/cti\/wp-json\/wp\/v2\/comments?post=121"}],"version-history":[{"count":1,"href":"https:\/\/pans.krosno.pl\/cti\/wp-json\/wp\/v2\/posts\/121\/revisions"}],"predecessor-version":[{"id":123,"href":"https:\/\/pans.krosno.pl\/cti\/wp-json\/wp\/v2\/posts\/121\/revisions\/123"}],"wp:featuredmedia":[{"embeddable":true,"href":"https:\/\/pans.krosno.pl\/cti\/wp-json\/wp\/v2\/media\/122"}],"wp:attachment":[{"href":"https:\/\/pans.krosno.pl\/cti\/wp-json\/wp\/v2\/media?parent=121"}],"wp:term":[{"taxonomy":"category","embeddable":true,"href":"https:\/\/pans.krosno.pl\/cti\/wp-json\/wp\/v2\/categories?post=121"},{"taxonomy":"post_tag","embeddable":true,"href":"https:\/\/pans.krosno.pl\/cti\/wp-json\/wp\/v2\/tags?post=121"}],"curies":[{"name":"wp","href":"https:\/\/api.w.org\/{rel}","templated":true}]}}