{"id":2594,"date":"2023-10-05T08:54:25","date_gmt":"2023-10-05T06:54:25","guid":{"rendered":"https:\/\/pans.krosno.pl\/bon\/?p=2594"},"modified":"2023-10-05T08:54:27","modified_gmt":"2023-10-05T06:54:27","slug":"wazna-informacja-dotyczaca-przedluzenia-waznosci-orzeczen-o-niepelnosprawnosci","status":"publish","type":"post","link":"https:\/\/pans.krosno.pl\/bon\/wazna-informacja-dotyczaca-przedluzenia-waznosci-orzeczen-o-niepelnosprawnosci\/","title":{"rendered":"WA\u017bNA INFORMACJA DOTYCZ\u0104CA PRZED\u0141U\u017bENIA WA\u017bNO\u015aCI ORZECZE\u0143 O NIEPE\u0141NOSPRAWNO\u015aCI"},"content":{"rendered":"\n<p>Zgodnie z art. 23 <a href=\"https:\/\/isap.sejm.gov.pl\/isap.nsf\/DocDetails.xsp?id=WDU20230000852\"><em>Ustawy z dnia 9 marca 2023 r. o zmianie ustawy o ochronie konkurencji i konsument\u00f3w oraz niekt\u00f3rych innych ustaw:<\/em><\/a><\/p>\n\n\n\n<ul class=\"wp-block-list\">\n<li><strong>orzeczenia wydane do&nbsp;dnia 31 grudnia 2020 roku &nbsp;\u2013 zachowaj\u0105 wa\u017cno\u015b\u0107 do&nbsp;31 grudnia 2023 roku,<\/strong><\/li>\n\n\n\n<li><strong>orzeczenia wydane w&nbsp;okresie od&nbsp;1 stycznia 2021 roku do&nbsp;31 grudnia 2021 roku \u2013 zachowuj\u0105 wa\u017cno\u015b\u0107 do&nbsp;31 marca 2024 roku,<\/strong><\/li>\n\n\n\n<li><strong>orzeczenia wydane w&nbsp;okresie od&nbsp;1 stycznia 2022 roku do&nbsp;dnia 05 sierpnia 2023 roku \u2013 zachowaj\u0105 wa\u017cno\u015b\u0107 do&nbsp;30 wrze\u015bnia 2024 roku.<\/strong><\/li>\n<\/ul>\n\n\n\n<p>Jednocze\u015bnie, je\u015bli w&nbsp;tym czasie zostanie wydane nowe orzeczenie o&nbsp;niepe\u0142nosprawno\u015bci albo&nbsp;stopniu niepe\u0142nosprawno\u015bci, powy\u017csze daty przestaj\u0105 obowi\u0105zywa\u0107.<\/p>\n\n\n\n<p>Student\u00f3w, kt\u00f3rzy nie ubiegaj\u0105 si\u0119 obecnie o nowe orzeczenie i chc\u0105 skorzysta\u0107 z wyd\u0142u\u017cenia na mocy ww. przepis\u00f3w, prosimy o zg\u0142aszanie tej informacji e-mailem do BON &#8211; <a href=\"mailto:bon@pans.krosno.pl\">bon@pans.krosno.pl<\/a>, gdy\u017c w systemie USOS mo\u017ce by\u0107 wpisana data z dokumentu, co uniemo\u017cliwi Pa\u0144stwu z\u0142o\u017cenie wniosku.<\/p>\n\n\n\n<p><\/p>\n\n\n\n<figure class=\"wp-block-image size-large\"><img loading=\"lazy\" decoding=\"async\" width=\"1024\" height=\"1024\" src=\"https:\/\/pans.krosno.pl\/bon\/wp-content\/uploads\/sites\/43\/2023\/10\/bon-plakat-orzeczenia-1024x1024.png\" alt=\"\" class=\"wp-image-2595\" srcset=\"https:\/\/pans.krosno.pl\/bon\/wp-content\/uploads\/sites\/43\/2023\/10\/bon-plakat-orzeczenia-1024x1024.png 1024w, https:\/\/pans.krosno.pl\/bon\/wp-content\/uploads\/sites\/43\/2023\/10\/bon-plakat-orzeczenia-300x300.png 300w, https:\/\/pans.krosno.pl\/bon\/wp-content\/uploads\/sites\/43\/2023\/10\/bon-plakat-orzeczenia-150x150.png 150w, https:\/\/pans.krosno.pl\/bon\/wp-content\/uploads\/sites\/43\/2023\/10\/bon-plakat-orzeczenia-768x768.png 768w, https:\/\/pans.krosno.pl\/bon\/wp-content\/uploads\/sites\/43\/2023\/10\/bon-plakat-orzeczenia-800x800.png 800w, https:\/\/pans.krosno.pl\/bon\/wp-content\/uploads\/sites\/43\/2023\/10\/bon-plakat-orzeczenia-580x580.png 580w, https:\/\/pans.krosno.pl\/bon\/wp-content\/uploads\/sites\/43\/2023\/10\/bon-plakat-orzeczenia-80x80.png 80w, https:\/\/pans.krosno.pl\/bon\/wp-content\/uploads\/sites\/43\/2023\/10\/bon-plakat-orzeczenia.png 1080w\" sizes=\"auto, (max-width: 1024px) 100vw, 1024px\" \/><\/figure>\n","protected":false},"excerpt":{"rendered":"<p>Zgodnie z art. 23 Ustawy z dnia 9 marca 2023 r. o zmianie ustawy o ochronie konkurencji i konsument\u00f3w oraz niekt\u00f3rych innych ustaw: Jednocze\u015bnie, je\u015bli w&nbsp;tym czasie zostanie wydane nowe orzeczenie o&nbsp;niepe\u0142nosprawno\u015bci albo&nbsp;stopniu niepe\u0142nosprawno\u015bci, powy\u017csze daty przestaj\u0105 obowi\u0105zywa\u0107. Student\u00f3w, kt\u00f3rzy nie ubiegaj\u0105 si\u0119 obecnie o nowe orzeczenie i chc\u0105 skorzysta\u0107 [\u2026] <\/p>\n<div class=\"clear\"><\/div>\n<p><a class=\"more_link clearfix\" href=\"https:\/\/pans.krosno.pl\/bon\/wazna-informacja-dotyczaca-przedluzenia-waznosci-orzeczen-o-niepelnosprawnosci\/\" rel=\"nofollow\">Read More<\/a><\/p>\n","protected":false},"author":85,"featured_media":2595,"comment_status":"open","ping_status":"open","sticky":false,"template":"","format":"standard","meta":{"ngg_post_thumbnail":0,"footnotes":""},"categories":[1],"tags":[],"class_list":["post-2594","post","type-post","status-publish","format-standard","has-post-thumbnail","hentry","category-bez-kategorii"],"yoast_head":"<!-- This site is optimized with the Yoast SEO Premium plugin v27.4 (Yoast SEO v27.4) - https:\/\/yoast.com\/product\/yoast-seo-premium-wordpress\/ -->\n<title>WA\u017bNA INFORMACJA DOTYCZ\u0104CA PRZED\u0141U\u017bENIA WA\u017bNO\u015aCI ORZECZE\u0143 O NIEPE\u0141NOSPRAWNO\u015aCI - Biuro ds. Os\u00f3b Niepe\u0142nosprawnych PANS w Kro\u015bnie<\/title>\n<meta name=\"robots\" content=\"index, follow, max-snippet:-1, max-image-preview:large, max-video-preview:-1\" \/>\n<link rel=\"canonical\" href=\"https:\/\/pans.krosno.pl\/bon\/wazna-informacja-dotyczaca-przedluzenia-waznosci-orzeczen-o-niepelnosprawnosci\/\" \/>\n<meta property=\"og:locale\" content=\"pl_PL\" \/>\n<meta property=\"og:type\" content=\"article\" \/>\n<meta property=\"og:title\" content=\"WA\u017bNA INFORMACJA DOTYCZ\u0104CA PRZED\u0141U\u017bENIA WA\u017bNO\u015aCI ORZECZE\u0143 O NIEPE\u0141NOSPRAWNO\u015aCI\" \/>\n<meta property=\"og:description\" content=\"Zgodnie z art. 23 Ustawy z dnia 9 marca 2023 r. o zmianie ustawy o ochronie konkurencji i konsument\u00f3w oraz niekt\u00f3rych innych ustaw: Jednocze\u015bnie, je\u015bli w&nbsp;tym czasie zostanie wydane nowe orzeczenie o&nbsp;niepe\u0142nosprawno\u015bci albo&nbsp;stopniu niepe\u0142nosprawno\u015bci, powy\u017csze daty przestaj\u0105 obowi\u0105zywa\u0107. Student\u00f3w, kt\u00f3rzy nie ubiegaj\u0105 si\u0119 obecnie o nowe orzeczenie i chc\u0105 skorzysta\u0107 [\u2026] Read More\" \/>\n<meta property=\"og:url\" content=\"https:\/\/pans.krosno.pl\/bon\/wazna-informacja-dotyczaca-przedluzenia-waznosci-orzeczen-o-niepelnosprawnosci\/\" \/>\n<meta property=\"og:site_name\" content=\"Biuro ds. Os\u00f3b Niepe\u0142nosprawnych PANS w Kro\u015bnie\" \/>\n<meta property=\"article:published_time\" content=\"2023-10-05T06:54:25+00:00\" \/>\n<meta property=\"article:modified_time\" content=\"2023-10-05T06:54:27+00:00\" \/>\n<meta property=\"og:image\" content=\"https:\/\/pans.krosno.pl\/wp-content\/uploads\/sites\/43\/2023\/10\/bon-plakat-orzeczenia.png\" \/>\n\t<meta property=\"og:image:width\" content=\"1080\" \/>\n\t<meta property=\"og:image:height\" content=\"1080\" \/>\n\t<meta property=\"og:image:type\" content=\"image\/png\" \/>\n<meta name=\"author\" content=\"bartlomiejbielawa\" \/>\n<meta name=\"twitter:card\" content=\"summary_large_image\" \/>\n<meta name=\"twitter:label1\" content=\"Napisane przez\" \/>\n\t<meta name=\"twitter:data1\" content=\"bartlomiejbielawa\" \/>\n\t<meta name=\"twitter:label2\" content=\"Szacowany czas czytania\" \/>\n\t<meta name=\"twitter:data2\" content=\"2 minuty\" \/>\n<script type=\"application\/ld+json\" class=\"yoast-schema-graph\">{\"@context\":\"https:\\\/\\\/schema.org\",\"@graph\":[{\"@type\":\"Article\",\"@id\":\"https:\\\/\\\/pans.krosno.pl\\\/bon\\\/wazna-informacja-dotyczaca-przedluzenia-waznosci-orzeczen-o-niepelnosprawnosci\\\/#article\",\"isPartOf\":{\"@id\":\"https:\\\/\\\/pans.krosno.pl\\\/bon\\\/wazna-informacja-dotyczaca-przedluzenia-waznosci-orzeczen-o-niepelnosprawnosci\\\/\"},\"author\":{\"name\":\"bartlomiejbielawa\",\"@id\":\"https:\\\/\\\/pans.krosno.pl\\\/bon\\\/#\\\/schema\\\/person\\\/0e06767fecbbb249816fc25290e705d6\"},\"headline\":\"WA\u017bNA INFORMACJA DOTYCZ\u0104CA PRZED\u0141U\u017bENIA WA\u017bNO\u015aCI ORZECZE\u0143 O NIEPE\u0141NOSPRAWNO\u015aCI\",\"datePublished\":\"2023-10-05T06:54:25+00:00\",\"dateModified\":\"2023-10-05T06:54:27+00:00\",\"mainEntityOfPage\":{\"@id\":\"https:\\\/\\\/pans.krosno.pl\\\/bon\\\/wazna-informacja-dotyczaca-przedluzenia-waznosci-orzeczen-o-niepelnosprawnosci\\\/\"},\"wordCount\":181,\"commentCount\":0,\"publisher\":{\"@id\":\"https:\\\/\\\/pans.krosno.pl\\\/bon\\\/#organization\"},\"image\":{\"@id\":\"https:\\\/\\\/pans.krosno.pl\\\/bon\\\/wazna-informacja-dotyczaca-przedluzenia-waznosci-orzeczen-o-niepelnosprawnosci\\\/#primaryimage\"},\"thumbnailUrl\":\"https:\\\/\\\/pans.krosno.pl\\\/bon\\\/wp-content\\\/uploads\\\/sites\\\/43\\\/2023\\\/10\\\/bon-plakat-orzeczenia.png\",\"inLanguage\":\"pl-PL\",\"potentialAction\":[{\"@type\":\"CommentAction\",\"name\":\"Comment\",\"target\":[\"https:\\\/\\\/pans.krosno.pl\\\/bon\\\/wazna-informacja-dotyczaca-przedluzenia-waznosci-orzeczen-o-niepelnosprawnosci\\\/#respond\"]}]},{\"@type\":\"WebPage\",\"@id\":\"https:\\\/\\\/pans.krosno.pl\\\/bon\\\/wazna-informacja-dotyczaca-przedluzenia-waznosci-orzeczen-o-niepelnosprawnosci\\\/\",\"url\":\"https:\\\/\\\/pans.krosno.pl\\\/bon\\\/wazna-informacja-dotyczaca-przedluzenia-waznosci-orzeczen-o-niepelnosprawnosci\\\/\",\"name\":\"WA\u017bNA INFORMACJA DOTYCZ\u0104CA PRZED\u0141U\u017bENIA WA\u017bNO\u015aCI ORZECZE\u0143 O NIEPE\u0141NOSPRAWNO\u015aCI - Biuro ds. Os\u00f3b Niepe\u0142nosprawnych PANS w Kro\u015bnie\",\"isPartOf\":{\"@id\":\"https:\\\/\\\/pans.krosno.pl\\\/bon\\\/#website\"},\"primaryImageOfPage\":{\"@id\":\"https:\\\/\\\/pans.krosno.pl\\\/bon\\\/wazna-informacja-dotyczaca-przedluzenia-waznosci-orzeczen-o-niepelnosprawnosci\\\/#primaryimage\"},\"image\":{\"@id\":\"https:\\\/\\\/pans.krosno.pl\\\/bon\\\/wazna-informacja-dotyczaca-przedluzenia-waznosci-orzeczen-o-niepelnosprawnosci\\\/#primaryimage\"},\"thumbnailUrl\":\"https:\\\/\\\/pans.krosno.pl\\\/bon\\\/wp-content\\\/uploads\\\/sites\\\/43\\\/2023\\\/10\\\/bon-plakat-orzeczenia.png\",\"datePublished\":\"2023-10-05T06:54:25+00:00\",\"dateModified\":\"2023-10-05T06:54:27+00:00\",\"breadcrumb\":{\"@id\":\"https:\\\/\\\/pans.krosno.pl\\\/bon\\\/wazna-informacja-dotyczaca-przedluzenia-waznosci-orzeczen-o-niepelnosprawnosci\\\/#breadcrumb\"},\"inLanguage\":\"pl-PL\",\"potentialAction\":[{\"@type\":\"ReadAction\",\"target\":[\"https:\\\/\\\/pans.krosno.pl\\\/bon\\\/wazna-informacja-dotyczaca-przedluzenia-waznosci-orzeczen-o-niepelnosprawnosci\\\/\"]}]},{\"@type\":\"ImageObject\",\"inLanguage\":\"pl-PL\",\"@id\":\"https:\\\/\\\/pans.krosno.pl\\\/bon\\\/wazna-informacja-dotyczaca-przedluzenia-waznosci-orzeczen-o-niepelnosprawnosci\\\/#primaryimage\",\"url\":\"https:\\\/\\\/pans.krosno.pl\\\/bon\\\/wp-content\\\/uploads\\\/sites\\\/43\\\/2023\\\/10\\\/bon-plakat-orzeczenia.png\",\"contentUrl\":\"https:\\\/\\\/pans.krosno.pl\\\/bon\\\/wp-content\\\/uploads\\\/sites\\\/43\\\/2023\\\/10\\\/bon-plakat-orzeczenia.png\",\"width\":1080,\"height\":1080},{\"@type\":\"BreadcrumbList\",\"@id\":\"https:\\\/\\\/pans.krosno.pl\\\/bon\\\/wazna-informacja-dotyczaca-przedluzenia-waznosci-orzeczen-o-niepelnosprawnosci\\\/#breadcrumb\",\"itemListElement\":[{\"@type\":\"ListItem\",\"position\":1,\"name\":\"Strona g\u0142\u00f3wna\",\"item\":\"https:\\\/\\\/pans.krosno.pl\\\/bon\\\/\"},{\"@type\":\"ListItem\",\"position\":2,\"name\":\"WA\u017bNA INFORMACJA DOTYCZ\u0104CA PRZED\u0141U\u017bENIA WA\u017bNO\u015aCI ORZECZE\u0143 O NIEPE\u0141NOSPRAWNO\u015aCI\"}]},{\"@type\":\"WebSite\",\"@id\":\"https:\\\/\\\/pans.krosno.pl\\\/bon\\\/#website\",\"url\":\"https:\\\/\\\/pans.krosno.pl\\\/bon\\\/\",\"name\":\"Biuro ds. Os\u00f3b Niepe\u0142nosprawnych PANS w Kro\u015bnie\",\"description\":\"Biuro ds. Os\u00f3b Niepe\u0142nosprawnych - Pa\u0144stwowa Akademia Nauk Stosowanych\",\"publisher\":{\"@id\":\"https:\\\/\\\/pans.krosno.pl\\\/bon\\\/#organization\"},\"potentialAction\":[{\"@type\":\"SearchAction\",\"target\":{\"@type\":\"EntryPoint\",\"urlTemplate\":\"https:\\\/\\\/pans.krosno.pl\\\/bon\\\/?s={search_term_string}\"},\"query-input\":{\"@type\":\"PropertyValueSpecification\",\"valueRequired\":true,\"valueName\":\"search_term_string\"}}],\"inLanguage\":\"pl-PL\"},{\"@type\":\"Organization\",\"@id\":\"https:\\\/\\\/pans.krosno.pl\\\/bon\\\/#organization\",\"name\":\"Biuro ds. Os\u00f3b Niepe\u0142nosprawnych PANS w Kro\u015bnie\",\"url\":\"https:\\\/\\\/pans.krosno.pl\\\/bon\\\/\",\"logo\":{\"@type\":\"ImageObject\",\"inLanguage\":\"pl-PL\",\"@id\":\"https:\\\/\\\/pans.krosno.pl\\\/bon\\\/#\\\/schema\\\/logo\\\/image\\\/\",\"url\":\"https:\\\/\\\/pans.krosno.pl\\\/bon\\\/wp-content\\\/uploads\\\/sites\\\/43\\\/2023\\\/01\\\/Logo-PANS-2022-pelne.png\",\"contentUrl\":\"https:\\\/\\\/pans.krosno.pl\\\/bon\\\/wp-content\\\/uploads\\\/sites\\\/43\\\/2023\\\/01\\\/Logo-PANS-2022-pelne.png\",\"width\":3096,\"height\":696,\"caption\":\"Biuro ds. Os\u00f3b Niepe\u0142nosprawnych PANS w Kro\u015bnie\"},\"image\":{\"@id\":\"https:\\\/\\\/pans.krosno.pl\\\/bon\\\/#\\\/schema\\\/logo\\\/image\\\/\"}},{\"@type\":\"Person\",\"@id\":\"https:\\\/\\\/pans.krosno.pl\\\/bon\\\/#\\\/schema\\\/person\\\/0e06767fecbbb249816fc25290e705d6\",\"name\":\"bartlomiejbielawa\",\"image\":{\"@type\":\"ImageObject\",\"inLanguage\":\"pl-PL\",\"@id\":\"https:\\\/\\\/secure.gravatar.com\\\/avatar\\\/c26fdebd2a5bd2fc3e8c80b29f3d6b039ed35b185d95fce516a951e91c53f0a6?s=96&d=mm&r=g\",\"url\":\"https:\\\/\\\/secure.gravatar.com\\\/avatar\\\/c26fdebd2a5bd2fc3e8c80b29f3d6b039ed35b185d95fce516a951e91c53f0a6?s=96&d=mm&r=g\",\"contentUrl\":\"https:\\\/\\\/secure.gravatar.com\\\/avatar\\\/c26fdebd2a5bd2fc3e8c80b29f3d6b039ed35b185d95fce516a951e91c53f0a6?s=96&d=mm&r=g\",\"caption\":\"bartlomiejbielawa\"},\"url\":\"https:\\\/\\\/pans.krosno.pl\\\/bon\\\/author\\\/bartlomiejbielawa\\\/\"}]}<\/script>\n<!-- \/ Yoast SEO Premium plugin. -->","yoast_head_json":{"title":"WA\u017bNA INFORMACJA DOTYCZ\u0104CA PRZED\u0141U\u017bENIA WA\u017bNO\u015aCI ORZECZE\u0143 O NIEPE\u0141NOSPRAWNO\u015aCI - Biuro ds. Os\u00f3b Niepe\u0142nosprawnych PANS w Kro\u015bnie","robots":{"index":"index","follow":"follow","max-snippet":"max-snippet:-1","max-image-preview":"max-image-preview:large","max-video-preview":"max-video-preview:-1"},"canonical":"https:\/\/pans.krosno.pl\/bon\/wazna-informacja-dotyczaca-przedluzenia-waznosci-orzeczen-o-niepelnosprawnosci\/","og_locale":"pl_PL","og_type":"article","og_title":"WA\u017bNA INFORMACJA DOTYCZ\u0104CA PRZED\u0141U\u017bENIA WA\u017bNO\u015aCI ORZECZE\u0143 O NIEPE\u0141NOSPRAWNO\u015aCI","og_description":"Zgodnie z art. 23 Ustawy z dnia 9 marca 2023 r. o zmianie ustawy o ochronie konkurencji i konsument\u00f3w oraz niekt\u00f3rych innych ustaw: Jednocze\u015bnie, je\u015bli w&nbsp;tym czasie zostanie wydane nowe orzeczenie o&nbsp;niepe\u0142nosprawno\u015bci albo&nbsp;stopniu niepe\u0142nosprawno\u015bci, powy\u017csze daty przestaj\u0105 obowi\u0105zywa\u0107. Student\u00f3w, kt\u00f3rzy nie ubiegaj\u0105 si\u0119 obecnie o nowe orzeczenie i chc\u0105 skorzysta\u0107 [\u2026] Read More","og_url":"https:\/\/pans.krosno.pl\/bon\/wazna-informacja-dotyczaca-przedluzenia-waznosci-orzeczen-o-niepelnosprawnosci\/","og_site_name":"Biuro ds. Os\u00f3b Niepe\u0142nosprawnych PANS w Kro\u015bnie","article_published_time":"2023-10-05T06:54:25+00:00","article_modified_time":"2023-10-05T06:54:27+00:00","og_image":[{"width":1080,"height":1080,"url":"https:\/\/pans.krosno.pl\/wp-content\/uploads\/sites\/43\/2023\/10\/bon-plakat-orzeczenia.png","type":"image\/png"}],"author":"bartlomiejbielawa","twitter_card":"summary_large_image","twitter_misc":{"Napisane przez":"bartlomiejbielawa","Szacowany czas czytania":"2 minuty"},"schema":{"@context":"https:\/\/schema.org","@graph":[{"@type":"Article","@id":"https:\/\/pans.krosno.pl\/bon\/wazna-informacja-dotyczaca-przedluzenia-waznosci-orzeczen-o-niepelnosprawnosci\/#article","isPartOf":{"@id":"https:\/\/pans.krosno.pl\/bon\/wazna-informacja-dotyczaca-przedluzenia-waznosci-orzeczen-o-niepelnosprawnosci\/"},"author":{"name":"bartlomiejbielawa","@id":"https:\/\/pans.krosno.pl\/bon\/#\/schema\/person\/0e06767fecbbb249816fc25290e705d6"},"headline":"WA\u017bNA INFORMACJA DOTYCZ\u0104CA PRZED\u0141U\u017bENIA WA\u017bNO\u015aCI ORZECZE\u0143 O NIEPE\u0141NOSPRAWNO\u015aCI","datePublished":"2023-10-05T06:54:25+00:00","dateModified":"2023-10-05T06:54:27+00:00","mainEntityOfPage":{"@id":"https:\/\/pans.krosno.pl\/bon\/wazna-informacja-dotyczaca-przedluzenia-waznosci-orzeczen-o-niepelnosprawnosci\/"},"wordCount":181,"commentCount":0,"publisher":{"@id":"https:\/\/pans.krosno.pl\/bon\/#organization"},"image":{"@id":"https:\/\/pans.krosno.pl\/bon\/wazna-informacja-dotyczaca-przedluzenia-waznosci-orzeczen-o-niepelnosprawnosci\/#primaryimage"},"thumbnailUrl":"https:\/\/pans.krosno.pl\/bon\/wp-content\/uploads\/sites\/43\/2023\/10\/bon-plakat-orzeczenia.png","inLanguage":"pl-PL","potentialAction":[{"@type":"CommentAction","name":"Comment","target":["https:\/\/pans.krosno.pl\/bon\/wazna-informacja-dotyczaca-przedluzenia-waznosci-orzeczen-o-niepelnosprawnosci\/#respond"]}]},{"@type":"WebPage","@id":"https:\/\/pans.krosno.pl\/bon\/wazna-informacja-dotyczaca-przedluzenia-waznosci-orzeczen-o-niepelnosprawnosci\/","url":"https:\/\/pans.krosno.pl\/bon\/wazna-informacja-dotyczaca-przedluzenia-waznosci-orzeczen-o-niepelnosprawnosci\/","name":"WA\u017bNA INFORMACJA DOTYCZ\u0104CA PRZED\u0141U\u017bENIA WA\u017bNO\u015aCI ORZECZE\u0143 O NIEPE\u0141NOSPRAWNO\u015aCI - Biuro ds. Os\u00f3b Niepe\u0142nosprawnych PANS w Kro\u015bnie","isPartOf":{"@id":"https:\/\/pans.krosno.pl\/bon\/#website"},"primaryImageOfPage":{"@id":"https:\/\/pans.krosno.pl\/bon\/wazna-informacja-dotyczaca-przedluzenia-waznosci-orzeczen-o-niepelnosprawnosci\/#primaryimage"},"image":{"@id":"https:\/\/pans.krosno.pl\/bon\/wazna-informacja-dotyczaca-przedluzenia-waznosci-orzeczen-o-niepelnosprawnosci\/#primaryimage"},"thumbnailUrl":"https:\/\/pans.krosno.pl\/bon\/wp-content\/uploads\/sites\/43\/2023\/10\/bon-plakat-orzeczenia.png","datePublished":"2023-10-05T06:54:25+00:00","dateModified":"2023-10-05T06:54:27+00:00","breadcrumb":{"@id":"https:\/\/pans.krosno.pl\/bon\/wazna-informacja-dotyczaca-przedluzenia-waznosci-orzeczen-o-niepelnosprawnosci\/#breadcrumb"},"inLanguage":"pl-PL","potentialAction":[{"@type":"ReadAction","target":["https:\/\/pans.krosno.pl\/bon\/wazna-informacja-dotyczaca-przedluzenia-waznosci-orzeczen-o-niepelnosprawnosci\/"]}]},{"@type":"ImageObject","inLanguage":"pl-PL","@id":"https:\/\/pans.krosno.pl\/bon\/wazna-informacja-dotyczaca-przedluzenia-waznosci-orzeczen-o-niepelnosprawnosci\/#primaryimage","url":"https:\/\/pans.krosno.pl\/bon\/wp-content\/uploads\/sites\/43\/2023\/10\/bon-plakat-orzeczenia.png","contentUrl":"https:\/\/pans.krosno.pl\/bon\/wp-content\/uploads\/sites\/43\/2023\/10\/bon-plakat-orzeczenia.png","width":1080,"height":1080},{"@type":"BreadcrumbList","@id":"https:\/\/pans.krosno.pl\/bon\/wazna-informacja-dotyczaca-przedluzenia-waznosci-orzeczen-o-niepelnosprawnosci\/#breadcrumb","itemListElement":[{"@type":"ListItem","position":1,"name":"Strona g\u0142\u00f3wna","item":"https:\/\/pans.krosno.pl\/bon\/"},{"@type":"ListItem","position":2,"name":"WA\u017bNA INFORMACJA DOTYCZ\u0104CA PRZED\u0141U\u017bENIA WA\u017bNO\u015aCI ORZECZE\u0143 O NIEPE\u0141NOSPRAWNO\u015aCI"}]},{"@type":"WebSite","@id":"https:\/\/pans.krosno.pl\/bon\/#website","url":"https:\/\/pans.krosno.pl\/bon\/","name":"Biuro ds. Os\u00f3b Niepe\u0142nosprawnych PANS w Kro\u015bnie","description":"Biuro ds. Os\u00f3b Niepe\u0142nosprawnych - Pa\u0144stwowa Akademia Nauk Stosowanych","publisher":{"@id":"https:\/\/pans.krosno.pl\/bon\/#organization"},"potentialAction":[{"@type":"SearchAction","target":{"@type":"EntryPoint","urlTemplate":"https:\/\/pans.krosno.pl\/bon\/?s={search_term_string}"},"query-input":{"@type":"PropertyValueSpecification","valueRequired":true,"valueName":"search_term_string"}}],"inLanguage":"pl-PL"},{"@type":"Organization","@id":"https:\/\/pans.krosno.pl\/bon\/#organization","name":"Biuro ds. Os\u00f3b Niepe\u0142nosprawnych PANS w Kro\u015bnie","url":"https:\/\/pans.krosno.pl\/bon\/","logo":{"@type":"ImageObject","inLanguage":"pl-PL","@id":"https:\/\/pans.krosno.pl\/bon\/#\/schema\/logo\/image\/","url":"https:\/\/pans.krosno.pl\/bon\/wp-content\/uploads\/sites\/43\/2023\/01\/Logo-PANS-2022-pelne.png","contentUrl":"https:\/\/pans.krosno.pl\/bon\/wp-content\/uploads\/sites\/43\/2023\/01\/Logo-PANS-2022-pelne.png","width":3096,"height":696,"caption":"Biuro ds. Os\u00f3b Niepe\u0142nosprawnych PANS w Kro\u015bnie"},"image":{"@id":"https:\/\/pans.krosno.pl\/bon\/#\/schema\/logo\/image\/"}},{"@type":"Person","@id":"https:\/\/pans.krosno.pl\/bon\/#\/schema\/person\/0e06767fecbbb249816fc25290e705d6","name":"bartlomiejbielawa","image":{"@type":"ImageObject","inLanguage":"pl-PL","@id":"https:\/\/secure.gravatar.com\/avatar\/c26fdebd2a5bd2fc3e8c80b29f3d6b039ed35b185d95fce516a951e91c53f0a6?s=96&d=mm&r=g","url":"https:\/\/secure.gravatar.com\/avatar\/c26fdebd2a5bd2fc3e8c80b29f3d6b039ed35b185d95fce516a951e91c53f0a6?s=96&d=mm&r=g","contentUrl":"https:\/\/secure.gravatar.com\/avatar\/c26fdebd2a5bd2fc3e8c80b29f3d6b039ed35b185d95fce516a951e91c53f0a6?s=96&d=mm&r=g","caption":"bartlomiejbielawa"},"url":"https:\/\/pans.krosno.pl\/bon\/author\/bartlomiejbielawa\/"}]}},"_links":{"self":[{"href":"https:\/\/pans.krosno.pl\/bon\/wp-json\/wp\/v2\/posts\/2594","targetHints":{"allow":["GET"]}}],"collection":[{"href":"https:\/\/pans.krosno.pl\/bon\/wp-json\/wp\/v2\/posts"}],"about":[{"href":"https:\/\/pans.krosno.pl\/bon\/wp-json\/wp\/v2\/types\/post"}],"author":[{"embeddable":true,"href":"https:\/\/pans.krosno.pl\/bon\/wp-json\/wp\/v2\/users\/85"}],"replies":[{"embeddable":true,"href":"https:\/\/pans.krosno.pl\/bon\/wp-json\/wp\/v2\/comments?post=2594"}],"version-history":[{"count":1,"href":"https:\/\/pans.krosno.pl\/bon\/wp-json\/wp\/v2\/posts\/2594\/revisions"}],"predecessor-version":[{"id":2596,"href":"https:\/\/pans.krosno.pl\/bon\/wp-json\/wp\/v2\/posts\/2594\/revisions\/2596"}],"wp:featuredmedia":[{"embeddable":true,"href":"https:\/\/pans.krosno.pl\/bon\/wp-json\/wp\/v2\/media\/2595"}],"wp:attachment":[{"href":"https:\/\/pans.krosno.pl\/bon\/wp-json\/wp\/v2\/media?parent=2594"}],"wp:term":[{"taxonomy":"category","embeddable":true,"href":"https:\/\/pans.krosno.pl\/bon\/wp-json\/wp\/v2\/categories?post=2594"},{"taxonomy":"post_tag","embeddable":true,"href":"https:\/\/pans.krosno.pl\/bon\/wp-json\/wp\/v2\/tags?post=2594"}],"curies":[{"name":"wp","href":"https:\/\/api.w.org\/{rel}","templated":true}]}}