{"id":4585,"date":"2025-01-27T09:51:00","date_gmt":"2025-01-27T08:51:00","guid":{"rendered":"https:\/\/pans.krosno.pl\/biblioteka\/?p=4585"},"modified":"2025-01-27T09:55:02","modified_gmt":"2025-01-27T08:55:02","slug":"kartka-z-kalendarza-486","status":"publish","type":"post","link":"https:\/\/pans.krosno.pl\/biblioteka\/kartka-z-kalendarza-486\/","title":{"rendered":"Kartka z kalendarza"},"content":{"rendered":"\n<p class=\"has-medium-font-size\"><strong>80. ROCZNICA WYZWOLENIA NIEMIECKIEGO NAZISTOWSKIGO OBOZU KONCENTRACYJNEGO AUSCHWITZ-BIRKENAU<\/strong><\/p>\n\n\n\n<p>Dnia 27 stycznia obchodzony jest <strong>Mi\u0119dzynarodowy Dzie\u0144 Pami\u0119ci o Ofiarach Holokaustu. <\/strong><br>80 lat temu Armia Czerwona wyzwoli\u0142a ob\u00f3z Auschwitz, w kt\u00f3rym przebywa\u0142o oko\u0142o 7 tys. wi\u0119\u017ani\u00f3w. <br>Sta\u0142 si\u0119 on symbolem zbrodni pope\u0142nionej przez Niemc\u00f3w na \u017bydach. To tak\u017ce miejsce ka\u017ani Polak\u00f3w, Rom\u00f3w i os\u00f3b innych narodowo\u015bci. Niemcy rozpocz\u0119li przygotowania do likwidacji Auschwitz w sierpniu 1944 roku. Sukcesywnie ewakuowali wi\u0119\u017ani\u00f3w w g\u0142\u0105b Rzeszy. Do po\u0142owy stycznia 1945 roku wyekspediowali oko\u0142o 65 tys. os\u00f3b, w tym niemal wszystkich Polak\u00f3w, Rosjan i Czech\u00f3w. Mimo zbli\u017cania si\u0119 oddzia\u0142\u00f3w sowieckich Niemcy kontynuowali u\u015bmiercanie \u017byd\u00f3w. Komory gazowej po raz ostatni u\u017cyli w listopadzie 1944 roku. Pod koniec 1944 roku Niemcy palili dokumenty i zacierali \u015bwiadectwa zbrodni: zasypywali do\u0142y z ludzkimi prochami, rozebrali do fundament\u00f3w krematorium IV i przygotowali do wysadzenia pozosta\u0142e trzy. Zniszczyli je tu\u017c przed opuszczeniem obozu. W Auschwitz Niemcy zg\u0142adzili co najmniej 1,1 mln ludzi, w tym oko\u0142o 1 mln \u017byd\u00f3w. Zgin\u0119\u0142o te\u017c 70 tys. Polak\u00f3w, 21 tys. Rom\u00f3w, 14 tys. sowieckich je\u0144c\u00f3w wojennych i oko\u0142o 12 tys. wi\u0119\u017ani\u00f3w innych narodowo\u015bci, mi\u0119dzy innymi Czech\u00f3w, Bia\u0142orusin\u00f3w, Jugos\u0142owian, Francuz\u00f3w, Niemc\u00f3w i Austriak\u00f3w. <\/p>\n\n\n\n<p><\/p>\n","protected":false},"excerpt":{"rendered":"<p>80. ROCZNICA WYZWOLENIA NIEMIECKIEGO NAZISTOWSKIGO OBOZU KONCENTRACYJNEGO AUSCHWITZ-BIRKENAU Dnia 27 stycznia obchodzony jest Mi\u0119dzynarodowy Dzie\u0144 Pami\u0119ci o Ofiarach Holokaustu. 80 lat temu Armia Czerwona wyzwoli\u0142a ob\u00f3z Auschwitz, w kt\u00f3rym przebywa\u0142o oko\u0142o 7 tys. wi\u0119\u017ani\u00f3w. Sta\u0142 si\u0119 on symbolem zbrodni pope\u0142nionej przez Niemc\u00f3w na \u017bydach. To tak\u017ce miejsce ka\u017ani Polak\u00f3w, Rom\u00f3w [\u2026] <\/p>\n<div class=\"clear\"><\/div>\n<p><a class=\"more_link clearfix\" href=\"https:\/\/pans.krosno.pl\/biblioteka\/kartka-z-kalendarza-486\/\" rel=\"nofollow\">Read More<\/a><\/p>\n","protected":false},"author":77,"featured_media":0,"comment_status":"open","ping_status":"open","sticky":false,"template":"","format":"standard","meta":{"ngg_post_thumbnail":0,"footnotes":""},"categories":[5],"tags":[],"class_list":["post-4585","post","type-post","status-publish","format-standard","hentry","category-kalendarium"],"yoast_head":"<!-- This site is optimized with the Yoast SEO Premium plugin v27.4 (Yoast SEO v27.4) - https:\/\/yoast.com\/product\/yoast-seo-premium-wordpress\/ -->\n<title>Kartka z kalendarza - Biblioteka PANS w Kro\u015bnie<\/title>\n<meta name=\"robots\" content=\"index, follow, max-snippet:-1, max-image-preview:large, max-video-preview:-1\" \/>\n<link rel=\"canonical\" href=\"https:\/\/pans.krosno.pl\/biblioteka\/kartka-z-kalendarza-486\/\" \/>\n<meta property=\"og:locale\" content=\"pl_PL\" \/>\n<meta property=\"og:type\" content=\"article\" \/>\n<meta property=\"og:title\" content=\"Kartka z kalendarza\" \/>\n<meta property=\"og:description\" content=\"80. ROCZNICA WYZWOLENIA NIEMIECKIEGO NAZISTOWSKIGO OBOZU KONCENTRACYJNEGO AUSCHWITZ-BIRKENAU Dnia 27 stycznia obchodzony jest Mi\u0119dzynarodowy Dzie\u0144 Pami\u0119ci o Ofiarach Holokaustu. 80 lat temu Armia Czerwona wyzwoli\u0142a ob\u00f3z Auschwitz, w kt\u00f3rym przebywa\u0142o oko\u0142o 7 tys. wi\u0119\u017ani\u00f3w. Sta\u0142 si\u0119 on symbolem zbrodni pope\u0142nionej przez Niemc\u00f3w na \u017bydach. To tak\u017ce miejsce ka\u017ani Polak\u00f3w, Rom\u00f3w [\u2026] Read More\" \/>\n<meta property=\"og:url\" content=\"https:\/\/pans.krosno.pl\/biblioteka\/kartka-z-kalendarza-486\/\" \/>\n<meta property=\"og:site_name\" content=\"Biblioteka PANS w Kro\u015bnie\" \/>\n<meta property=\"article:published_time\" content=\"2025-01-27T08:51:00+00:00\" \/>\n<meta property=\"article:modified_time\" content=\"2025-01-27T08:55:02+00:00\" \/>\n<meta name=\"author\" content=\"agnieszkasuska\" \/>\n<meta name=\"twitter:card\" content=\"summary_large_image\" \/>\n<meta name=\"twitter:label1\" content=\"Napisane przez\" \/>\n\t<meta name=\"twitter:data1\" content=\"agnieszkasuska\" \/>\n\t<meta name=\"twitter:label2\" content=\"Szacowany czas czytania\" \/>\n\t<meta name=\"twitter:data2\" content=\"2 minuty\" \/>\n<script type=\"application\/ld+json\" class=\"yoast-schema-graph\">{\"@context\":\"https:\\\/\\\/schema.org\",\"@graph\":[{\"@type\":\"Article\",\"@id\":\"https:\\\/\\\/pans.krosno.pl\\\/biblioteka\\\/kartka-z-kalendarza-486\\\/#article\",\"isPartOf\":{\"@id\":\"https:\\\/\\\/pans.krosno.pl\\\/biblioteka\\\/kartka-z-kalendarza-486\\\/\"},\"author\":{\"name\":\"agnieszkasuska\",\"@id\":\"https:\\\/\\\/pans.krosno.pl\\\/biblioteka\\\/#\\\/schema\\\/person\\\/2dff99a4a5f25169576aeceb4492363d\"},\"headline\":\"Kartka z kalendarza\",\"datePublished\":\"2025-01-27T08:51:00+00:00\",\"dateModified\":\"2025-01-27T08:55:02+00:00\",\"mainEntityOfPage\":{\"@id\":\"https:\\\/\\\/pans.krosno.pl\\\/biblioteka\\\/kartka-z-kalendarza-486\\\/\"},\"wordCount\":226,\"commentCount\":0,\"publisher\":{\"@id\":\"https:\\\/\\\/pans.krosno.pl\\\/biblioteka\\\/#organization\"},\"articleSection\":[\"Kalendarium\"],\"inLanguage\":\"pl-PL\",\"potentialAction\":[{\"@type\":\"CommentAction\",\"name\":\"Comment\",\"target\":[\"https:\\\/\\\/pans.krosno.pl\\\/biblioteka\\\/kartka-z-kalendarza-486\\\/#respond\"]}]},{\"@type\":\"WebPage\",\"@id\":\"https:\\\/\\\/pans.krosno.pl\\\/biblioteka\\\/kartka-z-kalendarza-486\\\/\",\"url\":\"https:\\\/\\\/pans.krosno.pl\\\/biblioteka\\\/kartka-z-kalendarza-486\\\/\",\"name\":\"Kartka z kalendarza - Biblioteka PANS w Kro\u015bnie\",\"isPartOf\":{\"@id\":\"https:\\\/\\\/pans.krosno.pl\\\/biblioteka\\\/#website\"},\"datePublished\":\"2025-01-27T08:51:00+00:00\",\"dateModified\":\"2025-01-27T08:55:02+00:00\",\"breadcrumb\":{\"@id\":\"https:\\\/\\\/pans.krosno.pl\\\/biblioteka\\\/kartka-z-kalendarza-486\\\/#breadcrumb\"},\"inLanguage\":\"pl-PL\",\"potentialAction\":[{\"@type\":\"ReadAction\",\"target\":[\"https:\\\/\\\/pans.krosno.pl\\\/biblioteka\\\/kartka-z-kalendarza-486\\\/\"]}]},{\"@type\":\"BreadcrumbList\",\"@id\":\"https:\\\/\\\/pans.krosno.pl\\\/biblioteka\\\/kartka-z-kalendarza-486\\\/#breadcrumb\",\"itemListElement\":[{\"@type\":\"ListItem\",\"position\":1,\"name\":\"Strona g\u0142\u00f3wna\",\"item\":\"https:\\\/\\\/pans.krosno.pl\\\/biblioteka\\\/\"},{\"@type\":\"ListItem\",\"position\":2,\"name\":\"Kartka z kalendarza\"}]},{\"@type\":\"WebSite\",\"@id\":\"https:\\\/\\\/pans.krosno.pl\\\/biblioteka\\\/#website\",\"url\":\"https:\\\/\\\/pans.krosno.pl\\\/biblioteka\\\/\",\"name\":\"Biblioteka PANS w Kro\u015bnie\",\"description\":\"Biblioteka - Pa\u0144stwowa Akademia Nauk Stosowanych\",\"publisher\":{\"@id\":\"https:\\\/\\\/pans.krosno.pl\\\/biblioteka\\\/#organization\"},\"potentialAction\":[{\"@type\":\"SearchAction\",\"target\":{\"@type\":\"EntryPoint\",\"urlTemplate\":\"https:\\\/\\\/pans.krosno.pl\\\/biblioteka\\\/?s={search_term_string}\"},\"query-input\":{\"@type\":\"PropertyValueSpecification\",\"valueRequired\":true,\"valueName\":\"search_term_string\"}}],\"inLanguage\":\"pl-PL\"},{\"@type\":\"Organization\",\"@id\":\"https:\\\/\\\/pans.krosno.pl\\\/biblioteka\\\/#organization\",\"name\":\"Biblioteka PANS w Kro\u015bnie\",\"url\":\"https:\\\/\\\/pans.krosno.pl\\\/biblioteka\\\/\",\"logo\":{\"@type\":\"ImageObject\",\"inLanguage\":\"pl-PL\",\"@id\":\"https:\\\/\\\/pans.krosno.pl\\\/biblioteka\\\/#\\\/schema\\\/logo\\\/image\\\/\",\"url\":\"https:\\\/\\\/pans.krosno.pl\\\/biblioteka\\\/wp-content\\\/uploads\\\/sites\\\/4\\\/2023\\\/01\\\/Logo-PANS-2022-pelne.png\",\"contentUrl\":\"https:\\\/\\\/pans.krosno.pl\\\/biblioteka\\\/wp-content\\\/uploads\\\/sites\\\/4\\\/2023\\\/01\\\/Logo-PANS-2022-pelne.png\",\"width\":3096,\"height\":696,\"caption\":\"Biblioteka PANS w Kro\u015bnie\"},\"image\":{\"@id\":\"https:\\\/\\\/pans.krosno.pl\\\/biblioteka\\\/#\\\/schema\\\/logo\\\/image\\\/\"}},{\"@type\":\"Person\",\"@id\":\"https:\\\/\\\/pans.krosno.pl\\\/biblioteka\\\/#\\\/schema\\\/person\\\/2dff99a4a5f25169576aeceb4492363d\",\"name\":\"agnieszkasuska\",\"image\":{\"@type\":\"ImageObject\",\"inLanguage\":\"pl-PL\",\"@id\":\"https:\\\/\\\/secure.gravatar.com\\\/avatar\\\/26dc97f929c8990b6508ed1261d283a39272a244f1f1d5f5eb7c7c42b16eaff5?s=96&d=mm&r=g\",\"url\":\"https:\\\/\\\/secure.gravatar.com\\\/avatar\\\/26dc97f929c8990b6508ed1261d283a39272a244f1f1d5f5eb7c7c42b16eaff5?s=96&d=mm&r=g\",\"contentUrl\":\"https:\\\/\\\/secure.gravatar.com\\\/avatar\\\/26dc97f929c8990b6508ed1261d283a39272a244f1f1d5f5eb7c7c42b16eaff5?s=96&d=mm&r=g\",\"caption\":\"agnieszkasuska\"},\"url\":\"https:\\\/\\\/pans.krosno.pl\\\/biblioteka\\\/author\\\/agnieszkasuska\\\/\"}]}<\/script>\n<!-- \/ Yoast SEO Premium plugin. -->","yoast_head_json":{"title":"Kartka z kalendarza - Biblioteka PANS w Kro\u015bnie","robots":{"index":"index","follow":"follow","max-snippet":"max-snippet:-1","max-image-preview":"max-image-preview:large","max-video-preview":"max-video-preview:-1"},"canonical":"https:\/\/pans.krosno.pl\/biblioteka\/kartka-z-kalendarza-486\/","og_locale":"pl_PL","og_type":"article","og_title":"Kartka z kalendarza","og_description":"80. ROCZNICA WYZWOLENIA NIEMIECKIEGO NAZISTOWSKIGO OBOZU KONCENTRACYJNEGO AUSCHWITZ-BIRKENAU Dnia 27 stycznia obchodzony jest Mi\u0119dzynarodowy Dzie\u0144 Pami\u0119ci o Ofiarach Holokaustu. 80 lat temu Armia Czerwona wyzwoli\u0142a ob\u00f3z Auschwitz, w kt\u00f3rym przebywa\u0142o oko\u0142o 7 tys. wi\u0119\u017ani\u00f3w. Sta\u0142 si\u0119 on symbolem zbrodni pope\u0142nionej przez Niemc\u00f3w na \u017bydach. To tak\u017ce miejsce ka\u017ani Polak\u00f3w, Rom\u00f3w [\u2026] Read More","og_url":"https:\/\/pans.krosno.pl\/biblioteka\/kartka-z-kalendarza-486\/","og_site_name":"Biblioteka PANS w Kro\u015bnie","article_published_time":"2025-01-27T08:51:00+00:00","article_modified_time":"2025-01-27T08:55:02+00:00","author":"agnieszkasuska","twitter_card":"summary_large_image","twitter_misc":{"Napisane przez":"agnieszkasuska","Szacowany czas czytania":"2 minuty"},"schema":{"@context":"https:\/\/schema.org","@graph":[{"@type":"Article","@id":"https:\/\/pans.krosno.pl\/biblioteka\/kartka-z-kalendarza-486\/#article","isPartOf":{"@id":"https:\/\/pans.krosno.pl\/biblioteka\/kartka-z-kalendarza-486\/"},"author":{"name":"agnieszkasuska","@id":"https:\/\/pans.krosno.pl\/biblioteka\/#\/schema\/person\/2dff99a4a5f25169576aeceb4492363d"},"headline":"Kartka z kalendarza","datePublished":"2025-01-27T08:51:00+00:00","dateModified":"2025-01-27T08:55:02+00:00","mainEntityOfPage":{"@id":"https:\/\/pans.krosno.pl\/biblioteka\/kartka-z-kalendarza-486\/"},"wordCount":226,"commentCount":0,"publisher":{"@id":"https:\/\/pans.krosno.pl\/biblioteka\/#organization"},"articleSection":["Kalendarium"],"inLanguage":"pl-PL","potentialAction":[{"@type":"CommentAction","name":"Comment","target":["https:\/\/pans.krosno.pl\/biblioteka\/kartka-z-kalendarza-486\/#respond"]}]},{"@type":"WebPage","@id":"https:\/\/pans.krosno.pl\/biblioteka\/kartka-z-kalendarza-486\/","url":"https:\/\/pans.krosno.pl\/biblioteka\/kartka-z-kalendarza-486\/","name":"Kartka z kalendarza - Biblioteka PANS w Kro\u015bnie","isPartOf":{"@id":"https:\/\/pans.krosno.pl\/biblioteka\/#website"},"datePublished":"2025-01-27T08:51:00+00:00","dateModified":"2025-01-27T08:55:02+00:00","breadcrumb":{"@id":"https:\/\/pans.krosno.pl\/biblioteka\/kartka-z-kalendarza-486\/#breadcrumb"},"inLanguage":"pl-PL","potentialAction":[{"@type":"ReadAction","target":["https:\/\/pans.krosno.pl\/biblioteka\/kartka-z-kalendarza-486\/"]}]},{"@type":"BreadcrumbList","@id":"https:\/\/pans.krosno.pl\/biblioteka\/kartka-z-kalendarza-486\/#breadcrumb","itemListElement":[{"@type":"ListItem","position":1,"name":"Strona g\u0142\u00f3wna","item":"https:\/\/pans.krosno.pl\/biblioteka\/"},{"@type":"ListItem","position":2,"name":"Kartka z kalendarza"}]},{"@type":"WebSite","@id":"https:\/\/pans.krosno.pl\/biblioteka\/#website","url":"https:\/\/pans.krosno.pl\/biblioteka\/","name":"Biblioteka PANS w Kro\u015bnie","description":"Biblioteka - Pa\u0144stwowa Akademia Nauk Stosowanych","publisher":{"@id":"https:\/\/pans.krosno.pl\/biblioteka\/#organization"},"potentialAction":[{"@type":"SearchAction","target":{"@type":"EntryPoint","urlTemplate":"https:\/\/pans.krosno.pl\/biblioteka\/?s={search_term_string}"},"query-input":{"@type":"PropertyValueSpecification","valueRequired":true,"valueName":"search_term_string"}}],"inLanguage":"pl-PL"},{"@type":"Organization","@id":"https:\/\/pans.krosno.pl\/biblioteka\/#organization","name":"Biblioteka PANS w Kro\u015bnie","url":"https:\/\/pans.krosno.pl\/biblioteka\/","logo":{"@type":"ImageObject","inLanguage":"pl-PL","@id":"https:\/\/pans.krosno.pl\/biblioteka\/#\/schema\/logo\/image\/","url":"https:\/\/pans.krosno.pl\/biblioteka\/wp-content\/uploads\/sites\/4\/2023\/01\/Logo-PANS-2022-pelne.png","contentUrl":"https:\/\/pans.krosno.pl\/biblioteka\/wp-content\/uploads\/sites\/4\/2023\/01\/Logo-PANS-2022-pelne.png","width":3096,"height":696,"caption":"Biblioteka PANS w Kro\u015bnie"},"image":{"@id":"https:\/\/pans.krosno.pl\/biblioteka\/#\/schema\/logo\/image\/"}},{"@type":"Person","@id":"https:\/\/pans.krosno.pl\/biblioteka\/#\/schema\/person\/2dff99a4a5f25169576aeceb4492363d","name":"agnieszkasuska","image":{"@type":"ImageObject","inLanguage":"pl-PL","@id":"https:\/\/secure.gravatar.com\/avatar\/26dc97f929c8990b6508ed1261d283a39272a244f1f1d5f5eb7c7c42b16eaff5?s=96&d=mm&r=g","url":"https:\/\/secure.gravatar.com\/avatar\/26dc97f929c8990b6508ed1261d283a39272a244f1f1d5f5eb7c7c42b16eaff5?s=96&d=mm&r=g","contentUrl":"https:\/\/secure.gravatar.com\/avatar\/26dc97f929c8990b6508ed1261d283a39272a244f1f1d5f5eb7c7c42b16eaff5?s=96&d=mm&r=g","caption":"agnieszkasuska"},"url":"https:\/\/pans.krosno.pl\/biblioteka\/author\/agnieszkasuska\/"}]}},"_links":{"self":[{"href":"https:\/\/pans.krosno.pl\/biblioteka\/wp-json\/wp\/v2\/posts\/4585","targetHints":{"allow":["GET"]}}],"collection":[{"href":"https:\/\/pans.krosno.pl\/biblioteka\/wp-json\/wp\/v2\/posts"}],"about":[{"href":"https:\/\/pans.krosno.pl\/biblioteka\/wp-json\/wp\/v2\/types\/post"}],"author":[{"embeddable":true,"href":"https:\/\/pans.krosno.pl\/biblioteka\/wp-json\/wp\/v2\/users\/77"}],"replies":[{"embeddable":true,"href":"https:\/\/pans.krosno.pl\/biblioteka\/wp-json\/wp\/v2\/comments?post=4585"}],"version-history":[{"count":2,"href":"https:\/\/pans.krosno.pl\/biblioteka\/wp-json\/wp\/v2\/posts\/4585\/revisions"}],"predecessor-version":[{"id":12414,"href":"https:\/\/pans.krosno.pl\/biblioteka\/wp-json\/wp\/v2\/posts\/4585\/revisions\/12414"}],"wp:attachment":[{"href":"https:\/\/pans.krosno.pl\/biblioteka\/wp-json\/wp\/v2\/media?parent=4585"}],"wp:term":[{"taxonomy":"category","embeddable":true,"href":"https:\/\/pans.krosno.pl\/biblioteka\/wp-json\/wp\/v2\/categories?post=4585"},{"taxonomy":"post_tag","embeddable":true,"href":"https:\/\/pans.krosno.pl\/biblioteka\/wp-json\/wp\/v2\/tags?post=4585"}],"curies":[{"name":"wp","href":"https:\/\/api.w.org\/{rel}","templated":true}]}}