{"id":3920,"date":"2021-12-15T08:01:55","date_gmt":"2021-12-15T07:01:55","guid":{"rendered":"https:\/\/pans.krosno.pl\/biblioteka\/?p=3920"},"modified":"2021-09-16T10:36:06","modified_gmt":"2021-09-16T08:36:06","slug":"kartka-z-kalendarza-443","status":"publish","type":"post","link":"https:\/\/pans.krosno.pl\/biblioteka\/kartka-z-kalendarza-443\/","title":{"rendered":"Kartka z kalendarza"},"content":{"rendered":"\n<p class=\"has-medium-font-size\">W 1939 roku odby\u0142a si\u0119 premiera filmu <em><strong>Przemin\u0119\u0142o z wiatrem<\/strong><\/em> w re\u017cyserii Victora Fleminga.Jest to  jeden z najs\u0142awniejszych melodramat\u00f3w stawiany za wz\u00f3r produkcji hollywoodzkich z pierwszej po\u0142owy XX wieku. Scenariusz filmu zosta\u0142 oparty na powie\u015bci <em>Przemin\u0119\u0142o z wiatrem<\/em> Margaret Mitchell, do kt\u00f3rej prawa zakupi\u0142, za rekordow\u0105 jak na owe czasy sum\u0119 50 tys. dolar\u00f3w, David O. Selznick. Fabu\u0142a filmu jest osadzona w czasach wojny secesyjnej i jest przedstawiana z pozycji pi\u0119knej Scarlett O\u2019Hary, c\u00f3rki plantatora z Po\u0142udnia, Geralda O\u2019Hary. Przegrana wojna wystawia na ci\u0119\u017ck\u0105 pr\u00f3b\u0119 przyzwyczajon\u0105 do wyg\u00f3d Scarlett. Na tym tle rozgrywa si\u0119 historia wielkiej mi\u0142o\u015bci Rhetta Butlera do pi\u0119knej Scarlett.<\/p>\n","protected":false},"excerpt":{"rendered":"<p>W 1939 roku odby\u0142a si\u0119 premiera filmu Przemin\u0119\u0142o z wiatrem w re\u017cyserii Victora Fleminga.Jest to jeden z najs\u0142awniejszych melodramat\u00f3w stawiany za wz\u00f3r produkcji hollywoodzkich z pierwszej po\u0142owy XX wieku. Scenariusz filmu zosta\u0142 oparty na powie\u015bci Przemin\u0119\u0142o z wiatrem Margaret Mitchell, do kt\u00f3rej prawa zakupi\u0142, za rekordow\u0105 jak na owe czasy [\u2026] <\/p>\n<div class=\"clear\"><\/div>\n<p><a class=\"more_link clearfix\" href=\"https:\/\/pans.krosno.pl\/biblioteka\/kartka-z-kalendarza-443\/\" rel=\"nofollow\">Read More<\/a><\/p>\n","protected":false},"author":51,"featured_media":0,"comment_status":"open","ping_status":"open","sticky":false,"template":"","format":"standard","meta":{"ngg_post_thumbnail":0,"footnotes":""},"categories":[5],"tags":[],"class_list":["post-3920","post","type-post","status-publish","format-standard","hentry","category-kalendarium"],"yoast_head":"<!-- This site is optimized with the Yoast SEO Premium plugin v27.4 (Yoast SEO v27.4) - https:\/\/yoast.com\/product\/yoast-seo-premium-wordpress\/ -->\n<title>Kartka z kalendarza - Biblioteka PANS w Kro\u015bnie<\/title>\n<meta name=\"robots\" content=\"index, follow, max-snippet:-1, max-image-preview:large, max-video-preview:-1\" \/>\n<link rel=\"canonical\" href=\"https:\/\/pans.krosno.pl\/biblioteka\/kartka-z-kalendarza-443\/\" \/>\n<meta property=\"og:locale\" content=\"pl_PL\" \/>\n<meta property=\"og:type\" content=\"article\" \/>\n<meta property=\"og:title\" content=\"Kartka z kalendarza\" \/>\n<meta property=\"og:description\" content=\"W 1939 roku odby\u0142a si\u0119 premiera filmu Przemin\u0119\u0142o z wiatrem w re\u017cyserii Victora Fleminga.Jest to jeden z najs\u0142awniejszych melodramat\u00f3w stawiany za wz\u00f3r produkcji hollywoodzkich z pierwszej po\u0142owy XX wieku. Scenariusz filmu zosta\u0142 oparty na powie\u015bci Przemin\u0119\u0142o z wiatrem Margaret Mitchell, do kt\u00f3rej prawa zakupi\u0142, za rekordow\u0105 jak na owe czasy [\u2026] Read More\" \/>\n<meta property=\"og:url\" content=\"https:\/\/pans.krosno.pl\/biblioteka\/kartka-z-kalendarza-443\/\" \/>\n<meta property=\"og:site_name\" content=\"Biblioteka PANS w Kro\u015bnie\" \/>\n<meta property=\"article:published_time\" content=\"2021-12-15T07:01:55+00:00\" \/>\n<meta name=\"author\" content=\"katarzynamercik\" \/>\n<meta name=\"twitter:card\" content=\"summary_large_image\" \/>\n<meta name=\"twitter:label1\" content=\"Napisane przez\" \/>\n\t<meta name=\"twitter:data1\" content=\"katarzynamercik\" \/>\n\t<meta name=\"twitter:label2\" content=\"Szacowany czas czytania\" \/>\n\t<meta name=\"twitter:data2\" content=\"1 minuta\" \/>\n<script type=\"application\/ld+json\" class=\"yoast-schema-graph\">{\"@context\":\"https:\\\/\\\/schema.org\",\"@graph\":[{\"@type\":\"Article\",\"@id\":\"https:\\\/\\\/pans.krosno.pl\\\/biblioteka\\\/kartka-z-kalendarza-443\\\/#article\",\"isPartOf\":{\"@id\":\"https:\\\/\\\/pans.krosno.pl\\\/biblioteka\\\/kartka-z-kalendarza-443\\\/\"},\"author\":{\"name\":\"katarzynamercik\",\"@id\":\"https:\\\/\\\/pans.krosno.pl\\\/biblioteka\\\/#\\\/schema\\\/person\\\/c9ff6e5eba674ea170d1a36eaefb36a3\"},\"headline\":\"Kartka z kalendarza\",\"datePublished\":\"2021-12-15T07:01:55+00:00\",\"mainEntityOfPage\":{\"@id\":\"https:\\\/\\\/pans.krosno.pl\\\/biblioteka\\\/kartka-z-kalendarza-443\\\/\"},\"wordCount\":127,\"commentCount\":0,\"publisher\":{\"@id\":\"https:\\\/\\\/pans.krosno.pl\\\/biblioteka\\\/#organization\"},\"articleSection\":[\"Kalendarium\"],\"inLanguage\":\"pl-PL\",\"potentialAction\":[{\"@type\":\"CommentAction\",\"name\":\"Comment\",\"target\":[\"https:\\\/\\\/pans.krosno.pl\\\/biblioteka\\\/kartka-z-kalendarza-443\\\/#respond\"]}]},{\"@type\":\"WebPage\",\"@id\":\"https:\\\/\\\/pans.krosno.pl\\\/biblioteka\\\/kartka-z-kalendarza-443\\\/\",\"url\":\"https:\\\/\\\/pans.krosno.pl\\\/biblioteka\\\/kartka-z-kalendarza-443\\\/\",\"name\":\"Kartka z kalendarza - Biblioteka PANS w Kro\u015bnie\",\"isPartOf\":{\"@id\":\"https:\\\/\\\/pans.krosno.pl\\\/biblioteka\\\/#website\"},\"datePublished\":\"2021-12-15T07:01:55+00:00\",\"breadcrumb\":{\"@id\":\"https:\\\/\\\/pans.krosno.pl\\\/biblioteka\\\/kartka-z-kalendarza-443\\\/#breadcrumb\"},\"inLanguage\":\"pl-PL\",\"potentialAction\":[{\"@type\":\"ReadAction\",\"target\":[\"https:\\\/\\\/pans.krosno.pl\\\/biblioteka\\\/kartka-z-kalendarza-443\\\/\"]}]},{\"@type\":\"BreadcrumbList\",\"@id\":\"https:\\\/\\\/pans.krosno.pl\\\/biblioteka\\\/kartka-z-kalendarza-443\\\/#breadcrumb\",\"itemListElement\":[{\"@type\":\"ListItem\",\"position\":1,\"name\":\"Strona g\u0142\u00f3wna\",\"item\":\"https:\\\/\\\/pans.krosno.pl\\\/biblioteka\\\/\"},{\"@type\":\"ListItem\",\"position\":2,\"name\":\"Kartka z kalendarza\"}]},{\"@type\":\"WebSite\",\"@id\":\"https:\\\/\\\/pans.krosno.pl\\\/biblioteka\\\/#website\",\"url\":\"https:\\\/\\\/pans.krosno.pl\\\/biblioteka\\\/\",\"name\":\"Biblioteka PANS w Kro\u015bnie\",\"description\":\"Biblioteka - Pa\u0144stwowa Akademia Nauk Stosowanych\",\"publisher\":{\"@id\":\"https:\\\/\\\/pans.krosno.pl\\\/biblioteka\\\/#organization\"},\"potentialAction\":[{\"@type\":\"SearchAction\",\"target\":{\"@type\":\"EntryPoint\",\"urlTemplate\":\"https:\\\/\\\/pans.krosno.pl\\\/biblioteka\\\/?s={search_term_string}\"},\"query-input\":{\"@type\":\"PropertyValueSpecification\",\"valueRequired\":true,\"valueName\":\"search_term_string\"}}],\"inLanguage\":\"pl-PL\"},{\"@type\":\"Organization\",\"@id\":\"https:\\\/\\\/pans.krosno.pl\\\/biblioteka\\\/#organization\",\"name\":\"Biblioteka PANS w Kro\u015bnie\",\"url\":\"https:\\\/\\\/pans.krosno.pl\\\/biblioteka\\\/\",\"logo\":{\"@type\":\"ImageObject\",\"inLanguage\":\"pl-PL\",\"@id\":\"https:\\\/\\\/pans.krosno.pl\\\/biblioteka\\\/#\\\/schema\\\/logo\\\/image\\\/\",\"url\":\"https:\\\/\\\/pans.krosno.pl\\\/biblioteka\\\/wp-content\\\/uploads\\\/sites\\\/4\\\/2023\\\/01\\\/Logo-PANS-2022-pelne.png\",\"contentUrl\":\"https:\\\/\\\/pans.krosno.pl\\\/biblioteka\\\/wp-content\\\/uploads\\\/sites\\\/4\\\/2023\\\/01\\\/Logo-PANS-2022-pelne.png\",\"width\":3096,\"height\":696,\"caption\":\"Biblioteka PANS w Kro\u015bnie\"},\"image\":{\"@id\":\"https:\\\/\\\/pans.krosno.pl\\\/biblioteka\\\/#\\\/schema\\\/logo\\\/image\\\/\"}},{\"@type\":\"Person\",\"@id\":\"https:\\\/\\\/pans.krosno.pl\\\/biblioteka\\\/#\\\/schema\\\/person\\\/c9ff6e5eba674ea170d1a36eaefb36a3\",\"name\":\"katarzynamercik\",\"image\":{\"@type\":\"ImageObject\",\"inLanguage\":\"pl-PL\",\"@id\":\"https:\\\/\\\/secure.gravatar.com\\\/avatar\\\/21727a12d13e904ad34927ca13b67bf3e378f9c09de13a7fcf59f3ebf0b0fab9?s=96&d=mm&r=g\",\"url\":\"https:\\\/\\\/secure.gravatar.com\\\/avatar\\\/21727a12d13e904ad34927ca13b67bf3e378f9c09de13a7fcf59f3ebf0b0fab9?s=96&d=mm&r=g\",\"contentUrl\":\"https:\\\/\\\/secure.gravatar.com\\\/avatar\\\/21727a12d13e904ad34927ca13b67bf3e378f9c09de13a7fcf59f3ebf0b0fab9?s=96&d=mm&r=g\",\"caption\":\"katarzynamercik\"},\"url\":\"https:\\\/\\\/pans.krosno.pl\\\/biblioteka\\\/author\\\/katarzynamercik\\\/\"}]}<\/script>\n<!-- \/ Yoast SEO Premium plugin. -->","yoast_head_json":{"title":"Kartka z kalendarza - Biblioteka PANS w Kro\u015bnie","robots":{"index":"index","follow":"follow","max-snippet":"max-snippet:-1","max-image-preview":"max-image-preview:large","max-video-preview":"max-video-preview:-1"},"canonical":"https:\/\/pans.krosno.pl\/biblioteka\/kartka-z-kalendarza-443\/","og_locale":"pl_PL","og_type":"article","og_title":"Kartka z kalendarza","og_description":"W 1939 roku odby\u0142a si\u0119 premiera filmu Przemin\u0119\u0142o z wiatrem w re\u017cyserii Victora Fleminga.Jest to jeden z najs\u0142awniejszych melodramat\u00f3w stawiany za wz\u00f3r produkcji hollywoodzkich z pierwszej po\u0142owy XX wieku. Scenariusz filmu zosta\u0142 oparty na powie\u015bci Przemin\u0119\u0142o z wiatrem Margaret Mitchell, do kt\u00f3rej prawa zakupi\u0142, za rekordow\u0105 jak na owe czasy [\u2026] Read More","og_url":"https:\/\/pans.krosno.pl\/biblioteka\/kartka-z-kalendarza-443\/","og_site_name":"Biblioteka PANS w Kro\u015bnie","article_published_time":"2021-12-15T07:01:55+00:00","author":"katarzynamercik","twitter_card":"summary_large_image","twitter_misc":{"Napisane przez":"katarzynamercik","Szacowany czas czytania":"1 minuta"},"schema":{"@context":"https:\/\/schema.org","@graph":[{"@type":"Article","@id":"https:\/\/pans.krosno.pl\/biblioteka\/kartka-z-kalendarza-443\/#article","isPartOf":{"@id":"https:\/\/pans.krosno.pl\/biblioteka\/kartka-z-kalendarza-443\/"},"author":{"name":"katarzynamercik","@id":"https:\/\/pans.krosno.pl\/biblioteka\/#\/schema\/person\/c9ff6e5eba674ea170d1a36eaefb36a3"},"headline":"Kartka z kalendarza","datePublished":"2021-12-15T07:01:55+00:00","mainEntityOfPage":{"@id":"https:\/\/pans.krosno.pl\/biblioteka\/kartka-z-kalendarza-443\/"},"wordCount":127,"commentCount":0,"publisher":{"@id":"https:\/\/pans.krosno.pl\/biblioteka\/#organization"},"articleSection":["Kalendarium"],"inLanguage":"pl-PL","potentialAction":[{"@type":"CommentAction","name":"Comment","target":["https:\/\/pans.krosno.pl\/biblioteka\/kartka-z-kalendarza-443\/#respond"]}]},{"@type":"WebPage","@id":"https:\/\/pans.krosno.pl\/biblioteka\/kartka-z-kalendarza-443\/","url":"https:\/\/pans.krosno.pl\/biblioteka\/kartka-z-kalendarza-443\/","name":"Kartka z kalendarza - Biblioteka PANS w Kro\u015bnie","isPartOf":{"@id":"https:\/\/pans.krosno.pl\/biblioteka\/#website"},"datePublished":"2021-12-15T07:01:55+00:00","breadcrumb":{"@id":"https:\/\/pans.krosno.pl\/biblioteka\/kartka-z-kalendarza-443\/#breadcrumb"},"inLanguage":"pl-PL","potentialAction":[{"@type":"ReadAction","target":["https:\/\/pans.krosno.pl\/biblioteka\/kartka-z-kalendarza-443\/"]}]},{"@type":"BreadcrumbList","@id":"https:\/\/pans.krosno.pl\/biblioteka\/kartka-z-kalendarza-443\/#breadcrumb","itemListElement":[{"@type":"ListItem","position":1,"name":"Strona g\u0142\u00f3wna","item":"https:\/\/pans.krosno.pl\/biblioteka\/"},{"@type":"ListItem","position":2,"name":"Kartka z kalendarza"}]},{"@type":"WebSite","@id":"https:\/\/pans.krosno.pl\/biblioteka\/#website","url":"https:\/\/pans.krosno.pl\/biblioteka\/","name":"Biblioteka PANS w Kro\u015bnie","description":"Biblioteka - Pa\u0144stwowa Akademia Nauk Stosowanych","publisher":{"@id":"https:\/\/pans.krosno.pl\/biblioteka\/#organization"},"potentialAction":[{"@type":"SearchAction","target":{"@type":"EntryPoint","urlTemplate":"https:\/\/pans.krosno.pl\/biblioteka\/?s={search_term_string}"},"query-input":{"@type":"PropertyValueSpecification","valueRequired":true,"valueName":"search_term_string"}}],"inLanguage":"pl-PL"},{"@type":"Organization","@id":"https:\/\/pans.krosno.pl\/biblioteka\/#organization","name":"Biblioteka PANS w Kro\u015bnie","url":"https:\/\/pans.krosno.pl\/biblioteka\/","logo":{"@type":"ImageObject","inLanguage":"pl-PL","@id":"https:\/\/pans.krosno.pl\/biblioteka\/#\/schema\/logo\/image\/","url":"https:\/\/pans.krosno.pl\/biblioteka\/wp-content\/uploads\/sites\/4\/2023\/01\/Logo-PANS-2022-pelne.png","contentUrl":"https:\/\/pans.krosno.pl\/biblioteka\/wp-content\/uploads\/sites\/4\/2023\/01\/Logo-PANS-2022-pelne.png","width":3096,"height":696,"caption":"Biblioteka PANS w Kro\u015bnie"},"image":{"@id":"https:\/\/pans.krosno.pl\/biblioteka\/#\/schema\/logo\/image\/"}},{"@type":"Person","@id":"https:\/\/pans.krosno.pl\/biblioteka\/#\/schema\/person\/c9ff6e5eba674ea170d1a36eaefb36a3","name":"katarzynamercik","image":{"@type":"ImageObject","inLanguage":"pl-PL","@id":"https:\/\/secure.gravatar.com\/avatar\/21727a12d13e904ad34927ca13b67bf3e378f9c09de13a7fcf59f3ebf0b0fab9?s=96&d=mm&r=g","url":"https:\/\/secure.gravatar.com\/avatar\/21727a12d13e904ad34927ca13b67bf3e378f9c09de13a7fcf59f3ebf0b0fab9?s=96&d=mm&r=g","contentUrl":"https:\/\/secure.gravatar.com\/avatar\/21727a12d13e904ad34927ca13b67bf3e378f9c09de13a7fcf59f3ebf0b0fab9?s=96&d=mm&r=g","caption":"katarzynamercik"},"url":"https:\/\/pans.krosno.pl\/biblioteka\/author\/katarzynamercik\/"}]}},"_links":{"self":[{"href":"https:\/\/pans.krosno.pl\/biblioteka\/wp-json\/wp\/v2\/posts\/3920","targetHints":{"allow":["GET"]}}],"collection":[{"href":"https:\/\/pans.krosno.pl\/biblioteka\/wp-json\/wp\/v2\/posts"}],"about":[{"href":"https:\/\/pans.krosno.pl\/biblioteka\/wp-json\/wp\/v2\/types\/post"}],"author":[{"embeddable":true,"href":"https:\/\/pans.krosno.pl\/biblioteka\/wp-json\/wp\/v2\/users\/51"}],"replies":[{"embeddable":true,"href":"https:\/\/pans.krosno.pl\/biblioteka\/wp-json\/wp\/v2\/comments?post=3920"}],"version-history":[{"count":1,"href":"https:\/\/pans.krosno.pl\/biblioteka\/wp-json\/wp\/v2\/posts\/3920\/revisions"}],"predecessor-version":[{"id":3921,"href":"https:\/\/pans.krosno.pl\/biblioteka\/wp-json\/wp\/v2\/posts\/3920\/revisions\/3921"}],"wp:attachment":[{"href":"https:\/\/pans.krosno.pl\/biblioteka\/wp-json\/wp\/v2\/media?parent=3920"}],"wp:term":[{"taxonomy":"category","embeddable":true,"href":"https:\/\/pans.krosno.pl\/biblioteka\/wp-json\/wp\/v2\/categories?post=3920"},{"taxonomy":"post_tag","embeddable":true,"href":"https:\/\/pans.krosno.pl\/biblioteka\/wp-json\/wp\/v2\/tags?post=3920"}],"curies":[{"name":"wp","href":"https:\/\/api.w.org\/{rel}","templated":true}]}}