{"id":16395,"date":"2026-09-01T08:00:00","date_gmt":"2026-09-01T06:00:00","guid":{"rendered":"https:\/\/pans.krosno.pl\/biblioteka\/?p=16395"},"modified":"2026-07-20T12:10:24","modified_gmt":"2026-07-20T10:10:24","slug":"z-nowosci-4","status":"publish","type":"post","link":"https:\/\/pans.krosno.pl\/biblioteka\/z-nowosci-4\/","title":{"rendered":"Z nowo\u015bci"},"content":{"rendered":"\n<p class=\"wp-block-paragraph\"><strong>Jak oceni\u0107 dojrza\u0142o\u015b\u0107 dziecka do nauki : rozwojowe testy przesiewowe INPP i grupowy program \u0107wicze\u0144 rozwojowych dla szk\u00f3\u0142 \/ Sally Goddard Blythe ; prze\u0142o\u017cy\u0142a Maria Matuszkiewicz<br>Warszawa : PWN, 2026<\/strong><\/p>\n\n\n\n<figure class=\"wp-block-image size-full is-resized\"><img loading=\"lazy\" decoding=\"async\" width=\"360\" height=\"500\" src=\"https:\/\/pans.krosno.pl\/biblioteka\/wp-content\/uploads\/sites\/4\/2026\/07\/Jak-ocenic-dojrzalosc-dziecka.jpg\" alt=\"\" class=\"wp-image-16396\" style=\"object-fit:cover;width:226px;height:350px\" srcset=\"https:\/\/pans.krosno.pl\/biblioteka\/wp-content\/uploads\/sites\/4\/2026\/07\/Jak-ocenic-dojrzalosc-dziecka.jpg 360w, https:\/\/pans.krosno.pl\/biblioteka\/wp-content\/uploads\/sites\/4\/2026\/07\/Jak-ocenic-dojrzalosc-dziecka-216x300.jpg 216w\" sizes=\"auto, (max-width: 360px) 100vw, 360px\" \/><\/figure>\n\n\n\n<p class=\"wp-block-paragraph\">W obliczu wyzwa\u0144, jakie stawia wsp\u00f3\u0142czesna edukacja, kluczowe staje si\u0119 zrozumienie, \u017ce trudno\u015bci w nauce cz\u0119sto maj\u0105 swoje korzenie w rozwoju neuromotorycznym. Ksi\u0105\u017cka &#8222;Jak oceni\u0107 dojrza\u0142o\u015b\u0107 dziecka do nauki. Rozwojowe testy przesiewowe INPP i grupowy program \u0107wicze\u0144 rozwojowych dla szk\u00f3\u0142&#8221; autorstwa Sally Goddard-Blythe to prawdziwy skarb dla ka\u017cdego specjalisty, kt\u00f3ry pragnie g\u0142\u0119biej spojrze\u0107 na przyczyny problem\u00f3w edukacyjnych dzieci. Czy wiesz, \u017ce op\u00f3\u017aniony rozw\u00f3j ruchowy, wynikaj\u0105cy cz\u0119sto z niewyhamowania odruch\u00f3w pierwotnych, mo\u017ce bezpo\u015brednio wp\u0142ywa\u0107 na zdolno\u015b\u0107 dziecka do efektywnego uczenia si\u0119, koncentracji i koordynacji? Ta publikacja kompleksowo wyja\u015bnia ten zwi\u0105zek, oferuj\u0105c nauczycielom, pedagogom i psychologom niezb\u0119dne narz\u0119dzia do rozpoznawania oznak niedojrza\u0142o\u015bci neuromotorycznej. To praktyczny przewodnik, kt\u00f3ry pozwala nie tylko zidentyfikowa\u0107 te wyzwania, ale tak\u017ce skutecznie na nie reagowa\u0107, otwieraj\u0105c drog\u0119 do realnego wsparcia dla uczni\u00f3w. Ksi\u0105\u017cka prezentuje szczeg\u00f3\u0142owe metody diagnostyczne i interwencyjne, dostosowane do r\u00f3\u017cnych grup wiekowych. Jej struktura jest klarowna i funkcjonalna, co znacznie u\u0142atwia wdro\u017cenie proponowanych rozwi\u0105za\u0144 w praktyce.<br><br>Tekst pochodzi od Wydawcy<\/p>\n\n\n\n<p class=\"wp-block-paragraph\"><strong>S\u0142ucha\u0107, rozumie\u0107, wspiera\u0107 : skuteczna komunikacja w pediatrii \/ redakcja naukowa Ilona Anna Kopyta, Sylwia Wrona<br>Warszawa : PZWL : Wydawnictwo Naukowe PWN, 2026<\/strong><\/p>\n\n\n\n<figure class=\"wp-block-image size-full\"><img loading=\"lazy\" decoding=\"async\" width=\"352\" height=\"500\" src=\"https:\/\/pans.krosno.pl\/biblioteka\/wp-content\/uploads\/sites\/4\/2026\/07\/Sluchac-rozumiec-wspierac.jpg\" alt=\"\" class=\"wp-image-16397\" srcset=\"https:\/\/pans.krosno.pl\/biblioteka\/wp-content\/uploads\/sites\/4\/2026\/07\/Sluchac-rozumiec-wspierac.jpg 352w, https:\/\/pans.krosno.pl\/biblioteka\/wp-content\/uploads\/sites\/4\/2026\/07\/Sluchac-rozumiec-wspierac-211x300.jpg 211w\" sizes=\"auto, (max-width: 352px) 100vw, 352px\" \/><\/figure>\n\n\n\n<p class=\"wp-block-paragraph\">Skuteczna komunikacja jest jednym z najwa\u017cniejszych element\u00f3w opieki medycznej nad dzieckiem. <br>To od jako\u015bci dialogu pomi\u0119dzy personelem medycznym, ma\u0142ym pacjentem i jego rodzin\u0105 zale\u017c\u0105 nie tylko trafno\u015b\u0107 diagnozy i przebieg leczenia, lecz tak\u017ce poczucie bezpiecze\u0144stwa, zaufanie oraz wsp\u00f3\u0142praca wszystkich uczestnik\u00f3w procesu terapeutycznego.<br>Ksi\u0105\u017cka S\u0142ucha\u0107, rozumie\u0107, wspiera\u0107 \u2013 skuteczna komunikacja w pediatrii to pierwsze na polskim rynku tak kompleksowe opracowanie po\u015bwi\u0119cone komunikacji w pediatrii, ze szczeg\u00f3lnym uwzgl\u0119dnieniem dzieci z trudno\u015bciami w porozumiewaniu si\u0119. Publikacja \u0142\u0105czy wiedz\u0119 z zakresu medycyny, psychologii, pedagogiki specjalnej, logopedii, komunikacji alternatywnej i wspomagaj\u0105cej (AAC) oraz prawa medycznego, dostarczaj\u0105c praktycznych rozwi\u0105za\u0144 dla codziennej pracy klinicznej.Ksi\u0105\u017cka adresowana jest do lekarzy, piel\u0119gniarek, terapeut\u00f3w, psycholog\u00f3w, logoped\u00f3w oraz wszystkich specjalist\u00f3w pracuj\u0105cych z dzie\u0107mi. \u0141\u0105cz\u0105c aktualn\u0105 wiedz\u0119 naukow\u0105 z praktycznym do\u015bwiadczeniem autor\u00f3w, stanowi warto\u015bciowe \u017ar\u00f3d\u0142o wiedzy i wsparcia dla os\u00f3b, kt\u00f3re ka\u017cdego dnia pomagaj\u0105 najm\u0142odszym pacjentom i ich rodzinom. To nie tylko podr\u0119cznik komunikacji medycznej, ale przede wszystkim przewodnik po budowaniu relacji opartych na szacunku, zrozumieniu i partnerstwie.<\/p>\n\n\n\n<p class=\"wp-block-paragraph\">Tekst pochodzi od Wydawcy<\/p>\n","protected":false},"excerpt":{"rendered":"<p>Jak oceni\u0107 dojrza\u0142o\u015b\u0107 dziecka do nauki : rozwojowe testy przesiewowe INPP i grupowy program \u0107wicze\u0144 rozwojowych dla szk\u00f3\u0142 \/ Sally Goddard Blythe ; prze\u0142o\u017cy\u0142a Maria MatuszkiewiczWarszawa : PWN, 2026 W obliczu wyzwa\u0144, jakie stawia wsp\u00f3\u0142czesna edukacja, kluczowe staje si\u0119 zrozumienie, \u017ce trudno\u015bci w nauce cz\u0119sto maj\u0105 swoje korzenie w rozwoju [\u2026] <\/p>\n<div class=\"clear\"><\/div>\n<p><a class=\"more_link clearfix\" href=\"https:\/\/pans.krosno.pl\/biblioteka\/z-nowosci-4\/\" rel=\"nofollow\">Read More<\/a><\/p>\n","protected":false},"author":77,"featured_media":2258,"comment_status":"open","ping_status":"open","sticky":false,"template":"","format":"standard","meta":{"ngg_post_thumbnail":0,"footnotes":""},"categories":[6],"tags":[],"class_list":["post-16395","post","type-post","status-publish","format-standard","has-post-thumbnail","hentry","category-aktualnosci"],"yoast_head":"<!-- This site is optimized with the Yoast SEO Premium plugin v28.3 (Yoast SEO v28.3) - https:\/\/yoast.com\/product\/yoast-seo-premium-wordpress\/ -->\n<title>Z nowo\u015bci - Biblioteka PANS w Kro\u015bnie<\/title>\n<meta name=\"robots\" content=\"index, follow, max-snippet:-1, max-image-preview:large, max-video-preview:-1\" \/>\n<link rel=\"canonical\" href=\"https:\/\/pans.krosno.pl\/biblioteka\/z-nowosci-4\/\" \/>\n<meta property=\"og:locale\" content=\"pl_PL\" \/>\n<meta property=\"og:type\" content=\"article\" \/>\n<meta property=\"og:title\" content=\"Z nowo\u015bci\" \/>\n<meta property=\"og:description\" content=\"Jak oceni\u0107 dojrza\u0142o\u015b\u0107 dziecka do nauki : rozwojowe testy przesiewowe INPP i grupowy program \u0107wicze\u0144 rozwojowych dla szk\u00f3\u0142 \/ Sally Goddard Blythe ; prze\u0142o\u017cy\u0142a Maria MatuszkiewiczWarszawa : PWN, 2026 W obliczu wyzwa\u0144, jakie stawia wsp\u00f3\u0142czesna edukacja, kluczowe staje si\u0119 zrozumienie, \u017ce trudno\u015bci w nauce cz\u0119sto maj\u0105 swoje korzenie w rozwoju [\u2026] Read More\" \/>\n<meta property=\"og:url\" content=\"https:\/\/pans.krosno.pl\/biblioteka\/z-nowosci-4\/\" \/>\n<meta property=\"og:site_name\" content=\"Biblioteka PANS w Kro\u015bnie\" \/>\n<meta property=\"article:published_time\" content=\"2026-09-01T06:00:00+00:00\" \/>\n<meta property=\"og:image\" content=\"https:\/\/pans.krosno.pl\/biblioteka\/wp-content\/uploads\/sites\/4\/2021\/03\/TO.jpg\" \/>\n\t<meta property=\"og:image:width\" content=\"1280\" \/>\n\t<meta property=\"og:image:height\" content=\"858\" \/>\n\t<meta property=\"og:image:type\" content=\"image\/jpeg\" \/>\n<meta name=\"author\" content=\"agnieszkasuska\" \/>\n<meta name=\"twitter:card\" content=\"summary_large_image\" \/>\n<meta name=\"twitter:label1\" content=\"Napisane przez\" \/>\n\t<meta name=\"twitter:data1\" content=\"agnieszkasuska\" \/>\n\t<meta name=\"twitter:label2\" content=\"Szacowany czas czytania\" \/>\n\t<meta name=\"twitter:data2\" content=\"3 minuty\" \/>\n<script type=\"application\/ld+json\" class=\"yoast-schema-graph\">{\"@context\":\"https:\\\/\\\/schema.org\",\"@graph\":[{\"@type\":\"Article\",\"@id\":\"https:\\\/\\\/pans.krosno.pl\\\/biblioteka\\\/z-nowosci-4\\\/#article\",\"isPartOf\":{\"@id\":\"https:\\\/\\\/pans.krosno.pl\\\/biblioteka\\\/z-nowosci-4\\\/\"},\"author\":{\"name\":\"agnieszkasuska\",\"@id\":\"https:\\\/\\\/pans.krosno.pl\\\/biblioteka\\\/#\\\/schema\\\/person\\\/2dff99a4a5f25169576aeceb4492363d\"},\"headline\":\"Z nowo\u015bci\",\"datePublished\":\"2026-09-01T06:00:00+00:00\",\"mainEntityOfPage\":{\"@id\":\"https:\\\/\\\/pans.krosno.pl\\\/biblioteka\\\/z-nowosci-4\\\/\"},\"wordCount\":435,\"commentCount\":0,\"publisher\":{\"@id\":\"https:\\\/\\\/pans.krosno.pl\\\/biblioteka\\\/#organization\"},\"image\":{\"@id\":\"https:\\\/\\\/pans.krosno.pl\\\/biblioteka\\\/z-nowosci-4\\\/#primaryimage\"},\"thumbnailUrl\":\"https:\\\/\\\/pans.krosno.pl\\\/biblioteka\\\/wp-content\\\/uploads\\\/sites\\\/4\\\/2021\\\/03\\\/TO.jpg\",\"articleSection\":[\"Aktualno\u015bci\"],\"inLanguage\":\"pl-PL\",\"potentialAction\":[{\"@type\":\"CommentAction\",\"name\":\"Comment\",\"target\":[\"https:\\\/\\\/pans.krosno.pl\\\/biblioteka\\\/z-nowosci-4\\\/#respond\"]}]},{\"@type\":\"WebPage\",\"@id\":\"https:\\\/\\\/pans.krosno.pl\\\/biblioteka\\\/z-nowosci-4\\\/\",\"url\":\"https:\\\/\\\/pans.krosno.pl\\\/biblioteka\\\/z-nowosci-4\\\/\",\"name\":\"Z nowo\u015bci - Biblioteka PANS w Kro\u015bnie\",\"isPartOf\":{\"@id\":\"https:\\\/\\\/pans.krosno.pl\\\/biblioteka\\\/#website\"},\"primaryImageOfPage\":{\"@id\":\"https:\\\/\\\/pans.krosno.pl\\\/biblioteka\\\/z-nowosci-4\\\/#primaryimage\"},\"image\":{\"@id\":\"https:\\\/\\\/pans.krosno.pl\\\/biblioteka\\\/z-nowosci-4\\\/#primaryimage\"},\"thumbnailUrl\":\"https:\\\/\\\/pans.krosno.pl\\\/biblioteka\\\/wp-content\\\/uploads\\\/sites\\\/4\\\/2021\\\/03\\\/TO.jpg\",\"datePublished\":\"2026-09-01T06:00:00+00:00\",\"breadcrumb\":{\"@id\":\"https:\\\/\\\/pans.krosno.pl\\\/biblioteka\\\/z-nowosci-4\\\/#breadcrumb\"},\"inLanguage\":\"pl-PL\",\"potentialAction\":[{\"@type\":\"ReadAction\",\"target\":[\"https:\\\/\\\/pans.krosno.pl\\\/biblioteka\\\/z-nowosci-4\\\/\"]}]},{\"@type\":\"ImageObject\",\"inLanguage\":\"pl-PL\",\"@id\":\"https:\\\/\\\/pans.krosno.pl\\\/biblioteka\\\/z-nowosci-4\\\/#primaryimage\",\"url\":\"https:\\\/\\\/pans.krosno.pl\\\/biblioteka\\\/wp-content\\\/uploads\\\/sites\\\/4\\\/2021\\\/03\\\/TO.jpg\",\"contentUrl\":\"https:\\\/\\\/pans.krosno.pl\\\/biblioteka\\\/wp-content\\\/uploads\\\/sites\\\/4\\\/2021\\\/03\\\/TO.jpg\",\"width\":1280,\"height\":858},{\"@type\":\"BreadcrumbList\",\"@id\":\"https:\\\/\\\/pans.krosno.pl\\\/biblioteka\\\/z-nowosci-4\\\/#breadcrumb\",\"itemListElement\":[{\"@type\":\"ListItem\",\"position\":1,\"name\":\"Strona g\u0142\u00f3wna\",\"item\":\"https:\\\/\\\/pans.krosno.pl\\\/biblioteka\\\/\"},{\"@type\":\"ListItem\",\"position\":2,\"name\":\"Z nowo\u015bci\"}]},{\"@type\":\"WebSite\",\"@id\":\"https:\\\/\\\/pans.krosno.pl\\\/biblioteka\\\/#website\",\"url\":\"https:\\\/\\\/pans.krosno.pl\\\/biblioteka\\\/\",\"name\":\"Biblioteka PANS w Kro\u015bnie\",\"description\":\"Biblioteka - Pa\u0144stwowa Akademia Nauk Stosowanych\",\"publisher\":{\"@id\":\"https:\\\/\\\/pans.krosno.pl\\\/biblioteka\\\/#organization\"},\"potentialAction\":[{\"@type\":\"SearchAction\",\"target\":{\"@type\":\"EntryPoint\",\"urlTemplate\":\"https:\\\/\\\/pans.krosno.pl\\\/biblioteka\\\/?s={search_term_string}\"},\"query-input\":{\"@type\":\"PropertyValueSpecification\",\"valueRequired\":true,\"valueName\":\"search_term_string\"}}],\"inLanguage\":\"pl-PL\"},{\"@type\":\"Organization\",\"@id\":\"https:\\\/\\\/pans.krosno.pl\\\/biblioteka\\\/#organization\",\"name\":\"Biblioteka PANS w Kro\u015bnie\",\"url\":\"https:\\\/\\\/pans.krosno.pl\\\/biblioteka\\\/\",\"logo\":{\"@type\":\"ImageObject\",\"inLanguage\":\"pl-PL\",\"@id\":\"https:\\\/\\\/pans.krosno.pl\\\/biblioteka\\\/#\\\/schema\\\/logo\\\/image\\\/\",\"url\":\"https:\\\/\\\/pans.krosno.pl\\\/biblioteka\\\/wp-content\\\/uploads\\\/sites\\\/4\\\/2023\\\/01\\\/Logo-PANS-2022-pelne.png\",\"contentUrl\":\"https:\\\/\\\/pans.krosno.pl\\\/biblioteka\\\/wp-content\\\/uploads\\\/sites\\\/4\\\/2023\\\/01\\\/Logo-PANS-2022-pelne.png\",\"width\":3096,\"height\":696,\"caption\":\"Biblioteka PANS w Kro\u015bnie\"},\"image\":{\"@id\":\"https:\\\/\\\/pans.krosno.pl\\\/biblioteka\\\/#\\\/schema\\\/logo\\\/image\\\/\"}},{\"@type\":\"Person\",\"@id\":\"https:\\\/\\\/pans.krosno.pl\\\/biblioteka\\\/#\\\/schema\\\/person\\\/2dff99a4a5f25169576aeceb4492363d\",\"name\":\"agnieszkasuska\",\"image\":{\"@type\":\"ImageObject\",\"inLanguage\":\"pl-PL\",\"@id\":\"https:\\\/\\\/secure.gravatar.com\\\/avatar\\\/26dc97f929c8990b6508ed1261d283a39272a244f1f1d5f5eb7c7c42b16eaff5?s=96&d=mm&r=g\",\"url\":\"https:\\\/\\\/secure.gravatar.com\\\/avatar\\\/26dc97f929c8990b6508ed1261d283a39272a244f1f1d5f5eb7c7c42b16eaff5?s=96&d=mm&r=g\",\"contentUrl\":\"https:\\\/\\\/secure.gravatar.com\\\/avatar\\\/26dc97f929c8990b6508ed1261d283a39272a244f1f1d5f5eb7c7c42b16eaff5?s=96&d=mm&r=g\",\"caption\":\"agnieszkasuska\"},\"url\":\"https:\\\/\\\/pans.krosno.pl\\\/biblioteka\\\/author\\\/agnieszkasuska\\\/\"}]}<\/script>\n<!-- \/ Yoast SEO Premium plugin. -->","yoast_head_json":{"title":"Z nowo\u015bci - Biblioteka PANS w Kro\u015bnie","robots":{"index":"index","follow":"follow","max-snippet":"max-snippet:-1","max-image-preview":"max-image-preview:large","max-video-preview":"max-video-preview:-1"},"canonical":"https:\/\/pans.krosno.pl\/biblioteka\/z-nowosci-4\/","og_locale":"pl_PL","og_type":"article","og_title":"Z nowo\u015bci","og_description":"Jak oceni\u0107 dojrza\u0142o\u015b\u0107 dziecka do nauki : rozwojowe testy przesiewowe INPP i grupowy program \u0107wicze\u0144 rozwojowych dla szk\u00f3\u0142 \/ Sally Goddard Blythe ; prze\u0142o\u017cy\u0142a Maria MatuszkiewiczWarszawa : PWN, 2026 W obliczu wyzwa\u0144, jakie stawia wsp\u00f3\u0142czesna edukacja, kluczowe staje si\u0119 zrozumienie, \u017ce trudno\u015bci w nauce cz\u0119sto maj\u0105 swoje korzenie w rozwoju [\u2026] Read More","og_url":"https:\/\/pans.krosno.pl\/biblioteka\/z-nowosci-4\/","og_site_name":"Biblioteka PANS w Kro\u015bnie","article_published_time":"2026-09-01T06:00:00+00:00","og_image":[{"width":1280,"height":858,"url":"https:\/\/pans.krosno.pl\/biblioteka\/wp-content\/uploads\/sites\/4\/2021\/03\/TO.jpg","type":"image\/jpeg"}],"author":"agnieszkasuska","twitter_card":"summary_large_image","twitter_misc":{"Napisane przez":"agnieszkasuska","Szacowany czas czytania":"3 minuty"},"schema":{"@context":"https:\/\/schema.org","@graph":[{"@type":"Article","@id":"https:\/\/pans.krosno.pl\/biblioteka\/z-nowosci-4\/#article","isPartOf":{"@id":"https:\/\/pans.krosno.pl\/biblioteka\/z-nowosci-4\/"},"author":{"name":"agnieszkasuska","@id":"https:\/\/pans.krosno.pl\/biblioteka\/#\/schema\/person\/2dff99a4a5f25169576aeceb4492363d"},"headline":"Z nowo\u015bci","datePublished":"2026-09-01T06:00:00+00:00","mainEntityOfPage":{"@id":"https:\/\/pans.krosno.pl\/biblioteka\/z-nowosci-4\/"},"wordCount":435,"commentCount":0,"publisher":{"@id":"https:\/\/pans.krosno.pl\/biblioteka\/#organization"},"image":{"@id":"https:\/\/pans.krosno.pl\/biblioteka\/z-nowosci-4\/#primaryimage"},"thumbnailUrl":"https:\/\/pans.krosno.pl\/biblioteka\/wp-content\/uploads\/sites\/4\/2021\/03\/TO.jpg","articleSection":["Aktualno\u015bci"],"inLanguage":"pl-PL","potentialAction":[{"@type":"CommentAction","name":"Comment","target":["https:\/\/pans.krosno.pl\/biblioteka\/z-nowosci-4\/#respond"]}]},{"@type":"WebPage","@id":"https:\/\/pans.krosno.pl\/biblioteka\/z-nowosci-4\/","url":"https:\/\/pans.krosno.pl\/biblioteka\/z-nowosci-4\/","name":"Z nowo\u015bci - Biblioteka PANS w Kro\u015bnie","isPartOf":{"@id":"https:\/\/pans.krosno.pl\/biblioteka\/#website"},"primaryImageOfPage":{"@id":"https:\/\/pans.krosno.pl\/biblioteka\/z-nowosci-4\/#primaryimage"},"image":{"@id":"https:\/\/pans.krosno.pl\/biblioteka\/z-nowosci-4\/#primaryimage"},"thumbnailUrl":"https:\/\/pans.krosno.pl\/biblioteka\/wp-content\/uploads\/sites\/4\/2021\/03\/TO.jpg","datePublished":"2026-09-01T06:00:00+00:00","breadcrumb":{"@id":"https:\/\/pans.krosno.pl\/biblioteka\/z-nowosci-4\/#breadcrumb"},"inLanguage":"pl-PL","potentialAction":[{"@type":"ReadAction","target":["https:\/\/pans.krosno.pl\/biblioteka\/z-nowosci-4\/"]}]},{"@type":"ImageObject","inLanguage":"pl-PL","@id":"https:\/\/pans.krosno.pl\/biblioteka\/z-nowosci-4\/#primaryimage","url":"https:\/\/pans.krosno.pl\/biblioteka\/wp-content\/uploads\/sites\/4\/2021\/03\/TO.jpg","contentUrl":"https:\/\/pans.krosno.pl\/biblioteka\/wp-content\/uploads\/sites\/4\/2021\/03\/TO.jpg","width":1280,"height":858},{"@type":"BreadcrumbList","@id":"https:\/\/pans.krosno.pl\/biblioteka\/z-nowosci-4\/#breadcrumb","itemListElement":[{"@type":"ListItem","position":1,"name":"Strona g\u0142\u00f3wna","item":"https:\/\/pans.krosno.pl\/biblioteka\/"},{"@type":"ListItem","position":2,"name":"Z nowo\u015bci"}]},{"@type":"WebSite","@id":"https:\/\/pans.krosno.pl\/biblioteka\/#website","url":"https:\/\/pans.krosno.pl\/biblioteka\/","name":"Biblioteka PANS w Kro\u015bnie","description":"Biblioteka - Pa\u0144stwowa Akademia Nauk Stosowanych","publisher":{"@id":"https:\/\/pans.krosno.pl\/biblioteka\/#organization"},"potentialAction":[{"@type":"SearchAction","target":{"@type":"EntryPoint","urlTemplate":"https:\/\/pans.krosno.pl\/biblioteka\/?s={search_term_string}"},"query-input":{"@type":"PropertyValueSpecification","valueRequired":true,"valueName":"search_term_string"}}],"inLanguage":"pl-PL"},{"@type":"Organization","@id":"https:\/\/pans.krosno.pl\/biblioteka\/#organization","name":"Biblioteka PANS w Kro\u015bnie","url":"https:\/\/pans.krosno.pl\/biblioteka\/","logo":{"@type":"ImageObject","inLanguage":"pl-PL","@id":"https:\/\/pans.krosno.pl\/biblioteka\/#\/schema\/logo\/image\/","url":"https:\/\/pans.krosno.pl\/biblioteka\/wp-content\/uploads\/sites\/4\/2023\/01\/Logo-PANS-2022-pelne.png","contentUrl":"https:\/\/pans.krosno.pl\/biblioteka\/wp-content\/uploads\/sites\/4\/2023\/01\/Logo-PANS-2022-pelne.png","width":3096,"height":696,"caption":"Biblioteka PANS w Kro\u015bnie"},"image":{"@id":"https:\/\/pans.krosno.pl\/biblioteka\/#\/schema\/logo\/image\/"}},{"@type":"Person","@id":"https:\/\/pans.krosno.pl\/biblioteka\/#\/schema\/person\/2dff99a4a5f25169576aeceb4492363d","name":"agnieszkasuska","image":{"@type":"ImageObject","inLanguage":"pl-PL","@id":"https:\/\/secure.gravatar.com\/avatar\/26dc97f929c8990b6508ed1261d283a39272a244f1f1d5f5eb7c7c42b16eaff5?s=96&d=mm&r=g","url":"https:\/\/secure.gravatar.com\/avatar\/26dc97f929c8990b6508ed1261d283a39272a244f1f1d5f5eb7c7c42b16eaff5?s=96&d=mm&r=g","contentUrl":"https:\/\/secure.gravatar.com\/avatar\/26dc97f929c8990b6508ed1261d283a39272a244f1f1d5f5eb7c7c42b16eaff5?s=96&d=mm&r=g","caption":"agnieszkasuska"},"url":"https:\/\/pans.krosno.pl\/biblioteka\/author\/agnieszkasuska\/"}]}},"_links":{"self":[{"href":"https:\/\/pans.krosno.pl\/biblioteka\/wp-json\/wp\/v2\/posts\/16395","targetHints":{"allow":["GET"]}}],"collection":[{"href":"https:\/\/pans.krosno.pl\/biblioteka\/wp-json\/wp\/v2\/posts"}],"about":[{"href":"https:\/\/pans.krosno.pl\/biblioteka\/wp-json\/wp\/v2\/types\/post"}],"author":[{"embeddable":true,"href":"https:\/\/pans.krosno.pl\/biblioteka\/wp-json\/wp\/v2\/users\/77"}],"replies":[{"embeddable":true,"href":"https:\/\/pans.krosno.pl\/biblioteka\/wp-json\/wp\/v2\/comments?post=16395"}],"version-history":[{"count":1,"href":"https:\/\/pans.krosno.pl\/biblioteka\/wp-json\/wp\/v2\/posts\/16395\/revisions"}],"predecessor-version":[{"id":16398,"href":"https:\/\/pans.krosno.pl\/biblioteka\/wp-json\/wp\/v2\/posts\/16395\/revisions\/16398"}],"wp:featuredmedia":[{"embeddable":true,"href":"https:\/\/pans.krosno.pl\/biblioteka\/wp-json\/wp\/v2\/media\/2258"}],"wp:attachment":[{"href":"https:\/\/pans.krosno.pl\/biblioteka\/wp-json\/wp\/v2\/media?parent=16395"}],"wp:term":[{"taxonomy":"category","embeddable":true,"href":"https:\/\/pans.krosno.pl\/biblioteka\/wp-json\/wp\/v2\/categories?post=16395"},{"taxonomy":"post_tag","embeddable":true,"href":"https:\/\/pans.krosno.pl\/biblioteka\/wp-json\/wp\/v2\/tags?post=16395"}],"curies":[{"name":"wp","href":"https:\/\/api.w.org\/{rel}","templated":true}]}}