{"id":15470,"date":"2026-04-24T08:01:00","date_gmt":"2026-04-24T06:01:00","guid":{"rendered":"https:\/\/pans.krosno.pl\/biblioteka\/?p=15470"},"modified":"2026-04-02T11:54:50","modified_gmt":"2026-04-02T09:54:50","slug":"kartka-z-kalendarza-2035","status":"publish","type":"post","link":"https:\/\/pans.krosno.pl\/biblioteka\/kartka-z-kalendarza-2035\/","title":{"rendered":"Kartka z kalendarza"},"content":{"rendered":"\n<p>W 2014 roku  we Wroc\u0142awiu  zmar\u0142 Tadeusz R\u00f3\u017cewicz &#8211; polski poeta, dramaturg, prozaik i scenarzysta, cz\u0142onek Wydzia\u0142u VI Tw\u00f3rczo\u015bci Artystycznej Polskiej Akademii Umiej\u0119tno\u015bci. Nale\u017ca\u0142 do pokolenia Kolumb\u00f3w. Jego tomy poetyckie <em>Niepok\u00f3j<\/em> (1947) i <em>Czerwona r\u0119kawiczka<\/em> (1948) wywo\u0142a\u0142y szok \u00f3wczesnej poezji. R\u00f3\u017cewicz nada\u0142 nowy kszta\u0142t poezji, co zaliczane jest do nurtu poezji odbudowuj\u0105cej sens po tragedii Auschwitz. To nowatorstwo polega\u0142o przede wszystkim na poetyce inauguruj\u0105cej czwarty system wersyfikacji w poezji, a nast\u0119pnie pi\u0105ty, nazywany cz\u0119sto \u201er\u00f3\u017cewiczowskim\u201d. Wersyfikacj\u0119 m\u0142odego R\u00f3\u017cewicza analizowali tacy powojenni eksperci jak Maria D\u0142uska czy Zbigniew Siatkowski.<br><\/p>\n","protected":false},"excerpt":{"rendered":"<p>W 2014 roku we Wroc\u0142awiu zmar\u0142 Tadeusz R\u00f3\u017cewicz &#8211; polski poeta, dramaturg, prozaik i scenarzysta, cz\u0142onek Wydzia\u0142u VI Tw\u00f3rczo\u015bci Artystycznej Polskiej Akademii Umiej\u0119tno\u015bci. Nale\u017ca\u0142 do pokolenia Kolumb\u00f3w. Jego tomy poetyckie Niepok\u00f3j (1947) i Czerwona r\u0119kawiczka (1948) wywo\u0142a\u0142y szok \u00f3wczesnej poezji. R\u00f3\u017cewicz nada\u0142 nowy kszta\u0142t poezji, co zaliczane jest do nurtu [\u2026] <\/p>\n<div class=\"clear\"><\/div>\n<p><a class=\"more_link clearfix\" href=\"https:\/\/pans.krosno.pl\/biblioteka\/kartka-z-kalendarza-2035\/\" rel=\"nofollow\">Read More<\/a><\/p>\n","protected":false},"author":77,"featured_media":0,"comment_status":"open","ping_status":"open","sticky":false,"template":"","format":"standard","meta":{"ngg_post_thumbnail":0,"footnotes":""},"categories":[5],"tags":[],"class_list":["post-15470","post","type-post","status-publish","format-standard","hentry","category-kalendarium"],"yoast_head":"<!-- This site is optimized with the Yoast SEO Premium plugin v27.4 (Yoast SEO v27.4) - https:\/\/yoast.com\/product\/yoast-seo-premium-wordpress\/ -->\n<title>Kartka z kalendarza - Biblioteka PANS w Kro\u015bnie<\/title>\n<meta name=\"robots\" content=\"index, follow, max-snippet:-1, max-image-preview:large, max-video-preview:-1\" \/>\n<link rel=\"canonical\" href=\"https:\/\/pans.krosno.pl\/biblioteka\/kartka-z-kalendarza-2035\/\" \/>\n<meta property=\"og:locale\" content=\"pl_PL\" \/>\n<meta property=\"og:type\" content=\"article\" \/>\n<meta property=\"og:title\" content=\"Kartka z kalendarza\" \/>\n<meta property=\"og:description\" content=\"W 2014 roku we Wroc\u0142awiu zmar\u0142 Tadeusz R\u00f3\u017cewicz &#8211; polski poeta, dramaturg, prozaik i scenarzysta, cz\u0142onek Wydzia\u0142u VI Tw\u00f3rczo\u015bci Artystycznej Polskiej Akademii Umiej\u0119tno\u015bci. Nale\u017ca\u0142 do pokolenia Kolumb\u00f3w. Jego tomy poetyckie Niepok\u00f3j (1947) i Czerwona r\u0119kawiczka (1948) wywo\u0142a\u0142y szok \u00f3wczesnej poezji. R\u00f3\u017cewicz nada\u0142 nowy kszta\u0142t poezji, co zaliczane jest do nurtu [\u2026] Read More\" \/>\n<meta property=\"og:url\" content=\"https:\/\/pans.krosno.pl\/biblioteka\/kartka-z-kalendarza-2035\/\" \/>\n<meta property=\"og:site_name\" content=\"Biblioteka PANS w Kro\u015bnie\" \/>\n<meta property=\"article:published_time\" content=\"2026-04-24T06:01:00+00:00\" \/>\n<meta name=\"author\" content=\"agnieszkasuska\" \/>\n<meta name=\"twitter:card\" content=\"summary_large_image\" \/>\n<meta name=\"twitter:label1\" content=\"Napisane przez\" \/>\n\t<meta name=\"twitter:data1\" content=\"agnieszkasuska\" \/>\n\t<meta name=\"twitter:label2\" content=\"Szacowany czas czytania\" \/>\n\t<meta name=\"twitter:data2\" content=\"1 minuta\" \/>\n<script type=\"application\/ld+json\" class=\"yoast-schema-graph\">{\"@context\":\"https:\\\/\\\/schema.org\",\"@graph\":[{\"@type\":\"Article\",\"@id\":\"https:\\\/\\\/pans.krosno.pl\\\/biblioteka\\\/kartka-z-kalendarza-2035\\\/#article\",\"isPartOf\":{\"@id\":\"https:\\\/\\\/pans.krosno.pl\\\/biblioteka\\\/kartka-z-kalendarza-2035\\\/\"},\"author\":{\"name\":\"agnieszkasuska\",\"@id\":\"https:\\\/\\\/pans.krosno.pl\\\/biblioteka\\\/#\\\/schema\\\/person\\\/2dff99a4a5f25169576aeceb4492363d\"},\"headline\":\"Kartka z kalendarza\",\"datePublished\":\"2026-04-24T06:01:00+00:00\",\"mainEntityOfPage\":{\"@id\":\"https:\\\/\\\/pans.krosno.pl\\\/biblioteka\\\/kartka-z-kalendarza-2035\\\/\"},\"wordCount\":114,\"commentCount\":0,\"publisher\":{\"@id\":\"https:\\\/\\\/pans.krosno.pl\\\/biblioteka\\\/#organization\"},\"articleSection\":[\"Kalendarium\"],\"inLanguage\":\"pl-PL\",\"potentialAction\":[{\"@type\":\"CommentAction\",\"name\":\"Comment\",\"target\":[\"https:\\\/\\\/pans.krosno.pl\\\/biblioteka\\\/kartka-z-kalendarza-2035\\\/#respond\"]}]},{\"@type\":\"WebPage\",\"@id\":\"https:\\\/\\\/pans.krosno.pl\\\/biblioteka\\\/kartka-z-kalendarza-2035\\\/\",\"url\":\"https:\\\/\\\/pans.krosno.pl\\\/biblioteka\\\/kartka-z-kalendarza-2035\\\/\",\"name\":\"Kartka z kalendarza - Biblioteka PANS w Kro\u015bnie\",\"isPartOf\":{\"@id\":\"https:\\\/\\\/pans.krosno.pl\\\/biblioteka\\\/#website\"},\"datePublished\":\"2026-04-24T06:01:00+00:00\",\"breadcrumb\":{\"@id\":\"https:\\\/\\\/pans.krosno.pl\\\/biblioteka\\\/kartka-z-kalendarza-2035\\\/#breadcrumb\"},\"inLanguage\":\"pl-PL\",\"potentialAction\":[{\"@type\":\"ReadAction\",\"target\":[\"https:\\\/\\\/pans.krosno.pl\\\/biblioteka\\\/kartka-z-kalendarza-2035\\\/\"]}]},{\"@type\":\"BreadcrumbList\",\"@id\":\"https:\\\/\\\/pans.krosno.pl\\\/biblioteka\\\/kartka-z-kalendarza-2035\\\/#breadcrumb\",\"itemListElement\":[{\"@type\":\"ListItem\",\"position\":1,\"name\":\"Strona g\u0142\u00f3wna\",\"item\":\"https:\\\/\\\/pans.krosno.pl\\\/biblioteka\\\/\"},{\"@type\":\"ListItem\",\"position\":2,\"name\":\"Kartka z kalendarza\"}]},{\"@type\":\"WebSite\",\"@id\":\"https:\\\/\\\/pans.krosno.pl\\\/biblioteka\\\/#website\",\"url\":\"https:\\\/\\\/pans.krosno.pl\\\/biblioteka\\\/\",\"name\":\"Biblioteka PANS w Kro\u015bnie\",\"description\":\"Biblioteka - Pa\u0144stwowa Akademia Nauk Stosowanych\",\"publisher\":{\"@id\":\"https:\\\/\\\/pans.krosno.pl\\\/biblioteka\\\/#organization\"},\"potentialAction\":[{\"@type\":\"SearchAction\",\"target\":{\"@type\":\"EntryPoint\",\"urlTemplate\":\"https:\\\/\\\/pans.krosno.pl\\\/biblioteka\\\/?s={search_term_string}\"},\"query-input\":{\"@type\":\"PropertyValueSpecification\",\"valueRequired\":true,\"valueName\":\"search_term_string\"}}],\"inLanguage\":\"pl-PL\"},{\"@type\":\"Organization\",\"@id\":\"https:\\\/\\\/pans.krosno.pl\\\/biblioteka\\\/#organization\",\"name\":\"Biblioteka PANS w Kro\u015bnie\",\"url\":\"https:\\\/\\\/pans.krosno.pl\\\/biblioteka\\\/\",\"logo\":{\"@type\":\"ImageObject\",\"inLanguage\":\"pl-PL\",\"@id\":\"https:\\\/\\\/pans.krosno.pl\\\/biblioteka\\\/#\\\/schema\\\/logo\\\/image\\\/\",\"url\":\"https:\\\/\\\/pans.krosno.pl\\\/biblioteka\\\/wp-content\\\/uploads\\\/sites\\\/4\\\/2023\\\/01\\\/Logo-PANS-2022-pelne.png\",\"contentUrl\":\"https:\\\/\\\/pans.krosno.pl\\\/biblioteka\\\/wp-content\\\/uploads\\\/sites\\\/4\\\/2023\\\/01\\\/Logo-PANS-2022-pelne.png\",\"width\":3096,\"height\":696,\"caption\":\"Biblioteka PANS w Kro\u015bnie\"},\"image\":{\"@id\":\"https:\\\/\\\/pans.krosno.pl\\\/biblioteka\\\/#\\\/schema\\\/logo\\\/image\\\/\"}},{\"@type\":\"Person\",\"@id\":\"https:\\\/\\\/pans.krosno.pl\\\/biblioteka\\\/#\\\/schema\\\/person\\\/2dff99a4a5f25169576aeceb4492363d\",\"name\":\"agnieszkasuska\",\"image\":{\"@type\":\"ImageObject\",\"inLanguage\":\"pl-PL\",\"@id\":\"https:\\\/\\\/secure.gravatar.com\\\/avatar\\\/26dc97f929c8990b6508ed1261d283a39272a244f1f1d5f5eb7c7c42b16eaff5?s=96&d=mm&r=g\",\"url\":\"https:\\\/\\\/secure.gravatar.com\\\/avatar\\\/26dc97f929c8990b6508ed1261d283a39272a244f1f1d5f5eb7c7c42b16eaff5?s=96&d=mm&r=g\",\"contentUrl\":\"https:\\\/\\\/secure.gravatar.com\\\/avatar\\\/26dc97f929c8990b6508ed1261d283a39272a244f1f1d5f5eb7c7c42b16eaff5?s=96&d=mm&r=g\",\"caption\":\"agnieszkasuska\"},\"url\":\"https:\\\/\\\/pans.krosno.pl\\\/biblioteka\\\/author\\\/agnieszkasuska\\\/\"}]}<\/script>\n<!-- \/ Yoast SEO Premium plugin. -->","yoast_head_json":{"title":"Kartka z kalendarza - Biblioteka PANS w Kro\u015bnie","robots":{"index":"index","follow":"follow","max-snippet":"max-snippet:-1","max-image-preview":"max-image-preview:large","max-video-preview":"max-video-preview:-1"},"canonical":"https:\/\/pans.krosno.pl\/biblioteka\/kartka-z-kalendarza-2035\/","og_locale":"pl_PL","og_type":"article","og_title":"Kartka z kalendarza","og_description":"W 2014 roku we Wroc\u0142awiu zmar\u0142 Tadeusz R\u00f3\u017cewicz &#8211; polski poeta, dramaturg, prozaik i scenarzysta, cz\u0142onek Wydzia\u0142u VI Tw\u00f3rczo\u015bci Artystycznej Polskiej Akademii Umiej\u0119tno\u015bci. Nale\u017ca\u0142 do pokolenia Kolumb\u00f3w. Jego tomy poetyckie Niepok\u00f3j (1947) i Czerwona r\u0119kawiczka (1948) wywo\u0142a\u0142y szok \u00f3wczesnej poezji. R\u00f3\u017cewicz nada\u0142 nowy kszta\u0142t poezji, co zaliczane jest do nurtu [\u2026] Read More","og_url":"https:\/\/pans.krosno.pl\/biblioteka\/kartka-z-kalendarza-2035\/","og_site_name":"Biblioteka PANS w Kro\u015bnie","article_published_time":"2026-04-24T06:01:00+00:00","author":"agnieszkasuska","twitter_card":"summary_large_image","twitter_misc":{"Napisane przez":"agnieszkasuska","Szacowany czas czytania":"1 minuta"},"schema":{"@context":"https:\/\/schema.org","@graph":[{"@type":"Article","@id":"https:\/\/pans.krosno.pl\/biblioteka\/kartka-z-kalendarza-2035\/#article","isPartOf":{"@id":"https:\/\/pans.krosno.pl\/biblioteka\/kartka-z-kalendarza-2035\/"},"author":{"name":"agnieszkasuska","@id":"https:\/\/pans.krosno.pl\/biblioteka\/#\/schema\/person\/2dff99a4a5f25169576aeceb4492363d"},"headline":"Kartka z kalendarza","datePublished":"2026-04-24T06:01:00+00:00","mainEntityOfPage":{"@id":"https:\/\/pans.krosno.pl\/biblioteka\/kartka-z-kalendarza-2035\/"},"wordCount":114,"commentCount":0,"publisher":{"@id":"https:\/\/pans.krosno.pl\/biblioteka\/#organization"},"articleSection":["Kalendarium"],"inLanguage":"pl-PL","potentialAction":[{"@type":"CommentAction","name":"Comment","target":["https:\/\/pans.krosno.pl\/biblioteka\/kartka-z-kalendarza-2035\/#respond"]}]},{"@type":"WebPage","@id":"https:\/\/pans.krosno.pl\/biblioteka\/kartka-z-kalendarza-2035\/","url":"https:\/\/pans.krosno.pl\/biblioteka\/kartka-z-kalendarza-2035\/","name":"Kartka z kalendarza - Biblioteka PANS w Kro\u015bnie","isPartOf":{"@id":"https:\/\/pans.krosno.pl\/biblioteka\/#website"},"datePublished":"2026-04-24T06:01:00+00:00","breadcrumb":{"@id":"https:\/\/pans.krosno.pl\/biblioteka\/kartka-z-kalendarza-2035\/#breadcrumb"},"inLanguage":"pl-PL","potentialAction":[{"@type":"ReadAction","target":["https:\/\/pans.krosno.pl\/biblioteka\/kartka-z-kalendarza-2035\/"]}]},{"@type":"BreadcrumbList","@id":"https:\/\/pans.krosno.pl\/biblioteka\/kartka-z-kalendarza-2035\/#breadcrumb","itemListElement":[{"@type":"ListItem","position":1,"name":"Strona g\u0142\u00f3wna","item":"https:\/\/pans.krosno.pl\/biblioteka\/"},{"@type":"ListItem","position":2,"name":"Kartka z kalendarza"}]},{"@type":"WebSite","@id":"https:\/\/pans.krosno.pl\/biblioteka\/#website","url":"https:\/\/pans.krosno.pl\/biblioteka\/","name":"Biblioteka PANS w Kro\u015bnie","description":"Biblioteka - Pa\u0144stwowa Akademia Nauk Stosowanych","publisher":{"@id":"https:\/\/pans.krosno.pl\/biblioteka\/#organization"},"potentialAction":[{"@type":"SearchAction","target":{"@type":"EntryPoint","urlTemplate":"https:\/\/pans.krosno.pl\/biblioteka\/?s={search_term_string}"},"query-input":{"@type":"PropertyValueSpecification","valueRequired":true,"valueName":"search_term_string"}}],"inLanguage":"pl-PL"},{"@type":"Organization","@id":"https:\/\/pans.krosno.pl\/biblioteka\/#organization","name":"Biblioteka PANS w Kro\u015bnie","url":"https:\/\/pans.krosno.pl\/biblioteka\/","logo":{"@type":"ImageObject","inLanguage":"pl-PL","@id":"https:\/\/pans.krosno.pl\/biblioteka\/#\/schema\/logo\/image\/","url":"https:\/\/pans.krosno.pl\/biblioteka\/wp-content\/uploads\/sites\/4\/2023\/01\/Logo-PANS-2022-pelne.png","contentUrl":"https:\/\/pans.krosno.pl\/biblioteka\/wp-content\/uploads\/sites\/4\/2023\/01\/Logo-PANS-2022-pelne.png","width":3096,"height":696,"caption":"Biblioteka PANS w Kro\u015bnie"},"image":{"@id":"https:\/\/pans.krosno.pl\/biblioteka\/#\/schema\/logo\/image\/"}},{"@type":"Person","@id":"https:\/\/pans.krosno.pl\/biblioteka\/#\/schema\/person\/2dff99a4a5f25169576aeceb4492363d","name":"agnieszkasuska","image":{"@type":"ImageObject","inLanguage":"pl-PL","@id":"https:\/\/secure.gravatar.com\/avatar\/26dc97f929c8990b6508ed1261d283a39272a244f1f1d5f5eb7c7c42b16eaff5?s=96&d=mm&r=g","url":"https:\/\/secure.gravatar.com\/avatar\/26dc97f929c8990b6508ed1261d283a39272a244f1f1d5f5eb7c7c42b16eaff5?s=96&d=mm&r=g","contentUrl":"https:\/\/secure.gravatar.com\/avatar\/26dc97f929c8990b6508ed1261d283a39272a244f1f1d5f5eb7c7c42b16eaff5?s=96&d=mm&r=g","caption":"agnieszkasuska"},"url":"https:\/\/pans.krosno.pl\/biblioteka\/author\/agnieszkasuska\/"}]}},"_links":{"self":[{"href":"https:\/\/pans.krosno.pl\/biblioteka\/wp-json\/wp\/v2\/posts\/15470","targetHints":{"allow":["GET"]}}],"collection":[{"href":"https:\/\/pans.krosno.pl\/biblioteka\/wp-json\/wp\/v2\/posts"}],"about":[{"href":"https:\/\/pans.krosno.pl\/biblioteka\/wp-json\/wp\/v2\/types\/post"}],"author":[{"embeddable":true,"href":"https:\/\/pans.krosno.pl\/biblioteka\/wp-json\/wp\/v2\/users\/77"}],"replies":[{"embeddable":true,"href":"https:\/\/pans.krosno.pl\/biblioteka\/wp-json\/wp\/v2\/comments?post=15470"}],"version-history":[{"count":1,"href":"https:\/\/pans.krosno.pl\/biblioteka\/wp-json\/wp\/v2\/posts\/15470\/revisions"}],"predecessor-version":[{"id":15471,"href":"https:\/\/pans.krosno.pl\/biblioteka\/wp-json\/wp\/v2\/posts\/15470\/revisions\/15471"}],"wp:attachment":[{"href":"https:\/\/pans.krosno.pl\/biblioteka\/wp-json\/wp\/v2\/media?parent=15470"}],"wp:term":[{"taxonomy":"category","embeddable":true,"href":"https:\/\/pans.krosno.pl\/biblioteka\/wp-json\/wp\/v2\/categories?post=15470"},{"taxonomy":"post_tag","embeddable":true,"href":"https:\/\/pans.krosno.pl\/biblioteka\/wp-json\/wp\/v2\/tags?post=15470"}],"curies":[{"name":"wp","href":"https:\/\/api.w.org\/{rel}","templated":true}]}}