{"id":15341,"date":"2026-04-02T08:01:00","date_gmt":"2026-04-02T06:01:00","guid":{"rendered":"https:\/\/pans.krosno.pl\/biblioteka\/?p=15341"},"modified":"2026-03-04T13:14:27","modified_gmt":"2026-03-04T12:14:27","slug":"kartka-z-kalendarza-2013","status":"publish","type":"post","link":"https:\/\/pans.krosno.pl\/biblioteka\/kartka-z-kalendarza-2013\/","title":{"rendered":"Kartka z kalendarza"},"content":{"rendered":"\n<p>W 2005 roku w Watykanie zmar\u0142 Jan Pawe\u0142 II (Karol Wojty\u0142a) &#8211; polski\u00a0duchowny\u00a0rzymskokatolicki, 264.\u00a0papie\u017c\u00a0i 6.\u00a0Suweren Pa\u0144stwa Watyka\u0144skiego\u00a0w latach 1978\u20132005.\u00a0\u015awi\u0119ty\u00a0Ko\u015bcio\u0142a katolickiego. Poeta,\u00a0poliglota,\u00a0aktor niezawodowy,\u00a0dramaturg,\u00a0pedagog,\u00a0filozof historii,\u00a0fenomenolog,\u00a0mistyk\u00a0i przedstawiciel\u00a0personalizmu chrze\u015bcija\u0144skiego.16 pa\u017adziernika 1978 zosta\u0142 wybrany na Papie\u017ca przez\u00a0zgromadzenie kardyna\u0142\u00f3w, po \u015bmierci\u00a0Jana Paw\u0142a I. Jego wyb\u00f3r na Stolic\u0119 Piotrow\u0105 mia\u0142 szczeg\u00f3lny wp\u0142yw na wydarzenia w\u00a0Europie Wschodniej\u00a0i w\u00a0Azji\u00a0w latach 80. i 90. XX wieku, w szczeg\u00f3lno\u015bci na przemiany demokratyczne w Polsce i w innych krajach\u00a0bloku wschodniego. Od pocz\u0105tku swojego pontyfikatu prowadzi\u0142 energiczne dzia\u0142ania przeciwko\u00a0komunizmowi\u00a0i uciskowi politycznemu. Zosta\u0142 pierwszym w\u00a0III RP\u00a0kawalerem\u00a0Orderu Or\u0142a Bia\u0142ego. Przyczyni\u0142 si\u0119 do poprawienia relacji Ko\u015bcio\u0142a katolickiego z\u00a0judaizmem,\u00a0islamem, z\u00a0Ko\u015bcio\u0142em prawos\u0142awnym\u00a0oraz\u00a0Wsp\u00f3lnot\u0105 anglika\u0144sk\u0105. By\u0142 jednym z najcz\u0119\u015bciej podr\u00f3\u017cuj\u0105cych \u015bwiatowych przyw\u00f3dc\u00f3w w historii, odwiedzaj\u0105c w czasie swojego pontyfikatu\u00a0129 pa\u0144stw, co interpretowano jako ch\u0119\u0107 zbudowania relacji mi\u0119dzy r\u00f3\u017cnymi narodami i religiami. 19 grudnia 2009 zosta\u0142 og\u0142oszony\u00a0Czcigodnym S\u0142ug\u0105 Bo\u017cym\u00a0przez swojego nast\u0119pc\u0119\u00a0Benedykta XVI\u00a0i beatyfikowany 1 maja 2011 w\u00a0Niedziel\u0119 Mi\u0142osierdzia Bo\u017cego. Jan Pawe\u0142 II zosta\u0142 og\u0142oszony \u015bwi\u0119tym\u00a027 kwietnia 2014 roku. Kanonizacji dokona\u0142 papie\u017c Franciszek podczas uroczystej mszy \u015bwi\u0119tej w Watykanie, w Niedziel\u0119 Bo\u017cego Mi\u0142osierdzia, wsp\u00f3lnie z papie\u017cem Janem XXIII. By\u0142o to jedno z najwi\u0119kszych wydarze\u0144 w historii Ko\u015bcio\u0142a, wie\u0144cz\u0105ce proces trwaj\u0105cy od jego \u015bmierci.\u00a0<\/p>\n\n\n\n<p><\/p>\n","protected":false},"excerpt":{"rendered":"<p>W 2005 roku w Watykanie zmar\u0142 Jan Pawe\u0142 II (Karol Wojty\u0142a) &#8211; polski\u00a0duchowny\u00a0rzymskokatolicki, 264.\u00a0papie\u017c\u00a0i 6.\u00a0Suweren Pa\u0144stwa Watyka\u0144skiego\u00a0w latach 1978\u20132005.\u00a0\u015awi\u0119ty\u00a0Ko\u015bcio\u0142a katolickiego. Poeta,\u00a0poliglota,\u00a0aktor niezawodowy,\u00a0dramaturg,\u00a0pedagog,\u00a0filozof historii,\u00a0fenomenolog,\u00a0mistyk\u00a0i przedstawiciel\u00a0personalizmu chrze\u015bcija\u0144skiego.16 pa\u017adziernika 1978 zosta\u0142 wybrany na Papie\u017ca przez\u00a0zgromadzenie kardyna\u0142\u00f3w, po \u015bmierci\u00a0Jana Paw\u0142a I. Jego wyb\u00f3r na Stolic\u0119 Piotrow\u0105 mia\u0142 szczeg\u00f3lny wp\u0142yw na wydarzenia w\u00a0Europie Wschodniej\u00a0i w\u00a0Azji\u00a0w [\u2026] <\/p>\n<div class=\"clear\"><\/div>\n<p><a class=\"more_link clearfix\" href=\"https:\/\/pans.krosno.pl\/biblioteka\/kartka-z-kalendarza-2013\/\" rel=\"nofollow\">Read More<\/a><\/p>\n","protected":false},"author":77,"featured_media":0,"comment_status":"open","ping_status":"open","sticky":false,"template":"","format":"standard","meta":{"ngg_post_thumbnail":0,"footnotes":""},"categories":[5],"tags":[],"class_list":["post-15341","post","type-post","status-publish","format-standard","hentry","category-kalendarium"],"yoast_head":"<!-- This site is optimized with the Yoast SEO Premium plugin v27.4 (Yoast SEO v27.4) - https:\/\/yoast.com\/product\/yoast-seo-premium-wordpress\/ -->\n<title>Kartka z kalendarza - Biblioteka PANS w Kro\u015bnie<\/title>\n<meta name=\"robots\" content=\"index, follow, max-snippet:-1, max-image-preview:large, max-video-preview:-1\" \/>\n<link rel=\"canonical\" href=\"https:\/\/pans.krosno.pl\/biblioteka\/kartka-z-kalendarza-2013\/\" \/>\n<meta property=\"og:locale\" content=\"pl_PL\" \/>\n<meta property=\"og:type\" content=\"article\" \/>\n<meta property=\"og:title\" content=\"Kartka z kalendarza\" \/>\n<meta property=\"og:description\" content=\"W 2005 roku w Watykanie zmar\u0142 Jan Pawe\u0142 II (Karol Wojty\u0142a) &#8211; polski\u00a0duchowny\u00a0rzymskokatolicki, 264.\u00a0papie\u017c\u00a0i 6.\u00a0Suweren Pa\u0144stwa Watyka\u0144skiego\u00a0w latach 1978\u20132005.\u00a0\u015awi\u0119ty\u00a0Ko\u015bcio\u0142a katolickiego. Poeta,\u00a0poliglota,\u00a0aktor niezawodowy,\u00a0dramaturg,\u00a0pedagog,\u00a0filozof historii,\u00a0fenomenolog,\u00a0mistyk\u00a0i przedstawiciel\u00a0personalizmu chrze\u015bcija\u0144skiego.16 pa\u017adziernika 1978 zosta\u0142 wybrany na Papie\u017ca przez\u00a0zgromadzenie kardyna\u0142\u00f3w, po \u015bmierci\u00a0Jana Paw\u0142a I. Jego wyb\u00f3r na Stolic\u0119 Piotrow\u0105 mia\u0142 szczeg\u00f3lny wp\u0142yw na wydarzenia w\u00a0Europie Wschodniej\u00a0i w\u00a0Azji\u00a0w [\u2026] Read More\" \/>\n<meta property=\"og:url\" content=\"https:\/\/pans.krosno.pl\/biblioteka\/kartka-z-kalendarza-2013\/\" \/>\n<meta property=\"og:site_name\" content=\"Biblioteka PANS w Kro\u015bnie\" \/>\n<meta property=\"article:published_time\" content=\"2026-04-02T06:01:00+00:00\" \/>\n<meta name=\"author\" content=\"agnieszkasuska\" \/>\n<meta name=\"twitter:card\" content=\"summary_large_image\" \/>\n<meta name=\"twitter:label1\" content=\"Napisane przez\" \/>\n\t<meta name=\"twitter:data1\" content=\"agnieszkasuska\" \/>\n\t<meta name=\"twitter:label2\" content=\"Szacowany czas czytania\" \/>\n\t<meta name=\"twitter:data2\" content=\"2 minuty\" \/>\n<script type=\"application\/ld+json\" class=\"yoast-schema-graph\">{\"@context\":\"https:\\\/\\\/schema.org\",\"@graph\":[{\"@type\":\"Article\",\"@id\":\"https:\\\/\\\/pans.krosno.pl\\\/biblioteka\\\/kartka-z-kalendarza-2013\\\/#article\",\"isPartOf\":{\"@id\":\"https:\\\/\\\/pans.krosno.pl\\\/biblioteka\\\/kartka-z-kalendarza-2013\\\/\"},\"author\":{\"name\":\"agnieszkasuska\",\"@id\":\"https:\\\/\\\/pans.krosno.pl\\\/biblioteka\\\/#\\\/schema\\\/person\\\/2dff99a4a5f25169576aeceb4492363d\"},\"headline\":\"Kartka z kalendarza\",\"datePublished\":\"2026-04-02T06:01:00+00:00\",\"mainEntityOfPage\":{\"@id\":\"https:\\\/\\\/pans.krosno.pl\\\/biblioteka\\\/kartka-z-kalendarza-2013\\\/\"},\"wordCount\":268,\"commentCount\":0,\"publisher\":{\"@id\":\"https:\\\/\\\/pans.krosno.pl\\\/biblioteka\\\/#organization\"},\"articleSection\":[\"Kalendarium\"],\"inLanguage\":\"pl-PL\",\"potentialAction\":[{\"@type\":\"CommentAction\",\"name\":\"Comment\",\"target\":[\"https:\\\/\\\/pans.krosno.pl\\\/biblioteka\\\/kartka-z-kalendarza-2013\\\/#respond\"]}]},{\"@type\":\"WebPage\",\"@id\":\"https:\\\/\\\/pans.krosno.pl\\\/biblioteka\\\/kartka-z-kalendarza-2013\\\/\",\"url\":\"https:\\\/\\\/pans.krosno.pl\\\/biblioteka\\\/kartka-z-kalendarza-2013\\\/\",\"name\":\"Kartka z kalendarza - Biblioteka PANS w Kro\u015bnie\",\"isPartOf\":{\"@id\":\"https:\\\/\\\/pans.krosno.pl\\\/biblioteka\\\/#website\"},\"datePublished\":\"2026-04-02T06:01:00+00:00\",\"breadcrumb\":{\"@id\":\"https:\\\/\\\/pans.krosno.pl\\\/biblioteka\\\/kartka-z-kalendarza-2013\\\/#breadcrumb\"},\"inLanguage\":\"pl-PL\",\"potentialAction\":[{\"@type\":\"ReadAction\",\"target\":[\"https:\\\/\\\/pans.krosno.pl\\\/biblioteka\\\/kartka-z-kalendarza-2013\\\/\"]}]},{\"@type\":\"BreadcrumbList\",\"@id\":\"https:\\\/\\\/pans.krosno.pl\\\/biblioteka\\\/kartka-z-kalendarza-2013\\\/#breadcrumb\",\"itemListElement\":[{\"@type\":\"ListItem\",\"position\":1,\"name\":\"Strona g\u0142\u00f3wna\",\"item\":\"https:\\\/\\\/pans.krosno.pl\\\/biblioteka\\\/\"},{\"@type\":\"ListItem\",\"position\":2,\"name\":\"Kartka z kalendarza\"}]},{\"@type\":\"WebSite\",\"@id\":\"https:\\\/\\\/pans.krosno.pl\\\/biblioteka\\\/#website\",\"url\":\"https:\\\/\\\/pans.krosno.pl\\\/biblioteka\\\/\",\"name\":\"Biblioteka PANS w Kro\u015bnie\",\"description\":\"Biblioteka - Pa\u0144stwowa Akademia Nauk Stosowanych\",\"publisher\":{\"@id\":\"https:\\\/\\\/pans.krosno.pl\\\/biblioteka\\\/#organization\"},\"potentialAction\":[{\"@type\":\"SearchAction\",\"target\":{\"@type\":\"EntryPoint\",\"urlTemplate\":\"https:\\\/\\\/pans.krosno.pl\\\/biblioteka\\\/?s={search_term_string}\"},\"query-input\":{\"@type\":\"PropertyValueSpecification\",\"valueRequired\":true,\"valueName\":\"search_term_string\"}}],\"inLanguage\":\"pl-PL\"},{\"@type\":\"Organization\",\"@id\":\"https:\\\/\\\/pans.krosno.pl\\\/biblioteka\\\/#organization\",\"name\":\"Biblioteka PANS w Kro\u015bnie\",\"url\":\"https:\\\/\\\/pans.krosno.pl\\\/biblioteka\\\/\",\"logo\":{\"@type\":\"ImageObject\",\"inLanguage\":\"pl-PL\",\"@id\":\"https:\\\/\\\/pans.krosno.pl\\\/biblioteka\\\/#\\\/schema\\\/logo\\\/image\\\/\",\"url\":\"https:\\\/\\\/pans.krosno.pl\\\/biblioteka\\\/wp-content\\\/uploads\\\/sites\\\/4\\\/2023\\\/01\\\/Logo-PANS-2022-pelne.png\",\"contentUrl\":\"https:\\\/\\\/pans.krosno.pl\\\/biblioteka\\\/wp-content\\\/uploads\\\/sites\\\/4\\\/2023\\\/01\\\/Logo-PANS-2022-pelne.png\",\"width\":3096,\"height\":696,\"caption\":\"Biblioteka PANS w Kro\u015bnie\"},\"image\":{\"@id\":\"https:\\\/\\\/pans.krosno.pl\\\/biblioteka\\\/#\\\/schema\\\/logo\\\/image\\\/\"}},{\"@type\":\"Person\",\"@id\":\"https:\\\/\\\/pans.krosno.pl\\\/biblioteka\\\/#\\\/schema\\\/person\\\/2dff99a4a5f25169576aeceb4492363d\",\"name\":\"agnieszkasuska\",\"image\":{\"@type\":\"ImageObject\",\"inLanguage\":\"pl-PL\",\"@id\":\"https:\\\/\\\/secure.gravatar.com\\\/avatar\\\/26dc97f929c8990b6508ed1261d283a39272a244f1f1d5f5eb7c7c42b16eaff5?s=96&d=mm&r=g\",\"url\":\"https:\\\/\\\/secure.gravatar.com\\\/avatar\\\/26dc97f929c8990b6508ed1261d283a39272a244f1f1d5f5eb7c7c42b16eaff5?s=96&d=mm&r=g\",\"contentUrl\":\"https:\\\/\\\/secure.gravatar.com\\\/avatar\\\/26dc97f929c8990b6508ed1261d283a39272a244f1f1d5f5eb7c7c42b16eaff5?s=96&d=mm&r=g\",\"caption\":\"agnieszkasuska\"},\"url\":\"https:\\\/\\\/pans.krosno.pl\\\/biblioteka\\\/author\\\/agnieszkasuska\\\/\"}]}<\/script>\n<!-- \/ Yoast SEO Premium plugin. -->","yoast_head_json":{"title":"Kartka z kalendarza - Biblioteka PANS w Kro\u015bnie","robots":{"index":"index","follow":"follow","max-snippet":"max-snippet:-1","max-image-preview":"max-image-preview:large","max-video-preview":"max-video-preview:-1"},"canonical":"https:\/\/pans.krosno.pl\/biblioteka\/kartka-z-kalendarza-2013\/","og_locale":"pl_PL","og_type":"article","og_title":"Kartka z kalendarza","og_description":"W 2005 roku w Watykanie zmar\u0142 Jan Pawe\u0142 II (Karol Wojty\u0142a) &#8211; polski\u00a0duchowny\u00a0rzymskokatolicki, 264.\u00a0papie\u017c\u00a0i 6.\u00a0Suweren Pa\u0144stwa Watyka\u0144skiego\u00a0w latach 1978\u20132005.\u00a0\u015awi\u0119ty\u00a0Ko\u015bcio\u0142a katolickiego. Poeta,\u00a0poliglota,\u00a0aktor niezawodowy,\u00a0dramaturg,\u00a0pedagog,\u00a0filozof historii,\u00a0fenomenolog,\u00a0mistyk\u00a0i przedstawiciel\u00a0personalizmu chrze\u015bcija\u0144skiego.16 pa\u017adziernika 1978 zosta\u0142 wybrany na Papie\u017ca przez\u00a0zgromadzenie kardyna\u0142\u00f3w, po \u015bmierci\u00a0Jana Paw\u0142a I. Jego wyb\u00f3r na Stolic\u0119 Piotrow\u0105 mia\u0142 szczeg\u00f3lny wp\u0142yw na wydarzenia w\u00a0Europie Wschodniej\u00a0i w\u00a0Azji\u00a0w [\u2026] Read More","og_url":"https:\/\/pans.krosno.pl\/biblioteka\/kartka-z-kalendarza-2013\/","og_site_name":"Biblioteka PANS w Kro\u015bnie","article_published_time":"2026-04-02T06:01:00+00:00","author":"agnieszkasuska","twitter_card":"summary_large_image","twitter_misc":{"Napisane przez":"agnieszkasuska","Szacowany czas czytania":"2 minuty"},"schema":{"@context":"https:\/\/schema.org","@graph":[{"@type":"Article","@id":"https:\/\/pans.krosno.pl\/biblioteka\/kartka-z-kalendarza-2013\/#article","isPartOf":{"@id":"https:\/\/pans.krosno.pl\/biblioteka\/kartka-z-kalendarza-2013\/"},"author":{"name":"agnieszkasuska","@id":"https:\/\/pans.krosno.pl\/biblioteka\/#\/schema\/person\/2dff99a4a5f25169576aeceb4492363d"},"headline":"Kartka z kalendarza","datePublished":"2026-04-02T06:01:00+00:00","mainEntityOfPage":{"@id":"https:\/\/pans.krosno.pl\/biblioteka\/kartka-z-kalendarza-2013\/"},"wordCount":268,"commentCount":0,"publisher":{"@id":"https:\/\/pans.krosno.pl\/biblioteka\/#organization"},"articleSection":["Kalendarium"],"inLanguage":"pl-PL","potentialAction":[{"@type":"CommentAction","name":"Comment","target":["https:\/\/pans.krosno.pl\/biblioteka\/kartka-z-kalendarza-2013\/#respond"]}]},{"@type":"WebPage","@id":"https:\/\/pans.krosno.pl\/biblioteka\/kartka-z-kalendarza-2013\/","url":"https:\/\/pans.krosno.pl\/biblioteka\/kartka-z-kalendarza-2013\/","name":"Kartka z kalendarza - Biblioteka PANS w Kro\u015bnie","isPartOf":{"@id":"https:\/\/pans.krosno.pl\/biblioteka\/#website"},"datePublished":"2026-04-02T06:01:00+00:00","breadcrumb":{"@id":"https:\/\/pans.krosno.pl\/biblioteka\/kartka-z-kalendarza-2013\/#breadcrumb"},"inLanguage":"pl-PL","potentialAction":[{"@type":"ReadAction","target":["https:\/\/pans.krosno.pl\/biblioteka\/kartka-z-kalendarza-2013\/"]}]},{"@type":"BreadcrumbList","@id":"https:\/\/pans.krosno.pl\/biblioteka\/kartka-z-kalendarza-2013\/#breadcrumb","itemListElement":[{"@type":"ListItem","position":1,"name":"Strona g\u0142\u00f3wna","item":"https:\/\/pans.krosno.pl\/biblioteka\/"},{"@type":"ListItem","position":2,"name":"Kartka z kalendarza"}]},{"@type":"WebSite","@id":"https:\/\/pans.krosno.pl\/biblioteka\/#website","url":"https:\/\/pans.krosno.pl\/biblioteka\/","name":"Biblioteka PANS w Kro\u015bnie","description":"Biblioteka - Pa\u0144stwowa Akademia Nauk Stosowanych","publisher":{"@id":"https:\/\/pans.krosno.pl\/biblioteka\/#organization"},"potentialAction":[{"@type":"SearchAction","target":{"@type":"EntryPoint","urlTemplate":"https:\/\/pans.krosno.pl\/biblioteka\/?s={search_term_string}"},"query-input":{"@type":"PropertyValueSpecification","valueRequired":true,"valueName":"search_term_string"}}],"inLanguage":"pl-PL"},{"@type":"Organization","@id":"https:\/\/pans.krosno.pl\/biblioteka\/#organization","name":"Biblioteka PANS w Kro\u015bnie","url":"https:\/\/pans.krosno.pl\/biblioteka\/","logo":{"@type":"ImageObject","inLanguage":"pl-PL","@id":"https:\/\/pans.krosno.pl\/biblioteka\/#\/schema\/logo\/image\/","url":"https:\/\/pans.krosno.pl\/biblioteka\/wp-content\/uploads\/sites\/4\/2023\/01\/Logo-PANS-2022-pelne.png","contentUrl":"https:\/\/pans.krosno.pl\/biblioteka\/wp-content\/uploads\/sites\/4\/2023\/01\/Logo-PANS-2022-pelne.png","width":3096,"height":696,"caption":"Biblioteka PANS w Kro\u015bnie"},"image":{"@id":"https:\/\/pans.krosno.pl\/biblioteka\/#\/schema\/logo\/image\/"}},{"@type":"Person","@id":"https:\/\/pans.krosno.pl\/biblioteka\/#\/schema\/person\/2dff99a4a5f25169576aeceb4492363d","name":"agnieszkasuska","image":{"@type":"ImageObject","inLanguage":"pl-PL","@id":"https:\/\/secure.gravatar.com\/avatar\/26dc97f929c8990b6508ed1261d283a39272a244f1f1d5f5eb7c7c42b16eaff5?s=96&d=mm&r=g","url":"https:\/\/secure.gravatar.com\/avatar\/26dc97f929c8990b6508ed1261d283a39272a244f1f1d5f5eb7c7c42b16eaff5?s=96&d=mm&r=g","contentUrl":"https:\/\/secure.gravatar.com\/avatar\/26dc97f929c8990b6508ed1261d283a39272a244f1f1d5f5eb7c7c42b16eaff5?s=96&d=mm&r=g","caption":"agnieszkasuska"},"url":"https:\/\/pans.krosno.pl\/biblioteka\/author\/agnieszkasuska\/"}]}},"_links":{"self":[{"href":"https:\/\/pans.krosno.pl\/biblioteka\/wp-json\/wp\/v2\/posts\/15341","targetHints":{"allow":["GET"]}}],"collection":[{"href":"https:\/\/pans.krosno.pl\/biblioteka\/wp-json\/wp\/v2\/posts"}],"about":[{"href":"https:\/\/pans.krosno.pl\/biblioteka\/wp-json\/wp\/v2\/types\/post"}],"author":[{"embeddable":true,"href":"https:\/\/pans.krosno.pl\/biblioteka\/wp-json\/wp\/v2\/users\/77"}],"replies":[{"embeddable":true,"href":"https:\/\/pans.krosno.pl\/biblioteka\/wp-json\/wp\/v2\/comments?post=15341"}],"version-history":[{"count":4,"href":"https:\/\/pans.krosno.pl\/biblioteka\/wp-json\/wp\/v2\/posts\/15341\/revisions"}],"predecessor-version":[{"id":15350,"href":"https:\/\/pans.krosno.pl\/biblioteka\/wp-json\/wp\/v2\/posts\/15341\/revisions\/15350"}],"wp:attachment":[{"href":"https:\/\/pans.krosno.pl\/biblioteka\/wp-json\/wp\/v2\/media?parent=15341"}],"wp:term":[{"taxonomy":"category","embeddable":true,"href":"https:\/\/pans.krosno.pl\/biblioteka\/wp-json\/wp\/v2\/categories?post=15341"},{"taxonomy":"post_tag","embeddable":true,"href":"https:\/\/pans.krosno.pl\/biblioteka\/wp-json\/wp\/v2\/tags?post=15341"}],"curies":[{"name":"wp","href":"https:\/\/api.w.org\/{rel}","templated":true}]}}