{"id":249,"date":"2024-03-06T12:23:50","date_gmt":"2024-03-06T11:23:50","guid":{"rendered":"https:\/\/pans.krosno.pl\/bezpieczenstwo-wewnetrzne\/?p=249"},"modified":"2024-03-11T11:36:40","modified_gmt":"2024-03-11T10:36:40","slug":"konferencja-bezpieczenstwo-w-regionie-w-aspekcie-konfliktu-za-wschodnia-granica-polski-w-pans-w-krosnie","status":"publish","type":"post","link":"https:\/\/pans.krosno.pl\/bezpieczenstwo-wewnetrzne\/2024\/03\/06\/konferencja-bezpieczenstwo-w-regionie-w-aspekcie-konfliktu-za-wschodnia-granica-polski-w-pans-w-krosnie\/","title":{"rendered":"Konferencja &#8222;BEZPIECZE\u0143STWO W REGIONIE W ASPEKCIE KONFLIKTU ZA WSCHODNI\u0104 GRANIC\u0104 POLSKI\u201d w PANS w Kro\u015bnie"},"content":{"rendered":"\n<p>Konferencja \u201eBezpiecze\u0144stwo w regionie w aspekcie konfliktu za wschodni\u0105 granic\u0105 Polski\u201d<br>Krosno, 1 marca 2024 r.<br>Kampus Politechniczny Pa\u0144stwowej Akademii Nauk Stosowanych w Kro\u015bnie<br>ul. Dmochowskiego 12, 38-400 Krosno<br>9.00-9:30 Otwarcie konferencji \u2013 Rektor PANS \u2013 prof. Zbigniew Barabasz<br>Przywitanie uczestnik\u00f3w konferencji.<br>9:35\u201310:20 Witold Piz\u0142o, Vega Intelligence. Zagro\u017cenia od obcych s\u0142u\u017cb specjalnych dla urz\u0119dnik\u00f3w pa\u0144stwowych\/samorz\u0105dowych oraz dla biznesu. Przeciwdzia\u0142anie dezinformacji.<br>10:25-11:10 asp. Kamil Broszko, Centralne Biuro Zwalczania Cyberprzest\u0119pczo\u015bci<br>(Cyber)bezpiecze\u0144stwo podmiotu oraz pracownika. Studium przypadk\u00f3w.<br>11:15\u201312:00 Witold Piz\u0142o, Vega Intelligence<br>Zagro\u017cenia i wyzwana dla bezpiecze\u0144stwa naszego regionu w dobie konfliktu na Ukrainie.<br>12:00\u201312:15 Przerwa kawowa<br>12:15-12:40 mgr in\u017c. Daniel Bia\u0142y, Zak\u0142ad Informatyki PANS w Kro\u015bnie<br>Kradzie\u017c danych z komputera \u2013 pokaz na \u017cywo<br>12:45-13:10 mjr Micha\u0142 Piecuch, Wojskowe Centrum Rekrutacji w Ja\u015ble<br>Rodzaje s\u0142u\u017cby wojskowej<br>13:15-13:40 mgr Zdzis\u0142aw Mazurski, Zak\u0142ad Bezpiecze\u0144stwa Wewn\u0119trznego PANS<br>w Kro\u015bnie<br>Jak\u0105 rol\u0119 odgrywa informacja<br>13:40-13:50 Zako\u0144czenie konferencji<br>Organizatorzy<br>Pose\u0142 na Sejm RP Joanna Frydrych<br>Komenda Miejska Policji w Kro\u015bnie<br>Pa\u0144stwowa Akademia Nauk Stosowanych w Kro\u015bnie<br>Prezes ZP LOK Krosno Jacek Mako\u015b<br>Patronat<br>Minister Koordynator S\u0142u\u017cb Specjalnych Tomasz Siemoniak<br>Wojewoda Podkarpacki Teresa Kubas-Hul<br>Prezydent Miasta Krosna Piotr Przytock<\/p>\n\n\n\n<p>Relacja i fotorelacja: Anna S\u0142owik- Ciekli\u0144ska<\/p>\n\n\n\n<figure class=\"wp-block-gallery has-nested-images columns-default is-cropped wp-block-gallery-1 is-layout-flex wp-block-gallery-is-layout-flex\">\n<figure class=\"wp-block-image size-large\"><img loading=\"lazy\" decoding=\"async\" width=\"724\" height=\"1024\" data-id=\"250\" src=\"https:\/\/pans.krosno.pl\/bezpieczenstwo-wewnetrzne\/wp-content\/uploads\/sites\/62\/2024\/03\/plakat-724x1024.jpg\" alt=\"\" class=\"wp-image-250\" srcset=\"https:\/\/pans.krosno.pl\/bezpieczenstwo-wewnetrzne\/wp-content\/uploads\/sites\/62\/2024\/03\/plakat-724x1024.jpg 724w, https:\/\/pans.krosno.pl\/bezpieczenstwo-wewnetrzne\/wp-content\/uploads\/sites\/62\/2024\/03\/plakat-212x300.jpg 212w, https:\/\/pans.krosno.pl\/bezpieczenstwo-wewnetrzne\/wp-content\/uploads\/sites\/62\/2024\/03\/plakat-768x1086.jpg 768w, https:\/\/pans.krosno.pl\/bezpieczenstwo-wewnetrzne\/wp-content\/uploads\/sites\/62\/2024\/03\/plakat-1086x1536.jpg 1086w, https:\/\/pans.krosno.pl\/bezpieczenstwo-wewnetrzne\/wp-content\/uploads\/sites\/62\/2024\/03\/plakat-800x1132.jpg 800w, https:\/\/pans.krosno.pl\/bezpieczenstwo-wewnetrzne\/wp-content\/uploads\/sites\/62\/2024\/03\/plakat-580x821.jpg 580w, https:\/\/pans.krosno.pl\/bezpieczenstwo-wewnetrzne\/wp-content\/uploads\/sites\/62\/2024\/03\/plakat.jpg 1131w\" sizes=\"auto, (max-width: 724px) 100vw, 724px\" \/><\/figure>\n<\/figure>\n\n\n\n<figure class=\"wp-block-gallery has-nested-images columns-default is-cropped wp-block-gallery-2 is-layout-flex wp-block-gallery-is-layout-flex\">\n<figure class=\"wp-block-image size-large\"><img loading=\"lazy\" decoding=\"async\" width=\"683\" height=\"1024\" data-id=\"252\" src=\"https:\/\/pans.krosno.pl\/bezpieczenstwo-wewnetrzne\/wp-content\/uploads\/sites\/62\/2024\/03\/DSC4038-683x1024.jpg\" alt=\"\" class=\"wp-image-252\" srcset=\"https:\/\/pans.krosno.pl\/bezpieczenstwo-wewnetrzne\/wp-content\/uploads\/sites\/62\/2024\/03\/DSC4038-683x1024.jpg 683w, https:\/\/pans.krosno.pl\/bezpieczenstwo-wewnetrzne\/wp-content\/uploads\/sites\/62\/2024\/03\/DSC4038-200x300.jpg 200w, https:\/\/pans.krosno.pl\/bezpieczenstwo-wewnetrzne\/wp-content\/uploads\/sites\/62\/2024\/03\/DSC4038-768x1152.jpg 768w, https:\/\/pans.krosno.pl\/bezpieczenstwo-wewnetrzne\/wp-content\/uploads\/sites\/62\/2024\/03\/DSC4038-1024x1536.jpg 1024w, https:\/\/pans.krosno.pl\/bezpieczenstwo-wewnetrzne\/wp-content\/uploads\/sites\/62\/2024\/03\/DSC4038-1365x2048.jpg 1365w, https:\/\/pans.krosno.pl\/bezpieczenstwo-wewnetrzne\/wp-content\/uploads\/sites\/62\/2024\/03\/DSC4038-2000x3000.jpg 2000w, https:\/\/pans.krosno.pl\/bezpieczenstwo-wewnetrzne\/wp-content\/uploads\/sites\/62\/2024\/03\/DSC4038-800x1200.jpg 800w, https:\/\/pans.krosno.pl\/bezpieczenstwo-wewnetrzne\/wp-content\/uploads\/sites\/62\/2024\/03\/DSC4038-580x870.jpg 580w, https:\/\/pans.krosno.pl\/bezpieczenstwo-wewnetrzne\/wp-content\/uploads\/sites\/62\/2024\/03\/DSC4038-scaled.jpg 1707w\" sizes=\"auto, (max-width: 683px) 100vw, 683px\" \/><\/figure>\n<\/figure>\n\n\n\n<figure class=\"wp-block-gallery has-nested-images columns-default is-cropped wp-block-gallery-3 is-layout-flex wp-block-gallery-is-layout-flex\">\n<figure class=\"wp-block-image size-large\"><img loading=\"lazy\" decoding=\"async\" width=\"683\" height=\"1024\" data-id=\"253\" src=\"https:\/\/pans.krosno.pl\/bezpieczenstwo-wewnetrzne\/wp-content\/uploads\/sites\/62\/2024\/03\/DSC4045-683x1024.jpg\" alt=\"\" class=\"wp-image-253\" srcset=\"https:\/\/pans.krosno.pl\/bezpieczenstwo-wewnetrzne\/wp-content\/uploads\/sites\/62\/2024\/03\/DSC4045-683x1024.jpg 683w, https:\/\/pans.krosno.pl\/bezpieczenstwo-wewnetrzne\/wp-content\/uploads\/sites\/62\/2024\/03\/DSC4045-200x300.jpg 200w, https:\/\/pans.krosno.pl\/bezpieczenstwo-wewnetrzne\/wp-content\/uploads\/sites\/62\/2024\/03\/DSC4045-768x1152.jpg 768w, https:\/\/pans.krosno.pl\/bezpieczenstwo-wewnetrzne\/wp-content\/uploads\/sites\/62\/2024\/03\/DSC4045-1024x1536.jpg 1024w, https:\/\/pans.krosno.pl\/bezpieczenstwo-wewnetrzne\/wp-content\/uploads\/sites\/62\/2024\/03\/DSC4045-1365x2048.jpg 1365w, https:\/\/pans.krosno.pl\/bezpieczenstwo-wewnetrzne\/wp-content\/uploads\/sites\/62\/2024\/03\/DSC4045-2000x3000.jpg 2000w, https:\/\/pans.krosno.pl\/bezpieczenstwo-wewnetrzne\/wp-content\/uploads\/sites\/62\/2024\/03\/DSC4045-800x1200.jpg 800w, https:\/\/pans.krosno.pl\/bezpieczenstwo-wewnetrzne\/wp-content\/uploads\/sites\/62\/2024\/03\/DSC4045-580x870.jpg 580w, https:\/\/pans.krosno.pl\/bezpieczenstwo-wewnetrzne\/wp-content\/uploads\/sites\/62\/2024\/03\/DSC4045-scaled.jpg 1707w\" sizes=\"auto, (max-width: 683px) 100vw, 683px\" \/><\/figure>\n<\/figure>\n\n\n\n<figure class=\"wp-block-gallery has-nested-images columns-default is-cropped wp-block-gallery-4 is-layout-flex wp-block-gallery-is-layout-flex\">\n<figure class=\"wp-block-image size-large\"><img loading=\"lazy\" decoding=\"async\" width=\"1024\" height=\"683\" data-id=\"254\" src=\"https:\/\/pans.krosno.pl\/bezpieczenstwo-wewnetrzne\/wp-content\/uploads\/sites\/62\/2024\/03\/DSC4033-1024x683.jpg\" alt=\"\" class=\"wp-image-254\" srcset=\"https:\/\/pans.krosno.pl\/bezpieczenstwo-wewnetrzne\/wp-content\/uploads\/sites\/62\/2024\/03\/DSC4033-1024x683.jpg 1024w, https:\/\/pans.krosno.pl\/bezpieczenstwo-wewnetrzne\/wp-content\/uploads\/sites\/62\/2024\/03\/DSC4033-300x200.jpg 300w, https:\/\/pans.krosno.pl\/bezpieczenstwo-wewnetrzne\/wp-content\/uploads\/sites\/62\/2024\/03\/DSC4033-768x512.jpg 768w, https:\/\/pans.krosno.pl\/bezpieczenstwo-wewnetrzne\/wp-content\/uploads\/sites\/62\/2024\/03\/DSC4033-1536x1024.jpg 1536w, https:\/\/pans.krosno.pl\/bezpieczenstwo-wewnetrzne\/wp-content\/uploads\/sites\/62\/2024\/03\/DSC4033-2048x1365.jpg 2048w, https:\/\/pans.krosno.pl\/bezpieczenstwo-wewnetrzne\/wp-content\/uploads\/sites\/62\/2024\/03\/DSC4033-2000x1333.jpg 2000w, https:\/\/pans.krosno.pl\/bezpieczenstwo-wewnetrzne\/wp-content\/uploads\/sites\/62\/2024\/03\/DSC4033-800x533.jpg 800w, https:\/\/pans.krosno.pl\/bezpieczenstwo-wewnetrzne\/wp-content\/uploads\/sites\/62\/2024\/03\/DSC4033-580x387.jpg 580w\" sizes=\"auto, (max-width: 1024px) 100vw, 1024px\" \/><\/figure>\n<\/figure>\n\n\n\n<figure class=\"wp-block-gallery has-nested-images columns-default is-cropped wp-block-gallery-5 is-layout-flex wp-block-gallery-is-layout-flex\">\n<figure class=\"wp-block-image size-large\"><img loading=\"lazy\" decoding=\"async\" width=\"1024\" height=\"683\" data-id=\"255\" src=\"https:\/\/pans.krosno.pl\/bezpieczenstwo-wewnetrzne\/wp-content\/uploads\/sites\/62\/2024\/03\/DSC4036-1024x683.jpg\" alt=\"\" class=\"wp-image-255\" srcset=\"https:\/\/pans.krosno.pl\/bezpieczenstwo-wewnetrzne\/wp-content\/uploads\/sites\/62\/2024\/03\/DSC4036-1024x683.jpg 1024w, https:\/\/pans.krosno.pl\/bezpieczenstwo-wewnetrzne\/wp-content\/uploads\/sites\/62\/2024\/03\/DSC4036-300x200.jpg 300w, https:\/\/pans.krosno.pl\/bezpieczenstwo-wewnetrzne\/wp-content\/uploads\/sites\/62\/2024\/03\/DSC4036-768x512.jpg 768w, https:\/\/pans.krosno.pl\/bezpieczenstwo-wewnetrzne\/wp-content\/uploads\/sites\/62\/2024\/03\/DSC4036-1536x1024.jpg 1536w, https:\/\/pans.krosno.pl\/bezpieczenstwo-wewnetrzne\/wp-content\/uploads\/sites\/62\/2024\/03\/DSC4036-2048x1365.jpg 2048w, https:\/\/pans.krosno.pl\/bezpieczenstwo-wewnetrzne\/wp-content\/uploads\/sites\/62\/2024\/03\/DSC4036-2000x1333.jpg 2000w, https:\/\/pans.krosno.pl\/bezpieczenstwo-wewnetrzne\/wp-content\/uploads\/sites\/62\/2024\/03\/DSC4036-800x533.jpg 800w, https:\/\/pans.krosno.pl\/bezpieczenstwo-wewnetrzne\/wp-content\/uploads\/sites\/62\/2024\/03\/DSC4036-580x387.jpg 580w\" sizes=\"auto, (max-width: 1024px) 100vw, 1024px\" \/><\/figure>\n<\/figure>\n\n\n\n<figure class=\"wp-block-gallery has-nested-images columns-default is-cropped wp-block-gallery-6 is-layout-flex wp-block-gallery-is-layout-flex\">\n<figure class=\"wp-block-image size-large\"><img loading=\"lazy\" decoding=\"async\" width=\"1024\" height=\"683\" data-id=\"256\" src=\"https:\/\/pans.krosno.pl\/bezpieczenstwo-wewnetrzne\/wp-content\/uploads\/sites\/62\/2024\/03\/DSC4068-1024x683.jpg\" alt=\"\" class=\"wp-image-256\" srcset=\"https:\/\/pans.krosno.pl\/bezpieczenstwo-wewnetrzne\/wp-content\/uploads\/sites\/62\/2024\/03\/DSC4068-1024x683.jpg 1024w, https:\/\/pans.krosno.pl\/bezpieczenstwo-wewnetrzne\/wp-content\/uploads\/sites\/62\/2024\/03\/DSC4068-300x200.jpg 300w, https:\/\/pans.krosno.pl\/bezpieczenstwo-wewnetrzne\/wp-content\/uploads\/sites\/62\/2024\/03\/DSC4068-768x512.jpg 768w, https:\/\/pans.krosno.pl\/bezpieczenstwo-wewnetrzne\/wp-content\/uploads\/sites\/62\/2024\/03\/DSC4068-1536x1024.jpg 1536w, https:\/\/pans.krosno.pl\/bezpieczenstwo-wewnetrzne\/wp-content\/uploads\/sites\/62\/2024\/03\/DSC4068-2048x1365.jpg 2048w, https:\/\/pans.krosno.pl\/bezpieczenstwo-wewnetrzne\/wp-content\/uploads\/sites\/62\/2024\/03\/DSC4068-2000x1333.jpg 2000w, https:\/\/pans.krosno.pl\/bezpieczenstwo-wewnetrzne\/wp-content\/uploads\/sites\/62\/2024\/03\/DSC4068-800x533.jpg 800w, https:\/\/pans.krosno.pl\/bezpieczenstwo-wewnetrzne\/wp-content\/uploads\/sites\/62\/2024\/03\/DSC4068-580x387.jpg 580w\" sizes=\"auto, (max-width: 1024px) 100vw, 1024px\" \/><\/figure>\n<\/figure>\n\n\n\n<figure class=\"wp-block-gallery has-nested-images columns-default is-cropped wp-block-gallery-7 is-layout-flex wp-block-gallery-is-layout-flex\">\n<figure class=\"wp-block-image size-large\"><img loading=\"lazy\" decoding=\"async\" width=\"683\" height=\"1024\" data-id=\"257\" src=\"https:\/\/pans.krosno.pl\/bezpieczenstwo-wewnetrzne\/wp-content\/uploads\/sites\/62\/2024\/03\/DSC4082-683x1024.jpg\" alt=\"\" class=\"wp-image-257\" srcset=\"https:\/\/pans.krosno.pl\/bezpieczenstwo-wewnetrzne\/wp-content\/uploads\/sites\/62\/2024\/03\/DSC4082-683x1024.jpg 683w, https:\/\/pans.krosno.pl\/bezpieczenstwo-wewnetrzne\/wp-content\/uploads\/sites\/62\/2024\/03\/DSC4082-200x300.jpg 200w, https:\/\/pans.krosno.pl\/bezpieczenstwo-wewnetrzne\/wp-content\/uploads\/sites\/62\/2024\/03\/DSC4082-768x1152.jpg 768w, https:\/\/pans.krosno.pl\/bezpieczenstwo-wewnetrzne\/wp-content\/uploads\/sites\/62\/2024\/03\/DSC4082-1024x1536.jpg 1024w, https:\/\/pans.krosno.pl\/bezpieczenstwo-wewnetrzne\/wp-content\/uploads\/sites\/62\/2024\/03\/DSC4082-1365x2048.jpg 1365w, https:\/\/pans.krosno.pl\/bezpieczenstwo-wewnetrzne\/wp-content\/uploads\/sites\/62\/2024\/03\/DSC4082-2000x3000.jpg 2000w, https:\/\/pans.krosno.pl\/bezpieczenstwo-wewnetrzne\/wp-content\/uploads\/sites\/62\/2024\/03\/DSC4082-800x1200.jpg 800w, https:\/\/pans.krosno.pl\/bezpieczenstwo-wewnetrzne\/wp-content\/uploads\/sites\/62\/2024\/03\/DSC4082-580x870.jpg 580w, https:\/\/pans.krosno.pl\/bezpieczenstwo-wewnetrzne\/wp-content\/uploads\/sites\/62\/2024\/03\/DSC4082-scaled.jpg 1707w\" sizes=\"auto, (max-width: 683px) 100vw, 683px\" \/><\/figure>\n<\/figure>\n\n\n\n<figure class=\"wp-block-gallery has-nested-images columns-default is-cropped wp-block-gallery-8 is-layout-flex wp-block-gallery-is-layout-flex\">\n<figure class=\"wp-block-image size-large\"><img loading=\"lazy\" decoding=\"async\" width=\"1024\" height=\"683\" data-id=\"258\" src=\"https:\/\/pans.krosno.pl\/bezpieczenstwo-wewnetrzne\/wp-content\/uploads\/sites\/62\/2024\/03\/DSC4108-1024x683.jpg\" alt=\"\" class=\"wp-image-258\" srcset=\"https:\/\/pans.krosno.pl\/bezpieczenstwo-wewnetrzne\/wp-content\/uploads\/sites\/62\/2024\/03\/DSC4108-1024x683.jpg 1024w, https:\/\/pans.krosno.pl\/bezpieczenstwo-wewnetrzne\/wp-content\/uploads\/sites\/62\/2024\/03\/DSC4108-300x200.jpg 300w, https:\/\/pans.krosno.pl\/bezpieczenstwo-wewnetrzne\/wp-content\/uploads\/sites\/62\/2024\/03\/DSC4108-768x512.jpg 768w, https:\/\/pans.krosno.pl\/bezpieczenstwo-wewnetrzne\/wp-content\/uploads\/sites\/62\/2024\/03\/DSC4108-1536x1024.jpg 1536w, https:\/\/pans.krosno.pl\/bezpieczenstwo-wewnetrzne\/wp-content\/uploads\/sites\/62\/2024\/03\/DSC4108-2048x1365.jpg 2048w, https:\/\/pans.krosno.pl\/bezpieczenstwo-wewnetrzne\/wp-content\/uploads\/sites\/62\/2024\/03\/DSC4108-2000x1333.jpg 2000w, https:\/\/pans.krosno.pl\/bezpieczenstwo-wewnetrzne\/wp-content\/uploads\/sites\/62\/2024\/03\/DSC4108-800x533.jpg 800w, https:\/\/pans.krosno.pl\/bezpieczenstwo-wewnetrzne\/wp-content\/uploads\/sites\/62\/2024\/03\/DSC4108-580x387.jpg 580w\" sizes=\"auto, (max-width: 1024px) 100vw, 1024px\" \/><\/figure>\n<\/figure>\n\n\n\n<figure class=\"wp-block-gallery has-nested-images columns-default is-cropped wp-block-gallery-9 is-layout-flex wp-block-gallery-is-layout-flex\">\n<figure class=\"wp-block-image size-large\"><img loading=\"lazy\" decoding=\"async\" width=\"1024\" height=\"683\" data-id=\"259\" src=\"https:\/\/pans.krosno.pl\/bezpieczenstwo-wewnetrzne\/wp-content\/uploads\/sites\/62\/2024\/03\/DSC4118-1024x683.jpg\" alt=\"\" class=\"wp-image-259\" srcset=\"https:\/\/pans.krosno.pl\/bezpieczenstwo-wewnetrzne\/wp-content\/uploads\/sites\/62\/2024\/03\/DSC4118-1024x683.jpg 1024w, https:\/\/pans.krosno.pl\/bezpieczenstwo-wewnetrzne\/wp-content\/uploads\/sites\/62\/2024\/03\/DSC4118-300x200.jpg 300w, https:\/\/pans.krosno.pl\/bezpieczenstwo-wewnetrzne\/wp-content\/uploads\/sites\/62\/2024\/03\/DSC4118-768x512.jpg 768w, https:\/\/pans.krosno.pl\/bezpieczenstwo-wewnetrzne\/wp-content\/uploads\/sites\/62\/2024\/03\/DSC4118-1536x1024.jpg 1536w, https:\/\/pans.krosno.pl\/bezpieczenstwo-wewnetrzne\/wp-content\/uploads\/sites\/62\/2024\/03\/DSC4118-2048x1365.jpg 2048w, https:\/\/pans.krosno.pl\/bezpieczenstwo-wewnetrzne\/wp-content\/uploads\/sites\/62\/2024\/03\/DSC4118-2000x1333.jpg 2000w, https:\/\/pans.krosno.pl\/bezpieczenstwo-wewnetrzne\/wp-content\/uploads\/sites\/62\/2024\/03\/DSC4118-800x533.jpg 800w, https:\/\/pans.krosno.pl\/bezpieczenstwo-wewnetrzne\/wp-content\/uploads\/sites\/62\/2024\/03\/DSC4118-580x387.jpg 580w\" sizes=\"auto, (max-width: 1024px) 100vw, 1024px\" \/><\/figure>\n<\/figure>\n\n\n\n<figure class=\"wp-block-gallery has-nested-images columns-default is-cropped wp-block-gallery-10 is-layout-flex wp-block-gallery-is-layout-flex\">\n<figure class=\"wp-block-image size-large\"><img loading=\"lazy\" decoding=\"async\" width=\"1024\" height=\"683\" data-id=\"260\" src=\"https:\/\/pans.krosno.pl\/bezpieczenstwo-wewnetrzne\/wp-content\/uploads\/sites\/62\/2024\/03\/DSC4123-1024x683.jpg\" alt=\"\" class=\"wp-image-260\" srcset=\"https:\/\/pans.krosno.pl\/bezpieczenstwo-wewnetrzne\/wp-content\/uploads\/sites\/62\/2024\/03\/DSC4123-1024x683.jpg 1024w, https:\/\/pans.krosno.pl\/bezpieczenstwo-wewnetrzne\/wp-content\/uploads\/sites\/62\/2024\/03\/DSC4123-300x200.jpg 300w, https:\/\/pans.krosno.pl\/bezpieczenstwo-wewnetrzne\/wp-content\/uploads\/sites\/62\/2024\/03\/DSC4123-768x512.jpg 768w, https:\/\/pans.krosno.pl\/bezpieczenstwo-wewnetrzne\/wp-content\/uploads\/sites\/62\/2024\/03\/DSC4123-1536x1024.jpg 1536w, https:\/\/pans.krosno.pl\/bezpieczenstwo-wewnetrzne\/wp-content\/uploads\/sites\/62\/2024\/03\/DSC4123-2048x1365.jpg 2048w, https:\/\/pans.krosno.pl\/bezpieczenstwo-wewnetrzne\/wp-content\/uploads\/sites\/62\/2024\/03\/DSC4123-2000x1333.jpg 2000w, https:\/\/pans.krosno.pl\/bezpieczenstwo-wewnetrzne\/wp-content\/uploads\/sites\/62\/2024\/03\/DSC4123-800x533.jpg 800w, https:\/\/pans.krosno.pl\/bezpieczenstwo-wewnetrzne\/wp-content\/uploads\/sites\/62\/2024\/03\/DSC4123-580x387.jpg 580w\" sizes=\"auto, (max-width: 1024px) 100vw, 1024px\" \/><\/figure>\n<\/figure>\n\n\n\n<figure class=\"wp-block-gallery has-nested-images columns-default is-cropped wp-block-gallery-11 is-layout-flex wp-block-gallery-is-layout-flex\">\n<figure class=\"wp-block-image size-large\"><img loading=\"lazy\" decoding=\"async\" width=\"1024\" height=\"768\" data-id=\"261\" src=\"https:\/\/pans.krosno.pl\/bezpieczenstwo-wewnetrzne\/wp-content\/uploads\/sites\/62\/2024\/03\/Mazurski-1024x768.jpg\" alt=\"\" class=\"wp-image-261\" srcset=\"https:\/\/pans.krosno.pl\/bezpieczenstwo-wewnetrzne\/wp-content\/uploads\/sites\/62\/2024\/03\/Mazurski-1024x768.jpg 1024w, https:\/\/pans.krosno.pl\/bezpieczenstwo-wewnetrzne\/wp-content\/uploads\/sites\/62\/2024\/03\/Mazurski-300x225.jpg 300w, https:\/\/pans.krosno.pl\/bezpieczenstwo-wewnetrzne\/wp-content\/uploads\/sites\/62\/2024\/03\/Mazurski-768x576.jpg 768w, https:\/\/pans.krosno.pl\/bezpieczenstwo-wewnetrzne\/wp-content\/uploads\/sites\/62\/2024\/03\/Mazurski-1536x1152.jpg 1536w, https:\/\/pans.krosno.pl\/bezpieczenstwo-wewnetrzne\/wp-content\/uploads\/sites\/62\/2024\/03\/Mazurski-2000x1500.jpg 2000w, https:\/\/pans.krosno.pl\/bezpieczenstwo-wewnetrzne\/wp-content\/uploads\/sites\/62\/2024\/03\/Mazurski-800x600.jpg 800w, https:\/\/pans.krosno.pl\/bezpieczenstwo-wewnetrzne\/wp-content\/uploads\/sites\/62\/2024\/03\/Mazurski-580x435.jpg 580w, https:\/\/pans.krosno.pl\/bezpieczenstwo-wewnetrzne\/wp-content\/uploads\/sites\/62\/2024\/03\/Mazurski.jpg 2048w\" sizes=\"auto, (max-width: 1024px) 100vw, 1024px\" \/><\/figure>\n<\/figure>\n","protected":false},"excerpt":{"rendered":"<p>Konferencja \u201eBezpiecze\u0144stwo w regionie w aspekcie konfliktu za wschodni\u0105 granic\u0105 Polski\u201dKrosno, 1 marca 2024 r.Kampus Politechniczny Pa\u0144stwowej Akademii Nauk Stosowanych w Kro\u015bnieul. Dmochowskiego 12, 38-400 Krosno9.00-9:30 Otwarcie konferencji \u2013 Rektor PANS \u2013 prof. Zbigniew BarabaszPrzywitanie uczestnik\u00f3w konferencji.9:35\u201310:20 Witold Piz\u0142o, Vega Intelligence. Zagro\u017cenia od obcych s\u0142u\u017cb specjalnych dla urz\u0119dnik\u00f3w pa\u0144stwowych\/samorz\u0105dowych oraz [\u2026] <\/p>\n<div class=\"clear\"><\/div>\n<p><a class=\"more_link clearfix\" href=\"https:\/\/pans.krosno.pl\/bezpieczenstwo-wewnetrzne\/2024\/03\/06\/konferencja-bezpieczenstwo-w-regionie-w-aspekcie-konfliktu-za-wschodnia-granica-polski-w-pans-w-krosnie\/\" rel=\"nofollow\">Read More<\/a><\/p>\n","protected":false},"author":84,"featured_media":250,"comment_status":"open","ping_status":"open","sticky":false,"template":"","format":"standard","meta":{"ngg_post_thumbnail":0,"footnotes":""},"categories":[5],"tags":[],"class_list":["post-249","post","type-post","status-publish","format-standard","has-post-thumbnail","hentry","category-aktualnosci"],"yoast_head":"<!-- This site is optimized with the Yoast SEO Premium plugin v27.4 (Yoast SEO v27.4) - https:\/\/yoast.com\/product\/yoast-seo-premium-wordpress\/ -->\n<title>Konferencja &quot;BEZPIECZE\u0143STWO W REGIONIE W ASPEKCIE KONFLIKTU ZA WSCHODNI\u0104 GRANIC\u0104 POLSKI\u201d w PANS w Kro\u015bnie - Bezpiecze\u0144stwo Wewn\u0119trzne PANS w Kro\u015bnie<\/title>\n<meta name=\"robots\" content=\"index, follow, max-snippet:-1, max-image-preview:large, max-video-preview:-1\" \/>\n<link rel=\"canonical\" href=\"https:\/\/pans.krosno.pl\/bezpieczenstwo-wewnetrzne\/2024\/03\/06\/konferencja-bezpieczenstwo-w-regionie-w-aspekcie-konfliktu-za-wschodnia-granica-polski-w-pans-w-krosnie\/\" \/>\n<meta property=\"og:locale\" content=\"pl_PL\" \/>\n<meta property=\"og:type\" content=\"article\" \/>\n<meta property=\"og:title\" content=\"Konferencja &quot;BEZPIECZE\u0143STWO W REGIONIE W ASPEKCIE KONFLIKTU ZA WSCHODNI\u0104 GRANIC\u0104 POLSKI\u201d w PANS w Kro\u015bnie\" \/>\n<meta property=\"og:description\" content=\"Konferencja \u201eBezpiecze\u0144stwo w regionie w aspekcie konfliktu za wschodni\u0105 granic\u0105 Polski\u201dKrosno, 1 marca 2024 r.Kampus Politechniczny Pa\u0144stwowej Akademii Nauk Stosowanych w Kro\u015bnieul. Dmochowskiego 12, 38-400 Krosno9.00-9:30 Otwarcie konferencji \u2013 Rektor PANS \u2013 prof. Zbigniew BarabaszPrzywitanie uczestnik\u00f3w konferencji.9:35\u201310:20 Witold Piz\u0142o, Vega Intelligence. Zagro\u017cenia od obcych s\u0142u\u017cb specjalnych dla urz\u0119dnik\u00f3w pa\u0144stwowych\/samorz\u0105dowych oraz [\u2026] Read More\" \/>\n<meta property=\"og:url\" content=\"https:\/\/pans.krosno.pl\/bezpieczenstwo-wewnetrzne\/2024\/03\/06\/konferencja-bezpieczenstwo-w-regionie-w-aspekcie-konfliktu-za-wschodnia-granica-polski-w-pans-w-krosnie\/\" \/>\n<meta property=\"og:site_name\" content=\"Bezpiecze\u0144stwo Wewn\u0119trzne PANS w Kro\u015bnie\" \/>\n<meta property=\"article:publisher\" content=\"https:\/\/www.facebook.com\/StudiaKrosno\/\" \/>\n<meta property=\"article:published_time\" content=\"2024-03-06T11:23:50+00:00\" \/>\n<meta property=\"article:modified_time\" content=\"2024-03-11T10:36:40+00:00\" \/>\n<meta property=\"og:image\" content=\"https:\/\/pans.krosno.pl\/wp-content\/uploads\/sites\/62\/2024\/03\/plakat.jpg\" \/>\n\t<meta property=\"og:image:width\" content=\"1131\" \/>\n\t<meta property=\"og:image:height\" content=\"1600\" \/>\n\t<meta property=\"og:image:type\" content=\"image\/jpeg\" \/>\n<meta name=\"author\" content=\"annaslowik\" \/>\n<meta name=\"twitter:card\" content=\"summary_large_image\" \/>\n<meta name=\"twitter:label1\" content=\"Napisane przez\" \/>\n\t<meta name=\"twitter:data1\" content=\"annaslowik\" \/>\n\t<meta name=\"twitter:label2\" content=\"Szacowany czas czytania\" \/>\n\t<meta name=\"twitter:data2\" content=\"4 minuty\" \/>\n<script type=\"application\/ld+json\" class=\"yoast-schema-graph\">{\"@context\":\"https:\\\/\\\/schema.org\",\"@graph\":[{\"@type\":\"Article\",\"@id\":\"https:\\\/\\\/pans.krosno.pl\\\/bezpieczenstwo-wewnetrzne\\\/2024\\\/03\\\/06\\\/konferencja-bezpieczenstwo-w-regionie-w-aspekcie-konfliktu-za-wschodnia-granica-polski-w-pans-w-krosnie\\\/#article\",\"isPartOf\":{\"@id\":\"https:\\\/\\\/pans.krosno.pl\\\/bezpieczenstwo-wewnetrzne\\\/2024\\\/03\\\/06\\\/konferencja-bezpieczenstwo-w-regionie-w-aspekcie-konfliktu-za-wschodnia-granica-polski-w-pans-w-krosnie\\\/\"},\"author\":{\"name\":\"annaslowik\",\"@id\":\"https:\\\/\\\/pans.krosno.pl\\\/bezpieczenstwo-wewnetrzne\\\/#\\\/schema\\\/person\\\/86c05f8a1bf363b1514ff8d4a17340b6\"},\"headline\":\"Konferencja &#8222;BEZPIECZE\u0143STWO W REGIONIE W ASPEKCIE KONFLIKTU ZA WSCHODNI\u0104 GRANIC\u0104 POLSKI\u201d w PANS w Kro\u015bnie\",\"datePublished\":\"2024-03-06T11:23:50+00:00\",\"dateModified\":\"2024-03-11T10:36:40+00:00\",\"mainEntityOfPage\":{\"@id\":\"https:\\\/\\\/pans.krosno.pl\\\/bezpieczenstwo-wewnetrzne\\\/2024\\\/03\\\/06\\\/konferencja-bezpieczenstwo-w-regionie-w-aspekcie-konfliktu-za-wschodnia-granica-polski-w-pans-w-krosnie\\\/\"},\"wordCount\":221,\"commentCount\":0,\"publisher\":{\"@id\":\"https:\\\/\\\/pans.krosno.pl\\\/bezpieczenstwo-wewnetrzne\\\/#organization\"},\"image\":{\"@id\":\"https:\\\/\\\/pans.krosno.pl\\\/bezpieczenstwo-wewnetrzne\\\/2024\\\/03\\\/06\\\/konferencja-bezpieczenstwo-w-regionie-w-aspekcie-konfliktu-za-wschodnia-granica-polski-w-pans-w-krosnie\\\/#primaryimage\"},\"thumbnailUrl\":\"https:\\\/\\\/pans.krosno.pl\\\/bezpieczenstwo-wewnetrzne\\\/wp-content\\\/uploads\\\/sites\\\/62\\\/2024\\\/03\\\/plakat.jpg\",\"articleSection\":[\"Aktualno\u015bci\"],\"inLanguage\":\"pl-PL\",\"potentialAction\":[{\"@type\":\"CommentAction\",\"name\":\"Comment\",\"target\":[\"https:\\\/\\\/pans.krosno.pl\\\/bezpieczenstwo-wewnetrzne\\\/2024\\\/03\\\/06\\\/konferencja-bezpieczenstwo-w-regionie-w-aspekcie-konfliktu-za-wschodnia-granica-polski-w-pans-w-krosnie\\\/#respond\"]}]},{\"@type\":\"WebPage\",\"@id\":\"https:\\\/\\\/pans.krosno.pl\\\/bezpieczenstwo-wewnetrzne\\\/2024\\\/03\\\/06\\\/konferencja-bezpieczenstwo-w-regionie-w-aspekcie-konfliktu-za-wschodnia-granica-polski-w-pans-w-krosnie\\\/\",\"url\":\"https:\\\/\\\/pans.krosno.pl\\\/bezpieczenstwo-wewnetrzne\\\/2024\\\/03\\\/06\\\/konferencja-bezpieczenstwo-w-regionie-w-aspekcie-konfliktu-za-wschodnia-granica-polski-w-pans-w-krosnie\\\/\",\"name\":\"Konferencja \\\"BEZPIECZE\u0143STWO W REGIONIE W ASPEKCIE KONFLIKTU ZA WSCHODNI\u0104 GRANIC\u0104 POLSKI\u201d w PANS w Kro\u015bnie - Bezpiecze\u0144stwo Wewn\u0119trzne PANS w Kro\u015bnie\",\"isPartOf\":{\"@id\":\"https:\\\/\\\/pans.krosno.pl\\\/bezpieczenstwo-wewnetrzne\\\/#website\"},\"primaryImageOfPage\":{\"@id\":\"https:\\\/\\\/pans.krosno.pl\\\/bezpieczenstwo-wewnetrzne\\\/2024\\\/03\\\/06\\\/konferencja-bezpieczenstwo-w-regionie-w-aspekcie-konfliktu-za-wschodnia-granica-polski-w-pans-w-krosnie\\\/#primaryimage\"},\"image\":{\"@id\":\"https:\\\/\\\/pans.krosno.pl\\\/bezpieczenstwo-wewnetrzne\\\/2024\\\/03\\\/06\\\/konferencja-bezpieczenstwo-w-regionie-w-aspekcie-konfliktu-za-wschodnia-granica-polski-w-pans-w-krosnie\\\/#primaryimage\"},\"thumbnailUrl\":\"https:\\\/\\\/pans.krosno.pl\\\/bezpieczenstwo-wewnetrzne\\\/wp-content\\\/uploads\\\/sites\\\/62\\\/2024\\\/03\\\/plakat.jpg\",\"datePublished\":\"2024-03-06T11:23:50+00:00\",\"dateModified\":\"2024-03-11T10:36:40+00:00\",\"breadcrumb\":{\"@id\":\"https:\\\/\\\/pans.krosno.pl\\\/bezpieczenstwo-wewnetrzne\\\/2024\\\/03\\\/06\\\/konferencja-bezpieczenstwo-w-regionie-w-aspekcie-konfliktu-za-wschodnia-granica-polski-w-pans-w-krosnie\\\/#breadcrumb\"},\"inLanguage\":\"pl-PL\",\"potentialAction\":[{\"@type\":\"ReadAction\",\"target\":[\"https:\\\/\\\/pans.krosno.pl\\\/bezpieczenstwo-wewnetrzne\\\/2024\\\/03\\\/06\\\/konferencja-bezpieczenstwo-w-regionie-w-aspekcie-konfliktu-za-wschodnia-granica-polski-w-pans-w-krosnie\\\/\"]}]},{\"@type\":\"ImageObject\",\"inLanguage\":\"pl-PL\",\"@id\":\"https:\\\/\\\/pans.krosno.pl\\\/bezpieczenstwo-wewnetrzne\\\/2024\\\/03\\\/06\\\/konferencja-bezpieczenstwo-w-regionie-w-aspekcie-konfliktu-za-wschodnia-granica-polski-w-pans-w-krosnie\\\/#primaryimage\",\"url\":\"https:\\\/\\\/pans.krosno.pl\\\/bezpieczenstwo-wewnetrzne\\\/wp-content\\\/uploads\\\/sites\\\/62\\\/2024\\\/03\\\/plakat.jpg\",\"contentUrl\":\"https:\\\/\\\/pans.krosno.pl\\\/bezpieczenstwo-wewnetrzne\\\/wp-content\\\/uploads\\\/sites\\\/62\\\/2024\\\/03\\\/plakat.jpg\",\"width\":1131,\"height\":1600},{\"@type\":\"BreadcrumbList\",\"@id\":\"https:\\\/\\\/pans.krosno.pl\\\/bezpieczenstwo-wewnetrzne\\\/2024\\\/03\\\/06\\\/konferencja-bezpieczenstwo-w-regionie-w-aspekcie-konfliktu-za-wschodnia-granica-polski-w-pans-w-krosnie\\\/#breadcrumb\",\"itemListElement\":[{\"@type\":\"ListItem\",\"position\":1,\"name\":\"Strona g\u0142\u00f3wna\",\"item\":\"https:\\\/\\\/pans.krosno.pl\\\/bezpieczenstwo-wewnetrzne\\\/\"},{\"@type\":\"ListItem\",\"position\":2,\"name\":\"Aktualno\u015bci\",\"item\":\"https:\\\/\\\/pans.krosno.pl\\\/bezpieczenstwo-wewnetrzne\\\/category\\\/aktualnosci\\\/\"},{\"@type\":\"ListItem\",\"position\":3,\"name\":\"Konferencja &#8222;BEZPIECZE\u0143STWO W REGIONIE W ASPEKCIE KONFLIKTU ZA WSCHODNI\u0104 GRANIC\u0104 POLSKI\u201d w PANS w Kro\u015bnie\"}]},{\"@type\":\"WebSite\",\"@id\":\"https:\\\/\\\/pans.krosno.pl\\\/bezpieczenstwo-wewnetrzne\\\/#website\",\"url\":\"https:\\\/\\\/pans.krosno.pl\\\/bezpieczenstwo-wewnetrzne\\\/\",\"name\":\"KPU w Kro\u015bnie\",\"description\":\"Pa\u0144stwowa Akademia Nauk Stosowanych w Kro\u015bnie\",\"publisher\":{\"@id\":\"https:\\\/\\\/pans.krosno.pl\\\/bezpieczenstwo-wewnetrzne\\\/#organization\"},\"alternateName\":\"PANS Krosno\",\"potentialAction\":[{\"@type\":\"SearchAction\",\"target\":{\"@type\":\"EntryPoint\",\"urlTemplate\":\"https:\\\/\\\/pans.krosno.pl\\\/bezpieczenstwo-wewnetrzne\\\/?s={search_term_string}\"},\"query-input\":{\"@type\":\"PropertyValueSpecification\",\"valueRequired\":true,\"valueName\":\"search_term_string\"}}],\"inLanguage\":\"pl-PL\"},{\"@type\":\"Organization\",\"@id\":\"https:\\\/\\\/pans.krosno.pl\\\/bezpieczenstwo-wewnetrzne\\\/#organization\",\"name\":\"Karpacka Pa\u0144stwowa Uczelnia w Kro\u015bnie\",\"url\":\"https:\\\/\\\/pans.krosno.pl\\\/bezpieczenstwo-wewnetrzne\\\/\",\"logo\":{\"@type\":\"ImageObject\",\"inLanguage\":\"pl-PL\",\"@id\":\"https:\\\/\\\/pans.krosno.pl\\\/bezpieczenstwo-wewnetrzne\\\/#\\\/schema\\\/logo\\\/image\\\/\",\"url\":\"https:\\\/\\\/pans.krosno.pl\\\/wp-content\\\/uploads\\\/2020\\\/04\\\/unnamed-1.png\",\"contentUrl\":\"https:\\\/\\\/pans.krosno.pl\\\/wp-content\\\/uploads\\\/2020\\\/04\\\/unnamed-1.png\",\"width\":2238,\"height\":372,\"caption\":\"Karpacka Pa\u0144stwowa Uczelnia w Kro\u015bnie\"},\"image\":{\"@id\":\"https:\\\/\\\/pans.krosno.pl\\\/bezpieczenstwo-wewnetrzne\\\/#\\\/schema\\\/logo\\\/image\\\/\"},\"sameAs\":[\"https:\\\/\\\/www.facebook.com\\\/StudiaKrosno\\\/\",\"https:\\\/\\\/www.instagram.com\\\/studia.krosno\",\"https:\\\/\\\/pl.linkedin.com\\\/company\\\/pwsz-krosno\",\"https:\\\/\\\/www.youtube.com\\\/user\\\/pwszkrosno\\\/\",\"https:\\\/\\\/pl.wikipedia.org\\\/wiki\\\/Pa\u0144stwowa_Wy\u017csza_Szko\u0142a_Zawodowa_im._Stanis\u0142awa_Pigonia_w_Kro\u015bnie\"]},{\"@type\":\"Person\",\"@id\":\"https:\\\/\\\/pans.krosno.pl\\\/bezpieczenstwo-wewnetrzne\\\/#\\\/schema\\\/person\\\/86c05f8a1bf363b1514ff8d4a17340b6\",\"name\":\"annaslowik\",\"image\":{\"@type\":\"ImageObject\",\"inLanguage\":\"pl-PL\",\"@id\":\"https:\\\/\\\/secure.gravatar.com\\\/avatar\\\/01b517ae85ac682565259901e6e23132f0ffaf63a3421e1df7a4527b8e99fd3c?s=96&d=mm&r=g\",\"url\":\"https:\\\/\\\/secure.gravatar.com\\\/avatar\\\/01b517ae85ac682565259901e6e23132f0ffaf63a3421e1df7a4527b8e99fd3c?s=96&d=mm&r=g\",\"contentUrl\":\"https:\\\/\\\/secure.gravatar.com\\\/avatar\\\/01b517ae85ac682565259901e6e23132f0ffaf63a3421e1df7a4527b8e99fd3c?s=96&d=mm&r=g\",\"caption\":\"annaslowik\"},\"url\":\"https:\\\/\\\/pans.krosno.pl\\\/bezpieczenstwo-wewnetrzne\\\/author\\\/annaslowik\\\/\"}]}<\/script>\n<!-- \/ Yoast SEO Premium plugin. -->","yoast_head_json":{"title":"Konferencja \"BEZPIECZE\u0143STWO W REGIONIE W ASPEKCIE KONFLIKTU ZA WSCHODNI\u0104 GRANIC\u0104 POLSKI\u201d w PANS w Kro\u015bnie - Bezpiecze\u0144stwo Wewn\u0119trzne PANS w Kro\u015bnie","robots":{"index":"index","follow":"follow","max-snippet":"max-snippet:-1","max-image-preview":"max-image-preview:large","max-video-preview":"max-video-preview:-1"},"canonical":"https:\/\/pans.krosno.pl\/bezpieczenstwo-wewnetrzne\/2024\/03\/06\/konferencja-bezpieczenstwo-w-regionie-w-aspekcie-konfliktu-za-wschodnia-granica-polski-w-pans-w-krosnie\/","og_locale":"pl_PL","og_type":"article","og_title":"Konferencja \"BEZPIECZE\u0143STWO W REGIONIE W ASPEKCIE KONFLIKTU ZA WSCHODNI\u0104 GRANIC\u0104 POLSKI\u201d w PANS w Kro\u015bnie","og_description":"Konferencja \u201eBezpiecze\u0144stwo w regionie w aspekcie konfliktu za wschodni\u0105 granic\u0105 Polski\u201dKrosno, 1 marca 2024 r.Kampus Politechniczny Pa\u0144stwowej Akademii Nauk Stosowanych w Kro\u015bnieul. Dmochowskiego 12, 38-400 Krosno9.00-9:30 Otwarcie konferencji \u2013 Rektor PANS \u2013 prof. Zbigniew BarabaszPrzywitanie uczestnik\u00f3w konferencji.9:35\u201310:20 Witold Piz\u0142o, Vega Intelligence. Zagro\u017cenia od obcych s\u0142u\u017cb specjalnych dla urz\u0119dnik\u00f3w pa\u0144stwowych\/samorz\u0105dowych oraz [\u2026] Read More","og_url":"https:\/\/pans.krosno.pl\/bezpieczenstwo-wewnetrzne\/2024\/03\/06\/konferencja-bezpieczenstwo-w-regionie-w-aspekcie-konfliktu-za-wschodnia-granica-polski-w-pans-w-krosnie\/","og_site_name":"Bezpiecze\u0144stwo Wewn\u0119trzne PANS w Kro\u015bnie","article_publisher":"https:\/\/www.facebook.com\/StudiaKrosno\/","article_published_time":"2024-03-06T11:23:50+00:00","article_modified_time":"2024-03-11T10:36:40+00:00","og_image":[{"width":1131,"height":1600,"url":"https:\/\/pans.krosno.pl\/wp-content\/uploads\/sites\/62\/2024\/03\/plakat.jpg","type":"image\/jpeg"}],"author":"annaslowik","twitter_card":"summary_large_image","twitter_misc":{"Napisane przez":"annaslowik","Szacowany czas czytania":"4 minuty"},"schema":{"@context":"https:\/\/schema.org","@graph":[{"@type":"Article","@id":"https:\/\/pans.krosno.pl\/bezpieczenstwo-wewnetrzne\/2024\/03\/06\/konferencja-bezpieczenstwo-w-regionie-w-aspekcie-konfliktu-za-wschodnia-granica-polski-w-pans-w-krosnie\/#article","isPartOf":{"@id":"https:\/\/pans.krosno.pl\/bezpieczenstwo-wewnetrzne\/2024\/03\/06\/konferencja-bezpieczenstwo-w-regionie-w-aspekcie-konfliktu-za-wschodnia-granica-polski-w-pans-w-krosnie\/"},"author":{"name":"annaslowik","@id":"https:\/\/pans.krosno.pl\/bezpieczenstwo-wewnetrzne\/#\/schema\/person\/86c05f8a1bf363b1514ff8d4a17340b6"},"headline":"Konferencja &#8222;BEZPIECZE\u0143STWO W REGIONIE W ASPEKCIE KONFLIKTU ZA WSCHODNI\u0104 GRANIC\u0104 POLSKI\u201d w PANS w Kro\u015bnie","datePublished":"2024-03-06T11:23:50+00:00","dateModified":"2024-03-11T10:36:40+00:00","mainEntityOfPage":{"@id":"https:\/\/pans.krosno.pl\/bezpieczenstwo-wewnetrzne\/2024\/03\/06\/konferencja-bezpieczenstwo-w-regionie-w-aspekcie-konfliktu-za-wschodnia-granica-polski-w-pans-w-krosnie\/"},"wordCount":221,"commentCount":0,"publisher":{"@id":"https:\/\/pans.krosno.pl\/bezpieczenstwo-wewnetrzne\/#organization"},"image":{"@id":"https:\/\/pans.krosno.pl\/bezpieczenstwo-wewnetrzne\/2024\/03\/06\/konferencja-bezpieczenstwo-w-regionie-w-aspekcie-konfliktu-za-wschodnia-granica-polski-w-pans-w-krosnie\/#primaryimage"},"thumbnailUrl":"https:\/\/pans.krosno.pl\/bezpieczenstwo-wewnetrzne\/wp-content\/uploads\/sites\/62\/2024\/03\/plakat.jpg","articleSection":["Aktualno\u015bci"],"inLanguage":"pl-PL","potentialAction":[{"@type":"CommentAction","name":"Comment","target":["https:\/\/pans.krosno.pl\/bezpieczenstwo-wewnetrzne\/2024\/03\/06\/konferencja-bezpieczenstwo-w-regionie-w-aspekcie-konfliktu-za-wschodnia-granica-polski-w-pans-w-krosnie\/#respond"]}]},{"@type":"WebPage","@id":"https:\/\/pans.krosno.pl\/bezpieczenstwo-wewnetrzne\/2024\/03\/06\/konferencja-bezpieczenstwo-w-regionie-w-aspekcie-konfliktu-za-wschodnia-granica-polski-w-pans-w-krosnie\/","url":"https:\/\/pans.krosno.pl\/bezpieczenstwo-wewnetrzne\/2024\/03\/06\/konferencja-bezpieczenstwo-w-regionie-w-aspekcie-konfliktu-za-wschodnia-granica-polski-w-pans-w-krosnie\/","name":"Konferencja \"BEZPIECZE\u0143STWO W REGIONIE W ASPEKCIE KONFLIKTU ZA WSCHODNI\u0104 GRANIC\u0104 POLSKI\u201d w PANS w Kro\u015bnie - Bezpiecze\u0144stwo Wewn\u0119trzne PANS w Kro\u015bnie","isPartOf":{"@id":"https:\/\/pans.krosno.pl\/bezpieczenstwo-wewnetrzne\/#website"},"primaryImageOfPage":{"@id":"https:\/\/pans.krosno.pl\/bezpieczenstwo-wewnetrzne\/2024\/03\/06\/konferencja-bezpieczenstwo-w-regionie-w-aspekcie-konfliktu-za-wschodnia-granica-polski-w-pans-w-krosnie\/#primaryimage"},"image":{"@id":"https:\/\/pans.krosno.pl\/bezpieczenstwo-wewnetrzne\/2024\/03\/06\/konferencja-bezpieczenstwo-w-regionie-w-aspekcie-konfliktu-za-wschodnia-granica-polski-w-pans-w-krosnie\/#primaryimage"},"thumbnailUrl":"https:\/\/pans.krosno.pl\/bezpieczenstwo-wewnetrzne\/wp-content\/uploads\/sites\/62\/2024\/03\/plakat.jpg","datePublished":"2024-03-06T11:23:50+00:00","dateModified":"2024-03-11T10:36:40+00:00","breadcrumb":{"@id":"https:\/\/pans.krosno.pl\/bezpieczenstwo-wewnetrzne\/2024\/03\/06\/konferencja-bezpieczenstwo-w-regionie-w-aspekcie-konfliktu-za-wschodnia-granica-polski-w-pans-w-krosnie\/#breadcrumb"},"inLanguage":"pl-PL","potentialAction":[{"@type":"ReadAction","target":["https:\/\/pans.krosno.pl\/bezpieczenstwo-wewnetrzne\/2024\/03\/06\/konferencja-bezpieczenstwo-w-regionie-w-aspekcie-konfliktu-za-wschodnia-granica-polski-w-pans-w-krosnie\/"]}]},{"@type":"ImageObject","inLanguage":"pl-PL","@id":"https:\/\/pans.krosno.pl\/bezpieczenstwo-wewnetrzne\/2024\/03\/06\/konferencja-bezpieczenstwo-w-regionie-w-aspekcie-konfliktu-za-wschodnia-granica-polski-w-pans-w-krosnie\/#primaryimage","url":"https:\/\/pans.krosno.pl\/bezpieczenstwo-wewnetrzne\/wp-content\/uploads\/sites\/62\/2024\/03\/plakat.jpg","contentUrl":"https:\/\/pans.krosno.pl\/bezpieczenstwo-wewnetrzne\/wp-content\/uploads\/sites\/62\/2024\/03\/plakat.jpg","width":1131,"height":1600},{"@type":"BreadcrumbList","@id":"https:\/\/pans.krosno.pl\/bezpieczenstwo-wewnetrzne\/2024\/03\/06\/konferencja-bezpieczenstwo-w-regionie-w-aspekcie-konfliktu-za-wschodnia-granica-polski-w-pans-w-krosnie\/#breadcrumb","itemListElement":[{"@type":"ListItem","position":1,"name":"Strona g\u0142\u00f3wna","item":"https:\/\/pans.krosno.pl\/bezpieczenstwo-wewnetrzne\/"},{"@type":"ListItem","position":2,"name":"Aktualno\u015bci","item":"https:\/\/pans.krosno.pl\/bezpieczenstwo-wewnetrzne\/category\/aktualnosci\/"},{"@type":"ListItem","position":3,"name":"Konferencja &#8222;BEZPIECZE\u0143STWO W REGIONIE W ASPEKCIE KONFLIKTU ZA WSCHODNI\u0104 GRANIC\u0104 POLSKI\u201d w PANS w Kro\u015bnie"}]},{"@type":"WebSite","@id":"https:\/\/pans.krosno.pl\/bezpieczenstwo-wewnetrzne\/#website","url":"https:\/\/pans.krosno.pl\/bezpieczenstwo-wewnetrzne\/","name":"KPU w Kro\u015bnie","description":"Pa\u0144stwowa Akademia Nauk Stosowanych w Kro\u015bnie","publisher":{"@id":"https:\/\/pans.krosno.pl\/bezpieczenstwo-wewnetrzne\/#organization"},"alternateName":"PANS Krosno","potentialAction":[{"@type":"SearchAction","target":{"@type":"EntryPoint","urlTemplate":"https:\/\/pans.krosno.pl\/bezpieczenstwo-wewnetrzne\/?s={search_term_string}"},"query-input":{"@type":"PropertyValueSpecification","valueRequired":true,"valueName":"search_term_string"}}],"inLanguage":"pl-PL"},{"@type":"Organization","@id":"https:\/\/pans.krosno.pl\/bezpieczenstwo-wewnetrzne\/#organization","name":"Karpacka Pa\u0144stwowa Uczelnia w Kro\u015bnie","url":"https:\/\/pans.krosno.pl\/bezpieczenstwo-wewnetrzne\/","logo":{"@type":"ImageObject","inLanguage":"pl-PL","@id":"https:\/\/pans.krosno.pl\/bezpieczenstwo-wewnetrzne\/#\/schema\/logo\/image\/","url":"https:\/\/pans.krosno.pl\/wp-content\/uploads\/2020\/04\/unnamed-1.png","contentUrl":"https:\/\/pans.krosno.pl\/wp-content\/uploads\/2020\/04\/unnamed-1.png","width":2238,"height":372,"caption":"Karpacka Pa\u0144stwowa Uczelnia w Kro\u015bnie"},"image":{"@id":"https:\/\/pans.krosno.pl\/bezpieczenstwo-wewnetrzne\/#\/schema\/logo\/image\/"},"sameAs":["https:\/\/www.facebook.com\/StudiaKrosno\/","https:\/\/www.instagram.com\/studia.krosno","https:\/\/pl.linkedin.com\/company\/pwsz-krosno","https:\/\/www.youtube.com\/user\/pwszkrosno\/","https:\/\/pl.wikipedia.org\/wiki\/Pa\u0144stwowa_Wy\u017csza_Szko\u0142a_Zawodowa_im._Stanis\u0142awa_Pigonia_w_Kro\u015bnie"]},{"@type":"Person","@id":"https:\/\/pans.krosno.pl\/bezpieczenstwo-wewnetrzne\/#\/schema\/person\/86c05f8a1bf363b1514ff8d4a17340b6","name":"annaslowik","image":{"@type":"ImageObject","inLanguage":"pl-PL","@id":"https:\/\/secure.gravatar.com\/avatar\/01b517ae85ac682565259901e6e23132f0ffaf63a3421e1df7a4527b8e99fd3c?s=96&d=mm&r=g","url":"https:\/\/secure.gravatar.com\/avatar\/01b517ae85ac682565259901e6e23132f0ffaf63a3421e1df7a4527b8e99fd3c?s=96&d=mm&r=g","contentUrl":"https:\/\/secure.gravatar.com\/avatar\/01b517ae85ac682565259901e6e23132f0ffaf63a3421e1df7a4527b8e99fd3c?s=96&d=mm&r=g","caption":"annaslowik"},"url":"https:\/\/pans.krosno.pl\/bezpieczenstwo-wewnetrzne\/author\/annaslowik\/"}]}},"_links":{"self":[{"href":"https:\/\/pans.krosno.pl\/bezpieczenstwo-wewnetrzne\/wp-json\/wp\/v2\/posts\/249","targetHints":{"allow":["GET"]}}],"collection":[{"href":"https:\/\/pans.krosno.pl\/bezpieczenstwo-wewnetrzne\/wp-json\/wp\/v2\/posts"}],"about":[{"href":"https:\/\/pans.krosno.pl\/bezpieczenstwo-wewnetrzne\/wp-json\/wp\/v2\/types\/post"}],"author":[{"embeddable":true,"href":"https:\/\/pans.krosno.pl\/bezpieczenstwo-wewnetrzne\/wp-json\/wp\/v2\/users\/84"}],"replies":[{"embeddable":true,"href":"https:\/\/pans.krosno.pl\/bezpieczenstwo-wewnetrzne\/wp-json\/wp\/v2\/comments?post=249"}],"version-history":[{"count":3,"href":"https:\/\/pans.krosno.pl\/bezpieczenstwo-wewnetrzne\/wp-json\/wp\/v2\/posts\/249\/revisions"}],"predecessor-version":[{"id":283,"href":"https:\/\/pans.krosno.pl\/bezpieczenstwo-wewnetrzne\/wp-json\/wp\/v2\/posts\/249\/revisions\/283"}],"wp:featuredmedia":[{"embeddable":true,"href":"https:\/\/pans.krosno.pl\/bezpieczenstwo-wewnetrzne\/wp-json\/wp\/v2\/media\/250"}],"wp:attachment":[{"href":"https:\/\/pans.krosno.pl\/bezpieczenstwo-wewnetrzne\/wp-json\/wp\/v2\/media?parent=249"}],"wp:term":[{"taxonomy":"category","embeddable":true,"href":"https:\/\/pans.krosno.pl\/bezpieczenstwo-wewnetrzne\/wp-json\/wp\/v2\/categories?post=249"},{"taxonomy":"post_tag","embeddable":true,"href":"https:\/\/pans.krosno.pl\/bezpieczenstwo-wewnetrzne\/wp-json\/wp\/v2\/tags?post=249"}],"curies":[{"name":"wp","href":"https:\/\/api.w.org\/{rel}","templated":true}]}}