{"id":1083,"date":"2026-03-17T21:34:20","date_gmt":"2026-03-17T20:34:20","guid":{"rendered":"https:\/\/pans.krosno.pl\/bezpieczenstwo-wewnetrzne\/?p=1083"},"modified":"2026-03-18T21:57:17","modified_gmt":"2026-03-18T20:57:17","slug":"dzien-edukacji-prawniczej-w-sadzie-okregowym-w-krosnie","status":"publish","type":"post","link":"https:\/\/pans.krosno.pl\/bezpieczenstwo-wewnetrzne\/2026\/03\/17\/dzien-edukacji-prawniczej-w-sadzie-okregowym-w-krosnie\/","title":{"rendered":"Dzie\u0144 Edukacji Prawniczej w S\u0105dzie Okr\u0119gowym w Kro\u015bnie"},"content":{"rendered":"\n<p>W ramach obchod\u00f3w Dnia Edukacji Prawnej studenci I roku Bezpiecze\u0144stwa wewn\u0119trznego mieli okazj\u0119 wzi\u0105\u0107 udzia\u0142 w wyk\u0142adzie prowadzonym przez s\u0119dziego Artura Lipi\u0144skiego w S\u0105dzie Okr\u0119gowym w Kro\u015bnie. Spotkanie stanowi\u0142o cenne do\u015bwiadczenie edukacyjne, pozwalaj\u0105ce na poszerzenie wiedzy z zakresu funkcjonowania wymiaru sprawiedliwo\u015bci oraz praktycznych aspekt\u00f3w stosowania prawa. Podczas wyk\u0142adu s\u0119dzia om\u00f3wi\u0142 najwa\u017cniejsze zagadnienia zwi\u0105zane z prac\u0105 s\u0105d\u00f3w, rol\u0105 s\u0119dziego oraz podstaw prawa polskiego, ze szczeg\u00f3lnym uwzgl\u0119dnieniem roli Konstytucji RP jako najwa\u017cniejszego aktu prawnego w pa\u0144stwie. Wyst\u0105pienie wzbogacone by\u0142o przyk\u0142adami z praktyki, co pozwoli\u0142o lepiej zrozumie\u0107 omawiane kwestie.<br><br>Tekst: Emilia\u00a0Kwolek- studentka\u00a0I\u00a0roku\u00a0Bezpiecze\u0144stwa\u00a0Wewn\u0119trznego<\/p>\n\n\n\n<p>Zdj\u0119cia: dr Anna S\u0142owik- Ciekli\u0144ska<\/p>\n\n\n\n<figure class=\"wp-block-gallery has-nested-images columns-default is-cropped wp-block-gallery-1 is-layout-flex wp-block-gallery-is-layout-flex\">\n<figure class=\"wp-block-image size-large\"><img loading=\"lazy\" decoding=\"async\" width=\"1024\" height=\"746\" data-id=\"1085\" src=\"https:\/\/pans.krosno.pl\/bezpieczenstwo-wewnetrzne\/wp-content\/uploads\/sites\/62\/2026\/03\/988aebee-31c3-41c7-8e9b-9c6958341d1c-1024x746.jpg\" alt=\"\" class=\"wp-image-1085\" srcset=\"https:\/\/pans.krosno.pl\/bezpieczenstwo-wewnetrzne\/wp-content\/uploads\/sites\/62\/2026\/03\/988aebee-31c3-41c7-8e9b-9c6958341d1c-1024x746.jpg 1024w, https:\/\/pans.krosno.pl\/bezpieczenstwo-wewnetrzne\/wp-content\/uploads\/sites\/62\/2026\/03\/988aebee-31c3-41c7-8e9b-9c6958341d1c-300x219.jpg 300w, https:\/\/pans.krosno.pl\/bezpieczenstwo-wewnetrzne\/wp-content\/uploads\/sites\/62\/2026\/03\/988aebee-31c3-41c7-8e9b-9c6958341d1c-768x560.jpg 768w, https:\/\/pans.krosno.pl\/bezpieczenstwo-wewnetrzne\/wp-content\/uploads\/sites\/62\/2026\/03\/988aebee-31c3-41c7-8e9b-9c6958341d1c-1536x1119.jpg 1536w, https:\/\/pans.krosno.pl\/bezpieczenstwo-wewnetrzne\/wp-content\/uploads\/sites\/62\/2026\/03\/988aebee-31c3-41c7-8e9b-9c6958341d1c-2000x1457.jpg 2000w, https:\/\/pans.krosno.pl\/bezpieczenstwo-wewnetrzne\/wp-content\/uploads\/sites\/62\/2026\/03\/988aebee-31c3-41c7-8e9b-9c6958341d1c-800x583.jpg 800w, https:\/\/pans.krosno.pl\/bezpieczenstwo-wewnetrzne\/wp-content\/uploads\/sites\/62\/2026\/03\/988aebee-31c3-41c7-8e9b-9c6958341d1c-580x423.jpg 580w, https:\/\/pans.krosno.pl\/bezpieczenstwo-wewnetrzne\/wp-content\/uploads\/sites\/62\/2026\/03\/988aebee-31c3-41c7-8e9b-9c6958341d1c.jpg 2048w\" sizes=\"auto, (max-width: 1024px) 100vw, 1024px\" \/><\/figure>\n\n\n\n<figure class=\"wp-block-image size-large\"><img loading=\"lazy\" decoding=\"async\" width=\"1024\" height=\"611\" data-id=\"1086\" src=\"https:\/\/pans.krosno.pl\/bezpieczenstwo-wewnetrzne\/wp-content\/uploads\/sites\/62\/2026\/03\/5003fa1a-f9f6-4c76-b08a-e480b42809eb-1024x611.jpg\" alt=\"\" class=\"wp-image-1086\" srcset=\"https:\/\/pans.krosno.pl\/bezpieczenstwo-wewnetrzne\/wp-content\/uploads\/sites\/62\/2026\/03\/5003fa1a-f9f6-4c76-b08a-e480b42809eb-1024x611.jpg 1024w, https:\/\/pans.krosno.pl\/bezpieczenstwo-wewnetrzne\/wp-content\/uploads\/sites\/62\/2026\/03\/5003fa1a-f9f6-4c76-b08a-e480b42809eb-300x179.jpg 300w, https:\/\/pans.krosno.pl\/bezpieczenstwo-wewnetrzne\/wp-content\/uploads\/sites\/62\/2026\/03\/5003fa1a-f9f6-4c76-b08a-e480b42809eb-768x458.jpg 768w, https:\/\/pans.krosno.pl\/bezpieczenstwo-wewnetrzne\/wp-content\/uploads\/sites\/62\/2026\/03\/5003fa1a-f9f6-4c76-b08a-e480b42809eb-1536x916.jpg 1536w, https:\/\/pans.krosno.pl\/bezpieczenstwo-wewnetrzne\/wp-content\/uploads\/sites\/62\/2026\/03\/5003fa1a-f9f6-4c76-b08a-e480b42809eb-2000x1192.jpg 2000w, https:\/\/pans.krosno.pl\/bezpieczenstwo-wewnetrzne\/wp-content\/uploads\/sites\/62\/2026\/03\/5003fa1a-f9f6-4c76-b08a-e480b42809eb-800x477.jpg 800w, https:\/\/pans.krosno.pl\/bezpieczenstwo-wewnetrzne\/wp-content\/uploads\/sites\/62\/2026\/03\/5003fa1a-f9f6-4c76-b08a-e480b42809eb-580x346.jpg 580w, https:\/\/pans.krosno.pl\/bezpieczenstwo-wewnetrzne\/wp-content\/uploads\/sites\/62\/2026\/03\/5003fa1a-f9f6-4c76-b08a-e480b42809eb.jpg 2048w\" sizes=\"auto, (max-width: 1024px) 100vw, 1024px\" \/><\/figure>\n\n\n\n<figure class=\"wp-block-image size-large\"><img loading=\"lazy\" decoding=\"async\" width=\"741\" height=\"1024\" data-id=\"1087\" src=\"https:\/\/pans.krosno.pl\/bezpieczenstwo-wewnetrzne\/wp-content\/uploads\/sites\/62\/2026\/03\/08526823-4dac-446a-bcc7-866e312a20ce-741x1024.jpg\" alt=\"\" class=\"wp-image-1087\" srcset=\"https:\/\/pans.krosno.pl\/bezpieczenstwo-wewnetrzne\/wp-content\/uploads\/sites\/62\/2026\/03\/08526823-4dac-446a-bcc7-866e312a20ce-741x1024.jpg 741w, https:\/\/pans.krosno.pl\/bezpieczenstwo-wewnetrzne\/wp-content\/uploads\/sites\/62\/2026\/03\/08526823-4dac-446a-bcc7-866e312a20ce-217x300.jpg 217w, https:\/\/pans.krosno.pl\/bezpieczenstwo-wewnetrzne\/wp-content\/uploads\/sites\/62\/2026\/03\/08526823-4dac-446a-bcc7-866e312a20ce-768x1061.jpg 768w, https:\/\/pans.krosno.pl\/bezpieczenstwo-wewnetrzne\/wp-content\/uploads\/sites\/62\/2026\/03\/08526823-4dac-446a-bcc7-866e312a20ce-1112x1536.jpg 1112w, https:\/\/pans.krosno.pl\/bezpieczenstwo-wewnetrzne\/wp-content\/uploads\/sites\/62\/2026\/03\/08526823-4dac-446a-bcc7-866e312a20ce-800x1106.jpg 800w, https:\/\/pans.krosno.pl\/bezpieczenstwo-wewnetrzne\/wp-content\/uploads\/sites\/62\/2026\/03\/08526823-4dac-446a-bcc7-866e312a20ce-580x802.jpg 580w, https:\/\/pans.krosno.pl\/bezpieczenstwo-wewnetrzne\/wp-content\/uploads\/sites\/62\/2026\/03\/08526823-4dac-446a-bcc7-866e312a20ce.jpg 1482w\" sizes=\"auto, (max-width: 741px) 100vw, 741px\" \/><\/figure>\n\n\n\n<figure class=\"wp-block-image size-large\"><img loading=\"lazy\" decoding=\"async\" width=\"1024\" height=\"588\" data-id=\"1084\" src=\"https:\/\/pans.krosno.pl\/bezpieczenstwo-wewnetrzne\/wp-content\/uploads\/sites\/62\/2026\/03\/2dac972e-426d-4344-aa39-5386b391175f-1024x588.jpg\" alt=\"\" class=\"wp-image-1084\" srcset=\"https:\/\/pans.krosno.pl\/bezpieczenstwo-wewnetrzne\/wp-content\/uploads\/sites\/62\/2026\/03\/2dac972e-426d-4344-aa39-5386b391175f-1024x588.jpg 1024w, https:\/\/pans.krosno.pl\/bezpieczenstwo-wewnetrzne\/wp-content\/uploads\/sites\/62\/2026\/03\/2dac972e-426d-4344-aa39-5386b391175f-300x172.jpg 300w, https:\/\/pans.krosno.pl\/bezpieczenstwo-wewnetrzne\/wp-content\/uploads\/sites\/62\/2026\/03\/2dac972e-426d-4344-aa39-5386b391175f-768x441.jpg 768w, https:\/\/pans.krosno.pl\/bezpieczenstwo-wewnetrzne\/wp-content\/uploads\/sites\/62\/2026\/03\/2dac972e-426d-4344-aa39-5386b391175f-1536x881.jpg 1536w, https:\/\/pans.krosno.pl\/bezpieczenstwo-wewnetrzne\/wp-content\/uploads\/sites\/62\/2026\/03\/2dac972e-426d-4344-aa39-5386b391175f-2000x1147.jpg 2000w, https:\/\/pans.krosno.pl\/bezpieczenstwo-wewnetrzne\/wp-content\/uploads\/sites\/62\/2026\/03\/2dac972e-426d-4344-aa39-5386b391175f-800x459.jpg 800w, https:\/\/pans.krosno.pl\/bezpieczenstwo-wewnetrzne\/wp-content\/uploads\/sites\/62\/2026\/03\/2dac972e-426d-4344-aa39-5386b391175f-580x333.jpg 580w, https:\/\/pans.krosno.pl\/bezpieczenstwo-wewnetrzne\/wp-content\/uploads\/sites\/62\/2026\/03\/2dac972e-426d-4344-aa39-5386b391175f.jpg 2048w\" sizes=\"auto, (max-width: 1024px) 100vw, 1024px\" \/><\/figure>\n\n\n\n<figure class=\"wp-block-image size-large\"><img loading=\"lazy\" decoding=\"async\" width=\"1024\" height=\"627\" data-id=\"1088\" src=\"https:\/\/pans.krosno.pl\/bezpieczenstwo-wewnetrzne\/wp-content\/uploads\/sites\/62\/2026\/03\/fc55c35d-e134-45e1-bb27-789d74b433d1-1024x627.jpg\" alt=\"\" class=\"wp-image-1088\" srcset=\"https:\/\/pans.krosno.pl\/bezpieczenstwo-wewnetrzne\/wp-content\/uploads\/sites\/62\/2026\/03\/fc55c35d-e134-45e1-bb27-789d74b433d1-1024x627.jpg 1024w, https:\/\/pans.krosno.pl\/bezpieczenstwo-wewnetrzne\/wp-content\/uploads\/sites\/62\/2026\/03\/fc55c35d-e134-45e1-bb27-789d74b433d1-300x184.jpg 300w, https:\/\/pans.krosno.pl\/bezpieczenstwo-wewnetrzne\/wp-content\/uploads\/sites\/62\/2026\/03\/fc55c35d-e134-45e1-bb27-789d74b433d1-768x470.jpg 768w, https:\/\/pans.krosno.pl\/bezpieczenstwo-wewnetrzne\/wp-content\/uploads\/sites\/62\/2026\/03\/fc55c35d-e134-45e1-bb27-789d74b433d1-1536x940.jpg 1536w, https:\/\/pans.krosno.pl\/bezpieczenstwo-wewnetrzne\/wp-content\/uploads\/sites\/62\/2026\/03\/fc55c35d-e134-45e1-bb27-789d74b433d1-2000x1224.jpg 2000w, https:\/\/pans.krosno.pl\/bezpieczenstwo-wewnetrzne\/wp-content\/uploads\/sites\/62\/2026\/03\/fc55c35d-e134-45e1-bb27-789d74b433d1-800x489.jpg 800w, https:\/\/pans.krosno.pl\/bezpieczenstwo-wewnetrzne\/wp-content\/uploads\/sites\/62\/2026\/03\/fc55c35d-e134-45e1-bb27-789d74b433d1-580x355.jpg 580w, https:\/\/pans.krosno.pl\/bezpieczenstwo-wewnetrzne\/wp-content\/uploads\/sites\/62\/2026\/03\/fc55c35d-e134-45e1-bb27-789d74b433d1.jpg 2048w\" sizes=\"auto, (max-width: 1024px) 100vw, 1024px\" \/><\/figure>\n<\/figure>\n","protected":false},"excerpt":{"rendered":"<p>W ramach obchod\u00f3w Dnia Edukacji Prawnej studenci I roku Bezpiecze\u0144stwa wewn\u0119trznego mieli okazj\u0119 wzi\u0105\u0107 udzia\u0142 w wyk\u0142adzie prowadzonym przez s\u0119dziego Artura Lipi\u0144skiego w S\u0105dzie Okr\u0119gowym w Kro\u015bnie. Spotkanie stanowi\u0142o cenne do\u015bwiadczenie edukacyjne, pozwalaj\u0105ce na poszerzenie wiedzy z zakresu funkcjonowania wymiaru sprawiedliwo\u015bci oraz praktycznych aspekt\u00f3w stosowania prawa. Podczas wyk\u0142adu s\u0119dzia om\u00f3wi\u0142 [\u2026] <\/p>\n<div class=\"clear\"><\/div>\n<p><a class=\"more_link clearfix\" href=\"https:\/\/pans.krosno.pl\/bezpieczenstwo-wewnetrzne\/2026\/03\/17\/dzien-edukacji-prawniczej-w-sadzie-okregowym-w-krosnie\/\" rel=\"nofollow\">Read More<\/a><\/p>\n","protected":false},"author":84,"featured_media":1085,"comment_status":"open","ping_status":"open","sticky":false,"template":"","format":"standard","meta":{"ngg_post_thumbnail":0,"footnotes":""},"categories":[1],"tags":[],"class_list":["post-1083","post","type-post","status-publish","format-standard","has-post-thumbnail","hentry","category-bez-kategorii"],"yoast_head":"<!-- This site is optimized with the Yoast SEO Premium plugin v27.4 (Yoast SEO v27.4) - https:\/\/yoast.com\/product\/yoast-seo-premium-wordpress\/ -->\n<title>Dzie\u0144 Edukacji Prawniczej w S\u0105dzie Okr\u0119gowym w Kro\u015bnie - Bezpiecze\u0144stwo Wewn\u0119trzne PANS w Kro\u015bnie<\/title>\n<meta name=\"robots\" content=\"index, follow, max-snippet:-1, max-image-preview:large, max-video-preview:-1\" \/>\n<link rel=\"canonical\" href=\"https:\/\/pans.krosno.pl\/bezpieczenstwo-wewnetrzne\/2026\/03\/17\/dzien-edukacji-prawniczej-w-sadzie-okregowym-w-krosnie\/\" \/>\n<meta property=\"og:locale\" content=\"pl_PL\" \/>\n<meta property=\"og:type\" content=\"article\" \/>\n<meta property=\"og:title\" content=\"Dzie\u0144 Edukacji Prawniczej w S\u0105dzie Okr\u0119gowym w Kro\u015bnie\" \/>\n<meta property=\"og:description\" content=\"W ramach obchod\u00f3w Dnia Edukacji Prawnej studenci I roku Bezpiecze\u0144stwa wewn\u0119trznego mieli okazj\u0119 wzi\u0105\u0107 udzia\u0142 w wyk\u0142adzie prowadzonym przez s\u0119dziego Artura Lipi\u0144skiego w S\u0105dzie Okr\u0119gowym w Kro\u015bnie. Spotkanie stanowi\u0142o cenne do\u015bwiadczenie edukacyjne, pozwalaj\u0105ce na poszerzenie wiedzy z zakresu funkcjonowania wymiaru sprawiedliwo\u015bci oraz praktycznych aspekt\u00f3w stosowania prawa. Podczas wyk\u0142adu s\u0119dzia om\u00f3wi\u0142 [\u2026] Read More\" \/>\n<meta property=\"og:url\" content=\"https:\/\/pans.krosno.pl\/bezpieczenstwo-wewnetrzne\/2026\/03\/17\/dzien-edukacji-prawniczej-w-sadzie-okregowym-w-krosnie\/\" \/>\n<meta property=\"og:site_name\" content=\"Bezpiecze\u0144stwo Wewn\u0119trzne PANS w Kro\u015bnie\" \/>\n<meta property=\"article:publisher\" content=\"https:\/\/www.facebook.com\/StudiaKrosno\/\" \/>\n<meta property=\"article:published_time\" content=\"2026-03-17T20:34:20+00:00\" \/>\n<meta property=\"article:modified_time\" content=\"2026-03-18T20:57:17+00:00\" \/>\n<meta property=\"og:image\" content=\"https:\/\/pans.krosno.pl\/bezpieczenstwo-wewnetrzne\/wp-content\/uploads\/sites\/62\/2026\/03\/988aebee-31c3-41c7-8e9b-9c6958341d1c.jpg\" \/>\n\t<meta property=\"og:image:width\" content=\"2048\" \/>\n\t<meta property=\"og:image:height\" content=\"1492\" \/>\n\t<meta property=\"og:image:type\" content=\"image\/jpeg\" \/>\n<meta name=\"author\" content=\"annaslowik\" \/>\n<meta name=\"twitter:card\" content=\"summary_large_image\" \/>\n<meta name=\"twitter:label1\" content=\"Napisane przez\" \/>\n\t<meta name=\"twitter:data1\" content=\"annaslowik\" \/>\n\t<meta name=\"twitter:label2\" content=\"Szacowany czas czytania\" \/>\n\t<meta name=\"twitter:data2\" content=\"2 minuty\" \/>\n<script type=\"application\/ld+json\" class=\"yoast-schema-graph\">{\"@context\":\"https:\\\/\\\/schema.org\",\"@graph\":[{\"@type\":\"Article\",\"@id\":\"https:\\\/\\\/pans.krosno.pl\\\/bezpieczenstwo-wewnetrzne\\\/2026\\\/03\\\/17\\\/dzien-edukacji-prawniczej-w-sadzie-okregowym-w-krosnie\\\/#article\",\"isPartOf\":{\"@id\":\"https:\\\/\\\/pans.krosno.pl\\\/bezpieczenstwo-wewnetrzne\\\/2026\\\/03\\\/17\\\/dzien-edukacji-prawniczej-w-sadzie-okregowym-w-krosnie\\\/\"},\"author\":{\"name\":\"annaslowik\",\"@id\":\"https:\\\/\\\/pans.krosno.pl\\\/bezpieczenstwo-wewnetrzne\\\/#\\\/schema\\\/person\\\/86c05f8a1bf363b1514ff8d4a17340b6\"},\"headline\":\"Dzie\u0144 Edukacji Prawniczej w S\u0105dzie Okr\u0119gowym w Kro\u015bnie\",\"datePublished\":\"2026-03-17T20:34:20+00:00\",\"dateModified\":\"2026-03-18T20:57:17+00:00\",\"mainEntityOfPage\":{\"@id\":\"https:\\\/\\\/pans.krosno.pl\\\/bezpieczenstwo-wewnetrzne\\\/2026\\\/03\\\/17\\\/dzien-edukacji-prawniczej-w-sadzie-okregowym-w-krosnie\\\/\"},\"wordCount\":145,\"commentCount\":0,\"publisher\":{\"@id\":\"https:\\\/\\\/pans.krosno.pl\\\/bezpieczenstwo-wewnetrzne\\\/#organization\"},\"image\":{\"@id\":\"https:\\\/\\\/pans.krosno.pl\\\/bezpieczenstwo-wewnetrzne\\\/2026\\\/03\\\/17\\\/dzien-edukacji-prawniczej-w-sadzie-okregowym-w-krosnie\\\/#primaryimage\"},\"thumbnailUrl\":\"https:\\\/\\\/pans.krosno.pl\\\/bezpieczenstwo-wewnetrzne\\\/wp-content\\\/uploads\\\/sites\\\/62\\\/2026\\\/03\\\/988aebee-31c3-41c7-8e9b-9c6958341d1c.jpg\",\"inLanguage\":\"pl-PL\",\"potentialAction\":[{\"@type\":\"CommentAction\",\"name\":\"Comment\",\"target\":[\"https:\\\/\\\/pans.krosno.pl\\\/bezpieczenstwo-wewnetrzne\\\/2026\\\/03\\\/17\\\/dzien-edukacji-prawniczej-w-sadzie-okregowym-w-krosnie\\\/#respond\"]}]},{\"@type\":\"WebPage\",\"@id\":\"https:\\\/\\\/pans.krosno.pl\\\/bezpieczenstwo-wewnetrzne\\\/2026\\\/03\\\/17\\\/dzien-edukacji-prawniczej-w-sadzie-okregowym-w-krosnie\\\/\",\"url\":\"https:\\\/\\\/pans.krosno.pl\\\/bezpieczenstwo-wewnetrzne\\\/2026\\\/03\\\/17\\\/dzien-edukacji-prawniczej-w-sadzie-okregowym-w-krosnie\\\/\",\"name\":\"Dzie\u0144 Edukacji Prawniczej w S\u0105dzie Okr\u0119gowym w Kro\u015bnie - Bezpiecze\u0144stwo Wewn\u0119trzne PANS w Kro\u015bnie\",\"isPartOf\":{\"@id\":\"https:\\\/\\\/pans.krosno.pl\\\/bezpieczenstwo-wewnetrzne\\\/#website\"},\"primaryImageOfPage\":{\"@id\":\"https:\\\/\\\/pans.krosno.pl\\\/bezpieczenstwo-wewnetrzne\\\/2026\\\/03\\\/17\\\/dzien-edukacji-prawniczej-w-sadzie-okregowym-w-krosnie\\\/#primaryimage\"},\"image\":{\"@id\":\"https:\\\/\\\/pans.krosno.pl\\\/bezpieczenstwo-wewnetrzne\\\/2026\\\/03\\\/17\\\/dzien-edukacji-prawniczej-w-sadzie-okregowym-w-krosnie\\\/#primaryimage\"},\"thumbnailUrl\":\"https:\\\/\\\/pans.krosno.pl\\\/bezpieczenstwo-wewnetrzne\\\/wp-content\\\/uploads\\\/sites\\\/62\\\/2026\\\/03\\\/988aebee-31c3-41c7-8e9b-9c6958341d1c.jpg\",\"datePublished\":\"2026-03-17T20:34:20+00:00\",\"dateModified\":\"2026-03-18T20:57:17+00:00\",\"breadcrumb\":{\"@id\":\"https:\\\/\\\/pans.krosno.pl\\\/bezpieczenstwo-wewnetrzne\\\/2026\\\/03\\\/17\\\/dzien-edukacji-prawniczej-w-sadzie-okregowym-w-krosnie\\\/#breadcrumb\"},\"inLanguage\":\"pl-PL\",\"potentialAction\":[{\"@type\":\"ReadAction\",\"target\":[\"https:\\\/\\\/pans.krosno.pl\\\/bezpieczenstwo-wewnetrzne\\\/2026\\\/03\\\/17\\\/dzien-edukacji-prawniczej-w-sadzie-okregowym-w-krosnie\\\/\"]}]},{\"@type\":\"ImageObject\",\"inLanguage\":\"pl-PL\",\"@id\":\"https:\\\/\\\/pans.krosno.pl\\\/bezpieczenstwo-wewnetrzne\\\/2026\\\/03\\\/17\\\/dzien-edukacji-prawniczej-w-sadzie-okregowym-w-krosnie\\\/#primaryimage\",\"url\":\"https:\\\/\\\/pans.krosno.pl\\\/bezpieczenstwo-wewnetrzne\\\/wp-content\\\/uploads\\\/sites\\\/62\\\/2026\\\/03\\\/988aebee-31c3-41c7-8e9b-9c6958341d1c.jpg\",\"contentUrl\":\"https:\\\/\\\/pans.krosno.pl\\\/bezpieczenstwo-wewnetrzne\\\/wp-content\\\/uploads\\\/sites\\\/62\\\/2026\\\/03\\\/988aebee-31c3-41c7-8e9b-9c6958341d1c.jpg\",\"width\":2048,\"height\":1492},{\"@type\":\"BreadcrumbList\",\"@id\":\"https:\\\/\\\/pans.krosno.pl\\\/bezpieczenstwo-wewnetrzne\\\/2026\\\/03\\\/17\\\/dzien-edukacji-prawniczej-w-sadzie-okregowym-w-krosnie\\\/#breadcrumb\",\"itemListElement\":[{\"@type\":\"ListItem\",\"position\":1,\"name\":\"Strona g\u0142\u00f3wna\",\"item\":\"https:\\\/\\\/pans.krosno.pl\\\/bezpieczenstwo-wewnetrzne\\\/\"},{\"@type\":\"ListItem\",\"position\":2,\"name\":\"Bez kategorii\",\"item\":\"https:\\\/\\\/pans.krosno.pl\\\/bezpieczenstwo-wewnetrzne\\\/category\\\/bez-kategorii\\\/\"},{\"@type\":\"ListItem\",\"position\":3,\"name\":\"Dzie\u0144 Edukacji Prawniczej w S\u0105dzie Okr\u0119gowym w Kro\u015bnie\"}]},{\"@type\":\"WebSite\",\"@id\":\"https:\\\/\\\/pans.krosno.pl\\\/bezpieczenstwo-wewnetrzne\\\/#website\",\"url\":\"https:\\\/\\\/pans.krosno.pl\\\/bezpieczenstwo-wewnetrzne\\\/\",\"name\":\"KPU w Kro\u015bnie\",\"description\":\"Pa\u0144stwowa Akademia Nauk Stosowanych w Kro\u015bnie\",\"publisher\":{\"@id\":\"https:\\\/\\\/pans.krosno.pl\\\/bezpieczenstwo-wewnetrzne\\\/#organization\"},\"alternateName\":\"PANS Krosno\",\"potentialAction\":[{\"@type\":\"SearchAction\",\"target\":{\"@type\":\"EntryPoint\",\"urlTemplate\":\"https:\\\/\\\/pans.krosno.pl\\\/bezpieczenstwo-wewnetrzne\\\/?s={search_term_string}\"},\"query-input\":{\"@type\":\"PropertyValueSpecification\",\"valueRequired\":true,\"valueName\":\"search_term_string\"}}],\"inLanguage\":\"pl-PL\"},{\"@type\":\"Organization\",\"@id\":\"https:\\\/\\\/pans.krosno.pl\\\/bezpieczenstwo-wewnetrzne\\\/#organization\",\"name\":\"Karpacka Pa\u0144stwowa Uczelnia w Kro\u015bnie\",\"url\":\"https:\\\/\\\/pans.krosno.pl\\\/bezpieczenstwo-wewnetrzne\\\/\",\"logo\":{\"@type\":\"ImageObject\",\"inLanguage\":\"pl-PL\",\"@id\":\"https:\\\/\\\/pans.krosno.pl\\\/bezpieczenstwo-wewnetrzne\\\/#\\\/schema\\\/logo\\\/image\\\/\",\"url\":\"https:\\\/\\\/pans.krosno.pl\\\/wp-content\\\/uploads\\\/2020\\\/04\\\/unnamed-1.png\",\"contentUrl\":\"https:\\\/\\\/pans.krosno.pl\\\/wp-content\\\/uploads\\\/2020\\\/04\\\/unnamed-1.png\",\"width\":2238,\"height\":372,\"caption\":\"Karpacka Pa\u0144stwowa Uczelnia w Kro\u015bnie\"},\"image\":{\"@id\":\"https:\\\/\\\/pans.krosno.pl\\\/bezpieczenstwo-wewnetrzne\\\/#\\\/schema\\\/logo\\\/image\\\/\"},\"sameAs\":[\"https:\\\/\\\/www.facebook.com\\\/StudiaKrosno\\\/\",\"https:\\\/\\\/www.instagram.com\\\/studia.krosno\",\"https:\\\/\\\/pl.linkedin.com\\\/company\\\/pwsz-krosno\",\"https:\\\/\\\/www.youtube.com\\\/user\\\/pwszkrosno\\\/\",\"https:\\\/\\\/pl.wikipedia.org\\\/wiki\\\/Pa\u0144stwowa_Wy\u017csza_Szko\u0142a_Zawodowa_im._Stanis\u0142awa_Pigonia_w_Kro\u015bnie\"]},{\"@type\":\"Person\",\"@id\":\"https:\\\/\\\/pans.krosno.pl\\\/bezpieczenstwo-wewnetrzne\\\/#\\\/schema\\\/person\\\/86c05f8a1bf363b1514ff8d4a17340b6\",\"name\":\"annaslowik\",\"image\":{\"@type\":\"ImageObject\",\"inLanguage\":\"pl-PL\",\"@id\":\"https:\\\/\\\/secure.gravatar.com\\\/avatar\\\/01b517ae85ac682565259901e6e23132f0ffaf63a3421e1df7a4527b8e99fd3c?s=96&d=mm&r=g\",\"url\":\"https:\\\/\\\/secure.gravatar.com\\\/avatar\\\/01b517ae85ac682565259901e6e23132f0ffaf63a3421e1df7a4527b8e99fd3c?s=96&d=mm&r=g\",\"contentUrl\":\"https:\\\/\\\/secure.gravatar.com\\\/avatar\\\/01b517ae85ac682565259901e6e23132f0ffaf63a3421e1df7a4527b8e99fd3c?s=96&d=mm&r=g\",\"caption\":\"annaslowik\"},\"url\":\"https:\\\/\\\/pans.krosno.pl\\\/bezpieczenstwo-wewnetrzne\\\/author\\\/annaslowik\\\/\"}]}<\/script>\n<!-- \/ Yoast SEO Premium plugin. -->","yoast_head_json":{"title":"Dzie\u0144 Edukacji Prawniczej w S\u0105dzie Okr\u0119gowym w Kro\u015bnie - Bezpiecze\u0144stwo Wewn\u0119trzne PANS w Kro\u015bnie","robots":{"index":"index","follow":"follow","max-snippet":"max-snippet:-1","max-image-preview":"max-image-preview:large","max-video-preview":"max-video-preview:-1"},"canonical":"https:\/\/pans.krosno.pl\/bezpieczenstwo-wewnetrzne\/2026\/03\/17\/dzien-edukacji-prawniczej-w-sadzie-okregowym-w-krosnie\/","og_locale":"pl_PL","og_type":"article","og_title":"Dzie\u0144 Edukacji Prawniczej w S\u0105dzie Okr\u0119gowym w Kro\u015bnie","og_description":"W ramach obchod\u00f3w Dnia Edukacji Prawnej studenci I roku Bezpiecze\u0144stwa wewn\u0119trznego mieli okazj\u0119 wzi\u0105\u0107 udzia\u0142 w wyk\u0142adzie prowadzonym przez s\u0119dziego Artura Lipi\u0144skiego w S\u0105dzie Okr\u0119gowym w Kro\u015bnie. Spotkanie stanowi\u0142o cenne do\u015bwiadczenie edukacyjne, pozwalaj\u0105ce na poszerzenie wiedzy z zakresu funkcjonowania wymiaru sprawiedliwo\u015bci oraz praktycznych aspekt\u00f3w stosowania prawa. Podczas wyk\u0142adu s\u0119dzia om\u00f3wi\u0142 [\u2026] Read More","og_url":"https:\/\/pans.krosno.pl\/bezpieczenstwo-wewnetrzne\/2026\/03\/17\/dzien-edukacji-prawniczej-w-sadzie-okregowym-w-krosnie\/","og_site_name":"Bezpiecze\u0144stwo Wewn\u0119trzne PANS w Kro\u015bnie","article_publisher":"https:\/\/www.facebook.com\/StudiaKrosno\/","article_published_time":"2026-03-17T20:34:20+00:00","article_modified_time":"2026-03-18T20:57:17+00:00","og_image":[{"width":2048,"height":1492,"url":"https:\/\/pans.krosno.pl\/bezpieczenstwo-wewnetrzne\/wp-content\/uploads\/sites\/62\/2026\/03\/988aebee-31c3-41c7-8e9b-9c6958341d1c.jpg","type":"image\/jpeg"}],"author":"annaslowik","twitter_card":"summary_large_image","twitter_misc":{"Napisane przez":"annaslowik","Szacowany czas czytania":"2 minuty"},"schema":{"@context":"https:\/\/schema.org","@graph":[{"@type":"Article","@id":"https:\/\/pans.krosno.pl\/bezpieczenstwo-wewnetrzne\/2026\/03\/17\/dzien-edukacji-prawniczej-w-sadzie-okregowym-w-krosnie\/#article","isPartOf":{"@id":"https:\/\/pans.krosno.pl\/bezpieczenstwo-wewnetrzne\/2026\/03\/17\/dzien-edukacji-prawniczej-w-sadzie-okregowym-w-krosnie\/"},"author":{"name":"annaslowik","@id":"https:\/\/pans.krosno.pl\/bezpieczenstwo-wewnetrzne\/#\/schema\/person\/86c05f8a1bf363b1514ff8d4a17340b6"},"headline":"Dzie\u0144 Edukacji Prawniczej w S\u0105dzie Okr\u0119gowym w Kro\u015bnie","datePublished":"2026-03-17T20:34:20+00:00","dateModified":"2026-03-18T20:57:17+00:00","mainEntityOfPage":{"@id":"https:\/\/pans.krosno.pl\/bezpieczenstwo-wewnetrzne\/2026\/03\/17\/dzien-edukacji-prawniczej-w-sadzie-okregowym-w-krosnie\/"},"wordCount":145,"commentCount":0,"publisher":{"@id":"https:\/\/pans.krosno.pl\/bezpieczenstwo-wewnetrzne\/#organization"},"image":{"@id":"https:\/\/pans.krosno.pl\/bezpieczenstwo-wewnetrzne\/2026\/03\/17\/dzien-edukacji-prawniczej-w-sadzie-okregowym-w-krosnie\/#primaryimage"},"thumbnailUrl":"https:\/\/pans.krosno.pl\/bezpieczenstwo-wewnetrzne\/wp-content\/uploads\/sites\/62\/2026\/03\/988aebee-31c3-41c7-8e9b-9c6958341d1c.jpg","inLanguage":"pl-PL","potentialAction":[{"@type":"CommentAction","name":"Comment","target":["https:\/\/pans.krosno.pl\/bezpieczenstwo-wewnetrzne\/2026\/03\/17\/dzien-edukacji-prawniczej-w-sadzie-okregowym-w-krosnie\/#respond"]}]},{"@type":"WebPage","@id":"https:\/\/pans.krosno.pl\/bezpieczenstwo-wewnetrzne\/2026\/03\/17\/dzien-edukacji-prawniczej-w-sadzie-okregowym-w-krosnie\/","url":"https:\/\/pans.krosno.pl\/bezpieczenstwo-wewnetrzne\/2026\/03\/17\/dzien-edukacji-prawniczej-w-sadzie-okregowym-w-krosnie\/","name":"Dzie\u0144 Edukacji Prawniczej w S\u0105dzie Okr\u0119gowym w Kro\u015bnie - Bezpiecze\u0144stwo Wewn\u0119trzne PANS w Kro\u015bnie","isPartOf":{"@id":"https:\/\/pans.krosno.pl\/bezpieczenstwo-wewnetrzne\/#website"},"primaryImageOfPage":{"@id":"https:\/\/pans.krosno.pl\/bezpieczenstwo-wewnetrzne\/2026\/03\/17\/dzien-edukacji-prawniczej-w-sadzie-okregowym-w-krosnie\/#primaryimage"},"image":{"@id":"https:\/\/pans.krosno.pl\/bezpieczenstwo-wewnetrzne\/2026\/03\/17\/dzien-edukacji-prawniczej-w-sadzie-okregowym-w-krosnie\/#primaryimage"},"thumbnailUrl":"https:\/\/pans.krosno.pl\/bezpieczenstwo-wewnetrzne\/wp-content\/uploads\/sites\/62\/2026\/03\/988aebee-31c3-41c7-8e9b-9c6958341d1c.jpg","datePublished":"2026-03-17T20:34:20+00:00","dateModified":"2026-03-18T20:57:17+00:00","breadcrumb":{"@id":"https:\/\/pans.krosno.pl\/bezpieczenstwo-wewnetrzne\/2026\/03\/17\/dzien-edukacji-prawniczej-w-sadzie-okregowym-w-krosnie\/#breadcrumb"},"inLanguage":"pl-PL","potentialAction":[{"@type":"ReadAction","target":["https:\/\/pans.krosno.pl\/bezpieczenstwo-wewnetrzne\/2026\/03\/17\/dzien-edukacji-prawniczej-w-sadzie-okregowym-w-krosnie\/"]}]},{"@type":"ImageObject","inLanguage":"pl-PL","@id":"https:\/\/pans.krosno.pl\/bezpieczenstwo-wewnetrzne\/2026\/03\/17\/dzien-edukacji-prawniczej-w-sadzie-okregowym-w-krosnie\/#primaryimage","url":"https:\/\/pans.krosno.pl\/bezpieczenstwo-wewnetrzne\/wp-content\/uploads\/sites\/62\/2026\/03\/988aebee-31c3-41c7-8e9b-9c6958341d1c.jpg","contentUrl":"https:\/\/pans.krosno.pl\/bezpieczenstwo-wewnetrzne\/wp-content\/uploads\/sites\/62\/2026\/03\/988aebee-31c3-41c7-8e9b-9c6958341d1c.jpg","width":2048,"height":1492},{"@type":"BreadcrumbList","@id":"https:\/\/pans.krosno.pl\/bezpieczenstwo-wewnetrzne\/2026\/03\/17\/dzien-edukacji-prawniczej-w-sadzie-okregowym-w-krosnie\/#breadcrumb","itemListElement":[{"@type":"ListItem","position":1,"name":"Strona g\u0142\u00f3wna","item":"https:\/\/pans.krosno.pl\/bezpieczenstwo-wewnetrzne\/"},{"@type":"ListItem","position":2,"name":"Bez kategorii","item":"https:\/\/pans.krosno.pl\/bezpieczenstwo-wewnetrzne\/category\/bez-kategorii\/"},{"@type":"ListItem","position":3,"name":"Dzie\u0144 Edukacji Prawniczej w S\u0105dzie Okr\u0119gowym w Kro\u015bnie"}]},{"@type":"WebSite","@id":"https:\/\/pans.krosno.pl\/bezpieczenstwo-wewnetrzne\/#website","url":"https:\/\/pans.krosno.pl\/bezpieczenstwo-wewnetrzne\/","name":"KPU w Kro\u015bnie","description":"Pa\u0144stwowa Akademia Nauk Stosowanych w Kro\u015bnie","publisher":{"@id":"https:\/\/pans.krosno.pl\/bezpieczenstwo-wewnetrzne\/#organization"},"alternateName":"PANS Krosno","potentialAction":[{"@type":"SearchAction","target":{"@type":"EntryPoint","urlTemplate":"https:\/\/pans.krosno.pl\/bezpieczenstwo-wewnetrzne\/?s={search_term_string}"},"query-input":{"@type":"PropertyValueSpecification","valueRequired":true,"valueName":"search_term_string"}}],"inLanguage":"pl-PL"},{"@type":"Organization","@id":"https:\/\/pans.krosno.pl\/bezpieczenstwo-wewnetrzne\/#organization","name":"Karpacka Pa\u0144stwowa Uczelnia w Kro\u015bnie","url":"https:\/\/pans.krosno.pl\/bezpieczenstwo-wewnetrzne\/","logo":{"@type":"ImageObject","inLanguage":"pl-PL","@id":"https:\/\/pans.krosno.pl\/bezpieczenstwo-wewnetrzne\/#\/schema\/logo\/image\/","url":"https:\/\/pans.krosno.pl\/wp-content\/uploads\/2020\/04\/unnamed-1.png","contentUrl":"https:\/\/pans.krosno.pl\/wp-content\/uploads\/2020\/04\/unnamed-1.png","width":2238,"height":372,"caption":"Karpacka Pa\u0144stwowa Uczelnia w Kro\u015bnie"},"image":{"@id":"https:\/\/pans.krosno.pl\/bezpieczenstwo-wewnetrzne\/#\/schema\/logo\/image\/"},"sameAs":["https:\/\/www.facebook.com\/StudiaKrosno\/","https:\/\/www.instagram.com\/studia.krosno","https:\/\/pl.linkedin.com\/company\/pwsz-krosno","https:\/\/www.youtube.com\/user\/pwszkrosno\/","https:\/\/pl.wikipedia.org\/wiki\/Pa\u0144stwowa_Wy\u017csza_Szko\u0142a_Zawodowa_im._Stanis\u0142awa_Pigonia_w_Kro\u015bnie"]},{"@type":"Person","@id":"https:\/\/pans.krosno.pl\/bezpieczenstwo-wewnetrzne\/#\/schema\/person\/86c05f8a1bf363b1514ff8d4a17340b6","name":"annaslowik","image":{"@type":"ImageObject","inLanguage":"pl-PL","@id":"https:\/\/secure.gravatar.com\/avatar\/01b517ae85ac682565259901e6e23132f0ffaf63a3421e1df7a4527b8e99fd3c?s=96&d=mm&r=g","url":"https:\/\/secure.gravatar.com\/avatar\/01b517ae85ac682565259901e6e23132f0ffaf63a3421e1df7a4527b8e99fd3c?s=96&d=mm&r=g","contentUrl":"https:\/\/secure.gravatar.com\/avatar\/01b517ae85ac682565259901e6e23132f0ffaf63a3421e1df7a4527b8e99fd3c?s=96&d=mm&r=g","caption":"annaslowik"},"url":"https:\/\/pans.krosno.pl\/bezpieczenstwo-wewnetrzne\/author\/annaslowik\/"}]}},"_links":{"self":[{"href":"https:\/\/pans.krosno.pl\/bezpieczenstwo-wewnetrzne\/wp-json\/wp\/v2\/posts\/1083","targetHints":{"allow":["GET"]}}],"collection":[{"href":"https:\/\/pans.krosno.pl\/bezpieczenstwo-wewnetrzne\/wp-json\/wp\/v2\/posts"}],"about":[{"href":"https:\/\/pans.krosno.pl\/bezpieczenstwo-wewnetrzne\/wp-json\/wp\/v2\/types\/post"}],"author":[{"embeddable":true,"href":"https:\/\/pans.krosno.pl\/bezpieczenstwo-wewnetrzne\/wp-json\/wp\/v2\/users\/84"}],"replies":[{"embeddable":true,"href":"https:\/\/pans.krosno.pl\/bezpieczenstwo-wewnetrzne\/wp-json\/wp\/v2\/comments?post=1083"}],"version-history":[{"count":1,"href":"https:\/\/pans.krosno.pl\/bezpieczenstwo-wewnetrzne\/wp-json\/wp\/v2\/posts\/1083\/revisions"}],"predecessor-version":[{"id":1089,"href":"https:\/\/pans.krosno.pl\/bezpieczenstwo-wewnetrzne\/wp-json\/wp\/v2\/posts\/1083\/revisions\/1089"}],"wp:featuredmedia":[{"embeddable":true,"href":"https:\/\/pans.krosno.pl\/bezpieczenstwo-wewnetrzne\/wp-json\/wp\/v2\/media\/1085"}],"wp:attachment":[{"href":"https:\/\/pans.krosno.pl\/bezpieczenstwo-wewnetrzne\/wp-json\/wp\/v2\/media?parent=1083"}],"wp:term":[{"taxonomy":"category","embeddable":true,"href":"https:\/\/pans.krosno.pl\/bezpieczenstwo-wewnetrzne\/wp-json\/wp\/v2\/categories?post=1083"},{"taxonomy":"post_tag","embeddable":true,"href":"https:\/\/pans.krosno.pl\/bezpieczenstwo-wewnetrzne\/wp-json\/wp\/v2\/tags?post=1083"}],"curies":[{"name":"wp","href":"https:\/\/api.w.org\/{rel}","templated":true}]}}