{"id":1835,"date":"2025-09-14T19:11:21","date_gmt":"2025-09-14T17:11:21","guid":{"rendered":"https:\/\/pans.krosno.pl\/b\/?p=1835"},"modified":"2025-09-14T19:11:22","modified_gmt":"2025-09-14T17:11:22","slug":"moje-miasto-krosno-palac-w-polance-czesc-ii-oraz-nowe-oblicze-centrum-komunikacji-i-jezykow-obcych-pans-w-krosnie-artykuly-w-biuletynie-informacyjnym-podkarpackiej-okregowej-izbie-inzynier","status":"publish","type":"post","link":"https:\/\/pans.krosno.pl\/b\/moje-miasto-krosno-palac-w-polance-czesc-ii-oraz-nowe-oblicze-centrum-komunikacji-i-jezykow-obcych-pans-w-krosnie-artykuly-w-biuletynie-informacyjnym-podkarpackiej-okregowej-izbie-inzynier\/","title":{"rendered":"Moje Miasto Krosno Pa\u0142ac w Polance &#8211; cz\u0119\u015b\u0107 II oraz Nowe oblicze Centrum Komunikacji i J\u0119zyk\u00f3w Obcych PANS w Kro\u015bnie \u2013 artyku\u0142y w Biuletynie Informacyjnym Podkarpackiej Okr\u0119gowej Izbie In\u017cynier\u00f3w Budownictwa"},"content":{"rendered":"\n<p>W trzecim numerze Biuletynu Informacyjnego Podkarpackiej Okr\u0119gowej Izby In\u017cynier\u00f3w Budownictwa z 2025 roku opublikowane zosta\u0142y dwa artyku\u0142y autorstwa pracownik\u00f3w Zak\u0142adu Budownictwa Pa\u0144stwowej Akademii Nauk Stosowanych w Kro\u015bnie.<\/p>\n\n\n\n<p>Pierwszy z nich, zatytu\u0142owany <strong>\u201eMoje Miasto Krosno Pa\u0142ac w Polance \u2013 cz\u0119\u015b\u0107 II\u201d<\/strong>, napisa\u0142 dr in\u017c. arch. Marek Gransicki. W artykule przedstawiono histori\u0119 Pa\u0142acu w Polance.<\/p>\n\n\n\n<p>Drugi artyku\u0142, pt. <strong>\u201eNowe oblicze Centrum Komunikacji i J\u0119zyk\u00f3w Obcych PANS w Kro\u015bnie\u201d<\/strong>, wsp\u00f3\u0142tworzony przez dr. in\u017c. Tomasza Pytlowanego &#8211; kierownika Zak\u0142adu Budownictwa, przedstawia proces modernizacji kamienic Rynek 5 i Rynek 6 w Kro\u015bnie, prowadzony z my\u015bl\u0105 o utworzeniu nowoczesnego Centrum Komunikacji J\u0119zyk\u00f3w Obcych Pa\u0144stwowej Akademii Nauk Stosowanych, z zachowaniem szacunku dla ich zabytkowego charakteru.<\/p>\n\n\n\n<p>Pe\u0142ne wersje artyku\u0142\u00f3w dost\u0119pne s\u0105 pod poni\u017cszymi linkami:<\/p>\n\n\n\n<p><a href=\"https:\/\/pans.krosno.pl\/b\/wp-content\/uploads\/sites\/21\/2025\/09\/biuletyn_pdkoiib_wrzes_09_2025-MG.pdf\">Moje Miasto Krosno Pa\u0142ac w Polance &#8211; cz\u0119\u015b\u0107 II<\/a><\/p>\n\n\n\n<p><a href=\"https:\/\/pans.krosno.pl\/b\/wp-content\/uploads\/sites\/21\/2025\/09\/biuletyn_pdkoiib_wrzes_09_2025-TP.pdf\">Nowe oblicze Centrum Komunikacji i J\u0119zyk\u00f3w Obcych PANS w Kro\u015bnie<\/a><br><\/p>\n\n\n\n<p><\/p>\n","protected":false},"excerpt":{"rendered":"<p>W trzecim numerze Biuletynu Informacyjnego Podkarpackiej Okr\u0119gowej Izby In\u017cynier\u00f3w Budownictwa z 2025 roku opublikowane zosta\u0142y dwa artyku\u0142y autorstwa pracownik\u00f3w Zak\u0142adu Budownictwa Pa\u0144stwowej Akademii Nauk Stosowanych w Kro\u015bnie. Pierwszy z nich, zatytu\u0142owany \u201eMoje Miasto Krosno Pa\u0142ac w Polance \u2013 cz\u0119\u015b\u0107 II\u201d, napisa\u0142 dr in\u017c. arch. Marek Gransicki. W artykule przedstawiono histori\u0119 [\u2026] <\/p>\n<div class=\"clear\"><\/div>\n<p><a class=\"more_link clearfix\" href=\"https:\/\/pans.krosno.pl\/b\/moje-miasto-krosno-palac-w-polance-czesc-ii-oraz-nowe-oblicze-centrum-komunikacji-i-jezykow-obcych-pans-w-krosnie-artykuly-w-biuletynie-informacyjnym-podkarpackiej-okregowej-izbie-inzynier\/\" rel=\"nofollow\">Read More<\/a><\/p>\n","protected":false},"author":11,"featured_media":1671,"comment_status":"open","ping_status":"open","sticky":false,"template":"","format":"standard","meta":{"ngg_post_thumbnail":0,"footnotes":""},"categories":[1],"tags":[],"class_list":["post-1835","post","type-post","status-publish","format-standard","has-post-thumbnail","hentry","category-bez-kategorii"],"yoast_head":"<!-- This site is optimized with the Yoast SEO Premium plugin v27.4 (Yoast SEO v27.4) - https:\/\/yoast.com\/product\/yoast-seo-premium-wordpress\/ -->\n<title>Moje Miasto Krosno Pa\u0142ac w Polance - cz\u0119\u015b\u0107 II oraz Nowe oblicze Centrum Komunikacji i J\u0119zyk\u00f3w Obcych PANS w Kro\u015bnie \u2013 artyku\u0142y w Biuletynie Informacyjnym Podkarpackiej Okr\u0119gowej Izbie In\u017cynier\u00f3w Budownictwa - Budownictwo PANS w Kro\u015bnie<\/title>\n<meta name=\"robots\" content=\"index, follow, max-snippet:-1, max-image-preview:large, max-video-preview:-1\" \/>\n<link rel=\"canonical\" href=\"https:\/\/pans.krosno.pl\/b\/moje-miasto-krosno-palac-w-polance-czesc-ii-oraz-nowe-oblicze-centrum-komunikacji-i-jezykow-obcych-pans-w-krosnie-artykuly-w-biuletynie-informacyjnym-podkarpackiej-okregowej-izbie-inzynier\/\" \/>\n<meta property=\"og:locale\" content=\"pl_PL\" \/>\n<meta property=\"og:type\" content=\"article\" \/>\n<meta property=\"og:title\" content=\"Moje Miasto Krosno Pa\u0142ac w Polance - cz\u0119\u015b\u0107 II oraz Nowe oblicze Centrum Komunikacji i J\u0119zyk\u00f3w Obcych PANS w Kro\u015bnie \u2013 artyku\u0142y w Biuletynie Informacyjnym Podkarpackiej Okr\u0119gowej Izbie In\u017cynier\u00f3w Budownictwa\" \/>\n<meta property=\"og:description\" content=\"W trzecim numerze Biuletynu Informacyjnego Podkarpackiej Okr\u0119gowej Izby In\u017cynier\u00f3w Budownictwa z 2025 roku opublikowane zosta\u0142y dwa artyku\u0142y autorstwa pracownik\u00f3w Zak\u0142adu Budownictwa Pa\u0144stwowej Akademii Nauk Stosowanych w Kro\u015bnie. Pierwszy z nich, zatytu\u0142owany \u201eMoje Miasto Krosno Pa\u0142ac w Polance \u2013 cz\u0119\u015b\u0107 II\u201d, napisa\u0142 dr in\u017c. arch. Marek Gransicki. W artykule przedstawiono histori\u0119 [\u2026] Read More\" \/>\n<meta property=\"og:url\" content=\"https:\/\/pans.krosno.pl\/b\/moje-miasto-krosno-palac-w-polance-czesc-ii-oraz-nowe-oblicze-centrum-komunikacji-i-jezykow-obcych-pans-w-krosnie-artykuly-w-biuletynie-informacyjnym-podkarpackiej-okregowej-izbie-inzynier\/\" \/>\n<meta property=\"og:site_name\" content=\"Budownictwo PANS w Kro\u015bnie\" \/>\n<meta property=\"article:published_time\" content=\"2025-09-14T17:11:21+00:00\" \/>\n<meta property=\"article:modified_time\" content=\"2025-09-14T17:11:22+00:00\" \/>\n<meta property=\"og:image\" content=\"https:\/\/pans.krosno.pl\/b\/wp-content\/uploads\/sites\/21\/2025\/03\/Biuletyn.jpg\" \/>\n\t<meta property=\"og:image:width\" content=\"225\" \/>\n\t<meta property=\"og:image:height\" content=\"225\" \/>\n\t<meta property=\"og:image:type\" content=\"image\/jpeg\" \/>\n<meta name=\"author\" content=\"dariuszlen\" \/>\n<meta name=\"twitter:card\" content=\"summary_large_image\" \/>\n<meta name=\"twitter:label1\" content=\"Napisane przez\" \/>\n\t<meta name=\"twitter:data1\" content=\"dariuszlen\" \/>\n\t<meta name=\"twitter:label2\" content=\"Szacowany czas czytania\" \/>\n\t<meta name=\"twitter:data2\" content=\"1 minuta\" \/>\n<script type=\"application\/ld+json\" class=\"yoast-schema-graph\">{\"@context\":\"https:\\\/\\\/schema.org\",\"@graph\":[{\"@type\":\"Article\",\"@id\":\"https:\\\/\\\/pans.krosno.pl\\\/b\\\/moje-miasto-krosno-palac-w-polance-czesc-ii-oraz-nowe-oblicze-centrum-komunikacji-i-jezykow-obcych-pans-w-krosnie-artykuly-w-biuletynie-informacyjnym-podkarpackiej-okregowej-izbie-inzynier\\\/#article\",\"isPartOf\":{\"@id\":\"https:\\\/\\\/pans.krosno.pl\\\/b\\\/moje-miasto-krosno-palac-w-polance-czesc-ii-oraz-nowe-oblicze-centrum-komunikacji-i-jezykow-obcych-pans-w-krosnie-artykuly-w-biuletynie-informacyjnym-podkarpackiej-okregowej-izbie-inzynier\\\/\"},\"author\":{\"name\":\"dariuszlen\",\"@id\":\"https:\\\/\\\/pans.krosno.pl\\\/b\\\/#\\\/schema\\\/person\\\/634d6b9e7bb9d41c7e46965732f119fb\"},\"headline\":\"Moje Miasto Krosno Pa\u0142ac w Polance &#8211; cz\u0119\u015b\u0107 II oraz Nowe oblicze Centrum Komunikacji i J\u0119zyk\u00f3w Obcych PANS w Kro\u015bnie \u2013 artyku\u0142y w Biuletynie Informacyjnym Podkarpackiej Okr\u0119gowej Izbie In\u017cynier\u00f3w Budownictwa\",\"datePublished\":\"2025-09-14T17:11:21+00:00\",\"dateModified\":\"2025-09-14T17:11:22+00:00\",\"mainEntityOfPage\":{\"@id\":\"https:\\\/\\\/pans.krosno.pl\\\/b\\\/moje-miasto-krosno-palac-w-polance-czesc-ii-oraz-nowe-oblicze-centrum-komunikacji-i-jezykow-obcych-pans-w-krosnie-artykuly-w-biuletynie-informacyjnym-podkarpackiej-okregowej-izbie-inzynier\\\/\"},\"wordCount\":198,\"commentCount\":0,\"publisher\":{\"@id\":\"https:\\\/\\\/pans.krosno.pl\\\/b\\\/#organization\"},\"image\":{\"@id\":\"https:\\\/\\\/pans.krosno.pl\\\/b\\\/moje-miasto-krosno-palac-w-polance-czesc-ii-oraz-nowe-oblicze-centrum-komunikacji-i-jezykow-obcych-pans-w-krosnie-artykuly-w-biuletynie-informacyjnym-podkarpackiej-okregowej-izbie-inzynier\\\/#primaryimage\"},\"thumbnailUrl\":\"https:\\\/\\\/pans.krosno.pl\\\/b\\\/wp-content\\\/uploads\\\/sites\\\/21\\\/2025\\\/03\\\/Biuletyn.jpg\",\"inLanguage\":\"pl-PL\",\"potentialAction\":[{\"@type\":\"CommentAction\",\"name\":\"Comment\",\"target\":[\"https:\\\/\\\/pans.krosno.pl\\\/b\\\/moje-miasto-krosno-palac-w-polance-czesc-ii-oraz-nowe-oblicze-centrum-komunikacji-i-jezykow-obcych-pans-w-krosnie-artykuly-w-biuletynie-informacyjnym-podkarpackiej-okregowej-izbie-inzynier\\\/#respond\"]}]},{\"@type\":\"WebPage\",\"@id\":\"https:\\\/\\\/pans.krosno.pl\\\/b\\\/moje-miasto-krosno-palac-w-polance-czesc-ii-oraz-nowe-oblicze-centrum-komunikacji-i-jezykow-obcych-pans-w-krosnie-artykuly-w-biuletynie-informacyjnym-podkarpackiej-okregowej-izbie-inzynier\\\/\",\"url\":\"https:\\\/\\\/pans.krosno.pl\\\/b\\\/moje-miasto-krosno-palac-w-polance-czesc-ii-oraz-nowe-oblicze-centrum-komunikacji-i-jezykow-obcych-pans-w-krosnie-artykuly-w-biuletynie-informacyjnym-podkarpackiej-okregowej-izbie-inzynier\\\/\",\"name\":\"Moje Miasto Krosno Pa\u0142ac w Polance - cz\u0119\u015b\u0107 II oraz Nowe oblicze Centrum Komunikacji i J\u0119zyk\u00f3w Obcych PANS w Kro\u015bnie \u2013 artyku\u0142y w Biuletynie Informacyjnym Podkarpackiej Okr\u0119gowej Izbie In\u017cynier\u00f3w Budownictwa - Budownictwo PANS w Kro\u015bnie\",\"isPartOf\":{\"@id\":\"https:\\\/\\\/pans.krosno.pl\\\/b\\\/#website\"},\"primaryImageOfPage\":{\"@id\":\"https:\\\/\\\/pans.krosno.pl\\\/b\\\/moje-miasto-krosno-palac-w-polance-czesc-ii-oraz-nowe-oblicze-centrum-komunikacji-i-jezykow-obcych-pans-w-krosnie-artykuly-w-biuletynie-informacyjnym-podkarpackiej-okregowej-izbie-inzynier\\\/#primaryimage\"},\"image\":{\"@id\":\"https:\\\/\\\/pans.krosno.pl\\\/b\\\/moje-miasto-krosno-palac-w-polance-czesc-ii-oraz-nowe-oblicze-centrum-komunikacji-i-jezykow-obcych-pans-w-krosnie-artykuly-w-biuletynie-informacyjnym-podkarpackiej-okregowej-izbie-inzynier\\\/#primaryimage\"},\"thumbnailUrl\":\"https:\\\/\\\/pans.krosno.pl\\\/b\\\/wp-content\\\/uploads\\\/sites\\\/21\\\/2025\\\/03\\\/Biuletyn.jpg\",\"datePublished\":\"2025-09-14T17:11:21+00:00\",\"dateModified\":\"2025-09-14T17:11:22+00:00\",\"breadcrumb\":{\"@id\":\"https:\\\/\\\/pans.krosno.pl\\\/b\\\/moje-miasto-krosno-palac-w-polance-czesc-ii-oraz-nowe-oblicze-centrum-komunikacji-i-jezykow-obcych-pans-w-krosnie-artykuly-w-biuletynie-informacyjnym-podkarpackiej-okregowej-izbie-inzynier\\\/#breadcrumb\"},\"inLanguage\":\"pl-PL\",\"potentialAction\":[{\"@type\":\"ReadAction\",\"target\":[\"https:\\\/\\\/pans.krosno.pl\\\/b\\\/moje-miasto-krosno-palac-w-polance-czesc-ii-oraz-nowe-oblicze-centrum-komunikacji-i-jezykow-obcych-pans-w-krosnie-artykuly-w-biuletynie-informacyjnym-podkarpackiej-okregowej-izbie-inzynier\\\/\"]}]},{\"@type\":\"ImageObject\",\"inLanguage\":\"pl-PL\",\"@id\":\"https:\\\/\\\/pans.krosno.pl\\\/b\\\/moje-miasto-krosno-palac-w-polance-czesc-ii-oraz-nowe-oblicze-centrum-komunikacji-i-jezykow-obcych-pans-w-krosnie-artykuly-w-biuletynie-informacyjnym-podkarpackiej-okregowej-izbie-inzynier\\\/#primaryimage\",\"url\":\"https:\\\/\\\/pans.krosno.pl\\\/b\\\/wp-content\\\/uploads\\\/sites\\\/21\\\/2025\\\/03\\\/Biuletyn.jpg\",\"contentUrl\":\"https:\\\/\\\/pans.krosno.pl\\\/b\\\/wp-content\\\/uploads\\\/sites\\\/21\\\/2025\\\/03\\\/Biuletyn.jpg\",\"width\":225,\"height\":225},{\"@type\":\"BreadcrumbList\",\"@id\":\"https:\\\/\\\/pans.krosno.pl\\\/b\\\/moje-miasto-krosno-palac-w-polance-czesc-ii-oraz-nowe-oblicze-centrum-komunikacji-i-jezykow-obcych-pans-w-krosnie-artykuly-w-biuletynie-informacyjnym-podkarpackiej-okregowej-izbie-inzynier\\\/#breadcrumb\",\"itemListElement\":[{\"@type\":\"ListItem\",\"position\":1,\"name\":\"Strona g\u0142\u00f3wna\",\"item\":\"https:\\\/\\\/pans.krosno.pl\\\/b\\\/\"},{\"@type\":\"ListItem\",\"position\":2,\"name\":\"Moje Miasto Krosno Pa\u0142ac w Polance &#8211; cz\u0119\u015b\u0107 II oraz Nowe oblicze Centrum Komunikacji i J\u0119zyk\u00f3w Obcych PANS w Kro\u015bnie \u2013 artyku\u0142y w Biuletynie Informacyjnym Podkarpackiej Okr\u0119gowej Izbie In\u017cynier\u00f3w Budownictwa\"}]},{\"@type\":\"WebSite\",\"@id\":\"https:\\\/\\\/pans.krosno.pl\\\/b\\\/#website\",\"url\":\"https:\\\/\\\/pans.krosno.pl\\\/b\\\/\",\"name\":\"Budownictwo PANS w Kro\u015bnie\",\"description\":\"Budownictwo - Pa\u0144stwowa Akademia Nauk Stosowanych\",\"publisher\":{\"@id\":\"https:\\\/\\\/pans.krosno.pl\\\/b\\\/#organization\"},\"potentialAction\":[{\"@type\":\"SearchAction\",\"target\":{\"@type\":\"EntryPoint\",\"urlTemplate\":\"https:\\\/\\\/pans.krosno.pl\\\/b\\\/?s={search_term_string}\"},\"query-input\":{\"@type\":\"PropertyValueSpecification\",\"valueRequired\":true,\"valueName\":\"search_term_string\"}}],\"inLanguage\":\"pl-PL\"},{\"@type\":\"Organization\",\"@id\":\"https:\\\/\\\/pans.krosno.pl\\\/b\\\/#organization\",\"name\":\"Budownictwo PANS w Kro\u015bnie\",\"url\":\"https:\\\/\\\/pans.krosno.pl\\\/b\\\/\",\"logo\":{\"@type\":\"ImageObject\",\"inLanguage\":\"pl-PL\",\"@id\":\"https:\\\/\\\/pans.krosno.pl\\\/b\\\/#\\\/schema\\\/logo\\\/image\\\/\",\"url\":\"https:\\\/\\\/pans.krosno.pl\\\/b\\\/wp-content\\\/uploads\\\/sites\\\/21\\\/2023\\\/01\\\/Logo-PANS-2022-pelne.png\",\"contentUrl\":\"https:\\\/\\\/pans.krosno.pl\\\/b\\\/wp-content\\\/uploads\\\/sites\\\/21\\\/2023\\\/01\\\/Logo-PANS-2022-pelne.png\",\"width\":3096,\"height\":696,\"caption\":\"Budownictwo PANS w Kro\u015bnie\"},\"image\":{\"@id\":\"https:\\\/\\\/pans.krosno.pl\\\/b\\\/#\\\/schema\\\/logo\\\/image\\\/\"}},{\"@type\":\"Person\",\"@id\":\"https:\\\/\\\/pans.krosno.pl\\\/b\\\/#\\\/schema\\\/person\\\/634d6b9e7bb9d41c7e46965732f119fb\",\"name\":\"dariuszlen\",\"image\":{\"@type\":\"ImageObject\",\"inLanguage\":\"pl-PL\",\"@id\":\"https:\\\/\\\/secure.gravatar.com\\\/avatar\\\/d51cbe065012c9a7ceb271b54636773af49c912883e07a57054c7fbc8e0c8366?s=96&d=mm&r=g\",\"url\":\"https:\\\/\\\/secure.gravatar.com\\\/avatar\\\/d51cbe065012c9a7ceb271b54636773af49c912883e07a57054c7fbc8e0c8366?s=96&d=mm&r=g\",\"contentUrl\":\"https:\\\/\\\/secure.gravatar.com\\\/avatar\\\/d51cbe065012c9a7ceb271b54636773af49c912883e07a57054c7fbc8e0c8366?s=96&d=mm&r=g\",\"caption\":\"dariuszlen\"},\"url\":\"https:\\\/\\\/pans.krosno.pl\\\/b\\\/author\\\/dariuszlen\\\/\"}]}<\/script>\n<!-- \/ Yoast SEO Premium plugin. -->","yoast_head_json":{"title":"Moje Miasto Krosno Pa\u0142ac w Polance - cz\u0119\u015b\u0107 II oraz Nowe oblicze Centrum Komunikacji i J\u0119zyk\u00f3w Obcych PANS w Kro\u015bnie \u2013 artyku\u0142y w Biuletynie Informacyjnym Podkarpackiej Okr\u0119gowej Izbie In\u017cynier\u00f3w Budownictwa - Budownictwo PANS w Kro\u015bnie","robots":{"index":"index","follow":"follow","max-snippet":"max-snippet:-1","max-image-preview":"max-image-preview:large","max-video-preview":"max-video-preview:-1"},"canonical":"https:\/\/pans.krosno.pl\/b\/moje-miasto-krosno-palac-w-polance-czesc-ii-oraz-nowe-oblicze-centrum-komunikacji-i-jezykow-obcych-pans-w-krosnie-artykuly-w-biuletynie-informacyjnym-podkarpackiej-okregowej-izbie-inzynier\/","og_locale":"pl_PL","og_type":"article","og_title":"Moje Miasto Krosno Pa\u0142ac w Polance - cz\u0119\u015b\u0107 II oraz Nowe oblicze Centrum Komunikacji i J\u0119zyk\u00f3w Obcych PANS w Kro\u015bnie \u2013 artyku\u0142y w Biuletynie Informacyjnym Podkarpackiej Okr\u0119gowej Izbie In\u017cynier\u00f3w Budownictwa","og_description":"W trzecim numerze Biuletynu Informacyjnego Podkarpackiej Okr\u0119gowej Izby In\u017cynier\u00f3w Budownictwa z 2025 roku opublikowane zosta\u0142y dwa artyku\u0142y autorstwa pracownik\u00f3w Zak\u0142adu Budownictwa Pa\u0144stwowej Akademii Nauk Stosowanych w Kro\u015bnie. Pierwszy z nich, zatytu\u0142owany \u201eMoje Miasto Krosno Pa\u0142ac w Polance \u2013 cz\u0119\u015b\u0107 II\u201d, napisa\u0142 dr in\u017c. arch. Marek Gransicki. W artykule przedstawiono histori\u0119 [\u2026] Read More","og_url":"https:\/\/pans.krosno.pl\/b\/moje-miasto-krosno-palac-w-polance-czesc-ii-oraz-nowe-oblicze-centrum-komunikacji-i-jezykow-obcych-pans-w-krosnie-artykuly-w-biuletynie-informacyjnym-podkarpackiej-okregowej-izbie-inzynier\/","og_site_name":"Budownictwo PANS w Kro\u015bnie","article_published_time":"2025-09-14T17:11:21+00:00","article_modified_time":"2025-09-14T17:11:22+00:00","og_image":[{"width":225,"height":225,"url":"https:\/\/pans.krosno.pl\/b\/wp-content\/uploads\/sites\/21\/2025\/03\/Biuletyn.jpg","type":"image\/jpeg"}],"author":"dariuszlen","twitter_card":"summary_large_image","twitter_misc":{"Napisane przez":"dariuszlen","Szacowany czas czytania":"1 minuta"},"schema":{"@context":"https:\/\/schema.org","@graph":[{"@type":"Article","@id":"https:\/\/pans.krosno.pl\/b\/moje-miasto-krosno-palac-w-polance-czesc-ii-oraz-nowe-oblicze-centrum-komunikacji-i-jezykow-obcych-pans-w-krosnie-artykuly-w-biuletynie-informacyjnym-podkarpackiej-okregowej-izbie-inzynier\/#article","isPartOf":{"@id":"https:\/\/pans.krosno.pl\/b\/moje-miasto-krosno-palac-w-polance-czesc-ii-oraz-nowe-oblicze-centrum-komunikacji-i-jezykow-obcych-pans-w-krosnie-artykuly-w-biuletynie-informacyjnym-podkarpackiej-okregowej-izbie-inzynier\/"},"author":{"name":"dariuszlen","@id":"https:\/\/pans.krosno.pl\/b\/#\/schema\/person\/634d6b9e7bb9d41c7e46965732f119fb"},"headline":"Moje Miasto Krosno Pa\u0142ac w Polance &#8211; cz\u0119\u015b\u0107 II oraz Nowe oblicze Centrum Komunikacji i J\u0119zyk\u00f3w Obcych PANS w Kro\u015bnie \u2013 artyku\u0142y w Biuletynie Informacyjnym Podkarpackiej Okr\u0119gowej Izbie In\u017cynier\u00f3w Budownictwa","datePublished":"2025-09-14T17:11:21+00:00","dateModified":"2025-09-14T17:11:22+00:00","mainEntityOfPage":{"@id":"https:\/\/pans.krosno.pl\/b\/moje-miasto-krosno-palac-w-polance-czesc-ii-oraz-nowe-oblicze-centrum-komunikacji-i-jezykow-obcych-pans-w-krosnie-artykuly-w-biuletynie-informacyjnym-podkarpackiej-okregowej-izbie-inzynier\/"},"wordCount":198,"commentCount":0,"publisher":{"@id":"https:\/\/pans.krosno.pl\/b\/#organization"},"image":{"@id":"https:\/\/pans.krosno.pl\/b\/moje-miasto-krosno-palac-w-polance-czesc-ii-oraz-nowe-oblicze-centrum-komunikacji-i-jezykow-obcych-pans-w-krosnie-artykuly-w-biuletynie-informacyjnym-podkarpackiej-okregowej-izbie-inzynier\/#primaryimage"},"thumbnailUrl":"https:\/\/pans.krosno.pl\/b\/wp-content\/uploads\/sites\/21\/2025\/03\/Biuletyn.jpg","inLanguage":"pl-PL","potentialAction":[{"@type":"CommentAction","name":"Comment","target":["https:\/\/pans.krosno.pl\/b\/moje-miasto-krosno-palac-w-polance-czesc-ii-oraz-nowe-oblicze-centrum-komunikacji-i-jezykow-obcych-pans-w-krosnie-artykuly-w-biuletynie-informacyjnym-podkarpackiej-okregowej-izbie-inzynier\/#respond"]}]},{"@type":"WebPage","@id":"https:\/\/pans.krosno.pl\/b\/moje-miasto-krosno-palac-w-polance-czesc-ii-oraz-nowe-oblicze-centrum-komunikacji-i-jezykow-obcych-pans-w-krosnie-artykuly-w-biuletynie-informacyjnym-podkarpackiej-okregowej-izbie-inzynier\/","url":"https:\/\/pans.krosno.pl\/b\/moje-miasto-krosno-palac-w-polance-czesc-ii-oraz-nowe-oblicze-centrum-komunikacji-i-jezykow-obcych-pans-w-krosnie-artykuly-w-biuletynie-informacyjnym-podkarpackiej-okregowej-izbie-inzynier\/","name":"Moje Miasto Krosno Pa\u0142ac w Polance - cz\u0119\u015b\u0107 II oraz Nowe oblicze Centrum Komunikacji i J\u0119zyk\u00f3w Obcych PANS w Kro\u015bnie \u2013 artyku\u0142y w Biuletynie Informacyjnym Podkarpackiej Okr\u0119gowej Izbie In\u017cynier\u00f3w Budownictwa - Budownictwo PANS w Kro\u015bnie","isPartOf":{"@id":"https:\/\/pans.krosno.pl\/b\/#website"},"primaryImageOfPage":{"@id":"https:\/\/pans.krosno.pl\/b\/moje-miasto-krosno-palac-w-polance-czesc-ii-oraz-nowe-oblicze-centrum-komunikacji-i-jezykow-obcych-pans-w-krosnie-artykuly-w-biuletynie-informacyjnym-podkarpackiej-okregowej-izbie-inzynier\/#primaryimage"},"image":{"@id":"https:\/\/pans.krosno.pl\/b\/moje-miasto-krosno-palac-w-polance-czesc-ii-oraz-nowe-oblicze-centrum-komunikacji-i-jezykow-obcych-pans-w-krosnie-artykuly-w-biuletynie-informacyjnym-podkarpackiej-okregowej-izbie-inzynier\/#primaryimage"},"thumbnailUrl":"https:\/\/pans.krosno.pl\/b\/wp-content\/uploads\/sites\/21\/2025\/03\/Biuletyn.jpg","datePublished":"2025-09-14T17:11:21+00:00","dateModified":"2025-09-14T17:11:22+00:00","breadcrumb":{"@id":"https:\/\/pans.krosno.pl\/b\/moje-miasto-krosno-palac-w-polance-czesc-ii-oraz-nowe-oblicze-centrum-komunikacji-i-jezykow-obcych-pans-w-krosnie-artykuly-w-biuletynie-informacyjnym-podkarpackiej-okregowej-izbie-inzynier\/#breadcrumb"},"inLanguage":"pl-PL","potentialAction":[{"@type":"ReadAction","target":["https:\/\/pans.krosno.pl\/b\/moje-miasto-krosno-palac-w-polance-czesc-ii-oraz-nowe-oblicze-centrum-komunikacji-i-jezykow-obcych-pans-w-krosnie-artykuly-w-biuletynie-informacyjnym-podkarpackiej-okregowej-izbie-inzynier\/"]}]},{"@type":"ImageObject","inLanguage":"pl-PL","@id":"https:\/\/pans.krosno.pl\/b\/moje-miasto-krosno-palac-w-polance-czesc-ii-oraz-nowe-oblicze-centrum-komunikacji-i-jezykow-obcych-pans-w-krosnie-artykuly-w-biuletynie-informacyjnym-podkarpackiej-okregowej-izbie-inzynier\/#primaryimage","url":"https:\/\/pans.krosno.pl\/b\/wp-content\/uploads\/sites\/21\/2025\/03\/Biuletyn.jpg","contentUrl":"https:\/\/pans.krosno.pl\/b\/wp-content\/uploads\/sites\/21\/2025\/03\/Biuletyn.jpg","width":225,"height":225},{"@type":"BreadcrumbList","@id":"https:\/\/pans.krosno.pl\/b\/moje-miasto-krosno-palac-w-polance-czesc-ii-oraz-nowe-oblicze-centrum-komunikacji-i-jezykow-obcych-pans-w-krosnie-artykuly-w-biuletynie-informacyjnym-podkarpackiej-okregowej-izbie-inzynier\/#breadcrumb","itemListElement":[{"@type":"ListItem","position":1,"name":"Strona g\u0142\u00f3wna","item":"https:\/\/pans.krosno.pl\/b\/"},{"@type":"ListItem","position":2,"name":"Moje Miasto Krosno Pa\u0142ac w Polance &#8211; cz\u0119\u015b\u0107 II oraz Nowe oblicze Centrum Komunikacji i J\u0119zyk\u00f3w Obcych PANS w Kro\u015bnie \u2013 artyku\u0142y w Biuletynie Informacyjnym Podkarpackiej Okr\u0119gowej Izbie In\u017cynier\u00f3w Budownictwa"}]},{"@type":"WebSite","@id":"https:\/\/pans.krosno.pl\/b\/#website","url":"https:\/\/pans.krosno.pl\/b\/","name":"Budownictwo PANS w Kro\u015bnie","description":"Budownictwo - Pa\u0144stwowa Akademia Nauk Stosowanych","publisher":{"@id":"https:\/\/pans.krosno.pl\/b\/#organization"},"potentialAction":[{"@type":"SearchAction","target":{"@type":"EntryPoint","urlTemplate":"https:\/\/pans.krosno.pl\/b\/?s={search_term_string}"},"query-input":{"@type":"PropertyValueSpecification","valueRequired":true,"valueName":"search_term_string"}}],"inLanguage":"pl-PL"},{"@type":"Organization","@id":"https:\/\/pans.krosno.pl\/b\/#organization","name":"Budownictwo PANS w Kro\u015bnie","url":"https:\/\/pans.krosno.pl\/b\/","logo":{"@type":"ImageObject","inLanguage":"pl-PL","@id":"https:\/\/pans.krosno.pl\/b\/#\/schema\/logo\/image\/","url":"https:\/\/pans.krosno.pl\/b\/wp-content\/uploads\/sites\/21\/2023\/01\/Logo-PANS-2022-pelne.png","contentUrl":"https:\/\/pans.krosno.pl\/b\/wp-content\/uploads\/sites\/21\/2023\/01\/Logo-PANS-2022-pelne.png","width":3096,"height":696,"caption":"Budownictwo PANS w Kro\u015bnie"},"image":{"@id":"https:\/\/pans.krosno.pl\/b\/#\/schema\/logo\/image\/"}},{"@type":"Person","@id":"https:\/\/pans.krosno.pl\/b\/#\/schema\/person\/634d6b9e7bb9d41c7e46965732f119fb","name":"dariuszlen","image":{"@type":"ImageObject","inLanguage":"pl-PL","@id":"https:\/\/secure.gravatar.com\/avatar\/d51cbe065012c9a7ceb271b54636773af49c912883e07a57054c7fbc8e0c8366?s=96&d=mm&r=g","url":"https:\/\/secure.gravatar.com\/avatar\/d51cbe065012c9a7ceb271b54636773af49c912883e07a57054c7fbc8e0c8366?s=96&d=mm&r=g","contentUrl":"https:\/\/secure.gravatar.com\/avatar\/d51cbe065012c9a7ceb271b54636773af49c912883e07a57054c7fbc8e0c8366?s=96&d=mm&r=g","caption":"dariuszlen"},"url":"https:\/\/pans.krosno.pl\/b\/author\/dariuszlen\/"}]}},"_links":{"self":[{"href":"https:\/\/pans.krosno.pl\/b\/wp-json\/wp\/v2\/posts\/1835","targetHints":{"allow":["GET"]}}],"collection":[{"href":"https:\/\/pans.krosno.pl\/b\/wp-json\/wp\/v2\/posts"}],"about":[{"href":"https:\/\/pans.krosno.pl\/b\/wp-json\/wp\/v2\/types\/post"}],"author":[{"embeddable":true,"href":"https:\/\/pans.krosno.pl\/b\/wp-json\/wp\/v2\/users\/11"}],"replies":[{"embeddable":true,"href":"https:\/\/pans.krosno.pl\/b\/wp-json\/wp\/v2\/comments?post=1835"}],"version-history":[{"count":3,"href":"https:\/\/pans.krosno.pl\/b\/wp-json\/wp\/v2\/posts\/1835\/revisions"}],"predecessor-version":[{"id":1838,"href":"https:\/\/pans.krosno.pl\/b\/wp-json\/wp\/v2\/posts\/1835\/revisions\/1838"}],"wp:featuredmedia":[{"embeddable":true,"href":"https:\/\/pans.krosno.pl\/b\/wp-json\/wp\/v2\/media\/1671"}],"wp:attachment":[{"href":"https:\/\/pans.krosno.pl\/b\/wp-json\/wp\/v2\/media?parent=1835"}],"wp:term":[{"taxonomy":"category","embeddable":true,"href":"https:\/\/pans.krosno.pl\/b\/wp-json\/wp\/v2\/categories?post=1835"},{"taxonomy":"post_tag","embeddable":true,"href":"https:\/\/pans.krosno.pl\/b\/wp-json\/wp\/v2\/tags?post=1835"}],"curies":[{"name":"wp","href":"https:\/\/api.w.org\/{rel}","templated":true}]}}