{"id":1749,"date":"2025-06-04T09:23:00","date_gmt":"2025-06-04T07:23:00","guid":{"rendered":"https:\/\/pans.krosno.pl\/b\/?p=1749"},"modified":"2025-06-04T21:28:43","modified_gmt":"2025-06-04T19:28:43","slug":"z-glebokim-smutkiem-zawiadamiamy","status":"publish","type":"post","link":"https:\/\/pans.krosno.pl\/b\/z-glebokim-smutkiem-zawiadamiamy\/","title":{"rendered":"Z g\u0142\u0119bokim smutkiem zawiadamiamy\u2026"},"content":{"rendered":"\n<p>W dniu 3 czerwca 2025 roku dotar\u0142a do nas smutna wiadomo\u015b\u0107, \u017ce odszed\u0142 od nas wybitny in\u017cynier, naukowiec i nauczyciel akademicki \u2013 Profesor Bogumi\u0142 Wrana, kt\u00f3rego dorobek i postawa na zawsze pozostan\u0105 w pami\u0119ci wielu pokole\u0144 student\u00f3w, wsp\u00f3\u0142pracownik\u00f3w i przyjaci\u00f3\u0142.<br><br>Profesor Bogumi\u0142 Wrana by\u0142 autorem 8 ksi\u0105\u017cek oraz ponad 130 publikacji naukowych, w kt\u00f3rych dzieli\u0142 si\u0119 swoj\u0105 ogromn\u0105 wiedz\u0105 i pasj\u0105 do in\u017cynierii. Jako promotor, poprowadzi\u0142 do tytu\u0142u doktora czterech naukowc\u00f3w, staj\u0105c si\u0119 dla nich nie tylko mentorem, ale tak\u017ce autorytetem i wzorem.<br><br>Ju\u017c w czasie studi\u00f3w, w latach 1969\u20131973, wyr\u00f3\u017cnia\u0142 si\u0119 niezwyk\u0142ymi zdolno\u015bciami i zaanga\u017cowaniem. W 1972 roku zdoby\u0142 presti\u017cowy tytu\u0142 najlepszego studenta wszystkich uczelni krakowskich oraz zosta\u0142 uhonorowany statuetk\u0105 \u201eCzerwonej R\u00f3\u017cy\u201d za wybitne osi\u0105gni\u0119cia w roku akademickim 1971\/1972.<br><br>By\u0142 jednym z pionier\u00f3w zastosowania metody element\u00f3w sko\u0144czonych w Polsce. Stworzy\u0142 program BOMES, kt\u00f3ry przez lata s\u0142u\u017cy\u0142 in\u017cynierom jako nowoczesne narz\u0119dzie obliczeniowe. W latach 1983\u20131985 pracowa\u0142 jako ekspert budowlany (Civil Engineer Expert) w Ministerstwie Budownictwa Libii, zyskuj\u0105c mi\u0119dzynarodowe uznanie dla swojej wiedzy i kompetencji.<br><br>Jako ekspert w dziedzinie projektowania fundament\u00f3w pod maszyny przemys\u0142owe wsp\u00f3\u0142pracowa\u0142 z takimi koncernami jak ABB, ALSTOM czy General Electric, s\u0142u\u017c\u0105c im rad\u0105 i do\u015bwiadczeniem na najwy\u017cszym poziomie.<br><br>Profesor Bogumi\u0142 Wrana przez wiele lat by\u0142 wyk\u0142adowc\u0105 na Wydziale In\u017cynierii L\u0105dowej Politechniki Krakowskiej. W ostatnich latach \u017cycia by\u0142 zwi\u0105zany z Pa\u0144stwow\u0105 Akademi\u0105 Nauk Stosowanych w Kro\u015bnie, gdzie pracowa\u0142 w Instytucie Politechnicznym, w Zak\u0142adzie Budownictwa. Swoim do\u015bwiadczeniem i pasj\u0105 wspiera\u0142 rozw\u00f3j m\u0142odych in\u017cynier\u00f3w, dla kt\u00f3rych by\u0142 nie tylko wyk\u0142adowc\u0105, ale tak\u017ce inspiracj\u0105.<br><br>Pozostanie w naszej pami\u0119ci jako cz\u0142owiek ogromnej wiedzy, pasji, skromno\u015bci i \u017cyczliwo\u015bci. Jego odej\u015bcie to wielka strata dla \u015bwiata nauki i in\u017cynierii l\u0105dowej.<br><br>Cze\u015b\u0107&nbsp;Jego&nbsp;Pami\u0119ci.<\/p>\n\n\n\n<figure class=\"wp-block-gallery has-nested-images columns-default is-cropped wp-block-gallery-1 is-layout-flex wp-block-gallery-is-layout-flex\">\n<figure class=\"wp-block-image size-large\"><img loading=\"lazy\" decoding=\"async\" width=\"358\" height=\"509\" data-id=\"1754\" src=\"https:\/\/pans.krosno.pl\/b\/wp-content\/uploads\/sites\/21\/2025\/06\/SP-Bogumil-Wrana-cb-1.png\" alt=\"\" class=\"wp-image-1754\" srcset=\"https:\/\/pans.krosno.pl\/b\/wp-content\/uploads\/sites\/21\/2025\/06\/SP-Bogumil-Wrana-cb-1.png 358w, https:\/\/pans.krosno.pl\/b\/wp-content\/uploads\/sites\/21\/2025\/06\/SP-Bogumil-Wrana-cb-1-211x300.png 211w\" sizes=\"auto, (max-width: 358px) 100vw, 358px\" \/><\/figure>\n\n\n\n<figure class=\"wp-block-image size-large\"><img loading=\"lazy\" decoding=\"async\" width=\"200\" height=\"199\" data-id=\"1753\" src=\"https:\/\/pans.krosno.pl\/b\/wp-content\/uploads\/sites\/21\/2025\/06\/SP-Bogumil-Wrana-2-cb-2.png\" alt=\"\" class=\"wp-image-1753\" srcset=\"https:\/\/pans.krosno.pl\/b\/wp-content\/uploads\/sites\/21\/2025\/06\/SP-Bogumil-Wrana-2-cb-2.png 200w, https:\/\/pans.krosno.pl\/b\/wp-content\/uploads\/sites\/21\/2025\/06\/SP-Bogumil-Wrana-2-cb-2-150x150.png 150w\" sizes=\"auto, (max-width: 200px) 100vw, 200px\" \/><\/figure>\n<\/figure>\n\n\n\n<p>Uroczysto\u015bci pogrzebowe odb\u0119d\u0105 si\u0119 w <strong>pi\u0105tek 6 czerwca 2025 r. o godz. 12:00<\/strong> w kaplicy na Cmentarzu Salwatorskim po czym nast\u0105pi odprowadzenie Zmar\u0142ego na miejsce wiecznego spoczynku.<\/p>\n\n\n\n<p><\/p>\n","protected":false},"excerpt":{"rendered":"<p>W dniu 3 czerwca 2025 roku dotar\u0142a do nas smutna wiadomo\u015b\u0107, \u017ce odszed\u0142 od nas wybitny in\u017cynier, naukowiec i nauczyciel akademicki \u2013 Profesor Bogumi\u0142 Wrana, kt\u00f3rego dorobek i postawa na zawsze pozostan\u0105 w pami\u0119ci wielu pokole\u0144 student\u00f3w, wsp\u00f3\u0142pracownik\u00f3w i przyjaci\u00f3\u0142. Profesor Bogumi\u0142 Wrana by\u0142 autorem 8 ksi\u0105\u017cek oraz ponad 130 [\u2026] <\/p>\n<div class=\"clear\"><\/div>\n<p><a class=\"more_link clearfix\" href=\"https:\/\/pans.krosno.pl\/b\/z-glebokim-smutkiem-zawiadamiamy\/\" rel=\"nofollow\">Read More<\/a><\/p>\n","protected":false},"author":11,"featured_media":1748,"comment_status":"open","ping_status":"open","sticky":false,"template":"","format":"standard","meta":{"ngg_post_thumbnail":0,"footnotes":""},"categories":[1],"tags":[],"class_list":["post-1749","post","type-post","status-publish","format-standard","has-post-thumbnail","hentry","category-bez-kategorii"],"yoast_head":"<!-- This site is optimized with the Yoast SEO Premium plugin v27.4 (Yoast SEO v27.4) - https:\/\/yoast.com\/product\/yoast-seo-premium-wordpress\/ -->\n<title>Z g\u0142\u0119bokim smutkiem zawiadamiamy\u2026 - Budownictwo PANS w Kro\u015bnie<\/title>\n<meta name=\"robots\" content=\"index, follow, max-snippet:-1, max-image-preview:large, max-video-preview:-1\" \/>\n<link rel=\"canonical\" href=\"https:\/\/pans.krosno.pl\/b\/z-glebokim-smutkiem-zawiadamiamy\/\" \/>\n<meta property=\"og:locale\" content=\"pl_PL\" \/>\n<meta property=\"og:type\" content=\"article\" \/>\n<meta property=\"og:title\" content=\"Z g\u0142\u0119bokim smutkiem zawiadamiamy\u2026\" \/>\n<meta property=\"og:description\" content=\"W dniu 3 czerwca 2025 roku dotar\u0142a do nas smutna wiadomo\u015b\u0107, \u017ce odszed\u0142 od nas wybitny in\u017cynier, naukowiec i nauczyciel akademicki \u2013 Profesor Bogumi\u0142 Wrana, kt\u00f3rego dorobek i postawa na zawsze pozostan\u0105 w pami\u0119ci wielu pokole\u0144 student\u00f3w, wsp\u00f3\u0142pracownik\u00f3w i przyjaci\u00f3\u0142. Profesor Bogumi\u0142 Wrana by\u0142 autorem 8 ksi\u0105\u017cek oraz ponad 130 [\u2026] Read More\" \/>\n<meta property=\"og:url\" content=\"https:\/\/pans.krosno.pl\/b\/z-glebokim-smutkiem-zawiadamiamy\/\" \/>\n<meta property=\"og:site_name\" content=\"Budownictwo PANS w Kro\u015bnie\" \/>\n<meta property=\"article:published_time\" content=\"2025-06-04T07:23:00+00:00\" \/>\n<meta property=\"article:modified_time\" content=\"2025-06-04T19:28:43+00:00\" \/>\n<meta property=\"og:image\" content=\"https:\/\/pans.krosno.pl\/b\/wp-content\/uploads\/sites\/21\/2025\/06\/SP-Bogumil-Wrana-2-cb.png\" \/>\n\t<meta property=\"og:image:width\" content=\"200\" \/>\n\t<meta property=\"og:image:height\" content=\"199\" \/>\n\t<meta property=\"og:image:type\" content=\"image\/png\" \/>\n<meta name=\"author\" content=\"dariuszlen\" \/>\n<meta name=\"twitter:card\" content=\"summary_large_image\" \/>\n<meta name=\"twitter:label1\" content=\"Napisane przez\" \/>\n\t<meta name=\"twitter:data1\" content=\"dariuszlen\" \/>\n\t<meta name=\"twitter:label2\" content=\"Szacowany czas czytania\" \/>\n\t<meta name=\"twitter:data2\" content=\"3 minuty\" \/>\n<script type=\"application\/ld+json\" class=\"yoast-schema-graph\">{\"@context\":\"https:\\\/\\\/schema.org\",\"@graph\":[{\"@type\":\"Article\",\"@id\":\"https:\\\/\\\/pans.krosno.pl\\\/b\\\/z-glebokim-smutkiem-zawiadamiamy\\\/#article\",\"isPartOf\":{\"@id\":\"https:\\\/\\\/pans.krosno.pl\\\/b\\\/z-glebokim-smutkiem-zawiadamiamy\\\/\"},\"author\":{\"name\":\"dariuszlen\",\"@id\":\"https:\\\/\\\/pans.krosno.pl\\\/b\\\/#\\\/schema\\\/person\\\/634d6b9e7bb9d41c7e46965732f119fb\"},\"headline\":\"Z g\u0142\u0119bokim smutkiem zawiadamiamy\u2026\",\"datePublished\":\"2025-06-04T07:23:00+00:00\",\"dateModified\":\"2025-06-04T19:28:43+00:00\",\"mainEntityOfPage\":{\"@id\":\"https:\\\/\\\/pans.krosno.pl\\\/b\\\/z-glebokim-smutkiem-zawiadamiamy\\\/\"},\"wordCount\":359,\"commentCount\":0,\"publisher\":{\"@id\":\"https:\\\/\\\/pans.krosno.pl\\\/b\\\/#organization\"},\"image\":{\"@id\":\"https:\\\/\\\/pans.krosno.pl\\\/b\\\/z-glebokim-smutkiem-zawiadamiamy\\\/#primaryimage\"},\"thumbnailUrl\":\"https:\\\/\\\/pans.krosno.pl\\\/b\\\/wp-content\\\/uploads\\\/sites\\\/21\\\/2025\\\/06\\\/SP-Bogumil-Wrana-2-cb.png\",\"inLanguage\":\"pl-PL\",\"potentialAction\":[{\"@type\":\"CommentAction\",\"name\":\"Comment\",\"target\":[\"https:\\\/\\\/pans.krosno.pl\\\/b\\\/z-glebokim-smutkiem-zawiadamiamy\\\/#respond\"]}]},{\"@type\":\"WebPage\",\"@id\":\"https:\\\/\\\/pans.krosno.pl\\\/b\\\/z-glebokim-smutkiem-zawiadamiamy\\\/\",\"url\":\"https:\\\/\\\/pans.krosno.pl\\\/b\\\/z-glebokim-smutkiem-zawiadamiamy\\\/\",\"name\":\"Z g\u0142\u0119bokim smutkiem zawiadamiamy\u2026 - Budownictwo PANS w Kro\u015bnie\",\"isPartOf\":{\"@id\":\"https:\\\/\\\/pans.krosno.pl\\\/b\\\/#website\"},\"primaryImageOfPage\":{\"@id\":\"https:\\\/\\\/pans.krosno.pl\\\/b\\\/z-glebokim-smutkiem-zawiadamiamy\\\/#primaryimage\"},\"image\":{\"@id\":\"https:\\\/\\\/pans.krosno.pl\\\/b\\\/z-glebokim-smutkiem-zawiadamiamy\\\/#primaryimage\"},\"thumbnailUrl\":\"https:\\\/\\\/pans.krosno.pl\\\/b\\\/wp-content\\\/uploads\\\/sites\\\/21\\\/2025\\\/06\\\/SP-Bogumil-Wrana-2-cb.png\",\"datePublished\":\"2025-06-04T07:23:00+00:00\",\"dateModified\":\"2025-06-04T19:28:43+00:00\",\"breadcrumb\":{\"@id\":\"https:\\\/\\\/pans.krosno.pl\\\/b\\\/z-glebokim-smutkiem-zawiadamiamy\\\/#breadcrumb\"},\"inLanguage\":\"pl-PL\",\"potentialAction\":[{\"@type\":\"ReadAction\",\"target\":[\"https:\\\/\\\/pans.krosno.pl\\\/b\\\/z-glebokim-smutkiem-zawiadamiamy\\\/\"]}]},{\"@type\":\"ImageObject\",\"inLanguage\":\"pl-PL\",\"@id\":\"https:\\\/\\\/pans.krosno.pl\\\/b\\\/z-glebokim-smutkiem-zawiadamiamy\\\/#primaryimage\",\"url\":\"https:\\\/\\\/pans.krosno.pl\\\/b\\\/wp-content\\\/uploads\\\/sites\\\/21\\\/2025\\\/06\\\/SP-Bogumil-Wrana-2-cb.png\",\"contentUrl\":\"https:\\\/\\\/pans.krosno.pl\\\/b\\\/wp-content\\\/uploads\\\/sites\\\/21\\\/2025\\\/06\\\/SP-Bogumil-Wrana-2-cb.png\",\"width\":200,\"height\":199},{\"@type\":\"BreadcrumbList\",\"@id\":\"https:\\\/\\\/pans.krosno.pl\\\/b\\\/z-glebokim-smutkiem-zawiadamiamy\\\/#breadcrumb\",\"itemListElement\":[{\"@type\":\"ListItem\",\"position\":1,\"name\":\"Strona g\u0142\u00f3wna\",\"item\":\"https:\\\/\\\/pans.krosno.pl\\\/b\\\/\"},{\"@type\":\"ListItem\",\"position\":2,\"name\":\"Z g\u0142\u0119bokim smutkiem zawiadamiamy\u2026\"}]},{\"@type\":\"WebSite\",\"@id\":\"https:\\\/\\\/pans.krosno.pl\\\/b\\\/#website\",\"url\":\"https:\\\/\\\/pans.krosno.pl\\\/b\\\/\",\"name\":\"Budownictwo PANS w Kro\u015bnie\",\"description\":\"Budownictwo - Pa\u0144stwowa Akademia Nauk Stosowanych\",\"publisher\":{\"@id\":\"https:\\\/\\\/pans.krosno.pl\\\/b\\\/#organization\"},\"potentialAction\":[{\"@type\":\"SearchAction\",\"target\":{\"@type\":\"EntryPoint\",\"urlTemplate\":\"https:\\\/\\\/pans.krosno.pl\\\/b\\\/?s={search_term_string}\"},\"query-input\":{\"@type\":\"PropertyValueSpecification\",\"valueRequired\":true,\"valueName\":\"search_term_string\"}}],\"inLanguage\":\"pl-PL\"},{\"@type\":\"Organization\",\"@id\":\"https:\\\/\\\/pans.krosno.pl\\\/b\\\/#organization\",\"name\":\"Budownictwo PANS w Kro\u015bnie\",\"url\":\"https:\\\/\\\/pans.krosno.pl\\\/b\\\/\",\"logo\":{\"@type\":\"ImageObject\",\"inLanguage\":\"pl-PL\",\"@id\":\"https:\\\/\\\/pans.krosno.pl\\\/b\\\/#\\\/schema\\\/logo\\\/image\\\/\",\"url\":\"https:\\\/\\\/pans.krosno.pl\\\/b\\\/wp-content\\\/uploads\\\/sites\\\/21\\\/2023\\\/01\\\/Logo-PANS-2022-pelne.png\",\"contentUrl\":\"https:\\\/\\\/pans.krosno.pl\\\/b\\\/wp-content\\\/uploads\\\/sites\\\/21\\\/2023\\\/01\\\/Logo-PANS-2022-pelne.png\",\"width\":3096,\"height\":696,\"caption\":\"Budownictwo PANS w Kro\u015bnie\"},\"image\":{\"@id\":\"https:\\\/\\\/pans.krosno.pl\\\/b\\\/#\\\/schema\\\/logo\\\/image\\\/\"}},{\"@type\":\"Person\",\"@id\":\"https:\\\/\\\/pans.krosno.pl\\\/b\\\/#\\\/schema\\\/person\\\/634d6b9e7bb9d41c7e46965732f119fb\",\"name\":\"dariuszlen\",\"image\":{\"@type\":\"ImageObject\",\"inLanguage\":\"pl-PL\",\"@id\":\"https:\\\/\\\/secure.gravatar.com\\\/avatar\\\/d51cbe065012c9a7ceb271b54636773af49c912883e07a57054c7fbc8e0c8366?s=96&d=mm&r=g\",\"url\":\"https:\\\/\\\/secure.gravatar.com\\\/avatar\\\/d51cbe065012c9a7ceb271b54636773af49c912883e07a57054c7fbc8e0c8366?s=96&d=mm&r=g\",\"contentUrl\":\"https:\\\/\\\/secure.gravatar.com\\\/avatar\\\/d51cbe065012c9a7ceb271b54636773af49c912883e07a57054c7fbc8e0c8366?s=96&d=mm&r=g\",\"caption\":\"dariuszlen\"},\"url\":\"https:\\\/\\\/pans.krosno.pl\\\/b\\\/author\\\/dariuszlen\\\/\"}]}<\/script>\n<!-- \/ Yoast SEO Premium plugin. -->","yoast_head_json":{"title":"Z g\u0142\u0119bokim smutkiem zawiadamiamy\u2026 - Budownictwo PANS w Kro\u015bnie","robots":{"index":"index","follow":"follow","max-snippet":"max-snippet:-1","max-image-preview":"max-image-preview:large","max-video-preview":"max-video-preview:-1"},"canonical":"https:\/\/pans.krosno.pl\/b\/z-glebokim-smutkiem-zawiadamiamy\/","og_locale":"pl_PL","og_type":"article","og_title":"Z g\u0142\u0119bokim smutkiem zawiadamiamy\u2026","og_description":"W dniu 3 czerwca 2025 roku dotar\u0142a do nas smutna wiadomo\u015b\u0107, \u017ce odszed\u0142 od nas wybitny in\u017cynier, naukowiec i nauczyciel akademicki \u2013 Profesor Bogumi\u0142 Wrana, kt\u00f3rego dorobek i postawa na zawsze pozostan\u0105 w pami\u0119ci wielu pokole\u0144 student\u00f3w, wsp\u00f3\u0142pracownik\u00f3w i przyjaci\u00f3\u0142. Profesor Bogumi\u0142 Wrana by\u0142 autorem 8 ksi\u0105\u017cek oraz ponad 130 [\u2026] Read More","og_url":"https:\/\/pans.krosno.pl\/b\/z-glebokim-smutkiem-zawiadamiamy\/","og_site_name":"Budownictwo PANS w Kro\u015bnie","article_published_time":"2025-06-04T07:23:00+00:00","article_modified_time":"2025-06-04T19:28:43+00:00","og_image":[{"width":200,"height":199,"url":"https:\/\/pans.krosno.pl\/b\/wp-content\/uploads\/sites\/21\/2025\/06\/SP-Bogumil-Wrana-2-cb.png","type":"image\/png"}],"author":"dariuszlen","twitter_card":"summary_large_image","twitter_misc":{"Napisane przez":"dariuszlen","Szacowany czas czytania":"3 minuty"},"schema":{"@context":"https:\/\/schema.org","@graph":[{"@type":"Article","@id":"https:\/\/pans.krosno.pl\/b\/z-glebokim-smutkiem-zawiadamiamy\/#article","isPartOf":{"@id":"https:\/\/pans.krosno.pl\/b\/z-glebokim-smutkiem-zawiadamiamy\/"},"author":{"name":"dariuszlen","@id":"https:\/\/pans.krosno.pl\/b\/#\/schema\/person\/634d6b9e7bb9d41c7e46965732f119fb"},"headline":"Z g\u0142\u0119bokim smutkiem zawiadamiamy\u2026","datePublished":"2025-06-04T07:23:00+00:00","dateModified":"2025-06-04T19:28:43+00:00","mainEntityOfPage":{"@id":"https:\/\/pans.krosno.pl\/b\/z-glebokim-smutkiem-zawiadamiamy\/"},"wordCount":359,"commentCount":0,"publisher":{"@id":"https:\/\/pans.krosno.pl\/b\/#organization"},"image":{"@id":"https:\/\/pans.krosno.pl\/b\/z-glebokim-smutkiem-zawiadamiamy\/#primaryimage"},"thumbnailUrl":"https:\/\/pans.krosno.pl\/b\/wp-content\/uploads\/sites\/21\/2025\/06\/SP-Bogumil-Wrana-2-cb.png","inLanguage":"pl-PL","potentialAction":[{"@type":"CommentAction","name":"Comment","target":["https:\/\/pans.krosno.pl\/b\/z-glebokim-smutkiem-zawiadamiamy\/#respond"]}]},{"@type":"WebPage","@id":"https:\/\/pans.krosno.pl\/b\/z-glebokim-smutkiem-zawiadamiamy\/","url":"https:\/\/pans.krosno.pl\/b\/z-glebokim-smutkiem-zawiadamiamy\/","name":"Z g\u0142\u0119bokim smutkiem zawiadamiamy\u2026 - Budownictwo PANS w Kro\u015bnie","isPartOf":{"@id":"https:\/\/pans.krosno.pl\/b\/#website"},"primaryImageOfPage":{"@id":"https:\/\/pans.krosno.pl\/b\/z-glebokim-smutkiem-zawiadamiamy\/#primaryimage"},"image":{"@id":"https:\/\/pans.krosno.pl\/b\/z-glebokim-smutkiem-zawiadamiamy\/#primaryimage"},"thumbnailUrl":"https:\/\/pans.krosno.pl\/b\/wp-content\/uploads\/sites\/21\/2025\/06\/SP-Bogumil-Wrana-2-cb.png","datePublished":"2025-06-04T07:23:00+00:00","dateModified":"2025-06-04T19:28:43+00:00","breadcrumb":{"@id":"https:\/\/pans.krosno.pl\/b\/z-glebokim-smutkiem-zawiadamiamy\/#breadcrumb"},"inLanguage":"pl-PL","potentialAction":[{"@type":"ReadAction","target":["https:\/\/pans.krosno.pl\/b\/z-glebokim-smutkiem-zawiadamiamy\/"]}]},{"@type":"ImageObject","inLanguage":"pl-PL","@id":"https:\/\/pans.krosno.pl\/b\/z-glebokim-smutkiem-zawiadamiamy\/#primaryimage","url":"https:\/\/pans.krosno.pl\/b\/wp-content\/uploads\/sites\/21\/2025\/06\/SP-Bogumil-Wrana-2-cb.png","contentUrl":"https:\/\/pans.krosno.pl\/b\/wp-content\/uploads\/sites\/21\/2025\/06\/SP-Bogumil-Wrana-2-cb.png","width":200,"height":199},{"@type":"BreadcrumbList","@id":"https:\/\/pans.krosno.pl\/b\/z-glebokim-smutkiem-zawiadamiamy\/#breadcrumb","itemListElement":[{"@type":"ListItem","position":1,"name":"Strona g\u0142\u00f3wna","item":"https:\/\/pans.krosno.pl\/b\/"},{"@type":"ListItem","position":2,"name":"Z g\u0142\u0119bokim smutkiem zawiadamiamy\u2026"}]},{"@type":"WebSite","@id":"https:\/\/pans.krosno.pl\/b\/#website","url":"https:\/\/pans.krosno.pl\/b\/","name":"Budownictwo PANS w Kro\u015bnie","description":"Budownictwo - Pa\u0144stwowa Akademia Nauk Stosowanych","publisher":{"@id":"https:\/\/pans.krosno.pl\/b\/#organization"},"potentialAction":[{"@type":"SearchAction","target":{"@type":"EntryPoint","urlTemplate":"https:\/\/pans.krosno.pl\/b\/?s={search_term_string}"},"query-input":{"@type":"PropertyValueSpecification","valueRequired":true,"valueName":"search_term_string"}}],"inLanguage":"pl-PL"},{"@type":"Organization","@id":"https:\/\/pans.krosno.pl\/b\/#organization","name":"Budownictwo PANS w Kro\u015bnie","url":"https:\/\/pans.krosno.pl\/b\/","logo":{"@type":"ImageObject","inLanguage":"pl-PL","@id":"https:\/\/pans.krosno.pl\/b\/#\/schema\/logo\/image\/","url":"https:\/\/pans.krosno.pl\/b\/wp-content\/uploads\/sites\/21\/2023\/01\/Logo-PANS-2022-pelne.png","contentUrl":"https:\/\/pans.krosno.pl\/b\/wp-content\/uploads\/sites\/21\/2023\/01\/Logo-PANS-2022-pelne.png","width":3096,"height":696,"caption":"Budownictwo PANS w Kro\u015bnie"},"image":{"@id":"https:\/\/pans.krosno.pl\/b\/#\/schema\/logo\/image\/"}},{"@type":"Person","@id":"https:\/\/pans.krosno.pl\/b\/#\/schema\/person\/634d6b9e7bb9d41c7e46965732f119fb","name":"dariuszlen","image":{"@type":"ImageObject","inLanguage":"pl-PL","@id":"https:\/\/secure.gravatar.com\/avatar\/d51cbe065012c9a7ceb271b54636773af49c912883e07a57054c7fbc8e0c8366?s=96&d=mm&r=g","url":"https:\/\/secure.gravatar.com\/avatar\/d51cbe065012c9a7ceb271b54636773af49c912883e07a57054c7fbc8e0c8366?s=96&d=mm&r=g","contentUrl":"https:\/\/secure.gravatar.com\/avatar\/d51cbe065012c9a7ceb271b54636773af49c912883e07a57054c7fbc8e0c8366?s=96&d=mm&r=g","caption":"dariuszlen"},"url":"https:\/\/pans.krosno.pl\/b\/author\/dariuszlen\/"}]}},"_links":{"self":[{"href":"https:\/\/pans.krosno.pl\/b\/wp-json\/wp\/v2\/posts\/1749","targetHints":{"allow":["GET"]}}],"collection":[{"href":"https:\/\/pans.krosno.pl\/b\/wp-json\/wp\/v2\/posts"}],"about":[{"href":"https:\/\/pans.krosno.pl\/b\/wp-json\/wp\/v2\/types\/post"}],"author":[{"embeddable":true,"href":"https:\/\/pans.krosno.pl\/b\/wp-json\/wp\/v2\/users\/11"}],"replies":[{"embeddable":true,"href":"https:\/\/pans.krosno.pl\/b\/wp-json\/wp\/v2\/comments?post=1749"}],"version-history":[{"count":7,"href":"https:\/\/pans.krosno.pl\/b\/wp-json\/wp\/v2\/posts\/1749\/revisions"}],"predecessor-version":[{"id":1762,"href":"https:\/\/pans.krosno.pl\/b\/wp-json\/wp\/v2\/posts\/1749\/revisions\/1762"}],"wp:featuredmedia":[{"embeddable":true,"href":"https:\/\/pans.krosno.pl\/b\/wp-json\/wp\/v2\/media\/1748"}],"wp:attachment":[{"href":"https:\/\/pans.krosno.pl\/b\/wp-json\/wp\/v2\/media?parent=1749"}],"wp:term":[{"taxonomy":"category","embeddable":true,"href":"https:\/\/pans.krosno.pl\/b\/wp-json\/wp\/v2\/categories?post=1749"},{"taxonomy":"post_tag","embeddable":true,"href":"https:\/\/pans.krosno.pl\/b\/wp-json\/wp\/v2\/tags?post=1749"}],"curies":[{"name":"wp","href":"https:\/\/api.w.org\/{rel}","templated":true}]}}