{"id":165,"date":"2019-12-20T08:45:00","date_gmt":"2019-12-20T07:45:00","guid":{"rendered":"https:\/\/pans.krosno.pl\/b\/?p=165"},"modified":"2020-03-03T09:18:39","modified_gmt":"2020-03-03T08:18:39","slug":"podpisanie-listu-intencyjnego-w-siedzibie-pdk-oiib","status":"publish","type":"post","link":"https:\/\/pans.krosno.pl\/b\/podpisanie-listu-intencyjnego-w-siedzibie-pdk-oiib\/","title":{"rendered":"Podpisanie listu intencyjnego w siedzibie PDK OIIB"},"content":{"rendered":"<p style=\"font-weight: 400\">W dniu 16 grudnia 2019 r. w siedzibie PDK OIIB zosta\u0142 podpisany list intencyjny pomi\u0119dzy: Podkarpack\u0105 Okr\u0119gow\u0105 Izb\u0105 In\u017cynier\u00f3w Budownictwa reprezentowan\u0105 przez przewodnicz\u0105cego Rady Grzegorza Dubika i Pa\u0144stwow\u0105 Wy\u017csz\u0105 Szko\u0142\u0105 Zawodow\u0105 w Kro\u015bnie reprezentowan\u0105 przez prof. nadzw. dr hab. Zbigniewa Barabasza &#8211; prorektora ds. rozwoju.&nbsp;W uroczysto\u015bci uczestniczyli &#8211; ze strony Izby &#8211; przewodnicz\u0105cy Rady Grzegorz Dubik oraz z-ca przewodnicz\u0105cego Rady Wac\u0142aw Kami\u0144ski.&nbsp;Ze strony Pa\u0144stwowej Wy\u017cszej Szko\u0142y Zawodowej w Kro\u015bnie prof. nadzw. dr hab. Zbigniew Barabasz &#8211; Prorektor ds. Rozwoju, dr Agnieszka Wo\u017aniak &#8211; Dyrektor Instytutu Politechnicznego, dr in\u017c. Bernadeta Rajchel &#8211; Kierownik Zak\u0142adu In\u017cynierii \u015arodowiska oraz dr in\u017c. Tomasz Pytlowany &#8211; Kierownik Zak\u0142adu Budownictwa.<\/p>\n<p style=\"font-weight: 400\">Podkarpacka Okr\u0119gowa Izba In\u017cynier\u00f3w Budownictwa oraz Pa\u0144stwowa Wy\u017csza Szko\u0142a Zawodowa w Kro\u015bnie wyrazi\u0142y wol\u0119 i gotowo\u015b\u0107 sta\u0142ej wsp\u00f3\u0142pracy w zakresie:<\/p>\n<p style=\"font-weight: 400\">&#8211;&nbsp;&nbsp;&nbsp;&nbsp;&nbsp;&nbsp;&nbsp;Kszta\u0142towania plan\u00f3w, program\u00f3w studi\u00f3w i tre\u015bci kszta\u0142cenia na kierunkach: Budownictwo i In\u017cynieria \u015brodowiska prowadzonych na uczelni,<\/p>\n<p style=\"font-weight: 400\">&#8211;&nbsp;&nbsp;&nbsp;&nbsp;&nbsp;&nbsp;Organizacji wsp\u00f3lnych wydarze\u0144 naukowych oraz szkole\u0144 dla student\u00f3w, w szczeg\u00f3lno\u015bci w zakresie szeroko rozumianej dzia\u0142alno\u015bci zawodowej in\u017cynier\u00f3w na rynku budowlanym i instalacyjnym.<\/p>\n<p style=\"font-weight: 400\">&#8211;&nbsp;&nbsp;&nbsp;&nbsp;&nbsp;&nbsp;&nbsp;&nbsp;Podnoszenia kwalifikacji zawodowych cz\u0142onk\u00f3w Podkarpackiej Okr\u0119gowej Izby In\u017cynier\u00f3w Budownictwa.<\/p>\n<p style=\"font-weight: 400\">&#8211;&nbsp;&nbsp;&nbsp;&nbsp;&nbsp;&nbsp;&nbsp;&nbsp;Organizacji praktyk student\u00f3w na kierunkach Budownictwo i In\u017cynieria \u015brodowiska.<\/p>\n<p style=\"font-weight: 400\">&#8211;&nbsp;&nbsp;&nbsp;&nbsp;&nbsp;&nbsp;&nbsp;Organizacji corocznego konkursu na najlepsz\u0105 prac\u0119 dyplomow\u0105 z kierunku budownictwo oraz kierunku in\u017cynieria \u015brodowiska, a tak\u017ce cyklicznych wystaw prac dyplomowych student\u00f3w tych kierunk\u00f3w.<\/p>\n<p style=\"font-weight: 400\">Podczas poniedzia\u0142kowej wizyty delegacja z Krosna zapozna\u0142a si\u0119 z now\u0105 siedzib\u0105 Izby i jej imponuj\u0105cym obiektem.<\/p>\n<p style=\"font-weight: 400\">Budynek Podkarpackiej Okr\u0119gowej Izby In\u017cynier\u00f3w Budownictwa przy ul. Krakowskiej 289 w Rzeszowie, poza typow\u0105 funkcj\u0105 biurow\u0105, ma r\u00f3wnie\u017c edukowa\u0107 w zakresie&nbsp;<a href=\"http:\/\/www.inzynierbudownictwa.pl\/technika,materialy_i_technologie,artykul,dom_energooszczedny__murowanie_scian_bez_bledow,11888\">energooszcz\u0119dnych<\/a>&nbsp;technologii budowlanych, dlatego poziom parteru przeznaczony jest na przestrze\u0144 wystawiennicz\u0105 oraz konferencyjn\u0105.<\/p>\n<p style=\"font-weight: 400\">Istotn\u0105 cech\u0105&nbsp;<strong>siedziby PDK OIIB<\/strong>&nbsp;jest zastosowanie rozwi\u0105za\u0144 bioklimatycznych, m.in. odpowiednich materia\u0142\u00f3w budowlanych oraz naturalnej wentylacji. W celu zmniejszenia wykorzystania wody pitnej do cel\u00f3w sanitarnych wykonano instalacj\u0119 wody szarej (deszczowej) do zasilenia sp\u0142uczek muszli ust\u0119powych i pisuar\u00f3w oraz zewn\u0119trznych zawor\u00f3w czerpalnych. Zastosowano tak\u017ce rozproszony&nbsp;system wentylacji&nbsp;z\u0142o\u017cony z 7 central wentylacyjnych. W celu zredukowania koszt\u00f3w zu\u017cycia energii elektrycznej zainstalowano panele fotowoltaiczne.<\/p>\n<p style=\"font-weight: 400\">&nbsp;Dodatkowo wykonano system zarz\u0105dzania instalacjami BMS, kt\u00f3ry obejmuje swoim nadzorem nast\u0119puj\u0105ce uk\u0142ady:<\/p>\n<ul style=\"font-weight: 400\">\n<li>automatyk\u0119 kot\u0142owni;<\/li>\n<li>centrale wentylacyjne;<\/li>\n<li>si\u0142owniki okien, \u017caluzje oraz markizy;<\/li>\n<li>o\u015bwietlenie w salach konferencyjnych;<\/li>\n<li>klimakonwektory;<\/li>\n<li>ogrzewanie pod\u0142ogowe;<\/li>\n<li>system zarz\u0105dzania energi\u0105;<\/li>\n<li>detekcj\u0119 gazu;<\/li>\n<li>central\u0119 wody szarej;<\/li>\n<li>zbiornik p.po\u017c.<\/li>\n<\/ul>\n<p style=\"font-weight: 400\"><strong>Siedziba PDK OIIB<\/strong>&nbsp;zosta\u0142a zaprojektowana w standardzie budynku pasywnego: projektowane zu\u017cycie energii na cele grzewcze to 15 kWh\/m<sup>2<\/sup>&nbsp;na rok. Obiekt przeszed\u0142 pr\u00f3b\u0119 szczelno\u015bci z wynikiem n50 = 0,27 wymiany\/h dla stanu wyko\u0144czeniowego wraz ze wszystkimi wewn\u0119trznymi instalacjami. Otrzyma\u0142 te\u017c \u015bwiadectwo charakterystyki energetycznej budynku Krajowej Agencji Poszanowania Energii S.A., potwierdzaj\u0105ce za\u0142o\u017cenia projektowe.Budynek spe\u0142nia kryteria stawiane klasie A programu priorytetowego Lemur, prowadzonego przez NFO\u015aiGW.<\/p>\n<p style=\"font-weight: 400\">Inwestycj\u0119 zrealizowano na podstawie dokumentacji projektowej biura Architektura Pasywna Pyszczek i Stelmach sp.j. Wykonawcami byli: Przedsi\u0119biorstwo Budowlane BESTA sp. z o.o. ( I etap) oraz SB COMPLEX Sp. z o.o. Sp\u00f3\u0142ka Komandytowa (II etap).<\/p>\n<p style=\"font-weight: 400\">\u017ar\u00f3d\u0142o&nbsp;<\/p>\n<p style=\"font-weight: 400\">Wi\u0119cej w \u201eBiuletynie Informacyjnym PDK OIIB\u201d nr 3\/2019 oraz na&nbsp;<a href=\"http:\/\/www.inzynier.rzeszow.pl\/\">www.inzynier.rzeszow.pl<\/a>.<\/p>\n<p style=\"font-weight: 400\"><a href=\"https:\/\/inzynier.rzeszow.pl\/index.php?&amp;sRC=N&amp;pageTarget=article&amp;AIndex=WPWSZ19\">https:\/\/inzynier.rzeszow.pl\/index.php?&amp;sRC=N&amp;pageTarget=article&amp;AIndex=WPWSZ19<\/a><\/p>\n\n\nngg_shortcode_0_placeholder\n","protected":false},"excerpt":{"rendered":"<p>W dniu 16 grudnia 2019 r. w siedzibie PDK OIIB zosta\u0142 podpisany list intencyjny pomi\u0119dzy: Podkarpack\u0105 Okr\u0119gow\u0105 Izb\u0105 In\u017cynier\u00f3w Budownictwa reprezentowan\u0105 przez przewodnicz\u0105cego Rady Grzegorza Dubika i Pa\u0144stwow\u0105 Wy\u017csz\u0105 Szko\u0142\u0105 Zawodow\u0105 w Kro\u015bnie reprezentowan\u0105 przez prof. nadzw. dr hab. Zbigniewa Barabasza &#8211; prorektora ds. rozwoju.&nbsp;W uroczysto\u015bci uczestniczyli &#8211; ze strony [\u2026] <\/p>\n<div class=\"clear\"><\/div>\n<p><a class=\"more_link clearfix\" href=\"https:\/\/pans.krosno.pl\/b\/podpisanie-listu-intencyjnego-w-siedzibie-pdk-oiib\/\" rel=\"nofollow\">Read More<\/a><\/p>\n","protected":false},"author":1,"featured_media":187,"comment_status":"open","ping_status":"open","sticky":false,"template":"","format":"standard","meta":{"ngg_post_thumbnail":0,"footnotes":""},"categories":[1],"tags":[],"class_list":["post-165","post","type-post","status-publish","format-standard","has-post-thumbnail","hentry","category-bez-kategorii"],"yoast_head":"<!-- This site is optimized with the Yoast SEO Premium plugin v27.4 (Yoast SEO v27.4) - https:\/\/yoast.com\/product\/yoast-seo-premium-wordpress\/ -->\n<title>Podpisanie listu intencyjnego w siedzibie PDK OIIB - Budownictwo PANS w Kro\u015bnie<\/title>\n<meta name=\"robots\" content=\"index, follow, max-snippet:-1, max-image-preview:large, max-video-preview:-1\" \/>\n<link rel=\"canonical\" href=\"https:\/\/pans.krosno.pl\/b\/podpisanie-listu-intencyjnego-w-siedzibie-pdk-oiib\/\" \/>\n<meta property=\"og:locale\" content=\"pl_PL\" \/>\n<meta property=\"og:type\" content=\"article\" \/>\n<meta property=\"og:title\" content=\"Podpisanie listu intencyjnego w siedzibie PDK OIIB\" \/>\n<meta property=\"og:description\" content=\"W dniu 16 grudnia 2019 r. w siedzibie PDK OIIB zosta\u0142 podpisany list intencyjny pomi\u0119dzy: Podkarpack\u0105 Okr\u0119gow\u0105 Izb\u0105 In\u017cynier\u00f3w Budownictwa reprezentowan\u0105 przez przewodnicz\u0105cego Rady Grzegorza Dubika i Pa\u0144stwow\u0105 Wy\u017csz\u0105 Szko\u0142\u0105 Zawodow\u0105 w Kro\u015bnie reprezentowan\u0105 przez prof. nadzw. dr hab. Zbigniewa Barabasza &#8211; prorektora ds. rozwoju.&nbsp;W uroczysto\u015bci uczestniczyli &#8211; ze strony [\u2026] Read More\" \/>\n<meta property=\"og:url\" content=\"https:\/\/pans.krosno.pl\/b\/podpisanie-listu-intencyjnego-w-siedzibie-pdk-oiib\/\" \/>\n<meta property=\"og:site_name\" content=\"Budownictwo PANS w Kro\u015bnie\" \/>\n<meta property=\"article:published_time\" content=\"2019-12-20T07:45:00+00:00\" \/>\n<meta property=\"article:modified_time\" content=\"2020-03-03T08:18:39+00:00\" \/>\n<meta property=\"og:image\" content=\"https:\/\/pans.krosno.pl\/wp-content\/uploads\/sites\/21\/2019\/12\/l3uW3JumZVWqkYlkZA2019_12_16_spotk_pwsz_krosno-6.jpg\" \/>\n\t<meta property=\"og:image:width\" content=\"640\" \/>\n\t<meta property=\"og:image:height\" content=\"424\" \/>\n\t<meta property=\"og:image:type\" content=\"image\/jpeg\" \/>\n<meta name=\"author\" content=\"Administrator\" \/>\n<meta name=\"twitter:card\" content=\"summary_large_image\" \/>\n<meta name=\"twitter:label1\" content=\"Napisane przez\" \/>\n\t<meta name=\"twitter:data1\" content=\"Administrator\" \/>\n\t<meta name=\"twitter:label2\" content=\"Szacowany czas czytania\" \/>\n\t<meta name=\"twitter:data2\" content=\"3 minuty\" \/>\n<script type=\"application\/ld+json\" class=\"yoast-schema-graph\">{\"@context\":\"https:\\\/\\\/schema.org\",\"@graph\":[{\"@type\":\"Article\",\"@id\":\"https:\\\/\\\/pans.krosno.pl\\\/b\\\/podpisanie-listu-intencyjnego-w-siedzibie-pdk-oiib\\\/#article\",\"isPartOf\":{\"@id\":\"https:\\\/\\\/pans.krosno.pl\\\/b\\\/podpisanie-listu-intencyjnego-w-siedzibie-pdk-oiib\\\/\"},\"author\":{\"name\":\"Administrator\",\"@id\":\"https:\\\/\\\/pans.krosno.pl\\\/b\\\/#\\\/schema\\\/person\\\/12971f03579845ed0517fe1750b4fccd\"},\"headline\":\"Podpisanie listu intencyjnego w siedzibie PDK OIIB\",\"datePublished\":\"2019-12-20T07:45:00+00:00\",\"dateModified\":\"2020-03-03T08:18:39+00:00\",\"mainEntityOfPage\":{\"@id\":\"https:\\\/\\\/pans.krosno.pl\\\/b\\\/podpisanie-listu-intencyjnego-w-siedzibie-pdk-oiib\\\/\"},\"wordCount\":655,\"commentCount\":0,\"publisher\":{\"@id\":\"https:\\\/\\\/pans.krosno.pl\\\/b\\\/#organization\"},\"image\":{\"@id\":\"https:\\\/\\\/pans.krosno.pl\\\/b\\\/podpisanie-listu-intencyjnego-w-siedzibie-pdk-oiib\\\/#primaryimage\"},\"thumbnailUrl\":\"https:\\\/\\\/pans.krosno.pl\\\/b\\\/wp-content\\\/uploads\\\/sites\\\/21\\\/2019\\\/12\\\/l3uW3JumZVWqkYlkZA2019_12_16_spotk_pwsz_krosno-6.jpg\",\"inLanguage\":\"pl-PL\",\"potentialAction\":[{\"@type\":\"CommentAction\",\"name\":\"Comment\",\"target\":[\"https:\\\/\\\/pans.krosno.pl\\\/b\\\/podpisanie-listu-intencyjnego-w-siedzibie-pdk-oiib\\\/#respond\"]}]},{\"@type\":\"WebPage\",\"@id\":\"https:\\\/\\\/pans.krosno.pl\\\/b\\\/podpisanie-listu-intencyjnego-w-siedzibie-pdk-oiib\\\/\",\"url\":\"https:\\\/\\\/pans.krosno.pl\\\/b\\\/podpisanie-listu-intencyjnego-w-siedzibie-pdk-oiib\\\/\",\"name\":\"Podpisanie listu intencyjnego w siedzibie PDK OIIB - Budownictwo PANS w Kro\u015bnie\",\"isPartOf\":{\"@id\":\"https:\\\/\\\/pans.krosno.pl\\\/b\\\/#website\"},\"primaryImageOfPage\":{\"@id\":\"https:\\\/\\\/pans.krosno.pl\\\/b\\\/podpisanie-listu-intencyjnego-w-siedzibie-pdk-oiib\\\/#primaryimage\"},\"image\":{\"@id\":\"https:\\\/\\\/pans.krosno.pl\\\/b\\\/podpisanie-listu-intencyjnego-w-siedzibie-pdk-oiib\\\/#primaryimage\"},\"thumbnailUrl\":\"https:\\\/\\\/pans.krosno.pl\\\/b\\\/wp-content\\\/uploads\\\/sites\\\/21\\\/2019\\\/12\\\/l3uW3JumZVWqkYlkZA2019_12_16_spotk_pwsz_krosno-6.jpg\",\"datePublished\":\"2019-12-20T07:45:00+00:00\",\"dateModified\":\"2020-03-03T08:18:39+00:00\",\"breadcrumb\":{\"@id\":\"https:\\\/\\\/pans.krosno.pl\\\/b\\\/podpisanie-listu-intencyjnego-w-siedzibie-pdk-oiib\\\/#breadcrumb\"},\"inLanguage\":\"pl-PL\",\"potentialAction\":[{\"@type\":\"ReadAction\",\"target\":[\"https:\\\/\\\/pans.krosno.pl\\\/b\\\/podpisanie-listu-intencyjnego-w-siedzibie-pdk-oiib\\\/\"]}]},{\"@type\":\"ImageObject\",\"inLanguage\":\"pl-PL\",\"@id\":\"https:\\\/\\\/pans.krosno.pl\\\/b\\\/podpisanie-listu-intencyjnego-w-siedzibie-pdk-oiib\\\/#primaryimage\",\"url\":\"https:\\\/\\\/pans.krosno.pl\\\/b\\\/wp-content\\\/uploads\\\/sites\\\/21\\\/2019\\\/12\\\/l3uW3JumZVWqkYlkZA2019_12_16_spotk_pwsz_krosno-6.jpg\",\"contentUrl\":\"https:\\\/\\\/pans.krosno.pl\\\/b\\\/wp-content\\\/uploads\\\/sites\\\/21\\\/2019\\\/12\\\/l3uW3JumZVWqkYlkZA2019_12_16_spotk_pwsz_krosno-6.jpg\",\"width\":640,\"height\":424},{\"@type\":\"BreadcrumbList\",\"@id\":\"https:\\\/\\\/pans.krosno.pl\\\/b\\\/podpisanie-listu-intencyjnego-w-siedzibie-pdk-oiib\\\/#breadcrumb\",\"itemListElement\":[{\"@type\":\"ListItem\",\"position\":1,\"name\":\"Strona g\u0142\u00f3wna\",\"item\":\"https:\\\/\\\/pans.krosno.pl\\\/b\\\/\"},{\"@type\":\"ListItem\",\"position\":2,\"name\":\"Podpisanie listu intencyjnego w siedzibie PDK OIIB\"}]},{\"@type\":\"WebSite\",\"@id\":\"https:\\\/\\\/pans.krosno.pl\\\/b\\\/#website\",\"url\":\"https:\\\/\\\/pans.krosno.pl\\\/b\\\/\",\"name\":\"Budownictwo PANS w Kro\u015bnie\",\"description\":\"Budownictwo - Pa\u0144stwowa Akademia Nauk Stosowanych\",\"publisher\":{\"@id\":\"https:\\\/\\\/pans.krosno.pl\\\/b\\\/#organization\"},\"potentialAction\":[{\"@type\":\"SearchAction\",\"target\":{\"@type\":\"EntryPoint\",\"urlTemplate\":\"https:\\\/\\\/pans.krosno.pl\\\/b\\\/?s={search_term_string}\"},\"query-input\":{\"@type\":\"PropertyValueSpecification\",\"valueRequired\":true,\"valueName\":\"search_term_string\"}}],\"inLanguage\":\"pl-PL\"},{\"@type\":\"Organization\",\"@id\":\"https:\\\/\\\/pans.krosno.pl\\\/b\\\/#organization\",\"name\":\"Budownictwo PANS w Kro\u015bnie\",\"url\":\"https:\\\/\\\/pans.krosno.pl\\\/b\\\/\",\"logo\":{\"@type\":\"ImageObject\",\"inLanguage\":\"pl-PL\",\"@id\":\"https:\\\/\\\/pans.krosno.pl\\\/b\\\/#\\\/schema\\\/logo\\\/image\\\/\",\"url\":\"https:\\\/\\\/pans.krosno.pl\\\/b\\\/wp-content\\\/uploads\\\/sites\\\/21\\\/2023\\\/01\\\/Logo-PANS-2022-pelne.png\",\"contentUrl\":\"https:\\\/\\\/pans.krosno.pl\\\/b\\\/wp-content\\\/uploads\\\/sites\\\/21\\\/2023\\\/01\\\/Logo-PANS-2022-pelne.png\",\"width\":3096,\"height\":696,\"caption\":\"Budownictwo PANS w Kro\u015bnie\"},\"image\":{\"@id\":\"https:\\\/\\\/pans.krosno.pl\\\/b\\\/#\\\/schema\\\/logo\\\/image\\\/\"}},{\"@type\":\"Person\",\"@id\":\"https:\\\/\\\/pans.krosno.pl\\\/b\\\/#\\\/schema\\\/person\\\/12971f03579845ed0517fe1750b4fccd\",\"name\":\"Administrator\",\"image\":{\"@type\":\"ImageObject\",\"inLanguage\":\"pl-PL\",\"@id\":\"https:\\\/\\\/secure.gravatar.com\\\/avatar\\\/8fee26b74b37be19bf87f436145f02cc65c943a576dc506f29d26dcf95c71925?s=96&d=mm&r=g\",\"url\":\"https:\\\/\\\/secure.gravatar.com\\\/avatar\\\/8fee26b74b37be19bf87f436145f02cc65c943a576dc506f29d26dcf95c71925?s=96&d=mm&r=g\",\"contentUrl\":\"https:\\\/\\\/secure.gravatar.com\\\/avatar\\\/8fee26b74b37be19bf87f436145f02cc65c943a576dc506f29d26dcf95c71925?s=96&d=mm&r=g\",\"caption\":\"Administrator\"},\"url\":\"https:\\\/\\\/pans.krosno.pl\\\/b\\\/author\\\/mateusz-lorenc\\\/\"}]}<\/script>\n<!-- \/ Yoast SEO Premium plugin. -->","yoast_head_json":{"title":"Podpisanie listu intencyjnego w siedzibie PDK OIIB - Budownictwo PANS w Kro\u015bnie","robots":{"index":"index","follow":"follow","max-snippet":"max-snippet:-1","max-image-preview":"max-image-preview:large","max-video-preview":"max-video-preview:-1"},"canonical":"https:\/\/pans.krosno.pl\/b\/podpisanie-listu-intencyjnego-w-siedzibie-pdk-oiib\/","og_locale":"pl_PL","og_type":"article","og_title":"Podpisanie listu intencyjnego w siedzibie PDK OIIB","og_description":"W dniu 16 grudnia 2019 r. w siedzibie PDK OIIB zosta\u0142 podpisany list intencyjny pomi\u0119dzy: Podkarpack\u0105 Okr\u0119gow\u0105 Izb\u0105 In\u017cynier\u00f3w Budownictwa reprezentowan\u0105 przez przewodnicz\u0105cego Rady Grzegorza Dubika i Pa\u0144stwow\u0105 Wy\u017csz\u0105 Szko\u0142\u0105 Zawodow\u0105 w Kro\u015bnie reprezentowan\u0105 przez prof. nadzw. dr hab. Zbigniewa Barabasza &#8211; prorektora ds. rozwoju.&nbsp;W uroczysto\u015bci uczestniczyli &#8211; ze strony [\u2026] Read More","og_url":"https:\/\/pans.krosno.pl\/b\/podpisanie-listu-intencyjnego-w-siedzibie-pdk-oiib\/","og_site_name":"Budownictwo PANS w Kro\u015bnie","article_published_time":"2019-12-20T07:45:00+00:00","article_modified_time":"2020-03-03T08:18:39+00:00","og_image":[{"width":640,"height":424,"url":"https:\/\/pans.krosno.pl\/wp-content\/uploads\/sites\/21\/2019\/12\/l3uW3JumZVWqkYlkZA2019_12_16_spotk_pwsz_krosno-6.jpg","type":"image\/jpeg"}],"author":"Administrator","twitter_card":"summary_large_image","twitter_misc":{"Napisane przez":"Administrator","Szacowany czas czytania":"3 minuty"},"schema":{"@context":"https:\/\/schema.org","@graph":[{"@type":"Article","@id":"https:\/\/pans.krosno.pl\/b\/podpisanie-listu-intencyjnego-w-siedzibie-pdk-oiib\/#article","isPartOf":{"@id":"https:\/\/pans.krosno.pl\/b\/podpisanie-listu-intencyjnego-w-siedzibie-pdk-oiib\/"},"author":{"name":"Administrator","@id":"https:\/\/pans.krosno.pl\/b\/#\/schema\/person\/12971f03579845ed0517fe1750b4fccd"},"headline":"Podpisanie listu intencyjnego w siedzibie PDK OIIB","datePublished":"2019-12-20T07:45:00+00:00","dateModified":"2020-03-03T08:18:39+00:00","mainEntityOfPage":{"@id":"https:\/\/pans.krosno.pl\/b\/podpisanie-listu-intencyjnego-w-siedzibie-pdk-oiib\/"},"wordCount":655,"commentCount":0,"publisher":{"@id":"https:\/\/pans.krosno.pl\/b\/#organization"},"image":{"@id":"https:\/\/pans.krosno.pl\/b\/podpisanie-listu-intencyjnego-w-siedzibie-pdk-oiib\/#primaryimage"},"thumbnailUrl":"https:\/\/pans.krosno.pl\/b\/wp-content\/uploads\/sites\/21\/2019\/12\/l3uW3JumZVWqkYlkZA2019_12_16_spotk_pwsz_krosno-6.jpg","inLanguage":"pl-PL","potentialAction":[{"@type":"CommentAction","name":"Comment","target":["https:\/\/pans.krosno.pl\/b\/podpisanie-listu-intencyjnego-w-siedzibie-pdk-oiib\/#respond"]}]},{"@type":"WebPage","@id":"https:\/\/pans.krosno.pl\/b\/podpisanie-listu-intencyjnego-w-siedzibie-pdk-oiib\/","url":"https:\/\/pans.krosno.pl\/b\/podpisanie-listu-intencyjnego-w-siedzibie-pdk-oiib\/","name":"Podpisanie listu intencyjnego w siedzibie PDK OIIB - Budownictwo PANS w Kro\u015bnie","isPartOf":{"@id":"https:\/\/pans.krosno.pl\/b\/#website"},"primaryImageOfPage":{"@id":"https:\/\/pans.krosno.pl\/b\/podpisanie-listu-intencyjnego-w-siedzibie-pdk-oiib\/#primaryimage"},"image":{"@id":"https:\/\/pans.krosno.pl\/b\/podpisanie-listu-intencyjnego-w-siedzibie-pdk-oiib\/#primaryimage"},"thumbnailUrl":"https:\/\/pans.krosno.pl\/b\/wp-content\/uploads\/sites\/21\/2019\/12\/l3uW3JumZVWqkYlkZA2019_12_16_spotk_pwsz_krosno-6.jpg","datePublished":"2019-12-20T07:45:00+00:00","dateModified":"2020-03-03T08:18:39+00:00","breadcrumb":{"@id":"https:\/\/pans.krosno.pl\/b\/podpisanie-listu-intencyjnego-w-siedzibie-pdk-oiib\/#breadcrumb"},"inLanguage":"pl-PL","potentialAction":[{"@type":"ReadAction","target":["https:\/\/pans.krosno.pl\/b\/podpisanie-listu-intencyjnego-w-siedzibie-pdk-oiib\/"]}]},{"@type":"ImageObject","inLanguage":"pl-PL","@id":"https:\/\/pans.krosno.pl\/b\/podpisanie-listu-intencyjnego-w-siedzibie-pdk-oiib\/#primaryimage","url":"https:\/\/pans.krosno.pl\/b\/wp-content\/uploads\/sites\/21\/2019\/12\/l3uW3JumZVWqkYlkZA2019_12_16_spotk_pwsz_krosno-6.jpg","contentUrl":"https:\/\/pans.krosno.pl\/b\/wp-content\/uploads\/sites\/21\/2019\/12\/l3uW3JumZVWqkYlkZA2019_12_16_spotk_pwsz_krosno-6.jpg","width":640,"height":424},{"@type":"BreadcrumbList","@id":"https:\/\/pans.krosno.pl\/b\/podpisanie-listu-intencyjnego-w-siedzibie-pdk-oiib\/#breadcrumb","itemListElement":[{"@type":"ListItem","position":1,"name":"Strona g\u0142\u00f3wna","item":"https:\/\/pans.krosno.pl\/b\/"},{"@type":"ListItem","position":2,"name":"Podpisanie listu intencyjnego w siedzibie PDK OIIB"}]},{"@type":"WebSite","@id":"https:\/\/pans.krosno.pl\/b\/#website","url":"https:\/\/pans.krosno.pl\/b\/","name":"Budownictwo PANS w Kro\u015bnie","description":"Budownictwo - Pa\u0144stwowa Akademia Nauk Stosowanych","publisher":{"@id":"https:\/\/pans.krosno.pl\/b\/#organization"},"potentialAction":[{"@type":"SearchAction","target":{"@type":"EntryPoint","urlTemplate":"https:\/\/pans.krosno.pl\/b\/?s={search_term_string}"},"query-input":{"@type":"PropertyValueSpecification","valueRequired":true,"valueName":"search_term_string"}}],"inLanguage":"pl-PL"},{"@type":"Organization","@id":"https:\/\/pans.krosno.pl\/b\/#organization","name":"Budownictwo PANS w Kro\u015bnie","url":"https:\/\/pans.krosno.pl\/b\/","logo":{"@type":"ImageObject","inLanguage":"pl-PL","@id":"https:\/\/pans.krosno.pl\/b\/#\/schema\/logo\/image\/","url":"https:\/\/pans.krosno.pl\/b\/wp-content\/uploads\/sites\/21\/2023\/01\/Logo-PANS-2022-pelne.png","contentUrl":"https:\/\/pans.krosno.pl\/b\/wp-content\/uploads\/sites\/21\/2023\/01\/Logo-PANS-2022-pelne.png","width":3096,"height":696,"caption":"Budownictwo PANS w Kro\u015bnie"},"image":{"@id":"https:\/\/pans.krosno.pl\/b\/#\/schema\/logo\/image\/"}},{"@type":"Person","@id":"https:\/\/pans.krosno.pl\/b\/#\/schema\/person\/12971f03579845ed0517fe1750b4fccd","name":"Administrator","image":{"@type":"ImageObject","inLanguage":"pl-PL","@id":"https:\/\/secure.gravatar.com\/avatar\/8fee26b74b37be19bf87f436145f02cc65c943a576dc506f29d26dcf95c71925?s=96&d=mm&r=g","url":"https:\/\/secure.gravatar.com\/avatar\/8fee26b74b37be19bf87f436145f02cc65c943a576dc506f29d26dcf95c71925?s=96&d=mm&r=g","contentUrl":"https:\/\/secure.gravatar.com\/avatar\/8fee26b74b37be19bf87f436145f02cc65c943a576dc506f29d26dcf95c71925?s=96&d=mm&r=g","caption":"Administrator"},"url":"https:\/\/pans.krosno.pl\/b\/author\/mateusz-lorenc\/"}]}},"_links":{"self":[{"href":"https:\/\/pans.krosno.pl\/b\/wp-json\/wp\/v2\/posts\/165","targetHints":{"allow":["GET"]}}],"collection":[{"href":"https:\/\/pans.krosno.pl\/b\/wp-json\/wp\/v2\/posts"}],"about":[{"href":"https:\/\/pans.krosno.pl\/b\/wp-json\/wp\/v2\/types\/post"}],"author":[{"embeddable":true,"href":"https:\/\/pans.krosno.pl\/b\/wp-json\/wp\/v2\/users\/1"}],"replies":[{"embeddable":true,"href":"https:\/\/pans.krosno.pl\/b\/wp-json\/wp\/v2\/comments?post=165"}],"version-history":[{"count":2,"href":"https:\/\/pans.krosno.pl\/b\/wp-json\/wp\/v2\/posts\/165\/revisions"}],"predecessor-version":[{"id":184,"href":"https:\/\/pans.krosno.pl\/b\/wp-json\/wp\/v2\/posts\/165\/revisions\/184"}],"wp:featuredmedia":[{"embeddable":true,"href":"https:\/\/pans.krosno.pl\/b\/wp-json\/wp\/v2\/media\/187"}],"wp:attachment":[{"href":"https:\/\/pans.krosno.pl\/b\/wp-json\/wp\/v2\/media?parent=165"}],"wp:term":[{"taxonomy":"category","embeddable":true,"href":"https:\/\/pans.krosno.pl\/b\/wp-json\/wp\/v2\/categories?post=165"},{"taxonomy":"post_tag","embeddable":true,"href":"https:\/\/pans.krosno.pl\/b\/wp-json\/wp\/v2\/tags?post=165"}],"curies":[{"name":"wp","href":"https:\/\/api.w.org\/{rel}","templated":true}]}}