{"id":1588,"date":"2024-10-21T13:04:55","date_gmt":"2024-10-21T11:04:55","guid":{"rendered":"https:\/\/pans.krosno.pl\/b\/?p=1588"},"modified":"2024-10-21T13:09:50","modified_gmt":"2024-10-21T11:09:50","slug":"xii-rajd-integracyjny-studentow-i-roku","status":"publish","type":"post","link":"https:\/\/pans.krosno.pl\/b\/xii-rajd-integracyjny-studentow-i-roku\/","title":{"rendered":"XII Rajd integracyjny student\u00f3w I roku"},"content":{"rendered":"\n<p><strong>Wszystkich student\u00f3w pierwszych rocznik\u00f3w serdecznie zapraszamy do wzi\u0119cia udzia\u0142u w XII Rajdzie integracyjnym student\u00f3w I roku Pa\u0144stwowej Akademii Nauk Stosowanych w Kro\u015bnie<\/strong><\/p>\n\n\n\n<p><strong>Termin: 23 pa\u017adziernika 2024 (\u015broda)<\/strong><\/p>\n\n\n\n<p><strong>Informacje organizacyjne<\/strong><br>Rajd b\u0119dzie mia\u0142 charakter gwia\u017adzisty, grupy student\u00f3w wyrusz\u0105 z kilku punkt\u00f3w by oko\u0142o godz. 12-tej spotka\u0107 si\u0119 na dziedzi\u0144cu Zamku <em>Kamieniec<\/em> w Odrzykoniu przy wsp\u00f3lnym ognisku. Po zako\u0144czeniu Rajdu, ok. godz. 13.00 powr\u00f3t autobusami do Krosna.<\/p>\n\n\n\n<p>Celem rajdu jest integracja student\u00f3w pierwszych rocznik\u00f3w oraz zwr\u00f3cenie uwagi na bogactwo przyrodnicze i kulturowe najbli\u017cszych okolic Krosna, Pog\u00f3rza Strzy\u017cowsko-Dynowskiego oraz Czarnorzecko-Strzy\u017cowskiego Parku Krajobrazowego.<\/p>\n\n\n\n<p>Rajd ma charakter <strong>obowi\u0105zkowy<\/strong>, realizowany b\u0119dzie w ramach zaj\u0119\u0107 dydaktycznych.<br>Uczestnicy wp\u0142acaj\u0105 wpisowe do kasy PANS (Rynek 1) <strong>w wysoko\u015bci 15 z\u0142 w terminie do 18&nbsp;pa\u017adziernika 2024 r.<\/strong><\/p>\n\n\n\n<p>Listy uczestnik\u00f3w powinny obejmowa\u0107 ca\u0142e roczniki (brak mo\u017cliwo\u015bci indywidualnych wp\u0142at). W razie nieobecno\u015bci nie ma mo\u017cliwo\u015bci zwrotu pieni\u0119dzy.<\/p>\n\n\n\n<p><strong>T R A S Y<\/strong><br><strong>Trasa nr 1.<\/strong><br><strong>Szlakiem \u015bwi\u0105ty\u0144 chrze\u015bcija\u0144skich<\/strong><\/p>\n\n\n\n<p><strong>Wyjazd godzina 8:00, Hala przy ulicy Bursaki<\/strong><br>\u0141\u0105czki Jagiello\u0144skie (barokowy ko\u015bci\u00f3\u0142 \u015aw. Andrzeja z po\u0142. XVIII w.) \u2013 Rzepnik (dawna cerkiew greckokatolicka \u015aw. Paraskiewy z pocz. XX wieku), nast\u0119pnie szlakiem niebieskim \u2013 Polana 540 m n.p.m. \u2013 Kr\u00f3lewska G\u00f3ra 554 m n.p.m. \u2013 zamek Kamieniec.<\/p>\n\n\n\n<p>(Trasa proponowana dla kierunk\u00f3w: <strong>Bezpiecze\u0144stwo Wewn\u0119trzne, Turystyka i Rekreacja<\/strong>, <strong>Wychowanie Fizyczne, Zarz\u0105dzanie<\/strong>).<\/p>\n\n\n\n<p><strong>Trasa nr 2.<\/strong><br><strong>Szlakiem literackim Aleksandra Fredy i Balinta Balassiego<\/strong><br><strong>Wyj\u015bcie godzina 8:00, Krosno (Dziedziniec PANS, Kazimierza Wielkiego 6)<\/strong><\/p>\n\n\n\n<p>Krosno (Dziedziniec PANS) \u2013 Korczyna \u2013 ko\u015bci\u00f3\u0142 parafialny \u2013 zamek Kamieniec.<\/p>\n\n\n\n<p>Opiekunowie trasy: <strong>dr Rafa\u0142 Kapica \u2013 Kierownik Zak\u0142adu Turystyki i Rekreacji<\/strong><\/p>\n\n\n\n<p>(Trasa proponowana dla kierunk\u00f3w: <strong>Pedagogika, Filologia angielska, Marketing internetowy, Erasmus+<\/strong>)<\/p>\n\n\n\n<p><br><strong>Trasa nr 3.<\/strong><br><strong>Szlakiem ro\u015blin i zi\u00f3\u0142<\/strong><br><strong>Wyj\u015bcie godzina 8:00, Krosno (Dziedziniec PANS, Kazimierza Wielkiego 6)<\/strong><\/p>\n\n\n\n<p>Krosno (Dziedziniec PANS) \u2013 Sporne&nbsp;\u2013 zamek Kamienic.<\/p>\n\n\n\n<p>Opiekunowie trasy: <strong>dr Henryk R\u00f3\u017ca\u0144ski, dr Dominik Wr\u00f3bel, dr Monika Musijowska<\/strong><br>(Trasa proponowana dla kierunk\u00f3w: <strong>Zielarstwo, Produkcja i bezpiecze\u0144stwo \u017cywno\u015bci, Piel\u0119gniarstwo, Po\u0142o\u017cnictwo, Ratownictwo medyczne<\/strong>)<\/p>\n\n\n\n<p><strong>Trasa nr 4.<\/strong><br><strong>Szlakiem Krajoznawczym<\/strong><br><strong>Wyj\u015bcie godzina 8:00, Krosno (Dziedziniec PANS, Kazimierza Wielkiego 6)<\/strong><\/p>\n\n\n\n<p>Krosno (Dziedziniec PANS) \u2013 Ko\u015bci\u00f3\u0142 \u015bw. Wojciecha \u2013 zamek Kamieniec.<\/p>\n\n\n\n<p>Opiekunowie trasy: <strong>dr Wojciech Krukar<\/strong><\/p>\n\n\n\n<p>&nbsp;(Trasa proponowana dla kierunk\u00f3w: <strong>In\u017cynieria \u015brodowiska, Informatyka, Marketing internetowy, In\u017cynieria jako\u015bci w przedsi\u0119biorstwie<\/strong>)<\/p>\n\n\n\n<p><strong>Trasa nr 5.<\/strong><br><strong>Szlakiem nafty i budownictwa<\/strong><br><strong>Wyj\u015bcie godzina 9:00, Krosno (Dziedziniec PANS, ul. Wyspia\u0144skiego 20, Dzielnica Turasz\u00f3wka)<\/strong><\/p>\n\n\n\n<p>Krosno-Turasz\u00f3wka \u2013 Odrzyko\u0144 \u2013 Zamek Kamieniec<\/p>\n\n\n\n<p>Opiekun trasy: <strong>dr in\u017c. Marek Gransicki<\/strong><\/p>\n\n\n\n<p>(Trasa proponowana dla kierunk\u00f3w: <strong>Automatyka i robotyka<\/strong>, <strong>Mechanika i budowa maszyn, Budownictwo<\/strong>)<\/p>\n\n\n\n<p><strong>Komandor Rajdu:<\/strong><br><strong>dr hab. Piotr \u0141opatkiewicz, prof. PANS \u2013 Dyrektor Instytutu Gospodarki<\/strong><\/p>\n\n\n\n<p><br><strong>Kierownicy tras:<\/strong><br><strong>dr hab. Piotr \u0141opatkiewicz, prof. PANS, dr Wojciech Krukar, dr Rafa\u0142 Kapica \u2013 Zak\u0142ad Turystyki i Rekreacji<\/strong><br><strong>dr in\u017c. Marek Gransicki \u2013 Zak\u0142ad Budownictwa<\/strong><br><strong>dr Henryk R\u00f3\u017ca\u0144ski, dr Dominik Wr\u00f3bel \u2013 Zak\u0142ad Zielarstwa<\/strong><br><strong>dr Dominik Wr\u00f3bel \u2013 Zak\u0142ad In\u017cynierii Produkcji i \u015arodowiska<\/strong><br><strong>dr Monika Musijowska \u2013 Kierownik Studium WF<\/strong><\/p>\n\n\n\n<p><strong>Pomoc w obs\u0142udze tras:<\/strong><br><strong>Studenci II roku Turystyki i rekreacji<\/strong><\/p>\n\n\n\n<p><strong>Mile widziany udzia\u0142 kadry naukowo-dydaktycznej oraz opiekun\u00f3w I rocznik\u00f3w!<\/strong><\/p>\n","protected":false},"excerpt":{"rendered":"<p>Wszystkich student\u00f3w pierwszych rocznik\u00f3w serdecznie zapraszamy do wzi\u0119cia udzia\u0142u w XII Rajdzie integracyjnym student\u00f3w I roku Pa\u0144stwowej Akademii Nauk Stosowanych w Kro\u015bnie Termin: 23 pa\u017adziernika 2024 (\u015broda) Informacje organizacyjneRajd b\u0119dzie mia\u0142 charakter gwia\u017adzisty, grupy student\u00f3w wyrusz\u0105 z kilku punkt\u00f3w by oko\u0142o godz. 12-tej spotka\u0107 si\u0119 na dziedzi\u0144cu Zamku Kamieniec w [\u2026] <\/p>\n<div class=\"clear\"><\/div>\n<p><a class=\"more_link clearfix\" href=\"https:\/\/pans.krosno.pl\/b\/xii-rajd-integracyjny-studentow-i-roku\/\" rel=\"nofollow\">Read More<\/a><\/p>\n","protected":false},"author":11,"featured_media":1590,"comment_status":"open","ping_status":"open","sticky":false,"template":"","format":"standard","meta":{"ngg_post_thumbnail":0,"footnotes":""},"categories":[1],"tags":[],"class_list":["post-1588","post","type-post","status-publish","format-standard","has-post-thumbnail","hentry","category-bez-kategorii"],"yoast_head":"<!-- This site is optimized with the Yoast SEO Premium plugin v27.4 (Yoast SEO v27.4) - https:\/\/yoast.com\/product\/yoast-seo-premium-wordpress\/ -->\n<title>XII Rajd integracyjny student\u00f3w I roku - Budownictwo PANS w Kro\u015bnie<\/title>\n<meta name=\"robots\" content=\"index, follow, max-snippet:-1, max-image-preview:large, max-video-preview:-1\" \/>\n<link rel=\"canonical\" href=\"https:\/\/pans.krosno.pl\/b\/xii-rajd-integracyjny-studentow-i-roku\/\" \/>\n<meta property=\"og:locale\" content=\"pl_PL\" \/>\n<meta property=\"og:type\" content=\"article\" \/>\n<meta property=\"og:title\" content=\"XII Rajd integracyjny student\u00f3w I roku\" \/>\n<meta property=\"og:description\" content=\"Wszystkich student\u00f3w pierwszych rocznik\u00f3w serdecznie zapraszamy do wzi\u0119cia udzia\u0142u w XII Rajdzie integracyjnym student\u00f3w I roku Pa\u0144stwowej Akademii Nauk Stosowanych w Kro\u015bnie Termin: 23 pa\u017adziernika 2024 (\u015broda) Informacje organizacyjneRajd b\u0119dzie mia\u0142 charakter gwia\u017adzisty, grupy student\u00f3w wyrusz\u0105 z kilku punkt\u00f3w by oko\u0142o godz. 12-tej spotka\u0107 si\u0119 na dziedzi\u0144cu Zamku Kamieniec w [\u2026] Read More\" \/>\n<meta property=\"og:url\" content=\"https:\/\/pans.krosno.pl\/b\/xii-rajd-integracyjny-studentow-i-roku\/\" \/>\n<meta property=\"og:site_name\" content=\"Budownictwo PANS w Kro\u015bnie\" \/>\n<meta property=\"article:published_time\" content=\"2024-10-21T11:04:55+00:00\" \/>\n<meta property=\"article:modified_time\" content=\"2024-10-21T11:09:50+00:00\" \/>\n<meta property=\"og:image\" content=\"https:\/\/pans.krosno.pl\/b\/wp-content\/uploads\/sites\/21\/2024\/10\/Zrzut-ekranu-2024-10-21-130742.png\" \/>\n\t<meta property=\"og:image:width\" content=\"512\" \/>\n\t<meta property=\"og:image:height\" content=\"489\" \/>\n\t<meta property=\"og:image:type\" content=\"image\/png\" \/>\n<meta name=\"author\" content=\"dariuszlen\" \/>\n<meta name=\"twitter:card\" content=\"summary_large_image\" \/>\n<meta name=\"twitter:label1\" content=\"Napisane przez\" \/>\n\t<meta name=\"twitter:data1\" content=\"dariuszlen\" \/>\n\t<meta name=\"twitter:label2\" content=\"Szacowany czas czytania\" \/>\n\t<meta name=\"twitter:data2\" content=\"3 minuty\" \/>\n<script type=\"application\/ld+json\" class=\"yoast-schema-graph\">{\"@context\":\"https:\\\/\\\/schema.org\",\"@graph\":[{\"@type\":\"Article\",\"@id\":\"https:\\\/\\\/pans.krosno.pl\\\/b\\\/xii-rajd-integracyjny-studentow-i-roku\\\/#article\",\"isPartOf\":{\"@id\":\"https:\\\/\\\/pans.krosno.pl\\\/b\\\/xii-rajd-integracyjny-studentow-i-roku\\\/\"},\"author\":{\"name\":\"dariuszlen\",\"@id\":\"https:\\\/\\\/pans.krosno.pl\\\/b\\\/#\\\/schema\\\/person\\\/634d6b9e7bb9d41c7e46965732f119fb\"},\"headline\":\"XII Rajd integracyjny student\u00f3w I roku\",\"datePublished\":\"2024-10-21T11:04:55+00:00\",\"dateModified\":\"2024-10-21T11:09:50+00:00\",\"mainEntityOfPage\":{\"@id\":\"https:\\\/\\\/pans.krosno.pl\\\/b\\\/xii-rajd-integracyjny-studentow-i-roku\\\/\"},\"wordCount\":529,\"commentCount\":0,\"publisher\":{\"@id\":\"https:\\\/\\\/pans.krosno.pl\\\/b\\\/#organization\"},\"image\":{\"@id\":\"https:\\\/\\\/pans.krosno.pl\\\/b\\\/xii-rajd-integracyjny-studentow-i-roku\\\/#primaryimage\"},\"thumbnailUrl\":\"https:\\\/\\\/pans.krosno.pl\\\/b\\\/wp-content\\\/uploads\\\/sites\\\/21\\\/2024\\\/10\\\/Zrzut-ekranu-2024-10-21-130742.png\",\"inLanguage\":\"pl-PL\",\"potentialAction\":[{\"@type\":\"CommentAction\",\"name\":\"Comment\",\"target\":[\"https:\\\/\\\/pans.krosno.pl\\\/b\\\/xii-rajd-integracyjny-studentow-i-roku\\\/#respond\"]}]},{\"@type\":\"WebPage\",\"@id\":\"https:\\\/\\\/pans.krosno.pl\\\/b\\\/xii-rajd-integracyjny-studentow-i-roku\\\/\",\"url\":\"https:\\\/\\\/pans.krosno.pl\\\/b\\\/xii-rajd-integracyjny-studentow-i-roku\\\/\",\"name\":\"XII Rajd integracyjny student\u00f3w I roku - Budownictwo PANS w Kro\u015bnie\",\"isPartOf\":{\"@id\":\"https:\\\/\\\/pans.krosno.pl\\\/b\\\/#website\"},\"primaryImageOfPage\":{\"@id\":\"https:\\\/\\\/pans.krosno.pl\\\/b\\\/xii-rajd-integracyjny-studentow-i-roku\\\/#primaryimage\"},\"image\":{\"@id\":\"https:\\\/\\\/pans.krosno.pl\\\/b\\\/xii-rajd-integracyjny-studentow-i-roku\\\/#primaryimage\"},\"thumbnailUrl\":\"https:\\\/\\\/pans.krosno.pl\\\/b\\\/wp-content\\\/uploads\\\/sites\\\/21\\\/2024\\\/10\\\/Zrzut-ekranu-2024-10-21-130742.png\",\"datePublished\":\"2024-10-21T11:04:55+00:00\",\"dateModified\":\"2024-10-21T11:09:50+00:00\",\"breadcrumb\":{\"@id\":\"https:\\\/\\\/pans.krosno.pl\\\/b\\\/xii-rajd-integracyjny-studentow-i-roku\\\/#breadcrumb\"},\"inLanguage\":\"pl-PL\",\"potentialAction\":[{\"@type\":\"ReadAction\",\"target\":[\"https:\\\/\\\/pans.krosno.pl\\\/b\\\/xii-rajd-integracyjny-studentow-i-roku\\\/\"]}]},{\"@type\":\"ImageObject\",\"inLanguage\":\"pl-PL\",\"@id\":\"https:\\\/\\\/pans.krosno.pl\\\/b\\\/xii-rajd-integracyjny-studentow-i-roku\\\/#primaryimage\",\"url\":\"https:\\\/\\\/pans.krosno.pl\\\/b\\\/wp-content\\\/uploads\\\/sites\\\/21\\\/2024\\\/10\\\/Zrzut-ekranu-2024-10-21-130742.png\",\"contentUrl\":\"https:\\\/\\\/pans.krosno.pl\\\/b\\\/wp-content\\\/uploads\\\/sites\\\/21\\\/2024\\\/10\\\/Zrzut-ekranu-2024-10-21-130742.png\",\"width\":512,\"height\":489},{\"@type\":\"BreadcrumbList\",\"@id\":\"https:\\\/\\\/pans.krosno.pl\\\/b\\\/xii-rajd-integracyjny-studentow-i-roku\\\/#breadcrumb\",\"itemListElement\":[{\"@type\":\"ListItem\",\"position\":1,\"name\":\"Strona g\u0142\u00f3wna\",\"item\":\"https:\\\/\\\/pans.krosno.pl\\\/b\\\/\"},{\"@type\":\"ListItem\",\"position\":2,\"name\":\"XII Rajd integracyjny student\u00f3w I roku\"}]},{\"@type\":\"WebSite\",\"@id\":\"https:\\\/\\\/pans.krosno.pl\\\/b\\\/#website\",\"url\":\"https:\\\/\\\/pans.krosno.pl\\\/b\\\/\",\"name\":\"Budownictwo PANS w Kro\u015bnie\",\"description\":\"Budownictwo - Pa\u0144stwowa Akademia Nauk Stosowanych\",\"publisher\":{\"@id\":\"https:\\\/\\\/pans.krosno.pl\\\/b\\\/#organization\"},\"potentialAction\":[{\"@type\":\"SearchAction\",\"target\":{\"@type\":\"EntryPoint\",\"urlTemplate\":\"https:\\\/\\\/pans.krosno.pl\\\/b\\\/?s={search_term_string}\"},\"query-input\":{\"@type\":\"PropertyValueSpecification\",\"valueRequired\":true,\"valueName\":\"search_term_string\"}}],\"inLanguage\":\"pl-PL\"},{\"@type\":\"Organization\",\"@id\":\"https:\\\/\\\/pans.krosno.pl\\\/b\\\/#organization\",\"name\":\"Budownictwo PANS w Kro\u015bnie\",\"url\":\"https:\\\/\\\/pans.krosno.pl\\\/b\\\/\",\"logo\":{\"@type\":\"ImageObject\",\"inLanguage\":\"pl-PL\",\"@id\":\"https:\\\/\\\/pans.krosno.pl\\\/b\\\/#\\\/schema\\\/logo\\\/image\\\/\",\"url\":\"https:\\\/\\\/pans.krosno.pl\\\/b\\\/wp-content\\\/uploads\\\/sites\\\/21\\\/2023\\\/01\\\/Logo-PANS-2022-pelne.png\",\"contentUrl\":\"https:\\\/\\\/pans.krosno.pl\\\/b\\\/wp-content\\\/uploads\\\/sites\\\/21\\\/2023\\\/01\\\/Logo-PANS-2022-pelne.png\",\"width\":3096,\"height\":696,\"caption\":\"Budownictwo PANS w Kro\u015bnie\"},\"image\":{\"@id\":\"https:\\\/\\\/pans.krosno.pl\\\/b\\\/#\\\/schema\\\/logo\\\/image\\\/\"}},{\"@type\":\"Person\",\"@id\":\"https:\\\/\\\/pans.krosno.pl\\\/b\\\/#\\\/schema\\\/person\\\/634d6b9e7bb9d41c7e46965732f119fb\",\"name\":\"dariuszlen\",\"image\":{\"@type\":\"ImageObject\",\"inLanguage\":\"pl-PL\",\"@id\":\"https:\\\/\\\/secure.gravatar.com\\\/avatar\\\/d51cbe065012c9a7ceb271b54636773af49c912883e07a57054c7fbc8e0c8366?s=96&d=mm&r=g\",\"url\":\"https:\\\/\\\/secure.gravatar.com\\\/avatar\\\/d51cbe065012c9a7ceb271b54636773af49c912883e07a57054c7fbc8e0c8366?s=96&d=mm&r=g\",\"contentUrl\":\"https:\\\/\\\/secure.gravatar.com\\\/avatar\\\/d51cbe065012c9a7ceb271b54636773af49c912883e07a57054c7fbc8e0c8366?s=96&d=mm&r=g\",\"caption\":\"dariuszlen\"},\"url\":\"https:\\\/\\\/pans.krosno.pl\\\/b\\\/author\\\/dariuszlen\\\/\"}]}<\/script>\n<!-- \/ Yoast SEO Premium plugin. -->","yoast_head_json":{"title":"XII Rajd integracyjny student\u00f3w I roku - Budownictwo PANS w Kro\u015bnie","robots":{"index":"index","follow":"follow","max-snippet":"max-snippet:-1","max-image-preview":"max-image-preview:large","max-video-preview":"max-video-preview:-1"},"canonical":"https:\/\/pans.krosno.pl\/b\/xii-rajd-integracyjny-studentow-i-roku\/","og_locale":"pl_PL","og_type":"article","og_title":"XII Rajd integracyjny student\u00f3w I roku","og_description":"Wszystkich student\u00f3w pierwszych rocznik\u00f3w serdecznie zapraszamy do wzi\u0119cia udzia\u0142u w XII Rajdzie integracyjnym student\u00f3w I roku Pa\u0144stwowej Akademii Nauk Stosowanych w Kro\u015bnie Termin: 23 pa\u017adziernika 2024 (\u015broda) Informacje organizacyjneRajd b\u0119dzie mia\u0142 charakter gwia\u017adzisty, grupy student\u00f3w wyrusz\u0105 z kilku punkt\u00f3w by oko\u0142o godz. 12-tej spotka\u0107 si\u0119 na dziedzi\u0144cu Zamku Kamieniec w [\u2026] Read More","og_url":"https:\/\/pans.krosno.pl\/b\/xii-rajd-integracyjny-studentow-i-roku\/","og_site_name":"Budownictwo PANS w Kro\u015bnie","article_published_time":"2024-10-21T11:04:55+00:00","article_modified_time":"2024-10-21T11:09:50+00:00","og_image":[{"width":512,"height":489,"url":"https:\/\/pans.krosno.pl\/b\/wp-content\/uploads\/sites\/21\/2024\/10\/Zrzut-ekranu-2024-10-21-130742.png","type":"image\/png"}],"author":"dariuszlen","twitter_card":"summary_large_image","twitter_misc":{"Napisane przez":"dariuszlen","Szacowany czas czytania":"3 minuty"},"schema":{"@context":"https:\/\/schema.org","@graph":[{"@type":"Article","@id":"https:\/\/pans.krosno.pl\/b\/xii-rajd-integracyjny-studentow-i-roku\/#article","isPartOf":{"@id":"https:\/\/pans.krosno.pl\/b\/xii-rajd-integracyjny-studentow-i-roku\/"},"author":{"name":"dariuszlen","@id":"https:\/\/pans.krosno.pl\/b\/#\/schema\/person\/634d6b9e7bb9d41c7e46965732f119fb"},"headline":"XII Rajd integracyjny student\u00f3w I roku","datePublished":"2024-10-21T11:04:55+00:00","dateModified":"2024-10-21T11:09:50+00:00","mainEntityOfPage":{"@id":"https:\/\/pans.krosno.pl\/b\/xii-rajd-integracyjny-studentow-i-roku\/"},"wordCount":529,"commentCount":0,"publisher":{"@id":"https:\/\/pans.krosno.pl\/b\/#organization"},"image":{"@id":"https:\/\/pans.krosno.pl\/b\/xii-rajd-integracyjny-studentow-i-roku\/#primaryimage"},"thumbnailUrl":"https:\/\/pans.krosno.pl\/b\/wp-content\/uploads\/sites\/21\/2024\/10\/Zrzut-ekranu-2024-10-21-130742.png","inLanguage":"pl-PL","potentialAction":[{"@type":"CommentAction","name":"Comment","target":["https:\/\/pans.krosno.pl\/b\/xii-rajd-integracyjny-studentow-i-roku\/#respond"]}]},{"@type":"WebPage","@id":"https:\/\/pans.krosno.pl\/b\/xii-rajd-integracyjny-studentow-i-roku\/","url":"https:\/\/pans.krosno.pl\/b\/xii-rajd-integracyjny-studentow-i-roku\/","name":"XII Rajd integracyjny student\u00f3w I roku - Budownictwo PANS w Kro\u015bnie","isPartOf":{"@id":"https:\/\/pans.krosno.pl\/b\/#website"},"primaryImageOfPage":{"@id":"https:\/\/pans.krosno.pl\/b\/xii-rajd-integracyjny-studentow-i-roku\/#primaryimage"},"image":{"@id":"https:\/\/pans.krosno.pl\/b\/xii-rajd-integracyjny-studentow-i-roku\/#primaryimage"},"thumbnailUrl":"https:\/\/pans.krosno.pl\/b\/wp-content\/uploads\/sites\/21\/2024\/10\/Zrzut-ekranu-2024-10-21-130742.png","datePublished":"2024-10-21T11:04:55+00:00","dateModified":"2024-10-21T11:09:50+00:00","breadcrumb":{"@id":"https:\/\/pans.krosno.pl\/b\/xii-rajd-integracyjny-studentow-i-roku\/#breadcrumb"},"inLanguage":"pl-PL","potentialAction":[{"@type":"ReadAction","target":["https:\/\/pans.krosno.pl\/b\/xii-rajd-integracyjny-studentow-i-roku\/"]}]},{"@type":"ImageObject","inLanguage":"pl-PL","@id":"https:\/\/pans.krosno.pl\/b\/xii-rajd-integracyjny-studentow-i-roku\/#primaryimage","url":"https:\/\/pans.krosno.pl\/b\/wp-content\/uploads\/sites\/21\/2024\/10\/Zrzut-ekranu-2024-10-21-130742.png","contentUrl":"https:\/\/pans.krosno.pl\/b\/wp-content\/uploads\/sites\/21\/2024\/10\/Zrzut-ekranu-2024-10-21-130742.png","width":512,"height":489},{"@type":"BreadcrumbList","@id":"https:\/\/pans.krosno.pl\/b\/xii-rajd-integracyjny-studentow-i-roku\/#breadcrumb","itemListElement":[{"@type":"ListItem","position":1,"name":"Strona g\u0142\u00f3wna","item":"https:\/\/pans.krosno.pl\/b\/"},{"@type":"ListItem","position":2,"name":"XII Rajd integracyjny student\u00f3w I roku"}]},{"@type":"WebSite","@id":"https:\/\/pans.krosno.pl\/b\/#website","url":"https:\/\/pans.krosno.pl\/b\/","name":"Budownictwo PANS w Kro\u015bnie","description":"Budownictwo - Pa\u0144stwowa Akademia Nauk Stosowanych","publisher":{"@id":"https:\/\/pans.krosno.pl\/b\/#organization"},"potentialAction":[{"@type":"SearchAction","target":{"@type":"EntryPoint","urlTemplate":"https:\/\/pans.krosno.pl\/b\/?s={search_term_string}"},"query-input":{"@type":"PropertyValueSpecification","valueRequired":true,"valueName":"search_term_string"}}],"inLanguage":"pl-PL"},{"@type":"Organization","@id":"https:\/\/pans.krosno.pl\/b\/#organization","name":"Budownictwo PANS w Kro\u015bnie","url":"https:\/\/pans.krosno.pl\/b\/","logo":{"@type":"ImageObject","inLanguage":"pl-PL","@id":"https:\/\/pans.krosno.pl\/b\/#\/schema\/logo\/image\/","url":"https:\/\/pans.krosno.pl\/b\/wp-content\/uploads\/sites\/21\/2023\/01\/Logo-PANS-2022-pelne.png","contentUrl":"https:\/\/pans.krosno.pl\/b\/wp-content\/uploads\/sites\/21\/2023\/01\/Logo-PANS-2022-pelne.png","width":3096,"height":696,"caption":"Budownictwo PANS w Kro\u015bnie"},"image":{"@id":"https:\/\/pans.krosno.pl\/b\/#\/schema\/logo\/image\/"}},{"@type":"Person","@id":"https:\/\/pans.krosno.pl\/b\/#\/schema\/person\/634d6b9e7bb9d41c7e46965732f119fb","name":"dariuszlen","image":{"@type":"ImageObject","inLanguage":"pl-PL","@id":"https:\/\/secure.gravatar.com\/avatar\/d51cbe065012c9a7ceb271b54636773af49c912883e07a57054c7fbc8e0c8366?s=96&d=mm&r=g","url":"https:\/\/secure.gravatar.com\/avatar\/d51cbe065012c9a7ceb271b54636773af49c912883e07a57054c7fbc8e0c8366?s=96&d=mm&r=g","contentUrl":"https:\/\/secure.gravatar.com\/avatar\/d51cbe065012c9a7ceb271b54636773af49c912883e07a57054c7fbc8e0c8366?s=96&d=mm&r=g","caption":"dariuszlen"},"url":"https:\/\/pans.krosno.pl\/b\/author\/dariuszlen\/"}]}},"_links":{"self":[{"href":"https:\/\/pans.krosno.pl\/b\/wp-json\/wp\/v2\/posts\/1588","targetHints":{"allow":["GET"]}}],"collection":[{"href":"https:\/\/pans.krosno.pl\/b\/wp-json\/wp\/v2\/posts"}],"about":[{"href":"https:\/\/pans.krosno.pl\/b\/wp-json\/wp\/v2\/types\/post"}],"author":[{"embeddable":true,"href":"https:\/\/pans.krosno.pl\/b\/wp-json\/wp\/v2\/users\/11"}],"replies":[{"embeddable":true,"href":"https:\/\/pans.krosno.pl\/b\/wp-json\/wp\/v2\/comments?post=1588"}],"version-history":[{"count":1,"href":"https:\/\/pans.krosno.pl\/b\/wp-json\/wp\/v2\/posts\/1588\/revisions"}],"predecessor-version":[{"id":1589,"href":"https:\/\/pans.krosno.pl\/b\/wp-json\/wp\/v2\/posts\/1588\/revisions\/1589"}],"wp:featuredmedia":[{"embeddable":true,"href":"https:\/\/pans.krosno.pl\/b\/wp-json\/wp\/v2\/media\/1590"}],"wp:attachment":[{"href":"https:\/\/pans.krosno.pl\/b\/wp-json\/wp\/v2\/media?parent=1588"}],"wp:term":[{"taxonomy":"category","embeddable":true,"href":"https:\/\/pans.krosno.pl\/b\/wp-json\/wp\/v2\/categories?post=1588"},{"taxonomy":"post_tag","embeddable":true,"href":"https:\/\/pans.krosno.pl\/b\/wp-json\/wp\/v2\/tags?post=1588"}],"curies":[{"name":"wp","href":"https:\/\/api.w.org\/{rel}","templated":true}]}}