{"id":1482,"date":"2023-10-16T20:03:19","date_gmt":"2023-10-16T18:03:19","guid":{"rendered":"https:\/\/pans.krosno.pl\/b\/?p=1482"},"modified":"2023-10-16T20:03:21","modified_gmt":"2023-10-16T18:03:21","slug":"xii-konferencja-naukowa-polaczenia-i-wezly-w-konstrukcjach-metalowych-i-zespolonych","status":"publish","type":"post","link":"https:\/\/pans.krosno.pl\/b\/xii-konferencja-naukowa-polaczenia-i-wezly-w-konstrukcjach-metalowych-i-zespolonych\/","title":{"rendered":"XII Konferencja Naukowa Po\u0142\u0105czenia i W\u0119z\u0142y w Konstrukcjach Metalowych i Zespolonych"},"content":{"rendered":"\n<p>W dniach 12-14 pa\u017adziernika 2023 roku w Bezmiechowej G\u00f3rnej ko\u0142o Leska odby\u0142a si\u0119 XII Konferencja Naukowa Po\u0142\u0105czenia i W\u0119z\u0142y w Konstrukcjach Metalowych i Zespolonych. Organizatorem konferencji by\u0142a Katedra Konstrukcji Budowlanych Wydzia\u0142u Budownictwa In\u017cynierii \u015arodowiska i Architektury Politechniki Rzeszowskiej. Wydarzenie odby\u0142o si\u0119 pod patronatem Podkarpackiej Izby In\u017cynier\u00f3w Budownictwa, Sekcji Konstrukcji Metalowych Komitetu In\u017cynierii L\u0105dowej i Wodnej Polskiej Akademii Nauk oraz Komisji Nauki Rzeszowskiego Oddzia\u0142u Polskiego Zwi\u0105zku In\u017cynier\u00f3w i Technik\u00f3w Budownictwa.<\/p>\n\n\n\n<p>Konferencja obejmowa\u0142a pi\u0119\u0107 sesji, na kt\u00f3rych zaprezentowano dwadzie\u015bcia pi\u0119\u0107 referat\u00f3w opracowanych przez autor\u00f3w z pi\u0119tnastu krajowych o\u015brodk\u00f3w naukowych. Tematyka wyg\u0142oszonych referat\u00f3w dotyczy\u0142a m.in. po\u0142\u0105cze\u0144 w konstrukcjach stalowych i zespolonych, po\u0142\u0105cze\u0144 element\u00f3w cienko\u015bciennych, modelowania po\u0142\u0105cze\u0144 metod\u0105 element\u00f3w sko\u0144czonych, okre\u015blenia parametr\u00f3w w\u0119z\u0142\u00f3w za pomoc\u0105 metody sk\u0142adnikowej, statycznej i dynamicznej analizy po\u0142\u0105cze\u0144.<\/p>\n\n\n\n<p>Go\u015bciem specjalnym konferencji by\u0142a prof. Ana Margarida Gir\u00e3o Coelho, Engineering Director w British Constructional Steelwork Association (BCSA), Convenor of CEN\/TC250\/S.C. 3\/WG8 \u2013 Joints, kt\u00f3ra na sesji specjalnej wyg\u0142osi\u0142a referat pt. \u201eDruga generacja eurokod\u00f3w, FprEN 1993-1-8 Eurokod 3: Projektowanie konstrukcji stalowych \u2013 Cz\u0119\u015b\u0107 1-8: Projektowanie w\u0119z\u0142\u00f3w\u201d.<\/p>\n\n\n\n<p>Pa\u0144stwow\u0105 Akademi\u0119 Nauk Stosowanych w Kro\u015bnie na XII Konferencji Naukowej Po\u0142\u0105czenia i W\u0119z\u0142y w Konstrukcjach Metalowych i Zespolonych reprezentowa\u0142 pracownik Zak\u0142adu Budownictwa dr in\u017c. Dariusz Le\u0144, kt\u00f3ry wyg\u0142osi\u0142 referat pt. \u201eSztywno\u015b\u0107 pod\u0142u\u017cna po\u0142\u0105cze\u0144 ko\u0142nierzowych\u201d. <\/p>\n\n\n\n<p>Wyg\u0142oszony referat zosta\u0142 opublikowany w formie artyku\u0142u w numerze 9-10 czasopisma In\u017cynieria i Budownictwo.<\/p>\n\n\n\n<figure class=\"wp-block-image size-large\"><img loading=\"lazy\" decoding=\"async\" width=\"1024\" height=\"768\" src=\"https:\/\/pans.krosno.pl\/b\/wp-content\/uploads\/sites\/21\/2023\/10\/IMG_20231013_093403_393-1024x768.jpg\" alt=\"\" class=\"wp-image-1484\" srcset=\"https:\/\/pans.krosno.pl\/b\/wp-content\/uploads\/sites\/21\/2023\/10\/IMG_20231013_093403_393-1024x768.jpg 1024w, https:\/\/pans.krosno.pl\/b\/wp-content\/uploads\/sites\/21\/2023\/10\/IMG_20231013_093403_393-300x225.jpg 300w, https:\/\/pans.krosno.pl\/b\/wp-content\/uploads\/sites\/21\/2023\/10\/IMG_20231013_093403_393-768x576.jpg 768w, https:\/\/pans.krosno.pl\/b\/wp-content\/uploads\/sites\/21\/2023\/10\/IMG_20231013_093403_393-1536x1152.jpg 1536w, https:\/\/pans.krosno.pl\/b\/wp-content\/uploads\/sites\/21\/2023\/10\/IMG_20231013_093403_393-2048x1536.jpg 2048w, https:\/\/pans.krosno.pl\/b\/wp-content\/uploads\/sites\/21\/2023\/10\/IMG_20231013_093403_393-2000x1500.jpg 2000w, https:\/\/pans.krosno.pl\/b\/wp-content\/uploads\/sites\/21\/2023\/10\/IMG_20231013_093403_393-800x600.jpg 800w, https:\/\/pans.krosno.pl\/b\/wp-content\/uploads\/sites\/21\/2023\/10\/IMG_20231013_093403_393-580x435.jpg 580w\" sizes=\"auto, (max-width: 1024px) 100vw, 1024px\" \/><\/figure>\n","protected":false},"excerpt":{"rendered":"<p>W dniach 12-14 pa\u017adziernika 2023 roku w Bezmiechowej G\u00f3rnej ko\u0142o Leska odby\u0142a si\u0119 XII Konferencja Naukowa Po\u0142\u0105czenia i W\u0119z\u0142y w Konstrukcjach Metalowych i Zespolonych. Organizatorem konferencji by\u0142a Katedra Konstrukcji Budowlanych Wydzia\u0142u Budownictwa In\u017cynierii \u015arodowiska i Architektury Politechniki Rzeszowskiej. Wydarzenie odby\u0142o si\u0119 pod patronatem Podkarpackiej Izby In\u017cynier\u00f3w Budownictwa, Sekcji Konstrukcji Metalowych [\u2026] <\/p>\n<div class=\"clear\"><\/div>\n<p><a class=\"more_link clearfix\" href=\"https:\/\/pans.krosno.pl\/b\/xii-konferencja-naukowa-polaczenia-i-wezly-w-konstrukcjach-metalowych-i-zespolonych\/\" rel=\"nofollow\">Read More<\/a><\/p>\n","protected":false},"author":11,"featured_media":1485,"comment_status":"open","ping_status":"open","sticky":false,"template":"","format":"standard","meta":{"ngg_post_thumbnail":0,"footnotes":""},"categories":[1],"tags":[],"class_list":["post-1482","post","type-post","status-publish","format-standard","has-post-thumbnail","hentry","category-bez-kategorii"],"yoast_head":"<!-- This site is optimized with the Yoast SEO Premium plugin v27.4 (Yoast SEO v27.4) - https:\/\/yoast.com\/product\/yoast-seo-premium-wordpress\/ -->\n<title>XII Konferencja Naukowa Po\u0142\u0105czenia i W\u0119z\u0142y w Konstrukcjach Metalowych i Zespolonych - Budownictwo PANS w Kro\u015bnie<\/title>\n<meta name=\"robots\" content=\"index, follow, max-snippet:-1, max-image-preview:large, max-video-preview:-1\" \/>\n<link rel=\"canonical\" href=\"https:\/\/pans.krosno.pl\/b\/xii-konferencja-naukowa-polaczenia-i-wezly-w-konstrukcjach-metalowych-i-zespolonych\/\" \/>\n<meta property=\"og:locale\" content=\"pl_PL\" \/>\n<meta property=\"og:type\" content=\"article\" \/>\n<meta property=\"og:title\" content=\"XII Konferencja Naukowa Po\u0142\u0105czenia i W\u0119z\u0142y w Konstrukcjach Metalowych i Zespolonych\" \/>\n<meta property=\"og:description\" content=\"W dniach 12-14 pa\u017adziernika 2023 roku w Bezmiechowej G\u00f3rnej ko\u0142o Leska odby\u0142a si\u0119 XII Konferencja Naukowa Po\u0142\u0105czenia i W\u0119z\u0142y w Konstrukcjach Metalowych i Zespolonych. Organizatorem konferencji by\u0142a Katedra Konstrukcji Budowlanych Wydzia\u0142u Budownictwa In\u017cynierii \u015arodowiska i Architektury Politechniki Rzeszowskiej. Wydarzenie odby\u0142o si\u0119 pod patronatem Podkarpackiej Izby In\u017cynier\u00f3w Budownictwa, Sekcji Konstrukcji Metalowych [\u2026] Read More\" \/>\n<meta property=\"og:url\" content=\"https:\/\/pans.krosno.pl\/b\/xii-konferencja-naukowa-polaczenia-i-wezly-w-konstrukcjach-metalowych-i-zespolonych\/\" \/>\n<meta property=\"og:site_name\" content=\"Budownictwo PANS w Kro\u015bnie\" \/>\n<meta property=\"article:published_time\" content=\"2023-10-16T18:03:19+00:00\" \/>\n<meta property=\"article:modified_time\" content=\"2023-10-16T18:03:21+00:00\" \/>\n<meta property=\"og:image\" content=\"https:\/\/pans.krosno.pl\/wp-content\/uploads\/sites\/21\/2023\/10\/Konf.jpg\" \/>\n\t<meta property=\"og:image:width\" content=\"1299\" \/>\n\t<meta property=\"og:image:height\" content=\"1091\" \/>\n\t<meta property=\"og:image:type\" content=\"image\/jpeg\" \/>\n<meta name=\"author\" content=\"dariuszlen\" \/>\n<meta name=\"twitter:card\" content=\"summary_large_image\" \/>\n<meta name=\"twitter:label1\" content=\"Napisane przez\" \/>\n\t<meta name=\"twitter:data1\" content=\"dariuszlen\" \/>\n\t<meta name=\"twitter:label2\" content=\"Szacowany czas czytania\" \/>\n\t<meta name=\"twitter:data2\" content=\"2 minuty\" \/>\n<script type=\"application\/ld+json\" class=\"yoast-schema-graph\">{\"@context\":\"https:\\\/\\\/schema.org\",\"@graph\":[{\"@type\":\"Article\",\"@id\":\"https:\\\/\\\/pans.krosno.pl\\\/b\\\/xii-konferencja-naukowa-polaczenia-i-wezly-w-konstrukcjach-metalowych-i-zespolonych\\\/#article\",\"isPartOf\":{\"@id\":\"https:\\\/\\\/pans.krosno.pl\\\/b\\\/xii-konferencja-naukowa-polaczenia-i-wezly-w-konstrukcjach-metalowych-i-zespolonych\\\/\"},\"author\":{\"name\":\"dariuszlen\",\"@id\":\"https:\\\/\\\/pans.krosno.pl\\\/b\\\/#\\\/schema\\\/person\\\/634d6b9e7bb9d41c7e46965732f119fb\"},\"headline\":\"XII Konferencja Naukowa Po\u0142\u0105czenia i W\u0119z\u0142y w Konstrukcjach Metalowych i Zespolonych\",\"datePublished\":\"2023-10-16T18:03:19+00:00\",\"dateModified\":\"2023-10-16T18:03:21+00:00\",\"mainEntityOfPage\":{\"@id\":\"https:\\\/\\\/pans.krosno.pl\\\/b\\\/xii-konferencja-naukowa-polaczenia-i-wezly-w-konstrukcjach-metalowych-i-zespolonych\\\/\"},\"wordCount\":294,\"commentCount\":0,\"publisher\":{\"@id\":\"https:\\\/\\\/pans.krosno.pl\\\/b\\\/#organization\"},\"image\":{\"@id\":\"https:\\\/\\\/pans.krosno.pl\\\/b\\\/xii-konferencja-naukowa-polaczenia-i-wezly-w-konstrukcjach-metalowych-i-zespolonych\\\/#primaryimage\"},\"thumbnailUrl\":\"https:\\\/\\\/pans.krosno.pl\\\/b\\\/wp-content\\\/uploads\\\/sites\\\/21\\\/2023\\\/10\\\/Konf.jpg\",\"inLanguage\":\"pl-PL\",\"potentialAction\":[{\"@type\":\"CommentAction\",\"name\":\"Comment\",\"target\":[\"https:\\\/\\\/pans.krosno.pl\\\/b\\\/xii-konferencja-naukowa-polaczenia-i-wezly-w-konstrukcjach-metalowych-i-zespolonych\\\/#respond\"]}]},{\"@type\":\"WebPage\",\"@id\":\"https:\\\/\\\/pans.krosno.pl\\\/b\\\/xii-konferencja-naukowa-polaczenia-i-wezly-w-konstrukcjach-metalowych-i-zespolonych\\\/\",\"url\":\"https:\\\/\\\/pans.krosno.pl\\\/b\\\/xii-konferencja-naukowa-polaczenia-i-wezly-w-konstrukcjach-metalowych-i-zespolonych\\\/\",\"name\":\"XII Konferencja Naukowa Po\u0142\u0105czenia i W\u0119z\u0142y w Konstrukcjach Metalowych i Zespolonych - Budownictwo PANS w Kro\u015bnie\",\"isPartOf\":{\"@id\":\"https:\\\/\\\/pans.krosno.pl\\\/b\\\/#website\"},\"primaryImageOfPage\":{\"@id\":\"https:\\\/\\\/pans.krosno.pl\\\/b\\\/xii-konferencja-naukowa-polaczenia-i-wezly-w-konstrukcjach-metalowych-i-zespolonych\\\/#primaryimage\"},\"image\":{\"@id\":\"https:\\\/\\\/pans.krosno.pl\\\/b\\\/xii-konferencja-naukowa-polaczenia-i-wezly-w-konstrukcjach-metalowych-i-zespolonych\\\/#primaryimage\"},\"thumbnailUrl\":\"https:\\\/\\\/pans.krosno.pl\\\/b\\\/wp-content\\\/uploads\\\/sites\\\/21\\\/2023\\\/10\\\/Konf.jpg\",\"datePublished\":\"2023-10-16T18:03:19+00:00\",\"dateModified\":\"2023-10-16T18:03:21+00:00\",\"breadcrumb\":{\"@id\":\"https:\\\/\\\/pans.krosno.pl\\\/b\\\/xii-konferencja-naukowa-polaczenia-i-wezly-w-konstrukcjach-metalowych-i-zespolonych\\\/#breadcrumb\"},\"inLanguage\":\"pl-PL\",\"potentialAction\":[{\"@type\":\"ReadAction\",\"target\":[\"https:\\\/\\\/pans.krosno.pl\\\/b\\\/xii-konferencja-naukowa-polaczenia-i-wezly-w-konstrukcjach-metalowych-i-zespolonych\\\/\"]}]},{\"@type\":\"ImageObject\",\"inLanguage\":\"pl-PL\",\"@id\":\"https:\\\/\\\/pans.krosno.pl\\\/b\\\/xii-konferencja-naukowa-polaczenia-i-wezly-w-konstrukcjach-metalowych-i-zespolonych\\\/#primaryimage\",\"url\":\"https:\\\/\\\/pans.krosno.pl\\\/b\\\/wp-content\\\/uploads\\\/sites\\\/21\\\/2023\\\/10\\\/Konf.jpg\",\"contentUrl\":\"https:\\\/\\\/pans.krosno.pl\\\/b\\\/wp-content\\\/uploads\\\/sites\\\/21\\\/2023\\\/10\\\/Konf.jpg\",\"width\":1299,\"height\":1091},{\"@type\":\"BreadcrumbList\",\"@id\":\"https:\\\/\\\/pans.krosno.pl\\\/b\\\/xii-konferencja-naukowa-polaczenia-i-wezly-w-konstrukcjach-metalowych-i-zespolonych\\\/#breadcrumb\",\"itemListElement\":[{\"@type\":\"ListItem\",\"position\":1,\"name\":\"Strona g\u0142\u00f3wna\",\"item\":\"https:\\\/\\\/pans.krosno.pl\\\/b\\\/\"},{\"@type\":\"ListItem\",\"position\":2,\"name\":\"XII Konferencja Naukowa Po\u0142\u0105czenia i W\u0119z\u0142y w Konstrukcjach Metalowych i Zespolonych\"}]},{\"@type\":\"WebSite\",\"@id\":\"https:\\\/\\\/pans.krosno.pl\\\/b\\\/#website\",\"url\":\"https:\\\/\\\/pans.krosno.pl\\\/b\\\/\",\"name\":\"Budownictwo PANS w Kro\u015bnie\",\"description\":\"Budownictwo - Pa\u0144stwowa Akademia Nauk Stosowanych\",\"publisher\":{\"@id\":\"https:\\\/\\\/pans.krosno.pl\\\/b\\\/#organization\"},\"potentialAction\":[{\"@type\":\"SearchAction\",\"target\":{\"@type\":\"EntryPoint\",\"urlTemplate\":\"https:\\\/\\\/pans.krosno.pl\\\/b\\\/?s={search_term_string}\"},\"query-input\":{\"@type\":\"PropertyValueSpecification\",\"valueRequired\":true,\"valueName\":\"search_term_string\"}}],\"inLanguage\":\"pl-PL\"},{\"@type\":\"Organization\",\"@id\":\"https:\\\/\\\/pans.krosno.pl\\\/b\\\/#organization\",\"name\":\"Budownictwo PANS w Kro\u015bnie\",\"url\":\"https:\\\/\\\/pans.krosno.pl\\\/b\\\/\",\"logo\":{\"@type\":\"ImageObject\",\"inLanguage\":\"pl-PL\",\"@id\":\"https:\\\/\\\/pans.krosno.pl\\\/b\\\/#\\\/schema\\\/logo\\\/image\\\/\",\"url\":\"https:\\\/\\\/pans.krosno.pl\\\/b\\\/wp-content\\\/uploads\\\/sites\\\/21\\\/2023\\\/01\\\/Logo-PANS-2022-pelne.png\",\"contentUrl\":\"https:\\\/\\\/pans.krosno.pl\\\/b\\\/wp-content\\\/uploads\\\/sites\\\/21\\\/2023\\\/01\\\/Logo-PANS-2022-pelne.png\",\"width\":3096,\"height\":696,\"caption\":\"Budownictwo PANS w Kro\u015bnie\"},\"image\":{\"@id\":\"https:\\\/\\\/pans.krosno.pl\\\/b\\\/#\\\/schema\\\/logo\\\/image\\\/\"}},{\"@type\":\"Person\",\"@id\":\"https:\\\/\\\/pans.krosno.pl\\\/b\\\/#\\\/schema\\\/person\\\/634d6b9e7bb9d41c7e46965732f119fb\",\"name\":\"dariuszlen\",\"image\":{\"@type\":\"ImageObject\",\"inLanguage\":\"pl-PL\",\"@id\":\"https:\\\/\\\/secure.gravatar.com\\\/avatar\\\/d51cbe065012c9a7ceb271b54636773af49c912883e07a57054c7fbc8e0c8366?s=96&d=mm&r=g\",\"url\":\"https:\\\/\\\/secure.gravatar.com\\\/avatar\\\/d51cbe065012c9a7ceb271b54636773af49c912883e07a57054c7fbc8e0c8366?s=96&d=mm&r=g\",\"contentUrl\":\"https:\\\/\\\/secure.gravatar.com\\\/avatar\\\/d51cbe065012c9a7ceb271b54636773af49c912883e07a57054c7fbc8e0c8366?s=96&d=mm&r=g\",\"caption\":\"dariuszlen\"},\"url\":\"https:\\\/\\\/pans.krosno.pl\\\/b\\\/author\\\/dariuszlen\\\/\"}]}<\/script>\n<!-- \/ Yoast SEO Premium plugin. -->","yoast_head_json":{"title":"XII Konferencja Naukowa Po\u0142\u0105czenia i W\u0119z\u0142y w Konstrukcjach Metalowych i Zespolonych - Budownictwo PANS w Kro\u015bnie","robots":{"index":"index","follow":"follow","max-snippet":"max-snippet:-1","max-image-preview":"max-image-preview:large","max-video-preview":"max-video-preview:-1"},"canonical":"https:\/\/pans.krosno.pl\/b\/xii-konferencja-naukowa-polaczenia-i-wezly-w-konstrukcjach-metalowych-i-zespolonych\/","og_locale":"pl_PL","og_type":"article","og_title":"XII Konferencja Naukowa Po\u0142\u0105czenia i W\u0119z\u0142y w Konstrukcjach Metalowych i Zespolonych","og_description":"W dniach 12-14 pa\u017adziernika 2023 roku w Bezmiechowej G\u00f3rnej ko\u0142o Leska odby\u0142a si\u0119 XII Konferencja Naukowa Po\u0142\u0105czenia i W\u0119z\u0142y w Konstrukcjach Metalowych i Zespolonych. Organizatorem konferencji by\u0142a Katedra Konstrukcji Budowlanych Wydzia\u0142u Budownictwa In\u017cynierii \u015arodowiska i Architektury Politechniki Rzeszowskiej. Wydarzenie odby\u0142o si\u0119 pod patronatem Podkarpackiej Izby In\u017cynier\u00f3w Budownictwa, Sekcji Konstrukcji Metalowych [\u2026] Read More","og_url":"https:\/\/pans.krosno.pl\/b\/xii-konferencja-naukowa-polaczenia-i-wezly-w-konstrukcjach-metalowych-i-zespolonych\/","og_site_name":"Budownictwo PANS w Kro\u015bnie","article_published_time":"2023-10-16T18:03:19+00:00","article_modified_time":"2023-10-16T18:03:21+00:00","og_image":[{"width":1299,"height":1091,"url":"https:\/\/pans.krosno.pl\/wp-content\/uploads\/sites\/21\/2023\/10\/Konf.jpg","type":"image\/jpeg"}],"author":"dariuszlen","twitter_card":"summary_large_image","twitter_misc":{"Napisane przez":"dariuszlen","Szacowany czas czytania":"2 minuty"},"schema":{"@context":"https:\/\/schema.org","@graph":[{"@type":"Article","@id":"https:\/\/pans.krosno.pl\/b\/xii-konferencja-naukowa-polaczenia-i-wezly-w-konstrukcjach-metalowych-i-zespolonych\/#article","isPartOf":{"@id":"https:\/\/pans.krosno.pl\/b\/xii-konferencja-naukowa-polaczenia-i-wezly-w-konstrukcjach-metalowych-i-zespolonych\/"},"author":{"name":"dariuszlen","@id":"https:\/\/pans.krosno.pl\/b\/#\/schema\/person\/634d6b9e7bb9d41c7e46965732f119fb"},"headline":"XII Konferencja Naukowa Po\u0142\u0105czenia i W\u0119z\u0142y w Konstrukcjach Metalowych i Zespolonych","datePublished":"2023-10-16T18:03:19+00:00","dateModified":"2023-10-16T18:03:21+00:00","mainEntityOfPage":{"@id":"https:\/\/pans.krosno.pl\/b\/xii-konferencja-naukowa-polaczenia-i-wezly-w-konstrukcjach-metalowych-i-zespolonych\/"},"wordCount":294,"commentCount":0,"publisher":{"@id":"https:\/\/pans.krosno.pl\/b\/#organization"},"image":{"@id":"https:\/\/pans.krosno.pl\/b\/xii-konferencja-naukowa-polaczenia-i-wezly-w-konstrukcjach-metalowych-i-zespolonych\/#primaryimage"},"thumbnailUrl":"https:\/\/pans.krosno.pl\/b\/wp-content\/uploads\/sites\/21\/2023\/10\/Konf.jpg","inLanguage":"pl-PL","potentialAction":[{"@type":"CommentAction","name":"Comment","target":["https:\/\/pans.krosno.pl\/b\/xii-konferencja-naukowa-polaczenia-i-wezly-w-konstrukcjach-metalowych-i-zespolonych\/#respond"]}]},{"@type":"WebPage","@id":"https:\/\/pans.krosno.pl\/b\/xii-konferencja-naukowa-polaczenia-i-wezly-w-konstrukcjach-metalowych-i-zespolonych\/","url":"https:\/\/pans.krosno.pl\/b\/xii-konferencja-naukowa-polaczenia-i-wezly-w-konstrukcjach-metalowych-i-zespolonych\/","name":"XII Konferencja Naukowa Po\u0142\u0105czenia i W\u0119z\u0142y w Konstrukcjach Metalowych i Zespolonych - Budownictwo PANS w Kro\u015bnie","isPartOf":{"@id":"https:\/\/pans.krosno.pl\/b\/#website"},"primaryImageOfPage":{"@id":"https:\/\/pans.krosno.pl\/b\/xii-konferencja-naukowa-polaczenia-i-wezly-w-konstrukcjach-metalowych-i-zespolonych\/#primaryimage"},"image":{"@id":"https:\/\/pans.krosno.pl\/b\/xii-konferencja-naukowa-polaczenia-i-wezly-w-konstrukcjach-metalowych-i-zespolonych\/#primaryimage"},"thumbnailUrl":"https:\/\/pans.krosno.pl\/b\/wp-content\/uploads\/sites\/21\/2023\/10\/Konf.jpg","datePublished":"2023-10-16T18:03:19+00:00","dateModified":"2023-10-16T18:03:21+00:00","breadcrumb":{"@id":"https:\/\/pans.krosno.pl\/b\/xii-konferencja-naukowa-polaczenia-i-wezly-w-konstrukcjach-metalowych-i-zespolonych\/#breadcrumb"},"inLanguage":"pl-PL","potentialAction":[{"@type":"ReadAction","target":["https:\/\/pans.krosno.pl\/b\/xii-konferencja-naukowa-polaczenia-i-wezly-w-konstrukcjach-metalowych-i-zespolonych\/"]}]},{"@type":"ImageObject","inLanguage":"pl-PL","@id":"https:\/\/pans.krosno.pl\/b\/xii-konferencja-naukowa-polaczenia-i-wezly-w-konstrukcjach-metalowych-i-zespolonych\/#primaryimage","url":"https:\/\/pans.krosno.pl\/b\/wp-content\/uploads\/sites\/21\/2023\/10\/Konf.jpg","contentUrl":"https:\/\/pans.krosno.pl\/b\/wp-content\/uploads\/sites\/21\/2023\/10\/Konf.jpg","width":1299,"height":1091},{"@type":"BreadcrumbList","@id":"https:\/\/pans.krosno.pl\/b\/xii-konferencja-naukowa-polaczenia-i-wezly-w-konstrukcjach-metalowych-i-zespolonych\/#breadcrumb","itemListElement":[{"@type":"ListItem","position":1,"name":"Strona g\u0142\u00f3wna","item":"https:\/\/pans.krosno.pl\/b\/"},{"@type":"ListItem","position":2,"name":"XII Konferencja Naukowa Po\u0142\u0105czenia i W\u0119z\u0142y w Konstrukcjach Metalowych i Zespolonych"}]},{"@type":"WebSite","@id":"https:\/\/pans.krosno.pl\/b\/#website","url":"https:\/\/pans.krosno.pl\/b\/","name":"Budownictwo PANS w Kro\u015bnie","description":"Budownictwo - Pa\u0144stwowa Akademia Nauk Stosowanych","publisher":{"@id":"https:\/\/pans.krosno.pl\/b\/#organization"},"potentialAction":[{"@type":"SearchAction","target":{"@type":"EntryPoint","urlTemplate":"https:\/\/pans.krosno.pl\/b\/?s={search_term_string}"},"query-input":{"@type":"PropertyValueSpecification","valueRequired":true,"valueName":"search_term_string"}}],"inLanguage":"pl-PL"},{"@type":"Organization","@id":"https:\/\/pans.krosno.pl\/b\/#organization","name":"Budownictwo PANS w Kro\u015bnie","url":"https:\/\/pans.krosno.pl\/b\/","logo":{"@type":"ImageObject","inLanguage":"pl-PL","@id":"https:\/\/pans.krosno.pl\/b\/#\/schema\/logo\/image\/","url":"https:\/\/pans.krosno.pl\/b\/wp-content\/uploads\/sites\/21\/2023\/01\/Logo-PANS-2022-pelne.png","contentUrl":"https:\/\/pans.krosno.pl\/b\/wp-content\/uploads\/sites\/21\/2023\/01\/Logo-PANS-2022-pelne.png","width":3096,"height":696,"caption":"Budownictwo PANS w Kro\u015bnie"},"image":{"@id":"https:\/\/pans.krosno.pl\/b\/#\/schema\/logo\/image\/"}},{"@type":"Person","@id":"https:\/\/pans.krosno.pl\/b\/#\/schema\/person\/634d6b9e7bb9d41c7e46965732f119fb","name":"dariuszlen","image":{"@type":"ImageObject","inLanguage":"pl-PL","@id":"https:\/\/secure.gravatar.com\/avatar\/d51cbe065012c9a7ceb271b54636773af49c912883e07a57054c7fbc8e0c8366?s=96&d=mm&r=g","url":"https:\/\/secure.gravatar.com\/avatar\/d51cbe065012c9a7ceb271b54636773af49c912883e07a57054c7fbc8e0c8366?s=96&d=mm&r=g","contentUrl":"https:\/\/secure.gravatar.com\/avatar\/d51cbe065012c9a7ceb271b54636773af49c912883e07a57054c7fbc8e0c8366?s=96&d=mm&r=g","caption":"dariuszlen"},"url":"https:\/\/pans.krosno.pl\/b\/author\/dariuszlen\/"}]}},"_links":{"self":[{"href":"https:\/\/pans.krosno.pl\/b\/wp-json\/wp\/v2\/posts\/1482","targetHints":{"allow":["GET"]}}],"collection":[{"href":"https:\/\/pans.krosno.pl\/b\/wp-json\/wp\/v2\/posts"}],"about":[{"href":"https:\/\/pans.krosno.pl\/b\/wp-json\/wp\/v2\/types\/post"}],"author":[{"embeddable":true,"href":"https:\/\/pans.krosno.pl\/b\/wp-json\/wp\/v2\/users\/11"}],"replies":[{"embeddable":true,"href":"https:\/\/pans.krosno.pl\/b\/wp-json\/wp\/v2\/comments?post=1482"}],"version-history":[{"count":1,"href":"https:\/\/pans.krosno.pl\/b\/wp-json\/wp\/v2\/posts\/1482\/revisions"}],"predecessor-version":[{"id":1486,"href":"https:\/\/pans.krosno.pl\/b\/wp-json\/wp\/v2\/posts\/1482\/revisions\/1486"}],"wp:featuredmedia":[{"embeddable":true,"href":"https:\/\/pans.krosno.pl\/b\/wp-json\/wp\/v2\/media\/1485"}],"wp:attachment":[{"href":"https:\/\/pans.krosno.pl\/b\/wp-json\/wp\/v2\/media?parent=1482"}],"wp:term":[{"taxonomy":"category","embeddable":true,"href":"https:\/\/pans.krosno.pl\/b\/wp-json\/wp\/v2\/categories?post=1482"},{"taxonomy":"post_tag","embeddable":true,"href":"https:\/\/pans.krosno.pl\/b\/wp-json\/wp\/v2\/tags?post=1482"}],"curies":[{"name":"wp","href":"https:\/\/api.w.org\/{rel}","templated":true}]}}