{"id":1465,"date":"2023-09-30T13:55:57","date_gmt":"2023-09-30T11:55:57","guid":{"rendered":"https:\/\/pans.krosno.pl\/b\/?p=1465"},"modified":"2023-09-30T13:55:58","modified_gmt":"2023-09-30T11:55:58","slug":"68-krynicka-konferencja-naukowa","status":"publish","type":"post","link":"https:\/\/pans.krosno.pl\/b\/68-krynicka-konferencja-naukowa\/","title":{"rendered":"68. Krynicka Konferencja Naukowa"},"content":{"rendered":"\n<p class=\"has-text-align-left\">W dniach 24-28 wrze\u015bnia 2023 roku w Gliwicach odby\u0142a si\u0119 68. Krynicka Konferencja Naukowa Komitetu In\u017cynierii L\u0105dowej i Wodnej PAN oraz Komitetu Nauki PZITB. Gospodarzem tegorocznego wydarzenia by\u0142 Wydzia\u0142 Budownictwa Politechniki \u015al\u0105skiej.<\/p>\n\n\n\n<p>Konferencja tradycyjnie podzielona zosta\u0142a na cz\u0119\u015b\u0107 problemow\u0105 i cz\u0119\u015b\u0107 og\u00f3ln\u0105. Tematem przewodnim cz\u0119\u015bci problemowej by\u0142y wyzwania budownictwa na terenach g\u00f3rniczych, pog\u00f3rniczych i zdegradowanych. W cz\u0119\u015bci tej zaprezentowano czterna\u015bcie referat\u00f3w.<\/p>\n\n\n\n<p>Cz\u0119\u015b\u0107 og\u00f3lna konferencji obejmowa\u0142a zagadnienia zwi\u0105zane z: konstrukcjami metalowymi, konstrukcjami betonowymi, geotechnik\u0105, budownictwem og\u00f3lnym, mechanik\u0105 konstrukcji i materia\u0142\u00f3w, fizyk\u0105 budowli, in\u017cynieri\u0105 przedsi\u0119wzi\u0119\u0107 budowlanych, in\u017cynieri\u0105 materia\u0142\u00f3w budowlanych, niezawodno\u015bci\u0105 konstrukcji i in\u017cynieri\u0105 komunikacyjn\u0105. W cz\u0119\u015bci og\u00f3lnej na siedemnastu sesjach zaprezentowano \u0142\u0105cznie osiemdziesi\u0105t cztery referaty.<\/p>\n\n\n\n<p>Pa\u0144stwow\u0105 Akademi\u0119 Nauk Stosowanych w Kro\u015bnie na 68. Krynickiej Konferencji Naukowej reprezentowali pracownicy Zak\u0142adu Budownictwa: dr in\u017c. Tomasz Pytlowany, dr in\u017c. Roman Zimka i dr in\u017c. Dariusz Le\u0144. Referat pt. \u201ePor\u00f3wnanie ugi\u0119cia betonowych belek zbrojonych pr\u0119tami GFRP, BFRP i ze stali B500\u201d autorstwa dr in\u017c. Tomasza Pytlowanego, dr in\u017c. Romana Zimki, dr in\u017c. Dariusz Lenia i dr in\u017c. Kazimierza Piszczka wyg\u0142osi\u0142 podczas sesji po\u015bwi\u0119conej konstrukcjom betonowym dr in\u017c. Roman Zimka.\u00a0\u00a0\u00a0\u00a0\u00a0\u00a0\u00a0\u00a0\u00a0\u00a0\u00a0\u00a0\u00a0\u00a0<\/p>\n\n\n\n<p>Wyg\u0142oszony referat zostanie opublikowany w formie artyku\u0142u w nowym numerze czasopisma Przegl\u0105d Budowlany.<\/p>\n\n\n\n<figure class=\"wp-block-gallery has-nested-images columns-default is-cropped wp-block-gallery-1 is-layout-flex wp-block-gallery-is-layout-flex\">\n<figure class=\"wp-block-image size-large\"><img loading=\"lazy\" decoding=\"async\" width=\"1024\" height=\"768\" data-id=\"1464\" src=\"https:\/\/pans.krosno.pl\/b\/wp-content\/uploads\/sites\/21\/2023\/09\/IMG_20230928_151012_154-1024x768.jpg\" alt=\"\" class=\"wp-image-1464\" srcset=\"https:\/\/pans.krosno.pl\/b\/wp-content\/uploads\/sites\/21\/2023\/09\/IMG_20230928_151012_154-1024x768.jpg 1024w, https:\/\/pans.krosno.pl\/b\/wp-content\/uploads\/sites\/21\/2023\/09\/IMG_20230928_151012_154-300x225.jpg 300w, https:\/\/pans.krosno.pl\/b\/wp-content\/uploads\/sites\/21\/2023\/09\/IMG_20230928_151012_154-768x576.jpg 768w, https:\/\/pans.krosno.pl\/b\/wp-content\/uploads\/sites\/21\/2023\/09\/IMG_20230928_151012_154-1536x1152.jpg 1536w, https:\/\/pans.krosno.pl\/b\/wp-content\/uploads\/sites\/21\/2023\/09\/IMG_20230928_151012_154-2048x1536.jpg 2048w, https:\/\/pans.krosno.pl\/b\/wp-content\/uploads\/sites\/21\/2023\/09\/IMG_20230928_151012_154-2000x1500.jpg 2000w, https:\/\/pans.krosno.pl\/b\/wp-content\/uploads\/sites\/21\/2023\/09\/IMG_20230928_151012_154-800x600.jpg 800w, https:\/\/pans.krosno.pl\/b\/wp-content\/uploads\/sites\/21\/2023\/09\/IMG_20230928_151012_154-580x435.jpg 580w\" sizes=\"auto, (max-width: 1024px) 100vw, 1024px\" \/><\/figure>\n<\/figure>\n\n\n\n<figure class=\"wp-block-image size-large\"><img loading=\"lazy\" decoding=\"async\" width=\"1024\" height=\"768\" src=\"https:\/\/pans.krosno.pl\/b\/wp-content\/uploads\/sites\/21\/2023\/09\/4-1024x768.jpg\" alt=\"\" class=\"wp-image-1461\" srcset=\"https:\/\/pans.krosno.pl\/b\/wp-content\/uploads\/sites\/21\/2023\/09\/4-1024x768.jpg 1024w, https:\/\/pans.krosno.pl\/b\/wp-content\/uploads\/sites\/21\/2023\/09\/4-300x225.jpg 300w, https:\/\/pans.krosno.pl\/b\/wp-content\/uploads\/sites\/21\/2023\/09\/4-768x576.jpg 768w, https:\/\/pans.krosno.pl\/b\/wp-content\/uploads\/sites\/21\/2023\/09\/4-1536x1152.jpg 1536w, https:\/\/pans.krosno.pl\/b\/wp-content\/uploads\/sites\/21\/2023\/09\/4-2048x1536.jpg 2048w, https:\/\/pans.krosno.pl\/b\/wp-content\/uploads\/sites\/21\/2023\/09\/4-2000x1500.jpg 2000w, https:\/\/pans.krosno.pl\/b\/wp-content\/uploads\/sites\/21\/2023\/09\/4-800x600.jpg 800w, https:\/\/pans.krosno.pl\/b\/wp-content\/uploads\/sites\/21\/2023\/09\/4-580x435.jpg 580w\" sizes=\"auto, (max-width: 1024px) 100vw, 1024px\" \/><\/figure>\n\n\n\n<figure class=\"wp-block-image size-large\"><img loading=\"lazy\" decoding=\"async\" width=\"1024\" height=\"768\" src=\"https:\/\/pans.krosno.pl\/b\/wp-content\/uploads\/sites\/21\/2023\/09\/IMG_20230928_130305_021-1024x768.jpg\" alt=\"\" class=\"wp-image-1462\" srcset=\"https:\/\/pans.krosno.pl\/b\/wp-content\/uploads\/sites\/21\/2023\/09\/IMG_20230928_130305_021-1024x768.jpg 1024w, https:\/\/pans.krosno.pl\/b\/wp-content\/uploads\/sites\/21\/2023\/09\/IMG_20230928_130305_021-300x225.jpg 300w, https:\/\/pans.krosno.pl\/b\/wp-content\/uploads\/sites\/21\/2023\/09\/IMG_20230928_130305_021-768x576.jpg 768w, https:\/\/pans.krosno.pl\/b\/wp-content\/uploads\/sites\/21\/2023\/09\/IMG_20230928_130305_021-1536x1152.jpg 1536w, https:\/\/pans.krosno.pl\/b\/wp-content\/uploads\/sites\/21\/2023\/09\/IMG_20230928_130305_021-2048x1536.jpg 2048w, https:\/\/pans.krosno.pl\/b\/wp-content\/uploads\/sites\/21\/2023\/09\/IMG_20230928_130305_021-2000x1500.jpg 2000w, https:\/\/pans.krosno.pl\/b\/wp-content\/uploads\/sites\/21\/2023\/09\/IMG_20230928_130305_021-800x600.jpg 800w, https:\/\/pans.krosno.pl\/b\/wp-content\/uploads\/sites\/21\/2023\/09\/IMG_20230928_130305_021-580x435.jpg 580w\" sizes=\"auto, (max-width: 1024px) 100vw, 1024px\" \/><\/figure>\n\n\n\n<figure class=\"wp-block-image size-large\"><img loading=\"lazy\" decoding=\"async\" width=\"1024\" height=\"768\" src=\"https:\/\/pans.krosno.pl\/b\/wp-content\/uploads\/sites\/21\/2023\/09\/IMG_20230928_150811_226-1024x768.jpg\" alt=\"\" class=\"wp-image-1463\" srcset=\"https:\/\/pans.krosno.pl\/b\/wp-content\/uploads\/sites\/21\/2023\/09\/IMG_20230928_150811_226-1024x768.jpg 1024w, https:\/\/pans.krosno.pl\/b\/wp-content\/uploads\/sites\/21\/2023\/09\/IMG_20230928_150811_226-300x225.jpg 300w, https:\/\/pans.krosno.pl\/b\/wp-content\/uploads\/sites\/21\/2023\/09\/IMG_20230928_150811_226-768x576.jpg 768w, https:\/\/pans.krosno.pl\/b\/wp-content\/uploads\/sites\/21\/2023\/09\/IMG_20230928_150811_226-1536x1152.jpg 1536w, https:\/\/pans.krosno.pl\/b\/wp-content\/uploads\/sites\/21\/2023\/09\/IMG_20230928_150811_226-2048x1536.jpg 2048w, https:\/\/pans.krosno.pl\/b\/wp-content\/uploads\/sites\/21\/2023\/09\/IMG_20230928_150811_226-2000x1500.jpg 2000w, https:\/\/pans.krosno.pl\/b\/wp-content\/uploads\/sites\/21\/2023\/09\/IMG_20230928_150811_226-800x600.jpg 800w, https:\/\/pans.krosno.pl\/b\/wp-content\/uploads\/sites\/21\/2023\/09\/IMG_20230928_150811_226-580x435.jpg 580w\" sizes=\"auto, (max-width: 1024px) 100vw, 1024px\" \/><\/figure>\n\n\n\n<figure class=\"wp-block-image size-large\"><img loading=\"lazy\" decoding=\"async\" width=\"1024\" height=\"767\" src=\"https:\/\/pans.krosno.pl\/b\/wp-content\/uploads\/sites\/21\/2023\/09\/1-1024x767.jpg\" alt=\"\" class=\"wp-image-1458\" srcset=\"https:\/\/pans.krosno.pl\/b\/wp-content\/uploads\/sites\/21\/2023\/09\/1-1024x767.jpg 1024w, https:\/\/pans.krosno.pl\/b\/wp-content\/uploads\/sites\/21\/2023\/09\/1-300x225.jpg 300w, https:\/\/pans.krosno.pl\/b\/wp-content\/uploads\/sites\/21\/2023\/09\/1-768x575.jpg 768w, https:\/\/pans.krosno.pl\/b\/wp-content\/uploads\/sites\/21\/2023\/09\/1-1536x1150.jpg 1536w, https:\/\/pans.krosno.pl\/b\/wp-content\/uploads\/sites\/21\/2023\/09\/1-2048x1533.jpg 2048w, https:\/\/pans.krosno.pl\/b\/wp-content\/uploads\/sites\/21\/2023\/09\/1-2000x1497.jpg 2000w, https:\/\/pans.krosno.pl\/b\/wp-content\/uploads\/sites\/21\/2023\/09\/1-800x599.jpg 800w, https:\/\/pans.krosno.pl\/b\/wp-content\/uploads\/sites\/21\/2023\/09\/1-580x434.jpg 580w\" sizes=\"auto, (max-width: 1024px) 100vw, 1024px\" \/><\/figure>\n\n\n\n<figure class=\"wp-block-image size-large\"><img loading=\"lazy\" decoding=\"async\" width=\"1024\" height=\"771\" src=\"https:\/\/pans.krosno.pl\/b\/wp-content\/uploads\/sites\/21\/2023\/09\/2-1024x771.jpg\" alt=\"\" class=\"wp-image-1459\" srcset=\"https:\/\/pans.krosno.pl\/b\/wp-content\/uploads\/sites\/21\/2023\/09\/2-1024x771.jpg 1024w, https:\/\/pans.krosno.pl\/b\/wp-content\/uploads\/sites\/21\/2023\/09\/2-300x226.jpg 300w, https:\/\/pans.krosno.pl\/b\/wp-content\/uploads\/sites\/21\/2023\/09\/2-768x578.jpg 768w, https:\/\/pans.krosno.pl\/b\/wp-content\/uploads\/sites\/21\/2023\/09\/2-1536x1156.jpg 1536w, https:\/\/pans.krosno.pl\/b\/wp-content\/uploads\/sites\/21\/2023\/09\/2-2048x1542.jpg 2048w, https:\/\/pans.krosno.pl\/b\/wp-content\/uploads\/sites\/21\/2023\/09\/2-2000x1505.jpg 2000w, https:\/\/pans.krosno.pl\/b\/wp-content\/uploads\/sites\/21\/2023\/09\/2-800x602.jpg 800w, https:\/\/pans.krosno.pl\/b\/wp-content\/uploads\/sites\/21\/2023\/09\/2-580x437.jpg 580w\" sizes=\"auto, (max-width: 1024px) 100vw, 1024px\" \/><\/figure>\n","protected":false},"excerpt":{"rendered":"<p>W dniach 24-28 wrze\u015bnia 2023 roku w Gliwicach odby\u0142a si\u0119 68. Krynicka Konferencja Naukowa Komitetu In\u017cynierii L\u0105dowej i Wodnej PAN oraz Komitetu Nauki PZITB. Gospodarzem tegorocznego wydarzenia by\u0142 Wydzia\u0142 Budownictwa Politechniki \u015al\u0105skiej. Konferencja tradycyjnie podzielona zosta\u0142a na cz\u0119\u015b\u0107 problemow\u0105 i cz\u0119\u015b\u0107 og\u00f3ln\u0105. Tematem przewodnim cz\u0119\u015bci problemowej by\u0142y wyzwania budownictwa na [\u2026] <\/p>\n<div class=\"clear\"><\/div>\n<p><a class=\"more_link clearfix\" href=\"https:\/\/pans.krosno.pl\/b\/68-krynicka-konferencja-naukowa\/\" rel=\"nofollow\">Read More<\/a><\/p>\n","protected":false},"author":11,"featured_media":1457,"comment_status":"open","ping_status":"open","sticky":false,"template":"","format":"standard","meta":{"ngg_post_thumbnail":0,"footnotes":""},"categories":[1],"tags":[],"class_list":["post-1465","post","type-post","status-publish","format-standard","has-post-thumbnail","hentry","category-bez-kategorii"],"yoast_head":"<!-- This site is optimized with the Yoast SEO Premium plugin v27.4 (Yoast SEO v27.4) - https:\/\/yoast.com\/product\/yoast-seo-premium-wordpress\/ -->\n<title>68. Krynicka Konferencja Naukowa - Budownictwo PANS w Kro\u015bnie<\/title>\n<meta name=\"robots\" content=\"index, follow, max-snippet:-1, max-image-preview:large, max-video-preview:-1\" \/>\n<link rel=\"canonical\" href=\"https:\/\/pans.krosno.pl\/b\/68-krynicka-konferencja-naukowa\/\" \/>\n<meta property=\"og:locale\" content=\"pl_PL\" \/>\n<meta property=\"og:type\" content=\"article\" \/>\n<meta property=\"og:title\" content=\"68. Krynicka Konferencja Naukowa\" \/>\n<meta property=\"og:description\" content=\"W dniach 24-28 wrze\u015bnia 2023 roku w Gliwicach odby\u0142a si\u0119 68. Krynicka Konferencja Naukowa Komitetu In\u017cynierii L\u0105dowej i Wodnej PAN oraz Komitetu Nauki PZITB. Gospodarzem tegorocznego wydarzenia by\u0142 Wydzia\u0142 Budownictwa Politechniki \u015al\u0105skiej. Konferencja tradycyjnie podzielona zosta\u0142a na cz\u0119\u015b\u0107 problemow\u0105 i cz\u0119\u015b\u0107 og\u00f3ln\u0105. Tematem przewodnim cz\u0119\u015bci problemowej by\u0142y wyzwania budownictwa na [\u2026] Read More\" \/>\n<meta property=\"og:url\" content=\"https:\/\/pans.krosno.pl\/b\/68-krynicka-konferencja-naukowa\/\" \/>\n<meta property=\"og:site_name\" content=\"Budownictwo PANS w Kro\u015bnie\" \/>\n<meta property=\"article:published_time\" content=\"2023-09-30T11:55:57+00:00\" \/>\n<meta property=\"article:modified_time\" content=\"2023-09-30T11:55:58+00:00\" \/>\n<meta property=\"og:image\" content=\"https:\/\/pans.krosno.pl\/wp-content\/uploads\/sites\/21\/2023\/09\/Bez-tytulu.jpg\" \/>\n\t<meta property=\"og:image:width\" content=\"375\" \/>\n\t<meta property=\"og:image:height\" content=\"375\" \/>\n\t<meta property=\"og:image:type\" content=\"image\/jpeg\" \/>\n<meta name=\"author\" content=\"dariuszlen\" \/>\n<meta name=\"twitter:card\" content=\"summary_large_image\" \/>\n<meta name=\"twitter:label1\" content=\"Napisane przez\" \/>\n\t<meta name=\"twitter:data1\" content=\"dariuszlen\" \/>\n\t<meta name=\"twitter:label2\" content=\"Szacowany czas czytania\" \/>\n\t<meta name=\"twitter:data2\" content=\"3 minuty\" \/>\n<script type=\"application\/ld+json\" class=\"yoast-schema-graph\">{\"@context\":\"https:\\\/\\\/schema.org\",\"@graph\":[{\"@type\":\"Article\",\"@id\":\"https:\\\/\\\/pans.krosno.pl\\\/b\\\/68-krynicka-konferencja-naukowa\\\/#article\",\"isPartOf\":{\"@id\":\"https:\\\/\\\/pans.krosno.pl\\\/b\\\/68-krynicka-konferencja-naukowa\\\/\"},\"author\":{\"name\":\"dariuszlen\",\"@id\":\"https:\\\/\\\/pans.krosno.pl\\\/b\\\/#\\\/schema\\\/person\\\/634d6b9e7bb9d41c7e46965732f119fb\"},\"headline\":\"68. Krynicka Konferencja Naukowa\",\"datePublished\":\"2023-09-30T11:55:57+00:00\",\"dateModified\":\"2023-09-30T11:55:58+00:00\",\"mainEntityOfPage\":{\"@id\":\"https:\\\/\\\/pans.krosno.pl\\\/b\\\/68-krynicka-konferencja-naukowa\\\/\"},\"wordCount\":226,\"commentCount\":0,\"publisher\":{\"@id\":\"https:\\\/\\\/pans.krosno.pl\\\/b\\\/#organization\"},\"image\":{\"@id\":\"https:\\\/\\\/pans.krosno.pl\\\/b\\\/68-krynicka-konferencja-naukowa\\\/#primaryimage\"},\"thumbnailUrl\":\"https:\\\/\\\/pans.krosno.pl\\\/b\\\/wp-content\\\/uploads\\\/sites\\\/21\\\/2023\\\/09\\\/Bez-tytulu.jpg\",\"inLanguage\":\"pl-PL\",\"potentialAction\":[{\"@type\":\"CommentAction\",\"name\":\"Comment\",\"target\":[\"https:\\\/\\\/pans.krosno.pl\\\/b\\\/68-krynicka-konferencja-naukowa\\\/#respond\"]}]},{\"@type\":\"WebPage\",\"@id\":\"https:\\\/\\\/pans.krosno.pl\\\/b\\\/68-krynicka-konferencja-naukowa\\\/\",\"url\":\"https:\\\/\\\/pans.krosno.pl\\\/b\\\/68-krynicka-konferencja-naukowa\\\/\",\"name\":\"68. Krynicka Konferencja Naukowa - Budownictwo PANS w Kro\u015bnie\",\"isPartOf\":{\"@id\":\"https:\\\/\\\/pans.krosno.pl\\\/b\\\/#website\"},\"primaryImageOfPage\":{\"@id\":\"https:\\\/\\\/pans.krosno.pl\\\/b\\\/68-krynicka-konferencja-naukowa\\\/#primaryimage\"},\"image\":{\"@id\":\"https:\\\/\\\/pans.krosno.pl\\\/b\\\/68-krynicka-konferencja-naukowa\\\/#primaryimage\"},\"thumbnailUrl\":\"https:\\\/\\\/pans.krosno.pl\\\/b\\\/wp-content\\\/uploads\\\/sites\\\/21\\\/2023\\\/09\\\/Bez-tytulu.jpg\",\"datePublished\":\"2023-09-30T11:55:57+00:00\",\"dateModified\":\"2023-09-30T11:55:58+00:00\",\"breadcrumb\":{\"@id\":\"https:\\\/\\\/pans.krosno.pl\\\/b\\\/68-krynicka-konferencja-naukowa\\\/#breadcrumb\"},\"inLanguage\":\"pl-PL\",\"potentialAction\":[{\"@type\":\"ReadAction\",\"target\":[\"https:\\\/\\\/pans.krosno.pl\\\/b\\\/68-krynicka-konferencja-naukowa\\\/\"]}]},{\"@type\":\"ImageObject\",\"inLanguage\":\"pl-PL\",\"@id\":\"https:\\\/\\\/pans.krosno.pl\\\/b\\\/68-krynicka-konferencja-naukowa\\\/#primaryimage\",\"url\":\"https:\\\/\\\/pans.krosno.pl\\\/b\\\/wp-content\\\/uploads\\\/sites\\\/21\\\/2023\\\/09\\\/Bez-tytulu.jpg\",\"contentUrl\":\"https:\\\/\\\/pans.krosno.pl\\\/b\\\/wp-content\\\/uploads\\\/sites\\\/21\\\/2023\\\/09\\\/Bez-tytulu.jpg\",\"width\":375,\"height\":375},{\"@type\":\"BreadcrumbList\",\"@id\":\"https:\\\/\\\/pans.krosno.pl\\\/b\\\/68-krynicka-konferencja-naukowa\\\/#breadcrumb\",\"itemListElement\":[{\"@type\":\"ListItem\",\"position\":1,\"name\":\"Strona g\u0142\u00f3wna\",\"item\":\"https:\\\/\\\/pans.krosno.pl\\\/b\\\/\"},{\"@type\":\"ListItem\",\"position\":2,\"name\":\"68. Krynicka Konferencja Naukowa\"}]},{\"@type\":\"WebSite\",\"@id\":\"https:\\\/\\\/pans.krosno.pl\\\/b\\\/#website\",\"url\":\"https:\\\/\\\/pans.krosno.pl\\\/b\\\/\",\"name\":\"Budownictwo PANS w Kro\u015bnie\",\"description\":\"Budownictwo - Pa\u0144stwowa Akademia Nauk Stosowanych\",\"publisher\":{\"@id\":\"https:\\\/\\\/pans.krosno.pl\\\/b\\\/#organization\"},\"potentialAction\":[{\"@type\":\"SearchAction\",\"target\":{\"@type\":\"EntryPoint\",\"urlTemplate\":\"https:\\\/\\\/pans.krosno.pl\\\/b\\\/?s={search_term_string}\"},\"query-input\":{\"@type\":\"PropertyValueSpecification\",\"valueRequired\":true,\"valueName\":\"search_term_string\"}}],\"inLanguage\":\"pl-PL\"},{\"@type\":\"Organization\",\"@id\":\"https:\\\/\\\/pans.krosno.pl\\\/b\\\/#organization\",\"name\":\"Budownictwo PANS w Kro\u015bnie\",\"url\":\"https:\\\/\\\/pans.krosno.pl\\\/b\\\/\",\"logo\":{\"@type\":\"ImageObject\",\"inLanguage\":\"pl-PL\",\"@id\":\"https:\\\/\\\/pans.krosno.pl\\\/b\\\/#\\\/schema\\\/logo\\\/image\\\/\",\"url\":\"https:\\\/\\\/pans.krosno.pl\\\/b\\\/wp-content\\\/uploads\\\/sites\\\/21\\\/2023\\\/01\\\/Logo-PANS-2022-pelne.png\",\"contentUrl\":\"https:\\\/\\\/pans.krosno.pl\\\/b\\\/wp-content\\\/uploads\\\/sites\\\/21\\\/2023\\\/01\\\/Logo-PANS-2022-pelne.png\",\"width\":3096,\"height\":696,\"caption\":\"Budownictwo PANS w Kro\u015bnie\"},\"image\":{\"@id\":\"https:\\\/\\\/pans.krosno.pl\\\/b\\\/#\\\/schema\\\/logo\\\/image\\\/\"}},{\"@type\":\"Person\",\"@id\":\"https:\\\/\\\/pans.krosno.pl\\\/b\\\/#\\\/schema\\\/person\\\/634d6b9e7bb9d41c7e46965732f119fb\",\"name\":\"dariuszlen\",\"image\":{\"@type\":\"ImageObject\",\"inLanguage\":\"pl-PL\",\"@id\":\"https:\\\/\\\/secure.gravatar.com\\\/avatar\\\/d51cbe065012c9a7ceb271b54636773af49c912883e07a57054c7fbc8e0c8366?s=96&d=mm&r=g\",\"url\":\"https:\\\/\\\/secure.gravatar.com\\\/avatar\\\/d51cbe065012c9a7ceb271b54636773af49c912883e07a57054c7fbc8e0c8366?s=96&d=mm&r=g\",\"contentUrl\":\"https:\\\/\\\/secure.gravatar.com\\\/avatar\\\/d51cbe065012c9a7ceb271b54636773af49c912883e07a57054c7fbc8e0c8366?s=96&d=mm&r=g\",\"caption\":\"dariuszlen\"},\"url\":\"https:\\\/\\\/pans.krosno.pl\\\/b\\\/author\\\/dariuszlen\\\/\"}]}<\/script>\n<!-- \/ Yoast SEO Premium plugin. -->","yoast_head_json":{"title":"68. Krynicka Konferencja Naukowa - Budownictwo PANS w Kro\u015bnie","robots":{"index":"index","follow":"follow","max-snippet":"max-snippet:-1","max-image-preview":"max-image-preview:large","max-video-preview":"max-video-preview:-1"},"canonical":"https:\/\/pans.krosno.pl\/b\/68-krynicka-konferencja-naukowa\/","og_locale":"pl_PL","og_type":"article","og_title":"68. Krynicka Konferencja Naukowa","og_description":"W dniach 24-28 wrze\u015bnia 2023 roku w Gliwicach odby\u0142a si\u0119 68. Krynicka Konferencja Naukowa Komitetu In\u017cynierii L\u0105dowej i Wodnej PAN oraz Komitetu Nauki PZITB. Gospodarzem tegorocznego wydarzenia by\u0142 Wydzia\u0142 Budownictwa Politechniki \u015al\u0105skiej. Konferencja tradycyjnie podzielona zosta\u0142a na cz\u0119\u015b\u0107 problemow\u0105 i cz\u0119\u015b\u0107 og\u00f3ln\u0105. Tematem przewodnim cz\u0119\u015bci problemowej by\u0142y wyzwania budownictwa na [\u2026] Read More","og_url":"https:\/\/pans.krosno.pl\/b\/68-krynicka-konferencja-naukowa\/","og_site_name":"Budownictwo PANS w Kro\u015bnie","article_published_time":"2023-09-30T11:55:57+00:00","article_modified_time":"2023-09-30T11:55:58+00:00","og_image":[{"width":375,"height":375,"url":"https:\/\/pans.krosno.pl\/wp-content\/uploads\/sites\/21\/2023\/09\/Bez-tytulu.jpg","type":"image\/jpeg"}],"author":"dariuszlen","twitter_card":"summary_large_image","twitter_misc":{"Napisane przez":"dariuszlen","Szacowany czas czytania":"3 minuty"},"schema":{"@context":"https:\/\/schema.org","@graph":[{"@type":"Article","@id":"https:\/\/pans.krosno.pl\/b\/68-krynicka-konferencja-naukowa\/#article","isPartOf":{"@id":"https:\/\/pans.krosno.pl\/b\/68-krynicka-konferencja-naukowa\/"},"author":{"name":"dariuszlen","@id":"https:\/\/pans.krosno.pl\/b\/#\/schema\/person\/634d6b9e7bb9d41c7e46965732f119fb"},"headline":"68. Krynicka Konferencja Naukowa","datePublished":"2023-09-30T11:55:57+00:00","dateModified":"2023-09-30T11:55:58+00:00","mainEntityOfPage":{"@id":"https:\/\/pans.krosno.pl\/b\/68-krynicka-konferencja-naukowa\/"},"wordCount":226,"commentCount":0,"publisher":{"@id":"https:\/\/pans.krosno.pl\/b\/#organization"},"image":{"@id":"https:\/\/pans.krosno.pl\/b\/68-krynicka-konferencja-naukowa\/#primaryimage"},"thumbnailUrl":"https:\/\/pans.krosno.pl\/b\/wp-content\/uploads\/sites\/21\/2023\/09\/Bez-tytulu.jpg","inLanguage":"pl-PL","potentialAction":[{"@type":"CommentAction","name":"Comment","target":["https:\/\/pans.krosno.pl\/b\/68-krynicka-konferencja-naukowa\/#respond"]}]},{"@type":"WebPage","@id":"https:\/\/pans.krosno.pl\/b\/68-krynicka-konferencja-naukowa\/","url":"https:\/\/pans.krosno.pl\/b\/68-krynicka-konferencja-naukowa\/","name":"68. Krynicka Konferencja Naukowa - Budownictwo PANS w Kro\u015bnie","isPartOf":{"@id":"https:\/\/pans.krosno.pl\/b\/#website"},"primaryImageOfPage":{"@id":"https:\/\/pans.krosno.pl\/b\/68-krynicka-konferencja-naukowa\/#primaryimage"},"image":{"@id":"https:\/\/pans.krosno.pl\/b\/68-krynicka-konferencja-naukowa\/#primaryimage"},"thumbnailUrl":"https:\/\/pans.krosno.pl\/b\/wp-content\/uploads\/sites\/21\/2023\/09\/Bez-tytulu.jpg","datePublished":"2023-09-30T11:55:57+00:00","dateModified":"2023-09-30T11:55:58+00:00","breadcrumb":{"@id":"https:\/\/pans.krosno.pl\/b\/68-krynicka-konferencja-naukowa\/#breadcrumb"},"inLanguage":"pl-PL","potentialAction":[{"@type":"ReadAction","target":["https:\/\/pans.krosno.pl\/b\/68-krynicka-konferencja-naukowa\/"]}]},{"@type":"ImageObject","inLanguage":"pl-PL","@id":"https:\/\/pans.krosno.pl\/b\/68-krynicka-konferencja-naukowa\/#primaryimage","url":"https:\/\/pans.krosno.pl\/b\/wp-content\/uploads\/sites\/21\/2023\/09\/Bez-tytulu.jpg","contentUrl":"https:\/\/pans.krosno.pl\/b\/wp-content\/uploads\/sites\/21\/2023\/09\/Bez-tytulu.jpg","width":375,"height":375},{"@type":"BreadcrumbList","@id":"https:\/\/pans.krosno.pl\/b\/68-krynicka-konferencja-naukowa\/#breadcrumb","itemListElement":[{"@type":"ListItem","position":1,"name":"Strona g\u0142\u00f3wna","item":"https:\/\/pans.krosno.pl\/b\/"},{"@type":"ListItem","position":2,"name":"68. Krynicka Konferencja Naukowa"}]},{"@type":"WebSite","@id":"https:\/\/pans.krosno.pl\/b\/#website","url":"https:\/\/pans.krosno.pl\/b\/","name":"Budownictwo PANS w Kro\u015bnie","description":"Budownictwo - Pa\u0144stwowa Akademia Nauk Stosowanych","publisher":{"@id":"https:\/\/pans.krosno.pl\/b\/#organization"},"potentialAction":[{"@type":"SearchAction","target":{"@type":"EntryPoint","urlTemplate":"https:\/\/pans.krosno.pl\/b\/?s={search_term_string}"},"query-input":{"@type":"PropertyValueSpecification","valueRequired":true,"valueName":"search_term_string"}}],"inLanguage":"pl-PL"},{"@type":"Organization","@id":"https:\/\/pans.krosno.pl\/b\/#organization","name":"Budownictwo PANS w Kro\u015bnie","url":"https:\/\/pans.krosno.pl\/b\/","logo":{"@type":"ImageObject","inLanguage":"pl-PL","@id":"https:\/\/pans.krosno.pl\/b\/#\/schema\/logo\/image\/","url":"https:\/\/pans.krosno.pl\/b\/wp-content\/uploads\/sites\/21\/2023\/01\/Logo-PANS-2022-pelne.png","contentUrl":"https:\/\/pans.krosno.pl\/b\/wp-content\/uploads\/sites\/21\/2023\/01\/Logo-PANS-2022-pelne.png","width":3096,"height":696,"caption":"Budownictwo PANS w Kro\u015bnie"},"image":{"@id":"https:\/\/pans.krosno.pl\/b\/#\/schema\/logo\/image\/"}},{"@type":"Person","@id":"https:\/\/pans.krosno.pl\/b\/#\/schema\/person\/634d6b9e7bb9d41c7e46965732f119fb","name":"dariuszlen","image":{"@type":"ImageObject","inLanguage":"pl-PL","@id":"https:\/\/secure.gravatar.com\/avatar\/d51cbe065012c9a7ceb271b54636773af49c912883e07a57054c7fbc8e0c8366?s=96&d=mm&r=g","url":"https:\/\/secure.gravatar.com\/avatar\/d51cbe065012c9a7ceb271b54636773af49c912883e07a57054c7fbc8e0c8366?s=96&d=mm&r=g","contentUrl":"https:\/\/secure.gravatar.com\/avatar\/d51cbe065012c9a7ceb271b54636773af49c912883e07a57054c7fbc8e0c8366?s=96&d=mm&r=g","caption":"dariuszlen"},"url":"https:\/\/pans.krosno.pl\/b\/author\/dariuszlen\/"}]}},"_links":{"self":[{"href":"https:\/\/pans.krosno.pl\/b\/wp-json\/wp\/v2\/posts\/1465","targetHints":{"allow":["GET"]}}],"collection":[{"href":"https:\/\/pans.krosno.pl\/b\/wp-json\/wp\/v2\/posts"}],"about":[{"href":"https:\/\/pans.krosno.pl\/b\/wp-json\/wp\/v2\/types\/post"}],"author":[{"embeddable":true,"href":"https:\/\/pans.krosno.pl\/b\/wp-json\/wp\/v2\/users\/11"}],"replies":[{"embeddable":true,"href":"https:\/\/pans.krosno.pl\/b\/wp-json\/wp\/v2\/comments?post=1465"}],"version-history":[{"count":9,"href":"https:\/\/pans.krosno.pl\/b\/wp-json\/wp\/v2\/posts\/1465\/revisions"}],"predecessor-version":[{"id":1474,"href":"https:\/\/pans.krosno.pl\/b\/wp-json\/wp\/v2\/posts\/1465\/revisions\/1474"}],"wp:featuredmedia":[{"embeddable":true,"href":"https:\/\/pans.krosno.pl\/b\/wp-json\/wp\/v2\/media\/1457"}],"wp:attachment":[{"href":"https:\/\/pans.krosno.pl\/b\/wp-json\/wp\/v2\/media?parent=1465"}],"wp:term":[{"taxonomy":"category","embeddable":true,"href":"https:\/\/pans.krosno.pl\/b\/wp-json\/wp\/v2\/categories?post=1465"},{"taxonomy":"post_tag","embeddable":true,"href":"https:\/\/pans.krosno.pl\/b\/wp-json\/wp\/v2\/tags?post=1465"}],"curies":[{"name":"wp","href":"https:\/\/api.w.org\/{rel}","templated":true}]}}