{"id":1326,"date":"2022-12-02T15:30:44","date_gmt":"2022-12-02T14:30:44","guid":{"rendered":"https:\/\/pans.krosno.pl\/b\/?p=1326"},"modified":"2022-12-02T15:45:53","modified_gmt":"2022-12-02T14:45:53","slug":"spotkanie-informacyjno-integracyjne-czlonkow-pdk-oiib-z-terenu-powiatu-krosnienskiego","status":"publish","type":"post","link":"https:\/\/pans.krosno.pl\/b\/spotkanie-informacyjno-integracyjne-czlonkow-pdk-oiib-z-terenu-powiatu-krosnienskiego\/","title":{"rendered":"Spotkanie informacyjno-integracyjne cz\u0142onk\u00f3w PDK OIIB z terenu powiatu kro\u015bnie\u0144skiego"},"content":{"rendered":"\n<p>W dniu 25 listopada 2022 roku odby\u0142o si\u0119 spotkanie informacyjno &#8211; integracyjne cz\u0142onk\u00f3w naszej Izby z terenu powiatu kro\u015bnie\u0144skiego.<\/p>\n\n\n\n<p>Spotkanie rozpocz\u0119\u0142o si\u0119 o godz. 16.30 wizyt\u0105 w Muzeum Podkarpackim przy ul. J. Pi\u0142sudskiego 16 w Kro\u015bnie. Uczestnicy mieli mo\u017cliwo\u015b\u0107 zwiedzenia dw\u00f3ch interesuj\u0105cych wystaw: \u201ePrzesz\u0142o\u015b\u0107 o\u017cywiona\u201d &#8211; przedstawiaj\u0105c\u0105 histori\u0119 osadnictwa na terenie Podkarpacia od pierwszych \u015blad\u00f3w dzia\u0142alno\u015bci cz\u0142owieka z okresu paleolitu po p\u00f3\u017ane \u015bredniowiecze oraz \u201eHistoria o\u015bwietlenia\u201d &#8211; prezentuj\u0105c\u0105 najpopularniejsze \u017ar\u00f3d\u0142a \u015bwiat\u0142a w porz\u0105dku chronologicznym: od staro\u017cytnych lampek oliwnych przez nowo\u017cytne \u015bwieczniki i kandelabry, lampy olejne, naftowe, po lampy elektryczne z pierwszej po\u0142owy XX wieku.<\/p>\n\n\n\n<p>Natomiast o godz. 18.00 uczestnicy przenie\u015bli si\u0119 do Restauracji Portius w Kro\u015bnie przy ul. Bursaki 29A, gdzie kontynuowano dalsz\u0105 cz\u0119\u015b\u0107 spotkania.<\/p>\n\n\n\n<p>Cz\u0142onkowie Rady PDK OIIB Anna D\u0105browska-Lasko\u015b wraz Grzegorzem Rachwa\u0142em jako organizatorzy spotkania wraz z&nbsp;zast\u0119pc\u0105 przewodnicz\u0105cego Rady PDK OIIB Jaros\u0142awem Suchor\u0105 powitali zaproszonych go\u015bci, w\u015br\u00f3d kt\u00f3rych byli m.in. Prezydent Miasta Krosna &#8211; Piotr Przytocki, Rektor Karpackiej Pa\u0144stwowej Uczelni w Kro\u015bnie \u2013 prof. dr hab. Zbigniew Barabasz, Kierownik Zak\u0142adu Budownictwa Karpackiej Pa\u0144stwowej Uczelni w Kro\u015bnie &#8211; dr in\u017c. Tomasz Pytlowany, Powiatowy Inspektor Nadzoru Budowlanego &#8211; Alicja Buczek, Naczelnik Wydzia\u0142u Planowania Przestrzennego i&nbsp;Budownictwa w Urz\u0119dzie Miasta Krosna &#8211; Iwona Skomia\u0142, p.o. Powiatowego Inspektora Nadzoru Budowlanego dla Miasta Krosna &#8211; Piotr Paj\u0105k, Dyrektor Zarz\u0105du Zlewni w Kro\u015bnie &#8211; Wojciech K\u0142osowicz.<\/p>\n\n\n\n<p>Po przedstawieniu zaproszonych go\u015bci oraz powitaniu cz\u0142onk\u00f3w naszej Izby, przyby\u0142ych licznie na spotkanie (ok. 70 os\u00f3b), kolega Grzegorz Rachwa\u0142 zabra\u0142 g\u0142os na temat rangi zawodu in\u017cyniera w kontek\u015bcie zawodu zaufania spo\u0142ecznego. Podkre\u015bli\u0142 potrzeb\u0119 spotka\u0144 tego typu, konieczno\u015b\u0107 rozm\u00f3w, nawi\u0105zywania nowych znajomo\u015bci i podtrzymywania starych przyja\u017ani.<\/p>\n\n\n\n<p>Zast\u0119pca przewodnicz\u0105cego PDK OIIB Jaros\u0142aw Suchora przedstawi\u0142 przygotowan\u0105 prezentacj\u0119 dotycz\u0105c\u0105 powiatu kro\u015bnie\u0144skiego, poinformowa\u0142 o strukturze wiekowej, ilo\u015bci czynnych cz\u0142onk\u00f3w oraz ilo\u015bci cz\u0142onk\u00f3w w uj\u0119ciu bran\u017cowym.<\/p>\n\n\n\n<p>Anna D\u0105browska-Lasko\u015b z\u0142o\u017cy\u0142a wszystkim uczestnikom spotkania \u017cyczenia zdrowia, satysfakcji z realizacji i pracy, bezusterkowych odbior\u00f3w, \u015bwie\u017cych oraz innowacyjnych pomys\u0142\u00f3w, spe\u0142nienia zawodowego, du\u017cych zlece\u0144, realizacji ambitnych cel\u00f3w i zadowolenia z wk\u0142adu w rozw\u00f3j polskiego budownictwa. Przypomnia\u0142a te\u017c delegat\u00f3w z tego regionu oraz pe\u0142nione przez nich funkcje w strukturach Podkarpackiej Okr\u0119gowej Izby In\u017cynier\u00f3w Budownictwa.<\/p>\n\n\n\n<p>Podczas spotkania uhonorowani zostali nast\u0119puj\u0105cy seniorzy: kol. J\u00f3zef Wacht, kol. Stefan Pasterczyk. Nast\u0119pnie oddano g\u0142os zaproszonym go\u015bciom Prezydentowi Miasta Krosna oraz Rektorowi Karpackiej Pa\u0144stwowej Uczelni w Kro\u015bnie.<\/p>\n\n\n\n<p>Kol. Grzegorz Rachwa\u0142 dzi\u0119kuj\u0105c wszystkim za uwag\u0119 zaprosi\u0142 zebranych do biesiady integracyjnej, kt\u00f3ra pozwoli\u0142a wszystkim na wymian\u0119 wspomnie\u0144, informacji oraz mi\u0142e sp\u0119dzenie czasu. Spotkanie up\u0142yn\u0119\u0142o w bardzo mi\u0142ej i przyjacielskiej atmosferze, wszyscy przybyli uczestnicy opuszczali lokal w p\u00f3\u017anych godzinach wieczornych bardzo zadowoleni, jednocze\u015bnie wyra\u017cali nadziej\u0119, \u017ce takie spotkania b\u0119d\u0105 organizowane cyklicznie.<\/p>\n\n\n\n<p>Opracowanie:<br>Anna&nbsp;D\u0105browska-Lasko\u015b<br>Grzegorz&nbsp;Rachwa\u0142<\/p>\n\n\n\n<p><a href=\"https:\/\/inzynier.rzeszow.pl\/index.php?&amp;sRC=N&amp;pageTarget=article&amp;AIndex=SINTKR22\">https:\/\/inzynier.rzeszow.pl\/index.php?&amp;sRC=N&amp;pageTarget=article&amp;AIndex=SINTKR22<\/a><\/p>\n","protected":false},"excerpt":{"rendered":"<p>W dniu 25 listopada 2022 roku odby\u0142o si\u0119 spotkanie informacyjno &#8211; integracyjne cz\u0142onk\u00f3w naszej Izby z terenu powiatu kro\u015bnie\u0144skiego. Spotkanie rozpocz\u0119\u0142o si\u0119 o godz. 16.30 wizyt\u0105 w Muzeum Podkarpackim przy ul. J. Pi\u0142sudskiego 16 w Kro\u015bnie. Uczestnicy mieli mo\u017cliwo\u015b\u0107 zwiedzenia dw\u00f3ch interesuj\u0105cych wystaw: \u201ePrzesz\u0142o\u015b\u0107 o\u017cywiona\u201d &#8211; przedstawiaj\u0105c\u0105 histori\u0119 osadnictwa na [\u2026] <\/p>\n<div class=\"clear\"><\/div>\n<p><a class=\"more_link clearfix\" href=\"https:\/\/pans.krosno.pl\/b\/spotkanie-informacyjno-integracyjne-czlonkow-pdk-oiib-z-terenu-powiatu-krosnienskiego\/\" rel=\"nofollow\">Read More<\/a><\/p>\n","protected":false},"author":11,"featured_media":250,"comment_status":"open","ping_status":"open","sticky":false,"template":"","format":"standard","meta":{"ngg_post_thumbnail":0,"footnotes":""},"categories":[1],"tags":[],"class_list":["post-1326","post","type-post","status-publish","format-standard","has-post-thumbnail","hentry","category-bez-kategorii"],"yoast_head":"<!-- This site is optimized with the Yoast SEO Premium plugin v27.4 (Yoast SEO v27.4) - https:\/\/yoast.com\/product\/yoast-seo-premium-wordpress\/ -->\n<title>Spotkanie informacyjno-integracyjne cz\u0142onk\u00f3w PDK OIIB z terenu powiatu kro\u015bnie\u0144skiego - Budownictwo PANS w Kro\u015bnie<\/title>\n<meta name=\"robots\" content=\"index, follow, max-snippet:-1, max-image-preview:large, max-video-preview:-1\" \/>\n<link rel=\"canonical\" href=\"https:\/\/pans.krosno.pl\/b\/spotkanie-informacyjno-integracyjne-czlonkow-pdk-oiib-z-terenu-powiatu-krosnienskiego\/\" \/>\n<meta property=\"og:locale\" content=\"pl_PL\" \/>\n<meta property=\"og:type\" content=\"article\" \/>\n<meta property=\"og:title\" content=\"Spotkanie informacyjno-integracyjne cz\u0142onk\u00f3w PDK OIIB z terenu powiatu kro\u015bnie\u0144skiego\" \/>\n<meta property=\"og:description\" content=\"W dniu 25 listopada 2022 roku odby\u0142o si\u0119 spotkanie informacyjno &#8211; integracyjne cz\u0142onk\u00f3w naszej Izby z terenu powiatu kro\u015bnie\u0144skiego. Spotkanie rozpocz\u0119\u0142o si\u0119 o godz. 16.30 wizyt\u0105 w Muzeum Podkarpackim przy ul. J. Pi\u0142sudskiego 16 w Kro\u015bnie. Uczestnicy mieli mo\u017cliwo\u015b\u0107 zwiedzenia dw\u00f3ch interesuj\u0105cych wystaw: \u201ePrzesz\u0142o\u015b\u0107 o\u017cywiona\u201d &#8211; przedstawiaj\u0105c\u0105 histori\u0119 osadnictwa na [\u2026] Read More\" \/>\n<meta property=\"og:url\" content=\"https:\/\/pans.krosno.pl\/b\/spotkanie-informacyjno-integracyjne-czlonkow-pdk-oiib-z-terenu-powiatu-krosnienskiego\/\" \/>\n<meta property=\"og:site_name\" content=\"Budownictwo PANS w Kro\u015bnie\" \/>\n<meta property=\"article:published_time\" content=\"2022-12-02T14:30:44+00:00\" \/>\n<meta property=\"article:modified_time\" content=\"2022-12-02T14:45:53+00:00\" \/>\n<meta property=\"og:image\" content=\"https:\/\/pans.krosno.pl\/wp-content\/uploads\/sites\/21\/2020\/03\/l3uW3JumZVWqkYlkZAlogo-polskiej-izby-inzynierow-budownictwa-275x275-1.jpg\" \/>\n\t<meta property=\"og:image:width\" content=\"275\" \/>\n\t<meta property=\"og:image:height\" content=\"275\" \/>\n\t<meta property=\"og:image:type\" content=\"image\/jpeg\" \/>\n<meta name=\"author\" content=\"dariuszlen\" \/>\n<meta name=\"twitter:card\" content=\"summary_large_image\" \/>\n<meta name=\"twitter:label1\" content=\"Napisane przez\" \/>\n\t<meta name=\"twitter:data1\" content=\"dariuszlen\" \/>\n\t<meta name=\"twitter:label2\" content=\"Szacowany czas czytania\" \/>\n\t<meta name=\"twitter:data2\" content=\"3 minuty\" \/>\n<script type=\"application\/ld+json\" class=\"yoast-schema-graph\">{\"@context\":\"https:\\\/\\\/schema.org\",\"@graph\":[{\"@type\":\"Article\",\"@id\":\"https:\\\/\\\/pans.krosno.pl\\\/b\\\/spotkanie-informacyjno-integracyjne-czlonkow-pdk-oiib-z-terenu-powiatu-krosnienskiego\\\/#article\",\"isPartOf\":{\"@id\":\"https:\\\/\\\/pans.krosno.pl\\\/b\\\/spotkanie-informacyjno-integracyjne-czlonkow-pdk-oiib-z-terenu-powiatu-krosnienskiego\\\/\"},\"author\":{\"name\":\"dariuszlen\",\"@id\":\"https:\\\/\\\/pans.krosno.pl\\\/b\\\/#\\\/schema\\\/person\\\/634d6b9e7bb9d41c7e46965732f119fb\"},\"headline\":\"Spotkanie informacyjno-integracyjne cz\u0142onk\u00f3w PDK OIIB z terenu powiatu kro\u015bnie\u0144skiego\",\"datePublished\":\"2022-12-02T14:30:44+00:00\",\"dateModified\":\"2022-12-02T14:45:53+00:00\",\"mainEntityOfPage\":{\"@id\":\"https:\\\/\\\/pans.krosno.pl\\\/b\\\/spotkanie-informacyjno-integracyjne-czlonkow-pdk-oiib-z-terenu-powiatu-krosnienskiego\\\/\"},\"wordCount\":564,\"commentCount\":0,\"publisher\":{\"@id\":\"https:\\\/\\\/pans.krosno.pl\\\/b\\\/#organization\"},\"image\":{\"@id\":\"https:\\\/\\\/pans.krosno.pl\\\/b\\\/spotkanie-informacyjno-integracyjne-czlonkow-pdk-oiib-z-terenu-powiatu-krosnienskiego\\\/#primaryimage\"},\"thumbnailUrl\":\"https:\\\/\\\/pans.krosno.pl\\\/b\\\/wp-content\\\/uploads\\\/sites\\\/21\\\/2020\\\/03\\\/l3uW3JumZVWqkYlkZAlogo-polskiej-izby-inzynierow-budownictwa-275x275-1.jpg\",\"inLanguage\":\"pl-PL\",\"potentialAction\":[{\"@type\":\"CommentAction\",\"name\":\"Comment\",\"target\":[\"https:\\\/\\\/pans.krosno.pl\\\/b\\\/spotkanie-informacyjno-integracyjne-czlonkow-pdk-oiib-z-terenu-powiatu-krosnienskiego\\\/#respond\"]}]},{\"@type\":\"WebPage\",\"@id\":\"https:\\\/\\\/pans.krosno.pl\\\/b\\\/spotkanie-informacyjno-integracyjne-czlonkow-pdk-oiib-z-terenu-powiatu-krosnienskiego\\\/\",\"url\":\"https:\\\/\\\/pans.krosno.pl\\\/b\\\/spotkanie-informacyjno-integracyjne-czlonkow-pdk-oiib-z-terenu-powiatu-krosnienskiego\\\/\",\"name\":\"Spotkanie informacyjno-integracyjne cz\u0142onk\u00f3w PDK OIIB z terenu powiatu kro\u015bnie\u0144skiego - Budownictwo PANS w Kro\u015bnie\",\"isPartOf\":{\"@id\":\"https:\\\/\\\/pans.krosno.pl\\\/b\\\/#website\"},\"primaryImageOfPage\":{\"@id\":\"https:\\\/\\\/pans.krosno.pl\\\/b\\\/spotkanie-informacyjno-integracyjne-czlonkow-pdk-oiib-z-terenu-powiatu-krosnienskiego\\\/#primaryimage\"},\"image\":{\"@id\":\"https:\\\/\\\/pans.krosno.pl\\\/b\\\/spotkanie-informacyjno-integracyjne-czlonkow-pdk-oiib-z-terenu-powiatu-krosnienskiego\\\/#primaryimage\"},\"thumbnailUrl\":\"https:\\\/\\\/pans.krosno.pl\\\/b\\\/wp-content\\\/uploads\\\/sites\\\/21\\\/2020\\\/03\\\/l3uW3JumZVWqkYlkZAlogo-polskiej-izby-inzynierow-budownictwa-275x275-1.jpg\",\"datePublished\":\"2022-12-02T14:30:44+00:00\",\"dateModified\":\"2022-12-02T14:45:53+00:00\",\"breadcrumb\":{\"@id\":\"https:\\\/\\\/pans.krosno.pl\\\/b\\\/spotkanie-informacyjno-integracyjne-czlonkow-pdk-oiib-z-terenu-powiatu-krosnienskiego\\\/#breadcrumb\"},\"inLanguage\":\"pl-PL\",\"potentialAction\":[{\"@type\":\"ReadAction\",\"target\":[\"https:\\\/\\\/pans.krosno.pl\\\/b\\\/spotkanie-informacyjno-integracyjne-czlonkow-pdk-oiib-z-terenu-powiatu-krosnienskiego\\\/\"]}]},{\"@type\":\"ImageObject\",\"inLanguage\":\"pl-PL\",\"@id\":\"https:\\\/\\\/pans.krosno.pl\\\/b\\\/spotkanie-informacyjno-integracyjne-czlonkow-pdk-oiib-z-terenu-powiatu-krosnienskiego\\\/#primaryimage\",\"url\":\"https:\\\/\\\/pans.krosno.pl\\\/b\\\/wp-content\\\/uploads\\\/sites\\\/21\\\/2020\\\/03\\\/l3uW3JumZVWqkYlkZAlogo-polskiej-izby-inzynierow-budownictwa-275x275-1.jpg\",\"contentUrl\":\"https:\\\/\\\/pans.krosno.pl\\\/b\\\/wp-content\\\/uploads\\\/sites\\\/21\\\/2020\\\/03\\\/l3uW3JumZVWqkYlkZAlogo-polskiej-izby-inzynierow-budownictwa-275x275-1.jpg\",\"width\":275,\"height\":275},{\"@type\":\"BreadcrumbList\",\"@id\":\"https:\\\/\\\/pans.krosno.pl\\\/b\\\/spotkanie-informacyjno-integracyjne-czlonkow-pdk-oiib-z-terenu-powiatu-krosnienskiego\\\/#breadcrumb\",\"itemListElement\":[{\"@type\":\"ListItem\",\"position\":1,\"name\":\"Strona g\u0142\u00f3wna\",\"item\":\"https:\\\/\\\/pans.krosno.pl\\\/b\\\/\"},{\"@type\":\"ListItem\",\"position\":2,\"name\":\"Spotkanie informacyjno-integracyjne cz\u0142onk\u00f3w PDK OIIB z terenu powiatu kro\u015bnie\u0144skiego\"}]},{\"@type\":\"WebSite\",\"@id\":\"https:\\\/\\\/pans.krosno.pl\\\/b\\\/#website\",\"url\":\"https:\\\/\\\/pans.krosno.pl\\\/b\\\/\",\"name\":\"Budownictwo PANS w Kro\u015bnie\",\"description\":\"Budownictwo - Pa\u0144stwowa Akademia Nauk Stosowanych\",\"publisher\":{\"@id\":\"https:\\\/\\\/pans.krosno.pl\\\/b\\\/#organization\"},\"potentialAction\":[{\"@type\":\"SearchAction\",\"target\":{\"@type\":\"EntryPoint\",\"urlTemplate\":\"https:\\\/\\\/pans.krosno.pl\\\/b\\\/?s={search_term_string}\"},\"query-input\":{\"@type\":\"PropertyValueSpecification\",\"valueRequired\":true,\"valueName\":\"search_term_string\"}}],\"inLanguage\":\"pl-PL\"},{\"@type\":\"Organization\",\"@id\":\"https:\\\/\\\/pans.krosno.pl\\\/b\\\/#organization\",\"name\":\"Budownictwo PANS w Kro\u015bnie\",\"url\":\"https:\\\/\\\/pans.krosno.pl\\\/b\\\/\",\"logo\":{\"@type\":\"ImageObject\",\"inLanguage\":\"pl-PL\",\"@id\":\"https:\\\/\\\/pans.krosno.pl\\\/b\\\/#\\\/schema\\\/logo\\\/image\\\/\",\"url\":\"https:\\\/\\\/pans.krosno.pl\\\/b\\\/wp-content\\\/uploads\\\/sites\\\/21\\\/2023\\\/01\\\/Logo-PANS-2022-pelne.png\",\"contentUrl\":\"https:\\\/\\\/pans.krosno.pl\\\/b\\\/wp-content\\\/uploads\\\/sites\\\/21\\\/2023\\\/01\\\/Logo-PANS-2022-pelne.png\",\"width\":3096,\"height\":696,\"caption\":\"Budownictwo PANS w Kro\u015bnie\"},\"image\":{\"@id\":\"https:\\\/\\\/pans.krosno.pl\\\/b\\\/#\\\/schema\\\/logo\\\/image\\\/\"}},{\"@type\":\"Person\",\"@id\":\"https:\\\/\\\/pans.krosno.pl\\\/b\\\/#\\\/schema\\\/person\\\/634d6b9e7bb9d41c7e46965732f119fb\",\"name\":\"dariuszlen\",\"image\":{\"@type\":\"ImageObject\",\"inLanguage\":\"pl-PL\",\"@id\":\"https:\\\/\\\/secure.gravatar.com\\\/avatar\\\/d51cbe065012c9a7ceb271b54636773af49c912883e07a57054c7fbc8e0c8366?s=96&d=mm&r=g\",\"url\":\"https:\\\/\\\/secure.gravatar.com\\\/avatar\\\/d51cbe065012c9a7ceb271b54636773af49c912883e07a57054c7fbc8e0c8366?s=96&d=mm&r=g\",\"contentUrl\":\"https:\\\/\\\/secure.gravatar.com\\\/avatar\\\/d51cbe065012c9a7ceb271b54636773af49c912883e07a57054c7fbc8e0c8366?s=96&d=mm&r=g\",\"caption\":\"dariuszlen\"},\"url\":\"https:\\\/\\\/pans.krosno.pl\\\/b\\\/author\\\/dariuszlen\\\/\"}]}<\/script>\n<!-- \/ Yoast SEO Premium plugin. -->","yoast_head_json":{"title":"Spotkanie informacyjno-integracyjne cz\u0142onk\u00f3w PDK OIIB z terenu powiatu kro\u015bnie\u0144skiego - Budownictwo PANS w Kro\u015bnie","robots":{"index":"index","follow":"follow","max-snippet":"max-snippet:-1","max-image-preview":"max-image-preview:large","max-video-preview":"max-video-preview:-1"},"canonical":"https:\/\/pans.krosno.pl\/b\/spotkanie-informacyjno-integracyjne-czlonkow-pdk-oiib-z-terenu-powiatu-krosnienskiego\/","og_locale":"pl_PL","og_type":"article","og_title":"Spotkanie informacyjno-integracyjne cz\u0142onk\u00f3w PDK OIIB z terenu powiatu kro\u015bnie\u0144skiego","og_description":"W dniu 25 listopada 2022 roku odby\u0142o si\u0119 spotkanie informacyjno &#8211; integracyjne cz\u0142onk\u00f3w naszej Izby z terenu powiatu kro\u015bnie\u0144skiego. Spotkanie rozpocz\u0119\u0142o si\u0119 o godz. 16.30 wizyt\u0105 w Muzeum Podkarpackim przy ul. J. Pi\u0142sudskiego 16 w Kro\u015bnie. Uczestnicy mieli mo\u017cliwo\u015b\u0107 zwiedzenia dw\u00f3ch interesuj\u0105cych wystaw: \u201ePrzesz\u0142o\u015b\u0107 o\u017cywiona\u201d &#8211; przedstawiaj\u0105c\u0105 histori\u0119 osadnictwa na [\u2026] Read More","og_url":"https:\/\/pans.krosno.pl\/b\/spotkanie-informacyjno-integracyjne-czlonkow-pdk-oiib-z-terenu-powiatu-krosnienskiego\/","og_site_name":"Budownictwo PANS w Kro\u015bnie","article_published_time":"2022-12-02T14:30:44+00:00","article_modified_time":"2022-12-02T14:45:53+00:00","og_image":[{"width":275,"height":275,"url":"https:\/\/pans.krosno.pl\/wp-content\/uploads\/sites\/21\/2020\/03\/l3uW3JumZVWqkYlkZAlogo-polskiej-izby-inzynierow-budownictwa-275x275-1.jpg","type":"image\/jpeg"}],"author":"dariuszlen","twitter_card":"summary_large_image","twitter_misc":{"Napisane przez":"dariuszlen","Szacowany czas czytania":"3 minuty"},"schema":{"@context":"https:\/\/schema.org","@graph":[{"@type":"Article","@id":"https:\/\/pans.krosno.pl\/b\/spotkanie-informacyjno-integracyjne-czlonkow-pdk-oiib-z-terenu-powiatu-krosnienskiego\/#article","isPartOf":{"@id":"https:\/\/pans.krosno.pl\/b\/spotkanie-informacyjno-integracyjne-czlonkow-pdk-oiib-z-terenu-powiatu-krosnienskiego\/"},"author":{"name":"dariuszlen","@id":"https:\/\/pans.krosno.pl\/b\/#\/schema\/person\/634d6b9e7bb9d41c7e46965732f119fb"},"headline":"Spotkanie informacyjno-integracyjne cz\u0142onk\u00f3w PDK OIIB z terenu powiatu kro\u015bnie\u0144skiego","datePublished":"2022-12-02T14:30:44+00:00","dateModified":"2022-12-02T14:45:53+00:00","mainEntityOfPage":{"@id":"https:\/\/pans.krosno.pl\/b\/spotkanie-informacyjno-integracyjne-czlonkow-pdk-oiib-z-terenu-powiatu-krosnienskiego\/"},"wordCount":564,"commentCount":0,"publisher":{"@id":"https:\/\/pans.krosno.pl\/b\/#organization"},"image":{"@id":"https:\/\/pans.krosno.pl\/b\/spotkanie-informacyjno-integracyjne-czlonkow-pdk-oiib-z-terenu-powiatu-krosnienskiego\/#primaryimage"},"thumbnailUrl":"https:\/\/pans.krosno.pl\/b\/wp-content\/uploads\/sites\/21\/2020\/03\/l3uW3JumZVWqkYlkZAlogo-polskiej-izby-inzynierow-budownictwa-275x275-1.jpg","inLanguage":"pl-PL","potentialAction":[{"@type":"CommentAction","name":"Comment","target":["https:\/\/pans.krosno.pl\/b\/spotkanie-informacyjno-integracyjne-czlonkow-pdk-oiib-z-terenu-powiatu-krosnienskiego\/#respond"]}]},{"@type":"WebPage","@id":"https:\/\/pans.krosno.pl\/b\/spotkanie-informacyjno-integracyjne-czlonkow-pdk-oiib-z-terenu-powiatu-krosnienskiego\/","url":"https:\/\/pans.krosno.pl\/b\/spotkanie-informacyjno-integracyjne-czlonkow-pdk-oiib-z-terenu-powiatu-krosnienskiego\/","name":"Spotkanie informacyjno-integracyjne cz\u0142onk\u00f3w PDK OIIB z terenu powiatu kro\u015bnie\u0144skiego - Budownictwo PANS w Kro\u015bnie","isPartOf":{"@id":"https:\/\/pans.krosno.pl\/b\/#website"},"primaryImageOfPage":{"@id":"https:\/\/pans.krosno.pl\/b\/spotkanie-informacyjno-integracyjne-czlonkow-pdk-oiib-z-terenu-powiatu-krosnienskiego\/#primaryimage"},"image":{"@id":"https:\/\/pans.krosno.pl\/b\/spotkanie-informacyjno-integracyjne-czlonkow-pdk-oiib-z-terenu-powiatu-krosnienskiego\/#primaryimage"},"thumbnailUrl":"https:\/\/pans.krosno.pl\/b\/wp-content\/uploads\/sites\/21\/2020\/03\/l3uW3JumZVWqkYlkZAlogo-polskiej-izby-inzynierow-budownictwa-275x275-1.jpg","datePublished":"2022-12-02T14:30:44+00:00","dateModified":"2022-12-02T14:45:53+00:00","breadcrumb":{"@id":"https:\/\/pans.krosno.pl\/b\/spotkanie-informacyjno-integracyjne-czlonkow-pdk-oiib-z-terenu-powiatu-krosnienskiego\/#breadcrumb"},"inLanguage":"pl-PL","potentialAction":[{"@type":"ReadAction","target":["https:\/\/pans.krosno.pl\/b\/spotkanie-informacyjno-integracyjne-czlonkow-pdk-oiib-z-terenu-powiatu-krosnienskiego\/"]}]},{"@type":"ImageObject","inLanguage":"pl-PL","@id":"https:\/\/pans.krosno.pl\/b\/spotkanie-informacyjno-integracyjne-czlonkow-pdk-oiib-z-terenu-powiatu-krosnienskiego\/#primaryimage","url":"https:\/\/pans.krosno.pl\/b\/wp-content\/uploads\/sites\/21\/2020\/03\/l3uW3JumZVWqkYlkZAlogo-polskiej-izby-inzynierow-budownictwa-275x275-1.jpg","contentUrl":"https:\/\/pans.krosno.pl\/b\/wp-content\/uploads\/sites\/21\/2020\/03\/l3uW3JumZVWqkYlkZAlogo-polskiej-izby-inzynierow-budownictwa-275x275-1.jpg","width":275,"height":275},{"@type":"BreadcrumbList","@id":"https:\/\/pans.krosno.pl\/b\/spotkanie-informacyjno-integracyjne-czlonkow-pdk-oiib-z-terenu-powiatu-krosnienskiego\/#breadcrumb","itemListElement":[{"@type":"ListItem","position":1,"name":"Strona g\u0142\u00f3wna","item":"https:\/\/pans.krosno.pl\/b\/"},{"@type":"ListItem","position":2,"name":"Spotkanie informacyjno-integracyjne cz\u0142onk\u00f3w PDK OIIB z terenu powiatu kro\u015bnie\u0144skiego"}]},{"@type":"WebSite","@id":"https:\/\/pans.krosno.pl\/b\/#website","url":"https:\/\/pans.krosno.pl\/b\/","name":"Budownictwo PANS w Kro\u015bnie","description":"Budownictwo - Pa\u0144stwowa Akademia Nauk Stosowanych","publisher":{"@id":"https:\/\/pans.krosno.pl\/b\/#organization"},"potentialAction":[{"@type":"SearchAction","target":{"@type":"EntryPoint","urlTemplate":"https:\/\/pans.krosno.pl\/b\/?s={search_term_string}"},"query-input":{"@type":"PropertyValueSpecification","valueRequired":true,"valueName":"search_term_string"}}],"inLanguage":"pl-PL"},{"@type":"Organization","@id":"https:\/\/pans.krosno.pl\/b\/#organization","name":"Budownictwo PANS w Kro\u015bnie","url":"https:\/\/pans.krosno.pl\/b\/","logo":{"@type":"ImageObject","inLanguage":"pl-PL","@id":"https:\/\/pans.krosno.pl\/b\/#\/schema\/logo\/image\/","url":"https:\/\/pans.krosno.pl\/b\/wp-content\/uploads\/sites\/21\/2023\/01\/Logo-PANS-2022-pelne.png","contentUrl":"https:\/\/pans.krosno.pl\/b\/wp-content\/uploads\/sites\/21\/2023\/01\/Logo-PANS-2022-pelne.png","width":3096,"height":696,"caption":"Budownictwo PANS w Kro\u015bnie"},"image":{"@id":"https:\/\/pans.krosno.pl\/b\/#\/schema\/logo\/image\/"}},{"@type":"Person","@id":"https:\/\/pans.krosno.pl\/b\/#\/schema\/person\/634d6b9e7bb9d41c7e46965732f119fb","name":"dariuszlen","image":{"@type":"ImageObject","inLanguage":"pl-PL","@id":"https:\/\/secure.gravatar.com\/avatar\/d51cbe065012c9a7ceb271b54636773af49c912883e07a57054c7fbc8e0c8366?s=96&d=mm&r=g","url":"https:\/\/secure.gravatar.com\/avatar\/d51cbe065012c9a7ceb271b54636773af49c912883e07a57054c7fbc8e0c8366?s=96&d=mm&r=g","contentUrl":"https:\/\/secure.gravatar.com\/avatar\/d51cbe065012c9a7ceb271b54636773af49c912883e07a57054c7fbc8e0c8366?s=96&d=mm&r=g","caption":"dariuszlen"},"url":"https:\/\/pans.krosno.pl\/b\/author\/dariuszlen\/"}]}},"_links":{"self":[{"href":"https:\/\/pans.krosno.pl\/b\/wp-json\/wp\/v2\/posts\/1326","targetHints":{"allow":["GET"]}}],"collection":[{"href":"https:\/\/pans.krosno.pl\/b\/wp-json\/wp\/v2\/posts"}],"about":[{"href":"https:\/\/pans.krosno.pl\/b\/wp-json\/wp\/v2\/types\/post"}],"author":[{"embeddable":true,"href":"https:\/\/pans.krosno.pl\/b\/wp-json\/wp\/v2\/users\/11"}],"replies":[{"embeddable":true,"href":"https:\/\/pans.krosno.pl\/b\/wp-json\/wp\/v2\/comments?post=1326"}],"version-history":[{"count":3,"href":"https:\/\/pans.krosno.pl\/b\/wp-json\/wp\/v2\/posts\/1326\/revisions"}],"predecessor-version":[{"id":1331,"href":"https:\/\/pans.krosno.pl\/b\/wp-json\/wp\/v2\/posts\/1326\/revisions\/1331"}],"wp:featuredmedia":[{"embeddable":true,"href":"https:\/\/pans.krosno.pl\/b\/wp-json\/wp\/v2\/media\/250"}],"wp:attachment":[{"href":"https:\/\/pans.krosno.pl\/b\/wp-json\/wp\/v2\/media?parent=1326"}],"wp:term":[{"taxonomy":"category","embeddable":true,"href":"https:\/\/pans.krosno.pl\/b\/wp-json\/wp\/v2\/categories?post=1326"},{"taxonomy":"post_tag","embeddable":true,"href":"https:\/\/pans.krosno.pl\/b\/wp-json\/wp\/v2\/tags?post=1326"}],"curies":[{"name":"wp","href":"https:\/\/api.w.org\/{rel}","templated":true}]}}