{"id":1193,"date":"2022-09-12T10:19:01","date_gmt":"2022-09-12T08:19:01","guid":{"rendered":"https:\/\/pans.krosno.pl\/b\/?p=1193"},"modified":"2022-09-19T06:56:43","modified_gmt":"2022-09-19T04:56:43","slug":"terminy-konsultacji-i-zaliczen-w-sesji-poprawkowej-2021-2022","status":"publish","type":"post","link":"https:\/\/pans.krosno.pl\/b\/terminy-konsultacji-i-zaliczen-w-sesji-poprawkowej-2021-2022\/","title":{"rendered":"Terminy egzamin\u00f3w, konsultacji i zalicze\u0144 w sesji poprawkowej 2021\/2022"},"content":{"rendered":"\n<h2 class=\"wp-block-heading\"><span style=\"text-decoration: underline\">Terminy egzamin\u00f3w<\/span><\/h2>\n\n\n\n<figure class=\"wp-block-embed is-type-wp-embed is-provider-budownictwo-kpu-krosno wp-block-embed-budownictwo-kpu-krosno\"><div class=\"wp-block-embed__wrapper\">\n<blockquote class=\"wp-embedded-content\" data-secret=\"D7CwRLauvS\"><a href=\"https:\/\/pans.krosno.pl\/b\/sesja-egzaminacyjna-2\/\">Sesja egzaminacyjna<\/a><\/blockquote><iframe loading=\"lazy\" class=\"wp-embedded-content\" sandbox=\"allow-scripts\" security=\"restricted\" style=\"position: absolute; clip: rect(1px, 1px, 1px, 1px);\" title=\"&#8222;Sesja egzaminacyjna&#8221; &#8212; Budownictwo PANS w Kro\u015bnie\" src=\"https:\/\/pans.krosno.pl\/b\/sesja-egzaminacyjna-2\/embed\/#?secret=1qb0GaKQyW#?secret=D7CwRLauvS\" data-secret=\"D7CwRLauvS\" width=\"600\" height=\"338\" frameborder=\"0\" marginwidth=\"0\" marginheight=\"0\" scrolling=\"no\"><\/iframe>\n<\/div><\/figure>\n\n\n\n<h2 class=\"wp-block-heading\"><span style=\"text-decoration: underline\">Terminy zalicze\u0144 i konsultacji<\/span><\/h2>\n\n\n\n<h2 class=\"wp-block-heading\"><strong>prof. dr hab. in\u017c. Aleksander Koz\u0142owski<\/strong><\/h2>\n\n\n\n<p><strong>zaliczenie \u0107wicze\u0144 projektowych z Konstrukcji Metalowych<\/strong><\/p>\n\n\n\n<p>&#8211;&nbsp;poniedzia\u0142ek&nbsp;19.09&nbsp;o&nbsp;godz.&nbsp;10.00<\/p>\n\n\n\n<p>&#8211;&nbsp;pi\u0105tek&nbsp;23.09&nbsp;o&nbsp;godz.&nbsp;10.00<\/p>\n\n\n\n<h2 class=\"wp-block-heading\" id=\"h-dr-inz-kazimierz-piszczek\"><strong>dr in\u017c. Kazimierz Piszczek<\/strong><\/h2>\n\n\n\n<p><strong>II&nbsp;rok,&nbsp;studia&nbsp;STACJONARNE:<\/strong><br><strong>a) zaliczenie&nbsp;projekt\u00f3w&nbsp;z&nbsp;Konstrukcji&nbsp;Betonowych&nbsp;I:<\/strong><br>23&nbsp;wrze\u015bnia&nbsp;(pi\u0105tek)&nbsp;godz.&nbsp;10.00-16.00,&nbsp;kampus&nbsp;przy&nbsp;ul.&nbsp;Dmochowskiego<br>(dodatkowo&nbsp;24&nbsp;i&nbsp;25&nbsp;wrze\u015bnia&nbsp;jak&nbsp;ni\u017cej);<\/p>\n\n\n\n<p><strong>II&nbsp;rok,&nbsp;studia&nbsp;NIESTACJONARNE:<\/strong><br><strong>a)&nbsp;egzamin&nbsp;z&nbsp;Mechaniki&nbsp;Budowli&nbsp;II:<\/strong><br>24&nbsp;wrze\u015bnia&nbsp;(sobota)&nbsp;godz.&nbsp;09.00-12.00,&nbsp;kampus&nbsp;przy&nbsp;ul.&nbsp;Dmochowskiego<br><strong>b)&nbsp;zaliczenie&nbsp;projekt\u00f3w&nbsp;z&nbsp;Konstrukcji&nbsp;Betonowych&nbsp;I:<\/strong><br>24&nbsp;wrze\u015bnia&nbsp;(sobota)&nbsp;godz.&nbsp;09.00-18.00,&nbsp;kampus&nbsp;przy&nbsp;ul.&nbsp;Dmochowskiego<br>25&nbsp;wrze\u015bnia&nbsp;(niedziela)&nbsp;godz.&nbsp;09.00-15.00,&nbsp;kampus&nbsp;przy&nbsp;ul.&nbsp;Dmochowskiego<\/p>\n\n\n\n<p><strong>III&nbsp;rok,&nbsp;studia&nbsp;NIESTACJONARNE:<\/strong><br><strong>a)&nbsp;zaliczenie&nbsp;projekt\u00f3w&nbsp;z&nbsp;Konstrukcji&nbsp;Murowych&nbsp;(1&nbsp;Student):<\/strong><br>24&nbsp;wrze\u015bnia&nbsp;(sobota)&nbsp;godz.&nbsp;09.00-18.00,&nbsp;kampus&nbsp;przy&nbsp;ul.&nbsp;Dmochowskiego<br>25&nbsp;wrze\u015bnia&nbsp;(niedziela)&nbsp;godz.&nbsp;09.00-15.00,&nbsp;kampus&nbsp;przy&nbsp;ul.&nbsp;Dmochowskiego<\/p>\n\n\n\n<h2 class=\"wp-block-heading\"><strong>dr in\u017c. Dariusz Le\u0144<\/strong><\/h2>\n\n\n\n<p><strong>III rok, studia STACJONARNE<\/strong><\/p>\n\n\n\n<p><strong>a) kolokwium poprawkowe z Konstrukcji Murowych<\/strong><\/p>\n\n\n\n<p>20 wrze\u015bnia (wtorek) godz. 11.00-12.00, kampus przy ul. Dmochowskiego<\/p>\n\n\n\n<p><strong>b)<\/strong> <strong>zaliczenie projekt\u00f3w z Konstrukcji Murowych<\/strong><\/p>\n\n\n\n<p>20 wrze\u015bnia (wtorek) godz. 11.00-13.00, kampus przy ul. Dmochowskiego<\/p>\n\n\n\n<p><strong>II rok, studia NIESTACJONARNE<\/strong><\/p>\n\n\n\n<p><strong>a) zaliczenie projekt\u00f3w z Konstrukcji Metalowych<\/strong><\/p>\n\n\n\n<p>25 wrze\u015bnia (niedziela) godz. 12.00-15.00, kampus przy ul. Dmochowskiego<\/p>\n\n\n\n<h2 class=\"wp-block-heading\"><strong>dr in\u017c. Zbigniew Kie\u0142basa<\/strong><\/h2>\n\n\n\n<p><strong>I rok, studia STACJONARNE 26+<\/strong><\/p>\n\n\n\n<p><strong>zaliczenie poprawkowe z Wytrzyma\u0142o\u015bci Materia\u0142\u00f3w<\/strong><\/p>\n\n\n\n<p>25 wrze\u015bnia (niedziela) godz. 9.00-11.30, kampus przy ul. Dmochowskiego (sala 11)<\/p>\n","protected":false},"excerpt":{"rendered":"<p>Terminy egzamin\u00f3w Terminy zalicze\u0144 i konsultacji prof. dr hab. in\u017c. Aleksander Koz\u0142owski zaliczenie \u0107wicze\u0144 projektowych z Konstrukcji Metalowych &#8211;&nbsp;poniedzia\u0142ek&nbsp;19.09&nbsp;o&nbsp;godz.&nbsp;10.00 &#8211;&nbsp;pi\u0105tek&nbsp;23.09&nbsp;o&nbsp;godz.&nbsp;10.00 dr in\u017c. Kazimierz Piszczek II&nbsp;rok,&nbsp;studia&nbsp;STACJONARNE:a) zaliczenie&nbsp;projekt\u00f3w&nbsp;z&nbsp;Konstrukcji&nbsp;Betonowych&nbsp;I:23&nbsp;wrze\u015bnia&nbsp;(pi\u0105tek)&nbsp;godz.&nbsp;10.00-16.00,&nbsp;kampus&nbsp;przy&nbsp;ul.&nbsp;Dmochowskiego(dodatkowo&nbsp;24&nbsp;i&nbsp;25&nbsp;wrze\u015bnia&nbsp;jak&nbsp;ni\u017cej); II&nbsp;rok,&nbsp;studia&nbsp;NIESTACJONARNE:a)&nbsp;egzamin&nbsp;z&nbsp;Mechaniki&nbsp;Budowli&nbsp;II:24&nbsp;wrze\u015bnia&nbsp;(sobota)&nbsp;godz.&nbsp;09.00-12.00,&nbsp;kampus&nbsp;przy&nbsp;ul.&nbsp;Dmochowskiegob)&nbsp;zaliczenie&nbsp;projekt\u00f3w&nbsp;z&nbsp;Konstrukcji&nbsp;Betonowych&nbsp;I:24&nbsp;wrze\u015bnia&nbsp;(sobota)&nbsp;godz.&nbsp;09.00-18.00,&nbsp;kampus&nbsp;przy&nbsp;ul.&nbsp;Dmochowskiego25&nbsp;wrze\u015bnia&nbsp;(niedziela)&nbsp;godz.&nbsp;09.00-15.00,&nbsp;kampus&nbsp;przy&nbsp;ul.&nbsp;Dmochowskiego III&nbsp;rok,&nbsp;studia&nbsp;NIESTACJONARNE:a)&nbsp;zaliczenie&nbsp;projekt\u00f3w&nbsp;z&nbsp;Konstrukcji&nbsp;Murowych&nbsp;(1&nbsp;Student):24&nbsp;wrze\u015bnia&nbsp;(sobota)&nbsp;godz.&nbsp;09.00-18.00,&nbsp;kampus&nbsp;przy&nbsp;ul.&nbsp;Dmochowskiego25&nbsp;wrze\u015bnia&nbsp;(niedziela)&nbsp;godz.&nbsp;09.00-15.00,&nbsp;kampus&nbsp;przy&nbsp;ul.&nbsp;Dmochowskiego dr in\u017c. Dariusz Le\u0144 III rok, studia STACJONARNE a) kolokwium poprawkowe z Konstrukcji Murowych 20 wrze\u015bnia (wtorek) godz. 11.00-12.00, kampus przy ul. [\u2026] <\/p>\n<div class=\"clear\"><\/div>\n<p><a class=\"more_link clearfix\" href=\"https:\/\/pans.krosno.pl\/b\/terminy-konsultacji-i-zaliczen-w-sesji-poprawkowej-2021-2022\/\" rel=\"nofollow\">Read More<\/a><\/p>\n","protected":false},"author":11,"featured_media":734,"comment_status":"open","ping_status":"open","sticky":false,"template":"","format":"standard","meta":{"ngg_post_thumbnail":0,"footnotes":""},"categories":[1],"tags":[],"class_list":["post-1193","post","type-post","status-publish","format-standard","has-post-thumbnail","hentry","category-bez-kategorii"],"yoast_head":"<!-- This site is optimized with the Yoast SEO Premium plugin v27.4 (Yoast SEO v27.4) - https:\/\/yoast.com\/product\/yoast-seo-premium-wordpress\/ -->\n<title>Terminy egzamin\u00f3w, konsultacji i zalicze\u0144 w sesji poprawkowej 2021\/2022 - Budownictwo PANS w Kro\u015bnie<\/title>\n<meta name=\"robots\" content=\"index, follow, max-snippet:-1, max-image-preview:large, max-video-preview:-1\" \/>\n<link rel=\"canonical\" href=\"https:\/\/pans.krosno.pl\/b\/terminy-konsultacji-i-zaliczen-w-sesji-poprawkowej-2021-2022\/\" \/>\n<meta property=\"og:locale\" content=\"pl_PL\" \/>\n<meta property=\"og:type\" content=\"article\" \/>\n<meta property=\"og:title\" content=\"Terminy egzamin\u00f3w, konsultacji i zalicze\u0144 w sesji poprawkowej 2021\/2022\" \/>\n<meta property=\"og:description\" content=\"Terminy egzamin\u00f3w Terminy zalicze\u0144 i konsultacji prof. dr hab. in\u017c. Aleksander Koz\u0142owski zaliczenie \u0107wicze\u0144 projektowych z Konstrukcji Metalowych &#8211;&nbsp;poniedzia\u0142ek&nbsp;19.09&nbsp;o&nbsp;godz.&nbsp;10.00 &#8211;&nbsp;pi\u0105tek&nbsp;23.09&nbsp;o&nbsp;godz.&nbsp;10.00 dr in\u017c. Kazimierz Piszczek II&nbsp;rok,&nbsp;studia&nbsp;STACJONARNE:a) zaliczenie&nbsp;projekt\u00f3w&nbsp;z&nbsp;Konstrukcji&nbsp;Betonowych&nbsp;I:23&nbsp;wrze\u015bnia&nbsp;(pi\u0105tek)&nbsp;godz.&nbsp;10.00-16.00,&nbsp;kampus&nbsp;przy&nbsp;ul.&nbsp;Dmochowskiego(dodatkowo&nbsp;24&nbsp;i&nbsp;25&nbsp;wrze\u015bnia&nbsp;jak&nbsp;ni\u017cej); II&nbsp;rok,&nbsp;studia&nbsp;NIESTACJONARNE:a)&nbsp;egzamin&nbsp;z&nbsp;Mechaniki&nbsp;Budowli&nbsp;II:24&nbsp;wrze\u015bnia&nbsp;(sobota)&nbsp;godz.&nbsp;09.00-12.00,&nbsp;kampus&nbsp;przy&nbsp;ul.&nbsp;Dmochowskiegob)&nbsp;zaliczenie&nbsp;projekt\u00f3w&nbsp;z&nbsp;Konstrukcji&nbsp;Betonowych&nbsp;I:24&nbsp;wrze\u015bnia&nbsp;(sobota)&nbsp;godz.&nbsp;09.00-18.00,&nbsp;kampus&nbsp;przy&nbsp;ul.&nbsp;Dmochowskiego25&nbsp;wrze\u015bnia&nbsp;(niedziela)&nbsp;godz.&nbsp;09.00-15.00,&nbsp;kampus&nbsp;przy&nbsp;ul.&nbsp;Dmochowskiego III&nbsp;rok,&nbsp;studia&nbsp;NIESTACJONARNE:a)&nbsp;zaliczenie&nbsp;projekt\u00f3w&nbsp;z&nbsp;Konstrukcji&nbsp;Murowych&nbsp;(1&nbsp;Student):24&nbsp;wrze\u015bnia&nbsp;(sobota)&nbsp;godz.&nbsp;09.00-18.00,&nbsp;kampus&nbsp;przy&nbsp;ul.&nbsp;Dmochowskiego25&nbsp;wrze\u015bnia&nbsp;(niedziela)&nbsp;godz.&nbsp;09.00-15.00,&nbsp;kampus&nbsp;przy&nbsp;ul.&nbsp;Dmochowskiego dr in\u017c. Dariusz Le\u0144 III rok, studia STACJONARNE a) kolokwium poprawkowe z Konstrukcji Murowych 20 wrze\u015bnia (wtorek) godz. 11.00-12.00, kampus przy ul. [\u2026] Read More\" \/>\n<meta property=\"og:url\" content=\"https:\/\/pans.krosno.pl\/b\/terminy-konsultacji-i-zaliczen-w-sesji-poprawkowej-2021-2022\/\" \/>\n<meta property=\"og:site_name\" content=\"Budownictwo PANS w Kro\u015bnie\" \/>\n<meta property=\"article:published_time\" content=\"2022-09-12T08:19:01+00:00\" \/>\n<meta property=\"article:modified_time\" content=\"2022-09-19T04:56:43+00:00\" \/>\n<meta property=\"og:image\" content=\"https:\/\/pans.krosno.pl\/wp-content\/uploads\/sites\/21\/2021\/09\/Wazne.jpg\" \/>\n\t<meta property=\"og:image:width\" content=\"188\" \/>\n\t<meta property=\"og:image:height\" content=\"149\" \/>\n\t<meta property=\"og:image:type\" content=\"image\/jpeg\" \/>\n<meta name=\"author\" content=\"dariuszlen\" \/>\n<meta name=\"twitter:card\" content=\"summary_large_image\" \/>\n<meta name=\"twitter:label1\" content=\"Napisane przez\" \/>\n\t<meta name=\"twitter:data1\" content=\"dariuszlen\" \/>\n\t<meta name=\"twitter:label2\" content=\"Szacowany czas czytania\" \/>\n\t<meta name=\"twitter:data2\" content=\"1 minuta\" \/>\n<script type=\"application\/ld+json\" class=\"yoast-schema-graph\">{\"@context\":\"https:\\\/\\\/schema.org\",\"@graph\":[{\"@type\":\"Article\",\"@id\":\"https:\\\/\\\/pans.krosno.pl\\\/b\\\/terminy-konsultacji-i-zaliczen-w-sesji-poprawkowej-2021-2022\\\/#article\",\"isPartOf\":{\"@id\":\"https:\\\/\\\/pans.krosno.pl\\\/b\\\/terminy-konsultacji-i-zaliczen-w-sesji-poprawkowej-2021-2022\\\/\"},\"author\":{\"name\":\"dariuszlen\",\"@id\":\"https:\\\/\\\/pans.krosno.pl\\\/b\\\/#\\\/schema\\\/person\\\/634d6b9e7bb9d41c7e46965732f119fb\"},\"headline\":\"Terminy egzamin\u00f3w, konsultacji i zalicze\u0144 w sesji poprawkowej 2021\\\/2022\",\"datePublished\":\"2022-09-12T08:19:01+00:00\",\"dateModified\":\"2022-09-19T04:56:43+00:00\",\"mainEntityOfPage\":{\"@id\":\"https:\\\/\\\/pans.krosno.pl\\\/b\\\/terminy-konsultacji-i-zaliczen-w-sesji-poprawkowej-2021-2022\\\/\"},\"wordCount\":335,\"commentCount\":0,\"publisher\":{\"@id\":\"https:\\\/\\\/pans.krosno.pl\\\/b\\\/#organization\"},\"image\":{\"@id\":\"https:\\\/\\\/pans.krosno.pl\\\/b\\\/terminy-konsultacji-i-zaliczen-w-sesji-poprawkowej-2021-2022\\\/#primaryimage\"},\"thumbnailUrl\":\"https:\\\/\\\/pans.krosno.pl\\\/b\\\/wp-content\\\/uploads\\\/sites\\\/21\\\/2021\\\/09\\\/Wazne.jpg\",\"inLanguage\":\"pl-PL\",\"potentialAction\":[{\"@type\":\"CommentAction\",\"name\":\"Comment\",\"target\":[\"https:\\\/\\\/pans.krosno.pl\\\/b\\\/terminy-konsultacji-i-zaliczen-w-sesji-poprawkowej-2021-2022\\\/#respond\"]}]},{\"@type\":\"WebPage\",\"@id\":\"https:\\\/\\\/pans.krosno.pl\\\/b\\\/terminy-konsultacji-i-zaliczen-w-sesji-poprawkowej-2021-2022\\\/\",\"url\":\"https:\\\/\\\/pans.krosno.pl\\\/b\\\/terminy-konsultacji-i-zaliczen-w-sesji-poprawkowej-2021-2022\\\/\",\"name\":\"Terminy egzamin\u00f3w, konsultacji i zalicze\u0144 w sesji poprawkowej 2021\\\/2022 - Budownictwo PANS w Kro\u015bnie\",\"isPartOf\":{\"@id\":\"https:\\\/\\\/pans.krosno.pl\\\/b\\\/#website\"},\"primaryImageOfPage\":{\"@id\":\"https:\\\/\\\/pans.krosno.pl\\\/b\\\/terminy-konsultacji-i-zaliczen-w-sesji-poprawkowej-2021-2022\\\/#primaryimage\"},\"image\":{\"@id\":\"https:\\\/\\\/pans.krosno.pl\\\/b\\\/terminy-konsultacji-i-zaliczen-w-sesji-poprawkowej-2021-2022\\\/#primaryimage\"},\"thumbnailUrl\":\"https:\\\/\\\/pans.krosno.pl\\\/b\\\/wp-content\\\/uploads\\\/sites\\\/21\\\/2021\\\/09\\\/Wazne.jpg\",\"datePublished\":\"2022-09-12T08:19:01+00:00\",\"dateModified\":\"2022-09-19T04:56:43+00:00\",\"breadcrumb\":{\"@id\":\"https:\\\/\\\/pans.krosno.pl\\\/b\\\/terminy-konsultacji-i-zaliczen-w-sesji-poprawkowej-2021-2022\\\/#breadcrumb\"},\"inLanguage\":\"pl-PL\",\"potentialAction\":[{\"@type\":\"ReadAction\",\"target\":[\"https:\\\/\\\/pans.krosno.pl\\\/b\\\/terminy-konsultacji-i-zaliczen-w-sesji-poprawkowej-2021-2022\\\/\"]}]},{\"@type\":\"ImageObject\",\"inLanguage\":\"pl-PL\",\"@id\":\"https:\\\/\\\/pans.krosno.pl\\\/b\\\/terminy-konsultacji-i-zaliczen-w-sesji-poprawkowej-2021-2022\\\/#primaryimage\",\"url\":\"https:\\\/\\\/pans.krosno.pl\\\/b\\\/wp-content\\\/uploads\\\/sites\\\/21\\\/2021\\\/09\\\/Wazne.jpg\",\"contentUrl\":\"https:\\\/\\\/pans.krosno.pl\\\/b\\\/wp-content\\\/uploads\\\/sites\\\/21\\\/2021\\\/09\\\/Wazne.jpg\",\"width\":188,\"height\":149},{\"@type\":\"BreadcrumbList\",\"@id\":\"https:\\\/\\\/pans.krosno.pl\\\/b\\\/terminy-konsultacji-i-zaliczen-w-sesji-poprawkowej-2021-2022\\\/#breadcrumb\",\"itemListElement\":[{\"@type\":\"ListItem\",\"position\":1,\"name\":\"Strona g\u0142\u00f3wna\",\"item\":\"https:\\\/\\\/pans.krosno.pl\\\/b\\\/\"},{\"@type\":\"ListItem\",\"position\":2,\"name\":\"Terminy egzamin\u00f3w, konsultacji i zalicze\u0144 w sesji poprawkowej 2021\\\/2022\"}]},{\"@type\":\"WebSite\",\"@id\":\"https:\\\/\\\/pans.krosno.pl\\\/b\\\/#website\",\"url\":\"https:\\\/\\\/pans.krosno.pl\\\/b\\\/\",\"name\":\"Budownictwo PANS w Kro\u015bnie\",\"description\":\"Budownictwo - Pa\u0144stwowa Akademia Nauk Stosowanych\",\"publisher\":{\"@id\":\"https:\\\/\\\/pans.krosno.pl\\\/b\\\/#organization\"},\"potentialAction\":[{\"@type\":\"SearchAction\",\"target\":{\"@type\":\"EntryPoint\",\"urlTemplate\":\"https:\\\/\\\/pans.krosno.pl\\\/b\\\/?s={search_term_string}\"},\"query-input\":{\"@type\":\"PropertyValueSpecification\",\"valueRequired\":true,\"valueName\":\"search_term_string\"}}],\"inLanguage\":\"pl-PL\"},{\"@type\":\"Organization\",\"@id\":\"https:\\\/\\\/pans.krosno.pl\\\/b\\\/#organization\",\"name\":\"Budownictwo PANS w Kro\u015bnie\",\"url\":\"https:\\\/\\\/pans.krosno.pl\\\/b\\\/\",\"logo\":{\"@type\":\"ImageObject\",\"inLanguage\":\"pl-PL\",\"@id\":\"https:\\\/\\\/pans.krosno.pl\\\/b\\\/#\\\/schema\\\/logo\\\/image\\\/\",\"url\":\"https:\\\/\\\/pans.krosno.pl\\\/b\\\/wp-content\\\/uploads\\\/sites\\\/21\\\/2023\\\/01\\\/Logo-PANS-2022-pelne.png\",\"contentUrl\":\"https:\\\/\\\/pans.krosno.pl\\\/b\\\/wp-content\\\/uploads\\\/sites\\\/21\\\/2023\\\/01\\\/Logo-PANS-2022-pelne.png\",\"width\":3096,\"height\":696,\"caption\":\"Budownictwo PANS w Kro\u015bnie\"},\"image\":{\"@id\":\"https:\\\/\\\/pans.krosno.pl\\\/b\\\/#\\\/schema\\\/logo\\\/image\\\/\"}},{\"@type\":\"Person\",\"@id\":\"https:\\\/\\\/pans.krosno.pl\\\/b\\\/#\\\/schema\\\/person\\\/634d6b9e7bb9d41c7e46965732f119fb\",\"name\":\"dariuszlen\",\"image\":{\"@type\":\"ImageObject\",\"inLanguage\":\"pl-PL\",\"@id\":\"https:\\\/\\\/secure.gravatar.com\\\/avatar\\\/d51cbe065012c9a7ceb271b54636773af49c912883e07a57054c7fbc8e0c8366?s=96&d=mm&r=g\",\"url\":\"https:\\\/\\\/secure.gravatar.com\\\/avatar\\\/d51cbe065012c9a7ceb271b54636773af49c912883e07a57054c7fbc8e0c8366?s=96&d=mm&r=g\",\"contentUrl\":\"https:\\\/\\\/secure.gravatar.com\\\/avatar\\\/d51cbe065012c9a7ceb271b54636773af49c912883e07a57054c7fbc8e0c8366?s=96&d=mm&r=g\",\"caption\":\"dariuszlen\"},\"url\":\"https:\\\/\\\/pans.krosno.pl\\\/b\\\/author\\\/dariuszlen\\\/\"}]}<\/script>\n<!-- \/ Yoast SEO Premium plugin. -->","yoast_head_json":{"title":"Terminy egzamin\u00f3w, konsultacji i zalicze\u0144 w sesji poprawkowej 2021\/2022 - Budownictwo PANS w Kro\u015bnie","robots":{"index":"index","follow":"follow","max-snippet":"max-snippet:-1","max-image-preview":"max-image-preview:large","max-video-preview":"max-video-preview:-1"},"canonical":"https:\/\/pans.krosno.pl\/b\/terminy-konsultacji-i-zaliczen-w-sesji-poprawkowej-2021-2022\/","og_locale":"pl_PL","og_type":"article","og_title":"Terminy egzamin\u00f3w, konsultacji i zalicze\u0144 w sesji poprawkowej 2021\/2022","og_description":"Terminy egzamin\u00f3w Terminy zalicze\u0144 i konsultacji prof. dr hab. in\u017c. Aleksander Koz\u0142owski zaliczenie \u0107wicze\u0144 projektowych z Konstrukcji Metalowych &#8211;&nbsp;poniedzia\u0142ek&nbsp;19.09&nbsp;o&nbsp;godz.&nbsp;10.00 &#8211;&nbsp;pi\u0105tek&nbsp;23.09&nbsp;o&nbsp;godz.&nbsp;10.00 dr in\u017c. Kazimierz Piszczek II&nbsp;rok,&nbsp;studia&nbsp;STACJONARNE:a) zaliczenie&nbsp;projekt\u00f3w&nbsp;z&nbsp;Konstrukcji&nbsp;Betonowych&nbsp;I:23&nbsp;wrze\u015bnia&nbsp;(pi\u0105tek)&nbsp;godz.&nbsp;10.00-16.00,&nbsp;kampus&nbsp;przy&nbsp;ul.&nbsp;Dmochowskiego(dodatkowo&nbsp;24&nbsp;i&nbsp;25&nbsp;wrze\u015bnia&nbsp;jak&nbsp;ni\u017cej); II&nbsp;rok,&nbsp;studia&nbsp;NIESTACJONARNE:a)&nbsp;egzamin&nbsp;z&nbsp;Mechaniki&nbsp;Budowli&nbsp;II:24&nbsp;wrze\u015bnia&nbsp;(sobota)&nbsp;godz.&nbsp;09.00-12.00,&nbsp;kampus&nbsp;przy&nbsp;ul.&nbsp;Dmochowskiegob)&nbsp;zaliczenie&nbsp;projekt\u00f3w&nbsp;z&nbsp;Konstrukcji&nbsp;Betonowych&nbsp;I:24&nbsp;wrze\u015bnia&nbsp;(sobota)&nbsp;godz.&nbsp;09.00-18.00,&nbsp;kampus&nbsp;przy&nbsp;ul.&nbsp;Dmochowskiego25&nbsp;wrze\u015bnia&nbsp;(niedziela)&nbsp;godz.&nbsp;09.00-15.00,&nbsp;kampus&nbsp;przy&nbsp;ul.&nbsp;Dmochowskiego III&nbsp;rok,&nbsp;studia&nbsp;NIESTACJONARNE:a)&nbsp;zaliczenie&nbsp;projekt\u00f3w&nbsp;z&nbsp;Konstrukcji&nbsp;Murowych&nbsp;(1&nbsp;Student):24&nbsp;wrze\u015bnia&nbsp;(sobota)&nbsp;godz.&nbsp;09.00-18.00,&nbsp;kampus&nbsp;przy&nbsp;ul.&nbsp;Dmochowskiego25&nbsp;wrze\u015bnia&nbsp;(niedziela)&nbsp;godz.&nbsp;09.00-15.00,&nbsp;kampus&nbsp;przy&nbsp;ul.&nbsp;Dmochowskiego dr in\u017c. Dariusz Le\u0144 III rok, studia STACJONARNE a) kolokwium poprawkowe z Konstrukcji Murowych 20 wrze\u015bnia (wtorek) godz. 11.00-12.00, kampus przy ul. [\u2026] Read More","og_url":"https:\/\/pans.krosno.pl\/b\/terminy-konsultacji-i-zaliczen-w-sesji-poprawkowej-2021-2022\/","og_site_name":"Budownictwo PANS w Kro\u015bnie","article_published_time":"2022-09-12T08:19:01+00:00","article_modified_time":"2022-09-19T04:56:43+00:00","og_image":[{"width":188,"height":149,"url":"https:\/\/pans.krosno.pl\/wp-content\/uploads\/sites\/21\/2021\/09\/Wazne.jpg","type":"image\/jpeg"}],"author":"dariuszlen","twitter_card":"summary_large_image","twitter_misc":{"Napisane przez":"dariuszlen","Szacowany czas czytania":"1 minuta"},"schema":{"@context":"https:\/\/schema.org","@graph":[{"@type":"Article","@id":"https:\/\/pans.krosno.pl\/b\/terminy-konsultacji-i-zaliczen-w-sesji-poprawkowej-2021-2022\/#article","isPartOf":{"@id":"https:\/\/pans.krosno.pl\/b\/terminy-konsultacji-i-zaliczen-w-sesji-poprawkowej-2021-2022\/"},"author":{"name":"dariuszlen","@id":"https:\/\/pans.krosno.pl\/b\/#\/schema\/person\/634d6b9e7bb9d41c7e46965732f119fb"},"headline":"Terminy egzamin\u00f3w, konsultacji i zalicze\u0144 w sesji poprawkowej 2021\/2022","datePublished":"2022-09-12T08:19:01+00:00","dateModified":"2022-09-19T04:56:43+00:00","mainEntityOfPage":{"@id":"https:\/\/pans.krosno.pl\/b\/terminy-konsultacji-i-zaliczen-w-sesji-poprawkowej-2021-2022\/"},"wordCount":335,"commentCount":0,"publisher":{"@id":"https:\/\/pans.krosno.pl\/b\/#organization"},"image":{"@id":"https:\/\/pans.krosno.pl\/b\/terminy-konsultacji-i-zaliczen-w-sesji-poprawkowej-2021-2022\/#primaryimage"},"thumbnailUrl":"https:\/\/pans.krosno.pl\/b\/wp-content\/uploads\/sites\/21\/2021\/09\/Wazne.jpg","inLanguage":"pl-PL","potentialAction":[{"@type":"CommentAction","name":"Comment","target":["https:\/\/pans.krosno.pl\/b\/terminy-konsultacji-i-zaliczen-w-sesji-poprawkowej-2021-2022\/#respond"]}]},{"@type":"WebPage","@id":"https:\/\/pans.krosno.pl\/b\/terminy-konsultacji-i-zaliczen-w-sesji-poprawkowej-2021-2022\/","url":"https:\/\/pans.krosno.pl\/b\/terminy-konsultacji-i-zaliczen-w-sesji-poprawkowej-2021-2022\/","name":"Terminy egzamin\u00f3w, konsultacji i zalicze\u0144 w sesji poprawkowej 2021\/2022 - Budownictwo PANS w Kro\u015bnie","isPartOf":{"@id":"https:\/\/pans.krosno.pl\/b\/#website"},"primaryImageOfPage":{"@id":"https:\/\/pans.krosno.pl\/b\/terminy-konsultacji-i-zaliczen-w-sesji-poprawkowej-2021-2022\/#primaryimage"},"image":{"@id":"https:\/\/pans.krosno.pl\/b\/terminy-konsultacji-i-zaliczen-w-sesji-poprawkowej-2021-2022\/#primaryimage"},"thumbnailUrl":"https:\/\/pans.krosno.pl\/b\/wp-content\/uploads\/sites\/21\/2021\/09\/Wazne.jpg","datePublished":"2022-09-12T08:19:01+00:00","dateModified":"2022-09-19T04:56:43+00:00","breadcrumb":{"@id":"https:\/\/pans.krosno.pl\/b\/terminy-konsultacji-i-zaliczen-w-sesji-poprawkowej-2021-2022\/#breadcrumb"},"inLanguage":"pl-PL","potentialAction":[{"@type":"ReadAction","target":["https:\/\/pans.krosno.pl\/b\/terminy-konsultacji-i-zaliczen-w-sesji-poprawkowej-2021-2022\/"]}]},{"@type":"ImageObject","inLanguage":"pl-PL","@id":"https:\/\/pans.krosno.pl\/b\/terminy-konsultacji-i-zaliczen-w-sesji-poprawkowej-2021-2022\/#primaryimage","url":"https:\/\/pans.krosno.pl\/b\/wp-content\/uploads\/sites\/21\/2021\/09\/Wazne.jpg","contentUrl":"https:\/\/pans.krosno.pl\/b\/wp-content\/uploads\/sites\/21\/2021\/09\/Wazne.jpg","width":188,"height":149},{"@type":"BreadcrumbList","@id":"https:\/\/pans.krosno.pl\/b\/terminy-konsultacji-i-zaliczen-w-sesji-poprawkowej-2021-2022\/#breadcrumb","itemListElement":[{"@type":"ListItem","position":1,"name":"Strona g\u0142\u00f3wna","item":"https:\/\/pans.krosno.pl\/b\/"},{"@type":"ListItem","position":2,"name":"Terminy egzamin\u00f3w, konsultacji i zalicze\u0144 w sesji poprawkowej 2021\/2022"}]},{"@type":"WebSite","@id":"https:\/\/pans.krosno.pl\/b\/#website","url":"https:\/\/pans.krosno.pl\/b\/","name":"Budownictwo PANS w Kro\u015bnie","description":"Budownictwo - Pa\u0144stwowa Akademia Nauk Stosowanych","publisher":{"@id":"https:\/\/pans.krosno.pl\/b\/#organization"},"potentialAction":[{"@type":"SearchAction","target":{"@type":"EntryPoint","urlTemplate":"https:\/\/pans.krosno.pl\/b\/?s={search_term_string}"},"query-input":{"@type":"PropertyValueSpecification","valueRequired":true,"valueName":"search_term_string"}}],"inLanguage":"pl-PL"},{"@type":"Organization","@id":"https:\/\/pans.krosno.pl\/b\/#organization","name":"Budownictwo PANS w Kro\u015bnie","url":"https:\/\/pans.krosno.pl\/b\/","logo":{"@type":"ImageObject","inLanguage":"pl-PL","@id":"https:\/\/pans.krosno.pl\/b\/#\/schema\/logo\/image\/","url":"https:\/\/pans.krosno.pl\/b\/wp-content\/uploads\/sites\/21\/2023\/01\/Logo-PANS-2022-pelne.png","contentUrl":"https:\/\/pans.krosno.pl\/b\/wp-content\/uploads\/sites\/21\/2023\/01\/Logo-PANS-2022-pelne.png","width":3096,"height":696,"caption":"Budownictwo PANS w Kro\u015bnie"},"image":{"@id":"https:\/\/pans.krosno.pl\/b\/#\/schema\/logo\/image\/"}},{"@type":"Person","@id":"https:\/\/pans.krosno.pl\/b\/#\/schema\/person\/634d6b9e7bb9d41c7e46965732f119fb","name":"dariuszlen","image":{"@type":"ImageObject","inLanguage":"pl-PL","@id":"https:\/\/secure.gravatar.com\/avatar\/d51cbe065012c9a7ceb271b54636773af49c912883e07a57054c7fbc8e0c8366?s=96&d=mm&r=g","url":"https:\/\/secure.gravatar.com\/avatar\/d51cbe065012c9a7ceb271b54636773af49c912883e07a57054c7fbc8e0c8366?s=96&d=mm&r=g","contentUrl":"https:\/\/secure.gravatar.com\/avatar\/d51cbe065012c9a7ceb271b54636773af49c912883e07a57054c7fbc8e0c8366?s=96&d=mm&r=g","caption":"dariuszlen"},"url":"https:\/\/pans.krosno.pl\/b\/author\/dariuszlen\/"}]}},"_links":{"self":[{"href":"https:\/\/pans.krosno.pl\/b\/wp-json\/wp\/v2\/posts\/1193","targetHints":{"allow":["GET"]}}],"collection":[{"href":"https:\/\/pans.krosno.pl\/b\/wp-json\/wp\/v2\/posts"}],"about":[{"href":"https:\/\/pans.krosno.pl\/b\/wp-json\/wp\/v2\/types\/post"}],"author":[{"embeddable":true,"href":"https:\/\/pans.krosno.pl\/b\/wp-json\/wp\/v2\/users\/11"}],"replies":[{"embeddable":true,"href":"https:\/\/pans.krosno.pl\/b\/wp-json\/wp\/v2\/comments?post=1193"}],"version-history":[{"count":6,"href":"https:\/\/pans.krosno.pl\/b\/wp-json\/wp\/v2\/posts\/1193\/revisions"}],"predecessor-version":[{"id":1212,"href":"https:\/\/pans.krosno.pl\/b\/wp-json\/wp\/v2\/posts\/1193\/revisions\/1212"}],"wp:featuredmedia":[{"embeddable":true,"href":"https:\/\/pans.krosno.pl\/b\/wp-json\/wp\/v2\/media\/734"}],"wp:attachment":[{"href":"https:\/\/pans.krosno.pl\/b\/wp-json\/wp\/v2\/media?parent=1193"}],"wp:term":[{"taxonomy":"category","embeddable":true,"href":"https:\/\/pans.krosno.pl\/b\/wp-json\/wp\/v2\/categories?post=1193"},{"taxonomy":"post_tag","embeddable":true,"href":"https:\/\/pans.krosno.pl\/b\/wp-json\/wp\/v2\/tags?post=1193"}],"curies":[{"name":"wp","href":"https:\/\/api.w.org\/{rel}","templated":true}]}}