{"id":1105,"date":"2022-03-04T12:19:44","date_gmt":"2022-03-04T11:19:44","guid":{"rendered":"https:\/\/pans.krosno.pl\/b\/?p=1105"},"modified":"2022-03-15T12:31:47","modified_gmt":"2022-03-15T11:31:47","slug":"seminarium-regionalne-nt-identyfikacji-i-prognozowania-potrzeb-kwalifikacyjno-zawodowych-w-budownictwie","status":"publish","type":"post","link":"https:\/\/pans.krosno.pl\/b\/seminarium-regionalne-nt-identyfikacji-i-prognozowania-potrzeb-kwalifikacyjno-zawodowych-w-budownictwie\/","title":{"rendered":"Seminarium regionalne nt. identyfikacji i prognozowania potrzeb kwalifikacyjno-zawodowych w budownictwie"},"content":{"rendered":"\n<p>Zapraszamy do udzia\u0142u w seminarium regionalnym nt. identyfikacji i prognozowania potrzeb kwalifikacyjno-zawodwych w budownictwie, kt\u00f3re odb\u0119dzie si\u0119 18 marca 2022 roku na terenie Kampusu Politechnicznego KPU w Kro\u015bnie.<\/p>\n\n\n\n<p><strong>Cel: <\/strong>wymiana do\u015bwiadcze\u0144 w zakresie identyfikowania i prognozowania potrzeb kwalifikacyjno-zawodowych na rynku pracy w budownictwie w kr\u00f3tkiej i d\u0142ugiej perspektywie czasowej w oparciu&nbsp; o dane pozyskiwane z r\u00f3\u017cnych \u017ar\u00f3de\u0142, w tym dyskusja nt. szans i wyzwa\u0144 w tym obszarze oraz mo\u017cliwo\u015bci kszta\u0142towania r\u00f3wnowagi pomi\u0119dzy popytem a poda\u017c\u0105 kompetencji w ramach prowadzenia tzw. <em>evidence based policy<\/em> w budownictwie.<\/p>\n\n\n\n<p><\/p>\n\n\n\n<p><strong>Odbiorcy: <\/strong>przedstawiciele sektora budownictwa, w tym w szczeg\u00f3lno\u015bci przedsi\u0119biorcy dzia\u0142aj\u0105cy&nbsp; w sektorze, przedstawiciele organizacji budownictwa powiatu kro\u015bnie\u0144skiego i wojew\u00f3dztwa podkarpackiego, \u015brodowiska akademickiego, szk\u00f3\u0142 budowlanych.<\/p>\n\n\n\n<p><\/p>\n\n\n\n<p><strong>Data i miejsce spotkania<\/strong>:<br>18 marca 2022 r., godzina 10:00<br>Kampus Techniczny KPU<br>ul. Jerzego Dmochowskiego 12<br>38-400 Krosno <\/p>\n\n\n\n<p><\/p>\n\n\n\n<p>Szczeg\u00f3\u0142owy program seminarium dost\u0119pny poni\u017cej:<\/p>\n\n\n\n<p><a href=\"https:\/\/pans.krosno.pl\/b\/wp-content\/uploads\/sites\/21\/2022\/03\/Zaproszenie-i-Program-Seminarium-Krosno.pdf\">Program seminarium<\/a><\/p>\n\n\n\n<p><\/p>\n\n\n\n<p>Prosimy o rejestracj\u0119 na seminarium z wykorzystaniem linku:<\/p>\n\n\n\n<p><a href=\"https:\/\/i2xpip-seminarium-regionalne-zzb.konfeo.com\/pl\/groups\">https:\/\/i2xpip-seminarium-regionalne-zzb.konfeo.com\/pl\/groups<\/a><\/p>\n\n\n\n<p><\/p>\n\n\n\n<p>Informacja o przetwarzaniu danych osobowych:<\/p>\n\n\n\n<p><a href=\"https:\/\/pans.krosno.pl\/b\/wp-content\/uploads\/sites\/21\/2022\/03\/Informacja-o-Przetwarzaniu-Danych-Osobowych-Seminarium-Regionalne-2.pdf\">Informacja RODO<\/a><\/p>\n","protected":false},"excerpt":{"rendered":"<p>Zapraszamy do udzia\u0142u w seminarium regionalnym nt. identyfikacji i prognozowania potrzeb kwalifikacyjno-zawodwych w budownictwie, kt\u00f3re odb\u0119dzie si\u0119 18 marca 2022 roku na terenie Kampusu Politechnicznego KPU w Kro\u015bnie. Cel: wymiana do\u015bwiadcze\u0144 w zakresie identyfikowania i prognozowania potrzeb kwalifikacyjno-zawodowych na rynku pracy w budownictwie w kr\u00f3tkiej i d\u0142ugiej perspektywie czasowej w [\u2026] <\/p>\n<div class=\"clear\"><\/div>\n<p><a class=\"more_link clearfix\" href=\"https:\/\/pans.krosno.pl\/b\/seminarium-regionalne-nt-identyfikacji-i-prognozowania-potrzeb-kwalifikacyjno-zawodowych-w-budownictwie\/\" rel=\"nofollow\">Read More<\/a><\/p>\n","protected":false},"author":11,"featured_media":1110,"comment_status":"open","ping_status":"open","sticky":false,"template":"","format":"standard","meta":{"ngg_post_thumbnail":0,"footnotes":""},"categories":[1],"tags":[],"class_list":["post-1105","post","type-post","status-publish","format-standard","has-post-thumbnail","hentry","category-bez-kategorii"],"yoast_head":"<!-- This site is optimized with the Yoast SEO Premium plugin v27.4 (Yoast SEO v27.4) - https:\/\/yoast.com\/product\/yoast-seo-premium-wordpress\/ -->\n<title>Seminarium regionalne nt. identyfikacji i prognozowania potrzeb kwalifikacyjno-zawodowych w budownictwie - Budownictwo PANS w Kro\u015bnie<\/title>\n<meta name=\"robots\" content=\"index, follow, max-snippet:-1, max-image-preview:large, max-video-preview:-1\" \/>\n<link rel=\"canonical\" href=\"https:\/\/pans.krosno.pl\/b\/seminarium-regionalne-nt-identyfikacji-i-prognozowania-potrzeb-kwalifikacyjno-zawodowych-w-budownictwie\/\" \/>\n<meta property=\"og:locale\" content=\"pl_PL\" \/>\n<meta property=\"og:type\" content=\"article\" \/>\n<meta property=\"og:title\" content=\"Seminarium regionalne nt. identyfikacji i prognozowania potrzeb kwalifikacyjno-zawodowych w budownictwie\" \/>\n<meta property=\"og:description\" content=\"Zapraszamy do udzia\u0142u w seminarium regionalnym nt. identyfikacji i prognozowania potrzeb kwalifikacyjno-zawodwych w budownictwie, kt\u00f3re odb\u0119dzie si\u0119 18 marca 2022 roku na terenie Kampusu Politechnicznego KPU w Kro\u015bnie. Cel: wymiana do\u015bwiadcze\u0144 w zakresie identyfikowania i prognozowania potrzeb kwalifikacyjno-zawodowych na rynku pracy w budownictwie w kr\u00f3tkiej i d\u0142ugiej perspektywie czasowej w [\u2026] Read More\" \/>\n<meta property=\"og:url\" content=\"https:\/\/pans.krosno.pl\/b\/seminarium-regionalne-nt-identyfikacji-i-prognozowania-potrzeb-kwalifikacyjno-zawodowych-w-budownictwie\/\" \/>\n<meta property=\"og:site_name\" content=\"Budownictwo PANS w Kro\u015bnie\" \/>\n<meta property=\"article:published_time\" content=\"2022-03-04T11:19:44+00:00\" \/>\n<meta property=\"article:modified_time\" content=\"2022-03-15T11:31:47+00:00\" \/>\n<meta property=\"og:image\" content=\"https:\/\/pans.krosno.pl\/wp-content\/uploads\/sites\/21\/2022\/03\/P1100902-scaled.jpg\" \/>\n\t<meta property=\"og:image:width\" content=\"2560\" \/>\n\t<meta property=\"og:image:height\" content=\"1920\" \/>\n\t<meta property=\"og:image:type\" content=\"image\/jpeg\" \/>\n<meta name=\"author\" content=\"dariuszlen\" \/>\n<meta name=\"twitter:card\" content=\"summary_large_image\" \/>\n<meta name=\"twitter:label1\" content=\"Napisane przez\" \/>\n\t<meta name=\"twitter:data1\" content=\"dariuszlen\" \/>\n\t<meta name=\"twitter:label2\" content=\"Szacowany czas czytania\" \/>\n\t<meta name=\"twitter:data2\" content=\"1 minuta\" \/>\n<script type=\"application\/ld+json\" class=\"yoast-schema-graph\">{\"@context\":\"https:\\\/\\\/schema.org\",\"@graph\":[{\"@type\":\"Article\",\"@id\":\"https:\\\/\\\/pans.krosno.pl\\\/b\\\/seminarium-regionalne-nt-identyfikacji-i-prognozowania-potrzeb-kwalifikacyjno-zawodowych-w-budownictwie\\\/#article\",\"isPartOf\":{\"@id\":\"https:\\\/\\\/pans.krosno.pl\\\/b\\\/seminarium-regionalne-nt-identyfikacji-i-prognozowania-potrzeb-kwalifikacyjno-zawodowych-w-budownictwie\\\/\"},\"author\":{\"name\":\"dariuszlen\",\"@id\":\"https:\\\/\\\/pans.krosno.pl\\\/b\\\/#\\\/schema\\\/person\\\/634d6b9e7bb9d41c7e46965732f119fb\"},\"headline\":\"Seminarium regionalne nt. identyfikacji i prognozowania potrzeb kwalifikacyjno-zawodowych w budownictwie\",\"datePublished\":\"2022-03-04T11:19:44+00:00\",\"dateModified\":\"2022-03-15T11:31:47+00:00\",\"mainEntityOfPage\":{\"@id\":\"https:\\\/\\\/pans.krosno.pl\\\/b\\\/seminarium-regionalne-nt-identyfikacji-i-prognozowania-potrzeb-kwalifikacyjno-zawodowych-w-budownictwie\\\/\"},\"wordCount\":187,\"commentCount\":0,\"publisher\":{\"@id\":\"https:\\\/\\\/pans.krosno.pl\\\/b\\\/#organization\"},\"image\":{\"@id\":\"https:\\\/\\\/pans.krosno.pl\\\/b\\\/seminarium-regionalne-nt-identyfikacji-i-prognozowania-potrzeb-kwalifikacyjno-zawodowych-w-budownictwie\\\/#primaryimage\"},\"thumbnailUrl\":\"https:\\\/\\\/pans.krosno.pl\\\/b\\\/wp-content\\\/uploads\\\/sites\\\/21\\\/2022\\\/03\\\/P1100902-scaled.jpg\",\"inLanguage\":\"pl-PL\",\"potentialAction\":[{\"@type\":\"CommentAction\",\"name\":\"Comment\",\"target\":[\"https:\\\/\\\/pans.krosno.pl\\\/b\\\/seminarium-regionalne-nt-identyfikacji-i-prognozowania-potrzeb-kwalifikacyjno-zawodowych-w-budownictwie\\\/#respond\"]}]},{\"@type\":\"WebPage\",\"@id\":\"https:\\\/\\\/pans.krosno.pl\\\/b\\\/seminarium-regionalne-nt-identyfikacji-i-prognozowania-potrzeb-kwalifikacyjno-zawodowych-w-budownictwie\\\/\",\"url\":\"https:\\\/\\\/pans.krosno.pl\\\/b\\\/seminarium-regionalne-nt-identyfikacji-i-prognozowania-potrzeb-kwalifikacyjno-zawodowych-w-budownictwie\\\/\",\"name\":\"Seminarium regionalne nt. identyfikacji i prognozowania potrzeb kwalifikacyjno-zawodowych w budownictwie - Budownictwo PANS w Kro\u015bnie\",\"isPartOf\":{\"@id\":\"https:\\\/\\\/pans.krosno.pl\\\/b\\\/#website\"},\"primaryImageOfPage\":{\"@id\":\"https:\\\/\\\/pans.krosno.pl\\\/b\\\/seminarium-regionalne-nt-identyfikacji-i-prognozowania-potrzeb-kwalifikacyjno-zawodowych-w-budownictwie\\\/#primaryimage\"},\"image\":{\"@id\":\"https:\\\/\\\/pans.krosno.pl\\\/b\\\/seminarium-regionalne-nt-identyfikacji-i-prognozowania-potrzeb-kwalifikacyjno-zawodowych-w-budownictwie\\\/#primaryimage\"},\"thumbnailUrl\":\"https:\\\/\\\/pans.krosno.pl\\\/b\\\/wp-content\\\/uploads\\\/sites\\\/21\\\/2022\\\/03\\\/P1100902-scaled.jpg\",\"datePublished\":\"2022-03-04T11:19:44+00:00\",\"dateModified\":\"2022-03-15T11:31:47+00:00\",\"breadcrumb\":{\"@id\":\"https:\\\/\\\/pans.krosno.pl\\\/b\\\/seminarium-regionalne-nt-identyfikacji-i-prognozowania-potrzeb-kwalifikacyjno-zawodowych-w-budownictwie\\\/#breadcrumb\"},\"inLanguage\":\"pl-PL\",\"potentialAction\":[{\"@type\":\"ReadAction\",\"target\":[\"https:\\\/\\\/pans.krosno.pl\\\/b\\\/seminarium-regionalne-nt-identyfikacji-i-prognozowania-potrzeb-kwalifikacyjno-zawodowych-w-budownictwie\\\/\"]}]},{\"@type\":\"ImageObject\",\"inLanguage\":\"pl-PL\",\"@id\":\"https:\\\/\\\/pans.krosno.pl\\\/b\\\/seminarium-regionalne-nt-identyfikacji-i-prognozowania-potrzeb-kwalifikacyjno-zawodowych-w-budownictwie\\\/#primaryimage\",\"url\":\"https:\\\/\\\/pans.krosno.pl\\\/b\\\/wp-content\\\/uploads\\\/sites\\\/21\\\/2022\\\/03\\\/P1100902-scaled.jpg\",\"contentUrl\":\"https:\\\/\\\/pans.krosno.pl\\\/b\\\/wp-content\\\/uploads\\\/sites\\\/21\\\/2022\\\/03\\\/P1100902-scaled.jpg\",\"width\":2560,\"height\":1920},{\"@type\":\"BreadcrumbList\",\"@id\":\"https:\\\/\\\/pans.krosno.pl\\\/b\\\/seminarium-regionalne-nt-identyfikacji-i-prognozowania-potrzeb-kwalifikacyjno-zawodowych-w-budownictwie\\\/#breadcrumb\",\"itemListElement\":[{\"@type\":\"ListItem\",\"position\":1,\"name\":\"Strona g\u0142\u00f3wna\",\"item\":\"https:\\\/\\\/pans.krosno.pl\\\/b\\\/\"},{\"@type\":\"ListItem\",\"position\":2,\"name\":\"Seminarium regionalne nt. identyfikacji i prognozowania potrzeb kwalifikacyjno-zawodowych w budownictwie\"}]},{\"@type\":\"WebSite\",\"@id\":\"https:\\\/\\\/pans.krosno.pl\\\/b\\\/#website\",\"url\":\"https:\\\/\\\/pans.krosno.pl\\\/b\\\/\",\"name\":\"Budownictwo PANS w Kro\u015bnie\",\"description\":\"Budownictwo - Pa\u0144stwowa Akademia Nauk Stosowanych\",\"publisher\":{\"@id\":\"https:\\\/\\\/pans.krosno.pl\\\/b\\\/#organization\"},\"potentialAction\":[{\"@type\":\"SearchAction\",\"target\":{\"@type\":\"EntryPoint\",\"urlTemplate\":\"https:\\\/\\\/pans.krosno.pl\\\/b\\\/?s={search_term_string}\"},\"query-input\":{\"@type\":\"PropertyValueSpecification\",\"valueRequired\":true,\"valueName\":\"search_term_string\"}}],\"inLanguage\":\"pl-PL\"},{\"@type\":\"Organization\",\"@id\":\"https:\\\/\\\/pans.krosno.pl\\\/b\\\/#organization\",\"name\":\"Budownictwo PANS w Kro\u015bnie\",\"url\":\"https:\\\/\\\/pans.krosno.pl\\\/b\\\/\",\"logo\":{\"@type\":\"ImageObject\",\"inLanguage\":\"pl-PL\",\"@id\":\"https:\\\/\\\/pans.krosno.pl\\\/b\\\/#\\\/schema\\\/logo\\\/image\\\/\",\"url\":\"https:\\\/\\\/pans.krosno.pl\\\/b\\\/wp-content\\\/uploads\\\/sites\\\/21\\\/2023\\\/01\\\/Logo-PANS-2022-pelne.png\",\"contentUrl\":\"https:\\\/\\\/pans.krosno.pl\\\/b\\\/wp-content\\\/uploads\\\/sites\\\/21\\\/2023\\\/01\\\/Logo-PANS-2022-pelne.png\",\"width\":3096,\"height\":696,\"caption\":\"Budownictwo PANS w Kro\u015bnie\"},\"image\":{\"@id\":\"https:\\\/\\\/pans.krosno.pl\\\/b\\\/#\\\/schema\\\/logo\\\/image\\\/\"}},{\"@type\":\"Person\",\"@id\":\"https:\\\/\\\/pans.krosno.pl\\\/b\\\/#\\\/schema\\\/person\\\/634d6b9e7bb9d41c7e46965732f119fb\",\"name\":\"dariuszlen\",\"image\":{\"@type\":\"ImageObject\",\"inLanguage\":\"pl-PL\",\"@id\":\"https:\\\/\\\/secure.gravatar.com\\\/avatar\\\/d51cbe065012c9a7ceb271b54636773af49c912883e07a57054c7fbc8e0c8366?s=96&d=mm&r=g\",\"url\":\"https:\\\/\\\/secure.gravatar.com\\\/avatar\\\/d51cbe065012c9a7ceb271b54636773af49c912883e07a57054c7fbc8e0c8366?s=96&d=mm&r=g\",\"contentUrl\":\"https:\\\/\\\/secure.gravatar.com\\\/avatar\\\/d51cbe065012c9a7ceb271b54636773af49c912883e07a57054c7fbc8e0c8366?s=96&d=mm&r=g\",\"caption\":\"dariuszlen\"},\"url\":\"https:\\\/\\\/pans.krosno.pl\\\/b\\\/author\\\/dariuszlen\\\/\"}]}<\/script>\n<!-- \/ Yoast SEO Premium plugin. -->","yoast_head_json":{"title":"Seminarium regionalne nt. identyfikacji i prognozowania potrzeb kwalifikacyjno-zawodowych w budownictwie - Budownictwo PANS w Kro\u015bnie","robots":{"index":"index","follow":"follow","max-snippet":"max-snippet:-1","max-image-preview":"max-image-preview:large","max-video-preview":"max-video-preview:-1"},"canonical":"https:\/\/pans.krosno.pl\/b\/seminarium-regionalne-nt-identyfikacji-i-prognozowania-potrzeb-kwalifikacyjno-zawodowych-w-budownictwie\/","og_locale":"pl_PL","og_type":"article","og_title":"Seminarium regionalne nt. identyfikacji i prognozowania potrzeb kwalifikacyjno-zawodowych w budownictwie","og_description":"Zapraszamy do udzia\u0142u w seminarium regionalnym nt. identyfikacji i prognozowania potrzeb kwalifikacyjno-zawodwych w budownictwie, kt\u00f3re odb\u0119dzie si\u0119 18 marca 2022 roku na terenie Kampusu Politechnicznego KPU w Kro\u015bnie. Cel: wymiana do\u015bwiadcze\u0144 w zakresie identyfikowania i prognozowania potrzeb kwalifikacyjno-zawodowych na rynku pracy w budownictwie w kr\u00f3tkiej i d\u0142ugiej perspektywie czasowej w [\u2026] Read More","og_url":"https:\/\/pans.krosno.pl\/b\/seminarium-regionalne-nt-identyfikacji-i-prognozowania-potrzeb-kwalifikacyjno-zawodowych-w-budownictwie\/","og_site_name":"Budownictwo PANS w Kro\u015bnie","article_published_time":"2022-03-04T11:19:44+00:00","article_modified_time":"2022-03-15T11:31:47+00:00","og_image":[{"width":2560,"height":1920,"url":"https:\/\/pans.krosno.pl\/wp-content\/uploads\/sites\/21\/2022\/03\/P1100902-scaled.jpg","type":"image\/jpeg"}],"author":"dariuszlen","twitter_card":"summary_large_image","twitter_misc":{"Napisane przez":"dariuszlen","Szacowany czas czytania":"1 minuta"},"schema":{"@context":"https:\/\/schema.org","@graph":[{"@type":"Article","@id":"https:\/\/pans.krosno.pl\/b\/seminarium-regionalne-nt-identyfikacji-i-prognozowania-potrzeb-kwalifikacyjno-zawodowych-w-budownictwie\/#article","isPartOf":{"@id":"https:\/\/pans.krosno.pl\/b\/seminarium-regionalne-nt-identyfikacji-i-prognozowania-potrzeb-kwalifikacyjno-zawodowych-w-budownictwie\/"},"author":{"name":"dariuszlen","@id":"https:\/\/pans.krosno.pl\/b\/#\/schema\/person\/634d6b9e7bb9d41c7e46965732f119fb"},"headline":"Seminarium regionalne nt. identyfikacji i prognozowania potrzeb kwalifikacyjno-zawodowych w budownictwie","datePublished":"2022-03-04T11:19:44+00:00","dateModified":"2022-03-15T11:31:47+00:00","mainEntityOfPage":{"@id":"https:\/\/pans.krosno.pl\/b\/seminarium-regionalne-nt-identyfikacji-i-prognozowania-potrzeb-kwalifikacyjno-zawodowych-w-budownictwie\/"},"wordCount":187,"commentCount":0,"publisher":{"@id":"https:\/\/pans.krosno.pl\/b\/#organization"},"image":{"@id":"https:\/\/pans.krosno.pl\/b\/seminarium-regionalne-nt-identyfikacji-i-prognozowania-potrzeb-kwalifikacyjno-zawodowych-w-budownictwie\/#primaryimage"},"thumbnailUrl":"https:\/\/pans.krosno.pl\/b\/wp-content\/uploads\/sites\/21\/2022\/03\/P1100902-scaled.jpg","inLanguage":"pl-PL","potentialAction":[{"@type":"CommentAction","name":"Comment","target":["https:\/\/pans.krosno.pl\/b\/seminarium-regionalne-nt-identyfikacji-i-prognozowania-potrzeb-kwalifikacyjno-zawodowych-w-budownictwie\/#respond"]}]},{"@type":"WebPage","@id":"https:\/\/pans.krosno.pl\/b\/seminarium-regionalne-nt-identyfikacji-i-prognozowania-potrzeb-kwalifikacyjno-zawodowych-w-budownictwie\/","url":"https:\/\/pans.krosno.pl\/b\/seminarium-regionalne-nt-identyfikacji-i-prognozowania-potrzeb-kwalifikacyjno-zawodowych-w-budownictwie\/","name":"Seminarium regionalne nt. identyfikacji i prognozowania potrzeb kwalifikacyjno-zawodowych w budownictwie - Budownictwo PANS w Kro\u015bnie","isPartOf":{"@id":"https:\/\/pans.krosno.pl\/b\/#website"},"primaryImageOfPage":{"@id":"https:\/\/pans.krosno.pl\/b\/seminarium-regionalne-nt-identyfikacji-i-prognozowania-potrzeb-kwalifikacyjno-zawodowych-w-budownictwie\/#primaryimage"},"image":{"@id":"https:\/\/pans.krosno.pl\/b\/seminarium-regionalne-nt-identyfikacji-i-prognozowania-potrzeb-kwalifikacyjno-zawodowych-w-budownictwie\/#primaryimage"},"thumbnailUrl":"https:\/\/pans.krosno.pl\/b\/wp-content\/uploads\/sites\/21\/2022\/03\/P1100902-scaled.jpg","datePublished":"2022-03-04T11:19:44+00:00","dateModified":"2022-03-15T11:31:47+00:00","breadcrumb":{"@id":"https:\/\/pans.krosno.pl\/b\/seminarium-regionalne-nt-identyfikacji-i-prognozowania-potrzeb-kwalifikacyjno-zawodowych-w-budownictwie\/#breadcrumb"},"inLanguage":"pl-PL","potentialAction":[{"@type":"ReadAction","target":["https:\/\/pans.krosno.pl\/b\/seminarium-regionalne-nt-identyfikacji-i-prognozowania-potrzeb-kwalifikacyjno-zawodowych-w-budownictwie\/"]}]},{"@type":"ImageObject","inLanguage":"pl-PL","@id":"https:\/\/pans.krosno.pl\/b\/seminarium-regionalne-nt-identyfikacji-i-prognozowania-potrzeb-kwalifikacyjno-zawodowych-w-budownictwie\/#primaryimage","url":"https:\/\/pans.krosno.pl\/b\/wp-content\/uploads\/sites\/21\/2022\/03\/P1100902-scaled.jpg","contentUrl":"https:\/\/pans.krosno.pl\/b\/wp-content\/uploads\/sites\/21\/2022\/03\/P1100902-scaled.jpg","width":2560,"height":1920},{"@type":"BreadcrumbList","@id":"https:\/\/pans.krosno.pl\/b\/seminarium-regionalne-nt-identyfikacji-i-prognozowania-potrzeb-kwalifikacyjno-zawodowych-w-budownictwie\/#breadcrumb","itemListElement":[{"@type":"ListItem","position":1,"name":"Strona g\u0142\u00f3wna","item":"https:\/\/pans.krosno.pl\/b\/"},{"@type":"ListItem","position":2,"name":"Seminarium regionalne nt. identyfikacji i prognozowania potrzeb kwalifikacyjno-zawodowych w budownictwie"}]},{"@type":"WebSite","@id":"https:\/\/pans.krosno.pl\/b\/#website","url":"https:\/\/pans.krosno.pl\/b\/","name":"Budownictwo PANS w Kro\u015bnie","description":"Budownictwo - Pa\u0144stwowa Akademia Nauk Stosowanych","publisher":{"@id":"https:\/\/pans.krosno.pl\/b\/#organization"},"potentialAction":[{"@type":"SearchAction","target":{"@type":"EntryPoint","urlTemplate":"https:\/\/pans.krosno.pl\/b\/?s={search_term_string}"},"query-input":{"@type":"PropertyValueSpecification","valueRequired":true,"valueName":"search_term_string"}}],"inLanguage":"pl-PL"},{"@type":"Organization","@id":"https:\/\/pans.krosno.pl\/b\/#organization","name":"Budownictwo PANS w Kro\u015bnie","url":"https:\/\/pans.krosno.pl\/b\/","logo":{"@type":"ImageObject","inLanguage":"pl-PL","@id":"https:\/\/pans.krosno.pl\/b\/#\/schema\/logo\/image\/","url":"https:\/\/pans.krosno.pl\/b\/wp-content\/uploads\/sites\/21\/2023\/01\/Logo-PANS-2022-pelne.png","contentUrl":"https:\/\/pans.krosno.pl\/b\/wp-content\/uploads\/sites\/21\/2023\/01\/Logo-PANS-2022-pelne.png","width":3096,"height":696,"caption":"Budownictwo PANS w Kro\u015bnie"},"image":{"@id":"https:\/\/pans.krosno.pl\/b\/#\/schema\/logo\/image\/"}},{"@type":"Person","@id":"https:\/\/pans.krosno.pl\/b\/#\/schema\/person\/634d6b9e7bb9d41c7e46965732f119fb","name":"dariuszlen","image":{"@type":"ImageObject","inLanguage":"pl-PL","@id":"https:\/\/secure.gravatar.com\/avatar\/d51cbe065012c9a7ceb271b54636773af49c912883e07a57054c7fbc8e0c8366?s=96&d=mm&r=g","url":"https:\/\/secure.gravatar.com\/avatar\/d51cbe065012c9a7ceb271b54636773af49c912883e07a57054c7fbc8e0c8366?s=96&d=mm&r=g","contentUrl":"https:\/\/secure.gravatar.com\/avatar\/d51cbe065012c9a7ceb271b54636773af49c912883e07a57054c7fbc8e0c8366?s=96&d=mm&r=g","caption":"dariuszlen"},"url":"https:\/\/pans.krosno.pl\/b\/author\/dariuszlen\/"}]}},"_links":{"self":[{"href":"https:\/\/pans.krosno.pl\/b\/wp-json\/wp\/v2\/posts\/1105","targetHints":{"allow":["GET"]}}],"collection":[{"href":"https:\/\/pans.krosno.pl\/b\/wp-json\/wp\/v2\/posts"}],"about":[{"href":"https:\/\/pans.krosno.pl\/b\/wp-json\/wp\/v2\/types\/post"}],"author":[{"embeddable":true,"href":"https:\/\/pans.krosno.pl\/b\/wp-json\/wp\/v2\/users\/11"}],"replies":[{"embeddable":true,"href":"https:\/\/pans.krosno.pl\/b\/wp-json\/wp\/v2\/comments?post=1105"}],"version-history":[{"count":7,"href":"https:\/\/pans.krosno.pl\/b\/wp-json\/wp\/v2\/posts\/1105\/revisions"}],"predecessor-version":[{"id":1141,"href":"https:\/\/pans.krosno.pl\/b\/wp-json\/wp\/v2\/posts\/1105\/revisions\/1141"}],"wp:featuredmedia":[{"embeddable":true,"href":"https:\/\/pans.krosno.pl\/b\/wp-json\/wp\/v2\/media\/1110"}],"wp:attachment":[{"href":"https:\/\/pans.krosno.pl\/b\/wp-json\/wp\/v2\/media?parent=1105"}],"wp:term":[{"taxonomy":"category","embeddable":true,"href":"https:\/\/pans.krosno.pl\/b\/wp-json\/wp\/v2\/categories?post=1105"},{"taxonomy":"post_tag","embeddable":true,"href":"https:\/\/pans.krosno.pl\/b\/wp-json\/wp\/v2\/tags?post=1105"}],"curies":[{"name":"wp","href":"https:\/\/api.w.org\/{rel}","templated":true}]}}