{"id":1069,"date":"2022-02-18T12:15:55","date_gmt":"2022-02-18T11:15:55","guid":{"rendered":"https:\/\/pans.krosno.pl\/b\/?p=1069"},"modified":"2022-02-18T12:15:57","modified_gmt":"2022-02-18T11:15:57","slug":"organizacja-semestru-letniego-2021-2022","status":"publish","type":"post","link":"https:\/\/pans.krosno.pl\/b\/organizacja-semestru-letniego-2021-2022\/","title":{"rendered":"Organizacja semestru letniego 2021\/2022"},"content":{"rendered":"\n<p>Zaj\u0119cia dydaktyczne w Karpackiej Pa\u0144stwowej Uczelni w Kro\u015bnie w terminie od 19 do 27.02.2022 b\u0119d\u0105 odbywa\u0107 si\u0119 zdalnie, zgodnie z trybem okre\u015blonym w Komunikacie Rektora nr 9\/21 z dnia 3 grudnia 2021 roku.<br>Od 28 lutego br. zaj\u0119cia w semestrze letnim na studiach stacjonarnych odbywaj\u0105 si\u0119 w trybie tradycyjnym jako podstawowym. Zaj\u0119cia na studiach niestacjonarnych oraz stacjonarnych 26+ realizowane s\u0105 w trybie tradycyjnym na Uczelni, a wybrane wyk\u0142ady w trybie hybrydowym.<br>Poprzez tryb hybrydowy nale\u017cy rozumie\u0107 odbywanie wyk\u0142ad\u00f3w zar\u00f3wno w formie bezpo\u015bredniej na Uczelni jak i w formie zdalnej. Forma zdalna oznacza prowadzenie kszta\u0142cenia z wykorzystaniem metod i technik kszta\u0142cenia na odleg\u0142o\u015b\u0107, tj. w trybie synchronicznym, zgodnie z harmonogramem zaj\u0119\u0107, za po\u015brednictwem platformy MS Teams lub platformy ZOOM.<\/p>\n","protected":false},"excerpt":{"rendered":"<p>Zaj\u0119cia dydaktyczne w Karpackiej Pa\u0144stwowej Uczelni w Kro\u015bnie w terminie od 19 do 27.02.2022 b\u0119d\u0105 odbywa\u0107 si\u0119 zdalnie, zgodnie z trybem okre\u015blonym w Komunikacie Rektora nr 9\/21 z dnia 3 grudnia 2021 roku.Od 28 lutego br. zaj\u0119cia w semestrze letnim na studiach stacjonarnych odbywaj\u0105 si\u0119 w trybie tradycyjnym jako podstawowym. [\u2026] <\/p>\n<div class=\"clear\"><\/div>\n<p><a class=\"more_link clearfix\" href=\"https:\/\/pans.krosno.pl\/b\/organizacja-semestru-letniego-2021-2022\/\" rel=\"nofollow\">Read More<\/a><\/p>\n","protected":false},"author":11,"featured_media":734,"comment_status":"open","ping_status":"open","sticky":false,"template":"","format":"standard","meta":{"ngg_post_thumbnail":0,"footnotes":""},"categories":[1],"tags":[],"class_list":["post-1069","post","type-post","status-publish","format-standard","has-post-thumbnail","hentry","category-bez-kategorii"],"yoast_head":"<!-- This site is optimized with the Yoast SEO Premium plugin v27.4 (Yoast SEO v27.4) - https:\/\/yoast.com\/product\/yoast-seo-premium-wordpress\/ -->\n<title>Organizacja semestru letniego 2021\/2022 - Budownictwo PANS w Kro\u015bnie<\/title>\n<meta name=\"robots\" content=\"index, follow, max-snippet:-1, max-image-preview:large, max-video-preview:-1\" \/>\n<link rel=\"canonical\" href=\"https:\/\/pans.krosno.pl\/b\/organizacja-semestru-letniego-2021-2022\/\" \/>\n<meta property=\"og:locale\" content=\"pl_PL\" \/>\n<meta property=\"og:type\" content=\"article\" \/>\n<meta property=\"og:title\" content=\"Organizacja semestru letniego 2021\/2022\" \/>\n<meta property=\"og:description\" content=\"Zaj\u0119cia dydaktyczne w Karpackiej Pa\u0144stwowej Uczelni w Kro\u015bnie w terminie od 19 do 27.02.2022 b\u0119d\u0105 odbywa\u0107 si\u0119 zdalnie, zgodnie z trybem okre\u015blonym w Komunikacie Rektora nr 9\/21 z dnia 3 grudnia 2021 roku.Od 28 lutego br. zaj\u0119cia w semestrze letnim na studiach stacjonarnych odbywaj\u0105 si\u0119 w trybie tradycyjnym jako podstawowym. [\u2026] Read More\" \/>\n<meta property=\"og:url\" content=\"https:\/\/pans.krosno.pl\/b\/organizacja-semestru-letniego-2021-2022\/\" \/>\n<meta property=\"og:site_name\" content=\"Budownictwo PANS w Kro\u015bnie\" \/>\n<meta property=\"article:published_time\" content=\"2022-02-18T11:15:55+00:00\" \/>\n<meta property=\"article:modified_time\" content=\"2022-02-18T11:15:57+00:00\" \/>\n<meta property=\"og:image\" content=\"https:\/\/pans.krosno.pl\/wp-content\/uploads\/sites\/21\/2021\/09\/Wazne.jpg\" \/>\n\t<meta property=\"og:image:width\" content=\"188\" \/>\n\t<meta property=\"og:image:height\" content=\"149\" \/>\n\t<meta property=\"og:image:type\" content=\"image\/jpeg\" \/>\n<meta name=\"author\" content=\"dariuszlen\" \/>\n<meta name=\"twitter:card\" content=\"summary_large_image\" \/>\n<meta name=\"twitter:label1\" content=\"Napisane przez\" \/>\n\t<meta name=\"twitter:data1\" content=\"dariuszlen\" \/>\n\t<meta name=\"twitter:label2\" content=\"Szacowany czas czytania\" \/>\n\t<meta name=\"twitter:data2\" content=\"1 minuta\" \/>\n<script type=\"application\/ld+json\" class=\"yoast-schema-graph\">{\"@context\":\"https:\\\/\\\/schema.org\",\"@graph\":[{\"@type\":\"Article\",\"@id\":\"https:\\\/\\\/pans.krosno.pl\\\/b\\\/organizacja-semestru-letniego-2021-2022\\\/#article\",\"isPartOf\":{\"@id\":\"https:\\\/\\\/pans.krosno.pl\\\/b\\\/organizacja-semestru-letniego-2021-2022\\\/\"},\"author\":{\"name\":\"dariuszlen\",\"@id\":\"https:\\\/\\\/pans.krosno.pl\\\/b\\\/#\\\/schema\\\/person\\\/634d6b9e7bb9d41c7e46965732f119fb\"},\"headline\":\"Organizacja semestru letniego 2021\\\/2022\",\"datePublished\":\"2022-02-18T11:15:55+00:00\",\"dateModified\":\"2022-02-18T11:15:57+00:00\",\"mainEntityOfPage\":{\"@id\":\"https:\\\/\\\/pans.krosno.pl\\\/b\\\/organizacja-semestru-letniego-2021-2022\\\/\"},\"wordCount\":131,\"commentCount\":0,\"publisher\":{\"@id\":\"https:\\\/\\\/pans.krosno.pl\\\/b\\\/#organization\"},\"image\":{\"@id\":\"https:\\\/\\\/pans.krosno.pl\\\/b\\\/organizacja-semestru-letniego-2021-2022\\\/#primaryimage\"},\"thumbnailUrl\":\"https:\\\/\\\/pans.krosno.pl\\\/b\\\/wp-content\\\/uploads\\\/sites\\\/21\\\/2021\\\/09\\\/Wazne.jpg\",\"inLanguage\":\"pl-PL\",\"potentialAction\":[{\"@type\":\"CommentAction\",\"name\":\"Comment\",\"target\":[\"https:\\\/\\\/pans.krosno.pl\\\/b\\\/organizacja-semestru-letniego-2021-2022\\\/#respond\"]}]},{\"@type\":\"WebPage\",\"@id\":\"https:\\\/\\\/pans.krosno.pl\\\/b\\\/organizacja-semestru-letniego-2021-2022\\\/\",\"url\":\"https:\\\/\\\/pans.krosno.pl\\\/b\\\/organizacja-semestru-letniego-2021-2022\\\/\",\"name\":\"Organizacja semestru letniego 2021\\\/2022 - Budownictwo PANS w Kro\u015bnie\",\"isPartOf\":{\"@id\":\"https:\\\/\\\/pans.krosno.pl\\\/b\\\/#website\"},\"primaryImageOfPage\":{\"@id\":\"https:\\\/\\\/pans.krosno.pl\\\/b\\\/organizacja-semestru-letniego-2021-2022\\\/#primaryimage\"},\"image\":{\"@id\":\"https:\\\/\\\/pans.krosno.pl\\\/b\\\/organizacja-semestru-letniego-2021-2022\\\/#primaryimage\"},\"thumbnailUrl\":\"https:\\\/\\\/pans.krosno.pl\\\/b\\\/wp-content\\\/uploads\\\/sites\\\/21\\\/2021\\\/09\\\/Wazne.jpg\",\"datePublished\":\"2022-02-18T11:15:55+00:00\",\"dateModified\":\"2022-02-18T11:15:57+00:00\",\"breadcrumb\":{\"@id\":\"https:\\\/\\\/pans.krosno.pl\\\/b\\\/organizacja-semestru-letniego-2021-2022\\\/#breadcrumb\"},\"inLanguage\":\"pl-PL\",\"potentialAction\":[{\"@type\":\"ReadAction\",\"target\":[\"https:\\\/\\\/pans.krosno.pl\\\/b\\\/organizacja-semestru-letniego-2021-2022\\\/\"]}]},{\"@type\":\"ImageObject\",\"inLanguage\":\"pl-PL\",\"@id\":\"https:\\\/\\\/pans.krosno.pl\\\/b\\\/organizacja-semestru-letniego-2021-2022\\\/#primaryimage\",\"url\":\"https:\\\/\\\/pans.krosno.pl\\\/b\\\/wp-content\\\/uploads\\\/sites\\\/21\\\/2021\\\/09\\\/Wazne.jpg\",\"contentUrl\":\"https:\\\/\\\/pans.krosno.pl\\\/b\\\/wp-content\\\/uploads\\\/sites\\\/21\\\/2021\\\/09\\\/Wazne.jpg\",\"width\":188,\"height\":149},{\"@type\":\"BreadcrumbList\",\"@id\":\"https:\\\/\\\/pans.krosno.pl\\\/b\\\/organizacja-semestru-letniego-2021-2022\\\/#breadcrumb\",\"itemListElement\":[{\"@type\":\"ListItem\",\"position\":1,\"name\":\"Strona g\u0142\u00f3wna\",\"item\":\"https:\\\/\\\/pans.krosno.pl\\\/b\\\/\"},{\"@type\":\"ListItem\",\"position\":2,\"name\":\"Organizacja semestru letniego 2021\\\/2022\"}]},{\"@type\":\"WebSite\",\"@id\":\"https:\\\/\\\/pans.krosno.pl\\\/b\\\/#website\",\"url\":\"https:\\\/\\\/pans.krosno.pl\\\/b\\\/\",\"name\":\"Budownictwo PANS w Kro\u015bnie\",\"description\":\"Budownictwo - Pa\u0144stwowa Akademia Nauk Stosowanych\",\"publisher\":{\"@id\":\"https:\\\/\\\/pans.krosno.pl\\\/b\\\/#organization\"},\"potentialAction\":[{\"@type\":\"SearchAction\",\"target\":{\"@type\":\"EntryPoint\",\"urlTemplate\":\"https:\\\/\\\/pans.krosno.pl\\\/b\\\/?s={search_term_string}\"},\"query-input\":{\"@type\":\"PropertyValueSpecification\",\"valueRequired\":true,\"valueName\":\"search_term_string\"}}],\"inLanguage\":\"pl-PL\"},{\"@type\":\"Organization\",\"@id\":\"https:\\\/\\\/pans.krosno.pl\\\/b\\\/#organization\",\"name\":\"Budownictwo PANS w Kro\u015bnie\",\"url\":\"https:\\\/\\\/pans.krosno.pl\\\/b\\\/\",\"logo\":{\"@type\":\"ImageObject\",\"inLanguage\":\"pl-PL\",\"@id\":\"https:\\\/\\\/pans.krosno.pl\\\/b\\\/#\\\/schema\\\/logo\\\/image\\\/\",\"url\":\"https:\\\/\\\/pans.krosno.pl\\\/b\\\/wp-content\\\/uploads\\\/sites\\\/21\\\/2023\\\/01\\\/Logo-PANS-2022-pelne.png\",\"contentUrl\":\"https:\\\/\\\/pans.krosno.pl\\\/b\\\/wp-content\\\/uploads\\\/sites\\\/21\\\/2023\\\/01\\\/Logo-PANS-2022-pelne.png\",\"width\":3096,\"height\":696,\"caption\":\"Budownictwo PANS w Kro\u015bnie\"},\"image\":{\"@id\":\"https:\\\/\\\/pans.krosno.pl\\\/b\\\/#\\\/schema\\\/logo\\\/image\\\/\"}},{\"@type\":\"Person\",\"@id\":\"https:\\\/\\\/pans.krosno.pl\\\/b\\\/#\\\/schema\\\/person\\\/634d6b9e7bb9d41c7e46965732f119fb\",\"name\":\"dariuszlen\",\"image\":{\"@type\":\"ImageObject\",\"inLanguage\":\"pl-PL\",\"@id\":\"https:\\\/\\\/secure.gravatar.com\\\/avatar\\\/d51cbe065012c9a7ceb271b54636773af49c912883e07a57054c7fbc8e0c8366?s=96&d=mm&r=g\",\"url\":\"https:\\\/\\\/secure.gravatar.com\\\/avatar\\\/d51cbe065012c9a7ceb271b54636773af49c912883e07a57054c7fbc8e0c8366?s=96&d=mm&r=g\",\"contentUrl\":\"https:\\\/\\\/secure.gravatar.com\\\/avatar\\\/d51cbe065012c9a7ceb271b54636773af49c912883e07a57054c7fbc8e0c8366?s=96&d=mm&r=g\",\"caption\":\"dariuszlen\"},\"url\":\"https:\\\/\\\/pans.krosno.pl\\\/b\\\/author\\\/dariuszlen\\\/\"}]}<\/script>\n<!-- \/ Yoast SEO Premium plugin. -->","yoast_head_json":{"title":"Organizacja semestru letniego 2021\/2022 - Budownictwo PANS w Kro\u015bnie","robots":{"index":"index","follow":"follow","max-snippet":"max-snippet:-1","max-image-preview":"max-image-preview:large","max-video-preview":"max-video-preview:-1"},"canonical":"https:\/\/pans.krosno.pl\/b\/organizacja-semestru-letniego-2021-2022\/","og_locale":"pl_PL","og_type":"article","og_title":"Organizacja semestru letniego 2021\/2022","og_description":"Zaj\u0119cia dydaktyczne w Karpackiej Pa\u0144stwowej Uczelni w Kro\u015bnie w terminie od 19 do 27.02.2022 b\u0119d\u0105 odbywa\u0107 si\u0119 zdalnie, zgodnie z trybem okre\u015blonym w Komunikacie Rektora nr 9\/21 z dnia 3 grudnia 2021 roku.Od 28 lutego br. zaj\u0119cia w semestrze letnim na studiach stacjonarnych odbywaj\u0105 si\u0119 w trybie tradycyjnym jako podstawowym. [\u2026] Read More","og_url":"https:\/\/pans.krosno.pl\/b\/organizacja-semestru-letniego-2021-2022\/","og_site_name":"Budownictwo PANS w Kro\u015bnie","article_published_time":"2022-02-18T11:15:55+00:00","article_modified_time":"2022-02-18T11:15:57+00:00","og_image":[{"width":188,"height":149,"url":"https:\/\/pans.krosno.pl\/wp-content\/uploads\/sites\/21\/2021\/09\/Wazne.jpg","type":"image\/jpeg"}],"author":"dariuszlen","twitter_card":"summary_large_image","twitter_misc":{"Napisane przez":"dariuszlen","Szacowany czas czytania":"1 minuta"},"schema":{"@context":"https:\/\/schema.org","@graph":[{"@type":"Article","@id":"https:\/\/pans.krosno.pl\/b\/organizacja-semestru-letniego-2021-2022\/#article","isPartOf":{"@id":"https:\/\/pans.krosno.pl\/b\/organizacja-semestru-letniego-2021-2022\/"},"author":{"name":"dariuszlen","@id":"https:\/\/pans.krosno.pl\/b\/#\/schema\/person\/634d6b9e7bb9d41c7e46965732f119fb"},"headline":"Organizacja semestru letniego 2021\/2022","datePublished":"2022-02-18T11:15:55+00:00","dateModified":"2022-02-18T11:15:57+00:00","mainEntityOfPage":{"@id":"https:\/\/pans.krosno.pl\/b\/organizacja-semestru-letniego-2021-2022\/"},"wordCount":131,"commentCount":0,"publisher":{"@id":"https:\/\/pans.krosno.pl\/b\/#organization"},"image":{"@id":"https:\/\/pans.krosno.pl\/b\/organizacja-semestru-letniego-2021-2022\/#primaryimage"},"thumbnailUrl":"https:\/\/pans.krosno.pl\/b\/wp-content\/uploads\/sites\/21\/2021\/09\/Wazne.jpg","inLanguage":"pl-PL","potentialAction":[{"@type":"CommentAction","name":"Comment","target":["https:\/\/pans.krosno.pl\/b\/organizacja-semestru-letniego-2021-2022\/#respond"]}]},{"@type":"WebPage","@id":"https:\/\/pans.krosno.pl\/b\/organizacja-semestru-letniego-2021-2022\/","url":"https:\/\/pans.krosno.pl\/b\/organizacja-semestru-letniego-2021-2022\/","name":"Organizacja semestru letniego 2021\/2022 - Budownictwo PANS w Kro\u015bnie","isPartOf":{"@id":"https:\/\/pans.krosno.pl\/b\/#website"},"primaryImageOfPage":{"@id":"https:\/\/pans.krosno.pl\/b\/organizacja-semestru-letniego-2021-2022\/#primaryimage"},"image":{"@id":"https:\/\/pans.krosno.pl\/b\/organizacja-semestru-letniego-2021-2022\/#primaryimage"},"thumbnailUrl":"https:\/\/pans.krosno.pl\/b\/wp-content\/uploads\/sites\/21\/2021\/09\/Wazne.jpg","datePublished":"2022-02-18T11:15:55+00:00","dateModified":"2022-02-18T11:15:57+00:00","breadcrumb":{"@id":"https:\/\/pans.krosno.pl\/b\/organizacja-semestru-letniego-2021-2022\/#breadcrumb"},"inLanguage":"pl-PL","potentialAction":[{"@type":"ReadAction","target":["https:\/\/pans.krosno.pl\/b\/organizacja-semestru-letniego-2021-2022\/"]}]},{"@type":"ImageObject","inLanguage":"pl-PL","@id":"https:\/\/pans.krosno.pl\/b\/organizacja-semestru-letniego-2021-2022\/#primaryimage","url":"https:\/\/pans.krosno.pl\/b\/wp-content\/uploads\/sites\/21\/2021\/09\/Wazne.jpg","contentUrl":"https:\/\/pans.krosno.pl\/b\/wp-content\/uploads\/sites\/21\/2021\/09\/Wazne.jpg","width":188,"height":149},{"@type":"BreadcrumbList","@id":"https:\/\/pans.krosno.pl\/b\/organizacja-semestru-letniego-2021-2022\/#breadcrumb","itemListElement":[{"@type":"ListItem","position":1,"name":"Strona g\u0142\u00f3wna","item":"https:\/\/pans.krosno.pl\/b\/"},{"@type":"ListItem","position":2,"name":"Organizacja semestru letniego 2021\/2022"}]},{"@type":"WebSite","@id":"https:\/\/pans.krosno.pl\/b\/#website","url":"https:\/\/pans.krosno.pl\/b\/","name":"Budownictwo PANS w Kro\u015bnie","description":"Budownictwo - Pa\u0144stwowa Akademia Nauk Stosowanych","publisher":{"@id":"https:\/\/pans.krosno.pl\/b\/#organization"},"potentialAction":[{"@type":"SearchAction","target":{"@type":"EntryPoint","urlTemplate":"https:\/\/pans.krosno.pl\/b\/?s={search_term_string}"},"query-input":{"@type":"PropertyValueSpecification","valueRequired":true,"valueName":"search_term_string"}}],"inLanguage":"pl-PL"},{"@type":"Organization","@id":"https:\/\/pans.krosno.pl\/b\/#organization","name":"Budownictwo PANS w Kro\u015bnie","url":"https:\/\/pans.krosno.pl\/b\/","logo":{"@type":"ImageObject","inLanguage":"pl-PL","@id":"https:\/\/pans.krosno.pl\/b\/#\/schema\/logo\/image\/","url":"https:\/\/pans.krosno.pl\/b\/wp-content\/uploads\/sites\/21\/2023\/01\/Logo-PANS-2022-pelne.png","contentUrl":"https:\/\/pans.krosno.pl\/b\/wp-content\/uploads\/sites\/21\/2023\/01\/Logo-PANS-2022-pelne.png","width":3096,"height":696,"caption":"Budownictwo PANS w Kro\u015bnie"},"image":{"@id":"https:\/\/pans.krosno.pl\/b\/#\/schema\/logo\/image\/"}},{"@type":"Person","@id":"https:\/\/pans.krosno.pl\/b\/#\/schema\/person\/634d6b9e7bb9d41c7e46965732f119fb","name":"dariuszlen","image":{"@type":"ImageObject","inLanguage":"pl-PL","@id":"https:\/\/secure.gravatar.com\/avatar\/d51cbe065012c9a7ceb271b54636773af49c912883e07a57054c7fbc8e0c8366?s=96&d=mm&r=g","url":"https:\/\/secure.gravatar.com\/avatar\/d51cbe065012c9a7ceb271b54636773af49c912883e07a57054c7fbc8e0c8366?s=96&d=mm&r=g","contentUrl":"https:\/\/secure.gravatar.com\/avatar\/d51cbe065012c9a7ceb271b54636773af49c912883e07a57054c7fbc8e0c8366?s=96&d=mm&r=g","caption":"dariuszlen"},"url":"https:\/\/pans.krosno.pl\/b\/author\/dariuszlen\/"}]}},"_links":{"self":[{"href":"https:\/\/pans.krosno.pl\/b\/wp-json\/wp\/v2\/posts\/1069","targetHints":{"allow":["GET"]}}],"collection":[{"href":"https:\/\/pans.krosno.pl\/b\/wp-json\/wp\/v2\/posts"}],"about":[{"href":"https:\/\/pans.krosno.pl\/b\/wp-json\/wp\/v2\/types\/post"}],"author":[{"embeddable":true,"href":"https:\/\/pans.krosno.pl\/b\/wp-json\/wp\/v2\/users\/11"}],"replies":[{"embeddable":true,"href":"https:\/\/pans.krosno.pl\/b\/wp-json\/wp\/v2\/comments?post=1069"}],"version-history":[{"count":2,"href":"https:\/\/pans.krosno.pl\/b\/wp-json\/wp\/v2\/posts\/1069\/revisions"}],"predecessor-version":[{"id":1071,"href":"https:\/\/pans.krosno.pl\/b\/wp-json\/wp\/v2\/posts\/1069\/revisions\/1071"}],"wp:featuredmedia":[{"embeddable":true,"href":"https:\/\/pans.krosno.pl\/b\/wp-json\/wp\/v2\/media\/734"}],"wp:attachment":[{"href":"https:\/\/pans.krosno.pl\/b\/wp-json\/wp\/v2\/media?parent=1069"}],"wp:term":[{"taxonomy":"category","embeddable":true,"href":"https:\/\/pans.krosno.pl\/b\/wp-json\/wp\/v2\/categories?post=1069"},{"taxonomy":"post_tag","embeddable":true,"href":"https:\/\/pans.krosno.pl\/b\/wp-json\/wp\/v2\/tags?post=1069"}],"curies":[{"name":"wp","href":"https:\/\/api.w.org\/{rel}","templated":true}]}}