{"id":1017,"date":"2022-01-24T10:36:19","date_gmt":"2022-01-24T09:36:19","guid":{"rendered":"https:\/\/pans.krosno.pl\/b\/?p=1017"},"modified":"2022-01-24T10:36:21","modified_gmt":"2022-01-24T09:36:21","slug":"i-edycja-konkursu-architektoniczno-inzynierskiego-pt-dwa-oblicza-jedna-przyszlosc","status":"publish","type":"post","link":"https:\/\/pans.krosno.pl\/b\/i-edycja-konkursu-architektoniczno-inzynierskiego-pt-dwa-oblicza-jedna-przyszlosc\/","title":{"rendered":"I Edycja Konkursu architektoniczno-in\u017cynierskiego pt. \u201eDWA OBLICZA JEDNA PRZYSZ\u0141O\u015a\u0106\u201d."},"content":{"rendered":"\n<figure class=\"wp-block-image size-large\"><img loading=\"lazy\" decoding=\"async\" width=\"1024\" height=\"610\" src=\"https:\/\/pans.krosno.pl\/b\/wp-content\/uploads\/sites\/21\/2022\/01\/61dc3df69592-1024x610.jpg\" alt=\"\" class=\"wp-image-1015\" srcset=\"https:\/\/pans.krosno.pl\/b\/wp-content\/uploads\/sites\/21\/2022\/01\/61dc3df69592-1024x610.jpg 1024w, https:\/\/pans.krosno.pl\/b\/wp-content\/uploads\/sites\/21\/2022\/01\/61dc3df69592-300x179.jpg 300w, https:\/\/pans.krosno.pl\/b\/wp-content\/uploads\/sites\/21\/2022\/01\/61dc3df69592-768x458.jpg 768w, https:\/\/pans.krosno.pl\/b\/wp-content\/uploads\/sites\/21\/2022\/01\/61dc3df69592-800x477.jpg 800w, https:\/\/pans.krosno.pl\/b\/wp-content\/uploads\/sites\/21\/2022\/01\/61dc3df69592-580x346.jpg 580w, https:\/\/pans.krosno.pl\/b\/wp-content\/uploads\/sites\/21\/2022\/01\/61dc3df69592.jpg 1200w\" sizes=\"auto, (max-width: 1024px) 100vw, 1024px\" \/><\/figure>\n\n\n\n<p class=\"has-medium-font-size\"><strong>Miesi\u0119cznik Builder oraz Stowarzyszenie Producent\u00f3w Beton\u00f3w zapraszaj\u0105 do udzia\u0142u w I EDYCJI KONKURSU ARCHITEKTONICZNO-IN\u017bYNIERSKIEGO PT. \u201eDWA OBLICZA JEDNA PRZYSZ\u0141O\u015a\u0106\u201d<\/strong><\/p>\n\n\n\n<p class=\"has-medium-font-size\"><strong>Zadanie konkursowe<\/strong><\/p>\n\n\n\n<p>Zadaniem uczestnik\u00f3w Konkursu \u201eDWA OBLICZA JEDNA PRZYSZ\u0141O\u015a\u0106\u201d jest \u201eProjekt koncepcyjny architektoniczno-in\u017cynierski wsp\u00f3\u0142czesnego akademika marze\u0144 w wybranej lokalizacji\u201d, uwzgl\u0119dniaj\u0105cy zastosowanie dw\u00f3ch podstawowych technologii: prefabrykacji betonowej oraz autoklawizowanego betonu kom\u00f3rkowego (ABK). Jednym z element\u00f3w edukacyjnych konkursu b\u0119dzie Maraton BIM, kt\u00f3ry odb\u0119dzie si\u0119 w Warszawie w dniach 9 -11 maja 2022 r.<\/p>\n\n\n\n<p class=\"has-medium-font-size\"><strong>Do kogo skierowany jest konkurs?<\/strong><\/p>\n\n\n\n<p>Konkurs skierowany jest do student\u00f3w z kierunk\u00f3w architektury i budownictwa og\u00f3lnopolskich uczelni wy\u017cszych. W konkursie mog\u0105 wzi\u0105\u0107 udzia\u0142 zespo\u0142y architektoniczno-budowlane reprezentuj\u0105ce o\u015brodki akademickie, prowadz\u0105ce kierunki kszta\u0142cenia architektura oraz budownictwo w uczelniach publicznych i prywatnych. Dan\u0105 uczelni\u0119 lub po\u0142\u0105czone dwie uczelnie, mo\u017ce reprezentowa\u0107 tylko jeden zesp\u00f3\u0142 projektowy. Do konkursu zostanie zakwalifikowanych maksymalnie 10 zespo\u0142\u00f3w, o czym b\u0119dzie decydowa\u0107 kolejno\u015b\u0107 przes\u0142ania kompletnego formularza zg\u0142oszenia zespo\u0142u.<\/p>\n\n\n\n<p class=\"has-medium-font-size\"><strong>Szczeg\u00f3\u0142y dotycz\u0105ce zg\u0142aszanych zespo\u0142\u00f3w<\/strong><\/p>\n\n\n\n<p>Zesp\u00f3\u0142 projektowy mo\u017ce sk\u0142ada\u0107 si\u0119 z maksymalnie 4 student\u00f3w, minimum po jednym z kierunk\u00f3w: architektura i budownictwo oraz z maksymalnie dw\u00f3ch opiekun\u00f3w \u2013 np. pracownik\u00f3w dydaktycznych uczelni, opiekun\u00f3w k\u00f3\u0142 naukowych.<\/p>\n\n\n\n<p class=\"has-medium-font-size\"><strong>Termin zg\u0142oszenia<\/strong><\/p>\n\n\n\n<p>Termin zg\u0142oszenia do konkursu to 31 stycznia 2022 r.<\/p>\n\n\n\n<p class=\"has-medium-font-size\"><strong>Linki do pe\u0142nej informacji o konkursie w serwisie builder4future.pl<\/strong><\/p>\n\n\n\n<p><a href=\"https:\/\/builder4future.pl\/category\/dwa-oblicza\/konkurs-spb\/\">O konkursie<\/a><\/p>\n\n\n\n<p><a href=\"https:\/\/builder4future.pl\/2021\/02\/03\/zadanie-konkursowe\/\">Zadanie konkursowe<\/a><\/p>\n\n\n\n<p><a href=\"https:\/\/builder4future.pl\/2021\/02\/03\/maraton-bim\/\">Maraton BIM<\/a><\/p>\n\n\n\n<p><a href=\"https:\/\/builder4future.pl\/2021\/02\/03\/regulamin\/\">Regulamin<\/a><\/p>\n\n\n\n<p><a href=\"https:\/\/builder4future.pl\/2021\/02\/03\/nagrody\/\">Nagrody<\/a><\/p>\n","protected":false},"excerpt":{"rendered":"<p>Miesi\u0119cznik Builder oraz Stowarzyszenie Producent\u00f3w Beton\u00f3w zapraszaj\u0105 do udzia\u0142u w I EDYCJI KONKURSU ARCHITEKTONICZNO-IN\u017bYNIERSKIEGO PT. \u201eDWA OBLICZA JEDNA PRZYSZ\u0141O\u015a\u0106\u201d Zadanie konkursowe Zadaniem uczestnik\u00f3w Konkursu \u201eDWA OBLICZA JEDNA PRZYSZ\u0141O\u015a\u0106\u201d jest \u201eProjekt koncepcyjny architektoniczno-in\u017cynierski wsp\u00f3\u0142czesnego akademika marze\u0144 w wybranej lokalizacji\u201d, uwzgl\u0119dniaj\u0105cy zastosowanie dw\u00f3ch podstawowych technologii: prefabrykacji betonowej oraz autoklawizowanego betonu kom\u00f3rkowego (ABK). [\u2026] <\/p>\n<div class=\"clear\"><\/div>\n<p><a class=\"more_link clearfix\" href=\"https:\/\/pans.krosno.pl\/b\/i-edycja-konkursu-architektoniczno-inzynierskiego-pt-dwa-oblicza-jedna-przyszlosc\/\" rel=\"nofollow\">Read More<\/a><\/p>\n","protected":false},"author":11,"featured_media":1015,"comment_status":"open","ping_status":"open","sticky":false,"template":"","format":"standard","meta":{"ngg_post_thumbnail":0,"footnotes":""},"categories":[1],"tags":[],"class_list":["post-1017","post","type-post","status-publish","format-standard","has-post-thumbnail","hentry","category-bez-kategorii"],"yoast_head":"<!-- This site is optimized with the Yoast SEO Premium plugin v27.4 (Yoast SEO v27.4) - https:\/\/yoast.com\/product\/yoast-seo-premium-wordpress\/ -->\n<title>I Edycja Konkursu architektoniczno-in\u017cynierskiego pt. \u201eDWA OBLICZA JEDNA PRZYSZ\u0141O\u015a\u0106\u201d. - Budownictwo PANS w Kro\u015bnie<\/title>\n<meta name=\"robots\" content=\"index, follow, max-snippet:-1, max-image-preview:large, max-video-preview:-1\" \/>\n<link rel=\"canonical\" href=\"https:\/\/pans.krosno.pl\/b\/i-edycja-konkursu-architektoniczno-inzynierskiego-pt-dwa-oblicza-jedna-przyszlosc\/\" \/>\n<meta property=\"og:locale\" content=\"pl_PL\" \/>\n<meta property=\"og:type\" content=\"article\" \/>\n<meta property=\"og:title\" content=\"I Edycja Konkursu architektoniczno-in\u017cynierskiego pt. \u201eDWA OBLICZA JEDNA PRZYSZ\u0141O\u015a\u0106\u201d.\" \/>\n<meta property=\"og:description\" content=\"Miesi\u0119cznik Builder oraz Stowarzyszenie Producent\u00f3w Beton\u00f3w zapraszaj\u0105 do udzia\u0142u w I EDYCJI KONKURSU ARCHITEKTONICZNO-IN\u017bYNIERSKIEGO PT. \u201eDWA OBLICZA JEDNA PRZYSZ\u0141O\u015a\u0106\u201d Zadanie konkursowe Zadaniem uczestnik\u00f3w Konkursu \u201eDWA OBLICZA JEDNA PRZYSZ\u0141O\u015a\u0106\u201d jest \u201eProjekt koncepcyjny architektoniczno-in\u017cynierski wsp\u00f3\u0142czesnego akademika marze\u0144 w wybranej lokalizacji\u201d, uwzgl\u0119dniaj\u0105cy zastosowanie dw\u00f3ch podstawowych technologii: prefabrykacji betonowej oraz autoklawizowanego betonu kom\u00f3rkowego (ABK). [\u2026] Read More\" \/>\n<meta property=\"og:url\" content=\"https:\/\/pans.krosno.pl\/b\/i-edycja-konkursu-architektoniczno-inzynierskiego-pt-dwa-oblicza-jedna-przyszlosc\/\" \/>\n<meta property=\"og:site_name\" content=\"Budownictwo PANS w Kro\u015bnie\" \/>\n<meta property=\"article:published_time\" content=\"2022-01-24T09:36:19+00:00\" \/>\n<meta property=\"article:modified_time\" content=\"2022-01-24T09:36:21+00:00\" \/>\n<meta property=\"og:image\" content=\"https:\/\/pans.krosno.pl\/wp-content\/uploads\/sites\/21\/2022\/01\/61dc3df69592.jpg\" \/>\n\t<meta property=\"og:image:width\" content=\"1200\" \/>\n\t<meta property=\"og:image:height\" content=\"715\" \/>\n\t<meta property=\"og:image:type\" content=\"image\/jpeg\" \/>\n<meta name=\"author\" content=\"dariuszlen\" \/>\n<meta name=\"twitter:card\" content=\"summary_large_image\" \/>\n<meta name=\"twitter:label1\" content=\"Napisane przez\" \/>\n\t<meta name=\"twitter:data1\" content=\"dariuszlen\" \/>\n\t<meta name=\"twitter:label2\" content=\"Szacowany czas czytania\" \/>\n\t<meta name=\"twitter:data2\" content=\"2 minuty\" \/>\n<script type=\"application\/ld+json\" class=\"yoast-schema-graph\">{\"@context\":\"https:\\\/\\\/schema.org\",\"@graph\":[{\"@type\":\"Article\",\"@id\":\"https:\\\/\\\/pans.krosno.pl\\\/b\\\/i-edycja-konkursu-architektoniczno-inzynierskiego-pt-dwa-oblicza-jedna-przyszlosc\\\/#article\",\"isPartOf\":{\"@id\":\"https:\\\/\\\/pans.krosno.pl\\\/b\\\/i-edycja-konkursu-architektoniczno-inzynierskiego-pt-dwa-oblicza-jedna-przyszlosc\\\/\"},\"author\":{\"name\":\"dariuszlen\",\"@id\":\"https:\\\/\\\/pans.krosno.pl\\\/b\\\/#\\\/schema\\\/person\\\/634d6b9e7bb9d41c7e46965732f119fb\"},\"headline\":\"I Edycja Konkursu architektoniczno-in\u017cynierskiego pt. \u201eDWA OBLICZA JEDNA PRZYSZ\u0141O\u015a\u0106\u201d.\",\"datePublished\":\"2022-01-24T09:36:19+00:00\",\"dateModified\":\"2022-01-24T09:36:21+00:00\",\"mainEntityOfPage\":{\"@id\":\"https:\\\/\\\/pans.krosno.pl\\\/b\\\/i-edycja-konkursu-architektoniczno-inzynierskiego-pt-dwa-oblicza-jedna-przyszlosc\\\/\"},\"wordCount\":255,\"commentCount\":0,\"publisher\":{\"@id\":\"https:\\\/\\\/pans.krosno.pl\\\/b\\\/#organization\"},\"image\":{\"@id\":\"https:\\\/\\\/pans.krosno.pl\\\/b\\\/i-edycja-konkursu-architektoniczno-inzynierskiego-pt-dwa-oblicza-jedna-przyszlosc\\\/#primaryimage\"},\"thumbnailUrl\":\"https:\\\/\\\/pans.krosno.pl\\\/b\\\/wp-content\\\/uploads\\\/sites\\\/21\\\/2022\\\/01\\\/61dc3df69592.jpg\",\"inLanguage\":\"pl-PL\",\"potentialAction\":[{\"@type\":\"CommentAction\",\"name\":\"Comment\",\"target\":[\"https:\\\/\\\/pans.krosno.pl\\\/b\\\/i-edycja-konkursu-architektoniczno-inzynierskiego-pt-dwa-oblicza-jedna-przyszlosc\\\/#respond\"]}]},{\"@type\":\"WebPage\",\"@id\":\"https:\\\/\\\/pans.krosno.pl\\\/b\\\/i-edycja-konkursu-architektoniczno-inzynierskiego-pt-dwa-oblicza-jedna-przyszlosc\\\/\",\"url\":\"https:\\\/\\\/pans.krosno.pl\\\/b\\\/i-edycja-konkursu-architektoniczno-inzynierskiego-pt-dwa-oblicza-jedna-przyszlosc\\\/\",\"name\":\"I Edycja Konkursu architektoniczno-in\u017cynierskiego pt. \u201eDWA OBLICZA JEDNA PRZYSZ\u0141O\u015a\u0106\u201d. - Budownictwo PANS w Kro\u015bnie\",\"isPartOf\":{\"@id\":\"https:\\\/\\\/pans.krosno.pl\\\/b\\\/#website\"},\"primaryImageOfPage\":{\"@id\":\"https:\\\/\\\/pans.krosno.pl\\\/b\\\/i-edycja-konkursu-architektoniczno-inzynierskiego-pt-dwa-oblicza-jedna-przyszlosc\\\/#primaryimage\"},\"image\":{\"@id\":\"https:\\\/\\\/pans.krosno.pl\\\/b\\\/i-edycja-konkursu-architektoniczno-inzynierskiego-pt-dwa-oblicza-jedna-przyszlosc\\\/#primaryimage\"},\"thumbnailUrl\":\"https:\\\/\\\/pans.krosno.pl\\\/b\\\/wp-content\\\/uploads\\\/sites\\\/21\\\/2022\\\/01\\\/61dc3df69592.jpg\",\"datePublished\":\"2022-01-24T09:36:19+00:00\",\"dateModified\":\"2022-01-24T09:36:21+00:00\",\"breadcrumb\":{\"@id\":\"https:\\\/\\\/pans.krosno.pl\\\/b\\\/i-edycja-konkursu-architektoniczno-inzynierskiego-pt-dwa-oblicza-jedna-przyszlosc\\\/#breadcrumb\"},\"inLanguage\":\"pl-PL\",\"potentialAction\":[{\"@type\":\"ReadAction\",\"target\":[\"https:\\\/\\\/pans.krosno.pl\\\/b\\\/i-edycja-konkursu-architektoniczno-inzynierskiego-pt-dwa-oblicza-jedna-przyszlosc\\\/\"]}]},{\"@type\":\"ImageObject\",\"inLanguage\":\"pl-PL\",\"@id\":\"https:\\\/\\\/pans.krosno.pl\\\/b\\\/i-edycja-konkursu-architektoniczno-inzynierskiego-pt-dwa-oblicza-jedna-przyszlosc\\\/#primaryimage\",\"url\":\"https:\\\/\\\/pans.krosno.pl\\\/b\\\/wp-content\\\/uploads\\\/sites\\\/21\\\/2022\\\/01\\\/61dc3df69592.jpg\",\"contentUrl\":\"https:\\\/\\\/pans.krosno.pl\\\/b\\\/wp-content\\\/uploads\\\/sites\\\/21\\\/2022\\\/01\\\/61dc3df69592.jpg\",\"width\":1200,\"height\":715},{\"@type\":\"BreadcrumbList\",\"@id\":\"https:\\\/\\\/pans.krosno.pl\\\/b\\\/i-edycja-konkursu-architektoniczno-inzynierskiego-pt-dwa-oblicza-jedna-przyszlosc\\\/#breadcrumb\",\"itemListElement\":[{\"@type\":\"ListItem\",\"position\":1,\"name\":\"Strona g\u0142\u00f3wna\",\"item\":\"https:\\\/\\\/pans.krosno.pl\\\/b\\\/\"},{\"@type\":\"ListItem\",\"position\":2,\"name\":\"I Edycja Konkursu architektoniczno-in\u017cynierskiego pt. \u201eDWA OBLICZA JEDNA PRZYSZ\u0141O\u015a\u0106\u201d.\"}]},{\"@type\":\"WebSite\",\"@id\":\"https:\\\/\\\/pans.krosno.pl\\\/b\\\/#website\",\"url\":\"https:\\\/\\\/pans.krosno.pl\\\/b\\\/\",\"name\":\"Budownictwo PANS w Kro\u015bnie\",\"description\":\"Budownictwo - Pa\u0144stwowa Akademia Nauk Stosowanych\",\"publisher\":{\"@id\":\"https:\\\/\\\/pans.krosno.pl\\\/b\\\/#organization\"},\"potentialAction\":[{\"@type\":\"SearchAction\",\"target\":{\"@type\":\"EntryPoint\",\"urlTemplate\":\"https:\\\/\\\/pans.krosno.pl\\\/b\\\/?s={search_term_string}\"},\"query-input\":{\"@type\":\"PropertyValueSpecification\",\"valueRequired\":true,\"valueName\":\"search_term_string\"}}],\"inLanguage\":\"pl-PL\"},{\"@type\":\"Organization\",\"@id\":\"https:\\\/\\\/pans.krosno.pl\\\/b\\\/#organization\",\"name\":\"Budownictwo PANS w Kro\u015bnie\",\"url\":\"https:\\\/\\\/pans.krosno.pl\\\/b\\\/\",\"logo\":{\"@type\":\"ImageObject\",\"inLanguage\":\"pl-PL\",\"@id\":\"https:\\\/\\\/pans.krosno.pl\\\/b\\\/#\\\/schema\\\/logo\\\/image\\\/\",\"url\":\"https:\\\/\\\/pans.krosno.pl\\\/b\\\/wp-content\\\/uploads\\\/sites\\\/21\\\/2023\\\/01\\\/Logo-PANS-2022-pelne.png\",\"contentUrl\":\"https:\\\/\\\/pans.krosno.pl\\\/b\\\/wp-content\\\/uploads\\\/sites\\\/21\\\/2023\\\/01\\\/Logo-PANS-2022-pelne.png\",\"width\":3096,\"height\":696,\"caption\":\"Budownictwo PANS w Kro\u015bnie\"},\"image\":{\"@id\":\"https:\\\/\\\/pans.krosno.pl\\\/b\\\/#\\\/schema\\\/logo\\\/image\\\/\"}},{\"@type\":\"Person\",\"@id\":\"https:\\\/\\\/pans.krosno.pl\\\/b\\\/#\\\/schema\\\/person\\\/634d6b9e7bb9d41c7e46965732f119fb\",\"name\":\"dariuszlen\",\"image\":{\"@type\":\"ImageObject\",\"inLanguage\":\"pl-PL\",\"@id\":\"https:\\\/\\\/secure.gravatar.com\\\/avatar\\\/d51cbe065012c9a7ceb271b54636773af49c912883e07a57054c7fbc8e0c8366?s=96&d=mm&r=g\",\"url\":\"https:\\\/\\\/secure.gravatar.com\\\/avatar\\\/d51cbe065012c9a7ceb271b54636773af49c912883e07a57054c7fbc8e0c8366?s=96&d=mm&r=g\",\"contentUrl\":\"https:\\\/\\\/secure.gravatar.com\\\/avatar\\\/d51cbe065012c9a7ceb271b54636773af49c912883e07a57054c7fbc8e0c8366?s=96&d=mm&r=g\",\"caption\":\"dariuszlen\"},\"url\":\"https:\\\/\\\/pans.krosno.pl\\\/b\\\/author\\\/dariuszlen\\\/\"}]}<\/script>\n<!-- \/ Yoast SEO Premium plugin. -->","yoast_head_json":{"title":"I Edycja Konkursu architektoniczno-in\u017cynierskiego pt. \u201eDWA OBLICZA JEDNA PRZYSZ\u0141O\u015a\u0106\u201d. - Budownictwo PANS w Kro\u015bnie","robots":{"index":"index","follow":"follow","max-snippet":"max-snippet:-1","max-image-preview":"max-image-preview:large","max-video-preview":"max-video-preview:-1"},"canonical":"https:\/\/pans.krosno.pl\/b\/i-edycja-konkursu-architektoniczno-inzynierskiego-pt-dwa-oblicza-jedna-przyszlosc\/","og_locale":"pl_PL","og_type":"article","og_title":"I Edycja Konkursu architektoniczno-in\u017cynierskiego pt. \u201eDWA OBLICZA JEDNA PRZYSZ\u0141O\u015a\u0106\u201d.","og_description":"Miesi\u0119cznik Builder oraz Stowarzyszenie Producent\u00f3w Beton\u00f3w zapraszaj\u0105 do udzia\u0142u w I EDYCJI KONKURSU ARCHITEKTONICZNO-IN\u017bYNIERSKIEGO PT. \u201eDWA OBLICZA JEDNA PRZYSZ\u0141O\u015a\u0106\u201d Zadanie konkursowe Zadaniem uczestnik\u00f3w Konkursu \u201eDWA OBLICZA JEDNA PRZYSZ\u0141O\u015a\u0106\u201d jest \u201eProjekt koncepcyjny architektoniczno-in\u017cynierski wsp\u00f3\u0142czesnego akademika marze\u0144 w wybranej lokalizacji\u201d, uwzgl\u0119dniaj\u0105cy zastosowanie dw\u00f3ch podstawowych technologii: prefabrykacji betonowej oraz autoklawizowanego betonu kom\u00f3rkowego (ABK). [\u2026] Read More","og_url":"https:\/\/pans.krosno.pl\/b\/i-edycja-konkursu-architektoniczno-inzynierskiego-pt-dwa-oblicza-jedna-przyszlosc\/","og_site_name":"Budownictwo PANS w Kro\u015bnie","article_published_time":"2022-01-24T09:36:19+00:00","article_modified_time":"2022-01-24T09:36:21+00:00","og_image":[{"width":1200,"height":715,"url":"https:\/\/pans.krosno.pl\/wp-content\/uploads\/sites\/21\/2022\/01\/61dc3df69592.jpg","type":"image\/jpeg"}],"author":"dariuszlen","twitter_card":"summary_large_image","twitter_misc":{"Napisane przez":"dariuszlen","Szacowany czas czytania":"2 minuty"},"schema":{"@context":"https:\/\/schema.org","@graph":[{"@type":"Article","@id":"https:\/\/pans.krosno.pl\/b\/i-edycja-konkursu-architektoniczno-inzynierskiego-pt-dwa-oblicza-jedna-przyszlosc\/#article","isPartOf":{"@id":"https:\/\/pans.krosno.pl\/b\/i-edycja-konkursu-architektoniczno-inzynierskiego-pt-dwa-oblicza-jedna-przyszlosc\/"},"author":{"name":"dariuszlen","@id":"https:\/\/pans.krosno.pl\/b\/#\/schema\/person\/634d6b9e7bb9d41c7e46965732f119fb"},"headline":"I Edycja Konkursu architektoniczno-in\u017cynierskiego pt. \u201eDWA OBLICZA JEDNA PRZYSZ\u0141O\u015a\u0106\u201d.","datePublished":"2022-01-24T09:36:19+00:00","dateModified":"2022-01-24T09:36:21+00:00","mainEntityOfPage":{"@id":"https:\/\/pans.krosno.pl\/b\/i-edycja-konkursu-architektoniczno-inzynierskiego-pt-dwa-oblicza-jedna-przyszlosc\/"},"wordCount":255,"commentCount":0,"publisher":{"@id":"https:\/\/pans.krosno.pl\/b\/#organization"},"image":{"@id":"https:\/\/pans.krosno.pl\/b\/i-edycja-konkursu-architektoniczno-inzynierskiego-pt-dwa-oblicza-jedna-przyszlosc\/#primaryimage"},"thumbnailUrl":"https:\/\/pans.krosno.pl\/b\/wp-content\/uploads\/sites\/21\/2022\/01\/61dc3df69592.jpg","inLanguage":"pl-PL","potentialAction":[{"@type":"CommentAction","name":"Comment","target":["https:\/\/pans.krosno.pl\/b\/i-edycja-konkursu-architektoniczno-inzynierskiego-pt-dwa-oblicza-jedna-przyszlosc\/#respond"]}]},{"@type":"WebPage","@id":"https:\/\/pans.krosno.pl\/b\/i-edycja-konkursu-architektoniczno-inzynierskiego-pt-dwa-oblicza-jedna-przyszlosc\/","url":"https:\/\/pans.krosno.pl\/b\/i-edycja-konkursu-architektoniczno-inzynierskiego-pt-dwa-oblicza-jedna-przyszlosc\/","name":"I Edycja Konkursu architektoniczno-in\u017cynierskiego pt. \u201eDWA OBLICZA JEDNA PRZYSZ\u0141O\u015a\u0106\u201d. - Budownictwo PANS w Kro\u015bnie","isPartOf":{"@id":"https:\/\/pans.krosno.pl\/b\/#website"},"primaryImageOfPage":{"@id":"https:\/\/pans.krosno.pl\/b\/i-edycja-konkursu-architektoniczno-inzynierskiego-pt-dwa-oblicza-jedna-przyszlosc\/#primaryimage"},"image":{"@id":"https:\/\/pans.krosno.pl\/b\/i-edycja-konkursu-architektoniczno-inzynierskiego-pt-dwa-oblicza-jedna-przyszlosc\/#primaryimage"},"thumbnailUrl":"https:\/\/pans.krosno.pl\/b\/wp-content\/uploads\/sites\/21\/2022\/01\/61dc3df69592.jpg","datePublished":"2022-01-24T09:36:19+00:00","dateModified":"2022-01-24T09:36:21+00:00","breadcrumb":{"@id":"https:\/\/pans.krosno.pl\/b\/i-edycja-konkursu-architektoniczno-inzynierskiego-pt-dwa-oblicza-jedna-przyszlosc\/#breadcrumb"},"inLanguage":"pl-PL","potentialAction":[{"@type":"ReadAction","target":["https:\/\/pans.krosno.pl\/b\/i-edycja-konkursu-architektoniczno-inzynierskiego-pt-dwa-oblicza-jedna-przyszlosc\/"]}]},{"@type":"ImageObject","inLanguage":"pl-PL","@id":"https:\/\/pans.krosno.pl\/b\/i-edycja-konkursu-architektoniczno-inzynierskiego-pt-dwa-oblicza-jedna-przyszlosc\/#primaryimage","url":"https:\/\/pans.krosno.pl\/b\/wp-content\/uploads\/sites\/21\/2022\/01\/61dc3df69592.jpg","contentUrl":"https:\/\/pans.krosno.pl\/b\/wp-content\/uploads\/sites\/21\/2022\/01\/61dc3df69592.jpg","width":1200,"height":715},{"@type":"BreadcrumbList","@id":"https:\/\/pans.krosno.pl\/b\/i-edycja-konkursu-architektoniczno-inzynierskiego-pt-dwa-oblicza-jedna-przyszlosc\/#breadcrumb","itemListElement":[{"@type":"ListItem","position":1,"name":"Strona g\u0142\u00f3wna","item":"https:\/\/pans.krosno.pl\/b\/"},{"@type":"ListItem","position":2,"name":"I Edycja Konkursu architektoniczno-in\u017cynierskiego pt. \u201eDWA OBLICZA JEDNA PRZYSZ\u0141O\u015a\u0106\u201d."}]},{"@type":"WebSite","@id":"https:\/\/pans.krosno.pl\/b\/#website","url":"https:\/\/pans.krosno.pl\/b\/","name":"Budownictwo PANS w Kro\u015bnie","description":"Budownictwo - Pa\u0144stwowa Akademia Nauk Stosowanych","publisher":{"@id":"https:\/\/pans.krosno.pl\/b\/#organization"},"potentialAction":[{"@type":"SearchAction","target":{"@type":"EntryPoint","urlTemplate":"https:\/\/pans.krosno.pl\/b\/?s={search_term_string}"},"query-input":{"@type":"PropertyValueSpecification","valueRequired":true,"valueName":"search_term_string"}}],"inLanguage":"pl-PL"},{"@type":"Organization","@id":"https:\/\/pans.krosno.pl\/b\/#organization","name":"Budownictwo PANS w Kro\u015bnie","url":"https:\/\/pans.krosno.pl\/b\/","logo":{"@type":"ImageObject","inLanguage":"pl-PL","@id":"https:\/\/pans.krosno.pl\/b\/#\/schema\/logo\/image\/","url":"https:\/\/pans.krosno.pl\/b\/wp-content\/uploads\/sites\/21\/2023\/01\/Logo-PANS-2022-pelne.png","contentUrl":"https:\/\/pans.krosno.pl\/b\/wp-content\/uploads\/sites\/21\/2023\/01\/Logo-PANS-2022-pelne.png","width":3096,"height":696,"caption":"Budownictwo PANS w Kro\u015bnie"},"image":{"@id":"https:\/\/pans.krosno.pl\/b\/#\/schema\/logo\/image\/"}},{"@type":"Person","@id":"https:\/\/pans.krosno.pl\/b\/#\/schema\/person\/634d6b9e7bb9d41c7e46965732f119fb","name":"dariuszlen","image":{"@type":"ImageObject","inLanguage":"pl-PL","@id":"https:\/\/secure.gravatar.com\/avatar\/d51cbe065012c9a7ceb271b54636773af49c912883e07a57054c7fbc8e0c8366?s=96&d=mm&r=g","url":"https:\/\/secure.gravatar.com\/avatar\/d51cbe065012c9a7ceb271b54636773af49c912883e07a57054c7fbc8e0c8366?s=96&d=mm&r=g","contentUrl":"https:\/\/secure.gravatar.com\/avatar\/d51cbe065012c9a7ceb271b54636773af49c912883e07a57054c7fbc8e0c8366?s=96&d=mm&r=g","caption":"dariuszlen"},"url":"https:\/\/pans.krosno.pl\/b\/author\/dariuszlen\/"}]}},"_links":{"self":[{"href":"https:\/\/pans.krosno.pl\/b\/wp-json\/wp\/v2\/posts\/1017","targetHints":{"allow":["GET"]}}],"collection":[{"href":"https:\/\/pans.krosno.pl\/b\/wp-json\/wp\/v2\/posts"}],"about":[{"href":"https:\/\/pans.krosno.pl\/b\/wp-json\/wp\/v2\/types\/post"}],"author":[{"embeddable":true,"href":"https:\/\/pans.krosno.pl\/b\/wp-json\/wp\/v2\/users\/11"}],"replies":[{"embeddable":true,"href":"https:\/\/pans.krosno.pl\/b\/wp-json\/wp\/v2\/comments?post=1017"}],"version-history":[{"count":3,"href":"https:\/\/pans.krosno.pl\/b\/wp-json\/wp\/v2\/posts\/1017\/revisions"}],"predecessor-version":[{"id":1020,"href":"https:\/\/pans.krosno.pl\/b\/wp-json\/wp\/v2\/posts\/1017\/revisions\/1020"}],"wp:featuredmedia":[{"embeddable":true,"href":"https:\/\/pans.krosno.pl\/b\/wp-json\/wp\/v2\/media\/1015"}],"wp:attachment":[{"href":"https:\/\/pans.krosno.pl\/b\/wp-json\/wp\/v2\/media?parent=1017"}],"wp:term":[{"taxonomy":"category","embeddable":true,"href":"https:\/\/pans.krosno.pl\/b\/wp-json\/wp\/v2\/categories?post=1017"},{"taxonomy":"post_tag","embeddable":true,"href":"https:\/\/pans.krosno.pl\/b\/wp-json\/wp\/v2\/tags?post=1017"}],"curies":[{"name":"wp","href":"https:\/\/api.w.org\/{rel}","templated":true}]}}