{"id":2956,"date":"2022-02-22T09:58:59","date_gmt":"2022-02-22T08:58:59","guid":{"rendered":"https:\/\/pans.krosno.pl\/azs\/?p=2956"},"modified":"2022-02-22T10:00:06","modified_gmt":"2022-02-22T09:00:06","slug":"iii-bieg-pamieci-zolnierzy-wykletych-tropem-wilczym-2","status":"publish","type":"post","link":"https:\/\/pans.krosno.pl\/azs\/iii-bieg-pamieci-zolnierzy-wykletych-tropem-wilczym-2\/","title":{"rendered":"III Bieg Pami\u0119ci \u017bo\u0142nierzy Wykl\u0119tych \u201eTropem Wilczym\u201d"},"content":{"rendered":"\n<p>Przed Nami III Bieg Pami\u0119ci \u017bo\u0142nierzy Wykl\u0119tych \u201eTropem Wilczym\u201d, kt\u00f3ry odb\u0119dzie si\u0119 ju\u017c <strong>6 marca <\/strong>na Kro\u015bnie\u0144skim Rynku! <\/p>\n\n\n\n<p>Zapiszcie si\u0119 i otrzymajcie pakiet startowy! Po uko\u0144czeniu Biegu otrzymuje si\u0119 medal, kt\u00f3ry mo\u017cna po\u0142\u0105czy\u0107 z medalami z wcze\u015bniejszych edycji <\/p>\n\n\n\n<p>Rejestracja na bieg: <a href=\"https:\/\/ankiety.pwsz.krosno.pl\/index.php?r=survey%2Findex&amp;sid=761866&amp;lang=pl&amp;fbclid=IwAR1mFhjTHqWjIagse1HdjGbjCVI8Noql0RaGPs0Sv77QKyqm8uBoGG18x5A\" rel=\"noreferrer noopener\" target=\"_blank\">https:\/\/ankiety.pwsz.krosno.pl\/index.php?r=survey\/index&amp;sid=761866&amp;lang=pl<\/a>do 3 marca 2022 roku. <\/p>\n\n\n\n<p>Op\u0142ata startowa w wysoko\u015bci <strong>15 z\u0142<\/strong> na konto: Karpacka Pa\u0144stwowa Uczelnia w Kro\u015bnie ul. Rynek 1, 38-400 Krosno.<br>Bank PEKAO S.A. <br><strong>nr konta:<\/strong> 39 1240 2311 1111 00 10 5453 8749<br><strong>Tytu\u0142em:<\/strong> Imi\u0119 i nazwisko III Bieg Tropem Wilczym<\/p>\n\n\n\n<p>Szczeg\u00f3\u0142y oraz formularz zg\u0142oszeniowy dost\u0119pny na stronie: <a href=\"https:\/\/pans.krosno.pl\/azs\/bieg-tropem-wilczym\/?fbclid=IwAR3_yr9aJVC-L9slZJ2j56Yo8_onTi4SytHxBgpDeTdVkE3WwAjvXwcsIe8\" rel=\"noreferrer noopener\" target=\"_blank\">https:\/\/pans.krosno.pl\/azs\/bieg-tropem-wilczym\/<\/a><\/p>\n\n\n\n<figure class=\"wp-block-image size-full\"><img loading=\"lazy\" decoding=\"async\" width=\"554\" height=\"960\" src=\"https:\/\/pans.krosno.pl\/azs\/wp-content\/uploads\/sites\/47\/2022\/02\/274069146_362795985850629_7378743598319850978_n.jpg\" alt=\"\" class=\"wp-image-2959\" srcset=\"https:\/\/pans.krosno.pl\/azs\/wp-content\/uploads\/sites\/47\/2022\/02\/274069146_362795985850629_7378743598319850978_n.jpg 554w, https:\/\/pans.krosno.pl\/azs\/wp-content\/uploads\/sites\/47\/2022\/02\/274069146_362795985850629_7378743598319850978_n-173x300.jpg 173w\" sizes=\"auto, (max-width: 554px) 100vw, 554px\" \/><\/figure>\n\n\n\n<figure class=\"wp-block-image size-full\"><img loading=\"lazy\" decoding=\"async\" width=\"519\" height=\"960\" src=\"https:\/\/pans.krosno.pl\/azs\/wp-content\/uploads\/sites\/47\/2022\/02\/274454974_362795922517302_6114813963246120167_n-1.jpg\" alt=\"\" class=\"wp-image-2967\" srcset=\"https:\/\/pans.krosno.pl\/azs\/wp-content\/uploads\/sites\/47\/2022\/02\/274454974_362795922517302_6114813963246120167_n-1.jpg 519w, https:\/\/pans.krosno.pl\/azs\/wp-content\/uploads\/sites\/47\/2022\/02\/274454974_362795922517302_6114813963246120167_n-1-162x300.jpg 162w\" sizes=\"auto, (max-width: 519px) 100vw, 519px\" \/><\/figure>\n\n\n\n<figure class=\"wp-block-image size-large\"><img loading=\"lazy\" decoding=\"async\" width=\"640\" height=\"1025\" src=\"https:\/\/pans.krosno.pl\/azs\/wp-content\/uploads\/sites\/47\/2022\/02\/274108053_362795955850632_6815665254357128020_n-edited.jpg\" alt=\"\" class=\"wp-image-2963\" srcset=\"https:\/\/pans.krosno.pl\/azs\/wp-content\/uploads\/sites\/47\/2022\/02\/274108053_362795955850632_6815665254357128020_n-edited.jpg 640w, https:\/\/pans.krosno.pl\/azs\/wp-content\/uploads\/sites\/47\/2022\/02\/274108053_362795955850632_6815665254357128020_n-edited-187x300.jpg 187w, https:\/\/pans.krosno.pl\/azs\/wp-content\/uploads\/sites\/47\/2022\/02\/274108053_362795955850632_6815665254357128020_n-edited-580x929.jpg 580w\" sizes=\"auto, (max-width: 640px) 100vw, 640px\" \/><\/figure>\n","protected":false},"excerpt":{"rendered":"<p>Przed Nami III Bieg Pami\u0119ci \u017bo\u0142nierzy Wykl\u0119tych \u201eTropem Wilczym\u201d, kt\u00f3ry odb\u0119dzie si\u0119 ju\u017c 6 marca na Kro\u015bnie\u0144skim Rynku! Zapiszcie si\u0119 i otrzymajcie pakiet startowy! Po uko\u0144czeniu Biegu otrzymuje si\u0119 medal, kt\u00f3ry mo\u017cna po\u0142\u0105czy\u0107 z medalami z wcze\u015bniejszych edycji Rejestracja na bieg: https:\/\/ankiety.pwsz.krosno.pl\/index.php?r=survey\/index&amp;sid=761866&amp;lang=pldo 3 marca 2022 roku. Op\u0142ata startowa w wysoko\u015bci [\u2026] <\/p>\n<div class=\"clear\"><\/div>\n<p><a class=\"more_link clearfix\" href=\"https:\/\/pans.krosno.pl\/azs\/iii-bieg-pamieci-zolnierzy-wykletych-tropem-wilczym-2\/\" rel=\"nofollow\">Read More<\/a><\/p>\n","protected":false},"author":85,"featured_media":2957,"comment_status":"open","ping_status":"open","sticky":false,"template":"","format":"standard","meta":{"ngg_post_thumbnail":0,"footnotes":""},"categories":[4],"tags":[],"class_list":["post-2956","post","type-post","status-publish","format-standard","has-post-thumbnail","hentry","category-aktualnosci-bieg-tropem-wilczym"],"yoast_head":"<!-- This site is optimized with the Yoast SEO Premium plugin v27.4 (Yoast SEO v27.4) - https:\/\/yoast.com\/product\/yoast-seo-premium-wordpress\/ -->\n<title>III Bieg Pami\u0119ci \u017bo\u0142nierzy Wykl\u0119tych \u201eTropem Wilczym\u201d - Sport, turystyka, AZS PANS w Kro\u015bnie<\/title>\n<meta name=\"robots\" content=\"index, follow, max-snippet:-1, max-image-preview:large, max-video-preview:-1\" \/>\n<link rel=\"canonical\" href=\"https:\/\/pans.krosno.pl\/azs\/iii-bieg-pamieci-zolnierzy-wykletych-tropem-wilczym-2\/\" \/>\n<meta property=\"og:locale\" content=\"pl_PL\" \/>\n<meta property=\"og:type\" content=\"article\" \/>\n<meta property=\"og:title\" content=\"III Bieg Pami\u0119ci \u017bo\u0142nierzy Wykl\u0119tych \u201eTropem Wilczym\u201d\" \/>\n<meta property=\"og:description\" content=\"Przed Nami III Bieg Pami\u0119ci \u017bo\u0142nierzy Wykl\u0119tych \u201eTropem Wilczym\u201d, kt\u00f3ry odb\u0119dzie si\u0119 ju\u017c 6 marca na Kro\u015bnie\u0144skim Rynku! Zapiszcie si\u0119 i otrzymajcie pakiet startowy! Po uko\u0144czeniu Biegu otrzymuje si\u0119 medal, kt\u00f3ry mo\u017cna po\u0142\u0105czy\u0107 z medalami z wcze\u015bniejszych edycji Rejestracja na bieg: https:\/\/ankiety.pwsz.krosno.pl\/index.php?r=survey\/index&amp;sid=761866&amp;lang=pldo 3 marca 2022 roku. Op\u0142ata startowa w wysoko\u015bci [\u2026] Read More\" \/>\n<meta property=\"og:url\" content=\"https:\/\/pans.krosno.pl\/azs\/iii-bieg-pamieci-zolnierzy-wykletych-tropem-wilczym-2\/\" \/>\n<meta property=\"og:site_name\" content=\"Sport, turystyka, AZS PANS w Kro\u015bnie\" \/>\n<meta property=\"article:published_time\" content=\"2022-02-22T08:58:59+00:00\" \/>\n<meta property=\"article:modified_time\" content=\"2022-02-22T09:00:06+00:00\" \/>\n<meta property=\"og:image\" content=\"https:\/\/pans.krosno.pl\/wp-content\/uploads\/sites\/47\/2022\/02\/cover_z_data-2-e1645520194882.png\" \/>\n\t<meta property=\"og:image:width\" content=\"574\" \/>\n\t<meta property=\"og:image:height\" content=\"346\" \/>\n\t<meta property=\"og:image:type\" content=\"image\/png\" \/>\n<meta name=\"author\" content=\"bartlomiejbielawa\" \/>\n<meta name=\"twitter:card\" content=\"summary_large_image\" \/>\n<meta name=\"twitter:label1\" content=\"Napisane przez\" \/>\n\t<meta name=\"twitter:data1\" content=\"bartlomiejbielawa\" \/>\n\t<meta name=\"twitter:label2\" content=\"Szacowany czas czytania\" \/>\n\t<meta name=\"twitter:data2\" content=\"2 minuty\" \/>\n<script type=\"application\/ld+json\" class=\"yoast-schema-graph\">{\"@context\":\"https:\\\/\\\/schema.org\",\"@graph\":[{\"@type\":\"Article\",\"@id\":\"https:\\\/\\\/pans.krosno.pl\\\/azs\\\/iii-bieg-pamieci-zolnierzy-wykletych-tropem-wilczym-2\\\/#article\",\"isPartOf\":{\"@id\":\"https:\\\/\\\/pans.krosno.pl\\\/azs\\\/iii-bieg-pamieci-zolnierzy-wykletych-tropem-wilczym-2\\\/\"},\"author\":{\"name\":\"bartlomiejbielawa\",\"@id\":\"https:\\\/\\\/pans.krosno.pl\\\/azs\\\/#\\\/schema\\\/person\\\/0e06767fecbbb249816fc25290e705d6\"},\"headline\":\"III Bieg Pami\u0119ci \u017bo\u0142nierzy Wykl\u0119tych \u201eTropem Wilczym\u201d\",\"datePublished\":\"2022-02-22T08:58:59+00:00\",\"dateModified\":\"2022-02-22T09:00:06+00:00\",\"mainEntityOfPage\":{\"@id\":\"https:\\\/\\\/pans.krosno.pl\\\/azs\\\/iii-bieg-pamieci-zolnierzy-wykletych-tropem-wilczym-2\\\/\"},\"wordCount\":130,\"commentCount\":0,\"publisher\":{\"@id\":\"https:\\\/\\\/pans.krosno.pl\\\/azs\\\/#organization\"},\"image\":{\"@id\":\"https:\\\/\\\/pans.krosno.pl\\\/azs\\\/iii-bieg-pamieci-zolnierzy-wykletych-tropem-wilczym-2\\\/#primaryimage\"},\"thumbnailUrl\":\"https:\\\/\\\/pans.krosno.pl\\\/azs\\\/wp-content\\\/uploads\\\/sites\\\/47\\\/2022\\\/02\\\/cover_z_data-2-e1645520194882.png\",\"articleSection\":[\"Aktualno\u015bci Bieg Tropem Wilczym\"],\"inLanguage\":\"pl-PL\",\"potentialAction\":[{\"@type\":\"CommentAction\",\"name\":\"Comment\",\"target\":[\"https:\\\/\\\/pans.krosno.pl\\\/azs\\\/iii-bieg-pamieci-zolnierzy-wykletych-tropem-wilczym-2\\\/#respond\"]}]},{\"@type\":\"WebPage\",\"@id\":\"https:\\\/\\\/pans.krosno.pl\\\/azs\\\/iii-bieg-pamieci-zolnierzy-wykletych-tropem-wilczym-2\\\/\",\"url\":\"https:\\\/\\\/pans.krosno.pl\\\/azs\\\/iii-bieg-pamieci-zolnierzy-wykletych-tropem-wilczym-2\\\/\",\"name\":\"III Bieg Pami\u0119ci \u017bo\u0142nierzy Wykl\u0119tych \u201eTropem Wilczym\u201d - Sport, turystyka, AZS PANS w Kro\u015bnie\",\"isPartOf\":{\"@id\":\"https:\\\/\\\/pans.krosno.pl\\\/azs\\\/#website\"},\"primaryImageOfPage\":{\"@id\":\"https:\\\/\\\/pans.krosno.pl\\\/azs\\\/iii-bieg-pamieci-zolnierzy-wykletych-tropem-wilczym-2\\\/#primaryimage\"},\"image\":{\"@id\":\"https:\\\/\\\/pans.krosno.pl\\\/azs\\\/iii-bieg-pamieci-zolnierzy-wykletych-tropem-wilczym-2\\\/#primaryimage\"},\"thumbnailUrl\":\"https:\\\/\\\/pans.krosno.pl\\\/azs\\\/wp-content\\\/uploads\\\/sites\\\/47\\\/2022\\\/02\\\/cover_z_data-2-e1645520194882.png\",\"datePublished\":\"2022-02-22T08:58:59+00:00\",\"dateModified\":\"2022-02-22T09:00:06+00:00\",\"breadcrumb\":{\"@id\":\"https:\\\/\\\/pans.krosno.pl\\\/azs\\\/iii-bieg-pamieci-zolnierzy-wykletych-tropem-wilczym-2\\\/#breadcrumb\"},\"inLanguage\":\"pl-PL\",\"potentialAction\":[{\"@type\":\"ReadAction\",\"target\":[\"https:\\\/\\\/pans.krosno.pl\\\/azs\\\/iii-bieg-pamieci-zolnierzy-wykletych-tropem-wilczym-2\\\/\"]}]},{\"@type\":\"ImageObject\",\"inLanguage\":\"pl-PL\",\"@id\":\"https:\\\/\\\/pans.krosno.pl\\\/azs\\\/iii-bieg-pamieci-zolnierzy-wykletych-tropem-wilczym-2\\\/#primaryimage\",\"url\":\"https:\\\/\\\/pans.krosno.pl\\\/azs\\\/wp-content\\\/uploads\\\/sites\\\/47\\\/2022\\\/02\\\/cover_z_data-2-e1645520194882.png\",\"contentUrl\":\"https:\\\/\\\/pans.krosno.pl\\\/azs\\\/wp-content\\\/uploads\\\/sites\\\/47\\\/2022\\\/02\\\/cover_z_data-2-e1645520194882.png\",\"width\":574,\"height\":346},{\"@type\":\"BreadcrumbList\",\"@id\":\"https:\\\/\\\/pans.krosno.pl\\\/azs\\\/iii-bieg-pamieci-zolnierzy-wykletych-tropem-wilczym-2\\\/#breadcrumb\",\"itemListElement\":[{\"@type\":\"ListItem\",\"position\":1,\"name\":\"Strona g\u0142\u00f3wna\",\"item\":\"https:\\\/\\\/pans.krosno.pl\\\/azs\\\/\"},{\"@type\":\"ListItem\",\"position\":2,\"name\":\"III Bieg Pami\u0119ci \u017bo\u0142nierzy Wykl\u0119tych \u201eTropem Wilczym\u201d\"}]},{\"@type\":\"WebSite\",\"@id\":\"https:\\\/\\\/pans.krosno.pl\\\/azs\\\/#website\",\"url\":\"https:\\\/\\\/pans.krosno.pl\\\/azs\\\/\",\"name\":\"Sport, turystyka, AZS PANS w Kro\u015bnie\",\"description\":\"Sport, turystyka, AZS PANS - Pa\u0144stwowa Akademia Nauk Stosowanych\",\"publisher\":{\"@id\":\"https:\\\/\\\/pans.krosno.pl\\\/azs\\\/#organization\"},\"potentialAction\":[{\"@type\":\"SearchAction\",\"target\":{\"@type\":\"EntryPoint\",\"urlTemplate\":\"https:\\\/\\\/pans.krosno.pl\\\/azs\\\/?s={search_term_string}\"},\"query-input\":{\"@type\":\"PropertyValueSpecification\",\"valueRequired\":true,\"valueName\":\"search_term_string\"}}],\"inLanguage\":\"pl-PL\"},{\"@type\":\"Organization\",\"@id\":\"https:\\\/\\\/pans.krosno.pl\\\/azs\\\/#organization\",\"name\":\"Sport, turystyka, AZS PANS w Kro\u015bnie\",\"url\":\"https:\\\/\\\/pans.krosno.pl\\\/azs\\\/\",\"logo\":{\"@type\":\"ImageObject\",\"inLanguage\":\"pl-PL\",\"@id\":\"https:\\\/\\\/pans.krosno.pl\\\/azs\\\/#\\\/schema\\\/logo\\\/image\\\/\",\"url\":\"https:\\\/\\\/pans.krosno.pl\\\/azs\\\/wp-content\\\/uploads\\\/sites\\\/47\\\/2023\\\/01\\\/Logo-PANS-2022-pelne.png\",\"contentUrl\":\"https:\\\/\\\/pans.krosno.pl\\\/azs\\\/wp-content\\\/uploads\\\/sites\\\/47\\\/2023\\\/01\\\/Logo-PANS-2022-pelne.png\",\"width\":3096,\"height\":696,\"caption\":\"Sport, turystyka, AZS PANS w Kro\u015bnie\"},\"image\":{\"@id\":\"https:\\\/\\\/pans.krosno.pl\\\/azs\\\/#\\\/schema\\\/logo\\\/image\\\/\"}},{\"@type\":\"Person\",\"@id\":\"https:\\\/\\\/pans.krosno.pl\\\/azs\\\/#\\\/schema\\\/person\\\/0e06767fecbbb249816fc25290e705d6\",\"name\":\"bartlomiejbielawa\",\"image\":{\"@type\":\"ImageObject\",\"inLanguage\":\"pl-PL\",\"@id\":\"https:\\\/\\\/secure.gravatar.com\\\/avatar\\\/c26fdebd2a5bd2fc3e8c80b29f3d6b039ed35b185d95fce516a951e91c53f0a6?s=96&d=mm&r=g\",\"url\":\"https:\\\/\\\/secure.gravatar.com\\\/avatar\\\/c26fdebd2a5bd2fc3e8c80b29f3d6b039ed35b185d95fce516a951e91c53f0a6?s=96&d=mm&r=g\",\"contentUrl\":\"https:\\\/\\\/secure.gravatar.com\\\/avatar\\\/c26fdebd2a5bd2fc3e8c80b29f3d6b039ed35b185d95fce516a951e91c53f0a6?s=96&d=mm&r=g\",\"caption\":\"bartlomiejbielawa\"},\"url\":\"https:\\\/\\\/pans.krosno.pl\\\/azs\\\/author\\\/bartlomiejbielawa\\\/\"}]}<\/script>\n<!-- \/ Yoast SEO Premium plugin. -->","yoast_head_json":{"title":"III Bieg Pami\u0119ci \u017bo\u0142nierzy Wykl\u0119tych \u201eTropem Wilczym\u201d - Sport, turystyka, AZS PANS w Kro\u015bnie","robots":{"index":"index","follow":"follow","max-snippet":"max-snippet:-1","max-image-preview":"max-image-preview:large","max-video-preview":"max-video-preview:-1"},"canonical":"https:\/\/pans.krosno.pl\/azs\/iii-bieg-pamieci-zolnierzy-wykletych-tropem-wilczym-2\/","og_locale":"pl_PL","og_type":"article","og_title":"III Bieg Pami\u0119ci \u017bo\u0142nierzy Wykl\u0119tych \u201eTropem Wilczym\u201d","og_description":"Przed Nami III Bieg Pami\u0119ci \u017bo\u0142nierzy Wykl\u0119tych \u201eTropem Wilczym\u201d, kt\u00f3ry odb\u0119dzie si\u0119 ju\u017c 6 marca na Kro\u015bnie\u0144skim Rynku! Zapiszcie si\u0119 i otrzymajcie pakiet startowy! Po uko\u0144czeniu Biegu otrzymuje si\u0119 medal, kt\u00f3ry mo\u017cna po\u0142\u0105czy\u0107 z medalami z wcze\u015bniejszych edycji Rejestracja na bieg: https:\/\/ankiety.pwsz.krosno.pl\/index.php?r=survey\/index&amp;sid=761866&amp;lang=pldo 3 marca 2022 roku. Op\u0142ata startowa w wysoko\u015bci [\u2026] Read More","og_url":"https:\/\/pans.krosno.pl\/azs\/iii-bieg-pamieci-zolnierzy-wykletych-tropem-wilczym-2\/","og_site_name":"Sport, turystyka, AZS PANS w Kro\u015bnie","article_published_time":"2022-02-22T08:58:59+00:00","article_modified_time":"2022-02-22T09:00:06+00:00","og_image":[{"width":574,"height":346,"url":"https:\/\/pans.krosno.pl\/wp-content\/uploads\/sites\/47\/2022\/02\/cover_z_data-2-e1645520194882.png","type":"image\/png"}],"author":"bartlomiejbielawa","twitter_card":"summary_large_image","twitter_misc":{"Napisane przez":"bartlomiejbielawa","Szacowany czas czytania":"2 minuty"},"schema":{"@context":"https:\/\/schema.org","@graph":[{"@type":"Article","@id":"https:\/\/pans.krosno.pl\/azs\/iii-bieg-pamieci-zolnierzy-wykletych-tropem-wilczym-2\/#article","isPartOf":{"@id":"https:\/\/pans.krosno.pl\/azs\/iii-bieg-pamieci-zolnierzy-wykletych-tropem-wilczym-2\/"},"author":{"name":"bartlomiejbielawa","@id":"https:\/\/pans.krosno.pl\/azs\/#\/schema\/person\/0e06767fecbbb249816fc25290e705d6"},"headline":"III Bieg Pami\u0119ci \u017bo\u0142nierzy Wykl\u0119tych \u201eTropem Wilczym\u201d","datePublished":"2022-02-22T08:58:59+00:00","dateModified":"2022-02-22T09:00:06+00:00","mainEntityOfPage":{"@id":"https:\/\/pans.krosno.pl\/azs\/iii-bieg-pamieci-zolnierzy-wykletych-tropem-wilczym-2\/"},"wordCount":130,"commentCount":0,"publisher":{"@id":"https:\/\/pans.krosno.pl\/azs\/#organization"},"image":{"@id":"https:\/\/pans.krosno.pl\/azs\/iii-bieg-pamieci-zolnierzy-wykletych-tropem-wilczym-2\/#primaryimage"},"thumbnailUrl":"https:\/\/pans.krosno.pl\/azs\/wp-content\/uploads\/sites\/47\/2022\/02\/cover_z_data-2-e1645520194882.png","articleSection":["Aktualno\u015bci Bieg Tropem Wilczym"],"inLanguage":"pl-PL","potentialAction":[{"@type":"CommentAction","name":"Comment","target":["https:\/\/pans.krosno.pl\/azs\/iii-bieg-pamieci-zolnierzy-wykletych-tropem-wilczym-2\/#respond"]}]},{"@type":"WebPage","@id":"https:\/\/pans.krosno.pl\/azs\/iii-bieg-pamieci-zolnierzy-wykletych-tropem-wilczym-2\/","url":"https:\/\/pans.krosno.pl\/azs\/iii-bieg-pamieci-zolnierzy-wykletych-tropem-wilczym-2\/","name":"III Bieg Pami\u0119ci \u017bo\u0142nierzy Wykl\u0119tych \u201eTropem Wilczym\u201d - Sport, turystyka, AZS PANS w Kro\u015bnie","isPartOf":{"@id":"https:\/\/pans.krosno.pl\/azs\/#website"},"primaryImageOfPage":{"@id":"https:\/\/pans.krosno.pl\/azs\/iii-bieg-pamieci-zolnierzy-wykletych-tropem-wilczym-2\/#primaryimage"},"image":{"@id":"https:\/\/pans.krosno.pl\/azs\/iii-bieg-pamieci-zolnierzy-wykletych-tropem-wilczym-2\/#primaryimage"},"thumbnailUrl":"https:\/\/pans.krosno.pl\/azs\/wp-content\/uploads\/sites\/47\/2022\/02\/cover_z_data-2-e1645520194882.png","datePublished":"2022-02-22T08:58:59+00:00","dateModified":"2022-02-22T09:00:06+00:00","breadcrumb":{"@id":"https:\/\/pans.krosno.pl\/azs\/iii-bieg-pamieci-zolnierzy-wykletych-tropem-wilczym-2\/#breadcrumb"},"inLanguage":"pl-PL","potentialAction":[{"@type":"ReadAction","target":["https:\/\/pans.krosno.pl\/azs\/iii-bieg-pamieci-zolnierzy-wykletych-tropem-wilczym-2\/"]}]},{"@type":"ImageObject","inLanguage":"pl-PL","@id":"https:\/\/pans.krosno.pl\/azs\/iii-bieg-pamieci-zolnierzy-wykletych-tropem-wilczym-2\/#primaryimage","url":"https:\/\/pans.krosno.pl\/azs\/wp-content\/uploads\/sites\/47\/2022\/02\/cover_z_data-2-e1645520194882.png","contentUrl":"https:\/\/pans.krosno.pl\/azs\/wp-content\/uploads\/sites\/47\/2022\/02\/cover_z_data-2-e1645520194882.png","width":574,"height":346},{"@type":"BreadcrumbList","@id":"https:\/\/pans.krosno.pl\/azs\/iii-bieg-pamieci-zolnierzy-wykletych-tropem-wilczym-2\/#breadcrumb","itemListElement":[{"@type":"ListItem","position":1,"name":"Strona g\u0142\u00f3wna","item":"https:\/\/pans.krosno.pl\/azs\/"},{"@type":"ListItem","position":2,"name":"III Bieg Pami\u0119ci \u017bo\u0142nierzy Wykl\u0119tych \u201eTropem Wilczym\u201d"}]},{"@type":"WebSite","@id":"https:\/\/pans.krosno.pl\/azs\/#website","url":"https:\/\/pans.krosno.pl\/azs\/","name":"Sport, turystyka, AZS PANS w Kro\u015bnie","description":"Sport, turystyka, AZS PANS - Pa\u0144stwowa Akademia Nauk Stosowanych","publisher":{"@id":"https:\/\/pans.krosno.pl\/azs\/#organization"},"potentialAction":[{"@type":"SearchAction","target":{"@type":"EntryPoint","urlTemplate":"https:\/\/pans.krosno.pl\/azs\/?s={search_term_string}"},"query-input":{"@type":"PropertyValueSpecification","valueRequired":true,"valueName":"search_term_string"}}],"inLanguage":"pl-PL"},{"@type":"Organization","@id":"https:\/\/pans.krosno.pl\/azs\/#organization","name":"Sport, turystyka, AZS PANS w Kro\u015bnie","url":"https:\/\/pans.krosno.pl\/azs\/","logo":{"@type":"ImageObject","inLanguage":"pl-PL","@id":"https:\/\/pans.krosno.pl\/azs\/#\/schema\/logo\/image\/","url":"https:\/\/pans.krosno.pl\/azs\/wp-content\/uploads\/sites\/47\/2023\/01\/Logo-PANS-2022-pelne.png","contentUrl":"https:\/\/pans.krosno.pl\/azs\/wp-content\/uploads\/sites\/47\/2023\/01\/Logo-PANS-2022-pelne.png","width":3096,"height":696,"caption":"Sport, turystyka, AZS PANS w Kro\u015bnie"},"image":{"@id":"https:\/\/pans.krosno.pl\/azs\/#\/schema\/logo\/image\/"}},{"@type":"Person","@id":"https:\/\/pans.krosno.pl\/azs\/#\/schema\/person\/0e06767fecbbb249816fc25290e705d6","name":"bartlomiejbielawa","image":{"@type":"ImageObject","inLanguage":"pl-PL","@id":"https:\/\/secure.gravatar.com\/avatar\/c26fdebd2a5bd2fc3e8c80b29f3d6b039ed35b185d95fce516a951e91c53f0a6?s=96&d=mm&r=g","url":"https:\/\/secure.gravatar.com\/avatar\/c26fdebd2a5bd2fc3e8c80b29f3d6b039ed35b185d95fce516a951e91c53f0a6?s=96&d=mm&r=g","contentUrl":"https:\/\/secure.gravatar.com\/avatar\/c26fdebd2a5bd2fc3e8c80b29f3d6b039ed35b185d95fce516a951e91c53f0a6?s=96&d=mm&r=g","caption":"bartlomiejbielawa"},"url":"https:\/\/pans.krosno.pl\/azs\/author\/bartlomiejbielawa\/"}]}},"_links":{"self":[{"href":"https:\/\/pans.krosno.pl\/azs\/wp-json\/wp\/v2\/posts\/2956","targetHints":{"allow":["GET"]}}],"collection":[{"href":"https:\/\/pans.krosno.pl\/azs\/wp-json\/wp\/v2\/posts"}],"about":[{"href":"https:\/\/pans.krosno.pl\/azs\/wp-json\/wp\/v2\/types\/post"}],"author":[{"embeddable":true,"href":"https:\/\/pans.krosno.pl\/azs\/wp-json\/wp\/v2\/users\/85"}],"replies":[{"embeddable":true,"href":"https:\/\/pans.krosno.pl\/azs\/wp-json\/wp\/v2\/comments?post=2956"}],"version-history":[{"count":2,"href":"https:\/\/pans.krosno.pl\/azs\/wp-json\/wp\/v2\/posts\/2956\/revisions"}],"predecessor-version":[{"id":2970,"href":"https:\/\/pans.krosno.pl\/azs\/wp-json\/wp\/v2\/posts\/2956\/revisions\/2970"}],"wp:featuredmedia":[{"embeddable":true,"href":"https:\/\/pans.krosno.pl\/azs\/wp-json\/wp\/v2\/media\/2957"}],"wp:attachment":[{"href":"https:\/\/pans.krosno.pl\/azs\/wp-json\/wp\/v2\/media?parent=2956"}],"wp:term":[{"taxonomy":"category","embeddable":true,"href":"https:\/\/pans.krosno.pl\/azs\/wp-json\/wp\/v2\/categories?post=2956"},{"taxonomy":"post_tag","embeddable":true,"href":"https:\/\/pans.krosno.pl\/azs\/wp-json\/wp\/v2\/tags?post=2956"}],"curies":[{"name":"wp","href":"https:\/\/api.w.org\/{rel}","templated":true}]}}