{"id":2946,"date":"2022-02-11T13:08:55","date_gmt":"2022-02-11T12:08:55","guid":{"rendered":"https:\/\/pans.krosno.pl\/azs\/?p=2946"},"modified":"2022-02-15T10:55:06","modified_gmt":"2022-02-15T09:55:06","slug":"iii-bieg-pamieci-zolnierzy-wykletych-tropem-wilczym","status":"publish","type":"post","link":"https:\/\/pans.krosno.pl\/azs\/iii-bieg-pamieci-zolnierzy-wykletych-tropem-wilczym\/","title":{"rendered":"III Bieg Pami\u0119ci \u017bo\u0142nierzy Wykl\u0119tych \u201eTropem Wilczym\u201d"},"content":{"rendered":"\n<p>Ju\u017c 6 marca o 10.30 na Kro\u015bnie\u0144skim Rynku odb\u0119dzie si\u0119 III Edycja organizowanego przez Karpack\u0105 Pa\u0144stwow\u0105 Uczelni\u0119 w Kro\u015bnie<strong> Biegu Pami\u0119ci \u017bo\u0142nierzy Niez\u0142omnych<\/strong> na symbolicznym dystansie 1963 metr\u00f3w. <\/p>\n\n\n\n<p>Rejestracja na bieg<\/p>\n\n\n\n<p><a href=\"https:\/\/ankiety.pwsz.krosno.pl\/index.php?r=survey\/index&amp;sid=761866&amp;lang=pl\">http:\/\/www.pans.krosno.pl\/zapisy\/bieg_tropem_wilczym<\/a> do 3 marca 2022 roku.<\/p>\n\n\n\n<p><\/p>\n\n\n\n<p>Op\u0142ata startowa w wysoko\u015bci <strong>15 z\u0142 na konto<\/strong>:<\/p>\n\n\n\n<p>Karpacka Pa\u0144stwowa Uczelnia w Kro\u015bnie ul. Rynek 1, 38-400 Krosno.<\/p>\n\n\n\n<p>Bank PEKAO S.A. nr konta: 39 1240 2311 1111 00 10 54538749<\/p>\n\n\n\n<p>Tytu\u0142em: Imi\u0119 i nazwisko <em>III Bieg Tropem Wilczym<\/em><\/p>\n\n\n\n<p><\/p>\n\n\n\n<p>Istnieje r\u00f3wnie\u017c mo\u017cliwo\u015b\u0107 zapisu w dniu zawod\u00f3w 6.03.2022 r. w biurze zawod\u00f3w: Rektorat KPU w Kro\u015bnie, Rynek 1, 38-400 Krosno, czynne w godzinach od 9.00 do 10.15. Op\u0142ata za udzia\u0142 dla zg\u0142aszaj\u0105cych si\u0119 w <strong>dniu biegu wynosi 20 z\u0142<\/strong>.<\/p>\n\n\n\n<p><\/p>\n\n\n\n<p>Zapraszamy do udzia\u0142u w biegu!<\/p>\n\n\n\n<p>Szczeg\u00f3\u0142y oraz formularz zg\u0142oszeniowy dost\u0119pny jest na stronie:<\/p>\n\n\n\n<p><a href=\"https:\/\/pans.krosno.pl\/azs\/bieg-tropem-wilczym\/?fbclid=IwAR2JgFuNfgnPR6Yh9WKNSw5UibJ95Gz3jH1B0Y2scG_W0C370Jtnp76FWD8\">www.pans.krosno.pl\/azs\/tropemwilczym<\/a><\/p>\n\n\n\n<p><\/p>\n","protected":false},"excerpt":{"rendered":"<p>Ju\u017c 6 marca o 10.30 na Kro\u015bnie\u0144skim Rynku odb\u0119dzie si\u0119 III Edycja organizowanego przez Karpack\u0105 Pa\u0144stwow\u0105 Uczelni\u0119 w Kro\u015bnie Biegu Pami\u0119ci \u017bo\u0142nierzy Niez\u0142omnych na symbolicznym dystansie 1963 metr\u00f3w. Rejestracja na bieg http:\/\/www.pans.krosno.pl\/zapisy\/bieg_tropem_wilczym do 3 marca 2022 roku. Op\u0142ata startowa w wysoko\u015bci 15 z\u0142 na konto: Karpacka Pa\u0144stwowa Uczelnia w Kro\u015bnie [\u2026] <\/p>\n<div class=\"clear\"><\/div>\n<p><a class=\"more_link clearfix\" href=\"https:\/\/pans.krosno.pl\/azs\/iii-bieg-pamieci-zolnierzy-wykletych-tropem-wilczym\/\" rel=\"nofollow\">Read More<\/a><\/p>\n","protected":false},"author":85,"featured_media":2947,"comment_status":"open","ping_status":"open","sticky":false,"template":"","format":"standard","meta":{"ngg_post_thumbnail":0,"footnotes":""},"categories":[4],"tags":[],"class_list":["post-2946","post","type-post","status-publish","format-standard","has-post-thumbnail","hentry","category-aktualnosci-bieg-tropem-wilczym"],"yoast_head":"<!-- This site is optimized with the Yoast SEO Premium plugin v27.4 (Yoast SEO v27.4) - https:\/\/yoast.com\/product\/yoast-seo-premium-wordpress\/ -->\n<title>III Bieg Pami\u0119ci \u017bo\u0142nierzy Wykl\u0119tych \u201eTropem Wilczym\u201d - Sport, turystyka, AZS PANS w Kro\u015bnie<\/title>\n<meta name=\"robots\" content=\"index, follow, max-snippet:-1, max-image-preview:large, max-video-preview:-1\" \/>\n<link rel=\"canonical\" href=\"https:\/\/pans.krosno.pl\/azs\/iii-bieg-pamieci-zolnierzy-wykletych-tropem-wilczym\/\" \/>\n<meta property=\"og:locale\" content=\"pl_PL\" \/>\n<meta property=\"og:type\" content=\"article\" \/>\n<meta property=\"og:title\" content=\"III Bieg Pami\u0119ci \u017bo\u0142nierzy Wykl\u0119tych \u201eTropem Wilczym\u201d\" \/>\n<meta property=\"og:description\" content=\"Ju\u017c 6 marca o 10.30 na Kro\u015bnie\u0144skim Rynku odb\u0119dzie si\u0119 III Edycja organizowanego przez Karpack\u0105 Pa\u0144stwow\u0105 Uczelni\u0119 w Kro\u015bnie Biegu Pami\u0119ci \u017bo\u0142nierzy Niez\u0142omnych na symbolicznym dystansie 1963 metr\u00f3w. Rejestracja na bieg http:\/\/www.pans.krosno.pl\/zapisy\/bieg_tropem_wilczym do 3 marca 2022 roku. Op\u0142ata startowa w wysoko\u015bci 15 z\u0142 na konto: Karpacka Pa\u0144stwowa Uczelnia w Kro\u015bnie [\u2026] Read More\" \/>\n<meta property=\"og:url\" content=\"https:\/\/pans.krosno.pl\/azs\/iii-bieg-pamieci-zolnierzy-wykletych-tropem-wilczym\/\" \/>\n<meta property=\"og:site_name\" content=\"Sport, turystyka, AZS PANS w Kro\u015bnie\" \/>\n<meta property=\"article:published_time\" content=\"2022-02-11T12:08:55+00:00\" \/>\n<meta property=\"article:modified_time\" content=\"2022-02-15T09:55:06+00:00\" \/>\n<meta property=\"og:image\" content=\"https:\/\/pans.krosno.pl\/wp-content\/uploads\/sites\/47\/2022\/02\/Bieg-Tropem-Wilczym.jpg\" \/>\n\t<meta property=\"og:image:width\" content=\"1725\" \/>\n\t<meta property=\"og:image:height\" content=\"1932\" \/>\n\t<meta property=\"og:image:type\" content=\"image\/jpeg\" \/>\n<meta name=\"author\" content=\"bartlomiejbielawa\" \/>\n<meta name=\"twitter:card\" content=\"summary_large_image\" \/>\n<meta name=\"twitter:label1\" content=\"Napisane przez\" \/>\n\t<meta name=\"twitter:data1\" content=\"bartlomiejbielawa\" \/>\n\t<meta name=\"twitter:label2\" content=\"Szacowany czas czytania\" \/>\n\t<meta name=\"twitter:data2\" content=\"1 minuta\" \/>\n<script type=\"application\/ld+json\" class=\"yoast-schema-graph\">{\"@context\":\"https:\\\/\\\/schema.org\",\"@graph\":[{\"@type\":\"Article\",\"@id\":\"https:\\\/\\\/pans.krosno.pl\\\/azs\\\/iii-bieg-pamieci-zolnierzy-wykletych-tropem-wilczym\\\/#article\",\"isPartOf\":{\"@id\":\"https:\\\/\\\/pans.krosno.pl\\\/azs\\\/iii-bieg-pamieci-zolnierzy-wykletych-tropem-wilczym\\\/\"},\"author\":{\"name\":\"bartlomiejbielawa\",\"@id\":\"https:\\\/\\\/pans.krosno.pl\\\/azs\\\/#\\\/schema\\\/person\\\/0e06767fecbbb249816fc25290e705d6\"},\"headline\":\"III Bieg Pami\u0119ci \u017bo\u0142nierzy Wykl\u0119tych \u201eTropem Wilczym\u201d\",\"datePublished\":\"2022-02-11T12:08:55+00:00\",\"dateModified\":\"2022-02-15T09:55:06+00:00\",\"mainEntityOfPage\":{\"@id\":\"https:\\\/\\\/pans.krosno.pl\\\/azs\\\/iii-bieg-pamieci-zolnierzy-wykletych-tropem-wilczym\\\/\"},\"wordCount\":159,\"commentCount\":0,\"publisher\":{\"@id\":\"https:\\\/\\\/pans.krosno.pl\\\/azs\\\/#organization\"},\"image\":{\"@id\":\"https:\\\/\\\/pans.krosno.pl\\\/azs\\\/iii-bieg-pamieci-zolnierzy-wykletych-tropem-wilczym\\\/#primaryimage\"},\"thumbnailUrl\":\"https:\\\/\\\/pans.krosno.pl\\\/azs\\\/wp-content\\\/uploads\\\/sites\\\/47\\\/2022\\\/02\\\/Bieg-Tropem-Wilczym.jpg\",\"articleSection\":[\"Aktualno\u015bci Bieg Tropem Wilczym\"],\"inLanguage\":\"pl-PL\",\"potentialAction\":[{\"@type\":\"CommentAction\",\"name\":\"Comment\",\"target\":[\"https:\\\/\\\/pans.krosno.pl\\\/azs\\\/iii-bieg-pamieci-zolnierzy-wykletych-tropem-wilczym\\\/#respond\"]}]},{\"@type\":\"WebPage\",\"@id\":\"https:\\\/\\\/pans.krosno.pl\\\/azs\\\/iii-bieg-pamieci-zolnierzy-wykletych-tropem-wilczym\\\/\",\"url\":\"https:\\\/\\\/pans.krosno.pl\\\/azs\\\/iii-bieg-pamieci-zolnierzy-wykletych-tropem-wilczym\\\/\",\"name\":\"III Bieg Pami\u0119ci \u017bo\u0142nierzy Wykl\u0119tych \u201eTropem Wilczym\u201d - Sport, turystyka, AZS PANS w Kro\u015bnie\",\"isPartOf\":{\"@id\":\"https:\\\/\\\/pans.krosno.pl\\\/azs\\\/#website\"},\"primaryImageOfPage\":{\"@id\":\"https:\\\/\\\/pans.krosno.pl\\\/azs\\\/iii-bieg-pamieci-zolnierzy-wykletych-tropem-wilczym\\\/#primaryimage\"},\"image\":{\"@id\":\"https:\\\/\\\/pans.krosno.pl\\\/azs\\\/iii-bieg-pamieci-zolnierzy-wykletych-tropem-wilczym\\\/#primaryimage\"},\"thumbnailUrl\":\"https:\\\/\\\/pans.krosno.pl\\\/azs\\\/wp-content\\\/uploads\\\/sites\\\/47\\\/2022\\\/02\\\/Bieg-Tropem-Wilczym.jpg\",\"datePublished\":\"2022-02-11T12:08:55+00:00\",\"dateModified\":\"2022-02-15T09:55:06+00:00\",\"breadcrumb\":{\"@id\":\"https:\\\/\\\/pans.krosno.pl\\\/azs\\\/iii-bieg-pamieci-zolnierzy-wykletych-tropem-wilczym\\\/#breadcrumb\"},\"inLanguage\":\"pl-PL\",\"potentialAction\":[{\"@type\":\"ReadAction\",\"target\":[\"https:\\\/\\\/pans.krosno.pl\\\/azs\\\/iii-bieg-pamieci-zolnierzy-wykletych-tropem-wilczym\\\/\"]}]},{\"@type\":\"ImageObject\",\"inLanguage\":\"pl-PL\",\"@id\":\"https:\\\/\\\/pans.krosno.pl\\\/azs\\\/iii-bieg-pamieci-zolnierzy-wykletych-tropem-wilczym\\\/#primaryimage\",\"url\":\"https:\\\/\\\/pans.krosno.pl\\\/azs\\\/wp-content\\\/uploads\\\/sites\\\/47\\\/2022\\\/02\\\/Bieg-Tropem-Wilczym.jpg\",\"contentUrl\":\"https:\\\/\\\/pans.krosno.pl\\\/azs\\\/wp-content\\\/uploads\\\/sites\\\/47\\\/2022\\\/02\\\/Bieg-Tropem-Wilczym.jpg\",\"width\":1725,\"height\":1932},{\"@type\":\"BreadcrumbList\",\"@id\":\"https:\\\/\\\/pans.krosno.pl\\\/azs\\\/iii-bieg-pamieci-zolnierzy-wykletych-tropem-wilczym\\\/#breadcrumb\",\"itemListElement\":[{\"@type\":\"ListItem\",\"position\":1,\"name\":\"Strona g\u0142\u00f3wna\",\"item\":\"https:\\\/\\\/pans.krosno.pl\\\/azs\\\/\"},{\"@type\":\"ListItem\",\"position\":2,\"name\":\"III Bieg Pami\u0119ci \u017bo\u0142nierzy Wykl\u0119tych \u201eTropem Wilczym\u201d\"}]},{\"@type\":\"WebSite\",\"@id\":\"https:\\\/\\\/pans.krosno.pl\\\/azs\\\/#website\",\"url\":\"https:\\\/\\\/pans.krosno.pl\\\/azs\\\/\",\"name\":\"Sport, turystyka, AZS PANS w Kro\u015bnie\",\"description\":\"Sport, turystyka, AZS PANS - Pa\u0144stwowa Akademia Nauk Stosowanych\",\"publisher\":{\"@id\":\"https:\\\/\\\/pans.krosno.pl\\\/azs\\\/#organization\"},\"potentialAction\":[{\"@type\":\"SearchAction\",\"target\":{\"@type\":\"EntryPoint\",\"urlTemplate\":\"https:\\\/\\\/pans.krosno.pl\\\/azs\\\/?s={search_term_string}\"},\"query-input\":{\"@type\":\"PropertyValueSpecification\",\"valueRequired\":true,\"valueName\":\"search_term_string\"}}],\"inLanguage\":\"pl-PL\"},{\"@type\":\"Organization\",\"@id\":\"https:\\\/\\\/pans.krosno.pl\\\/azs\\\/#organization\",\"name\":\"Sport, turystyka, AZS PANS w Kro\u015bnie\",\"url\":\"https:\\\/\\\/pans.krosno.pl\\\/azs\\\/\",\"logo\":{\"@type\":\"ImageObject\",\"inLanguage\":\"pl-PL\",\"@id\":\"https:\\\/\\\/pans.krosno.pl\\\/azs\\\/#\\\/schema\\\/logo\\\/image\\\/\",\"url\":\"https:\\\/\\\/pans.krosno.pl\\\/azs\\\/wp-content\\\/uploads\\\/sites\\\/47\\\/2023\\\/01\\\/Logo-PANS-2022-pelne.png\",\"contentUrl\":\"https:\\\/\\\/pans.krosno.pl\\\/azs\\\/wp-content\\\/uploads\\\/sites\\\/47\\\/2023\\\/01\\\/Logo-PANS-2022-pelne.png\",\"width\":3096,\"height\":696,\"caption\":\"Sport, turystyka, AZS PANS w Kro\u015bnie\"},\"image\":{\"@id\":\"https:\\\/\\\/pans.krosno.pl\\\/azs\\\/#\\\/schema\\\/logo\\\/image\\\/\"}},{\"@type\":\"Person\",\"@id\":\"https:\\\/\\\/pans.krosno.pl\\\/azs\\\/#\\\/schema\\\/person\\\/0e06767fecbbb249816fc25290e705d6\",\"name\":\"bartlomiejbielawa\",\"image\":{\"@type\":\"ImageObject\",\"inLanguage\":\"pl-PL\",\"@id\":\"https:\\\/\\\/secure.gravatar.com\\\/avatar\\\/c26fdebd2a5bd2fc3e8c80b29f3d6b039ed35b185d95fce516a951e91c53f0a6?s=96&d=mm&r=g\",\"url\":\"https:\\\/\\\/secure.gravatar.com\\\/avatar\\\/c26fdebd2a5bd2fc3e8c80b29f3d6b039ed35b185d95fce516a951e91c53f0a6?s=96&d=mm&r=g\",\"contentUrl\":\"https:\\\/\\\/secure.gravatar.com\\\/avatar\\\/c26fdebd2a5bd2fc3e8c80b29f3d6b039ed35b185d95fce516a951e91c53f0a6?s=96&d=mm&r=g\",\"caption\":\"bartlomiejbielawa\"},\"url\":\"https:\\\/\\\/pans.krosno.pl\\\/azs\\\/author\\\/bartlomiejbielawa\\\/\"}]}<\/script>\n<!-- \/ Yoast SEO Premium plugin. -->","yoast_head_json":{"title":"III Bieg Pami\u0119ci \u017bo\u0142nierzy Wykl\u0119tych \u201eTropem Wilczym\u201d - Sport, turystyka, AZS PANS w Kro\u015bnie","robots":{"index":"index","follow":"follow","max-snippet":"max-snippet:-1","max-image-preview":"max-image-preview:large","max-video-preview":"max-video-preview:-1"},"canonical":"https:\/\/pans.krosno.pl\/azs\/iii-bieg-pamieci-zolnierzy-wykletych-tropem-wilczym\/","og_locale":"pl_PL","og_type":"article","og_title":"III Bieg Pami\u0119ci \u017bo\u0142nierzy Wykl\u0119tych \u201eTropem Wilczym\u201d","og_description":"Ju\u017c 6 marca o 10.30 na Kro\u015bnie\u0144skim Rynku odb\u0119dzie si\u0119 III Edycja organizowanego przez Karpack\u0105 Pa\u0144stwow\u0105 Uczelni\u0119 w Kro\u015bnie Biegu Pami\u0119ci \u017bo\u0142nierzy Niez\u0142omnych na symbolicznym dystansie 1963 metr\u00f3w. Rejestracja na bieg http:\/\/www.pans.krosno.pl\/zapisy\/bieg_tropem_wilczym do 3 marca 2022 roku. Op\u0142ata startowa w wysoko\u015bci 15 z\u0142 na konto: Karpacka Pa\u0144stwowa Uczelnia w Kro\u015bnie [\u2026] Read More","og_url":"https:\/\/pans.krosno.pl\/azs\/iii-bieg-pamieci-zolnierzy-wykletych-tropem-wilczym\/","og_site_name":"Sport, turystyka, AZS PANS w Kro\u015bnie","article_published_time":"2022-02-11T12:08:55+00:00","article_modified_time":"2022-02-15T09:55:06+00:00","og_image":[{"width":1725,"height":1932,"url":"https:\/\/pans.krosno.pl\/wp-content\/uploads\/sites\/47\/2022\/02\/Bieg-Tropem-Wilczym.jpg","type":"image\/jpeg"}],"author":"bartlomiejbielawa","twitter_card":"summary_large_image","twitter_misc":{"Napisane przez":"bartlomiejbielawa","Szacowany czas czytania":"1 minuta"},"schema":{"@context":"https:\/\/schema.org","@graph":[{"@type":"Article","@id":"https:\/\/pans.krosno.pl\/azs\/iii-bieg-pamieci-zolnierzy-wykletych-tropem-wilczym\/#article","isPartOf":{"@id":"https:\/\/pans.krosno.pl\/azs\/iii-bieg-pamieci-zolnierzy-wykletych-tropem-wilczym\/"},"author":{"name":"bartlomiejbielawa","@id":"https:\/\/pans.krosno.pl\/azs\/#\/schema\/person\/0e06767fecbbb249816fc25290e705d6"},"headline":"III Bieg Pami\u0119ci \u017bo\u0142nierzy Wykl\u0119tych \u201eTropem Wilczym\u201d","datePublished":"2022-02-11T12:08:55+00:00","dateModified":"2022-02-15T09:55:06+00:00","mainEntityOfPage":{"@id":"https:\/\/pans.krosno.pl\/azs\/iii-bieg-pamieci-zolnierzy-wykletych-tropem-wilczym\/"},"wordCount":159,"commentCount":0,"publisher":{"@id":"https:\/\/pans.krosno.pl\/azs\/#organization"},"image":{"@id":"https:\/\/pans.krosno.pl\/azs\/iii-bieg-pamieci-zolnierzy-wykletych-tropem-wilczym\/#primaryimage"},"thumbnailUrl":"https:\/\/pans.krosno.pl\/azs\/wp-content\/uploads\/sites\/47\/2022\/02\/Bieg-Tropem-Wilczym.jpg","articleSection":["Aktualno\u015bci Bieg Tropem Wilczym"],"inLanguage":"pl-PL","potentialAction":[{"@type":"CommentAction","name":"Comment","target":["https:\/\/pans.krosno.pl\/azs\/iii-bieg-pamieci-zolnierzy-wykletych-tropem-wilczym\/#respond"]}]},{"@type":"WebPage","@id":"https:\/\/pans.krosno.pl\/azs\/iii-bieg-pamieci-zolnierzy-wykletych-tropem-wilczym\/","url":"https:\/\/pans.krosno.pl\/azs\/iii-bieg-pamieci-zolnierzy-wykletych-tropem-wilczym\/","name":"III Bieg Pami\u0119ci \u017bo\u0142nierzy Wykl\u0119tych \u201eTropem Wilczym\u201d - Sport, turystyka, AZS PANS w Kro\u015bnie","isPartOf":{"@id":"https:\/\/pans.krosno.pl\/azs\/#website"},"primaryImageOfPage":{"@id":"https:\/\/pans.krosno.pl\/azs\/iii-bieg-pamieci-zolnierzy-wykletych-tropem-wilczym\/#primaryimage"},"image":{"@id":"https:\/\/pans.krosno.pl\/azs\/iii-bieg-pamieci-zolnierzy-wykletych-tropem-wilczym\/#primaryimage"},"thumbnailUrl":"https:\/\/pans.krosno.pl\/azs\/wp-content\/uploads\/sites\/47\/2022\/02\/Bieg-Tropem-Wilczym.jpg","datePublished":"2022-02-11T12:08:55+00:00","dateModified":"2022-02-15T09:55:06+00:00","breadcrumb":{"@id":"https:\/\/pans.krosno.pl\/azs\/iii-bieg-pamieci-zolnierzy-wykletych-tropem-wilczym\/#breadcrumb"},"inLanguage":"pl-PL","potentialAction":[{"@type":"ReadAction","target":["https:\/\/pans.krosno.pl\/azs\/iii-bieg-pamieci-zolnierzy-wykletych-tropem-wilczym\/"]}]},{"@type":"ImageObject","inLanguage":"pl-PL","@id":"https:\/\/pans.krosno.pl\/azs\/iii-bieg-pamieci-zolnierzy-wykletych-tropem-wilczym\/#primaryimage","url":"https:\/\/pans.krosno.pl\/azs\/wp-content\/uploads\/sites\/47\/2022\/02\/Bieg-Tropem-Wilczym.jpg","contentUrl":"https:\/\/pans.krosno.pl\/azs\/wp-content\/uploads\/sites\/47\/2022\/02\/Bieg-Tropem-Wilczym.jpg","width":1725,"height":1932},{"@type":"BreadcrumbList","@id":"https:\/\/pans.krosno.pl\/azs\/iii-bieg-pamieci-zolnierzy-wykletych-tropem-wilczym\/#breadcrumb","itemListElement":[{"@type":"ListItem","position":1,"name":"Strona g\u0142\u00f3wna","item":"https:\/\/pans.krosno.pl\/azs\/"},{"@type":"ListItem","position":2,"name":"III Bieg Pami\u0119ci \u017bo\u0142nierzy Wykl\u0119tych \u201eTropem Wilczym\u201d"}]},{"@type":"WebSite","@id":"https:\/\/pans.krosno.pl\/azs\/#website","url":"https:\/\/pans.krosno.pl\/azs\/","name":"Sport, turystyka, AZS PANS w Kro\u015bnie","description":"Sport, turystyka, AZS PANS - Pa\u0144stwowa Akademia Nauk Stosowanych","publisher":{"@id":"https:\/\/pans.krosno.pl\/azs\/#organization"},"potentialAction":[{"@type":"SearchAction","target":{"@type":"EntryPoint","urlTemplate":"https:\/\/pans.krosno.pl\/azs\/?s={search_term_string}"},"query-input":{"@type":"PropertyValueSpecification","valueRequired":true,"valueName":"search_term_string"}}],"inLanguage":"pl-PL"},{"@type":"Organization","@id":"https:\/\/pans.krosno.pl\/azs\/#organization","name":"Sport, turystyka, AZS PANS w Kro\u015bnie","url":"https:\/\/pans.krosno.pl\/azs\/","logo":{"@type":"ImageObject","inLanguage":"pl-PL","@id":"https:\/\/pans.krosno.pl\/azs\/#\/schema\/logo\/image\/","url":"https:\/\/pans.krosno.pl\/azs\/wp-content\/uploads\/sites\/47\/2023\/01\/Logo-PANS-2022-pelne.png","contentUrl":"https:\/\/pans.krosno.pl\/azs\/wp-content\/uploads\/sites\/47\/2023\/01\/Logo-PANS-2022-pelne.png","width":3096,"height":696,"caption":"Sport, turystyka, AZS PANS w Kro\u015bnie"},"image":{"@id":"https:\/\/pans.krosno.pl\/azs\/#\/schema\/logo\/image\/"}},{"@type":"Person","@id":"https:\/\/pans.krosno.pl\/azs\/#\/schema\/person\/0e06767fecbbb249816fc25290e705d6","name":"bartlomiejbielawa","image":{"@type":"ImageObject","inLanguage":"pl-PL","@id":"https:\/\/secure.gravatar.com\/avatar\/c26fdebd2a5bd2fc3e8c80b29f3d6b039ed35b185d95fce516a951e91c53f0a6?s=96&d=mm&r=g","url":"https:\/\/secure.gravatar.com\/avatar\/c26fdebd2a5bd2fc3e8c80b29f3d6b039ed35b185d95fce516a951e91c53f0a6?s=96&d=mm&r=g","contentUrl":"https:\/\/secure.gravatar.com\/avatar\/c26fdebd2a5bd2fc3e8c80b29f3d6b039ed35b185d95fce516a951e91c53f0a6?s=96&d=mm&r=g","caption":"bartlomiejbielawa"},"url":"https:\/\/pans.krosno.pl\/azs\/author\/bartlomiejbielawa\/"}]}},"_links":{"self":[{"href":"https:\/\/pans.krosno.pl\/azs\/wp-json\/wp\/v2\/posts\/2946","targetHints":{"allow":["GET"]}}],"collection":[{"href":"https:\/\/pans.krosno.pl\/azs\/wp-json\/wp\/v2\/posts"}],"about":[{"href":"https:\/\/pans.krosno.pl\/azs\/wp-json\/wp\/v2\/types\/post"}],"author":[{"embeddable":true,"href":"https:\/\/pans.krosno.pl\/azs\/wp-json\/wp\/v2\/users\/85"}],"replies":[{"embeddable":true,"href":"https:\/\/pans.krosno.pl\/azs\/wp-json\/wp\/v2\/comments?post=2946"}],"version-history":[{"count":4,"href":"https:\/\/pans.krosno.pl\/azs\/wp-json\/wp\/v2\/posts\/2946\/revisions"}],"predecessor-version":[{"id":2952,"href":"https:\/\/pans.krosno.pl\/azs\/wp-json\/wp\/v2\/posts\/2946\/revisions\/2952"}],"wp:featuredmedia":[{"embeddable":true,"href":"https:\/\/pans.krosno.pl\/azs\/wp-json\/wp\/v2\/media\/2947"}],"wp:attachment":[{"href":"https:\/\/pans.krosno.pl\/azs\/wp-json\/wp\/v2\/media?parent=2946"}],"wp:term":[{"taxonomy":"category","embeddable":true,"href":"https:\/\/pans.krosno.pl\/azs\/wp-json\/wp\/v2\/categories?post=2946"},{"taxonomy":"post_tag","embeddable":true,"href":"https:\/\/pans.krosno.pl\/azs\/wp-json\/wp\/v2\/tags?post=2946"}],"curies":[{"name":"wp","href":"https:\/\/api.w.org\/{rel}","templated":true}]}}