{"id":2485,"date":"2021-09-20T09:44:35","date_gmt":"2021-09-20T07:44:35","guid":{"rendered":"https:\/\/pans.krosno.pl\/azs\/?p=2485"},"modified":"2021-09-20T09:44:36","modified_gmt":"2021-09-20T07:44:36","slug":"ii-bieg-pamieci-zolnierzy-wykletych-tropem-wilczym","status":"publish","type":"post","link":"https:\/\/pans.krosno.pl\/azs\/ii-bieg-pamieci-zolnierzy-wykletych-tropem-wilczym\/","title":{"rendered":"II Bieg Pami\u0119ci \u017bo\u0142nierzy Wykl\u0119tych \u201eTropem Wilczym\u201d"},"content":{"rendered":"\n<figure class=\"wp-block-image size-large\"><img loading=\"lazy\" decoding=\"async\" width=\"1024\" height=\"683\" src=\"https:\/\/pans.krosno.pl\/azs\/wp-content\/uploads\/sites\/47\/2021\/09\/242211807_4587195431315128_123158967938062236_n-1024x683.jpg\" alt=\"\" class=\"wp-image-2486\" srcset=\"https:\/\/pans.krosno.pl\/azs\/wp-content\/uploads\/sites\/47\/2021\/09\/242211807_4587195431315128_123158967938062236_n-1024x683.jpg 1024w, https:\/\/pans.krosno.pl\/azs\/wp-content\/uploads\/sites\/47\/2021\/09\/242211807_4587195431315128_123158967938062236_n-300x200.jpg 300w, https:\/\/pans.krosno.pl\/azs\/wp-content\/uploads\/sites\/47\/2021\/09\/242211807_4587195431315128_123158967938062236_n-768x512.jpg 768w, https:\/\/pans.krosno.pl\/azs\/wp-content\/uploads\/sites\/47\/2021\/09\/242211807_4587195431315128_123158967938062236_n-1536x1024.jpg 1536w, https:\/\/pans.krosno.pl\/azs\/wp-content\/uploads\/sites\/47\/2021\/09\/242211807_4587195431315128_123158967938062236_n-800x533.jpg 800w, https:\/\/pans.krosno.pl\/azs\/wp-content\/uploads\/sites\/47\/2021\/09\/242211807_4587195431315128_123158967938062236_n-580x387.jpg 580w, https:\/\/pans.krosno.pl\/azs\/wp-content\/uploads\/sites\/47\/2021\/09\/242211807_4587195431315128_123158967938062236_n.jpg 1692w\" sizes=\"auto, (max-width: 1024px) 100vw, 1024px\" \/><\/figure>\n\n\n<p style=\"text-align: justify\">Karpacka Pa\u0144stwowa Uczelnia w Kro\u015bnie, w tym roku do\u0142\u0105czy\u0142a do IX edycji Biegu Tropem Wilczym organizuj\u0105c wraz z Klubem Uczelnianym Akademickiego Zwi\u0105zku Sportowego KPU Krosno, II Bieg Pami\u0119ci \u017bo\u0142nierzy Wykl\u0119tych \u201eTropem Wilczym\u201d.<\/p>\n\n<p style=\"text-align: justify\">Bieg upami\u0119tnia \u017bo\u0142nierzy Niez\u0142omnych walcz\u0105cych w najwi\u0119kszym powstaniu antykomunistycznym w powojennej Polsce. Jest okazj\u0105 do wspomnie\u0144 i wsp\u00f3lnego oddania szacunku Bohaterom. To w\u0142a\u015bnie w 1963 r. zosta\u0142 zamordowany J\u00f3zef Franczak ps. \u201eLalek\u201d \u2013 ostatni Niez\u0142omny.<\/p>\n\n\n<figure class=\"wp-block-image size-large\"><img loading=\"lazy\" decoding=\"async\" width=\"1024\" height=\"683\" src=\"https:\/\/pans.krosno.pl\/azs\/wp-content\/uploads\/sites\/47\/2021\/09\/242232784_4587196697981668_7922925471077431504_n-1024x683.jpg\" alt=\"\" class=\"wp-image-2488\" srcset=\"https:\/\/pans.krosno.pl\/azs\/wp-content\/uploads\/sites\/47\/2021\/09\/242232784_4587196697981668_7922925471077431504_n-1024x683.jpg 1024w, https:\/\/pans.krosno.pl\/azs\/wp-content\/uploads\/sites\/47\/2021\/09\/242232784_4587196697981668_7922925471077431504_n-300x200.jpg 300w, https:\/\/pans.krosno.pl\/azs\/wp-content\/uploads\/sites\/47\/2021\/09\/242232784_4587196697981668_7922925471077431504_n-768x512.jpg 768w, https:\/\/pans.krosno.pl\/azs\/wp-content\/uploads\/sites\/47\/2021\/09\/242232784_4587196697981668_7922925471077431504_n-1536x1024.jpg 1536w, https:\/\/pans.krosno.pl\/azs\/wp-content\/uploads\/sites\/47\/2021\/09\/242232784_4587196697981668_7922925471077431504_n-800x533.jpg 800w, https:\/\/pans.krosno.pl\/azs\/wp-content\/uploads\/sites\/47\/2021\/09\/242232784_4587196697981668_7922925471077431504_n-580x387.jpg 580w, https:\/\/pans.krosno.pl\/azs\/wp-content\/uploads\/sites\/47\/2021\/09\/242232784_4587196697981668_7922925471077431504_n.jpg 1692w\" sizes=\"auto, (max-width: 1024px) 100vw, 1024px\" \/><\/figure>\n\n\n<p style=\"text-align: justify\">Bieg odby\u0142 si\u0119 19 wrze\u015bnia 2021 r. na symbolicznym dystansie 1963 m, a start i meta znajdowa\u0142a si\u0119 na kro\u015bnie\u0144skim Rynku. O godzinie 10:30 wystartowa\u0142o 63 osoby. Na met\u0119 jako pierwszy wbieg\u0142 Mateusz Wokurka, nast\u0119pnie Tomasz Tajchman, a za nim Kacper Gerlach.<\/p>\n\n\n<figure class=\"wp-block-image size-large\"><img loading=\"lazy\" decoding=\"async\" width=\"1024\" height=\"683\" src=\"https:\/\/pans.krosno.pl\/azs\/wp-content\/uploads\/sites\/47\/2021\/09\/242254183_4587195067981831_8140646044716994610_n-1024x683.jpg\" alt=\"\" class=\"wp-image-2489\" srcset=\"https:\/\/pans.krosno.pl\/azs\/wp-content\/uploads\/sites\/47\/2021\/09\/242254183_4587195067981831_8140646044716994610_n-1024x683.jpg 1024w, https:\/\/pans.krosno.pl\/azs\/wp-content\/uploads\/sites\/47\/2021\/09\/242254183_4587195067981831_8140646044716994610_n-300x200.jpg 300w, https:\/\/pans.krosno.pl\/azs\/wp-content\/uploads\/sites\/47\/2021\/09\/242254183_4587195067981831_8140646044716994610_n-768x512.jpg 768w, https:\/\/pans.krosno.pl\/azs\/wp-content\/uploads\/sites\/47\/2021\/09\/242254183_4587195067981831_8140646044716994610_n-1536x1024.jpg 1536w, https:\/\/pans.krosno.pl\/azs\/wp-content\/uploads\/sites\/47\/2021\/09\/242254183_4587195067981831_8140646044716994610_n-800x533.jpg 800w, https:\/\/pans.krosno.pl\/azs\/wp-content\/uploads\/sites\/47\/2021\/09\/242254183_4587195067981831_8140646044716994610_n-580x387.jpg 580w, https:\/\/pans.krosno.pl\/azs\/wp-content\/uploads\/sites\/47\/2021\/09\/242254183_4587195067981831_8140646044716994610_n.jpg 1692w\" sizes=\"auto, (max-width: 1024px) 100vw, 1024px\" \/><\/figure>\n\n\n<p style=\"text-align: justify\">Na mecie, ka\u017cdy uczestnik biegu otrzyma\u0142 medal, kt\u00f3ry po\u0142\u0105czy\u0107 mo\u017cna z medalem z wcze\u015bniejszej edycji.<\/p>\n\n\n<figure class=\"wp-block-image size-large\"><img loading=\"lazy\" decoding=\"async\" width=\"1024\" height=\"683\" src=\"https:\/\/pans.krosno.pl\/azs\/wp-content\/uploads\/sites\/47\/2021\/09\/242361624_4587195631315108_5091347790727237623_n-1024x683.jpg\" alt=\"\" class=\"wp-image-2487\" srcset=\"https:\/\/pans.krosno.pl\/azs\/wp-content\/uploads\/sites\/47\/2021\/09\/242361624_4587195631315108_5091347790727237623_n-1024x683.jpg 1024w, https:\/\/pans.krosno.pl\/azs\/wp-content\/uploads\/sites\/47\/2021\/09\/242361624_4587195631315108_5091347790727237623_n-300x200.jpg 300w, https:\/\/pans.krosno.pl\/azs\/wp-content\/uploads\/sites\/47\/2021\/09\/242361624_4587195631315108_5091347790727237623_n-768x512.jpg 768w, https:\/\/pans.krosno.pl\/azs\/wp-content\/uploads\/sites\/47\/2021\/09\/242361624_4587195631315108_5091347790727237623_n-1536x1024.jpg 1536w, https:\/\/pans.krosno.pl\/azs\/wp-content\/uploads\/sites\/47\/2021\/09\/242361624_4587195631315108_5091347790727237623_n-800x533.jpg 800w, https:\/\/pans.krosno.pl\/azs\/wp-content\/uploads\/sites\/47\/2021\/09\/242361624_4587195631315108_5091347790727237623_n-580x387.jpg 580w, https:\/\/pans.krosno.pl\/azs\/wp-content\/uploads\/sites\/47\/2021\/09\/242361624_4587195631315108_5091347790727237623_n.jpg 1692w\" sizes=\"auto, (max-width: 1024px) 100vw, 1024px\" \/><\/figure>\n\n\n<p style=\"text-align: justify\">Bieg nie by\u0142 form\u0105 rywalizacji, tras\u0119 mo\u017cna by\u0142o pokona\u0107 stosuj\u0105c dowoln\u0105 form\u0119 ruchu, a wzi\u0105\u0107 w nim udzia\u0142 mogli wszyscy ch\u0119tni niezale\u017cnie od wieku.<\/p>\n\n\n<figure class=\"wp-block-image size-large\"><img loading=\"lazy\" decoding=\"async\" width=\"1024\" height=\"683\" src=\"https:\/\/pans.krosno.pl\/azs\/wp-content\/uploads\/sites\/47\/2021\/09\/242301512_4587196751314996_1178432976542276877_n-1024x683.jpg\" alt=\"\" class=\"wp-image-2490\" srcset=\"https:\/\/pans.krosno.pl\/azs\/wp-content\/uploads\/sites\/47\/2021\/09\/242301512_4587196751314996_1178432976542276877_n-1024x683.jpg 1024w, https:\/\/pans.krosno.pl\/azs\/wp-content\/uploads\/sites\/47\/2021\/09\/242301512_4587196751314996_1178432976542276877_n-300x200.jpg 300w, https:\/\/pans.krosno.pl\/azs\/wp-content\/uploads\/sites\/47\/2021\/09\/242301512_4587196751314996_1178432976542276877_n-768x512.jpg 768w, https:\/\/pans.krosno.pl\/azs\/wp-content\/uploads\/sites\/47\/2021\/09\/242301512_4587196751314996_1178432976542276877_n-1536x1024.jpg 1536w, https:\/\/pans.krosno.pl\/azs\/wp-content\/uploads\/sites\/47\/2021\/09\/242301512_4587196751314996_1178432976542276877_n-800x533.jpg 800w, https:\/\/pans.krosno.pl\/azs\/wp-content\/uploads\/sites\/47\/2021\/09\/242301512_4587196751314996_1178432976542276877_n-580x387.jpg 580w, https:\/\/pans.krosno.pl\/azs\/wp-content\/uploads\/sites\/47\/2021\/09\/242301512_4587196751314996_1178432976542276877_n.jpg 1692w\" sizes=\"auto, (max-width: 1024px) 100vw, 1024px\" \/><\/figure>\n","protected":false},"excerpt":{"rendered":"<p>Karpacka Pa\u0144stwowa Uczelnia w Kro\u015bnie, w tym roku do\u0142\u0105czy\u0142a do IX edycji Biegu Tropem Wilczym organizuj\u0105c wraz z Klubem Uczelnianym Akademickiego Zwi\u0105zku Sportowego KPU Krosno, II Bieg Pami\u0119ci \u017bo\u0142nierzy Wykl\u0119tych \u201eTropem Wilczym\u201d. Bieg upami\u0119tnia \u017bo\u0142nierzy Niez\u0142omnych walcz\u0105cych w najwi\u0119kszym powstaniu antykomunistycznym w powojennej Polsce. Jest okazj\u0105 do wspomnie\u0144 i wsp\u00f3lnego [\u2026] <\/p>\n<div class=\"clear\"><\/div>\n<p><a class=\"more_link clearfix\" href=\"https:\/\/pans.krosno.pl\/azs\/ii-bieg-pamieci-zolnierzy-wykletych-tropem-wilczym\/\" rel=\"nofollow\">Read More<\/a><\/p>\n","protected":false},"author":1,"featured_media":2489,"comment_status":"open","ping_status":"open","sticky":false,"template":"","format":"standard","meta":{"ngg_post_thumbnail":0,"footnotes":""},"categories":[4],"tags":[],"class_list":["post-2485","post","type-post","status-publish","format-standard","has-post-thumbnail","hentry","category-aktualnosci-bieg-tropem-wilczym"],"yoast_head":"<!-- This site is optimized with the Yoast SEO Premium plugin v27.4 (Yoast SEO v27.4) - https:\/\/yoast.com\/product\/yoast-seo-premium-wordpress\/ -->\n<title>II Bieg Pami\u0119ci \u017bo\u0142nierzy Wykl\u0119tych \u201eTropem Wilczym\u201d - Sport, turystyka, AZS PANS w Kro\u015bnie<\/title>\n<meta name=\"robots\" content=\"index, follow, max-snippet:-1, max-image-preview:large, max-video-preview:-1\" \/>\n<link rel=\"canonical\" href=\"https:\/\/pans.krosno.pl\/azs\/ii-bieg-pamieci-zolnierzy-wykletych-tropem-wilczym\/\" \/>\n<meta property=\"og:locale\" content=\"pl_PL\" \/>\n<meta property=\"og:type\" content=\"article\" \/>\n<meta property=\"og:title\" content=\"II Bieg Pami\u0119ci \u017bo\u0142nierzy Wykl\u0119tych \u201eTropem Wilczym\u201d\" \/>\n<meta property=\"og:description\" content=\"Karpacka Pa\u0144stwowa Uczelnia w Kro\u015bnie, w tym roku do\u0142\u0105czy\u0142a do IX edycji Biegu Tropem Wilczym organizuj\u0105c wraz z Klubem Uczelnianym Akademickiego Zwi\u0105zku Sportowego KPU Krosno, II Bieg Pami\u0119ci \u017bo\u0142nierzy Wykl\u0119tych \u201eTropem Wilczym\u201d. Bieg upami\u0119tnia \u017bo\u0142nierzy Niez\u0142omnych walcz\u0105cych w najwi\u0119kszym powstaniu antykomunistycznym w powojennej Polsce. Jest okazj\u0105 do wspomnie\u0144 i wsp\u00f3lnego [\u2026] Read More\" \/>\n<meta property=\"og:url\" content=\"https:\/\/pans.krosno.pl\/azs\/ii-bieg-pamieci-zolnierzy-wykletych-tropem-wilczym\/\" \/>\n<meta property=\"og:site_name\" content=\"Sport, turystyka, AZS PANS w Kro\u015bnie\" \/>\n<meta property=\"article:published_time\" content=\"2021-09-20T07:44:35+00:00\" \/>\n<meta property=\"article:modified_time\" content=\"2021-09-20T07:44:36+00:00\" \/>\n<meta property=\"og:image\" content=\"https:\/\/pans.krosno.pl\/wp-content\/uploads\/sites\/47\/2021\/09\/242254183_4587195067981831_8140646044716994610_n.jpg\" \/>\n\t<meta property=\"og:image:width\" content=\"1692\" \/>\n\t<meta property=\"og:image:height\" content=\"1128\" \/>\n\t<meta property=\"og:image:type\" content=\"image\/jpeg\" \/>\n<meta name=\"author\" content=\"Administrator\" \/>\n<meta name=\"twitter:card\" content=\"summary_large_image\" \/>\n<meta name=\"twitter:label1\" content=\"Napisane przez\" \/>\n\t<meta name=\"twitter:data1\" content=\"Administrator\" \/>\n\t<meta name=\"twitter:label2\" content=\"Szacowany czas czytania\" \/>\n\t<meta name=\"twitter:data2\" content=\"1 minuta\" \/>\n<script type=\"application\/ld+json\" class=\"yoast-schema-graph\">{\"@context\":\"https:\\\/\\\/schema.org\",\"@graph\":[{\"@type\":\"Article\",\"@id\":\"https:\\\/\\\/pans.krosno.pl\\\/azs\\\/ii-bieg-pamieci-zolnierzy-wykletych-tropem-wilczym\\\/#article\",\"isPartOf\":{\"@id\":\"https:\\\/\\\/pans.krosno.pl\\\/azs\\\/ii-bieg-pamieci-zolnierzy-wykletych-tropem-wilczym\\\/\"},\"author\":{\"name\":\"Administrator\",\"@id\":\"https:\\\/\\\/pans.krosno.pl\\\/azs\\\/#\\\/schema\\\/person\\\/12971f03579845ed0517fe1750b4fccd\"},\"headline\":\"II Bieg Pami\u0119ci \u017bo\u0142nierzy Wykl\u0119tych \u201eTropem Wilczym\u201d\",\"datePublished\":\"2021-09-20T07:44:35+00:00\",\"dateModified\":\"2021-09-20T07:44:36+00:00\",\"mainEntityOfPage\":{\"@id\":\"https:\\\/\\\/pans.krosno.pl\\\/azs\\\/ii-bieg-pamieci-zolnierzy-wykletych-tropem-wilczym\\\/\"},\"wordCount\":186,\"commentCount\":0,\"publisher\":{\"@id\":\"https:\\\/\\\/pans.krosno.pl\\\/azs\\\/#organization\"},\"image\":{\"@id\":\"https:\\\/\\\/pans.krosno.pl\\\/azs\\\/ii-bieg-pamieci-zolnierzy-wykletych-tropem-wilczym\\\/#primaryimage\"},\"thumbnailUrl\":\"https:\\\/\\\/pans.krosno.pl\\\/azs\\\/wp-content\\\/uploads\\\/sites\\\/47\\\/2021\\\/09\\\/242254183_4587195067981831_8140646044716994610_n.jpg\",\"articleSection\":[\"Aktualno\u015bci Bieg Tropem Wilczym\"],\"inLanguage\":\"pl-PL\",\"potentialAction\":[{\"@type\":\"CommentAction\",\"name\":\"Comment\",\"target\":[\"https:\\\/\\\/pans.krosno.pl\\\/azs\\\/ii-bieg-pamieci-zolnierzy-wykletych-tropem-wilczym\\\/#respond\"]}]},{\"@type\":\"WebPage\",\"@id\":\"https:\\\/\\\/pans.krosno.pl\\\/azs\\\/ii-bieg-pamieci-zolnierzy-wykletych-tropem-wilczym\\\/\",\"url\":\"https:\\\/\\\/pans.krosno.pl\\\/azs\\\/ii-bieg-pamieci-zolnierzy-wykletych-tropem-wilczym\\\/\",\"name\":\"II Bieg Pami\u0119ci \u017bo\u0142nierzy Wykl\u0119tych \u201eTropem Wilczym\u201d - Sport, turystyka, AZS PANS w Kro\u015bnie\",\"isPartOf\":{\"@id\":\"https:\\\/\\\/pans.krosno.pl\\\/azs\\\/#website\"},\"primaryImageOfPage\":{\"@id\":\"https:\\\/\\\/pans.krosno.pl\\\/azs\\\/ii-bieg-pamieci-zolnierzy-wykletych-tropem-wilczym\\\/#primaryimage\"},\"image\":{\"@id\":\"https:\\\/\\\/pans.krosno.pl\\\/azs\\\/ii-bieg-pamieci-zolnierzy-wykletych-tropem-wilczym\\\/#primaryimage\"},\"thumbnailUrl\":\"https:\\\/\\\/pans.krosno.pl\\\/azs\\\/wp-content\\\/uploads\\\/sites\\\/47\\\/2021\\\/09\\\/242254183_4587195067981831_8140646044716994610_n.jpg\",\"datePublished\":\"2021-09-20T07:44:35+00:00\",\"dateModified\":\"2021-09-20T07:44:36+00:00\",\"breadcrumb\":{\"@id\":\"https:\\\/\\\/pans.krosno.pl\\\/azs\\\/ii-bieg-pamieci-zolnierzy-wykletych-tropem-wilczym\\\/#breadcrumb\"},\"inLanguage\":\"pl-PL\",\"potentialAction\":[{\"@type\":\"ReadAction\",\"target\":[\"https:\\\/\\\/pans.krosno.pl\\\/azs\\\/ii-bieg-pamieci-zolnierzy-wykletych-tropem-wilczym\\\/\"]}]},{\"@type\":\"ImageObject\",\"inLanguage\":\"pl-PL\",\"@id\":\"https:\\\/\\\/pans.krosno.pl\\\/azs\\\/ii-bieg-pamieci-zolnierzy-wykletych-tropem-wilczym\\\/#primaryimage\",\"url\":\"https:\\\/\\\/pans.krosno.pl\\\/azs\\\/wp-content\\\/uploads\\\/sites\\\/47\\\/2021\\\/09\\\/242254183_4587195067981831_8140646044716994610_n.jpg\",\"contentUrl\":\"https:\\\/\\\/pans.krosno.pl\\\/azs\\\/wp-content\\\/uploads\\\/sites\\\/47\\\/2021\\\/09\\\/242254183_4587195067981831_8140646044716994610_n.jpg\",\"width\":1692,\"height\":1128},{\"@type\":\"BreadcrumbList\",\"@id\":\"https:\\\/\\\/pans.krosno.pl\\\/azs\\\/ii-bieg-pamieci-zolnierzy-wykletych-tropem-wilczym\\\/#breadcrumb\",\"itemListElement\":[{\"@type\":\"ListItem\",\"position\":1,\"name\":\"Strona g\u0142\u00f3wna\",\"item\":\"https:\\\/\\\/pans.krosno.pl\\\/azs\\\/\"},{\"@type\":\"ListItem\",\"position\":2,\"name\":\"II Bieg Pami\u0119ci \u017bo\u0142nierzy Wykl\u0119tych \u201eTropem Wilczym\u201d\"}]},{\"@type\":\"WebSite\",\"@id\":\"https:\\\/\\\/pans.krosno.pl\\\/azs\\\/#website\",\"url\":\"https:\\\/\\\/pans.krosno.pl\\\/azs\\\/\",\"name\":\"Sport, turystyka, AZS PANS w Kro\u015bnie\",\"description\":\"Sport, turystyka, AZS PANS - Pa\u0144stwowa Akademia Nauk Stosowanych\",\"publisher\":{\"@id\":\"https:\\\/\\\/pans.krosno.pl\\\/azs\\\/#organization\"},\"potentialAction\":[{\"@type\":\"SearchAction\",\"target\":{\"@type\":\"EntryPoint\",\"urlTemplate\":\"https:\\\/\\\/pans.krosno.pl\\\/azs\\\/?s={search_term_string}\"},\"query-input\":{\"@type\":\"PropertyValueSpecification\",\"valueRequired\":true,\"valueName\":\"search_term_string\"}}],\"inLanguage\":\"pl-PL\"},{\"@type\":\"Organization\",\"@id\":\"https:\\\/\\\/pans.krosno.pl\\\/azs\\\/#organization\",\"name\":\"Sport, turystyka, AZS PANS w Kro\u015bnie\",\"url\":\"https:\\\/\\\/pans.krosno.pl\\\/azs\\\/\",\"logo\":{\"@type\":\"ImageObject\",\"inLanguage\":\"pl-PL\",\"@id\":\"https:\\\/\\\/pans.krosno.pl\\\/azs\\\/#\\\/schema\\\/logo\\\/image\\\/\",\"url\":\"https:\\\/\\\/pans.krosno.pl\\\/azs\\\/wp-content\\\/uploads\\\/sites\\\/47\\\/2023\\\/01\\\/Logo-PANS-2022-pelne.png\",\"contentUrl\":\"https:\\\/\\\/pans.krosno.pl\\\/azs\\\/wp-content\\\/uploads\\\/sites\\\/47\\\/2023\\\/01\\\/Logo-PANS-2022-pelne.png\",\"width\":3096,\"height\":696,\"caption\":\"Sport, turystyka, AZS PANS w Kro\u015bnie\"},\"image\":{\"@id\":\"https:\\\/\\\/pans.krosno.pl\\\/azs\\\/#\\\/schema\\\/logo\\\/image\\\/\"}},{\"@type\":\"Person\",\"@id\":\"https:\\\/\\\/pans.krosno.pl\\\/azs\\\/#\\\/schema\\\/person\\\/12971f03579845ed0517fe1750b4fccd\",\"name\":\"Administrator\",\"image\":{\"@type\":\"ImageObject\",\"inLanguage\":\"pl-PL\",\"@id\":\"https:\\\/\\\/secure.gravatar.com\\\/avatar\\\/8fee26b74b37be19bf87f436145f02cc65c943a576dc506f29d26dcf95c71925?s=96&d=mm&r=g\",\"url\":\"https:\\\/\\\/secure.gravatar.com\\\/avatar\\\/8fee26b74b37be19bf87f436145f02cc65c943a576dc506f29d26dcf95c71925?s=96&d=mm&r=g\",\"contentUrl\":\"https:\\\/\\\/secure.gravatar.com\\\/avatar\\\/8fee26b74b37be19bf87f436145f02cc65c943a576dc506f29d26dcf95c71925?s=96&d=mm&r=g\",\"caption\":\"Administrator\"},\"url\":\"https:\\\/\\\/pans.krosno.pl\\\/azs\\\/author\\\/mateusz-lorenc\\\/\"}]}<\/script>\n<!-- \/ Yoast SEO Premium plugin. -->","yoast_head_json":{"title":"II Bieg Pami\u0119ci \u017bo\u0142nierzy Wykl\u0119tych \u201eTropem Wilczym\u201d - Sport, turystyka, AZS PANS w Kro\u015bnie","robots":{"index":"index","follow":"follow","max-snippet":"max-snippet:-1","max-image-preview":"max-image-preview:large","max-video-preview":"max-video-preview:-1"},"canonical":"https:\/\/pans.krosno.pl\/azs\/ii-bieg-pamieci-zolnierzy-wykletych-tropem-wilczym\/","og_locale":"pl_PL","og_type":"article","og_title":"II Bieg Pami\u0119ci \u017bo\u0142nierzy Wykl\u0119tych \u201eTropem Wilczym\u201d","og_description":"Karpacka Pa\u0144stwowa Uczelnia w Kro\u015bnie, w tym roku do\u0142\u0105czy\u0142a do IX edycji Biegu Tropem Wilczym organizuj\u0105c wraz z Klubem Uczelnianym Akademickiego Zwi\u0105zku Sportowego KPU Krosno, II Bieg Pami\u0119ci \u017bo\u0142nierzy Wykl\u0119tych \u201eTropem Wilczym\u201d. Bieg upami\u0119tnia \u017bo\u0142nierzy Niez\u0142omnych walcz\u0105cych w najwi\u0119kszym powstaniu antykomunistycznym w powojennej Polsce. Jest okazj\u0105 do wspomnie\u0144 i wsp\u00f3lnego [\u2026] Read More","og_url":"https:\/\/pans.krosno.pl\/azs\/ii-bieg-pamieci-zolnierzy-wykletych-tropem-wilczym\/","og_site_name":"Sport, turystyka, AZS PANS w Kro\u015bnie","article_published_time":"2021-09-20T07:44:35+00:00","article_modified_time":"2021-09-20T07:44:36+00:00","og_image":[{"width":1692,"height":1128,"url":"https:\/\/pans.krosno.pl\/wp-content\/uploads\/sites\/47\/2021\/09\/242254183_4587195067981831_8140646044716994610_n.jpg","type":"image\/jpeg"}],"author":"Administrator","twitter_card":"summary_large_image","twitter_misc":{"Napisane przez":"Administrator","Szacowany czas czytania":"1 minuta"},"schema":{"@context":"https:\/\/schema.org","@graph":[{"@type":"Article","@id":"https:\/\/pans.krosno.pl\/azs\/ii-bieg-pamieci-zolnierzy-wykletych-tropem-wilczym\/#article","isPartOf":{"@id":"https:\/\/pans.krosno.pl\/azs\/ii-bieg-pamieci-zolnierzy-wykletych-tropem-wilczym\/"},"author":{"name":"Administrator","@id":"https:\/\/pans.krosno.pl\/azs\/#\/schema\/person\/12971f03579845ed0517fe1750b4fccd"},"headline":"II Bieg Pami\u0119ci \u017bo\u0142nierzy Wykl\u0119tych \u201eTropem Wilczym\u201d","datePublished":"2021-09-20T07:44:35+00:00","dateModified":"2021-09-20T07:44:36+00:00","mainEntityOfPage":{"@id":"https:\/\/pans.krosno.pl\/azs\/ii-bieg-pamieci-zolnierzy-wykletych-tropem-wilczym\/"},"wordCount":186,"commentCount":0,"publisher":{"@id":"https:\/\/pans.krosno.pl\/azs\/#organization"},"image":{"@id":"https:\/\/pans.krosno.pl\/azs\/ii-bieg-pamieci-zolnierzy-wykletych-tropem-wilczym\/#primaryimage"},"thumbnailUrl":"https:\/\/pans.krosno.pl\/azs\/wp-content\/uploads\/sites\/47\/2021\/09\/242254183_4587195067981831_8140646044716994610_n.jpg","articleSection":["Aktualno\u015bci Bieg Tropem Wilczym"],"inLanguage":"pl-PL","potentialAction":[{"@type":"CommentAction","name":"Comment","target":["https:\/\/pans.krosno.pl\/azs\/ii-bieg-pamieci-zolnierzy-wykletych-tropem-wilczym\/#respond"]}]},{"@type":"WebPage","@id":"https:\/\/pans.krosno.pl\/azs\/ii-bieg-pamieci-zolnierzy-wykletych-tropem-wilczym\/","url":"https:\/\/pans.krosno.pl\/azs\/ii-bieg-pamieci-zolnierzy-wykletych-tropem-wilczym\/","name":"II Bieg Pami\u0119ci \u017bo\u0142nierzy Wykl\u0119tych \u201eTropem Wilczym\u201d - Sport, turystyka, AZS PANS w Kro\u015bnie","isPartOf":{"@id":"https:\/\/pans.krosno.pl\/azs\/#website"},"primaryImageOfPage":{"@id":"https:\/\/pans.krosno.pl\/azs\/ii-bieg-pamieci-zolnierzy-wykletych-tropem-wilczym\/#primaryimage"},"image":{"@id":"https:\/\/pans.krosno.pl\/azs\/ii-bieg-pamieci-zolnierzy-wykletych-tropem-wilczym\/#primaryimage"},"thumbnailUrl":"https:\/\/pans.krosno.pl\/azs\/wp-content\/uploads\/sites\/47\/2021\/09\/242254183_4587195067981831_8140646044716994610_n.jpg","datePublished":"2021-09-20T07:44:35+00:00","dateModified":"2021-09-20T07:44:36+00:00","breadcrumb":{"@id":"https:\/\/pans.krosno.pl\/azs\/ii-bieg-pamieci-zolnierzy-wykletych-tropem-wilczym\/#breadcrumb"},"inLanguage":"pl-PL","potentialAction":[{"@type":"ReadAction","target":["https:\/\/pans.krosno.pl\/azs\/ii-bieg-pamieci-zolnierzy-wykletych-tropem-wilczym\/"]}]},{"@type":"ImageObject","inLanguage":"pl-PL","@id":"https:\/\/pans.krosno.pl\/azs\/ii-bieg-pamieci-zolnierzy-wykletych-tropem-wilczym\/#primaryimage","url":"https:\/\/pans.krosno.pl\/azs\/wp-content\/uploads\/sites\/47\/2021\/09\/242254183_4587195067981831_8140646044716994610_n.jpg","contentUrl":"https:\/\/pans.krosno.pl\/azs\/wp-content\/uploads\/sites\/47\/2021\/09\/242254183_4587195067981831_8140646044716994610_n.jpg","width":1692,"height":1128},{"@type":"BreadcrumbList","@id":"https:\/\/pans.krosno.pl\/azs\/ii-bieg-pamieci-zolnierzy-wykletych-tropem-wilczym\/#breadcrumb","itemListElement":[{"@type":"ListItem","position":1,"name":"Strona g\u0142\u00f3wna","item":"https:\/\/pans.krosno.pl\/azs\/"},{"@type":"ListItem","position":2,"name":"II Bieg Pami\u0119ci \u017bo\u0142nierzy Wykl\u0119tych \u201eTropem Wilczym\u201d"}]},{"@type":"WebSite","@id":"https:\/\/pans.krosno.pl\/azs\/#website","url":"https:\/\/pans.krosno.pl\/azs\/","name":"Sport, turystyka, AZS PANS w Kro\u015bnie","description":"Sport, turystyka, AZS PANS - Pa\u0144stwowa Akademia Nauk Stosowanych","publisher":{"@id":"https:\/\/pans.krosno.pl\/azs\/#organization"},"potentialAction":[{"@type":"SearchAction","target":{"@type":"EntryPoint","urlTemplate":"https:\/\/pans.krosno.pl\/azs\/?s={search_term_string}"},"query-input":{"@type":"PropertyValueSpecification","valueRequired":true,"valueName":"search_term_string"}}],"inLanguage":"pl-PL"},{"@type":"Organization","@id":"https:\/\/pans.krosno.pl\/azs\/#organization","name":"Sport, turystyka, AZS PANS w Kro\u015bnie","url":"https:\/\/pans.krosno.pl\/azs\/","logo":{"@type":"ImageObject","inLanguage":"pl-PL","@id":"https:\/\/pans.krosno.pl\/azs\/#\/schema\/logo\/image\/","url":"https:\/\/pans.krosno.pl\/azs\/wp-content\/uploads\/sites\/47\/2023\/01\/Logo-PANS-2022-pelne.png","contentUrl":"https:\/\/pans.krosno.pl\/azs\/wp-content\/uploads\/sites\/47\/2023\/01\/Logo-PANS-2022-pelne.png","width":3096,"height":696,"caption":"Sport, turystyka, AZS PANS w Kro\u015bnie"},"image":{"@id":"https:\/\/pans.krosno.pl\/azs\/#\/schema\/logo\/image\/"}},{"@type":"Person","@id":"https:\/\/pans.krosno.pl\/azs\/#\/schema\/person\/12971f03579845ed0517fe1750b4fccd","name":"Administrator","image":{"@type":"ImageObject","inLanguage":"pl-PL","@id":"https:\/\/secure.gravatar.com\/avatar\/8fee26b74b37be19bf87f436145f02cc65c943a576dc506f29d26dcf95c71925?s=96&d=mm&r=g","url":"https:\/\/secure.gravatar.com\/avatar\/8fee26b74b37be19bf87f436145f02cc65c943a576dc506f29d26dcf95c71925?s=96&d=mm&r=g","contentUrl":"https:\/\/secure.gravatar.com\/avatar\/8fee26b74b37be19bf87f436145f02cc65c943a576dc506f29d26dcf95c71925?s=96&d=mm&r=g","caption":"Administrator"},"url":"https:\/\/pans.krosno.pl\/azs\/author\/mateusz-lorenc\/"}]}},"_links":{"self":[{"href":"https:\/\/pans.krosno.pl\/azs\/wp-json\/wp\/v2\/posts\/2485","targetHints":{"allow":["GET"]}}],"collection":[{"href":"https:\/\/pans.krosno.pl\/azs\/wp-json\/wp\/v2\/posts"}],"about":[{"href":"https:\/\/pans.krosno.pl\/azs\/wp-json\/wp\/v2\/types\/post"}],"author":[{"embeddable":true,"href":"https:\/\/pans.krosno.pl\/azs\/wp-json\/wp\/v2\/users\/1"}],"replies":[{"embeddable":true,"href":"https:\/\/pans.krosno.pl\/azs\/wp-json\/wp\/v2\/comments?post=2485"}],"version-history":[{"count":1,"href":"https:\/\/pans.krosno.pl\/azs\/wp-json\/wp\/v2\/posts\/2485\/revisions"}],"predecessor-version":[{"id":2491,"href":"https:\/\/pans.krosno.pl\/azs\/wp-json\/wp\/v2\/posts\/2485\/revisions\/2491"}],"wp:featuredmedia":[{"embeddable":true,"href":"https:\/\/pans.krosno.pl\/azs\/wp-json\/wp\/v2\/media\/2489"}],"wp:attachment":[{"href":"https:\/\/pans.krosno.pl\/azs\/wp-json\/wp\/v2\/media?parent=2485"}],"wp:term":[{"taxonomy":"category","embeddable":true,"href":"https:\/\/pans.krosno.pl\/azs\/wp-json\/wp\/v2\/categories?post=2485"},{"taxonomy":"post_tag","embeddable":true,"href":"https:\/\/pans.krosno.pl\/azs\/wp-json\/wp\/v2\/tags?post=2485"}],"curies":[{"name":"wp","href":"https:\/\/api.w.org\/{rel}","templated":true}]}}