{"id":2468,"date":"2021-07-26T12:45:56","date_gmt":"2021-07-26T10:45:56","guid":{"rendered":"https:\/\/pans.krosno.pl\/azs\/?p=2468"},"modified":"2021-07-26T12:47:38","modified_gmt":"2021-07-26T10:47:38","slug":"juz-niebawem","status":"publish","type":"post","link":"https:\/\/pans.krosno.pl\/azs\/juz-niebawem\/","title":{"rendered":"Ju\u017c niebawem!"},"content":{"rendered":"\n<figure class=\"wp-block-image size-large is-resized\"><img loading=\"lazy\" decoding=\"async\" src=\"https:\/\/pans.krosno.pl\/azs\/wp-content\/uploads\/sites\/47\/2021\/07\/bieg-tropem-1024x569.png\" alt=\"\" class=\"wp-image-2469\" width=\"521\" height=\"289\" srcset=\"https:\/\/pans.krosno.pl\/azs\/wp-content\/uploads\/sites\/47\/2021\/07\/bieg-tropem-1024x569.png 1024w, https:\/\/pans.krosno.pl\/azs\/wp-content\/uploads\/sites\/47\/2021\/07\/bieg-tropem-300x167.png 300w, https:\/\/pans.krosno.pl\/azs\/wp-content\/uploads\/sites\/47\/2021\/07\/bieg-tropem-768x427.png 768w, https:\/\/pans.krosno.pl\/azs\/wp-content\/uploads\/sites\/47\/2021\/07\/bieg-tropem-800x444.png 800w, https:\/\/pans.krosno.pl\/azs\/wp-content\/uploads\/sites\/47\/2021\/07\/bieg-tropem-580x322.png 580w, https:\/\/pans.krosno.pl\/azs\/wp-content\/uploads\/sites\/47\/2021\/07\/bieg-tropem.png 1422w\" sizes=\"auto, (max-width: 521px) 100vw, 521px\" \/><\/figure>\n\n\n\n<p>Przed Nami <strong>II Bieg Pami\u0119ci \u017bo\u0142nierzy Wykl\u0119tych \u201eTropem Wilczym\u201d<\/strong>, na kt\u00f3ry ju\u017c niebawem wystartuj\u0105 ZAPISY!  <\/p>\n\n\n\n<p>\u015aled\u017acie na bie\u017c\u0105co stron\u0119 Biegu, zapiszcie si\u0119 i otrzymajcie pakiet startowy!  \ud83d\ude09 <\/p>\n\n\n\n<figure class=\"wp-block-image size-large is-resized\"><img loading=\"lazy\" decoding=\"async\" src=\"https:\/\/pans.krosno.pl\/azs\/wp-content\/uploads\/sites\/47\/2021\/07\/20210726_113612-762x1024.jpg\" alt=\"\" class=\"wp-image-2470\" width=\"507\" height=\"681\" srcset=\"https:\/\/pans.krosno.pl\/azs\/wp-content\/uploads\/sites\/47\/2021\/07\/20210726_113612-762x1024.jpg 762w, https:\/\/pans.krosno.pl\/azs\/wp-content\/uploads\/sites\/47\/2021\/07\/20210726_113612-223x300.jpg 223w, https:\/\/pans.krosno.pl\/azs\/wp-content\/uploads\/sites\/47\/2021\/07\/20210726_113612-768x1032.jpg 768w, https:\/\/pans.krosno.pl\/azs\/wp-content\/uploads\/sites\/47\/2021\/07\/20210726_113612-1143x1536.jpg 1143w, https:\/\/pans.krosno.pl\/azs\/wp-content\/uploads\/sites\/47\/2021\/07\/20210726_113612-1523x2048.jpg 1523w, https:\/\/pans.krosno.pl\/azs\/wp-content\/uploads\/sites\/47\/2021\/07\/20210726_113612-2000x2689.jpg 2000w, https:\/\/pans.krosno.pl\/azs\/wp-content\/uploads\/sites\/47\/2021\/07\/20210726_113612-800x1076.jpg 800w, https:\/\/pans.krosno.pl\/azs\/wp-content\/uploads\/sites\/47\/2021\/07\/20210726_113612-580x780.jpg 580w, https:\/\/pans.krosno.pl\/azs\/wp-content\/uploads\/sites\/47\/2021\/07\/20210726_113612-scaled.jpg 1904w\" sizes=\"auto, (max-width: 507px) 100vw, 507px\" \/><\/figure>\n\n\n\n<p>Po uko\u0144czeniu Biegu otrzymuje si\u0119 medal, kt\u00f3ry mo\u017cna po\u0142\u0105czy\u0107 z medalem z wcze\u015bniejszej edycji \ud83d\ude42<\/p>\n\n\n\n<figure class=\"wp-block-image size-large is-resized\"><img loading=\"lazy\" decoding=\"async\" src=\"https:\/\/pans.krosno.pl\/azs\/wp-content\/uploads\/sites\/47\/2021\/07\/20210726_123206-1-875x1024.jpg\" alt=\"\" class=\"wp-image-2472\" width=\"512\" height=\"599\" srcset=\"https:\/\/pans.krosno.pl\/azs\/wp-content\/uploads\/sites\/47\/2021\/07\/20210726_123206-1-875x1024.jpg 875w, https:\/\/pans.krosno.pl\/azs\/wp-content\/uploads\/sites\/47\/2021\/07\/20210726_123206-1-256x300.jpg 256w, https:\/\/pans.krosno.pl\/azs\/wp-content\/uploads\/sites\/47\/2021\/07\/20210726_123206-1-768x899.jpg 768w, https:\/\/pans.krosno.pl\/azs\/wp-content\/uploads\/sites\/47\/2021\/07\/20210726_123206-1-1312x1536.jpg 1312w, https:\/\/pans.krosno.pl\/azs\/wp-content\/uploads\/sites\/47\/2021\/07\/20210726_123206-1-1749x2048.jpg 1749w, https:\/\/pans.krosno.pl\/azs\/wp-content\/uploads\/sites\/47\/2021\/07\/20210726_123206-1-2000x2342.jpg 2000w, https:\/\/pans.krosno.pl\/azs\/wp-content\/uploads\/sites\/47\/2021\/07\/20210726_123206-1-800x937.jpg 800w, https:\/\/pans.krosno.pl\/azs\/wp-content\/uploads\/sites\/47\/2021\/07\/20210726_123206-1-580x679.jpg 580w\" sizes=\"auto, (max-width: 512px) 100vw, 512px\" \/><\/figure>\n","protected":false},"excerpt":{"rendered":"<p>Przed Nami II Bieg Pami\u0119ci \u017bo\u0142nierzy Wykl\u0119tych \u201eTropem Wilczym\u201d, na kt\u00f3ry ju\u017c niebawem wystartuj\u0105 ZAPISY! \u015aled\u017acie na bie\u017c\u0105co stron\u0119 Biegu, zapiszcie si\u0119 i otrzymajcie pakiet startowy! \ud83d\ude09 Po uko\u0144czeniu Biegu otrzymuje si\u0119 medal, kt\u00f3ry mo\u017cna po\u0142\u0105czy\u0107 z medalem z wcze\u015bniejszej edycji \ud83d\ude42<\/p>\n","protected":false},"author":1,"featured_media":2471,"comment_status":"open","ping_status":"open","sticky":false,"template":"","format":"standard","meta":{"ngg_post_thumbnail":0,"footnotes":""},"categories":[4,1],"tags":[],"class_list":["post-2468","post","type-post","status-publish","format-standard","has-post-thumbnail","hentry","category-aktualnosci-bieg-tropem-wilczym","category-bez-kategorii"],"yoast_head":"<!-- This site is optimized with the Yoast SEO Premium plugin v27.4 (Yoast SEO v27.4) - https:\/\/yoast.com\/product\/yoast-seo-premium-wordpress\/ -->\n<title>Ju\u017c niebawem! - Sport, turystyka, AZS PANS w Kro\u015bnie<\/title>\n<meta name=\"robots\" content=\"index, follow, max-snippet:-1, max-image-preview:large, max-video-preview:-1\" \/>\n<link rel=\"canonical\" href=\"https:\/\/pans.krosno.pl\/azs\/juz-niebawem\/\" \/>\n<meta property=\"og:locale\" content=\"pl_PL\" \/>\n<meta property=\"og:type\" content=\"article\" \/>\n<meta property=\"og:title\" content=\"Ju\u017c niebawem!\" \/>\n<meta property=\"og:description\" content=\"Przed Nami II Bieg Pami\u0119ci \u017bo\u0142nierzy Wykl\u0119tych \u201eTropem Wilczym\u201d, na kt\u00f3ry ju\u017c niebawem wystartuj\u0105 ZAPISY! \u015aled\u017acie na bie\u017c\u0105co stron\u0119 Biegu, zapiszcie si\u0119 i otrzymajcie pakiet startowy! \ud83d\ude09 Po uko\u0144czeniu Biegu otrzymuje si\u0119 medal, kt\u00f3ry mo\u017cna po\u0142\u0105czy\u0107 z medalem z wcze\u015bniejszej edycji \ud83d\ude42\" \/>\n<meta property=\"og:url\" content=\"https:\/\/pans.krosno.pl\/azs\/juz-niebawem\/\" \/>\n<meta property=\"og:site_name\" content=\"Sport, turystyka, AZS PANS w Kro\u015bnie\" \/>\n<meta property=\"article:published_time\" content=\"2021-07-26T10:45:56+00:00\" \/>\n<meta property=\"article:modified_time\" content=\"2021-07-26T10:47:38+00:00\" \/>\n<meta property=\"og:image\" content=\"https:\/\/pans.krosno.pl\/wp-content\/uploads\/sites\/47\/2021\/07\/20210726_123206-scaled.jpg\" \/>\n\t<meta property=\"og:image:width\" content=\"2186\" \/>\n\t<meta property=\"og:image:height\" content=\"2560\" \/>\n\t<meta property=\"og:image:type\" content=\"image\/jpeg\" \/>\n<meta name=\"author\" content=\"Administrator\" \/>\n<meta name=\"twitter:card\" content=\"summary_large_image\" \/>\n<meta name=\"twitter:label1\" content=\"Napisane przez\" \/>\n\t<meta name=\"twitter:data1\" content=\"Administrator\" \/>\n<script type=\"application\/ld+json\" class=\"yoast-schema-graph\">{\"@context\":\"https:\\\/\\\/schema.org\",\"@graph\":[{\"@type\":\"Article\",\"@id\":\"https:\\\/\\\/pans.krosno.pl\\\/azs\\\/juz-niebawem\\\/#article\",\"isPartOf\":{\"@id\":\"https:\\\/\\\/pans.krosno.pl\\\/azs\\\/juz-niebawem\\\/\"},\"author\":{\"name\":\"Administrator\",\"@id\":\"https:\\\/\\\/pans.krosno.pl\\\/azs\\\/#\\\/schema\\\/person\\\/12971f03579845ed0517fe1750b4fccd\"},\"headline\":\"Ju\u017c niebawem!\",\"datePublished\":\"2021-07-26T10:45:56+00:00\",\"dateModified\":\"2021-07-26T10:47:38+00:00\",\"mainEntityOfPage\":{\"@id\":\"https:\\\/\\\/pans.krosno.pl\\\/azs\\\/juz-niebawem\\\/\"},\"wordCount\":55,\"commentCount\":0,\"publisher\":{\"@id\":\"https:\\\/\\\/pans.krosno.pl\\\/azs\\\/#organization\"},\"image\":{\"@id\":\"https:\\\/\\\/pans.krosno.pl\\\/azs\\\/juz-niebawem\\\/#primaryimage\"},\"thumbnailUrl\":\"https:\\\/\\\/pans.krosno.pl\\\/azs\\\/wp-content\\\/uploads\\\/sites\\\/47\\\/2021\\\/07\\\/20210726_123206-scaled.jpg\",\"articleSection\":[\"Aktualno\u015bci Bieg Tropem Wilczym\"],\"inLanguage\":\"pl-PL\",\"potentialAction\":[{\"@type\":\"CommentAction\",\"name\":\"Comment\",\"target\":[\"https:\\\/\\\/pans.krosno.pl\\\/azs\\\/juz-niebawem\\\/#respond\"]}]},{\"@type\":\"WebPage\",\"@id\":\"https:\\\/\\\/pans.krosno.pl\\\/azs\\\/juz-niebawem\\\/\",\"url\":\"https:\\\/\\\/pans.krosno.pl\\\/azs\\\/juz-niebawem\\\/\",\"name\":\"Ju\u017c niebawem! - Sport, turystyka, AZS PANS w Kro\u015bnie\",\"isPartOf\":{\"@id\":\"https:\\\/\\\/pans.krosno.pl\\\/azs\\\/#website\"},\"primaryImageOfPage\":{\"@id\":\"https:\\\/\\\/pans.krosno.pl\\\/azs\\\/juz-niebawem\\\/#primaryimage\"},\"image\":{\"@id\":\"https:\\\/\\\/pans.krosno.pl\\\/azs\\\/juz-niebawem\\\/#primaryimage\"},\"thumbnailUrl\":\"https:\\\/\\\/pans.krosno.pl\\\/azs\\\/wp-content\\\/uploads\\\/sites\\\/47\\\/2021\\\/07\\\/20210726_123206-scaled.jpg\",\"datePublished\":\"2021-07-26T10:45:56+00:00\",\"dateModified\":\"2021-07-26T10:47:38+00:00\",\"breadcrumb\":{\"@id\":\"https:\\\/\\\/pans.krosno.pl\\\/azs\\\/juz-niebawem\\\/#breadcrumb\"},\"inLanguage\":\"pl-PL\",\"potentialAction\":[{\"@type\":\"ReadAction\",\"target\":[\"https:\\\/\\\/pans.krosno.pl\\\/azs\\\/juz-niebawem\\\/\"]}]},{\"@type\":\"ImageObject\",\"inLanguage\":\"pl-PL\",\"@id\":\"https:\\\/\\\/pans.krosno.pl\\\/azs\\\/juz-niebawem\\\/#primaryimage\",\"url\":\"https:\\\/\\\/pans.krosno.pl\\\/azs\\\/wp-content\\\/uploads\\\/sites\\\/47\\\/2021\\\/07\\\/20210726_123206-scaled.jpg\",\"contentUrl\":\"https:\\\/\\\/pans.krosno.pl\\\/azs\\\/wp-content\\\/uploads\\\/sites\\\/47\\\/2021\\\/07\\\/20210726_123206-scaled.jpg\",\"width\":2186,\"height\":2560},{\"@type\":\"BreadcrumbList\",\"@id\":\"https:\\\/\\\/pans.krosno.pl\\\/azs\\\/juz-niebawem\\\/#breadcrumb\",\"itemListElement\":[{\"@type\":\"ListItem\",\"position\":1,\"name\":\"Strona g\u0142\u00f3wna\",\"item\":\"https:\\\/\\\/pans.krosno.pl\\\/azs\\\/\"},{\"@type\":\"ListItem\",\"position\":2,\"name\":\"Ju\u017c niebawem!\"}]},{\"@type\":\"WebSite\",\"@id\":\"https:\\\/\\\/pans.krosno.pl\\\/azs\\\/#website\",\"url\":\"https:\\\/\\\/pans.krosno.pl\\\/azs\\\/\",\"name\":\"Sport, turystyka, AZS PANS w Kro\u015bnie\",\"description\":\"Sport, turystyka, AZS PANS - Pa\u0144stwowa Akademia Nauk Stosowanych\",\"publisher\":{\"@id\":\"https:\\\/\\\/pans.krosno.pl\\\/azs\\\/#organization\"},\"potentialAction\":[{\"@type\":\"SearchAction\",\"target\":{\"@type\":\"EntryPoint\",\"urlTemplate\":\"https:\\\/\\\/pans.krosno.pl\\\/azs\\\/?s={search_term_string}\"},\"query-input\":{\"@type\":\"PropertyValueSpecification\",\"valueRequired\":true,\"valueName\":\"search_term_string\"}}],\"inLanguage\":\"pl-PL\"},{\"@type\":\"Organization\",\"@id\":\"https:\\\/\\\/pans.krosno.pl\\\/azs\\\/#organization\",\"name\":\"Sport, turystyka, AZS PANS w Kro\u015bnie\",\"url\":\"https:\\\/\\\/pans.krosno.pl\\\/azs\\\/\",\"logo\":{\"@type\":\"ImageObject\",\"inLanguage\":\"pl-PL\",\"@id\":\"https:\\\/\\\/pans.krosno.pl\\\/azs\\\/#\\\/schema\\\/logo\\\/image\\\/\",\"url\":\"https:\\\/\\\/pans.krosno.pl\\\/azs\\\/wp-content\\\/uploads\\\/sites\\\/47\\\/2023\\\/01\\\/Logo-PANS-2022-pelne.png\",\"contentUrl\":\"https:\\\/\\\/pans.krosno.pl\\\/azs\\\/wp-content\\\/uploads\\\/sites\\\/47\\\/2023\\\/01\\\/Logo-PANS-2022-pelne.png\",\"width\":3096,\"height\":696,\"caption\":\"Sport, turystyka, AZS PANS w Kro\u015bnie\"},\"image\":{\"@id\":\"https:\\\/\\\/pans.krosno.pl\\\/azs\\\/#\\\/schema\\\/logo\\\/image\\\/\"}},{\"@type\":\"Person\",\"@id\":\"https:\\\/\\\/pans.krosno.pl\\\/azs\\\/#\\\/schema\\\/person\\\/12971f03579845ed0517fe1750b4fccd\",\"name\":\"Administrator\",\"image\":{\"@type\":\"ImageObject\",\"inLanguage\":\"pl-PL\",\"@id\":\"https:\\\/\\\/secure.gravatar.com\\\/avatar\\\/8fee26b74b37be19bf87f436145f02cc65c943a576dc506f29d26dcf95c71925?s=96&d=mm&r=g\",\"url\":\"https:\\\/\\\/secure.gravatar.com\\\/avatar\\\/8fee26b74b37be19bf87f436145f02cc65c943a576dc506f29d26dcf95c71925?s=96&d=mm&r=g\",\"contentUrl\":\"https:\\\/\\\/secure.gravatar.com\\\/avatar\\\/8fee26b74b37be19bf87f436145f02cc65c943a576dc506f29d26dcf95c71925?s=96&d=mm&r=g\",\"caption\":\"Administrator\"},\"url\":\"https:\\\/\\\/pans.krosno.pl\\\/azs\\\/author\\\/mateusz-lorenc\\\/\"}]}<\/script>\n<!-- \/ Yoast SEO Premium plugin. -->","yoast_head_json":{"title":"Ju\u017c niebawem! - Sport, turystyka, AZS PANS w Kro\u015bnie","robots":{"index":"index","follow":"follow","max-snippet":"max-snippet:-1","max-image-preview":"max-image-preview:large","max-video-preview":"max-video-preview:-1"},"canonical":"https:\/\/pans.krosno.pl\/azs\/juz-niebawem\/","og_locale":"pl_PL","og_type":"article","og_title":"Ju\u017c niebawem!","og_description":"Przed Nami II Bieg Pami\u0119ci \u017bo\u0142nierzy Wykl\u0119tych \u201eTropem Wilczym\u201d, na kt\u00f3ry ju\u017c niebawem wystartuj\u0105 ZAPISY! \u015aled\u017acie na bie\u017c\u0105co stron\u0119 Biegu, zapiszcie si\u0119 i otrzymajcie pakiet startowy! \ud83d\ude09 Po uko\u0144czeniu Biegu otrzymuje si\u0119 medal, kt\u00f3ry mo\u017cna po\u0142\u0105czy\u0107 z medalem z wcze\u015bniejszej edycji \ud83d\ude42","og_url":"https:\/\/pans.krosno.pl\/azs\/juz-niebawem\/","og_site_name":"Sport, turystyka, AZS PANS w Kro\u015bnie","article_published_time":"2021-07-26T10:45:56+00:00","article_modified_time":"2021-07-26T10:47:38+00:00","og_image":[{"width":2186,"height":2560,"url":"https:\/\/pans.krosno.pl\/wp-content\/uploads\/sites\/47\/2021\/07\/20210726_123206-scaled.jpg","type":"image\/jpeg"}],"author":"Administrator","twitter_card":"summary_large_image","twitter_misc":{"Napisane przez":"Administrator"},"schema":{"@context":"https:\/\/schema.org","@graph":[{"@type":"Article","@id":"https:\/\/pans.krosno.pl\/azs\/juz-niebawem\/#article","isPartOf":{"@id":"https:\/\/pans.krosno.pl\/azs\/juz-niebawem\/"},"author":{"name":"Administrator","@id":"https:\/\/pans.krosno.pl\/azs\/#\/schema\/person\/12971f03579845ed0517fe1750b4fccd"},"headline":"Ju\u017c niebawem!","datePublished":"2021-07-26T10:45:56+00:00","dateModified":"2021-07-26T10:47:38+00:00","mainEntityOfPage":{"@id":"https:\/\/pans.krosno.pl\/azs\/juz-niebawem\/"},"wordCount":55,"commentCount":0,"publisher":{"@id":"https:\/\/pans.krosno.pl\/azs\/#organization"},"image":{"@id":"https:\/\/pans.krosno.pl\/azs\/juz-niebawem\/#primaryimage"},"thumbnailUrl":"https:\/\/pans.krosno.pl\/azs\/wp-content\/uploads\/sites\/47\/2021\/07\/20210726_123206-scaled.jpg","articleSection":["Aktualno\u015bci Bieg Tropem Wilczym"],"inLanguage":"pl-PL","potentialAction":[{"@type":"CommentAction","name":"Comment","target":["https:\/\/pans.krosno.pl\/azs\/juz-niebawem\/#respond"]}]},{"@type":"WebPage","@id":"https:\/\/pans.krosno.pl\/azs\/juz-niebawem\/","url":"https:\/\/pans.krosno.pl\/azs\/juz-niebawem\/","name":"Ju\u017c niebawem! - Sport, turystyka, AZS PANS w Kro\u015bnie","isPartOf":{"@id":"https:\/\/pans.krosno.pl\/azs\/#website"},"primaryImageOfPage":{"@id":"https:\/\/pans.krosno.pl\/azs\/juz-niebawem\/#primaryimage"},"image":{"@id":"https:\/\/pans.krosno.pl\/azs\/juz-niebawem\/#primaryimage"},"thumbnailUrl":"https:\/\/pans.krosno.pl\/azs\/wp-content\/uploads\/sites\/47\/2021\/07\/20210726_123206-scaled.jpg","datePublished":"2021-07-26T10:45:56+00:00","dateModified":"2021-07-26T10:47:38+00:00","breadcrumb":{"@id":"https:\/\/pans.krosno.pl\/azs\/juz-niebawem\/#breadcrumb"},"inLanguage":"pl-PL","potentialAction":[{"@type":"ReadAction","target":["https:\/\/pans.krosno.pl\/azs\/juz-niebawem\/"]}]},{"@type":"ImageObject","inLanguage":"pl-PL","@id":"https:\/\/pans.krosno.pl\/azs\/juz-niebawem\/#primaryimage","url":"https:\/\/pans.krosno.pl\/azs\/wp-content\/uploads\/sites\/47\/2021\/07\/20210726_123206-scaled.jpg","contentUrl":"https:\/\/pans.krosno.pl\/azs\/wp-content\/uploads\/sites\/47\/2021\/07\/20210726_123206-scaled.jpg","width":2186,"height":2560},{"@type":"BreadcrumbList","@id":"https:\/\/pans.krosno.pl\/azs\/juz-niebawem\/#breadcrumb","itemListElement":[{"@type":"ListItem","position":1,"name":"Strona g\u0142\u00f3wna","item":"https:\/\/pans.krosno.pl\/azs\/"},{"@type":"ListItem","position":2,"name":"Ju\u017c niebawem!"}]},{"@type":"WebSite","@id":"https:\/\/pans.krosno.pl\/azs\/#website","url":"https:\/\/pans.krosno.pl\/azs\/","name":"Sport, turystyka, AZS PANS w Kro\u015bnie","description":"Sport, turystyka, AZS PANS - Pa\u0144stwowa Akademia Nauk Stosowanych","publisher":{"@id":"https:\/\/pans.krosno.pl\/azs\/#organization"},"potentialAction":[{"@type":"SearchAction","target":{"@type":"EntryPoint","urlTemplate":"https:\/\/pans.krosno.pl\/azs\/?s={search_term_string}"},"query-input":{"@type":"PropertyValueSpecification","valueRequired":true,"valueName":"search_term_string"}}],"inLanguage":"pl-PL"},{"@type":"Organization","@id":"https:\/\/pans.krosno.pl\/azs\/#organization","name":"Sport, turystyka, AZS PANS w Kro\u015bnie","url":"https:\/\/pans.krosno.pl\/azs\/","logo":{"@type":"ImageObject","inLanguage":"pl-PL","@id":"https:\/\/pans.krosno.pl\/azs\/#\/schema\/logo\/image\/","url":"https:\/\/pans.krosno.pl\/azs\/wp-content\/uploads\/sites\/47\/2023\/01\/Logo-PANS-2022-pelne.png","contentUrl":"https:\/\/pans.krosno.pl\/azs\/wp-content\/uploads\/sites\/47\/2023\/01\/Logo-PANS-2022-pelne.png","width":3096,"height":696,"caption":"Sport, turystyka, AZS PANS w Kro\u015bnie"},"image":{"@id":"https:\/\/pans.krosno.pl\/azs\/#\/schema\/logo\/image\/"}},{"@type":"Person","@id":"https:\/\/pans.krosno.pl\/azs\/#\/schema\/person\/12971f03579845ed0517fe1750b4fccd","name":"Administrator","image":{"@type":"ImageObject","inLanguage":"pl-PL","@id":"https:\/\/secure.gravatar.com\/avatar\/8fee26b74b37be19bf87f436145f02cc65c943a576dc506f29d26dcf95c71925?s=96&d=mm&r=g","url":"https:\/\/secure.gravatar.com\/avatar\/8fee26b74b37be19bf87f436145f02cc65c943a576dc506f29d26dcf95c71925?s=96&d=mm&r=g","contentUrl":"https:\/\/secure.gravatar.com\/avatar\/8fee26b74b37be19bf87f436145f02cc65c943a576dc506f29d26dcf95c71925?s=96&d=mm&r=g","caption":"Administrator"},"url":"https:\/\/pans.krosno.pl\/azs\/author\/mateusz-lorenc\/"}]}},"_links":{"self":[{"href":"https:\/\/pans.krosno.pl\/azs\/wp-json\/wp\/v2\/posts\/2468","targetHints":{"allow":["GET"]}}],"collection":[{"href":"https:\/\/pans.krosno.pl\/azs\/wp-json\/wp\/v2\/posts"}],"about":[{"href":"https:\/\/pans.krosno.pl\/azs\/wp-json\/wp\/v2\/types\/post"}],"author":[{"embeddable":true,"href":"https:\/\/pans.krosno.pl\/azs\/wp-json\/wp\/v2\/users\/1"}],"replies":[{"embeddable":true,"href":"https:\/\/pans.krosno.pl\/azs\/wp-json\/wp\/v2\/comments?post=2468"}],"version-history":[{"count":1,"href":"https:\/\/pans.krosno.pl\/azs\/wp-json\/wp\/v2\/posts\/2468\/revisions"}],"predecessor-version":[{"id":2473,"href":"https:\/\/pans.krosno.pl\/azs\/wp-json\/wp\/v2\/posts\/2468\/revisions\/2473"}],"wp:featuredmedia":[{"embeddable":true,"href":"https:\/\/pans.krosno.pl\/azs\/wp-json\/wp\/v2\/media\/2471"}],"wp:attachment":[{"href":"https:\/\/pans.krosno.pl\/azs\/wp-json\/wp\/v2\/media?parent=2468"}],"wp:term":[{"taxonomy":"category","embeddable":true,"href":"https:\/\/pans.krosno.pl\/azs\/wp-json\/wp\/v2\/categories?post=2468"},{"taxonomy":"post_tag","embeddable":true,"href":"https:\/\/pans.krosno.pl\/azs\/wp-json\/wp\/v2\/tags?post=2468"}],"curies":[{"name":"wp","href":"https:\/\/api.w.org\/{rel}","templated":true}]}}